{"id":635001,"date":"2026-01-01T15:00:48","date_gmt":"2026-01-01T14:00:48","guid":{"rendered":"https:\/\/dicodusport.fr\/blog\/?p=635001&#038;preview=true&#038;preview_id=635001"},"modified":"2026-01-03T23:08:13","modified_gmt":"2026-01-03T22:08:13","slug":"edito-valeurs-athletisme-paris-sportifs-cyclisme-ce-que-je-souhaite-pour-lannee-2026","status":"publish","type":"post","link":"https:\/\/dicodusport.fr\/blog\/edito-valeurs-athletisme-paris-sportifs-cyclisme-ce-que-je-souhaite-pour-lannee-2026\/","title":{"rendered":"\u00c9dito : Valeurs, athl\u00e9tisme, paris sportifs, cyclisme&#8230; ce que je souhaite pour l&rsquo;ann\u00e9e 2026"},"content":{"rendered":"<p style=\"text-align: justify;\"><strong><em>\u00c9DITO &#8211; 2025 tire sa r\u00e9v\u00e9rence, avec son lot de joies et de peines. L\u2019occasion d\u2019exprimer mes souhaits pour l\u2019ann\u00e9e 2026.<\/em><\/strong><\/p>\n<p style=\"text-align: justify;\">Nous sommes journalistes, mais nous restons avant tout des passionn\u00e9s de sport, avec nos sensibilit\u00e9s, nos pr\u00e9f\u00e9rences et parfois nos contrari\u00e9t\u00e9s. L\u2019ann\u00e9e 2025 nous a offert un flot d\u2019\u00e9motions sportives. Je ne peux m\u2019emp\u00eacher de repenser \u00e0 cette foule immense venue sacrer <strong>Pauline Ferrand-Pr\u00e9vot<\/strong> sur les routes alpines de la Grande Boucle. Enfin, de mon vivant, un Fran\u00e7ais \u2013 et donc une Fran\u00e7aise \u2013 a remport\u00e9 le Tour de France. Mais 2025 a aussi apport\u00e9 son lot de d\u00e9ceptions, avec des sportives et des sportifs que j\u2019appr\u00e9cie et qui n\u2019ont pas pu s\u2019exprimer, pour diverses raisons.<\/p>\n<h2 style=\"text-align: justify;\">Que le sport redevienne rassembleur<\/h2>\n<p style=\"text-align: justify;\">Il semble d\u00e9j\u00e0 loin le temps des Jeux olympiques et de la ferveur unitaire et populaire qu\u2019ils avaient fait na\u00eetre en France. Le sport est redevenu un facteur de division. Violences de supporters, qu\u2019elles soient physiques, morales ou verbales sur les r\u00e9seaux sociaux, o\u00f9 le clubisme est devenu une v\u00e9ritable caricature. Des personnes, souvent des hommes, qui s\u2019insultent par \u00e9crans interpos\u00e9s. Ce n\u2019est pourtant que du sport. Oui, on peut soutenir son \u00e9quipe. Oui, le chambrage fait partie du jeu et l\u2019adversaire peut \u00eatre taquin\u00e9, d\u00e9stabilis\u00e9. Les ambiances \u00e9lectriques ont toujours exist\u00e9. Mais tout cela peut se faire sans basculer dans le harc\u00e8lement et les multiples formes de violence.<\/p>\n<h2 style=\"text-align: justify;\">Que le combat contre les violences physiques et sexuelles dans le sport se prolonge<\/h2>\n<p style=\"text-align: justify;\">Dans le sport \u2013 et pas uniquement, bien s\u00fbr \u2013, la question demeure centrale. Aujourd\u2019hui, voir des <strong>Alexander Zverev<\/strong>, <strong>George Tilsley<\/strong> (oui, je suis lucide sur des sportifs portant les couleurs de la Charente et d\u2019Angoul\u00eame) ou encore <strong>Mason Greenwood<\/strong> sur le devant de la sc\u00e8ne continue de me laisser perplexe. Cette capacit\u00e9 collective \u00e0 oublier, chez certains, des faits graves, sous pr\u00e9texte qu\u2019ils repr\u00e9sentent des ic\u00f4nes au niveau national ou mondial, interroge profond\u00e9ment. Pendant ce temps, des victimes sont parfois contraintes de s\u2019effacer, subissant en plus des actes le succ\u00e8s populaire de leurs agresseurs.<\/p>\n<p style=\"text-align: justify;\">Au-del\u00e0 de ces cas, il serait grand temps que les violences sexuelles dans et autour du sport deviennent un v\u00e9ritable enjeu national. Trop d\u2019entra\u00eeneurs ou de b\u00e9n\u00e9voles se permettent des actes terribles, parfois sur de tr\u00e8s jeunes enfants, couverts par le prestige de leur fonction ou par leur importance dans la vie locale d\u2019un club. Aujourd\u2019hui, certaines langues se d\u00e9lient, mais pas toutes. Je ne suis pas p\u00e8re, mais si je le devenais, j\u2019avoue que je r\u00e9fl\u00e9chirais \u00e0 deux fois avant d\u2019inscrire mon enfant dans une structure sportive, qu\u2019il soit une fille ou un gar\u00e7on.<\/p>\n<h2 style=\"text-align: justify;\">Le retour au premier plan pour \u00c9vita Muzic<\/h2>\n<p style=\"text-align: justify;\">L\u2019ann\u00e9e 2025 a \u00e9t\u00e9 riche pour le cyclisme f\u00e9minin fran\u00e7ais. Paris-Roubaix et le Tour de France pour <strong>Pauline Ferrand-Pr\u00e9vot<\/strong> \u2013 un exploit, je tiens \u00e0 le rappeler, qui n\u2019a pas toujours \u00e9t\u00e9 pleinement mesur\u00e9 \u00e0 sa juste valeur, <a href=\"https:\/\/dicodusport.fr\/blog\/pauline-ferrand-prevot-10-chiffres-fous-sur-sa-carriere-xxl\/\">tant il est rare en cyclisme<\/a>. <a href=\"https:\/\/dicodusport.fr\/blog\/la-francaise-de-la-7eme-etape-irresistible-maeva-squiban-marque-lhistoire\/\">On a vu <strong>Ma\u00ebva Squiban<\/strong> en feu sur le Tour<\/a>, avec deux victoires d\u2019\u00e9tape. On s\u2019est lev\u00e9 de notre chaise lorsque <strong>C\u00e9drine Kerbaol<\/strong> s\u2019est dress\u00e9e sur les p\u00e9dales pour s\u2019envoler seule dans la c\u00f4te de la Roche-aux-Faucons, lors de Li\u00e8ge-Bastogne-Li\u00e8ge.<\/p>\n<div class=\"vlp-link-container vlp-layout-article\"><a href=\"https:\/\/dicodusport.fr\/blog\/9eme-etape-tour-de-france-femmes-2025-pauline-ferrand-prevot-triomphe-a-chatel-et-remporte-le-classement-general\/\" class=\"vlp-link\" title=\"9\u00e8me \u00e9tape Tour de France Femmes 2025 : Pauline Ferrand-Pr\u00e9vot triomphe \u00e0 Ch\u00e2tel et remporte le classement g\u00e9n\u00e9ral !\"><\/a><div class=\"vlp-layout-zone-side\"><div class=\"vlp-block-4 vlp-link-image\"><img loading=\"lazy\" decoding=\"async\" style=\"max-width: 792px;\" width=\"792\" height=\"445\" src=\"https:\/\/dicodusport.fr\/blog\/wp-content\/uploads\/2025\/08\/9eme-etape-Tour-de-France-Femmes-2025-Pauline-Ferrand-Prevot-triomphe-a-Chatel-et-remporte-le-classement-general-1-1.png\" class=\"attachment-800x445 size-800x445\" alt=\"9\u00e8me \u00e9tape Tour de France Femmes 2025 Pauline Ferrand-Pr\u00e9vot triomphe \u00e0 Ch\u00e2tel et remporte le classement g\u00e9n\u00e9ral !\" srcset=\"https:\/\/dicodusport.fr\/blog\/wp-content\/uploads\/2025\/08\/9eme-etape-Tour-de-France-Femmes-2025-Pauline-Ferrand-Prevot-triomphe-a-Chatel-et-remporte-le-classement-general-1-1.png 1200w, https:\/\/dicodusport.fr\/blog\/wp-content\/uploads\/2025\/08\/9eme-etape-Tour-de-France-Femmes-2025-Pauline-Ferrand-Prevot-triomphe-a-Chatel-et-remporte-le-classement-general-1-1-300x169.png 300w, https:\/\/dicodusport.fr\/blog\/wp-content\/uploads\/2025\/08\/9eme-etape-Tour-de-France-Femmes-2025-Pauline-Ferrand-Prevot-triomphe-a-Chatel-et-remporte-le-classement-general-1-1-1024x575.png 1024w, https:\/\/dicodusport.fr\/blog\/wp-content\/uploads\/2025\/08\/9eme-etape-Tour-de-France-Femmes-2025-Pauline-Ferrand-Prevot-triomphe-a-Chatel-et-remporte-le-classement-general-1-1-768x431.png 768w\" sizes=\"auto, (max-width: 792px) 100vw, 792px\" \/><\/div><\/div><div class=\"vlp-layout-zone-main\"><div class=\"vlp-block-0 vlp-link-title\">9\u00e8me \u00e9tape Tour de France Femmes 2025 : Pauline Ferrand-Pr\u00e9vot triomphe \u00e0 Ch\u00e2tel et remporte le classement g\u00e9n\u00e9ral !<\/div><div class=\"vlp-block-1 vlp-link-summary\">TOUR DE FRANCE FEMMES 2025 - D\u00e9j\u00e0 laur\u00e9ate hier, Pauline Ferrand-Pr\u00e9vot (Team Visma | Lease a Bike) a remport\u00e9 la 9\u00e8me et derni\u00e8re \u00e9tape \u00e0 Ch\u00e2tel - Portes du Soleil. La Fran\u00e7aise a remport\u00e9 le classement g\u00e9n\u00e9ral final, 36 ans apr\u00e8s Jeannie Longo.<\/div><div class=\"vlp-block-2 vlp-link-button\">Lire l'article<\/div><div class=\"vlp-block-3 vlp-link-url\">dicodusport.fr<\/div><\/div><\/div>\n<p style=\"text-align: justify;\">Mais 2025 a aussi \u00e9t\u00e9 plus compliqu\u00e9e pour <strong>\u00c9vita Muzic<\/strong>. Au point que certains ont peut-\u00eatre oubli\u00e9 tout ce qu\u2019elle avait accompli en 2024. Avant son retour sur route, nous nous r\u00e9jouissions de la voir s\u2019imposer comme la meilleure Fran\u00e7aise sur de nombreuses courses. De la voir d\u00e9border <strong>Demi Vollering<\/strong> sur la Vuelta \u2013 l\u2019une des rares \u00e0 l\u2019avoir battue \u00e0 la p\u00e9dale en montagne. De la voir accrocher puis d\u00e9passer <strong>Kasia Niewiadoma<\/strong> sur les pentes de l\u2019Alpe d\u2019Huez lors du Tour de France. Le leadership s\u2019est forc\u00e9ment renforc\u00e9 au sein de FDJ United-Suez avec l\u2019arriv\u00e9e de <strong>Demi Vollering<\/strong>. Mais <strong>\u00c9vita Muzic<\/strong> doit avoir sa chance, et ce qu\u2019elle a accompli ne doit pas \u00eatre rel\u00e9gu\u00e9 au second plan. Le talent ne dispara\u00eet pas ainsi, et je suis convaincu qu\u2019elle a encore beaucoup \u00e0 nous offrir.<\/p>\n<h2 style=\"text-align: justify;\">Qu\u2019on prenne enfin \u00e0 bras-le-corps le probl\u00e8me des paris sportifs<\/h2>\n<p style=\"text-align: justify;\">\u00c0 l\u2019heure o\u00f9 l\u2019on traque le moindre fumeur jusque dans les recoins des terrasses de caf\u00e9 \u2013 je ne fume pas, mais j\u2019estime que certaines mesures deviennent excessives \u2013, on d\u00e9roule dans le m\u00eame temps le tapis rouge aux paris sportifs. Publicit\u00e9s avant, pendant et apr\u00e8s les grandes comp\u00e9titions, omnipr\u00e9sence constante, alors m\u00eame qu\u2019il s\u2019agit d\u2019un v\u00e9ritable fl\u00e9au dont l\u2019ampleur reste largement sous-estim\u00e9e. Entre l\u2019isolement des personnes tomb\u00e9es dans l\u2019addiction, avec des m\u00e9canismes comparables \u00e0 ceux de l\u2019alcool, et les sportives et sportifs qui re\u00e7oivent des dizaines, voire des centaines de menaces de mort \u00e0 la premi\u00e8re d\u00e9faite, une question s\u2019impose : quand mettra-t-on fin \u00e0 cette mascarade destructrice au nom de revenus publicitaires, bien d\u00e9risoires face aux d\u00e9g\u00e2ts engendr\u00e9s\u00a0?<\/p>\n<h2>Qu\u2019on arr\u00eate de dire que l\u2019athl\u00e9tisme fran\u00e7ais est nul<\/h2>\n<p style=\"text-align: justify;\">C\u2019est devenu un running gag lassant, souvent utilis\u00e9 pour g\u00e9n\u00e9rer quelques clics \u2013 chacun remplit le frigo comme il peut \u2013, mais j\u2019aimerais que l\u2019on cesse, en 2026, de r\u00e9p\u00e9ter que l\u2019athl\u00e9tisme fran\u00e7ais est nul. D\u2019une part, ce n\u2019est pas vrai, et les championnats du monde de Tokyo l\u2019ont d\u00e9montr\u00e9. Certes, <a href=\"https:\/\/dicodusport.fr\/blog\/tag\/jimmy-gressier\/\"><strong>Jimmy Gressier<\/strong><\/a> est le seul \u00e0 \u00eatre revenu du Japon avec des m\u00e9dailles, mais <a href=\"https:\/\/dicodusport.fr\/blog\/championnats-du-monde-2025-un-bilan-en-clair-obscur-pour-lathletisme-francais\/\">tous les indicateurs tendent vers le vert<\/a>, et il ne serait pas surprenant de voir la moisson s\u2019\u00e9toffer dans les ann\u00e9es \u00e0 venir.<\/p>\n<div class=\"vlp-link-container vlp-layout-article\"><a href=\"https:\/\/dicodusport.fr\/blog\/jimmy-gressier-en-feu-aux-mondiaux-coup-declat-ou-vocation-a-durer-dans-le-gratin-mondial\/\" class=\"vlp-link\" title=\"Jimmy Gressier en feu aux Mondiaux : coup d&#039;\u00e9clat ou vocation \u00e0 durer dans le gratin mondial ?\"><\/a><div class=\"vlp-layout-zone-side\"><div class=\"vlp-block-4 vlp-link-image\"><img loading=\"lazy\" decoding=\"async\" style=\"max-width: 792px;\" width=\"792\" height=\"445\" src=\"https:\/\/dicodusport.fr\/blog\/wp-content\/uploads\/2025\/10\/Athletisme-Jimmy-Gressier-coup-declat-ou-vocation-a-durer-dans-le-gratin-mondial-.png\" class=\"attachment-800x445 size-800x445\" alt=\"Athl\u00e9tisme - Jimmy Gressier, coup d&#039;\u00e9clat ou vocation \u00e0 durer dans le gratin mondial ?\" srcset=\"https:\/\/dicodusport.fr\/blog\/wp-content\/uploads\/2025\/10\/Athletisme-Jimmy-Gressier-coup-declat-ou-vocation-a-durer-dans-le-gratin-mondial-.png 1200w, https:\/\/dicodusport.fr\/blog\/wp-content\/uploads\/2025\/10\/Athletisme-Jimmy-Gressier-coup-declat-ou-vocation-a-durer-dans-le-gratin-mondial--300x169.png 300w, https:\/\/dicodusport.fr\/blog\/wp-content\/uploads\/2025\/10\/Athletisme-Jimmy-Gressier-coup-declat-ou-vocation-a-durer-dans-le-gratin-mondial--1024x575.png 1024w, https:\/\/dicodusport.fr\/blog\/wp-content\/uploads\/2025\/10\/Athletisme-Jimmy-Gressier-coup-declat-ou-vocation-a-durer-dans-le-gratin-mondial--768x431.png 768w\" sizes=\"auto, (max-width: 792px) 100vw, 792px\" \/><\/div><\/div><div class=\"vlp-layout-zone-main\"><div class=\"vlp-block-0 vlp-link-title\">Jimmy Gressier en feu aux Mondiaux : coup d'\u00e9clat ou vocation \u00e0 durer dans le gratin mondial ?<\/div><div class=\"vlp-block-1 vlp-link-summary\">Champion du monde du 10 000 m et en bronze sur 5 000 m, Jimmy Gressier a chang\u00e9 de dimension aux mondiaux de Tokyo. S'il a \u00e9clat\u00e9 \u00e0 la face du monde, ces deux m\u00e9dailles s'inscrivent dans un processus qui date du d\u00e9but d'ann\u00e9e 2025. Et peuvent s'inscrire dans la dur\u00e9e.<\/div><div class=\"vlp-block-2 vlp-link-button\">Lire l'article<\/div><div class=\"vlp-block-3 vlp-link-url\">dicodusport.fr<\/div><\/div><\/div>\n<p style=\"text-align: justify;\">Surtout, lorsque les r\u00e9sultats sont positifs, peu de voix s\u2019\u00e9l\u00e8vent pour les souligner. Le bilan historique des Bleus aux championnats d\u2019Europe de cross est ainsi pass\u00e9 sous silence. <em>\u00ab\u00a0Ce n\u2019est que du niveau europ\u00e9en\u00a0\u00bb<\/em>, entend-on parfois. Oui, mais non. D\u00e9sormais, les Europ\u00e9ens rivalisent avec les meilleurs mondiaux en demi-fond et en fond. Chez les hommes, du 1 500 m\u00e8tres au marathon, huit m\u00e9dailles sur douze ont \u00e9t\u00e9 remport\u00e9es par des Europ\u00e9ens lors des Mondiaux de Tokyo.<\/p>\n<div id=\"gtx-trans\" style=\"position: absolute; left: -14px; top: 40.9091px;\">\n<div class=\"gtx-trans-icon\"><\/div>\n<\/div>\n","protected":false},"excerpt":{"rendered":"<p>2025 tire sa r\u00e9v\u00e9rence, avec son lot de joies et de peines. L\u2019occasion d\u2019exprimer mes souhaits pour l\u2019ann\u00e9e 2026.<\/p>\n","protected":false},"author":83,"featured_media":635178,"comment_status":"open","ping_status":"closed","sticky":false,"template":"","format":"standard","meta":{"_acf_changed":false,"_daextam_enable_autolinks":"1","footnotes":""},"categories":[4940],"tags":[16878,5894,1479],"class_list":["post-635001","post","type-post","status-publish","format-standard","has-post-thumbnail","hentry","category-edito","tag-breve","tag-edito","tag-sports"],"acf":[],"yoast_head":"<!-- This site is optimized with the Yoast SEO Premium plugin v26.7 (Yoast SEO v26.7) - https:\/\/yoast.com\/wordpress\/plugins\/seo\/ -->\n<title>\u00c9dito : Valeurs, athl\u00e9tisme, paris sportifs, cyclisme... ce que je souhaite pour l&#039;ann\u00e9e 2026<\/title>\n<meta name=\"description\" content=\"\u00c9DITO - 2025 tire sa r\u00e9v\u00e9rence, avec son lot de joies et de peines. Le temps d&#039;exprimer mes souhaits pour l&#039;ann\u00e9e 2026.\" \/>\n<meta name=\"robots\" content=\"index, follow, max-snippet:-1, max-image-preview:large, max-video-preview:-1\" \/>\n<link rel=\"canonical\" href=\"https:\/\/dicodusport.fr\/blog\/edito-valeurs-athletisme-paris-sportifs-cyclisme-ce-que-je-souhaite-pour-lannee-2026\/\" \/>\n<meta property=\"og:locale\" content=\"fr_FR\" \/>\n<meta property=\"og:type\" content=\"article\" \/>\n<meta property=\"og:title\" content=\"\u00c9dito : Valeurs, athl\u00e9tisme, paris sportifs, cyclisme... ce que je souhaite pour l&#039;ann\u00e9e 2026\" \/>\n<meta property=\"og:description\" content=\"\u00c9DITO - 2025 tire sa r\u00e9v\u00e9rence, avec son lot de joies et de peines. Le temps d&#039;exprimer mes souhaits pour l&#039;ann\u00e9e 2026.\" \/>\n<meta property=\"og:url\" content=\"https:\/\/dicodusport.fr\/blog\/edito-valeurs-athletisme-paris-sportifs-cyclisme-ce-que-je-souhaite-pour-lannee-2026\/\" \/>\n<meta property=\"og:site_name\" content=\"Dicodusport\" \/>\n<meta property=\"article:publisher\" content=\"https:\/\/www.facebook.com\/dicodusport\" \/>\n<meta property=\"article:published_time\" content=\"2026-01-01T14:00:48+00:00\" \/>\n<meta property=\"article:modified_time\" content=\"2026-01-03T22:08:13+00:00\" \/>\n<meta property=\"og:image\" content=\"https:\/\/dicodusport.fr\/blog\/wp-content\/uploads\/2025\/12\/Edito-Valeurs-athletisme-paris-sportifs-ce-que-je-souhaite-pour-lannee-2026.png\" \/>\n\t<meta property=\"og:image:width\" content=\"1200\" \/>\n\t<meta property=\"og:image:height\" content=\"674\" \/>\n\t<meta property=\"og:image:type\" content=\"image\/png\" \/>\n<meta name=\"author\" content=\"Etienne Goursaud\" \/>\n<meta name=\"twitter:card\" content=\"summary_large_image\" \/>\n<meta name=\"twitter:title\" content=\"\u00c9dito : Valeurs, athl\u00e9tisme, paris sportifs, cyclisme... ce que je souhaite pour l&#039;ann\u00e9e 2026\" \/>\n<meta name=\"twitter:creator\" content=\"@dicodusport\" \/>\n<meta name=\"twitter:site\" content=\"@dicodusport\" \/>\n<script type=\"application\/ld+json\" class=\"yoast-schema-graph\">{\"@context\":\"https:\/\/schema.org\",\"@graph\":[{\"@type\":\"NewsArticle\",\"@id\":\"https:\/\/dicodusport.fr\/blog\/edito-valeurs-athletisme-paris-sportifs-cyclisme-ce-que-je-souhaite-pour-lannee-2026\/#article\",\"isPartOf\":{\"@id\":\"https:\/\/dicodusport.fr\/blog\/edito-valeurs-athletisme-paris-sportifs-cyclisme-ce-que-je-souhaite-pour-lannee-2026\/\"},\"author\":{\"name\":\"Etienne Goursaud\",\"@id\":\"https:\/\/dicodusport.fr\/blog\/#\/schema\/person\/d603dd7da31fb2b46c82b9835a77ec13\"},\"headline\":\"\u00c9dito : Valeurs, athl\u00e9tisme, paris sportifs, cyclisme&#8230; ce que je souhaite pour l&rsquo;ann\u00e9e 2026\",\"datePublished\":\"2026-01-01T14:00:48+00:00\",\"dateModified\":\"2026-01-03T22:08:13+00:00\",\"mainEntityOfPage\":{\"@id\":\"https:\/\/dicodusport.fr\/blog\/edito-valeurs-athletisme-paris-sportifs-cyclisme-ce-que-je-souhaite-pour-lannee-2026\/\"},\"wordCount\":1353,\"commentCount\":0,\"publisher\":{\"@id\":\"https:\/\/dicodusport.fr\/blog\/#organization\"},\"image\":{\"@id\":\"https:\/\/dicodusport.fr\/blog\/edito-valeurs-athletisme-paris-sportifs-cyclisme-ce-que-je-souhaite-pour-lannee-2026\/#primaryimage\"},\"thumbnailUrl\":\"https:\/\/dicodusport.fr\/blog\/wp-content\/uploads\/2025\/12\/Edito-Valeurs-athletisme-paris-sportifs-ce-que-je-souhaite-pour-lannee-2026.png\",\"keywords\":[\"br\u00e8ve\",\"Edito\",\"sports\"],\"articleSection\":[\"Edito\"],\"inLanguage\":\"fr-FR\",\"potentialAction\":[{\"@type\":\"CommentAction\",\"name\":\"Comment\",\"target\":[\"https:\/\/dicodusport.fr\/blog\/edito-valeurs-athletisme-paris-sportifs-cyclisme-ce-que-je-souhaite-pour-lannee-2026\/#respond\"]}],\"copyrightYear\":\"2026\",\"copyrightHolder\":{\"@id\":\"https:\/\/dicodusport.fr\/blog\/#organization\"}},{\"@type\":\"WebPage\",\"@id\":\"https:\/\/dicodusport.fr\/blog\/edito-valeurs-athletisme-paris-sportifs-cyclisme-ce-que-je-souhaite-pour-lannee-2026\/\",\"url\":\"https:\/\/dicodusport.fr\/blog\/edito-valeurs-athletisme-paris-sportifs-cyclisme-ce-que-je-souhaite-pour-lannee-2026\/\",\"name\":\"\u00c9dito : Valeurs, athl\u00e9tisme, paris sportifs, cyclisme... ce que je souhaite pour l'ann\u00e9e 2026\",\"isPartOf\":{\"@id\":\"https:\/\/dicodusport.fr\/blog\/#website\"},\"primaryImageOfPage\":{\"@id\":\"https:\/\/dicodusport.fr\/blog\/edito-valeurs-athletisme-paris-sportifs-cyclisme-ce-que-je-souhaite-pour-lannee-2026\/#primaryimage\"},\"image\":{\"@id\":\"https:\/\/dicodusport.fr\/blog\/edito-valeurs-athletisme-paris-sportifs-cyclisme-ce-que-je-souhaite-pour-lannee-2026\/#primaryimage\"},\"thumbnailUrl\":\"https:\/\/dicodusport.fr\/blog\/wp-content\/uploads\/2025\/12\/Edito-Valeurs-athletisme-paris-sportifs-ce-que-je-souhaite-pour-lannee-2026.png\",\"datePublished\":\"2026-01-01T14:00:48+00:00\",\"dateModified\":\"2026-01-03T22:08:13+00:00\",\"description\":\"\u00c9DITO - 2025 tire sa r\u00e9v\u00e9rence, avec son lot de joies et de peines. Le temps d'exprimer mes souhaits pour l'ann\u00e9e 2026.\",\"breadcrumb\":{\"@id\":\"https:\/\/dicodusport.fr\/blog\/edito-valeurs-athletisme-paris-sportifs-cyclisme-ce-que-je-souhaite-pour-lannee-2026\/#breadcrumb\"},\"inLanguage\":\"fr-FR\",\"potentialAction\":[{\"@type\":\"ReadAction\",\"target\":[\"https:\/\/dicodusport.fr\/blog\/edito-valeurs-athletisme-paris-sportifs-cyclisme-ce-que-je-souhaite-pour-lannee-2026\/\"]}]},{\"@type\":\"ImageObject\",\"inLanguage\":\"fr-FR\",\"@id\":\"https:\/\/dicodusport.fr\/blog\/edito-valeurs-athletisme-paris-sportifs-cyclisme-ce-que-je-souhaite-pour-lannee-2026\/#primaryimage\",\"url\":\"https:\/\/dicodusport.fr\/blog\/wp-content\/uploads\/2025\/12\/Edito-Valeurs-athletisme-paris-sportifs-ce-que-je-souhaite-pour-lannee-2026.png\",\"contentUrl\":\"https:\/\/dicodusport.fr\/blog\/wp-content\/uploads\/2025\/12\/Edito-Valeurs-athletisme-paris-sportifs-ce-que-je-souhaite-pour-lannee-2026.png\",\"width\":1200,\"height\":674,\"caption\":\"\u00c9dito Valeurs, athl\u00e9tisme, paris sportifs, ce que je souhaite pour l'ann\u00e9e 2026\"},{\"@type\":\"BreadcrumbList\",\"@id\":\"https:\/\/dicodusport.fr\/blog\/edito-valeurs-athletisme-paris-sportifs-cyclisme-ce-que-je-souhaite-pour-lannee-2026\/#breadcrumb\",\"itemListElement\":[{\"@type\":\"ListItem\",\"position\":1,\"name\":\"Accueil\",\"item\":\"https:\/\/dicodusport.fr\/blog\/\"},{\"@type\":\"ListItem\",\"position\":2,\"name\":\"\u00c9dito : Valeurs, athl\u00e9tisme, paris sportifs, cyclisme&#8230; ce que je souhaite pour l&rsquo;ann\u00e9e 2026\"}]},{\"@type\":\"WebSite\",\"@id\":\"https:\/\/dicodusport.fr\/blog\/#website\",\"url\":\"https:\/\/dicodusport.fr\/blog\/\",\"name\":\"Dicodusport\",\"description\":\"L&#039;encyclop\u00e9die de l&#039;actualit\u00e9 sportive\",\"publisher\":{\"@id\":\"https:\/\/dicodusport.fr\/blog\/#organization\"},\"potentialAction\":[{\"@type\":\"SearchAction\",\"target\":{\"@type\":\"EntryPoint\",\"urlTemplate\":\"https:\/\/dicodusport.fr\/blog\/?s={search_term_string}\"},\"query-input\":{\"@type\":\"PropertyValueSpecification\",\"valueRequired\":true,\"valueName\":\"search_term_string\"}}],\"inLanguage\":\"fr-FR\"},{\"@type\":\"NewsMediaOrganization\",\"@id\":\"https:\/\/dicodusport.fr\/blog\/#organization\",\"name\":\"Dicodusport\",\"url\":\"https:\/\/dicodusport.fr\/blog\/\",\"logo\":{\"@type\":\"ImageObject\",\"inLanguage\":\"fr-FR\",\"@id\":\"https:\/\/dicodusport.fr\/blog\/#\/schema\/logo\/image\/\",\"url\":\"https:\/\/dicodusport.fr\/blog\/wp-content\/uploads\/2020\/06\/cropped-LOGO-DICODUSPORT-2020-SANS-FOND-SANS-TEXTE.png\",\"contentUrl\":\"https:\/\/dicodusport.fr\/blog\/wp-content\/uploads\/2020\/06\/cropped-LOGO-DICODUSPORT-2020-SANS-FOND-SANS-TEXTE.png\",\"width\":512,\"height\":512,\"caption\":\"Dicodusport\"},\"image\":{\"@id\":\"https:\/\/dicodusport.fr\/blog\/#\/schema\/logo\/image\/\"},\"sameAs\":[\"https:\/\/www.facebook.com\/dicodusport\",\"https:\/\/x.com\/dicodusport\",\"https:\/\/www.instagram.com\/dicodusport\/\",\"https:\/\/www.youtube.com\/channel\/UC7V2KZ5sd3htJivAbA4ZG3w\"],\"description\":\"Dicodusport est l'encyclop\u00e9die de l'actualit\u00e9 sportive.\",\"email\":\"bonjour@dicodusport.fr\",\"legalName\":\"DICODUSPORT\",\"foundingDate\":\"2018-01-14\",\"vatID\":\"FR71834470973\",\"taxID\":\"83447097300043\",\"numberOfEmployees\":{\"@type\":\"QuantitativeValue\",\"minValue\":\"1\",\"maxValue\":\"10\"}},{\"@type\":\"Person\",\"@id\":\"https:\/\/dicodusport.fr\/blog\/#\/schema\/person\/d603dd7da31fb2b46c82b9835a77ec13\",\"name\":\"Etienne Goursaud\",\"image\":{\"@type\":\"ImageObject\",\"inLanguage\":\"fr-FR\",\"@id\":\"https:\/\/dicodusport.fr\/blog\/#\/schema\/person\/image\/\",\"url\":\"https:\/\/dicodusport.fr\/blog\/wp-content\/uploads\/2023\/12\/410122264_10231602061736049_5565839791558026645_n-150x150.jpg\",\"contentUrl\":\"https:\/\/dicodusport.fr\/blog\/wp-content\/uploads\/2023\/12\/410122264_10231602061736049_5565839791558026645_n-150x150.jpg\",\"caption\":\"Etienne Goursaud\"},\"description\":\"Journaliste et amoureux de sport. Ancien footballeur reconverti athl\u00e8te quand ses muscles le laissent tranquille. \u00c9lev\u00e9 \u00e0 la sauce des exploits de Thomas Voeckler en 2004, du dernier essai de l\u00e9gende de Eunice Barber \u00e0 la longueur lors des championnats du monde d'athl\u00e9tisme de 2003 mais aussi Zidane, Omeyer et Titou Lamaison.\",\"url\":\"https:\/\/dicodusport.fr\/blog\/author\/etienne-goursaud\/\"}]}<\/script>\n<!-- \/ Yoast SEO Premium plugin. -->","yoast_head_json":{"title":"\u00c9dito : Valeurs, athl\u00e9tisme, paris sportifs, cyclisme... ce que je souhaite pour l'ann\u00e9e 2026","description":"\u00c9DITO - 2025 tire sa r\u00e9v\u00e9rence, avec son lot de joies et de peines. Le temps d'exprimer mes souhaits pour l'ann\u00e9e 2026.","robots":{"index":"index","follow":"follow","max-snippet":"max-snippet:-1","max-image-preview":"max-image-preview:large","max-video-preview":"max-video-preview:-1"},"canonical":"https:\/\/dicodusport.fr\/blog\/edito-valeurs-athletisme-paris-sportifs-cyclisme-ce-que-je-souhaite-pour-lannee-2026\/","og_locale":"fr_FR","og_type":"article","og_title":"\u00c9dito : Valeurs, athl\u00e9tisme, paris sportifs, cyclisme... ce que je souhaite pour l'ann\u00e9e 2026","og_description":"\u00c9DITO - 2025 tire sa r\u00e9v\u00e9rence, avec son lot de joies et de peines. Le temps d'exprimer mes souhaits pour l'ann\u00e9e 2026.","og_url":"https:\/\/dicodusport.fr\/blog\/edito-valeurs-athletisme-paris-sportifs-cyclisme-ce-que-je-souhaite-pour-lannee-2026\/","og_site_name":"Dicodusport","article_publisher":"https:\/\/www.facebook.com\/dicodusport","article_published_time":"2026-01-01T14:00:48+00:00","article_modified_time":"2026-01-03T22:08:13+00:00","og_image":[{"width":1200,"height":674,"url":"https:\/\/dicodusport.fr\/blog\/wp-content\/uploads\/2025\/12\/Edito-Valeurs-athletisme-paris-sportifs-ce-que-je-souhaite-pour-lannee-2026.png","type":"image\/png"}],"author":"Etienne Goursaud","twitter_card":"summary_large_image","twitter_title":"\u00c9dito : Valeurs, athl\u00e9tisme, paris sportifs, cyclisme... ce que je souhaite pour l'ann\u00e9e 2026","twitter_creator":"@dicodusport","twitter_site":"@dicodusport","schema":{"@context":"https:\/\/schema.org","@graph":[{"@type":"NewsArticle","@id":"https:\/\/dicodusport.fr\/blog\/edito-valeurs-athletisme-paris-sportifs-cyclisme-ce-que-je-souhaite-pour-lannee-2026\/#article","isPartOf":{"@id":"https:\/\/dicodusport.fr\/blog\/edito-valeurs-athletisme-paris-sportifs-cyclisme-ce-que-je-souhaite-pour-lannee-2026\/"},"author":{"name":"Etienne Goursaud","@id":"https:\/\/dicodusport.fr\/blog\/#\/schema\/person\/d603dd7da31fb2b46c82b9835a77ec13"},"headline":"\u00c9dito : Valeurs, athl\u00e9tisme, paris sportifs, cyclisme&#8230; ce que je souhaite pour l&rsquo;ann\u00e9e 2026","datePublished":"2026-01-01T14:00:48+00:00","dateModified":"2026-01-03T22:08:13+00:00","mainEntityOfPage":{"@id":"https:\/\/dicodusport.fr\/blog\/edito-valeurs-athletisme-paris-sportifs-cyclisme-ce-que-je-souhaite-pour-lannee-2026\/"},"wordCount":1353,"commentCount":0,"publisher":{"@id":"https:\/\/dicodusport.fr\/blog\/#organization"},"image":{"@id":"https:\/\/dicodusport.fr\/blog\/edito-valeurs-athletisme-paris-sportifs-cyclisme-ce-que-je-souhaite-pour-lannee-2026\/#primaryimage"},"thumbnailUrl":"https:\/\/dicodusport.fr\/blog\/wp-content\/uploads\/2025\/12\/Edito-Valeurs-athletisme-paris-sportifs-ce-que-je-souhaite-pour-lannee-2026.png","keywords":["br\u00e8ve","Edito","sports"],"articleSection":["Edito"],"inLanguage":"fr-FR","potentialAction":[{"@type":"CommentAction","name":"Comment","target":["https:\/\/dicodusport.fr\/blog\/edito-valeurs-athletisme-paris-sportifs-cyclisme-ce-que-je-souhaite-pour-lannee-2026\/#respond"]}],"copyrightYear":"2026","copyrightHolder":{"@id":"https:\/\/dicodusport.fr\/blog\/#organization"}},{"@type":"WebPage","@id":"https:\/\/dicodusport.fr\/blog\/edito-valeurs-athletisme-paris-sportifs-cyclisme-ce-que-je-souhaite-pour-lannee-2026\/","url":"https:\/\/dicodusport.fr\/blog\/edito-valeurs-athletisme-paris-sportifs-cyclisme-ce-que-je-souhaite-pour-lannee-2026\/","name":"\u00c9dito : Valeurs, athl\u00e9tisme, paris sportifs, cyclisme... ce que je souhaite pour l'ann\u00e9e 2026","isPartOf":{"@id":"https:\/\/dicodusport.fr\/blog\/#website"},"primaryImageOfPage":{"@id":"https:\/\/dicodusport.fr\/blog\/edito-valeurs-athletisme-paris-sportifs-cyclisme-ce-que-je-souhaite-pour-lannee-2026\/#primaryimage"},"image":{"@id":"https:\/\/dicodusport.fr\/blog\/edito-valeurs-athletisme-paris-sportifs-cyclisme-ce-que-je-souhaite-pour-lannee-2026\/#primaryimage"},"thumbnailUrl":"https:\/\/dicodusport.fr\/blog\/wp-content\/uploads\/2025\/12\/Edito-Valeurs-athletisme-paris-sportifs-ce-que-je-souhaite-pour-lannee-2026.png","datePublished":"2026-01-01T14:00:48+00:00","dateModified":"2026-01-03T22:08:13+00:00","description":"\u00c9DITO - 2025 tire sa r\u00e9v\u00e9rence, avec son lot de joies et de peines. Le temps d'exprimer mes souhaits pour l'ann\u00e9e 2026.","breadcrumb":{"@id":"https:\/\/dicodusport.fr\/blog\/edito-valeurs-athletisme-paris-sportifs-cyclisme-ce-que-je-souhaite-pour-lannee-2026\/#breadcrumb"},"inLanguage":"fr-FR","potentialAction":[{"@type":"ReadAction","target":["https:\/\/dicodusport.fr\/blog\/edito-valeurs-athletisme-paris-sportifs-cyclisme-ce-que-je-souhaite-pour-lannee-2026\/"]}]},{"@type":"ImageObject","inLanguage":"fr-FR","@id":"https:\/\/dicodusport.fr\/blog\/edito-valeurs-athletisme-paris-sportifs-cyclisme-ce-que-je-souhaite-pour-lannee-2026\/#primaryimage","url":"https:\/\/dicodusport.fr\/blog\/wp-content\/uploads\/2025\/12\/Edito-Valeurs-athletisme-paris-sportifs-ce-que-je-souhaite-pour-lannee-2026.png","contentUrl":"https:\/\/dicodusport.fr\/blog\/wp-content\/uploads\/2025\/12\/Edito-Valeurs-athletisme-paris-sportifs-ce-que-je-souhaite-pour-lannee-2026.png","width":1200,"height":674,"caption":"\u00c9dito Valeurs, athl\u00e9tisme, paris sportifs, ce que je souhaite pour l'ann\u00e9e 2026"},{"@type":"BreadcrumbList","@id":"https:\/\/dicodusport.fr\/blog\/edito-valeurs-athletisme-paris-sportifs-cyclisme-ce-que-je-souhaite-pour-lannee-2026\/#breadcrumb","itemListElement":[{"@type":"ListItem","position":1,"name":"Accueil","item":"https:\/\/dicodusport.fr\/blog\/"},{"@type":"ListItem","position":2,"name":"\u00c9dito : Valeurs, athl\u00e9tisme, paris sportifs, cyclisme&#8230; ce que je souhaite pour l&rsquo;ann\u00e9e 2026"}]},{"@type":"WebSite","@id":"https:\/\/dicodusport.fr\/blog\/#website","url":"https:\/\/dicodusport.fr\/blog\/","name":"Dicodusport","description":"L&#039;encyclop\u00e9die de l&#039;actualit\u00e9 sportive","publisher":{"@id":"https:\/\/dicodusport.fr\/blog\/#organization"},"potentialAction":[{"@type":"SearchAction","target":{"@type":"EntryPoint","urlTemplate":"https:\/\/dicodusport.fr\/blog\/?s={search_term_string}"},"query-input":{"@type":"PropertyValueSpecification","valueRequired":true,"valueName":"search_term_string"}}],"inLanguage":"fr-FR"},{"@type":"NewsMediaOrganization","@id":"https:\/\/dicodusport.fr\/blog\/#organization","name":"Dicodusport","url":"https:\/\/dicodusport.fr\/blog\/","logo":{"@type":"ImageObject","inLanguage":"fr-FR","@id":"https:\/\/dicodusport.fr\/blog\/#\/schema\/logo\/image\/","url":"https:\/\/dicodusport.fr\/blog\/wp-content\/uploads\/2020\/06\/cropped-LOGO-DICODUSPORT-2020-SANS-FOND-SANS-TEXTE.png","contentUrl":"https:\/\/dicodusport.fr\/blog\/wp-content\/uploads\/2020\/06\/cropped-LOGO-DICODUSPORT-2020-SANS-FOND-SANS-TEXTE.png","width":512,"height":512,"caption":"Dicodusport"},"image":{"@id":"https:\/\/dicodusport.fr\/blog\/#\/schema\/logo\/image\/"},"sameAs":["https:\/\/www.facebook.com\/dicodusport","https:\/\/x.com\/dicodusport","https:\/\/www.instagram.com\/dicodusport\/","https:\/\/www.youtube.com\/channel\/UC7V2KZ5sd3htJivAbA4ZG3w"],"description":"Dicodusport est l'encyclop\u00e9die de l'actualit\u00e9 sportive.","email":"bonjour@dicodusport.fr","legalName":"DICODUSPORT","foundingDate":"2018-01-14","vatID":"FR71834470973","taxID":"83447097300043","numberOfEmployees":{"@type":"QuantitativeValue","minValue":"1","maxValue":"10"}},{"@type":"Person","@id":"https:\/\/dicodusport.fr\/blog\/#\/schema\/person\/d603dd7da31fb2b46c82b9835a77ec13","name":"Etienne Goursaud","image":{"@type":"ImageObject","inLanguage":"fr-FR","@id":"https:\/\/dicodusport.fr\/blog\/#\/schema\/person\/image\/","url":"https:\/\/dicodusport.fr\/blog\/wp-content\/uploads\/2023\/12\/410122264_10231602061736049_5565839791558026645_n-150x150.jpg","contentUrl":"https:\/\/dicodusport.fr\/blog\/wp-content\/uploads\/2023\/12\/410122264_10231602061736049_5565839791558026645_n-150x150.jpg","caption":"Etienne Goursaud"},"description":"Journaliste et amoureux de sport. Ancien footballeur reconverti athl\u00e8te quand ses muscles le laissent tranquille. \u00c9lev\u00e9 \u00e0 la sauce des exploits de Thomas Voeckler en 2004, du dernier essai de l\u00e9gende de Eunice Barber \u00e0 la longueur lors des championnats du monde d'athl\u00e9tisme de 2003 mais aussi Zidane, Omeyer et Titou Lamaison.","url":"https:\/\/dicodusport.fr\/blog\/author\/etienne-goursaud\/"}]}},"_links":{"self":[{"href":"https:\/\/dicodusport.fr\/blog\/wp-json\/wp\/v2\/posts\/635001","targetHints":{"allow":["GET"]}}],"collection":[{"href":"https:\/\/dicodusport.fr\/blog\/wp-json\/wp\/v2\/posts"}],"about":[{"href":"https:\/\/dicodusport.fr\/blog\/wp-json\/wp\/v2\/types\/post"}],"author":[{"embeddable":true,"href":"https:\/\/dicodusport.fr\/blog\/wp-json\/wp\/v2\/users\/83"}],"replies":[{"embeddable":true,"href":"https:\/\/dicodusport.fr\/blog\/wp-json\/wp\/v2\/comments?post=635001"}],"version-history":[{"count":5,"href":"https:\/\/dicodusport.fr\/blog\/wp-json\/wp\/v2\/posts\/635001\/revisions"}],"predecessor-version":[{"id":635684,"href":"https:\/\/dicodusport.fr\/blog\/wp-json\/wp\/v2\/posts\/635001\/revisions\/635684"}],"wp:featuredmedia":[{"embeddable":true,"href":"https:\/\/dicodusport.fr\/blog\/wp-json\/wp\/v2\/media\/635178"}],"wp:attachment":[{"href":"https:\/\/dicodusport.fr\/blog\/wp-json\/wp\/v2\/media?parent=635001"}],"wp:term":[{"taxonomy":"category","embeddable":true,"href":"https:\/\/dicodusport.fr\/blog\/wp-json\/wp\/v2\/categories?post=635001"},{"taxonomy":"post_tag","embeddable":true,"href":"https:\/\/dicodusport.fr\/blog\/wp-json\/wp\/v2\/tags?post=635001"}],"curies":[{"name":"wp","href":"https:\/\/api.w.org\/{rel}","templated":true}]}}