{"id":635358,"date":"2026-01-02T19:00:02","date_gmt":"2026-01-02T18:00:02","guid":{"rendered":"https:\/\/dicodusport.fr\/blog\/?p=635358&#038;preview=true&#038;preview_id=635358"},"modified":"2026-01-02T20:42:19","modified_gmt":"2026-01-02T19:42:19","slug":"qui-est-sidiki-cherif-la-pepite-dangers-convoitee-par-de-nombreux-clubs-francais-et-europeens","status":"publish","type":"post","link":"https:\/\/dicodusport.fr\/blog\/qui-est-sidiki-cherif-la-pepite-dangers-convoitee-par-de-nombreux-clubs-francais-et-europeens\/","title":{"rendered":"Qui est Sidiki Ch\u00e9rif, la p\u00e9pite d&rsquo;Angers convoit\u00e9e par de nombreux clubs fran\u00e7ais et europ\u00e9ens ?"},"content":{"rendered":"<p style=\"text-align: justify;\"><strong><em>LIGUE 1 2025\/2026 \u2013 Grande r\u00e9v\u00e9lation de la premi\u00e8re moiti\u00e9 de saison \u00e0 Angers, Sidiki Ch\u00e9rif fait tourner les t\u00eates de nombreux clubs fran\u00e7ais et europ\u00e9ens.<\/em><\/strong><\/p>\n<ul style=\"text-align: justify;\">\n<li><strong>\u00c0 ce sujet &#8211; <a href=\"https:\/\/dicodusport.fr\/blog\/classement-ligue-1-2025-2026\/\">Classement Ligue 1 2025-2026<\/a><\/strong><\/li>\n<\/ul>\n<p style=\"text-align: justify;\"><strong>10\u00e8me de Ligue 1<\/strong> \u00e0 mi-saison, le <strong>SCO d\u2019Angers<\/strong> est l\u2019une des plus grosses surprises de la saison, dans l\u2019ombre de l\u2019\u00e9tonnant leader lensois. Disposant de l\u2019un des plus petits budgets du championnat, le club de l\u2019Anjou est parvenu \u00e0 d\u00e9jouer les pronostics en s\u2019appuyant sur un collectif harmonieux, mis en place par <strong>Alexandre Dujeux<\/strong>.<\/p>\n<h2 style=\"text-align: justify;\">Sidiki Ch\u00e9rif a fait oublier Est\u00e9ban Lepaul<\/h2>\n<p style=\"text-align: justify;\">Pourtant, la mission semblait bien difficile au mois d\u2019ao\u00fbt dernier. Dans les derniers jours du mercato, le technicien angevin avait d\u00fb se r\u00e9soudre \u00e0 voir partir son artificier en chef, <strong>Est\u00e9ban Lepaul<\/strong>, <a href=\"https:\/\/dicodusport.fr\/blog\/transferts-angers-esteban-lepaul-signe-a-rennes\/\">transf\u00e9r\u00e9 \u00e0 Rennes pour environ 15 M\u20ac<\/a>. Et si <strong>Steve Mouni\u00e9<\/strong> devait \u00e0 l\u2019origine apporter une solution d&rsquo;exp\u00e9rience \u00e0 la pointe de l\u2019attaque, le transfert a avort\u00e9. Quatre mois plus tard, ce potentiel transfert a d\u00e9j\u00e0 \u00e9t\u00e9 oubli\u00e9.<\/p>\n<p style=\"text-align: justify;\">En effet, alors qu\u2019il ne comptait que 7 petites apparitions en Ligue 1 \u00e0 l\u2019aube de la saison, le jeune <strong>Sidiki Ch\u00e9rif<\/strong> est parvenu \u00e0 combler le vide en r\u00e9alisant une premi\u00e8re moiti\u00e9 de saison tonitruante. Le jeune prodige, qui a r\u00e9cemment f\u00eat\u00e9 ses 19 ans (le 15 d\u00e9cembre dernier), a ainsi disput\u00e9 les <strong>16 rencontres de championnat<\/strong>, le tout en \u00e9tant <strong>titularis\u00e9 \u00e0 14 reprises<\/strong>. S\u2019il affiche un bilan comptable honorable (<strong>4 buts<\/strong>), son <strong>rayonnement va bien au-del\u00e0 des chiffres<\/strong>.<\/p>\n<p style=\"text-align: justify;\">Du haut de son m\u00e8tre 85, il dispose de la <strong>palette compl\u00e8te d\u2019un attaquant moderne<\/strong>. Capable de jouer en pivot dos au but avec sa puissance, de faire parler sa vitesse en profondeur, mais aussi de se muer en relais efficace gr\u00e2ce \u00e0 une belle qualit\u00e9 technique et un sens tactique d\u00e9j\u00e0 prononc\u00e9, le natif de Conakry (Guin\u00e9e) fait tourner les t\u00eates.<\/p>\n<blockquote class=\"twitter-tweet\">\n<p dir=\"ltr\" lang=\"ht\">SIDIKI CHERIF \u2b50\ufe0f <a href=\"https:\/\/t.co\/NAp62KRKNV\">pic.twitter.com\/NAp62KRKNV<\/a><\/p>\n<p>\u2014 Ligue 1 McDonald&rsquo;s (@Ligue1) <a href=\"https:\/\/twitter.com\/Ligue1\/status\/2006696917741314120?ref_src=twsrc%5Etfw\">January 1, 2026<\/a><\/p><\/blockquote>\n<p style=\"text-align: justify;\"><script async src=\"https:\/\/platform.twitter.com\/widgets.js\" charset=\"utf-8\"><\/script><\/p>\n<h2 style=\"text-align: justify;\">\u00ab\u00a0On s\u2019attend \u00e0 ce que Sidiki Ch\u00e9rif parte\u00a0\u00bb<\/h2>\n<p style=\"text-align: justify;\">Depuis plusieurs semaines d\u00e9j\u00e0, le SCO est ainsi harcel\u00e9 par une quantit\u00e9 astronomique de clubs fran\u00e7ais et europ\u00e9ens, qui bataillent \u00e0 coup d\u2019offres mirobolantes pour tenter d\u2019arracher la p\u00e9pite du Maine-et-Loire. Du Milan AC \u00e0 Villarreal, en passant par le Paris FC, qui serait pr\u00eat \u00e0 d\u00e9bourser 23 M\u20ac, les pr\u00e9tendants se bousculent au portillon.<\/p>\n<p style=\"text-align: justify;\">Dans les colonnes d\u2019<a href=\"https:\/\/www.ouest-france.fr\/sport\/football\/angers-sco\/angers-sco-alexandre-dujeux-sest-deja-fait-une-raison-on-sattend-a-ce-que-sidiki-cherif-parte-375b5bda-e7d0-11f0-9b78-7c77e15311d5\"><em>Ouest France<\/em><\/a>, <strong>Alexandre Dujeux<\/strong> s\u2019est ainsi montr\u00e9 r\u00e9sign\u00e9 quant \u00e0 l\u2019avenir de son joueur au club\u00a0:<\/p>\n<blockquote>\n<p style=\"text-align: justify;\">Avec les offres qu\u2019il y a, on s\u2019attend \u00e0 ce que Sidiki Ch\u00e9rif parte. C\u2019est comme \u00e7a, je l\u2019ai int\u00e9gr\u00e9. Quand ? C\u2019est une autre question. Mais c\u2019est un joueur tr\u00e8s important qui va certainement nous quitter. Dans l\u2019id\u00e9e de p\u00e9renniser le club, c\u2019est important. Ce n\u2019est pas une bonne nouvelle pour l\u2019entra\u00eeneur que je suis, mais pour le club, c\u2019est indispensable.<\/p>\n<\/blockquote>\n<p style=\"text-align: justify;\">Il faut dire que la vente qui se profile va litt\u00e9ralement <strong>transfigurer les finances d\u2019un club dont le budget est estim\u00e9 \u00e0 25 M\u20ac<\/strong>. Il s\u2019agit d\u2019ailleurs du prix minimal fix\u00e9 par le SCO pour entamer des n\u00e9gociations. Ainsi, <strong>Sidiki Ch\u00e9rif<\/strong> a toutes les chances de devenir la <strong>plus belle vente de l\u2019histoire du club<\/strong>, six ans et demi apr\u00e8s le d\u00e9part de Jeff Reine-Adela\u00efde \u00e0 l\u2019OL (25 M\u20ac).<\/p>\n<blockquote class=\"twitter-tweet\">\n<p dir=\"ltr\" lang=\"fr\">\ud83d\udea8 L&rsquo;AC MILAN FONCE SUR SIDIKI CH\u00c9RIF ! \ud83e\udd2f\ud83d\udda4\ud83e\udd0d<\/p>\n<p>Les Rossoneri ont officiellement pris contact avec le SCO pour l&rsquo;attaquant de 19 ans.<\/p>\n<p>Des discussions sont en cours avec l&rsquo;entourage du joueur, mais aucun accord n&rsquo;a encore \u00e9t\u00e9 trouv\u00e9.<\/p>\n<p>(<a href=\"https:\/\/twitter.com\/sachatavolieri?ref_src=twsrc%5Etfw\">@sachatavolieri<\/a>) <a href=\"https:\/\/t.co\/DXwJQX1NIx\">pic.twitter.com\/DXwJQX1NIx<\/a><\/p>\n<p>\u2014 Actu Ligue 1 (@ActuL1_) <a href=\"https:\/\/twitter.com\/ActuL1_\/status\/2005663833705341377?ref_src=twsrc%5Etfw\">December 29, 2025<\/a><\/p><\/blockquote>\n<p style=\"text-align: justify;\"><script async src=\"https:\/\/platform.twitter.com\/widgets.js\" charset=\"utf-8\"><\/script><\/p>\n<h2 style=\"text-align: justify;\">Un ph\u00e9nom\u00e8ne d\u00e9j\u00e0 au-dessus du lot chez les jeunes<\/h2>\n<p style=\"text-align: justify;\">Finalement, l\u2019explosion du jeune attaquant est tout sauf une surprise. Arriv\u00e9 dans l&rsquo;Hexagone \u00e0 cinq ans du c\u00f4t\u00e9 de <strong>Saumur<\/strong>, il a fait ses armes au sein du petit club de l\u2019<strong>AS Bayard-Saumur<\/strong> avant de rejoindre le principal club de la ville, l<strong>\u2019Olympique de Saumur<\/strong>, en 2018, \u00e0 11 ans. D\u00e9j\u00e0 au-dessus du lot, il ne restera qu\u2019une seule ann\u00e9e avec l\u2019OSFC avant d\u2019\u00eatre rep\u00e9r\u00e9 et recrut\u00e9 par le SCO \u00e0 l\u2019\u00e2ge de 12 ans. Un changement d\u2019environnement qui a \u00e9t\u00e9 difficile \u00e0 appr\u00e9hender pour le jeune adolescent, comme il l\u2019avait confi\u00e9 sur <a href=\"https:\/\/angers-sco.fr\/interview-sidiki-cherif-je-commence-petit-a-petit-a-retrouver-de-tres-bonnes-sensastions\/\">le site officiel du SCO<\/a>\u00a0:<\/p>\n<blockquote>\n<p style=\"text-align: justify;\">Je suis arriv\u00e9 \u00e0 12 ans. J\u2019ai fait la pr\u00e9-formation ici en U14 et U15. Au d\u00e9but, j\u2019avais du mal \u00e0 m\u2019adapter, c\u2019\u00e9tait dur, parce que je suis arriv\u00e9 de Saumur, qui n\u2019est pas un club professionnel, donc ce n\u2019\u00e9tait pas pareil. L\u2019encha\u00eenement des entra\u00eenements tous les jours, le sport-\u00e9tudes\u2026 C\u2019\u00e9tait difficile au d\u00e9but, mais je me suis vite adapt\u00e9.<\/p>\n<\/blockquote>\n<p style=\"text-align: justify;\">Effectivement, suite \u00e0 cette p\u00e9riode d\u2019adaptation, le gar\u00e7on a franchi les \u00e9chelons \u00e0 vitesse grand V, au point d\u2019<strong>empiler les buts en U19 \u00e0 seulement 15 ans<\/strong>. R\u00e9sultat, sa pr\u00e9cocit\u00e9 lui a valu de signer son <strong>premier contrat professionnel \u00e0 16 ans et demi<\/strong>, en juillet 2023.<\/p>\n<blockquote class=\"twitter-tweet\">\n<p dir=\"ltr\" lang=\"fr\">Un nouveau diamant parmi nous \ud83d\udc8e<\/p>\n<p>\ud835\udc12\ud835\udc22\ud835\udc1d\ud835\udc22\ud835\udc24\ud835\udc22 signe son premier contrat professionnel \u270d\ufe0f<\/p>\n<p>\ud83d\udcac <a href=\"https:\/\/t.co\/dcOVzBsqGo\">https:\/\/t.co\/dcOVzBsqGo<\/a> <a href=\"https:\/\/t.co\/4zzSH5j5h6\">pic.twitter.com\/4zzSH5j5h6<\/a><\/p>\n<p>\u2014 Angers SCO (@AngersSCO) <a href=\"https:\/\/twitter.com\/AngersSCO\/status\/1684594859485569025?ref_src=twsrc%5Etfw\">July 27, 2023<\/a><\/p><\/blockquote>\n<p style=\"text-align: justify;\"><script async src=\"https:\/\/platform.twitter.com\/widgets.js\" charset=\"utf-8\"><\/script><\/p>\n<h2 style=\"text-align: justify;\">Malgr\u00e9 une saison tronqu\u00e9e, Sidiki Ch\u00e9rif n\u2019a pas ralenti la cadence<\/h2>\n<p style=\"text-align: justify;\">Quelques semaines plus tard, il a m\u00eame eu le droit d\u2019effectuer ses grands d\u00e9buts professionnels en <strong>Ligue 2<\/strong> en entrant en jeu \u00e0 Laval. Cependant, le club n\u2019a pas voulu se pr\u00e9cipiter, et a couv\u00e9 sa p\u00e9pite. Il s\u2019est ainsi content\u00e9 de sept br\u00e8ves apparitions cette saison-l\u00e0 avant d&rsquo;\u00eatre r\u00e9ellement lanc\u00e9 dans le grand bain lors de l&rsquo;exercice suivant, et ce malgr\u00e9 la promotion en <strong>Ligue 1<\/strong>.<\/p>\n<p style=\"text-align: justify;\">Il avait ainsi pris part aux cinq premi\u00e8res rencontres de championnat avant d\u2019\u00eatre min\u00e9 par deux grosses blessures \u00e0 la cuisse. Absent de fin septembre \u00e0 d\u00e9but f\u00e9vrier, il aura juste eu le temps d\u2019effectuer deux nouvelles courtes apparitions avant de rechuter, et de voir sa saison se terminer pr\u00e9matur\u00e9ment. Mais cette <strong>saison quasi blanche n\u2019a pas frein\u00e9 la mont\u00e9e en puissance<\/strong> d\u2019un gar\u00e7on bosseur, et d\u00e9termin\u00e9 \u00e0 s\u2019imposer au plus haut niveau.<\/p>\n<p style=\"text-align: justify;\">D\u00e9sormais r\u00e9v\u00e9l\u00e9 aux yeux du grand public, <strong>Sidiki Ch\u00e9rif<\/strong> est devenu l\u2019objet de tous les d\u00e9sirs. Au-del\u00e0 de la guerre qui se produit en coulisses entre les diff\u00e9rents clubs int\u00e9ress\u00e9s, son <strong>avenir international<\/strong> risque \u00e9galement d\u2019animer les rubriques dans les prochains mois. En effet, si le gar\u00e7on a \u00e9volu\u00e9 avec l\u2019\u00e9quipe de France U16, la <strong>Guin\u00e9e<\/strong> s\u2019est d\u00e9j\u00e0 positionn\u00e9e pour tenter d\u2019attirer ce talent natif du pays. Vous l\u2019aurez compris, Sidiki Ch\u00e9rif n\u2019a pas fini de faire tourner les t\u00eates, et son avenir sera \u00e0 surveiller de tr\u00e8s pr\u00e8s.<\/p>\n<h3 style=\"text-align: justify;\">\u00c0 lire aussi<\/h3>\n<div class=\"vlp-link-container vlp-layout-article\"><a href=\"https:\/\/dicodusport.fr\/blog\/transferts-ol-lyon-avance-serieusement-sur-le-dossier-himad-abdelli\/\" class=\"vlp-link\" title=\"Transferts OL : Lyon avance s\u00e9rieusement sur le dossier Himad Abdelli\"><\/a><div class=\"vlp-layout-zone-side\"><div class=\"vlp-block-4 vlp-link-image\"><img loading=\"lazy\" decoding=\"async\" style=\"max-width: 792px;\" width=\"792\" height=\"445\" src=\"https:\/\/dicodusport.fr\/blog\/wp-content\/uploads\/2025\/12\/Transferts-OL-Lyon-avance-serieusement-sur-le-dossier-Himad-Abdelli.png\" class=\"attachment-800x445 size-800x445\" alt=\"\" srcset=\"https:\/\/dicodusport.fr\/blog\/wp-content\/uploads\/2025\/12\/Transferts-OL-Lyon-avance-serieusement-sur-le-dossier-Himad-Abdelli.png 1200w, https:\/\/dicodusport.fr\/blog\/wp-content\/uploads\/2025\/12\/Transferts-OL-Lyon-avance-serieusement-sur-le-dossier-Himad-Abdelli-300x169.png 300w, https:\/\/dicodusport.fr\/blog\/wp-content\/uploads\/2025\/12\/Transferts-OL-Lyon-avance-serieusement-sur-le-dossier-Himad-Abdelli-1024x575.png 1024w, https:\/\/dicodusport.fr\/blog\/wp-content\/uploads\/2025\/12\/Transferts-OL-Lyon-avance-serieusement-sur-le-dossier-Himad-Abdelli-768x431.png 768w\" sizes=\"auto, (max-width: 792px) 100vw, 792px\" \/><\/div><\/div><div class=\"vlp-layout-zone-main\"><div class=\"vlp-block-0 vlp-link-title\">Transferts OL : Lyon avance s\u00e9rieusement sur le dossier Himad Abdelli<\/div><div class=\"vlp-block-1 vlp-link-summary\">TRANSFERTS OL - Selon L'\u00c9quipe, l'Olympique Lyonnais serait proche de recruter Himad Abdelli (Angers) lors du mercato d'hiver.\u00a0<\/div><div class=\"vlp-block-2 vlp-link-button\">Lire l'article<\/div><div class=\"vlp-block-3 vlp-link-url\">dicodusport.fr<\/div><\/div><\/div>\n<div id=\"gtx-trans\" style=\"position: absolute; left: -14px; top: 40.9091px;\">\n<div class=\"gtx-trans-icon\" style=\"text-align: justify;\"><\/div>\n<\/div>\n","protected":false},"excerpt":{"rendered":"<p>LIGUE 1 2025\/2026 \u2013 Grande r\u00e9v\u00e9lation de la premi\u00e8re moiti\u00e9 de saison \u00e0 Angers, Sidiki Ch\u00e9rif fait tourner les t\u00eates de nombreux clubs fran\u00e7ais et europ\u00e9ens.<\/p>\n","protected":false},"author":55,"featured_media":635360,"comment_status":"open","ping_status":"closed","sticky":false,"template":"","format":"standard","meta":{"_acf_changed":false,"_daextam_enable_autolinks":"1","footnotes":""},"categories":[47045],"tags":[3214,16878,1554,5678,24],"class_list":["post-635358","post","type-post","status-publish","format-standard","has-post-thumbnail","hentry","category-ligue-1","tag-angers","tag-breve","tag-ligue-1","tag-sco-angers","tag-sport"],"acf":[],"yoast_head":"<!-- This site is optimized with the Yoast SEO Premium plugin v26.7 (Yoast SEO v26.7) - https:\/\/yoast.com\/wordpress\/plugins\/seo\/ -->\n<title>Qui est Sidiki Ch\u00e9rif, la p\u00e9pite d&#039;Angers convoit\u00e9e par de nombreux clubs fran\u00e7ais et europ\u00e9ens ?<\/title>\n<meta name=\"description\" content=\"LIGUE 1 2025\/2026 \u2013 Grande r\u00e9v\u00e9lation de la premi\u00e8re moiti\u00e9 de saison \u00e0 Angers, Sidiki Ch\u00e9rif fait tourner les t\u00eates de nombreux clubs fran\u00e7ais et europ\u00e9ens.\" \/>\n<meta name=\"robots\" content=\"index, follow, max-snippet:-1, max-image-preview:large, max-video-preview:-1\" \/>\n<link rel=\"canonical\" href=\"https:\/\/dicodusport.fr\/blog\/qui-est-sidiki-cherif-la-pepite-dangers-convoitee-par-de-nombreux-clubs-francais-et-europeens\/\" \/>\n<meta property=\"og:locale\" content=\"fr_FR\" \/>\n<meta property=\"og:type\" content=\"article\" \/>\n<meta property=\"og:title\" content=\"Qui est Sidiki Ch\u00e9rif, la p\u00e9pite d&#039;Angers convoit\u00e9e par de nombreux clubs fran\u00e7ais et europ\u00e9ens ?\" \/>\n<meta property=\"og:description\" content=\"LIGUE 1 2025\/2026 \u2013 Grande r\u00e9v\u00e9lation de la premi\u00e8re moiti\u00e9 de saison \u00e0 Angers, Sidiki Ch\u00e9rif fait tourner les t\u00eates de nombreux clubs fran\u00e7ais et europ\u00e9ens.\" \/>\n<meta property=\"og:url\" content=\"https:\/\/dicodusport.fr\/blog\/qui-est-sidiki-cherif-la-pepite-dangers-convoitee-par-de-nombreux-clubs-francais-et-europeens\/\" \/>\n<meta property=\"og:site_name\" content=\"Dicodusport\" \/>\n<meta property=\"article:publisher\" content=\"https:\/\/www.facebook.com\/dicodusport\" \/>\n<meta property=\"article:published_time\" content=\"2026-01-02T18:00:02+00:00\" \/>\n<meta property=\"article:modified_time\" content=\"2026-01-02T19:42:19+00:00\" \/>\n<meta property=\"og:image\" content=\"https:\/\/dicodusport.fr\/blog\/wp-content\/uploads\/2026\/01\/Qui-est-Sidiki-Cherif-la-pepite-dAngers-convoitee-par-de-nombreux-clubs-francais-et-europeens.png\" \/>\n\t<meta property=\"og:image:width\" content=\"1200\" \/>\n\t<meta property=\"og:image:height\" content=\"674\" \/>\n\t<meta property=\"og:image:type\" content=\"image\/png\" \/>\n<meta name=\"author\" content=\"Maxime Cazenave\" \/>\n<meta name=\"twitter:card\" content=\"summary_large_image\" \/>\n<meta name=\"twitter:title\" content=\"Qui est Sidiki Ch\u00e9rif, la p\u00e9pite d&#039;Angers convoit\u00e9e par de nombreux clubs fran\u00e7ais et europ\u00e9ens ?\" \/>\n<meta name=\"twitter:creator\" content=\"@https:\/\/twitter.com\/Maxime_Caze\" \/>\n<meta name=\"twitter:site\" content=\"@dicodusport\" \/>\n<script type=\"application\/ld+json\" class=\"yoast-schema-graph\">{\"@context\":\"https:\/\/schema.org\",\"@graph\":[{\"@type\":\"NewsArticle\",\"@id\":\"https:\/\/dicodusport.fr\/blog\/qui-est-sidiki-cherif-la-pepite-dangers-convoitee-par-de-nombreux-clubs-francais-et-europeens\/#article\",\"isPartOf\":{\"@id\":\"https:\/\/dicodusport.fr\/blog\/qui-est-sidiki-cherif-la-pepite-dangers-convoitee-par-de-nombreux-clubs-francais-et-europeens\/\"},\"author\":{\"name\":\"Maxime Cazenave\",\"@id\":\"https:\/\/dicodusport.fr\/blog\/#\/schema\/person\/37def232098a7a5cbab3974a3690abb0\"},\"headline\":\"Qui est Sidiki Ch\u00e9rif, la p\u00e9pite d&rsquo;Angers convoit\u00e9e par de nombreux clubs fran\u00e7ais et europ\u00e9ens ?\",\"datePublished\":\"2026-01-02T18:00:02+00:00\",\"dateModified\":\"2026-01-02T19:42:19+00:00\",\"mainEntityOfPage\":{\"@id\":\"https:\/\/dicodusport.fr\/blog\/qui-est-sidiki-cherif-la-pepite-dangers-convoitee-par-de-nombreux-clubs-francais-et-europeens\/\"},\"wordCount\":1276,\"commentCount\":0,\"publisher\":{\"@id\":\"https:\/\/dicodusport.fr\/blog\/#organization\"},\"image\":{\"@id\":\"https:\/\/dicodusport.fr\/blog\/qui-est-sidiki-cherif-la-pepite-dangers-convoitee-par-de-nombreux-clubs-francais-et-europeens\/#primaryimage\"},\"thumbnailUrl\":\"https:\/\/dicodusport.fr\/blog\/wp-content\/uploads\/2026\/01\/Qui-est-Sidiki-Cherif-la-pepite-dAngers-convoitee-par-de-nombreux-clubs-francais-et-europeens.png\",\"keywords\":[\"Angers\",\"br\u00e8ve\",\"Ligue 1\",\"SCO Angers\",\"sport\"],\"articleSection\":[\"Ligue 1\"],\"inLanguage\":\"fr-FR\",\"potentialAction\":[{\"@type\":\"CommentAction\",\"name\":\"Comment\",\"target\":[\"https:\/\/dicodusport.fr\/blog\/qui-est-sidiki-cherif-la-pepite-dangers-convoitee-par-de-nombreux-clubs-francais-et-europeens\/#respond\"]}],\"copyrightYear\":\"2026\",\"copyrightHolder\":{\"@id\":\"https:\/\/dicodusport.fr\/blog\/#organization\"}},{\"@type\":\"WebPage\",\"@id\":\"https:\/\/dicodusport.fr\/blog\/qui-est-sidiki-cherif-la-pepite-dangers-convoitee-par-de-nombreux-clubs-francais-et-europeens\/\",\"url\":\"https:\/\/dicodusport.fr\/blog\/qui-est-sidiki-cherif-la-pepite-dangers-convoitee-par-de-nombreux-clubs-francais-et-europeens\/\",\"name\":\"Qui est Sidiki Ch\u00e9rif, la p\u00e9pite d'Angers convoit\u00e9e par de nombreux clubs fran\u00e7ais et europ\u00e9ens ?\",\"isPartOf\":{\"@id\":\"https:\/\/dicodusport.fr\/blog\/#website\"},\"primaryImageOfPage\":{\"@id\":\"https:\/\/dicodusport.fr\/blog\/qui-est-sidiki-cherif-la-pepite-dangers-convoitee-par-de-nombreux-clubs-francais-et-europeens\/#primaryimage\"},\"image\":{\"@id\":\"https:\/\/dicodusport.fr\/blog\/qui-est-sidiki-cherif-la-pepite-dangers-convoitee-par-de-nombreux-clubs-francais-et-europeens\/#primaryimage\"},\"thumbnailUrl\":\"https:\/\/dicodusport.fr\/blog\/wp-content\/uploads\/2026\/01\/Qui-est-Sidiki-Cherif-la-pepite-dAngers-convoitee-par-de-nombreux-clubs-francais-et-europeens.png\",\"datePublished\":\"2026-01-02T18:00:02+00:00\",\"dateModified\":\"2026-01-02T19:42:19+00:00\",\"description\":\"LIGUE 1 2025\/2026 \u2013 Grande r\u00e9v\u00e9lation de la premi\u00e8re moiti\u00e9 de saison \u00e0 Angers, Sidiki Ch\u00e9rif fait tourner les t\u00eates de nombreux clubs fran\u00e7ais et europ\u00e9ens.\",\"breadcrumb\":{\"@id\":\"https:\/\/dicodusport.fr\/blog\/qui-est-sidiki-cherif-la-pepite-dangers-convoitee-par-de-nombreux-clubs-francais-et-europeens\/#breadcrumb\"},\"inLanguage\":\"fr-FR\",\"potentialAction\":[{\"@type\":\"ReadAction\",\"target\":[\"https:\/\/dicodusport.fr\/blog\/qui-est-sidiki-cherif-la-pepite-dangers-convoitee-par-de-nombreux-clubs-francais-et-europeens\/\"]}]},{\"@type\":\"ImageObject\",\"inLanguage\":\"fr-FR\",\"@id\":\"https:\/\/dicodusport.fr\/blog\/qui-est-sidiki-cherif-la-pepite-dangers-convoitee-par-de-nombreux-clubs-francais-et-europeens\/#primaryimage\",\"url\":\"https:\/\/dicodusport.fr\/blog\/wp-content\/uploads\/2026\/01\/Qui-est-Sidiki-Cherif-la-pepite-dAngers-convoitee-par-de-nombreux-clubs-francais-et-europeens.png\",\"contentUrl\":\"https:\/\/dicodusport.fr\/blog\/wp-content\/uploads\/2026\/01\/Qui-est-Sidiki-Cherif-la-pepite-dAngers-convoitee-par-de-nombreux-clubs-francais-et-europeens.png\",\"width\":1200,\"height\":674,\"caption\":\"Qui est Sidiki Ch\u00e9rif, la p\u00e9pite d'Angers convoit\u00e9e par de nombreux clubs fran\u00e7ais et europ\u00e9ens ?\"},{\"@type\":\"BreadcrumbList\",\"@id\":\"https:\/\/dicodusport.fr\/blog\/qui-est-sidiki-cherif-la-pepite-dangers-convoitee-par-de-nombreux-clubs-francais-et-europeens\/#breadcrumb\",\"itemListElement\":[{\"@type\":\"ListItem\",\"position\":1,\"name\":\"Accueil\",\"item\":\"https:\/\/dicodusport.fr\/blog\/\"},{\"@type\":\"ListItem\",\"position\":2,\"name\":\"Qui est Sidiki Ch\u00e9rif, la p\u00e9pite d&rsquo;Angers convoit\u00e9e par de nombreux clubs fran\u00e7ais et europ\u00e9ens ?\"}]},{\"@type\":\"WebSite\",\"@id\":\"https:\/\/dicodusport.fr\/blog\/#website\",\"url\":\"https:\/\/dicodusport.fr\/blog\/\",\"name\":\"Dicodusport\",\"description\":\"L&#039;encyclop\u00e9die de l&#039;actualit\u00e9 sportive\",\"publisher\":{\"@id\":\"https:\/\/dicodusport.fr\/blog\/#organization\"},\"potentialAction\":[{\"@type\":\"SearchAction\",\"target\":{\"@type\":\"EntryPoint\",\"urlTemplate\":\"https:\/\/dicodusport.fr\/blog\/?s={search_term_string}\"},\"query-input\":{\"@type\":\"PropertyValueSpecification\",\"valueRequired\":true,\"valueName\":\"search_term_string\"}}],\"inLanguage\":\"fr-FR\"},{\"@type\":\"NewsMediaOrganization\",\"@id\":\"https:\/\/dicodusport.fr\/blog\/#organization\",\"name\":\"Dicodusport\",\"url\":\"https:\/\/dicodusport.fr\/blog\/\",\"logo\":{\"@type\":\"ImageObject\",\"inLanguage\":\"fr-FR\",\"@id\":\"https:\/\/dicodusport.fr\/blog\/#\/schema\/logo\/image\/\",\"url\":\"https:\/\/dicodusport.fr\/blog\/wp-content\/uploads\/2020\/06\/cropped-LOGO-DICODUSPORT-2020-SANS-FOND-SANS-TEXTE.png\",\"contentUrl\":\"https:\/\/dicodusport.fr\/blog\/wp-content\/uploads\/2020\/06\/cropped-LOGO-DICODUSPORT-2020-SANS-FOND-SANS-TEXTE.png\",\"width\":512,\"height\":512,\"caption\":\"Dicodusport\"},\"image\":{\"@id\":\"https:\/\/dicodusport.fr\/blog\/#\/schema\/logo\/image\/\"},\"sameAs\":[\"https:\/\/www.facebook.com\/dicodusport\",\"https:\/\/x.com\/dicodusport\",\"https:\/\/www.instagram.com\/dicodusport\/\",\"https:\/\/www.youtube.com\/channel\/UC7V2KZ5sd3htJivAbA4ZG3w\"],\"description\":\"Dicodusport est l'encyclop\u00e9die de l'actualit\u00e9 sportive.\",\"email\":\"bonjour@dicodusport.fr\",\"legalName\":\"DICODUSPORT\",\"foundingDate\":\"2018-01-14\",\"vatID\":\"FR71834470973\",\"taxID\":\"83447097300043\",\"numberOfEmployees\":{\"@type\":\"QuantitativeValue\",\"minValue\":\"1\",\"maxValue\":\"10\"}},{\"@type\":\"Person\",\"@id\":\"https:\/\/dicodusport.fr\/blog\/#\/schema\/person\/37def232098a7a5cbab3974a3690abb0\",\"name\":\"Maxime Cazenave\",\"image\":{\"@type\":\"ImageObject\",\"inLanguage\":\"fr-FR\",\"@id\":\"https:\/\/dicodusport.fr\/blog\/#\/schema\/person\/image\/\",\"url\":\"https:\/\/dicodusport.fr\/blog\/wp-content\/uploads\/2021\/05\/Maxime-Cazenave-150x150.jpg\",\"contentUrl\":\"https:\/\/dicodusport.fr\/blog\/wp-content\/uploads\/2021\/05\/Maxime-Cazenave-150x150.jpg\",\"caption\":\"Maxime Cazenave\"},\"description\":\"Journaliste\/R\u00e9dacteur depuis 2012 - Berc\u00e9 par l\u2019amour des Girondins de Bordeaux, les \u00e9checs de Christophe Moreau sur le Tour de France sous l'\u00e8re Lance Armstrong et le fade-away l\u00e9tal de Dirk Nowitzki, ma passion d\u00e9vorante pour le sport a toujours \u00e9t\u00e9 un pan incontournable de ma vie. Transmettre ma passion \u00e0 l\u2019\u00e9crit a \u00e9t\u00e9 une transition naturelle. Suiveur assidu de basket et de hockey sur glace, je garde toujours un peu de place pour suivre le cyclisme, le football et le maximum de performances fran\u00e7aises.\",\"sameAs\":[\"https:\/\/x.com\/https:\/\/twitter.com\/Maxime_Caze\"],\"url\":\"https:\/\/dicodusport.fr\/blog\/author\/maximec\/\"}]}<\/script>\n<!-- \/ Yoast SEO Premium plugin. -->","yoast_head_json":{"title":"Qui est Sidiki Ch\u00e9rif, la p\u00e9pite d'Angers convoit\u00e9e par de nombreux clubs fran\u00e7ais et europ\u00e9ens ?","description":"LIGUE 1 2025\/2026 \u2013 Grande r\u00e9v\u00e9lation de la premi\u00e8re moiti\u00e9 de saison \u00e0 Angers, Sidiki Ch\u00e9rif fait tourner les t\u00eates de nombreux clubs fran\u00e7ais et europ\u00e9ens.","robots":{"index":"index","follow":"follow","max-snippet":"max-snippet:-1","max-image-preview":"max-image-preview:large","max-video-preview":"max-video-preview:-1"},"canonical":"https:\/\/dicodusport.fr\/blog\/qui-est-sidiki-cherif-la-pepite-dangers-convoitee-par-de-nombreux-clubs-francais-et-europeens\/","og_locale":"fr_FR","og_type":"article","og_title":"Qui est Sidiki Ch\u00e9rif, la p\u00e9pite d'Angers convoit\u00e9e par de nombreux clubs fran\u00e7ais et europ\u00e9ens ?","og_description":"LIGUE 1 2025\/2026 \u2013 Grande r\u00e9v\u00e9lation de la premi\u00e8re moiti\u00e9 de saison \u00e0 Angers, Sidiki Ch\u00e9rif fait tourner les t\u00eates de nombreux clubs fran\u00e7ais et europ\u00e9ens.","og_url":"https:\/\/dicodusport.fr\/blog\/qui-est-sidiki-cherif-la-pepite-dangers-convoitee-par-de-nombreux-clubs-francais-et-europeens\/","og_site_name":"Dicodusport","article_publisher":"https:\/\/www.facebook.com\/dicodusport","article_published_time":"2026-01-02T18:00:02+00:00","article_modified_time":"2026-01-02T19:42:19+00:00","og_image":[{"width":1200,"height":674,"url":"https:\/\/dicodusport.fr\/blog\/wp-content\/uploads\/2026\/01\/Qui-est-Sidiki-Cherif-la-pepite-dAngers-convoitee-par-de-nombreux-clubs-francais-et-europeens.png","type":"image\/png"}],"author":"Maxime Cazenave","twitter_card":"summary_large_image","twitter_title":"Qui est Sidiki Ch\u00e9rif, la p\u00e9pite d'Angers convoit\u00e9e par de nombreux clubs fran\u00e7ais et europ\u00e9ens ?","twitter_creator":"@https:\/\/twitter.com\/Maxime_Caze","twitter_site":"@dicodusport","schema":{"@context":"https:\/\/schema.org","@graph":[{"@type":"NewsArticle","@id":"https:\/\/dicodusport.fr\/blog\/qui-est-sidiki-cherif-la-pepite-dangers-convoitee-par-de-nombreux-clubs-francais-et-europeens\/#article","isPartOf":{"@id":"https:\/\/dicodusport.fr\/blog\/qui-est-sidiki-cherif-la-pepite-dangers-convoitee-par-de-nombreux-clubs-francais-et-europeens\/"},"author":{"name":"Maxime Cazenave","@id":"https:\/\/dicodusport.fr\/blog\/#\/schema\/person\/37def232098a7a5cbab3974a3690abb0"},"headline":"Qui est Sidiki Ch\u00e9rif, la p\u00e9pite d&rsquo;Angers convoit\u00e9e par de nombreux clubs fran\u00e7ais et europ\u00e9ens ?","datePublished":"2026-01-02T18:00:02+00:00","dateModified":"2026-01-02T19:42:19+00:00","mainEntityOfPage":{"@id":"https:\/\/dicodusport.fr\/blog\/qui-est-sidiki-cherif-la-pepite-dangers-convoitee-par-de-nombreux-clubs-francais-et-europeens\/"},"wordCount":1276,"commentCount":0,"publisher":{"@id":"https:\/\/dicodusport.fr\/blog\/#organization"},"image":{"@id":"https:\/\/dicodusport.fr\/blog\/qui-est-sidiki-cherif-la-pepite-dangers-convoitee-par-de-nombreux-clubs-francais-et-europeens\/#primaryimage"},"thumbnailUrl":"https:\/\/dicodusport.fr\/blog\/wp-content\/uploads\/2026\/01\/Qui-est-Sidiki-Cherif-la-pepite-dAngers-convoitee-par-de-nombreux-clubs-francais-et-europeens.png","keywords":["Angers","br\u00e8ve","Ligue 1","SCO Angers","sport"],"articleSection":["Ligue 1"],"inLanguage":"fr-FR","potentialAction":[{"@type":"CommentAction","name":"Comment","target":["https:\/\/dicodusport.fr\/blog\/qui-est-sidiki-cherif-la-pepite-dangers-convoitee-par-de-nombreux-clubs-francais-et-europeens\/#respond"]}],"copyrightYear":"2026","copyrightHolder":{"@id":"https:\/\/dicodusport.fr\/blog\/#organization"}},{"@type":"WebPage","@id":"https:\/\/dicodusport.fr\/blog\/qui-est-sidiki-cherif-la-pepite-dangers-convoitee-par-de-nombreux-clubs-francais-et-europeens\/","url":"https:\/\/dicodusport.fr\/blog\/qui-est-sidiki-cherif-la-pepite-dangers-convoitee-par-de-nombreux-clubs-francais-et-europeens\/","name":"Qui est Sidiki Ch\u00e9rif, la p\u00e9pite d'Angers convoit\u00e9e par de nombreux clubs fran\u00e7ais et europ\u00e9ens ?","isPartOf":{"@id":"https:\/\/dicodusport.fr\/blog\/#website"},"primaryImageOfPage":{"@id":"https:\/\/dicodusport.fr\/blog\/qui-est-sidiki-cherif-la-pepite-dangers-convoitee-par-de-nombreux-clubs-francais-et-europeens\/#primaryimage"},"image":{"@id":"https:\/\/dicodusport.fr\/blog\/qui-est-sidiki-cherif-la-pepite-dangers-convoitee-par-de-nombreux-clubs-francais-et-europeens\/#primaryimage"},"thumbnailUrl":"https:\/\/dicodusport.fr\/blog\/wp-content\/uploads\/2026\/01\/Qui-est-Sidiki-Cherif-la-pepite-dAngers-convoitee-par-de-nombreux-clubs-francais-et-europeens.png","datePublished":"2026-01-02T18:00:02+00:00","dateModified":"2026-01-02T19:42:19+00:00","description":"LIGUE 1 2025\/2026 \u2013 Grande r\u00e9v\u00e9lation de la premi\u00e8re moiti\u00e9 de saison \u00e0 Angers, Sidiki Ch\u00e9rif fait tourner les t\u00eates de nombreux clubs fran\u00e7ais et europ\u00e9ens.","breadcrumb":{"@id":"https:\/\/dicodusport.fr\/blog\/qui-est-sidiki-cherif-la-pepite-dangers-convoitee-par-de-nombreux-clubs-francais-et-europeens\/#breadcrumb"},"inLanguage":"fr-FR","potentialAction":[{"@type":"ReadAction","target":["https:\/\/dicodusport.fr\/blog\/qui-est-sidiki-cherif-la-pepite-dangers-convoitee-par-de-nombreux-clubs-francais-et-europeens\/"]}]},{"@type":"ImageObject","inLanguage":"fr-FR","@id":"https:\/\/dicodusport.fr\/blog\/qui-est-sidiki-cherif-la-pepite-dangers-convoitee-par-de-nombreux-clubs-francais-et-europeens\/#primaryimage","url":"https:\/\/dicodusport.fr\/blog\/wp-content\/uploads\/2026\/01\/Qui-est-Sidiki-Cherif-la-pepite-dAngers-convoitee-par-de-nombreux-clubs-francais-et-europeens.png","contentUrl":"https:\/\/dicodusport.fr\/blog\/wp-content\/uploads\/2026\/01\/Qui-est-Sidiki-Cherif-la-pepite-dAngers-convoitee-par-de-nombreux-clubs-francais-et-europeens.png","width":1200,"height":674,"caption":"Qui est Sidiki Ch\u00e9rif, la p\u00e9pite d'Angers convoit\u00e9e par de nombreux clubs fran\u00e7ais et europ\u00e9ens ?"},{"@type":"BreadcrumbList","@id":"https:\/\/dicodusport.fr\/blog\/qui-est-sidiki-cherif-la-pepite-dangers-convoitee-par-de-nombreux-clubs-francais-et-europeens\/#breadcrumb","itemListElement":[{"@type":"ListItem","position":1,"name":"Accueil","item":"https:\/\/dicodusport.fr\/blog\/"},{"@type":"ListItem","position":2,"name":"Qui est Sidiki Ch\u00e9rif, la p\u00e9pite d&rsquo;Angers convoit\u00e9e par de nombreux clubs fran\u00e7ais et europ\u00e9ens ?"}]},{"@type":"WebSite","@id":"https:\/\/dicodusport.fr\/blog\/#website","url":"https:\/\/dicodusport.fr\/blog\/","name":"Dicodusport","description":"L&#039;encyclop\u00e9die de l&#039;actualit\u00e9 sportive","publisher":{"@id":"https:\/\/dicodusport.fr\/blog\/#organization"},"potentialAction":[{"@type":"SearchAction","target":{"@type":"EntryPoint","urlTemplate":"https:\/\/dicodusport.fr\/blog\/?s={search_term_string}"},"query-input":{"@type":"PropertyValueSpecification","valueRequired":true,"valueName":"search_term_string"}}],"inLanguage":"fr-FR"},{"@type":"NewsMediaOrganization","@id":"https:\/\/dicodusport.fr\/blog\/#organization","name":"Dicodusport","url":"https:\/\/dicodusport.fr\/blog\/","logo":{"@type":"ImageObject","inLanguage":"fr-FR","@id":"https:\/\/dicodusport.fr\/blog\/#\/schema\/logo\/image\/","url":"https:\/\/dicodusport.fr\/blog\/wp-content\/uploads\/2020\/06\/cropped-LOGO-DICODUSPORT-2020-SANS-FOND-SANS-TEXTE.png","contentUrl":"https:\/\/dicodusport.fr\/blog\/wp-content\/uploads\/2020\/06\/cropped-LOGO-DICODUSPORT-2020-SANS-FOND-SANS-TEXTE.png","width":512,"height":512,"caption":"Dicodusport"},"image":{"@id":"https:\/\/dicodusport.fr\/blog\/#\/schema\/logo\/image\/"},"sameAs":["https:\/\/www.facebook.com\/dicodusport","https:\/\/x.com\/dicodusport","https:\/\/www.instagram.com\/dicodusport\/","https:\/\/www.youtube.com\/channel\/UC7V2KZ5sd3htJivAbA4ZG3w"],"description":"Dicodusport est l'encyclop\u00e9die de l'actualit\u00e9 sportive.","email":"bonjour@dicodusport.fr","legalName":"DICODUSPORT","foundingDate":"2018-01-14","vatID":"FR71834470973","taxID":"83447097300043","numberOfEmployees":{"@type":"QuantitativeValue","minValue":"1","maxValue":"10"}},{"@type":"Person","@id":"https:\/\/dicodusport.fr\/blog\/#\/schema\/person\/37def232098a7a5cbab3974a3690abb0","name":"Maxime Cazenave","image":{"@type":"ImageObject","inLanguage":"fr-FR","@id":"https:\/\/dicodusport.fr\/blog\/#\/schema\/person\/image\/","url":"https:\/\/dicodusport.fr\/blog\/wp-content\/uploads\/2021\/05\/Maxime-Cazenave-150x150.jpg","contentUrl":"https:\/\/dicodusport.fr\/blog\/wp-content\/uploads\/2021\/05\/Maxime-Cazenave-150x150.jpg","caption":"Maxime Cazenave"},"description":"Journaliste\/R\u00e9dacteur depuis 2012 - Berc\u00e9 par l\u2019amour des Girondins de Bordeaux, les \u00e9checs de Christophe Moreau sur le Tour de France sous l'\u00e8re Lance Armstrong et le fade-away l\u00e9tal de Dirk Nowitzki, ma passion d\u00e9vorante pour le sport a toujours \u00e9t\u00e9 un pan incontournable de ma vie. Transmettre ma passion \u00e0 l\u2019\u00e9crit a \u00e9t\u00e9 une transition naturelle. Suiveur assidu de basket et de hockey sur glace, je garde toujours un peu de place pour suivre le cyclisme, le football et le maximum de performances fran\u00e7aises.","sameAs":["https:\/\/x.com\/https:\/\/twitter.com\/Maxime_Caze"],"url":"https:\/\/dicodusport.fr\/blog\/author\/maximec\/"}]}},"_links":{"self":[{"href":"https:\/\/dicodusport.fr\/blog\/wp-json\/wp\/v2\/posts\/635358","targetHints":{"allow":["GET"]}}],"collection":[{"href":"https:\/\/dicodusport.fr\/blog\/wp-json\/wp\/v2\/posts"}],"about":[{"href":"https:\/\/dicodusport.fr\/blog\/wp-json\/wp\/v2\/types\/post"}],"author":[{"embeddable":true,"href":"https:\/\/dicodusport.fr\/blog\/wp-json\/wp\/v2\/users\/55"}],"replies":[{"embeddable":true,"href":"https:\/\/dicodusport.fr\/blog\/wp-json\/wp\/v2\/comments?post=635358"}],"version-history":[{"count":5,"href":"https:\/\/dicodusport.fr\/blog\/wp-json\/wp\/v2\/posts\/635358\/revisions"}],"predecessor-version":[{"id":635399,"href":"https:\/\/dicodusport.fr\/blog\/wp-json\/wp\/v2\/posts\/635358\/revisions\/635399"}],"wp:featuredmedia":[{"embeddable":true,"href":"https:\/\/dicodusport.fr\/blog\/wp-json\/wp\/v2\/media\/635360"}],"wp:attachment":[{"href":"https:\/\/dicodusport.fr\/blog\/wp-json\/wp\/v2\/media?parent=635358"}],"wp:term":[{"taxonomy":"category","embeddable":true,"href":"https:\/\/dicodusport.fr\/blog\/wp-json\/wp\/v2\/categories?post=635358"},{"taxonomy":"post_tag","embeddable":true,"href":"https:\/\/dicodusport.fr\/blog\/wp-json\/wp\/v2\/tags?post=635358"}],"curies":[{"name":"wp","href":"https:\/\/api.w.org\/{rel}","templated":true}]}}