{"id":635404,"date":"2026-01-17T09:25:36","date_gmt":"2026-01-17T08:25:36","guid":{"rendered":"https:\/\/dicodusport.fr\/blog\/?p=635404&#038;preview=true&#038;preview_id=635404"},"modified":"2026-01-17T11:56:30","modified_gmt":"2026-01-17T10:56:30","slug":"dakar-2026-motos-classement-general-mis-a-jour","status":"publish","type":"post","link":"https:\/\/dicodusport.fr\/blog\/dakar-2026-motos-classement-general-mis-a-jour\/","title":{"rendered":"Dakar 2026 Motos &#8211; Classement g\u00e9n\u00e9ral mis \u00e0 jour"},"content":{"rendered":"<p style=\"text-align: justify;\"><em><strong>Retrouvez le classement g\u00e9n\u00e9ral du Dakar 2026 dans la cat\u00e9gorie motos, qui se dispute du samedi 3 au samedi 17 janvier 2026.<\/strong><\/em><\/p>\n<ul>\n<li style=\"text-align: justify;\"><strong>\u00c0 ce sujet &#8211; <a href=\"https:\/\/dicodusport.fr\/blog\/chaine-tv-dakar-2026-ou-suivre-les-etapes-en-direct\/\">Cha\u00eene TV Dakar 2026 : O\u00f9 suivre les \u00e9tapes en direct ?<\/a><\/strong><\/li>\n<\/ul>\n<p style=\"text-align: justify;\">Le <strong>Rallye Dakar 2026<\/strong> s\u2019impose une nouvelle fois comme l\u2019\u00e9preuve reine du rallye-raid mondial. Disput\u00e9e en Arabie Saoudite du <strong>3 au 17 janvier 2026<\/strong>, cette 48\u1d49 \u00e9dition met les pilotes motos face \u00e0 un parcours exigeant, alternant dunes, pistes rapides et secteurs de navigation complexes. Jour apr\u00e8s jour, le <strong>classement g\u00e9n\u00e9ral motos<\/strong> \u00e9volue et tient en haleine les passionn\u00e9s.<\/p>\n<h2 style=\"text-align: justify;\">Une cat\u00e9gorie motos toujours spectaculaire<\/h2>\n<p style=\"text-align: justify;\">La <strong>cat\u00e9gorie motos du Dakar 2026<\/strong> se structure autour de la RallyGP, qui r\u00e9unit l\u2019\u00e9lite internationale, et de la Rally2, destin\u00e9e aux pilotes priv\u00e9s et aux talents \u00e9mergents. \u00c0 cela s\u2019ajoutent les troph\u00e9es sp\u00e9cifiques (Original, Juniors, Women). Sur un rallye aussi long, la constance prime autant que la vitesse pure, ce qui rend le classement g\u00e9n\u00e9ral particuli\u00e8rement instable.<\/p>\n<div class=\"vlp-link-container vlp-layout-article\"><a href=\"https:\/\/dicodusport.fr\/blog\/sanders-schareina-van-beveren-qui-sont-les-favoris-du-dakar-2026-en-categorie-motos\/\" class=\"vlp-link\" title=\"Sanders, Schareina, Van Beveren... Qui sont les favoris du Dakar 2026 en cat\u00e9gorie motos ?\"><\/a><div class=\"vlp-layout-zone-side\"><div class=\"vlp-block-4 vlp-link-image\"><img loading=\"lazy\" decoding=\"async\" style=\"max-width: 792px;\" width=\"792\" height=\"445\" src=\"https:\/\/dicodusport.fr\/blog\/wp-content\/uploads\/2025\/12\/Sanders-Schareina-Van-Beveren-Qui-sont-les-favoris-du-Dakar-2026-en-categorie-motos-.png\" class=\"attachment-800x445 size-800x445\" alt=\"Sanders, Schareina, Van Beveren Qui sont les favoris du Dakar 2026 en cat\u00e9gorie motos\" srcset=\"https:\/\/dicodusport.fr\/blog\/wp-content\/uploads\/2025\/12\/Sanders-Schareina-Van-Beveren-Qui-sont-les-favoris-du-Dakar-2026-en-categorie-motos-.png 1200w, https:\/\/dicodusport.fr\/blog\/wp-content\/uploads\/2025\/12\/Sanders-Schareina-Van-Beveren-Qui-sont-les-favoris-du-Dakar-2026-en-categorie-motos--300x169.png 300w, https:\/\/dicodusport.fr\/blog\/wp-content\/uploads\/2025\/12\/Sanders-Schareina-Van-Beveren-Qui-sont-les-favoris-du-Dakar-2026-en-categorie-motos--1024x575.png 1024w, https:\/\/dicodusport.fr\/blog\/wp-content\/uploads\/2025\/12\/Sanders-Schareina-Van-Beveren-Qui-sont-les-favoris-du-Dakar-2026-en-categorie-motos--768x431.png 768w\" sizes=\"auto, (max-width: 792px) 100vw, 792px\" \/><\/div><\/div><div class=\"vlp-layout-zone-main\"><div class=\"vlp-block-0 vlp-link-title\">Sanders, Schareina, Van Beveren... Qui sont les favoris du Dakar 2026 en cat\u00e9gorie motos ?<\/div><div class=\"vlp-block-1 vlp-link-summary\">DAKAR 2026 \u2013 Qui succ\u00e9dera \u00e0 Daniel Sanders, vainqueur de l\u2019\u00e9dition 2025 avec le Team Red Bull KTM\u00a0?<\/div><div class=\"vlp-block-2 vlp-link-button\">Lire l'article<\/div><div class=\"vlp-block-3 vlp-link-url\">dicodusport.fr<\/div><\/div><\/div>\n<h2 style=\"text-align: justify;\">Classement g\u00e9n\u00e9ral motos : un enjeu quotidien<\/h2>\n<p style=\"text-align: justify;\">Le <strong>classement g\u00e9n\u00e9ral du Dakar 2026 \u2013 Motos<\/strong> est \u00e9tabli par l\u2019addition des temps r\u00e9alis\u00e9s sur l\u2019ensemble des sp\u00e9ciales. Il refl\u00e8te la capacit\u00e9 des pilotes \u00e0 encha\u00eener les performances tout en \u00e9vitant les erreurs de navigation et les probl\u00e8mes m\u00e9caniques. Une avance confortable peut dispara\u00eetre en une seule \u00e9tape, faisant du classement un indicateur cl\u00e9 \u00e0 suivre chaque jour.<\/p>\n<h3 style=\"text-align: justify;\">Les favoris pour le classement g\u00e9n\u00e9ral<\/h3>\n<p style=\"text-align: justify;\">Plusieurs pilotes se d\u00e9tachent comme candidats majeurs \u00e0 la victoire finale et aux premi\u00e8res places du g\u00e9n\u00e9ral :<\/p>\n<p style=\"text-align: justify;\"><strong>Daniel Sanders (KTM) :<\/strong> tr\u00e8s rapide et solide mentalement, le tenant du titre fait figure de r\u00e9f\u00e9rence actuelle et vise clairement la victoire.<\/p>\n<p style=\"text-align: justify;\"><strong>Ricky Brabec (Honda) :<\/strong> ancien vainqueur du Dakar, son exp\u00e9rience et sa r\u00e9gularit\u00e9 en font un s\u00e9rieux pr\u00e9tendant au podium.<\/p>\n<p style=\"text-align: justify;\"><strong>Adrien Van Beveren (Honda) :<\/strong> r\u00e9put\u00e9 pour sa constance et son intelligence de course, il est souvent plac\u00e9 aux avant-postes du classement g\u00e9n\u00e9ral. Toujours chez Honda, <strong>Tosha Schareina<\/strong> sera \u00e9galement \u00e0 suivre.<\/p>\n<p style=\"text-align: justify;\"><strong>Ross Branch (Hero) :<\/strong> capable de coups d\u2019\u00e9clat, il incarne l\u2019ambition de Hero et peut bousculer la hi\u00e9rarchie.<\/p>\n<p style=\"text-align: justify;\">Autour de ces t\u00eates d\u2019affiche, d\u2019autres pilotes exp\u00e9riment\u00e9s restent \u00e0 l\u2019aff\u00fbt, pr\u00eats \u00e0 profiter de la moindre d\u00e9faillance pour grimper au g\u00e9n\u00e9ral.<\/p>\n<h2 style=\"text-align: justify;\">Classement g\u00e9n\u00e9ral motos mis \u00e0 jour<\/h2>\n<p style=\"text-align: justify;\">Tout au long de l\u2019\u00e9preuve, le <strong>classement g\u00e9n\u00e9ral Dakar 2026 Motos<\/strong> est actualis\u00e9 apr\u00e8s chaque sp\u00e9ciale. Il permet d\u2019identifier le leader du rallye, les progressions marquantes et les retournements de situation qui font la l\u00e9gende du Dakar.<\/p>\n<h2 style=\"text-align: justify;\">Classement g\u00e9n\u00e9ral motos &#8211; Dakar 2026<\/h2>\n<p style=\"text-align: justify;\"><strong><span style=\"font-size: 14px;\"><em>Classement g\u00e9n\u00e9ral mis \u00e0 jour \u00e0 l&rsquo;issue de la 13\u00e8me et derni\u00e8re \u00e9tape.<\/em><\/span><\/strong><\/p>\n<div class=\"su-table su-table-alternate\">\n<table style=\"width: 800px;border-collapse: collapse\" border=\"1\">\n<tbody>\n<tr style=\"height: 24px\">\n<td style=\"border-color: #ebebeb;height: 24px;text-align: center;width: 80px;vertical-align: middle\"><img decoding=\"async\" class=\"emoji\" role=\"img\" src=\"https:\/\/s.w.org\/images\/core\/emoji\/14.0.0\/svg\/1f3c6.svg\" alt=\"\" \/><\/td>\n<td style=\"border-color: #ebebeb;height: 24px;text-align: center;width: 500px;vertical-align: middle\"><span style=\"font-size: 0.9em\"><strong>PILOTES<\/strong><\/span><\/td>\n<td style=\"border-color: #ebebeb;height: 24px;text-align: center;width: 220px;vertical-align: middle\"><span style=\"font-size: 0.9em\"><strong>TEMPS<br \/>\n<\/strong><\/span><\/td>\n<\/tr>\n<tr style=\"height: 24px\">\n<td style=\"border-color: #ebebeb;height: 24px;text-align: center;width: 80px;vertical-align: middle\"><strong><span class=\"su-label su-label-type-warning\">1.<\/span><\/strong><\/td>\n<td style=\"border-color: #ebebeb;height: 24px;text-align: center;width: 500px;vertical-align: middle\"><span style=\"font-size: 0.9em\"><strong>\ud83c\udde6\ud83c\uddf7 Luciano BENAVIDES<\/strong><br \/>\n<span style=\"font-size: 0.8em\">RED BULL KTM FACTORY RACING<\/span><\/span><\/td>\n<td style=\"border-color: #ebebeb;text-align: center;width: 220px;vertical-align: middle\"><strong><span style=\"font-size: 0.9em\">49h00m41s<\/span><\/strong><\/td>\n<\/tr>\n<tr style=\"height: 24px\">\n<td style=\"border-color: #ebebeb;height: 24px;text-align: center;width: 80px;vertical-align: middle\"><span style=\"font-size: 0.9em\">2.<\/span><\/td>\n<td style=\"border-color: #ebebeb;text-align: center;width: 500px;vertical-align: middle\"><span style=\"font-size: 0.9em\"><strong>\ud83c\uddfa\ud83c\uddf8 Ricky BRABEC<\/strong><br \/>\n<span style=\"font-size: 0.8em\">MONSTER ENERGY HONDA HRC<\/span><\/span><\/td>\n<td style=\"border-color: #ebebeb;text-align: center;width: 220px;vertical-align: middle\"><strong><span style=\"font-size: 0.9em\">\u00e0 2s<\/span><\/strong><\/td>\n<\/tr>\n<tr>\n<td style=\"border-color: #ebebeb;text-align: center;width: 80px;vertical-align: middle\"><span style=\"font-size: 0.9em\">3.<\/span><\/td>\n<td style=\"border-color: #ebebeb;text-align: center;width: 500px;vertical-align: middle\"><span style=\"font-size: 0.9em\"><strong>\ud83c\uddea\ud83c\uddf8 Tosha SCHAREINA<br \/>\n<\/strong><span style=\"font-size: 0.8em\">MONSTER ENERGY HONDA HRC<\/span><\/span><\/td>\n<td style=\"border-color: #ebebeb;text-align: center;width: 220px;vertical-align: middle\"><strong><span style=\"font-size: 0.9em\">\u00e0 25m12s<\/span><\/strong><\/td>\n<\/tr>\n<tr>\n<td style=\"border-color: #ebebeb;text-align: center;width: 80px;vertical-align: middle\"><span style=\"font-size: 0.9em\">4.<\/span><\/td>\n<td style=\"border-color: #ebebeb;height: 24px;text-align: center;width: 500px;vertical-align: middle\"><span style=\"font-size: 0.9em\"><strong>\ud83c\uddfa\ud83c\uddf8 Skyler HOWES<\/strong><br \/>\n<span style=\"font-size: 0.8em\">MONSTER ENERGY HONDA HRC<\/span><\/span><\/td>\n<td style=\"border-color: #ebebeb;text-align: center;width: 220px;vertical-align: middle\"><strong><span style=\"font-size: 0.9em\">\u00e0 56m41s<\/span><\/strong><\/td>\n<\/tr>\n<tr>\n<td style=\"border-color: #ebebeb;text-align: center;width: 80px;vertical-align: middle\"><span style=\"font-size: 0.9em\">5.<\/span><\/td>\n<td style=\"border-color: #ebebeb;text-align: center;width: 500px;vertical-align: middle\"><span style=\"font-size: 0.9em\"><strong>\ud83c\udde6\ud83c\uddfa Daniel SANDERS<\/strong><br \/>\n<span style=\"font-size: 0.8em\">RED BULL KTM FACTORY RACING<\/span><\/span><\/td>\n<td style=\"border-color: #ebebeb;text-align: center;width: 220px;vertical-align: middle\"><strong><span style=\"font-size: 0.9em\">\u00e0 1h03m15s<\/span><\/strong><\/td>\n<\/tr>\n<tr>\n<td style=\"border-color: #ebebeb;text-align: center;width: 80px;vertical-align: middle\"><span style=\"font-size: 0.9em\">6.<\/span><\/td>\n<td style=\"border-color: #ebebeb;text-align: center;width: 500px;vertical-align: middle\"><span style=\"font-size: 0.9em\"><strong>\ud83c\uddeb\ud83c\uddf7 Adrien VAN BEVEREN<\/strong><br \/>\n<span style=\"font-size: 0.8em\">MONSTER ENERGY HONDA HRC<\/span><\/span><\/td>\n<td style=\"border-color: #ebebeb;text-align: center;width: 220px;vertical-align: middle\"><strong><span style=\"font-size: 0.9em\">\u00e0 1h04m46s<\/span><\/strong><\/td>\n<\/tr>\n<tr>\n<td style=\"border-color: #ebebeb;text-align: center;width: 80px;vertical-align: middle\"><span style=\"font-size: 0.9em\">7<\/span><span style=\"font-size: 0.9em\">.<\/span><\/td>\n<td style=\"border-color: #ebebeb;text-align: center;width: 500px;vertical-align: middle\"><span style=\"font-size: 0.9em\"><strong>\ud83c\udde8\ud83c\uddf1 Ignacio CORNEJO<\/strong><br \/>\n<span style=\"font-size: 0.8em\">HERO MOTOSPORTS TEAM RALLY<\/span><\/span><\/td>\n<td style=\"border-color: #ebebeb;text-align: center;width: 220px;vertical-align: middle\"><strong><span style=\"font-size: 0.9em\">\u00e0 1h39m50s<\/span><\/strong><\/td>\n<\/tr>\n<tr>\n<td style=\"border-color: #ebebeb;text-align: center;width: 80px;vertical-align: middle\"><span style=\"font-size: 0.9em\">8.<\/span><\/td>\n<td style=\"border-color: #ebebeb;text-align: center;width: 500px;vertical-align: middle\"><span style=\"font-size: 0.9em\"><strong>\ud83c\udde7\ud83c\uddfc Ross BRANCH<\/strong><br \/>\n<span style=\"font-size: 0.8em\">HERO MOTOSPORTS TEAM RALLY<\/span><\/span><\/td>\n<td style=\"border-color: #ebebeb;text-align: center;width: 220px;vertical-align: middle\"><strong><span style=\"font-size: 0.9em\">\u00e0 2h49m15s<\/span><\/strong><\/td>\n<\/tr>\n<tr>\n<td style=\"border-color: #ebebeb;text-align: center;width: 80px;vertical-align: middle\"><span style=\"font-size: 0.9em\">9.<\/span><\/td>\n<td style=\"border-color: #ebebeb;text-align: center;width: 500px;vertical-align: middle\"><span style=\"font-size: 0.9em\"><strong>\ud83c\uddf8\ud83c\uddee Toni MULEC<\/strong><br \/>\n<span style=\"font-size: 0.8em\">BAS WORLD KTM TEAM<\/span><\/span><\/td>\n<td style=\"border-color: #ebebeb;text-align: center;width: 220px;vertical-align: middle\"><strong><span style=\"font-size: 0.9em\">\u00e0 2h57m18s<\/span><\/strong><\/td>\n<\/tr>\n<tr>\n<td style=\"border-color: #ebebeb;text-align: center;width: 80px;vertical-align: middle\"><span style=\"font-size: 0.9em\">10.<\/span><\/td>\n<td style=\"border-color: #ebebeb;text-align: center;width: 500px;vertical-align: middle\"><span style=\"font-size: 0.9em\"><strong>\ud83c\uddfa\ud83c\uddf8 Preston CAMPBELL<\/strong><br \/>\n<span style=\"font-size: 0.8em\">MONSTER ENERGY HONDA HRC<\/span><\/span><\/td>\n<td style=\"border-color: #ebebeb;text-align: center;width: 220px;vertical-align: middle\"><strong><span style=\"font-size: 0.9em\">\u00e0 3h01m55s<\/span><\/strong><\/td>\n<\/tr>\n<\/tbody>\n<\/table>\n<\/div>\n<ul>\n<li style=\"text-align: justify;\"><a href=\"https:\/\/www.dakar.com\/fr\/classements\"><strong>Dakar 2026 &#8211; Motos : le classement g\u00e9n\u00e9ral<\/strong><\/a><strong><br \/>\n<\/strong><\/li>\n<\/ul>\n","protected":false},"excerpt":{"rendered":"<p>Retrouvez le classement g\u00e9n\u00e9ral du Dakar 2026 dans la cat\u00e9gorie motos, qui se dispute du samedi 3 au samedi 17 janvier 2026.<\/p>\n","protected":false},"author":4,"featured_media":635406,"comment_status":"open","ping_status":"closed","sticky":false,"template":"","format":"standard","meta":{"_acf_changed":false,"_daextam_enable_autolinks":"1","footnotes":""},"categories":[9493],"tags":[16878,2736],"class_list":["post-635404","post","type-post","status-publish","format-standard","has-post-thumbnail","hentry","category-dakar","tag-breve","tag-dakar"],"acf":[],"yoast_head":"<!-- This site is optimized with the Yoast SEO Premium plugin v26.7 (Yoast SEO v26.7) - https:\/\/yoast.com\/wordpress\/plugins\/seo\/ -->\n<title>Dakar 2026 Motos - Classement g\u00e9n\u00e9ral mis \u00e0 jour<\/title>\n<meta name=\"description\" content=\"Retrouvez le classement g\u00e9n\u00e9ral du Dakar 2026 dans la cat\u00e9gorie motos, qui se dispute du samedi 3 au samedi 17 janvier 2026.\" \/>\n<meta name=\"robots\" content=\"index, follow, max-snippet:-1, max-image-preview:large, max-video-preview:-1\" \/>\n<link rel=\"canonical\" href=\"https:\/\/dicodusport.fr\/blog\/dakar-2026-motos-classement-general-mis-a-jour\/\" \/>\n<meta property=\"og:locale\" content=\"fr_FR\" \/>\n<meta property=\"og:type\" content=\"article\" \/>\n<meta property=\"og:title\" content=\"Dakar 2026 Motos - Classement g\u00e9n\u00e9ral mis \u00e0 jour\" \/>\n<meta property=\"og:description\" content=\"Retrouvez le classement g\u00e9n\u00e9ral du Dakar 2026 dans la cat\u00e9gorie motos, qui se dispute du samedi 3 au samedi 17 janvier 2026.\" \/>\n<meta property=\"og:url\" content=\"https:\/\/dicodusport.fr\/blog\/dakar-2026-motos-classement-general-mis-a-jour\/\" \/>\n<meta property=\"og:site_name\" content=\"Dicodusport\" \/>\n<meta property=\"article:publisher\" content=\"https:\/\/www.facebook.com\/dicodusport\" \/>\n<meta property=\"article:author\" content=\"https:\/\/www.facebook.com\/florent.ostermann\" \/>\n<meta property=\"article:published_time\" content=\"2026-01-17T08:25:36+00:00\" \/>\n<meta property=\"article:modified_time\" content=\"2026-01-17T10:56:30+00:00\" \/>\n<meta property=\"og:image\" content=\"https:\/\/dicodusport.fr\/blog\/wp-content\/uploads\/2026\/01\/Dakar-2026-Motos-Classement-general-mis-a-jour.png\" \/>\n\t<meta property=\"og:image:width\" content=\"1200\" \/>\n\t<meta property=\"og:image:height\" content=\"674\" \/>\n\t<meta property=\"og:image:type\" content=\"image\/png\" \/>\n<meta name=\"author\" content=\"Flo Ostermann\" \/>\n<meta name=\"twitter:card\" content=\"summary_large_image\" \/>\n<meta name=\"twitter:title\" content=\"Dakar 2026 Motos - Classement g\u00e9n\u00e9ral mis \u00e0 jour\" \/>\n<meta name=\"twitter:creator\" content=\"@https:\/\/twitter.com\/FlOstermann\" \/>\n<meta name=\"twitter:site\" content=\"@dicodusport\" \/>\n<script type=\"application\/ld+json\" class=\"yoast-schema-graph\">{\"@context\":\"https:\/\/schema.org\",\"@graph\":[{\"@type\":\"NewsArticle\",\"@id\":\"https:\/\/dicodusport.fr\/blog\/dakar-2026-motos-classement-general-mis-a-jour\/#article\",\"isPartOf\":{\"@id\":\"https:\/\/dicodusport.fr\/blog\/dakar-2026-motos-classement-general-mis-a-jour\/\"},\"author\":{\"name\":\"Flo Ostermann\",\"@id\":\"https:\/\/dicodusport.fr\/blog\/#\/schema\/person\/cb02af4c173ce4a653b55e9baf388d4a\"},\"headline\":\"Dakar 2026 Motos &#8211; Classement g\u00e9n\u00e9ral mis \u00e0 jour\",\"datePublished\":\"2026-01-17T08:25:36+00:00\",\"dateModified\":\"2026-01-17T10:56:30+00:00\",\"mainEntityOfPage\":{\"@id\":\"https:\/\/dicodusport.fr\/blog\/dakar-2026-motos-classement-general-mis-a-jour\/\"},\"wordCount\":670,\"commentCount\":0,\"publisher\":{\"@id\":\"https:\/\/dicodusport.fr\/blog\/#organization\"},\"image\":{\"@id\":\"https:\/\/dicodusport.fr\/blog\/dakar-2026-motos-classement-general-mis-a-jour\/#primaryimage\"},\"thumbnailUrl\":\"https:\/\/dicodusport.fr\/blog\/wp-content\/uploads\/2026\/01\/Dakar-2026-Motos-Classement-general-mis-a-jour.png\",\"keywords\":[\"br\u00e8ve\",\"dakar\"],\"articleSection\":[\"Dakar\"],\"inLanguage\":\"fr-FR\",\"potentialAction\":[{\"@type\":\"CommentAction\",\"name\":\"Comment\",\"target\":[\"https:\/\/dicodusport.fr\/blog\/dakar-2026-motos-classement-general-mis-a-jour\/#respond\"]}],\"copyrightYear\":\"2026\",\"copyrightHolder\":{\"@id\":\"https:\/\/dicodusport.fr\/blog\/#organization\"}},{\"@type\":\"WebPage\",\"@id\":\"https:\/\/dicodusport.fr\/blog\/dakar-2026-motos-classement-general-mis-a-jour\/\",\"url\":\"https:\/\/dicodusport.fr\/blog\/dakar-2026-motos-classement-general-mis-a-jour\/\",\"name\":\"Dakar 2026 Motos - Classement g\u00e9n\u00e9ral mis \u00e0 jour\",\"isPartOf\":{\"@id\":\"https:\/\/dicodusport.fr\/blog\/#website\"},\"primaryImageOfPage\":{\"@id\":\"https:\/\/dicodusport.fr\/blog\/dakar-2026-motos-classement-general-mis-a-jour\/#primaryimage\"},\"image\":{\"@id\":\"https:\/\/dicodusport.fr\/blog\/dakar-2026-motos-classement-general-mis-a-jour\/#primaryimage\"},\"thumbnailUrl\":\"https:\/\/dicodusport.fr\/blog\/wp-content\/uploads\/2026\/01\/Dakar-2026-Motos-Classement-general-mis-a-jour.png\",\"datePublished\":\"2026-01-17T08:25:36+00:00\",\"dateModified\":\"2026-01-17T10:56:30+00:00\",\"description\":\"Retrouvez le classement g\u00e9n\u00e9ral du Dakar 2026 dans la cat\u00e9gorie motos, qui se dispute du samedi 3 au samedi 17 janvier 2026.\",\"breadcrumb\":{\"@id\":\"https:\/\/dicodusport.fr\/blog\/dakar-2026-motos-classement-general-mis-a-jour\/#breadcrumb\"},\"inLanguage\":\"fr-FR\",\"potentialAction\":[{\"@type\":\"ReadAction\",\"target\":[\"https:\/\/dicodusport.fr\/blog\/dakar-2026-motos-classement-general-mis-a-jour\/\"]}]},{\"@type\":\"ImageObject\",\"inLanguage\":\"fr-FR\",\"@id\":\"https:\/\/dicodusport.fr\/blog\/dakar-2026-motos-classement-general-mis-a-jour\/#primaryimage\",\"url\":\"https:\/\/dicodusport.fr\/blog\/wp-content\/uploads\/2026\/01\/Dakar-2026-Motos-Classement-general-mis-a-jour.png\",\"contentUrl\":\"https:\/\/dicodusport.fr\/blog\/wp-content\/uploads\/2026\/01\/Dakar-2026-Motos-Classement-general-mis-a-jour.png\",\"width\":1200,\"height\":674,\"caption\":\"Dakar 2026 Motos - Classement g\u00e9n\u00e9ral mis \u00e0 jour\"},{\"@type\":\"BreadcrumbList\",\"@id\":\"https:\/\/dicodusport.fr\/blog\/dakar-2026-motos-classement-general-mis-a-jour\/#breadcrumb\",\"itemListElement\":[{\"@type\":\"ListItem\",\"position\":1,\"name\":\"Accueil\",\"item\":\"https:\/\/dicodusport.fr\/blog\/\"},{\"@type\":\"ListItem\",\"position\":2,\"name\":\"Dakar 2026 Motos &#8211; Classement g\u00e9n\u00e9ral mis \u00e0 jour\"}]},{\"@type\":\"WebSite\",\"@id\":\"https:\/\/dicodusport.fr\/blog\/#website\",\"url\":\"https:\/\/dicodusport.fr\/blog\/\",\"name\":\"Dicodusport\",\"description\":\"L&#039;encyclop\u00e9die de l&#039;actualit\u00e9 sportive\",\"publisher\":{\"@id\":\"https:\/\/dicodusport.fr\/blog\/#organization\"},\"potentialAction\":[{\"@type\":\"SearchAction\",\"target\":{\"@type\":\"EntryPoint\",\"urlTemplate\":\"https:\/\/dicodusport.fr\/blog\/?s={search_term_string}\"},\"query-input\":{\"@type\":\"PropertyValueSpecification\",\"valueRequired\":true,\"valueName\":\"search_term_string\"}}],\"inLanguage\":\"fr-FR\"},{\"@type\":\"NewsMediaOrganization\",\"@id\":\"https:\/\/dicodusport.fr\/blog\/#organization\",\"name\":\"Dicodusport\",\"url\":\"https:\/\/dicodusport.fr\/blog\/\",\"logo\":{\"@type\":\"ImageObject\",\"inLanguage\":\"fr-FR\",\"@id\":\"https:\/\/dicodusport.fr\/blog\/#\/schema\/logo\/image\/\",\"url\":\"https:\/\/dicodusport.fr\/blog\/wp-content\/uploads\/2020\/06\/cropped-LOGO-DICODUSPORT-2020-SANS-FOND-SANS-TEXTE.png\",\"contentUrl\":\"https:\/\/dicodusport.fr\/blog\/wp-content\/uploads\/2020\/06\/cropped-LOGO-DICODUSPORT-2020-SANS-FOND-SANS-TEXTE.png\",\"width\":512,\"height\":512,\"caption\":\"Dicodusport\"},\"image\":{\"@id\":\"https:\/\/dicodusport.fr\/blog\/#\/schema\/logo\/image\/\"},\"sameAs\":[\"https:\/\/www.facebook.com\/dicodusport\",\"https:\/\/x.com\/dicodusport\",\"https:\/\/www.instagram.com\/dicodusport\/\",\"https:\/\/www.youtube.com\/channel\/UC7V2KZ5sd3htJivAbA4ZG3w\"],\"description\":\"Dicodusport est l'encyclop\u00e9die de l'actualit\u00e9 sportive.\",\"email\":\"bonjour@dicodusport.fr\",\"legalName\":\"DICODUSPORT\",\"foundingDate\":\"2018-01-14\",\"vatID\":\"FR71834470973\",\"taxID\":\"83447097300043\",\"numberOfEmployees\":{\"@type\":\"QuantitativeValue\",\"minValue\":\"1\",\"maxValue\":\"10\"}},{\"@type\":\"Person\",\"@id\":\"https:\/\/dicodusport.fr\/blog\/#\/schema\/person\/cb02af4c173ce4a653b55e9baf388d4a\",\"name\":\"Flo Ostermann\",\"image\":{\"@type\":\"ImageObject\",\"inLanguage\":\"fr-FR\",\"@id\":\"https:\/\/dicodusport.fr\/blog\/#\/schema\/person\/image\/\",\"url\":\"https:\/\/dicodusport.fr\/blog\/wp-content\/uploads\/2021\/05\/Flo-Ostermann-150x150.jpg\",\"contentUrl\":\"https:\/\/dicodusport.fr\/blog\/wp-content\/uploads\/2021\/05\/Flo-Ostermann-150x150.jpg\",\"caption\":\"Flo Ostermann\"},\"description\":\"Journaliste\/R\u00e9dacteur depuis septembre 2015 - Mes premiers souvenirs dans le sport ? Les envol\u00e9es du Stade Toulousain et les duels Villeneuve-Schumacher et H\u00e4kkinen-Schumacher \u00e0 la fin des ann\u00e9es 90, la Coupe du monde de football en 1998, l\u2019exploit du XV de France face aux All Blacks en 1999, mais aussi Richard C\u0153ur de Lion qui vole sur les montagnes du Tour de France. Bien parti pour devenir professeur d\u2019EPS, les \u00e9v\u00e9nements de la vie (et la flemme d\u2019animer des s\u00e9ances de 3x500 m\u00e8tres toute ma vie) m\u2019ont conduit \u00e0 revoir mes plans. Me voil\u00e0 depuis fin 2017 sur Dicodusport, m\u00e9dia gr\u00e2ce (et pour) lequel je partage ma passion : le sport dans tous ses \u00e9tats. Le tout accompagn\u00e9 par les fous furieux et folles furieuses cit\u00e9s sur cette page !\",\"sameAs\":[\"https:\/\/www.facebook.com\/florent.ostermann\",\"https:\/\/x.com\/https:\/\/twitter.com\/FlOstermann\",\"admin\"],\"url\":\"https:\/\/dicodusport.fr\/blog\/author\/flo\/\"}]}<\/script>\n<!-- \/ Yoast SEO Premium plugin. -->","yoast_head_json":{"title":"Dakar 2026 Motos - Classement g\u00e9n\u00e9ral mis \u00e0 jour","description":"Retrouvez le classement g\u00e9n\u00e9ral du Dakar 2026 dans la cat\u00e9gorie motos, qui se dispute du samedi 3 au samedi 17 janvier 2026.","robots":{"index":"index","follow":"follow","max-snippet":"max-snippet:-1","max-image-preview":"max-image-preview:large","max-video-preview":"max-video-preview:-1"},"canonical":"https:\/\/dicodusport.fr\/blog\/dakar-2026-motos-classement-general-mis-a-jour\/","og_locale":"fr_FR","og_type":"article","og_title":"Dakar 2026 Motos - Classement g\u00e9n\u00e9ral mis \u00e0 jour","og_description":"Retrouvez le classement g\u00e9n\u00e9ral du Dakar 2026 dans la cat\u00e9gorie motos, qui se dispute du samedi 3 au samedi 17 janvier 2026.","og_url":"https:\/\/dicodusport.fr\/blog\/dakar-2026-motos-classement-general-mis-a-jour\/","og_site_name":"Dicodusport","article_publisher":"https:\/\/www.facebook.com\/dicodusport","article_author":"https:\/\/www.facebook.com\/florent.ostermann","article_published_time":"2026-01-17T08:25:36+00:00","article_modified_time":"2026-01-17T10:56:30+00:00","og_image":[{"width":1200,"height":674,"url":"https:\/\/dicodusport.fr\/blog\/wp-content\/uploads\/2026\/01\/Dakar-2026-Motos-Classement-general-mis-a-jour.png","type":"image\/png"}],"author":"Flo Ostermann","twitter_card":"summary_large_image","twitter_title":"Dakar 2026 Motos - Classement g\u00e9n\u00e9ral mis \u00e0 jour","twitter_creator":"@https:\/\/twitter.com\/FlOstermann","twitter_site":"@dicodusport","schema":{"@context":"https:\/\/schema.org","@graph":[{"@type":"NewsArticle","@id":"https:\/\/dicodusport.fr\/blog\/dakar-2026-motos-classement-general-mis-a-jour\/#article","isPartOf":{"@id":"https:\/\/dicodusport.fr\/blog\/dakar-2026-motos-classement-general-mis-a-jour\/"},"author":{"name":"Flo Ostermann","@id":"https:\/\/dicodusport.fr\/blog\/#\/schema\/person\/cb02af4c173ce4a653b55e9baf388d4a"},"headline":"Dakar 2026 Motos &#8211; Classement g\u00e9n\u00e9ral mis \u00e0 jour","datePublished":"2026-01-17T08:25:36+00:00","dateModified":"2026-01-17T10:56:30+00:00","mainEntityOfPage":{"@id":"https:\/\/dicodusport.fr\/blog\/dakar-2026-motos-classement-general-mis-a-jour\/"},"wordCount":670,"commentCount":0,"publisher":{"@id":"https:\/\/dicodusport.fr\/blog\/#organization"},"image":{"@id":"https:\/\/dicodusport.fr\/blog\/dakar-2026-motos-classement-general-mis-a-jour\/#primaryimage"},"thumbnailUrl":"https:\/\/dicodusport.fr\/blog\/wp-content\/uploads\/2026\/01\/Dakar-2026-Motos-Classement-general-mis-a-jour.png","keywords":["br\u00e8ve","dakar"],"articleSection":["Dakar"],"inLanguage":"fr-FR","potentialAction":[{"@type":"CommentAction","name":"Comment","target":["https:\/\/dicodusport.fr\/blog\/dakar-2026-motos-classement-general-mis-a-jour\/#respond"]}],"copyrightYear":"2026","copyrightHolder":{"@id":"https:\/\/dicodusport.fr\/blog\/#organization"}},{"@type":"WebPage","@id":"https:\/\/dicodusport.fr\/blog\/dakar-2026-motos-classement-general-mis-a-jour\/","url":"https:\/\/dicodusport.fr\/blog\/dakar-2026-motos-classement-general-mis-a-jour\/","name":"Dakar 2026 Motos - Classement g\u00e9n\u00e9ral mis \u00e0 jour","isPartOf":{"@id":"https:\/\/dicodusport.fr\/blog\/#website"},"primaryImageOfPage":{"@id":"https:\/\/dicodusport.fr\/blog\/dakar-2026-motos-classement-general-mis-a-jour\/#primaryimage"},"image":{"@id":"https:\/\/dicodusport.fr\/blog\/dakar-2026-motos-classement-general-mis-a-jour\/#primaryimage"},"thumbnailUrl":"https:\/\/dicodusport.fr\/blog\/wp-content\/uploads\/2026\/01\/Dakar-2026-Motos-Classement-general-mis-a-jour.png","datePublished":"2026-01-17T08:25:36+00:00","dateModified":"2026-01-17T10:56:30+00:00","description":"Retrouvez le classement g\u00e9n\u00e9ral du Dakar 2026 dans la cat\u00e9gorie motos, qui se dispute du samedi 3 au samedi 17 janvier 2026.","breadcrumb":{"@id":"https:\/\/dicodusport.fr\/blog\/dakar-2026-motos-classement-general-mis-a-jour\/#breadcrumb"},"inLanguage":"fr-FR","potentialAction":[{"@type":"ReadAction","target":["https:\/\/dicodusport.fr\/blog\/dakar-2026-motos-classement-general-mis-a-jour\/"]}]},{"@type":"ImageObject","inLanguage":"fr-FR","@id":"https:\/\/dicodusport.fr\/blog\/dakar-2026-motos-classement-general-mis-a-jour\/#primaryimage","url":"https:\/\/dicodusport.fr\/blog\/wp-content\/uploads\/2026\/01\/Dakar-2026-Motos-Classement-general-mis-a-jour.png","contentUrl":"https:\/\/dicodusport.fr\/blog\/wp-content\/uploads\/2026\/01\/Dakar-2026-Motos-Classement-general-mis-a-jour.png","width":1200,"height":674,"caption":"Dakar 2026 Motos - Classement g\u00e9n\u00e9ral mis \u00e0 jour"},{"@type":"BreadcrumbList","@id":"https:\/\/dicodusport.fr\/blog\/dakar-2026-motos-classement-general-mis-a-jour\/#breadcrumb","itemListElement":[{"@type":"ListItem","position":1,"name":"Accueil","item":"https:\/\/dicodusport.fr\/blog\/"},{"@type":"ListItem","position":2,"name":"Dakar 2026 Motos &#8211; Classement g\u00e9n\u00e9ral mis \u00e0 jour"}]},{"@type":"WebSite","@id":"https:\/\/dicodusport.fr\/blog\/#website","url":"https:\/\/dicodusport.fr\/blog\/","name":"Dicodusport","description":"L&#039;encyclop\u00e9die de l&#039;actualit\u00e9 sportive","publisher":{"@id":"https:\/\/dicodusport.fr\/blog\/#organization"},"potentialAction":[{"@type":"SearchAction","target":{"@type":"EntryPoint","urlTemplate":"https:\/\/dicodusport.fr\/blog\/?s={search_term_string}"},"query-input":{"@type":"PropertyValueSpecification","valueRequired":true,"valueName":"search_term_string"}}],"inLanguage":"fr-FR"},{"@type":"NewsMediaOrganization","@id":"https:\/\/dicodusport.fr\/blog\/#organization","name":"Dicodusport","url":"https:\/\/dicodusport.fr\/blog\/","logo":{"@type":"ImageObject","inLanguage":"fr-FR","@id":"https:\/\/dicodusport.fr\/blog\/#\/schema\/logo\/image\/","url":"https:\/\/dicodusport.fr\/blog\/wp-content\/uploads\/2020\/06\/cropped-LOGO-DICODUSPORT-2020-SANS-FOND-SANS-TEXTE.png","contentUrl":"https:\/\/dicodusport.fr\/blog\/wp-content\/uploads\/2020\/06\/cropped-LOGO-DICODUSPORT-2020-SANS-FOND-SANS-TEXTE.png","width":512,"height":512,"caption":"Dicodusport"},"image":{"@id":"https:\/\/dicodusport.fr\/blog\/#\/schema\/logo\/image\/"},"sameAs":["https:\/\/www.facebook.com\/dicodusport","https:\/\/x.com\/dicodusport","https:\/\/www.instagram.com\/dicodusport\/","https:\/\/www.youtube.com\/channel\/UC7V2KZ5sd3htJivAbA4ZG3w"],"description":"Dicodusport est l'encyclop\u00e9die de l'actualit\u00e9 sportive.","email":"bonjour@dicodusport.fr","legalName":"DICODUSPORT","foundingDate":"2018-01-14","vatID":"FR71834470973","taxID":"83447097300043","numberOfEmployees":{"@type":"QuantitativeValue","minValue":"1","maxValue":"10"}},{"@type":"Person","@id":"https:\/\/dicodusport.fr\/blog\/#\/schema\/person\/cb02af4c173ce4a653b55e9baf388d4a","name":"Flo Ostermann","image":{"@type":"ImageObject","inLanguage":"fr-FR","@id":"https:\/\/dicodusport.fr\/blog\/#\/schema\/person\/image\/","url":"https:\/\/dicodusport.fr\/blog\/wp-content\/uploads\/2021\/05\/Flo-Ostermann-150x150.jpg","contentUrl":"https:\/\/dicodusport.fr\/blog\/wp-content\/uploads\/2021\/05\/Flo-Ostermann-150x150.jpg","caption":"Flo Ostermann"},"description":"Journaliste\/R\u00e9dacteur depuis septembre 2015 - Mes premiers souvenirs dans le sport ? Les envol\u00e9es du Stade Toulousain et les duels Villeneuve-Schumacher et H\u00e4kkinen-Schumacher \u00e0 la fin des ann\u00e9es 90, la Coupe du monde de football en 1998, l\u2019exploit du XV de France face aux All Blacks en 1999, mais aussi Richard C\u0153ur de Lion qui vole sur les montagnes du Tour de France. Bien parti pour devenir professeur d\u2019EPS, les \u00e9v\u00e9nements de la vie (et la flemme d\u2019animer des s\u00e9ances de 3x500 m\u00e8tres toute ma vie) m\u2019ont conduit \u00e0 revoir mes plans. Me voil\u00e0 depuis fin 2017 sur Dicodusport, m\u00e9dia gr\u00e2ce (et pour) lequel je partage ma passion : le sport dans tous ses \u00e9tats. Le tout accompagn\u00e9 par les fous furieux et folles furieuses cit\u00e9s sur cette page !","sameAs":["https:\/\/www.facebook.com\/florent.ostermann","https:\/\/x.com\/https:\/\/twitter.com\/FlOstermann","admin"],"url":"https:\/\/dicodusport.fr\/blog\/author\/flo\/"}]}},"_links":{"self":[{"href":"https:\/\/dicodusport.fr\/blog\/wp-json\/wp\/v2\/posts\/635404","targetHints":{"allow":["GET"]}}],"collection":[{"href":"https:\/\/dicodusport.fr\/blog\/wp-json\/wp\/v2\/posts"}],"about":[{"href":"https:\/\/dicodusport.fr\/blog\/wp-json\/wp\/v2\/types\/post"}],"author":[{"embeddable":true,"href":"https:\/\/dicodusport.fr\/blog\/wp-json\/wp\/v2\/users\/4"}],"replies":[{"embeddable":true,"href":"https:\/\/dicodusport.fr\/blog\/wp-json\/wp\/v2\/comments?post=635404"}],"version-history":[{"count":7,"href":"https:\/\/dicodusport.fr\/blog\/wp-json\/wp\/v2\/posts\/635404\/revisions"}],"predecessor-version":[{"id":638990,"href":"https:\/\/dicodusport.fr\/blog\/wp-json\/wp\/v2\/posts\/635404\/revisions\/638990"}],"wp:featuredmedia":[{"embeddable":true,"href":"https:\/\/dicodusport.fr\/blog\/wp-json\/wp\/v2\/media\/635406"}],"wp:attachment":[{"href":"https:\/\/dicodusport.fr\/blog\/wp-json\/wp\/v2\/media?parent=635404"}],"wp:term":[{"taxonomy":"category","embeddable":true,"href":"https:\/\/dicodusport.fr\/blog\/wp-json\/wp\/v2\/categories?post=635404"},{"taxonomy":"post_tag","embeddable":true,"href":"https:\/\/dicodusport.fr\/blog\/wp-json\/wp\/v2\/tags?post=635404"}],"curies":[{"name":"wp","href":"https:\/\/api.w.org\/{rel}","templated":true}]}}