{"id":635420,"date":"2026-01-02T22:56:24","date_gmt":"2026-01-02T21:56:24","guid":{"rendered":"https:\/\/dicodusport.fr\/blog\/?p=635420&#038;preview=true&#038;preview_id=635420"},"modified":"2026-01-02T22:56:24","modified_gmt":"2026-01-02T21:56:24","slug":"coup-dur-pour-wout-van-aert-touche-a-la-cheville-le-belge-contraint-de-mettre-un-terme-a-sa-saison-de-cyclo-cross","status":"publish","type":"post","link":"https:\/\/dicodusport.fr\/blog\/coup-dur-pour-wout-van-aert-touche-a-la-cheville-le-belge-contraint-de-mettre-un-terme-a-sa-saison-de-cyclo-cross\/","title":{"rendered":"Coup dur pour Wout Van Aert : Touch\u00e9 \u00e0 la cheville, le Belge contraint de mettre un terme \u00e0 sa saison de cyclo-cross"},"content":{"rendered":"<p style=\"text-align: justify;\"><strong><em>CYCLO-CROSS &#8211; Touch\u00e9 \u00e0 la cheville lors de l&rsquo;Exact Cross de Mol ce vendredi, Wout Van Aert ne remontera pas sur un v\u00e9lo cet hiver.<\/em><\/strong><\/p>\n<ul>\n<li><strong>\u00c0 lire aussi &#8211; <a href=\"https:\/\/dicodusport.fr\/blog\/cyclo-cross-coupe-du-monde-2025-2026-calendrier-complet-dates-et-horaires\/\">Cyclo-cross Coupe du monde 2025-2026 \u2013 Calendrier complet, dates et horaires<\/a><\/strong><\/li>\n<\/ul>\n<p style=\"text-align: justify;\">Et s&rsquo;il s&rsquo;agissait d\u00e9j\u00e0 de l&rsquo;\u00e9preuve de <strong>cyclo-cross<\/strong> la plus folle de l&rsquo;hiver ? Ce vendredi apr\u00e8s-midi, les \u00e9l\u00e9ments se sont d\u00e9cha\u00een\u00e9s lors de l&rsquo;<strong>Exact Cross<\/strong> disput\u00e9 au nord des Flandres, \u00e0 <strong>Mol<\/strong>. Sous une neige intense et continue, <strong>Mathieu van der Poel<\/strong> s&rsquo;est impos\u00e9 en terminant totalement frigorifi\u00e9 \u00e0 l&rsquo;issue d&rsquo;une course dantesque.<\/p>\n<h2>Wout Van Aert victime d&rsquo;une <em>\u00ab\u00a0petite fracture\u00a0\u00bb<\/em><\/h2>\n<p style=\"text-align: justify;\">Longtemps pourtant, la victoire du N\u00e9erlandais ne semblait pas \u00e9vidente en raison de la belle forme affich\u00e9e par<strong> Wout Van Aert<\/strong>. Dans une \u00e9preuve o\u00f9 tous les principaux favoris ont connu \u00e0 minima une chute, le Belge n&rsquo;a pas \u00e9t\u00e9 \u00e9pargn\u00e9. Si une premi\u00e8re galipette a \u00e9t\u00e9 sans cons\u00e9quence, la deuxi\u00e8me intervenue dans le 6\u00e8me tour a \u00e9t\u00e9 fatale, entrainant son abandon. Les images n&rsquo;\u00e9taient alors pas rassurantes, sa cheville ayant clairement tourn\u00e9 au moment de l&rsquo;impact.<\/p>\n<p style=\"text-align: justify;\">Le pire \u00e9tait donc craint pour la suite de son hiver. Ces craintes n&rsquo;ont pas tard\u00e9 \u00e0 \u00eatre confirm\u00e9es puisque dans la soir\u00e9e, la formation <strong>Visma Lease a bike<\/strong> a annonc\u00e9 que son coureur souffrait d&rsquo;une <em>\u00ab\u00a0<strong>petite fracture\u00a0\u00bb<\/strong><\/em><strong> de la cheville<\/strong> n\u00e9cessitant une op\u00e9ration. En cons\u00e9quence, <em>\u00ab\u00a0cela signifie que sa <strong>saison de cyclo-cross est termin\u00e9e<\/strong>\u00ab\u00a0<\/em>.<\/p>\n<ul>\n<li><strong>\u00c0 ce sujet &#8211; <a href=\"https:\/\/dicodusport.fr\/blog\/wout-van-aert-revient-au-cyclo-cross-plusieurs-duels-avec-mathieu-van-der-poel-a-venir\/\">Wout Van Aert revient au cyclo-cross : plusieurs duels avec Mathieu van der Poel \u00e0 venir<\/a><\/strong><\/li>\n<\/ul>\n<p style=\"text-align: justify;\"><strong>Wout Van Aert<\/strong> avait pr\u00e9vu de s&rsquo;aligner \u00e0 <strong>Zonhoven<\/strong> dimanche, mais aussi aux <strong>championnats de Belgique<\/strong> le weekend prochain. Par ailleurs, une participation aux <strong>Mondiaux<\/strong> \u00e9tait \u00e9galement en suspens. Mais d\u00e9sormais, tout cela est de l&rsquo;histoire ancienne, et le coureur belge va se concentrer sur sa r\u00e9cup\u00e9ration avant de se projeter sur la saison sur route.<\/p>\n<blockquote class=\"twitter-tweet\">\n<p dir=\"ltr\" lang=\"en\">After his crash in the cyclocross race in Mol, Wout van Aert sprained his ankle and sustained a small fracture. He will undergo surgery on Saturday, after which he will focus on his recovery. Unfortunately, this means his cyclocross season is over.<\/p>\n<p>\u201cOf course I am very\u2026 <a href=\"https:\/\/t.co\/hp72L8NZEK\">pic.twitter.com\/hp72L8NZEK<\/a><\/p>\n<p>\u2014 Team Visma | Lease a Bike (@vismaleaseabike) <a href=\"https:\/\/twitter.com\/vismaleaseabike\/status\/2007185336661881332?ref_src=twsrc%5Etfw\">January 2, 2026<\/a><\/p><\/blockquote>\n<p><script async src=\"https:\/\/platform.twitter.com\/widgets.js\" charset=\"utf-8\"><\/script><\/p>\n<div id=\"gtx-trans\" style=\"position: absolute; left: -14px; top: 40.9091px;\">\n<div class=\"gtx-trans-icon\"><\/div>\n<\/div>\n","protected":false},"excerpt":{"rendered":"<p>CYCLO-CROSS &#8211; Touch\u00e9 \u00e0 la cheville lors de l&rsquo;Exact Cross de Mol ce vendredi, Wout Van Aert ne remontera pas sur un v\u00e9lo cet hiver.<\/p>\n","protected":false},"author":55,"featured_media":635421,"comment_status":"open","ping_status":"closed","sticky":false,"template":"","format":"standard","meta":{"_acf_changed":false,"_daextam_enable_autolinks":"1","footnotes":""},"categories":[9611],"tags":[16878,6666,8091],"class_list":["post-635420","post","type-post","status-publish","format-standard","has-post-thumbnail","hentry","category-cyclo-cross","tag-breve","tag-cyclo-cross","tag-wout-van-aert"],"acf":[],"yoast_head":"<!-- This site is optimized with the Yoast SEO Premium plugin v26.7 (Yoast SEO v26.7) - https:\/\/yoast.com\/wordpress\/plugins\/seo\/ -->\n<title>Coup dur pour Wout Van Aert : Touch\u00e9 \u00e0 la cheville, le Belge contraint de mettre un terme \u00e0 sa saison de cyclo-cross<\/title>\n<meta name=\"description\" content=\"CYCLO-CROSS - Touch\u00e9 \u00e0 la cheville lors de l&#039;Exact Cross de Mol ce vendredi, Wout Van Aert ne remontera pas sur un v\u00e9lo cet hiver.\" \/>\n<meta name=\"robots\" content=\"index, follow, max-snippet:-1, max-image-preview:large, max-video-preview:-1\" \/>\n<link rel=\"canonical\" href=\"https:\/\/dicodusport.fr\/blog\/coup-dur-pour-wout-van-aert-touche-a-la-cheville-le-belge-contraint-de-mettre-un-terme-a-sa-saison-de-cyclo-cross\/\" \/>\n<meta property=\"og:locale\" content=\"fr_FR\" \/>\n<meta property=\"og:type\" content=\"article\" \/>\n<meta property=\"og:title\" content=\"Coup dur pour Wout Van Aert : Touch\u00e9 \u00e0 la cheville, le Belge contraint de mettre un terme \u00e0 sa saison de cyclo-cross\" \/>\n<meta property=\"og:description\" content=\"CYCLO-CROSS - Touch\u00e9 \u00e0 la cheville lors de l&#039;Exact Cross de Mol ce vendredi, Wout Van Aert ne remontera pas sur un v\u00e9lo cet hiver.\" \/>\n<meta property=\"og:url\" content=\"https:\/\/dicodusport.fr\/blog\/coup-dur-pour-wout-van-aert-touche-a-la-cheville-le-belge-contraint-de-mettre-un-terme-a-sa-saison-de-cyclo-cross\/\" \/>\n<meta property=\"og:site_name\" content=\"Dicodusport\" \/>\n<meta property=\"article:publisher\" content=\"https:\/\/www.facebook.com\/dicodusport\" \/>\n<meta property=\"article:published_time\" content=\"2026-01-02T21:56:24+00:00\" \/>\n<meta property=\"og:image\" content=\"https:\/\/dicodusport.fr\/blog\/wp-content\/uploads\/2026\/01\/Coup-dur-pour-Wout-Van-Aert-Touche-a-la-cheville-le-Belge-contraint-de-mettre-un-terme-a-sa-saison-de-cyclo-cross.png\" \/>\n\t<meta property=\"og:image:width\" content=\"1200\" \/>\n\t<meta property=\"og:image:height\" content=\"674\" \/>\n\t<meta property=\"og:image:type\" content=\"image\/png\" \/>\n<meta name=\"author\" content=\"Maxime Cazenave\" \/>\n<meta name=\"twitter:card\" content=\"summary_large_image\" \/>\n<meta name=\"twitter:title\" content=\"Coup dur pour Wout Van Aert : Touch\u00e9 \u00e0 la cheville, le Belge contraint de mettre un terme \u00e0 sa saison de cyclo-cross\" \/>\n<meta name=\"twitter:creator\" content=\"@https:\/\/twitter.com\/Maxime_Caze\" \/>\n<meta name=\"twitter:site\" content=\"@dicodusport\" \/>\n<script type=\"application\/ld+json\" class=\"yoast-schema-graph\">{\"@context\":\"https:\/\/schema.org\",\"@graph\":[{\"@type\":\"NewsArticle\",\"@id\":\"https:\/\/dicodusport.fr\/blog\/coup-dur-pour-wout-van-aert-touche-a-la-cheville-le-belge-contraint-de-mettre-un-terme-a-sa-saison-de-cyclo-cross\/#article\",\"isPartOf\":{\"@id\":\"https:\/\/dicodusport.fr\/blog\/coup-dur-pour-wout-van-aert-touche-a-la-cheville-le-belge-contraint-de-mettre-un-terme-a-sa-saison-de-cyclo-cross\/\"},\"author\":{\"name\":\"Maxime Cazenave\",\"@id\":\"https:\/\/dicodusport.fr\/blog\/#\/schema\/person\/37def232098a7a5cbab3974a3690abb0\"},\"headline\":\"Coup dur pour Wout Van Aert : Touch\u00e9 \u00e0 la cheville, le Belge contraint de mettre un terme \u00e0 sa saison de cyclo-cross\",\"datePublished\":\"2026-01-02T21:56:24+00:00\",\"mainEntityOfPage\":{\"@id\":\"https:\/\/dicodusport.fr\/blog\/coup-dur-pour-wout-van-aert-touche-a-la-cheville-le-belge-contraint-de-mettre-un-terme-a-sa-saison-de-cyclo-cross\/\"},\"wordCount\":416,\"commentCount\":0,\"publisher\":{\"@id\":\"https:\/\/dicodusport.fr\/blog\/#organization\"},\"image\":{\"@id\":\"https:\/\/dicodusport.fr\/blog\/coup-dur-pour-wout-van-aert-touche-a-la-cheville-le-belge-contraint-de-mettre-un-terme-a-sa-saison-de-cyclo-cross\/#primaryimage\"},\"thumbnailUrl\":\"https:\/\/dicodusport.fr\/blog\/wp-content\/uploads\/2026\/01\/Coup-dur-pour-Wout-Van-Aert-Touche-a-la-cheville-le-Belge-contraint-de-mettre-un-terme-a-sa-saison-de-cyclo-cross.png\",\"keywords\":[\"br\u00e8ve\",\"Cyclo-cross\",\"Wout Van Aert\"],\"articleSection\":[\"Cyclo-cross\"],\"inLanguage\":\"fr-FR\",\"potentialAction\":[{\"@type\":\"CommentAction\",\"name\":\"Comment\",\"target\":[\"https:\/\/dicodusport.fr\/blog\/coup-dur-pour-wout-van-aert-touche-a-la-cheville-le-belge-contraint-de-mettre-un-terme-a-sa-saison-de-cyclo-cross\/#respond\"]}],\"copyrightYear\":\"2026\",\"copyrightHolder\":{\"@id\":\"https:\/\/dicodusport.fr\/blog\/#organization\"}},{\"@type\":\"WebPage\",\"@id\":\"https:\/\/dicodusport.fr\/blog\/coup-dur-pour-wout-van-aert-touche-a-la-cheville-le-belge-contraint-de-mettre-un-terme-a-sa-saison-de-cyclo-cross\/\",\"url\":\"https:\/\/dicodusport.fr\/blog\/coup-dur-pour-wout-van-aert-touche-a-la-cheville-le-belge-contraint-de-mettre-un-terme-a-sa-saison-de-cyclo-cross\/\",\"name\":\"Coup dur pour Wout Van Aert : Touch\u00e9 \u00e0 la cheville, le Belge contraint de mettre un terme \u00e0 sa saison de cyclo-cross\",\"isPartOf\":{\"@id\":\"https:\/\/dicodusport.fr\/blog\/#website\"},\"primaryImageOfPage\":{\"@id\":\"https:\/\/dicodusport.fr\/blog\/coup-dur-pour-wout-van-aert-touche-a-la-cheville-le-belge-contraint-de-mettre-un-terme-a-sa-saison-de-cyclo-cross\/#primaryimage\"},\"image\":{\"@id\":\"https:\/\/dicodusport.fr\/blog\/coup-dur-pour-wout-van-aert-touche-a-la-cheville-le-belge-contraint-de-mettre-un-terme-a-sa-saison-de-cyclo-cross\/#primaryimage\"},\"thumbnailUrl\":\"https:\/\/dicodusport.fr\/blog\/wp-content\/uploads\/2026\/01\/Coup-dur-pour-Wout-Van-Aert-Touche-a-la-cheville-le-Belge-contraint-de-mettre-un-terme-a-sa-saison-de-cyclo-cross.png\",\"datePublished\":\"2026-01-02T21:56:24+00:00\",\"description\":\"CYCLO-CROSS - Touch\u00e9 \u00e0 la cheville lors de l'Exact Cross de Mol ce vendredi, Wout Van Aert ne remontera pas sur un v\u00e9lo cet hiver.\",\"breadcrumb\":{\"@id\":\"https:\/\/dicodusport.fr\/blog\/coup-dur-pour-wout-van-aert-touche-a-la-cheville-le-belge-contraint-de-mettre-un-terme-a-sa-saison-de-cyclo-cross\/#breadcrumb\"},\"inLanguage\":\"fr-FR\",\"potentialAction\":[{\"@type\":\"ReadAction\",\"target\":[\"https:\/\/dicodusport.fr\/blog\/coup-dur-pour-wout-van-aert-touche-a-la-cheville-le-belge-contraint-de-mettre-un-terme-a-sa-saison-de-cyclo-cross\/\"]}]},{\"@type\":\"ImageObject\",\"inLanguage\":\"fr-FR\",\"@id\":\"https:\/\/dicodusport.fr\/blog\/coup-dur-pour-wout-van-aert-touche-a-la-cheville-le-belge-contraint-de-mettre-un-terme-a-sa-saison-de-cyclo-cross\/#primaryimage\",\"url\":\"https:\/\/dicodusport.fr\/blog\/wp-content\/uploads\/2026\/01\/Coup-dur-pour-Wout-Van-Aert-Touche-a-la-cheville-le-Belge-contraint-de-mettre-un-terme-a-sa-saison-de-cyclo-cross.png\",\"contentUrl\":\"https:\/\/dicodusport.fr\/blog\/wp-content\/uploads\/2026\/01\/Coup-dur-pour-Wout-Van-Aert-Touche-a-la-cheville-le-Belge-contraint-de-mettre-un-terme-a-sa-saison-de-cyclo-cross.png\",\"width\":1200,\"height\":674,\"caption\":\"Coup dur pour Wout Van Aert : Touch\u00e9 \u00e0 la cheville, le Belge contraint de mettre un terme \u00e0 sa saison de cyclo-cross\"},{\"@type\":\"BreadcrumbList\",\"@id\":\"https:\/\/dicodusport.fr\/blog\/coup-dur-pour-wout-van-aert-touche-a-la-cheville-le-belge-contraint-de-mettre-un-terme-a-sa-saison-de-cyclo-cross\/#breadcrumb\",\"itemListElement\":[{\"@type\":\"ListItem\",\"position\":1,\"name\":\"Accueil\",\"item\":\"https:\/\/dicodusport.fr\/blog\/\"},{\"@type\":\"ListItem\",\"position\":2,\"name\":\"Coup dur pour Wout Van Aert : Touch\u00e9 \u00e0 la cheville, le Belge contraint de mettre un terme \u00e0 sa saison de cyclo-cross\"}]},{\"@type\":\"WebSite\",\"@id\":\"https:\/\/dicodusport.fr\/blog\/#website\",\"url\":\"https:\/\/dicodusport.fr\/blog\/\",\"name\":\"Dicodusport\",\"description\":\"L&#039;encyclop\u00e9die de l&#039;actualit\u00e9 sportive\",\"publisher\":{\"@id\":\"https:\/\/dicodusport.fr\/blog\/#organization\"},\"potentialAction\":[{\"@type\":\"SearchAction\",\"target\":{\"@type\":\"EntryPoint\",\"urlTemplate\":\"https:\/\/dicodusport.fr\/blog\/?s={search_term_string}\"},\"query-input\":{\"@type\":\"PropertyValueSpecification\",\"valueRequired\":true,\"valueName\":\"search_term_string\"}}],\"inLanguage\":\"fr-FR\"},{\"@type\":\"NewsMediaOrganization\",\"@id\":\"https:\/\/dicodusport.fr\/blog\/#organization\",\"name\":\"Dicodusport\",\"url\":\"https:\/\/dicodusport.fr\/blog\/\",\"logo\":{\"@type\":\"ImageObject\",\"inLanguage\":\"fr-FR\",\"@id\":\"https:\/\/dicodusport.fr\/blog\/#\/schema\/logo\/image\/\",\"url\":\"https:\/\/dicodusport.fr\/blog\/wp-content\/uploads\/2020\/06\/cropped-LOGO-DICODUSPORT-2020-SANS-FOND-SANS-TEXTE.png\",\"contentUrl\":\"https:\/\/dicodusport.fr\/blog\/wp-content\/uploads\/2020\/06\/cropped-LOGO-DICODUSPORT-2020-SANS-FOND-SANS-TEXTE.png\",\"width\":512,\"height\":512,\"caption\":\"Dicodusport\"},\"image\":{\"@id\":\"https:\/\/dicodusport.fr\/blog\/#\/schema\/logo\/image\/\"},\"sameAs\":[\"https:\/\/www.facebook.com\/dicodusport\",\"https:\/\/x.com\/dicodusport\",\"https:\/\/www.instagram.com\/dicodusport\/\",\"https:\/\/www.youtube.com\/channel\/UC7V2KZ5sd3htJivAbA4ZG3w\"],\"description\":\"Dicodusport est l'encyclop\u00e9die de l'actualit\u00e9 sportive.\",\"email\":\"bonjour@dicodusport.fr\",\"legalName\":\"DICODUSPORT\",\"foundingDate\":\"2018-01-14\",\"vatID\":\"FR71834470973\",\"taxID\":\"83447097300043\",\"numberOfEmployees\":{\"@type\":\"QuantitativeValue\",\"minValue\":\"1\",\"maxValue\":\"10\"}},{\"@type\":\"Person\",\"@id\":\"https:\/\/dicodusport.fr\/blog\/#\/schema\/person\/37def232098a7a5cbab3974a3690abb0\",\"name\":\"Maxime Cazenave\",\"image\":{\"@type\":\"ImageObject\",\"inLanguage\":\"fr-FR\",\"@id\":\"https:\/\/dicodusport.fr\/blog\/#\/schema\/person\/image\/\",\"url\":\"https:\/\/dicodusport.fr\/blog\/wp-content\/uploads\/2021\/05\/Maxime-Cazenave-150x150.jpg\",\"contentUrl\":\"https:\/\/dicodusport.fr\/blog\/wp-content\/uploads\/2021\/05\/Maxime-Cazenave-150x150.jpg\",\"caption\":\"Maxime Cazenave\"},\"description\":\"Journaliste\/R\u00e9dacteur depuis 2012 - Berc\u00e9 par l\u2019amour des Girondins de Bordeaux, les \u00e9checs de Christophe Moreau sur le Tour de France sous l'\u00e8re Lance Armstrong et le fade-away l\u00e9tal de Dirk Nowitzki, ma passion d\u00e9vorante pour le sport a toujours \u00e9t\u00e9 un pan incontournable de ma vie. Transmettre ma passion \u00e0 l\u2019\u00e9crit a \u00e9t\u00e9 une transition naturelle. Suiveur assidu de basket et de hockey sur glace, je garde toujours un peu de place pour suivre le cyclisme, le football et le maximum de performances fran\u00e7aises.\",\"sameAs\":[\"https:\/\/x.com\/https:\/\/twitter.com\/Maxime_Caze\"],\"url\":\"https:\/\/dicodusport.fr\/blog\/author\/maximec\/\"}]}<\/script>\n<!-- \/ Yoast SEO Premium plugin. -->","yoast_head_json":{"title":"Coup dur pour Wout Van Aert : Touch\u00e9 \u00e0 la cheville, le Belge contraint de mettre un terme \u00e0 sa saison de cyclo-cross","description":"CYCLO-CROSS - Touch\u00e9 \u00e0 la cheville lors de l'Exact Cross de Mol ce vendredi, Wout Van Aert ne remontera pas sur un v\u00e9lo cet hiver.","robots":{"index":"index","follow":"follow","max-snippet":"max-snippet:-1","max-image-preview":"max-image-preview:large","max-video-preview":"max-video-preview:-1"},"canonical":"https:\/\/dicodusport.fr\/blog\/coup-dur-pour-wout-van-aert-touche-a-la-cheville-le-belge-contraint-de-mettre-un-terme-a-sa-saison-de-cyclo-cross\/","og_locale":"fr_FR","og_type":"article","og_title":"Coup dur pour Wout Van Aert : Touch\u00e9 \u00e0 la cheville, le Belge contraint de mettre un terme \u00e0 sa saison de cyclo-cross","og_description":"CYCLO-CROSS - Touch\u00e9 \u00e0 la cheville lors de l'Exact Cross de Mol ce vendredi, Wout Van Aert ne remontera pas sur un v\u00e9lo cet hiver.","og_url":"https:\/\/dicodusport.fr\/blog\/coup-dur-pour-wout-van-aert-touche-a-la-cheville-le-belge-contraint-de-mettre-un-terme-a-sa-saison-de-cyclo-cross\/","og_site_name":"Dicodusport","article_publisher":"https:\/\/www.facebook.com\/dicodusport","article_published_time":"2026-01-02T21:56:24+00:00","og_image":[{"width":1200,"height":674,"url":"https:\/\/dicodusport.fr\/blog\/wp-content\/uploads\/2026\/01\/Coup-dur-pour-Wout-Van-Aert-Touche-a-la-cheville-le-Belge-contraint-de-mettre-un-terme-a-sa-saison-de-cyclo-cross.png","type":"image\/png"}],"author":"Maxime Cazenave","twitter_card":"summary_large_image","twitter_title":"Coup dur pour Wout Van Aert : Touch\u00e9 \u00e0 la cheville, le Belge contraint de mettre un terme \u00e0 sa saison de cyclo-cross","twitter_creator":"@https:\/\/twitter.com\/Maxime_Caze","twitter_site":"@dicodusport","schema":{"@context":"https:\/\/schema.org","@graph":[{"@type":"NewsArticle","@id":"https:\/\/dicodusport.fr\/blog\/coup-dur-pour-wout-van-aert-touche-a-la-cheville-le-belge-contraint-de-mettre-un-terme-a-sa-saison-de-cyclo-cross\/#article","isPartOf":{"@id":"https:\/\/dicodusport.fr\/blog\/coup-dur-pour-wout-van-aert-touche-a-la-cheville-le-belge-contraint-de-mettre-un-terme-a-sa-saison-de-cyclo-cross\/"},"author":{"name":"Maxime Cazenave","@id":"https:\/\/dicodusport.fr\/blog\/#\/schema\/person\/37def232098a7a5cbab3974a3690abb0"},"headline":"Coup dur pour Wout Van Aert : Touch\u00e9 \u00e0 la cheville, le Belge contraint de mettre un terme \u00e0 sa saison de cyclo-cross","datePublished":"2026-01-02T21:56:24+00:00","mainEntityOfPage":{"@id":"https:\/\/dicodusport.fr\/blog\/coup-dur-pour-wout-van-aert-touche-a-la-cheville-le-belge-contraint-de-mettre-un-terme-a-sa-saison-de-cyclo-cross\/"},"wordCount":416,"commentCount":0,"publisher":{"@id":"https:\/\/dicodusport.fr\/blog\/#organization"},"image":{"@id":"https:\/\/dicodusport.fr\/blog\/coup-dur-pour-wout-van-aert-touche-a-la-cheville-le-belge-contraint-de-mettre-un-terme-a-sa-saison-de-cyclo-cross\/#primaryimage"},"thumbnailUrl":"https:\/\/dicodusport.fr\/blog\/wp-content\/uploads\/2026\/01\/Coup-dur-pour-Wout-Van-Aert-Touche-a-la-cheville-le-Belge-contraint-de-mettre-un-terme-a-sa-saison-de-cyclo-cross.png","keywords":["br\u00e8ve","Cyclo-cross","Wout Van Aert"],"articleSection":["Cyclo-cross"],"inLanguage":"fr-FR","potentialAction":[{"@type":"CommentAction","name":"Comment","target":["https:\/\/dicodusport.fr\/blog\/coup-dur-pour-wout-van-aert-touche-a-la-cheville-le-belge-contraint-de-mettre-un-terme-a-sa-saison-de-cyclo-cross\/#respond"]}],"copyrightYear":"2026","copyrightHolder":{"@id":"https:\/\/dicodusport.fr\/blog\/#organization"}},{"@type":"WebPage","@id":"https:\/\/dicodusport.fr\/blog\/coup-dur-pour-wout-van-aert-touche-a-la-cheville-le-belge-contraint-de-mettre-un-terme-a-sa-saison-de-cyclo-cross\/","url":"https:\/\/dicodusport.fr\/blog\/coup-dur-pour-wout-van-aert-touche-a-la-cheville-le-belge-contraint-de-mettre-un-terme-a-sa-saison-de-cyclo-cross\/","name":"Coup dur pour Wout Van Aert : Touch\u00e9 \u00e0 la cheville, le Belge contraint de mettre un terme \u00e0 sa saison de cyclo-cross","isPartOf":{"@id":"https:\/\/dicodusport.fr\/blog\/#website"},"primaryImageOfPage":{"@id":"https:\/\/dicodusport.fr\/blog\/coup-dur-pour-wout-van-aert-touche-a-la-cheville-le-belge-contraint-de-mettre-un-terme-a-sa-saison-de-cyclo-cross\/#primaryimage"},"image":{"@id":"https:\/\/dicodusport.fr\/blog\/coup-dur-pour-wout-van-aert-touche-a-la-cheville-le-belge-contraint-de-mettre-un-terme-a-sa-saison-de-cyclo-cross\/#primaryimage"},"thumbnailUrl":"https:\/\/dicodusport.fr\/blog\/wp-content\/uploads\/2026\/01\/Coup-dur-pour-Wout-Van-Aert-Touche-a-la-cheville-le-Belge-contraint-de-mettre-un-terme-a-sa-saison-de-cyclo-cross.png","datePublished":"2026-01-02T21:56:24+00:00","description":"CYCLO-CROSS - Touch\u00e9 \u00e0 la cheville lors de l'Exact Cross de Mol ce vendredi, Wout Van Aert ne remontera pas sur un v\u00e9lo cet hiver.","breadcrumb":{"@id":"https:\/\/dicodusport.fr\/blog\/coup-dur-pour-wout-van-aert-touche-a-la-cheville-le-belge-contraint-de-mettre-un-terme-a-sa-saison-de-cyclo-cross\/#breadcrumb"},"inLanguage":"fr-FR","potentialAction":[{"@type":"ReadAction","target":["https:\/\/dicodusport.fr\/blog\/coup-dur-pour-wout-van-aert-touche-a-la-cheville-le-belge-contraint-de-mettre-un-terme-a-sa-saison-de-cyclo-cross\/"]}]},{"@type":"ImageObject","inLanguage":"fr-FR","@id":"https:\/\/dicodusport.fr\/blog\/coup-dur-pour-wout-van-aert-touche-a-la-cheville-le-belge-contraint-de-mettre-un-terme-a-sa-saison-de-cyclo-cross\/#primaryimage","url":"https:\/\/dicodusport.fr\/blog\/wp-content\/uploads\/2026\/01\/Coup-dur-pour-Wout-Van-Aert-Touche-a-la-cheville-le-Belge-contraint-de-mettre-un-terme-a-sa-saison-de-cyclo-cross.png","contentUrl":"https:\/\/dicodusport.fr\/blog\/wp-content\/uploads\/2026\/01\/Coup-dur-pour-Wout-Van-Aert-Touche-a-la-cheville-le-Belge-contraint-de-mettre-un-terme-a-sa-saison-de-cyclo-cross.png","width":1200,"height":674,"caption":"Coup dur pour Wout Van Aert : Touch\u00e9 \u00e0 la cheville, le Belge contraint de mettre un terme \u00e0 sa saison de cyclo-cross"},{"@type":"BreadcrumbList","@id":"https:\/\/dicodusport.fr\/blog\/coup-dur-pour-wout-van-aert-touche-a-la-cheville-le-belge-contraint-de-mettre-un-terme-a-sa-saison-de-cyclo-cross\/#breadcrumb","itemListElement":[{"@type":"ListItem","position":1,"name":"Accueil","item":"https:\/\/dicodusport.fr\/blog\/"},{"@type":"ListItem","position":2,"name":"Coup dur pour Wout Van Aert : Touch\u00e9 \u00e0 la cheville, le Belge contraint de mettre un terme \u00e0 sa saison de cyclo-cross"}]},{"@type":"WebSite","@id":"https:\/\/dicodusport.fr\/blog\/#website","url":"https:\/\/dicodusport.fr\/blog\/","name":"Dicodusport","description":"L&#039;encyclop\u00e9die de l&#039;actualit\u00e9 sportive","publisher":{"@id":"https:\/\/dicodusport.fr\/blog\/#organization"},"potentialAction":[{"@type":"SearchAction","target":{"@type":"EntryPoint","urlTemplate":"https:\/\/dicodusport.fr\/blog\/?s={search_term_string}"},"query-input":{"@type":"PropertyValueSpecification","valueRequired":true,"valueName":"search_term_string"}}],"inLanguage":"fr-FR"},{"@type":"NewsMediaOrganization","@id":"https:\/\/dicodusport.fr\/blog\/#organization","name":"Dicodusport","url":"https:\/\/dicodusport.fr\/blog\/","logo":{"@type":"ImageObject","inLanguage":"fr-FR","@id":"https:\/\/dicodusport.fr\/blog\/#\/schema\/logo\/image\/","url":"https:\/\/dicodusport.fr\/blog\/wp-content\/uploads\/2020\/06\/cropped-LOGO-DICODUSPORT-2020-SANS-FOND-SANS-TEXTE.png","contentUrl":"https:\/\/dicodusport.fr\/blog\/wp-content\/uploads\/2020\/06\/cropped-LOGO-DICODUSPORT-2020-SANS-FOND-SANS-TEXTE.png","width":512,"height":512,"caption":"Dicodusport"},"image":{"@id":"https:\/\/dicodusport.fr\/blog\/#\/schema\/logo\/image\/"},"sameAs":["https:\/\/www.facebook.com\/dicodusport","https:\/\/x.com\/dicodusport","https:\/\/www.instagram.com\/dicodusport\/","https:\/\/www.youtube.com\/channel\/UC7V2KZ5sd3htJivAbA4ZG3w"],"description":"Dicodusport est l'encyclop\u00e9die de l'actualit\u00e9 sportive.","email":"bonjour@dicodusport.fr","legalName":"DICODUSPORT","foundingDate":"2018-01-14","vatID":"FR71834470973","taxID":"83447097300043","numberOfEmployees":{"@type":"QuantitativeValue","minValue":"1","maxValue":"10"}},{"@type":"Person","@id":"https:\/\/dicodusport.fr\/blog\/#\/schema\/person\/37def232098a7a5cbab3974a3690abb0","name":"Maxime Cazenave","image":{"@type":"ImageObject","inLanguage":"fr-FR","@id":"https:\/\/dicodusport.fr\/blog\/#\/schema\/person\/image\/","url":"https:\/\/dicodusport.fr\/blog\/wp-content\/uploads\/2021\/05\/Maxime-Cazenave-150x150.jpg","contentUrl":"https:\/\/dicodusport.fr\/blog\/wp-content\/uploads\/2021\/05\/Maxime-Cazenave-150x150.jpg","caption":"Maxime Cazenave"},"description":"Journaliste\/R\u00e9dacteur depuis 2012 - Berc\u00e9 par l\u2019amour des Girondins de Bordeaux, les \u00e9checs de Christophe Moreau sur le Tour de France sous l'\u00e8re Lance Armstrong et le fade-away l\u00e9tal de Dirk Nowitzki, ma passion d\u00e9vorante pour le sport a toujours \u00e9t\u00e9 un pan incontournable de ma vie. Transmettre ma passion \u00e0 l\u2019\u00e9crit a \u00e9t\u00e9 une transition naturelle. Suiveur assidu de basket et de hockey sur glace, je garde toujours un peu de place pour suivre le cyclisme, le football et le maximum de performances fran\u00e7aises.","sameAs":["https:\/\/x.com\/https:\/\/twitter.com\/Maxime_Caze"],"url":"https:\/\/dicodusport.fr\/blog\/author\/maximec\/"}]}},"_links":{"self":[{"href":"https:\/\/dicodusport.fr\/blog\/wp-json\/wp\/v2\/posts\/635420","targetHints":{"allow":["GET"]}}],"collection":[{"href":"https:\/\/dicodusport.fr\/blog\/wp-json\/wp\/v2\/posts"}],"about":[{"href":"https:\/\/dicodusport.fr\/blog\/wp-json\/wp\/v2\/types\/post"}],"author":[{"embeddable":true,"href":"https:\/\/dicodusport.fr\/blog\/wp-json\/wp\/v2\/users\/55"}],"replies":[{"embeddable":true,"href":"https:\/\/dicodusport.fr\/blog\/wp-json\/wp\/v2\/comments?post=635420"}],"version-history":[{"count":2,"href":"https:\/\/dicodusport.fr\/blog\/wp-json\/wp\/v2\/posts\/635420\/revisions"}],"predecessor-version":[{"id":635423,"href":"https:\/\/dicodusport.fr\/blog\/wp-json\/wp\/v2\/posts\/635420\/revisions\/635423"}],"wp:featuredmedia":[{"embeddable":true,"href":"https:\/\/dicodusport.fr\/blog\/wp-json\/wp\/v2\/media\/635421"}],"wp:attachment":[{"href":"https:\/\/dicodusport.fr\/blog\/wp-json\/wp\/v2\/media?parent=635420"}],"wp:term":[{"taxonomy":"category","embeddable":true,"href":"https:\/\/dicodusport.fr\/blog\/wp-json\/wp\/v2\/categories?post=635420"},{"taxonomy":"post_tag","embeddable":true,"href":"https:\/\/dicodusport.fr\/blog\/wp-json\/wp\/v2\/tags?post=635420"}],"curies":[{"name":"wp","href":"https:\/\/api.w.org\/{rel}","templated":true}]}}