{"id":635427,"date":"2026-01-05T18:00:40","date_gmt":"2026-01-05T17:00:40","guid":{"rendered":"https:\/\/dicodusport.fr\/blog\/?p=635427&#038;preview=true&#038;preview_id=635427"},"modified":"2026-02-03T09:43:46","modified_gmt":"2026-02-03T08:43:46","slug":"huit-skieurs-pour-quatre-places-lepineux-casse-tete-de-la-selection-olympique-en-skicross","status":"publish","type":"post","link":"https:\/\/dicodusport.fr\/blog\/huit-skieurs-pour-quatre-places-lepineux-casse-tete-de-la-selection-olympique-en-skicross\/","title":{"rendered":"Huit skieurs pour quatre places\u00a0: l\u2019\u00e9pineux casse-t\u00eate de la s\u00e9lection olympique en skicross"},"content":{"rendered":"<p style=\"text-align: justify;\"><strong><em>SKICROSS \u2013 Disposant du maximum de quotas pour Milan-Cortina 2026 (4), le staff de l\u2019\u00e9quipe de France de skicross va devoir trancher dans le vif fin janvier.<\/em><\/strong><\/p>\n<p style=\"text-align: justify;\">Il s\u2019agit d\u2019un v\u00e9ritable cr\u00e8ve-c\u0153ur, commun \u00e0 de nombreuses disciplines. En <strong>skicross<\/strong>, l\u2019\u00e9quipe de France s\u2019appuie sur un collectif homog\u00e8ne \u00e0 la densit\u00e9 impressionnante. En cette ann\u00e9e olympique, des choix forts vont donc devoir \u00eatre effectu\u00e9s, puisqu\u2019une nation ne pourra pas compter sur plus de quatre repr\u00e9sentants par sexe.<\/p>\n<ul>\n<li style=\"text-align: justify;\"><strong>\u00c0 ce sujet &#8211; <a href=\"https:\/\/dicodusport.fr\/blog\/jo-dhiver-2026-modes-de-qualification-et-francais-qualifies-sport-par-sport\/\">JO d\u2019hiver 2026 : Modes de qualification et Fran\u00e7ais qualifi\u00e9s, sport par sport<\/a><\/strong><\/li>\n<\/ul>\n<h2 style=\"text-align: justify;\">\u00ab Pas de concurrence malsaine \u00bb<\/h2>\n<p style=\"text-align: justify;\">Si, du c\u00f4t\u00e9 des femmes, la distribution des quatre tickets semble d\u00e9j\u00e0 act\u00e9e (<strong>Berger Sabbatel<\/strong>, <strong>Grillet Aubert<\/strong>, <strong>Ballet Baz<\/strong> et <strong>Errard<\/strong>), l\u2019incertitude r\u00e8gne dans le clan masculin. Il faut dire qu\u2019avec <strong>huit gar\u00e7ons r\u00e9guli\u00e8rement pr\u00e9sents sur le circuit principal<\/strong>, une lutte intense se joue en interne.<\/p>\n<p style=\"text-align: justify;\">Enfin, le terme de \u00ab guerre \u00bb est \u00e9videmment excessif pour d\u00e9crire cette \u00e9mulation au sein d\u2019un collectif soud\u00e9, o\u00f9 chacun a pris l\u2019habitude de tirer les autres vers le haut. Il y a une quinzaine de jours, <strong>Youri Duplessis Kergomard<\/strong> confirmait ainsi la bonne ambiance r\u00e9gnant malgr\u00e9 l\u2019enjeu majeur que repr\u00e9sentent les <strong>Jeux Olympiques<\/strong> :<\/p>\n<blockquote>\n<p style=\"text-align: justify;\">Chacun donne le meilleur de lui-m\u00eame et il n\u2019y a pas vraiment de concurrence malsaine entre nous. On ne se surveille pas.<\/p>\n<\/blockquote>\n<p style=\"text-align: justify;\">Cela ne r\u00e9sout toutefois pas le casse-t\u00eate auquel doit faire face le s\u00e9lectionneur des Bleus, <strong>Michel Lucatelli<\/strong>. Dans les colonnes du <a href=\"https:\/\/www.ledauphine.com\/skichrono\/2025\/12\/09\/pas-de-selection-au-rabais-a-val-thorens-les-bleus-jouent-deja-leur-place-pour-les-jeux-olympiques\"><em>Dauphin\u00e9 Lib\u00e9r\u00e9<\/em><\/a>, ce dernier \u00e9voquait d\u00e9j\u00e0 cette densit\u00e9 avant la reprise \u00e0 Val Thorens :<\/p>\n<blockquote>\n<p style=\"text-align: justify;\">Il y a une tr\u00e8s bonne dynamique, une bonne coh\u00e9sion, reconna\u00eet Lucatelli. Je trouve que le groupe a bien progress\u00e9. Il y a plus de clients potentiels. Ils sont huit \u00e0 pouvoir y pr\u00e9tendre, plus ceux de la Coupe d\u2019Europe qui marchent.<\/p>\n<\/blockquote>\n<div class=\"vlp-link-container vlp-layout-article\"><a href=\"https:\/\/dicodusport.fr\/blog\/youri-kergomard-duplessis-skicross-on-saura-tirer-notre-epingle-du-jeu-le-jour-j\/\" class=\"vlp-link\" title=\"Youri Kergomard Duplessis (skicross)\u00a0: \u00ab\u00a0On saura tirer notre \u00e9pingle du jeu le jour J\u00a0\u00bb\"><\/a><div class=\"vlp-layout-zone-side\"><div class=\"vlp-block-4 vlp-link-image\"><img loading=\"lazy\" decoding=\"async\" style=\"max-width: 792px;\" width=\"792\" height=\"445\" src=\"https:\/\/dicodusport.fr\/blog\/wp-content\/uploads\/2025\/12\/Youri-Kergomard-Duplessis-skicross-On-saura-tirer-notre-epingle-du-jeu-le-Jour-J-.png\" class=\"attachment-800x445 size-800x445\" alt=\"Youri Kergomard Duplessis (skicross)\u00a0: \u00ab\u00a0On saura tirer notre \u00e9pingle du jeu le jour J\u00a0\u00bb\" srcset=\"https:\/\/dicodusport.fr\/blog\/wp-content\/uploads\/2025\/12\/Youri-Kergomard-Duplessis-skicross-On-saura-tirer-notre-epingle-du-jeu-le-Jour-J-.png 1200w, https:\/\/dicodusport.fr\/blog\/wp-content\/uploads\/2025\/12\/Youri-Kergomard-Duplessis-skicross-On-saura-tirer-notre-epingle-du-jeu-le-Jour-J--300x169.png 300w, https:\/\/dicodusport.fr\/blog\/wp-content\/uploads\/2025\/12\/Youri-Kergomard-Duplessis-skicross-On-saura-tirer-notre-epingle-du-jeu-le-Jour-J--1024x575.png 1024w, https:\/\/dicodusport.fr\/blog\/wp-content\/uploads\/2025\/12\/Youri-Kergomard-Duplessis-skicross-On-saura-tirer-notre-epingle-du-jeu-le-Jour-J--768x431.png 768w\" sizes=\"auto, (max-width: 792px) 100vw, 792px\" \/><\/div><\/div><div class=\"vlp-layout-zone-main\"><div class=\"vlp-block-0 vlp-link-title\">Youri Kergomard Duplessis (skicross)\u00a0: \u00ab\u00a0On saura tirer notre \u00e9pingle du jeu le jour J\u00a0\u00bb<\/div><div class=\"vlp-block-1 vlp-link-summary\">COUPE DU MONDE DE SKICROSS 2025\/2026 - Son podium \u00e0 Val-Thorens, la concurrence f\u00e9roce, les Jeux... Youri Duplessis Kergomard a r\u00e9pondu \u00e0 nos questions.<\/div><div class=\"vlp-block-2 vlp-link-button\">Lire l'article<\/div><div class=\"vlp-block-3 vlp-link-url\">dicodusport.fr<\/div><\/div><\/div>\n<h2 style=\"text-align: justify;\">Duplessis Kergomard et les Tchiknavorian en ballottage (tr\u00e8s) favorable<\/h2>\n<p style=\"text-align: justify;\">Afin de composer le meilleur quatuor possible dans l\u2019optique d\u2019aller chercher, a minima, une m\u00e9daille olympique, le staff dispose d\u2019un d\u00e9lai allant jusqu\u2019au <strong>26 janvier<\/strong>, date limite de soumission de l\u2019\u00e9quipe engag\u00e9e pour les qualifications pr\u00e9vues le vendredi 20 f\u00e9vrier en Italie. Pour trancher, les d\u00e9cideurs s\u2019appuieront sur le pass\u00e9 r\u00e9cent de chaque skieur, mais surtout sur les r\u00e9sultats les plus r\u00e9cents.<\/p>\n<p style=\"text-align: justify;\">Cinq manches ont d\u00e9j\u00e0 \u00e9t\u00e9 disput\u00e9es entre la fin du mois de novembre et celle de d\u00e9cembre. Apr\u00e8s un long break, cons\u00e9cutif \u00e0 l\u2019annulation de l\u2019\u00e9tape d\u2019Alleghe, seules <strong>les deux derni\u00e8res \u00e9preuves feront office d\u2019ultime juge de paix \u00e0 Veysonnaz (Suisse), du 21 au 24 janvier<\/strong>.<\/p>\n<div id=\"attachment_635429\" style=\"width: 1302px\" class=\"wp-caption aligncenter\"><img loading=\"lazy\" decoding=\"async\" aria-describedby=\"caption-attachment-635429\" class=\"wp-image-635429 size-full\" src=\"https:\/\/dicodusport.fr\/blog\/wp-content\/uploads\/2026\/01\/Les-resultats-des-Francais-en-Coupe-du-monde-de-skicross.png\" alt=\"Les r\u00e9sultats des Fran\u00e7ais en Coupe du monde de skicross\" width=\"1292\" height=\"393\" srcset=\"https:\/\/dicodusport.fr\/blog\/wp-content\/uploads\/2026\/01\/Les-resultats-des-Francais-en-Coupe-du-monde-de-skicross.png 1292w, https:\/\/dicodusport.fr\/blog\/wp-content\/uploads\/2026\/01\/Les-resultats-des-Francais-en-Coupe-du-monde-de-skicross-300x91.png 300w, https:\/\/dicodusport.fr\/blog\/wp-content\/uploads\/2026\/01\/Les-resultats-des-Francais-en-Coupe-du-monde-de-skicross-1024x311.png 1024w, https:\/\/dicodusport.fr\/blog\/wp-content\/uploads\/2026\/01\/Les-resultats-des-Francais-en-Coupe-du-monde-de-skicross-768x234.png 768w\" sizes=\"auto, (max-width: 1292px) 100vw, 1292px\" \/><p id=\"caption-attachment-635429\" class=\"wp-caption-text\">Les r\u00e9sultats des Fran\u00e7ais en Coupe du monde de skicross<\/p><\/div>\n<p style=\"text-align: justify;\">\u00c0 ce stade, il demeure difficile de dessiner avec pr\u00e9cision les contours du quatuor final. N\u00e9anmoins, <strong>Youri Duplessis Kergomard<\/strong> semble ind\u00e9boulonnable. Quatri\u00e8me du classement g\u00e9n\u00e9ral l\u2019an dernier, le Montpelli\u00e9rain a confirm\u00e9 en ce d\u00e9but de saison son statut de meilleure carte tricolore, <a href=\"https:\/\/dicodusport.fr\/blog\/les-bleus-du-skicross-demarrent-fort-a-val-thorens-mylene-ballet-baz-et-youri-kergomard-duplessis-sur-le-podium\/\">en d\u00e9crochant un podium<\/a>, mais aussi en atteignant les demi-finales lors de chacune de ses quatre pr\u00e9sences dans le tableau final.<\/p>\n<p style=\"text-align: justify;\">Il para\u00eet \u00e9galement difficile d\u2019\u00e9carter <strong>les cousins Tchiknavorian<\/strong> de l\u2019\u00e9quation. Au pied du podium puis demi-finaliste \u00e0 Val Thorens, <strong>Melvin Tchiknavorian<\/strong> fr\u00e9quente r\u00e9guli\u00e8rement le Top 10 du classement g\u00e9n\u00e9ral et s\u2019affirme comme le deuxi\u00e8me meilleur skieur fran\u00e7ais, dans la continuit\u00e9 de l\u2019hiver pr\u00e9c\u00e9dent. De son c\u00f4t\u00e9, <strong>Terence Tchiknavorian<\/strong> demeure capable d\u2019aller chercher de gros r\u00e9sultats (Top 5) et poss\u00e8de une pr\u00e9cieuse exp\u00e9rience olympique, avec deux participations aux Jeux (28e en 2018, 18e en 2022).<\/p>\n<blockquote class=\"twitter-tweet\">\n<p dir=\"ltr\" lang=\"fr\">\ud83c\uddeb\ud83c\uddf7 D\u00e9but de saison solide pour Melvin Tchiknavorian : le Fran\u00e7ais prend la 2e place de la petite finale \u00e0 Val Thorens.<\/p>\n<p>Profitez du ski cross et du meilleur des sports d&rsquo;hiver sur Eurosport <a href=\"https:\/\/twitter.com\/hashtag\/ChaletClub?src=hash&amp;ref_src=twsrc%5Etfw\">#ChaletClub<\/a> <a href=\"https:\/\/t.co\/ZEytjAAcWl\">pic.twitter.com\/ZEytjAAcWl<\/a><\/p>\n<p>\u2014 Eurosport France (@Eurosport_FR) <a href=\"https:\/\/twitter.com\/Eurosport_FR\/status\/1867214259022606609?ref_src=twsrc%5Etfw\">December 12, 2024<\/a><\/p><\/blockquote>\n<p><script async src=\"https:\/\/platform.twitter.com\/widgets.js\" charset=\"utf-8\"><\/script><\/p>\n<h2 style=\"text-align: justify;\">Klufts, Raffort, Jay ou Mari : quatre hommes pour l\u2019ultime strapontin<\/h2>\n<p style=\"text-align: justify;\">Derri\u00e8re ce trio solide, le staff tricolore va devoir se creuser la t\u00eate pour effectuer son choix. En dehors d\u2019<strong>Eliott Piccard<\/strong>, qui semble d\u00e9sormais hors course, ils sont encore quatre \u00e0 pouvoir pr\u00e9tendre l\u00e9gitimement au dernier billet. Auteur du meilleur hiver 2024-2025 parmi ces candidats, <strong>Nicolas Raffort<\/strong> partait initialement avec une longueur d\u2019avance. Toutefois, malgr\u00e9 des qualifications solides, il n\u2019est pas parvenu \u00e0 d\u00e9passer une seule fois le stade des huiti\u00e8mes de finale cet hiver, contrairement \u00e0 <strong>Alexis Jay<\/strong> et <strong>Romain Mari<\/strong>.<\/p>\n<p style=\"text-align: justify;\">Un homme a cependant rebattu les cartes : <strong>Evan Klufts<\/strong>. Alors qu\u2019il semblait progressivement s\u2019effacer de la course en raison de r\u00e9sultats insuffisants, le skieur de 28 ans est all\u00e9 chercher, \u00e0 la surprise g\u00e9n\u00e9rale, <strong>son premier podium en carri\u00e8re \u00e0 Innichen<\/strong>, au terme d\u2019une journ\u00e9e exceptionnelle. Un r\u00e9sultat majeur, susceptible de l\u2019envoyer \u00e0 Milan-Cortina s\u2019il parvient \u00e0 confirmer lors des manches de Veysonnaz.<\/p>\n<p style=\"text-align: justify;\">Vous l\u2019aurez compris, les deux derni\u00e8res manches disput\u00e9es en Suisse \u00e0 la fin du mois feront donc office d\u2019ultime juge de paix.<\/p>\n<h3 style=\"text-align: justify;\">Dicodusport vous conseille<\/h3>\n<div class=\"vlp-link-container vlp-layout-article\"><a href=\"https:\/\/dicodusport.fr\/blog\/evan-klufts-28-ans-cree-la-surprise-a-inninchen-premier-podium-en-coupe-du-monde-de-skicross-pour-le-francais\/\" class=\"vlp-link\" title=\"Evan Klufts (28 ans) cr\u00e9e la surprise \u00e0 Inninchen : premier podium en Coupe du monde de skicross pour le Fran\u00e7ais\"><\/a><div class=\"vlp-layout-zone-side\"><div class=\"vlp-block-4 vlp-link-image\"><img loading=\"lazy\" decoding=\"async\" style=\"max-width: 792px;\" width=\"792\" height=\"445\" src=\"https:\/\/dicodusport.fr\/blog\/wp-content\/uploads\/2025\/12\/Evan-Klufts-28-ans-cree-la-surprise-a-Inninchen-premier-podium-en-Coupe-du-monde-de-skicross-pour-le-Francais-1.png\" class=\"attachment-800x445 size-800x445\" alt=\"Evan Klufts (28 ans) cr\u00e9e la surprise \u00e0 Inninchen premier podium en Coupe du monde de skicross pour le Fran\u00e7ais\" srcset=\"https:\/\/dicodusport.fr\/blog\/wp-content\/uploads\/2025\/12\/Evan-Klufts-28-ans-cree-la-surprise-a-Inninchen-premier-podium-en-Coupe-du-monde-de-skicross-pour-le-Francais-1.png 1200w, https:\/\/dicodusport.fr\/blog\/wp-content\/uploads\/2025\/12\/Evan-Klufts-28-ans-cree-la-surprise-a-Inninchen-premier-podium-en-Coupe-du-monde-de-skicross-pour-le-Francais-1-300x169.png 300w, https:\/\/dicodusport.fr\/blog\/wp-content\/uploads\/2025\/12\/Evan-Klufts-28-ans-cree-la-surprise-a-Inninchen-premier-podium-en-Coupe-du-monde-de-skicross-pour-le-Francais-1-1024x575.png 1024w, https:\/\/dicodusport.fr\/blog\/wp-content\/uploads\/2025\/12\/Evan-Klufts-28-ans-cree-la-surprise-a-Inninchen-premier-podium-en-Coupe-du-monde-de-skicross-pour-le-Francais-1-768x431.png 768w\" sizes=\"auto, (max-width: 792px) 100vw, 792px\" \/><\/div><\/div><div class=\"vlp-layout-zone-main\"><div class=\"vlp-block-0 vlp-link-title\">Evan Klufts (28 ans) cr\u00e9e la surprise \u00e0 Inninchen : premier podium en Coupe du monde de skicross pour le Fran\u00e7ais<\/div><div class=\"vlp-block-1 vlp-link-summary\">COUPE DU MONDE DE SKICROSS 2025\/2026 - \u00c0 28 ans, Evan Klufts a r\u00e9alis\u00e9 la journ\u00e9e de sa vie en d\u00e9crochant la 3\u00e8me place de la deuxi\u00e8me course d'Inninchen.<\/div><div class=\"vlp-block-2 vlp-link-button\">Lire l'article<\/div><div class=\"vlp-block-3 vlp-link-url\">dicodusport.fr<\/div><\/div><\/div>\n<div id=\"gtx-trans\" style=\"position: absolute; left: -14px; top: 40.9091px;\">\n<div class=\"gtx-trans-icon\"><\/div>\n<\/div>\n","protected":false},"excerpt":{"rendered":"<p>SKICROSS \u2013 Disposant du maximum de quotas pour Milan-Cortina 2026 (4), le staff de l\u2019\u00e9quipe de France de skicross va devoir trancher dans le vif fin janvier.<\/p>\n","protected":false},"author":55,"featured_media":635430,"comment_status":"open","ping_status":"closed","sticky":false,"template":"","format":"standard","meta":{"_acf_changed":false,"_daextam_enable_autolinks":"1","footnotes":""},"categories":[44003],"tags":[32415,16878,46887,3621,46888,47094,2947],"class_list":["post-635427","post","type-post","status-publish","format-standard","has-post-thumbnail","hentry","category-jo-hiver-2026","tag-actu","tag-breve","tag-jeux-olympiques-2026","tag-jeux-olympiques-dhiver","tag-jo-2026","tag-jo-dhiver","tag-skicross"],"acf":[],"yoast_head":"<!-- This site is optimized with the Yoast SEO Premium plugin v26.7 (Yoast SEO v26.7) - https:\/\/yoast.com\/wordpress\/plugins\/seo\/ -->\n<title>Huit skieurs pour quatre places\u00a0: l\u2019\u00e9pineux casse-t\u00eate de la s\u00e9lection olympique en skicross<\/title>\n<meta name=\"description\" content=\"SKICROSS \u2013 Disposant du maximum de quotas pour Milan-Cortina 2026 (4), le staff de l\u2019\u00e9quipe de France de skicross va devoir trancher dans le vif fin janvier.\" \/>\n<meta name=\"robots\" content=\"index, follow, max-snippet:-1, max-image-preview:large, max-video-preview:-1\" \/>\n<link rel=\"canonical\" href=\"https:\/\/dicodusport.fr\/blog\/huit-skieurs-pour-quatre-places-lepineux-casse-tete-de-la-selection-olympique-en-skicross\/\" \/>\n<meta property=\"og:locale\" content=\"fr_FR\" \/>\n<meta property=\"og:type\" content=\"article\" \/>\n<meta property=\"og:title\" content=\"Huit skieurs pour quatre places\u00a0: l\u2019\u00e9pineux casse-t\u00eate de la s\u00e9lection olympique en skicross\" \/>\n<meta property=\"og:description\" content=\"SKICROSS \u2013 Disposant du maximum de quotas pour Milan-Cortina 2026 (4), le staff de l\u2019\u00e9quipe de France de skicross va devoir trancher dans le vif fin janvier.\" \/>\n<meta property=\"og:url\" content=\"https:\/\/dicodusport.fr\/blog\/huit-skieurs-pour-quatre-places-lepineux-casse-tete-de-la-selection-olympique-en-skicross\/\" \/>\n<meta property=\"og:site_name\" content=\"Dicodusport\" \/>\n<meta property=\"article:publisher\" content=\"https:\/\/www.facebook.com\/dicodusport\" \/>\n<meta property=\"article:published_time\" content=\"2026-01-05T17:00:40+00:00\" \/>\n<meta property=\"article:modified_time\" content=\"2026-02-03T08:43:46+00:00\" \/>\n<meta property=\"og:image\" content=\"https:\/\/dicodusport.fr\/blog\/wp-content\/uploads\/2026\/01\/Huit-skieurs-pour-quatre-places-lepineux-casse-tete-de-la-selection-olympique-en-skicross.png\" \/>\n\t<meta property=\"og:image:width\" content=\"1200\" \/>\n\t<meta property=\"og:image:height\" content=\"674\" \/>\n\t<meta property=\"og:image:type\" content=\"image\/png\" \/>\n<meta name=\"author\" content=\"Maxime Cazenave\" \/>\n<meta name=\"twitter:card\" content=\"summary_large_image\" \/>\n<meta name=\"twitter:title\" content=\"Huit skieurs pour quatre places\u00a0: l\u2019\u00e9pineux casse-t\u00eate de la s\u00e9lection olympique en skicross\" \/>\n<meta name=\"twitter:creator\" content=\"@https:\/\/twitter.com\/Maxime_Caze\" \/>\n<meta name=\"twitter:site\" content=\"@dicodusport\" \/>\n<script type=\"application\/ld+json\" class=\"yoast-schema-graph\">{\"@context\":\"https:\/\/schema.org\",\"@graph\":[{\"@type\":\"NewsArticle\",\"@id\":\"https:\/\/dicodusport.fr\/blog\/huit-skieurs-pour-quatre-places-lepineux-casse-tete-de-la-selection-olympique-en-skicross\/#article\",\"isPartOf\":{\"@id\":\"https:\/\/dicodusport.fr\/blog\/huit-skieurs-pour-quatre-places-lepineux-casse-tete-de-la-selection-olympique-en-skicross\/\"},\"author\":{\"name\":\"Maxime Cazenave\",\"@id\":\"https:\/\/dicodusport.fr\/blog\/#\/schema\/person\/37def232098a7a5cbab3974a3690abb0\"},\"headline\":\"Huit skieurs pour quatre places\u00a0: l\u2019\u00e9pineux casse-t\u00eate de la s\u00e9lection olympique en skicross\",\"datePublished\":\"2026-01-05T17:00:40+00:00\",\"dateModified\":\"2026-02-03T08:43:46+00:00\",\"mainEntityOfPage\":{\"@id\":\"https:\/\/dicodusport.fr\/blog\/huit-skieurs-pour-quatre-places-lepineux-casse-tete-de-la-selection-olympique-en-skicross\/\"},\"wordCount\":1106,\"commentCount\":0,\"publisher\":{\"@id\":\"https:\/\/dicodusport.fr\/blog\/#organization\"},\"image\":{\"@id\":\"https:\/\/dicodusport.fr\/blog\/huit-skieurs-pour-quatre-places-lepineux-casse-tete-de-la-selection-olympique-en-skicross\/#primaryimage\"},\"thumbnailUrl\":\"https:\/\/dicodusport.fr\/blog\/wp-content\/uploads\/2026\/01\/Huit-skieurs-pour-quatre-places-lepineux-casse-tete-de-la-selection-olympique-en-skicross.png\",\"keywords\":[\"actu\",\"br\u00e8ve\",\"Jeux Olympiques 2026\",\"Jeux olympiques d'hiver\",\"JO 2026\",\"JO d'hiver\",\"skicross\"],\"articleSection\":[\"JO d'hiver 2026\"],\"inLanguage\":\"fr-FR\",\"potentialAction\":[{\"@type\":\"CommentAction\",\"name\":\"Comment\",\"target\":[\"https:\/\/dicodusport.fr\/blog\/huit-skieurs-pour-quatre-places-lepineux-casse-tete-de-la-selection-olympique-en-skicross\/#respond\"]}],\"copyrightYear\":\"2026\",\"copyrightHolder\":{\"@id\":\"https:\/\/dicodusport.fr\/blog\/#organization\"}},{\"@type\":\"WebPage\",\"@id\":\"https:\/\/dicodusport.fr\/blog\/huit-skieurs-pour-quatre-places-lepineux-casse-tete-de-la-selection-olympique-en-skicross\/\",\"url\":\"https:\/\/dicodusport.fr\/blog\/huit-skieurs-pour-quatre-places-lepineux-casse-tete-de-la-selection-olympique-en-skicross\/\",\"name\":\"Huit skieurs pour quatre places\u00a0: l\u2019\u00e9pineux casse-t\u00eate de la s\u00e9lection olympique en skicross\",\"isPartOf\":{\"@id\":\"https:\/\/dicodusport.fr\/blog\/#website\"},\"primaryImageOfPage\":{\"@id\":\"https:\/\/dicodusport.fr\/blog\/huit-skieurs-pour-quatre-places-lepineux-casse-tete-de-la-selection-olympique-en-skicross\/#primaryimage\"},\"image\":{\"@id\":\"https:\/\/dicodusport.fr\/blog\/huit-skieurs-pour-quatre-places-lepineux-casse-tete-de-la-selection-olympique-en-skicross\/#primaryimage\"},\"thumbnailUrl\":\"https:\/\/dicodusport.fr\/blog\/wp-content\/uploads\/2026\/01\/Huit-skieurs-pour-quatre-places-lepineux-casse-tete-de-la-selection-olympique-en-skicross.png\",\"datePublished\":\"2026-01-05T17:00:40+00:00\",\"dateModified\":\"2026-02-03T08:43:46+00:00\",\"description\":\"SKICROSS \u2013 Disposant du maximum de quotas pour Milan-Cortina 2026 (4), le staff de l\u2019\u00e9quipe de France de skicross va devoir trancher dans le vif fin janvier.\",\"breadcrumb\":{\"@id\":\"https:\/\/dicodusport.fr\/blog\/huit-skieurs-pour-quatre-places-lepineux-casse-tete-de-la-selection-olympique-en-skicross\/#breadcrumb\"},\"inLanguage\":\"fr-FR\",\"potentialAction\":[{\"@type\":\"ReadAction\",\"target\":[\"https:\/\/dicodusport.fr\/blog\/huit-skieurs-pour-quatre-places-lepineux-casse-tete-de-la-selection-olympique-en-skicross\/\"]}]},{\"@type\":\"ImageObject\",\"inLanguage\":\"fr-FR\",\"@id\":\"https:\/\/dicodusport.fr\/blog\/huit-skieurs-pour-quatre-places-lepineux-casse-tete-de-la-selection-olympique-en-skicross\/#primaryimage\",\"url\":\"https:\/\/dicodusport.fr\/blog\/wp-content\/uploads\/2026\/01\/Huit-skieurs-pour-quatre-places-lepineux-casse-tete-de-la-selection-olympique-en-skicross.png\",\"contentUrl\":\"https:\/\/dicodusport.fr\/blog\/wp-content\/uploads\/2026\/01\/Huit-skieurs-pour-quatre-places-lepineux-casse-tete-de-la-selection-olympique-en-skicross.png\",\"width\":1200,\"height\":674,\"caption\":\"Huit skieurs pour quatre places\u00a0: l\u2019\u00e9pineux casse-t\u00eate de la s\u00e9lection olympique en skicross\"},{\"@type\":\"BreadcrumbList\",\"@id\":\"https:\/\/dicodusport.fr\/blog\/huit-skieurs-pour-quatre-places-lepineux-casse-tete-de-la-selection-olympique-en-skicross\/#breadcrumb\",\"itemListElement\":[{\"@type\":\"ListItem\",\"position\":1,\"name\":\"Accueil\",\"item\":\"https:\/\/dicodusport.fr\/blog\/\"},{\"@type\":\"ListItem\",\"position\":2,\"name\":\"Huit skieurs pour quatre places\u00a0: l\u2019\u00e9pineux casse-t\u00eate de la s\u00e9lection olympique en skicross\"}]},{\"@type\":\"WebSite\",\"@id\":\"https:\/\/dicodusport.fr\/blog\/#website\",\"url\":\"https:\/\/dicodusport.fr\/blog\/\",\"name\":\"Dicodusport\",\"description\":\"L&#039;encyclop\u00e9die de l&#039;actualit\u00e9 sportive\",\"publisher\":{\"@id\":\"https:\/\/dicodusport.fr\/blog\/#organization\"},\"potentialAction\":[{\"@type\":\"SearchAction\",\"target\":{\"@type\":\"EntryPoint\",\"urlTemplate\":\"https:\/\/dicodusport.fr\/blog\/?s={search_term_string}\"},\"query-input\":{\"@type\":\"PropertyValueSpecification\",\"valueRequired\":true,\"valueName\":\"search_term_string\"}}],\"inLanguage\":\"fr-FR\"},{\"@type\":\"NewsMediaOrganization\",\"@id\":\"https:\/\/dicodusport.fr\/blog\/#organization\",\"name\":\"Dicodusport\",\"url\":\"https:\/\/dicodusport.fr\/blog\/\",\"logo\":{\"@type\":\"ImageObject\",\"inLanguage\":\"fr-FR\",\"@id\":\"https:\/\/dicodusport.fr\/blog\/#\/schema\/logo\/image\/\",\"url\":\"https:\/\/dicodusport.fr\/blog\/wp-content\/uploads\/2020\/06\/cropped-LOGO-DICODUSPORT-2020-SANS-FOND-SANS-TEXTE.png\",\"contentUrl\":\"https:\/\/dicodusport.fr\/blog\/wp-content\/uploads\/2020\/06\/cropped-LOGO-DICODUSPORT-2020-SANS-FOND-SANS-TEXTE.png\",\"width\":512,\"height\":512,\"caption\":\"Dicodusport\"},\"image\":{\"@id\":\"https:\/\/dicodusport.fr\/blog\/#\/schema\/logo\/image\/\"},\"sameAs\":[\"https:\/\/www.facebook.com\/dicodusport\",\"https:\/\/x.com\/dicodusport\",\"https:\/\/www.instagram.com\/dicodusport\/\",\"https:\/\/www.youtube.com\/channel\/UC7V2KZ5sd3htJivAbA4ZG3w\"],\"description\":\"Dicodusport est l'encyclop\u00e9die de l'actualit\u00e9 sportive.\",\"email\":\"bonjour@dicodusport.fr\",\"legalName\":\"DICODUSPORT\",\"foundingDate\":\"2018-01-14\",\"vatID\":\"FR71834470973\",\"taxID\":\"83447097300043\",\"numberOfEmployees\":{\"@type\":\"QuantitativeValue\",\"minValue\":\"1\",\"maxValue\":\"10\"}},{\"@type\":\"Person\",\"@id\":\"https:\/\/dicodusport.fr\/blog\/#\/schema\/person\/37def232098a7a5cbab3974a3690abb0\",\"name\":\"Maxime Cazenave\",\"image\":{\"@type\":\"ImageObject\",\"inLanguage\":\"fr-FR\",\"@id\":\"https:\/\/dicodusport.fr\/blog\/#\/schema\/person\/image\/\",\"url\":\"https:\/\/dicodusport.fr\/blog\/wp-content\/uploads\/2021\/05\/Maxime-Cazenave-150x150.jpg\",\"contentUrl\":\"https:\/\/dicodusport.fr\/blog\/wp-content\/uploads\/2021\/05\/Maxime-Cazenave-150x150.jpg\",\"caption\":\"Maxime Cazenave\"},\"description\":\"Journaliste\/R\u00e9dacteur depuis 2012 - Berc\u00e9 par l\u2019amour des Girondins de Bordeaux, les \u00e9checs de Christophe Moreau sur le Tour de France sous l'\u00e8re Lance Armstrong et le fade-away l\u00e9tal de Dirk Nowitzki, ma passion d\u00e9vorante pour le sport a toujours \u00e9t\u00e9 un pan incontournable de ma vie. Transmettre ma passion \u00e0 l\u2019\u00e9crit a \u00e9t\u00e9 une transition naturelle. Suiveur assidu de basket et de hockey sur glace, je garde toujours un peu de place pour suivre le cyclisme, le football et le maximum de performances fran\u00e7aises.\",\"sameAs\":[\"https:\/\/x.com\/https:\/\/twitter.com\/Maxime_Caze\"],\"url\":\"https:\/\/dicodusport.fr\/blog\/author\/maximec\/\"}]}<\/script>\n<!-- \/ Yoast SEO Premium plugin. -->","yoast_head_json":{"title":"Huit skieurs pour quatre places\u00a0: l\u2019\u00e9pineux casse-t\u00eate de la s\u00e9lection olympique en skicross","description":"SKICROSS \u2013 Disposant du maximum de quotas pour Milan-Cortina 2026 (4), le staff de l\u2019\u00e9quipe de France de skicross va devoir trancher dans le vif fin janvier.","robots":{"index":"index","follow":"follow","max-snippet":"max-snippet:-1","max-image-preview":"max-image-preview:large","max-video-preview":"max-video-preview:-1"},"canonical":"https:\/\/dicodusport.fr\/blog\/huit-skieurs-pour-quatre-places-lepineux-casse-tete-de-la-selection-olympique-en-skicross\/","og_locale":"fr_FR","og_type":"article","og_title":"Huit skieurs pour quatre places\u00a0: l\u2019\u00e9pineux casse-t\u00eate de la s\u00e9lection olympique en skicross","og_description":"SKICROSS \u2013 Disposant du maximum de quotas pour Milan-Cortina 2026 (4), le staff de l\u2019\u00e9quipe de France de skicross va devoir trancher dans le vif fin janvier.","og_url":"https:\/\/dicodusport.fr\/blog\/huit-skieurs-pour-quatre-places-lepineux-casse-tete-de-la-selection-olympique-en-skicross\/","og_site_name":"Dicodusport","article_publisher":"https:\/\/www.facebook.com\/dicodusport","article_published_time":"2026-01-05T17:00:40+00:00","article_modified_time":"2026-02-03T08:43:46+00:00","og_image":[{"width":1200,"height":674,"url":"https:\/\/dicodusport.fr\/blog\/wp-content\/uploads\/2026\/01\/Huit-skieurs-pour-quatre-places-lepineux-casse-tete-de-la-selection-olympique-en-skicross.png","type":"image\/png"}],"author":"Maxime Cazenave","twitter_card":"summary_large_image","twitter_title":"Huit skieurs pour quatre places\u00a0: l\u2019\u00e9pineux casse-t\u00eate de la s\u00e9lection olympique en skicross","twitter_creator":"@https:\/\/twitter.com\/Maxime_Caze","twitter_site":"@dicodusport","schema":{"@context":"https:\/\/schema.org","@graph":[{"@type":"NewsArticle","@id":"https:\/\/dicodusport.fr\/blog\/huit-skieurs-pour-quatre-places-lepineux-casse-tete-de-la-selection-olympique-en-skicross\/#article","isPartOf":{"@id":"https:\/\/dicodusport.fr\/blog\/huit-skieurs-pour-quatre-places-lepineux-casse-tete-de-la-selection-olympique-en-skicross\/"},"author":{"name":"Maxime Cazenave","@id":"https:\/\/dicodusport.fr\/blog\/#\/schema\/person\/37def232098a7a5cbab3974a3690abb0"},"headline":"Huit skieurs pour quatre places\u00a0: l\u2019\u00e9pineux casse-t\u00eate de la s\u00e9lection olympique en skicross","datePublished":"2026-01-05T17:00:40+00:00","dateModified":"2026-02-03T08:43:46+00:00","mainEntityOfPage":{"@id":"https:\/\/dicodusport.fr\/blog\/huit-skieurs-pour-quatre-places-lepineux-casse-tete-de-la-selection-olympique-en-skicross\/"},"wordCount":1106,"commentCount":0,"publisher":{"@id":"https:\/\/dicodusport.fr\/blog\/#organization"},"image":{"@id":"https:\/\/dicodusport.fr\/blog\/huit-skieurs-pour-quatre-places-lepineux-casse-tete-de-la-selection-olympique-en-skicross\/#primaryimage"},"thumbnailUrl":"https:\/\/dicodusport.fr\/blog\/wp-content\/uploads\/2026\/01\/Huit-skieurs-pour-quatre-places-lepineux-casse-tete-de-la-selection-olympique-en-skicross.png","keywords":["actu","br\u00e8ve","Jeux Olympiques 2026","Jeux olympiques d'hiver","JO 2026","JO d'hiver","skicross"],"articleSection":["JO d'hiver 2026"],"inLanguage":"fr-FR","potentialAction":[{"@type":"CommentAction","name":"Comment","target":["https:\/\/dicodusport.fr\/blog\/huit-skieurs-pour-quatre-places-lepineux-casse-tete-de-la-selection-olympique-en-skicross\/#respond"]}],"copyrightYear":"2026","copyrightHolder":{"@id":"https:\/\/dicodusport.fr\/blog\/#organization"}},{"@type":"WebPage","@id":"https:\/\/dicodusport.fr\/blog\/huit-skieurs-pour-quatre-places-lepineux-casse-tete-de-la-selection-olympique-en-skicross\/","url":"https:\/\/dicodusport.fr\/blog\/huit-skieurs-pour-quatre-places-lepineux-casse-tete-de-la-selection-olympique-en-skicross\/","name":"Huit skieurs pour quatre places\u00a0: l\u2019\u00e9pineux casse-t\u00eate de la s\u00e9lection olympique en skicross","isPartOf":{"@id":"https:\/\/dicodusport.fr\/blog\/#website"},"primaryImageOfPage":{"@id":"https:\/\/dicodusport.fr\/blog\/huit-skieurs-pour-quatre-places-lepineux-casse-tete-de-la-selection-olympique-en-skicross\/#primaryimage"},"image":{"@id":"https:\/\/dicodusport.fr\/blog\/huit-skieurs-pour-quatre-places-lepineux-casse-tete-de-la-selection-olympique-en-skicross\/#primaryimage"},"thumbnailUrl":"https:\/\/dicodusport.fr\/blog\/wp-content\/uploads\/2026\/01\/Huit-skieurs-pour-quatre-places-lepineux-casse-tete-de-la-selection-olympique-en-skicross.png","datePublished":"2026-01-05T17:00:40+00:00","dateModified":"2026-02-03T08:43:46+00:00","description":"SKICROSS \u2013 Disposant du maximum de quotas pour Milan-Cortina 2026 (4), le staff de l\u2019\u00e9quipe de France de skicross va devoir trancher dans le vif fin janvier.","breadcrumb":{"@id":"https:\/\/dicodusport.fr\/blog\/huit-skieurs-pour-quatre-places-lepineux-casse-tete-de-la-selection-olympique-en-skicross\/#breadcrumb"},"inLanguage":"fr-FR","potentialAction":[{"@type":"ReadAction","target":["https:\/\/dicodusport.fr\/blog\/huit-skieurs-pour-quatre-places-lepineux-casse-tete-de-la-selection-olympique-en-skicross\/"]}]},{"@type":"ImageObject","inLanguage":"fr-FR","@id":"https:\/\/dicodusport.fr\/blog\/huit-skieurs-pour-quatre-places-lepineux-casse-tete-de-la-selection-olympique-en-skicross\/#primaryimage","url":"https:\/\/dicodusport.fr\/blog\/wp-content\/uploads\/2026\/01\/Huit-skieurs-pour-quatre-places-lepineux-casse-tete-de-la-selection-olympique-en-skicross.png","contentUrl":"https:\/\/dicodusport.fr\/blog\/wp-content\/uploads\/2026\/01\/Huit-skieurs-pour-quatre-places-lepineux-casse-tete-de-la-selection-olympique-en-skicross.png","width":1200,"height":674,"caption":"Huit skieurs pour quatre places\u00a0: l\u2019\u00e9pineux casse-t\u00eate de la s\u00e9lection olympique en skicross"},{"@type":"BreadcrumbList","@id":"https:\/\/dicodusport.fr\/blog\/huit-skieurs-pour-quatre-places-lepineux-casse-tete-de-la-selection-olympique-en-skicross\/#breadcrumb","itemListElement":[{"@type":"ListItem","position":1,"name":"Accueil","item":"https:\/\/dicodusport.fr\/blog\/"},{"@type":"ListItem","position":2,"name":"Huit skieurs pour quatre places\u00a0: l\u2019\u00e9pineux casse-t\u00eate de la s\u00e9lection olympique en skicross"}]},{"@type":"WebSite","@id":"https:\/\/dicodusport.fr\/blog\/#website","url":"https:\/\/dicodusport.fr\/blog\/","name":"Dicodusport","description":"L&#039;encyclop\u00e9die de l&#039;actualit\u00e9 sportive","publisher":{"@id":"https:\/\/dicodusport.fr\/blog\/#organization"},"potentialAction":[{"@type":"SearchAction","target":{"@type":"EntryPoint","urlTemplate":"https:\/\/dicodusport.fr\/blog\/?s={search_term_string}"},"query-input":{"@type":"PropertyValueSpecification","valueRequired":true,"valueName":"search_term_string"}}],"inLanguage":"fr-FR"},{"@type":"NewsMediaOrganization","@id":"https:\/\/dicodusport.fr\/blog\/#organization","name":"Dicodusport","url":"https:\/\/dicodusport.fr\/blog\/","logo":{"@type":"ImageObject","inLanguage":"fr-FR","@id":"https:\/\/dicodusport.fr\/blog\/#\/schema\/logo\/image\/","url":"https:\/\/dicodusport.fr\/blog\/wp-content\/uploads\/2020\/06\/cropped-LOGO-DICODUSPORT-2020-SANS-FOND-SANS-TEXTE.png","contentUrl":"https:\/\/dicodusport.fr\/blog\/wp-content\/uploads\/2020\/06\/cropped-LOGO-DICODUSPORT-2020-SANS-FOND-SANS-TEXTE.png","width":512,"height":512,"caption":"Dicodusport"},"image":{"@id":"https:\/\/dicodusport.fr\/blog\/#\/schema\/logo\/image\/"},"sameAs":["https:\/\/www.facebook.com\/dicodusport","https:\/\/x.com\/dicodusport","https:\/\/www.instagram.com\/dicodusport\/","https:\/\/www.youtube.com\/channel\/UC7V2KZ5sd3htJivAbA4ZG3w"],"description":"Dicodusport est l'encyclop\u00e9die de l'actualit\u00e9 sportive.","email":"bonjour@dicodusport.fr","legalName":"DICODUSPORT","foundingDate":"2018-01-14","vatID":"FR71834470973","taxID":"83447097300043","numberOfEmployees":{"@type":"QuantitativeValue","minValue":"1","maxValue":"10"}},{"@type":"Person","@id":"https:\/\/dicodusport.fr\/blog\/#\/schema\/person\/37def232098a7a5cbab3974a3690abb0","name":"Maxime Cazenave","image":{"@type":"ImageObject","inLanguage":"fr-FR","@id":"https:\/\/dicodusport.fr\/blog\/#\/schema\/person\/image\/","url":"https:\/\/dicodusport.fr\/blog\/wp-content\/uploads\/2021\/05\/Maxime-Cazenave-150x150.jpg","contentUrl":"https:\/\/dicodusport.fr\/blog\/wp-content\/uploads\/2021\/05\/Maxime-Cazenave-150x150.jpg","caption":"Maxime Cazenave"},"description":"Journaliste\/R\u00e9dacteur depuis 2012 - Berc\u00e9 par l\u2019amour des Girondins de Bordeaux, les \u00e9checs de Christophe Moreau sur le Tour de France sous l'\u00e8re Lance Armstrong et le fade-away l\u00e9tal de Dirk Nowitzki, ma passion d\u00e9vorante pour le sport a toujours \u00e9t\u00e9 un pan incontournable de ma vie. Transmettre ma passion \u00e0 l\u2019\u00e9crit a \u00e9t\u00e9 une transition naturelle. Suiveur assidu de basket et de hockey sur glace, je garde toujours un peu de place pour suivre le cyclisme, le football et le maximum de performances fran\u00e7aises.","sameAs":["https:\/\/x.com\/https:\/\/twitter.com\/Maxime_Caze"],"url":"https:\/\/dicodusport.fr\/blog\/author\/maximec\/"}]}},"_links":{"self":[{"href":"https:\/\/dicodusport.fr\/blog\/wp-json\/wp\/v2\/posts\/635427","targetHints":{"allow":["GET"]}}],"collection":[{"href":"https:\/\/dicodusport.fr\/blog\/wp-json\/wp\/v2\/posts"}],"about":[{"href":"https:\/\/dicodusport.fr\/blog\/wp-json\/wp\/v2\/types\/post"}],"author":[{"embeddable":true,"href":"https:\/\/dicodusport.fr\/blog\/wp-json\/wp\/v2\/users\/55"}],"replies":[{"embeddable":true,"href":"https:\/\/dicodusport.fr\/blog\/wp-json\/wp\/v2\/comments?post=635427"}],"version-history":[{"count":5,"href":"https:\/\/dicodusport.fr\/blog\/wp-json\/wp\/v2\/posts\/635427\/revisions"}],"predecessor-version":[{"id":636031,"href":"https:\/\/dicodusport.fr\/blog\/wp-json\/wp\/v2\/posts\/635427\/revisions\/636031"}],"wp:featuredmedia":[{"embeddable":true,"href":"https:\/\/dicodusport.fr\/blog\/wp-json\/wp\/v2\/media\/635430"}],"wp:attachment":[{"href":"https:\/\/dicodusport.fr\/blog\/wp-json\/wp\/v2\/media?parent=635427"}],"wp:term":[{"taxonomy":"category","embeddable":true,"href":"https:\/\/dicodusport.fr\/blog\/wp-json\/wp\/v2\/categories?post=635427"},{"taxonomy":"post_tag","embeddable":true,"href":"https:\/\/dicodusport.fr\/blog\/wp-json\/wp\/v2\/tags?post=635427"}],"curies":[{"name":"wp","href":"https:\/\/api.w.org\/{rel}","templated":true}]}}