{"id":635581,"date":"2026-01-03T14:33:58","date_gmt":"2026-01-03T13:33:58","guid":{"rendered":"https:\/\/dicodusport.fr\/blog\/?p=635581&#038;preview=true&#038;preview_id=635581"},"modified":"2026-01-03T15:33:08","modified_gmt":"2026-01-03T14:33:08","slug":"amandine-fouquenet-sur-sa-lancee-avec-sa-nouvelle-equipe-la-francaise-simpose-encore-en-superprestige-a-gullegem","status":"publish","type":"post","link":"https:\/\/dicodusport.fr\/blog\/amandine-fouquenet-sur-sa-lancee-avec-sa-nouvelle-equipe-la-francaise-simpose-encore-en-superprestige-a-gullegem\/","title":{"rendered":"Amandine Fouquenet sur sa lanc\u00e9e : avec sa nouvelle \u00e9quipe, la Fran\u00e7aise s&rsquo;impose encore en Superprestige \u00e0 Gullegem !"},"content":{"rendered":"<p style=\"text-align: justify;\"><strong><em>CYCLO-CROSS &#8211; Deuxi\u00e8me victoire de la saison en Superprestige pour Amandine Fouquenet, laur\u00e9ate en patronne \u00e0 Gullegem.<\/em><\/strong><\/p>\n<ul style=\"text-align: justify;\">\n<li><strong>\u00c0 ce sujet &#8211; <a href=\"https:\/\/dicodusport.fr\/blog\/amandine-fouquenet-recompensee-la-championne-de-france-de-cyclo-cross-retrouve-une-equipe-au-buzzer\/\">Amandine Fouquenet r\u00e9compens\u00e9e : la championne de France de cyclo-cross retrouve une \u00e9quipe au buzzer<\/a><\/strong><\/li>\n<\/ul>\n<p style=\"text-align: justify;\">La Pauwels Sauzen &#8211; Allez Altez Industriebouw Cycling Team a donc bel et bien d\u00e9croch\u00e9 le gros lot en enr\u00f4lant la championne de France <strong>Amandine Fouquenet<\/strong>, longtemps rest\u00e9e sans contrat. La Bretonne n&rsquo;aura pas mis longtemps \u00e0 briller sous ses nouvelles couleurs en remportant la manche de Superprestige du jour \u00e0 Gullegem.<\/p>\n<blockquote class=\"twitter-tweet\">\n<p dir=\"ltr\" lang=\"fr\">Nouvelle victoire d&rsquo;Amandine Fouquenet ! Pour sa 1re course avec Pauwels Sauzen &#8211; Altez Industriebouw, la Fran\u00e7aise a couru en patronne et s&rsquo;impose \u00e0 Gullegem, sur la 7e manche du Superprestige !<\/p>\n<p>Marion Norbert Riberolle et Rafaelle Carrier (18 ans, \ud83c\udde8\ud83c\udde6) compl\u00e8tent le podium. <a href=\"https:\/\/t.co\/s0lro8wcCn\">pic.twitter.com\/s0lro8wcCn<\/a><\/p>\n<p>\u2014 Le Gruppetto (@LeGruppetto) <a href=\"https:\/\/twitter.com\/LeGruppetto\/status\/2007444141056180573?ref_src=twsrc%5Etfw\">January 3, 2026<\/a><\/p><\/blockquote>\n<p style=\"text-align: justify;\"><script async src=\"https:\/\/platform.twitter.com\/widgets.js\" charset=\"utf-8\"><\/script><\/p>\n<h2 style=\"text-align: justify;\">Fouquenet force la d\u00e9cision<\/h2>\n<p style=\"text-align: justify;\">Tout d&rsquo;abord, le d\u00e9but de course a vu sept coureuses se d\u00e9tacher assez rapidement. On notait la pr\u00e9sence de deux autres Fran\u00e7aises hors <strong>Fouquenet<\/strong>, \u00e0 savoir<strong> H\u00e9l\u00e8ne Clauzel<\/strong> (Team EKOI) et <strong>Line Burquier<\/strong>. \u00c9taient \u00e9galement pr\u00e9sentes la Belge <strong>Marion Norbert Riberolle<\/strong> (Crelan &#8211; Corendon), l&rsquo;infatigable N\u00e9erlandaise <strong>Aniek van Alphen<\/strong> (Seven Racing), la jeune <strong>Zoe B\u00e4ckstedt<\/strong> (Canyon SRAM \/\/ zondakrypto) et la Suissesse sp\u00e9cialiste de VTT <strong>Jolanda Neff<\/strong>.<\/p>\n<p style=\"text-align: justify;\">Rapidement, <strong>Amandine Fouquenet<\/strong> prenait les choses en main lors du deuxi\u00e8me tour en portant une premi\u00e8re acc\u00e9l\u00e9ration, l\u00e2chant toutes ses concurrentes \u00e0 la p\u00e9dale. Cependant, <strong>Aniek van Alphen,<\/strong> leader du classement g\u00e9n\u00e9ral du Superprestige, et <strong>Marion Norbert Riberolle<\/strong>, parvenaient \u00e0 s&rsquo;accrocher aux roues de la nouvelle terreur de l&rsquo;hiver. Ensuite, lors du cinqui\u00e8me tour, la Fran\u00e7aise s&rsquo;est finalement d\u00e9tach\u00e9e d\u00e9finitivement malgr\u00e9 une belle r\u00e9sistance de <strong>Norbert Riberolle<\/strong>, finalement deuxi\u00e8me. Revenue de l&rsquo;arri\u00e8re, la surprenante Canadienne<strong> Rafaelle Carrier<\/strong> (18 ans) a subtilis\u00e9 le podium \u00e0 <strong>van Alphen<\/strong>, dont la place de leader au classement g\u00e9n\u00e9ral ne tient plus qu&rsquo;\u00e0 un fil face \u00e0 <strong>Fouquenet<\/strong>. <strong>Line Burquier<\/strong> et <strong>H\u00e9l\u00e8ne Clauzel<\/strong> terminent finalement six et septi\u00e8me.<\/p>\n<p style=\"text-align: justify;\">Rendez-vous demain \u00e0 Zonhoven pour assister pourquoi pas \u00e0 la premi\u00e8re victoire en Coupe du monde d&rsquo;<strong>Amandine Fouquenet<\/strong>, qui semble tourner autour cet hiver.<\/p>\n<h3 style=\"text-align: justify;\">\u00c0 lire aussi<\/h3>\n<div class=\"vlp-link-container vlp-layout-article\"><a href=\"https:\/\/dicodusport.fr\/blog\/amandine-fouquenet-simpose-pour-la-premiere-fois-en-superprestige-a-heusden-zolder\/\" class=\"vlp-link\" title=\"Amandine Fouquenet s&#039;impose pour la premi\u00e8re fois en Superprestige \u00e0 Heusden-Zolder !\"><\/a><div class=\"vlp-layout-zone-side\"><div class=\"vlp-block-4 vlp-link-image\"><img loading=\"lazy\" decoding=\"async\" style=\"max-width: 792px;\" width=\"792\" height=\"445\" src=\"https:\/\/dicodusport.fr\/blog\/wp-content\/uploads\/2025\/12\/Amandine-Fouquenet-simpose-pour-la-premiere-fois-en-Superprestige-a-Heusden-Zolder-.png\" class=\"attachment-800x445 size-800x445\" alt=\"Amandine Fouquenet s&#039;impose pour la premi\u00e8re fois en Superprestige \u00e0 Heusden-Zolder !\" srcset=\"https:\/\/dicodusport.fr\/blog\/wp-content\/uploads\/2025\/12\/Amandine-Fouquenet-simpose-pour-la-premiere-fois-en-Superprestige-a-Heusden-Zolder-.png 1200w, https:\/\/dicodusport.fr\/blog\/wp-content\/uploads\/2025\/12\/Amandine-Fouquenet-simpose-pour-la-premiere-fois-en-Superprestige-a-Heusden-Zolder--300x169.png 300w, https:\/\/dicodusport.fr\/blog\/wp-content\/uploads\/2025\/12\/Amandine-Fouquenet-simpose-pour-la-premiere-fois-en-Superprestige-a-Heusden-Zolder--1024x575.png 1024w, https:\/\/dicodusport.fr\/blog\/wp-content\/uploads\/2025\/12\/Amandine-Fouquenet-simpose-pour-la-premiere-fois-en-Superprestige-a-Heusden-Zolder--768x431.png 768w\" sizes=\"auto, (max-width: 792px) 100vw, 792px\" \/><\/div><\/div><div class=\"vlp-layout-zone-main\"><div class=\"vlp-block-0 vlp-link-title\">Amandine Fouquenet s'impose pour la premi\u00e8re fois en Superprestige \u00e0 Heusden-Zolder !<\/div><div class=\"vlp-block-1 vlp-link-summary\">SUPERPRESTIGE 2025\/2026 - Amandine Fouquenet a remport\u00e9 sa plus grande victoire en cyclo-cross en s'imposant \u00e0 Heusden-Zolder.<\/div><div class=\"vlp-block-2 vlp-link-button\">Lire l'article<\/div><div class=\"vlp-block-3 vlp-link-url\">dicodusport.fr<\/div><\/div><\/div>\n<div id=\"gtx-trans\" style=\"position: absolute; left: -14px; top: 40.9091px;\">\n<div class=\"gtx-trans-icon\" style=\"text-align: justify;\"><\/div>\n<\/div>\n","protected":false},"excerpt":{"rendered":"<p>CYCLO-CROSS &#8211; Deuxi\u00e8me victoire de la saison en Superprestige pour Amandine Fouquenet, laur\u00e9ate en patronne \u00e0 Gullegem.<\/p>\n","protected":false},"author":92,"featured_media":635593,"comment_status":"open","ping_status":"closed","sticky":false,"template":"","format":"standard","meta":{"_acf_changed":false,"_daextam_enable_autolinks":"1","footnotes":""},"categories":[9611],"tags":[16878,6666,24],"class_list":["post-635581","post","type-post","status-publish","format-standard","has-post-thumbnail","hentry","category-cyclo-cross","tag-breve","tag-cyclo-cross","tag-sport"],"acf":[],"yoast_head":"<!-- This site is optimized with the Yoast SEO Premium plugin v26.7 (Yoast SEO v26.7) - https:\/\/yoast.com\/wordpress\/plugins\/seo\/ -->\n<title>Amandine Fouquenet sur sa lanc\u00e9e : avec sa nouvelle \u00e9quipe, la Fran\u00e7aise s&#039;impose encore en Superprestige \u00e0 Gullegem !<\/title>\n<meta name=\"description\" content=\"CYCLO-CROSS - Deuxi\u00e8me victoire de la saison en Superprestige pour Amandine Fouquenet, laur\u00e9ate en patronne \u00e0 Gullegem.\" \/>\n<meta name=\"robots\" content=\"index, follow, max-snippet:-1, max-image-preview:large, max-video-preview:-1\" \/>\n<link rel=\"canonical\" href=\"https:\/\/dicodusport.fr\/blog\/amandine-fouquenet-sur-sa-lancee-avec-sa-nouvelle-equipe-la-francaise-simpose-encore-en-superprestige-a-gullegem\/\" \/>\n<meta property=\"og:locale\" content=\"fr_FR\" \/>\n<meta property=\"og:type\" content=\"article\" \/>\n<meta property=\"og:title\" content=\"Amandine Fouquenet sur sa lanc\u00e9e : avec sa nouvelle \u00e9quipe, la Fran\u00e7aise s&#039;impose encore en Superprestige \u00e0 Gullegem !\" \/>\n<meta property=\"og:description\" content=\"CYCLO-CROSS - Deuxi\u00e8me victoire de la saison en Superprestige pour Amandine Fouquenet, laur\u00e9ate en patronne \u00e0 Gullegem.\" \/>\n<meta property=\"og:url\" content=\"https:\/\/dicodusport.fr\/blog\/amandine-fouquenet-sur-sa-lancee-avec-sa-nouvelle-equipe-la-francaise-simpose-encore-en-superprestige-a-gullegem\/\" \/>\n<meta property=\"og:site_name\" content=\"Dicodusport\" \/>\n<meta property=\"article:publisher\" content=\"https:\/\/www.facebook.com\/dicodusport\" \/>\n<meta property=\"article:published_time\" content=\"2026-01-03T13:33:58+00:00\" \/>\n<meta property=\"article:modified_time\" content=\"2026-01-03T14:33:08+00:00\" \/>\n<meta property=\"og:image\" content=\"https:\/\/dicodusport.fr\/blog\/wp-content\/uploads\/2026\/01\/Amandine-Fouquenet-sur-sa-lancee-avec-sa-nouvelle-equipe-la-Francaise-simpose-encore-en-Superprestige-a-Gullegem-.png\" \/>\n\t<meta property=\"og:image:width\" content=\"1200\" \/>\n\t<meta property=\"og:image:height\" content=\"674\" \/>\n\t<meta property=\"og:image:type\" content=\"image\/png\" \/>\n<meta name=\"author\" content=\"Olivier Dobiezynski\" \/>\n<meta name=\"twitter:card\" content=\"summary_large_image\" \/>\n<meta name=\"twitter:title\" content=\"Amandine Fouquenet sur sa lanc\u00e9e : avec sa nouvelle \u00e9quipe, la Fran\u00e7aise s&#039;impose encore en Superprestige \u00e0 Gullegem !\" \/>\n<meta name=\"twitter:creator\" content=\"@https:\/\/x.com\/Olivier_Matros\" \/>\n<meta name=\"twitter:site\" content=\"@dicodusport\" \/>\n<script type=\"application\/ld+json\" class=\"yoast-schema-graph\">{\"@context\":\"https:\/\/schema.org\",\"@graph\":[{\"@type\":\"NewsArticle\",\"@id\":\"https:\/\/dicodusport.fr\/blog\/amandine-fouquenet-sur-sa-lancee-avec-sa-nouvelle-equipe-la-francaise-simpose-encore-en-superprestige-a-gullegem\/#article\",\"isPartOf\":{\"@id\":\"https:\/\/dicodusport.fr\/blog\/amandine-fouquenet-sur-sa-lancee-avec-sa-nouvelle-equipe-la-francaise-simpose-encore-en-superprestige-a-gullegem\/\"},\"author\":{\"name\":\"Olivier Dobiezynski\",\"@id\":\"https:\/\/dicodusport.fr\/blog\/#\/schema\/person\/fe500246414ca17ddf0c0312d7a792cc\"},\"headline\":\"Amandine Fouquenet sur sa lanc\u00e9e : avec sa nouvelle \u00e9quipe, la Fran\u00e7aise s&rsquo;impose encore en Superprestige \u00e0 Gullegem !\",\"datePublished\":\"2026-01-03T13:33:58+00:00\",\"dateModified\":\"2026-01-03T14:33:08+00:00\",\"mainEntityOfPage\":{\"@id\":\"https:\/\/dicodusport.fr\/blog\/amandine-fouquenet-sur-sa-lancee-avec-sa-nouvelle-equipe-la-francaise-simpose-encore-en-superprestige-a-gullegem\/\"},\"wordCount\":507,\"commentCount\":0,\"publisher\":{\"@id\":\"https:\/\/dicodusport.fr\/blog\/#organization\"},\"image\":{\"@id\":\"https:\/\/dicodusport.fr\/blog\/amandine-fouquenet-sur-sa-lancee-avec-sa-nouvelle-equipe-la-francaise-simpose-encore-en-superprestige-a-gullegem\/#primaryimage\"},\"thumbnailUrl\":\"https:\/\/dicodusport.fr\/blog\/wp-content\/uploads\/2026\/01\/Amandine-Fouquenet-sur-sa-lancee-avec-sa-nouvelle-equipe-la-Francaise-simpose-encore-en-Superprestige-a-Gullegem-.png\",\"keywords\":[\"br\u00e8ve\",\"Cyclo-cross\",\"sport\"],\"articleSection\":[\"Cyclo-cross\"],\"inLanguage\":\"fr-FR\",\"potentialAction\":[{\"@type\":\"CommentAction\",\"name\":\"Comment\",\"target\":[\"https:\/\/dicodusport.fr\/blog\/amandine-fouquenet-sur-sa-lancee-avec-sa-nouvelle-equipe-la-francaise-simpose-encore-en-superprestige-a-gullegem\/#respond\"]}],\"copyrightYear\":\"2026\",\"copyrightHolder\":{\"@id\":\"https:\/\/dicodusport.fr\/blog\/#organization\"}},{\"@type\":\"WebPage\",\"@id\":\"https:\/\/dicodusport.fr\/blog\/amandine-fouquenet-sur-sa-lancee-avec-sa-nouvelle-equipe-la-francaise-simpose-encore-en-superprestige-a-gullegem\/\",\"url\":\"https:\/\/dicodusport.fr\/blog\/amandine-fouquenet-sur-sa-lancee-avec-sa-nouvelle-equipe-la-francaise-simpose-encore-en-superprestige-a-gullegem\/\",\"name\":\"Amandine Fouquenet sur sa lanc\u00e9e : avec sa nouvelle \u00e9quipe, la Fran\u00e7aise s'impose encore en Superprestige \u00e0 Gullegem !\",\"isPartOf\":{\"@id\":\"https:\/\/dicodusport.fr\/blog\/#website\"},\"primaryImageOfPage\":{\"@id\":\"https:\/\/dicodusport.fr\/blog\/amandine-fouquenet-sur-sa-lancee-avec-sa-nouvelle-equipe-la-francaise-simpose-encore-en-superprestige-a-gullegem\/#primaryimage\"},\"image\":{\"@id\":\"https:\/\/dicodusport.fr\/blog\/amandine-fouquenet-sur-sa-lancee-avec-sa-nouvelle-equipe-la-francaise-simpose-encore-en-superprestige-a-gullegem\/#primaryimage\"},\"thumbnailUrl\":\"https:\/\/dicodusport.fr\/blog\/wp-content\/uploads\/2026\/01\/Amandine-Fouquenet-sur-sa-lancee-avec-sa-nouvelle-equipe-la-Francaise-simpose-encore-en-Superprestige-a-Gullegem-.png\",\"datePublished\":\"2026-01-03T13:33:58+00:00\",\"dateModified\":\"2026-01-03T14:33:08+00:00\",\"description\":\"CYCLO-CROSS - Deuxi\u00e8me victoire de la saison en Superprestige pour Amandine Fouquenet, laur\u00e9ate en patronne \u00e0 Gullegem.\",\"breadcrumb\":{\"@id\":\"https:\/\/dicodusport.fr\/blog\/amandine-fouquenet-sur-sa-lancee-avec-sa-nouvelle-equipe-la-francaise-simpose-encore-en-superprestige-a-gullegem\/#breadcrumb\"},\"inLanguage\":\"fr-FR\",\"potentialAction\":[{\"@type\":\"ReadAction\",\"target\":[\"https:\/\/dicodusport.fr\/blog\/amandine-fouquenet-sur-sa-lancee-avec-sa-nouvelle-equipe-la-francaise-simpose-encore-en-superprestige-a-gullegem\/\"]}]},{\"@type\":\"ImageObject\",\"inLanguage\":\"fr-FR\",\"@id\":\"https:\/\/dicodusport.fr\/blog\/amandine-fouquenet-sur-sa-lancee-avec-sa-nouvelle-equipe-la-francaise-simpose-encore-en-superprestige-a-gullegem\/#primaryimage\",\"url\":\"https:\/\/dicodusport.fr\/blog\/wp-content\/uploads\/2026\/01\/Amandine-Fouquenet-sur-sa-lancee-avec-sa-nouvelle-equipe-la-Francaise-simpose-encore-en-Superprestige-a-Gullegem-.png\",\"contentUrl\":\"https:\/\/dicodusport.fr\/blog\/wp-content\/uploads\/2026\/01\/Amandine-Fouquenet-sur-sa-lancee-avec-sa-nouvelle-equipe-la-Francaise-simpose-encore-en-Superprestige-a-Gullegem-.png\",\"width\":1200,\"height\":674,\"caption\":\"Amandine Fouquenet sur sa lanc\u00e9e avec sa nouvelle \u00e9quipe, la Fran\u00e7aise s'impose encore en Superprestige \u00e0 Gullegem !\"},{\"@type\":\"BreadcrumbList\",\"@id\":\"https:\/\/dicodusport.fr\/blog\/amandine-fouquenet-sur-sa-lancee-avec-sa-nouvelle-equipe-la-francaise-simpose-encore-en-superprestige-a-gullegem\/#breadcrumb\",\"itemListElement\":[{\"@type\":\"ListItem\",\"position\":1,\"name\":\"Accueil\",\"item\":\"https:\/\/dicodusport.fr\/blog\/\"},{\"@type\":\"ListItem\",\"position\":2,\"name\":\"Amandine Fouquenet sur sa lanc\u00e9e : avec sa nouvelle \u00e9quipe, la Fran\u00e7aise s&rsquo;impose encore en Superprestige \u00e0 Gullegem !\"}]},{\"@type\":\"WebSite\",\"@id\":\"https:\/\/dicodusport.fr\/blog\/#website\",\"url\":\"https:\/\/dicodusport.fr\/blog\/\",\"name\":\"Dicodusport\",\"description\":\"L&#039;encyclop\u00e9die de l&#039;actualit\u00e9 sportive\",\"publisher\":{\"@id\":\"https:\/\/dicodusport.fr\/blog\/#organization\"},\"potentialAction\":[{\"@type\":\"SearchAction\",\"target\":{\"@type\":\"EntryPoint\",\"urlTemplate\":\"https:\/\/dicodusport.fr\/blog\/?s={search_term_string}\"},\"query-input\":{\"@type\":\"PropertyValueSpecification\",\"valueRequired\":true,\"valueName\":\"search_term_string\"}}],\"inLanguage\":\"fr-FR\"},{\"@type\":\"NewsMediaOrganization\",\"@id\":\"https:\/\/dicodusport.fr\/blog\/#organization\",\"name\":\"Dicodusport\",\"url\":\"https:\/\/dicodusport.fr\/blog\/\",\"logo\":{\"@type\":\"ImageObject\",\"inLanguage\":\"fr-FR\",\"@id\":\"https:\/\/dicodusport.fr\/blog\/#\/schema\/logo\/image\/\",\"url\":\"https:\/\/dicodusport.fr\/blog\/wp-content\/uploads\/2020\/06\/cropped-LOGO-DICODUSPORT-2020-SANS-FOND-SANS-TEXTE.png\",\"contentUrl\":\"https:\/\/dicodusport.fr\/blog\/wp-content\/uploads\/2020\/06\/cropped-LOGO-DICODUSPORT-2020-SANS-FOND-SANS-TEXTE.png\",\"width\":512,\"height\":512,\"caption\":\"Dicodusport\"},\"image\":{\"@id\":\"https:\/\/dicodusport.fr\/blog\/#\/schema\/logo\/image\/\"},\"sameAs\":[\"https:\/\/www.facebook.com\/dicodusport\",\"https:\/\/x.com\/dicodusport\",\"https:\/\/www.instagram.com\/dicodusport\/\",\"https:\/\/www.youtube.com\/channel\/UC7V2KZ5sd3htJivAbA4ZG3w\"],\"description\":\"Dicodusport est l'encyclop\u00e9die de l'actualit\u00e9 sportive.\",\"email\":\"bonjour@dicodusport.fr\",\"legalName\":\"DICODUSPORT\",\"foundingDate\":\"2018-01-14\",\"vatID\":\"FR71834470973\",\"taxID\":\"83447097300043\",\"numberOfEmployees\":{\"@type\":\"QuantitativeValue\",\"minValue\":\"1\",\"maxValue\":\"10\"}},{\"@type\":\"Person\",\"@id\":\"https:\/\/dicodusport.fr\/blog\/#\/schema\/person\/fe500246414ca17ddf0c0312d7a792cc\",\"name\":\"Olivier Dobiezynski\",\"image\":{\"@type\":\"ImageObject\",\"inLanguage\":\"fr-FR\",\"@id\":\"https:\/\/dicodusport.fr\/blog\/#\/schema\/person\/image\/\",\"url\":\"https:\/\/dicodusport.fr\/blog\/wp-content\/uploads\/2024\/09\/5be8fe8d-9962-4f1e-ad06-d6f9dee30e6d-150x150.jpg\",\"contentUrl\":\"https:\/\/dicodusport.fr\/blog\/wp-content\/uploads\/2024\/09\/5be8fe8d-9962-4f1e-ad06-d6f9dee30e6d-150x150.jpg\",\"caption\":\"Olivier Dobiezynski\"},\"description\":\"Depuis le milieu des ann\u00e9es 90, la passion du cyclisme m'anime. Mes h\u00e9ros s'appellent Luc Leblanc, Piotr Ugrumov, Paolo Savoldelli, Peter Sagan et bien \u00e9videmment Romain Bardet. R\u00e9dacteur depuis 2023, je suis ici pour partager cet amour de la Petite Reine. Vous pourrez me lire \u00e9galement sur du trail, du ski de fond et tout autre sujet susceptible d'\u00e9veiller ma curiosit\u00e9 sportive.\",\"sameAs\":[\"https:\/\/x.com\/https:\/\/x.com\/Olivier_Matros\"],\"url\":\"https:\/\/dicodusport.fr\/blog\/author\/olivier-gh\/\"}]}<\/script>\n<!-- \/ Yoast SEO Premium plugin. -->","yoast_head_json":{"title":"Amandine Fouquenet sur sa lanc\u00e9e : avec sa nouvelle \u00e9quipe, la Fran\u00e7aise s'impose encore en Superprestige \u00e0 Gullegem !","description":"CYCLO-CROSS - Deuxi\u00e8me victoire de la saison en Superprestige pour Amandine Fouquenet, laur\u00e9ate en patronne \u00e0 Gullegem.","robots":{"index":"index","follow":"follow","max-snippet":"max-snippet:-1","max-image-preview":"max-image-preview:large","max-video-preview":"max-video-preview:-1"},"canonical":"https:\/\/dicodusport.fr\/blog\/amandine-fouquenet-sur-sa-lancee-avec-sa-nouvelle-equipe-la-francaise-simpose-encore-en-superprestige-a-gullegem\/","og_locale":"fr_FR","og_type":"article","og_title":"Amandine Fouquenet sur sa lanc\u00e9e : avec sa nouvelle \u00e9quipe, la Fran\u00e7aise s'impose encore en Superprestige \u00e0 Gullegem !","og_description":"CYCLO-CROSS - Deuxi\u00e8me victoire de la saison en Superprestige pour Amandine Fouquenet, laur\u00e9ate en patronne \u00e0 Gullegem.","og_url":"https:\/\/dicodusport.fr\/blog\/amandine-fouquenet-sur-sa-lancee-avec-sa-nouvelle-equipe-la-francaise-simpose-encore-en-superprestige-a-gullegem\/","og_site_name":"Dicodusport","article_publisher":"https:\/\/www.facebook.com\/dicodusport","article_published_time":"2026-01-03T13:33:58+00:00","article_modified_time":"2026-01-03T14:33:08+00:00","og_image":[{"width":1200,"height":674,"url":"https:\/\/dicodusport.fr\/blog\/wp-content\/uploads\/2026\/01\/Amandine-Fouquenet-sur-sa-lancee-avec-sa-nouvelle-equipe-la-Francaise-simpose-encore-en-Superprestige-a-Gullegem-.png","type":"image\/png"}],"author":"Olivier Dobiezynski","twitter_card":"summary_large_image","twitter_title":"Amandine Fouquenet sur sa lanc\u00e9e : avec sa nouvelle \u00e9quipe, la Fran\u00e7aise s'impose encore en Superprestige \u00e0 Gullegem !","twitter_creator":"@https:\/\/x.com\/Olivier_Matros","twitter_site":"@dicodusport","schema":{"@context":"https:\/\/schema.org","@graph":[{"@type":"NewsArticle","@id":"https:\/\/dicodusport.fr\/blog\/amandine-fouquenet-sur-sa-lancee-avec-sa-nouvelle-equipe-la-francaise-simpose-encore-en-superprestige-a-gullegem\/#article","isPartOf":{"@id":"https:\/\/dicodusport.fr\/blog\/amandine-fouquenet-sur-sa-lancee-avec-sa-nouvelle-equipe-la-francaise-simpose-encore-en-superprestige-a-gullegem\/"},"author":{"name":"Olivier Dobiezynski","@id":"https:\/\/dicodusport.fr\/blog\/#\/schema\/person\/fe500246414ca17ddf0c0312d7a792cc"},"headline":"Amandine Fouquenet sur sa lanc\u00e9e : avec sa nouvelle \u00e9quipe, la Fran\u00e7aise s&rsquo;impose encore en Superprestige \u00e0 Gullegem !","datePublished":"2026-01-03T13:33:58+00:00","dateModified":"2026-01-03T14:33:08+00:00","mainEntityOfPage":{"@id":"https:\/\/dicodusport.fr\/blog\/amandine-fouquenet-sur-sa-lancee-avec-sa-nouvelle-equipe-la-francaise-simpose-encore-en-superprestige-a-gullegem\/"},"wordCount":507,"commentCount":0,"publisher":{"@id":"https:\/\/dicodusport.fr\/blog\/#organization"},"image":{"@id":"https:\/\/dicodusport.fr\/blog\/amandine-fouquenet-sur-sa-lancee-avec-sa-nouvelle-equipe-la-francaise-simpose-encore-en-superprestige-a-gullegem\/#primaryimage"},"thumbnailUrl":"https:\/\/dicodusport.fr\/blog\/wp-content\/uploads\/2026\/01\/Amandine-Fouquenet-sur-sa-lancee-avec-sa-nouvelle-equipe-la-Francaise-simpose-encore-en-Superprestige-a-Gullegem-.png","keywords":["br\u00e8ve","Cyclo-cross","sport"],"articleSection":["Cyclo-cross"],"inLanguage":"fr-FR","potentialAction":[{"@type":"CommentAction","name":"Comment","target":["https:\/\/dicodusport.fr\/blog\/amandine-fouquenet-sur-sa-lancee-avec-sa-nouvelle-equipe-la-francaise-simpose-encore-en-superprestige-a-gullegem\/#respond"]}],"copyrightYear":"2026","copyrightHolder":{"@id":"https:\/\/dicodusport.fr\/blog\/#organization"}},{"@type":"WebPage","@id":"https:\/\/dicodusport.fr\/blog\/amandine-fouquenet-sur-sa-lancee-avec-sa-nouvelle-equipe-la-francaise-simpose-encore-en-superprestige-a-gullegem\/","url":"https:\/\/dicodusport.fr\/blog\/amandine-fouquenet-sur-sa-lancee-avec-sa-nouvelle-equipe-la-francaise-simpose-encore-en-superprestige-a-gullegem\/","name":"Amandine Fouquenet sur sa lanc\u00e9e : avec sa nouvelle \u00e9quipe, la Fran\u00e7aise s'impose encore en Superprestige \u00e0 Gullegem !","isPartOf":{"@id":"https:\/\/dicodusport.fr\/blog\/#website"},"primaryImageOfPage":{"@id":"https:\/\/dicodusport.fr\/blog\/amandine-fouquenet-sur-sa-lancee-avec-sa-nouvelle-equipe-la-francaise-simpose-encore-en-superprestige-a-gullegem\/#primaryimage"},"image":{"@id":"https:\/\/dicodusport.fr\/blog\/amandine-fouquenet-sur-sa-lancee-avec-sa-nouvelle-equipe-la-francaise-simpose-encore-en-superprestige-a-gullegem\/#primaryimage"},"thumbnailUrl":"https:\/\/dicodusport.fr\/blog\/wp-content\/uploads\/2026\/01\/Amandine-Fouquenet-sur-sa-lancee-avec-sa-nouvelle-equipe-la-Francaise-simpose-encore-en-Superprestige-a-Gullegem-.png","datePublished":"2026-01-03T13:33:58+00:00","dateModified":"2026-01-03T14:33:08+00:00","description":"CYCLO-CROSS - Deuxi\u00e8me victoire de la saison en Superprestige pour Amandine Fouquenet, laur\u00e9ate en patronne \u00e0 Gullegem.","breadcrumb":{"@id":"https:\/\/dicodusport.fr\/blog\/amandine-fouquenet-sur-sa-lancee-avec-sa-nouvelle-equipe-la-francaise-simpose-encore-en-superprestige-a-gullegem\/#breadcrumb"},"inLanguage":"fr-FR","potentialAction":[{"@type":"ReadAction","target":["https:\/\/dicodusport.fr\/blog\/amandine-fouquenet-sur-sa-lancee-avec-sa-nouvelle-equipe-la-francaise-simpose-encore-en-superprestige-a-gullegem\/"]}]},{"@type":"ImageObject","inLanguage":"fr-FR","@id":"https:\/\/dicodusport.fr\/blog\/amandine-fouquenet-sur-sa-lancee-avec-sa-nouvelle-equipe-la-francaise-simpose-encore-en-superprestige-a-gullegem\/#primaryimage","url":"https:\/\/dicodusport.fr\/blog\/wp-content\/uploads\/2026\/01\/Amandine-Fouquenet-sur-sa-lancee-avec-sa-nouvelle-equipe-la-Francaise-simpose-encore-en-Superprestige-a-Gullegem-.png","contentUrl":"https:\/\/dicodusport.fr\/blog\/wp-content\/uploads\/2026\/01\/Amandine-Fouquenet-sur-sa-lancee-avec-sa-nouvelle-equipe-la-Francaise-simpose-encore-en-Superprestige-a-Gullegem-.png","width":1200,"height":674,"caption":"Amandine Fouquenet sur sa lanc\u00e9e avec sa nouvelle \u00e9quipe, la Fran\u00e7aise s'impose encore en Superprestige \u00e0 Gullegem !"},{"@type":"BreadcrumbList","@id":"https:\/\/dicodusport.fr\/blog\/amandine-fouquenet-sur-sa-lancee-avec-sa-nouvelle-equipe-la-francaise-simpose-encore-en-superprestige-a-gullegem\/#breadcrumb","itemListElement":[{"@type":"ListItem","position":1,"name":"Accueil","item":"https:\/\/dicodusport.fr\/blog\/"},{"@type":"ListItem","position":2,"name":"Amandine Fouquenet sur sa lanc\u00e9e : avec sa nouvelle \u00e9quipe, la Fran\u00e7aise s&rsquo;impose encore en Superprestige \u00e0 Gullegem !"}]},{"@type":"WebSite","@id":"https:\/\/dicodusport.fr\/blog\/#website","url":"https:\/\/dicodusport.fr\/blog\/","name":"Dicodusport","description":"L&#039;encyclop\u00e9die de l&#039;actualit\u00e9 sportive","publisher":{"@id":"https:\/\/dicodusport.fr\/blog\/#organization"},"potentialAction":[{"@type":"SearchAction","target":{"@type":"EntryPoint","urlTemplate":"https:\/\/dicodusport.fr\/blog\/?s={search_term_string}"},"query-input":{"@type":"PropertyValueSpecification","valueRequired":true,"valueName":"search_term_string"}}],"inLanguage":"fr-FR"},{"@type":"NewsMediaOrganization","@id":"https:\/\/dicodusport.fr\/blog\/#organization","name":"Dicodusport","url":"https:\/\/dicodusport.fr\/blog\/","logo":{"@type":"ImageObject","inLanguage":"fr-FR","@id":"https:\/\/dicodusport.fr\/blog\/#\/schema\/logo\/image\/","url":"https:\/\/dicodusport.fr\/blog\/wp-content\/uploads\/2020\/06\/cropped-LOGO-DICODUSPORT-2020-SANS-FOND-SANS-TEXTE.png","contentUrl":"https:\/\/dicodusport.fr\/blog\/wp-content\/uploads\/2020\/06\/cropped-LOGO-DICODUSPORT-2020-SANS-FOND-SANS-TEXTE.png","width":512,"height":512,"caption":"Dicodusport"},"image":{"@id":"https:\/\/dicodusport.fr\/blog\/#\/schema\/logo\/image\/"},"sameAs":["https:\/\/www.facebook.com\/dicodusport","https:\/\/x.com\/dicodusport","https:\/\/www.instagram.com\/dicodusport\/","https:\/\/www.youtube.com\/channel\/UC7V2KZ5sd3htJivAbA4ZG3w"],"description":"Dicodusport est l'encyclop\u00e9die de l'actualit\u00e9 sportive.","email":"bonjour@dicodusport.fr","legalName":"DICODUSPORT","foundingDate":"2018-01-14","vatID":"FR71834470973","taxID":"83447097300043","numberOfEmployees":{"@type":"QuantitativeValue","minValue":"1","maxValue":"10"}},{"@type":"Person","@id":"https:\/\/dicodusport.fr\/blog\/#\/schema\/person\/fe500246414ca17ddf0c0312d7a792cc","name":"Olivier Dobiezynski","image":{"@type":"ImageObject","inLanguage":"fr-FR","@id":"https:\/\/dicodusport.fr\/blog\/#\/schema\/person\/image\/","url":"https:\/\/dicodusport.fr\/blog\/wp-content\/uploads\/2024\/09\/5be8fe8d-9962-4f1e-ad06-d6f9dee30e6d-150x150.jpg","contentUrl":"https:\/\/dicodusport.fr\/blog\/wp-content\/uploads\/2024\/09\/5be8fe8d-9962-4f1e-ad06-d6f9dee30e6d-150x150.jpg","caption":"Olivier Dobiezynski"},"description":"Depuis le milieu des ann\u00e9es 90, la passion du cyclisme m'anime. Mes h\u00e9ros s'appellent Luc Leblanc, Piotr Ugrumov, Paolo Savoldelli, Peter Sagan et bien \u00e9videmment Romain Bardet. R\u00e9dacteur depuis 2023, je suis ici pour partager cet amour de la Petite Reine. Vous pourrez me lire \u00e9galement sur du trail, du ski de fond et tout autre sujet susceptible d'\u00e9veiller ma curiosit\u00e9 sportive.","sameAs":["https:\/\/x.com\/https:\/\/x.com\/Olivier_Matros"],"url":"https:\/\/dicodusport.fr\/blog\/author\/olivier-gh\/"}]}},"_links":{"self":[{"href":"https:\/\/dicodusport.fr\/blog\/wp-json\/wp\/v2\/posts\/635581","targetHints":{"allow":["GET"]}}],"collection":[{"href":"https:\/\/dicodusport.fr\/blog\/wp-json\/wp\/v2\/posts"}],"about":[{"href":"https:\/\/dicodusport.fr\/blog\/wp-json\/wp\/v2\/types\/post"}],"author":[{"embeddable":true,"href":"https:\/\/dicodusport.fr\/blog\/wp-json\/wp\/v2\/users\/92"}],"replies":[{"embeddable":true,"href":"https:\/\/dicodusport.fr\/blog\/wp-json\/wp\/v2\/comments?post=635581"}],"version-history":[{"count":5,"href":"https:\/\/dicodusport.fr\/blog\/wp-json\/wp\/v2\/posts\/635581\/revisions"}],"predecessor-version":[{"id":635587,"href":"https:\/\/dicodusport.fr\/blog\/wp-json\/wp\/v2\/posts\/635581\/revisions\/635587"}],"wp:featuredmedia":[{"embeddable":true,"href":"https:\/\/dicodusport.fr\/blog\/wp-json\/wp\/v2\/media\/635593"}],"wp:attachment":[{"href":"https:\/\/dicodusport.fr\/blog\/wp-json\/wp\/v2\/media?parent=635581"}],"wp:term":[{"taxonomy":"category","embeddable":true,"href":"https:\/\/dicodusport.fr\/blog\/wp-json\/wp\/v2\/categories?post=635581"},{"taxonomy":"post_tag","embeddable":true,"href":"https:\/\/dicodusport.fr\/blog\/wp-json\/wp\/v2\/tags?post=635581"}],"curies":[{"name":"wp","href":"https:\/\/api.w.org\/{rel}","templated":true}]}}