{"id":635775,"date":"2026-01-04T14:35:36","date_gmt":"2026-01-04T13:35:36","guid":{"rendered":"https:\/\/dicodusport.fr\/blog\/?p=635775&#038;preview=true&#038;preview_id=635775"},"modified":"2026-01-04T15:47:22","modified_gmt":"2026-01-04T14:47:22","slug":"ceylin-del-carmen-alvarado-soffre-le-scalp-de-lucinda-brand-et-triomphe-a-zonhoven","status":"publish","type":"post","link":"https:\/\/dicodusport.fr\/blog\/ceylin-del-carmen-alvarado-soffre-le-scalp-de-lucinda-brand-et-triomphe-a-zonhoven\/","title":{"rendered":"Ceylin del Carmen Alvarado s&rsquo;offre le scalp de Lucinda Brand et triomphe \u00e0 Zonhoven"},"content":{"rendered":"<p style=\"text-align: justify;\"><strong><em>COUPE DU MONDE DE CYCLO-CROSS \u2013 Petit s\u00e9isme \u00e0 Zonhoven avec la victoire de Ceylin del Carmen Alvarado, qui a r\u00e9ussi \u00e0 briser l&rsquo;h\u00e9g\u00e9monie de Lucinda Brand, deuxi\u00e8me.<\/em><\/strong><\/p>\n<ul style=\"text-align: justify;\">\n<li><strong>\u00c0 ce sujet &#8211; <a href=\"https:\/\/dicodusport.fr\/blog\/cyclo-cross-coupe-du-monde-2025-2026-calendrier-complet-dates-et-horaires\/\">Cyclo-cross Coupe du monde 2025-2026 \u2013 Calendrier complet, dates et horaires<\/a><\/strong><\/li>\n<\/ul>\n<p style=\"text-align: justify;\">D\u00e9j\u00e0 consid\u00e9r\u00e9e comme une manche mythique de la Coupe du Monde de cyclo-cross, l&rsquo;\u00e9tape de Zonhoven a accouch\u00e9 d&rsquo;un grand spectacle ce dimanche avec un d\u00e9cor enneig\u00e9 et terriblement pi\u00e9geux. De nombreuses chutes ont \u00e9maill\u00e9 la course provoquant un suspense dont la discipline manquait quelque peu cette saison.<\/p>\n<h2 style=\"text-align: justify;\">Pieterse a pr\u00e9jug\u00e9 de ses forces<\/h2>\n<p style=\"text-align: justify;\">D\u00e8s le premier tour, un trio s&rsquo;est d\u00e9tach\u00e9 \u00e0 la p\u00e9dale avec en son sein <strong>Lucinda Brand<\/strong> (Baloise Verzekeringen &#8211; Het Poetsbureau), <strong>Puck Pieterse<\/strong> et <strong>Ceylin del Carmen Alvarado<\/strong> (Fenix &#8211; Premier Tech). <strong>Amandine Fouquenet<\/strong> (Pauwels Sauzen &#8211; Altez Industriebouw), <a href=\"https:\/\/dicodusport.fr\/blog\/amandine-fouquenet-sur-sa-lancee-avec-sa-nouvelle-equipe-la-francaise-simpose-encore-en-superprestige-a-gullegem\/\">laur\u00e9ate hier \u00e0 Gullegem en Superprestige<\/a>, ratait quant \u00e0 elle son d\u00e9part.<\/p>\n<blockquote class=\"twitter-tweet\">\n<p dir=\"ltr\" lang=\"en\">\ud83d\udea8 PILE-UP<\/p>\n<p>This course is so tough as Pieterse, Brand and Alvarado all come down on this first lap! They&rsquo;re back on their bikes and racing at the front. <a href=\"https:\/\/twitter.com\/hashtag\/CXWorldCup?src=hash&amp;ref_src=twsrc%5Etfw\">#CXWorldCup<\/a> <a href=\"https:\/\/t.co\/SwgTf2D9iS\">pic.twitter.com\/SwgTf2D9iS<\/a><\/p>\n<p>\u2014 UCI Cyclocross (@UCI_CX) <a href=\"https:\/\/twitter.com\/UCI_CX\/status\/2007795710629191923?ref_src=twsrc%5Etfw\">January 4, 2026<\/a><\/p><\/blockquote>\n<p><script async src=\"https:\/\/platform.twitter.com\/widgets.js\" charset=\"utf-8\"><\/script><\/p>\n<p style=\"text-align: justify;\">Les coureuses de t\u00eate se sont toutes laiss\u00e9 pi\u00e9g\u00e9es dans la premi\u00e8re descente rendue tr\u00e8s glissante par les conditions m\u00e9t\u00e9o. Ainsi, un v\u00e9ritable strike a impliqu\u00e9 le trio pr\u00e9cit\u00e9, avec notamment une chute assez impressionnante pour<strong> Brand<\/strong>, leader de la Coupe du Monde et archi favorite. Cela a permis un temps le retour de<strong> Leonie Bentveld<\/strong> et d&rsquo;<strong>Aniek van Alphen<\/strong>.<\/p>\n<h2 style=\"text-align: justify;\">Lucinda Brand a accumul\u00e9 les erreurs<\/h2>\n<p style=\"text-align: justify;\">Ensuite, \u00e0 la faveur d&rsquo;un d\u00e9raillement de<strong> Lucinda Brand<\/strong> \u00e0 la fin du premier tour, <strong>Puck Pieterse<\/strong> a creus\u00e9 un \u00e9cart cons\u00e9quent d&rsquo;une petite vingtaine de secondes. Mais rien ne peut d\u00e9courager <strong>Brand<\/strong> cette saison qui, au prix d&rsquo;un bel effort, a r\u00e9ussi \u00e0 combler l&rsquo;\u00e9cart petit \u00e0 petit pour faire la jonction au troisi\u00e8me tour, avec une <strong>Alvarado<\/strong> tr\u00e8s en forme dans sa roue. Une pression fatale \u00e0 <strong>Pieterse<\/strong> qui partait \u00e0 la faute en voyant le duo revenir sur elle.<\/p>\n<p style=\"text-align: justify;\">Puis, <strong>Brand<\/strong> a creus\u00e9 un \u00e9cart qu&rsquo;on croyait irr\u00e9m\u00e9diable. On pensait tous alors \u00e0 un nouveau show de la star n\u00e9erlandaise de la discipline, invaincue en Coupe du Monde cette ann\u00e9e. Mais c&rsquo;\u00e9tait sans compter la glace qui a provoqu\u00e9 une glissade de la leader de la course au cinqui\u00e8me tour. <strong>Ceylin del Carmen Alvarado<\/strong> en a profit\u00e9 pour rattraper sa rivale et compatriote puis a imm\u00e9diatement plac\u00e9 un contre en relan\u00e7ant fort et pris les commandes de ce cross d\u00e9cid\u00e9ment tr\u00e8s plaisant.<\/p>\n<ul style=\"text-align: justify;\">\n<li><strong>\u00c0 ce sujet &#8211; <a href=\"https:\/\/dicodusport.fr\/blog\/cyclo-cross-zonhoven-2026-classement-et-resultats-course-femmes\/\">Cyclo-cross Zonhoven 2026 : Classement et r\u00e9sultats course femmes<\/a><\/strong><\/li>\n<\/ul>\n<p style=\"text-align: justify;\">On se dirigeait alors pour le dernier tour vers un mano \u00e0 mano intense, avec une nouvelle erreur d&rsquo;<strong>Alvarado<\/strong> rapprochant un peu plus <strong>Brand,<\/strong> <strong>Puck Pieterse<\/strong> c\u00e9dant petit \u00e0 petit de son c\u00f4t\u00e9. Revenue dans la route d&rsquo;<strong>Alvarado<\/strong>, <strong>Lucinda Brand<\/strong> montrait encore un trop plein d&rsquo;engagement et partait de nouveau \u00e0 la faute. Ce fut l&rsquo;erreur technique de trop et <strong>Ceylin del Carmen<\/strong> <strong>Alvarado<\/strong> pouvait enfin signer une victoire au go\u00fbt un peu inesp\u00e9r\u00e9. La prudence aura finalement \u00e9t\u00e9 l&rsquo;alli\u00e9e principale sous le manteau neigeux. Une prudence qui a aussi \u00e9t\u00e9 l&rsquo;atout d&rsquo;<strong>Amandine Fouquenet<\/strong>, tr\u00e8s r\u00e9guli\u00e8re et excellente quatri\u00e8me du jour.<\/p>\n<blockquote class=\"twitter-tweet\">\n<p dir=\"ltr\" lang=\"en\">IN FORM \ud83d\udd25<\/p>\n<p>The former UCI Cyclo-cross World Champion demonstrates her class in Zonhoven with a victory in tough conditions \u2744\ufe0f<\/p>\n<p>Ceylin Alvarado \ud83d\udc4f <a href=\"https:\/\/twitter.com\/hashtag\/CXWorldCup?src=hash&amp;ref_src=twsrc%5Etfw\">#CXWorldCup<\/a> <a href=\"https:\/\/t.co\/lrKW3X1UnU\">pic.twitter.com\/lrKW3X1UnU<\/a><\/p>\n<p>\u2014 UCI Cyclocross (@UCI_CX) <a href=\"https:\/\/twitter.com\/UCI_CX\/status\/2007809923397324979?ref_src=twsrc%5Etfw\">January 4, 2026<\/a><\/p><\/blockquote>\n<p style=\"text-align: justify;\"><script async src=\"https:\/\/platform.twitter.com\/widgets.js\" charset=\"utf-8\"><\/script><\/p>\n<ul style=\"text-align: justify;\">\n<li><strong>\u00c0 ce sujet &#8211; <a href=\"https:\/\/dicodusport.fr\/blog\/classement-general-mis-a-jour-de-la-coupe-du-monde-cyclo-cross-femmes-2025-2026\/\">Classement g\u00e9n\u00e9ral mis \u00e0 jour de la Coupe du monde de cyclo-cross femmes 2025-2026<\/a><\/strong><\/li>\n<\/ul>\n","protected":false},"excerpt":{"rendered":"<p>COUPE DU MONDE DE CYCLO-CROSS \u2013 Petit s\u00e9isme \u00e0 Zonhoven avec la victoire de Ceylin del Carmen Alvarado, qui a r\u00e9ussi \u00e0 briser l&rsquo;h\u00e9g\u00e9monie de Lucinda Brand, deuxi\u00e8me.<\/p>\n","protected":false},"author":92,"featured_media":635818,"comment_status":"open","ping_status":"closed","sticky":false,"template":"","format":"standard","meta":{"_acf_changed":false,"_daextam_enable_autolinks":"1","footnotes":""},"categories":[9611],"tags":[16878,20902,6666],"class_list":["post-635775","post","type-post","status-publish","format-standard","has-post-thumbnail","hentry","category-cyclo-cross","tag-breve","tag-coupe-du-monde-de-cyclo-cross","tag-cyclo-cross"],"acf":[],"yoast_head":"<!-- This site is optimized with the Yoast SEO Premium plugin v26.7 (Yoast SEO v26.7) - https:\/\/yoast.com\/wordpress\/plugins\/seo\/ -->\n<title>Ceylin del Carmen Alvarado s&#039;offre le scalp de Lucinda Brand et triomphe \u00e0 Zonhoven<\/title>\n<meta name=\"description\" content=\"Petit s\u00e9isme \u00e0 Zonhoven avec la victoire de Ceylin del Carmen Alvarado, qui a r\u00e9ussi \u00e0 briser l&#039;h\u00e9g\u00e9monie de Lucinda Brand, deuxi\u00e8me.\" \/>\n<meta name=\"robots\" content=\"index, follow, max-snippet:-1, max-image-preview:large, max-video-preview:-1\" \/>\n<link rel=\"canonical\" href=\"https:\/\/dicodusport.fr\/blog\/ceylin-del-carmen-alvarado-soffre-le-scalp-de-lucinda-brand-et-triomphe-a-zonhoven\/\" \/>\n<meta property=\"og:locale\" content=\"fr_FR\" \/>\n<meta property=\"og:type\" content=\"article\" \/>\n<meta property=\"og:title\" content=\"Ceylin del Carmen Alvarado s&#039;offre le scalp de Lucinda Brand et triomphe \u00e0 Zonhoven\" \/>\n<meta property=\"og:description\" content=\"Petit s\u00e9isme \u00e0 Zonhoven avec la victoire de Ceylin del Carmen Alvarado, qui a r\u00e9ussi \u00e0 briser l&#039;h\u00e9g\u00e9monie de Lucinda Brand, deuxi\u00e8me.\" \/>\n<meta property=\"og:url\" content=\"https:\/\/dicodusport.fr\/blog\/ceylin-del-carmen-alvarado-soffre-le-scalp-de-lucinda-brand-et-triomphe-a-zonhoven\/\" \/>\n<meta property=\"og:site_name\" content=\"Dicodusport\" \/>\n<meta property=\"article:publisher\" content=\"https:\/\/www.facebook.com\/dicodusport\" \/>\n<meta property=\"article:published_time\" content=\"2026-01-04T13:35:36+00:00\" \/>\n<meta property=\"article:modified_time\" content=\"2026-01-04T14:47:22+00:00\" \/>\n<meta property=\"og:image\" content=\"https:\/\/dicodusport.fr\/blog\/wp-content\/uploads\/2026\/01\/Ceylin-del-Carmen-Alvarado-soffre-le-scalp-de-Lucinda-Brand-et-triomphe-a-Zonhoven-1.png\" \/>\n\t<meta property=\"og:image:width\" content=\"1200\" \/>\n\t<meta property=\"og:image:height\" content=\"674\" \/>\n\t<meta property=\"og:image:type\" content=\"image\/png\" \/>\n<meta name=\"author\" content=\"Olivier Dobiezynski\" \/>\n<meta name=\"twitter:card\" content=\"summary_large_image\" \/>\n<meta name=\"twitter:title\" content=\"Ceylin del Carmen Alvarado s&#039;offre le scalp de Lucinda Brand et triomphe \u00e0 Zonhoven\" \/>\n<meta name=\"twitter:creator\" content=\"@https:\/\/x.com\/Olivier_Matros\" \/>\n<meta name=\"twitter:site\" content=\"@dicodusport\" \/>\n<script type=\"application\/ld+json\" class=\"yoast-schema-graph\">{\"@context\":\"https:\/\/schema.org\",\"@graph\":[{\"@type\":\"NewsArticle\",\"@id\":\"https:\/\/dicodusport.fr\/blog\/ceylin-del-carmen-alvarado-soffre-le-scalp-de-lucinda-brand-et-triomphe-a-zonhoven\/#article\",\"isPartOf\":{\"@id\":\"https:\/\/dicodusport.fr\/blog\/ceylin-del-carmen-alvarado-soffre-le-scalp-de-lucinda-brand-et-triomphe-a-zonhoven\/\"},\"author\":{\"name\":\"Olivier Dobiezynski\",\"@id\":\"https:\/\/dicodusport.fr\/blog\/#\/schema\/person\/fe500246414ca17ddf0c0312d7a792cc\"},\"headline\":\"Ceylin del Carmen Alvarado s&rsquo;offre le scalp de Lucinda Brand et triomphe \u00e0 Zonhoven\",\"datePublished\":\"2026-01-04T13:35:36+00:00\",\"dateModified\":\"2026-01-04T14:47:22+00:00\",\"mainEntityOfPage\":{\"@id\":\"https:\/\/dicodusport.fr\/blog\/ceylin-del-carmen-alvarado-soffre-le-scalp-de-lucinda-brand-et-triomphe-a-zonhoven\/\"},\"wordCount\":648,\"commentCount\":0,\"publisher\":{\"@id\":\"https:\/\/dicodusport.fr\/blog\/#organization\"},\"image\":{\"@id\":\"https:\/\/dicodusport.fr\/blog\/ceylin-del-carmen-alvarado-soffre-le-scalp-de-lucinda-brand-et-triomphe-a-zonhoven\/#primaryimage\"},\"thumbnailUrl\":\"https:\/\/dicodusport.fr\/blog\/wp-content\/uploads\/2026\/01\/Ceylin-del-Carmen-Alvarado-soffre-le-scalp-de-Lucinda-Brand-et-triomphe-a-Zonhoven-1.png\",\"keywords\":[\"br\u00e8ve\",\"Coupe du monde de cyclo-cross\",\"Cyclo-cross\"],\"articleSection\":[\"Cyclo-cross\"],\"inLanguage\":\"fr-FR\",\"potentialAction\":[{\"@type\":\"CommentAction\",\"name\":\"Comment\",\"target\":[\"https:\/\/dicodusport.fr\/blog\/ceylin-del-carmen-alvarado-soffre-le-scalp-de-lucinda-brand-et-triomphe-a-zonhoven\/#respond\"]}],\"copyrightYear\":\"2026\",\"copyrightHolder\":{\"@id\":\"https:\/\/dicodusport.fr\/blog\/#organization\"}},{\"@type\":\"WebPage\",\"@id\":\"https:\/\/dicodusport.fr\/blog\/ceylin-del-carmen-alvarado-soffre-le-scalp-de-lucinda-brand-et-triomphe-a-zonhoven\/\",\"url\":\"https:\/\/dicodusport.fr\/blog\/ceylin-del-carmen-alvarado-soffre-le-scalp-de-lucinda-brand-et-triomphe-a-zonhoven\/\",\"name\":\"Ceylin del Carmen Alvarado s'offre le scalp de Lucinda Brand et triomphe \u00e0 Zonhoven\",\"isPartOf\":{\"@id\":\"https:\/\/dicodusport.fr\/blog\/#website\"},\"primaryImageOfPage\":{\"@id\":\"https:\/\/dicodusport.fr\/blog\/ceylin-del-carmen-alvarado-soffre-le-scalp-de-lucinda-brand-et-triomphe-a-zonhoven\/#primaryimage\"},\"image\":{\"@id\":\"https:\/\/dicodusport.fr\/blog\/ceylin-del-carmen-alvarado-soffre-le-scalp-de-lucinda-brand-et-triomphe-a-zonhoven\/#primaryimage\"},\"thumbnailUrl\":\"https:\/\/dicodusport.fr\/blog\/wp-content\/uploads\/2026\/01\/Ceylin-del-Carmen-Alvarado-soffre-le-scalp-de-Lucinda-Brand-et-triomphe-a-Zonhoven-1.png\",\"datePublished\":\"2026-01-04T13:35:36+00:00\",\"dateModified\":\"2026-01-04T14:47:22+00:00\",\"description\":\"Petit s\u00e9isme \u00e0 Zonhoven avec la victoire de Ceylin del Carmen Alvarado, qui a r\u00e9ussi \u00e0 briser l'h\u00e9g\u00e9monie de Lucinda Brand, deuxi\u00e8me.\",\"breadcrumb\":{\"@id\":\"https:\/\/dicodusport.fr\/blog\/ceylin-del-carmen-alvarado-soffre-le-scalp-de-lucinda-brand-et-triomphe-a-zonhoven\/#breadcrumb\"},\"inLanguage\":\"fr-FR\",\"potentialAction\":[{\"@type\":\"ReadAction\",\"target\":[\"https:\/\/dicodusport.fr\/blog\/ceylin-del-carmen-alvarado-soffre-le-scalp-de-lucinda-brand-et-triomphe-a-zonhoven\/\"]}]},{\"@type\":\"ImageObject\",\"inLanguage\":\"fr-FR\",\"@id\":\"https:\/\/dicodusport.fr\/blog\/ceylin-del-carmen-alvarado-soffre-le-scalp-de-lucinda-brand-et-triomphe-a-zonhoven\/#primaryimage\",\"url\":\"https:\/\/dicodusport.fr\/blog\/wp-content\/uploads\/2026\/01\/Ceylin-del-Carmen-Alvarado-soffre-le-scalp-de-Lucinda-Brand-et-triomphe-a-Zonhoven-1.png\",\"contentUrl\":\"https:\/\/dicodusport.fr\/blog\/wp-content\/uploads\/2026\/01\/Ceylin-del-Carmen-Alvarado-soffre-le-scalp-de-Lucinda-Brand-et-triomphe-a-Zonhoven-1.png\",\"width\":1200,\"height\":674,\"caption\":\"Ceylin del Carmen Alvarado s'offre le scalp de Lucinda Brand et triomphe \u00e0 Zonhoven\"},{\"@type\":\"BreadcrumbList\",\"@id\":\"https:\/\/dicodusport.fr\/blog\/ceylin-del-carmen-alvarado-soffre-le-scalp-de-lucinda-brand-et-triomphe-a-zonhoven\/#breadcrumb\",\"itemListElement\":[{\"@type\":\"ListItem\",\"position\":1,\"name\":\"Accueil\",\"item\":\"https:\/\/dicodusport.fr\/blog\/\"},{\"@type\":\"ListItem\",\"position\":2,\"name\":\"Ceylin del Carmen Alvarado s&rsquo;offre le scalp de Lucinda Brand et triomphe \u00e0 Zonhoven\"}]},{\"@type\":\"WebSite\",\"@id\":\"https:\/\/dicodusport.fr\/blog\/#website\",\"url\":\"https:\/\/dicodusport.fr\/blog\/\",\"name\":\"Dicodusport\",\"description\":\"L&#039;encyclop\u00e9die de l&#039;actualit\u00e9 sportive\",\"publisher\":{\"@id\":\"https:\/\/dicodusport.fr\/blog\/#organization\"},\"potentialAction\":[{\"@type\":\"SearchAction\",\"target\":{\"@type\":\"EntryPoint\",\"urlTemplate\":\"https:\/\/dicodusport.fr\/blog\/?s={search_term_string}\"},\"query-input\":{\"@type\":\"PropertyValueSpecification\",\"valueRequired\":true,\"valueName\":\"search_term_string\"}}],\"inLanguage\":\"fr-FR\"},{\"@type\":\"NewsMediaOrganization\",\"@id\":\"https:\/\/dicodusport.fr\/blog\/#organization\",\"name\":\"Dicodusport\",\"url\":\"https:\/\/dicodusport.fr\/blog\/\",\"logo\":{\"@type\":\"ImageObject\",\"inLanguage\":\"fr-FR\",\"@id\":\"https:\/\/dicodusport.fr\/blog\/#\/schema\/logo\/image\/\",\"url\":\"https:\/\/dicodusport.fr\/blog\/wp-content\/uploads\/2020\/06\/cropped-LOGO-DICODUSPORT-2020-SANS-FOND-SANS-TEXTE.png\",\"contentUrl\":\"https:\/\/dicodusport.fr\/blog\/wp-content\/uploads\/2020\/06\/cropped-LOGO-DICODUSPORT-2020-SANS-FOND-SANS-TEXTE.png\",\"width\":512,\"height\":512,\"caption\":\"Dicodusport\"},\"image\":{\"@id\":\"https:\/\/dicodusport.fr\/blog\/#\/schema\/logo\/image\/\"},\"sameAs\":[\"https:\/\/www.facebook.com\/dicodusport\",\"https:\/\/x.com\/dicodusport\",\"https:\/\/www.instagram.com\/dicodusport\/\",\"https:\/\/www.youtube.com\/channel\/UC7V2KZ5sd3htJivAbA4ZG3w\"],\"description\":\"Dicodusport est l'encyclop\u00e9die de l'actualit\u00e9 sportive.\",\"email\":\"bonjour@dicodusport.fr\",\"legalName\":\"DICODUSPORT\",\"foundingDate\":\"2018-01-14\",\"vatID\":\"FR71834470973\",\"taxID\":\"83447097300043\",\"numberOfEmployees\":{\"@type\":\"QuantitativeValue\",\"minValue\":\"1\",\"maxValue\":\"10\"}},{\"@type\":\"Person\",\"@id\":\"https:\/\/dicodusport.fr\/blog\/#\/schema\/person\/fe500246414ca17ddf0c0312d7a792cc\",\"name\":\"Olivier Dobiezynski\",\"image\":{\"@type\":\"ImageObject\",\"inLanguage\":\"fr-FR\",\"@id\":\"https:\/\/dicodusport.fr\/blog\/#\/schema\/person\/image\/\",\"url\":\"https:\/\/dicodusport.fr\/blog\/wp-content\/uploads\/2024\/09\/5be8fe8d-9962-4f1e-ad06-d6f9dee30e6d-150x150.jpg\",\"contentUrl\":\"https:\/\/dicodusport.fr\/blog\/wp-content\/uploads\/2024\/09\/5be8fe8d-9962-4f1e-ad06-d6f9dee30e6d-150x150.jpg\",\"caption\":\"Olivier Dobiezynski\"},\"description\":\"Depuis le milieu des ann\u00e9es 90, la passion du cyclisme m'anime. Mes h\u00e9ros s'appellent Luc Leblanc, Piotr Ugrumov, Paolo Savoldelli, Peter Sagan et bien \u00e9videmment Romain Bardet. R\u00e9dacteur depuis 2023, je suis ici pour partager cet amour de la Petite Reine. Vous pourrez me lire \u00e9galement sur du trail, du ski de fond et tout autre sujet susceptible d'\u00e9veiller ma curiosit\u00e9 sportive.\",\"sameAs\":[\"https:\/\/x.com\/https:\/\/x.com\/Olivier_Matros\"],\"url\":\"https:\/\/dicodusport.fr\/blog\/author\/olivier-gh\/\"}]}<\/script>\n<!-- \/ Yoast SEO Premium plugin. -->","yoast_head_json":{"title":"Ceylin del Carmen Alvarado s'offre le scalp de Lucinda Brand et triomphe \u00e0 Zonhoven","description":"Petit s\u00e9isme \u00e0 Zonhoven avec la victoire de Ceylin del Carmen Alvarado, qui a r\u00e9ussi \u00e0 briser l'h\u00e9g\u00e9monie de Lucinda Brand, deuxi\u00e8me.","robots":{"index":"index","follow":"follow","max-snippet":"max-snippet:-1","max-image-preview":"max-image-preview:large","max-video-preview":"max-video-preview:-1"},"canonical":"https:\/\/dicodusport.fr\/blog\/ceylin-del-carmen-alvarado-soffre-le-scalp-de-lucinda-brand-et-triomphe-a-zonhoven\/","og_locale":"fr_FR","og_type":"article","og_title":"Ceylin del Carmen Alvarado s'offre le scalp de Lucinda Brand et triomphe \u00e0 Zonhoven","og_description":"Petit s\u00e9isme \u00e0 Zonhoven avec la victoire de Ceylin del Carmen Alvarado, qui a r\u00e9ussi \u00e0 briser l'h\u00e9g\u00e9monie de Lucinda Brand, deuxi\u00e8me.","og_url":"https:\/\/dicodusport.fr\/blog\/ceylin-del-carmen-alvarado-soffre-le-scalp-de-lucinda-brand-et-triomphe-a-zonhoven\/","og_site_name":"Dicodusport","article_publisher":"https:\/\/www.facebook.com\/dicodusport","article_published_time":"2026-01-04T13:35:36+00:00","article_modified_time":"2026-01-04T14:47:22+00:00","og_image":[{"width":1200,"height":674,"url":"https:\/\/dicodusport.fr\/blog\/wp-content\/uploads\/2026\/01\/Ceylin-del-Carmen-Alvarado-soffre-le-scalp-de-Lucinda-Brand-et-triomphe-a-Zonhoven-1.png","type":"image\/png"}],"author":"Olivier Dobiezynski","twitter_card":"summary_large_image","twitter_title":"Ceylin del Carmen Alvarado s'offre le scalp de Lucinda Brand et triomphe \u00e0 Zonhoven","twitter_creator":"@https:\/\/x.com\/Olivier_Matros","twitter_site":"@dicodusport","schema":{"@context":"https:\/\/schema.org","@graph":[{"@type":"NewsArticle","@id":"https:\/\/dicodusport.fr\/blog\/ceylin-del-carmen-alvarado-soffre-le-scalp-de-lucinda-brand-et-triomphe-a-zonhoven\/#article","isPartOf":{"@id":"https:\/\/dicodusport.fr\/blog\/ceylin-del-carmen-alvarado-soffre-le-scalp-de-lucinda-brand-et-triomphe-a-zonhoven\/"},"author":{"name":"Olivier Dobiezynski","@id":"https:\/\/dicodusport.fr\/blog\/#\/schema\/person\/fe500246414ca17ddf0c0312d7a792cc"},"headline":"Ceylin del Carmen Alvarado s&rsquo;offre le scalp de Lucinda Brand et triomphe \u00e0 Zonhoven","datePublished":"2026-01-04T13:35:36+00:00","dateModified":"2026-01-04T14:47:22+00:00","mainEntityOfPage":{"@id":"https:\/\/dicodusport.fr\/blog\/ceylin-del-carmen-alvarado-soffre-le-scalp-de-lucinda-brand-et-triomphe-a-zonhoven\/"},"wordCount":648,"commentCount":0,"publisher":{"@id":"https:\/\/dicodusport.fr\/blog\/#organization"},"image":{"@id":"https:\/\/dicodusport.fr\/blog\/ceylin-del-carmen-alvarado-soffre-le-scalp-de-lucinda-brand-et-triomphe-a-zonhoven\/#primaryimage"},"thumbnailUrl":"https:\/\/dicodusport.fr\/blog\/wp-content\/uploads\/2026\/01\/Ceylin-del-Carmen-Alvarado-soffre-le-scalp-de-Lucinda-Brand-et-triomphe-a-Zonhoven-1.png","keywords":["br\u00e8ve","Coupe du monde de cyclo-cross","Cyclo-cross"],"articleSection":["Cyclo-cross"],"inLanguage":"fr-FR","potentialAction":[{"@type":"CommentAction","name":"Comment","target":["https:\/\/dicodusport.fr\/blog\/ceylin-del-carmen-alvarado-soffre-le-scalp-de-lucinda-brand-et-triomphe-a-zonhoven\/#respond"]}],"copyrightYear":"2026","copyrightHolder":{"@id":"https:\/\/dicodusport.fr\/blog\/#organization"}},{"@type":"WebPage","@id":"https:\/\/dicodusport.fr\/blog\/ceylin-del-carmen-alvarado-soffre-le-scalp-de-lucinda-brand-et-triomphe-a-zonhoven\/","url":"https:\/\/dicodusport.fr\/blog\/ceylin-del-carmen-alvarado-soffre-le-scalp-de-lucinda-brand-et-triomphe-a-zonhoven\/","name":"Ceylin del Carmen Alvarado s'offre le scalp de Lucinda Brand et triomphe \u00e0 Zonhoven","isPartOf":{"@id":"https:\/\/dicodusport.fr\/blog\/#website"},"primaryImageOfPage":{"@id":"https:\/\/dicodusport.fr\/blog\/ceylin-del-carmen-alvarado-soffre-le-scalp-de-lucinda-brand-et-triomphe-a-zonhoven\/#primaryimage"},"image":{"@id":"https:\/\/dicodusport.fr\/blog\/ceylin-del-carmen-alvarado-soffre-le-scalp-de-lucinda-brand-et-triomphe-a-zonhoven\/#primaryimage"},"thumbnailUrl":"https:\/\/dicodusport.fr\/blog\/wp-content\/uploads\/2026\/01\/Ceylin-del-Carmen-Alvarado-soffre-le-scalp-de-Lucinda-Brand-et-triomphe-a-Zonhoven-1.png","datePublished":"2026-01-04T13:35:36+00:00","dateModified":"2026-01-04T14:47:22+00:00","description":"Petit s\u00e9isme \u00e0 Zonhoven avec la victoire de Ceylin del Carmen Alvarado, qui a r\u00e9ussi \u00e0 briser l'h\u00e9g\u00e9monie de Lucinda Brand, deuxi\u00e8me.","breadcrumb":{"@id":"https:\/\/dicodusport.fr\/blog\/ceylin-del-carmen-alvarado-soffre-le-scalp-de-lucinda-brand-et-triomphe-a-zonhoven\/#breadcrumb"},"inLanguage":"fr-FR","potentialAction":[{"@type":"ReadAction","target":["https:\/\/dicodusport.fr\/blog\/ceylin-del-carmen-alvarado-soffre-le-scalp-de-lucinda-brand-et-triomphe-a-zonhoven\/"]}]},{"@type":"ImageObject","inLanguage":"fr-FR","@id":"https:\/\/dicodusport.fr\/blog\/ceylin-del-carmen-alvarado-soffre-le-scalp-de-lucinda-brand-et-triomphe-a-zonhoven\/#primaryimage","url":"https:\/\/dicodusport.fr\/blog\/wp-content\/uploads\/2026\/01\/Ceylin-del-Carmen-Alvarado-soffre-le-scalp-de-Lucinda-Brand-et-triomphe-a-Zonhoven-1.png","contentUrl":"https:\/\/dicodusport.fr\/blog\/wp-content\/uploads\/2026\/01\/Ceylin-del-Carmen-Alvarado-soffre-le-scalp-de-Lucinda-Brand-et-triomphe-a-Zonhoven-1.png","width":1200,"height":674,"caption":"Ceylin del Carmen Alvarado s'offre le scalp de Lucinda Brand et triomphe \u00e0 Zonhoven"},{"@type":"BreadcrumbList","@id":"https:\/\/dicodusport.fr\/blog\/ceylin-del-carmen-alvarado-soffre-le-scalp-de-lucinda-brand-et-triomphe-a-zonhoven\/#breadcrumb","itemListElement":[{"@type":"ListItem","position":1,"name":"Accueil","item":"https:\/\/dicodusport.fr\/blog\/"},{"@type":"ListItem","position":2,"name":"Ceylin del Carmen Alvarado s&rsquo;offre le scalp de Lucinda Brand et triomphe \u00e0 Zonhoven"}]},{"@type":"WebSite","@id":"https:\/\/dicodusport.fr\/blog\/#website","url":"https:\/\/dicodusport.fr\/blog\/","name":"Dicodusport","description":"L&#039;encyclop\u00e9die de l&#039;actualit\u00e9 sportive","publisher":{"@id":"https:\/\/dicodusport.fr\/blog\/#organization"},"potentialAction":[{"@type":"SearchAction","target":{"@type":"EntryPoint","urlTemplate":"https:\/\/dicodusport.fr\/blog\/?s={search_term_string}"},"query-input":{"@type":"PropertyValueSpecification","valueRequired":true,"valueName":"search_term_string"}}],"inLanguage":"fr-FR"},{"@type":"NewsMediaOrganization","@id":"https:\/\/dicodusport.fr\/blog\/#organization","name":"Dicodusport","url":"https:\/\/dicodusport.fr\/blog\/","logo":{"@type":"ImageObject","inLanguage":"fr-FR","@id":"https:\/\/dicodusport.fr\/blog\/#\/schema\/logo\/image\/","url":"https:\/\/dicodusport.fr\/blog\/wp-content\/uploads\/2020\/06\/cropped-LOGO-DICODUSPORT-2020-SANS-FOND-SANS-TEXTE.png","contentUrl":"https:\/\/dicodusport.fr\/blog\/wp-content\/uploads\/2020\/06\/cropped-LOGO-DICODUSPORT-2020-SANS-FOND-SANS-TEXTE.png","width":512,"height":512,"caption":"Dicodusport"},"image":{"@id":"https:\/\/dicodusport.fr\/blog\/#\/schema\/logo\/image\/"},"sameAs":["https:\/\/www.facebook.com\/dicodusport","https:\/\/x.com\/dicodusport","https:\/\/www.instagram.com\/dicodusport\/","https:\/\/www.youtube.com\/channel\/UC7V2KZ5sd3htJivAbA4ZG3w"],"description":"Dicodusport est l'encyclop\u00e9die de l'actualit\u00e9 sportive.","email":"bonjour@dicodusport.fr","legalName":"DICODUSPORT","foundingDate":"2018-01-14","vatID":"FR71834470973","taxID":"83447097300043","numberOfEmployees":{"@type":"QuantitativeValue","minValue":"1","maxValue":"10"}},{"@type":"Person","@id":"https:\/\/dicodusport.fr\/blog\/#\/schema\/person\/fe500246414ca17ddf0c0312d7a792cc","name":"Olivier Dobiezynski","image":{"@type":"ImageObject","inLanguage":"fr-FR","@id":"https:\/\/dicodusport.fr\/blog\/#\/schema\/person\/image\/","url":"https:\/\/dicodusport.fr\/blog\/wp-content\/uploads\/2024\/09\/5be8fe8d-9962-4f1e-ad06-d6f9dee30e6d-150x150.jpg","contentUrl":"https:\/\/dicodusport.fr\/blog\/wp-content\/uploads\/2024\/09\/5be8fe8d-9962-4f1e-ad06-d6f9dee30e6d-150x150.jpg","caption":"Olivier Dobiezynski"},"description":"Depuis le milieu des ann\u00e9es 90, la passion du cyclisme m'anime. Mes h\u00e9ros s'appellent Luc Leblanc, Piotr Ugrumov, Paolo Savoldelli, Peter Sagan et bien \u00e9videmment Romain Bardet. R\u00e9dacteur depuis 2023, je suis ici pour partager cet amour de la Petite Reine. Vous pourrez me lire \u00e9galement sur du trail, du ski de fond et tout autre sujet susceptible d'\u00e9veiller ma curiosit\u00e9 sportive.","sameAs":["https:\/\/x.com\/https:\/\/x.com\/Olivier_Matros"],"url":"https:\/\/dicodusport.fr\/blog\/author\/olivier-gh\/"}]}},"_links":{"self":[{"href":"https:\/\/dicodusport.fr\/blog\/wp-json\/wp\/v2\/posts\/635775","targetHints":{"allow":["GET"]}}],"collection":[{"href":"https:\/\/dicodusport.fr\/blog\/wp-json\/wp\/v2\/posts"}],"about":[{"href":"https:\/\/dicodusport.fr\/blog\/wp-json\/wp\/v2\/types\/post"}],"author":[{"embeddable":true,"href":"https:\/\/dicodusport.fr\/blog\/wp-json\/wp\/v2\/users\/92"}],"replies":[{"embeddable":true,"href":"https:\/\/dicodusport.fr\/blog\/wp-json\/wp\/v2\/comments?post=635775"}],"version-history":[{"count":5,"href":"https:\/\/dicodusport.fr\/blog\/wp-json\/wp\/v2\/posts\/635775\/revisions"}],"predecessor-version":[{"id":635819,"href":"https:\/\/dicodusport.fr\/blog\/wp-json\/wp\/v2\/posts\/635775\/revisions\/635819"}],"wp:featuredmedia":[{"embeddable":true,"href":"https:\/\/dicodusport.fr\/blog\/wp-json\/wp\/v2\/media\/635818"}],"wp:attachment":[{"href":"https:\/\/dicodusport.fr\/blog\/wp-json\/wp\/v2\/media?parent=635775"}],"wp:term":[{"taxonomy":"category","embeddable":true,"href":"https:\/\/dicodusport.fr\/blog\/wp-json\/wp\/v2\/categories?post=635775"},{"taxonomy":"post_tag","embeddable":true,"href":"https:\/\/dicodusport.fr\/blog\/wp-json\/wp\/v2\/tags?post=635775"}],"curies":[{"name":"wp","href":"https:\/\/api.w.org\/{rel}","templated":true}]}}