{"id":635880,"date":"2026-01-04T22:43:39","date_gmt":"2026-01-04T21:43:39","guid":{"rendered":"https:\/\/dicodusport.fr\/blog\/?p=635880&#038;preview=true&#038;preview_id=635880"},"modified":"2026-01-04T23:10:08","modified_gmt":"2026-01-04T22:10:08","slug":"le-psg-eteint-le-pfc-pour-le-retour-du-derby-parisien-en-ligue-1","status":"publish","type":"post","link":"https:\/\/dicodusport.fr\/blog\/le-psg-eteint-le-pfc-pour-le-retour-du-derby-parisien-en-ligue-1\/","title":{"rendered":"Le PSG \u00e9teint le PFC pour le retour du derby parisien en Ligue 1"},"content":{"rendered":"<p style=\"text-align: justify;\"><em><strong>LIGUE 1 2025\/2026 &#8211; Le PFC n\u2019a pas \u00e0 rougir de sa prestation face \u00e0 son voisin parisien mais doit toutefois d\u00e9poser les armes. Le PSG s\u2019impose assez logiquement 2-1.<\/strong><\/em><\/p>\n<ul style=\"text-align: justify;\">\n<li><strong>\u00c0 ce sujet &#8211; <a href=\"https:\/\/dicodusport.fr\/blog\/classement-ligue-1-2025-2026\/\">Classement Ligue 1 2025\/2026<\/a><\/strong><\/li>\n<\/ul>\n<p style=\"text-align: justify;\">Le PSG et le Paris FC relan\u00e7aient donc ce derby parisien en cl\u00f4ture de la phase aller de Ligue 1 pr\u00e8s de 38 ans apr\u00e8s leur derni\u00e8re confrontation dans l\u2019\u00e9lite. Depuis, de l\u2019eau avait coul\u00e9 sous les ponts et les tendances s\u2019\u00e9taient invers\u00e9es avec une Histoire favorable au PSG. Malgr\u00e9 quelques blessures et les absences d\u2019<strong>Hakimi<\/strong> et <strong>Mbaye<\/strong>, retenus \u00e0 la CAN, les champions d\u2019Europe retrouvaient un effectif presque au complet avec les retours d\u2019<strong>Ousmane Demb\u00e9l\u00e9<\/strong> et <strong>D\u00e9sir\u00e9 Dou\u00e9<\/strong> comme titulaires. Entre les joueurs \u00e0 l\u2019infirmerie et ceux encore pr\u00e9sents au Maroc \u00e9galement, le PFC \u00e9tait de son c\u00f4t\u00e9 d\u00e9cim\u00e9.<\/p>\n<h2 style=\"text-align: justify;\">Le PFC craque juste avant la pause<\/h2>\n<p style=\"text-align: justify;\">Grand favori de cette opposition, le PSG allumait la m\u00e8che d\u00e8s la 3<sup>\u00e8me<\/sup> minute par l\u2019interm\u00e9diaire de <strong>Vitinha<\/strong>. Sa frappe fuyait le cadre mais les h\u00f4tes reposaient aussit\u00f4t le pied sur le cuir, man\u0153uvrant \u00e0 leur guise le bloc visiteur. La d\u00e9fense \u00e0 5 du Paris FC tenait toutefois le coup et le PSG manquait parfois de r\u00e9alisme, \u00e0 l\u2019image d\u2019un <strong>Jo\u00e3o Neves<\/strong> un peu trop altruiste \u00e0 la 20<sup>\u00e8me<\/sup> qui permettait le retour d\u00e9fensif adverse.<\/p>\n<p style=\"text-align: justify;\"><strong>D\u00e9sir\u00e9 Dou\u00e9<\/strong> tentait alors de fissurer l\u2019organisation du Paris FC et pensait obtenir un penalty. D\u2019abord sur une roulette qui surprenait <strong>Kolodziejczak<\/strong> puis sur un double contact qui d\u00e9bordait <strong>Otavio<\/strong>. Mais Mr Bastien ne bronchait pas sur la premi\u00e8re action et indiquait un coup franc -qui ne donnera rien- sur la seconde. Ce n\u2019\u00e9tait qu\u2019une question de patience avant que le verrou ne c\u00e8de. <strong>Ruiz<\/strong> profitait d\u2019une perte de balle d\u2019<strong>Ikon\u00e9<\/strong> au milieu de terrain pour lancer <strong>Dou\u00e9<\/strong> en profondeur. Ce dernier avait le temps de contr\u00f4ler puis d\u2019ajuster <strong>Kevin Trapp<\/strong> pour le 1-0. Une ouverture survenue juste avant la pause.<\/p>\n<blockquote class=\"twitter-tweet\">\n<p dir=\"ltr\" lang=\"fr\">\ud835\udc6b\ud835\udc6b mode [clinique] activ\u00e9 \u2611\ufe0f<\/p>\n<p>Le <a href=\"https:\/\/twitter.com\/PSG_inside?ref_src=twsrc%5Etfw\">@PSG_inside<\/a> prend les commandes du derby juste avant la pause \ud83e\udee1<a href=\"https:\/\/twitter.com\/hashtag\/PSGPFC?src=hash&amp;ref_src=twsrc%5Etfw\">#PSGPFC<\/a> <a href=\"https:\/\/t.co\/oxfpg6REaS\">pic.twitter.com\/oxfpg6REaS<\/a><\/p>\n<p>\u2014 L1+ (@ligue1plus) <a href=\"https:\/\/twitter.com\/ligue1plus\/status\/2007914329874608351?ref_src=twsrc%5Etfw\">January 4, 2026<\/a><\/p><\/blockquote>\n<p style=\"text-align: justify;\"><script async src=\"https:\/\/platform.twitter.com\/widgets.js\" charset=\"utf-8\"><\/script><\/p>\n<h2 style=\"text-align: justify;\">Paris r\u00e9agit des deux c\u00f4t\u00e9s, le PSG remporte ce derby<\/h2>\n<p style=\"text-align: justify;\">Loin d\u2019\u00eatre abattu par le sc\u00e9nario, le Paris FC se relan\u00e7ait rapidement au retour des vestiaires suite \u00e0 une faute de <strong>Zabarnyi<\/strong> sur <strong>Gory<\/strong> dans la surface. <strong>Chevalier<\/strong> partait du bon c\u00f4t\u00e9 mais la frappe de <strong>Geubbels<\/strong> \u00e9tait trop puissante et faisait mouche (51<sup>\u00e8me<\/sup>). Le doute \u00e9tait n\u00e9anmoins de courte dur\u00e9e pour le PSG. Deux minutes plus tard, sur une transition \u00e9clair, <strong>Ousmane Demb\u00e9l\u00e9<\/strong> b\u00e9n\u00e9ficiait d\u2019un brin de r\u00e9ussite et remettait les siens aux commandes du match (2-1).<\/p>\n<blockquote class=\"twitter-tweet\">\n<p dir=\"ltr\" lang=\"fr\">Le Derby de Paris pour le <a href=\"https:\/\/twitter.com\/PSG_inside?ref_src=twsrc%5Etfw\">@PSG_inside<\/a> \ud83d\udd34\ud83d\udd35<a href=\"https:\/\/twitter.com\/hashtag\/PSGPFC?src=hash&amp;ref_src=twsrc%5Etfw\">#PSGPFC<\/a> <a href=\"https:\/\/t.co\/11lIr0J0ed\">pic.twitter.com\/11lIr0J0ed<\/a><\/p>\n<p>\u2014 Ligue 1 McDonald&rsquo;s (@Ligue1) <a href=\"https:\/\/twitter.com\/Ligue1\/status\/2007930978086604948?ref_src=twsrc%5Etfw\">January 4, 2026<\/a><\/p><\/blockquote>\n<p style=\"text-align: justify;\"><script async src=\"https:\/\/platform.twitter.com\/widgets.js\" charset=\"utf-8\"><\/script><\/p>\n<p style=\"text-align: justify;\">Un coup de massue derri\u00e8re la t\u00eate du promu parisien qui continuait, malgr\u00e9 tout, ses efforts. En vain. <strong>Lucas Chevalier<\/strong> restait vigilant sur les centres et tentatives lointaines et les deux \u00e9quipes se neutralisaient de longues minutes, ne faisant plus \u00e9voluer la marque jusqu\u2019\u00e0 la fin du match. Le PFC n\u2019a pas d\u00e9m\u00e9rit\u00e9 mais doit finalement et logiquement s\u2019avouer vaincu et se met en danger \u00e0 la 15<sup>\u00e8me<\/sup> place du championnat. Le PSG reste, lui, \u00e0 une petite longueur de Lens, toujours leader, et en profite pour distancer l\u2019OM, tomb\u00e9 sous les coups des Nantais.<\/p>\n<h3 style=\"text-align: justify;\">\u00c0 lire aussi<\/h3>\n<div class=\"vlp-link-container vlp-layout-article\"><a href=\"https:\/\/dicodusport.fr\/blog\/nantes-va-simposer-chez-un-olympique-de-marseille-reduit-a-neuf-le-resume-video-de-la-victoire-des-canaris\/\" class=\"vlp-link\" title=\"Nantes va s&#039;imposer chez un Olympique de Marseille r\u00e9duit \u00e0 neuf : le r\u00e9sum\u00e9 vid\u00e9o de la victoire des Canaris\"><\/a><div class=\"vlp-layout-zone-side\"><div class=\"vlp-block-4 vlp-link-image\"><img loading=\"lazy\" decoding=\"async\" style=\"max-width: 792px;\" width=\"792\" height=\"445\" src=\"https:\/\/dicodusport.fr\/blog\/wp-content\/uploads\/2026\/01\/Nantes-va-simposer-chez-un-Olympique-de-Marseille-reduit-a-neuf-le-resume-video-de-la-victoire-des-Canaris.png\" class=\"attachment-800x445 size-800x445\" alt=\"Nantes va s&#039;imposer chez un Olympique de Marseille r\u00e9duit \u00e0 neuf le r\u00e9sum\u00e9 vid\u00e9o de la victoire des Canaris\" srcset=\"https:\/\/dicodusport.fr\/blog\/wp-content\/uploads\/2026\/01\/Nantes-va-simposer-chez-un-Olympique-de-Marseille-reduit-a-neuf-le-resume-video-de-la-victoire-des-Canaris.png 1200w, https:\/\/dicodusport.fr\/blog\/wp-content\/uploads\/2026\/01\/Nantes-va-simposer-chez-un-Olympique-de-Marseille-reduit-a-neuf-le-resume-video-de-la-victoire-des-Canaris-300x169.png 300w, https:\/\/dicodusport.fr\/blog\/wp-content\/uploads\/2026\/01\/Nantes-va-simposer-chez-un-Olympique-de-Marseille-reduit-a-neuf-le-resume-video-de-la-victoire-des-Canaris-1024x575.png 1024w, https:\/\/dicodusport.fr\/blog\/wp-content\/uploads\/2026\/01\/Nantes-va-simposer-chez-un-Olympique-de-Marseille-reduit-a-neuf-le-resume-video-de-la-victoire-des-Canaris-768x431.png 768w\" sizes=\"auto, (max-width: 792px) 100vw, 792px\" \/><\/div><\/div><div class=\"vlp-layout-zone-main\"><div class=\"vlp-block-0 vlp-link-title\">Nantes va s'imposer chez un Olympique de Marseille r\u00e9duit \u00e0 neuf : le r\u00e9sum\u00e9 vid\u00e9o de la victoire des Canaris<\/div><div class=\"vlp-block-1 vlp-link-summary\">LIGUE 1 2025\/2026 - Cet apr\u00e8s-midi, le FC Nantes est all\u00e9 s'imposer 0-2 sur la pelouse de l'Olympique de Marseille. Retrouvez le r\u00e9sum\u00e9 vid\u00e9o de la rencontre.<\/div><div class=\"vlp-block-2 vlp-link-button\">Lire l'article<\/div><div class=\"vlp-block-3 vlp-link-url\">dicodusport.fr<\/div><\/div><\/div>\n<div id=\"gtx-trans\" style=\"position: absolute; left: -14px; top: 40.9091px;\">\n<div class=\"gtx-trans-icon\" style=\"text-align: justify;\"><\/div>\n<\/div>\n","protected":false},"excerpt":{"rendered":"<p>Le PFC n\u2019a pas \u00e0 rougir de sa prestation face \u00e0 son voisin parisien mais doit toutefois d\u00e9poser les armes. Le PSG s\u2019impose assez logiquement 2-1.<\/p>\n","protected":false},"author":18,"featured_media":635887,"comment_status":"open","ping_status":"closed","sticky":false,"template":"","format":"standard","meta":{"_acf_changed":false,"_daextam_enable_autolinks":"1","footnotes":""},"categories":[47045],"tags":[16878,1554,47369,910],"class_list":["post-635880","post","type-post","status-publish","format-standard","has-post-thumbnail","hentry","category-ligue-1","tag-breve","tag-ligue-1","tag-pfc","tag-psg"],"acf":[],"yoast_head":"<!-- This site is optimized with the Yoast SEO Premium plugin v26.7 (Yoast SEO v26.7) - https:\/\/yoast.com\/wordpress\/plugins\/seo\/ -->\n<title>Le PSG \u00e9teint le PFC pour le retour du derby parisien en Ligue 1<\/title>\n<meta name=\"description\" content=\"LIGUE 1 2025\/2026 - Le PFC n\u2019a pas \u00e0 rougir de sa prestation face \u00e0 son voisin parisien mais d\u00e9pose toutefois les armes. Le PSG s&#039;impose 2-1.\" \/>\n<meta name=\"robots\" content=\"index, follow, max-snippet:-1, max-image-preview:large, max-video-preview:-1\" \/>\n<link rel=\"canonical\" href=\"https:\/\/dicodusport.fr\/blog\/le-psg-eteint-le-pfc-pour-le-retour-du-derby-parisien-en-ligue-1\/\" \/>\n<meta property=\"og:locale\" content=\"fr_FR\" \/>\n<meta property=\"og:type\" content=\"article\" \/>\n<meta property=\"og:title\" content=\"Le PSG \u00e9teint le PFC pour le retour du derby parisien en Ligue 1\" \/>\n<meta property=\"og:description\" content=\"LIGUE 1 2025\/2026 - Le PFC n\u2019a pas \u00e0 rougir de sa prestation face \u00e0 son voisin parisien mais d\u00e9pose toutefois les armes. Le PSG s&#039;impose 2-1.\" \/>\n<meta property=\"og:url\" content=\"https:\/\/dicodusport.fr\/blog\/le-psg-eteint-le-pfc-pour-le-retour-du-derby-parisien-en-ligue-1\/\" \/>\n<meta property=\"og:site_name\" content=\"Dicodusport\" \/>\n<meta property=\"article:publisher\" content=\"https:\/\/www.facebook.com\/dicodusport\" \/>\n<meta property=\"article:author\" content=\"https:\/\/www.facebook.com\/soocube\" \/>\n<meta property=\"article:published_time\" content=\"2026-01-04T21:43:39+00:00\" \/>\n<meta property=\"article:modified_time\" content=\"2026-01-04T22:10:08+00:00\" \/>\n<meta property=\"og:image\" content=\"https:\/\/dicodusport.fr\/blog\/wp-content\/uploads\/2026\/01\/Le-PSG-eteint-le-PFC-pour-le-retour-du-derby-parisien-en-Ligue-1.png\" \/>\n\t<meta property=\"og:image:width\" content=\"1200\" \/>\n\t<meta property=\"og:image:height\" content=\"674\" \/>\n\t<meta property=\"og:image:type\" content=\"image\/png\" \/>\n<meta name=\"author\" content=\"Sophie Clapier\" \/>\n<meta name=\"twitter:card\" content=\"summary_large_image\" \/>\n<meta name=\"twitter:title\" content=\"Le PSG \u00e9teint le PFC pour le retour du derby parisien en Ligue 1\" \/>\n<meta name=\"twitter:creator\" content=\"@https:\/\/twitter.com\/soocube\" \/>\n<meta name=\"twitter:site\" content=\"@dicodusport\" \/>\n<script type=\"application\/ld+json\" class=\"yoast-schema-graph\">{\"@context\":\"https:\/\/schema.org\",\"@graph\":[{\"@type\":\"NewsArticle\",\"@id\":\"https:\/\/dicodusport.fr\/blog\/le-psg-eteint-le-pfc-pour-le-retour-du-derby-parisien-en-ligue-1\/#article\",\"isPartOf\":{\"@id\":\"https:\/\/dicodusport.fr\/blog\/le-psg-eteint-le-pfc-pour-le-retour-du-derby-parisien-en-ligue-1\/\"},\"author\":{\"name\":\"Sophie Clapier\",\"@id\":\"https:\/\/dicodusport.fr\/blog\/#\/schema\/person\/416c975648aca9da8839bdfe333a21c9\"},\"headline\":\"Le PSG \u00e9teint le PFC pour le retour du derby parisien en Ligue 1\",\"datePublished\":\"2026-01-04T21:43:39+00:00\",\"dateModified\":\"2026-01-04T22:10:08+00:00\",\"mainEntityOfPage\":{\"@id\":\"https:\/\/dicodusport.fr\/blog\/le-psg-eteint-le-pfc-pour-le-retour-du-derby-parisien-en-ligue-1\/\"},\"wordCount\":718,\"commentCount\":0,\"publisher\":{\"@id\":\"https:\/\/dicodusport.fr\/blog\/#organization\"},\"image\":{\"@id\":\"https:\/\/dicodusport.fr\/blog\/le-psg-eteint-le-pfc-pour-le-retour-du-derby-parisien-en-ligue-1\/#primaryimage\"},\"thumbnailUrl\":\"https:\/\/dicodusport.fr\/blog\/wp-content\/uploads\/2026\/01\/Le-PSG-eteint-le-PFC-pour-le-retour-du-derby-parisien-en-Ligue-1.png\",\"keywords\":[\"br\u00e8ve\",\"Ligue 1\",\"PFC\",\"PSG\"],\"articleSection\":[\"Ligue 1\"],\"inLanguage\":\"fr-FR\",\"potentialAction\":[{\"@type\":\"CommentAction\",\"name\":\"Comment\",\"target\":[\"https:\/\/dicodusport.fr\/blog\/le-psg-eteint-le-pfc-pour-le-retour-du-derby-parisien-en-ligue-1\/#respond\"]}],\"copyrightYear\":\"2026\",\"copyrightHolder\":{\"@id\":\"https:\/\/dicodusport.fr\/blog\/#organization\"}},{\"@type\":\"WebPage\",\"@id\":\"https:\/\/dicodusport.fr\/blog\/le-psg-eteint-le-pfc-pour-le-retour-du-derby-parisien-en-ligue-1\/\",\"url\":\"https:\/\/dicodusport.fr\/blog\/le-psg-eteint-le-pfc-pour-le-retour-du-derby-parisien-en-ligue-1\/\",\"name\":\"Le PSG \u00e9teint le PFC pour le retour du derby parisien en Ligue 1\",\"isPartOf\":{\"@id\":\"https:\/\/dicodusport.fr\/blog\/#website\"},\"primaryImageOfPage\":{\"@id\":\"https:\/\/dicodusport.fr\/blog\/le-psg-eteint-le-pfc-pour-le-retour-du-derby-parisien-en-ligue-1\/#primaryimage\"},\"image\":{\"@id\":\"https:\/\/dicodusport.fr\/blog\/le-psg-eteint-le-pfc-pour-le-retour-du-derby-parisien-en-ligue-1\/#primaryimage\"},\"thumbnailUrl\":\"https:\/\/dicodusport.fr\/blog\/wp-content\/uploads\/2026\/01\/Le-PSG-eteint-le-PFC-pour-le-retour-du-derby-parisien-en-Ligue-1.png\",\"datePublished\":\"2026-01-04T21:43:39+00:00\",\"dateModified\":\"2026-01-04T22:10:08+00:00\",\"description\":\"LIGUE 1 2025\/2026 - Le PFC n\u2019a pas \u00e0 rougir de sa prestation face \u00e0 son voisin parisien mais d\u00e9pose toutefois les armes. Le PSG s'impose 2-1.\",\"breadcrumb\":{\"@id\":\"https:\/\/dicodusport.fr\/blog\/le-psg-eteint-le-pfc-pour-le-retour-du-derby-parisien-en-ligue-1\/#breadcrumb\"},\"inLanguage\":\"fr-FR\",\"potentialAction\":[{\"@type\":\"ReadAction\",\"target\":[\"https:\/\/dicodusport.fr\/blog\/le-psg-eteint-le-pfc-pour-le-retour-du-derby-parisien-en-ligue-1\/\"]}]},{\"@type\":\"ImageObject\",\"inLanguage\":\"fr-FR\",\"@id\":\"https:\/\/dicodusport.fr\/blog\/le-psg-eteint-le-pfc-pour-le-retour-du-derby-parisien-en-ligue-1\/#primaryimage\",\"url\":\"https:\/\/dicodusport.fr\/blog\/wp-content\/uploads\/2026\/01\/Le-PSG-eteint-le-PFC-pour-le-retour-du-derby-parisien-en-Ligue-1.png\",\"contentUrl\":\"https:\/\/dicodusport.fr\/blog\/wp-content\/uploads\/2026\/01\/Le-PSG-eteint-le-PFC-pour-le-retour-du-derby-parisien-en-Ligue-1.png\",\"width\":1200,\"height\":674,\"caption\":\"Le PSG \u00e9teint le PFC pour le retour du derby parisien en Ligue 1\"},{\"@type\":\"BreadcrumbList\",\"@id\":\"https:\/\/dicodusport.fr\/blog\/le-psg-eteint-le-pfc-pour-le-retour-du-derby-parisien-en-ligue-1\/#breadcrumb\",\"itemListElement\":[{\"@type\":\"ListItem\",\"position\":1,\"name\":\"Accueil\",\"item\":\"https:\/\/dicodusport.fr\/blog\/\"},{\"@type\":\"ListItem\",\"position\":2,\"name\":\"Le PSG \u00e9teint le PFC pour le retour du derby parisien en Ligue 1\"}]},{\"@type\":\"WebSite\",\"@id\":\"https:\/\/dicodusport.fr\/blog\/#website\",\"url\":\"https:\/\/dicodusport.fr\/blog\/\",\"name\":\"Dicodusport\",\"description\":\"L&#039;encyclop\u00e9die de l&#039;actualit\u00e9 sportive\",\"publisher\":{\"@id\":\"https:\/\/dicodusport.fr\/blog\/#organization\"},\"potentialAction\":[{\"@type\":\"SearchAction\",\"target\":{\"@type\":\"EntryPoint\",\"urlTemplate\":\"https:\/\/dicodusport.fr\/blog\/?s={search_term_string}\"},\"query-input\":{\"@type\":\"PropertyValueSpecification\",\"valueRequired\":true,\"valueName\":\"search_term_string\"}}],\"inLanguage\":\"fr-FR\"},{\"@type\":\"NewsMediaOrganization\",\"@id\":\"https:\/\/dicodusport.fr\/blog\/#organization\",\"name\":\"Dicodusport\",\"url\":\"https:\/\/dicodusport.fr\/blog\/\",\"logo\":{\"@type\":\"ImageObject\",\"inLanguage\":\"fr-FR\",\"@id\":\"https:\/\/dicodusport.fr\/blog\/#\/schema\/logo\/image\/\",\"url\":\"https:\/\/dicodusport.fr\/blog\/wp-content\/uploads\/2020\/06\/cropped-LOGO-DICODUSPORT-2020-SANS-FOND-SANS-TEXTE.png\",\"contentUrl\":\"https:\/\/dicodusport.fr\/blog\/wp-content\/uploads\/2020\/06\/cropped-LOGO-DICODUSPORT-2020-SANS-FOND-SANS-TEXTE.png\",\"width\":512,\"height\":512,\"caption\":\"Dicodusport\"},\"image\":{\"@id\":\"https:\/\/dicodusport.fr\/blog\/#\/schema\/logo\/image\/\"},\"sameAs\":[\"https:\/\/www.facebook.com\/dicodusport\",\"https:\/\/x.com\/dicodusport\",\"https:\/\/www.instagram.com\/dicodusport\/\",\"https:\/\/www.youtube.com\/channel\/UC7V2KZ5sd3htJivAbA4ZG3w\"],\"description\":\"Dicodusport est l'encyclop\u00e9die de l'actualit\u00e9 sportive.\",\"email\":\"bonjour@dicodusport.fr\",\"legalName\":\"DICODUSPORT\",\"foundingDate\":\"2018-01-14\",\"vatID\":\"FR71834470973\",\"taxID\":\"83447097300043\",\"numberOfEmployees\":{\"@type\":\"QuantitativeValue\",\"minValue\":\"1\",\"maxValue\":\"10\"}},{\"@type\":\"Person\",\"@id\":\"https:\/\/dicodusport.fr\/blog\/#\/schema\/person\/416c975648aca9da8839bdfe333a21c9\",\"name\":\"Sophie Clapier\",\"image\":{\"@type\":\"ImageObject\",\"inLanguage\":\"fr-FR\",\"@id\":\"https:\/\/dicodusport.fr\/blog\/#\/schema\/person\/image\/\",\"url\":\"https:\/\/dicodusport.fr\/blog\/wp-content\/uploads\/2021\/05\/Sophie-Clapier-150x150.jpg\",\"contentUrl\":\"https:\/\/dicodusport.fr\/blog\/wp-content\/uploads\/2021\/05\/Sophie-Clapier-150x150.jpg\",\"caption\":\"Sophie Clapier\"},\"description\":\"Journaliste\/r\u00e9dactrice depuis janvier 2016 - Passionn\u00e9e de sport depuis toujours, j\u2019en ai pratiqu\u00e9 quelques-uns. Judo, football, handball ou encore tennis, je n\u2019ai jamais pu me mettre d\u2019accord sur un en particulier. Mais \u00e7a, c\u2019\u00e9tait avant de d\u00e9couvrir le basket, devenu mon sport de pr\u00e9dilection. Les actions NBA, le All-Star Week-end, la fureur des Game 7 pendant les playoffs ou mieux, lors des Finals, this is why we play. Team Spurs T.P, je m\u2019accroche encore \u00e0 Gregg Popovich (don\u2019t leave !). Team chef Curry, je souhaite qu\u2019il finisse aux Warriors (staaaay !). Non, il n\u2019y a pas qu\u2019eux, des petits nouveaux -et des petites nouvelles \u00e9videmment- arrivent chaque jour dans toutes les disciplines et cr\u00e9ent de nouveaux exploits. Alors pour les grands \u00e9v\u00e9nements et comp\u00e9titions internationales, vive les pulsations 240\/minutes et le d\u00e9fibrillateur pas loin, et allez les Bleu(e)s ! C\u2019est s\u00fbr, j\u2019aurai plus vu ma vie sur un terrain de sport, mais \u00e0 d\u00e9faut d\u2019en faire en haut niveau, je le partage avec vous.\",\"sameAs\":[\"https:\/\/www.facebook.com\/soocube\",\"https:\/\/x.com\/https:\/\/twitter.com\/soocube\",\"admin\"],\"url\":\"https:\/\/dicodusport.fr\/blog\/author\/sophie\/\"}]}<\/script>\n<!-- \/ Yoast SEO Premium plugin. -->","yoast_head_json":{"title":"Le PSG \u00e9teint le PFC pour le retour du derby parisien en Ligue 1","description":"LIGUE 1 2025\/2026 - Le PFC n\u2019a pas \u00e0 rougir de sa prestation face \u00e0 son voisin parisien mais d\u00e9pose toutefois les armes. Le PSG s'impose 2-1.","robots":{"index":"index","follow":"follow","max-snippet":"max-snippet:-1","max-image-preview":"max-image-preview:large","max-video-preview":"max-video-preview:-1"},"canonical":"https:\/\/dicodusport.fr\/blog\/le-psg-eteint-le-pfc-pour-le-retour-du-derby-parisien-en-ligue-1\/","og_locale":"fr_FR","og_type":"article","og_title":"Le PSG \u00e9teint le PFC pour le retour du derby parisien en Ligue 1","og_description":"LIGUE 1 2025\/2026 - Le PFC n\u2019a pas \u00e0 rougir de sa prestation face \u00e0 son voisin parisien mais d\u00e9pose toutefois les armes. Le PSG s'impose 2-1.","og_url":"https:\/\/dicodusport.fr\/blog\/le-psg-eteint-le-pfc-pour-le-retour-du-derby-parisien-en-ligue-1\/","og_site_name":"Dicodusport","article_publisher":"https:\/\/www.facebook.com\/dicodusport","article_author":"https:\/\/www.facebook.com\/soocube","article_published_time":"2026-01-04T21:43:39+00:00","article_modified_time":"2026-01-04T22:10:08+00:00","og_image":[{"width":1200,"height":674,"url":"https:\/\/dicodusport.fr\/blog\/wp-content\/uploads\/2026\/01\/Le-PSG-eteint-le-PFC-pour-le-retour-du-derby-parisien-en-Ligue-1.png","type":"image\/png"}],"author":"Sophie Clapier","twitter_card":"summary_large_image","twitter_title":"Le PSG \u00e9teint le PFC pour le retour du derby parisien en Ligue 1","twitter_creator":"@https:\/\/twitter.com\/soocube","twitter_site":"@dicodusport","schema":{"@context":"https:\/\/schema.org","@graph":[{"@type":"NewsArticle","@id":"https:\/\/dicodusport.fr\/blog\/le-psg-eteint-le-pfc-pour-le-retour-du-derby-parisien-en-ligue-1\/#article","isPartOf":{"@id":"https:\/\/dicodusport.fr\/blog\/le-psg-eteint-le-pfc-pour-le-retour-du-derby-parisien-en-ligue-1\/"},"author":{"name":"Sophie Clapier","@id":"https:\/\/dicodusport.fr\/blog\/#\/schema\/person\/416c975648aca9da8839bdfe333a21c9"},"headline":"Le PSG \u00e9teint le PFC pour le retour du derby parisien en Ligue 1","datePublished":"2026-01-04T21:43:39+00:00","dateModified":"2026-01-04T22:10:08+00:00","mainEntityOfPage":{"@id":"https:\/\/dicodusport.fr\/blog\/le-psg-eteint-le-pfc-pour-le-retour-du-derby-parisien-en-ligue-1\/"},"wordCount":718,"commentCount":0,"publisher":{"@id":"https:\/\/dicodusport.fr\/blog\/#organization"},"image":{"@id":"https:\/\/dicodusport.fr\/blog\/le-psg-eteint-le-pfc-pour-le-retour-du-derby-parisien-en-ligue-1\/#primaryimage"},"thumbnailUrl":"https:\/\/dicodusport.fr\/blog\/wp-content\/uploads\/2026\/01\/Le-PSG-eteint-le-PFC-pour-le-retour-du-derby-parisien-en-Ligue-1.png","keywords":["br\u00e8ve","Ligue 1","PFC","PSG"],"articleSection":["Ligue 1"],"inLanguage":"fr-FR","potentialAction":[{"@type":"CommentAction","name":"Comment","target":["https:\/\/dicodusport.fr\/blog\/le-psg-eteint-le-pfc-pour-le-retour-du-derby-parisien-en-ligue-1\/#respond"]}],"copyrightYear":"2026","copyrightHolder":{"@id":"https:\/\/dicodusport.fr\/blog\/#organization"}},{"@type":"WebPage","@id":"https:\/\/dicodusport.fr\/blog\/le-psg-eteint-le-pfc-pour-le-retour-du-derby-parisien-en-ligue-1\/","url":"https:\/\/dicodusport.fr\/blog\/le-psg-eteint-le-pfc-pour-le-retour-du-derby-parisien-en-ligue-1\/","name":"Le PSG \u00e9teint le PFC pour le retour du derby parisien en Ligue 1","isPartOf":{"@id":"https:\/\/dicodusport.fr\/blog\/#website"},"primaryImageOfPage":{"@id":"https:\/\/dicodusport.fr\/blog\/le-psg-eteint-le-pfc-pour-le-retour-du-derby-parisien-en-ligue-1\/#primaryimage"},"image":{"@id":"https:\/\/dicodusport.fr\/blog\/le-psg-eteint-le-pfc-pour-le-retour-du-derby-parisien-en-ligue-1\/#primaryimage"},"thumbnailUrl":"https:\/\/dicodusport.fr\/blog\/wp-content\/uploads\/2026\/01\/Le-PSG-eteint-le-PFC-pour-le-retour-du-derby-parisien-en-Ligue-1.png","datePublished":"2026-01-04T21:43:39+00:00","dateModified":"2026-01-04T22:10:08+00:00","description":"LIGUE 1 2025\/2026 - Le PFC n\u2019a pas \u00e0 rougir de sa prestation face \u00e0 son voisin parisien mais d\u00e9pose toutefois les armes. Le PSG s'impose 2-1.","breadcrumb":{"@id":"https:\/\/dicodusport.fr\/blog\/le-psg-eteint-le-pfc-pour-le-retour-du-derby-parisien-en-ligue-1\/#breadcrumb"},"inLanguage":"fr-FR","potentialAction":[{"@type":"ReadAction","target":["https:\/\/dicodusport.fr\/blog\/le-psg-eteint-le-pfc-pour-le-retour-du-derby-parisien-en-ligue-1\/"]}]},{"@type":"ImageObject","inLanguage":"fr-FR","@id":"https:\/\/dicodusport.fr\/blog\/le-psg-eteint-le-pfc-pour-le-retour-du-derby-parisien-en-ligue-1\/#primaryimage","url":"https:\/\/dicodusport.fr\/blog\/wp-content\/uploads\/2026\/01\/Le-PSG-eteint-le-PFC-pour-le-retour-du-derby-parisien-en-Ligue-1.png","contentUrl":"https:\/\/dicodusport.fr\/blog\/wp-content\/uploads\/2026\/01\/Le-PSG-eteint-le-PFC-pour-le-retour-du-derby-parisien-en-Ligue-1.png","width":1200,"height":674,"caption":"Le PSG \u00e9teint le PFC pour le retour du derby parisien en Ligue 1"},{"@type":"BreadcrumbList","@id":"https:\/\/dicodusport.fr\/blog\/le-psg-eteint-le-pfc-pour-le-retour-du-derby-parisien-en-ligue-1\/#breadcrumb","itemListElement":[{"@type":"ListItem","position":1,"name":"Accueil","item":"https:\/\/dicodusport.fr\/blog\/"},{"@type":"ListItem","position":2,"name":"Le PSG \u00e9teint le PFC pour le retour du derby parisien en Ligue 1"}]},{"@type":"WebSite","@id":"https:\/\/dicodusport.fr\/blog\/#website","url":"https:\/\/dicodusport.fr\/blog\/","name":"Dicodusport","description":"L&#039;encyclop\u00e9die de l&#039;actualit\u00e9 sportive","publisher":{"@id":"https:\/\/dicodusport.fr\/blog\/#organization"},"potentialAction":[{"@type":"SearchAction","target":{"@type":"EntryPoint","urlTemplate":"https:\/\/dicodusport.fr\/blog\/?s={search_term_string}"},"query-input":{"@type":"PropertyValueSpecification","valueRequired":true,"valueName":"search_term_string"}}],"inLanguage":"fr-FR"},{"@type":"NewsMediaOrganization","@id":"https:\/\/dicodusport.fr\/blog\/#organization","name":"Dicodusport","url":"https:\/\/dicodusport.fr\/blog\/","logo":{"@type":"ImageObject","inLanguage":"fr-FR","@id":"https:\/\/dicodusport.fr\/blog\/#\/schema\/logo\/image\/","url":"https:\/\/dicodusport.fr\/blog\/wp-content\/uploads\/2020\/06\/cropped-LOGO-DICODUSPORT-2020-SANS-FOND-SANS-TEXTE.png","contentUrl":"https:\/\/dicodusport.fr\/blog\/wp-content\/uploads\/2020\/06\/cropped-LOGO-DICODUSPORT-2020-SANS-FOND-SANS-TEXTE.png","width":512,"height":512,"caption":"Dicodusport"},"image":{"@id":"https:\/\/dicodusport.fr\/blog\/#\/schema\/logo\/image\/"},"sameAs":["https:\/\/www.facebook.com\/dicodusport","https:\/\/x.com\/dicodusport","https:\/\/www.instagram.com\/dicodusport\/","https:\/\/www.youtube.com\/channel\/UC7V2KZ5sd3htJivAbA4ZG3w"],"description":"Dicodusport est l'encyclop\u00e9die de l'actualit\u00e9 sportive.","email":"bonjour@dicodusport.fr","legalName":"DICODUSPORT","foundingDate":"2018-01-14","vatID":"FR71834470973","taxID":"83447097300043","numberOfEmployees":{"@type":"QuantitativeValue","minValue":"1","maxValue":"10"}},{"@type":"Person","@id":"https:\/\/dicodusport.fr\/blog\/#\/schema\/person\/416c975648aca9da8839bdfe333a21c9","name":"Sophie Clapier","image":{"@type":"ImageObject","inLanguage":"fr-FR","@id":"https:\/\/dicodusport.fr\/blog\/#\/schema\/person\/image\/","url":"https:\/\/dicodusport.fr\/blog\/wp-content\/uploads\/2021\/05\/Sophie-Clapier-150x150.jpg","contentUrl":"https:\/\/dicodusport.fr\/blog\/wp-content\/uploads\/2021\/05\/Sophie-Clapier-150x150.jpg","caption":"Sophie Clapier"},"description":"Journaliste\/r\u00e9dactrice depuis janvier 2016 - Passionn\u00e9e de sport depuis toujours, j\u2019en ai pratiqu\u00e9 quelques-uns. Judo, football, handball ou encore tennis, je n\u2019ai jamais pu me mettre d\u2019accord sur un en particulier. Mais \u00e7a, c\u2019\u00e9tait avant de d\u00e9couvrir le basket, devenu mon sport de pr\u00e9dilection. Les actions NBA, le All-Star Week-end, la fureur des Game 7 pendant les playoffs ou mieux, lors des Finals, this is why we play. Team Spurs T.P, je m\u2019accroche encore \u00e0 Gregg Popovich (don\u2019t leave !). Team chef Curry, je souhaite qu\u2019il finisse aux Warriors (staaaay !). Non, il n\u2019y a pas qu\u2019eux, des petits nouveaux -et des petites nouvelles \u00e9videmment- arrivent chaque jour dans toutes les disciplines et cr\u00e9ent de nouveaux exploits. Alors pour les grands \u00e9v\u00e9nements et comp\u00e9titions internationales, vive les pulsations 240\/minutes et le d\u00e9fibrillateur pas loin, et allez les Bleu(e)s ! C\u2019est s\u00fbr, j\u2019aurai plus vu ma vie sur un terrain de sport, mais \u00e0 d\u00e9faut d\u2019en faire en haut niveau, je le partage avec vous.","sameAs":["https:\/\/www.facebook.com\/soocube","https:\/\/x.com\/https:\/\/twitter.com\/soocube","admin"],"url":"https:\/\/dicodusport.fr\/blog\/author\/sophie\/"}]}},"_links":{"self":[{"href":"https:\/\/dicodusport.fr\/blog\/wp-json\/wp\/v2\/posts\/635880","targetHints":{"allow":["GET"]}}],"collection":[{"href":"https:\/\/dicodusport.fr\/blog\/wp-json\/wp\/v2\/posts"}],"about":[{"href":"https:\/\/dicodusport.fr\/blog\/wp-json\/wp\/v2\/types\/post"}],"author":[{"embeddable":true,"href":"https:\/\/dicodusport.fr\/blog\/wp-json\/wp\/v2\/users\/18"}],"replies":[{"embeddable":true,"href":"https:\/\/dicodusport.fr\/blog\/wp-json\/wp\/v2\/comments?post=635880"}],"version-history":[{"count":5,"href":"https:\/\/dicodusport.fr\/blog\/wp-json\/wp\/v2\/posts\/635880\/revisions"}],"predecessor-version":[{"id":635897,"href":"https:\/\/dicodusport.fr\/blog\/wp-json\/wp\/v2\/posts\/635880\/revisions\/635897"}],"wp:featuredmedia":[{"embeddable":true,"href":"https:\/\/dicodusport.fr\/blog\/wp-json\/wp\/v2\/media\/635887"}],"wp:attachment":[{"href":"https:\/\/dicodusport.fr\/blog\/wp-json\/wp\/v2\/media?parent=635880"}],"wp:term":[{"taxonomy":"category","embeddable":true,"href":"https:\/\/dicodusport.fr\/blog\/wp-json\/wp\/v2\/categories?post=635880"},{"taxonomy":"post_tag","embeddable":true,"href":"https:\/\/dicodusport.fr\/blog\/wp-json\/wp\/v2\/tags?post=635880"}],"curies":[{"name":"wp","href":"https:\/\/api.w.org\/{rel}","templated":true}]}}