{"id":636108,"date":"2026-01-08T12:42:38","date_gmt":"2026-01-08T11:42:38","guid":{"rendered":"https:\/\/dicodusport.fr\/blog\/?p=636108&#038;preview=true&#038;preview_id=636108"},"modified":"2026-01-08T16:17:18","modified_gmt":"2026-01-08T15:17:18","slug":"pour-son-pote-sivert-bakken-tommaso-giacomel-remporte-le-sprint-doberhof","status":"publish","type":"post","link":"https:\/\/dicodusport.fr\/blog\/pour-son-pote-sivert-bakken-tommaso-giacomel-remporte-le-sprint-doberhof\/","title":{"rendered":"Pour son pote Sivert Bakken : Tommaso Giacomel remporte le sprint d&rsquo;Oberhof"},"content":{"rendered":"<p style=\"text-align: justify;\"><strong><em>COUPE DU MONDE DE BIATHLON 2025\/2026 &#8211; En larmes devant l&rsquo;hommage rendu au d\u00e9part \u00e0 son ami Sivert Bakken, l&rsquo;Italien Tommaso Giacomel a finalement remport\u00e9 le sprint d&rsquo;Oberhof.\u00a0\u00a0<\/em><\/strong><\/p>\n<ul>\n<li><strong>\u00c0 ce sujet \u2014\u00a0<a href=\"https:\/\/dicodusport.fr\/blog\/biathlon-oberhof-2026-programme-horaires-et-resultats\/\">Biathlon Oberhof 2026 : Programme, Horaires et R\u00e9sultats<\/a><\/strong><\/li>\n<\/ul>\n<h2 style=\"text-align: justify;\">Un d\u00e9part tr\u00e8s \u00e9mouvant<\/h2>\n<p style=\"text-align: justify;\">Premi\u00e8re course de cette \u00e9tape d\u2019<strong>Oberhof<\/strong> (Allemagne) avec le sprint masculin. Une course plac\u00e9e sous l\u2019\u00e9motion. Qu\u2019il \u00e9tait difficile de ne pas l\u00e2cher une larme avant le d\u00e9part face \u00e0 l\u2019hommage rendu \u00e0 <strong>Sivert Bakken<\/strong>, <a href=\"https:\/\/dicodusport.fr\/blog\/deces-subit-du-biathlete-norvegien-sivert-bakken\/\">tragiquement d\u00e9c\u00e9d\u00e9 il y a quelques jours<\/a>. En pleurs, certains biathl\u00e8tes ont fait preuve d\u2019un courage impressionnant pour prendre le d\u00e9part.<\/p>\n<p style=\"text-align: justify;\">Pas de dossard 1, en hommage \u00e0 Bakken. C\u2019est donc le Letton <strong>Birkentals<\/strong> qui a lanc\u00e9 les hostilit\u00e9s dans le brouillard allemand. Dossard 35, <strong>Fabien Claude<\/strong> \u00e9tait le premier Tricolore \u00e0 prendre le d\u00e9part. Malheureusement, il a manqu\u00e9 sa premi\u00e8re balle.<\/p>\n<p style=\"text-align: justify;\">Parti fort, l\u2019Am\u00e9ricain <strong>Campbell Wright<\/strong> prend la t\u00eate au tir couch\u00e9. Juste derri\u00e8re, <strong>\u00c9ric Perrot<\/strong> d\u00e9bute parfaitement lui aussi. <a href=\"https:\/\/dicodusport.fr\/blog\/le-biathlon-norvegien-decime-sturla-holm-laegreid-et-johan-olav-botn-sur-la-touche-avant-oberhof\/\">En l\u2019absence du leader du g\u00e9n\u00e9ral <strong>Johan-Olav Botn<\/strong><\/a>, le jeune Fran\u00e7ais a une occasion de se rapprocher, voire de r\u00e9cup\u00e9rer le dossard jaune.<\/p>\n<blockquote class=\"twitter-tweet\">\n<p dir=\"ltr\" lang=\"fr\">L&rsquo;hommage \u00e0 Sivert Bakken, d\u00e9c\u00e9d\u00e9 le 23 d\u00e9cembre dernier, avant le sprint d&rsquo;Oberhof<\/p>\n<p>Le direct sur la chaine L&rsquo;\u00c9quipe &gt; <a href=\"https:\/\/t.co\/pXI4SIbEoH\">https:\/\/t.co\/pXI4SIbEoH<\/a><a href=\"https:\/\/twitter.com\/hashtag\/lequipeBIATHLON?src=hash&amp;ref_src=twsrc%5Etfw\">#lequipeBIATHLON<\/a> <a href=\"https:\/\/t.co\/B19rNVJH6K\">pic.twitter.com\/B19rNVJH6K<\/a><\/p>\n<p>\u2014 la chaine L&rsquo;\u00c9quipe (@lachainelequipe) <a href=\"https:\/\/twitter.com\/lachainelequipe\/status\/2009211682006995072?ref_src=twsrc%5Etfw\">January 8, 2026<\/a><\/p><\/blockquote>\n<p><script async src=\"https:\/\/platform.twitter.com\/widgets.js\" charset=\"utf-8\"><\/script><\/p>\n<h2 style=\"text-align: justify;\">Malgr\u00e9 l\u2019\u00e9motion, Tommaso Giacomel s\u2019impose<\/h2>\n<p style=\"text-align: justify;\">Toujours en difficult\u00e9 sur le tir couch\u00e9, <strong>Quentin Fillon Maillet<\/strong> rate une balle. Dans le m\u00eame temps, <strong>\u00c9ric Perrot<\/strong> sabote sa course avec deux erreurs sur le tir debout. C\u2019est <strong>Philipp Nawrath<\/strong> qui, avec un 9\/10, occupe la premi\u00e8re place apr\u00e8s les deux passages sur le pas de tir. Pas pour longtemps, puisque, avec le m\u00eame score, <strong>Tommaso Giacomel<\/strong>, tr\u00e8s rapide sur les skis, prend le lead avec 20 secondes d\u2019avance.<\/p>\n<p style=\"text-align: justify;\">Bien parti pour aller gagner la course, <strong>Sebastian Samuelsson<\/strong> va tout g\u00e2cher en ratant sa toute derni\u00e8re balle, apr\u00e8s s\u2019\u00eatre repris \u00e0 plusieurs reprises pour la tirer. \u00c0 l\u2019arriv\u00e9e, <strong>Tommaso Giacomel<\/strong> l\u2019emporte devant <strong>Philipp Nawrath<\/strong> (+13 s) et <strong>Johannes Dale<\/strong> (+25 s).<\/p>\n<p style=\"text-align: justify;\">Les Tricolores se sont rat\u00e9s aujourd\u2019hui. Avec un 8\/10, <strong>\u00c9ric Perrot<\/strong> s\u2019en sort le mieux et termine 5\u00e8me, \u00e0 32 secondes. <strong>Quentin Fillon Maillet<\/strong> se classe 11\u00e8me, <strong>Oscar Lombardot<\/strong> (9\/10) 23\u00e8me, <strong>Fabien Claude<\/strong> (7\/10) 27\u00e8me. <strong>Valentin Lejeune<\/strong> 66\u00e8me et <strong>\u00c9milien Jacquelin<\/strong> 68\u00e8me ne participeront pas \u00e0 la poursuite.<\/p>\n<blockquote class=\"twitter-tweet\">\n<p dir=\"ltr\" lang=\"fr\">Tout un symbole, Tommaso Giacomel prend le meilleur temps \u00e0 Oberhof et rend hommage \u00e0 son ami Sivert Bakken, d\u00e9c\u00e9d\u00e9 le 23 d\u00e9cembre dernier.<\/p>\n<p>Le direct sur la chaine L&rsquo;\u00c9quipe &gt; <a href=\"https:\/\/t.co\/pXI4SIccef\">https:\/\/t.co\/pXI4SIccef<\/a><a href=\"https:\/\/twitter.com\/hashtag\/lequipeBIATHLON?src=hash&amp;ref_src=twsrc%5Etfw\">#lequipeBIATHLON<\/a> <a href=\"https:\/\/t.co\/m7K4xNd0ML\">pic.twitter.com\/m7K4xNd0ML<\/a><\/p>\n<p>\u2014 la chaine L&rsquo;\u00c9quipe (@lachainelequipe) <a href=\"https:\/\/twitter.com\/lachainelequipe\/status\/2009226496511226268?ref_src=twsrc%5Etfw\">January 8, 2026<\/a><\/p><\/blockquote>\n<p><script async src=\"https:\/\/platform.twitter.com\/widgets.js\" charset=\"utf-8\"><\/script><\/p>\n<ul>\n<li style=\"text-align: justify;\"><strong>\u00c0 ce sujet \u2014\u00a0<a href=\"https:\/\/dicodusport.fr\/blog\/biathlon-2025-2026-classement-general-hommes-de-la-coupe-du-monde-mis-a-jour\/\">Biathlon 2025-2026 : Classement G\u00e9n\u00e9ral Hommes de la Coupe du monde mis \u00e0 jour<\/a><\/strong><\/li>\n<li><strong>\u00c0 ce sujet \u2014\u00a0<a href=\"https:\/\/dicodusport.fr\/blog\/biathlon-2025-2026-classement-du-petit-globe-du-sprint-hommes-actualise\/\">Biathlon 2025-2026 : Classement du Petit Globe du Sprint Hommes actualis\u00e9<\/a><\/strong><\/li>\n<\/ul>\n<div id=\"gtx-trans\" style=\"position: absolute; left: -14px; top: 40.9091px;\">\n<div class=\"gtx-trans-icon\"><\/div>\n<\/div>\n","protected":false},"excerpt":{"rendered":"<p>En larmes devant l&rsquo;hommage rendu au d\u00e9part \u00e0 son ami Sivert Bakken, l&rsquo;Italien Tommaso Giacomel a finalement remport\u00e9 le sprint d&rsquo;Oberhof.\u00a0\u00a0<\/p>\n","protected":false},"author":89,"featured_media":636664,"comment_status":"open","ping_status":"closed","sticky":false,"template":"","format":"standard","meta":{"_acf_changed":false,"_daextam_enable_autolinks":"1","footnotes":""},"categories":[47040],"tags":[2427,13159,16878,2695,15233,24,13421],"class_list":["post-636108","post","type-post","status-publish","format-standard","has-post-thumbnail","hentry","category-coupe-du-monde-de-biathlon","tag-biathlon","tag-biathlon-oberhof","tag-breve","tag-coupe-du-monde-de-biathlon","tag-eric-perrot","tag-sport","tag-sprint-oberhof"],"acf":[],"yoast_head":"<!-- This site is optimized with the Yoast SEO Premium plugin v26.7 (Yoast SEO v26.7) - https:\/\/yoast.com\/wordpress\/plugins\/seo\/ -->\n<title>Pour son pote Sivert Bakken : Tommaso Giacomel remporte le sprint d&#039;Oberhof<\/title>\n<meta name=\"description\" content=\"En larmes devant l&#039;hommage rendu au d\u00e9part \u00e0 son ami Sivert Bakken, l&#039;Italien Tommaso Giacomel a finalement remport\u00e9 le sprint d&#039;Oberhof.\u00a0\u00a0\" \/>\n<meta name=\"robots\" content=\"index, follow, max-snippet:-1, max-image-preview:large, max-video-preview:-1\" \/>\n<link rel=\"canonical\" href=\"https:\/\/dicodusport.fr\/blog\/pour-son-pote-sivert-bakken-tommaso-giacomel-remporte-le-sprint-doberhof\/\" \/>\n<meta property=\"og:locale\" content=\"fr_FR\" \/>\n<meta property=\"og:type\" content=\"article\" \/>\n<meta property=\"og:title\" content=\"Pour son pote Sivert Bakken : Tommaso Giacomel remporte le sprint d&#039;Oberhof\" \/>\n<meta property=\"og:description\" content=\"En larmes devant l&#039;hommage rendu au d\u00e9part \u00e0 son ami Sivert Bakken, l&#039;Italien Tommaso Giacomel a finalement remport\u00e9 le sprint d&#039;Oberhof.\u00a0\u00a0\" \/>\n<meta property=\"og:url\" content=\"https:\/\/dicodusport.fr\/blog\/pour-son-pote-sivert-bakken-tommaso-giacomel-remporte-le-sprint-doberhof\/\" \/>\n<meta property=\"og:site_name\" content=\"Dicodusport\" \/>\n<meta property=\"article:publisher\" content=\"https:\/\/www.facebook.com\/dicodusport\" \/>\n<meta property=\"article:published_time\" content=\"2026-01-08T11:42:38+00:00\" \/>\n<meta property=\"article:modified_time\" content=\"2026-01-08T15:17:18+00:00\" \/>\n<meta property=\"og:image\" content=\"https:\/\/dicodusport.fr\/blog\/wp-content\/uploads\/2026\/01\/Pour-son-pote-Sivert-Bakken-Tommaso-Giacomel-remporte-le-sprint-dOberhof-1.png\" \/>\n\t<meta property=\"og:image:width\" content=\"1200\" \/>\n\t<meta property=\"og:image:height\" content=\"674\" \/>\n\t<meta property=\"og:image:type\" content=\"image\/png\" \/>\n<meta name=\"author\" content=\"Louka Lesueur\" \/>\n<meta name=\"twitter:card\" content=\"summary_large_image\" \/>\n<meta name=\"twitter:title\" content=\"Pour son pote Sivert Bakken : Tommaso Giacomel remporte le sprint d&#039;Oberhof\" \/>\n<meta name=\"twitter:creator\" content=\"@https:\/\/twitter.com\/LNewsSF\" \/>\n<meta name=\"twitter:site\" content=\"@dicodusport\" \/>\n<script type=\"application\/ld+json\" class=\"yoast-schema-graph\">{\"@context\":\"https:\/\/schema.org\",\"@graph\":[{\"@type\":\"NewsArticle\",\"@id\":\"https:\/\/dicodusport.fr\/blog\/pour-son-pote-sivert-bakken-tommaso-giacomel-remporte-le-sprint-doberhof\/#article\",\"isPartOf\":{\"@id\":\"https:\/\/dicodusport.fr\/blog\/pour-son-pote-sivert-bakken-tommaso-giacomel-remporte-le-sprint-doberhof\/\"},\"author\":{\"name\":\"Louka Lesueur\",\"@id\":\"https:\/\/dicodusport.fr\/blog\/#\/schema\/person\/54b6cdccebdfcd5a1036c594aecffc2a\"},\"headline\":\"Pour son pote Sivert Bakken : Tommaso Giacomel remporte le sprint d&rsquo;Oberhof\",\"datePublished\":\"2026-01-08T11:42:38+00:00\",\"dateModified\":\"2026-01-08T15:17:18+00:00\",\"mainEntityOfPage\":{\"@id\":\"https:\/\/dicodusport.fr\/blog\/pour-son-pote-sivert-bakken-tommaso-giacomel-remporte-le-sprint-doberhof\/\"},\"wordCount\":512,\"commentCount\":0,\"publisher\":{\"@id\":\"https:\/\/dicodusport.fr\/blog\/#organization\"},\"image\":{\"@id\":\"https:\/\/dicodusport.fr\/blog\/pour-son-pote-sivert-bakken-tommaso-giacomel-remporte-le-sprint-doberhof\/#primaryimage\"},\"thumbnailUrl\":\"https:\/\/dicodusport.fr\/blog\/wp-content\/uploads\/2026\/01\/Pour-son-pote-Sivert-Bakken-Tommaso-Giacomel-remporte-le-sprint-dOberhof-1.png\",\"keywords\":[\"Biathlon\",\"Biathlon Oberhof\",\"br\u00e8ve\",\"Coupe du monde de Biathlon\",\"Eric Perrot\",\"sport\",\"Sprint Oberhof\"],\"articleSection\":[\"Coupe du monde de biathlon\"],\"inLanguage\":\"fr-FR\",\"potentialAction\":[{\"@type\":\"CommentAction\",\"name\":\"Comment\",\"target\":[\"https:\/\/dicodusport.fr\/blog\/pour-son-pote-sivert-bakken-tommaso-giacomel-remporte-le-sprint-doberhof\/#respond\"]}],\"copyrightYear\":\"2026\",\"copyrightHolder\":{\"@id\":\"https:\/\/dicodusport.fr\/blog\/#organization\"}},{\"@type\":\"WebPage\",\"@id\":\"https:\/\/dicodusport.fr\/blog\/pour-son-pote-sivert-bakken-tommaso-giacomel-remporte-le-sprint-doberhof\/\",\"url\":\"https:\/\/dicodusport.fr\/blog\/pour-son-pote-sivert-bakken-tommaso-giacomel-remporte-le-sprint-doberhof\/\",\"name\":\"Pour son pote Sivert Bakken : Tommaso Giacomel remporte le sprint d'Oberhof\",\"isPartOf\":{\"@id\":\"https:\/\/dicodusport.fr\/blog\/#website\"},\"primaryImageOfPage\":{\"@id\":\"https:\/\/dicodusport.fr\/blog\/pour-son-pote-sivert-bakken-tommaso-giacomel-remporte-le-sprint-doberhof\/#primaryimage\"},\"image\":{\"@id\":\"https:\/\/dicodusport.fr\/blog\/pour-son-pote-sivert-bakken-tommaso-giacomel-remporte-le-sprint-doberhof\/#primaryimage\"},\"thumbnailUrl\":\"https:\/\/dicodusport.fr\/blog\/wp-content\/uploads\/2026\/01\/Pour-son-pote-Sivert-Bakken-Tommaso-Giacomel-remporte-le-sprint-dOberhof-1.png\",\"datePublished\":\"2026-01-08T11:42:38+00:00\",\"dateModified\":\"2026-01-08T15:17:18+00:00\",\"description\":\"En larmes devant l'hommage rendu au d\u00e9part \u00e0 son ami Sivert Bakken, l'Italien Tommaso Giacomel a finalement remport\u00e9 le sprint d'Oberhof.\u00a0\u00a0\",\"breadcrumb\":{\"@id\":\"https:\/\/dicodusport.fr\/blog\/pour-son-pote-sivert-bakken-tommaso-giacomel-remporte-le-sprint-doberhof\/#breadcrumb\"},\"inLanguage\":\"fr-FR\",\"potentialAction\":[{\"@type\":\"ReadAction\",\"target\":[\"https:\/\/dicodusport.fr\/blog\/pour-son-pote-sivert-bakken-tommaso-giacomel-remporte-le-sprint-doberhof\/\"]}]},{\"@type\":\"ImageObject\",\"inLanguage\":\"fr-FR\",\"@id\":\"https:\/\/dicodusport.fr\/blog\/pour-son-pote-sivert-bakken-tommaso-giacomel-remporte-le-sprint-doberhof\/#primaryimage\",\"url\":\"https:\/\/dicodusport.fr\/blog\/wp-content\/uploads\/2026\/01\/Pour-son-pote-Sivert-Bakken-Tommaso-Giacomel-remporte-le-sprint-dOberhof-1.png\",\"contentUrl\":\"https:\/\/dicodusport.fr\/blog\/wp-content\/uploads\/2026\/01\/Pour-son-pote-Sivert-Bakken-Tommaso-Giacomel-remporte-le-sprint-dOberhof-1.png\",\"width\":1200,\"height\":674,\"caption\":\"Pour son pote Sivert Bakken Tommaso Giacomel remporte le sprint d'Oberhof (1)\"},{\"@type\":\"BreadcrumbList\",\"@id\":\"https:\/\/dicodusport.fr\/blog\/pour-son-pote-sivert-bakken-tommaso-giacomel-remporte-le-sprint-doberhof\/#breadcrumb\",\"itemListElement\":[{\"@type\":\"ListItem\",\"position\":1,\"name\":\"Accueil\",\"item\":\"https:\/\/dicodusport.fr\/blog\/\"},{\"@type\":\"ListItem\",\"position\":2,\"name\":\"Pour son pote Sivert Bakken : Tommaso Giacomel remporte le sprint d&rsquo;Oberhof\"}]},{\"@type\":\"WebSite\",\"@id\":\"https:\/\/dicodusport.fr\/blog\/#website\",\"url\":\"https:\/\/dicodusport.fr\/blog\/\",\"name\":\"Dicodusport\",\"description\":\"L&#039;encyclop\u00e9die de l&#039;actualit\u00e9 sportive\",\"publisher\":{\"@id\":\"https:\/\/dicodusport.fr\/blog\/#organization\"},\"potentialAction\":[{\"@type\":\"SearchAction\",\"target\":{\"@type\":\"EntryPoint\",\"urlTemplate\":\"https:\/\/dicodusport.fr\/blog\/?s={search_term_string}\"},\"query-input\":{\"@type\":\"PropertyValueSpecification\",\"valueRequired\":true,\"valueName\":\"search_term_string\"}}],\"inLanguage\":\"fr-FR\"},{\"@type\":\"NewsMediaOrganization\",\"@id\":\"https:\/\/dicodusport.fr\/blog\/#organization\",\"name\":\"Dicodusport\",\"url\":\"https:\/\/dicodusport.fr\/blog\/\",\"logo\":{\"@type\":\"ImageObject\",\"inLanguage\":\"fr-FR\",\"@id\":\"https:\/\/dicodusport.fr\/blog\/#\/schema\/logo\/image\/\",\"url\":\"https:\/\/dicodusport.fr\/blog\/wp-content\/uploads\/2020\/06\/cropped-LOGO-DICODUSPORT-2020-SANS-FOND-SANS-TEXTE.png\",\"contentUrl\":\"https:\/\/dicodusport.fr\/blog\/wp-content\/uploads\/2020\/06\/cropped-LOGO-DICODUSPORT-2020-SANS-FOND-SANS-TEXTE.png\",\"width\":512,\"height\":512,\"caption\":\"Dicodusport\"},\"image\":{\"@id\":\"https:\/\/dicodusport.fr\/blog\/#\/schema\/logo\/image\/\"},\"sameAs\":[\"https:\/\/www.facebook.com\/dicodusport\",\"https:\/\/x.com\/dicodusport\",\"https:\/\/www.instagram.com\/dicodusport\/\",\"https:\/\/www.youtube.com\/channel\/UC7V2KZ5sd3htJivAbA4ZG3w\"],\"description\":\"Dicodusport est l'encyclop\u00e9die de l'actualit\u00e9 sportive.\",\"email\":\"bonjour@dicodusport.fr\",\"legalName\":\"DICODUSPORT\",\"foundingDate\":\"2018-01-14\",\"vatID\":\"FR71834470973\",\"taxID\":\"83447097300043\",\"numberOfEmployees\":{\"@type\":\"QuantitativeValue\",\"minValue\":\"1\",\"maxValue\":\"10\"}},{\"@type\":\"Person\",\"@id\":\"https:\/\/dicodusport.fr\/blog\/#\/schema\/person\/54b6cdccebdfcd5a1036c594aecffc2a\",\"name\":\"Louka Lesueur\",\"image\":{\"@type\":\"ImageObject\",\"inLanguage\":\"fr-FR\",\"@id\":\"https:\/\/dicodusport.fr\/blog\/#\/schema\/person\/image\/\",\"url\":\"https:\/\/dicodusport.fr\/blog\/wp-content\/uploads\/2023\/09\/IMG_2783-150x150.jpeg\",\"contentUrl\":\"https:\/\/dicodusport.fr\/blog\/wp-content\/uploads\/2023\/09\/IMG_2783-150x150.jpeg\",\"caption\":\"Louka Lesueur\"},\"description\":\"Passionn\u00e9 depuis tout petit par les exploits de Bolt, Fourcade, Riner, Lavillenie, Wilkinson, Hirscher. Les \u00e9motions provoqu\u00e9es par le sport ont berc\u00e9 mon enfance et continuent de le faire aujourd'hui. C'est ainsi qu'il m'est arriv\u00e9 de pleurer devant la d\u00e9faite des Bleus face aux Blacks en 2011, ou encore devant le titre olympique de Florent Manaudou \u00e0 Londres. Bien loin de ce milieu professionnel, j'ai os\u00e9 tenter ma chance pour rejoindre l'\u00e9quipe de r\u00e9daction de Dicodusport, et depuis septembre 2023, je tente de retransmettre au mieux les exploits des athl\u00e8tes, tous sports confondus. Grand chauvin, c'est bel et bien sur les sportifs tricolores que je pr\u00e9f\u00e8re \u00e9crire.\",\"sameAs\":[\"https:\/\/x.com\/https:\/\/twitter.com\/LNewsSF\"],\"gender\":\"Homme\",\"worksFor\":\"Louka LESUEUR\",\"url\":\"https:\/\/dicodusport.fr\/blog\/author\/louka-lesueur\/\"}]}<\/script>\n<!-- \/ Yoast SEO Premium plugin. -->","yoast_head_json":{"title":"Pour son pote Sivert Bakken : Tommaso Giacomel remporte le sprint d'Oberhof","description":"En larmes devant l'hommage rendu au d\u00e9part \u00e0 son ami Sivert Bakken, l'Italien Tommaso Giacomel a finalement remport\u00e9 le sprint d'Oberhof.\u00a0\u00a0","robots":{"index":"index","follow":"follow","max-snippet":"max-snippet:-1","max-image-preview":"max-image-preview:large","max-video-preview":"max-video-preview:-1"},"canonical":"https:\/\/dicodusport.fr\/blog\/pour-son-pote-sivert-bakken-tommaso-giacomel-remporte-le-sprint-doberhof\/","og_locale":"fr_FR","og_type":"article","og_title":"Pour son pote Sivert Bakken : Tommaso Giacomel remporte le sprint d'Oberhof","og_description":"En larmes devant l'hommage rendu au d\u00e9part \u00e0 son ami Sivert Bakken, l'Italien Tommaso Giacomel a finalement remport\u00e9 le sprint d'Oberhof.\u00a0\u00a0","og_url":"https:\/\/dicodusport.fr\/blog\/pour-son-pote-sivert-bakken-tommaso-giacomel-remporte-le-sprint-doberhof\/","og_site_name":"Dicodusport","article_publisher":"https:\/\/www.facebook.com\/dicodusport","article_published_time":"2026-01-08T11:42:38+00:00","article_modified_time":"2026-01-08T15:17:18+00:00","og_image":[{"width":1200,"height":674,"url":"https:\/\/dicodusport.fr\/blog\/wp-content\/uploads\/2026\/01\/Pour-son-pote-Sivert-Bakken-Tommaso-Giacomel-remporte-le-sprint-dOberhof-1.png","type":"image\/png"}],"author":"Louka Lesueur","twitter_card":"summary_large_image","twitter_title":"Pour son pote Sivert Bakken : Tommaso Giacomel remporte le sprint d'Oberhof","twitter_creator":"@https:\/\/twitter.com\/LNewsSF","twitter_site":"@dicodusport","schema":{"@context":"https:\/\/schema.org","@graph":[{"@type":"NewsArticle","@id":"https:\/\/dicodusport.fr\/blog\/pour-son-pote-sivert-bakken-tommaso-giacomel-remporte-le-sprint-doberhof\/#article","isPartOf":{"@id":"https:\/\/dicodusport.fr\/blog\/pour-son-pote-sivert-bakken-tommaso-giacomel-remporte-le-sprint-doberhof\/"},"author":{"name":"Louka Lesueur","@id":"https:\/\/dicodusport.fr\/blog\/#\/schema\/person\/54b6cdccebdfcd5a1036c594aecffc2a"},"headline":"Pour son pote Sivert Bakken : Tommaso Giacomel remporte le sprint d&rsquo;Oberhof","datePublished":"2026-01-08T11:42:38+00:00","dateModified":"2026-01-08T15:17:18+00:00","mainEntityOfPage":{"@id":"https:\/\/dicodusport.fr\/blog\/pour-son-pote-sivert-bakken-tommaso-giacomel-remporte-le-sprint-doberhof\/"},"wordCount":512,"commentCount":0,"publisher":{"@id":"https:\/\/dicodusport.fr\/blog\/#organization"},"image":{"@id":"https:\/\/dicodusport.fr\/blog\/pour-son-pote-sivert-bakken-tommaso-giacomel-remporte-le-sprint-doberhof\/#primaryimage"},"thumbnailUrl":"https:\/\/dicodusport.fr\/blog\/wp-content\/uploads\/2026\/01\/Pour-son-pote-Sivert-Bakken-Tommaso-Giacomel-remporte-le-sprint-dOberhof-1.png","keywords":["Biathlon","Biathlon Oberhof","br\u00e8ve","Coupe du monde de Biathlon","Eric Perrot","sport","Sprint Oberhof"],"articleSection":["Coupe du monde de biathlon"],"inLanguage":"fr-FR","potentialAction":[{"@type":"CommentAction","name":"Comment","target":["https:\/\/dicodusport.fr\/blog\/pour-son-pote-sivert-bakken-tommaso-giacomel-remporte-le-sprint-doberhof\/#respond"]}],"copyrightYear":"2026","copyrightHolder":{"@id":"https:\/\/dicodusport.fr\/blog\/#organization"}},{"@type":"WebPage","@id":"https:\/\/dicodusport.fr\/blog\/pour-son-pote-sivert-bakken-tommaso-giacomel-remporte-le-sprint-doberhof\/","url":"https:\/\/dicodusport.fr\/blog\/pour-son-pote-sivert-bakken-tommaso-giacomel-remporte-le-sprint-doberhof\/","name":"Pour son pote Sivert Bakken : Tommaso Giacomel remporte le sprint d'Oberhof","isPartOf":{"@id":"https:\/\/dicodusport.fr\/blog\/#website"},"primaryImageOfPage":{"@id":"https:\/\/dicodusport.fr\/blog\/pour-son-pote-sivert-bakken-tommaso-giacomel-remporte-le-sprint-doberhof\/#primaryimage"},"image":{"@id":"https:\/\/dicodusport.fr\/blog\/pour-son-pote-sivert-bakken-tommaso-giacomel-remporte-le-sprint-doberhof\/#primaryimage"},"thumbnailUrl":"https:\/\/dicodusport.fr\/blog\/wp-content\/uploads\/2026\/01\/Pour-son-pote-Sivert-Bakken-Tommaso-Giacomel-remporte-le-sprint-dOberhof-1.png","datePublished":"2026-01-08T11:42:38+00:00","dateModified":"2026-01-08T15:17:18+00:00","description":"En larmes devant l'hommage rendu au d\u00e9part \u00e0 son ami Sivert Bakken, l'Italien Tommaso Giacomel a finalement remport\u00e9 le sprint d'Oberhof.\u00a0\u00a0","breadcrumb":{"@id":"https:\/\/dicodusport.fr\/blog\/pour-son-pote-sivert-bakken-tommaso-giacomel-remporte-le-sprint-doberhof\/#breadcrumb"},"inLanguage":"fr-FR","potentialAction":[{"@type":"ReadAction","target":["https:\/\/dicodusport.fr\/blog\/pour-son-pote-sivert-bakken-tommaso-giacomel-remporte-le-sprint-doberhof\/"]}]},{"@type":"ImageObject","inLanguage":"fr-FR","@id":"https:\/\/dicodusport.fr\/blog\/pour-son-pote-sivert-bakken-tommaso-giacomel-remporte-le-sprint-doberhof\/#primaryimage","url":"https:\/\/dicodusport.fr\/blog\/wp-content\/uploads\/2026\/01\/Pour-son-pote-Sivert-Bakken-Tommaso-Giacomel-remporte-le-sprint-dOberhof-1.png","contentUrl":"https:\/\/dicodusport.fr\/blog\/wp-content\/uploads\/2026\/01\/Pour-son-pote-Sivert-Bakken-Tommaso-Giacomel-remporte-le-sprint-dOberhof-1.png","width":1200,"height":674,"caption":"Pour son pote Sivert Bakken Tommaso Giacomel remporte le sprint d'Oberhof (1)"},{"@type":"BreadcrumbList","@id":"https:\/\/dicodusport.fr\/blog\/pour-son-pote-sivert-bakken-tommaso-giacomel-remporte-le-sprint-doberhof\/#breadcrumb","itemListElement":[{"@type":"ListItem","position":1,"name":"Accueil","item":"https:\/\/dicodusport.fr\/blog\/"},{"@type":"ListItem","position":2,"name":"Pour son pote Sivert Bakken : Tommaso Giacomel remporte le sprint d&rsquo;Oberhof"}]},{"@type":"WebSite","@id":"https:\/\/dicodusport.fr\/blog\/#website","url":"https:\/\/dicodusport.fr\/blog\/","name":"Dicodusport","description":"L&#039;encyclop\u00e9die de l&#039;actualit\u00e9 sportive","publisher":{"@id":"https:\/\/dicodusport.fr\/blog\/#organization"},"potentialAction":[{"@type":"SearchAction","target":{"@type":"EntryPoint","urlTemplate":"https:\/\/dicodusport.fr\/blog\/?s={search_term_string}"},"query-input":{"@type":"PropertyValueSpecification","valueRequired":true,"valueName":"search_term_string"}}],"inLanguage":"fr-FR"},{"@type":"NewsMediaOrganization","@id":"https:\/\/dicodusport.fr\/blog\/#organization","name":"Dicodusport","url":"https:\/\/dicodusport.fr\/blog\/","logo":{"@type":"ImageObject","inLanguage":"fr-FR","@id":"https:\/\/dicodusport.fr\/blog\/#\/schema\/logo\/image\/","url":"https:\/\/dicodusport.fr\/blog\/wp-content\/uploads\/2020\/06\/cropped-LOGO-DICODUSPORT-2020-SANS-FOND-SANS-TEXTE.png","contentUrl":"https:\/\/dicodusport.fr\/blog\/wp-content\/uploads\/2020\/06\/cropped-LOGO-DICODUSPORT-2020-SANS-FOND-SANS-TEXTE.png","width":512,"height":512,"caption":"Dicodusport"},"image":{"@id":"https:\/\/dicodusport.fr\/blog\/#\/schema\/logo\/image\/"},"sameAs":["https:\/\/www.facebook.com\/dicodusport","https:\/\/x.com\/dicodusport","https:\/\/www.instagram.com\/dicodusport\/","https:\/\/www.youtube.com\/channel\/UC7V2KZ5sd3htJivAbA4ZG3w"],"description":"Dicodusport est l'encyclop\u00e9die de l'actualit\u00e9 sportive.","email":"bonjour@dicodusport.fr","legalName":"DICODUSPORT","foundingDate":"2018-01-14","vatID":"FR71834470973","taxID":"83447097300043","numberOfEmployees":{"@type":"QuantitativeValue","minValue":"1","maxValue":"10"}},{"@type":"Person","@id":"https:\/\/dicodusport.fr\/blog\/#\/schema\/person\/54b6cdccebdfcd5a1036c594aecffc2a","name":"Louka Lesueur","image":{"@type":"ImageObject","inLanguage":"fr-FR","@id":"https:\/\/dicodusport.fr\/blog\/#\/schema\/person\/image\/","url":"https:\/\/dicodusport.fr\/blog\/wp-content\/uploads\/2023\/09\/IMG_2783-150x150.jpeg","contentUrl":"https:\/\/dicodusport.fr\/blog\/wp-content\/uploads\/2023\/09\/IMG_2783-150x150.jpeg","caption":"Louka Lesueur"},"description":"Passionn\u00e9 depuis tout petit par les exploits de Bolt, Fourcade, Riner, Lavillenie, Wilkinson, Hirscher. Les \u00e9motions provoqu\u00e9es par le sport ont berc\u00e9 mon enfance et continuent de le faire aujourd'hui. C'est ainsi qu'il m'est arriv\u00e9 de pleurer devant la d\u00e9faite des Bleus face aux Blacks en 2011, ou encore devant le titre olympique de Florent Manaudou \u00e0 Londres. Bien loin de ce milieu professionnel, j'ai os\u00e9 tenter ma chance pour rejoindre l'\u00e9quipe de r\u00e9daction de Dicodusport, et depuis septembre 2023, je tente de retransmettre au mieux les exploits des athl\u00e8tes, tous sports confondus. Grand chauvin, c'est bel et bien sur les sportifs tricolores que je pr\u00e9f\u00e8re \u00e9crire.","sameAs":["https:\/\/x.com\/https:\/\/twitter.com\/LNewsSF"],"gender":"Homme","worksFor":"Louka LESUEUR","url":"https:\/\/dicodusport.fr\/blog\/author\/louka-lesueur\/"}]}},"_links":{"self":[{"href":"https:\/\/dicodusport.fr\/blog\/wp-json\/wp\/v2\/posts\/636108","targetHints":{"allow":["GET"]}}],"collection":[{"href":"https:\/\/dicodusport.fr\/blog\/wp-json\/wp\/v2\/posts"}],"about":[{"href":"https:\/\/dicodusport.fr\/blog\/wp-json\/wp\/v2\/types\/post"}],"author":[{"embeddable":true,"href":"https:\/\/dicodusport.fr\/blog\/wp-json\/wp\/v2\/users\/89"}],"replies":[{"embeddable":true,"href":"https:\/\/dicodusport.fr\/blog\/wp-json\/wp\/v2\/comments?post=636108"}],"version-history":[{"count":5,"href":"https:\/\/dicodusport.fr\/blog\/wp-json\/wp\/v2\/posts\/636108\/revisions"}],"predecessor-version":[{"id":636587,"href":"https:\/\/dicodusport.fr\/blog\/wp-json\/wp\/v2\/posts\/636108\/revisions\/636587"}],"wp:featuredmedia":[{"embeddable":true,"href":"https:\/\/dicodusport.fr\/blog\/wp-json\/wp\/v2\/media\/636664"}],"wp:attachment":[{"href":"https:\/\/dicodusport.fr\/blog\/wp-json\/wp\/v2\/media?parent=636108"}],"wp:term":[{"taxonomy":"category","embeddable":true,"href":"https:\/\/dicodusport.fr\/blog\/wp-json\/wp\/v2\/categories?post=636108"},{"taxonomy":"post_tag","embeddable":true,"href":"https:\/\/dicodusport.fr\/blog\/wp-json\/wp\/v2\/tags?post=636108"}],"curies":[{"name":"wp","href":"https:\/\/api.w.org\/{rel}","templated":true}]}}