{"id":636113,"date":"2026-01-07T21:56:11","date_gmt":"2026-01-07T20:56:11","guid":{"rendered":"https:\/\/dicodusport.fr\/blog\/?p=636113&#038;preview=true&#038;preview_id=636113"},"modified":"2026-01-07T22:25:38","modified_gmt":"2026-01-07T21:25:38","slug":"les-slalomeurs-francais-au-top-clement-noel-remporte-le-slalom-de-madonna-di-campiglio-paco-rassat-sur-le-podium","status":"publish","type":"post","link":"https:\/\/dicodusport.fr\/blog\/les-slalomeurs-francais-au-top-clement-noel-remporte-le-slalom-de-madonna-di-campiglio-paco-rassat-sur-le-podium\/","title":{"rendered":"Les slalomeurs fran\u00e7ais au top : Cl\u00e9ment No\u00ebl remporte le slalom de Madonna di Campiglio, Paco Rassat sur le podium"},"content":{"rendered":"<p style=\"text-align: justify;\"><strong><em>COUPE DU MONDE DE SKI ALPIN 2025\/2026 &#8211; Gr\u00e2ce \u00e0 deux superbes manches, Cl\u00e9ment No\u00ebl a brillamment remport\u00e9 le slalom de Madonna di Campiglio devant Eduard Hallberg et Paco Rassat.<\/em><\/strong><\/p>\n<ul style=\"text-align: justify;\">\n<li><strong>\u00c0 ce sujet \u2014 <a href=\"https:\/\/dicodusport.fr\/blog\/ski-alpin-coupe-du-monde-2025-2026-le-calendrier-complet\/\">Ski alpin Coupe du monde 2025-2026 \u2013 Le calendrier complet<\/a><\/strong><\/li>\n<\/ul>\n<p style=\"text-align: justify;\">Nouveau rendez-vous italien pour les slalomeurs apr\u00e8s <strong>Alta Badia<\/strong>. Cette fois, c\u2019est du c\u00f4t\u00e9 de <strong>Madonna di Campiglio<\/strong> qu\u2019ils se sont affront\u00e9s.<\/p>\n<h2 style=\"text-align: justify;\">Une premi\u00e8re manche tr\u00e8s serr\u00e9e, Hallberg en t\u00eate<\/h2>\n<p style=\"text-align: justify;\">C\u2019est une superbe premi\u00e8re manche que nous ont offerte les skieurs, avec pas moins de 18 concurrents sous la seconde. C\u2019est le Finlandais <strong>Eduard Hallberg<\/strong> qui a de nouveau surpris son monde en r\u00e9alisant le meilleur chrono. Lui qui a d\u00e9croch\u00e9 son premier podium en carri\u00e8re en novembre dernier se place d\u00e9sormais dans le gratin mondial.<\/p>\n<p style=\"text-align: justify;\">Il a devanc\u00e9 <strong>Tanguy Nef<\/strong> (+0.16) et <strong>Cl\u00e9ment No\u00ebl<\/strong> (+0.23). Il y aura cinq Tricolores en seconde manche puisque <strong>Steven Amiez<\/strong> (+0.52), <strong>Paco Rassat<\/strong> (+0.81), <strong>Victor Muffat-Jeandet<\/strong> (+1.01) et <strong>Antoine Azzolin<\/strong> (+1.61) ont eux aussi d\u00e9croch\u00e9 leur qualification.<\/p>\n<blockquote class=\"twitter-tweet\">\n<p dir=\"ltr\" lang=\"fr\">La belle premi\u00e8re manche de Cl\u00e9ment No\u00ebl, provisoirement en t\u00eate du slalom de Madonna di Campiglio !<\/p>\n<p>Rendez-vous d\u00e8s maintenant et toute la soir\u00e9e sur Eurosport et HBO Max <a href=\"https:\/\/twitter.com\/hashtag\/ChaletClub?src=hash&amp;ref_src=twsrc%5Etfw\">#ChaletClub<\/a> <a href=\"https:\/\/t.co\/CBVKDMvbBY\">pic.twitter.com\/CBVKDMvbBY<\/a><br \/>\n\u2014 Eurosport France (@Eurosport_FR) <a href=\"https:\/\/twitter.com\/Eurosport_FR\/status\/2008950158801674412?ref_src=twsrc%5Etfw\">January 7, 2026<\/a><\/p><\/blockquote>\n<p><script async src=\"https:\/\/platform.twitter.com\/widgets.js\" charset=\"utf-8\"><\/script><\/p>\n<h2 style=\"text-align: justify;\">Premi\u00e8re victoire de la saison pour Cl\u00e9ment No\u00ebl, Paco Rassat sur le podium<\/h2>\n<p style=\"text-align: justify;\">C\u2019est <strong>Marc Rochat<\/strong> qui lance la seconde manche, malheureusement pour lui, il ne termine pas. Ce trac\u00e9 fait des d\u00e9g\u00e2ts puisque les trois premiers \u00e0 s\u2019\u00e9lancer sortent. R\u00e9sultat, c\u2019est <strong>Antoine Azzolin<\/strong> qui r\u00e9alise le chrono de r\u00e9f\u00e9rence, assurant par la m\u00eame occasion ses premiers points en Coupe du monde. Dossard 52 en premi\u00e8re manche, l\u2019Espagnol <strong>Joaquim Salarich Baucells<\/strong> sort une superbe manche, tr\u00e8s direct sur les courbes, et reprend le lead au Fran\u00e7ais (-0.46).<\/p>\n<ul style=\"text-align: justify;\">\n<li><strong>\u00c0 ce sujet \u2014 <a href=\"https:\/\/dicodusport.fr\/blog\/classement-et-resultats-slalom-hommes-madonna-di-campiglio-2026\/\">Classement et r\u00e9sultats Slalom hommes Madonna di Campiglio 2026<\/a><\/strong><\/li>\n<\/ul>\n<p style=\"text-align: justify;\">Vainqueur cette saison \u00e0 <strong>Gurgl<\/strong> (Autriche), <strong>Paco Rassat<\/strong> continue de confirmer. Malgr\u00e9 quelques erreurs en d\u00e9but de parcours, le Tricolore va vite et prend la place du si\u00e8ge de leader (-0.37). Cette seconde manche fait des d\u00e9g\u00e2ts avec huit abandons sur vingt partants. Les concurrents s\u2019encha\u00eenent et le temps de Rassat r\u00e9siste. Ils ne sont plus que cinq au d\u00e9part.<\/p>\n<p style=\"text-align: justify;\"><strong>Timon Haugan<\/strong> se rate et passe derri\u00e8re, <strong>McGrath<\/strong> et <strong>Kristoffersen<\/strong> aussi : podium assur\u00e9 pour un Fran\u00e7ais.<\/p>\n<p style=\"text-align: justify;\"><strong>Cl\u00e9ment No\u00ebl<\/strong> prend le d\u00e9part et passe toutes les portes \u00e0 la limite, comme \u00e0 son habitude. Le champion olympique prend la t\u00eate. <strong>Tanguy Nef<\/strong> glisse derri\u00e8re les Bleus, seul <strong>Hallberg<\/strong> peut emp\u00eacher le doubl\u00e9 fran\u00e7ais. \u00c0 la chasse d\u2019une premi\u00e8re victoire finlandaise depuis vingt ans, <strong>Hallberg<\/strong> est solide. Un ski un peu heurt\u00e9, mais \u00e7a file tout de m\u00eame. Son avance se r\u00e9duit peu \u00e0 peu, mais \u00e7a joue devant. Finalement, le Finlandais coupe la ligne en deuxi\u00e8me position.<\/p>\n<p style=\"text-align: justify;\"><strong>Cl\u00e9ment No\u00ebl<\/strong> s\u2019offre une 15e victoire en Coupe du monde et partagera le podium avec <strong>Paco Rassat<\/strong>, auteur d\u2019une magnifique 3e place. <strong>Steven Amiez<\/strong> termine 9e, <strong>Antoine Azzolin<\/strong> finit 15e et r\u00e9alise son meilleur r\u00e9sultat en carri\u00e8re, tandis que <strong>Victor Muffat-Jeandet<\/strong> est 19e.<\/p>\n<blockquote class=\"twitter-tweet\">\n<p dir=\"ltr\" lang=\"fr\">LES BLEUS BRILLENT SOUS LES PROJECTEURS DE MADONNA \u2728\ud83c\uddee\ud83c\uddf9<\/p>\n<p>Ils sont monstrueux \ud83e\udd29\ud83c\uddeb\ud83c\uddf7<br \/>\nImp\u00e9rial, Cl\u00e9ment Noel s\u2019impose sur le slalom de Madonna Di Campiglio ! Paco Rassat confirme sa forme \u00e9tincelante avec une magnifique 3e place, son deuxi\u00e8me podium de l\u2019hiver \ud83d\udd25<\/p>\n<p>\ud83d\udcf8 Agence Zoom <a href=\"https:\/\/t.co\/ZpTOpAeMRo\">pic.twitter.com\/ZpTOpAeMRo<\/a><\/p>\n<p>\u2014 FFS &#8211; F\u00e9d\u00e9ration Fran\u00e7aise de Ski (@FedFranceSki) <a href=\"https:\/\/twitter.com\/FedFranceSki\/status\/2009007293019639959?ref_src=twsrc%5Etfw\">January 7, 2026<\/a><\/p><\/blockquote>\n<p style=\"text-align: justify;\"><script async src=\"https:\/\/platform.twitter.com\/widgets.js\" charset=\"utf-8\"><\/script><\/p>\n<ul style=\"text-align: justify;\">\n<li><strong>\u00c0 ce sujet \u2014\u00a0<a href=\"https:\/\/dicodusport.fr\/blog\/coupe-du-monde-ski-alpin-classement-general-hommes-mis-a-jour\/\">Coupe du monde Ski alpin : Classement g\u00e9n\u00e9ral hommes mis \u00e0 jour<\/a><\/strong><\/li>\n<\/ul>\n<div id=\"gtx-trans\" style=\"position: absolute; left: -14px; top: 40.9091px;\">\n<div class=\"gtx-trans-icon\" style=\"text-align: justify;\"><\/div>\n<\/div>\n","protected":false},"excerpt":{"rendered":"<p>Gr\u00e2ce \u00e0 deux superbes manches, Cl\u00e9ment No\u00ebl a brillamment remport\u00e9 le slalom de Madonna di Campiglio devant Eduard Hallberg et Paco Rassat.\u00a0<\/p>\n","protected":false},"author":89,"featured_media":636465,"comment_status":"open","ping_status":"closed","sticky":false,"template":"","format":"standard","meta":{"_acf_changed":false,"_daextam_enable_autolinks":"1","footnotes":""},"categories":[47084],"tags":[16878,3912,12586,2233,24],"class_list":["post-636113","post","type-post","status-publish","format-standard","has-post-thumbnail","hentry","category-coupe-du-monde-ski-alpin","tag-breve","tag-clement-noel","tag-coupe-du-monde-de-ski-alpin","tag-ski-alpin","tag-sport"],"acf":[],"yoast_head":"<!-- This site is optimized with the Yoast SEO Premium plugin v26.7 (Yoast SEO v26.7) - https:\/\/yoast.com\/wordpress\/plugins\/seo\/ -->\n<title>Les slalomeurs fran\u00e7ais au top : Cl\u00e9ment No\u00ebl remporte le slalom de Madonna di Campiglio, Paco Rassat sur le podium<\/title>\n<meta name=\"description\" content=\"Gr\u00e2ce \u00e0 deux superbes manches, Cl\u00e9ment No\u00ebl a brillamment remport\u00e9 le slalom de Madonna di Campiglio devant Eduard Hallberg et Paco Rassat.\u00a0\" \/>\n<meta name=\"robots\" content=\"index, follow, max-snippet:-1, max-image-preview:large, max-video-preview:-1\" \/>\n<link rel=\"canonical\" href=\"https:\/\/dicodusport.fr\/blog\/les-slalomeurs-francais-au-top-clement-noel-remporte-le-slalom-de-madonna-di-campiglio-paco-rassat-sur-le-podium\/\" \/>\n<meta property=\"og:locale\" content=\"fr_FR\" \/>\n<meta property=\"og:type\" content=\"article\" \/>\n<meta property=\"og:title\" content=\"Les slalomeurs fran\u00e7ais au top : Cl\u00e9ment No\u00ebl remporte le slalom de Madonna di Campiglio, Paco Rassat sur le podium\" \/>\n<meta property=\"og:description\" content=\"Gr\u00e2ce \u00e0 deux superbes manches, Cl\u00e9ment No\u00ebl a brillamment remport\u00e9 le slalom de Madonna di Campiglio devant Eduard Hallberg et Paco Rassat.\u00a0\" \/>\n<meta property=\"og:url\" content=\"https:\/\/dicodusport.fr\/blog\/les-slalomeurs-francais-au-top-clement-noel-remporte-le-slalom-de-madonna-di-campiglio-paco-rassat-sur-le-podium\/\" \/>\n<meta property=\"og:site_name\" content=\"Dicodusport\" \/>\n<meta property=\"article:publisher\" content=\"https:\/\/www.facebook.com\/dicodusport\" \/>\n<meta property=\"article:published_time\" content=\"2026-01-07T20:56:11+00:00\" \/>\n<meta property=\"article:modified_time\" content=\"2026-01-07T21:25:38+00:00\" \/>\n<meta property=\"og:image\" content=\"https:\/\/dicodusport.fr\/blog\/wp-content\/uploads\/2026\/01\/Les-slalomeurs-francais-au-top-Clement-Noel-remporte-le-slalom-de-Madonna-di-Campiglio-Paco-Rassat-sur-le-podium-1.png\" \/>\n\t<meta property=\"og:image:width\" content=\"1200\" \/>\n\t<meta property=\"og:image:height\" content=\"674\" \/>\n\t<meta property=\"og:image:type\" content=\"image\/png\" \/>\n<meta name=\"author\" content=\"Louka Lesueur\" \/>\n<meta name=\"twitter:card\" content=\"summary_large_image\" \/>\n<meta name=\"twitter:title\" content=\"Les slalomeurs fran\u00e7ais au top : Cl\u00e9ment No\u00ebl remporte le slalom de Madonna di Campiglio, Paco Rassat sur le podium\" \/>\n<meta name=\"twitter:creator\" content=\"@https:\/\/twitter.com\/LNewsSF\" \/>\n<meta name=\"twitter:site\" content=\"@dicodusport\" \/>\n<script type=\"application\/ld+json\" class=\"yoast-schema-graph\">{\"@context\":\"https:\/\/schema.org\",\"@graph\":[{\"@type\":\"NewsArticle\",\"@id\":\"https:\/\/dicodusport.fr\/blog\/les-slalomeurs-francais-au-top-clement-noel-remporte-le-slalom-de-madonna-di-campiglio-paco-rassat-sur-le-podium\/#article\",\"isPartOf\":{\"@id\":\"https:\/\/dicodusport.fr\/blog\/les-slalomeurs-francais-au-top-clement-noel-remporte-le-slalom-de-madonna-di-campiglio-paco-rassat-sur-le-podium\/\"},\"author\":{\"name\":\"Louka Lesueur\",\"@id\":\"https:\/\/dicodusport.fr\/blog\/#\/schema\/person\/54b6cdccebdfcd5a1036c594aecffc2a\"},\"headline\":\"Les slalomeurs fran\u00e7ais au top : Cl\u00e9ment No\u00ebl remporte le slalom de Madonna di Campiglio, Paco Rassat sur le podium\",\"datePublished\":\"2026-01-07T20:56:11+00:00\",\"dateModified\":\"2026-01-07T21:25:38+00:00\",\"mainEntityOfPage\":{\"@id\":\"https:\/\/dicodusport.fr\/blog\/les-slalomeurs-francais-au-top-clement-noel-remporte-le-slalom-de-madonna-di-campiglio-paco-rassat-sur-le-podium\/\"},\"wordCount\":654,\"commentCount\":0,\"publisher\":{\"@id\":\"https:\/\/dicodusport.fr\/blog\/#organization\"},\"image\":{\"@id\":\"https:\/\/dicodusport.fr\/blog\/les-slalomeurs-francais-au-top-clement-noel-remporte-le-slalom-de-madonna-di-campiglio-paco-rassat-sur-le-podium\/#primaryimage\"},\"thumbnailUrl\":\"https:\/\/dicodusport.fr\/blog\/wp-content\/uploads\/2026\/01\/Les-slalomeurs-francais-au-top-Clement-Noel-remporte-le-slalom-de-Madonna-di-Campiglio-Paco-Rassat-sur-le-podium-1.png\",\"keywords\":[\"br\u00e8ve\",\"Cl\u00e9ment No\u00ebl\",\"Coupe du monde de ski alpin\",\"Ski alpin\",\"sport\"],\"articleSection\":[\"Coupe du monde de ski alpin\"],\"inLanguage\":\"fr-FR\",\"potentialAction\":[{\"@type\":\"CommentAction\",\"name\":\"Comment\",\"target\":[\"https:\/\/dicodusport.fr\/blog\/les-slalomeurs-francais-au-top-clement-noel-remporte-le-slalom-de-madonna-di-campiglio-paco-rassat-sur-le-podium\/#respond\"]}],\"copyrightYear\":\"2026\",\"copyrightHolder\":{\"@id\":\"https:\/\/dicodusport.fr\/blog\/#organization\"}},{\"@type\":\"WebPage\",\"@id\":\"https:\/\/dicodusport.fr\/blog\/les-slalomeurs-francais-au-top-clement-noel-remporte-le-slalom-de-madonna-di-campiglio-paco-rassat-sur-le-podium\/\",\"url\":\"https:\/\/dicodusport.fr\/blog\/les-slalomeurs-francais-au-top-clement-noel-remporte-le-slalom-de-madonna-di-campiglio-paco-rassat-sur-le-podium\/\",\"name\":\"Les slalomeurs fran\u00e7ais au top : Cl\u00e9ment No\u00ebl remporte le slalom de Madonna di Campiglio, Paco Rassat sur le podium\",\"isPartOf\":{\"@id\":\"https:\/\/dicodusport.fr\/blog\/#website\"},\"primaryImageOfPage\":{\"@id\":\"https:\/\/dicodusport.fr\/blog\/les-slalomeurs-francais-au-top-clement-noel-remporte-le-slalom-de-madonna-di-campiglio-paco-rassat-sur-le-podium\/#primaryimage\"},\"image\":{\"@id\":\"https:\/\/dicodusport.fr\/blog\/les-slalomeurs-francais-au-top-clement-noel-remporte-le-slalom-de-madonna-di-campiglio-paco-rassat-sur-le-podium\/#primaryimage\"},\"thumbnailUrl\":\"https:\/\/dicodusport.fr\/blog\/wp-content\/uploads\/2026\/01\/Les-slalomeurs-francais-au-top-Clement-Noel-remporte-le-slalom-de-Madonna-di-Campiglio-Paco-Rassat-sur-le-podium-1.png\",\"datePublished\":\"2026-01-07T20:56:11+00:00\",\"dateModified\":\"2026-01-07T21:25:38+00:00\",\"description\":\"Gr\u00e2ce \u00e0 deux superbes manches, Cl\u00e9ment No\u00ebl a brillamment remport\u00e9 le slalom de Madonna di Campiglio devant Eduard Hallberg et Paco Rassat.\u00a0\",\"breadcrumb\":{\"@id\":\"https:\/\/dicodusport.fr\/blog\/les-slalomeurs-francais-au-top-clement-noel-remporte-le-slalom-de-madonna-di-campiglio-paco-rassat-sur-le-podium\/#breadcrumb\"},\"inLanguage\":\"fr-FR\",\"potentialAction\":[{\"@type\":\"ReadAction\",\"target\":[\"https:\/\/dicodusport.fr\/blog\/les-slalomeurs-francais-au-top-clement-noel-remporte-le-slalom-de-madonna-di-campiglio-paco-rassat-sur-le-podium\/\"]}]},{\"@type\":\"ImageObject\",\"inLanguage\":\"fr-FR\",\"@id\":\"https:\/\/dicodusport.fr\/blog\/les-slalomeurs-francais-au-top-clement-noel-remporte-le-slalom-de-madonna-di-campiglio-paco-rassat-sur-le-podium\/#primaryimage\",\"url\":\"https:\/\/dicodusport.fr\/blog\/wp-content\/uploads\/2026\/01\/Les-slalomeurs-francais-au-top-Clement-Noel-remporte-le-slalom-de-Madonna-di-Campiglio-Paco-Rassat-sur-le-podium-1.png\",\"contentUrl\":\"https:\/\/dicodusport.fr\/blog\/wp-content\/uploads\/2026\/01\/Les-slalomeurs-francais-au-top-Clement-Noel-remporte-le-slalom-de-Madonna-di-Campiglio-Paco-Rassat-sur-le-podium-1.png\",\"width\":1200,\"height\":674,\"caption\":\"Les slalomeurs fran\u00e7ais au top Cl\u00e9ment No\u00ebl remporte le slalom de Madonna di Campiglio, Paco Rassat sur le podium\"},{\"@type\":\"BreadcrumbList\",\"@id\":\"https:\/\/dicodusport.fr\/blog\/les-slalomeurs-francais-au-top-clement-noel-remporte-le-slalom-de-madonna-di-campiglio-paco-rassat-sur-le-podium\/#breadcrumb\",\"itemListElement\":[{\"@type\":\"ListItem\",\"position\":1,\"name\":\"Accueil\",\"item\":\"https:\/\/dicodusport.fr\/blog\/\"},{\"@type\":\"ListItem\",\"position\":2,\"name\":\"Les slalomeurs fran\u00e7ais au top : Cl\u00e9ment No\u00ebl remporte le slalom de Madonna di Campiglio, Paco Rassat sur le podium\"}]},{\"@type\":\"WebSite\",\"@id\":\"https:\/\/dicodusport.fr\/blog\/#website\",\"url\":\"https:\/\/dicodusport.fr\/blog\/\",\"name\":\"Dicodusport\",\"description\":\"L&#039;encyclop\u00e9die de l&#039;actualit\u00e9 sportive\",\"publisher\":{\"@id\":\"https:\/\/dicodusport.fr\/blog\/#organization\"},\"potentialAction\":[{\"@type\":\"SearchAction\",\"target\":{\"@type\":\"EntryPoint\",\"urlTemplate\":\"https:\/\/dicodusport.fr\/blog\/?s={search_term_string}\"},\"query-input\":{\"@type\":\"PropertyValueSpecification\",\"valueRequired\":true,\"valueName\":\"search_term_string\"}}],\"inLanguage\":\"fr-FR\"},{\"@type\":\"NewsMediaOrganization\",\"@id\":\"https:\/\/dicodusport.fr\/blog\/#organization\",\"name\":\"Dicodusport\",\"url\":\"https:\/\/dicodusport.fr\/blog\/\",\"logo\":{\"@type\":\"ImageObject\",\"inLanguage\":\"fr-FR\",\"@id\":\"https:\/\/dicodusport.fr\/blog\/#\/schema\/logo\/image\/\",\"url\":\"https:\/\/dicodusport.fr\/blog\/wp-content\/uploads\/2020\/06\/cropped-LOGO-DICODUSPORT-2020-SANS-FOND-SANS-TEXTE.png\",\"contentUrl\":\"https:\/\/dicodusport.fr\/blog\/wp-content\/uploads\/2020\/06\/cropped-LOGO-DICODUSPORT-2020-SANS-FOND-SANS-TEXTE.png\",\"width\":512,\"height\":512,\"caption\":\"Dicodusport\"},\"image\":{\"@id\":\"https:\/\/dicodusport.fr\/blog\/#\/schema\/logo\/image\/\"},\"sameAs\":[\"https:\/\/www.facebook.com\/dicodusport\",\"https:\/\/x.com\/dicodusport\",\"https:\/\/www.instagram.com\/dicodusport\/\",\"https:\/\/www.youtube.com\/channel\/UC7V2KZ5sd3htJivAbA4ZG3w\"],\"description\":\"Dicodusport est l'encyclop\u00e9die de l'actualit\u00e9 sportive.\",\"email\":\"bonjour@dicodusport.fr\",\"legalName\":\"DICODUSPORT\",\"foundingDate\":\"2018-01-14\",\"vatID\":\"FR71834470973\",\"taxID\":\"83447097300043\",\"numberOfEmployees\":{\"@type\":\"QuantitativeValue\",\"minValue\":\"1\",\"maxValue\":\"10\"}},{\"@type\":\"Person\",\"@id\":\"https:\/\/dicodusport.fr\/blog\/#\/schema\/person\/54b6cdccebdfcd5a1036c594aecffc2a\",\"name\":\"Louka Lesueur\",\"image\":{\"@type\":\"ImageObject\",\"inLanguage\":\"fr-FR\",\"@id\":\"https:\/\/dicodusport.fr\/blog\/#\/schema\/person\/image\/\",\"url\":\"https:\/\/dicodusport.fr\/blog\/wp-content\/uploads\/2023\/09\/IMG_2783-150x150.jpeg\",\"contentUrl\":\"https:\/\/dicodusport.fr\/blog\/wp-content\/uploads\/2023\/09\/IMG_2783-150x150.jpeg\",\"caption\":\"Louka Lesueur\"},\"description\":\"Passionn\u00e9 depuis tout petit par les exploits de Bolt, Fourcade, Riner, Lavillenie, Wilkinson, Hirscher. Les \u00e9motions provoqu\u00e9es par le sport ont berc\u00e9 mon enfance et continuent de le faire aujourd'hui. C'est ainsi qu'il m'est arriv\u00e9 de pleurer devant la d\u00e9faite des Bleus face aux Blacks en 2011, ou encore devant le titre olympique de Florent Manaudou \u00e0 Londres. Bien loin de ce milieu professionnel, j'ai os\u00e9 tenter ma chance pour rejoindre l'\u00e9quipe de r\u00e9daction de Dicodusport, et depuis septembre 2023, je tente de retransmettre au mieux les exploits des athl\u00e8tes, tous sports confondus. Grand chauvin, c'est bel et bien sur les sportifs tricolores que je pr\u00e9f\u00e8re \u00e9crire.\",\"sameAs\":[\"https:\/\/x.com\/https:\/\/twitter.com\/LNewsSF\"],\"gender\":\"Homme\",\"worksFor\":\"Louka LESUEUR\",\"url\":\"https:\/\/dicodusport.fr\/blog\/author\/louka-lesueur\/\"}]}<\/script>\n<!-- \/ Yoast SEO Premium plugin. -->","yoast_head_json":{"title":"Les slalomeurs fran\u00e7ais au top : Cl\u00e9ment No\u00ebl remporte le slalom de Madonna di Campiglio, Paco Rassat sur le podium","description":"Gr\u00e2ce \u00e0 deux superbes manches, Cl\u00e9ment No\u00ebl a brillamment remport\u00e9 le slalom de Madonna di Campiglio devant Eduard Hallberg et Paco Rassat.\u00a0","robots":{"index":"index","follow":"follow","max-snippet":"max-snippet:-1","max-image-preview":"max-image-preview:large","max-video-preview":"max-video-preview:-1"},"canonical":"https:\/\/dicodusport.fr\/blog\/les-slalomeurs-francais-au-top-clement-noel-remporte-le-slalom-de-madonna-di-campiglio-paco-rassat-sur-le-podium\/","og_locale":"fr_FR","og_type":"article","og_title":"Les slalomeurs fran\u00e7ais au top : Cl\u00e9ment No\u00ebl remporte le slalom de Madonna di Campiglio, Paco Rassat sur le podium","og_description":"Gr\u00e2ce \u00e0 deux superbes manches, Cl\u00e9ment No\u00ebl a brillamment remport\u00e9 le slalom de Madonna di Campiglio devant Eduard Hallberg et Paco Rassat.\u00a0","og_url":"https:\/\/dicodusport.fr\/blog\/les-slalomeurs-francais-au-top-clement-noel-remporte-le-slalom-de-madonna-di-campiglio-paco-rassat-sur-le-podium\/","og_site_name":"Dicodusport","article_publisher":"https:\/\/www.facebook.com\/dicodusport","article_published_time":"2026-01-07T20:56:11+00:00","article_modified_time":"2026-01-07T21:25:38+00:00","og_image":[{"width":1200,"height":674,"url":"https:\/\/dicodusport.fr\/blog\/wp-content\/uploads\/2026\/01\/Les-slalomeurs-francais-au-top-Clement-Noel-remporte-le-slalom-de-Madonna-di-Campiglio-Paco-Rassat-sur-le-podium-1.png","type":"image\/png"}],"author":"Louka Lesueur","twitter_card":"summary_large_image","twitter_title":"Les slalomeurs fran\u00e7ais au top : Cl\u00e9ment No\u00ebl remporte le slalom de Madonna di Campiglio, Paco Rassat sur le podium","twitter_creator":"@https:\/\/twitter.com\/LNewsSF","twitter_site":"@dicodusport","schema":{"@context":"https:\/\/schema.org","@graph":[{"@type":"NewsArticle","@id":"https:\/\/dicodusport.fr\/blog\/les-slalomeurs-francais-au-top-clement-noel-remporte-le-slalom-de-madonna-di-campiglio-paco-rassat-sur-le-podium\/#article","isPartOf":{"@id":"https:\/\/dicodusport.fr\/blog\/les-slalomeurs-francais-au-top-clement-noel-remporte-le-slalom-de-madonna-di-campiglio-paco-rassat-sur-le-podium\/"},"author":{"name":"Louka Lesueur","@id":"https:\/\/dicodusport.fr\/blog\/#\/schema\/person\/54b6cdccebdfcd5a1036c594aecffc2a"},"headline":"Les slalomeurs fran\u00e7ais au top : Cl\u00e9ment No\u00ebl remporte le slalom de Madonna di Campiglio, Paco Rassat sur le podium","datePublished":"2026-01-07T20:56:11+00:00","dateModified":"2026-01-07T21:25:38+00:00","mainEntityOfPage":{"@id":"https:\/\/dicodusport.fr\/blog\/les-slalomeurs-francais-au-top-clement-noel-remporte-le-slalom-de-madonna-di-campiglio-paco-rassat-sur-le-podium\/"},"wordCount":654,"commentCount":0,"publisher":{"@id":"https:\/\/dicodusport.fr\/blog\/#organization"},"image":{"@id":"https:\/\/dicodusport.fr\/blog\/les-slalomeurs-francais-au-top-clement-noel-remporte-le-slalom-de-madonna-di-campiglio-paco-rassat-sur-le-podium\/#primaryimage"},"thumbnailUrl":"https:\/\/dicodusport.fr\/blog\/wp-content\/uploads\/2026\/01\/Les-slalomeurs-francais-au-top-Clement-Noel-remporte-le-slalom-de-Madonna-di-Campiglio-Paco-Rassat-sur-le-podium-1.png","keywords":["br\u00e8ve","Cl\u00e9ment No\u00ebl","Coupe du monde de ski alpin","Ski alpin","sport"],"articleSection":["Coupe du monde de ski alpin"],"inLanguage":"fr-FR","potentialAction":[{"@type":"CommentAction","name":"Comment","target":["https:\/\/dicodusport.fr\/blog\/les-slalomeurs-francais-au-top-clement-noel-remporte-le-slalom-de-madonna-di-campiglio-paco-rassat-sur-le-podium\/#respond"]}],"copyrightYear":"2026","copyrightHolder":{"@id":"https:\/\/dicodusport.fr\/blog\/#organization"}},{"@type":"WebPage","@id":"https:\/\/dicodusport.fr\/blog\/les-slalomeurs-francais-au-top-clement-noel-remporte-le-slalom-de-madonna-di-campiglio-paco-rassat-sur-le-podium\/","url":"https:\/\/dicodusport.fr\/blog\/les-slalomeurs-francais-au-top-clement-noel-remporte-le-slalom-de-madonna-di-campiglio-paco-rassat-sur-le-podium\/","name":"Les slalomeurs fran\u00e7ais au top : Cl\u00e9ment No\u00ebl remporte le slalom de Madonna di Campiglio, Paco Rassat sur le podium","isPartOf":{"@id":"https:\/\/dicodusport.fr\/blog\/#website"},"primaryImageOfPage":{"@id":"https:\/\/dicodusport.fr\/blog\/les-slalomeurs-francais-au-top-clement-noel-remporte-le-slalom-de-madonna-di-campiglio-paco-rassat-sur-le-podium\/#primaryimage"},"image":{"@id":"https:\/\/dicodusport.fr\/blog\/les-slalomeurs-francais-au-top-clement-noel-remporte-le-slalom-de-madonna-di-campiglio-paco-rassat-sur-le-podium\/#primaryimage"},"thumbnailUrl":"https:\/\/dicodusport.fr\/blog\/wp-content\/uploads\/2026\/01\/Les-slalomeurs-francais-au-top-Clement-Noel-remporte-le-slalom-de-Madonna-di-Campiglio-Paco-Rassat-sur-le-podium-1.png","datePublished":"2026-01-07T20:56:11+00:00","dateModified":"2026-01-07T21:25:38+00:00","description":"Gr\u00e2ce \u00e0 deux superbes manches, Cl\u00e9ment No\u00ebl a brillamment remport\u00e9 le slalom de Madonna di Campiglio devant Eduard Hallberg et Paco Rassat.\u00a0","breadcrumb":{"@id":"https:\/\/dicodusport.fr\/blog\/les-slalomeurs-francais-au-top-clement-noel-remporte-le-slalom-de-madonna-di-campiglio-paco-rassat-sur-le-podium\/#breadcrumb"},"inLanguage":"fr-FR","potentialAction":[{"@type":"ReadAction","target":["https:\/\/dicodusport.fr\/blog\/les-slalomeurs-francais-au-top-clement-noel-remporte-le-slalom-de-madonna-di-campiglio-paco-rassat-sur-le-podium\/"]}]},{"@type":"ImageObject","inLanguage":"fr-FR","@id":"https:\/\/dicodusport.fr\/blog\/les-slalomeurs-francais-au-top-clement-noel-remporte-le-slalom-de-madonna-di-campiglio-paco-rassat-sur-le-podium\/#primaryimage","url":"https:\/\/dicodusport.fr\/blog\/wp-content\/uploads\/2026\/01\/Les-slalomeurs-francais-au-top-Clement-Noel-remporte-le-slalom-de-Madonna-di-Campiglio-Paco-Rassat-sur-le-podium-1.png","contentUrl":"https:\/\/dicodusport.fr\/blog\/wp-content\/uploads\/2026\/01\/Les-slalomeurs-francais-au-top-Clement-Noel-remporte-le-slalom-de-Madonna-di-Campiglio-Paco-Rassat-sur-le-podium-1.png","width":1200,"height":674,"caption":"Les slalomeurs fran\u00e7ais au top Cl\u00e9ment No\u00ebl remporte le slalom de Madonna di Campiglio, Paco Rassat sur le podium"},{"@type":"BreadcrumbList","@id":"https:\/\/dicodusport.fr\/blog\/les-slalomeurs-francais-au-top-clement-noel-remporte-le-slalom-de-madonna-di-campiglio-paco-rassat-sur-le-podium\/#breadcrumb","itemListElement":[{"@type":"ListItem","position":1,"name":"Accueil","item":"https:\/\/dicodusport.fr\/blog\/"},{"@type":"ListItem","position":2,"name":"Les slalomeurs fran\u00e7ais au top : Cl\u00e9ment No\u00ebl remporte le slalom de Madonna di Campiglio, Paco Rassat sur le podium"}]},{"@type":"WebSite","@id":"https:\/\/dicodusport.fr\/blog\/#website","url":"https:\/\/dicodusport.fr\/blog\/","name":"Dicodusport","description":"L&#039;encyclop\u00e9die de l&#039;actualit\u00e9 sportive","publisher":{"@id":"https:\/\/dicodusport.fr\/blog\/#organization"},"potentialAction":[{"@type":"SearchAction","target":{"@type":"EntryPoint","urlTemplate":"https:\/\/dicodusport.fr\/blog\/?s={search_term_string}"},"query-input":{"@type":"PropertyValueSpecification","valueRequired":true,"valueName":"search_term_string"}}],"inLanguage":"fr-FR"},{"@type":"NewsMediaOrganization","@id":"https:\/\/dicodusport.fr\/blog\/#organization","name":"Dicodusport","url":"https:\/\/dicodusport.fr\/blog\/","logo":{"@type":"ImageObject","inLanguage":"fr-FR","@id":"https:\/\/dicodusport.fr\/blog\/#\/schema\/logo\/image\/","url":"https:\/\/dicodusport.fr\/blog\/wp-content\/uploads\/2020\/06\/cropped-LOGO-DICODUSPORT-2020-SANS-FOND-SANS-TEXTE.png","contentUrl":"https:\/\/dicodusport.fr\/blog\/wp-content\/uploads\/2020\/06\/cropped-LOGO-DICODUSPORT-2020-SANS-FOND-SANS-TEXTE.png","width":512,"height":512,"caption":"Dicodusport"},"image":{"@id":"https:\/\/dicodusport.fr\/blog\/#\/schema\/logo\/image\/"},"sameAs":["https:\/\/www.facebook.com\/dicodusport","https:\/\/x.com\/dicodusport","https:\/\/www.instagram.com\/dicodusport\/","https:\/\/www.youtube.com\/channel\/UC7V2KZ5sd3htJivAbA4ZG3w"],"description":"Dicodusport est l'encyclop\u00e9die de l'actualit\u00e9 sportive.","email":"bonjour@dicodusport.fr","legalName":"DICODUSPORT","foundingDate":"2018-01-14","vatID":"FR71834470973","taxID":"83447097300043","numberOfEmployees":{"@type":"QuantitativeValue","minValue":"1","maxValue":"10"}},{"@type":"Person","@id":"https:\/\/dicodusport.fr\/blog\/#\/schema\/person\/54b6cdccebdfcd5a1036c594aecffc2a","name":"Louka Lesueur","image":{"@type":"ImageObject","inLanguage":"fr-FR","@id":"https:\/\/dicodusport.fr\/blog\/#\/schema\/person\/image\/","url":"https:\/\/dicodusport.fr\/blog\/wp-content\/uploads\/2023\/09\/IMG_2783-150x150.jpeg","contentUrl":"https:\/\/dicodusport.fr\/blog\/wp-content\/uploads\/2023\/09\/IMG_2783-150x150.jpeg","caption":"Louka Lesueur"},"description":"Passionn\u00e9 depuis tout petit par les exploits de Bolt, Fourcade, Riner, Lavillenie, Wilkinson, Hirscher. Les \u00e9motions provoqu\u00e9es par le sport ont berc\u00e9 mon enfance et continuent de le faire aujourd'hui. C'est ainsi qu'il m'est arriv\u00e9 de pleurer devant la d\u00e9faite des Bleus face aux Blacks en 2011, ou encore devant le titre olympique de Florent Manaudou \u00e0 Londres. Bien loin de ce milieu professionnel, j'ai os\u00e9 tenter ma chance pour rejoindre l'\u00e9quipe de r\u00e9daction de Dicodusport, et depuis septembre 2023, je tente de retransmettre au mieux les exploits des athl\u00e8tes, tous sports confondus. Grand chauvin, c'est bel et bien sur les sportifs tricolores que je pr\u00e9f\u00e8re \u00e9crire.","sameAs":["https:\/\/x.com\/https:\/\/twitter.com\/LNewsSF"],"gender":"Homme","worksFor":"Louka LESUEUR","url":"https:\/\/dicodusport.fr\/blog\/author\/louka-lesueur\/"}]}},"_links":{"self":[{"href":"https:\/\/dicodusport.fr\/blog\/wp-json\/wp\/v2\/posts\/636113","targetHints":{"allow":["GET"]}}],"collection":[{"href":"https:\/\/dicodusport.fr\/blog\/wp-json\/wp\/v2\/posts"}],"about":[{"href":"https:\/\/dicodusport.fr\/blog\/wp-json\/wp\/v2\/types\/post"}],"author":[{"embeddable":true,"href":"https:\/\/dicodusport.fr\/blog\/wp-json\/wp\/v2\/users\/89"}],"replies":[{"embeddable":true,"href":"https:\/\/dicodusport.fr\/blog\/wp-json\/wp\/v2\/comments?post=636113"}],"version-history":[{"count":5,"href":"https:\/\/dicodusport.fr\/blog\/wp-json\/wp\/v2\/posts\/636113\/revisions"}],"predecessor-version":[{"id":636464,"href":"https:\/\/dicodusport.fr\/blog\/wp-json\/wp\/v2\/posts\/636113\/revisions\/636464"}],"wp:featuredmedia":[{"embeddable":true,"href":"https:\/\/dicodusport.fr\/blog\/wp-json\/wp\/v2\/media\/636465"}],"wp:attachment":[{"href":"https:\/\/dicodusport.fr\/blog\/wp-json\/wp\/v2\/media?parent=636113"}],"wp:term":[{"taxonomy":"category","embeddable":true,"href":"https:\/\/dicodusport.fr\/blog\/wp-json\/wp\/v2\/categories?post=636113"},{"taxonomy":"post_tag","embeddable":true,"href":"https:\/\/dicodusport.fr\/blog\/wp-json\/wp\/v2\/tags?post=636113"}],"curies":[{"name":"wp","href":"https:\/\/api.w.org\/{rel}","templated":true}]}}