{"id":636197,"date":"2026-01-06T16:50:23","date_gmt":"2026-01-06T15:50:23","guid":{"rendered":"https:\/\/dicodusport.fr\/blog\/?p=636197&#038;preview=true&#038;preview_id=636197"},"modified":"2026-01-06T17:12:18","modified_gmt":"2026-01-06T16:12:18","slug":"cest-fait-le-tournoi-des-6-nations-2026-debarque-sur-tf1","status":"publish","type":"post","link":"https:\/\/dicodusport.fr\/blog\/cest-fait-le-tournoi-des-6-nations-2026-debarque-sur-tf1\/","title":{"rendered":"C&rsquo;est fait : le Tournoi des 6 Nations 2026 d\u00e9barque sur TF1 !"},"content":{"rendered":"<p style=\"text-align: justify;\"><strong><em>XV DE FRANCE &#8211; Comme cela \u00e9tait attendu, <strong>France T\u00e9l\u00e9visions<\/strong> a revendu \u00e0 <strong>TF1<\/strong> neuf rencontres de l\u2019\u00e9dition 2026 du <strong>Tournoi des Six Nations<\/strong>, dont deux impliquant les Bleus.<\/em><\/strong><\/p>\n<ul>\n<li style=\"text-align: justify;\"><strong>\u00c0 lire aussi &#8211; <a href=\"https:\/\/dicodusport.fr\/blog\/six-nations-2026-h-le-xv-de-france-debutera-un-jeudi\/\">Six Nations 2026 (H) : Le XV de France d\u00e9butera un jeudi<\/a><\/strong><\/li>\n<\/ul>\n<p style=\"text-align: justify;\">C\u2019est un v\u00e9ritable s\u00e9isme qui vient de se produire sur le march\u00e9 des <strong>droits t\u00e9l\u00e9visuels<\/strong> en France. Comme cela \u00e9tait pressenti depuis plusieurs semaines, <strong>France T\u00e9l\u00e9visions<\/strong> a revendu plusieurs matchs du <strong>Tournoi des Six Nations<\/strong> \u00e0 <strong>TF1<\/strong>. Le groupe audiovisuel public a officialis\u00e9 la nouvelle ce mardi par le biais d\u2019un communiqu\u00e9.<\/p>\n<div class=\"vlp-link-container vlp-layout-article\"><a href=\"https:\/\/dicodusport.fr\/blog\/tf1-en-passe-de-recuperer-des-matchs-du-tournoi-des-6-nations-2026\/\" class=\"vlp-link\" title=\"TF1 en passe de r\u00e9cup\u00e9rer des matchs du Tournoi des 6 Nations 2026 ?\"><\/a><div class=\"vlp-layout-zone-side\"><div class=\"vlp-block-4 vlp-link-image\"><img loading=\"lazy\" decoding=\"async\" style=\"max-width: 792px;\" width=\"792\" height=\"445\" src=\"https:\/\/dicodusport.fr\/blog\/wp-content\/uploads\/2025\/12\/TF1-en-passe-de-recuperer-des-matchs-du-Tournoi-des-6-Nations-2026-.png\" class=\"attachment-800x445 size-800x445\" alt=\"TF1 en passe de r\u00e9cup\u00e9rer des matchs du Tournoi des 6 Nations 2026\" srcset=\"https:\/\/dicodusport.fr\/blog\/wp-content\/uploads\/2025\/12\/TF1-en-passe-de-recuperer-des-matchs-du-Tournoi-des-6-Nations-2026-.png 1200w, https:\/\/dicodusport.fr\/blog\/wp-content\/uploads\/2025\/12\/TF1-en-passe-de-recuperer-des-matchs-du-Tournoi-des-6-Nations-2026--300x169.png 300w, https:\/\/dicodusport.fr\/blog\/wp-content\/uploads\/2025\/12\/TF1-en-passe-de-recuperer-des-matchs-du-Tournoi-des-6-Nations-2026--1024x575.png 1024w, https:\/\/dicodusport.fr\/blog\/wp-content\/uploads\/2025\/12\/TF1-en-passe-de-recuperer-des-matchs-du-Tournoi-des-6-Nations-2026--768x431.png 768w\" sizes=\"auto, (max-width: 792px) 100vw, 792px\" \/><\/div><\/div><div class=\"vlp-layout-zone-main\"><div class=\"vlp-block-0 vlp-link-title\">TF1 en passe de r\u00e9cup\u00e9rer des matchs du Tournoi des 6 Nations 2026 ?<\/div><div class=\"vlp-block-1 vlp-link-summary\">France T\u00e9l\u00e9visions va mettre en vente des matchs du Tournoi, dont certains des Bleus. TF1 \u00e0 l\u2019aff\u00fbt ?<\/div><div class=\"vlp-block-2 vlp-link-button\">Lire l'article<\/div><div class=\"vlp-block-3 vlp-link-url\">dicodusport.fr<\/div><\/div><\/div>\n<h2 style=\"text-align: justify;\">TF1 s\u2019offre deux matchs des Bleus au Tournoi des Six Nations<\/h2>\n<p style=\"text-align: justify;\">Le groupe pr\u00e9cise que cette r\u00e9trocession a \u00e9t\u00e9 rendue n\u00e9cessaire par les <em>\u00ab tr\u00e8s fortes contraintes budg\u00e9taires qui s\u2019imposent \u00e0 l\u2019entreprise en 2026 \u00bb<\/em>. Afin d\u2019\u00e9quilibrer son budget pour l\u2019exercice \u00e0 venir, un effort de <strong>140 millions d\u2019euros<\/strong> a en effet \u00e9t\u00e9 demand\u00e9. Pour rentrer dans les clous, plusieurs ventes de droits ont \u00e9t\u00e9 programm\u00e9es, dont celle d\u2019une grande partie des rencontres du <strong>Tournoi 2026<\/strong>.<\/p>\n<p style=\"text-align: justify;\">Au total, <strong>neuf des quinze matchs au programme seront diffus\u00e9s sur TF1<\/strong>. Parmi eux figurent deux affiches du <a href=\"https:\/\/dicodusport.fr\/blog\/actualites\/rugby\/rugby-a-xv\/xv-de-france\/\"><strong>XV de France<\/strong><\/a> : <strong>Pays de Galles\u2013France le 15 f\u00e9vrier<\/strong> et <strong>\u00c9cosse\u2013France le 7 mars<\/strong>.<\/p>\n<p style=\"text-align: justify;\">Le montant de la transaction n\u2019a, pour l\u2019heure, pas \u00e9t\u00e9 communiqu\u00e9. Le service public pr\u00e9cise \u00e9galement que la majorit\u00e9 des rencontres r\u00e9troc\u00e9d\u00e9es se d\u00e9rouleront <em>\u00ab durant les Jeux Olympiques et Paralympiques d\u2019hiver \u00bb<\/em>, \u00e9v\u00e9nement qui mobilisera l\u2019ensemble des cha\u00eenes et plateformes du groupe.<\/p>\n<p style=\"text-align: justify;\">Si cette d\u00e9cision semblait in\u00e9vitable, elle n\u2019en demeure pas moins marquante. En effet, <strong>depuis 1981<\/strong>, et la fin d\u2019une longue p\u00e9riode de codiffusion entre ce qui \u00e9tait alors <strong>Antenne 2<\/strong> et <strong>TF1<\/strong>, <strong>le service public d\u00e9tenait l\u2019exclusivit\u00e9 de la diffusion du Tournoi<\/strong>. Une page se tourne donc, au moins provisoirement.<\/p>\n<blockquote class=\"twitter-tweet\">\n<p dir=\"ltr\" lang=\"fr\">COMMUNIQU\u00c9 FTV sur le Tournoi des VI Nations concernant l&rsquo;\u00e9dition 2026<\/p>\n<p>Le groupe r\u00e9troc\u00e8de &#8211; une partie des droits &#8211; au <a href=\"https:\/\/twitter.com\/GroupeTF1?ref_src=twsrc%5Etfw\">@GroupeTF1<\/a>.<a href=\"https:\/\/twitter.com\/Francetele?ref_src=twsrc%5Etfw\">@Francetele<\/a> diffusera 6 des + belles rencontres du Tournoi 2026 dont les matches d\u2019ouverture et de cl\u00f4ture de la comp\u00e9tition avec le XV de France. <a href=\"https:\/\/t.co\/Pgj13LqtaW\">pic.twitter.com\/Pgj13LqtaW<\/a><\/p>\n<p>\u2014 Zoom des m\u00e9dias (@ZoomDesMedias) <a href=\"https:\/\/twitter.com\/ZoomDesMedias\/status\/2008551408099016775?ref_src=twsrc%5Etfw\">January 6, 2026<\/a><\/p><\/blockquote>\n<p><script async src=\"https:\/\/platform.twitter.com\/widgets.js\" charset=\"utf-8\"><\/script><\/p>\n<div id=\"gtx-trans\" style=\"position: absolute; left: -14px; top: 40.9091px;\">\n<div class=\"gtx-trans-icon\"><\/div>\n<\/div>\n","protected":false},"excerpt":{"rendered":"<p>XV DE FRANCE &#8211; Comme cela \u00e9tait attendu, France TV a revendu \u00e0 TF1 neuf rencontres de l&rsquo;\u00e9dition 2026 du Tournoi des 6 Nations, dont deux des Bleus.<\/p>\n","protected":false},"author":55,"featured_media":636199,"comment_status":"open","ping_status":"closed","sticky":false,"template":"","format":"standard","meta":{"_acf_changed":false,"_daextam_enable_autolinks":"1","footnotes":""},"categories":[47048],"tags":[16878,226,9734,1638],"class_list":["post-636197","post","type-post","status-publish","format-standard","has-post-thumbnail","hentry","category-tournoi-des-6-nations","tag-breve","tag-tf1","tag-tournoi-des-6-nations","tag-xv-de-france"],"acf":[],"yoast_head":"<!-- This site is optimized with the Yoast SEO Premium plugin v26.7 (Yoast SEO v26.7) - https:\/\/yoast.com\/wordpress\/plugins\/seo\/ -->\n<title>C&#039;est fait : le Tournoi des 6 Nations 2026 d\u00e9barque sur TF1 !<\/title>\n<meta name=\"description\" content=\"XV DE FRANCE - Comme cela \u00e9tait attendu, France TV a revendu \u00e0 TF1 neuf rencontres de l&#039;\u00e9dition 2026 du Tournoi des 6 Nations, dont deux des Bleus.\" \/>\n<meta name=\"robots\" content=\"index, follow, max-snippet:-1, max-image-preview:large, max-video-preview:-1\" \/>\n<link rel=\"canonical\" href=\"https:\/\/dicodusport.fr\/blog\/cest-fait-le-tournoi-des-6-nations-2026-debarque-sur-tf1\/\" \/>\n<meta property=\"og:locale\" content=\"fr_FR\" \/>\n<meta property=\"og:type\" content=\"article\" \/>\n<meta property=\"og:title\" content=\"C&#039;est fait : le Tournoi des 6 Nations 2026 d\u00e9barque sur TF1 !\" \/>\n<meta property=\"og:description\" content=\"XV DE FRANCE - Comme cela \u00e9tait attendu, France TV a revendu \u00e0 TF1 neuf rencontres de l&#039;\u00e9dition 2026 du Tournoi des 6 Nations, dont deux des Bleus.\" \/>\n<meta property=\"og:url\" content=\"https:\/\/dicodusport.fr\/blog\/cest-fait-le-tournoi-des-6-nations-2026-debarque-sur-tf1\/\" \/>\n<meta property=\"og:site_name\" content=\"Dicodusport\" \/>\n<meta property=\"article:publisher\" content=\"https:\/\/www.facebook.com\/dicodusport\" \/>\n<meta property=\"article:published_time\" content=\"2026-01-06T15:50:23+00:00\" \/>\n<meta property=\"article:modified_time\" content=\"2026-01-06T16:12:18+00:00\" \/>\n<meta property=\"og:image\" content=\"https:\/\/dicodusport.fr\/blog\/wp-content\/uploads\/2026\/01\/Cest-fait-le-Tournoi-des-6-Nations-2026-debarque-sur-TF1.png\" \/>\n\t<meta property=\"og:image:width\" content=\"1200\" \/>\n\t<meta property=\"og:image:height\" content=\"674\" \/>\n\t<meta property=\"og:image:type\" content=\"image\/png\" \/>\n<meta name=\"author\" content=\"Maxime Cazenave\" \/>\n<meta name=\"twitter:card\" content=\"summary_large_image\" \/>\n<meta name=\"twitter:title\" content=\"C&#039;est fait : le Tournoi des 6 Nations 2026 d\u00e9barque sur TF1 !\" \/>\n<meta name=\"twitter:creator\" content=\"@https:\/\/twitter.com\/Maxime_Caze\" \/>\n<meta name=\"twitter:site\" content=\"@dicodusport\" \/>\n<script type=\"application\/ld+json\" class=\"yoast-schema-graph\">{\"@context\":\"https:\/\/schema.org\",\"@graph\":[{\"@type\":\"NewsArticle\",\"@id\":\"https:\/\/dicodusport.fr\/blog\/cest-fait-le-tournoi-des-6-nations-2026-debarque-sur-tf1\/#article\",\"isPartOf\":{\"@id\":\"https:\/\/dicodusport.fr\/blog\/cest-fait-le-tournoi-des-6-nations-2026-debarque-sur-tf1\/\"},\"author\":{\"name\":\"Maxime Cazenave\",\"@id\":\"https:\/\/dicodusport.fr\/blog\/#\/schema\/person\/37def232098a7a5cbab3974a3690abb0\"},\"headline\":\"C&rsquo;est fait : le Tournoi des 6 Nations 2026 d\u00e9barque sur TF1 !\",\"datePublished\":\"2026-01-06T15:50:23+00:00\",\"dateModified\":\"2026-01-06T16:12:18+00:00\",\"mainEntityOfPage\":{\"@id\":\"https:\/\/dicodusport.fr\/blog\/cest-fait-le-tournoi-des-6-nations-2026-debarque-sur-tf1\/\"},\"wordCount\":480,\"commentCount\":1,\"publisher\":{\"@id\":\"https:\/\/dicodusport.fr\/blog\/#organization\"},\"image\":{\"@id\":\"https:\/\/dicodusport.fr\/blog\/cest-fait-le-tournoi-des-6-nations-2026-debarque-sur-tf1\/#primaryimage\"},\"thumbnailUrl\":\"https:\/\/dicodusport.fr\/blog\/wp-content\/uploads\/2026\/01\/Cest-fait-le-Tournoi-des-6-Nations-2026-debarque-sur-TF1.png\",\"keywords\":[\"br\u00e8ve\",\"tf1\",\"Tournoi des 6 Nations\",\"XV de France\"],\"articleSection\":[\"Tournoi des 6 Nations\"],\"inLanguage\":\"fr-FR\",\"potentialAction\":[{\"@type\":\"CommentAction\",\"name\":\"Comment\",\"target\":[\"https:\/\/dicodusport.fr\/blog\/cest-fait-le-tournoi-des-6-nations-2026-debarque-sur-tf1\/#respond\"]}],\"copyrightYear\":\"2026\",\"copyrightHolder\":{\"@id\":\"https:\/\/dicodusport.fr\/blog\/#organization\"}},{\"@type\":\"WebPage\",\"@id\":\"https:\/\/dicodusport.fr\/blog\/cest-fait-le-tournoi-des-6-nations-2026-debarque-sur-tf1\/\",\"url\":\"https:\/\/dicodusport.fr\/blog\/cest-fait-le-tournoi-des-6-nations-2026-debarque-sur-tf1\/\",\"name\":\"C'est fait : le Tournoi des 6 Nations 2026 d\u00e9barque sur TF1 !\",\"isPartOf\":{\"@id\":\"https:\/\/dicodusport.fr\/blog\/#website\"},\"primaryImageOfPage\":{\"@id\":\"https:\/\/dicodusport.fr\/blog\/cest-fait-le-tournoi-des-6-nations-2026-debarque-sur-tf1\/#primaryimage\"},\"image\":{\"@id\":\"https:\/\/dicodusport.fr\/blog\/cest-fait-le-tournoi-des-6-nations-2026-debarque-sur-tf1\/#primaryimage\"},\"thumbnailUrl\":\"https:\/\/dicodusport.fr\/blog\/wp-content\/uploads\/2026\/01\/Cest-fait-le-Tournoi-des-6-Nations-2026-debarque-sur-TF1.png\",\"datePublished\":\"2026-01-06T15:50:23+00:00\",\"dateModified\":\"2026-01-06T16:12:18+00:00\",\"description\":\"XV DE FRANCE - Comme cela \u00e9tait attendu, France TV a revendu \u00e0 TF1 neuf rencontres de l'\u00e9dition 2026 du Tournoi des 6 Nations, dont deux des Bleus.\",\"breadcrumb\":{\"@id\":\"https:\/\/dicodusport.fr\/blog\/cest-fait-le-tournoi-des-6-nations-2026-debarque-sur-tf1\/#breadcrumb\"},\"inLanguage\":\"fr-FR\",\"potentialAction\":[{\"@type\":\"ReadAction\",\"target\":[\"https:\/\/dicodusport.fr\/blog\/cest-fait-le-tournoi-des-6-nations-2026-debarque-sur-tf1\/\"]}]},{\"@type\":\"ImageObject\",\"inLanguage\":\"fr-FR\",\"@id\":\"https:\/\/dicodusport.fr\/blog\/cest-fait-le-tournoi-des-6-nations-2026-debarque-sur-tf1\/#primaryimage\",\"url\":\"https:\/\/dicodusport.fr\/blog\/wp-content\/uploads\/2026\/01\/Cest-fait-le-Tournoi-des-6-Nations-2026-debarque-sur-TF1.png\",\"contentUrl\":\"https:\/\/dicodusport.fr\/blog\/wp-content\/uploads\/2026\/01\/Cest-fait-le-Tournoi-des-6-Nations-2026-debarque-sur-TF1.png\",\"width\":1200,\"height\":674,\"caption\":\"C'est fait : le Tournoi des 6 Nations 2026 d\u00e9barque sur TF1 !\"},{\"@type\":\"BreadcrumbList\",\"@id\":\"https:\/\/dicodusport.fr\/blog\/cest-fait-le-tournoi-des-6-nations-2026-debarque-sur-tf1\/#breadcrumb\",\"itemListElement\":[{\"@type\":\"ListItem\",\"position\":1,\"name\":\"Accueil\",\"item\":\"https:\/\/dicodusport.fr\/blog\/\"},{\"@type\":\"ListItem\",\"position\":2,\"name\":\"C&rsquo;est fait : le Tournoi des 6 Nations 2026 d\u00e9barque sur TF1 !\"}]},{\"@type\":\"WebSite\",\"@id\":\"https:\/\/dicodusport.fr\/blog\/#website\",\"url\":\"https:\/\/dicodusport.fr\/blog\/\",\"name\":\"Dicodusport\",\"description\":\"L&#039;encyclop\u00e9die de l&#039;actualit\u00e9 sportive\",\"publisher\":{\"@id\":\"https:\/\/dicodusport.fr\/blog\/#organization\"},\"potentialAction\":[{\"@type\":\"SearchAction\",\"target\":{\"@type\":\"EntryPoint\",\"urlTemplate\":\"https:\/\/dicodusport.fr\/blog\/?s={search_term_string}\"},\"query-input\":{\"@type\":\"PropertyValueSpecification\",\"valueRequired\":true,\"valueName\":\"search_term_string\"}}],\"inLanguage\":\"fr-FR\"},{\"@type\":\"NewsMediaOrganization\",\"@id\":\"https:\/\/dicodusport.fr\/blog\/#organization\",\"name\":\"Dicodusport\",\"url\":\"https:\/\/dicodusport.fr\/blog\/\",\"logo\":{\"@type\":\"ImageObject\",\"inLanguage\":\"fr-FR\",\"@id\":\"https:\/\/dicodusport.fr\/blog\/#\/schema\/logo\/image\/\",\"url\":\"https:\/\/dicodusport.fr\/blog\/wp-content\/uploads\/2020\/06\/cropped-LOGO-DICODUSPORT-2020-SANS-FOND-SANS-TEXTE.png\",\"contentUrl\":\"https:\/\/dicodusport.fr\/blog\/wp-content\/uploads\/2020\/06\/cropped-LOGO-DICODUSPORT-2020-SANS-FOND-SANS-TEXTE.png\",\"width\":512,\"height\":512,\"caption\":\"Dicodusport\"},\"image\":{\"@id\":\"https:\/\/dicodusport.fr\/blog\/#\/schema\/logo\/image\/\"},\"sameAs\":[\"https:\/\/www.facebook.com\/dicodusport\",\"https:\/\/x.com\/dicodusport\",\"https:\/\/www.instagram.com\/dicodusport\/\",\"https:\/\/www.youtube.com\/channel\/UC7V2KZ5sd3htJivAbA4ZG3w\"],\"description\":\"Dicodusport est l'encyclop\u00e9die de l'actualit\u00e9 sportive.\",\"email\":\"bonjour@dicodusport.fr\",\"legalName\":\"DICODUSPORT\",\"foundingDate\":\"2018-01-14\",\"vatID\":\"FR71834470973\",\"taxID\":\"83447097300043\",\"numberOfEmployees\":{\"@type\":\"QuantitativeValue\",\"minValue\":\"1\",\"maxValue\":\"10\"}},{\"@type\":\"Person\",\"@id\":\"https:\/\/dicodusport.fr\/blog\/#\/schema\/person\/37def232098a7a5cbab3974a3690abb0\",\"name\":\"Maxime Cazenave\",\"image\":{\"@type\":\"ImageObject\",\"inLanguage\":\"fr-FR\",\"@id\":\"https:\/\/dicodusport.fr\/blog\/#\/schema\/person\/image\/\",\"url\":\"https:\/\/dicodusport.fr\/blog\/wp-content\/uploads\/2021\/05\/Maxime-Cazenave-150x150.jpg\",\"contentUrl\":\"https:\/\/dicodusport.fr\/blog\/wp-content\/uploads\/2021\/05\/Maxime-Cazenave-150x150.jpg\",\"caption\":\"Maxime Cazenave\"},\"description\":\"Journaliste\/R\u00e9dacteur depuis 2012 - Berc\u00e9 par l\u2019amour des Girondins de Bordeaux, les \u00e9checs de Christophe Moreau sur le Tour de France sous l'\u00e8re Lance Armstrong et le fade-away l\u00e9tal de Dirk Nowitzki, ma passion d\u00e9vorante pour le sport a toujours \u00e9t\u00e9 un pan incontournable de ma vie. Transmettre ma passion \u00e0 l\u2019\u00e9crit a \u00e9t\u00e9 une transition naturelle. Suiveur assidu de basket et de hockey sur glace, je garde toujours un peu de place pour suivre le cyclisme, le football et le maximum de performances fran\u00e7aises.\",\"sameAs\":[\"https:\/\/x.com\/https:\/\/twitter.com\/Maxime_Caze\"],\"url\":\"https:\/\/dicodusport.fr\/blog\/author\/maximec\/\"}]}<\/script>\n<!-- \/ Yoast SEO Premium plugin. -->","yoast_head_json":{"title":"C'est fait : le Tournoi des 6 Nations 2026 d\u00e9barque sur TF1 !","description":"XV DE FRANCE - Comme cela \u00e9tait attendu, France TV a revendu \u00e0 TF1 neuf rencontres de l'\u00e9dition 2026 du Tournoi des 6 Nations, dont deux des Bleus.","robots":{"index":"index","follow":"follow","max-snippet":"max-snippet:-1","max-image-preview":"max-image-preview:large","max-video-preview":"max-video-preview:-1"},"canonical":"https:\/\/dicodusport.fr\/blog\/cest-fait-le-tournoi-des-6-nations-2026-debarque-sur-tf1\/","og_locale":"fr_FR","og_type":"article","og_title":"C'est fait : le Tournoi des 6 Nations 2026 d\u00e9barque sur TF1 !","og_description":"XV DE FRANCE - Comme cela \u00e9tait attendu, France TV a revendu \u00e0 TF1 neuf rencontres de l'\u00e9dition 2026 du Tournoi des 6 Nations, dont deux des Bleus.","og_url":"https:\/\/dicodusport.fr\/blog\/cest-fait-le-tournoi-des-6-nations-2026-debarque-sur-tf1\/","og_site_name":"Dicodusport","article_publisher":"https:\/\/www.facebook.com\/dicodusport","article_published_time":"2026-01-06T15:50:23+00:00","article_modified_time":"2026-01-06T16:12:18+00:00","og_image":[{"width":1200,"height":674,"url":"https:\/\/dicodusport.fr\/blog\/wp-content\/uploads\/2026\/01\/Cest-fait-le-Tournoi-des-6-Nations-2026-debarque-sur-TF1.png","type":"image\/png"}],"author":"Maxime Cazenave","twitter_card":"summary_large_image","twitter_title":"C'est fait : le Tournoi des 6 Nations 2026 d\u00e9barque sur TF1 !","twitter_creator":"@https:\/\/twitter.com\/Maxime_Caze","twitter_site":"@dicodusport","schema":{"@context":"https:\/\/schema.org","@graph":[{"@type":"NewsArticle","@id":"https:\/\/dicodusport.fr\/blog\/cest-fait-le-tournoi-des-6-nations-2026-debarque-sur-tf1\/#article","isPartOf":{"@id":"https:\/\/dicodusport.fr\/blog\/cest-fait-le-tournoi-des-6-nations-2026-debarque-sur-tf1\/"},"author":{"name":"Maxime Cazenave","@id":"https:\/\/dicodusport.fr\/blog\/#\/schema\/person\/37def232098a7a5cbab3974a3690abb0"},"headline":"C&rsquo;est fait : le Tournoi des 6 Nations 2026 d\u00e9barque sur TF1 !","datePublished":"2026-01-06T15:50:23+00:00","dateModified":"2026-01-06T16:12:18+00:00","mainEntityOfPage":{"@id":"https:\/\/dicodusport.fr\/blog\/cest-fait-le-tournoi-des-6-nations-2026-debarque-sur-tf1\/"},"wordCount":480,"commentCount":1,"publisher":{"@id":"https:\/\/dicodusport.fr\/blog\/#organization"},"image":{"@id":"https:\/\/dicodusport.fr\/blog\/cest-fait-le-tournoi-des-6-nations-2026-debarque-sur-tf1\/#primaryimage"},"thumbnailUrl":"https:\/\/dicodusport.fr\/blog\/wp-content\/uploads\/2026\/01\/Cest-fait-le-Tournoi-des-6-Nations-2026-debarque-sur-TF1.png","keywords":["br\u00e8ve","tf1","Tournoi des 6 Nations","XV de France"],"articleSection":["Tournoi des 6 Nations"],"inLanguage":"fr-FR","potentialAction":[{"@type":"CommentAction","name":"Comment","target":["https:\/\/dicodusport.fr\/blog\/cest-fait-le-tournoi-des-6-nations-2026-debarque-sur-tf1\/#respond"]}],"copyrightYear":"2026","copyrightHolder":{"@id":"https:\/\/dicodusport.fr\/blog\/#organization"}},{"@type":"WebPage","@id":"https:\/\/dicodusport.fr\/blog\/cest-fait-le-tournoi-des-6-nations-2026-debarque-sur-tf1\/","url":"https:\/\/dicodusport.fr\/blog\/cest-fait-le-tournoi-des-6-nations-2026-debarque-sur-tf1\/","name":"C'est fait : le Tournoi des 6 Nations 2026 d\u00e9barque sur TF1 !","isPartOf":{"@id":"https:\/\/dicodusport.fr\/blog\/#website"},"primaryImageOfPage":{"@id":"https:\/\/dicodusport.fr\/blog\/cest-fait-le-tournoi-des-6-nations-2026-debarque-sur-tf1\/#primaryimage"},"image":{"@id":"https:\/\/dicodusport.fr\/blog\/cest-fait-le-tournoi-des-6-nations-2026-debarque-sur-tf1\/#primaryimage"},"thumbnailUrl":"https:\/\/dicodusport.fr\/blog\/wp-content\/uploads\/2026\/01\/Cest-fait-le-Tournoi-des-6-Nations-2026-debarque-sur-TF1.png","datePublished":"2026-01-06T15:50:23+00:00","dateModified":"2026-01-06T16:12:18+00:00","description":"XV DE FRANCE - Comme cela \u00e9tait attendu, France TV a revendu \u00e0 TF1 neuf rencontres de l'\u00e9dition 2026 du Tournoi des 6 Nations, dont deux des Bleus.","breadcrumb":{"@id":"https:\/\/dicodusport.fr\/blog\/cest-fait-le-tournoi-des-6-nations-2026-debarque-sur-tf1\/#breadcrumb"},"inLanguage":"fr-FR","potentialAction":[{"@type":"ReadAction","target":["https:\/\/dicodusport.fr\/blog\/cest-fait-le-tournoi-des-6-nations-2026-debarque-sur-tf1\/"]}]},{"@type":"ImageObject","inLanguage":"fr-FR","@id":"https:\/\/dicodusport.fr\/blog\/cest-fait-le-tournoi-des-6-nations-2026-debarque-sur-tf1\/#primaryimage","url":"https:\/\/dicodusport.fr\/blog\/wp-content\/uploads\/2026\/01\/Cest-fait-le-Tournoi-des-6-Nations-2026-debarque-sur-TF1.png","contentUrl":"https:\/\/dicodusport.fr\/blog\/wp-content\/uploads\/2026\/01\/Cest-fait-le-Tournoi-des-6-Nations-2026-debarque-sur-TF1.png","width":1200,"height":674,"caption":"C'est fait : le Tournoi des 6 Nations 2026 d\u00e9barque sur TF1 !"},{"@type":"BreadcrumbList","@id":"https:\/\/dicodusport.fr\/blog\/cest-fait-le-tournoi-des-6-nations-2026-debarque-sur-tf1\/#breadcrumb","itemListElement":[{"@type":"ListItem","position":1,"name":"Accueil","item":"https:\/\/dicodusport.fr\/blog\/"},{"@type":"ListItem","position":2,"name":"C&rsquo;est fait : le Tournoi des 6 Nations 2026 d\u00e9barque sur TF1 !"}]},{"@type":"WebSite","@id":"https:\/\/dicodusport.fr\/blog\/#website","url":"https:\/\/dicodusport.fr\/blog\/","name":"Dicodusport","description":"L&#039;encyclop\u00e9die de l&#039;actualit\u00e9 sportive","publisher":{"@id":"https:\/\/dicodusport.fr\/blog\/#organization"},"potentialAction":[{"@type":"SearchAction","target":{"@type":"EntryPoint","urlTemplate":"https:\/\/dicodusport.fr\/blog\/?s={search_term_string}"},"query-input":{"@type":"PropertyValueSpecification","valueRequired":true,"valueName":"search_term_string"}}],"inLanguage":"fr-FR"},{"@type":"NewsMediaOrganization","@id":"https:\/\/dicodusport.fr\/blog\/#organization","name":"Dicodusport","url":"https:\/\/dicodusport.fr\/blog\/","logo":{"@type":"ImageObject","inLanguage":"fr-FR","@id":"https:\/\/dicodusport.fr\/blog\/#\/schema\/logo\/image\/","url":"https:\/\/dicodusport.fr\/blog\/wp-content\/uploads\/2020\/06\/cropped-LOGO-DICODUSPORT-2020-SANS-FOND-SANS-TEXTE.png","contentUrl":"https:\/\/dicodusport.fr\/blog\/wp-content\/uploads\/2020\/06\/cropped-LOGO-DICODUSPORT-2020-SANS-FOND-SANS-TEXTE.png","width":512,"height":512,"caption":"Dicodusport"},"image":{"@id":"https:\/\/dicodusport.fr\/blog\/#\/schema\/logo\/image\/"},"sameAs":["https:\/\/www.facebook.com\/dicodusport","https:\/\/x.com\/dicodusport","https:\/\/www.instagram.com\/dicodusport\/","https:\/\/www.youtube.com\/channel\/UC7V2KZ5sd3htJivAbA4ZG3w"],"description":"Dicodusport est l'encyclop\u00e9die de l'actualit\u00e9 sportive.","email":"bonjour@dicodusport.fr","legalName":"DICODUSPORT","foundingDate":"2018-01-14","vatID":"FR71834470973","taxID":"83447097300043","numberOfEmployees":{"@type":"QuantitativeValue","minValue":"1","maxValue":"10"}},{"@type":"Person","@id":"https:\/\/dicodusport.fr\/blog\/#\/schema\/person\/37def232098a7a5cbab3974a3690abb0","name":"Maxime Cazenave","image":{"@type":"ImageObject","inLanguage":"fr-FR","@id":"https:\/\/dicodusport.fr\/blog\/#\/schema\/person\/image\/","url":"https:\/\/dicodusport.fr\/blog\/wp-content\/uploads\/2021\/05\/Maxime-Cazenave-150x150.jpg","contentUrl":"https:\/\/dicodusport.fr\/blog\/wp-content\/uploads\/2021\/05\/Maxime-Cazenave-150x150.jpg","caption":"Maxime Cazenave"},"description":"Journaliste\/R\u00e9dacteur depuis 2012 - Berc\u00e9 par l\u2019amour des Girondins de Bordeaux, les \u00e9checs de Christophe Moreau sur le Tour de France sous l'\u00e8re Lance Armstrong et le fade-away l\u00e9tal de Dirk Nowitzki, ma passion d\u00e9vorante pour le sport a toujours \u00e9t\u00e9 un pan incontournable de ma vie. Transmettre ma passion \u00e0 l\u2019\u00e9crit a \u00e9t\u00e9 une transition naturelle. Suiveur assidu de basket et de hockey sur glace, je garde toujours un peu de place pour suivre le cyclisme, le football et le maximum de performances fran\u00e7aises.","sameAs":["https:\/\/x.com\/https:\/\/twitter.com\/Maxime_Caze"],"url":"https:\/\/dicodusport.fr\/blog\/author\/maximec\/"}]}},"_links":{"self":[{"href":"https:\/\/dicodusport.fr\/blog\/wp-json\/wp\/v2\/posts\/636197","targetHints":{"allow":["GET"]}}],"collection":[{"href":"https:\/\/dicodusport.fr\/blog\/wp-json\/wp\/v2\/posts"}],"about":[{"href":"https:\/\/dicodusport.fr\/blog\/wp-json\/wp\/v2\/types\/post"}],"author":[{"embeddable":true,"href":"https:\/\/dicodusport.fr\/blog\/wp-json\/wp\/v2\/users\/55"}],"replies":[{"embeddable":true,"href":"https:\/\/dicodusport.fr\/blog\/wp-json\/wp\/v2\/comments?post=636197"}],"version-history":[{"count":4,"href":"https:\/\/dicodusport.fr\/blog\/wp-json\/wp\/v2\/posts\/636197\/revisions"}],"predecessor-version":[{"id":636205,"href":"https:\/\/dicodusport.fr\/blog\/wp-json\/wp\/v2\/posts\/636197\/revisions\/636205"}],"wp:featuredmedia":[{"embeddable":true,"href":"https:\/\/dicodusport.fr\/blog\/wp-json\/wp\/v2\/media\/636199"}],"wp:attachment":[{"href":"https:\/\/dicodusport.fr\/blog\/wp-json\/wp\/v2\/media?parent=636197"}],"wp:term":[{"taxonomy":"category","embeddable":true,"href":"https:\/\/dicodusport.fr\/blog\/wp-json\/wp\/v2\/categories?post=636197"},{"taxonomy":"post_tag","embeddable":true,"href":"https:\/\/dicodusport.fr\/blog\/wp-json\/wp\/v2\/tags?post=636197"}],"curies":[{"name":"wp","href":"https:\/\/api.w.org\/{rel}","templated":true}]}}