{"id":63627,"date":"2020-03-21T19:21:09","date_gmt":"2020-03-21T18:21:09","guid":{"rendered":"http:\/\/dicodusport.fr\/blog\/?p=63627&#038;preview=true&#038;preview_id=63627"},"modified":"2020-03-21T19:51:03","modified_gmt":"2020-03-21T18:51:03","slug":"biathlon-celia-aymonier-met-terme-carriere","status":"publish","type":"post","link":"https:\/\/dicodusport.fr\/blog\/biathlon-celia-aymonier-met-terme-carriere\/","title":{"rendered":"C\u00e9lia Aymonier met un terme \u00e0 sa carri\u00e8re"},"content":{"rendered":"<p style=\"text-align: justify;\"><b><i>BIATHLON &#8211; Une semaine apr\u00e8s l&rsquo;annonce de la retraite de Martin Fourcade, <a href=\"https:\/\/www.biathlonworld.com\/athletes\/celia-aymonier\/id\/btfra20508199101\/\" target=\"_blank\" rel=\"noopener noreferrer\">C\u00e9lia Aymonier<\/a> a, \u00e0 son tour, d\u00e9cid\u00e9 de mettre un terme \u00e0 sa carri\u00e8re, \u00e0 28 ans.<\/i><\/b><\/p>\n<p style=\"text-align: justify;\">Annonce inattendue au sein de l&rsquo;\u00e9quipe de France de biathlon. La Jurassienne <strong>C\u00e9lia Aymonier<\/strong> a annonc\u00e9 ce samedi la fin de sa carri\u00e8re sportive. Sur Instagram, la native de Pontarlier a fait part d&rsquo;une certaine lassitude, rapport notamment aux changement engendr\u00e9s par le r\u00e9chauffement climatique :<\/p>\n<blockquote>\n<p style=\"text-align: justify;\"><em>Le plaisir, c&rsquo;est mon leitmotiv depuis 28 ans, car le sport est pour moi une passion, c&rsquo;est contagieux dans la famille. Pouvoir skier dans des endroits magnifiques \u00e0 travers le monde est une chance inou\u00efe et cela m&rsquo;anime. Mais je dois me rendre \u00e0 l&rsquo;\u00e9vidence, depuis mes d\u00e9buts, ces paysages et le manteau neigeux ont bien chang\u00e9. Et ce qui m&rsquo;attriste, c&rsquo;est que le constat est le m\u00eame partout, les hivers sont moindres et la neige devient une denr\u00e9e pr\u00e9cieuse. Je suis loin de mon id\u00e9al de nature et de grand air.\u00a0<\/em><\/p>\n<\/blockquote>\n<h2 style=\"text-align: justify;\">Un changement de vie<\/h2>\n<p style=\"text-align: justify;\">Tr\u00e8s proche de la nature, la compagne du biathl\u00e8te Simon Desthieux a d\u00e9cid\u00e9 de <em>\u00ab d\u00e9couvrir d&rsquo;autres horizons \u00bb<\/em> :<\/p>\n<blockquote>\n<p style=\"text-align: justify;\"><em>Alors me voici aujourd&rsquo;hui, entre vents et mar\u00e9es, confront\u00e9e \u00e0 mes limites et mes valeurs. <\/em><em>C&rsquo;est pourquoi au bout de mes ressources sportives et humaines dans ce milieu, je d\u00e9cide de quitter sereinement le navire du sport de haut niveau pour d\u00e9couvrir d&rsquo;autres horizons qui seront plus en ad\u00e9quation avec la personne que je suis devenue.<\/em><\/p>\n<\/blockquote>\n<blockquote class=\"instagram-media\" style=\"background: #FFF; border: 0; border-radius: 3px; box-shadow: 0 0 1px 0 rgba(0,0,0,0.5),0 1px 10px 0 rgba(0,0,0,0.15); margin: 1px; max-width: 540px; min-width: 326px; padding: 0; width: calc(100% - 2px);\" data-instgrm-captioned=\"\" data-instgrm-permalink=\"https:\/\/www.instagram.com\/p\/B-AUK98ozd0\/?utm_source=ig_embed&amp;utm_campaign=loading\" data-instgrm-version=\"12\">\n<div style=\"padding: 16px;\">\n<p>&nbsp;<\/p>\n<div style=\"display: flex; flex-direction: row; align-items: center;\">\n<div style=\"background-color: #f4f4f4; border-radius: 50%; flex-grow: 0; height: 40px; margin-right: 14px; width: 40px;\"><\/div>\n<div style=\"display: flex; flex-direction: column; flex-grow: 1; justify-content: center;\">\n<div style=\"background-color: #f4f4f4; border-radius: 4px; flex-grow: 0; height: 14px; margin-bottom: 6px; width: 100px;\"><\/div>\n<div style=\"background-color: #f4f4f4; border-radius: 4px; flex-grow: 0; height: 14px; width: 60px;\"><\/div>\n<\/div>\n<\/div>\n<div style=\"padding: 19% 0;\"><\/div>\n<div style=\"display: block; height: 50px; margin: 0 auto 12px; width: 50px;\"><\/div>\n<div style=\"padding-top: 8px;\">\n<div style=\"color: #3897f0; font-family: Arial,sans-serif; font-size: 14px; font-style: normal; font-weight: 550; line-height: 18px;\">Voir cette publication sur Instagram<\/div>\n<\/div>\n<div style=\"padding: 12.5% 0;\"><\/div>\n<div style=\"display: flex; flex-direction: row; margin-bottom: 14px; align-items: center;\">\n<div>\n<div style=\"background-color: #f4f4f4; border-radius: 50%; height: 12.5px; width: 12.5px; transform: translateX(0px) translateY(7px);\"><\/div>\n<div style=\"background-color: #f4f4f4; height: 12.5px; transform: rotate(-45deg) translateX(3px) translateY(1px); width: 12.5px; flex-grow: 0; margin-right: 14px; margin-left: 2px;\"><\/div>\n<div style=\"background-color: #f4f4f4; border-radius: 50%; height: 12.5px; width: 12.5px; transform: translateX(9px) translateY(-18px);\"><\/div>\n<\/div>\n<div style=\"margin-left: 8px;\">\n<div style=\"background-color: #f4f4f4; border-radius: 50%; flex-grow: 0; height: 20px; width: 20px;\"><\/div>\n<div style=\"width: 0; height: 0; border-top: 2px solid transparent; border-left: 6px solid #f4f4f4; border-bottom: 2px solid transparent; transform: translateX(16px) translateY(-4px) rotate(30deg);\"><\/div>\n<\/div>\n<div style=\"margin-left: auto;\">\n<div style=\"width: 0px; border-top: 8px solid #F4F4F4; border-right: 8px solid transparent; transform: translateY(16px);\"><\/div>\n<div style=\"background-color: #f4f4f4; flex-grow: 0; height: 12px; width: 16px; transform: translateY(-4px);\"><\/div>\n<div style=\"width: 0; height: 0; border-top: 8px solid #F4F4F4; border-left: 8px solid transparent; transform: translateY(-4px) translateX(8px);\"><\/div>\n<\/div>\n<\/div>\n<p>&nbsp;<\/p>\n<p style=\"margin: 8px 0 0 0; padding: 0 4px;\"><a style=\"color: #000; font-family: Arial,sans-serif; font-size: 14px; font-style: normal; font-weight: normal; line-height: 17px; text-decoration: none; word-wrap: break-word;\" href=\"https:\/\/www.instagram.com\/p\/B-AUK98ozd0\/?utm_source=ig_embed&amp;utm_campaign=loading\" target=\"_blank\" rel=\"noopener noreferrer\">Mon c\u0153ur chavire Le sport de haut niveau, c&rsquo;est une belle aventure et c&rsquo;est exigeant. Il repr\u00e9sente pour moi deux ancrages principaux. Le plaisir, c&rsquo;est mon leitmotiv depuis 28 ans, car le sport est pour moi une passion, c&rsquo;est contagieux dans la famille. Pouvoir skier dans des endroits magnifiques \u00e0 travers le monde est une chance inou\u00efe et cela m&rsquo;anime. Mais je dois me rendre \u00e0 l&rsquo;\u00e9vidence, depuis mes d\u00e9buts, ces paysages et le manteau neigeux ont bien chang\u00e9. Et ce qui m&rsquo;attriste, c&rsquo;est que le constat est le m\u00eame partout, les hivers sont moindres et la neige devient une denr\u00e9e pr\u00e9cieuse. Je suis loin de mon id\u00e9al de nature et de grand air. Une connaissance de soi, c&rsquo;est la mani\u00e8re dont je donne du sens \u00e0 ma carri\u00e8re. Le sport m&rsquo;a ainsi permis de maitriser le gouvernail de mon bateau en m\u2019apprenant qui je suis, o\u00f9 je veux aller et ce que j&rsquo;ai envie de faire. Les diverses travers\u00e9es, les escales, les temp\u00eates, les accalmies ont \u00e9t\u00e9 d&rsquo;un enseignement riche ; j&rsquo;ai grandit, j&rsquo;ai \u00e9volu\u00e9 et cela m&rsquo;a rendu plus forte. J&rsquo;ai aussi eu du temps pour moi, pour r\u00e9fl\u00e9chir et me centrer. Et en plus de 10 ans de sport de haut niveau, je crois que j&rsquo;ai bien fait le tour de la question. Je me rends bien compte aujourd&rsquo;hui que le sport de haut niveau c&rsquo;est trop exigeant et centr\u00e9 sur les r\u00e9sultat pour que je reste \u00e0 flot avec les seuls objectifs de plaisir et de connaissance de soi qui prennent d&rsquo;ailleurs un peu l&rsquo;eau ! Alors me voici aujourd&rsquo;hui, entre vents et mar\u00e9es, confront\u00e9e \u00e0 mes limites et mes valeurs. C&rsquo;est pourquoi au bout de mes ressources sportives et humaines dans ce milieu, je d\u00e9cide de quitter sereinement le navire du sport de haut niveau pour d\u00e9couvrir d&rsquo;autres horizons qui seront plus en ad\u00e9quation avec la personne que je suis devenue. Je tiens \u00e0 remercier toutes les personnes m &lsquo;ayant soutenues dans cette aventure, c&rsquo;est tellement agr\u00e9able et appr\u00e9ciable d&rsquo;\u00eatre bien entour\u00e9e. Et les autres aussi car j&rsquo;ai appris la r\u00e9silience. Je remercie aussi tous les supporters, cela a \u00e9t\u00e9 un plaisir de partager tous ces moments avec vous, vous \u00eates super ! \u00ab Larguer les amarres \u00bb, une nouvelle aventure commence !<\/a><\/p>\n<p style=\"color: #c9c8cd; font-family: Arial,sans-serif; font-size: 14px; line-height: 17px; margin-bottom: 0; margin-top: 8px; overflow: hidden; padding: 8px 0 7px; text-align: center; text-overflow: ellipsis; white-space: nowrap;\">Une publication partag\u00e9e par <a style=\"color: #c9c8cd; font-family: Arial,sans-serif; font-size: 14px; font-style: normal; font-weight: normal; line-height: 17px;\" href=\"https:\/\/www.instagram.com\/celia.aymonier\/?utm_source=ig_embed&amp;utm_campaign=loading\" target=\"_blank\" rel=\"noopener noreferrer\"> C\u00e9lia Aymonier<\/a> (@celia.aymonier) le <time style=\"font-family: Arial,sans-serif; font-size: 14px; line-height: 17px;\" datetime=\"2020-03-21T17:58:56+00:00\">21 Mars 2020 \u00e0 10 :58 PDT<\/time><\/p>\n<\/div>\n<\/blockquote>\n<p><script async src=\"\/\/www.instagram.com\/embed.js\"><\/script><\/p>\n<p style=\"text-align: justify;\">Fondeuse jusqu&rsquo;en 2015, <strong>C\u00e9lia Aymonier<\/strong> a d\u00e9croch\u00e9 une m\u00e9daille mondiale \u00e0 Hochfilzen en 2017, sur le relais f\u00e9minin. 28\u00e8me au classement g\u00e9n\u00e9ral de la Coupe du monde \u00e0 l&rsquo;issue de cette saison 2019-2020, elle n&rsquo;est jamais parvenue \u00e0 grimper sur le podium en individuel.<\/p>\n<p><strong><em>Dicodusport<br \/>\n<a href=\"https:\/\/www.facebook.com\/dicodusport\/\" target=\"_blank\" rel=\"noopener noreferrer\"><img loading=\"lazy\" decoding=\"async\" class=\"alignnone wp-image-2909\" src=\"http:\/\/dicodusport.fr\/blog\/wp-content\/uploads\/2017\/07\/logo-facebook-150x150.png\" alt=\"\" width=\"40\" height=\"40\" \/><\/a><a href=\"https:\/\/twitter.com\/dicodusport\" target=\"_blank\" rel=\"noopener noreferrer\"><img loading=\"lazy\" decoding=\"async\" class=\"alignnone wp-image-2908\" src=\"http:\/\/dicodusport.fr\/blog\/wp-content\/uploads\/2017\/07\/logo-twitter-150x150.png\" alt=\"\" width=\"39\" height=\"39\" \/><\/a><\/em><\/strong><\/p>\n","protected":false},"excerpt":{"rendered":"<p>BIATHLON &#8211; Une semaine apr\u00e8s l&rsquo;annonce de la retraite de Martin Fourcade, C\u00e9lia Aymonier a, \u00e0 son tour, d\u00e9cid\u00e9 de mettre un terme \u00e0 sa carri\u00e8re, \u00e0 28 ans.<\/p>\n","protected":false},"author":4,"featured_media":63628,"comment_status":"open","ping_status":"closed","sticky":false,"template":"","format":"standard","meta":{"_acf_changed":false,"_daextam_enable_autolinks":"","footnotes":""},"categories":[2426],"tags":[2427,3043,24],"class_list":["post-63627","post","type-post","status-publish","format-standard","has-post-thumbnail","hentry","category-biathlon","tag-biathlon","tag-retraite","tag-sport"],"acf":[],"yoast_head":"<!-- This site is optimized with the Yoast SEO Premium plugin v26.7 (Yoast SEO v26.7) - https:\/\/yoast.com\/wordpress\/plugins\/seo\/ -->\n<title>C\u00e9lia Aymonier met un terme \u00e0 sa carri\u00e8re<\/title>\n<meta name=\"description\" content=\"BIATHLON - Une semaine apr\u00e8s l&#039;annonce de la retraite de Martin Fourcade, C\u00e9lia Aymonier a, \u00e0 son tour, d\u00e9cid\u00e9 de mettre un terme \u00e0 sa carri\u00e8re, \u00e0 28 ans.\" \/>\n<meta name=\"robots\" content=\"index, follow, max-snippet:-1, max-image-preview:large, max-video-preview:-1\" \/>\n<link rel=\"canonical\" href=\"https:\/\/dicodusport.fr\/blog\/biathlon-celia-aymonier-met-terme-carriere\/\" \/>\n<meta property=\"og:locale\" content=\"fr_FR\" \/>\n<meta property=\"og:type\" content=\"article\" \/>\n<meta property=\"og:title\" content=\"C\u00e9lia Aymonier met un terme \u00e0 sa carri\u00e8re\" \/>\n<meta property=\"og:description\" content=\"BIATHLON - Une semaine apr\u00e8s l&#039;annonce de la retraite de Martin Fourcade, C\u00e9lia Aymonier a, \u00e0 son tour, d\u00e9cid\u00e9 de mettre un terme \u00e0 sa carri\u00e8re, \u00e0 28 ans.\" \/>\n<meta property=\"og:url\" content=\"https:\/\/dicodusport.fr\/blog\/biathlon-celia-aymonier-met-terme-carriere\/\" \/>\n<meta property=\"og:site_name\" content=\"Dicodusport\" \/>\n<meta property=\"article:publisher\" content=\"https:\/\/www.facebook.com\/dicodusport\" \/>\n<meta property=\"article:author\" content=\"https:\/\/www.facebook.com\/florent.ostermann\" \/>\n<meta property=\"article:published_time\" content=\"2020-03-21T18:21:09+00:00\" \/>\n<meta property=\"article:modified_time\" content=\"2020-03-21T18:51:03+00:00\" \/>\n<meta property=\"og:image\" content=\"https:\/\/dicodusport.fr\/blog\/wp-content\/uploads\/2020\/03\/Ce\u0301lia-Aymonier.png\" \/>\n\t<meta property=\"og:image:width\" content=\"800\" \/>\n\t<meta property=\"og:image:height\" content=\"445\" \/>\n\t<meta property=\"og:image:type\" content=\"image\/png\" \/>\n<meta name=\"author\" content=\"Flo Ostermann\" \/>\n<meta name=\"twitter:card\" content=\"summary_large_image\" \/>\n<meta name=\"twitter:title\" content=\"C\u00e9lia Aymonier met un terme \u00e0 sa carri\u00e8re\" \/>\n<meta name=\"twitter:creator\" content=\"@https:\/\/twitter.com\/FlOstermann\" \/>\n<meta name=\"twitter:site\" content=\"@dicodusport\" \/>\n<script type=\"application\/ld+json\" class=\"yoast-schema-graph\">{\"@context\":\"https:\/\/schema.org\",\"@graph\":[{\"@type\":\"NewsArticle\",\"@id\":\"https:\/\/dicodusport.fr\/blog\/biathlon-celia-aymonier-met-terme-carriere\/#article\",\"isPartOf\":{\"@id\":\"https:\/\/dicodusport.fr\/blog\/biathlon-celia-aymonier-met-terme-carriere\/\"},\"author\":{\"name\":\"Flo Ostermann\",\"@id\":\"https:\/\/dicodusport.fr\/blog\/#\/schema\/person\/cb02af4c173ce4a653b55e9baf388d4a\"},\"headline\":\"C\u00e9lia Aymonier met un terme \u00e0 sa carri\u00e8re\",\"datePublished\":\"2020-03-21T18:21:09+00:00\",\"dateModified\":\"2020-03-21T18:51:03+00:00\",\"mainEntityOfPage\":{\"@id\":\"https:\/\/dicodusport.fr\/blog\/biathlon-celia-aymonier-met-terme-carriere\/\"},\"wordCount\":765,\"commentCount\":0,\"publisher\":{\"@id\":\"https:\/\/dicodusport.fr\/blog\/#organization\"},\"image\":{\"@id\":\"https:\/\/dicodusport.fr\/blog\/biathlon-celia-aymonier-met-terme-carriere\/#primaryimage\"},\"thumbnailUrl\":\"https:\/\/dicodusport.fr\/blog\/wp-content\/uploads\/2020\/03\/Ce\u0301lia-Aymonier.png\",\"keywords\":[\"Biathlon\",\"retraite\",\"sport\"],\"articleSection\":[\"Biathlon\"],\"inLanguage\":\"fr-FR\",\"potentialAction\":[{\"@type\":\"CommentAction\",\"name\":\"Comment\",\"target\":[\"https:\/\/dicodusport.fr\/blog\/biathlon-celia-aymonier-met-terme-carriere\/#respond\"]}],\"copyrightYear\":\"2020\",\"copyrightHolder\":{\"@id\":\"https:\/\/dicodusport.fr\/blog\/#organization\"}},{\"@type\":\"WebPage\",\"@id\":\"https:\/\/dicodusport.fr\/blog\/biathlon-celia-aymonier-met-terme-carriere\/\",\"url\":\"https:\/\/dicodusport.fr\/blog\/biathlon-celia-aymonier-met-terme-carriere\/\",\"name\":\"C\u00e9lia Aymonier met un terme \u00e0 sa carri\u00e8re\",\"isPartOf\":{\"@id\":\"https:\/\/dicodusport.fr\/blog\/#website\"},\"primaryImageOfPage\":{\"@id\":\"https:\/\/dicodusport.fr\/blog\/biathlon-celia-aymonier-met-terme-carriere\/#primaryimage\"},\"image\":{\"@id\":\"https:\/\/dicodusport.fr\/blog\/biathlon-celia-aymonier-met-terme-carriere\/#primaryimage\"},\"thumbnailUrl\":\"https:\/\/dicodusport.fr\/blog\/wp-content\/uploads\/2020\/03\/Ce\u0301lia-Aymonier.png\",\"datePublished\":\"2020-03-21T18:21:09+00:00\",\"dateModified\":\"2020-03-21T18:51:03+00:00\",\"description\":\"BIATHLON - Une semaine apr\u00e8s l'annonce de la retraite de Martin Fourcade, C\u00e9lia Aymonier a, \u00e0 son tour, d\u00e9cid\u00e9 de mettre un terme \u00e0 sa carri\u00e8re, \u00e0 28 ans.\",\"breadcrumb\":{\"@id\":\"https:\/\/dicodusport.fr\/blog\/biathlon-celia-aymonier-met-terme-carriere\/#breadcrumb\"},\"inLanguage\":\"fr-FR\",\"potentialAction\":[{\"@type\":\"ReadAction\",\"target\":[\"https:\/\/dicodusport.fr\/blog\/biathlon-celia-aymonier-met-terme-carriere\/\"]}]},{\"@type\":\"ImageObject\",\"inLanguage\":\"fr-FR\",\"@id\":\"https:\/\/dicodusport.fr\/blog\/biathlon-celia-aymonier-met-terme-carriere\/#primaryimage\",\"url\":\"https:\/\/dicodusport.fr\/blog\/wp-content\/uploads\/2020\/03\/Ce\u0301lia-Aymonier.png\",\"contentUrl\":\"https:\/\/dicodusport.fr\/blog\/wp-content\/uploads\/2020\/03\/Ce\u0301lia-Aymonier.png\",\"width\":800,\"height\":445},{\"@type\":\"BreadcrumbList\",\"@id\":\"https:\/\/dicodusport.fr\/blog\/biathlon-celia-aymonier-met-terme-carriere\/#breadcrumb\",\"itemListElement\":[{\"@type\":\"ListItem\",\"position\":1,\"name\":\"Accueil\",\"item\":\"https:\/\/dicodusport.fr\/blog\/\"},{\"@type\":\"ListItem\",\"position\":2,\"name\":\"C\u00e9lia Aymonier met un terme \u00e0 sa carri\u00e8re\"}]},{\"@type\":\"WebSite\",\"@id\":\"https:\/\/dicodusport.fr\/blog\/#website\",\"url\":\"https:\/\/dicodusport.fr\/blog\/\",\"name\":\"Dicodusport\",\"description\":\"L&#039;encyclop\u00e9die de l&#039;actualit\u00e9 sportive\",\"publisher\":{\"@id\":\"https:\/\/dicodusport.fr\/blog\/#organization\"},\"potentialAction\":[{\"@type\":\"SearchAction\",\"target\":{\"@type\":\"EntryPoint\",\"urlTemplate\":\"https:\/\/dicodusport.fr\/blog\/?s={search_term_string}\"},\"query-input\":{\"@type\":\"PropertyValueSpecification\",\"valueRequired\":true,\"valueName\":\"search_term_string\"}}],\"inLanguage\":\"fr-FR\"},{\"@type\":\"NewsMediaOrganization\",\"@id\":\"https:\/\/dicodusport.fr\/blog\/#organization\",\"name\":\"Dicodusport\",\"url\":\"https:\/\/dicodusport.fr\/blog\/\",\"logo\":{\"@type\":\"ImageObject\",\"inLanguage\":\"fr-FR\",\"@id\":\"https:\/\/dicodusport.fr\/blog\/#\/schema\/logo\/image\/\",\"url\":\"https:\/\/dicodusport.fr\/blog\/wp-content\/uploads\/2020\/06\/cropped-LOGO-DICODUSPORT-2020-SANS-FOND-SANS-TEXTE.png\",\"contentUrl\":\"https:\/\/dicodusport.fr\/blog\/wp-content\/uploads\/2020\/06\/cropped-LOGO-DICODUSPORT-2020-SANS-FOND-SANS-TEXTE.png\",\"width\":512,\"height\":512,\"caption\":\"Dicodusport\"},\"image\":{\"@id\":\"https:\/\/dicodusport.fr\/blog\/#\/schema\/logo\/image\/\"},\"sameAs\":[\"https:\/\/www.facebook.com\/dicodusport\",\"https:\/\/x.com\/dicodusport\",\"https:\/\/www.instagram.com\/dicodusport\/\",\"https:\/\/www.youtube.com\/channel\/UC7V2KZ5sd3htJivAbA4ZG3w\"],\"description\":\"Dicodusport est l'encyclop\u00e9die de l'actualit\u00e9 sportive.\",\"email\":\"bonjour@dicodusport.fr\",\"legalName\":\"DICODUSPORT\",\"foundingDate\":\"2018-01-14\",\"vatID\":\"FR71834470973\",\"taxID\":\"83447097300043\",\"numberOfEmployees\":{\"@type\":\"QuantitativeValue\",\"minValue\":\"1\",\"maxValue\":\"10\"}},{\"@type\":\"Person\",\"@id\":\"https:\/\/dicodusport.fr\/blog\/#\/schema\/person\/cb02af4c173ce4a653b55e9baf388d4a\",\"name\":\"Flo Ostermann\",\"image\":{\"@type\":\"ImageObject\",\"inLanguage\":\"fr-FR\",\"@id\":\"https:\/\/dicodusport.fr\/blog\/#\/schema\/person\/image\/\",\"url\":\"https:\/\/dicodusport.fr\/blog\/wp-content\/uploads\/2021\/05\/Flo-Ostermann-150x150.jpg\",\"contentUrl\":\"https:\/\/dicodusport.fr\/blog\/wp-content\/uploads\/2021\/05\/Flo-Ostermann-150x150.jpg\",\"caption\":\"Flo Ostermann\"},\"description\":\"Journaliste\/R\u00e9dacteur depuis septembre 2015 - Mes premiers souvenirs dans le sport ? Les envol\u00e9es du Stade Toulousain et les duels Villeneuve-Schumacher et H\u00e4kkinen-Schumacher \u00e0 la fin des ann\u00e9es 90, la Coupe du monde de football en 1998, l\u2019exploit du XV de France face aux All Blacks en 1999, mais aussi Richard C\u0153ur de Lion qui vole sur les montagnes du Tour de France. Bien parti pour devenir professeur d\u2019EPS, les \u00e9v\u00e9nements de la vie (et la flemme d\u2019animer des s\u00e9ances de 3x500 m\u00e8tres toute ma vie) m\u2019ont conduit \u00e0 revoir mes plans. Me voil\u00e0 depuis fin 2017 sur Dicodusport, m\u00e9dia gr\u00e2ce (et pour) lequel je partage ma passion : le sport dans tous ses \u00e9tats. Le tout accompagn\u00e9 par les fous furieux et folles furieuses cit\u00e9s sur cette page !\",\"sameAs\":[\"https:\/\/www.facebook.com\/florent.ostermann\",\"https:\/\/x.com\/https:\/\/twitter.com\/FlOstermann\",\"admin\"],\"url\":\"https:\/\/dicodusport.fr\/blog\/author\/flo\/\"}]}<\/script>\n<!-- \/ Yoast SEO Premium plugin. -->","yoast_head_json":{"title":"C\u00e9lia Aymonier met un terme \u00e0 sa carri\u00e8re","description":"BIATHLON - Une semaine apr\u00e8s l'annonce de la retraite de Martin Fourcade, C\u00e9lia Aymonier a, \u00e0 son tour, d\u00e9cid\u00e9 de mettre un terme \u00e0 sa carri\u00e8re, \u00e0 28 ans.","robots":{"index":"index","follow":"follow","max-snippet":"max-snippet:-1","max-image-preview":"max-image-preview:large","max-video-preview":"max-video-preview:-1"},"canonical":"https:\/\/dicodusport.fr\/blog\/biathlon-celia-aymonier-met-terme-carriere\/","og_locale":"fr_FR","og_type":"article","og_title":"C\u00e9lia Aymonier met un terme \u00e0 sa carri\u00e8re","og_description":"BIATHLON - Une semaine apr\u00e8s l'annonce de la retraite de Martin Fourcade, C\u00e9lia Aymonier a, \u00e0 son tour, d\u00e9cid\u00e9 de mettre un terme \u00e0 sa carri\u00e8re, \u00e0 28 ans.","og_url":"https:\/\/dicodusport.fr\/blog\/biathlon-celia-aymonier-met-terme-carriere\/","og_site_name":"Dicodusport","article_publisher":"https:\/\/www.facebook.com\/dicodusport","article_author":"https:\/\/www.facebook.com\/florent.ostermann","article_published_time":"2020-03-21T18:21:09+00:00","article_modified_time":"2020-03-21T18:51:03+00:00","og_image":[{"width":800,"height":445,"url":"https:\/\/dicodusport.fr\/blog\/wp-content\/uploads\/2020\/03\/Ce\u0301lia-Aymonier.png","type":"image\/png"}],"author":"Flo Ostermann","twitter_card":"summary_large_image","twitter_title":"C\u00e9lia Aymonier met un terme \u00e0 sa carri\u00e8re","twitter_creator":"@https:\/\/twitter.com\/FlOstermann","twitter_site":"@dicodusport","schema":{"@context":"https:\/\/schema.org","@graph":[{"@type":"NewsArticle","@id":"https:\/\/dicodusport.fr\/blog\/biathlon-celia-aymonier-met-terme-carriere\/#article","isPartOf":{"@id":"https:\/\/dicodusport.fr\/blog\/biathlon-celia-aymonier-met-terme-carriere\/"},"author":{"name":"Flo Ostermann","@id":"https:\/\/dicodusport.fr\/blog\/#\/schema\/person\/cb02af4c173ce4a653b55e9baf388d4a"},"headline":"C\u00e9lia Aymonier met un terme \u00e0 sa carri\u00e8re","datePublished":"2020-03-21T18:21:09+00:00","dateModified":"2020-03-21T18:51:03+00:00","mainEntityOfPage":{"@id":"https:\/\/dicodusport.fr\/blog\/biathlon-celia-aymonier-met-terme-carriere\/"},"wordCount":765,"commentCount":0,"publisher":{"@id":"https:\/\/dicodusport.fr\/blog\/#organization"},"image":{"@id":"https:\/\/dicodusport.fr\/blog\/biathlon-celia-aymonier-met-terme-carriere\/#primaryimage"},"thumbnailUrl":"https:\/\/dicodusport.fr\/blog\/wp-content\/uploads\/2020\/03\/Ce\u0301lia-Aymonier.png","keywords":["Biathlon","retraite","sport"],"articleSection":["Biathlon"],"inLanguage":"fr-FR","potentialAction":[{"@type":"CommentAction","name":"Comment","target":["https:\/\/dicodusport.fr\/blog\/biathlon-celia-aymonier-met-terme-carriere\/#respond"]}],"copyrightYear":"2020","copyrightHolder":{"@id":"https:\/\/dicodusport.fr\/blog\/#organization"}},{"@type":"WebPage","@id":"https:\/\/dicodusport.fr\/blog\/biathlon-celia-aymonier-met-terme-carriere\/","url":"https:\/\/dicodusport.fr\/blog\/biathlon-celia-aymonier-met-terme-carriere\/","name":"C\u00e9lia Aymonier met un terme \u00e0 sa carri\u00e8re","isPartOf":{"@id":"https:\/\/dicodusport.fr\/blog\/#website"},"primaryImageOfPage":{"@id":"https:\/\/dicodusport.fr\/blog\/biathlon-celia-aymonier-met-terme-carriere\/#primaryimage"},"image":{"@id":"https:\/\/dicodusport.fr\/blog\/biathlon-celia-aymonier-met-terme-carriere\/#primaryimage"},"thumbnailUrl":"https:\/\/dicodusport.fr\/blog\/wp-content\/uploads\/2020\/03\/Ce\u0301lia-Aymonier.png","datePublished":"2020-03-21T18:21:09+00:00","dateModified":"2020-03-21T18:51:03+00:00","description":"BIATHLON - Une semaine apr\u00e8s l'annonce de la retraite de Martin Fourcade, C\u00e9lia Aymonier a, \u00e0 son tour, d\u00e9cid\u00e9 de mettre un terme \u00e0 sa carri\u00e8re, \u00e0 28 ans.","breadcrumb":{"@id":"https:\/\/dicodusport.fr\/blog\/biathlon-celia-aymonier-met-terme-carriere\/#breadcrumb"},"inLanguage":"fr-FR","potentialAction":[{"@type":"ReadAction","target":["https:\/\/dicodusport.fr\/blog\/biathlon-celia-aymonier-met-terme-carriere\/"]}]},{"@type":"ImageObject","inLanguage":"fr-FR","@id":"https:\/\/dicodusport.fr\/blog\/biathlon-celia-aymonier-met-terme-carriere\/#primaryimage","url":"https:\/\/dicodusport.fr\/blog\/wp-content\/uploads\/2020\/03\/Ce\u0301lia-Aymonier.png","contentUrl":"https:\/\/dicodusport.fr\/blog\/wp-content\/uploads\/2020\/03\/Ce\u0301lia-Aymonier.png","width":800,"height":445},{"@type":"BreadcrumbList","@id":"https:\/\/dicodusport.fr\/blog\/biathlon-celia-aymonier-met-terme-carriere\/#breadcrumb","itemListElement":[{"@type":"ListItem","position":1,"name":"Accueil","item":"https:\/\/dicodusport.fr\/blog\/"},{"@type":"ListItem","position":2,"name":"C\u00e9lia Aymonier met un terme \u00e0 sa carri\u00e8re"}]},{"@type":"WebSite","@id":"https:\/\/dicodusport.fr\/blog\/#website","url":"https:\/\/dicodusport.fr\/blog\/","name":"Dicodusport","description":"L&#039;encyclop\u00e9die de l&#039;actualit\u00e9 sportive","publisher":{"@id":"https:\/\/dicodusport.fr\/blog\/#organization"},"potentialAction":[{"@type":"SearchAction","target":{"@type":"EntryPoint","urlTemplate":"https:\/\/dicodusport.fr\/blog\/?s={search_term_string}"},"query-input":{"@type":"PropertyValueSpecification","valueRequired":true,"valueName":"search_term_string"}}],"inLanguage":"fr-FR"},{"@type":"NewsMediaOrganization","@id":"https:\/\/dicodusport.fr\/blog\/#organization","name":"Dicodusport","url":"https:\/\/dicodusport.fr\/blog\/","logo":{"@type":"ImageObject","inLanguage":"fr-FR","@id":"https:\/\/dicodusport.fr\/blog\/#\/schema\/logo\/image\/","url":"https:\/\/dicodusport.fr\/blog\/wp-content\/uploads\/2020\/06\/cropped-LOGO-DICODUSPORT-2020-SANS-FOND-SANS-TEXTE.png","contentUrl":"https:\/\/dicodusport.fr\/blog\/wp-content\/uploads\/2020\/06\/cropped-LOGO-DICODUSPORT-2020-SANS-FOND-SANS-TEXTE.png","width":512,"height":512,"caption":"Dicodusport"},"image":{"@id":"https:\/\/dicodusport.fr\/blog\/#\/schema\/logo\/image\/"},"sameAs":["https:\/\/www.facebook.com\/dicodusport","https:\/\/x.com\/dicodusport","https:\/\/www.instagram.com\/dicodusport\/","https:\/\/www.youtube.com\/channel\/UC7V2KZ5sd3htJivAbA4ZG3w"],"description":"Dicodusport est l'encyclop\u00e9die de l'actualit\u00e9 sportive.","email":"bonjour@dicodusport.fr","legalName":"DICODUSPORT","foundingDate":"2018-01-14","vatID":"FR71834470973","taxID":"83447097300043","numberOfEmployees":{"@type":"QuantitativeValue","minValue":"1","maxValue":"10"}},{"@type":"Person","@id":"https:\/\/dicodusport.fr\/blog\/#\/schema\/person\/cb02af4c173ce4a653b55e9baf388d4a","name":"Flo Ostermann","image":{"@type":"ImageObject","inLanguage":"fr-FR","@id":"https:\/\/dicodusport.fr\/blog\/#\/schema\/person\/image\/","url":"https:\/\/dicodusport.fr\/blog\/wp-content\/uploads\/2021\/05\/Flo-Ostermann-150x150.jpg","contentUrl":"https:\/\/dicodusport.fr\/blog\/wp-content\/uploads\/2021\/05\/Flo-Ostermann-150x150.jpg","caption":"Flo Ostermann"},"description":"Journaliste\/R\u00e9dacteur depuis septembre 2015 - Mes premiers souvenirs dans le sport ? Les envol\u00e9es du Stade Toulousain et les duels Villeneuve-Schumacher et H\u00e4kkinen-Schumacher \u00e0 la fin des ann\u00e9es 90, la Coupe du monde de football en 1998, l\u2019exploit du XV de France face aux All Blacks en 1999, mais aussi Richard C\u0153ur de Lion qui vole sur les montagnes du Tour de France. Bien parti pour devenir professeur d\u2019EPS, les \u00e9v\u00e9nements de la vie (et la flemme d\u2019animer des s\u00e9ances de 3x500 m\u00e8tres toute ma vie) m\u2019ont conduit \u00e0 revoir mes plans. Me voil\u00e0 depuis fin 2017 sur Dicodusport, m\u00e9dia gr\u00e2ce (et pour) lequel je partage ma passion : le sport dans tous ses \u00e9tats. Le tout accompagn\u00e9 par les fous furieux et folles furieuses cit\u00e9s sur cette page !","sameAs":["https:\/\/www.facebook.com\/florent.ostermann","https:\/\/x.com\/https:\/\/twitter.com\/FlOstermann","admin"],"url":"https:\/\/dicodusport.fr\/blog\/author\/flo\/"}]}},"_links":{"self":[{"href":"https:\/\/dicodusport.fr\/blog\/wp-json\/wp\/v2\/posts\/63627","targetHints":{"allow":["GET"]}}],"collection":[{"href":"https:\/\/dicodusport.fr\/blog\/wp-json\/wp\/v2\/posts"}],"about":[{"href":"https:\/\/dicodusport.fr\/blog\/wp-json\/wp\/v2\/types\/post"}],"author":[{"embeddable":true,"href":"https:\/\/dicodusport.fr\/blog\/wp-json\/wp\/v2\/users\/4"}],"replies":[{"embeddable":true,"href":"https:\/\/dicodusport.fr\/blog\/wp-json\/wp\/v2\/comments?post=63627"}],"version-history":[{"count":0,"href":"https:\/\/dicodusport.fr\/blog\/wp-json\/wp\/v2\/posts\/63627\/revisions"}],"wp:featuredmedia":[{"embeddable":true,"href":"https:\/\/dicodusport.fr\/blog\/wp-json\/wp\/v2\/media\/63628"}],"wp:attachment":[{"href":"https:\/\/dicodusport.fr\/blog\/wp-json\/wp\/v2\/media?parent=63627"}],"wp:term":[{"taxonomy":"category","embeddable":true,"href":"https:\/\/dicodusport.fr\/blog\/wp-json\/wp\/v2\/categories?post=63627"},{"taxonomy":"post_tag","embeddable":true,"href":"https:\/\/dicodusport.fr\/blog\/wp-json\/wp\/v2\/tags?post=63627"}],"curies":[{"name":"wp","href":"https:\/\/api.w.org\/{rel}","templated":true}]}}