{"id":636281,"date":"2026-01-07T14:00:20","date_gmt":"2026-01-07T13:00:20","guid":{"rendered":"https:\/\/dicodusport.fr\/blog\/?p=636281&#038;preview=true&#038;preview_id=636281"},"modified":"2026-01-30T15:07:29","modified_gmt":"2026-01-30T14:07:29","slug":"matteo-guendouzi-mike-maignan-dayot-upamecano-les-internationaux-francais-scellent-leur-avenir-avant-la-coupe-du-monde","status":"publish","type":"post","link":"https:\/\/dicodusport.fr\/blog\/matteo-guendouzi-mike-maignan-dayot-upamecano-les-internationaux-francais-scellent-leur-avenir-avant-la-coupe-du-monde\/","title":{"rendered":"Matt\u00e9o Guendouzi, Mike Maignan, Dayot Upamecano : les internationaux fran\u00e7ais scellent leur avenir avant la Coupe du monde"},"content":{"rendered":"<p style=\"text-align: justify;\"><strong><em>TRANSFERTS FOOTBALL &#8211; \u00c0 quelques mois de la Coupe du monde, plusieurs internationaux ont profit\u00e9 de ce mercato pour pr\u00e9parer la suite de leur carri\u00e8re.<\/em><\/strong><\/p>\n<ul style=\"text-align: justify;\">\n<li><strong>\u00c0 lire aussi &#8211; <a href=\"https:\/\/dicodusport.fr\/blog\/marseille-veut-recruter-au-bresil-un-joueur-de-botafogo-approche-par-lom\/\">Marseille veut recruter au Br\u00e9sil : un joueur de Botafogo approch\u00e9 par l\u2019OM<\/a><\/strong><\/li>\n<\/ul>\n<p style=\"text-align: justify;\">Qui dit ann\u00e9e de<strong> Coupe du monde<\/strong>\u00a0dit forc\u00e9ment mercato tronqu\u00e9. Durant environ un mois, tous les yeux seront tourn\u00e9s vers l&rsquo;Am\u00e9rique du Nord, et le march\u00e9 des transferts estival sera frein\u00e9 par la comp\u00e9tition, comme cela est le cas tous les quatre ans. Ainsi, ce <strong>mois de janvier est une bonne opportunit\u00e9 d&rsquo;anticiper pour les clubs et les joueurs<\/strong> afin de se projeter sereinement sur cet \u00e9v\u00e8nement. On fait le point sur la situation de trois internationaux qui ont effectu\u00e9 des choix forts ces derniers jours.<\/p>\n<h2 style=\"text-align: justify;\">Dayot Upamecano sur le point de prolonger au Bayern<\/h2>\n<p style=\"text-align: justify;\">En fin de contrat en juin prochain, <strong>Dayot Upamecano<\/strong> faisait partie des principaux joueurs sur la plan\u00e8te \u00e0 voir son contrat arriver \u00e0 \u00e9ch\u00e9ance. Au-del\u00e0 de son r\u00f4le cl\u00e9 en \u00e9quipe de France, le d\u00e9fenseur form\u00e9 \u00e0 Valenciennes est surtout une r\u00e9f\u00e9rence en Bundesliga depuis dix ans maintenant. Arriv\u00e9 au <strong>Bayern Munich<\/strong> \u00e0 l&rsquo;\u00e9t\u00e9 2021 apr\u00e8s cinq saisons \u00e0 Leipzig, il est encore aujourd&rsquo;hui un titulaire indiscutable au sein du club bavarois. Sans surprise, plusieurs cadors s&rsquo;\u00e9taient int\u00e9ress\u00e9s \u00e0 sa situation, dont le <strong>Paris Saint-Germain<\/strong> et le <strong>Real Madrid<\/strong>.<\/p>\n<ul style=\"text-align: justify;\">\n<li><strong>\u00c0 lire aussi &#8211; <a href=\"https:\/\/dicodusport.fr\/blog\/el-chadaille-bitshiabu-a-la-cote-en-ligue-1-2-cadors-du-championnat-sont-sur-la-piste-du-defenseur-de-leipzig\/\">El Chadaille Bitshiabu a la cote en Ligue 1 : 2 cadors du championnat sont sur la piste du d\u00e9fenseur de Leipzig<\/a><\/strong><\/li>\n<\/ul>\n<p style=\"text-align: justify;\">N\u00e9anmoins, le Bayern Munich ne souhaitait pas \u00e0 nouveau perdre un \u00e9l\u00e9ment cl\u00e9 gratuitement, comme cela avait notamment \u00e9t\u00e9 le cas pour David Alaba. Suite \u00e0 d&rsquo;\u00e2pres et incertaines n\u00e9gociations, les Bavarois et le d\u00e9fenseur international ont finalement trouv\u00e9 un terrain d&rsquo;entente pour une <strong>prolongation de contrat<\/strong>, selon les informations de <a href=\"https:\/\/www.bild.de\/sport\/fussball\/fc-bayern-durchbruch-im-poker-upamecano-vor-verlaengerung-bei-bayern-695e0b444d1d5f581eeadff4\"><em>Bild<\/em><\/a>. Il ne reste plus que des d\u00e9tails financiers \u00e0 affiner pour que le joueur soit li\u00e9 dans la dur\u00e9e aux Bavarois, <strong>jusqu&rsquo;en 2030 ou 2031<\/strong> selon <em>Sky Sports Germany<\/em>.<\/p>\n<blockquote class=\"twitter-tweet\">\n<p dir=\"ltr\" lang=\"en\">\ud83d\udea8\u23f3 Dayot <a href=\"https:\/\/twitter.com\/hashtag\/Upamecano?src=hash&amp;ref_src=twsrc%5Etfw\">#Upamecano<\/a>: the tendency towards a contract extension is not new. FC Bayern are confident of an extension, and these are decisive days, as reported. The vast majority of the details have already been agreed. As things stand at this moment, however, the deal is still\u2026 <a href=\"https:\/\/t.co\/cE1yhFB7Hi\">pic.twitter.com\/cE1yhFB7Hi<\/a><\/p>\n<p>\u2014 Florian Plettenberg (@Plettigoal) <a href=\"https:\/\/twitter.com\/Plettigoal\/status\/2008835920498246119?ref_src=twsrc%5Etfw\">January 7, 2026<\/a><\/p><\/blockquote>\n<p style=\"text-align: justify;\"><script async src=\"https:\/\/platform.twitter.com\/widgets.js\" charset=\"utf-8\"><\/script><\/p>\n<h2 style=\"text-align: justify;\">Matt\u00e9o Guendouzi va changer d&rsquo;air cet hiver<\/h2>\n<p style=\"text-align: justify;\">Utilis\u00e9 pour la derni\u00e8re fois en \u00e9quipe de France l&rsquo;\u00e9t\u00e9 dernier, <strong>Matt\u00e9o Guendouzi<\/strong> reste un candidat s\u00e9rieux \u00e0 une place dans la s\u00e9lection de Didier Deschamps. Incontournable \u00e0 la <strong>Lazio<\/strong> depuis son arriv\u00e9e en provenance de l&rsquo;OM en 2024, le milieu de terrain de 26 ans va faire ses valises dans les prochains jours malgr\u00e9 un contrat qui s&rsquo;\u00e9tend jusqu&rsquo;en 2028. L&rsquo;international fran\u00e7ais prend peut-\u00eatre d&rsquo;ailleurs un risque puisque ce dernier va s&rsquo;exiler dans le championnat turc.<\/p>\n<p style=\"text-align: justify;\">Tr\u00e8s d\u00e9pensier sur ces derniers mercatos, le <strong>Fenerbah\u00e7e<\/strong> a fini par faire craquer le club romain en proposant une offre \u00e9valu\u00e9e \u00e0 environ <strong>30 millions d&rsquo;euros, bonus compris<\/strong>. Le journaliste <a href=\"https:\/\/gianlucadimarzio.com\/guendouzi-fenerbahce-lazio-calciomercato-serie-a-news-7-gennaio-2025\/\">Gianluca Di Marzio<\/a> a ainsi confirm\u00e9 qu&rsquo;un accord avait \u00e9t\u00e9 trouv\u00e9 ce matin. Avant de rejoindre la Turquie, <strong>Guendouzi<\/strong> devrait disputer un dernier match sous les couleurs laziales ce weekend.<\/p>\n<blockquote class=\"twitter-tweet\">\n<p dir=\"ltr\" lang=\"it\">Le cifre definitive: 28 milioni di euro pi\u00f9 2 di bonus <a href=\"https:\/\/t.co\/Tgoq4u5i2s\">https:\/\/t.co\/Tgoq4u5i2s<\/a><\/p>\n<p>\u2014 Gianluca Di Marzio (@DiMarzio) <a href=\"https:\/\/twitter.com\/DiMarzio\/status\/2008817126317154398?ref_src=twsrc%5Etfw\">January 7, 2026<\/a><\/p><\/blockquote>\n<p style=\"text-align: justify;\"><script async src=\"https:\/\/platform.twitter.com\/widgets.js\" charset=\"utf-8\"><\/script><\/p>\n<h2 style=\"text-align: justify;\">Mike Maignan reste fid\u00e8le aux Rossoneri<\/h2>\n<p style=\"text-align: justify;\">Comme <strong>Upamecano<\/strong>, <strong>Mike Maignan<\/strong> arrivait en fin de contrat cet \u00e9t\u00e9. Et comme <strong>Upamecano<\/strong>, <strong>Mike Maignan<\/strong> va prolonger dans la dur\u00e9e avec son club actuel, le <strong>Milan AC<\/strong>. Actuellement 2\u00e8me de<strong> Serie A<\/strong>, le club milanais avait fait de la prolongation de son gardien fran\u00e7ais une priorit\u00e9. Alors que son profil en aurait naturellement fait un gar\u00e7on tr\u00e8s convoit\u00e9 sur le march\u00e9, les <em>Rossoneri<\/em> ont mis les petits plats dans les grands pour convaincre le num\u00e9ro 1 des Bleus de rester en Italie.<\/p>\n<blockquote class=\"twitter-tweet\">\n<p dir=\"ltr\" lang=\"fr\">\ud83d\udd34 Mike Maignan est sur le point de prolonger jusqu&rsquo;en 2031. 5,7M\u20ac net par saison.<\/p>\n<p>La r\u00e9ponse du Fran\u00e7ais devrait survenir dans une dizaine de jours.<\/p>\n[<a href=\"https:\/\/twitter.com\/DiMarzio?ref_src=twsrc%5Etfw\">@DiMarzio<\/a>] <a href=\"https:\/\/t.co\/xQZojfGN2j\">pic.twitter.com\/xQZojfGN2j<\/a><\/p>\n<p>\u2014 AC Milan &#8211; FR (@AC_MilanFR) <a href=\"https:\/\/twitter.com\/AC_MilanFR\/status\/2008665954507739381?ref_src=twsrc%5Etfw\">January 6, 2026<\/a><\/p><\/blockquote>\n<p style=\"text-align: justify;\"><script async src=\"https:\/\/platform.twitter.com\/widgets.js\" charset=\"utf-8\"><\/script><\/p>\n<p style=\"text-align: justify;\"><span style=\"text-align: justify;\">En effet, selon\u00a0<\/span><a style=\"text-align: justify;\" href=\"https:\/\/sport.sky.it\/calciomercato\/2026\/01\/06\/milan-maignan-rinnovo-calciomercato-news\"><em>Sky Sports Italia<\/em><\/a><span style=\"text-align: justify;\">, un accord a d\u00e9j\u00e0 \u00e9t\u00e9 trouv\u00e9 pour une<\/span><strong style=\"text-align: justify;\">\u00a0prolongation s&rsquo;\u00e9tendant jusqu&rsquo;en 2031<\/strong><span style=\"text-align: justify;\">. Une v\u00e9ritable marque de confiance puisque l&rsquo;ancien Lillois aura alors 35 ans \u00e0 l&rsquo;\u00e9ch\u00e9ance de ce nouveau bail. Par ailleurs, il devrait voir son salaire augmenter en cons\u00e9quence pour atteindre les 5,7M\u20ac annuels. Une augmentation significative (environ 3,6M\u20ac actuellement) qui lui permettrait de se positionner dans le\u00a0<\/span><strong style=\"text-align: justify;\">Top 3 des plus hauts salaires du club<\/strong><span style=\"text-align: justify;\">. \u00c0 \u00e9galit\u00e9 avec\u00a0<\/span><strong style=\"text-align: justify;\">Rafael Le\u00e3o<\/strong><span style=\"text-align: justify;\">, et derri\u00e8re ses compatriotes,\u00a0<\/span><strong style=\"text-align: justify;\">Adrien Rabiot<\/strong><span style=\"text-align: justify;\">\u00a0et\u00a0<\/span><strong style=\"text-align: justify;\">Christopher Nkunku<\/strong><span style=\"text-align: justify;\">.<\/span><\/p>\n<div id=\"gtx-trans\" style=\"position: absolute; left: -14px; top: 40.9091px;\">\n<div class=\"gtx-trans-icon\" style=\"text-align: justify;\"><\/div>\n<\/div>\n","protected":false},"excerpt":{"rendered":"<p>TRANSFERTS FOOTBALL &#8211; \u00c0 quelques mois de la Coupe du monde, plusieurs internationaux ont profit\u00e9 de ce mercato pour pr\u00e9parer la suite de leur carri\u00e8re.<\/p>\n","protected":false},"author":55,"featured_media":636284,"comment_status":"open","ping_status":"closed","sticky":false,"template":"","format":"standard","meta":{"_acf_changed":false,"_daextam_enable_autolinks":"1","footnotes":""},"categories":[2301],"tags":[16878,6966,14093,47189],"class_list":["post-636281","post","type-post","status-publish","format-standard","has-post-thumbnail","hentry","category-football","tag-breve","tag-equipe-de-france-de-football","tag-mercato-football","tag-transferts-football"],"acf":[],"yoast_head":"<!-- This site is optimized with the Yoast SEO Premium plugin v26.7 (Yoast SEO v26.7) - https:\/\/yoast.com\/wordpress\/plugins\/seo\/ -->\n<title>Matt\u00e9o Guendouzi, Mike Maignan, Dayot Upamecano : les internationaux fran\u00e7ais scellent leur avenir avant la Coupe du monde<\/title>\n<meta name=\"description\" content=\"TRANSFERTS FOOTBALL - \u00c0 quelques mois de la Coupe du monde, plusieurs internationaux ont profit\u00e9 de ce mercato pour pr\u00e9parer la suite de leur carri\u00e8re.\" \/>\n<meta name=\"robots\" content=\"index, follow, max-snippet:-1, max-image-preview:large, max-video-preview:-1\" \/>\n<link rel=\"canonical\" href=\"https:\/\/dicodusport.fr\/blog\/matteo-guendouzi-mike-maignan-dayot-upamecano-les-internationaux-francais-scellent-leur-avenir-avant-la-coupe-du-monde\/\" \/>\n<meta property=\"og:locale\" content=\"fr_FR\" \/>\n<meta property=\"og:type\" content=\"article\" \/>\n<meta property=\"og:title\" content=\"Matt\u00e9o Guendouzi, Mike Maignan, Dayot Upamecano : les internationaux fran\u00e7ais scellent leur avenir avant la Coupe du monde\" \/>\n<meta property=\"og:description\" content=\"TRANSFERTS FOOTBALL - \u00c0 quelques mois de la Coupe du monde, plusieurs internationaux ont profit\u00e9 de ce mercato pour pr\u00e9parer la suite de leur carri\u00e8re.\" \/>\n<meta property=\"og:url\" content=\"https:\/\/dicodusport.fr\/blog\/matteo-guendouzi-mike-maignan-dayot-upamecano-les-internationaux-francais-scellent-leur-avenir-avant-la-coupe-du-monde\/\" \/>\n<meta property=\"og:site_name\" content=\"Dicodusport\" \/>\n<meta property=\"article:publisher\" content=\"https:\/\/www.facebook.com\/dicodusport\" \/>\n<meta property=\"article:published_time\" content=\"2026-01-07T13:00:20+00:00\" \/>\n<meta property=\"article:modified_time\" content=\"2026-01-30T14:07:29+00:00\" \/>\n<meta property=\"og:image\" content=\"https:\/\/dicodusport.fr\/blog\/wp-content\/uploads\/2026\/01\/Matteo-Guendouzi-Mike-Maignan-Dayot-Upamecano-les-internationaux-francais-scellent-leur-avenir.png\" \/>\n\t<meta property=\"og:image:width\" content=\"1200\" \/>\n\t<meta property=\"og:image:height\" content=\"674\" \/>\n\t<meta property=\"og:image:type\" content=\"image\/png\" \/>\n<meta name=\"author\" content=\"Maxime Cazenave\" \/>\n<meta name=\"twitter:card\" content=\"summary_large_image\" \/>\n<meta name=\"twitter:title\" content=\"Matt\u00e9o Guendouzi, Mike Maignan, Dayot Upamecano : les internationaux fran\u00e7ais scellent leur avenir avant la Coupe du monde\" \/>\n<meta name=\"twitter:creator\" content=\"@https:\/\/twitter.com\/Maxime_Caze\" \/>\n<meta name=\"twitter:site\" content=\"@dicodusport\" \/>\n<script type=\"application\/ld+json\" class=\"yoast-schema-graph\">{\"@context\":\"https:\/\/schema.org\",\"@graph\":[{\"@type\":\"NewsArticle\",\"@id\":\"https:\/\/dicodusport.fr\/blog\/matteo-guendouzi-mike-maignan-dayot-upamecano-les-internationaux-francais-scellent-leur-avenir-avant-la-coupe-du-monde\/#article\",\"isPartOf\":{\"@id\":\"https:\/\/dicodusport.fr\/blog\/matteo-guendouzi-mike-maignan-dayot-upamecano-les-internationaux-francais-scellent-leur-avenir-avant-la-coupe-du-monde\/\"},\"author\":{\"name\":\"Maxime Cazenave\",\"@id\":\"https:\/\/dicodusport.fr\/blog\/#\/schema\/person\/37def232098a7a5cbab3974a3690abb0\"},\"headline\":\"Matt\u00e9o Guendouzi, Mike Maignan, Dayot Upamecano : les internationaux fran\u00e7ais scellent leur avenir avant la Coupe du monde\",\"datePublished\":\"2026-01-07T13:00:20+00:00\",\"dateModified\":\"2026-01-30T14:07:29+00:00\",\"mainEntityOfPage\":{\"@id\":\"https:\/\/dicodusport.fr\/blog\/matteo-guendouzi-mike-maignan-dayot-upamecano-les-internationaux-francais-scellent-leur-avenir-avant-la-coupe-du-monde\/\"},\"wordCount\":830,\"commentCount\":0,\"publisher\":{\"@id\":\"https:\/\/dicodusport.fr\/blog\/#organization\"},\"image\":{\"@id\":\"https:\/\/dicodusport.fr\/blog\/matteo-guendouzi-mike-maignan-dayot-upamecano-les-internationaux-francais-scellent-leur-avenir-avant-la-coupe-du-monde\/#primaryimage\"},\"thumbnailUrl\":\"https:\/\/dicodusport.fr\/blog\/wp-content\/uploads\/2026\/01\/Matteo-Guendouzi-Mike-Maignan-Dayot-Upamecano-les-internationaux-francais-scellent-leur-avenir.png\",\"keywords\":[\"br\u00e8ve\",\"Equipe de France de football\",\"Mercato football\",\"Transferts football\"],\"articleSection\":[\"Football\"],\"inLanguage\":\"fr-FR\",\"potentialAction\":[{\"@type\":\"CommentAction\",\"name\":\"Comment\",\"target\":[\"https:\/\/dicodusport.fr\/blog\/matteo-guendouzi-mike-maignan-dayot-upamecano-les-internationaux-francais-scellent-leur-avenir-avant-la-coupe-du-monde\/#respond\"]}],\"copyrightYear\":\"2026\",\"copyrightHolder\":{\"@id\":\"https:\/\/dicodusport.fr\/blog\/#organization\"}},{\"@type\":\"WebPage\",\"@id\":\"https:\/\/dicodusport.fr\/blog\/matteo-guendouzi-mike-maignan-dayot-upamecano-les-internationaux-francais-scellent-leur-avenir-avant-la-coupe-du-monde\/\",\"url\":\"https:\/\/dicodusport.fr\/blog\/matteo-guendouzi-mike-maignan-dayot-upamecano-les-internationaux-francais-scellent-leur-avenir-avant-la-coupe-du-monde\/\",\"name\":\"Matt\u00e9o Guendouzi, Mike Maignan, Dayot Upamecano : les internationaux fran\u00e7ais scellent leur avenir avant la Coupe du monde\",\"isPartOf\":{\"@id\":\"https:\/\/dicodusport.fr\/blog\/#website\"},\"primaryImageOfPage\":{\"@id\":\"https:\/\/dicodusport.fr\/blog\/matteo-guendouzi-mike-maignan-dayot-upamecano-les-internationaux-francais-scellent-leur-avenir-avant-la-coupe-du-monde\/#primaryimage\"},\"image\":{\"@id\":\"https:\/\/dicodusport.fr\/blog\/matteo-guendouzi-mike-maignan-dayot-upamecano-les-internationaux-francais-scellent-leur-avenir-avant-la-coupe-du-monde\/#primaryimage\"},\"thumbnailUrl\":\"https:\/\/dicodusport.fr\/blog\/wp-content\/uploads\/2026\/01\/Matteo-Guendouzi-Mike-Maignan-Dayot-Upamecano-les-internationaux-francais-scellent-leur-avenir.png\",\"datePublished\":\"2026-01-07T13:00:20+00:00\",\"dateModified\":\"2026-01-30T14:07:29+00:00\",\"description\":\"TRANSFERTS FOOTBALL - \u00c0 quelques mois de la Coupe du monde, plusieurs internationaux ont profit\u00e9 de ce mercato pour pr\u00e9parer la suite de leur carri\u00e8re.\",\"breadcrumb\":{\"@id\":\"https:\/\/dicodusport.fr\/blog\/matteo-guendouzi-mike-maignan-dayot-upamecano-les-internationaux-francais-scellent-leur-avenir-avant-la-coupe-du-monde\/#breadcrumb\"},\"inLanguage\":\"fr-FR\",\"potentialAction\":[{\"@type\":\"ReadAction\",\"target\":[\"https:\/\/dicodusport.fr\/blog\/matteo-guendouzi-mike-maignan-dayot-upamecano-les-internationaux-francais-scellent-leur-avenir-avant-la-coupe-du-monde\/\"]}]},{\"@type\":\"ImageObject\",\"inLanguage\":\"fr-FR\",\"@id\":\"https:\/\/dicodusport.fr\/blog\/matteo-guendouzi-mike-maignan-dayot-upamecano-les-internationaux-francais-scellent-leur-avenir-avant-la-coupe-du-monde\/#primaryimage\",\"url\":\"https:\/\/dicodusport.fr\/blog\/wp-content\/uploads\/2026\/01\/Matteo-Guendouzi-Mike-Maignan-Dayot-Upamecano-les-internationaux-francais-scellent-leur-avenir.png\",\"contentUrl\":\"https:\/\/dicodusport.fr\/blog\/wp-content\/uploads\/2026\/01\/Matteo-Guendouzi-Mike-Maignan-Dayot-Upamecano-les-internationaux-francais-scellent-leur-avenir.png\",\"width\":1200,\"height\":674,\"caption\":\"Matt\u00e9o Guendouzi, Mike Maignan, Dayot Upamecano : les internationaux fran\u00e7ais scellent leur avenir avant la Coupe du monde\"},{\"@type\":\"BreadcrumbList\",\"@id\":\"https:\/\/dicodusport.fr\/blog\/matteo-guendouzi-mike-maignan-dayot-upamecano-les-internationaux-francais-scellent-leur-avenir-avant-la-coupe-du-monde\/#breadcrumb\",\"itemListElement\":[{\"@type\":\"ListItem\",\"position\":1,\"name\":\"Accueil\",\"item\":\"https:\/\/dicodusport.fr\/blog\/\"},{\"@type\":\"ListItem\",\"position\":2,\"name\":\"Matt\u00e9o Guendouzi, Mike Maignan, Dayot Upamecano : les internationaux fran\u00e7ais scellent leur avenir avant la Coupe du monde\"}]},{\"@type\":\"WebSite\",\"@id\":\"https:\/\/dicodusport.fr\/blog\/#website\",\"url\":\"https:\/\/dicodusport.fr\/blog\/\",\"name\":\"Dicodusport\",\"description\":\"L&#039;encyclop\u00e9die de l&#039;actualit\u00e9 sportive\",\"publisher\":{\"@id\":\"https:\/\/dicodusport.fr\/blog\/#organization\"},\"potentialAction\":[{\"@type\":\"SearchAction\",\"target\":{\"@type\":\"EntryPoint\",\"urlTemplate\":\"https:\/\/dicodusport.fr\/blog\/?s={search_term_string}\"},\"query-input\":{\"@type\":\"PropertyValueSpecification\",\"valueRequired\":true,\"valueName\":\"search_term_string\"}}],\"inLanguage\":\"fr-FR\"},{\"@type\":\"NewsMediaOrganization\",\"@id\":\"https:\/\/dicodusport.fr\/blog\/#organization\",\"name\":\"Dicodusport\",\"url\":\"https:\/\/dicodusport.fr\/blog\/\",\"logo\":{\"@type\":\"ImageObject\",\"inLanguage\":\"fr-FR\",\"@id\":\"https:\/\/dicodusport.fr\/blog\/#\/schema\/logo\/image\/\",\"url\":\"https:\/\/dicodusport.fr\/blog\/wp-content\/uploads\/2020\/06\/cropped-LOGO-DICODUSPORT-2020-SANS-FOND-SANS-TEXTE.png\",\"contentUrl\":\"https:\/\/dicodusport.fr\/blog\/wp-content\/uploads\/2020\/06\/cropped-LOGO-DICODUSPORT-2020-SANS-FOND-SANS-TEXTE.png\",\"width\":512,\"height\":512,\"caption\":\"Dicodusport\"},\"image\":{\"@id\":\"https:\/\/dicodusport.fr\/blog\/#\/schema\/logo\/image\/\"},\"sameAs\":[\"https:\/\/www.facebook.com\/dicodusport\",\"https:\/\/x.com\/dicodusport\",\"https:\/\/www.instagram.com\/dicodusport\/\",\"https:\/\/www.youtube.com\/channel\/UC7V2KZ5sd3htJivAbA4ZG3w\"],\"description\":\"Dicodusport est l'encyclop\u00e9die de l'actualit\u00e9 sportive.\",\"email\":\"bonjour@dicodusport.fr\",\"legalName\":\"DICODUSPORT\",\"foundingDate\":\"2018-01-14\",\"vatID\":\"FR71834470973\",\"taxID\":\"83447097300043\",\"numberOfEmployees\":{\"@type\":\"QuantitativeValue\",\"minValue\":\"1\",\"maxValue\":\"10\"}},{\"@type\":\"Person\",\"@id\":\"https:\/\/dicodusport.fr\/blog\/#\/schema\/person\/37def232098a7a5cbab3974a3690abb0\",\"name\":\"Maxime Cazenave\",\"image\":{\"@type\":\"ImageObject\",\"inLanguage\":\"fr-FR\",\"@id\":\"https:\/\/dicodusport.fr\/blog\/#\/schema\/person\/image\/\",\"url\":\"https:\/\/dicodusport.fr\/blog\/wp-content\/uploads\/2021\/05\/Maxime-Cazenave-150x150.jpg\",\"contentUrl\":\"https:\/\/dicodusport.fr\/blog\/wp-content\/uploads\/2021\/05\/Maxime-Cazenave-150x150.jpg\",\"caption\":\"Maxime Cazenave\"},\"description\":\"Journaliste\/R\u00e9dacteur depuis 2012 - Berc\u00e9 par l\u2019amour des Girondins de Bordeaux, les \u00e9checs de Christophe Moreau sur le Tour de France sous l'\u00e8re Lance Armstrong et le fade-away l\u00e9tal de Dirk Nowitzki, ma passion d\u00e9vorante pour le sport a toujours \u00e9t\u00e9 un pan incontournable de ma vie. Transmettre ma passion \u00e0 l\u2019\u00e9crit a \u00e9t\u00e9 une transition naturelle. Suiveur assidu de basket et de hockey sur glace, je garde toujours un peu de place pour suivre le cyclisme, le football et le maximum de performances fran\u00e7aises.\",\"sameAs\":[\"https:\/\/x.com\/https:\/\/twitter.com\/Maxime_Caze\"],\"url\":\"https:\/\/dicodusport.fr\/blog\/author\/maximec\/\"}]}<\/script>\n<!-- \/ Yoast SEO Premium plugin. -->","yoast_head_json":{"title":"Matt\u00e9o Guendouzi, Mike Maignan, Dayot Upamecano : les internationaux fran\u00e7ais scellent leur avenir avant la Coupe du monde","description":"TRANSFERTS FOOTBALL - \u00c0 quelques mois de la Coupe du monde, plusieurs internationaux ont profit\u00e9 de ce mercato pour pr\u00e9parer la suite de leur carri\u00e8re.","robots":{"index":"index","follow":"follow","max-snippet":"max-snippet:-1","max-image-preview":"max-image-preview:large","max-video-preview":"max-video-preview:-1"},"canonical":"https:\/\/dicodusport.fr\/blog\/matteo-guendouzi-mike-maignan-dayot-upamecano-les-internationaux-francais-scellent-leur-avenir-avant-la-coupe-du-monde\/","og_locale":"fr_FR","og_type":"article","og_title":"Matt\u00e9o Guendouzi, Mike Maignan, Dayot Upamecano : les internationaux fran\u00e7ais scellent leur avenir avant la Coupe du monde","og_description":"TRANSFERTS FOOTBALL - \u00c0 quelques mois de la Coupe du monde, plusieurs internationaux ont profit\u00e9 de ce mercato pour pr\u00e9parer la suite de leur carri\u00e8re.","og_url":"https:\/\/dicodusport.fr\/blog\/matteo-guendouzi-mike-maignan-dayot-upamecano-les-internationaux-francais-scellent-leur-avenir-avant-la-coupe-du-monde\/","og_site_name":"Dicodusport","article_publisher":"https:\/\/www.facebook.com\/dicodusport","article_published_time":"2026-01-07T13:00:20+00:00","article_modified_time":"2026-01-30T14:07:29+00:00","og_image":[{"width":1200,"height":674,"url":"https:\/\/dicodusport.fr\/blog\/wp-content\/uploads\/2026\/01\/Matteo-Guendouzi-Mike-Maignan-Dayot-Upamecano-les-internationaux-francais-scellent-leur-avenir.png","type":"image\/png"}],"author":"Maxime Cazenave","twitter_card":"summary_large_image","twitter_title":"Matt\u00e9o Guendouzi, Mike Maignan, Dayot Upamecano : les internationaux fran\u00e7ais scellent leur avenir avant la Coupe du monde","twitter_creator":"@https:\/\/twitter.com\/Maxime_Caze","twitter_site":"@dicodusport","schema":{"@context":"https:\/\/schema.org","@graph":[{"@type":"NewsArticle","@id":"https:\/\/dicodusport.fr\/blog\/matteo-guendouzi-mike-maignan-dayot-upamecano-les-internationaux-francais-scellent-leur-avenir-avant-la-coupe-du-monde\/#article","isPartOf":{"@id":"https:\/\/dicodusport.fr\/blog\/matteo-guendouzi-mike-maignan-dayot-upamecano-les-internationaux-francais-scellent-leur-avenir-avant-la-coupe-du-monde\/"},"author":{"name":"Maxime Cazenave","@id":"https:\/\/dicodusport.fr\/blog\/#\/schema\/person\/37def232098a7a5cbab3974a3690abb0"},"headline":"Matt\u00e9o Guendouzi, Mike Maignan, Dayot Upamecano : les internationaux fran\u00e7ais scellent leur avenir avant la Coupe du monde","datePublished":"2026-01-07T13:00:20+00:00","dateModified":"2026-01-30T14:07:29+00:00","mainEntityOfPage":{"@id":"https:\/\/dicodusport.fr\/blog\/matteo-guendouzi-mike-maignan-dayot-upamecano-les-internationaux-francais-scellent-leur-avenir-avant-la-coupe-du-monde\/"},"wordCount":830,"commentCount":0,"publisher":{"@id":"https:\/\/dicodusport.fr\/blog\/#organization"},"image":{"@id":"https:\/\/dicodusport.fr\/blog\/matteo-guendouzi-mike-maignan-dayot-upamecano-les-internationaux-francais-scellent-leur-avenir-avant-la-coupe-du-monde\/#primaryimage"},"thumbnailUrl":"https:\/\/dicodusport.fr\/blog\/wp-content\/uploads\/2026\/01\/Matteo-Guendouzi-Mike-Maignan-Dayot-Upamecano-les-internationaux-francais-scellent-leur-avenir.png","keywords":["br\u00e8ve","Equipe de France de football","Mercato football","Transferts football"],"articleSection":["Football"],"inLanguage":"fr-FR","potentialAction":[{"@type":"CommentAction","name":"Comment","target":["https:\/\/dicodusport.fr\/blog\/matteo-guendouzi-mike-maignan-dayot-upamecano-les-internationaux-francais-scellent-leur-avenir-avant-la-coupe-du-monde\/#respond"]}],"copyrightYear":"2026","copyrightHolder":{"@id":"https:\/\/dicodusport.fr\/blog\/#organization"}},{"@type":"WebPage","@id":"https:\/\/dicodusport.fr\/blog\/matteo-guendouzi-mike-maignan-dayot-upamecano-les-internationaux-francais-scellent-leur-avenir-avant-la-coupe-du-monde\/","url":"https:\/\/dicodusport.fr\/blog\/matteo-guendouzi-mike-maignan-dayot-upamecano-les-internationaux-francais-scellent-leur-avenir-avant-la-coupe-du-monde\/","name":"Matt\u00e9o Guendouzi, Mike Maignan, Dayot Upamecano : les internationaux fran\u00e7ais scellent leur avenir avant la Coupe du monde","isPartOf":{"@id":"https:\/\/dicodusport.fr\/blog\/#website"},"primaryImageOfPage":{"@id":"https:\/\/dicodusport.fr\/blog\/matteo-guendouzi-mike-maignan-dayot-upamecano-les-internationaux-francais-scellent-leur-avenir-avant-la-coupe-du-monde\/#primaryimage"},"image":{"@id":"https:\/\/dicodusport.fr\/blog\/matteo-guendouzi-mike-maignan-dayot-upamecano-les-internationaux-francais-scellent-leur-avenir-avant-la-coupe-du-monde\/#primaryimage"},"thumbnailUrl":"https:\/\/dicodusport.fr\/blog\/wp-content\/uploads\/2026\/01\/Matteo-Guendouzi-Mike-Maignan-Dayot-Upamecano-les-internationaux-francais-scellent-leur-avenir.png","datePublished":"2026-01-07T13:00:20+00:00","dateModified":"2026-01-30T14:07:29+00:00","description":"TRANSFERTS FOOTBALL - \u00c0 quelques mois de la Coupe du monde, plusieurs internationaux ont profit\u00e9 de ce mercato pour pr\u00e9parer la suite de leur carri\u00e8re.","breadcrumb":{"@id":"https:\/\/dicodusport.fr\/blog\/matteo-guendouzi-mike-maignan-dayot-upamecano-les-internationaux-francais-scellent-leur-avenir-avant-la-coupe-du-monde\/#breadcrumb"},"inLanguage":"fr-FR","potentialAction":[{"@type":"ReadAction","target":["https:\/\/dicodusport.fr\/blog\/matteo-guendouzi-mike-maignan-dayot-upamecano-les-internationaux-francais-scellent-leur-avenir-avant-la-coupe-du-monde\/"]}]},{"@type":"ImageObject","inLanguage":"fr-FR","@id":"https:\/\/dicodusport.fr\/blog\/matteo-guendouzi-mike-maignan-dayot-upamecano-les-internationaux-francais-scellent-leur-avenir-avant-la-coupe-du-monde\/#primaryimage","url":"https:\/\/dicodusport.fr\/blog\/wp-content\/uploads\/2026\/01\/Matteo-Guendouzi-Mike-Maignan-Dayot-Upamecano-les-internationaux-francais-scellent-leur-avenir.png","contentUrl":"https:\/\/dicodusport.fr\/blog\/wp-content\/uploads\/2026\/01\/Matteo-Guendouzi-Mike-Maignan-Dayot-Upamecano-les-internationaux-francais-scellent-leur-avenir.png","width":1200,"height":674,"caption":"Matt\u00e9o Guendouzi, Mike Maignan, Dayot Upamecano : les internationaux fran\u00e7ais scellent leur avenir avant la Coupe du monde"},{"@type":"BreadcrumbList","@id":"https:\/\/dicodusport.fr\/blog\/matteo-guendouzi-mike-maignan-dayot-upamecano-les-internationaux-francais-scellent-leur-avenir-avant-la-coupe-du-monde\/#breadcrumb","itemListElement":[{"@type":"ListItem","position":1,"name":"Accueil","item":"https:\/\/dicodusport.fr\/blog\/"},{"@type":"ListItem","position":2,"name":"Matt\u00e9o Guendouzi, Mike Maignan, Dayot Upamecano : les internationaux fran\u00e7ais scellent leur avenir avant la Coupe du monde"}]},{"@type":"WebSite","@id":"https:\/\/dicodusport.fr\/blog\/#website","url":"https:\/\/dicodusport.fr\/blog\/","name":"Dicodusport","description":"L&#039;encyclop\u00e9die de l&#039;actualit\u00e9 sportive","publisher":{"@id":"https:\/\/dicodusport.fr\/blog\/#organization"},"potentialAction":[{"@type":"SearchAction","target":{"@type":"EntryPoint","urlTemplate":"https:\/\/dicodusport.fr\/blog\/?s={search_term_string}"},"query-input":{"@type":"PropertyValueSpecification","valueRequired":true,"valueName":"search_term_string"}}],"inLanguage":"fr-FR"},{"@type":"NewsMediaOrganization","@id":"https:\/\/dicodusport.fr\/blog\/#organization","name":"Dicodusport","url":"https:\/\/dicodusport.fr\/blog\/","logo":{"@type":"ImageObject","inLanguage":"fr-FR","@id":"https:\/\/dicodusport.fr\/blog\/#\/schema\/logo\/image\/","url":"https:\/\/dicodusport.fr\/blog\/wp-content\/uploads\/2020\/06\/cropped-LOGO-DICODUSPORT-2020-SANS-FOND-SANS-TEXTE.png","contentUrl":"https:\/\/dicodusport.fr\/blog\/wp-content\/uploads\/2020\/06\/cropped-LOGO-DICODUSPORT-2020-SANS-FOND-SANS-TEXTE.png","width":512,"height":512,"caption":"Dicodusport"},"image":{"@id":"https:\/\/dicodusport.fr\/blog\/#\/schema\/logo\/image\/"},"sameAs":["https:\/\/www.facebook.com\/dicodusport","https:\/\/x.com\/dicodusport","https:\/\/www.instagram.com\/dicodusport\/","https:\/\/www.youtube.com\/channel\/UC7V2KZ5sd3htJivAbA4ZG3w"],"description":"Dicodusport est l'encyclop\u00e9die de l'actualit\u00e9 sportive.","email":"bonjour@dicodusport.fr","legalName":"DICODUSPORT","foundingDate":"2018-01-14","vatID":"FR71834470973","taxID":"83447097300043","numberOfEmployees":{"@type":"QuantitativeValue","minValue":"1","maxValue":"10"}},{"@type":"Person","@id":"https:\/\/dicodusport.fr\/blog\/#\/schema\/person\/37def232098a7a5cbab3974a3690abb0","name":"Maxime Cazenave","image":{"@type":"ImageObject","inLanguage":"fr-FR","@id":"https:\/\/dicodusport.fr\/blog\/#\/schema\/person\/image\/","url":"https:\/\/dicodusport.fr\/blog\/wp-content\/uploads\/2021\/05\/Maxime-Cazenave-150x150.jpg","contentUrl":"https:\/\/dicodusport.fr\/blog\/wp-content\/uploads\/2021\/05\/Maxime-Cazenave-150x150.jpg","caption":"Maxime Cazenave"},"description":"Journaliste\/R\u00e9dacteur depuis 2012 - Berc\u00e9 par l\u2019amour des Girondins de Bordeaux, les \u00e9checs de Christophe Moreau sur le Tour de France sous l'\u00e8re Lance Armstrong et le fade-away l\u00e9tal de Dirk Nowitzki, ma passion d\u00e9vorante pour le sport a toujours \u00e9t\u00e9 un pan incontournable de ma vie. Transmettre ma passion \u00e0 l\u2019\u00e9crit a \u00e9t\u00e9 une transition naturelle. Suiveur assidu de basket et de hockey sur glace, je garde toujours un peu de place pour suivre le cyclisme, le football et le maximum de performances fran\u00e7aises.","sameAs":["https:\/\/x.com\/https:\/\/twitter.com\/Maxime_Caze"],"url":"https:\/\/dicodusport.fr\/blog\/author\/maximec\/"}]}},"_links":{"self":[{"href":"https:\/\/dicodusport.fr\/blog\/wp-json\/wp\/v2\/posts\/636281","targetHints":{"allow":["GET"]}}],"collection":[{"href":"https:\/\/dicodusport.fr\/blog\/wp-json\/wp\/v2\/posts"}],"about":[{"href":"https:\/\/dicodusport.fr\/blog\/wp-json\/wp\/v2\/types\/post"}],"author":[{"embeddable":true,"href":"https:\/\/dicodusport.fr\/blog\/wp-json\/wp\/v2\/users\/55"}],"replies":[{"embeddable":true,"href":"https:\/\/dicodusport.fr\/blog\/wp-json\/wp\/v2\/comments?post=636281"}],"version-history":[{"count":5,"href":"https:\/\/dicodusport.fr\/blog\/wp-json\/wp\/v2\/posts\/636281\/revisions"}],"predecessor-version":[{"id":636332,"href":"https:\/\/dicodusport.fr\/blog\/wp-json\/wp\/v2\/posts\/636281\/revisions\/636332"}],"wp:featuredmedia":[{"embeddable":true,"href":"https:\/\/dicodusport.fr\/blog\/wp-json\/wp\/v2\/media\/636284"}],"wp:attachment":[{"href":"https:\/\/dicodusport.fr\/blog\/wp-json\/wp\/v2\/media?parent=636281"}],"wp:term":[{"taxonomy":"category","embeddable":true,"href":"https:\/\/dicodusport.fr\/blog\/wp-json\/wp\/v2\/categories?post=636281"},{"taxonomy":"post_tag","embeddable":true,"href":"https:\/\/dicodusport.fr\/blog\/wp-json\/wp\/v2\/tags?post=636281"}],"curies":[{"name":"wp","href":"https:\/\/api.w.org\/{rel}","templated":true}]}}