{"id":636290,"date":"2026-01-07T11:28:54","date_gmt":"2026-01-07T10:28:54","guid":{"rendered":"https:\/\/dicodusport.fr\/blog\/?p=636290&#038;preview=true&#038;preview_id=636290"},"modified":"2026-01-07T12:01:46","modified_gmt":"2026-01-07T11:01:46","slug":"confiance-renouvelee-valentin-paret-peintre-prolonge-chez-soudal-quick-step","status":"publish","type":"post","link":"https:\/\/dicodusport.fr\/blog\/confiance-renouvelee-valentin-paret-peintre-prolonge-chez-soudal-quick-step\/","title":{"rendered":"Confiance renouvel\u00e9e : Valentin Paret-Peintre prolonge chez Soudal Quick-Step"},"content":{"rendered":"<p style=\"text-align: justify;\"><strong><em>TRANSFERTS CYCLISME &#8211; Valentin Paret-Peintre prolonge jusqu&rsquo;en 2028 avec la formation belge de la Soudal-Quick Step.<\/em><\/strong><\/p>\n<p style=\"text-align: justify;\"><strong>Valentin Paret-Peintre<\/strong> prolonge son idylle avec la formation belge <strong>Soudal-Quick Step<\/strong>. C&rsquo;est son \u00e9quipe qui l&rsquo;annonce elle-m\u00eame ce mercredi matin sur ses r\u00e9seaux sociaux. Le Tricolore, seul vainqueur fran\u00e7ais sur le Tour de France 2025, sur les terribles pentes du Mont Ventoux, est d\u00e9sormais li\u00e9 \u00e0 son \u00e9quipe jusqu&rsquo;en 2028. Une annonce tr\u00e8s pr\u00e9coce, alors que la saison 2026 n&rsquo;a pas encore d\u00e9but\u00e9, qui traduit une volont\u00e9 des deux parties de d\u00e9buter cette ann\u00e9e sur des bases saines.<\/p>\n<div class=\"vlp-link-container vlp-layout-article\"><a href=\"https:\/\/dicodusport.fr\/blog\/le-francais-de-la-16eme-etape-valentin-paret-peintre-sauve-la-patrie-avec-brio\/\" class=\"vlp-link\" title=\"Le Fran\u00e7ais de la 16\u00e8me \u00e9tape : Valentin Paret-Peintre sauve la patrie avec brio !\"><\/a><div class=\"vlp-layout-zone-side\"><div class=\"vlp-block-4 vlp-link-image\"><img loading=\"lazy\" decoding=\"async\" style=\"max-width: 792px;\" width=\"792\" height=\"445\" src=\"https:\/\/dicodusport.fr\/blog\/wp-content\/uploads\/2025\/07\/Le-Francais-de-la-16eme-etape-Valentin-Paret-Peintre-sauve-la-patrie-avec-brio-.png\" class=\"attachment-800x445 size-800x445\" alt=\"Le Fran\u00e7ais de la 16\u00e8me \u00e9tape : Valentin Paret-Peintre sauve la patrie avec brio !\" srcset=\"https:\/\/dicodusport.fr\/blog\/wp-content\/uploads\/2025\/07\/Le-Francais-de-la-16eme-etape-Valentin-Paret-Peintre-sauve-la-patrie-avec-brio-.png 1200w, https:\/\/dicodusport.fr\/blog\/wp-content\/uploads\/2025\/07\/Le-Francais-de-la-16eme-etape-Valentin-Paret-Peintre-sauve-la-patrie-avec-brio--300x169.png 300w, https:\/\/dicodusport.fr\/blog\/wp-content\/uploads\/2025\/07\/Le-Francais-de-la-16eme-etape-Valentin-Paret-Peintre-sauve-la-patrie-avec-brio--1024x575.png 1024w, https:\/\/dicodusport.fr\/blog\/wp-content\/uploads\/2025\/07\/Le-Francais-de-la-16eme-etape-Valentin-Paret-Peintre-sauve-la-patrie-avec-brio--768x431.png 768w\" sizes=\"auto, (max-width: 792px) 100vw, 792px\" \/><\/div><\/div><div class=\"vlp-layout-zone-main\"><div class=\"vlp-block-0 vlp-link-title\">Le Fran\u00e7ais de la 16\u00e8me \u00e9tape : Valentin Paret-Peintre sauve la patrie avec brio !<\/div><div class=\"vlp-block-1 vlp-link-summary\">Valentin Paret-Peintre apporte la premi\u00e8re victoire d'\u00e9tape fran\u00e7aise sur cette Grande Boucle 2025. Avec la mani\u00e8re. Une cons\u00e9cration pour le grimpeur de la Soudal Quick-Step, qui n'\u00e9tait pas s\u00fbr de participer \u00e0 ce Tour de France.<\/div><div class=\"vlp-block-2 vlp-link-button\">Lire l'article<\/div><div class=\"vlp-block-3 vlp-link-url\">dicodusport.fr<\/div><\/div><\/div>\n<h2 style=\"text-align: justify;\">Valentin Paret-Peintre pour rentrer dans le cercle des vainqueurs sur les trois Grands Tours<\/h2>\n<p style=\"text-align: justify;\">Excellent grimpeur, dot\u00e9 d&rsquo;une pointe de vitesse solide dans les pentes, le Tricolore avait rejoint Soudal-Quick Step en 2025, apr\u00e8s \u00eatre pass\u00e9 dans les rangs de Decathlon-AG2R La Mondiale (devenu Decathlon-CMA CGM). \u00c9quipe avec laquelle <a href=\"https:\/\/dicodusport.fr\/blog\/tour-ditalie-2024-valentin-paret-peintre-ouvre-son-palmares-professionnel-sur-la-10e-etape\/\">il avait remport\u00e9 une \u00e9tape du Tour d&rsquo;Italie 2024<\/a>. Sa premi\u00e8re victoire chez les professionnels ! En haute montagne, il sera l&rsquo;un des coureurs les plus attendus de la formation belge, qui a perdu <strong>Remco Evenepoel<\/strong> en fin de saison et qui ne compte pas une myriade de purs grimpeurs. <strong>Mikel Landa<\/strong> vieillit et <strong>Ilan Van Wilder<\/strong> est un peu plus limit\u00e9 en haute montagne.<\/p>\n<div class=\"vlp-link-container vlp-layout-article\"><a href=\"https:\/\/dicodusport.fr\/blog\/remco-evenepoel-chez-red-bull-bora-hansgrohe-cest-fait\/\" class=\"vlp-link\" title=\"Remco Evenepoel chez Red Bull-Bora-Hansgrohe, c&#039;est fait !\"><\/a><div class=\"vlp-layout-zone-side\"><div class=\"vlp-block-4 vlp-link-image\"><img loading=\"lazy\" decoding=\"async\" style=\"max-width: 792px;\" width=\"792\" height=\"445\" src=\"https:\/\/dicodusport.fr\/blog\/wp-content\/uploads\/2025\/07\/Remco-Evenepoel-chez-Red-Bull-Bora-Hansgrohe-cest-fait-.png\" class=\"attachment-800x445 size-800x445\" alt=\"Remco Evenepoel chez Red Bull-Bora-Hansgrohe, c&#039;est fait !\" srcset=\"https:\/\/dicodusport.fr\/blog\/wp-content\/uploads\/2025\/07\/Remco-Evenepoel-chez-Red-Bull-Bora-Hansgrohe-cest-fait-.png 1200w, https:\/\/dicodusport.fr\/blog\/wp-content\/uploads\/2025\/07\/Remco-Evenepoel-chez-Red-Bull-Bora-Hansgrohe-cest-fait--300x169.png 300w, https:\/\/dicodusport.fr\/blog\/wp-content\/uploads\/2025\/07\/Remco-Evenepoel-chez-Red-Bull-Bora-Hansgrohe-cest-fait--1024x575.png 1024w, https:\/\/dicodusport.fr\/blog\/wp-content\/uploads\/2025\/07\/Remco-Evenepoel-chez-Red-Bull-Bora-Hansgrohe-cest-fait--768x431.png 768w\" sizes=\"auto, (max-width: 792px) 100vw, 792px\" \/><\/div><\/div><div class=\"vlp-layout-zone-main\"><div class=\"vlp-block-0 vlp-link-title\">Remco Evenepoel chez Red Bull-Bora-Hansgrohe, c'est fait !<\/div><div class=\"vlp-block-1 vlp-link-summary\">Le transfert de l'ann\u00e9e dans le peloton va se jouer en Belgique. Remco Evenepoel aurait sign\u00e9 chez Red Bull-Bora-Hansgrohe, o\u00f9 il retrouverait notamment Primoz Roglic.<\/div><div class=\"vlp-block-2 vlp-link-button\">Lire l'article<\/div><div class=\"vlp-block-3 vlp-link-url\">dicodusport.fr<\/div><\/div><\/div>\n<p style=\"text-align: justify;\"><strong>Valentin Paret-Peintre<\/strong> axe sa saison avec l&rsquo;ambition de d\u00e9crocher un succ\u00e8s d&rsquo;\u00e9tape sur les routes du Tour d&rsquo;Espagne, afin d&rsquo;entrer dans un cercle encore tr\u00e8s ferm\u00e9 des vainqueurs d&rsquo;\u00e9tapes sur les trois Grands Tours. Seul <strong>Julian Alaphilippe<\/strong>, parmi les coureurs fran\u00e7ais en activit\u00e9, a r\u00e9ussi cet exploit. Mais il aura l&rsquo;occasion de briller avant la fin du mois d&rsquo;ao\u00fbt, apr\u00e8s une ann\u00e9e 2025 bien d\u00e9but\u00e9e mais perturb\u00e9e par une grosse chute sur le Tour de Catalogne, qui l&rsquo;a laiss\u00e9 sur le carreau pendant plus de deux mois.<\/p>\n<blockquote class=\"twitter-tweet\">\n<p dir=\"ltr\" lang=\"en\">Signed until \ud835\udfd0\ud835\udfce\ud835\udfd0\ud835\udfd6. \u270d\ud83c\udffc<\/p>\n<p>Mont Ventoux winner Valentin Paret-Peintre has extended his contract with Soudal Quick-Step, remaining a key part of The Wolfpack for years to come.<\/p>\n<p>\ud83d\udd17 Read more: <a href=\"https:\/\/t.co\/EX6dZD4gks\">https:\/\/t.co\/EX6dZD4gks<\/a><a href=\"https:\/\/twitter.com\/hashtag\/TheWolfpack?src=hash&amp;ref_src=twsrc%5Etfw\">#TheWolfpack<\/a> <a href=\"https:\/\/t.co\/XVsnS1FpeK\">pic.twitter.com\/XVsnS1FpeK<\/a><\/p>\n<p>\u2014 Soudal Quick-Step Pro Cycling Team (@soudalquickstep) <a href=\"https:\/\/twitter.com\/soudalquickstep\/status\/2008842111496720665?ref_src=twsrc%5Etfw\">January 7, 2026<\/a><\/p><\/blockquote>\n<p style=\"text-align: justify;\"><script async src=\"https:\/\/platform.twitter.com\/widgets.js\" charset=\"utf-8\"><\/script><\/p>\n<h3 style=\"text-align: justify;\">\u00c0 lire aussi<\/h3>\n<div class=\"vlp-link-container vlp-layout-article\"><a href=\"https:\/\/dicodusport.fr\/blog\/paret-peintre-pellizzari-yates-les-7-meilleures-recrues-de-la-saison-2025\/\" class=\"vlp-link\" title=\"Paret-Peintre, Pellizzari, Yates... les 7 meilleures recrues de la saison 2025\"><\/a><div class=\"vlp-layout-zone-side\"><div class=\"vlp-block-4 vlp-link-image\"><img loading=\"lazy\" decoding=\"async\" style=\"max-width: 792px;\" width=\"792\" height=\"445\" src=\"https:\/\/dicodusport.fr\/blog\/wp-content\/uploads\/2025\/10\/Paret-Peintre-Pellizzari-Yates-les-7-meilleures-recrues-de-la-saison-2025.png\" class=\"attachment-800x445 size-800x445\" alt=\"Paret-Peintre, Pellizzari, Yates les 7 meilleures recrues de la saison 2025\" srcset=\"https:\/\/dicodusport.fr\/blog\/wp-content\/uploads\/2025\/10\/Paret-Peintre-Pellizzari-Yates-les-7-meilleures-recrues-de-la-saison-2025.png 1200w, https:\/\/dicodusport.fr\/blog\/wp-content\/uploads\/2025\/10\/Paret-Peintre-Pellizzari-Yates-les-7-meilleures-recrues-de-la-saison-2025-300x169.png 300w, https:\/\/dicodusport.fr\/blog\/wp-content\/uploads\/2025\/10\/Paret-Peintre-Pellizzari-Yates-les-7-meilleures-recrues-de-la-saison-2025-1024x575.png 1024w, https:\/\/dicodusport.fr\/blog\/wp-content\/uploads\/2025\/10\/Paret-Peintre-Pellizzari-Yates-les-7-meilleures-recrues-de-la-saison-2025-768x431.png 768w\" sizes=\"auto, (max-width: 792px) 100vw, 792px\" \/><\/div><\/div><div class=\"vlp-layout-zone-main\"><div class=\"vlp-block-0 vlp-link-title\">Paret-Peintre, Pellizzari, Yates... les 7 meilleures recrues de la saison 2025<\/div><div class=\"vlp-block-1 vlp-link-summary\">Ils ont chang\u00e9 d\u2019\u00e9quipe, retrouv\u00e9 la confiance ou confirm\u00e9 leur potentiel. En 2025, plusieurs coureurs ont prouv\u00e9 qu\u2019un transfert bien choisi pouvait tout relancer.<\/div><div class=\"vlp-block-2 vlp-link-button\">Lire l'article<\/div><div class=\"vlp-block-3 vlp-link-url\">dicodusport.fr<\/div><\/div><\/div>\n<div id=\"gtx-trans\" style=\"position: absolute; left: -14px; top: 40.9091px;\">\n<div class=\"gtx-trans-icon\" style=\"text-align: justify;\"><\/div>\n<\/div>\n","protected":false},"excerpt":{"rendered":"<p>TRANSFERTS CYCLISME &#8211; Valentin Paret-Peintre prolonge jusqu&rsquo;en 2028 avec la formation belge de la Soudal-Quick Step.<\/p>\n","protected":false},"author":83,"featured_media":636299,"comment_status":"open","ping_status":"closed","sticky":false,"template":"","format":"standard","meta":{"_acf_changed":false,"_daextam_enable_autolinks":"1","footnotes":""},"categories":[46994],"tags":[16878,11197,28868,8388],"class_list":["post-636290","post","type-post","status-publish","format-standard","has-post-thumbnail","hentry","category-cyclisme-sur-route","tag-breve","tag-cyclisme-sur-route","tag-soudal-quick-step","tag-transferts-cyclisme"],"acf":[],"yoast_head":"<!-- This site is optimized with the Yoast SEO Premium plugin v26.7 (Yoast SEO v26.7) - https:\/\/yoast.com\/wordpress\/plugins\/seo\/ -->\n<title>Confiance renouvel\u00e9e : Valentin Paret-Peintre prolonge chez Soudal Quick-Step<\/title>\n<meta name=\"description\" content=\"TRANSFERTS CYCLISME - Valentin Paret-Peintre prolonge jusqu&#039;en 2028 avec la formation belge de la Soudal-Quick Step.\" \/>\n<meta name=\"robots\" content=\"index, follow, max-snippet:-1, max-image-preview:large, max-video-preview:-1\" \/>\n<link rel=\"canonical\" href=\"https:\/\/dicodusport.fr\/blog\/confiance-renouvelee-valentin-paret-peintre-prolonge-chez-soudal-quick-step\/\" \/>\n<meta property=\"og:locale\" content=\"fr_FR\" \/>\n<meta property=\"og:type\" content=\"article\" \/>\n<meta property=\"og:title\" content=\"Confiance renouvel\u00e9e : Valentin Paret-Peintre prolonge chez Soudal Quick-Step\" \/>\n<meta property=\"og:description\" content=\"TRANSFERTS CYCLISME - Valentin Paret-Peintre prolonge jusqu&#039;en 2028 avec la formation belge de la Soudal-Quick Step.\" \/>\n<meta property=\"og:url\" content=\"https:\/\/dicodusport.fr\/blog\/confiance-renouvelee-valentin-paret-peintre-prolonge-chez-soudal-quick-step\/\" \/>\n<meta property=\"og:site_name\" content=\"Dicodusport\" \/>\n<meta property=\"article:publisher\" content=\"https:\/\/www.facebook.com\/dicodusport\" \/>\n<meta property=\"article:published_time\" content=\"2026-01-07T10:28:54+00:00\" \/>\n<meta property=\"article:modified_time\" content=\"2026-01-07T11:01:46+00:00\" \/>\n<meta property=\"og:image\" content=\"https:\/\/dicodusport.fr\/blog\/wp-content\/uploads\/2026\/01\/Confiance-renouvelee-Valentin-Paret-Peintre-prolonge-chez-Soudal-Quick-Step-1.png\" \/>\n\t<meta property=\"og:image:width\" content=\"1200\" \/>\n\t<meta property=\"og:image:height\" content=\"674\" \/>\n\t<meta property=\"og:image:type\" content=\"image\/png\" \/>\n<meta name=\"author\" content=\"Etienne Goursaud\" \/>\n<meta name=\"twitter:card\" content=\"summary_large_image\" \/>\n<meta name=\"twitter:title\" content=\"Confiance renouvel\u00e9e : Valentin Paret-Peintre prolonge chez Soudal Quick-Step\" \/>\n<meta name=\"twitter:creator\" content=\"@dicodusport\" \/>\n<meta name=\"twitter:site\" content=\"@dicodusport\" \/>\n<script type=\"application\/ld+json\" class=\"yoast-schema-graph\">{\"@context\":\"https:\/\/schema.org\",\"@graph\":[{\"@type\":\"NewsArticle\",\"@id\":\"https:\/\/dicodusport.fr\/blog\/confiance-renouvelee-valentin-paret-peintre-prolonge-chez-soudal-quick-step\/#article\",\"isPartOf\":{\"@id\":\"https:\/\/dicodusport.fr\/blog\/confiance-renouvelee-valentin-paret-peintre-prolonge-chez-soudal-quick-step\/\"},\"author\":{\"name\":\"Etienne Goursaud\",\"@id\":\"https:\/\/dicodusport.fr\/blog\/#\/schema\/person\/d603dd7da31fb2b46c82b9835a77ec13\"},\"headline\":\"Confiance renouvel\u00e9e : Valentin Paret-Peintre prolonge chez Soudal Quick-Step\",\"datePublished\":\"2026-01-07T10:28:54+00:00\",\"dateModified\":\"2026-01-07T11:01:46+00:00\",\"mainEntityOfPage\":{\"@id\":\"https:\/\/dicodusport.fr\/blog\/confiance-renouvelee-valentin-paret-peintre-prolonge-chez-soudal-quick-step\/\"},\"wordCount\":631,\"commentCount\":0,\"publisher\":{\"@id\":\"https:\/\/dicodusport.fr\/blog\/#organization\"},\"image\":{\"@id\":\"https:\/\/dicodusport.fr\/blog\/confiance-renouvelee-valentin-paret-peintre-prolonge-chez-soudal-quick-step\/#primaryimage\"},\"thumbnailUrl\":\"https:\/\/dicodusport.fr\/blog\/wp-content\/uploads\/2026\/01\/Confiance-renouvelee-Valentin-Paret-Peintre-prolonge-chez-Soudal-Quick-Step-1.png\",\"keywords\":[\"br\u00e8ve\",\"Cyclisme sur route\",\"Soudal Quick-Step\",\"Transferts Cyclisme\"],\"articleSection\":[\"Cyclisme sur route\"],\"inLanguage\":\"fr-FR\",\"potentialAction\":[{\"@type\":\"CommentAction\",\"name\":\"Comment\",\"target\":[\"https:\/\/dicodusport.fr\/blog\/confiance-renouvelee-valentin-paret-peintre-prolonge-chez-soudal-quick-step\/#respond\"]}],\"copyrightYear\":\"2026\",\"copyrightHolder\":{\"@id\":\"https:\/\/dicodusport.fr\/blog\/#organization\"}},{\"@type\":\"WebPage\",\"@id\":\"https:\/\/dicodusport.fr\/blog\/confiance-renouvelee-valentin-paret-peintre-prolonge-chez-soudal-quick-step\/\",\"url\":\"https:\/\/dicodusport.fr\/blog\/confiance-renouvelee-valentin-paret-peintre-prolonge-chez-soudal-quick-step\/\",\"name\":\"Confiance renouvel\u00e9e : Valentin Paret-Peintre prolonge chez Soudal Quick-Step\",\"isPartOf\":{\"@id\":\"https:\/\/dicodusport.fr\/blog\/#website\"},\"primaryImageOfPage\":{\"@id\":\"https:\/\/dicodusport.fr\/blog\/confiance-renouvelee-valentin-paret-peintre-prolonge-chez-soudal-quick-step\/#primaryimage\"},\"image\":{\"@id\":\"https:\/\/dicodusport.fr\/blog\/confiance-renouvelee-valentin-paret-peintre-prolonge-chez-soudal-quick-step\/#primaryimage\"},\"thumbnailUrl\":\"https:\/\/dicodusport.fr\/blog\/wp-content\/uploads\/2026\/01\/Confiance-renouvelee-Valentin-Paret-Peintre-prolonge-chez-Soudal-Quick-Step-1.png\",\"datePublished\":\"2026-01-07T10:28:54+00:00\",\"dateModified\":\"2026-01-07T11:01:46+00:00\",\"description\":\"TRANSFERTS CYCLISME - Valentin Paret-Peintre prolonge jusqu'en 2028 avec la formation belge de la Soudal-Quick Step.\",\"breadcrumb\":{\"@id\":\"https:\/\/dicodusport.fr\/blog\/confiance-renouvelee-valentin-paret-peintre-prolonge-chez-soudal-quick-step\/#breadcrumb\"},\"inLanguage\":\"fr-FR\",\"potentialAction\":[{\"@type\":\"ReadAction\",\"target\":[\"https:\/\/dicodusport.fr\/blog\/confiance-renouvelee-valentin-paret-peintre-prolonge-chez-soudal-quick-step\/\"]}]},{\"@type\":\"ImageObject\",\"inLanguage\":\"fr-FR\",\"@id\":\"https:\/\/dicodusport.fr\/blog\/confiance-renouvelee-valentin-paret-peintre-prolonge-chez-soudal-quick-step\/#primaryimage\",\"url\":\"https:\/\/dicodusport.fr\/blog\/wp-content\/uploads\/2026\/01\/Confiance-renouvelee-Valentin-Paret-Peintre-prolonge-chez-Soudal-Quick-Step-1.png\",\"contentUrl\":\"https:\/\/dicodusport.fr\/blog\/wp-content\/uploads\/2026\/01\/Confiance-renouvelee-Valentin-Paret-Peintre-prolonge-chez-Soudal-Quick-Step-1.png\",\"width\":1200,\"height\":674,\"caption\":\"Confiance renouvel\u00e9e : Valentin Paret-Peintre prolonge chez Soudal Quick-Step\"},{\"@type\":\"BreadcrumbList\",\"@id\":\"https:\/\/dicodusport.fr\/blog\/confiance-renouvelee-valentin-paret-peintre-prolonge-chez-soudal-quick-step\/#breadcrumb\",\"itemListElement\":[{\"@type\":\"ListItem\",\"position\":1,\"name\":\"Accueil\",\"item\":\"https:\/\/dicodusport.fr\/blog\/\"},{\"@type\":\"ListItem\",\"position\":2,\"name\":\"Confiance renouvel\u00e9e : Valentin Paret-Peintre prolonge chez Soudal Quick-Step\"}]},{\"@type\":\"WebSite\",\"@id\":\"https:\/\/dicodusport.fr\/blog\/#website\",\"url\":\"https:\/\/dicodusport.fr\/blog\/\",\"name\":\"Dicodusport\",\"description\":\"L&#039;encyclop\u00e9die de l&#039;actualit\u00e9 sportive\",\"publisher\":{\"@id\":\"https:\/\/dicodusport.fr\/blog\/#organization\"},\"potentialAction\":[{\"@type\":\"SearchAction\",\"target\":{\"@type\":\"EntryPoint\",\"urlTemplate\":\"https:\/\/dicodusport.fr\/blog\/?s={search_term_string}\"},\"query-input\":{\"@type\":\"PropertyValueSpecification\",\"valueRequired\":true,\"valueName\":\"search_term_string\"}}],\"inLanguage\":\"fr-FR\"},{\"@type\":\"NewsMediaOrganization\",\"@id\":\"https:\/\/dicodusport.fr\/blog\/#organization\",\"name\":\"Dicodusport\",\"url\":\"https:\/\/dicodusport.fr\/blog\/\",\"logo\":{\"@type\":\"ImageObject\",\"inLanguage\":\"fr-FR\",\"@id\":\"https:\/\/dicodusport.fr\/blog\/#\/schema\/logo\/image\/\",\"url\":\"https:\/\/dicodusport.fr\/blog\/wp-content\/uploads\/2020\/06\/cropped-LOGO-DICODUSPORT-2020-SANS-FOND-SANS-TEXTE.png\",\"contentUrl\":\"https:\/\/dicodusport.fr\/blog\/wp-content\/uploads\/2020\/06\/cropped-LOGO-DICODUSPORT-2020-SANS-FOND-SANS-TEXTE.png\",\"width\":512,\"height\":512,\"caption\":\"Dicodusport\"},\"image\":{\"@id\":\"https:\/\/dicodusport.fr\/blog\/#\/schema\/logo\/image\/\"},\"sameAs\":[\"https:\/\/www.facebook.com\/dicodusport\",\"https:\/\/x.com\/dicodusport\",\"https:\/\/www.instagram.com\/dicodusport\/\",\"https:\/\/www.youtube.com\/channel\/UC7V2KZ5sd3htJivAbA4ZG3w\"],\"description\":\"Dicodusport est l'encyclop\u00e9die de l'actualit\u00e9 sportive.\",\"email\":\"bonjour@dicodusport.fr\",\"legalName\":\"DICODUSPORT\",\"foundingDate\":\"2018-01-14\",\"vatID\":\"FR71834470973\",\"taxID\":\"83447097300043\",\"numberOfEmployees\":{\"@type\":\"QuantitativeValue\",\"minValue\":\"1\",\"maxValue\":\"10\"}},{\"@type\":\"Person\",\"@id\":\"https:\/\/dicodusport.fr\/blog\/#\/schema\/person\/d603dd7da31fb2b46c82b9835a77ec13\",\"name\":\"Etienne Goursaud\",\"image\":{\"@type\":\"ImageObject\",\"inLanguage\":\"fr-FR\",\"@id\":\"https:\/\/dicodusport.fr\/blog\/#\/schema\/person\/image\/\",\"url\":\"https:\/\/dicodusport.fr\/blog\/wp-content\/uploads\/2023\/12\/410122264_10231602061736049_5565839791558026645_n-150x150.jpg\",\"contentUrl\":\"https:\/\/dicodusport.fr\/blog\/wp-content\/uploads\/2023\/12\/410122264_10231602061736049_5565839791558026645_n-150x150.jpg\",\"caption\":\"Etienne Goursaud\"},\"description\":\"Journaliste et amoureux de sport. Ancien footballeur reconverti athl\u00e8te quand ses muscles le laissent tranquille. \u00c9lev\u00e9 \u00e0 la sauce des exploits de Thomas Voeckler en 2004, du dernier essai de l\u00e9gende de Eunice Barber \u00e0 la longueur lors des championnats du monde d'athl\u00e9tisme de 2003 mais aussi Zidane, Omeyer et Titou Lamaison.\",\"url\":\"https:\/\/dicodusport.fr\/blog\/author\/etienne-goursaud\/\"}]}<\/script>\n<!-- \/ Yoast SEO Premium plugin. -->","yoast_head_json":{"title":"Confiance renouvel\u00e9e : Valentin Paret-Peintre prolonge chez Soudal Quick-Step","description":"TRANSFERTS CYCLISME - Valentin Paret-Peintre prolonge jusqu'en 2028 avec la formation belge de la Soudal-Quick Step.","robots":{"index":"index","follow":"follow","max-snippet":"max-snippet:-1","max-image-preview":"max-image-preview:large","max-video-preview":"max-video-preview:-1"},"canonical":"https:\/\/dicodusport.fr\/blog\/confiance-renouvelee-valentin-paret-peintre-prolonge-chez-soudal-quick-step\/","og_locale":"fr_FR","og_type":"article","og_title":"Confiance renouvel\u00e9e : Valentin Paret-Peintre prolonge chez Soudal Quick-Step","og_description":"TRANSFERTS CYCLISME - Valentin Paret-Peintre prolonge jusqu'en 2028 avec la formation belge de la Soudal-Quick Step.","og_url":"https:\/\/dicodusport.fr\/blog\/confiance-renouvelee-valentin-paret-peintre-prolonge-chez-soudal-quick-step\/","og_site_name":"Dicodusport","article_publisher":"https:\/\/www.facebook.com\/dicodusport","article_published_time":"2026-01-07T10:28:54+00:00","article_modified_time":"2026-01-07T11:01:46+00:00","og_image":[{"width":1200,"height":674,"url":"https:\/\/dicodusport.fr\/blog\/wp-content\/uploads\/2026\/01\/Confiance-renouvelee-Valentin-Paret-Peintre-prolonge-chez-Soudal-Quick-Step-1.png","type":"image\/png"}],"author":"Etienne Goursaud","twitter_card":"summary_large_image","twitter_title":"Confiance renouvel\u00e9e : Valentin Paret-Peintre prolonge chez Soudal Quick-Step","twitter_creator":"@dicodusport","twitter_site":"@dicodusport","schema":{"@context":"https:\/\/schema.org","@graph":[{"@type":"NewsArticle","@id":"https:\/\/dicodusport.fr\/blog\/confiance-renouvelee-valentin-paret-peintre-prolonge-chez-soudal-quick-step\/#article","isPartOf":{"@id":"https:\/\/dicodusport.fr\/blog\/confiance-renouvelee-valentin-paret-peintre-prolonge-chez-soudal-quick-step\/"},"author":{"name":"Etienne Goursaud","@id":"https:\/\/dicodusport.fr\/blog\/#\/schema\/person\/d603dd7da31fb2b46c82b9835a77ec13"},"headline":"Confiance renouvel\u00e9e : Valentin Paret-Peintre prolonge chez Soudal Quick-Step","datePublished":"2026-01-07T10:28:54+00:00","dateModified":"2026-01-07T11:01:46+00:00","mainEntityOfPage":{"@id":"https:\/\/dicodusport.fr\/blog\/confiance-renouvelee-valentin-paret-peintre-prolonge-chez-soudal-quick-step\/"},"wordCount":631,"commentCount":0,"publisher":{"@id":"https:\/\/dicodusport.fr\/blog\/#organization"},"image":{"@id":"https:\/\/dicodusport.fr\/blog\/confiance-renouvelee-valentin-paret-peintre-prolonge-chez-soudal-quick-step\/#primaryimage"},"thumbnailUrl":"https:\/\/dicodusport.fr\/blog\/wp-content\/uploads\/2026\/01\/Confiance-renouvelee-Valentin-Paret-Peintre-prolonge-chez-Soudal-Quick-Step-1.png","keywords":["br\u00e8ve","Cyclisme sur route","Soudal Quick-Step","Transferts Cyclisme"],"articleSection":["Cyclisme sur route"],"inLanguage":"fr-FR","potentialAction":[{"@type":"CommentAction","name":"Comment","target":["https:\/\/dicodusport.fr\/blog\/confiance-renouvelee-valentin-paret-peintre-prolonge-chez-soudal-quick-step\/#respond"]}],"copyrightYear":"2026","copyrightHolder":{"@id":"https:\/\/dicodusport.fr\/blog\/#organization"}},{"@type":"WebPage","@id":"https:\/\/dicodusport.fr\/blog\/confiance-renouvelee-valentin-paret-peintre-prolonge-chez-soudal-quick-step\/","url":"https:\/\/dicodusport.fr\/blog\/confiance-renouvelee-valentin-paret-peintre-prolonge-chez-soudal-quick-step\/","name":"Confiance renouvel\u00e9e : Valentin Paret-Peintre prolonge chez Soudal Quick-Step","isPartOf":{"@id":"https:\/\/dicodusport.fr\/blog\/#website"},"primaryImageOfPage":{"@id":"https:\/\/dicodusport.fr\/blog\/confiance-renouvelee-valentin-paret-peintre-prolonge-chez-soudal-quick-step\/#primaryimage"},"image":{"@id":"https:\/\/dicodusport.fr\/blog\/confiance-renouvelee-valentin-paret-peintre-prolonge-chez-soudal-quick-step\/#primaryimage"},"thumbnailUrl":"https:\/\/dicodusport.fr\/blog\/wp-content\/uploads\/2026\/01\/Confiance-renouvelee-Valentin-Paret-Peintre-prolonge-chez-Soudal-Quick-Step-1.png","datePublished":"2026-01-07T10:28:54+00:00","dateModified":"2026-01-07T11:01:46+00:00","description":"TRANSFERTS CYCLISME - Valentin Paret-Peintre prolonge jusqu'en 2028 avec la formation belge de la Soudal-Quick Step.","breadcrumb":{"@id":"https:\/\/dicodusport.fr\/blog\/confiance-renouvelee-valentin-paret-peintre-prolonge-chez-soudal-quick-step\/#breadcrumb"},"inLanguage":"fr-FR","potentialAction":[{"@type":"ReadAction","target":["https:\/\/dicodusport.fr\/blog\/confiance-renouvelee-valentin-paret-peintre-prolonge-chez-soudal-quick-step\/"]}]},{"@type":"ImageObject","inLanguage":"fr-FR","@id":"https:\/\/dicodusport.fr\/blog\/confiance-renouvelee-valentin-paret-peintre-prolonge-chez-soudal-quick-step\/#primaryimage","url":"https:\/\/dicodusport.fr\/blog\/wp-content\/uploads\/2026\/01\/Confiance-renouvelee-Valentin-Paret-Peintre-prolonge-chez-Soudal-Quick-Step-1.png","contentUrl":"https:\/\/dicodusport.fr\/blog\/wp-content\/uploads\/2026\/01\/Confiance-renouvelee-Valentin-Paret-Peintre-prolonge-chez-Soudal-Quick-Step-1.png","width":1200,"height":674,"caption":"Confiance renouvel\u00e9e : Valentin Paret-Peintre prolonge chez Soudal Quick-Step"},{"@type":"BreadcrumbList","@id":"https:\/\/dicodusport.fr\/blog\/confiance-renouvelee-valentin-paret-peintre-prolonge-chez-soudal-quick-step\/#breadcrumb","itemListElement":[{"@type":"ListItem","position":1,"name":"Accueil","item":"https:\/\/dicodusport.fr\/blog\/"},{"@type":"ListItem","position":2,"name":"Confiance renouvel\u00e9e : Valentin Paret-Peintre prolonge chez Soudal Quick-Step"}]},{"@type":"WebSite","@id":"https:\/\/dicodusport.fr\/blog\/#website","url":"https:\/\/dicodusport.fr\/blog\/","name":"Dicodusport","description":"L&#039;encyclop\u00e9die de l&#039;actualit\u00e9 sportive","publisher":{"@id":"https:\/\/dicodusport.fr\/blog\/#organization"},"potentialAction":[{"@type":"SearchAction","target":{"@type":"EntryPoint","urlTemplate":"https:\/\/dicodusport.fr\/blog\/?s={search_term_string}"},"query-input":{"@type":"PropertyValueSpecification","valueRequired":true,"valueName":"search_term_string"}}],"inLanguage":"fr-FR"},{"@type":"NewsMediaOrganization","@id":"https:\/\/dicodusport.fr\/blog\/#organization","name":"Dicodusport","url":"https:\/\/dicodusport.fr\/blog\/","logo":{"@type":"ImageObject","inLanguage":"fr-FR","@id":"https:\/\/dicodusport.fr\/blog\/#\/schema\/logo\/image\/","url":"https:\/\/dicodusport.fr\/blog\/wp-content\/uploads\/2020\/06\/cropped-LOGO-DICODUSPORT-2020-SANS-FOND-SANS-TEXTE.png","contentUrl":"https:\/\/dicodusport.fr\/blog\/wp-content\/uploads\/2020\/06\/cropped-LOGO-DICODUSPORT-2020-SANS-FOND-SANS-TEXTE.png","width":512,"height":512,"caption":"Dicodusport"},"image":{"@id":"https:\/\/dicodusport.fr\/blog\/#\/schema\/logo\/image\/"},"sameAs":["https:\/\/www.facebook.com\/dicodusport","https:\/\/x.com\/dicodusport","https:\/\/www.instagram.com\/dicodusport\/","https:\/\/www.youtube.com\/channel\/UC7V2KZ5sd3htJivAbA4ZG3w"],"description":"Dicodusport est l'encyclop\u00e9die de l'actualit\u00e9 sportive.","email":"bonjour@dicodusport.fr","legalName":"DICODUSPORT","foundingDate":"2018-01-14","vatID":"FR71834470973","taxID":"83447097300043","numberOfEmployees":{"@type":"QuantitativeValue","minValue":"1","maxValue":"10"}},{"@type":"Person","@id":"https:\/\/dicodusport.fr\/blog\/#\/schema\/person\/d603dd7da31fb2b46c82b9835a77ec13","name":"Etienne Goursaud","image":{"@type":"ImageObject","inLanguage":"fr-FR","@id":"https:\/\/dicodusport.fr\/blog\/#\/schema\/person\/image\/","url":"https:\/\/dicodusport.fr\/blog\/wp-content\/uploads\/2023\/12\/410122264_10231602061736049_5565839791558026645_n-150x150.jpg","contentUrl":"https:\/\/dicodusport.fr\/blog\/wp-content\/uploads\/2023\/12\/410122264_10231602061736049_5565839791558026645_n-150x150.jpg","caption":"Etienne Goursaud"},"description":"Journaliste et amoureux de sport. Ancien footballeur reconverti athl\u00e8te quand ses muscles le laissent tranquille. \u00c9lev\u00e9 \u00e0 la sauce des exploits de Thomas Voeckler en 2004, du dernier essai de l\u00e9gende de Eunice Barber \u00e0 la longueur lors des championnats du monde d'athl\u00e9tisme de 2003 mais aussi Zidane, Omeyer et Titou Lamaison.","url":"https:\/\/dicodusport.fr\/blog\/author\/etienne-goursaud\/"}]}},"_links":{"self":[{"href":"https:\/\/dicodusport.fr\/blog\/wp-json\/wp\/v2\/posts\/636290","targetHints":{"allow":["GET"]}}],"collection":[{"href":"https:\/\/dicodusport.fr\/blog\/wp-json\/wp\/v2\/posts"}],"about":[{"href":"https:\/\/dicodusport.fr\/blog\/wp-json\/wp\/v2\/types\/post"}],"author":[{"embeddable":true,"href":"https:\/\/dicodusport.fr\/blog\/wp-json\/wp\/v2\/users\/83"}],"replies":[{"embeddable":true,"href":"https:\/\/dicodusport.fr\/blog\/wp-json\/wp\/v2\/comments?post=636290"}],"version-history":[{"count":4,"href":"https:\/\/dicodusport.fr\/blog\/wp-json\/wp\/v2\/posts\/636290\/revisions"}],"predecessor-version":[{"id":636313,"href":"https:\/\/dicodusport.fr\/blog\/wp-json\/wp\/v2\/posts\/636290\/revisions\/636313"}],"wp:featuredmedia":[{"embeddable":true,"href":"https:\/\/dicodusport.fr\/blog\/wp-json\/wp\/v2\/media\/636299"}],"wp:attachment":[{"href":"https:\/\/dicodusport.fr\/blog\/wp-json\/wp\/v2\/media?parent=636290"}],"wp:term":[{"taxonomy":"category","embeddable":true,"href":"https:\/\/dicodusport.fr\/blog\/wp-json\/wp\/v2\/categories?post=636290"},{"taxonomy":"post_tag","embeddable":true,"href":"https:\/\/dicodusport.fr\/blog\/wp-json\/wp\/v2\/tags?post=636290"}],"curies":[{"name":"wp","href":"https:\/\/api.w.org\/{rel}","templated":true}]}}