{"id":636376,"date":"2026-01-07T16:55:09","date_gmt":"2026-01-07T15:55:09","guid":{"rendered":"https:\/\/dicodusport.fr\/blog\/?p=636376&#038;preview=true&#038;preview_id=636376"},"modified":"2026-01-07T17:15:46","modified_gmt":"2026-01-07T16:15:46","slug":"noham-kamara-tres-courtise-lespoir-du-psg-vise-par-un-cador-de-ligue-1","status":"publish","type":"post","link":"https:\/\/dicodusport.fr\/blog\/noham-kamara-tres-courtise-lespoir-du-psg-vise-par-un-cador-de-ligue-1\/","title":{"rendered":"Noham Kamara tr\u00e8s courtis\u00e9 : l&rsquo;espoir du PSG vis\u00e9 par un cador de Ligue 1"},"content":{"rendered":"<p style=\"text-align: justify;\"><strong><em>LIGUE 1 2025\/2026 &#8211; Barr\u00e9 par la concurrence f\u00e9roce au Paris Saint-Germain, Noham Kamara pourrait grappiller du temps de jeu en Ligue 1.<\/em><\/strong><\/p>\n<ul style=\"text-align: justify;\">\n<li style=\"text-align: justify;\"><strong>\u00c0 lire aussi &#8211; <a href=\"https:\/\/dicodusport.fr\/blog\/matteo-guendouzi-mike-maignan-dayot-upamecano-les-internationaux-francais-scellent-leur-avenir-avant-la-coupe-du-monde\/\">Matt\u00e9o Guendouzi, Mike Maignan, Dayot Upamecano : les internationaux fran\u00e7ais scellent leur avenir avant la Coupe du monde<\/a><\/strong><\/li>\n<\/ul>\n<p style=\"text-align: justify;\">Dans l&rsquo;ombre des <strong>Warren Za\u00efre-Emery<\/strong>, <strong>Senny Mayulu<\/strong>, <strong>Ibrahim Mbaye<\/strong> ou <strong>Quentin Ndjantou<\/strong>, la<strong> formation parisienne<\/strong> ne cesse de produire des jeunes joueurs de grande qualit\u00e9. Mais il n&rsquo;y a pas de la place pour tout le monde. Du haut de ses 18 ans, <strong>Noham Kamara<\/strong> doit lui se contenter de miettes au sein d&rsquo;une d\u00e9fense centrale bien fournie.<\/p>\n<h2 style=\"text-align: justify;\">L&rsquo;OL pour accueillir Noham Kamara en pr\u00eat ?<\/h2>\n<p style=\"text-align: justify;\">Apparu \u00e0 deux reprises en<strong> Ligue 1<\/strong> la saison derni\u00e8re, il a cette saison effectu\u00e9 une seule apparition en Coupe de France (30 minutes), face aux amateurs de Fontenay. \u00c0 d\u00e9faut de pouvoir s&rsquo;illustrer en professionnel, le gar\u00e7on a d\u00e9j\u00e0 montr\u00e9 l&rsquo;immensit\u00e9 de son potentiel en <strong>Youth League<\/strong>, o\u00f9 il s&rsquo;est depuis affirm\u00e9 comme un v\u00e9ritable patron dans le onze de <strong>Jean-Fran\u00e7ois Vulliez<\/strong>. Par ailleurs, il a \u00e9galement livr\u00e9 une <a href=\"https:\/\/dicodusport.fr\/blog\/coupe-du-monde-de-football-u20-2025-h-la-france-cede-aux-portes-de-la-finale\/\"><strong>Coupe du monde U20<\/strong><\/a> solide avec les Bleuets cet automne.<\/p>\n<ul style=\"text-align: justify;\">\n<li style=\"text-align: justify;\"><strong>\u00c0 ce sujet &#8211;\u00a0<a href=\"https:\/\/dicodusport.fr\/blog\/el-chadaille-bitshiabu-a-la-cote-en-ligue-1-2-cadors-du-championnat-sont-sur-la-piste-du-defenseur-de-leipzig\/\">El Chadaille Bitshiabu a la cote en Ligue 1 : 2 cadors du championnat sont sur la piste du d\u00e9fenseur de Leipzig<\/a><\/strong><\/li>\n<\/ul>\n<p style=\"text-align: justify;\">Naturellement, ses performances ne laissent pas insensibles de nombreux clubs dans l&rsquo;Europe enti\u00e8re. Afin de lui donner l&rsquo;opportunit\u00e9 de se d\u00e9velopper et d&rsquo;accumuler du temps de jeu au plus haut niveau, le PSG ne serait donc pas contre le laisser partir en pr\u00eat cet hiver. Dans cette optique, l&rsquo;<strong>Olympique Lyonnais<\/strong> serait d\u00e9j\u00e0 venu se renseigner selon les informations du <a href=\"https:\/\/www.leparisien.fr\/sports\/football\/psg\/mercato-lyon-sinteresse-au-titi-parisien-noham-kamara-07-01-2026-CMV3GV4AMBFRRCKSYHLNWBPIW4.php\"><em>Parisien<\/em><\/a>. Cela est tout sauf surprenant puisque les Gones cherchent activement un d\u00e9fenseur central. Ces derniers visent d&rsquo;ailleurs un autre titi parisien qui s&rsquo;est exil\u00e9 Outre-Rhin, <strong>El Chadaille Bitshiabu<\/strong>.<\/p>\n<blockquote class=\"twitter-tweet\">\n<p dir=\"ltr\" lang=\"fr\">Peu utilis\u00e9 par Luis Enrique, Noham Kamara (18 ans) est sur les tablettes de l\u2019Olympique Lyonnais cet hiver. \u2764\ufe0f\ud83d\udc99<\/p>\n<p>\ud83d\uddde\ufe0f <a href=\"https:\/\/twitter.com\/le_Parisien_PSG?ref_src=twsrc%5Etfw\">@le_Parisien_PSG<\/a> <a href=\"https:\/\/t.co\/KAV12PJb5U\">pic.twitter.com\/KAV12PJb5U<\/a><\/p>\n<p>\u2014 Le Meilleur du PSG (@LMDPSG) <a href=\"https:\/\/twitter.com\/LMDPSG\/status\/2008893946525868278?ref_src=twsrc%5Etfw\">January 7, 2026<\/a><\/p><\/blockquote>\n<p style=\"text-align: justify;\"><script async src=\"https:\/\/platform.twitter.com\/widgets.js\" charset=\"utf-8\"><\/script><\/p>\n<p style=\"text-align: justify;\">La concurrence s&rsquo;annonce rude, mais l&rsquo;OL dispose de l&rsquo;avantage de pouvoir assurer de bonnes minutes au joueur en \u00e9tant encore engag\u00e9 sur plusieurs tableaux. Toutefois, le dernier mot reviendra au\u00a0<strong>PSG<\/strong>, qui cherchera \u00e0 placer sa p\u00e9pite au meilleur endroit possible.<\/p>\n<div id=\"gtx-trans\" style=\"position: absolute; left: -14px; top: 40.9091px;\">\n<div class=\"gtx-trans-icon\" style=\"text-align: justify;\"><\/div>\n<\/div>\n","protected":false},"excerpt":{"rendered":"<p>LIGUE 1 2025\/2026 &#8211; Barr\u00e9 par la concurrence f\u00e9roce au Paris Saint-Germain, Noham Kamara pourrait grappiller du temps de jeu en Ligue 1.<\/p>\n","protected":false},"author":55,"featured_media":636377,"comment_status":"open","ping_status":"closed","sticky":false,"template":"","format":"standard","meta":{"_acf_changed":false,"_daextam_enable_autolinks":"1","footnotes":""},"categories":[47045],"tags":[16878,1554,1145,910,43686],"class_list":["post-636376","post","type-post","status-publish","format-standard","has-post-thumbnail","hentry","category-ligue-1","tag-breve","tag-ligue-1","tag-ol","tag-psg","tag-transferts-ol"],"acf":[],"yoast_head":"<!-- This site is optimized with the Yoast SEO Premium plugin v26.7 (Yoast SEO v26.7) - https:\/\/yoast.com\/wordpress\/plugins\/seo\/ -->\n<title>Noham Kamara tr\u00e8s courtis\u00e9 : l&#039;espoir du PSG vis\u00e9 par un cador de Ligue 1<\/title>\n<meta name=\"description\" content=\"LIGUE 1 2025\/2026 - Barr\u00e9 par la concurrence f\u00e9roce au Paris Saint-Germain, Noham Kamara pourrait grappiller du temps de jeu en Ligue 1.\" \/>\n<meta name=\"robots\" content=\"index, follow, max-snippet:-1, max-image-preview:large, max-video-preview:-1\" \/>\n<link rel=\"canonical\" href=\"https:\/\/dicodusport.fr\/blog\/noham-kamara-tres-courtise-lespoir-du-psg-vise-par-un-cador-de-ligue-1\/\" \/>\n<meta property=\"og:locale\" content=\"fr_FR\" \/>\n<meta property=\"og:type\" content=\"article\" \/>\n<meta property=\"og:title\" content=\"Noham Kamara tr\u00e8s courtis\u00e9 : l&#039;espoir du PSG vis\u00e9 par un cador de Ligue 1\" \/>\n<meta property=\"og:description\" content=\"LIGUE 1 2025\/2026 - Barr\u00e9 par la concurrence f\u00e9roce au Paris Saint-Germain, Noham Kamara pourrait grappiller du temps de jeu en Ligue 1.\" \/>\n<meta property=\"og:url\" content=\"https:\/\/dicodusport.fr\/blog\/noham-kamara-tres-courtise-lespoir-du-psg-vise-par-un-cador-de-ligue-1\/\" \/>\n<meta property=\"og:site_name\" content=\"Dicodusport\" \/>\n<meta property=\"article:publisher\" content=\"https:\/\/www.facebook.com\/dicodusport\" \/>\n<meta property=\"article:published_time\" content=\"2026-01-07T15:55:09+00:00\" \/>\n<meta property=\"article:modified_time\" content=\"2026-01-07T16:15:46+00:00\" \/>\n<meta property=\"og:image\" content=\"https:\/\/dicodusport.fr\/blog\/wp-content\/uploads\/2026\/01\/Noham-Kamara-tres-courtise-lespoir-du-PSG-vise-par-un-cador-de-Ligue-1.png\" \/>\n\t<meta property=\"og:image:width\" content=\"1200\" \/>\n\t<meta property=\"og:image:height\" content=\"674\" \/>\n\t<meta property=\"og:image:type\" content=\"image\/png\" \/>\n<meta name=\"author\" content=\"Maxime Cazenave\" \/>\n<meta name=\"twitter:card\" content=\"summary_large_image\" \/>\n<meta name=\"twitter:title\" content=\"Noham Kamara tr\u00e8s courtis\u00e9 : l&#039;espoir du PSG vis\u00e9 par un cador de Ligue 1\" \/>\n<meta name=\"twitter:creator\" content=\"@https:\/\/twitter.com\/Maxime_Caze\" \/>\n<meta name=\"twitter:site\" content=\"@dicodusport\" \/>\n<script type=\"application\/ld+json\" class=\"yoast-schema-graph\">{\"@context\":\"https:\/\/schema.org\",\"@graph\":[{\"@type\":\"NewsArticle\",\"@id\":\"https:\/\/dicodusport.fr\/blog\/noham-kamara-tres-courtise-lespoir-du-psg-vise-par-un-cador-de-ligue-1\/#article\",\"isPartOf\":{\"@id\":\"https:\/\/dicodusport.fr\/blog\/noham-kamara-tres-courtise-lespoir-du-psg-vise-par-un-cador-de-ligue-1\/\"},\"author\":{\"name\":\"Maxime Cazenave\",\"@id\":\"https:\/\/dicodusport.fr\/blog\/#\/schema\/person\/37def232098a7a5cbab3974a3690abb0\"},\"headline\":\"Noham Kamara tr\u00e8s courtis\u00e9 : l&rsquo;espoir du PSG vis\u00e9 par un cador de Ligue 1\",\"datePublished\":\"2026-01-07T15:55:09+00:00\",\"dateModified\":\"2026-01-07T16:15:46+00:00\",\"mainEntityOfPage\":{\"@id\":\"https:\/\/dicodusport.fr\/blog\/noham-kamara-tres-courtise-lespoir-du-psg-vise-par-un-cador-de-ligue-1\/\"},\"wordCount\":413,\"commentCount\":0,\"publisher\":{\"@id\":\"https:\/\/dicodusport.fr\/blog\/#organization\"},\"image\":{\"@id\":\"https:\/\/dicodusport.fr\/blog\/noham-kamara-tres-courtise-lespoir-du-psg-vise-par-un-cador-de-ligue-1\/#primaryimage\"},\"thumbnailUrl\":\"https:\/\/dicodusport.fr\/blog\/wp-content\/uploads\/2026\/01\/Noham-Kamara-tres-courtise-lespoir-du-PSG-vise-par-un-cador-de-Ligue-1.png\",\"keywords\":[\"br\u00e8ve\",\"Ligue 1\",\"OL\",\"PSG\",\"Transferts OL\"],\"articleSection\":[\"Ligue 1\"],\"inLanguage\":\"fr-FR\",\"potentialAction\":[{\"@type\":\"CommentAction\",\"name\":\"Comment\",\"target\":[\"https:\/\/dicodusport.fr\/blog\/noham-kamara-tres-courtise-lespoir-du-psg-vise-par-un-cador-de-ligue-1\/#respond\"]}],\"copyrightYear\":\"2026\",\"copyrightHolder\":{\"@id\":\"https:\/\/dicodusport.fr\/blog\/#organization\"}},{\"@type\":\"WebPage\",\"@id\":\"https:\/\/dicodusport.fr\/blog\/noham-kamara-tres-courtise-lespoir-du-psg-vise-par-un-cador-de-ligue-1\/\",\"url\":\"https:\/\/dicodusport.fr\/blog\/noham-kamara-tres-courtise-lespoir-du-psg-vise-par-un-cador-de-ligue-1\/\",\"name\":\"Noham Kamara tr\u00e8s courtis\u00e9 : l'espoir du PSG vis\u00e9 par un cador de Ligue 1\",\"isPartOf\":{\"@id\":\"https:\/\/dicodusport.fr\/blog\/#website\"},\"primaryImageOfPage\":{\"@id\":\"https:\/\/dicodusport.fr\/blog\/noham-kamara-tres-courtise-lespoir-du-psg-vise-par-un-cador-de-ligue-1\/#primaryimage\"},\"image\":{\"@id\":\"https:\/\/dicodusport.fr\/blog\/noham-kamara-tres-courtise-lespoir-du-psg-vise-par-un-cador-de-ligue-1\/#primaryimage\"},\"thumbnailUrl\":\"https:\/\/dicodusport.fr\/blog\/wp-content\/uploads\/2026\/01\/Noham-Kamara-tres-courtise-lespoir-du-PSG-vise-par-un-cador-de-Ligue-1.png\",\"datePublished\":\"2026-01-07T15:55:09+00:00\",\"dateModified\":\"2026-01-07T16:15:46+00:00\",\"description\":\"LIGUE 1 2025\/2026 - Barr\u00e9 par la concurrence f\u00e9roce au Paris Saint-Germain, Noham Kamara pourrait grappiller du temps de jeu en Ligue 1.\",\"breadcrumb\":{\"@id\":\"https:\/\/dicodusport.fr\/blog\/noham-kamara-tres-courtise-lespoir-du-psg-vise-par-un-cador-de-ligue-1\/#breadcrumb\"},\"inLanguage\":\"fr-FR\",\"potentialAction\":[{\"@type\":\"ReadAction\",\"target\":[\"https:\/\/dicodusport.fr\/blog\/noham-kamara-tres-courtise-lespoir-du-psg-vise-par-un-cador-de-ligue-1\/\"]}]},{\"@type\":\"ImageObject\",\"inLanguage\":\"fr-FR\",\"@id\":\"https:\/\/dicodusport.fr\/blog\/noham-kamara-tres-courtise-lespoir-du-psg-vise-par-un-cador-de-ligue-1\/#primaryimage\",\"url\":\"https:\/\/dicodusport.fr\/blog\/wp-content\/uploads\/2026\/01\/Noham-Kamara-tres-courtise-lespoir-du-PSG-vise-par-un-cador-de-Ligue-1.png\",\"contentUrl\":\"https:\/\/dicodusport.fr\/blog\/wp-content\/uploads\/2026\/01\/Noham-Kamara-tres-courtise-lespoir-du-PSG-vise-par-un-cador-de-Ligue-1.png\",\"width\":1200,\"height\":674,\"caption\":\"Noham Kamara tr\u00e8s courtis\u00e9 : l'espoir du PSG vis\u00e9 par un cador de Ligue 1\"},{\"@type\":\"BreadcrumbList\",\"@id\":\"https:\/\/dicodusport.fr\/blog\/noham-kamara-tres-courtise-lespoir-du-psg-vise-par-un-cador-de-ligue-1\/#breadcrumb\",\"itemListElement\":[{\"@type\":\"ListItem\",\"position\":1,\"name\":\"Accueil\",\"item\":\"https:\/\/dicodusport.fr\/blog\/\"},{\"@type\":\"ListItem\",\"position\":2,\"name\":\"Noham Kamara tr\u00e8s courtis\u00e9 : l&rsquo;espoir du PSG vis\u00e9 par un cador de Ligue 1\"}]},{\"@type\":\"WebSite\",\"@id\":\"https:\/\/dicodusport.fr\/blog\/#website\",\"url\":\"https:\/\/dicodusport.fr\/blog\/\",\"name\":\"Dicodusport\",\"description\":\"L&#039;encyclop\u00e9die de l&#039;actualit\u00e9 sportive\",\"publisher\":{\"@id\":\"https:\/\/dicodusport.fr\/blog\/#organization\"},\"potentialAction\":[{\"@type\":\"SearchAction\",\"target\":{\"@type\":\"EntryPoint\",\"urlTemplate\":\"https:\/\/dicodusport.fr\/blog\/?s={search_term_string}\"},\"query-input\":{\"@type\":\"PropertyValueSpecification\",\"valueRequired\":true,\"valueName\":\"search_term_string\"}}],\"inLanguage\":\"fr-FR\"},{\"@type\":\"NewsMediaOrganization\",\"@id\":\"https:\/\/dicodusport.fr\/blog\/#organization\",\"name\":\"Dicodusport\",\"url\":\"https:\/\/dicodusport.fr\/blog\/\",\"logo\":{\"@type\":\"ImageObject\",\"inLanguage\":\"fr-FR\",\"@id\":\"https:\/\/dicodusport.fr\/blog\/#\/schema\/logo\/image\/\",\"url\":\"https:\/\/dicodusport.fr\/blog\/wp-content\/uploads\/2020\/06\/cropped-LOGO-DICODUSPORT-2020-SANS-FOND-SANS-TEXTE.png\",\"contentUrl\":\"https:\/\/dicodusport.fr\/blog\/wp-content\/uploads\/2020\/06\/cropped-LOGO-DICODUSPORT-2020-SANS-FOND-SANS-TEXTE.png\",\"width\":512,\"height\":512,\"caption\":\"Dicodusport\"},\"image\":{\"@id\":\"https:\/\/dicodusport.fr\/blog\/#\/schema\/logo\/image\/\"},\"sameAs\":[\"https:\/\/www.facebook.com\/dicodusport\",\"https:\/\/x.com\/dicodusport\",\"https:\/\/www.instagram.com\/dicodusport\/\",\"https:\/\/www.youtube.com\/channel\/UC7V2KZ5sd3htJivAbA4ZG3w\"],\"description\":\"Dicodusport est l'encyclop\u00e9die de l'actualit\u00e9 sportive.\",\"email\":\"bonjour@dicodusport.fr\",\"legalName\":\"DICODUSPORT\",\"foundingDate\":\"2018-01-14\",\"vatID\":\"FR71834470973\",\"taxID\":\"83447097300043\",\"numberOfEmployees\":{\"@type\":\"QuantitativeValue\",\"minValue\":\"1\",\"maxValue\":\"10\"}},{\"@type\":\"Person\",\"@id\":\"https:\/\/dicodusport.fr\/blog\/#\/schema\/person\/37def232098a7a5cbab3974a3690abb0\",\"name\":\"Maxime Cazenave\",\"image\":{\"@type\":\"ImageObject\",\"inLanguage\":\"fr-FR\",\"@id\":\"https:\/\/dicodusport.fr\/blog\/#\/schema\/person\/image\/\",\"url\":\"https:\/\/dicodusport.fr\/blog\/wp-content\/uploads\/2021\/05\/Maxime-Cazenave-150x150.jpg\",\"contentUrl\":\"https:\/\/dicodusport.fr\/blog\/wp-content\/uploads\/2021\/05\/Maxime-Cazenave-150x150.jpg\",\"caption\":\"Maxime Cazenave\"},\"description\":\"Journaliste\/R\u00e9dacteur depuis 2012 - Berc\u00e9 par l\u2019amour des Girondins de Bordeaux, les \u00e9checs de Christophe Moreau sur le Tour de France sous l'\u00e8re Lance Armstrong et le fade-away l\u00e9tal de Dirk Nowitzki, ma passion d\u00e9vorante pour le sport a toujours \u00e9t\u00e9 un pan incontournable de ma vie. Transmettre ma passion \u00e0 l\u2019\u00e9crit a \u00e9t\u00e9 une transition naturelle. Suiveur assidu de basket et de hockey sur glace, je garde toujours un peu de place pour suivre le cyclisme, le football et le maximum de performances fran\u00e7aises.\",\"sameAs\":[\"https:\/\/x.com\/https:\/\/twitter.com\/Maxime_Caze\"],\"url\":\"https:\/\/dicodusport.fr\/blog\/author\/maximec\/\"}]}<\/script>\n<!-- \/ Yoast SEO Premium plugin. -->","yoast_head_json":{"title":"Noham Kamara tr\u00e8s courtis\u00e9 : l'espoir du PSG vis\u00e9 par un cador de Ligue 1","description":"LIGUE 1 2025\/2026 - Barr\u00e9 par la concurrence f\u00e9roce au Paris Saint-Germain, Noham Kamara pourrait grappiller du temps de jeu en Ligue 1.","robots":{"index":"index","follow":"follow","max-snippet":"max-snippet:-1","max-image-preview":"max-image-preview:large","max-video-preview":"max-video-preview:-1"},"canonical":"https:\/\/dicodusport.fr\/blog\/noham-kamara-tres-courtise-lespoir-du-psg-vise-par-un-cador-de-ligue-1\/","og_locale":"fr_FR","og_type":"article","og_title":"Noham Kamara tr\u00e8s courtis\u00e9 : l'espoir du PSG vis\u00e9 par un cador de Ligue 1","og_description":"LIGUE 1 2025\/2026 - Barr\u00e9 par la concurrence f\u00e9roce au Paris Saint-Germain, Noham Kamara pourrait grappiller du temps de jeu en Ligue 1.","og_url":"https:\/\/dicodusport.fr\/blog\/noham-kamara-tres-courtise-lespoir-du-psg-vise-par-un-cador-de-ligue-1\/","og_site_name":"Dicodusport","article_publisher":"https:\/\/www.facebook.com\/dicodusport","article_published_time":"2026-01-07T15:55:09+00:00","article_modified_time":"2026-01-07T16:15:46+00:00","og_image":[{"width":1200,"height":674,"url":"https:\/\/dicodusport.fr\/blog\/wp-content\/uploads\/2026\/01\/Noham-Kamara-tres-courtise-lespoir-du-PSG-vise-par-un-cador-de-Ligue-1.png","type":"image\/png"}],"author":"Maxime Cazenave","twitter_card":"summary_large_image","twitter_title":"Noham Kamara tr\u00e8s courtis\u00e9 : l'espoir du PSG vis\u00e9 par un cador de Ligue 1","twitter_creator":"@https:\/\/twitter.com\/Maxime_Caze","twitter_site":"@dicodusport","schema":{"@context":"https:\/\/schema.org","@graph":[{"@type":"NewsArticle","@id":"https:\/\/dicodusport.fr\/blog\/noham-kamara-tres-courtise-lespoir-du-psg-vise-par-un-cador-de-ligue-1\/#article","isPartOf":{"@id":"https:\/\/dicodusport.fr\/blog\/noham-kamara-tres-courtise-lespoir-du-psg-vise-par-un-cador-de-ligue-1\/"},"author":{"name":"Maxime Cazenave","@id":"https:\/\/dicodusport.fr\/blog\/#\/schema\/person\/37def232098a7a5cbab3974a3690abb0"},"headline":"Noham Kamara tr\u00e8s courtis\u00e9 : l&rsquo;espoir du PSG vis\u00e9 par un cador de Ligue 1","datePublished":"2026-01-07T15:55:09+00:00","dateModified":"2026-01-07T16:15:46+00:00","mainEntityOfPage":{"@id":"https:\/\/dicodusport.fr\/blog\/noham-kamara-tres-courtise-lespoir-du-psg-vise-par-un-cador-de-ligue-1\/"},"wordCount":413,"commentCount":0,"publisher":{"@id":"https:\/\/dicodusport.fr\/blog\/#organization"},"image":{"@id":"https:\/\/dicodusport.fr\/blog\/noham-kamara-tres-courtise-lespoir-du-psg-vise-par-un-cador-de-ligue-1\/#primaryimage"},"thumbnailUrl":"https:\/\/dicodusport.fr\/blog\/wp-content\/uploads\/2026\/01\/Noham-Kamara-tres-courtise-lespoir-du-PSG-vise-par-un-cador-de-Ligue-1.png","keywords":["br\u00e8ve","Ligue 1","OL","PSG","Transferts OL"],"articleSection":["Ligue 1"],"inLanguage":"fr-FR","potentialAction":[{"@type":"CommentAction","name":"Comment","target":["https:\/\/dicodusport.fr\/blog\/noham-kamara-tres-courtise-lespoir-du-psg-vise-par-un-cador-de-ligue-1\/#respond"]}],"copyrightYear":"2026","copyrightHolder":{"@id":"https:\/\/dicodusport.fr\/blog\/#organization"}},{"@type":"WebPage","@id":"https:\/\/dicodusport.fr\/blog\/noham-kamara-tres-courtise-lespoir-du-psg-vise-par-un-cador-de-ligue-1\/","url":"https:\/\/dicodusport.fr\/blog\/noham-kamara-tres-courtise-lespoir-du-psg-vise-par-un-cador-de-ligue-1\/","name":"Noham Kamara tr\u00e8s courtis\u00e9 : l'espoir du PSG vis\u00e9 par un cador de Ligue 1","isPartOf":{"@id":"https:\/\/dicodusport.fr\/blog\/#website"},"primaryImageOfPage":{"@id":"https:\/\/dicodusport.fr\/blog\/noham-kamara-tres-courtise-lespoir-du-psg-vise-par-un-cador-de-ligue-1\/#primaryimage"},"image":{"@id":"https:\/\/dicodusport.fr\/blog\/noham-kamara-tres-courtise-lespoir-du-psg-vise-par-un-cador-de-ligue-1\/#primaryimage"},"thumbnailUrl":"https:\/\/dicodusport.fr\/blog\/wp-content\/uploads\/2026\/01\/Noham-Kamara-tres-courtise-lespoir-du-PSG-vise-par-un-cador-de-Ligue-1.png","datePublished":"2026-01-07T15:55:09+00:00","dateModified":"2026-01-07T16:15:46+00:00","description":"LIGUE 1 2025\/2026 - Barr\u00e9 par la concurrence f\u00e9roce au Paris Saint-Germain, Noham Kamara pourrait grappiller du temps de jeu en Ligue 1.","breadcrumb":{"@id":"https:\/\/dicodusport.fr\/blog\/noham-kamara-tres-courtise-lespoir-du-psg-vise-par-un-cador-de-ligue-1\/#breadcrumb"},"inLanguage":"fr-FR","potentialAction":[{"@type":"ReadAction","target":["https:\/\/dicodusport.fr\/blog\/noham-kamara-tres-courtise-lespoir-du-psg-vise-par-un-cador-de-ligue-1\/"]}]},{"@type":"ImageObject","inLanguage":"fr-FR","@id":"https:\/\/dicodusport.fr\/blog\/noham-kamara-tres-courtise-lespoir-du-psg-vise-par-un-cador-de-ligue-1\/#primaryimage","url":"https:\/\/dicodusport.fr\/blog\/wp-content\/uploads\/2026\/01\/Noham-Kamara-tres-courtise-lespoir-du-PSG-vise-par-un-cador-de-Ligue-1.png","contentUrl":"https:\/\/dicodusport.fr\/blog\/wp-content\/uploads\/2026\/01\/Noham-Kamara-tres-courtise-lespoir-du-PSG-vise-par-un-cador-de-Ligue-1.png","width":1200,"height":674,"caption":"Noham Kamara tr\u00e8s courtis\u00e9 : l'espoir du PSG vis\u00e9 par un cador de Ligue 1"},{"@type":"BreadcrumbList","@id":"https:\/\/dicodusport.fr\/blog\/noham-kamara-tres-courtise-lespoir-du-psg-vise-par-un-cador-de-ligue-1\/#breadcrumb","itemListElement":[{"@type":"ListItem","position":1,"name":"Accueil","item":"https:\/\/dicodusport.fr\/blog\/"},{"@type":"ListItem","position":2,"name":"Noham Kamara tr\u00e8s courtis\u00e9 : l&rsquo;espoir du PSG vis\u00e9 par un cador de Ligue 1"}]},{"@type":"WebSite","@id":"https:\/\/dicodusport.fr\/blog\/#website","url":"https:\/\/dicodusport.fr\/blog\/","name":"Dicodusport","description":"L&#039;encyclop\u00e9die de l&#039;actualit\u00e9 sportive","publisher":{"@id":"https:\/\/dicodusport.fr\/blog\/#organization"},"potentialAction":[{"@type":"SearchAction","target":{"@type":"EntryPoint","urlTemplate":"https:\/\/dicodusport.fr\/blog\/?s={search_term_string}"},"query-input":{"@type":"PropertyValueSpecification","valueRequired":true,"valueName":"search_term_string"}}],"inLanguage":"fr-FR"},{"@type":"NewsMediaOrganization","@id":"https:\/\/dicodusport.fr\/blog\/#organization","name":"Dicodusport","url":"https:\/\/dicodusport.fr\/blog\/","logo":{"@type":"ImageObject","inLanguage":"fr-FR","@id":"https:\/\/dicodusport.fr\/blog\/#\/schema\/logo\/image\/","url":"https:\/\/dicodusport.fr\/blog\/wp-content\/uploads\/2020\/06\/cropped-LOGO-DICODUSPORT-2020-SANS-FOND-SANS-TEXTE.png","contentUrl":"https:\/\/dicodusport.fr\/blog\/wp-content\/uploads\/2020\/06\/cropped-LOGO-DICODUSPORT-2020-SANS-FOND-SANS-TEXTE.png","width":512,"height":512,"caption":"Dicodusport"},"image":{"@id":"https:\/\/dicodusport.fr\/blog\/#\/schema\/logo\/image\/"},"sameAs":["https:\/\/www.facebook.com\/dicodusport","https:\/\/x.com\/dicodusport","https:\/\/www.instagram.com\/dicodusport\/","https:\/\/www.youtube.com\/channel\/UC7V2KZ5sd3htJivAbA4ZG3w"],"description":"Dicodusport est l'encyclop\u00e9die de l'actualit\u00e9 sportive.","email":"bonjour@dicodusport.fr","legalName":"DICODUSPORT","foundingDate":"2018-01-14","vatID":"FR71834470973","taxID":"83447097300043","numberOfEmployees":{"@type":"QuantitativeValue","minValue":"1","maxValue":"10"}},{"@type":"Person","@id":"https:\/\/dicodusport.fr\/blog\/#\/schema\/person\/37def232098a7a5cbab3974a3690abb0","name":"Maxime Cazenave","image":{"@type":"ImageObject","inLanguage":"fr-FR","@id":"https:\/\/dicodusport.fr\/blog\/#\/schema\/person\/image\/","url":"https:\/\/dicodusport.fr\/blog\/wp-content\/uploads\/2021\/05\/Maxime-Cazenave-150x150.jpg","contentUrl":"https:\/\/dicodusport.fr\/blog\/wp-content\/uploads\/2021\/05\/Maxime-Cazenave-150x150.jpg","caption":"Maxime Cazenave"},"description":"Journaliste\/R\u00e9dacteur depuis 2012 - Berc\u00e9 par l\u2019amour des Girondins de Bordeaux, les \u00e9checs de Christophe Moreau sur le Tour de France sous l'\u00e8re Lance Armstrong et le fade-away l\u00e9tal de Dirk Nowitzki, ma passion d\u00e9vorante pour le sport a toujours \u00e9t\u00e9 un pan incontournable de ma vie. Transmettre ma passion \u00e0 l\u2019\u00e9crit a \u00e9t\u00e9 une transition naturelle. Suiveur assidu de basket et de hockey sur glace, je garde toujours un peu de place pour suivre le cyclisme, le football et le maximum de performances fran\u00e7aises.","sameAs":["https:\/\/x.com\/https:\/\/twitter.com\/Maxime_Caze"],"url":"https:\/\/dicodusport.fr\/blog\/author\/maximec\/"}]}},"_links":{"self":[{"href":"https:\/\/dicodusport.fr\/blog\/wp-json\/wp\/v2\/posts\/636376","targetHints":{"allow":["GET"]}}],"collection":[{"href":"https:\/\/dicodusport.fr\/blog\/wp-json\/wp\/v2\/posts"}],"about":[{"href":"https:\/\/dicodusport.fr\/blog\/wp-json\/wp\/v2\/types\/post"}],"author":[{"embeddable":true,"href":"https:\/\/dicodusport.fr\/blog\/wp-json\/wp\/v2\/users\/55"}],"replies":[{"embeddable":true,"href":"https:\/\/dicodusport.fr\/blog\/wp-json\/wp\/v2\/comments?post=636376"}],"version-history":[{"count":4,"href":"https:\/\/dicodusport.fr\/blog\/wp-json\/wp\/v2\/posts\/636376\/revisions"}],"predecessor-version":[{"id":636396,"href":"https:\/\/dicodusport.fr\/blog\/wp-json\/wp\/v2\/posts\/636376\/revisions\/636396"}],"wp:featuredmedia":[{"embeddable":true,"href":"https:\/\/dicodusport.fr\/blog\/wp-json\/wp\/v2\/media\/636377"}],"wp:attachment":[{"href":"https:\/\/dicodusport.fr\/blog\/wp-json\/wp\/v2\/media?parent=636376"}],"wp:term":[{"taxonomy":"category","embeddable":true,"href":"https:\/\/dicodusport.fr\/blog\/wp-json\/wp\/v2\/categories?post=636376"},{"taxonomy":"post_tag","embeddable":true,"href":"https:\/\/dicodusport.fr\/blog\/wp-json\/wp\/v2\/tags?post=636376"}],"curies":[{"name":"wp","href":"https:\/\/api.w.org\/{rel}","templated":true}]}}