{"id":636393,"date":"2026-01-07T17:31:23","date_gmt":"2026-01-07T16:31:23","guid":{"rendered":"https:\/\/dicodusport.fr\/blog\/?p=636393&#038;preview=true&#038;preview_id=636393"},"modified":"2026-01-30T15:07:28","modified_gmt":"2026-01-30T14:07:28","slug":"monaco-a-besoin-de-renforts-un-ancien-de-lille-pourrait-debarquer-en-principaute","status":"publish","type":"post","link":"https:\/\/dicodusport.fr\/blog\/monaco-a-besoin-de-renforts-un-ancien-de-lille-pourrait-debarquer-en-principaute\/","title":{"rendered":"Monaco a besoin de renforts : un ancien de Lille pourrait d\u00e9barquer en Principaut\u00e9"},"content":{"rendered":"<p style=\"text-align: justify;\"><strong><em>LIGUE 1 2025\/2026 &#8211; Pour densifier son milieu de terrain, l&rsquo;AS Monaco lorgne sur un joueur bien connu par les amateurs du championnat de France.<\/em><\/strong><\/p>\n<ul style=\"text-align: justify;\">\n<li><strong>\u00c0 ce sujet &#8211; <a href=\"https:\/\/dicodusport.fr\/blog\/classement-ligue-1-2025-2026\/\">Classement Ligue 1 2025-2026<\/a><\/strong><\/li>\n<\/ul>\n<p style=\"text-align: justify;\">Seulement 9\u00e8me de <strong>Ligue 1<\/strong> \u00e0 mi-saison, \u00e0 9 points de la premi\u00e8re place qualificative en <strong>Ligue des Champions<\/strong>, l&rsquo;AS Monaco a v\u00e9cu une premi\u00e8re partie de saison d\u00e9licate. Malgr\u00e9 l&rsquo;arriv\u00e9e sur le banc de <strong>S\u00e9bastien Pocognoli<\/strong>, les r\u00e9sultats ne se sont pas am\u00e9lior\u00e9s, et des mouvements d&rsquo;envergure sont attendus sur le march\u00e9 des transferts. Dans le sens des arriv\u00e9es, comme des d\u00e9parts.<\/p>\n<ul style=\"text-align: justify;\">\n<li><strong>\u00c0 ce sujet &#8211; <a href=\"https:\/\/dicodusport.fr\/blog\/himad-abdelli-etait-courtise-langevin-a-fait-son-choix-entre-marseille-et-lyon\/\">Himad Abdelli \u00e9tait courtis\u00e9 : l\u2019Angevin a fait son choix entre Marseille et Lyon<\/a><\/strong><\/li>\n<\/ul>\n<h2 style=\"text-align: justify;\">Boubakary Soumar\u00e9, la recrue id\u00e9ale pour stabiliser l&rsquo;entrejeu de Monaco ?<\/h2>\n<p style=\"text-align: justify;\">Ce mercredi, le journaliste <a href=\"https:\/\/x.com\/FabrizioRomano\/status\/2008927533681525049\">Fabrizio Romano<\/a> r\u00e9v\u00e8le ainsi que le club de la Principaut\u00e9 a r\u00e9activ\u00e9 une ancienne piste. D\u00e9j\u00e0 courtis\u00e9 l&rsquo;\u00e9t\u00e9 dernier, <strong>Boubakary Soumar\u00e9<\/strong> est de nouveau sond\u00e9. Le milieu de terrain de 26 ans \u00e9volue \u00e0<strong> Leicester City<\/strong> depuis 2021. \u00c0 l&rsquo;\u00e9poque, ce dernier avait sign\u00e9 apr\u00e8s s&rsquo;\u00eatre r\u00e9v\u00e9l\u00e9 au sein du <strong>LOSC<\/strong>, o\u00f9 il avait m\u00eame \u00e9t\u00e9 une pi\u00e8ce ma\u00eetresse de l&rsquo;\u00e9quipe sacr\u00e9e championne de France la m\u00eame ann\u00e9e.<\/p>\n<ul style=\"text-align: justify;\">\n<li><strong>\u00c0 lire aussi &#8211; <a href=\"https:\/\/dicodusport.fr\/blog\/noham-kamara-tres-courtise-lespoir-du-psg-vise-par-un-cador-de-ligue-1\/\">Noham Kamara tr\u00e8s courtis\u00e9 : l\u2019espoir du PSG vis\u00e9 par un cador de Ligue 1<\/a><\/strong><\/li>\n<\/ul>\n<p style=\"text-align: justify;\">En Angleterre depuis 4 ans, le tout entrecoup\u00e9 d&rsquo;une ann\u00e9e en pr\u00eat \u00e0 <strong>S\u00e9ville<\/strong>, le milieu de terrain fran\u00e7ais a ainsi v\u00e9cu plusieurs saisons en Premier League, avant de conna\u00eetre la descente \u00e0 l&rsquo;\u00e9chelon inf\u00e9rieur l&rsquo;\u00e9t\u00e9 dernier. Cette saison, il a disput\u00e9<strong> 14 matchs de Championship<\/strong>, avant de se blesser au genou fin novembre. Sur le point de reprendre le jeu, <strong>Boubakary Soumar\u00e9<\/strong> ne va pas faire de vieux os \u00e0 Leicester \u00e9tant donn\u00e9 que son <strong>contrat arrive \u00e0 \u00e9ch\u00e9ance dans six mois<\/strong>, et qu&rsquo;une prolongation n&rsquo;est pas \u00e0 l&rsquo;ordre du jour.<\/p>\n<blockquote class=\"twitter-tweet\">\n<p dir=\"ltr\" lang=\"en\">\ud83d\udea8\ud83d\udd34\u26aa\ufe0f EXCL: AS Monaco see Boubakary Soumar\u00e9 as potential midfield target for January window.<\/p>\n<p>Soumar\u00e9 was on Monaco shortlist already last summer and now again. <a href=\"https:\/\/t.co\/gj0GNEBfB1\">pic.twitter.com\/gj0GNEBfB1<\/a><\/p>\n<p>\u2014 Fabrizio Romano (@FabrizioRomano) <a href=\"https:\/\/twitter.com\/FabrizioRomano\/status\/2008927533681525049?ref_src=twsrc%5Etfw\">January 7, 2026<\/a><\/p><\/blockquote>\n<p style=\"text-align: justify;\"><script async src=\"https:\/\/platform.twitter.com\/widgets.js\" charset=\"utf-8\"><\/script><\/p>\n<p style=\"text-align: justify;\">Un transfert pourrait donc \u00eatre n\u00e9goci\u00e9 d\u00e8s cet hiver en \u00e9change d&rsquo;une indemnit\u00e9 de transfert raisonnable. Toutefois, son profil de stabilisateur au c\u0153ur du jeu s\u00e9duit \u00e9galement de grosses \u00e9curies. Depuis plusieurs mois, l&rsquo;<strong>AS Roma<\/strong> surveille la situation de pr\u00e8s. Alors que <strong>Lamine Camara<\/strong> participe \u00e0 la CAN, et que l&rsquo;\u00e9tat physique de <strong>Paul Pogb<\/strong>a interroge toujours, son arriv\u00e9e ferait du bien pour soulager <strong>Mouhamadou Camara<\/strong> et <strong>Denis Zakaria<\/strong>, tout en permettant \u00e0 <strong>Jordan Teze<\/strong> de retrouver son poste de pr\u00e9dilection.<\/p>\n<h2 style=\"text-align: justify;\">\u00c0 lire aussi<\/h2>\n<div class=\"vlp-link-container vlp-layout-article\"><a href=\"https:\/\/dicodusport.fr\/blog\/matteo-guendouzi-mike-maignan-dayot-upamecano-les-internationaux-francais-scellent-leur-avenir-avant-la-coupe-du-monde\/\" class=\"vlp-link\" title=\"Matt\u00e9o Guendouzi, Mike Maignan, Dayot Upamecano : les internationaux fran\u00e7ais scellent leur avenir avant la Coupe du monde\"><\/a><div class=\"vlp-layout-zone-side\"><div class=\"vlp-block-4 vlp-link-image\"><img loading=\"lazy\" decoding=\"async\" style=\"max-width: 792px;\" width=\"792\" height=\"445\" src=\"https:\/\/dicodusport.fr\/blog\/wp-content\/uploads\/2026\/01\/Matteo-Guendouzi-Mike-Maignan-Dayot-Upamecano-les-internationaux-francais-scellent-leur-avenir.png\" class=\"attachment-800x445 size-800x445\" alt=\"Matt\u00e9o Guendouzi, Mike Maignan, Dayot Upamecano : les internationaux fran\u00e7ais scellent leur avenir avant la Coupe du monde\" srcset=\"https:\/\/dicodusport.fr\/blog\/wp-content\/uploads\/2026\/01\/Matteo-Guendouzi-Mike-Maignan-Dayot-Upamecano-les-internationaux-francais-scellent-leur-avenir.png 1200w, https:\/\/dicodusport.fr\/blog\/wp-content\/uploads\/2026\/01\/Matteo-Guendouzi-Mike-Maignan-Dayot-Upamecano-les-internationaux-francais-scellent-leur-avenir-300x169.png 300w, https:\/\/dicodusport.fr\/blog\/wp-content\/uploads\/2026\/01\/Matteo-Guendouzi-Mike-Maignan-Dayot-Upamecano-les-internationaux-francais-scellent-leur-avenir-1024x575.png 1024w, https:\/\/dicodusport.fr\/blog\/wp-content\/uploads\/2026\/01\/Matteo-Guendouzi-Mike-Maignan-Dayot-Upamecano-les-internationaux-francais-scellent-leur-avenir-768x431.png 768w\" sizes=\"auto, (max-width: 792px) 100vw, 792px\" \/><\/div><\/div><div class=\"vlp-layout-zone-main\"><div class=\"vlp-block-0 vlp-link-title\">Matt\u00e9o Guendouzi, Mike Maignan, Dayot Upamecano : les internationaux fran\u00e7ais scellent leur avenir avant la Coupe du monde<\/div><div class=\"vlp-block-1 vlp-link-summary\">TRANSFERTS FOOTBALL - \u00c0 quelques mois de la Coupe du monde, plusieurs internationaux ont profit\u00e9 de ce mercato pour pr\u00e9parer la suite de leur carri\u00e8re.<\/div><div class=\"vlp-block-2 vlp-link-button\">Lire l'article<\/div><div class=\"vlp-block-3 vlp-link-url\">dicodusport.fr<\/div><\/div><\/div>\n<div id=\"gtx-trans\" style=\"position: absolute; left: -14px; top: 40.9091px;\">\n<div class=\"gtx-trans-icon\" style=\"text-align: justify;\"><\/div>\n<\/div>\n","protected":false},"excerpt":{"rendered":"<p>LIGUE 1 2025\/2026 &#8211; Pour densifier son milieu de terrain, l&rsquo;AS Monaco lorgne sur un joueur bien connu par les amateurs du championnat de France.<\/p>\n","protected":false},"author":55,"featured_media":636395,"comment_status":"open","ping_status":"closed","sticky":false,"template":"","format":"standard","meta":{"_acf_changed":false,"_daextam_enable_autolinks":"1","footnotes":""},"categories":[47045],"tags":[16878,1554,14093,1678,47189],"class_list":["post-636393","post","type-post","status-publish","format-standard","has-post-thumbnail","hentry","category-ligue-1","tag-breve","tag-ligue-1","tag-mercato-football","tag-monaco","tag-transferts-football"],"acf":[],"yoast_head":"<!-- This site is optimized with the Yoast SEO Premium plugin v26.7 (Yoast SEO v26.7) - https:\/\/yoast.com\/wordpress\/plugins\/seo\/ -->\n<title>Monaco a besoin de renforts : un ancien de Lille pourrait d\u00e9barquer en Principaut\u00e9<\/title>\n<meta name=\"description\" content=\"LIGUE 1 2025\/2026 - Pour densifier son milieu de terrain, l&#039;AS Monaco lorgne sur un joueur bien connu par les amateurs du championnat de France.\" \/>\n<meta name=\"robots\" content=\"index, follow, max-snippet:-1, max-image-preview:large, max-video-preview:-1\" \/>\n<link rel=\"canonical\" href=\"https:\/\/dicodusport.fr\/blog\/monaco-a-besoin-de-renforts-un-ancien-de-lille-pourrait-debarquer-en-principaute\/\" \/>\n<meta property=\"og:locale\" content=\"fr_FR\" \/>\n<meta property=\"og:type\" content=\"article\" \/>\n<meta property=\"og:title\" content=\"Monaco a besoin de renforts : un ancien de Lille pourrait d\u00e9barquer en Principaut\u00e9\" \/>\n<meta property=\"og:description\" content=\"LIGUE 1 2025\/2026 - Pour densifier son milieu de terrain, l&#039;AS Monaco lorgne sur un joueur bien connu par les amateurs du championnat de France.\" \/>\n<meta property=\"og:url\" content=\"https:\/\/dicodusport.fr\/blog\/monaco-a-besoin-de-renforts-un-ancien-de-lille-pourrait-debarquer-en-principaute\/\" \/>\n<meta property=\"og:site_name\" content=\"Dicodusport\" \/>\n<meta property=\"article:publisher\" content=\"https:\/\/www.facebook.com\/dicodusport\" \/>\n<meta property=\"article:published_time\" content=\"2026-01-07T16:31:23+00:00\" \/>\n<meta property=\"article:modified_time\" content=\"2026-01-30T14:07:28+00:00\" \/>\n<meta property=\"og:image\" content=\"https:\/\/dicodusport.fr\/blog\/wp-content\/uploads\/2026\/01\/Monaco-a-besoin-de-renforts-un-ancien-de-Lille-pourrait-debarquer-en-Principaute.png\" \/>\n\t<meta property=\"og:image:width\" content=\"1200\" \/>\n\t<meta property=\"og:image:height\" content=\"674\" \/>\n\t<meta property=\"og:image:type\" content=\"image\/png\" \/>\n<meta name=\"author\" content=\"Maxime Cazenave\" \/>\n<meta name=\"twitter:card\" content=\"summary_large_image\" \/>\n<meta name=\"twitter:title\" content=\"Monaco a besoin de renforts : un ancien de Lille pourrait d\u00e9barquer en Principaut\u00e9\" \/>\n<meta name=\"twitter:creator\" content=\"@https:\/\/twitter.com\/Maxime_Caze\" \/>\n<meta name=\"twitter:site\" content=\"@dicodusport\" \/>\n<script type=\"application\/ld+json\" class=\"yoast-schema-graph\">{\"@context\":\"https:\/\/schema.org\",\"@graph\":[{\"@type\":\"NewsArticle\",\"@id\":\"https:\/\/dicodusport.fr\/blog\/monaco-a-besoin-de-renforts-un-ancien-de-lille-pourrait-debarquer-en-principaute\/#article\",\"isPartOf\":{\"@id\":\"https:\/\/dicodusport.fr\/blog\/monaco-a-besoin-de-renforts-un-ancien-de-lille-pourrait-debarquer-en-principaute\/\"},\"author\":{\"name\":\"Maxime Cazenave\",\"@id\":\"https:\/\/dicodusport.fr\/blog\/#\/schema\/person\/37def232098a7a5cbab3974a3690abb0\"},\"headline\":\"Monaco a besoin de renforts : un ancien de Lille pourrait d\u00e9barquer en Principaut\u00e9\",\"datePublished\":\"2026-01-07T16:31:23+00:00\",\"dateModified\":\"2026-01-30T14:07:28+00:00\",\"mainEntityOfPage\":{\"@id\":\"https:\/\/dicodusport.fr\/blog\/monaco-a-besoin-de-renforts-un-ancien-de-lille-pourrait-debarquer-en-principaute\/\"},\"wordCount\":585,\"commentCount\":0,\"publisher\":{\"@id\":\"https:\/\/dicodusport.fr\/blog\/#organization\"},\"image\":{\"@id\":\"https:\/\/dicodusport.fr\/blog\/monaco-a-besoin-de-renforts-un-ancien-de-lille-pourrait-debarquer-en-principaute\/#primaryimage\"},\"thumbnailUrl\":\"https:\/\/dicodusport.fr\/blog\/wp-content\/uploads\/2026\/01\/Monaco-a-besoin-de-renforts-un-ancien-de-Lille-pourrait-debarquer-en-Principaute.png\",\"keywords\":[\"br\u00e8ve\",\"Ligue 1\",\"Mercato football\",\"Monaco\",\"Transferts football\"],\"articleSection\":[\"Ligue 1\"],\"inLanguage\":\"fr-FR\",\"potentialAction\":[{\"@type\":\"CommentAction\",\"name\":\"Comment\",\"target\":[\"https:\/\/dicodusport.fr\/blog\/monaco-a-besoin-de-renforts-un-ancien-de-lille-pourrait-debarquer-en-principaute\/#respond\"]}],\"copyrightYear\":\"2026\",\"copyrightHolder\":{\"@id\":\"https:\/\/dicodusport.fr\/blog\/#organization\"}},{\"@type\":\"WebPage\",\"@id\":\"https:\/\/dicodusport.fr\/blog\/monaco-a-besoin-de-renforts-un-ancien-de-lille-pourrait-debarquer-en-principaute\/\",\"url\":\"https:\/\/dicodusport.fr\/blog\/monaco-a-besoin-de-renforts-un-ancien-de-lille-pourrait-debarquer-en-principaute\/\",\"name\":\"Monaco a besoin de renforts : un ancien de Lille pourrait d\u00e9barquer en Principaut\u00e9\",\"isPartOf\":{\"@id\":\"https:\/\/dicodusport.fr\/blog\/#website\"},\"primaryImageOfPage\":{\"@id\":\"https:\/\/dicodusport.fr\/blog\/monaco-a-besoin-de-renforts-un-ancien-de-lille-pourrait-debarquer-en-principaute\/#primaryimage\"},\"image\":{\"@id\":\"https:\/\/dicodusport.fr\/blog\/monaco-a-besoin-de-renforts-un-ancien-de-lille-pourrait-debarquer-en-principaute\/#primaryimage\"},\"thumbnailUrl\":\"https:\/\/dicodusport.fr\/blog\/wp-content\/uploads\/2026\/01\/Monaco-a-besoin-de-renforts-un-ancien-de-Lille-pourrait-debarquer-en-Principaute.png\",\"datePublished\":\"2026-01-07T16:31:23+00:00\",\"dateModified\":\"2026-01-30T14:07:28+00:00\",\"description\":\"LIGUE 1 2025\/2026 - Pour densifier son milieu de terrain, l'AS Monaco lorgne sur un joueur bien connu par les amateurs du championnat de France.\",\"breadcrumb\":{\"@id\":\"https:\/\/dicodusport.fr\/blog\/monaco-a-besoin-de-renforts-un-ancien-de-lille-pourrait-debarquer-en-principaute\/#breadcrumb\"},\"inLanguage\":\"fr-FR\",\"potentialAction\":[{\"@type\":\"ReadAction\",\"target\":[\"https:\/\/dicodusport.fr\/blog\/monaco-a-besoin-de-renforts-un-ancien-de-lille-pourrait-debarquer-en-principaute\/\"]}]},{\"@type\":\"ImageObject\",\"inLanguage\":\"fr-FR\",\"@id\":\"https:\/\/dicodusport.fr\/blog\/monaco-a-besoin-de-renforts-un-ancien-de-lille-pourrait-debarquer-en-principaute\/#primaryimage\",\"url\":\"https:\/\/dicodusport.fr\/blog\/wp-content\/uploads\/2026\/01\/Monaco-a-besoin-de-renforts-un-ancien-de-Lille-pourrait-debarquer-en-Principaute.png\",\"contentUrl\":\"https:\/\/dicodusport.fr\/blog\/wp-content\/uploads\/2026\/01\/Monaco-a-besoin-de-renforts-un-ancien-de-Lille-pourrait-debarquer-en-Principaute.png\",\"width\":1200,\"height\":674,\"caption\":\"Monaco a besoin de renforts : un ancien de Lille pourrait d\u00e9barquer en Principaut\u00e9\"},{\"@type\":\"BreadcrumbList\",\"@id\":\"https:\/\/dicodusport.fr\/blog\/monaco-a-besoin-de-renforts-un-ancien-de-lille-pourrait-debarquer-en-principaute\/#breadcrumb\",\"itemListElement\":[{\"@type\":\"ListItem\",\"position\":1,\"name\":\"Accueil\",\"item\":\"https:\/\/dicodusport.fr\/blog\/\"},{\"@type\":\"ListItem\",\"position\":2,\"name\":\"Monaco a besoin de renforts : un ancien de Lille pourrait d\u00e9barquer en Principaut\u00e9\"}]},{\"@type\":\"WebSite\",\"@id\":\"https:\/\/dicodusport.fr\/blog\/#website\",\"url\":\"https:\/\/dicodusport.fr\/blog\/\",\"name\":\"Dicodusport\",\"description\":\"L&#039;encyclop\u00e9die de l&#039;actualit\u00e9 sportive\",\"publisher\":{\"@id\":\"https:\/\/dicodusport.fr\/blog\/#organization\"},\"potentialAction\":[{\"@type\":\"SearchAction\",\"target\":{\"@type\":\"EntryPoint\",\"urlTemplate\":\"https:\/\/dicodusport.fr\/blog\/?s={search_term_string}\"},\"query-input\":{\"@type\":\"PropertyValueSpecification\",\"valueRequired\":true,\"valueName\":\"search_term_string\"}}],\"inLanguage\":\"fr-FR\"},{\"@type\":\"NewsMediaOrganization\",\"@id\":\"https:\/\/dicodusport.fr\/blog\/#organization\",\"name\":\"Dicodusport\",\"url\":\"https:\/\/dicodusport.fr\/blog\/\",\"logo\":{\"@type\":\"ImageObject\",\"inLanguage\":\"fr-FR\",\"@id\":\"https:\/\/dicodusport.fr\/blog\/#\/schema\/logo\/image\/\",\"url\":\"https:\/\/dicodusport.fr\/blog\/wp-content\/uploads\/2020\/06\/cropped-LOGO-DICODUSPORT-2020-SANS-FOND-SANS-TEXTE.png\",\"contentUrl\":\"https:\/\/dicodusport.fr\/blog\/wp-content\/uploads\/2020\/06\/cropped-LOGO-DICODUSPORT-2020-SANS-FOND-SANS-TEXTE.png\",\"width\":512,\"height\":512,\"caption\":\"Dicodusport\"},\"image\":{\"@id\":\"https:\/\/dicodusport.fr\/blog\/#\/schema\/logo\/image\/\"},\"sameAs\":[\"https:\/\/www.facebook.com\/dicodusport\",\"https:\/\/x.com\/dicodusport\",\"https:\/\/www.instagram.com\/dicodusport\/\",\"https:\/\/www.youtube.com\/channel\/UC7V2KZ5sd3htJivAbA4ZG3w\"],\"description\":\"Dicodusport est l'encyclop\u00e9die de l'actualit\u00e9 sportive.\",\"email\":\"bonjour@dicodusport.fr\",\"legalName\":\"DICODUSPORT\",\"foundingDate\":\"2018-01-14\",\"vatID\":\"FR71834470973\",\"taxID\":\"83447097300043\",\"numberOfEmployees\":{\"@type\":\"QuantitativeValue\",\"minValue\":\"1\",\"maxValue\":\"10\"}},{\"@type\":\"Person\",\"@id\":\"https:\/\/dicodusport.fr\/blog\/#\/schema\/person\/37def232098a7a5cbab3974a3690abb0\",\"name\":\"Maxime Cazenave\",\"image\":{\"@type\":\"ImageObject\",\"inLanguage\":\"fr-FR\",\"@id\":\"https:\/\/dicodusport.fr\/blog\/#\/schema\/person\/image\/\",\"url\":\"https:\/\/dicodusport.fr\/blog\/wp-content\/uploads\/2021\/05\/Maxime-Cazenave-150x150.jpg\",\"contentUrl\":\"https:\/\/dicodusport.fr\/blog\/wp-content\/uploads\/2021\/05\/Maxime-Cazenave-150x150.jpg\",\"caption\":\"Maxime Cazenave\"},\"description\":\"Journaliste\/R\u00e9dacteur depuis 2012 - Berc\u00e9 par l\u2019amour des Girondins de Bordeaux, les \u00e9checs de Christophe Moreau sur le Tour de France sous l'\u00e8re Lance Armstrong et le fade-away l\u00e9tal de Dirk Nowitzki, ma passion d\u00e9vorante pour le sport a toujours \u00e9t\u00e9 un pan incontournable de ma vie. Transmettre ma passion \u00e0 l\u2019\u00e9crit a \u00e9t\u00e9 une transition naturelle. Suiveur assidu de basket et de hockey sur glace, je garde toujours un peu de place pour suivre le cyclisme, le football et le maximum de performances fran\u00e7aises.\",\"sameAs\":[\"https:\/\/x.com\/https:\/\/twitter.com\/Maxime_Caze\"],\"url\":\"https:\/\/dicodusport.fr\/blog\/author\/maximec\/\"}]}<\/script>\n<!-- \/ Yoast SEO Premium plugin. -->","yoast_head_json":{"title":"Monaco a besoin de renforts : un ancien de Lille pourrait d\u00e9barquer en Principaut\u00e9","description":"LIGUE 1 2025\/2026 - Pour densifier son milieu de terrain, l'AS Monaco lorgne sur un joueur bien connu par les amateurs du championnat de France.","robots":{"index":"index","follow":"follow","max-snippet":"max-snippet:-1","max-image-preview":"max-image-preview:large","max-video-preview":"max-video-preview:-1"},"canonical":"https:\/\/dicodusport.fr\/blog\/monaco-a-besoin-de-renforts-un-ancien-de-lille-pourrait-debarquer-en-principaute\/","og_locale":"fr_FR","og_type":"article","og_title":"Monaco a besoin de renforts : un ancien de Lille pourrait d\u00e9barquer en Principaut\u00e9","og_description":"LIGUE 1 2025\/2026 - Pour densifier son milieu de terrain, l'AS Monaco lorgne sur un joueur bien connu par les amateurs du championnat de France.","og_url":"https:\/\/dicodusport.fr\/blog\/monaco-a-besoin-de-renforts-un-ancien-de-lille-pourrait-debarquer-en-principaute\/","og_site_name":"Dicodusport","article_publisher":"https:\/\/www.facebook.com\/dicodusport","article_published_time":"2026-01-07T16:31:23+00:00","article_modified_time":"2026-01-30T14:07:28+00:00","og_image":[{"width":1200,"height":674,"url":"https:\/\/dicodusport.fr\/blog\/wp-content\/uploads\/2026\/01\/Monaco-a-besoin-de-renforts-un-ancien-de-Lille-pourrait-debarquer-en-Principaute.png","type":"image\/png"}],"author":"Maxime Cazenave","twitter_card":"summary_large_image","twitter_title":"Monaco a besoin de renforts : un ancien de Lille pourrait d\u00e9barquer en Principaut\u00e9","twitter_creator":"@https:\/\/twitter.com\/Maxime_Caze","twitter_site":"@dicodusport","schema":{"@context":"https:\/\/schema.org","@graph":[{"@type":"NewsArticle","@id":"https:\/\/dicodusport.fr\/blog\/monaco-a-besoin-de-renforts-un-ancien-de-lille-pourrait-debarquer-en-principaute\/#article","isPartOf":{"@id":"https:\/\/dicodusport.fr\/blog\/monaco-a-besoin-de-renforts-un-ancien-de-lille-pourrait-debarquer-en-principaute\/"},"author":{"name":"Maxime Cazenave","@id":"https:\/\/dicodusport.fr\/blog\/#\/schema\/person\/37def232098a7a5cbab3974a3690abb0"},"headline":"Monaco a besoin de renforts : un ancien de Lille pourrait d\u00e9barquer en Principaut\u00e9","datePublished":"2026-01-07T16:31:23+00:00","dateModified":"2026-01-30T14:07:28+00:00","mainEntityOfPage":{"@id":"https:\/\/dicodusport.fr\/blog\/monaco-a-besoin-de-renforts-un-ancien-de-lille-pourrait-debarquer-en-principaute\/"},"wordCount":585,"commentCount":0,"publisher":{"@id":"https:\/\/dicodusport.fr\/blog\/#organization"},"image":{"@id":"https:\/\/dicodusport.fr\/blog\/monaco-a-besoin-de-renforts-un-ancien-de-lille-pourrait-debarquer-en-principaute\/#primaryimage"},"thumbnailUrl":"https:\/\/dicodusport.fr\/blog\/wp-content\/uploads\/2026\/01\/Monaco-a-besoin-de-renforts-un-ancien-de-Lille-pourrait-debarquer-en-Principaute.png","keywords":["br\u00e8ve","Ligue 1","Mercato football","Monaco","Transferts football"],"articleSection":["Ligue 1"],"inLanguage":"fr-FR","potentialAction":[{"@type":"CommentAction","name":"Comment","target":["https:\/\/dicodusport.fr\/blog\/monaco-a-besoin-de-renforts-un-ancien-de-lille-pourrait-debarquer-en-principaute\/#respond"]}],"copyrightYear":"2026","copyrightHolder":{"@id":"https:\/\/dicodusport.fr\/blog\/#organization"}},{"@type":"WebPage","@id":"https:\/\/dicodusport.fr\/blog\/monaco-a-besoin-de-renforts-un-ancien-de-lille-pourrait-debarquer-en-principaute\/","url":"https:\/\/dicodusport.fr\/blog\/monaco-a-besoin-de-renforts-un-ancien-de-lille-pourrait-debarquer-en-principaute\/","name":"Monaco a besoin de renforts : un ancien de Lille pourrait d\u00e9barquer en Principaut\u00e9","isPartOf":{"@id":"https:\/\/dicodusport.fr\/blog\/#website"},"primaryImageOfPage":{"@id":"https:\/\/dicodusport.fr\/blog\/monaco-a-besoin-de-renforts-un-ancien-de-lille-pourrait-debarquer-en-principaute\/#primaryimage"},"image":{"@id":"https:\/\/dicodusport.fr\/blog\/monaco-a-besoin-de-renforts-un-ancien-de-lille-pourrait-debarquer-en-principaute\/#primaryimage"},"thumbnailUrl":"https:\/\/dicodusport.fr\/blog\/wp-content\/uploads\/2026\/01\/Monaco-a-besoin-de-renforts-un-ancien-de-Lille-pourrait-debarquer-en-Principaute.png","datePublished":"2026-01-07T16:31:23+00:00","dateModified":"2026-01-30T14:07:28+00:00","description":"LIGUE 1 2025\/2026 - Pour densifier son milieu de terrain, l'AS Monaco lorgne sur un joueur bien connu par les amateurs du championnat de France.","breadcrumb":{"@id":"https:\/\/dicodusport.fr\/blog\/monaco-a-besoin-de-renforts-un-ancien-de-lille-pourrait-debarquer-en-principaute\/#breadcrumb"},"inLanguage":"fr-FR","potentialAction":[{"@type":"ReadAction","target":["https:\/\/dicodusport.fr\/blog\/monaco-a-besoin-de-renforts-un-ancien-de-lille-pourrait-debarquer-en-principaute\/"]}]},{"@type":"ImageObject","inLanguage":"fr-FR","@id":"https:\/\/dicodusport.fr\/blog\/monaco-a-besoin-de-renforts-un-ancien-de-lille-pourrait-debarquer-en-principaute\/#primaryimage","url":"https:\/\/dicodusport.fr\/blog\/wp-content\/uploads\/2026\/01\/Monaco-a-besoin-de-renforts-un-ancien-de-Lille-pourrait-debarquer-en-Principaute.png","contentUrl":"https:\/\/dicodusport.fr\/blog\/wp-content\/uploads\/2026\/01\/Monaco-a-besoin-de-renforts-un-ancien-de-Lille-pourrait-debarquer-en-Principaute.png","width":1200,"height":674,"caption":"Monaco a besoin de renforts : un ancien de Lille pourrait d\u00e9barquer en Principaut\u00e9"},{"@type":"BreadcrumbList","@id":"https:\/\/dicodusport.fr\/blog\/monaco-a-besoin-de-renforts-un-ancien-de-lille-pourrait-debarquer-en-principaute\/#breadcrumb","itemListElement":[{"@type":"ListItem","position":1,"name":"Accueil","item":"https:\/\/dicodusport.fr\/blog\/"},{"@type":"ListItem","position":2,"name":"Monaco a besoin de renforts : un ancien de Lille pourrait d\u00e9barquer en Principaut\u00e9"}]},{"@type":"WebSite","@id":"https:\/\/dicodusport.fr\/blog\/#website","url":"https:\/\/dicodusport.fr\/blog\/","name":"Dicodusport","description":"L&#039;encyclop\u00e9die de l&#039;actualit\u00e9 sportive","publisher":{"@id":"https:\/\/dicodusport.fr\/blog\/#organization"},"potentialAction":[{"@type":"SearchAction","target":{"@type":"EntryPoint","urlTemplate":"https:\/\/dicodusport.fr\/blog\/?s={search_term_string}"},"query-input":{"@type":"PropertyValueSpecification","valueRequired":true,"valueName":"search_term_string"}}],"inLanguage":"fr-FR"},{"@type":"NewsMediaOrganization","@id":"https:\/\/dicodusport.fr\/blog\/#organization","name":"Dicodusport","url":"https:\/\/dicodusport.fr\/blog\/","logo":{"@type":"ImageObject","inLanguage":"fr-FR","@id":"https:\/\/dicodusport.fr\/blog\/#\/schema\/logo\/image\/","url":"https:\/\/dicodusport.fr\/blog\/wp-content\/uploads\/2020\/06\/cropped-LOGO-DICODUSPORT-2020-SANS-FOND-SANS-TEXTE.png","contentUrl":"https:\/\/dicodusport.fr\/blog\/wp-content\/uploads\/2020\/06\/cropped-LOGO-DICODUSPORT-2020-SANS-FOND-SANS-TEXTE.png","width":512,"height":512,"caption":"Dicodusport"},"image":{"@id":"https:\/\/dicodusport.fr\/blog\/#\/schema\/logo\/image\/"},"sameAs":["https:\/\/www.facebook.com\/dicodusport","https:\/\/x.com\/dicodusport","https:\/\/www.instagram.com\/dicodusport\/","https:\/\/www.youtube.com\/channel\/UC7V2KZ5sd3htJivAbA4ZG3w"],"description":"Dicodusport est l'encyclop\u00e9die de l'actualit\u00e9 sportive.","email":"bonjour@dicodusport.fr","legalName":"DICODUSPORT","foundingDate":"2018-01-14","vatID":"FR71834470973","taxID":"83447097300043","numberOfEmployees":{"@type":"QuantitativeValue","minValue":"1","maxValue":"10"}},{"@type":"Person","@id":"https:\/\/dicodusport.fr\/blog\/#\/schema\/person\/37def232098a7a5cbab3974a3690abb0","name":"Maxime Cazenave","image":{"@type":"ImageObject","inLanguage":"fr-FR","@id":"https:\/\/dicodusport.fr\/blog\/#\/schema\/person\/image\/","url":"https:\/\/dicodusport.fr\/blog\/wp-content\/uploads\/2021\/05\/Maxime-Cazenave-150x150.jpg","contentUrl":"https:\/\/dicodusport.fr\/blog\/wp-content\/uploads\/2021\/05\/Maxime-Cazenave-150x150.jpg","caption":"Maxime Cazenave"},"description":"Journaliste\/R\u00e9dacteur depuis 2012 - Berc\u00e9 par l\u2019amour des Girondins de Bordeaux, les \u00e9checs de Christophe Moreau sur le Tour de France sous l'\u00e8re Lance Armstrong et le fade-away l\u00e9tal de Dirk Nowitzki, ma passion d\u00e9vorante pour le sport a toujours \u00e9t\u00e9 un pan incontournable de ma vie. Transmettre ma passion \u00e0 l\u2019\u00e9crit a \u00e9t\u00e9 une transition naturelle. Suiveur assidu de basket et de hockey sur glace, je garde toujours un peu de place pour suivre le cyclisme, le football et le maximum de performances fran\u00e7aises.","sameAs":["https:\/\/x.com\/https:\/\/twitter.com\/Maxime_Caze"],"url":"https:\/\/dicodusport.fr\/blog\/author\/maximec\/"}]}},"_links":{"self":[{"href":"https:\/\/dicodusport.fr\/blog\/wp-json\/wp\/v2\/posts\/636393","targetHints":{"allow":["GET"]}}],"collection":[{"href":"https:\/\/dicodusport.fr\/blog\/wp-json\/wp\/v2\/posts"}],"about":[{"href":"https:\/\/dicodusport.fr\/blog\/wp-json\/wp\/v2\/types\/post"}],"author":[{"embeddable":true,"href":"https:\/\/dicodusport.fr\/blog\/wp-json\/wp\/v2\/users\/55"}],"replies":[{"embeddable":true,"href":"https:\/\/dicodusport.fr\/blog\/wp-json\/wp\/v2\/comments?post=636393"}],"version-history":[{"count":3,"href":"https:\/\/dicodusport.fr\/blog\/wp-json\/wp\/v2\/posts\/636393\/revisions"}],"predecessor-version":[{"id":636413,"href":"https:\/\/dicodusport.fr\/blog\/wp-json\/wp\/v2\/posts\/636393\/revisions\/636413"}],"wp:featuredmedia":[{"embeddable":true,"href":"https:\/\/dicodusport.fr\/blog\/wp-json\/wp\/v2\/media\/636395"}],"wp:attachment":[{"href":"https:\/\/dicodusport.fr\/blog\/wp-json\/wp\/v2\/media?parent=636393"}],"wp:term":[{"taxonomy":"category","embeddable":true,"href":"https:\/\/dicodusport.fr\/blog\/wp-json\/wp\/v2\/categories?post=636393"},{"taxonomy":"post_tag","embeddable":true,"href":"https:\/\/dicodusport.fr\/blog\/wp-json\/wp\/v2\/tags?post=636393"}],"curies":[{"name":"wp","href":"https:\/\/api.w.org\/{rel}","templated":true}]}}