{"id":636661,"date":"2026-01-08T16:25:01","date_gmt":"2026-01-08T15:25:01","guid":{"rendered":"https:\/\/dicodusport.fr\/blog\/?p=636661&#038;preview=true&#038;preview_id=636661"},"modified":"2026-01-08T18:27:07","modified_gmt":"2026-01-08T17:27:07","slug":"paul-magnier-blinde-le-sprinteur-francais-est-fixe-sur-son-avenir-a-long-terme","status":"publish","type":"post","link":"https:\/\/dicodusport.fr\/blog\/paul-magnier-blinde-le-sprinteur-francais-est-fixe-sur-son-avenir-a-long-terme\/","title":{"rendered":"Paul Magnier blind\u00e9 : le sprinteur fran\u00e7ais est fix\u00e9 sur son avenir \u00e0 long terme"},"content":{"rendered":"<p style=\"text-align: justify;\"><strong><em>CYCLISME SUR ROUTE &#8211; Initialement li\u00e9 \u00e0 la Soudal Quick-Step jusqu&rsquo;en 2027, le sprinteur fran\u00e7ais Paul Magnier prolonge son contrat jusqu&rsquo;en 2029.<\/em><\/strong><\/p>\n<p style=\"text-align: justify;\">La structure belge <strong>Soudal Quick-Step<\/strong> a assur\u00e9 la pr\u00e9sence de sa p\u00e9pite <strong>Paul Magnier<\/strong> jusqu&rsquo;en 2029 aujourd&rsquo;hui. Le Fran\u00e7ais a sign\u00e9 une prolongation de contrat de deux ans suppl\u00e9mentaires aujourd&rsquo;hui. Fort de 18 victoires l&rsquo;an pass\u00e9, il s&rsquo;affirme comme l&rsquo;une des nouvelles terreurs du sprint mondial.<\/p>\n<blockquote class=\"twitter-tweet\">\n<p dir=\"ltr\" lang=\"fr\">Paul Magnier prolonge avec Soudal-QuickStep jusqu&rsquo;en 2029 ! Le Fran\u00e7ais (21 ans) \u00e9tait initialement li\u00e9 avec l&rsquo;\u00e9quipe belge jusqu&rsquo;en 2027. <a href=\"https:\/\/twitter.com\/hashtag\/Mercato?src=hash&amp;ref_src=twsrc%5Etfw\">#Mercato<\/a><\/p>\n<p>Il d\u00e9butera par ailleurs sa saison 2026 le 25 janvier, sur la Classique de la Communaut\u00e9 de Valence. <a href=\"https:\/\/t.co\/dsHTfEcTGb\">pic.twitter.com\/dsHTfEcTGb<\/a><\/p>\n<p>\u2014 Le Gruppetto (@LeGruppetto) <a href=\"https:\/\/twitter.com\/LeGruppetto\/status\/2009277960256213136?ref_src=twsrc%5Etfw\">January 8, 2026<\/a><\/p><\/blockquote>\n<p style=\"text-align: justify;\"><script async src=\"https:\/\/platform.twitter.com\/widgets.js\" charset=\"utf-8\"><\/script><\/p>\n<h2 style=\"text-align: justify;\">Objectif Grand Tour ?<\/h2>\n<p style=\"text-align: justify;\">Apr\u00e8s avoir glan\u00e9 ses premi\u00e8res victoires l&rsquo;an pass\u00e9 en World Tour sur le Tour de Guangxi, le Fran\u00e7ais voudra certainement se rapprocher du gratin mondial,<strong> Tim Merlier<\/strong> et <strong>Jonathan Milan<\/strong> en t\u00eate, partant notamment \u00e0 la recherche de victoires d&rsquo;\u00e9tapes en Grand Tour et pourquoi pas briller sur les plus grandes classiques.<\/p>\n<p style=\"text-align: justify;\">En tout cas, il reprendra sa saison plus modestement d\u00e8s le 25 janvier sur la Classique de la Communaut\u00e9 de Valence. Il participera ensuite \u00e0 plusieurs semi-classiques et classiques flandriennes, comme le Het Nieuwsblad, le Grand Prix E3 ou \u00c0 Travers les Flandres, avant de retrouver le Tour d&rsquo;Italie, <a href=\"https:\/\/dicodusport.fr\/blog\/tour-ditalie-2025-giro-termine-pour-paul-magnier\/\">qu&rsquo;il avait d\u00fb abandonner l&rsquo;an dernier<\/a>. Apr\u00e8s la prolongation de <strong>Valentin Paret-Peintre<\/strong>, la Soudal Quick-Step continue de blinder ses \u00e9l\u00e9ments forts.<\/p>\n<h3 style=\"text-align: justify;\">Dicodusport vous conseille<\/h3>\n<div class=\"vlp-link-container vlp-layout-article\"><a href=\"https:\/\/dicodusport.fr\/blog\/confiance-renouvelee-valentin-paret-peintre-prolonge-chez-soudal-quick-step\/\" class=\"vlp-link\" title=\"Confiance renouvel\u00e9e : Valentin Paret-Peintre prolonge chez Soudal Quick-Step\"><\/a><div class=\"vlp-layout-zone-side\"><div class=\"vlp-block-4 vlp-link-image\"><img loading=\"lazy\" decoding=\"async\" style=\"max-width: 792px;\" width=\"792\" height=\"445\" src=\"https:\/\/dicodusport.fr\/blog\/wp-content\/uploads\/2026\/01\/Confiance-renouvelee-Valentin-Paret-Peintre-prolonge-chez-Soudal-Quick-Step-1.png\" class=\"attachment-800x445 size-800x445\" alt=\"Confiance renouvel\u00e9e : Valentin Paret-Peintre prolonge chez Soudal Quick-Step\" srcset=\"https:\/\/dicodusport.fr\/blog\/wp-content\/uploads\/2026\/01\/Confiance-renouvelee-Valentin-Paret-Peintre-prolonge-chez-Soudal-Quick-Step-1.png 1200w, https:\/\/dicodusport.fr\/blog\/wp-content\/uploads\/2026\/01\/Confiance-renouvelee-Valentin-Paret-Peintre-prolonge-chez-Soudal-Quick-Step-1-300x169.png 300w, https:\/\/dicodusport.fr\/blog\/wp-content\/uploads\/2026\/01\/Confiance-renouvelee-Valentin-Paret-Peintre-prolonge-chez-Soudal-Quick-Step-1-1024x575.png 1024w, https:\/\/dicodusport.fr\/blog\/wp-content\/uploads\/2026\/01\/Confiance-renouvelee-Valentin-Paret-Peintre-prolonge-chez-Soudal-Quick-Step-1-768x431.png 768w\" sizes=\"auto, (max-width: 792px) 100vw, 792px\" \/><\/div><\/div><div class=\"vlp-layout-zone-main\"><div class=\"vlp-block-0 vlp-link-title\">Confiance renouvel\u00e9e : Valentin Paret-Peintre prolonge chez Soudal Quick-Step<\/div><div class=\"vlp-block-1 vlp-link-summary\">TRANSFERTS CYCLISME - Valentin Paret-Peintre prolonge jusqu'en 2028 avec la formation belge de la Soudal-Quick Step.<\/div><div class=\"vlp-block-2 vlp-link-button\">Lire l'article<\/div><div class=\"vlp-block-3 vlp-link-url\">dicodusport.fr<\/div><\/div><\/div>\n<div id=\"gtx-trans\" style=\"position: absolute; left: -14px; top: 40.9091px;\">\n<div class=\"gtx-trans-icon\" style=\"text-align: justify;\"><\/div>\n<\/div>\n","protected":false},"excerpt":{"rendered":"<p>CYCLISME SUR ROUTE &#8211; Initialement li\u00e9 \u00e0 la Soudal Quick-Step jusqu&rsquo;en 2027, le sprinteur fran\u00e7ais Paul Magnier prolonge son contrat jusqu&rsquo;en 2029.<\/p>\n","protected":false},"author":92,"featured_media":618737,"comment_status":"open","ping_status":"closed","sticky":false,"template":"","format":"standard","meta":{"_acf_changed":false,"_daextam_enable_autolinks":"1","footnotes":""},"categories":[46994],"tags":[3119,16878,11197,8388],"class_list":["post-636661","post","type-post","status-publish","format-standard","has-post-thumbnail","hentry","category-cyclisme-sur-route","tag-actualite-cyclisme","tag-breve","tag-cyclisme-sur-route","tag-transferts-cyclisme"],"acf":[],"yoast_head":"<!-- This site is optimized with the Yoast SEO Premium plugin v26.7 (Yoast SEO v26.7) - https:\/\/yoast.com\/wordpress\/plugins\/seo\/ -->\n<title>Paul Magnier blind\u00e9 : le sprinteur fran\u00e7ais est fix\u00e9 sur son avenir \u00e0 long terme<\/title>\n<meta name=\"description\" content=\"CYCLISME SUR ROUTE - Initialement li\u00e9 \u00e0 la Soudal Quick-Step jusqu&#039;en 2027, le sprinteur fran\u00e7ais Paul Magnier prolonge son contrat jusqu&#039;en 2029.\" \/>\n<meta name=\"robots\" content=\"index, follow, max-snippet:-1, max-image-preview:large, max-video-preview:-1\" \/>\n<link rel=\"canonical\" href=\"https:\/\/dicodusport.fr\/blog\/paul-magnier-blinde-le-sprinteur-francais-est-fixe-sur-son-avenir-a-long-terme\/\" \/>\n<meta property=\"og:locale\" content=\"fr_FR\" \/>\n<meta property=\"og:type\" content=\"article\" \/>\n<meta property=\"og:title\" content=\"Paul Magnier blind\u00e9 : le sprinteur fran\u00e7ais est fix\u00e9 sur son avenir \u00e0 long terme\" \/>\n<meta property=\"og:description\" content=\"CYCLISME SUR ROUTE - Initialement li\u00e9 \u00e0 la Soudal Quick-Step jusqu&#039;en 2027, le sprinteur fran\u00e7ais Paul Magnier prolonge son contrat jusqu&#039;en 2029.\" \/>\n<meta property=\"og:url\" content=\"https:\/\/dicodusport.fr\/blog\/paul-magnier-blinde-le-sprinteur-francais-est-fixe-sur-son-avenir-a-long-terme\/\" \/>\n<meta property=\"og:site_name\" content=\"Dicodusport\" \/>\n<meta property=\"article:publisher\" content=\"https:\/\/www.facebook.com\/dicodusport\" \/>\n<meta property=\"article:published_time\" content=\"2026-01-08T15:25:01+00:00\" \/>\n<meta property=\"article:modified_time\" content=\"2026-01-08T17:27:07+00:00\" \/>\n<meta property=\"og:image\" content=\"https:\/\/dicodusport.fr\/blog\/wp-content\/uploads\/2025\/10\/Tour-du-Guangxi-2025-Paul-Magnier-decroche-son-15eme-succes-de-lannee-en-raflant-la-1ere-etape.png\" \/>\n\t<meta property=\"og:image:width\" content=\"1200\" \/>\n\t<meta property=\"og:image:height\" content=\"674\" \/>\n\t<meta property=\"og:image:type\" content=\"image\/png\" \/>\n<meta name=\"author\" content=\"Olivier Dobiezynski\" \/>\n<meta name=\"twitter:card\" content=\"summary_large_image\" \/>\n<meta name=\"twitter:title\" content=\"Paul Magnier blind\u00e9 : le sprinteur fran\u00e7ais est fix\u00e9 sur son avenir \u00e0 long terme\" \/>\n<meta name=\"twitter:creator\" content=\"@https:\/\/x.com\/Olivier_Matros\" \/>\n<meta name=\"twitter:site\" content=\"@dicodusport\" \/>\n<script type=\"application\/ld+json\" class=\"yoast-schema-graph\">{\"@context\":\"https:\/\/schema.org\",\"@graph\":[{\"@type\":\"NewsArticle\",\"@id\":\"https:\/\/dicodusport.fr\/blog\/paul-magnier-blinde-le-sprinteur-francais-est-fixe-sur-son-avenir-a-long-terme\/#article\",\"isPartOf\":{\"@id\":\"https:\/\/dicodusport.fr\/blog\/paul-magnier-blinde-le-sprinteur-francais-est-fixe-sur-son-avenir-a-long-terme\/\"},\"author\":{\"name\":\"Olivier Dobiezynski\",\"@id\":\"https:\/\/dicodusport.fr\/blog\/#\/schema\/person\/fe500246414ca17ddf0c0312d7a792cc\"},\"headline\":\"Paul Magnier blind\u00e9 : le sprinteur fran\u00e7ais est fix\u00e9 sur son avenir \u00e0 long terme\",\"datePublished\":\"2026-01-08T15:25:01+00:00\",\"dateModified\":\"2026-01-08T17:27:07+00:00\",\"mainEntityOfPage\":{\"@id\":\"https:\/\/dicodusport.fr\/blog\/paul-magnier-blinde-le-sprinteur-francais-est-fixe-sur-son-avenir-a-long-terme\/\"},\"wordCount\":359,\"commentCount\":0,\"publisher\":{\"@id\":\"https:\/\/dicodusport.fr\/blog\/#organization\"},\"image\":{\"@id\":\"https:\/\/dicodusport.fr\/blog\/paul-magnier-blinde-le-sprinteur-francais-est-fixe-sur-son-avenir-a-long-terme\/#primaryimage\"},\"thumbnailUrl\":\"https:\/\/dicodusport.fr\/blog\/wp-content\/uploads\/2025\/10\/Tour-du-Guangxi-2025-Paul-Magnier-decroche-son-15eme-succes-de-lannee-en-raflant-la-1ere-etape.png\",\"keywords\":[\"Actualit\u00e9 Cyclisme\",\"br\u00e8ve\",\"Cyclisme sur route\",\"Transferts Cyclisme\"],\"articleSection\":[\"Cyclisme sur route\"],\"inLanguage\":\"fr-FR\",\"potentialAction\":[{\"@type\":\"CommentAction\",\"name\":\"Comment\",\"target\":[\"https:\/\/dicodusport.fr\/blog\/paul-magnier-blinde-le-sprinteur-francais-est-fixe-sur-son-avenir-a-long-terme\/#respond\"]}],\"copyrightYear\":\"2026\",\"copyrightHolder\":{\"@id\":\"https:\/\/dicodusport.fr\/blog\/#organization\"}},{\"@type\":\"WebPage\",\"@id\":\"https:\/\/dicodusport.fr\/blog\/paul-magnier-blinde-le-sprinteur-francais-est-fixe-sur-son-avenir-a-long-terme\/\",\"url\":\"https:\/\/dicodusport.fr\/blog\/paul-magnier-blinde-le-sprinteur-francais-est-fixe-sur-son-avenir-a-long-terme\/\",\"name\":\"Paul Magnier blind\u00e9 : le sprinteur fran\u00e7ais est fix\u00e9 sur son avenir \u00e0 long terme\",\"isPartOf\":{\"@id\":\"https:\/\/dicodusport.fr\/blog\/#website\"},\"primaryImageOfPage\":{\"@id\":\"https:\/\/dicodusport.fr\/blog\/paul-magnier-blinde-le-sprinteur-francais-est-fixe-sur-son-avenir-a-long-terme\/#primaryimage\"},\"image\":{\"@id\":\"https:\/\/dicodusport.fr\/blog\/paul-magnier-blinde-le-sprinteur-francais-est-fixe-sur-son-avenir-a-long-terme\/#primaryimage\"},\"thumbnailUrl\":\"https:\/\/dicodusport.fr\/blog\/wp-content\/uploads\/2025\/10\/Tour-du-Guangxi-2025-Paul-Magnier-decroche-son-15eme-succes-de-lannee-en-raflant-la-1ere-etape.png\",\"datePublished\":\"2026-01-08T15:25:01+00:00\",\"dateModified\":\"2026-01-08T17:27:07+00:00\",\"description\":\"CYCLISME SUR ROUTE - Initialement li\u00e9 \u00e0 la Soudal Quick-Step jusqu'en 2027, le sprinteur fran\u00e7ais Paul Magnier prolonge son contrat jusqu'en 2029.\",\"breadcrumb\":{\"@id\":\"https:\/\/dicodusport.fr\/blog\/paul-magnier-blinde-le-sprinteur-francais-est-fixe-sur-son-avenir-a-long-terme\/#breadcrumb\"},\"inLanguage\":\"fr-FR\",\"potentialAction\":[{\"@type\":\"ReadAction\",\"target\":[\"https:\/\/dicodusport.fr\/blog\/paul-magnier-blinde-le-sprinteur-francais-est-fixe-sur-son-avenir-a-long-terme\/\"]}]},{\"@type\":\"ImageObject\",\"inLanguage\":\"fr-FR\",\"@id\":\"https:\/\/dicodusport.fr\/blog\/paul-magnier-blinde-le-sprinteur-francais-est-fixe-sur-son-avenir-a-long-terme\/#primaryimage\",\"url\":\"https:\/\/dicodusport.fr\/blog\/wp-content\/uploads\/2025\/10\/Tour-du-Guangxi-2025-Paul-Magnier-decroche-son-15eme-succes-de-lannee-en-raflant-la-1ere-etape.png\",\"contentUrl\":\"https:\/\/dicodusport.fr\/blog\/wp-content\/uploads\/2025\/10\/Tour-du-Guangxi-2025-Paul-Magnier-decroche-son-15eme-succes-de-lannee-en-raflant-la-1ere-etape.png\",\"width\":1200,\"height\":674,\"caption\":\"Paul Magnier blind\u00e9 le sprinteur fran\u00e7ais est fix\u00e9 sur son avenir \u00e0 long terme\"},{\"@type\":\"BreadcrumbList\",\"@id\":\"https:\/\/dicodusport.fr\/blog\/paul-magnier-blinde-le-sprinteur-francais-est-fixe-sur-son-avenir-a-long-terme\/#breadcrumb\",\"itemListElement\":[{\"@type\":\"ListItem\",\"position\":1,\"name\":\"Accueil\",\"item\":\"https:\/\/dicodusport.fr\/blog\/\"},{\"@type\":\"ListItem\",\"position\":2,\"name\":\"Paul Magnier blind\u00e9 : le sprinteur fran\u00e7ais est fix\u00e9 sur son avenir \u00e0 long terme\"}]},{\"@type\":\"WebSite\",\"@id\":\"https:\/\/dicodusport.fr\/blog\/#website\",\"url\":\"https:\/\/dicodusport.fr\/blog\/\",\"name\":\"Dicodusport\",\"description\":\"L&#039;encyclop\u00e9die de l&#039;actualit\u00e9 sportive\",\"publisher\":{\"@id\":\"https:\/\/dicodusport.fr\/blog\/#organization\"},\"potentialAction\":[{\"@type\":\"SearchAction\",\"target\":{\"@type\":\"EntryPoint\",\"urlTemplate\":\"https:\/\/dicodusport.fr\/blog\/?s={search_term_string}\"},\"query-input\":{\"@type\":\"PropertyValueSpecification\",\"valueRequired\":true,\"valueName\":\"search_term_string\"}}],\"inLanguage\":\"fr-FR\"},{\"@type\":\"NewsMediaOrganization\",\"@id\":\"https:\/\/dicodusport.fr\/blog\/#organization\",\"name\":\"Dicodusport\",\"url\":\"https:\/\/dicodusport.fr\/blog\/\",\"logo\":{\"@type\":\"ImageObject\",\"inLanguage\":\"fr-FR\",\"@id\":\"https:\/\/dicodusport.fr\/blog\/#\/schema\/logo\/image\/\",\"url\":\"https:\/\/dicodusport.fr\/blog\/wp-content\/uploads\/2020\/06\/cropped-LOGO-DICODUSPORT-2020-SANS-FOND-SANS-TEXTE.png\",\"contentUrl\":\"https:\/\/dicodusport.fr\/blog\/wp-content\/uploads\/2020\/06\/cropped-LOGO-DICODUSPORT-2020-SANS-FOND-SANS-TEXTE.png\",\"width\":512,\"height\":512,\"caption\":\"Dicodusport\"},\"image\":{\"@id\":\"https:\/\/dicodusport.fr\/blog\/#\/schema\/logo\/image\/\"},\"sameAs\":[\"https:\/\/www.facebook.com\/dicodusport\",\"https:\/\/x.com\/dicodusport\",\"https:\/\/www.instagram.com\/dicodusport\/\",\"https:\/\/www.youtube.com\/channel\/UC7V2KZ5sd3htJivAbA4ZG3w\"],\"description\":\"Dicodusport est l'encyclop\u00e9die de l'actualit\u00e9 sportive.\",\"email\":\"bonjour@dicodusport.fr\",\"legalName\":\"DICODUSPORT\",\"foundingDate\":\"2018-01-14\",\"vatID\":\"FR71834470973\",\"taxID\":\"83447097300043\",\"numberOfEmployees\":{\"@type\":\"QuantitativeValue\",\"minValue\":\"1\",\"maxValue\":\"10\"}},{\"@type\":\"Person\",\"@id\":\"https:\/\/dicodusport.fr\/blog\/#\/schema\/person\/fe500246414ca17ddf0c0312d7a792cc\",\"name\":\"Olivier Dobiezynski\",\"image\":{\"@type\":\"ImageObject\",\"inLanguage\":\"fr-FR\",\"@id\":\"https:\/\/dicodusport.fr\/blog\/#\/schema\/person\/image\/\",\"url\":\"https:\/\/dicodusport.fr\/blog\/wp-content\/uploads\/2024\/09\/5be8fe8d-9962-4f1e-ad06-d6f9dee30e6d-150x150.jpg\",\"contentUrl\":\"https:\/\/dicodusport.fr\/blog\/wp-content\/uploads\/2024\/09\/5be8fe8d-9962-4f1e-ad06-d6f9dee30e6d-150x150.jpg\",\"caption\":\"Olivier Dobiezynski\"},\"description\":\"Depuis le milieu des ann\u00e9es 90, la passion du cyclisme m'anime. Mes h\u00e9ros s'appellent Luc Leblanc, Piotr Ugrumov, Paolo Savoldelli, Peter Sagan et bien \u00e9videmment Romain Bardet. R\u00e9dacteur depuis 2023, je suis ici pour partager cet amour de la Petite Reine. Vous pourrez me lire \u00e9galement sur du trail, du ski de fond et tout autre sujet susceptible d'\u00e9veiller ma curiosit\u00e9 sportive.\",\"sameAs\":[\"https:\/\/x.com\/https:\/\/x.com\/Olivier_Matros\"],\"url\":\"https:\/\/dicodusport.fr\/blog\/author\/olivier-gh\/\"}]}<\/script>\n<!-- \/ Yoast SEO Premium plugin. -->","yoast_head_json":{"title":"Paul Magnier blind\u00e9 : le sprinteur fran\u00e7ais est fix\u00e9 sur son avenir \u00e0 long terme","description":"CYCLISME SUR ROUTE - Initialement li\u00e9 \u00e0 la Soudal Quick-Step jusqu'en 2027, le sprinteur fran\u00e7ais Paul Magnier prolonge son contrat jusqu'en 2029.","robots":{"index":"index","follow":"follow","max-snippet":"max-snippet:-1","max-image-preview":"max-image-preview:large","max-video-preview":"max-video-preview:-1"},"canonical":"https:\/\/dicodusport.fr\/blog\/paul-magnier-blinde-le-sprinteur-francais-est-fixe-sur-son-avenir-a-long-terme\/","og_locale":"fr_FR","og_type":"article","og_title":"Paul Magnier blind\u00e9 : le sprinteur fran\u00e7ais est fix\u00e9 sur son avenir \u00e0 long terme","og_description":"CYCLISME SUR ROUTE - Initialement li\u00e9 \u00e0 la Soudal Quick-Step jusqu'en 2027, le sprinteur fran\u00e7ais Paul Magnier prolonge son contrat jusqu'en 2029.","og_url":"https:\/\/dicodusport.fr\/blog\/paul-magnier-blinde-le-sprinteur-francais-est-fixe-sur-son-avenir-a-long-terme\/","og_site_name":"Dicodusport","article_publisher":"https:\/\/www.facebook.com\/dicodusport","article_published_time":"2026-01-08T15:25:01+00:00","article_modified_time":"2026-01-08T17:27:07+00:00","og_image":[{"width":1200,"height":674,"url":"https:\/\/dicodusport.fr\/blog\/wp-content\/uploads\/2025\/10\/Tour-du-Guangxi-2025-Paul-Magnier-decroche-son-15eme-succes-de-lannee-en-raflant-la-1ere-etape.png","type":"image\/png"}],"author":"Olivier Dobiezynski","twitter_card":"summary_large_image","twitter_title":"Paul Magnier blind\u00e9 : le sprinteur fran\u00e7ais est fix\u00e9 sur son avenir \u00e0 long terme","twitter_creator":"@https:\/\/x.com\/Olivier_Matros","twitter_site":"@dicodusport","schema":{"@context":"https:\/\/schema.org","@graph":[{"@type":"NewsArticle","@id":"https:\/\/dicodusport.fr\/blog\/paul-magnier-blinde-le-sprinteur-francais-est-fixe-sur-son-avenir-a-long-terme\/#article","isPartOf":{"@id":"https:\/\/dicodusport.fr\/blog\/paul-magnier-blinde-le-sprinteur-francais-est-fixe-sur-son-avenir-a-long-terme\/"},"author":{"name":"Olivier Dobiezynski","@id":"https:\/\/dicodusport.fr\/blog\/#\/schema\/person\/fe500246414ca17ddf0c0312d7a792cc"},"headline":"Paul Magnier blind\u00e9 : le sprinteur fran\u00e7ais est fix\u00e9 sur son avenir \u00e0 long terme","datePublished":"2026-01-08T15:25:01+00:00","dateModified":"2026-01-08T17:27:07+00:00","mainEntityOfPage":{"@id":"https:\/\/dicodusport.fr\/blog\/paul-magnier-blinde-le-sprinteur-francais-est-fixe-sur-son-avenir-a-long-terme\/"},"wordCount":359,"commentCount":0,"publisher":{"@id":"https:\/\/dicodusport.fr\/blog\/#organization"},"image":{"@id":"https:\/\/dicodusport.fr\/blog\/paul-magnier-blinde-le-sprinteur-francais-est-fixe-sur-son-avenir-a-long-terme\/#primaryimage"},"thumbnailUrl":"https:\/\/dicodusport.fr\/blog\/wp-content\/uploads\/2025\/10\/Tour-du-Guangxi-2025-Paul-Magnier-decroche-son-15eme-succes-de-lannee-en-raflant-la-1ere-etape.png","keywords":["Actualit\u00e9 Cyclisme","br\u00e8ve","Cyclisme sur route","Transferts Cyclisme"],"articleSection":["Cyclisme sur route"],"inLanguage":"fr-FR","potentialAction":[{"@type":"CommentAction","name":"Comment","target":["https:\/\/dicodusport.fr\/blog\/paul-magnier-blinde-le-sprinteur-francais-est-fixe-sur-son-avenir-a-long-terme\/#respond"]}],"copyrightYear":"2026","copyrightHolder":{"@id":"https:\/\/dicodusport.fr\/blog\/#organization"}},{"@type":"WebPage","@id":"https:\/\/dicodusport.fr\/blog\/paul-magnier-blinde-le-sprinteur-francais-est-fixe-sur-son-avenir-a-long-terme\/","url":"https:\/\/dicodusport.fr\/blog\/paul-magnier-blinde-le-sprinteur-francais-est-fixe-sur-son-avenir-a-long-terme\/","name":"Paul Magnier blind\u00e9 : le sprinteur fran\u00e7ais est fix\u00e9 sur son avenir \u00e0 long terme","isPartOf":{"@id":"https:\/\/dicodusport.fr\/blog\/#website"},"primaryImageOfPage":{"@id":"https:\/\/dicodusport.fr\/blog\/paul-magnier-blinde-le-sprinteur-francais-est-fixe-sur-son-avenir-a-long-terme\/#primaryimage"},"image":{"@id":"https:\/\/dicodusport.fr\/blog\/paul-magnier-blinde-le-sprinteur-francais-est-fixe-sur-son-avenir-a-long-terme\/#primaryimage"},"thumbnailUrl":"https:\/\/dicodusport.fr\/blog\/wp-content\/uploads\/2025\/10\/Tour-du-Guangxi-2025-Paul-Magnier-decroche-son-15eme-succes-de-lannee-en-raflant-la-1ere-etape.png","datePublished":"2026-01-08T15:25:01+00:00","dateModified":"2026-01-08T17:27:07+00:00","description":"CYCLISME SUR ROUTE - Initialement li\u00e9 \u00e0 la Soudal Quick-Step jusqu'en 2027, le sprinteur fran\u00e7ais Paul Magnier prolonge son contrat jusqu'en 2029.","breadcrumb":{"@id":"https:\/\/dicodusport.fr\/blog\/paul-magnier-blinde-le-sprinteur-francais-est-fixe-sur-son-avenir-a-long-terme\/#breadcrumb"},"inLanguage":"fr-FR","potentialAction":[{"@type":"ReadAction","target":["https:\/\/dicodusport.fr\/blog\/paul-magnier-blinde-le-sprinteur-francais-est-fixe-sur-son-avenir-a-long-terme\/"]}]},{"@type":"ImageObject","inLanguage":"fr-FR","@id":"https:\/\/dicodusport.fr\/blog\/paul-magnier-blinde-le-sprinteur-francais-est-fixe-sur-son-avenir-a-long-terme\/#primaryimage","url":"https:\/\/dicodusport.fr\/blog\/wp-content\/uploads\/2025\/10\/Tour-du-Guangxi-2025-Paul-Magnier-decroche-son-15eme-succes-de-lannee-en-raflant-la-1ere-etape.png","contentUrl":"https:\/\/dicodusport.fr\/blog\/wp-content\/uploads\/2025\/10\/Tour-du-Guangxi-2025-Paul-Magnier-decroche-son-15eme-succes-de-lannee-en-raflant-la-1ere-etape.png","width":1200,"height":674,"caption":"Paul Magnier blind\u00e9 le sprinteur fran\u00e7ais est fix\u00e9 sur son avenir \u00e0 long terme"},{"@type":"BreadcrumbList","@id":"https:\/\/dicodusport.fr\/blog\/paul-magnier-blinde-le-sprinteur-francais-est-fixe-sur-son-avenir-a-long-terme\/#breadcrumb","itemListElement":[{"@type":"ListItem","position":1,"name":"Accueil","item":"https:\/\/dicodusport.fr\/blog\/"},{"@type":"ListItem","position":2,"name":"Paul Magnier blind\u00e9 : le sprinteur fran\u00e7ais est fix\u00e9 sur son avenir \u00e0 long terme"}]},{"@type":"WebSite","@id":"https:\/\/dicodusport.fr\/blog\/#website","url":"https:\/\/dicodusport.fr\/blog\/","name":"Dicodusport","description":"L&#039;encyclop\u00e9die de l&#039;actualit\u00e9 sportive","publisher":{"@id":"https:\/\/dicodusport.fr\/blog\/#organization"},"potentialAction":[{"@type":"SearchAction","target":{"@type":"EntryPoint","urlTemplate":"https:\/\/dicodusport.fr\/blog\/?s={search_term_string}"},"query-input":{"@type":"PropertyValueSpecification","valueRequired":true,"valueName":"search_term_string"}}],"inLanguage":"fr-FR"},{"@type":"NewsMediaOrganization","@id":"https:\/\/dicodusport.fr\/blog\/#organization","name":"Dicodusport","url":"https:\/\/dicodusport.fr\/blog\/","logo":{"@type":"ImageObject","inLanguage":"fr-FR","@id":"https:\/\/dicodusport.fr\/blog\/#\/schema\/logo\/image\/","url":"https:\/\/dicodusport.fr\/blog\/wp-content\/uploads\/2020\/06\/cropped-LOGO-DICODUSPORT-2020-SANS-FOND-SANS-TEXTE.png","contentUrl":"https:\/\/dicodusport.fr\/blog\/wp-content\/uploads\/2020\/06\/cropped-LOGO-DICODUSPORT-2020-SANS-FOND-SANS-TEXTE.png","width":512,"height":512,"caption":"Dicodusport"},"image":{"@id":"https:\/\/dicodusport.fr\/blog\/#\/schema\/logo\/image\/"},"sameAs":["https:\/\/www.facebook.com\/dicodusport","https:\/\/x.com\/dicodusport","https:\/\/www.instagram.com\/dicodusport\/","https:\/\/www.youtube.com\/channel\/UC7V2KZ5sd3htJivAbA4ZG3w"],"description":"Dicodusport est l'encyclop\u00e9die de l'actualit\u00e9 sportive.","email":"bonjour@dicodusport.fr","legalName":"DICODUSPORT","foundingDate":"2018-01-14","vatID":"FR71834470973","taxID":"83447097300043","numberOfEmployees":{"@type":"QuantitativeValue","minValue":"1","maxValue":"10"}},{"@type":"Person","@id":"https:\/\/dicodusport.fr\/blog\/#\/schema\/person\/fe500246414ca17ddf0c0312d7a792cc","name":"Olivier Dobiezynski","image":{"@type":"ImageObject","inLanguage":"fr-FR","@id":"https:\/\/dicodusport.fr\/blog\/#\/schema\/person\/image\/","url":"https:\/\/dicodusport.fr\/blog\/wp-content\/uploads\/2024\/09\/5be8fe8d-9962-4f1e-ad06-d6f9dee30e6d-150x150.jpg","contentUrl":"https:\/\/dicodusport.fr\/blog\/wp-content\/uploads\/2024\/09\/5be8fe8d-9962-4f1e-ad06-d6f9dee30e6d-150x150.jpg","caption":"Olivier Dobiezynski"},"description":"Depuis le milieu des ann\u00e9es 90, la passion du cyclisme m'anime. Mes h\u00e9ros s'appellent Luc Leblanc, Piotr Ugrumov, Paolo Savoldelli, Peter Sagan et bien \u00e9videmment Romain Bardet. R\u00e9dacteur depuis 2023, je suis ici pour partager cet amour de la Petite Reine. Vous pourrez me lire \u00e9galement sur du trail, du ski de fond et tout autre sujet susceptible d'\u00e9veiller ma curiosit\u00e9 sportive.","sameAs":["https:\/\/x.com\/https:\/\/x.com\/Olivier_Matros"],"url":"https:\/\/dicodusport.fr\/blog\/author\/olivier-gh\/"}]}},"_links":{"self":[{"href":"https:\/\/dicodusport.fr\/blog\/wp-json\/wp\/v2\/posts\/636661","targetHints":{"allow":["GET"]}}],"collection":[{"href":"https:\/\/dicodusport.fr\/blog\/wp-json\/wp\/v2\/posts"}],"about":[{"href":"https:\/\/dicodusport.fr\/blog\/wp-json\/wp\/v2\/types\/post"}],"author":[{"embeddable":true,"href":"https:\/\/dicodusport.fr\/blog\/wp-json\/wp\/v2\/users\/92"}],"replies":[{"embeddable":true,"href":"https:\/\/dicodusport.fr\/blog\/wp-json\/wp\/v2\/comments?post=636661"}],"version-history":[{"count":4,"href":"https:\/\/dicodusport.fr\/blog\/wp-json\/wp\/v2\/posts\/636661\/revisions"}],"predecessor-version":[{"id":636682,"href":"https:\/\/dicodusport.fr\/blog\/wp-json\/wp\/v2\/posts\/636661\/revisions\/636682"}],"wp:featuredmedia":[{"embeddable":true,"href":"https:\/\/dicodusport.fr\/blog\/wp-json\/wp\/v2\/media\/618737"}],"wp:attachment":[{"href":"https:\/\/dicodusport.fr\/blog\/wp-json\/wp\/v2\/media?parent=636661"}],"wp:term":[{"taxonomy":"category","embeddable":true,"href":"https:\/\/dicodusport.fr\/blog\/wp-json\/wp\/v2\/categories?post=636661"},{"taxonomy":"post_tag","embeddable":true,"href":"https:\/\/dicodusport.fr\/blog\/wp-json\/wp\/v2\/tags?post=636661"}],"curies":[{"name":"wp","href":"https:\/\/api.w.org\/{rel}","templated":true}]}}