{"id":63670,"date":"2020-03-22T18:01:05","date_gmt":"2020-03-22T17:01:05","guid":{"rendered":"http:\/\/dicodusport.fr\/blog\/?p=63670&#038;preview=true&#038;preview_id=63670"},"modified":"2020-05-05T10:43:37","modified_gmt":"2020-05-05T08:43:37","slug":"coup-de-gueule-lilian-calmejane-contre-tim-wellens-lotto-soudal","status":"publish","type":"post","link":"https:\/\/dicodusport.fr\/blog\/coup-de-gueule-lilian-calmejane-contre-tim-wellens-lotto-soudal\/","title":{"rendered":"Le coup de gueule de Lilian Calmejane contre Tim Wellens et la Lotto-Soudal"},"content":{"rendered":"<p style=\"text-align: justify;\"><strong><em>CYCLISME &#8211; Habitu\u00e9 \u00e0 dire ce qu&rsquo;il pense, <a href=\"https:\/\/www.procyclingstats.com\/rider\/lilian-calmejane\" target=\"_blank\" rel=\"noopener noreferrer\">Lilian Calmejane<\/a> (Total Direct \u00c9nergie) a pouss\u00e9 un coup de gueule sur Twitter, \u00e0 l&rsquo;encontre du Belge Tim Wellens (Lotto-Soudal). En cause ? Une sortie v\u00e9lo de ce dernier \u00e0 Monaco, en pleine p\u00e9riode de confinement durant l&rsquo;\u00e9pid\u00e9mie de <a href=\"https:\/\/dicodusport.fr\/blog\/tag\/coronavirus\/\" target=\"_blank\" rel=\"noopener noreferrer\">coronavirus<\/a>.<\/em><\/strong><\/p>\n<p style=\"text-align: justify;\"><strong>Lilian Calmejane<\/strong> n&rsquo;a pas m\u00e2ch\u00e9 ses mots. L&rsquo;Albigeois a r\u00e9agi au \u00ab\u00a0<em>Journal de confinement<\/em>\u00a0\u00bb de <strong>Tim Wellens<\/strong>, mis en ligne par sa formation <strong>Lotto-Soudal<\/strong>. Dans la vid\u00e9o, on y voit notamment le Belge faire une petite sortie v\u00e9lo \u00e0 Monaco, avec l&rsquo;autorisation de d\u00e9placement fran\u00e7aise et un justificatif de son \u00e9quipe, l&rsquo;autorisant \u00e0 travailler.\u00a0Une vid\u00e9o que n&rsquo;a pas appr\u00e9ci\u00e9 <strong>Lilian Calmejane<\/strong>, qui a donc r\u00e9agi avec virulence.<\/p>\n<blockquote class=\"twitter-tweet\">\n<p dir=\"ltr\" lang=\"fr\">LOCKDOWN JOURNALS (1) &#8211; Tim Wellens <a href=\"https:\/\/t.co\/zijaSnRi5e\">https:\/\/t.co\/zijaSnRi5e<\/a> Cette vid\u00e9o est une honte \u00e0 l\u2019heure actuelle ! Quelle image donnez vous <a href=\"https:\/\/twitter.com\/Lotto_Soudal?ref_src=twsrc%5Etfw\">@Lotto_Soudal<\/a> ? Votre coureur roule impun\u00e9ment dehors en p\u00e9riode de confinement. Inacceptable &#8230; toujours les memes qui m\u00e9prisent les autres&#8230;<\/p>\n<p>\u2014 Lilian Calmejane (@L_Calmejane) <a href=\"https:\/\/twitter.com\/L_Calmejane\/status\/1241442409315172352?ref_src=twsrc%5Etfw\">March 21, 2020<\/a><\/p><\/blockquote>\n<p><script async src=\"https:\/\/platform.twitter.com\/widgets.js\" charset=\"utf-8\"><\/script><\/p>\n<p style=\"text-align: justify;\"><strong>Calmejane<\/strong> s&rsquo;est ensuite montr\u00e9 plus diplomate avec deux nouveaux tweets, rappelant qu&rsquo;il est important de respecter le confinement, tout en pr\u00e9cisant que le sport \u00e9tait <em>\u00ab d\u00e9risoire \u00bb<\/em>.<\/p>\n<blockquote class=\"twitter-tweet\">\n<p dir=\"ltr\" lang=\"fr\">1\/2 Les pros plus que les autres sportifs doivent montrer l\u2019exemple. Le confinement est la solution qui a \u00e9t\u00e9 choisi dans notre pays par le <a href=\"https:\/\/twitter.com\/gouvernementFR?ref_src=twsrc%5Etfw\">@gouvernementFR<\/a>. Respectons les r\u00e8gles, soyons solidaires en \u00e9vitant le plus possible les disparit\u00e9s et in\u00e9galit\u00e9s. L, E, FRATERNIT\u00c9 &#x1f1eb;&#x1f1f7;&#x1f64f;&#x1f44a;&#x1f3fc;<\/p>\n<p>\u2014 Lilian Calmejane (@L_Calmejane) <a href=\"https:\/\/twitter.com\/L_Calmejane\/status\/1241471864825958401?ref_src=twsrc%5Etfw\">March 21, 2020<\/a><\/p><\/blockquote>\n<p><script async src=\"https:\/\/platform.twitter.com\/widgets.js\" charset=\"utf-8\"><\/script><\/p>\n<blockquote class=\"twitter-tweet\">\n<p dir=\"ltr\" lang=\"fr\">2\/2 Nous sommes tous concern\u00e9s de pr\u00e8s ou de loin par cette crise sanitaire, le sport est d\u00e9risoire dans ces cas l\u00e0. Tous les jours, nos grands parents, parents, amis ou enfants peuvent \u00eatre touch\u00e9. Le virus tue, c\u2019est une r\u00e9alit\u00e9. <a href=\"https:\/\/twitter.com\/hashtag\/RESTEZCHEZVOUS?src=hash&amp;ref_src=twsrc%5Etfw\">#RESTEZCHEZVOUS<\/a><\/p>\n<p>\u2014 Lilian Calmejane (@L_Calmejane) <a href=\"https:\/\/twitter.com\/L_Calmejane\/status\/1241472563575955456?ref_src=twsrc%5Etfw\">March 21, 2020<\/a><\/p><\/blockquote>\n<p><script async src=\"https:\/\/platform.twitter.com\/widgets.js\" charset=\"utf-8\"><\/script><\/p>\n<p><strong><em>Dicodusport<br \/>\n<a href=\"https:\/\/www.facebook.com\/dicodusport\/\" target=\"_blank\" rel=\"noopener noreferrer\"><img loading=\"lazy\" decoding=\"async\" class=\"alignnone wp-image-2909\" src=\"http:\/\/dicodusport.fr\/blog\/wp-content\/uploads\/2017\/07\/logo-facebook-150x150.png\" alt=\"\" width=\"40\" height=\"40\" \/><\/a><a href=\"https:\/\/twitter.com\/dicodusport\" target=\"_blank\" rel=\"noopener noreferrer\"><img loading=\"lazy\" decoding=\"async\" class=\"alignnone wp-image-2908\" src=\"http:\/\/dicodusport.fr\/blog\/wp-content\/uploads\/2017\/07\/logo-twitter-150x150.png\" alt=\"\" width=\"39\" height=\"39\" \/><\/a><\/em><\/strong><\/p>\n","protected":false},"excerpt":{"rendered":"<p>CYCLISME &#8211; Habitu\u00e9 \u00e0 dire ce qu&rsquo;il pense, Lilian Calmejane (Total Direct \u00c9nergie) a pouss\u00e9 un coup de gueule sur Twitter, \u00e0 l&rsquo;encontre du Belge Tim Wellens (Lotto-Soudal). En cause ? Une sortie v\u00e9lo de ce dernier \u00e0 Monaco, en pleine p\u00e9riode de confinement durant l&rsquo;\u00e9pid\u00e9mie de coronavirus.<\/p>\n","protected":false},"author":4,"featured_media":63672,"comment_status":"open","ping_status":"closed","sticky":false,"template":"","format":"standard","meta":{"_acf_changed":false,"_daextam_enable_autolinks":"","footnotes":""},"categories":[10646,2307],"tags":[9827,7368,6455],"class_list":["post-63670","post","type-post","status-publish","format-standard","has-post-thumbnail","hentry","category-coronavirus","category-cyclisme","tag-coronavirus","tag-lilian-calmejane","tag-twitter"],"acf":[],"yoast_head":"<!-- This site is optimized with the Yoast SEO Premium plugin v26.7 (Yoast SEO v26.7) - https:\/\/yoast.com\/wordpress\/plugins\/seo\/ -->\n<title>Le coup de gueule de Lilian Calmejane contre Tim Wellens et la Lotto-Soudal<\/title>\n<meta name=\"description\" content=\"CYCLISME - Habitu\u00e9 \u00e0 dire ce qu&#039;il pense, Lilian Calmejane (Total Direct \u00c9nergie) a pouss\u00e9 un coup de gueule sur Twitter, \u00e0 l&#039;encontre du Belge Tim Wellens.\" \/>\n<meta name=\"robots\" content=\"index, follow, max-snippet:-1, max-image-preview:large, max-video-preview:-1\" \/>\n<link rel=\"canonical\" href=\"https:\/\/dicodusport.fr\/blog\/coup-de-gueule-lilian-calmejane-contre-tim-wellens-lotto-soudal\/\" \/>\n<meta property=\"og:locale\" content=\"fr_FR\" \/>\n<meta property=\"og:type\" content=\"article\" \/>\n<meta property=\"og:title\" content=\"Le coup de gueule de Lilian Calmejane contre Tim Wellens et la Lotto-Soudal\" \/>\n<meta property=\"og:description\" content=\"CYCLISME - Habitu\u00e9 \u00e0 dire ce qu&#039;il pense, Lilian Calmejane (Total Direct \u00c9nergie) a pouss\u00e9 un coup de gueule sur Twitter, \u00e0 l&#039;encontre du Belge Tim Wellens.\" \/>\n<meta property=\"og:url\" content=\"https:\/\/dicodusport.fr\/blog\/coup-de-gueule-lilian-calmejane-contre-tim-wellens-lotto-soudal\/\" \/>\n<meta property=\"og:site_name\" content=\"Dicodusport\" \/>\n<meta property=\"article:publisher\" content=\"https:\/\/www.facebook.com\/dicodusport\" \/>\n<meta property=\"article:author\" content=\"https:\/\/www.facebook.com\/florent.ostermann\" \/>\n<meta property=\"article:published_time\" content=\"2020-03-22T17:01:05+00:00\" \/>\n<meta property=\"article:modified_time\" content=\"2020-05-05T08:43:37+00:00\" \/>\n<meta property=\"og:image\" content=\"https:\/\/dicodusport.fr\/blog\/wp-content\/uploads\/2020\/03\/Le-coup-de-gueule-de-Lilian-Calmejane-contre-Tim-Wellens-et-la-Lotto-Soudal.png\" \/>\n\t<meta property=\"og:image:width\" content=\"800\" \/>\n\t<meta property=\"og:image:height\" content=\"445\" \/>\n\t<meta property=\"og:image:type\" content=\"image\/png\" \/>\n<meta name=\"author\" content=\"Flo Ostermann\" \/>\n<meta name=\"twitter:card\" content=\"summary_large_image\" \/>\n<meta name=\"twitter:title\" content=\"Le coup de gueule de Lilian Calmejane contre Tim Wellens et la Lotto-Soudal\" \/>\n<meta name=\"twitter:creator\" content=\"@https:\/\/twitter.com\/FlOstermann\" \/>\n<meta name=\"twitter:site\" content=\"@dicodusport\" \/>\n<script type=\"application\/ld+json\" class=\"yoast-schema-graph\">{\"@context\":\"https:\/\/schema.org\",\"@graph\":[{\"@type\":\"NewsArticle\",\"@id\":\"https:\/\/dicodusport.fr\/blog\/coup-de-gueule-lilian-calmejane-contre-tim-wellens-lotto-soudal\/#article\",\"isPartOf\":{\"@id\":\"https:\/\/dicodusport.fr\/blog\/coup-de-gueule-lilian-calmejane-contre-tim-wellens-lotto-soudal\/\"},\"author\":{\"name\":\"Flo Ostermann\",\"@id\":\"https:\/\/dicodusport.fr\/blog\/#\/schema\/person\/cb02af4c173ce4a653b55e9baf388d4a\"},\"headline\":\"Le coup de gueule de Lilian Calmejane contre Tim Wellens et la Lotto-Soudal\",\"datePublished\":\"2020-03-22T17:01:05+00:00\",\"dateModified\":\"2020-05-05T08:43:37+00:00\",\"mainEntityOfPage\":{\"@id\":\"https:\/\/dicodusport.fr\/blog\/coup-de-gueule-lilian-calmejane-contre-tim-wellens-lotto-soudal\/\"},\"wordCount\":342,\"commentCount\":0,\"publisher\":{\"@id\":\"https:\/\/dicodusport.fr\/blog\/#organization\"},\"image\":{\"@id\":\"https:\/\/dicodusport.fr\/blog\/coup-de-gueule-lilian-calmejane-contre-tim-wellens-lotto-soudal\/#primaryimage\"},\"thumbnailUrl\":\"https:\/\/dicodusport.fr\/blog\/wp-content\/uploads\/2020\/03\/Le-coup-de-gueule-de-Lilian-Calmejane-contre-Tim-Wellens-et-la-Lotto-Soudal.png\",\"keywords\":[\"Coronavirus\",\"Lilian Calmejane\",\"Twitter\"],\"articleSection\":[\"Coronavirus\",\"Cyclisme\"],\"inLanguage\":\"fr-FR\",\"potentialAction\":[{\"@type\":\"CommentAction\",\"name\":\"Comment\",\"target\":[\"https:\/\/dicodusport.fr\/blog\/coup-de-gueule-lilian-calmejane-contre-tim-wellens-lotto-soudal\/#respond\"]}],\"copyrightYear\":\"2020\",\"copyrightHolder\":{\"@id\":\"https:\/\/dicodusport.fr\/blog\/#organization\"}},{\"@type\":\"WebPage\",\"@id\":\"https:\/\/dicodusport.fr\/blog\/coup-de-gueule-lilian-calmejane-contre-tim-wellens-lotto-soudal\/\",\"url\":\"https:\/\/dicodusport.fr\/blog\/coup-de-gueule-lilian-calmejane-contre-tim-wellens-lotto-soudal\/\",\"name\":\"Le coup de gueule de Lilian Calmejane contre Tim Wellens et la Lotto-Soudal\",\"isPartOf\":{\"@id\":\"https:\/\/dicodusport.fr\/blog\/#website\"},\"primaryImageOfPage\":{\"@id\":\"https:\/\/dicodusport.fr\/blog\/coup-de-gueule-lilian-calmejane-contre-tim-wellens-lotto-soudal\/#primaryimage\"},\"image\":{\"@id\":\"https:\/\/dicodusport.fr\/blog\/coup-de-gueule-lilian-calmejane-contre-tim-wellens-lotto-soudal\/#primaryimage\"},\"thumbnailUrl\":\"https:\/\/dicodusport.fr\/blog\/wp-content\/uploads\/2020\/03\/Le-coup-de-gueule-de-Lilian-Calmejane-contre-Tim-Wellens-et-la-Lotto-Soudal.png\",\"datePublished\":\"2020-03-22T17:01:05+00:00\",\"dateModified\":\"2020-05-05T08:43:37+00:00\",\"description\":\"CYCLISME - Habitu\u00e9 \u00e0 dire ce qu'il pense, Lilian Calmejane (Total Direct \u00c9nergie) a pouss\u00e9 un coup de gueule sur Twitter, \u00e0 l'encontre du Belge Tim Wellens.\",\"breadcrumb\":{\"@id\":\"https:\/\/dicodusport.fr\/blog\/coup-de-gueule-lilian-calmejane-contre-tim-wellens-lotto-soudal\/#breadcrumb\"},\"inLanguage\":\"fr-FR\",\"potentialAction\":[{\"@type\":\"ReadAction\",\"target\":[\"https:\/\/dicodusport.fr\/blog\/coup-de-gueule-lilian-calmejane-contre-tim-wellens-lotto-soudal\/\"]}]},{\"@type\":\"ImageObject\",\"inLanguage\":\"fr-FR\",\"@id\":\"https:\/\/dicodusport.fr\/blog\/coup-de-gueule-lilian-calmejane-contre-tim-wellens-lotto-soudal\/#primaryimage\",\"url\":\"https:\/\/dicodusport.fr\/blog\/wp-content\/uploads\/2020\/03\/Le-coup-de-gueule-de-Lilian-Calmejane-contre-Tim-Wellens-et-la-Lotto-Soudal.png\",\"contentUrl\":\"https:\/\/dicodusport.fr\/blog\/wp-content\/uploads\/2020\/03\/Le-coup-de-gueule-de-Lilian-Calmejane-contre-Tim-Wellens-et-la-Lotto-Soudal.png\",\"width\":800,\"height\":445,\"caption\":\"Le coup de gueule de Lilian Calmejane contre Tim Wellens et la Lotto-Soudal\"},{\"@type\":\"BreadcrumbList\",\"@id\":\"https:\/\/dicodusport.fr\/blog\/coup-de-gueule-lilian-calmejane-contre-tim-wellens-lotto-soudal\/#breadcrumb\",\"itemListElement\":[{\"@type\":\"ListItem\",\"position\":1,\"name\":\"Accueil\",\"item\":\"https:\/\/dicodusport.fr\/blog\/\"},{\"@type\":\"ListItem\",\"position\":2,\"name\":\"Le coup de gueule de Lilian Calmejane contre Tim Wellens et la Lotto-Soudal\"}]},{\"@type\":\"WebSite\",\"@id\":\"https:\/\/dicodusport.fr\/blog\/#website\",\"url\":\"https:\/\/dicodusport.fr\/blog\/\",\"name\":\"Dicodusport\",\"description\":\"L&#039;encyclop\u00e9die de l&#039;actualit\u00e9 sportive\",\"publisher\":{\"@id\":\"https:\/\/dicodusport.fr\/blog\/#organization\"},\"potentialAction\":[{\"@type\":\"SearchAction\",\"target\":{\"@type\":\"EntryPoint\",\"urlTemplate\":\"https:\/\/dicodusport.fr\/blog\/?s={search_term_string}\"},\"query-input\":{\"@type\":\"PropertyValueSpecification\",\"valueRequired\":true,\"valueName\":\"search_term_string\"}}],\"inLanguage\":\"fr-FR\"},{\"@type\":\"NewsMediaOrganization\",\"@id\":\"https:\/\/dicodusport.fr\/blog\/#organization\",\"name\":\"Dicodusport\",\"url\":\"https:\/\/dicodusport.fr\/blog\/\",\"logo\":{\"@type\":\"ImageObject\",\"inLanguage\":\"fr-FR\",\"@id\":\"https:\/\/dicodusport.fr\/blog\/#\/schema\/logo\/image\/\",\"url\":\"https:\/\/dicodusport.fr\/blog\/wp-content\/uploads\/2020\/06\/cropped-LOGO-DICODUSPORT-2020-SANS-FOND-SANS-TEXTE.png\",\"contentUrl\":\"https:\/\/dicodusport.fr\/blog\/wp-content\/uploads\/2020\/06\/cropped-LOGO-DICODUSPORT-2020-SANS-FOND-SANS-TEXTE.png\",\"width\":512,\"height\":512,\"caption\":\"Dicodusport\"},\"image\":{\"@id\":\"https:\/\/dicodusport.fr\/blog\/#\/schema\/logo\/image\/\"},\"sameAs\":[\"https:\/\/www.facebook.com\/dicodusport\",\"https:\/\/x.com\/dicodusport\",\"https:\/\/www.instagram.com\/dicodusport\/\",\"https:\/\/www.youtube.com\/channel\/UC7V2KZ5sd3htJivAbA4ZG3w\"],\"description\":\"Dicodusport est l'encyclop\u00e9die de l'actualit\u00e9 sportive.\",\"email\":\"bonjour@dicodusport.fr\",\"legalName\":\"DICODUSPORT\",\"foundingDate\":\"2018-01-14\",\"vatID\":\"FR71834470973\",\"taxID\":\"83447097300043\",\"numberOfEmployees\":{\"@type\":\"QuantitativeValue\",\"minValue\":\"1\",\"maxValue\":\"10\"}},{\"@type\":\"Person\",\"@id\":\"https:\/\/dicodusport.fr\/blog\/#\/schema\/person\/cb02af4c173ce4a653b55e9baf388d4a\",\"name\":\"Flo Ostermann\",\"image\":{\"@type\":\"ImageObject\",\"inLanguage\":\"fr-FR\",\"@id\":\"https:\/\/dicodusport.fr\/blog\/#\/schema\/person\/image\/\",\"url\":\"https:\/\/dicodusport.fr\/blog\/wp-content\/uploads\/2021\/05\/Flo-Ostermann-150x150.jpg\",\"contentUrl\":\"https:\/\/dicodusport.fr\/blog\/wp-content\/uploads\/2021\/05\/Flo-Ostermann-150x150.jpg\",\"caption\":\"Flo Ostermann\"},\"description\":\"Journaliste\/R\u00e9dacteur depuis septembre 2015 - Mes premiers souvenirs dans le sport ? Les envol\u00e9es du Stade Toulousain et les duels Villeneuve-Schumacher et H\u00e4kkinen-Schumacher \u00e0 la fin des ann\u00e9es 90, la Coupe du monde de football en 1998, l\u2019exploit du XV de France face aux All Blacks en 1999, mais aussi Richard C\u0153ur de Lion qui vole sur les montagnes du Tour de France. Bien parti pour devenir professeur d\u2019EPS, les \u00e9v\u00e9nements de la vie (et la flemme d\u2019animer des s\u00e9ances de 3x500 m\u00e8tres toute ma vie) m\u2019ont conduit \u00e0 revoir mes plans. Me voil\u00e0 depuis fin 2017 sur Dicodusport, m\u00e9dia gr\u00e2ce (et pour) lequel je partage ma passion : le sport dans tous ses \u00e9tats. Le tout accompagn\u00e9 par les fous furieux et folles furieuses cit\u00e9s sur cette page !\",\"sameAs\":[\"https:\/\/www.facebook.com\/florent.ostermann\",\"https:\/\/x.com\/https:\/\/twitter.com\/FlOstermann\",\"admin\"],\"url\":\"https:\/\/dicodusport.fr\/blog\/author\/flo\/\"}]}<\/script>\n<!-- \/ Yoast SEO Premium plugin. -->","yoast_head_json":{"title":"Le coup de gueule de Lilian Calmejane contre Tim Wellens et la Lotto-Soudal","description":"CYCLISME - Habitu\u00e9 \u00e0 dire ce qu'il pense, Lilian Calmejane (Total Direct \u00c9nergie) a pouss\u00e9 un coup de gueule sur Twitter, \u00e0 l'encontre du Belge Tim Wellens.","robots":{"index":"index","follow":"follow","max-snippet":"max-snippet:-1","max-image-preview":"max-image-preview:large","max-video-preview":"max-video-preview:-1"},"canonical":"https:\/\/dicodusport.fr\/blog\/coup-de-gueule-lilian-calmejane-contre-tim-wellens-lotto-soudal\/","og_locale":"fr_FR","og_type":"article","og_title":"Le coup de gueule de Lilian Calmejane contre Tim Wellens et la Lotto-Soudal","og_description":"CYCLISME - Habitu\u00e9 \u00e0 dire ce qu'il pense, Lilian Calmejane (Total Direct \u00c9nergie) a pouss\u00e9 un coup de gueule sur Twitter, \u00e0 l'encontre du Belge Tim Wellens.","og_url":"https:\/\/dicodusport.fr\/blog\/coup-de-gueule-lilian-calmejane-contre-tim-wellens-lotto-soudal\/","og_site_name":"Dicodusport","article_publisher":"https:\/\/www.facebook.com\/dicodusport","article_author":"https:\/\/www.facebook.com\/florent.ostermann","article_published_time":"2020-03-22T17:01:05+00:00","article_modified_time":"2020-05-05T08:43:37+00:00","og_image":[{"width":800,"height":445,"url":"https:\/\/dicodusport.fr\/blog\/wp-content\/uploads\/2020\/03\/Le-coup-de-gueule-de-Lilian-Calmejane-contre-Tim-Wellens-et-la-Lotto-Soudal.png","type":"image\/png"}],"author":"Flo Ostermann","twitter_card":"summary_large_image","twitter_title":"Le coup de gueule de Lilian Calmejane contre Tim Wellens et la Lotto-Soudal","twitter_creator":"@https:\/\/twitter.com\/FlOstermann","twitter_site":"@dicodusport","schema":{"@context":"https:\/\/schema.org","@graph":[{"@type":"NewsArticle","@id":"https:\/\/dicodusport.fr\/blog\/coup-de-gueule-lilian-calmejane-contre-tim-wellens-lotto-soudal\/#article","isPartOf":{"@id":"https:\/\/dicodusport.fr\/blog\/coup-de-gueule-lilian-calmejane-contre-tim-wellens-lotto-soudal\/"},"author":{"name":"Flo Ostermann","@id":"https:\/\/dicodusport.fr\/blog\/#\/schema\/person\/cb02af4c173ce4a653b55e9baf388d4a"},"headline":"Le coup de gueule de Lilian Calmejane contre Tim Wellens et la Lotto-Soudal","datePublished":"2020-03-22T17:01:05+00:00","dateModified":"2020-05-05T08:43:37+00:00","mainEntityOfPage":{"@id":"https:\/\/dicodusport.fr\/blog\/coup-de-gueule-lilian-calmejane-contre-tim-wellens-lotto-soudal\/"},"wordCount":342,"commentCount":0,"publisher":{"@id":"https:\/\/dicodusport.fr\/blog\/#organization"},"image":{"@id":"https:\/\/dicodusport.fr\/blog\/coup-de-gueule-lilian-calmejane-contre-tim-wellens-lotto-soudal\/#primaryimage"},"thumbnailUrl":"https:\/\/dicodusport.fr\/blog\/wp-content\/uploads\/2020\/03\/Le-coup-de-gueule-de-Lilian-Calmejane-contre-Tim-Wellens-et-la-Lotto-Soudal.png","keywords":["Coronavirus","Lilian Calmejane","Twitter"],"articleSection":["Coronavirus","Cyclisme"],"inLanguage":"fr-FR","potentialAction":[{"@type":"CommentAction","name":"Comment","target":["https:\/\/dicodusport.fr\/blog\/coup-de-gueule-lilian-calmejane-contre-tim-wellens-lotto-soudal\/#respond"]}],"copyrightYear":"2020","copyrightHolder":{"@id":"https:\/\/dicodusport.fr\/blog\/#organization"}},{"@type":"WebPage","@id":"https:\/\/dicodusport.fr\/blog\/coup-de-gueule-lilian-calmejane-contre-tim-wellens-lotto-soudal\/","url":"https:\/\/dicodusport.fr\/blog\/coup-de-gueule-lilian-calmejane-contre-tim-wellens-lotto-soudal\/","name":"Le coup de gueule de Lilian Calmejane contre Tim Wellens et la Lotto-Soudal","isPartOf":{"@id":"https:\/\/dicodusport.fr\/blog\/#website"},"primaryImageOfPage":{"@id":"https:\/\/dicodusport.fr\/blog\/coup-de-gueule-lilian-calmejane-contre-tim-wellens-lotto-soudal\/#primaryimage"},"image":{"@id":"https:\/\/dicodusport.fr\/blog\/coup-de-gueule-lilian-calmejane-contre-tim-wellens-lotto-soudal\/#primaryimage"},"thumbnailUrl":"https:\/\/dicodusport.fr\/blog\/wp-content\/uploads\/2020\/03\/Le-coup-de-gueule-de-Lilian-Calmejane-contre-Tim-Wellens-et-la-Lotto-Soudal.png","datePublished":"2020-03-22T17:01:05+00:00","dateModified":"2020-05-05T08:43:37+00:00","description":"CYCLISME - Habitu\u00e9 \u00e0 dire ce qu'il pense, Lilian Calmejane (Total Direct \u00c9nergie) a pouss\u00e9 un coup de gueule sur Twitter, \u00e0 l'encontre du Belge Tim Wellens.","breadcrumb":{"@id":"https:\/\/dicodusport.fr\/blog\/coup-de-gueule-lilian-calmejane-contre-tim-wellens-lotto-soudal\/#breadcrumb"},"inLanguage":"fr-FR","potentialAction":[{"@type":"ReadAction","target":["https:\/\/dicodusport.fr\/blog\/coup-de-gueule-lilian-calmejane-contre-tim-wellens-lotto-soudal\/"]}]},{"@type":"ImageObject","inLanguage":"fr-FR","@id":"https:\/\/dicodusport.fr\/blog\/coup-de-gueule-lilian-calmejane-contre-tim-wellens-lotto-soudal\/#primaryimage","url":"https:\/\/dicodusport.fr\/blog\/wp-content\/uploads\/2020\/03\/Le-coup-de-gueule-de-Lilian-Calmejane-contre-Tim-Wellens-et-la-Lotto-Soudal.png","contentUrl":"https:\/\/dicodusport.fr\/blog\/wp-content\/uploads\/2020\/03\/Le-coup-de-gueule-de-Lilian-Calmejane-contre-Tim-Wellens-et-la-Lotto-Soudal.png","width":800,"height":445,"caption":"Le coup de gueule de Lilian Calmejane contre Tim Wellens et la Lotto-Soudal"},{"@type":"BreadcrumbList","@id":"https:\/\/dicodusport.fr\/blog\/coup-de-gueule-lilian-calmejane-contre-tim-wellens-lotto-soudal\/#breadcrumb","itemListElement":[{"@type":"ListItem","position":1,"name":"Accueil","item":"https:\/\/dicodusport.fr\/blog\/"},{"@type":"ListItem","position":2,"name":"Le coup de gueule de Lilian Calmejane contre Tim Wellens et la Lotto-Soudal"}]},{"@type":"WebSite","@id":"https:\/\/dicodusport.fr\/blog\/#website","url":"https:\/\/dicodusport.fr\/blog\/","name":"Dicodusport","description":"L&#039;encyclop\u00e9die de l&#039;actualit\u00e9 sportive","publisher":{"@id":"https:\/\/dicodusport.fr\/blog\/#organization"},"potentialAction":[{"@type":"SearchAction","target":{"@type":"EntryPoint","urlTemplate":"https:\/\/dicodusport.fr\/blog\/?s={search_term_string}"},"query-input":{"@type":"PropertyValueSpecification","valueRequired":true,"valueName":"search_term_string"}}],"inLanguage":"fr-FR"},{"@type":"NewsMediaOrganization","@id":"https:\/\/dicodusport.fr\/blog\/#organization","name":"Dicodusport","url":"https:\/\/dicodusport.fr\/blog\/","logo":{"@type":"ImageObject","inLanguage":"fr-FR","@id":"https:\/\/dicodusport.fr\/blog\/#\/schema\/logo\/image\/","url":"https:\/\/dicodusport.fr\/blog\/wp-content\/uploads\/2020\/06\/cropped-LOGO-DICODUSPORT-2020-SANS-FOND-SANS-TEXTE.png","contentUrl":"https:\/\/dicodusport.fr\/blog\/wp-content\/uploads\/2020\/06\/cropped-LOGO-DICODUSPORT-2020-SANS-FOND-SANS-TEXTE.png","width":512,"height":512,"caption":"Dicodusport"},"image":{"@id":"https:\/\/dicodusport.fr\/blog\/#\/schema\/logo\/image\/"},"sameAs":["https:\/\/www.facebook.com\/dicodusport","https:\/\/x.com\/dicodusport","https:\/\/www.instagram.com\/dicodusport\/","https:\/\/www.youtube.com\/channel\/UC7V2KZ5sd3htJivAbA4ZG3w"],"description":"Dicodusport est l'encyclop\u00e9die de l'actualit\u00e9 sportive.","email":"bonjour@dicodusport.fr","legalName":"DICODUSPORT","foundingDate":"2018-01-14","vatID":"FR71834470973","taxID":"83447097300043","numberOfEmployees":{"@type":"QuantitativeValue","minValue":"1","maxValue":"10"}},{"@type":"Person","@id":"https:\/\/dicodusport.fr\/blog\/#\/schema\/person\/cb02af4c173ce4a653b55e9baf388d4a","name":"Flo Ostermann","image":{"@type":"ImageObject","inLanguage":"fr-FR","@id":"https:\/\/dicodusport.fr\/blog\/#\/schema\/person\/image\/","url":"https:\/\/dicodusport.fr\/blog\/wp-content\/uploads\/2021\/05\/Flo-Ostermann-150x150.jpg","contentUrl":"https:\/\/dicodusport.fr\/blog\/wp-content\/uploads\/2021\/05\/Flo-Ostermann-150x150.jpg","caption":"Flo Ostermann"},"description":"Journaliste\/R\u00e9dacteur depuis septembre 2015 - Mes premiers souvenirs dans le sport ? Les envol\u00e9es du Stade Toulousain et les duels Villeneuve-Schumacher et H\u00e4kkinen-Schumacher \u00e0 la fin des ann\u00e9es 90, la Coupe du monde de football en 1998, l\u2019exploit du XV de France face aux All Blacks en 1999, mais aussi Richard C\u0153ur de Lion qui vole sur les montagnes du Tour de France. Bien parti pour devenir professeur d\u2019EPS, les \u00e9v\u00e9nements de la vie (et la flemme d\u2019animer des s\u00e9ances de 3x500 m\u00e8tres toute ma vie) m\u2019ont conduit \u00e0 revoir mes plans. Me voil\u00e0 depuis fin 2017 sur Dicodusport, m\u00e9dia gr\u00e2ce (et pour) lequel je partage ma passion : le sport dans tous ses \u00e9tats. Le tout accompagn\u00e9 par les fous furieux et folles furieuses cit\u00e9s sur cette page !","sameAs":["https:\/\/www.facebook.com\/florent.ostermann","https:\/\/x.com\/https:\/\/twitter.com\/FlOstermann","admin"],"url":"https:\/\/dicodusport.fr\/blog\/author\/flo\/"}]}},"_links":{"self":[{"href":"https:\/\/dicodusport.fr\/blog\/wp-json\/wp\/v2\/posts\/63670","targetHints":{"allow":["GET"]}}],"collection":[{"href":"https:\/\/dicodusport.fr\/blog\/wp-json\/wp\/v2\/posts"}],"about":[{"href":"https:\/\/dicodusport.fr\/blog\/wp-json\/wp\/v2\/types\/post"}],"author":[{"embeddable":true,"href":"https:\/\/dicodusport.fr\/blog\/wp-json\/wp\/v2\/users\/4"}],"replies":[{"embeddable":true,"href":"https:\/\/dicodusport.fr\/blog\/wp-json\/wp\/v2\/comments?post=63670"}],"version-history":[{"count":0,"href":"https:\/\/dicodusport.fr\/blog\/wp-json\/wp\/v2\/posts\/63670\/revisions"}],"wp:featuredmedia":[{"embeddable":true,"href":"https:\/\/dicodusport.fr\/blog\/wp-json\/wp\/v2\/media\/63672"}],"wp:attachment":[{"href":"https:\/\/dicodusport.fr\/blog\/wp-json\/wp\/v2\/media?parent=63670"}],"wp:term":[{"taxonomy":"category","embeddable":true,"href":"https:\/\/dicodusport.fr\/blog\/wp-json\/wp\/v2\/categories?post=63670"},{"taxonomy":"post_tag","embeddable":true,"href":"https:\/\/dicodusport.fr\/blog\/wp-json\/wp\/v2\/tags?post=63670"}],"curies":[{"name":"wp","href":"https:\/\/api.w.org\/{rel}","templated":true}]}}