{"id":637157,"date":"2026-01-12T16:14:04","date_gmt":"2026-01-12T15:14:04","guid":{"rendered":"https:\/\/dicodusport.fr\/blog\/?p=637157&#038;preview=true&#038;preview_id=637157"},"modified":"2026-01-13T12:46:56","modified_gmt":"2026-01-13T11:46:56","slug":"calendrier-uci-2026-les-changements-majeurs-a-connaitre","status":"publish","type":"post","link":"https:\/\/dicodusport.fr\/blog\/calendrier-uci-2026-les-changements-majeurs-a-connaitre\/","title":{"rendered":"Calendrier UCI 2026 : les changements majeurs \u00e0 conna\u00eetre"},"content":{"rendered":"<p style=\"text-align: justify;\"><strong><em>CYCLISME SUR ROUTE &#8211; Retraits de courses, ajouts, changements de noms\u2026 focus sur les principaux changements du calendrier UCI pour l\u2019ann\u00e9e 2026.<\/em><\/strong><\/p>\n<p style=\"text-align: justify;\">Chaque ann\u00e9e, la nouvelle saison entra\u00eene avec elle son lot de nouveaut\u00e9s et d\u2019ajustements. Du <strong>Tour du T\u00e1chira<\/strong>, qui a d\u00e9but\u00e9 le 9 janvier, jusqu\u2019au <a href=\"https:\/\/dicodusport.fr\/blog\/chrono-des-nations-2025-classement-et-resultats\/\"><strong>Chrono des Nations<\/strong><\/a>, pr\u00e9vu le 18 octobre prochain, plusieurs centaines de courses vont animer le calendrier, des prestigieuses \u00e9preuves du <strong>World Tour<\/strong> aux plus anonymes <strong>2.2<\/strong>. On fait le point sur les changements \u00e0 souligner.<\/p>\n<ul>\n<li style=\"text-align: justify;\"><strong>\u00c0 ce sujet &#8211; <a href=\"https:\/\/dicodusport.fr\/blog\/les-coureurs-qui-pourraient-exploser-en-2026-le-top-10-des-pepites-a-suivre\/\">Les coureurs qui pourraient exploser en 2026 : le Top 10 des p\u00e9pites \u00e0 suivre<\/a><\/strong><\/li>\n<\/ul>\n<h2 style=\"text-align: justify;\">Des modifications mineures sur le World Tour<\/h2>\n<p style=\"text-align: justify;\">Il y a un peu plus de trois ans, l\u2019UCI avait annonc\u00e9 que l\u2019<strong>ann\u00e9e 2026<\/strong> bouleverserait les habitudes du <strong>World Tour<\/strong>. L\u2019objectif fix\u00e9 \u00e9tait alors de ne plus confronter deux \u00e9preuves de ce label, comme cela est notamment le cas avec <strong>Paris-Nice<\/strong> et <strong>Tirreno-Adriatico<\/strong>. Et pourtant, cette \u00e9dition est peut-\u00eatre l\u2019une des moins bouleversantes de ces derni\u00e8res ann\u00e9es. En effet, <strong>aucune nouvelle \u00e9preuve ne fera son apparition<\/strong>, et le <strong>Copenhagen Sprint<\/strong> reste donc l\u2019\u00e9preuve la plus jeune du calendrier, en connaissant sa 2e \u00e9dition.<\/p>\n<p style=\"text-align: justify;\">Finalement, le principal changement concerne le <strong>Tour de Suisse<\/strong>. L\u2019\u00e9preuve a \u00e9t\u00e9 s\u00e9rieusement rabot\u00e9e et ne proposera plus que <strong>cinq jours de course, contre huit auparavant<\/strong>.<\/p>\n<blockquote class=\"twitter-tweet\">\n<p dir=\"ltr\" lang=\"en\">From 17th to 21st June 2026 the Tour de Suisse will take place over five days, two stages will be raced daily \u2013 one each for men and women \u2013 starting and finishing in the same place\u27a1\ufe0f 10 Stages, 5 Days, 2 Races, 1 Experience\ud83d\udcaf\ud83d\udeb4<br \/>\n.<br \/>\nRead more\u27a1\ufe0f <a href=\"https:\/\/t.co\/Lz4yF9AI9u\">https:\/\/t.co\/Lz4yF9AI9u<\/a> <a href=\"https:\/\/t.co\/Uez44C9SaM\">pic.twitter.com\/Uez44C9SaM<\/a><\/p>\n<p>\u2014 Tour de Suisse (@tds) <a href=\"https:\/\/twitter.com\/tds\/status\/1971137625198121019?ref_src=twsrc%5Etfw\">September 25, 2025<\/a><\/p><\/blockquote>\n<p><script async src=\"https:\/\/platform.twitter.com\/widgets.js\" charset=\"utf-8\"><\/script><\/p>\n<p style=\"text-align: justify;\">Par ailleurs, les autres changements sont mineurs, puisqu\u2019il s\u2019agit essentiellement de <strong>nouvelles appellations<\/strong>. Pour les Fran\u00e7ais, habitu\u00e9s \u00e0 parler du <strong>Crit\u00e9rium du Dauphin\u00e9 Lib\u00e9r\u00e9<\/strong> depuis sa cr\u00e9ation en 1947, puis du <strong>Crit\u00e9rium du Dauphin\u00e9<\/strong> depuis 2010, <a href=\"https:\/\/dicodusport.fr\/blog\/le-criterium-du-dauphine-va-changer-de-nom\/\">il faudra d\u00e9sormais \u00e9voquer le <strong>Tour Auvergne-Rh\u00f4ne-Alpes<\/strong><\/a>. C\u00f4t\u00e9 belge, la <strong>Classic Bruges-De Panne<\/strong> devient le <strong>Tour de Bruges<\/strong>. Enfin, <strong>Gand-Wevelgem<\/strong> se transforme en <strong>In Flanders Fields \u2013 From Middelkerke to Wevelgem<\/strong>.<\/p>\n<h3 style=\"text-align: justify;\">Le calendrier du World Tour en 2026<\/h3>\n<ul style=\"text-align: justify;\">\n<li>20-25 janvier : Tour Down Under<\/li>\n<\/ul>\n<ul style=\"text-align: justify;\">\n<li>1er f\u00e9vrier : Cadel Evans Great Ocean Road Race<\/li>\n<li>16-22 f\u00e9vrier : UAE Tour<\/li>\n<li>28 f\u00e9vrier : Omloop Het Nieuwsblad<\/li>\n<\/ul>\n<ul style=\"text-align: justify;\">\n<li>7 mars : Strade Bianche<\/li>\n<li><a href=\"https:\/\/dicodusport.fr\/blog\/le-parcours-de-paris-nice-2026-devoile-ce-quil-faut-savoir-sur-le-trace-de-la-course-au-soleil\/\">8-15 mars : <strong>Paris-Nice<\/strong><\/a><\/li>\n<li>9-15 mars : Tirreno-Adriatico<\/li>\n<li><strong>21 mars : Milan-San Remo<\/strong><\/li>\n<li>23-29 mars : Tour de Catalogne<\/li>\n<li>25 mars : Tour de Bruges<\/li>\n<li>27 mars : E3 Saxo Classic<\/li>\n<li>29 mars : In Flanders Fields \u2013 From Middelkerke to Wevelgem<\/li>\n<\/ul>\n<ul style=\"text-align: justify;\">\n<li>1er avril : \u00c0 Travers la Flandre<\/li>\n<li><strong>5 avril : Tour des Flandres<\/strong><\/li>\n<li>6-11 avril : Tour du Pays basque<\/li>\n<li><strong>12 avril : Paris-Roubaix<\/strong><\/li>\n<li>19 avril : Amstel Gold Race<\/li>\n<li>22 avril : La Fl\u00e8che Wallonne<\/li>\n<li><strong>26 avril : Li\u00e8ge-Bastogne-Li\u00e8ge<\/strong><\/li>\n<li>28 avril-3 mai : Tour de Romandie<\/li>\n<\/ul>\n<ul style=\"text-align: justify;\">\n<li>1er mai : Eschborn-Francfort<\/li>\n<li><a href=\"https:\/\/dicodusport.fr\/blog\/le-giro-se-devoile-enfin-le-parcours-officiel-du-tour-ditalie-2026\/\"><strong>8-31 mai : Giro d\u2019Italia<\/strong><\/a><\/li>\n<\/ul>\n<ul style=\"text-align: justify;\">\n<li>7-14 juin : <strong>Tour Auvergne-Rh\u00f4ne-Alpes<\/strong><\/li>\n<li>14 juin : Copenhagen Sprint<\/li>\n<li>17-21 juin : Tour de Suisse<\/li>\n<\/ul>\n<ul style=\"text-align: justify;\">\n<li><a href=\"https:\/\/dicodusport.fr\/blog\/parcours-tour-de-france-2026-la-carte-du-trace-et-ce-quil-faut-retenir\/\"><strong>4-26 juillet : Tour de France<\/strong><\/a><\/li>\n<\/ul>\n<ul style=\"text-align: justify;\">\n<li>1er ao\u00fbt : Cl\u00e1sica San Sebasti\u00e1n<\/li>\n<li>3-9 ao\u00fbt : Tour de Pologne<\/li>\n<li>16 ao\u00fbt : ADAC Cyclassics Hambourg<\/li>\n<li>19-23 ao\u00fbt : Renewi Tour<\/li>\n<li><a href=\"https:\/\/dicodusport.fr\/blog\/depart-a-monaco-beaucoup-darrivees-en-altitude-le-parcours-du-tour-despagne-2026-devoile\/\"><strong>22 ao\u00fbt-13 septembre : Tour d\u2019Espagne<\/strong><\/a><\/li>\n<li>30 ao\u00fbt : Bretagne Classic<\/li>\n<\/ul>\n<ul style=\"text-align: justify;\">\n<li>11 septembre : Grand Prix de Qu\u00e9bec<\/li>\n<li>13 septembre : Grand Prix de Montr\u00e9al<\/li>\n<\/ul>\n<ul>\n<li style=\"text-align: justify;\"><strong>10 octobre : Tour de Lombardie<\/strong><\/li>\n<li style=\"text-align: justify;\">13-18 octobre : Tour de Guangxi<\/li>\n<\/ul>\n<h2 style=\"text-align: justify;\">La Coupe de France fait peau neuve et perd deux \u00e9preuves<\/h2>\n<p style=\"text-align: justify;\">Au niveau national, la <a href=\"https:\/\/dicodusport.fr\/blog\/classement-general-coupe-de-france-de-cyclisme-2025\/\"><strong>Coupe de France<\/strong><\/a> a connu une petite r\u00e9volution cet hiver. Forte d\u2019un nouveau diffuseur (<strong>Novo19<\/strong>) et d\u2019un nouveau nom (<strong>FDJ United Series<\/strong>), elle ne proposera toutefois que <strong>15 courses, contre 17 auparavant<\/strong>.<\/p>\n<p style=\"text-align: justify;\">Min\u00e9 par des probl\u00e8mes financiers, qui avaient notamment entra\u00een\u00e9 l\u2019annulation de l\u2019\u00e9dition f\u00e9minine en 2025, le <strong>Grand Prix d\u2019Isbergues<\/strong> n\u2019en fera plus partie, au m\u00eame titre que le <strong>Tro Bro Leon<\/strong>. Les deux \u00e9preuves conserveront toutefois un statut fort sur le circuit mondial (1.1 pour le GP d\u2019Isbergues, 1.Pro pour le Tro Bro Leon).<\/p>\n<p style=\"text-align: justify;\">Autre nouveaut\u00e9 susceptible de rebattre les cartes : les \u00e9quipes \u00e9trang\u00e8res seront d\u00e9sormais int\u00e9gr\u00e9es au classement par \u00e9quipes.<\/p>\n<blockquote class=\"twitter-tweet\">\n<p dir=\"ltr\" lang=\"fr\">La Coupe de France de cyclisme (15 \u00e9preuves) sera diffus\u00e9e sur Novo19, la cha\u00eene TNT du groupe Ouest-France, de 2026 \u00e0 2027.<br \/>\nEurosport conserve ses droits. <a href=\"https:\/\/t.co\/tWKzlhhnyw\">pic.twitter.com\/tWKzlhhnyw<\/a><\/p>\n<p>\u2014 En Pleine Lucarne (@EnPleineLucarne) <a href=\"https:\/\/twitter.com\/EnPleineLucarne\/status\/1996692127276061063?ref_src=twsrc%5Etfw\">December 4, 2025<\/a><\/p><\/blockquote>\n<p><script async src=\"https:\/\/platform.twitter.com\/widgets.js\" charset=\"utf-8\"><\/script><\/p>\n<h3 style=\"text-align: justify;\">Le calendrier de la Coupe de France en 2026<\/h3>\n<ul>\n<li style=\"text-align: justify;\">1er f\u00e9vrier : GP La Marseillaise<\/li>\n<li style=\"text-align: justify;\">19 mars : GP de Denain<\/li>\n<li style=\"text-align: justify;\">29 mars : La Roue Tourangelle<\/li>\n<li style=\"text-align: justify;\">3 avril : Classic Velox-Ad\u00e9lie de Vitr\u00e9<\/li>\n<li style=\"text-align: justify;\">6 avril : Cholet Agglo Tour<\/li>\n<li style=\"text-align: justify;\">17 avril : Classic Grand Besan\u00e7on Doubs<\/li>\n<li style=\"text-align: justify;\">18 avril : Tour du Jura<\/li>\n<li style=\"text-align: justify;\">19 avril : Tour du Doubs<\/li>\n<li style=\"text-align: justify;\">9 mai : GP du Morbihan<\/li>\n<li style=\"text-align: justify;\">16 mai : Tour du Finist\u00e8re<\/li>\n<li style=\"text-align: justify;\">17 mai : Boucles de l\u2019Aulne<\/li>\n<li style=\"text-align: justify;\">3 juin : Mercan\u2019Tour Classic Alpes-Maritimes<\/li>\n<li style=\"text-align: justify;\">16 ao\u00fbt : La Polynormande<\/li>\n<li style=\"text-align: justify;\">13 septembre : GP de Fourmies<\/li>\n<li style=\"text-align: justify;\">4 octobre : Tour de Vend\u00e9e<\/li>\n<\/ul>\n<h2 style=\"text-align: justify;\">Entre nouveaut\u00e9s et annulations, une centaine de changements au calendrier UCI<\/h2>\n<p style=\"text-align: justify;\">Le calendrier UCI \u00e9tant extr\u00eamement dense, avec des \u00e9preuves organis\u00e9es aux quatre coins du globe, une <strong>multitude de courses ont \u00e9t\u00e9 ajout\u00e9es ou retir\u00e9es<\/strong> pour la saison 2026.<\/p>\n<p style=\"text-align: justify;\">En France, deux nouvelles \u00e9preuves verront le jour : <strong>Lyon-Turin (2.1)<\/strong>, du 1er au 3 juillet, et la <strong>Classique Annemasse Agglo (1.2)<\/strong>, programm\u00e9e le 29 mars. Dans le m\u00eame temps, le <strong>CIC Mont Ventoux Challenge<\/strong> dispara\u00eet d\u00e9finitivement apr\u00e8s deux annulations cons\u00e9cutives, tandis que <strong>Paris-Bourges<\/strong> sort du calendrier UCI pour redevenir une \u00e9preuve nationale. Enfin, le <strong>R\u00e9gion Pays de la Loire Tour<\/strong> b\u00e9n\u00e9ficie d\u2019un changement de statut, passant d\u2019une course 2.1 \u00e0 une <strong>2.Pro<\/strong>. \u00c0 l&rsquo;\u00e9tranger, apr\u00e8s plus de 14 ann\u00e9es d&rsquo;existence, le <strong>Tour de Norv\u00e8ge<\/strong> ne sera pas au calendrier en 2026.<\/p>\n<p style=\"text-align: justify;\">Au total, une centaine de modifications de ce type ont \u00e9t\u00e9 recens\u00e9es, sans compter la trentaine de changements de dates. On notera notamment le retour d\u2019\u00e9preuves historiques, \u00e0 l\u2019image du <strong>Jayco Herald Sun Tour<\/strong>, du <strong>Tour de Sardaigne<\/strong> ou encore du <strong>Grand Prix d\u2019Alanya<\/strong>. Dans le m\u00eame temps, 29 nouvelles courses font leur apparition. Au-del\u00e0 de Lyon-Turin et de la Classique Annemasse Agglo, la Belgique accueillera notamment <strong>la Vesdrienne<\/strong> (1.2). Mais la palme revient \u00e0 la <strong>Turquie<\/strong>, qui organisera pas moins de <strong>sept nouvelles \u00e9preuves<\/strong> sur son territoire.<\/p>\n<div id=\"gtx-trans\" style=\"position: absolute; left: -14px; top: 40.9091px;\">\n<div class=\"gtx-trans-icon\"><\/div>\n<\/div>\n","protected":false},"excerpt":{"rendered":"<p>CYCLISME SUR ROUTE &#8211; Retraits de courses, ajouts, changements de noms&#8230; Focus sur les principaux changements du calendrier UCI pour l&rsquo;ann\u00e9e 2026.<\/p>\n","protected":false},"author":55,"featured_media":637820,"comment_status":"open","ping_status":"closed","sticky":false,"template":"","format":"standard","meta":{"_acf_changed":false,"_daextam_enable_autolinks":"1","footnotes":""},"categories":[46994],"tags":[32415,16878,574,11197,2831],"class_list":["post-637157","post","type-post","status-publish","format-standard","has-post-thumbnail","hentry","category-cyclisme-sur-route","tag-actu","tag-breve","tag-cyclisme","tag-cyclisme-sur-route","tag-uci"],"acf":[],"yoast_head":"<!-- This site is optimized with the Yoast SEO Premium plugin v26.7 (Yoast SEO v26.7) - https:\/\/yoast.com\/wordpress\/plugins\/seo\/ -->\n<title>Calendrier UCI 2026 : les changements majeurs \u00e0 conna\u00eetre<\/title>\n<meta name=\"description\" content=\"CYCLISME SUR ROUTE - Retraits de courses, ajouts, changements de noms... Focus sur les principaux changements du calendrier UCI pour l&#039;ann\u00e9e 2026.\" \/>\n<meta name=\"robots\" content=\"index, follow, max-snippet:-1, max-image-preview:large, max-video-preview:-1\" \/>\n<link rel=\"canonical\" href=\"https:\/\/dicodusport.fr\/blog\/calendrier-uci-2026-les-changements-majeurs-a-connaitre\/\" \/>\n<meta property=\"og:locale\" content=\"fr_FR\" \/>\n<meta property=\"og:type\" content=\"article\" \/>\n<meta property=\"og:title\" content=\"Calendrier UCI 2026 : ce qui va vraiment changer cette saison\" \/>\n<meta property=\"og:description\" content=\"CYCLISME SUR ROUTE - Retraits de courses, ajouts, changements de noms... Focus sur les principaux changements du calendrier UCI pour l&#039;ann\u00e9e 2026.\" \/>\n<meta property=\"og:url\" content=\"https:\/\/dicodusport.fr\/blog\/calendrier-uci-2026-les-changements-majeurs-a-connaitre\/\" \/>\n<meta property=\"og:site_name\" content=\"Dicodusport\" \/>\n<meta property=\"article:publisher\" content=\"https:\/\/www.facebook.com\/dicodusport\" \/>\n<meta property=\"article:published_time\" content=\"2026-01-12T15:14:04+00:00\" \/>\n<meta property=\"article:modified_time\" content=\"2026-01-13T11:46:56+00:00\" \/>\n<meta property=\"og:image\" content=\"https:\/\/dicodusport.fr\/blog\/wp-content\/uploads\/2026\/01\/Calendrier-UCI-2026-les-changements-majeurs-a-connaitre-1.png\" \/>\n\t<meta property=\"og:image:width\" content=\"1200\" \/>\n\t<meta property=\"og:image:height\" content=\"674\" \/>\n\t<meta property=\"og:image:type\" content=\"image\/png\" \/>\n<meta name=\"author\" content=\"Maxime Cazenave\" \/>\n<meta name=\"twitter:card\" content=\"summary_large_image\" \/>\n<meta name=\"twitter:title\" content=\"Calendrier UCI 2026 : ce qui va vraiment changer cette saison\" \/>\n<meta name=\"twitter:creator\" content=\"@https:\/\/twitter.com\/Maxime_Caze\" \/>\n<meta name=\"twitter:site\" content=\"@dicodusport\" \/>\n<script type=\"application\/ld+json\" class=\"yoast-schema-graph\">{\"@context\":\"https:\/\/schema.org\",\"@graph\":[{\"@type\":\"NewsArticle\",\"@id\":\"https:\/\/dicodusport.fr\/blog\/calendrier-uci-2026-les-changements-majeurs-a-connaitre\/#article\",\"isPartOf\":{\"@id\":\"https:\/\/dicodusport.fr\/blog\/calendrier-uci-2026-les-changements-majeurs-a-connaitre\/\"},\"author\":{\"name\":\"Maxime Cazenave\",\"@id\":\"https:\/\/dicodusport.fr\/blog\/#\/schema\/person\/37def232098a7a5cbab3974a3690abb0\"},\"headline\":\"Calendrier UCI 2026 : les changements majeurs \u00e0 conna\u00eetre\",\"datePublished\":\"2026-01-12T15:14:04+00:00\",\"dateModified\":\"2026-01-13T11:46:56+00:00\",\"mainEntityOfPage\":{\"@id\":\"https:\/\/dicodusport.fr\/blog\/calendrier-uci-2026-les-changements-majeurs-a-connaitre\/\"},\"wordCount\":1019,\"commentCount\":0,\"publisher\":{\"@id\":\"https:\/\/dicodusport.fr\/blog\/#organization\"},\"image\":{\"@id\":\"https:\/\/dicodusport.fr\/blog\/calendrier-uci-2026-les-changements-majeurs-a-connaitre\/#primaryimage\"},\"thumbnailUrl\":\"https:\/\/dicodusport.fr\/blog\/wp-content\/uploads\/2026\/01\/Calendrier-UCI-2026-les-changements-majeurs-a-connaitre-1.png\",\"keywords\":[\"actu\",\"br\u00e8ve\",\"Cyclisme\",\"Cyclisme sur route\",\"UCI\"],\"articleSection\":[\"Cyclisme sur route\"],\"inLanguage\":\"fr-FR\",\"potentialAction\":[{\"@type\":\"CommentAction\",\"name\":\"Comment\",\"target\":[\"https:\/\/dicodusport.fr\/blog\/calendrier-uci-2026-les-changements-majeurs-a-connaitre\/#respond\"]}],\"copyrightYear\":\"2026\",\"copyrightHolder\":{\"@id\":\"https:\/\/dicodusport.fr\/blog\/#organization\"}},{\"@type\":\"WebPage\",\"@id\":\"https:\/\/dicodusport.fr\/blog\/calendrier-uci-2026-les-changements-majeurs-a-connaitre\/\",\"url\":\"https:\/\/dicodusport.fr\/blog\/calendrier-uci-2026-les-changements-majeurs-a-connaitre\/\",\"name\":\"Calendrier UCI 2026 : les changements majeurs \u00e0 conna\u00eetre\",\"isPartOf\":{\"@id\":\"https:\/\/dicodusport.fr\/blog\/#website\"},\"primaryImageOfPage\":{\"@id\":\"https:\/\/dicodusport.fr\/blog\/calendrier-uci-2026-les-changements-majeurs-a-connaitre\/#primaryimage\"},\"image\":{\"@id\":\"https:\/\/dicodusport.fr\/blog\/calendrier-uci-2026-les-changements-majeurs-a-connaitre\/#primaryimage\"},\"thumbnailUrl\":\"https:\/\/dicodusport.fr\/blog\/wp-content\/uploads\/2026\/01\/Calendrier-UCI-2026-les-changements-majeurs-a-connaitre-1.png\",\"datePublished\":\"2026-01-12T15:14:04+00:00\",\"dateModified\":\"2026-01-13T11:46:56+00:00\",\"description\":\"CYCLISME SUR ROUTE - Retraits de courses, ajouts, changements de noms... Focus sur les principaux changements du calendrier UCI pour l'ann\u00e9e 2026.\",\"breadcrumb\":{\"@id\":\"https:\/\/dicodusport.fr\/blog\/calendrier-uci-2026-les-changements-majeurs-a-connaitre\/#breadcrumb\"},\"inLanguage\":\"fr-FR\",\"potentialAction\":[{\"@type\":\"ReadAction\",\"target\":[\"https:\/\/dicodusport.fr\/blog\/calendrier-uci-2026-les-changements-majeurs-a-connaitre\/\"]}]},{\"@type\":\"ImageObject\",\"inLanguage\":\"fr-FR\",\"@id\":\"https:\/\/dicodusport.fr\/blog\/calendrier-uci-2026-les-changements-majeurs-a-connaitre\/#primaryimage\",\"url\":\"https:\/\/dicodusport.fr\/blog\/wp-content\/uploads\/2026\/01\/Calendrier-UCI-2026-les-changements-majeurs-a-connaitre-1.png\",\"contentUrl\":\"https:\/\/dicodusport.fr\/blog\/wp-content\/uploads\/2026\/01\/Calendrier-UCI-2026-les-changements-majeurs-a-connaitre-1.png\",\"width\":1200,\"height\":674,\"caption\":\"Calendrier UCI 2026 les changements majeurs \u00e0 conna\u00eetre\"},{\"@type\":\"BreadcrumbList\",\"@id\":\"https:\/\/dicodusport.fr\/blog\/calendrier-uci-2026-les-changements-majeurs-a-connaitre\/#breadcrumb\",\"itemListElement\":[{\"@type\":\"ListItem\",\"position\":1,\"name\":\"Accueil\",\"item\":\"https:\/\/dicodusport.fr\/blog\/\"},{\"@type\":\"ListItem\",\"position\":2,\"name\":\"Calendrier UCI 2026 : les changements majeurs \u00e0 conna\u00eetre\"}]},{\"@type\":\"WebSite\",\"@id\":\"https:\/\/dicodusport.fr\/blog\/#website\",\"url\":\"https:\/\/dicodusport.fr\/blog\/\",\"name\":\"Dicodusport\",\"description\":\"L&#039;encyclop\u00e9die de l&#039;actualit\u00e9 sportive\",\"publisher\":{\"@id\":\"https:\/\/dicodusport.fr\/blog\/#organization\"},\"potentialAction\":[{\"@type\":\"SearchAction\",\"target\":{\"@type\":\"EntryPoint\",\"urlTemplate\":\"https:\/\/dicodusport.fr\/blog\/?s={search_term_string}\"},\"query-input\":{\"@type\":\"PropertyValueSpecification\",\"valueRequired\":true,\"valueName\":\"search_term_string\"}}],\"inLanguage\":\"fr-FR\"},{\"@type\":\"NewsMediaOrganization\",\"@id\":\"https:\/\/dicodusport.fr\/blog\/#organization\",\"name\":\"Dicodusport\",\"url\":\"https:\/\/dicodusport.fr\/blog\/\",\"logo\":{\"@type\":\"ImageObject\",\"inLanguage\":\"fr-FR\",\"@id\":\"https:\/\/dicodusport.fr\/blog\/#\/schema\/logo\/image\/\",\"url\":\"https:\/\/dicodusport.fr\/blog\/wp-content\/uploads\/2020\/06\/cropped-LOGO-DICODUSPORT-2020-SANS-FOND-SANS-TEXTE.png\",\"contentUrl\":\"https:\/\/dicodusport.fr\/blog\/wp-content\/uploads\/2020\/06\/cropped-LOGO-DICODUSPORT-2020-SANS-FOND-SANS-TEXTE.png\",\"width\":512,\"height\":512,\"caption\":\"Dicodusport\"},\"image\":{\"@id\":\"https:\/\/dicodusport.fr\/blog\/#\/schema\/logo\/image\/\"},\"sameAs\":[\"https:\/\/www.facebook.com\/dicodusport\",\"https:\/\/x.com\/dicodusport\",\"https:\/\/www.instagram.com\/dicodusport\/\",\"https:\/\/www.youtube.com\/channel\/UC7V2KZ5sd3htJivAbA4ZG3w\"],\"description\":\"Dicodusport est l'encyclop\u00e9die de l'actualit\u00e9 sportive.\",\"email\":\"bonjour@dicodusport.fr\",\"legalName\":\"DICODUSPORT\",\"foundingDate\":\"2018-01-14\",\"vatID\":\"FR71834470973\",\"taxID\":\"83447097300043\",\"numberOfEmployees\":{\"@type\":\"QuantitativeValue\",\"minValue\":\"1\",\"maxValue\":\"10\"}},{\"@type\":\"Person\",\"@id\":\"https:\/\/dicodusport.fr\/blog\/#\/schema\/person\/37def232098a7a5cbab3974a3690abb0\",\"name\":\"Maxime Cazenave\",\"image\":{\"@type\":\"ImageObject\",\"inLanguage\":\"fr-FR\",\"@id\":\"https:\/\/dicodusport.fr\/blog\/#\/schema\/person\/image\/\",\"url\":\"https:\/\/dicodusport.fr\/blog\/wp-content\/uploads\/2021\/05\/Maxime-Cazenave-150x150.jpg\",\"contentUrl\":\"https:\/\/dicodusport.fr\/blog\/wp-content\/uploads\/2021\/05\/Maxime-Cazenave-150x150.jpg\",\"caption\":\"Maxime Cazenave\"},\"description\":\"Journaliste\/R\u00e9dacteur depuis 2012 - Berc\u00e9 par l\u2019amour des Girondins de Bordeaux, les \u00e9checs de Christophe Moreau sur le Tour de France sous l'\u00e8re Lance Armstrong et le fade-away l\u00e9tal de Dirk Nowitzki, ma passion d\u00e9vorante pour le sport a toujours \u00e9t\u00e9 un pan incontournable de ma vie. Transmettre ma passion \u00e0 l\u2019\u00e9crit a \u00e9t\u00e9 une transition naturelle. Suiveur assidu de basket et de hockey sur glace, je garde toujours un peu de place pour suivre le cyclisme, le football et le maximum de performances fran\u00e7aises.\",\"sameAs\":[\"https:\/\/x.com\/https:\/\/twitter.com\/Maxime_Caze\"],\"url\":\"https:\/\/dicodusport.fr\/blog\/author\/maximec\/\"}]}<\/script>\n<!-- \/ Yoast SEO Premium plugin. -->","yoast_head_json":{"title":"Calendrier UCI 2026 : les changements majeurs \u00e0 conna\u00eetre","description":"CYCLISME SUR ROUTE - Retraits de courses, ajouts, changements de noms... Focus sur les principaux changements du calendrier UCI pour l'ann\u00e9e 2026.","robots":{"index":"index","follow":"follow","max-snippet":"max-snippet:-1","max-image-preview":"max-image-preview:large","max-video-preview":"max-video-preview:-1"},"canonical":"https:\/\/dicodusport.fr\/blog\/calendrier-uci-2026-les-changements-majeurs-a-connaitre\/","og_locale":"fr_FR","og_type":"article","og_title":"Calendrier UCI 2026 : ce qui va vraiment changer cette saison","og_description":"CYCLISME SUR ROUTE - Retraits de courses, ajouts, changements de noms... Focus sur les principaux changements du calendrier UCI pour l'ann\u00e9e 2026.","og_url":"https:\/\/dicodusport.fr\/blog\/calendrier-uci-2026-les-changements-majeurs-a-connaitre\/","og_site_name":"Dicodusport","article_publisher":"https:\/\/www.facebook.com\/dicodusport","article_published_time":"2026-01-12T15:14:04+00:00","article_modified_time":"2026-01-13T11:46:56+00:00","og_image":[{"width":1200,"height":674,"url":"https:\/\/dicodusport.fr\/blog\/wp-content\/uploads\/2026\/01\/Calendrier-UCI-2026-les-changements-majeurs-a-connaitre-1.png","type":"image\/png"}],"author":"Maxime Cazenave","twitter_card":"summary_large_image","twitter_title":"Calendrier UCI 2026 : ce qui va vraiment changer cette saison","twitter_creator":"@https:\/\/twitter.com\/Maxime_Caze","twitter_site":"@dicodusport","schema":{"@context":"https:\/\/schema.org","@graph":[{"@type":"NewsArticle","@id":"https:\/\/dicodusport.fr\/blog\/calendrier-uci-2026-les-changements-majeurs-a-connaitre\/#article","isPartOf":{"@id":"https:\/\/dicodusport.fr\/blog\/calendrier-uci-2026-les-changements-majeurs-a-connaitre\/"},"author":{"name":"Maxime Cazenave","@id":"https:\/\/dicodusport.fr\/blog\/#\/schema\/person\/37def232098a7a5cbab3974a3690abb0"},"headline":"Calendrier UCI 2026 : les changements majeurs \u00e0 conna\u00eetre","datePublished":"2026-01-12T15:14:04+00:00","dateModified":"2026-01-13T11:46:56+00:00","mainEntityOfPage":{"@id":"https:\/\/dicodusport.fr\/blog\/calendrier-uci-2026-les-changements-majeurs-a-connaitre\/"},"wordCount":1019,"commentCount":0,"publisher":{"@id":"https:\/\/dicodusport.fr\/blog\/#organization"},"image":{"@id":"https:\/\/dicodusport.fr\/blog\/calendrier-uci-2026-les-changements-majeurs-a-connaitre\/#primaryimage"},"thumbnailUrl":"https:\/\/dicodusport.fr\/blog\/wp-content\/uploads\/2026\/01\/Calendrier-UCI-2026-les-changements-majeurs-a-connaitre-1.png","keywords":["actu","br\u00e8ve","Cyclisme","Cyclisme sur route","UCI"],"articleSection":["Cyclisme sur route"],"inLanguage":"fr-FR","potentialAction":[{"@type":"CommentAction","name":"Comment","target":["https:\/\/dicodusport.fr\/blog\/calendrier-uci-2026-les-changements-majeurs-a-connaitre\/#respond"]}],"copyrightYear":"2026","copyrightHolder":{"@id":"https:\/\/dicodusport.fr\/blog\/#organization"}},{"@type":"WebPage","@id":"https:\/\/dicodusport.fr\/blog\/calendrier-uci-2026-les-changements-majeurs-a-connaitre\/","url":"https:\/\/dicodusport.fr\/blog\/calendrier-uci-2026-les-changements-majeurs-a-connaitre\/","name":"Calendrier UCI 2026 : les changements majeurs \u00e0 conna\u00eetre","isPartOf":{"@id":"https:\/\/dicodusport.fr\/blog\/#website"},"primaryImageOfPage":{"@id":"https:\/\/dicodusport.fr\/blog\/calendrier-uci-2026-les-changements-majeurs-a-connaitre\/#primaryimage"},"image":{"@id":"https:\/\/dicodusport.fr\/blog\/calendrier-uci-2026-les-changements-majeurs-a-connaitre\/#primaryimage"},"thumbnailUrl":"https:\/\/dicodusport.fr\/blog\/wp-content\/uploads\/2026\/01\/Calendrier-UCI-2026-les-changements-majeurs-a-connaitre-1.png","datePublished":"2026-01-12T15:14:04+00:00","dateModified":"2026-01-13T11:46:56+00:00","description":"CYCLISME SUR ROUTE - Retraits de courses, ajouts, changements de noms... Focus sur les principaux changements du calendrier UCI pour l'ann\u00e9e 2026.","breadcrumb":{"@id":"https:\/\/dicodusport.fr\/blog\/calendrier-uci-2026-les-changements-majeurs-a-connaitre\/#breadcrumb"},"inLanguage":"fr-FR","potentialAction":[{"@type":"ReadAction","target":["https:\/\/dicodusport.fr\/blog\/calendrier-uci-2026-les-changements-majeurs-a-connaitre\/"]}]},{"@type":"ImageObject","inLanguage":"fr-FR","@id":"https:\/\/dicodusport.fr\/blog\/calendrier-uci-2026-les-changements-majeurs-a-connaitre\/#primaryimage","url":"https:\/\/dicodusport.fr\/blog\/wp-content\/uploads\/2026\/01\/Calendrier-UCI-2026-les-changements-majeurs-a-connaitre-1.png","contentUrl":"https:\/\/dicodusport.fr\/blog\/wp-content\/uploads\/2026\/01\/Calendrier-UCI-2026-les-changements-majeurs-a-connaitre-1.png","width":1200,"height":674,"caption":"Calendrier UCI 2026 les changements majeurs \u00e0 conna\u00eetre"},{"@type":"BreadcrumbList","@id":"https:\/\/dicodusport.fr\/blog\/calendrier-uci-2026-les-changements-majeurs-a-connaitre\/#breadcrumb","itemListElement":[{"@type":"ListItem","position":1,"name":"Accueil","item":"https:\/\/dicodusport.fr\/blog\/"},{"@type":"ListItem","position":2,"name":"Calendrier UCI 2026 : les changements majeurs \u00e0 conna\u00eetre"}]},{"@type":"WebSite","@id":"https:\/\/dicodusport.fr\/blog\/#website","url":"https:\/\/dicodusport.fr\/blog\/","name":"Dicodusport","description":"L&#039;encyclop\u00e9die de l&#039;actualit\u00e9 sportive","publisher":{"@id":"https:\/\/dicodusport.fr\/blog\/#organization"},"potentialAction":[{"@type":"SearchAction","target":{"@type":"EntryPoint","urlTemplate":"https:\/\/dicodusport.fr\/blog\/?s={search_term_string}"},"query-input":{"@type":"PropertyValueSpecification","valueRequired":true,"valueName":"search_term_string"}}],"inLanguage":"fr-FR"},{"@type":"NewsMediaOrganization","@id":"https:\/\/dicodusport.fr\/blog\/#organization","name":"Dicodusport","url":"https:\/\/dicodusport.fr\/blog\/","logo":{"@type":"ImageObject","inLanguage":"fr-FR","@id":"https:\/\/dicodusport.fr\/blog\/#\/schema\/logo\/image\/","url":"https:\/\/dicodusport.fr\/blog\/wp-content\/uploads\/2020\/06\/cropped-LOGO-DICODUSPORT-2020-SANS-FOND-SANS-TEXTE.png","contentUrl":"https:\/\/dicodusport.fr\/blog\/wp-content\/uploads\/2020\/06\/cropped-LOGO-DICODUSPORT-2020-SANS-FOND-SANS-TEXTE.png","width":512,"height":512,"caption":"Dicodusport"},"image":{"@id":"https:\/\/dicodusport.fr\/blog\/#\/schema\/logo\/image\/"},"sameAs":["https:\/\/www.facebook.com\/dicodusport","https:\/\/x.com\/dicodusport","https:\/\/www.instagram.com\/dicodusport\/","https:\/\/www.youtube.com\/channel\/UC7V2KZ5sd3htJivAbA4ZG3w"],"description":"Dicodusport est l'encyclop\u00e9die de l'actualit\u00e9 sportive.","email":"bonjour@dicodusport.fr","legalName":"DICODUSPORT","foundingDate":"2018-01-14","vatID":"FR71834470973","taxID":"83447097300043","numberOfEmployees":{"@type":"QuantitativeValue","minValue":"1","maxValue":"10"}},{"@type":"Person","@id":"https:\/\/dicodusport.fr\/blog\/#\/schema\/person\/37def232098a7a5cbab3974a3690abb0","name":"Maxime Cazenave","image":{"@type":"ImageObject","inLanguage":"fr-FR","@id":"https:\/\/dicodusport.fr\/blog\/#\/schema\/person\/image\/","url":"https:\/\/dicodusport.fr\/blog\/wp-content\/uploads\/2021\/05\/Maxime-Cazenave-150x150.jpg","contentUrl":"https:\/\/dicodusport.fr\/blog\/wp-content\/uploads\/2021\/05\/Maxime-Cazenave-150x150.jpg","caption":"Maxime Cazenave"},"description":"Journaliste\/R\u00e9dacteur depuis 2012 - Berc\u00e9 par l\u2019amour des Girondins de Bordeaux, les \u00e9checs de Christophe Moreau sur le Tour de France sous l'\u00e8re Lance Armstrong et le fade-away l\u00e9tal de Dirk Nowitzki, ma passion d\u00e9vorante pour le sport a toujours \u00e9t\u00e9 un pan incontournable de ma vie. Transmettre ma passion \u00e0 l\u2019\u00e9crit a \u00e9t\u00e9 une transition naturelle. Suiveur assidu de basket et de hockey sur glace, je garde toujours un peu de place pour suivre le cyclisme, le football et le maximum de performances fran\u00e7aises.","sameAs":["https:\/\/x.com\/https:\/\/twitter.com\/Maxime_Caze"],"url":"https:\/\/dicodusport.fr\/blog\/author\/maximec\/"}]}},"_links":{"self":[{"href":"https:\/\/dicodusport.fr\/blog\/wp-json\/wp\/v2\/posts\/637157","targetHints":{"allow":["GET"]}}],"collection":[{"href":"https:\/\/dicodusport.fr\/blog\/wp-json\/wp\/v2\/posts"}],"about":[{"href":"https:\/\/dicodusport.fr\/blog\/wp-json\/wp\/v2\/types\/post"}],"author":[{"embeddable":true,"href":"https:\/\/dicodusport.fr\/blog\/wp-json\/wp\/v2\/users\/55"}],"replies":[{"embeddable":true,"href":"https:\/\/dicodusport.fr\/blog\/wp-json\/wp\/v2\/comments?post=637157"}],"version-history":[{"count":5,"href":"https:\/\/dicodusport.fr\/blog\/wp-json\/wp\/v2\/posts\/637157\/revisions"}],"predecessor-version":[{"id":637954,"href":"https:\/\/dicodusport.fr\/blog\/wp-json\/wp\/v2\/posts\/637157\/revisions\/637954"}],"wp:featuredmedia":[{"embeddable":true,"href":"https:\/\/dicodusport.fr\/blog\/wp-json\/wp\/v2\/media\/637820"}],"wp:attachment":[{"href":"https:\/\/dicodusport.fr\/blog\/wp-json\/wp\/v2\/media?parent=637157"}],"wp:term":[{"taxonomy":"category","embeddable":true,"href":"https:\/\/dicodusport.fr\/blog\/wp-json\/wp\/v2\/categories?post=637157"},{"taxonomy":"post_tag","embeddable":true,"href":"https:\/\/dicodusport.fr\/blog\/wp-json\/wp\/v2\/tags?post=637157"}],"curies":[{"name":"wp","href":"https:\/\/api.w.org\/{rel}","templated":true}]}}