{"id":637502,"date":"2026-01-11T15:22:02","date_gmt":"2026-01-11T14:22:02","guid":{"rendered":"https:\/\/dicodusport.fr\/blog\/?p=637502&#038;preview=true&#038;preview_id=637502"},"modified":"2026-01-11T17:24:43","modified_gmt":"2026-01-11T16:24:43","slug":"celia-gery-sacree-championne-de-france-de-cyclo-cross-a-troyes","status":"publish","type":"post","link":"https:\/\/dicodusport.fr\/blog\/celia-gery-sacree-championne-de-france-de-cyclo-cross-a-troyes\/","title":{"rendered":"C\u00e9lia G\u00e9ry sacr\u00e9e championne de France de cyclo-cross \u00e0 Troyes"},"content":{"rendered":"<p style=\"text-align: justify;\"><strong><em>CHAMPIONNATS DE FRANCE DE CYCLO-CROSS \u2013 C\u00e9lia G\u00e9ry (20 ans) s\u2019offre un premier titre majeur dans la discipline et fait tomber la favorite Amandine Fouquenet.<\/em><\/strong><\/p>\n<ul>\n<li style=\"text-align: justify;\"><strong>\u00c0 ce sujet &#8211; <a href=\"https:\/\/dicodusport.fr\/blog\/cyclo-cross-coupe-du-monde-2025-2026-calendrier-complet-dates-et-horaires\/\">Cyclo-cross Coupe du monde 2025-2026 \u2013 Calendrier complet, dates et horaires<\/a><\/strong><\/li>\n<\/ul>\n<p style=\"text-align: justify;\">Le circuit technique de Troyes a offert bien plus de suspense que pr\u00e9vu ce dimanche lors des Championnats de France. On s\u2019attendait \u00e0 un cavalier seul d\u2019<strong>Amandine Fouquenet<\/strong> (Pauwels Sauzen \u2013 Altez Industriebouw Cycling Team), au regard de ses performances monumentales en Coupe du monde cette saison, avec notamment quatre podiums. Pourtant, <a href=\"https:\/\/dicodusport.fr\/blog\/celia-gery-un-diamant-aux-multiples-facettes\/\">la p\u00e9pite <strong>C\u00e9lia G\u00e9ry<\/strong><\/a> (AS Bike Racing) a tenu la drag\u00e9e haute \u00e0 la Bretonne\u2026 et a fini par s\u2019imposer.<\/p>\n<ul style=\"text-align: justify;\">\n<li><strong>\u00c0 ce sujet &#8211; <a href=\"https:\/\/dicodusport.fr\/blog\/resultats-et-classements-championnats-de-france-de-cyclo-cross-2026\/\">R\u00e9sultats et classements Championnats de France de cyclo-cross 2026<\/a><\/strong><\/li>\n<\/ul>\n<h2 style=\"text-align: justify;\">Amandine Fouquenet rapidement en difficult\u00e9<\/h2>\n<p style=\"text-align: justify;\">D\u2019abord, <strong>H\u00e9l\u00e8ne Clauzel<\/strong> (Team EKOI) a pris le meilleur d\u00e9part, avant de commettre une petite erreur technique dans le c\u00e9l\u00e8bre d\u00e9vers troyen d\u00e8s le premier tour. Elle a alors laiss\u00e9 le champ libre \u00e0 <strong>C\u00e9lia G\u00e9ry<\/strong>, qui a pris les commandes de la course.<\/p>\n<p style=\"text-align: justify;\">Si <strong>Amandine Fouquenet<\/strong>, archi favorite, optait pour un d\u00e9part plus prudent qu\u2019\u00e0 l\u2019accoutum\u00e9e, elle revenait toutefois au contact \u00e0 la fin du premier des cinq tours, dans la roue de la grande espoir fran\u00e7aise. On pensait alors assister \u00e0 un duel aussi physique que technique, avec des choix de trajectoires tr\u00e8s diff\u00e9rents.<\/p>\n<p style=\"text-align: justify;\">\u00c0 la fin du deuxi\u00e8me tour, rien n\u2019\u00e9tait encore jou\u00e9 derri\u00e8re, avec notamment <strong>Amandine Muller<\/strong>, co\u00e9quipi\u00e8re de G\u00e9ry, ainsi que les surprenantes <strong>Lauriane Duraffourg<\/strong> et <strong>Electa Gallezot<\/strong> (Sebmotobikes CX Team).<\/p>\n<h2 style=\"text-align: justify;\">G\u00e9ry prend la lumi\u00e8re<\/h2>\n<p style=\"text-align: justify;\">Peu \u00e0 peu, <strong>Amandine Fouquenet<\/strong> l\u00e2chait du terrain. Et pour cause : la native de Vitr\u00e9 a d\u00fb changer de chaussure d\u00e8s le premier tour, perdant en aisance dans les d\u00e9vers et en adh\u00e9rence. Une situation dont a parfaitement profit\u00e9 <strong>C\u00e9lia G\u00e9ry<\/strong>, qui a creus\u00e9 l\u2019\u00e9cart pour le porter \u00e0 25 secondes \u00e0 la fin du troisi\u00e8me tour.<\/p>\n<p style=\"text-align: justify;\">La performance et l\u2019aisance technique de la jeune coureuse, qui a f\u00eat\u00e9 ses 20 ans la semaine pass\u00e9e, ont \u00e9t\u00e9 impressionnantes tout au long de la course.<\/p>\n<p style=\"text-align: justify;\">Dans le dernier tour, <strong>Fouquenet<\/strong> a tout tent\u00e9 pour revenir, r\u00e9duisant l\u2019\u00e9cart \u00e0 14 secondes, avant de commettre une nouvelle erreur dans le d\u00e9vers, scellant d\u00e9finitivement ses chances de retour. <strong>C\u00e9lia G\u00e9ry<\/strong> s\u2019est ainsi offert son premier titre \u00c9lite et a confirm\u00e9 son immense potentiel en cyclo-cross.<\/p>\n<p style=\"text-align: justify;\">De quoi augurer d\u2019une grande saison sur route pour la jeune Fran\u00e7aise, d\u00e9j\u00e0 remarqu\u00e9e sur le <strong>Tour de l\u2019Avenir<\/strong> en 2025. Derri\u00e8re, <strong>Amandine Fouquenet<\/strong> doit se contenter d\u2019une frustrante deuxi\u00e8me place, tandis que <strong>Amandine Muller<\/strong> a pris le dessus sur <strong>Lauriane Duraffourg<\/strong> dans la lutte pour la m\u00e9daille de bronze.<\/p>\n<blockquote class=\"twitter-tweet\">\n<p dir=\"ltr\" lang=\"fr\">C\u00e9lia Gery championne de France \ud83c\uddeb\ud83c\uddf7 de cyclo-cross ! \u00c0 20 ans, elle remporte son premier titre chez les \u00e9lites en devan\u00e7ant Amandine Fouquenet \ud83d\udc4f <a href=\"https:\/\/t.co\/MWTgajxlmV\">pic.twitter.com\/MWTgajxlmV<\/a><\/p>\n<p>\u2014 Eurosport France (@Eurosport_FR) <a href=\"https:\/\/twitter.com\/Eurosport_FR\/status\/2010353370045837788?ref_src=twsrc%5Etfw\">January 11, 2026<\/a><\/p><\/blockquote>\n<p><script async src=\"https:\/\/platform.twitter.com\/widgets.js\" charset=\"utf-8\"><\/script><\/p>\n<p><!--EndFragment --><\/p>\n<p>&nbsp;<\/p>\n","protected":false},"excerpt":{"rendered":"<p>C\u00e9lia G\u00e9ry (20 ans) s&rsquo;offre un premier titre majeur en cyclo-cross et s&rsquo;offre le scalp de la favorite Amandine Fouquenet.<\/p>\n","protected":false},"author":92,"featured_media":637600,"comment_status":"open","ping_status":"closed","sticky":false,"template":"","format":"standard","meta":{"_acf_changed":false,"_daextam_enable_autolinks":"1","footnotes":""},"categories":[9611],"tags":[32415,16878,6666],"class_list":["post-637502","post","type-post","status-publish","format-standard","has-post-thumbnail","hentry","category-cyclo-cross","tag-actu","tag-breve","tag-cyclo-cross"],"acf":[],"yoast_head":"<!-- This site is optimized with the Yoast SEO Premium plugin v26.7 (Yoast SEO v26.7) - https:\/\/yoast.com\/wordpress\/plugins\/seo\/ -->\n<title>C\u00e9lia G\u00e9ry sacr\u00e9e championne de France de cyclo-cross \u00e0 Troyes<\/title>\n<meta name=\"description\" content=\"C\u00e9lia G\u00e9ry (20 ans) s&#039;offre un premier titre majeur en cyclo-cross et s&#039;offre le scalp de la favorite Amandine Fouquenet.\" \/>\n<meta name=\"robots\" content=\"index, follow, max-snippet:-1, max-image-preview:large, max-video-preview:-1\" \/>\n<link rel=\"canonical\" href=\"https:\/\/dicodusport.fr\/blog\/celia-gery-sacree-championne-de-france-de-cyclo-cross-a-troyes\/\" \/>\n<meta property=\"og:locale\" content=\"fr_FR\" \/>\n<meta property=\"og:type\" content=\"article\" \/>\n<meta property=\"og:title\" content=\"C\u00e9lia G\u00e9ry sacr\u00e9e championne de France de cyclo-cross \u00e0 Troyes\" \/>\n<meta property=\"og:description\" content=\"C\u00e9lia G\u00e9ry (20 ans) s&#039;offre un premier titre majeur en cyclo-cross et s&#039;offre le scalp de la favorite Amandine Fouquenet.\" \/>\n<meta property=\"og:url\" content=\"https:\/\/dicodusport.fr\/blog\/celia-gery-sacree-championne-de-france-de-cyclo-cross-a-troyes\/\" \/>\n<meta property=\"og:site_name\" content=\"Dicodusport\" \/>\n<meta property=\"article:publisher\" content=\"https:\/\/www.facebook.com\/dicodusport\" \/>\n<meta property=\"article:published_time\" content=\"2026-01-11T14:22:02+00:00\" \/>\n<meta property=\"article:modified_time\" content=\"2026-01-11T16:24:43+00:00\" \/>\n<meta property=\"og:image\" content=\"https:\/\/dicodusport.fr\/blog\/wp-content\/uploads\/2026\/01\/Celia-Gery-sacree-championne-de-France-de-cyclo-cross-a-Troyes-1.png\" \/>\n\t<meta property=\"og:image:width\" content=\"1200\" \/>\n\t<meta property=\"og:image:height\" content=\"674\" \/>\n\t<meta property=\"og:image:type\" content=\"image\/png\" \/>\n<meta name=\"author\" content=\"Olivier Dobiezynski\" \/>\n<meta name=\"twitter:card\" content=\"summary_large_image\" \/>\n<meta name=\"twitter:title\" content=\"C\u00e9lia G\u00e9ry sacr\u00e9e championne de France de cyclo-cross \u00e0 Troyes\" \/>\n<meta name=\"twitter:creator\" content=\"@https:\/\/x.com\/Olivier_Matros\" \/>\n<meta name=\"twitter:site\" content=\"@dicodusport\" \/>\n<script type=\"application\/ld+json\" class=\"yoast-schema-graph\">{\"@context\":\"https:\/\/schema.org\",\"@graph\":[{\"@type\":\"NewsArticle\",\"@id\":\"https:\/\/dicodusport.fr\/blog\/celia-gery-sacree-championne-de-france-de-cyclo-cross-a-troyes\/#article\",\"isPartOf\":{\"@id\":\"https:\/\/dicodusport.fr\/blog\/celia-gery-sacree-championne-de-france-de-cyclo-cross-a-troyes\/\"},\"author\":{\"name\":\"Olivier Dobiezynski\",\"@id\":\"https:\/\/dicodusport.fr\/blog\/#\/schema\/person\/fe500246414ca17ddf0c0312d7a792cc\"},\"headline\":\"C\u00e9lia G\u00e9ry sacr\u00e9e championne de France de cyclo-cross \u00e0 Troyes\",\"datePublished\":\"2026-01-11T14:22:02+00:00\",\"dateModified\":\"2026-01-11T16:24:43+00:00\",\"mainEntityOfPage\":{\"@id\":\"https:\/\/dicodusport.fr\/blog\/celia-gery-sacree-championne-de-france-de-cyclo-cross-a-troyes\/\"},\"wordCount\":527,\"commentCount\":0,\"publisher\":{\"@id\":\"https:\/\/dicodusport.fr\/blog\/#organization\"},\"image\":{\"@id\":\"https:\/\/dicodusport.fr\/blog\/celia-gery-sacree-championne-de-france-de-cyclo-cross-a-troyes\/#primaryimage\"},\"thumbnailUrl\":\"https:\/\/dicodusport.fr\/blog\/wp-content\/uploads\/2026\/01\/Celia-Gery-sacree-championne-de-France-de-cyclo-cross-a-Troyes-1.png\",\"keywords\":[\"actu\",\"br\u00e8ve\",\"Cyclo-cross\"],\"articleSection\":[\"Cyclo-cross\"],\"inLanguage\":\"fr-FR\",\"potentialAction\":[{\"@type\":\"CommentAction\",\"name\":\"Comment\",\"target\":[\"https:\/\/dicodusport.fr\/blog\/celia-gery-sacree-championne-de-france-de-cyclo-cross-a-troyes\/#respond\"]}],\"copyrightYear\":\"2026\",\"copyrightHolder\":{\"@id\":\"https:\/\/dicodusport.fr\/blog\/#organization\"}},{\"@type\":\"WebPage\",\"@id\":\"https:\/\/dicodusport.fr\/blog\/celia-gery-sacree-championne-de-france-de-cyclo-cross-a-troyes\/\",\"url\":\"https:\/\/dicodusport.fr\/blog\/celia-gery-sacree-championne-de-france-de-cyclo-cross-a-troyes\/\",\"name\":\"C\u00e9lia G\u00e9ry sacr\u00e9e championne de France de cyclo-cross \u00e0 Troyes\",\"isPartOf\":{\"@id\":\"https:\/\/dicodusport.fr\/blog\/#website\"},\"primaryImageOfPage\":{\"@id\":\"https:\/\/dicodusport.fr\/blog\/celia-gery-sacree-championne-de-france-de-cyclo-cross-a-troyes\/#primaryimage\"},\"image\":{\"@id\":\"https:\/\/dicodusport.fr\/blog\/celia-gery-sacree-championne-de-france-de-cyclo-cross-a-troyes\/#primaryimage\"},\"thumbnailUrl\":\"https:\/\/dicodusport.fr\/blog\/wp-content\/uploads\/2026\/01\/Celia-Gery-sacree-championne-de-France-de-cyclo-cross-a-Troyes-1.png\",\"datePublished\":\"2026-01-11T14:22:02+00:00\",\"dateModified\":\"2026-01-11T16:24:43+00:00\",\"description\":\"C\u00e9lia G\u00e9ry (20 ans) s'offre un premier titre majeur en cyclo-cross et s'offre le scalp de la favorite Amandine Fouquenet.\",\"breadcrumb\":{\"@id\":\"https:\/\/dicodusport.fr\/blog\/celia-gery-sacree-championne-de-france-de-cyclo-cross-a-troyes\/#breadcrumb\"},\"inLanguage\":\"fr-FR\",\"potentialAction\":[{\"@type\":\"ReadAction\",\"target\":[\"https:\/\/dicodusport.fr\/blog\/celia-gery-sacree-championne-de-france-de-cyclo-cross-a-troyes\/\"]}]},{\"@type\":\"ImageObject\",\"inLanguage\":\"fr-FR\",\"@id\":\"https:\/\/dicodusport.fr\/blog\/celia-gery-sacree-championne-de-france-de-cyclo-cross-a-troyes\/#primaryimage\",\"url\":\"https:\/\/dicodusport.fr\/blog\/wp-content\/uploads\/2026\/01\/Celia-Gery-sacree-championne-de-France-de-cyclo-cross-a-Troyes-1.png\",\"contentUrl\":\"https:\/\/dicodusport.fr\/blog\/wp-content\/uploads\/2026\/01\/Celia-Gery-sacree-championne-de-France-de-cyclo-cross-a-Troyes-1.png\",\"width\":1200,\"height\":674,\"caption\":\"C\u00e9lia G\u00e9ry sacr\u00e9e championne de France de cyclo-cross \u00e0 Troyes (1)\"},{\"@type\":\"BreadcrumbList\",\"@id\":\"https:\/\/dicodusport.fr\/blog\/celia-gery-sacree-championne-de-france-de-cyclo-cross-a-troyes\/#breadcrumb\",\"itemListElement\":[{\"@type\":\"ListItem\",\"position\":1,\"name\":\"Accueil\",\"item\":\"https:\/\/dicodusport.fr\/blog\/\"},{\"@type\":\"ListItem\",\"position\":2,\"name\":\"C\u00e9lia G\u00e9ry sacr\u00e9e championne de France de cyclo-cross \u00e0 Troyes\"}]},{\"@type\":\"WebSite\",\"@id\":\"https:\/\/dicodusport.fr\/blog\/#website\",\"url\":\"https:\/\/dicodusport.fr\/blog\/\",\"name\":\"Dicodusport\",\"description\":\"L&#039;encyclop\u00e9die de l&#039;actualit\u00e9 sportive\",\"publisher\":{\"@id\":\"https:\/\/dicodusport.fr\/blog\/#organization\"},\"potentialAction\":[{\"@type\":\"SearchAction\",\"target\":{\"@type\":\"EntryPoint\",\"urlTemplate\":\"https:\/\/dicodusport.fr\/blog\/?s={search_term_string}\"},\"query-input\":{\"@type\":\"PropertyValueSpecification\",\"valueRequired\":true,\"valueName\":\"search_term_string\"}}],\"inLanguage\":\"fr-FR\"},{\"@type\":\"NewsMediaOrganization\",\"@id\":\"https:\/\/dicodusport.fr\/blog\/#organization\",\"name\":\"Dicodusport\",\"url\":\"https:\/\/dicodusport.fr\/blog\/\",\"logo\":{\"@type\":\"ImageObject\",\"inLanguage\":\"fr-FR\",\"@id\":\"https:\/\/dicodusport.fr\/blog\/#\/schema\/logo\/image\/\",\"url\":\"https:\/\/dicodusport.fr\/blog\/wp-content\/uploads\/2020\/06\/cropped-LOGO-DICODUSPORT-2020-SANS-FOND-SANS-TEXTE.png\",\"contentUrl\":\"https:\/\/dicodusport.fr\/blog\/wp-content\/uploads\/2020\/06\/cropped-LOGO-DICODUSPORT-2020-SANS-FOND-SANS-TEXTE.png\",\"width\":512,\"height\":512,\"caption\":\"Dicodusport\"},\"image\":{\"@id\":\"https:\/\/dicodusport.fr\/blog\/#\/schema\/logo\/image\/\"},\"sameAs\":[\"https:\/\/www.facebook.com\/dicodusport\",\"https:\/\/x.com\/dicodusport\",\"https:\/\/www.instagram.com\/dicodusport\/\",\"https:\/\/www.youtube.com\/channel\/UC7V2KZ5sd3htJivAbA4ZG3w\"],\"description\":\"Dicodusport est l'encyclop\u00e9die de l'actualit\u00e9 sportive.\",\"email\":\"bonjour@dicodusport.fr\",\"legalName\":\"DICODUSPORT\",\"foundingDate\":\"2018-01-14\",\"vatID\":\"FR71834470973\",\"taxID\":\"83447097300043\",\"numberOfEmployees\":{\"@type\":\"QuantitativeValue\",\"minValue\":\"1\",\"maxValue\":\"10\"}},{\"@type\":\"Person\",\"@id\":\"https:\/\/dicodusport.fr\/blog\/#\/schema\/person\/fe500246414ca17ddf0c0312d7a792cc\",\"name\":\"Olivier Dobiezynski\",\"image\":{\"@type\":\"ImageObject\",\"inLanguage\":\"fr-FR\",\"@id\":\"https:\/\/dicodusport.fr\/blog\/#\/schema\/person\/image\/\",\"url\":\"https:\/\/dicodusport.fr\/blog\/wp-content\/uploads\/2024\/09\/5be8fe8d-9962-4f1e-ad06-d6f9dee30e6d-150x150.jpg\",\"contentUrl\":\"https:\/\/dicodusport.fr\/blog\/wp-content\/uploads\/2024\/09\/5be8fe8d-9962-4f1e-ad06-d6f9dee30e6d-150x150.jpg\",\"caption\":\"Olivier Dobiezynski\"},\"description\":\"Depuis le milieu des ann\u00e9es 90, la passion du cyclisme m'anime. Mes h\u00e9ros s'appellent Luc Leblanc, Piotr Ugrumov, Paolo Savoldelli, Peter Sagan et bien \u00e9videmment Romain Bardet. R\u00e9dacteur depuis 2023, je suis ici pour partager cet amour de la Petite Reine. Vous pourrez me lire \u00e9galement sur du trail, du ski de fond et tout autre sujet susceptible d'\u00e9veiller ma curiosit\u00e9 sportive.\",\"sameAs\":[\"https:\/\/x.com\/https:\/\/x.com\/Olivier_Matros\"],\"url\":\"https:\/\/dicodusport.fr\/blog\/author\/olivier-gh\/\"}]}<\/script>\n<!-- \/ Yoast SEO Premium plugin. -->","yoast_head_json":{"title":"C\u00e9lia G\u00e9ry sacr\u00e9e championne de France de cyclo-cross \u00e0 Troyes","description":"C\u00e9lia G\u00e9ry (20 ans) s'offre un premier titre majeur en cyclo-cross et s'offre le scalp de la favorite Amandine Fouquenet.","robots":{"index":"index","follow":"follow","max-snippet":"max-snippet:-1","max-image-preview":"max-image-preview:large","max-video-preview":"max-video-preview:-1"},"canonical":"https:\/\/dicodusport.fr\/blog\/celia-gery-sacree-championne-de-france-de-cyclo-cross-a-troyes\/","og_locale":"fr_FR","og_type":"article","og_title":"C\u00e9lia G\u00e9ry sacr\u00e9e championne de France de cyclo-cross \u00e0 Troyes","og_description":"C\u00e9lia G\u00e9ry (20 ans) s'offre un premier titre majeur en cyclo-cross et s'offre le scalp de la favorite Amandine Fouquenet.","og_url":"https:\/\/dicodusport.fr\/blog\/celia-gery-sacree-championne-de-france-de-cyclo-cross-a-troyes\/","og_site_name":"Dicodusport","article_publisher":"https:\/\/www.facebook.com\/dicodusport","article_published_time":"2026-01-11T14:22:02+00:00","article_modified_time":"2026-01-11T16:24:43+00:00","og_image":[{"width":1200,"height":674,"url":"https:\/\/dicodusport.fr\/blog\/wp-content\/uploads\/2026\/01\/Celia-Gery-sacree-championne-de-France-de-cyclo-cross-a-Troyes-1.png","type":"image\/png"}],"author":"Olivier Dobiezynski","twitter_card":"summary_large_image","twitter_title":"C\u00e9lia G\u00e9ry sacr\u00e9e championne de France de cyclo-cross \u00e0 Troyes","twitter_creator":"@https:\/\/x.com\/Olivier_Matros","twitter_site":"@dicodusport","schema":{"@context":"https:\/\/schema.org","@graph":[{"@type":"NewsArticle","@id":"https:\/\/dicodusport.fr\/blog\/celia-gery-sacree-championne-de-france-de-cyclo-cross-a-troyes\/#article","isPartOf":{"@id":"https:\/\/dicodusport.fr\/blog\/celia-gery-sacree-championne-de-france-de-cyclo-cross-a-troyes\/"},"author":{"name":"Olivier Dobiezynski","@id":"https:\/\/dicodusport.fr\/blog\/#\/schema\/person\/fe500246414ca17ddf0c0312d7a792cc"},"headline":"C\u00e9lia G\u00e9ry sacr\u00e9e championne de France de cyclo-cross \u00e0 Troyes","datePublished":"2026-01-11T14:22:02+00:00","dateModified":"2026-01-11T16:24:43+00:00","mainEntityOfPage":{"@id":"https:\/\/dicodusport.fr\/blog\/celia-gery-sacree-championne-de-france-de-cyclo-cross-a-troyes\/"},"wordCount":527,"commentCount":0,"publisher":{"@id":"https:\/\/dicodusport.fr\/blog\/#organization"},"image":{"@id":"https:\/\/dicodusport.fr\/blog\/celia-gery-sacree-championne-de-france-de-cyclo-cross-a-troyes\/#primaryimage"},"thumbnailUrl":"https:\/\/dicodusport.fr\/blog\/wp-content\/uploads\/2026\/01\/Celia-Gery-sacree-championne-de-France-de-cyclo-cross-a-Troyes-1.png","keywords":["actu","br\u00e8ve","Cyclo-cross"],"articleSection":["Cyclo-cross"],"inLanguage":"fr-FR","potentialAction":[{"@type":"CommentAction","name":"Comment","target":["https:\/\/dicodusport.fr\/blog\/celia-gery-sacree-championne-de-france-de-cyclo-cross-a-troyes\/#respond"]}],"copyrightYear":"2026","copyrightHolder":{"@id":"https:\/\/dicodusport.fr\/blog\/#organization"}},{"@type":"WebPage","@id":"https:\/\/dicodusport.fr\/blog\/celia-gery-sacree-championne-de-france-de-cyclo-cross-a-troyes\/","url":"https:\/\/dicodusport.fr\/blog\/celia-gery-sacree-championne-de-france-de-cyclo-cross-a-troyes\/","name":"C\u00e9lia G\u00e9ry sacr\u00e9e championne de France de cyclo-cross \u00e0 Troyes","isPartOf":{"@id":"https:\/\/dicodusport.fr\/blog\/#website"},"primaryImageOfPage":{"@id":"https:\/\/dicodusport.fr\/blog\/celia-gery-sacree-championne-de-france-de-cyclo-cross-a-troyes\/#primaryimage"},"image":{"@id":"https:\/\/dicodusport.fr\/blog\/celia-gery-sacree-championne-de-france-de-cyclo-cross-a-troyes\/#primaryimage"},"thumbnailUrl":"https:\/\/dicodusport.fr\/blog\/wp-content\/uploads\/2026\/01\/Celia-Gery-sacree-championne-de-France-de-cyclo-cross-a-Troyes-1.png","datePublished":"2026-01-11T14:22:02+00:00","dateModified":"2026-01-11T16:24:43+00:00","description":"C\u00e9lia G\u00e9ry (20 ans) s'offre un premier titre majeur en cyclo-cross et s'offre le scalp de la favorite Amandine Fouquenet.","breadcrumb":{"@id":"https:\/\/dicodusport.fr\/blog\/celia-gery-sacree-championne-de-france-de-cyclo-cross-a-troyes\/#breadcrumb"},"inLanguage":"fr-FR","potentialAction":[{"@type":"ReadAction","target":["https:\/\/dicodusport.fr\/blog\/celia-gery-sacree-championne-de-france-de-cyclo-cross-a-troyes\/"]}]},{"@type":"ImageObject","inLanguage":"fr-FR","@id":"https:\/\/dicodusport.fr\/blog\/celia-gery-sacree-championne-de-france-de-cyclo-cross-a-troyes\/#primaryimage","url":"https:\/\/dicodusport.fr\/blog\/wp-content\/uploads\/2026\/01\/Celia-Gery-sacree-championne-de-France-de-cyclo-cross-a-Troyes-1.png","contentUrl":"https:\/\/dicodusport.fr\/blog\/wp-content\/uploads\/2026\/01\/Celia-Gery-sacree-championne-de-France-de-cyclo-cross-a-Troyes-1.png","width":1200,"height":674,"caption":"C\u00e9lia G\u00e9ry sacr\u00e9e championne de France de cyclo-cross \u00e0 Troyes (1)"},{"@type":"BreadcrumbList","@id":"https:\/\/dicodusport.fr\/blog\/celia-gery-sacree-championne-de-france-de-cyclo-cross-a-troyes\/#breadcrumb","itemListElement":[{"@type":"ListItem","position":1,"name":"Accueil","item":"https:\/\/dicodusport.fr\/blog\/"},{"@type":"ListItem","position":2,"name":"C\u00e9lia G\u00e9ry sacr\u00e9e championne de France de cyclo-cross \u00e0 Troyes"}]},{"@type":"WebSite","@id":"https:\/\/dicodusport.fr\/blog\/#website","url":"https:\/\/dicodusport.fr\/blog\/","name":"Dicodusport","description":"L&#039;encyclop\u00e9die de l&#039;actualit\u00e9 sportive","publisher":{"@id":"https:\/\/dicodusport.fr\/blog\/#organization"},"potentialAction":[{"@type":"SearchAction","target":{"@type":"EntryPoint","urlTemplate":"https:\/\/dicodusport.fr\/blog\/?s={search_term_string}"},"query-input":{"@type":"PropertyValueSpecification","valueRequired":true,"valueName":"search_term_string"}}],"inLanguage":"fr-FR"},{"@type":"NewsMediaOrganization","@id":"https:\/\/dicodusport.fr\/blog\/#organization","name":"Dicodusport","url":"https:\/\/dicodusport.fr\/blog\/","logo":{"@type":"ImageObject","inLanguage":"fr-FR","@id":"https:\/\/dicodusport.fr\/blog\/#\/schema\/logo\/image\/","url":"https:\/\/dicodusport.fr\/blog\/wp-content\/uploads\/2020\/06\/cropped-LOGO-DICODUSPORT-2020-SANS-FOND-SANS-TEXTE.png","contentUrl":"https:\/\/dicodusport.fr\/blog\/wp-content\/uploads\/2020\/06\/cropped-LOGO-DICODUSPORT-2020-SANS-FOND-SANS-TEXTE.png","width":512,"height":512,"caption":"Dicodusport"},"image":{"@id":"https:\/\/dicodusport.fr\/blog\/#\/schema\/logo\/image\/"},"sameAs":["https:\/\/www.facebook.com\/dicodusport","https:\/\/x.com\/dicodusport","https:\/\/www.instagram.com\/dicodusport\/","https:\/\/www.youtube.com\/channel\/UC7V2KZ5sd3htJivAbA4ZG3w"],"description":"Dicodusport est l'encyclop\u00e9die de l'actualit\u00e9 sportive.","email":"bonjour@dicodusport.fr","legalName":"DICODUSPORT","foundingDate":"2018-01-14","vatID":"FR71834470973","taxID":"83447097300043","numberOfEmployees":{"@type":"QuantitativeValue","minValue":"1","maxValue":"10"}},{"@type":"Person","@id":"https:\/\/dicodusport.fr\/blog\/#\/schema\/person\/fe500246414ca17ddf0c0312d7a792cc","name":"Olivier Dobiezynski","image":{"@type":"ImageObject","inLanguage":"fr-FR","@id":"https:\/\/dicodusport.fr\/blog\/#\/schema\/person\/image\/","url":"https:\/\/dicodusport.fr\/blog\/wp-content\/uploads\/2024\/09\/5be8fe8d-9962-4f1e-ad06-d6f9dee30e6d-150x150.jpg","contentUrl":"https:\/\/dicodusport.fr\/blog\/wp-content\/uploads\/2024\/09\/5be8fe8d-9962-4f1e-ad06-d6f9dee30e6d-150x150.jpg","caption":"Olivier Dobiezynski"},"description":"Depuis le milieu des ann\u00e9es 90, la passion du cyclisme m'anime. Mes h\u00e9ros s'appellent Luc Leblanc, Piotr Ugrumov, Paolo Savoldelli, Peter Sagan et bien \u00e9videmment Romain Bardet. R\u00e9dacteur depuis 2023, je suis ici pour partager cet amour de la Petite Reine. Vous pourrez me lire \u00e9galement sur du trail, du ski de fond et tout autre sujet susceptible d'\u00e9veiller ma curiosit\u00e9 sportive.","sameAs":["https:\/\/x.com\/https:\/\/x.com\/Olivier_Matros"],"url":"https:\/\/dicodusport.fr\/blog\/author\/olivier-gh\/"}]}},"_links":{"self":[{"href":"https:\/\/dicodusport.fr\/blog\/wp-json\/wp\/v2\/posts\/637502","targetHints":{"allow":["GET"]}}],"collection":[{"href":"https:\/\/dicodusport.fr\/blog\/wp-json\/wp\/v2\/posts"}],"about":[{"href":"https:\/\/dicodusport.fr\/blog\/wp-json\/wp\/v2\/types\/post"}],"author":[{"embeddable":true,"href":"https:\/\/dicodusport.fr\/blog\/wp-json\/wp\/v2\/users\/92"}],"replies":[{"embeddable":true,"href":"https:\/\/dicodusport.fr\/blog\/wp-json\/wp\/v2\/comments?post=637502"}],"version-history":[{"count":5,"href":"https:\/\/dicodusport.fr\/blog\/wp-json\/wp\/v2\/posts\/637502\/revisions"}],"predecessor-version":[{"id":637542,"href":"https:\/\/dicodusport.fr\/blog\/wp-json\/wp\/v2\/posts\/637502\/revisions\/637542"}],"wp:featuredmedia":[{"embeddable":true,"href":"https:\/\/dicodusport.fr\/blog\/wp-json\/wp\/v2\/media\/637600"}],"wp:attachment":[{"href":"https:\/\/dicodusport.fr\/blog\/wp-json\/wp\/v2\/media?parent=637502"}],"wp:term":[{"taxonomy":"category","embeddable":true,"href":"https:\/\/dicodusport.fr\/blog\/wp-json\/wp\/v2\/categories?post=637502"},{"taxonomy":"post_tag","embeddable":true,"href":"https:\/\/dicodusport.fr\/blog\/wp-json\/wp\/v2\/tags?post=637502"}],"curies":[{"name":"wp","href":"https:\/\/api.w.org\/{rel}","templated":true}]}}