{"id":637854,"date":"2026-01-12T21:06:25","date_gmt":"2026-01-12T20:06:25","guid":{"rendered":"https:\/\/dicodusport.fr\/blog\/?p=637854&#038;preview=true&#038;preview_id=637854"},"modified":"2026-01-12T21:37:40","modified_gmt":"2026-01-12T20:37:40","slug":"le-heros-des-barrages-de-la-coupe-du-monde-sarrete-mamadou-sakho-annonce-sa-retraite","status":"publish","type":"post","link":"https:\/\/dicodusport.fr\/blog\/le-heros-des-barrages-de-la-coupe-du-monde-sarrete-mamadou-sakho-annonce-sa-retraite\/","title":{"rendered":"Le h\u00e9ros des barrages de la Coupe du monde s&rsquo;arr\u00eate : Mamadou Sakho annonce sa retraite"},"content":{"rendered":"<p style=\"text-align: justify;\"><strong><em>FOOTBALL FRAN\u00c7AIS &#8211; Avant le derby parisien en Coupe de France, Mamadou Sakho a annonc\u00e9 sa retraite devant le Parc des Princes.\u00a0<\/em><\/strong><\/p>\n<p style=\"text-align: justify;\">C&rsquo;est une belle carri\u00e8re qui vient de prendre fin. Celle d&rsquo;un titi parisien qui aura \u00e9t\u00e9 un v\u00e9ritable symbole de la formation parisienne. \u00c0 l&rsquo;occasion du derby opposant son club de toujours le <strong>Paris Saint-Germain <\/strong>au Paris FC, <strong>Mamadou Sakho<\/strong> a officialis\u00e9 sa retraite sportive \u00e0 l&rsquo;\u00e2ge de<strong> 35 ans<\/strong>.<\/p>\n<h2 style=\"text-align: justify;\">Mamadou Sakho, ce titi devenu capitaine du PSG \u00e0 17 ans<\/h2>\n<p style=\"text-align: justify;\">Le natif du 18\u00e8me arrondissement de la capitale \u00e9tait sans club depuis l&rsquo;\u00e9t\u00e9 dernier, \u00e0 la fin de son exp\u00e9rience exotique au sein du club g\u00e9orgien du<strong> Torpedo Kuta\u00efsi<\/strong>. Cela faisait alors d\u00e9j\u00e0 un bon moment que la carri\u00e8re du d\u00e9fenseur central \u00e9tait sur la pente descendante, la faute notamment \u00e0 une accumulation de blessures. Avant d&rsquo;en arriver l\u00e0, <strong>Mamadou Sakho<\/strong> avait connu un d\u00e9but de carri\u00e8re tonitruant, marqu\u00e9 par une pr\u00e9cocit\u00e9 folle.<\/p>\n<p style=\"text-align: justify;\">Lanc\u00e9 dans le grand bain au lendemain de ses 17 ans en \u00e9tant titularis\u00e9 par <strong>Paul Le Guen<\/strong> en Coupe de l&rsquo;UEFA, le jeune d\u00e9fenseur n&rsquo;a pas tard\u00e9 \u00e0 faire parler de lui par sa maturit\u00e9 exceptionnelle. Maturit\u00e9 qui lui vaudra m\u00eame de <strong>porter le brassard de capitaine pour sa premi\u00e8re titularisation en Ligue 1<\/strong>, un soir d&rsquo;octobre 2007, face \u00e0 Valenciennes.<\/p>\n<p style=\"text-align: justify;\">Rapidement devenu incontournable, il a d\u00e9livr\u00e9 <strong>cinq saisons pleines sous le maillot parisien<\/strong> en portant r\u00e9guli\u00e8rement le brassard de capitaine. Il a ainsi connu les deux premi\u00e8res saisons de la prise de pouvoir qatarie au club, ce qui lui a permis de d\u00e9crocher son seul <strong>titre de champion de France<\/strong> (2013), auquel s&rsquo;ajoutent \u00e9galement une coupe de France, une coupe de la Ligue, et un Troph\u00e9e des Champions. Le tout en plus de 200 matchs disput\u00e9s (201).<\/p>\n<blockquote class=\"twitter-tweet\">\n<p dir=\"ltr\" lang=\"fr\">Mamadou Sakho vient d&rsquo;annoncer \ud835\udddf\ud835\uddd4 \ud835\uddd9\ud835\udddc\ud835\udde1 \ud835\uddd7\ud835\uddd8 \ud835\udde6\ud835\uddd4 \ud835\uddd6\ud835\uddd4\ud835\udde5\ud835\udde5\ud835\udddc\ud835\uddd8\ud835\udde5\ud835\uddd8&#8230; devant le public du Parc des Princes, comme un symbole ! \ud83d\udc4b\u2764\ufe0f\ud83d\udc99<\/p>\n<p>Joueur ultra marquant dans l&rsquo;histoire du club de la capitale, l\u00e0 o\u00f9 il a \u00e9t\u00e9 form\u00e9 :<\/p>\n<p>\ud83d\udc55 201 matchs entre 2007 et 2013<br \/>\n\u00a9\ufe0f Capitaine \u00e0 \ud835\udfed\ud835\udff3\u2026 <a href=\"https:\/\/t.co\/kU0Gm5jRWN\">pic.twitter.com\/kU0Gm5jRWN<\/a><\/p>\n<p>\u2014 Footballogue (@Footballogue) <a href=\"https:\/\/twitter.com\/Footballogue\/status\/2010806849906635037?ref_src=twsrc%5Etfw\">January 12, 2026<\/a><\/p><\/blockquote>\n<p style=\"text-align: justify;\"><script async src=\"https:\/\/platform.twitter.com\/widgets.js\" charset=\"utf-8\"><\/script><\/p>\n<h2 style=\"text-align: justify;\">Le 19 novembre 2013, Sakho h\u00e9ros des Bleus<\/h2>\n<p style=\"text-align: justify;\">Transf\u00e9r\u00e9 \u00e0 <strong>Liverpool<\/strong> \u00e0 23 ans, sa carri\u00e8re a commenc\u00e9 \u00e0 \u00eatre tronqu\u00e9e par des blessures \u00e0 r\u00e9p\u00e9tition, ce qui l&#8217;emp\u00eachera de s&rsquo;imposer durablement au cours de ses trois ann\u00e9es \u00e0 Anfield. Pass\u00e9 ensuite \u00e0 <strong>Crystal Palace<\/strong> pendant cinq saisons (2016-2021), puis \u00e0 <strong>Montpellier<\/strong> pendant pr\u00e8s de trois ans (2021-2024), il s&rsquo;est aussi signal\u00e9 en \u00e9quipe de France au d\u00e9but de la d\u00e9cennie 2010.<\/p>\n<p style=\"text-align: justify;\">Appel\u00e9 pour la premi\u00e8re fois au lendemain du fiasco de la Coupe du monde 2010 de Knysna, il fut un membre important de l&rsquo;\u00e8re <strong>Laurent Blanc<\/strong>, avant d&rsquo;\u00eatre d\u00e9terminant lors des premi\u00e8res ann\u00e9es <strong>Deschamps<\/strong>. Le titi parisien a m\u00eame marqu\u00e9 l&rsquo;histoire des Bleus le <strong>19 novembre 2013<\/strong>. Auteur d&rsquo;un<strong> doubl\u00e9 inattendu<\/strong>, il avait alors grandement contribu\u00e9 \u00e0 la victoire d\u00e9cisive face \u00e0 l&rsquo;Ukraine (3-0) pour envoyer les Bleus \u00e0 la Coupe du monde 2014.<\/p>\n<p style=\"text-align: justify;\">Au final, il aura <strong>port\u00e9 le maillot frapp\u00e9 du coq \u00e0 29 reprises, pour 2 buts<\/strong>. C&rsquo;est donc une tr\u00e8s belle carri\u00e8re qui prend officiellement fin ce lundi.<\/p>\n<blockquote class=\"twitter-tweet\">\n<p dir=\"ltr\" lang=\"fr\">\u00ab C\u2019\u00e9tait vraiment une union commune de 90 000 personnes ! \u00bb<\/p>\n<p>Mamadou Sakho se rem\u00e9more le match o\u00f9 la France a renvers\u00e9 l\u2019Ukraine lors d\u2019une nuit de feu au Stade de France.\ud83c\uddeb\ud83c\uddf7 <a href=\"https:\/\/twitter.com\/ThomasMekhiche?ref_src=twsrc%5Etfw\">@ThomasMekhiche<\/a> <a href=\"https:\/\/t.co\/HnXgXMDHEd\">pic.twitter.com\/HnXgXMDHEd<\/a><\/p>\n<p>\u2014 T\u00e9l\u00e9foot (@telefoot_TF1) <a href=\"https:\/\/twitter.com\/telefoot_TF1\/status\/2010320784657641838?ref_src=twsrc%5Etfw\">January 11, 2026<\/a><\/p><\/blockquote>\n<p style=\"text-align: justify;\"><script async src=\"https:\/\/platform.twitter.com\/widgets.js\" charset=\"utf-8\"><\/script><\/p>\n<div id=\"gtx-trans\" style=\"position: absolute; left: -14px; top: 40.9091px;\">\n<div class=\"gtx-trans-icon\" style=\"text-align: justify;\"><\/div>\n<\/div>\n","protected":false},"excerpt":{"rendered":"<p>FOOTBALL FRAN\u00c7AIS &#8211; Avant le derby parisien en Coupe de France, Mamadou Sakho a annonc\u00e9 sa retraite devant le Parc des Princes.\u00a0<\/p>\n","protected":false},"author":55,"featured_media":637855,"comment_status":"open","ping_status":"closed","sticky":false,"template":"","format":"standard","meta":{"_acf_changed":false,"_daextam_enable_autolinks":"1","footnotes":""},"categories":[2301],"tags":[16878,6966],"class_list":["post-637854","post","type-post","status-publish","format-standard","has-post-thumbnail","hentry","category-football","tag-breve","tag-equipe-de-france-de-football"],"acf":[],"yoast_head":"<!-- This site is optimized with the Yoast SEO Premium plugin v26.7 (Yoast SEO v26.7) - https:\/\/yoast.com\/wordpress\/plugins\/seo\/ -->\n<title>Le h\u00e9ros des barrages de la Coupe du monde s&#039;arr\u00eate : Mamadou Sakho annonce sa retraite<\/title>\n<meta name=\"description\" content=\"FOOTBALL FRAN\u00c7AIS - Avant le derby parisien en Coupe de France, Mamadou Sakho a annonc\u00e9 sa retraite devant le Parc des Princes.\u00a0\" \/>\n<meta name=\"robots\" content=\"index, follow, max-snippet:-1, max-image-preview:large, max-video-preview:-1\" \/>\n<link rel=\"canonical\" href=\"https:\/\/dicodusport.fr\/blog\/le-heros-des-barrages-de-la-coupe-du-monde-sarrete-mamadou-sakho-annonce-sa-retraite\/\" \/>\n<meta property=\"og:locale\" content=\"fr_FR\" \/>\n<meta property=\"og:type\" content=\"article\" \/>\n<meta property=\"og:title\" content=\"Le h\u00e9ros des barrages de la Coupe du monde s&#039;arr\u00eate : Mamadou Sakho annonce sa retraite\" \/>\n<meta property=\"og:description\" content=\"FOOTBALL FRAN\u00c7AIS - Avant le derby parisien en Coupe de France, Mamadou Sakho a annonc\u00e9 sa retraite devant le Parc des Princes.\u00a0\" \/>\n<meta property=\"og:url\" content=\"https:\/\/dicodusport.fr\/blog\/le-heros-des-barrages-de-la-coupe-du-monde-sarrete-mamadou-sakho-annonce-sa-retraite\/\" \/>\n<meta property=\"og:site_name\" content=\"Dicodusport\" \/>\n<meta property=\"article:publisher\" content=\"https:\/\/www.facebook.com\/dicodusport\" \/>\n<meta property=\"article:published_time\" content=\"2026-01-12T20:06:25+00:00\" \/>\n<meta property=\"article:modified_time\" content=\"2026-01-12T20:37:40+00:00\" \/>\n<meta property=\"og:image\" content=\"https:\/\/dicodusport.fr\/blog\/wp-content\/uploads\/2026\/01\/Le-heros-des-barrages-de-la-Coupe-du-monde-sarrete-Mamadou-Sakho-annonce-sa-retraite.png\" \/>\n\t<meta property=\"og:image:width\" content=\"1200\" \/>\n\t<meta property=\"og:image:height\" content=\"674\" \/>\n\t<meta property=\"og:image:type\" content=\"image\/png\" \/>\n<meta name=\"author\" content=\"Maxime Cazenave\" \/>\n<meta name=\"twitter:card\" content=\"summary_large_image\" \/>\n<meta name=\"twitter:title\" content=\"Le h\u00e9ros des barrages de la Coupe du monde s&#039;arr\u00eate : Mamadou Sakho annonce sa retraite\" \/>\n<meta name=\"twitter:creator\" content=\"@https:\/\/twitter.com\/Maxime_Caze\" \/>\n<meta name=\"twitter:site\" content=\"@dicodusport\" \/>\n<script type=\"application\/ld+json\" class=\"yoast-schema-graph\">{\"@context\":\"https:\/\/schema.org\",\"@graph\":[{\"@type\":\"NewsArticle\",\"@id\":\"https:\/\/dicodusport.fr\/blog\/le-heros-des-barrages-de-la-coupe-du-monde-sarrete-mamadou-sakho-annonce-sa-retraite\/#article\",\"isPartOf\":{\"@id\":\"https:\/\/dicodusport.fr\/blog\/le-heros-des-barrages-de-la-coupe-du-monde-sarrete-mamadou-sakho-annonce-sa-retraite\/\"},\"author\":{\"name\":\"Maxime Cazenave\",\"@id\":\"https:\/\/dicodusport.fr\/blog\/#\/schema\/person\/37def232098a7a5cbab3974a3690abb0\"},\"headline\":\"Le h\u00e9ros des barrages de la Coupe du monde s&rsquo;arr\u00eate : Mamadou Sakho annonce sa retraite\",\"datePublished\":\"2026-01-12T20:06:25+00:00\",\"dateModified\":\"2026-01-12T20:37:40+00:00\",\"mainEntityOfPage\":{\"@id\":\"https:\/\/dicodusport.fr\/blog\/le-heros-des-barrages-de-la-coupe-du-monde-sarrete-mamadou-sakho-annonce-sa-retraite\/\"},\"wordCount\":599,\"commentCount\":0,\"publisher\":{\"@id\":\"https:\/\/dicodusport.fr\/blog\/#organization\"},\"image\":{\"@id\":\"https:\/\/dicodusport.fr\/blog\/le-heros-des-barrages-de-la-coupe-du-monde-sarrete-mamadou-sakho-annonce-sa-retraite\/#primaryimage\"},\"thumbnailUrl\":\"https:\/\/dicodusport.fr\/blog\/wp-content\/uploads\/2026\/01\/Le-heros-des-barrages-de-la-Coupe-du-monde-sarrete-Mamadou-Sakho-annonce-sa-retraite.png\",\"keywords\":[\"br\u00e8ve\",\"Equipe de France de football\"],\"articleSection\":[\"Football\"],\"inLanguage\":\"fr-FR\",\"potentialAction\":[{\"@type\":\"CommentAction\",\"name\":\"Comment\",\"target\":[\"https:\/\/dicodusport.fr\/blog\/le-heros-des-barrages-de-la-coupe-du-monde-sarrete-mamadou-sakho-annonce-sa-retraite\/#respond\"]}],\"copyrightYear\":\"2026\",\"copyrightHolder\":{\"@id\":\"https:\/\/dicodusport.fr\/blog\/#organization\"}},{\"@type\":\"WebPage\",\"@id\":\"https:\/\/dicodusport.fr\/blog\/le-heros-des-barrages-de-la-coupe-du-monde-sarrete-mamadou-sakho-annonce-sa-retraite\/\",\"url\":\"https:\/\/dicodusport.fr\/blog\/le-heros-des-barrages-de-la-coupe-du-monde-sarrete-mamadou-sakho-annonce-sa-retraite\/\",\"name\":\"Le h\u00e9ros des barrages de la Coupe du monde s'arr\u00eate : Mamadou Sakho annonce sa retraite\",\"isPartOf\":{\"@id\":\"https:\/\/dicodusport.fr\/blog\/#website\"},\"primaryImageOfPage\":{\"@id\":\"https:\/\/dicodusport.fr\/blog\/le-heros-des-barrages-de-la-coupe-du-monde-sarrete-mamadou-sakho-annonce-sa-retraite\/#primaryimage\"},\"image\":{\"@id\":\"https:\/\/dicodusport.fr\/blog\/le-heros-des-barrages-de-la-coupe-du-monde-sarrete-mamadou-sakho-annonce-sa-retraite\/#primaryimage\"},\"thumbnailUrl\":\"https:\/\/dicodusport.fr\/blog\/wp-content\/uploads\/2026\/01\/Le-heros-des-barrages-de-la-Coupe-du-monde-sarrete-Mamadou-Sakho-annonce-sa-retraite.png\",\"datePublished\":\"2026-01-12T20:06:25+00:00\",\"dateModified\":\"2026-01-12T20:37:40+00:00\",\"description\":\"FOOTBALL FRAN\u00c7AIS - Avant le derby parisien en Coupe de France, Mamadou Sakho a annonc\u00e9 sa retraite devant le Parc des Princes.\u00a0\",\"breadcrumb\":{\"@id\":\"https:\/\/dicodusport.fr\/blog\/le-heros-des-barrages-de-la-coupe-du-monde-sarrete-mamadou-sakho-annonce-sa-retraite\/#breadcrumb\"},\"inLanguage\":\"fr-FR\",\"potentialAction\":[{\"@type\":\"ReadAction\",\"target\":[\"https:\/\/dicodusport.fr\/blog\/le-heros-des-barrages-de-la-coupe-du-monde-sarrete-mamadou-sakho-annonce-sa-retraite\/\"]}]},{\"@type\":\"ImageObject\",\"inLanguage\":\"fr-FR\",\"@id\":\"https:\/\/dicodusport.fr\/blog\/le-heros-des-barrages-de-la-coupe-du-monde-sarrete-mamadou-sakho-annonce-sa-retraite\/#primaryimage\",\"url\":\"https:\/\/dicodusport.fr\/blog\/wp-content\/uploads\/2026\/01\/Le-heros-des-barrages-de-la-Coupe-du-monde-sarrete-Mamadou-Sakho-annonce-sa-retraite.png\",\"contentUrl\":\"https:\/\/dicodusport.fr\/blog\/wp-content\/uploads\/2026\/01\/Le-heros-des-barrages-de-la-Coupe-du-monde-sarrete-Mamadou-Sakho-annonce-sa-retraite.png\",\"width\":1200,\"height\":674,\"caption\":\"Le h\u00e9ros des barrages de la Coupe du monde s'arr\u00eate Mamadou Sakho annonce sa retraite\"},{\"@type\":\"BreadcrumbList\",\"@id\":\"https:\/\/dicodusport.fr\/blog\/le-heros-des-barrages-de-la-coupe-du-monde-sarrete-mamadou-sakho-annonce-sa-retraite\/#breadcrumb\",\"itemListElement\":[{\"@type\":\"ListItem\",\"position\":1,\"name\":\"Accueil\",\"item\":\"https:\/\/dicodusport.fr\/blog\/\"},{\"@type\":\"ListItem\",\"position\":2,\"name\":\"Le h\u00e9ros des barrages de la Coupe du monde s&rsquo;arr\u00eate : Mamadou Sakho annonce sa retraite\"}]},{\"@type\":\"WebSite\",\"@id\":\"https:\/\/dicodusport.fr\/blog\/#website\",\"url\":\"https:\/\/dicodusport.fr\/blog\/\",\"name\":\"Dicodusport\",\"description\":\"L&#039;encyclop\u00e9die de l&#039;actualit\u00e9 sportive\",\"publisher\":{\"@id\":\"https:\/\/dicodusport.fr\/blog\/#organization\"},\"potentialAction\":[{\"@type\":\"SearchAction\",\"target\":{\"@type\":\"EntryPoint\",\"urlTemplate\":\"https:\/\/dicodusport.fr\/blog\/?s={search_term_string}\"},\"query-input\":{\"@type\":\"PropertyValueSpecification\",\"valueRequired\":true,\"valueName\":\"search_term_string\"}}],\"inLanguage\":\"fr-FR\"},{\"@type\":\"NewsMediaOrganization\",\"@id\":\"https:\/\/dicodusport.fr\/blog\/#organization\",\"name\":\"Dicodusport\",\"url\":\"https:\/\/dicodusport.fr\/blog\/\",\"logo\":{\"@type\":\"ImageObject\",\"inLanguage\":\"fr-FR\",\"@id\":\"https:\/\/dicodusport.fr\/blog\/#\/schema\/logo\/image\/\",\"url\":\"https:\/\/dicodusport.fr\/blog\/wp-content\/uploads\/2020\/06\/cropped-LOGO-DICODUSPORT-2020-SANS-FOND-SANS-TEXTE.png\",\"contentUrl\":\"https:\/\/dicodusport.fr\/blog\/wp-content\/uploads\/2020\/06\/cropped-LOGO-DICODUSPORT-2020-SANS-FOND-SANS-TEXTE.png\",\"width\":512,\"height\":512,\"caption\":\"Dicodusport\"},\"image\":{\"@id\":\"https:\/\/dicodusport.fr\/blog\/#\/schema\/logo\/image\/\"},\"sameAs\":[\"https:\/\/www.facebook.com\/dicodusport\",\"https:\/\/x.com\/dicodusport\",\"https:\/\/www.instagram.com\/dicodusport\/\",\"https:\/\/www.youtube.com\/channel\/UC7V2KZ5sd3htJivAbA4ZG3w\"],\"description\":\"Dicodusport est l'encyclop\u00e9die de l'actualit\u00e9 sportive.\",\"email\":\"bonjour@dicodusport.fr\",\"legalName\":\"DICODUSPORT\",\"foundingDate\":\"2018-01-14\",\"vatID\":\"FR71834470973\",\"taxID\":\"83447097300043\",\"numberOfEmployees\":{\"@type\":\"QuantitativeValue\",\"minValue\":\"1\",\"maxValue\":\"10\"}},{\"@type\":\"Person\",\"@id\":\"https:\/\/dicodusport.fr\/blog\/#\/schema\/person\/37def232098a7a5cbab3974a3690abb0\",\"name\":\"Maxime Cazenave\",\"image\":{\"@type\":\"ImageObject\",\"inLanguage\":\"fr-FR\",\"@id\":\"https:\/\/dicodusport.fr\/blog\/#\/schema\/person\/image\/\",\"url\":\"https:\/\/dicodusport.fr\/blog\/wp-content\/uploads\/2021\/05\/Maxime-Cazenave-150x150.jpg\",\"contentUrl\":\"https:\/\/dicodusport.fr\/blog\/wp-content\/uploads\/2021\/05\/Maxime-Cazenave-150x150.jpg\",\"caption\":\"Maxime Cazenave\"},\"description\":\"Journaliste\/R\u00e9dacteur depuis 2012 - Berc\u00e9 par l\u2019amour des Girondins de Bordeaux, les \u00e9checs de Christophe Moreau sur le Tour de France sous l'\u00e8re Lance Armstrong et le fade-away l\u00e9tal de Dirk Nowitzki, ma passion d\u00e9vorante pour le sport a toujours \u00e9t\u00e9 un pan incontournable de ma vie. Transmettre ma passion \u00e0 l\u2019\u00e9crit a \u00e9t\u00e9 une transition naturelle. Suiveur assidu de basket et de hockey sur glace, je garde toujours un peu de place pour suivre le cyclisme, le football et le maximum de performances fran\u00e7aises.\",\"sameAs\":[\"https:\/\/x.com\/https:\/\/twitter.com\/Maxime_Caze\"],\"url\":\"https:\/\/dicodusport.fr\/blog\/author\/maximec\/\"}]}<\/script>\n<!-- \/ Yoast SEO Premium plugin. -->","yoast_head_json":{"title":"Le h\u00e9ros des barrages de la Coupe du monde s'arr\u00eate : Mamadou Sakho annonce sa retraite","description":"FOOTBALL FRAN\u00c7AIS - Avant le derby parisien en Coupe de France, Mamadou Sakho a annonc\u00e9 sa retraite devant le Parc des Princes.\u00a0","robots":{"index":"index","follow":"follow","max-snippet":"max-snippet:-1","max-image-preview":"max-image-preview:large","max-video-preview":"max-video-preview:-1"},"canonical":"https:\/\/dicodusport.fr\/blog\/le-heros-des-barrages-de-la-coupe-du-monde-sarrete-mamadou-sakho-annonce-sa-retraite\/","og_locale":"fr_FR","og_type":"article","og_title":"Le h\u00e9ros des barrages de la Coupe du monde s'arr\u00eate : Mamadou Sakho annonce sa retraite","og_description":"FOOTBALL FRAN\u00c7AIS - Avant le derby parisien en Coupe de France, Mamadou Sakho a annonc\u00e9 sa retraite devant le Parc des Princes.\u00a0","og_url":"https:\/\/dicodusport.fr\/blog\/le-heros-des-barrages-de-la-coupe-du-monde-sarrete-mamadou-sakho-annonce-sa-retraite\/","og_site_name":"Dicodusport","article_publisher":"https:\/\/www.facebook.com\/dicodusport","article_published_time":"2026-01-12T20:06:25+00:00","article_modified_time":"2026-01-12T20:37:40+00:00","og_image":[{"width":1200,"height":674,"url":"https:\/\/dicodusport.fr\/blog\/wp-content\/uploads\/2026\/01\/Le-heros-des-barrages-de-la-Coupe-du-monde-sarrete-Mamadou-Sakho-annonce-sa-retraite.png","type":"image\/png"}],"author":"Maxime Cazenave","twitter_card":"summary_large_image","twitter_title":"Le h\u00e9ros des barrages de la Coupe du monde s'arr\u00eate : Mamadou Sakho annonce sa retraite","twitter_creator":"@https:\/\/twitter.com\/Maxime_Caze","twitter_site":"@dicodusport","schema":{"@context":"https:\/\/schema.org","@graph":[{"@type":"NewsArticle","@id":"https:\/\/dicodusport.fr\/blog\/le-heros-des-barrages-de-la-coupe-du-monde-sarrete-mamadou-sakho-annonce-sa-retraite\/#article","isPartOf":{"@id":"https:\/\/dicodusport.fr\/blog\/le-heros-des-barrages-de-la-coupe-du-monde-sarrete-mamadou-sakho-annonce-sa-retraite\/"},"author":{"name":"Maxime Cazenave","@id":"https:\/\/dicodusport.fr\/blog\/#\/schema\/person\/37def232098a7a5cbab3974a3690abb0"},"headline":"Le h\u00e9ros des barrages de la Coupe du monde s&rsquo;arr\u00eate : Mamadou Sakho annonce sa retraite","datePublished":"2026-01-12T20:06:25+00:00","dateModified":"2026-01-12T20:37:40+00:00","mainEntityOfPage":{"@id":"https:\/\/dicodusport.fr\/blog\/le-heros-des-barrages-de-la-coupe-du-monde-sarrete-mamadou-sakho-annonce-sa-retraite\/"},"wordCount":599,"commentCount":0,"publisher":{"@id":"https:\/\/dicodusport.fr\/blog\/#organization"},"image":{"@id":"https:\/\/dicodusport.fr\/blog\/le-heros-des-barrages-de-la-coupe-du-monde-sarrete-mamadou-sakho-annonce-sa-retraite\/#primaryimage"},"thumbnailUrl":"https:\/\/dicodusport.fr\/blog\/wp-content\/uploads\/2026\/01\/Le-heros-des-barrages-de-la-Coupe-du-monde-sarrete-Mamadou-Sakho-annonce-sa-retraite.png","keywords":["br\u00e8ve","Equipe de France de football"],"articleSection":["Football"],"inLanguage":"fr-FR","potentialAction":[{"@type":"CommentAction","name":"Comment","target":["https:\/\/dicodusport.fr\/blog\/le-heros-des-barrages-de-la-coupe-du-monde-sarrete-mamadou-sakho-annonce-sa-retraite\/#respond"]}],"copyrightYear":"2026","copyrightHolder":{"@id":"https:\/\/dicodusport.fr\/blog\/#organization"}},{"@type":"WebPage","@id":"https:\/\/dicodusport.fr\/blog\/le-heros-des-barrages-de-la-coupe-du-monde-sarrete-mamadou-sakho-annonce-sa-retraite\/","url":"https:\/\/dicodusport.fr\/blog\/le-heros-des-barrages-de-la-coupe-du-monde-sarrete-mamadou-sakho-annonce-sa-retraite\/","name":"Le h\u00e9ros des barrages de la Coupe du monde s'arr\u00eate : Mamadou Sakho annonce sa retraite","isPartOf":{"@id":"https:\/\/dicodusport.fr\/blog\/#website"},"primaryImageOfPage":{"@id":"https:\/\/dicodusport.fr\/blog\/le-heros-des-barrages-de-la-coupe-du-monde-sarrete-mamadou-sakho-annonce-sa-retraite\/#primaryimage"},"image":{"@id":"https:\/\/dicodusport.fr\/blog\/le-heros-des-barrages-de-la-coupe-du-monde-sarrete-mamadou-sakho-annonce-sa-retraite\/#primaryimage"},"thumbnailUrl":"https:\/\/dicodusport.fr\/blog\/wp-content\/uploads\/2026\/01\/Le-heros-des-barrages-de-la-Coupe-du-monde-sarrete-Mamadou-Sakho-annonce-sa-retraite.png","datePublished":"2026-01-12T20:06:25+00:00","dateModified":"2026-01-12T20:37:40+00:00","description":"FOOTBALL FRAN\u00c7AIS - Avant le derby parisien en Coupe de France, Mamadou Sakho a annonc\u00e9 sa retraite devant le Parc des Princes.\u00a0","breadcrumb":{"@id":"https:\/\/dicodusport.fr\/blog\/le-heros-des-barrages-de-la-coupe-du-monde-sarrete-mamadou-sakho-annonce-sa-retraite\/#breadcrumb"},"inLanguage":"fr-FR","potentialAction":[{"@type":"ReadAction","target":["https:\/\/dicodusport.fr\/blog\/le-heros-des-barrages-de-la-coupe-du-monde-sarrete-mamadou-sakho-annonce-sa-retraite\/"]}]},{"@type":"ImageObject","inLanguage":"fr-FR","@id":"https:\/\/dicodusport.fr\/blog\/le-heros-des-barrages-de-la-coupe-du-monde-sarrete-mamadou-sakho-annonce-sa-retraite\/#primaryimage","url":"https:\/\/dicodusport.fr\/blog\/wp-content\/uploads\/2026\/01\/Le-heros-des-barrages-de-la-Coupe-du-monde-sarrete-Mamadou-Sakho-annonce-sa-retraite.png","contentUrl":"https:\/\/dicodusport.fr\/blog\/wp-content\/uploads\/2026\/01\/Le-heros-des-barrages-de-la-Coupe-du-monde-sarrete-Mamadou-Sakho-annonce-sa-retraite.png","width":1200,"height":674,"caption":"Le h\u00e9ros des barrages de la Coupe du monde s'arr\u00eate Mamadou Sakho annonce sa retraite"},{"@type":"BreadcrumbList","@id":"https:\/\/dicodusport.fr\/blog\/le-heros-des-barrages-de-la-coupe-du-monde-sarrete-mamadou-sakho-annonce-sa-retraite\/#breadcrumb","itemListElement":[{"@type":"ListItem","position":1,"name":"Accueil","item":"https:\/\/dicodusport.fr\/blog\/"},{"@type":"ListItem","position":2,"name":"Le h\u00e9ros des barrages de la Coupe du monde s&rsquo;arr\u00eate : Mamadou Sakho annonce sa retraite"}]},{"@type":"WebSite","@id":"https:\/\/dicodusport.fr\/blog\/#website","url":"https:\/\/dicodusport.fr\/blog\/","name":"Dicodusport","description":"L&#039;encyclop\u00e9die de l&#039;actualit\u00e9 sportive","publisher":{"@id":"https:\/\/dicodusport.fr\/blog\/#organization"},"potentialAction":[{"@type":"SearchAction","target":{"@type":"EntryPoint","urlTemplate":"https:\/\/dicodusport.fr\/blog\/?s={search_term_string}"},"query-input":{"@type":"PropertyValueSpecification","valueRequired":true,"valueName":"search_term_string"}}],"inLanguage":"fr-FR"},{"@type":"NewsMediaOrganization","@id":"https:\/\/dicodusport.fr\/blog\/#organization","name":"Dicodusport","url":"https:\/\/dicodusport.fr\/blog\/","logo":{"@type":"ImageObject","inLanguage":"fr-FR","@id":"https:\/\/dicodusport.fr\/blog\/#\/schema\/logo\/image\/","url":"https:\/\/dicodusport.fr\/blog\/wp-content\/uploads\/2020\/06\/cropped-LOGO-DICODUSPORT-2020-SANS-FOND-SANS-TEXTE.png","contentUrl":"https:\/\/dicodusport.fr\/blog\/wp-content\/uploads\/2020\/06\/cropped-LOGO-DICODUSPORT-2020-SANS-FOND-SANS-TEXTE.png","width":512,"height":512,"caption":"Dicodusport"},"image":{"@id":"https:\/\/dicodusport.fr\/blog\/#\/schema\/logo\/image\/"},"sameAs":["https:\/\/www.facebook.com\/dicodusport","https:\/\/x.com\/dicodusport","https:\/\/www.instagram.com\/dicodusport\/","https:\/\/www.youtube.com\/channel\/UC7V2KZ5sd3htJivAbA4ZG3w"],"description":"Dicodusport est l'encyclop\u00e9die de l'actualit\u00e9 sportive.","email":"bonjour@dicodusport.fr","legalName":"DICODUSPORT","foundingDate":"2018-01-14","vatID":"FR71834470973","taxID":"83447097300043","numberOfEmployees":{"@type":"QuantitativeValue","minValue":"1","maxValue":"10"}},{"@type":"Person","@id":"https:\/\/dicodusport.fr\/blog\/#\/schema\/person\/37def232098a7a5cbab3974a3690abb0","name":"Maxime Cazenave","image":{"@type":"ImageObject","inLanguage":"fr-FR","@id":"https:\/\/dicodusport.fr\/blog\/#\/schema\/person\/image\/","url":"https:\/\/dicodusport.fr\/blog\/wp-content\/uploads\/2021\/05\/Maxime-Cazenave-150x150.jpg","contentUrl":"https:\/\/dicodusport.fr\/blog\/wp-content\/uploads\/2021\/05\/Maxime-Cazenave-150x150.jpg","caption":"Maxime Cazenave"},"description":"Journaliste\/R\u00e9dacteur depuis 2012 - Berc\u00e9 par l\u2019amour des Girondins de Bordeaux, les \u00e9checs de Christophe Moreau sur le Tour de France sous l'\u00e8re Lance Armstrong et le fade-away l\u00e9tal de Dirk Nowitzki, ma passion d\u00e9vorante pour le sport a toujours \u00e9t\u00e9 un pan incontournable de ma vie. Transmettre ma passion \u00e0 l\u2019\u00e9crit a \u00e9t\u00e9 une transition naturelle. Suiveur assidu de basket et de hockey sur glace, je garde toujours un peu de place pour suivre le cyclisme, le football et le maximum de performances fran\u00e7aises.","sameAs":["https:\/\/x.com\/https:\/\/twitter.com\/Maxime_Caze"],"url":"https:\/\/dicodusport.fr\/blog\/author\/maximec\/"}]}},"_links":{"self":[{"href":"https:\/\/dicodusport.fr\/blog\/wp-json\/wp\/v2\/posts\/637854","targetHints":{"allow":["GET"]}}],"collection":[{"href":"https:\/\/dicodusport.fr\/blog\/wp-json\/wp\/v2\/posts"}],"about":[{"href":"https:\/\/dicodusport.fr\/blog\/wp-json\/wp\/v2\/types\/post"}],"author":[{"embeddable":true,"href":"https:\/\/dicodusport.fr\/blog\/wp-json\/wp\/v2\/users\/55"}],"replies":[{"embeddable":true,"href":"https:\/\/dicodusport.fr\/blog\/wp-json\/wp\/v2\/comments?post=637854"}],"version-history":[{"count":4,"href":"https:\/\/dicodusport.fr\/blog\/wp-json\/wp\/v2\/posts\/637854\/revisions"}],"predecessor-version":[{"id":637861,"href":"https:\/\/dicodusport.fr\/blog\/wp-json\/wp\/v2\/posts\/637854\/revisions\/637861"}],"wp:featuredmedia":[{"embeddable":true,"href":"https:\/\/dicodusport.fr\/blog\/wp-json\/wp\/v2\/media\/637855"}],"wp:attachment":[{"href":"https:\/\/dicodusport.fr\/blog\/wp-json\/wp\/v2\/media?parent=637854"}],"wp:term":[{"taxonomy":"category","embeddable":true,"href":"https:\/\/dicodusport.fr\/blog\/wp-json\/wp\/v2\/categories?post=637854"},{"taxonomy":"post_tag","embeddable":true,"href":"https:\/\/dicodusport.fr\/blog\/wp-json\/wp\/v2\/tags?post=637854"}],"curies":[{"name":"wp","href":"https:\/\/api.w.org\/{rel}","templated":true}]}}