{"id":637865,"date":"2026-01-13T08:30:35","date_gmt":"2026-01-13T07:30:35","guid":{"rendered":"https:\/\/dicodusport.fr\/blog\/?p=637865&#038;preview=true&#038;preview_id=637865"},"modified":"2026-01-30T15:07:26","modified_gmt":"2026-01-30T14:07:26","slug":"wout-faes-vers-la-ligue-1-linternational-belge-discute-avec-un-cador-du-championnat","status":"publish","type":"post","link":"https:\/\/dicodusport.fr\/blog\/wout-faes-vers-la-ligue-1-linternational-belge-discute-avec-un-cador-du-championnat\/","title":{"rendered":"Wout Faes vers la Ligue 1 : l&rsquo;international belge discute avec un cador du championnat"},"content":{"rendered":"<p style=\"text-align: justify;\"><strong><em>LIGUE 1 2025\/2026 &#8211; Totalement \u00e0 l&rsquo;arr\u00eat \u00e0 Leicester, Wout Faes pourrait rebondir en Ligue 1 \u00e0 six mois de la Coupe du monde.<\/em><\/strong><\/p>\n<p style=\"text-align: justify;\">Consid\u00e9r\u00e9 comme l&rsquo;un des meilleurs d\u00e9fenseurs de <strong>Ligue 1<\/strong> lors de ses deux saisons pass\u00e9es au Stade de Reims entre 2020 et 2022, <strong>Wout Faes<\/strong> pourrait bien retrouver le championnat de France, trois ans et demi apr\u00e8s son d\u00e9part. Vendu pour environ 20 millions d&rsquo;euros \u00e0 <strong>Leicester<\/strong> \u00e0 l&rsquo;\u00e9poque, le d\u00e9fenseur belge est aujourd&rsquo;hui dans une situation d\u00e9licate.<\/p>\n<h2 style=\"text-align: justify;\">\u00c0 6 mois de la Coupe du monde, Wout Faes doit se relancer<\/h2>\n<p style=\"text-align: justify;\">V\u00e9ritable pilier des <em>Foxes<\/em> durant trois ans, il n&rsquo;a pas eu \u00e9norm\u00e9ment de r\u00e9ussite avec ces derniers puisque le club a connu depuis deux rel\u00e9gations. En 2023, puis l&rsquo;ann\u00e9e derni\u00e8re. Alors qu&rsquo;il devait partir l&rsquo;\u00e9t\u00e9 dernier, le Belge a d\u00fb rester au club, o\u00f9 sa carri\u00e8re est d\u00e9sormais \u00e0 l&rsquo;arr\u00eat. En effet, s&rsquo;il a disput\u00e9 16 rencontres toutes comp\u00e9titions confondues, il a \u00e9t\u00e9 <strong>totalement mis \u00e0 l&rsquo;\u00e9cart fin novembre<\/strong>, et n&rsquo;a pas disput\u00e9 la moindre minute lors des neuf derniers matchs disput\u00e9s par son \u00e9quipe.<\/p>\n<p style=\"text-align: justify;\">Une situation difficile, d&rsquo;autant plus que dans le m\u00eame temps, il a <strong>perdu sa place en \u00e9quipe de Belgique<\/strong>. \u00c9cart\u00e9 depuis juin dernier, il doit rebondir en ce d\u00e9but d&rsquo;ann\u00e9e pour ne pas voir la Coupe du monde 2026 se disputer sans lui.<\/p>\n<h2 style=\"text-align: justify;\">D\u00e9plum\u00e9 en d\u00e9fense, Monaco fonce sur l&rsquo;international belge<\/h2>\n<p style=\"text-align: justify;\">Dans ces conditions, l&rsquo;<strong>AS Monaco<\/strong> s&rsquo;est positionn\u00e9e afin de r\u00e9cup\u00e9rer le joueur <strong>en pr\u00eat<\/strong> selon <em>Foot Mercato<\/em>. Depuis, <em><a href=\"https:\/\/www.lequipe.fr\/Football\/Actualites\/Mercato-le-defenseur-de-leicester-wout-faes-se-rapproche-de-monaco\/1633076\">L&rsquo;\u00c9quipe<\/a><\/em> a confirm\u00e9 l&rsquo;information, en pr\u00e9cisant qu&rsquo;une <strong>option d&rsquo;achat estim\u00e9e entre 5 et 10 millions<\/strong> serait incluse dans le deal. \u00c0 la recherche de renforts \u00e0 bas prix, le club du Rocher s&rsquo;est \u00e9galement <a href=\"https:\/\/dicodusport.fr\/blog\/monaco-a-besoin-de-renforts-un-ancien-de-lille-pourrait-debarquer-en-principaute\/\">int\u00e9ress\u00e9 \u00e0 un autre joueur des Foxes, <strong>Boubakary Soumar\u00e9<\/strong><\/a>, pour renforcer son milieu de terrain.<\/p>\n<blockquote class=\"twitter-tweet\">\n<p dir=\"ltr\" lang=\"fr\">\ud83d\udea8EXCL <a href=\"https:\/\/twitter.com\/hashtag\/ASMonaco?src=hash&amp;ref_src=twsrc%5Etfw\">#ASMonaco<\/a> \u26aa\ufe0f\ud83d\udd34<\/p>\n<p>\u2757\ufe0fDiscussion en cours pour l&rsquo;arriv\u00e9e de Wout Faes \u00e0 l&rsquo;AS Monaco<\/p>\n<p>plus d&rsquo;infos \u00e0 venir sur <a href=\"https:\/\/twitter.com\/footmercato?ref_src=twsrc%5Etfw\">@footmercato<\/a><\/p>\n<p>x <a href=\"https:\/\/twitter.com\/Santi_J_FM?ref_src=twsrc%5Etfw\">@Santi_J_FM<\/a> <a href=\"https:\/\/t.co\/3v5uohV20t\">pic.twitter.com\/3v5uohV20t<\/a><\/p>\n<p>\u2014 S\u00e9bastien Denis (@sebnonda) <a href=\"https:\/\/twitter.com\/sebnonda\/status\/2010784764501037090?ref_src=twsrc%5Etfw\">January 12, 2026<\/a><\/p><\/blockquote>\n<p style=\"text-align: justify;\"><script async src=\"https:\/\/platform.twitter.com\/widgets.js\" charset=\"utf-8\"><\/script><\/p>\n<p style=\"text-align: justify;\">\u00c9galement min\u00e9s par les blessures en d\u00e9fense centrale, avec seul <strong>Thilo Kehrer<\/strong> en sp\u00e9cialiste du poste actuellement disponible, les Mon\u00e9gasques cherchent donc \u00e0 boucler l&rsquo;affaire rapidement. Pourquoi pas m\u00eame d\u00e8s cette semaine afin que Faes puisse effectuer ses grands d\u00e9buts d\u00e8s vendredi, face \u00e0 Lorient.<\/p>\n<h3 style=\"text-align: justify;\">\u00c0 lire aussi<\/h3>\n<div class=\"vlp-link-container vlp-layout-article\"><a href=\"https:\/\/dicodusport.fr\/blog\/le-heros-des-barrages-de-la-coupe-du-monde-sarrete-mamadou-sakho-annonce-sa-retraite\/\" class=\"vlp-link\" title=\"Le h\u00e9ros des barrages de la Coupe du monde s&#039;arr\u00eate : Mamadou Sakho annonce sa retraite\"><\/a><div class=\"vlp-layout-zone-side\"><div class=\"vlp-block-4 vlp-link-image\"><img loading=\"lazy\" decoding=\"async\" style=\"max-width: 792px;\" width=\"792\" height=\"445\" src=\"https:\/\/dicodusport.fr\/blog\/wp-content\/uploads\/2026\/01\/Le-heros-des-barrages-de-la-Coupe-du-monde-sarrete-Mamadou-Sakho-annonce-sa-retraite.png\" class=\"attachment-800x445 size-800x445\" alt=\"Le h\u00e9ros des barrages de la Coupe du monde s&#039;arr\u00eate Mamadou Sakho annonce sa retraite\" srcset=\"https:\/\/dicodusport.fr\/blog\/wp-content\/uploads\/2026\/01\/Le-heros-des-barrages-de-la-Coupe-du-monde-sarrete-Mamadou-Sakho-annonce-sa-retraite.png 1200w, https:\/\/dicodusport.fr\/blog\/wp-content\/uploads\/2026\/01\/Le-heros-des-barrages-de-la-Coupe-du-monde-sarrete-Mamadou-Sakho-annonce-sa-retraite-300x169.png 300w, https:\/\/dicodusport.fr\/blog\/wp-content\/uploads\/2026\/01\/Le-heros-des-barrages-de-la-Coupe-du-monde-sarrete-Mamadou-Sakho-annonce-sa-retraite-1024x575.png 1024w, https:\/\/dicodusport.fr\/blog\/wp-content\/uploads\/2026\/01\/Le-heros-des-barrages-de-la-Coupe-du-monde-sarrete-Mamadou-Sakho-annonce-sa-retraite-768x431.png 768w\" sizes=\"auto, (max-width: 792px) 100vw, 792px\" \/><\/div><\/div><div class=\"vlp-layout-zone-main\"><div class=\"vlp-block-0 vlp-link-title\">Le h\u00e9ros des barrages de la Coupe du monde s'arr\u00eate : Mamadou Sakho annonce sa retraite<\/div><div class=\"vlp-block-1 vlp-link-summary\">FOOTBALL FRAN\u00c7AIS - Avant le derby parisien en Coupe de France, Mamadou Sakho a annonc\u00e9 sa retraite devant le Parc des Princes.\u00a0<\/div><div class=\"vlp-block-2 vlp-link-button\">Lire l'article<\/div><div class=\"vlp-block-3 vlp-link-url\">dicodusport.fr<\/div><\/div><\/div>\n<div id=\"gtx-trans\" style=\"position: absolute; left: -14px; top: 40.9091px;\">\n<div class=\"gtx-trans-icon\" style=\"text-align: justify;\"><\/div>\n<\/div>\n","protected":false},"excerpt":{"rendered":"<p>LIGUE 1 2025\/2026 &#8211; Totalement \u00e0 l&rsquo;arr\u00eat \u00e0 Leicester, Wout Faes pourrait rebondir en Ligue 1 \u00e0 six mois de la Coupe du monde.<\/p>\n","protected":false},"author":55,"featured_media":637866,"comment_status":"open","ping_status":"closed","sticky":false,"template":"","format":"standard","meta":{"_acf_changed":false,"_daextam_enable_autolinks":"1","footnotes":""},"categories":[47045],"tags":[16878,6598,1554,14093,1678,47189],"class_list":["post-637865","post","type-post","status-publish","format-standard","has-post-thumbnail","hentry","category-ligue-1","tag-breve","tag-leicester-city","tag-ligue-1","tag-mercato-football","tag-monaco","tag-transferts-football"],"acf":[],"yoast_head":"<!-- This site is optimized with the Yoast SEO Premium plugin v26.7 (Yoast SEO v26.7) - https:\/\/yoast.com\/wordpress\/plugins\/seo\/ -->\n<title>Wout Faes vers la Ligue 1 : l&#039;international belge discute avec un cador du championnat<\/title>\n<meta name=\"description\" content=\"LIGUE 1 2025\/2026 - Totalement \u00e0 l&#039;arr\u00eat \u00e0 Leicester, Wout Faes pourrait rebondir en Ligue 1 \u00e0 six mois de la Coupe du monde.\" \/>\n<meta name=\"robots\" content=\"index, follow, max-snippet:-1, max-image-preview:large, max-video-preview:-1\" \/>\n<link rel=\"canonical\" href=\"https:\/\/dicodusport.fr\/blog\/wout-faes-vers-la-ligue-1-linternational-belge-discute-avec-un-cador-du-championnat\/\" \/>\n<meta property=\"og:locale\" content=\"fr_FR\" \/>\n<meta property=\"og:type\" content=\"article\" \/>\n<meta property=\"og:title\" content=\"Wout Faes vers la Ligue 1 : l&#039;international belge discute avec un cador du championnat\" \/>\n<meta property=\"og:description\" content=\"LIGUE 1 2025\/2026 - Totalement \u00e0 l&#039;arr\u00eat \u00e0 Leicester, Wout Faes pourrait rebondir en Ligue 1 \u00e0 six mois de la Coupe du monde.\" \/>\n<meta property=\"og:url\" content=\"https:\/\/dicodusport.fr\/blog\/wout-faes-vers-la-ligue-1-linternational-belge-discute-avec-un-cador-du-championnat\/\" \/>\n<meta property=\"og:site_name\" content=\"Dicodusport\" \/>\n<meta property=\"article:publisher\" content=\"https:\/\/www.facebook.com\/dicodusport\" \/>\n<meta property=\"article:published_time\" content=\"2026-01-13T07:30:35+00:00\" \/>\n<meta property=\"article:modified_time\" content=\"2026-01-30T14:07:26+00:00\" \/>\n<meta property=\"og:image\" content=\"https:\/\/dicodusport.fr\/blog\/wp-content\/uploads\/2026\/01\/Wout-Faes-vers-la-Ligue-1-linternational-belge-discute-avec-un-cador-du-championnat.png\" \/>\n\t<meta property=\"og:image:width\" content=\"1200\" \/>\n\t<meta property=\"og:image:height\" content=\"674\" \/>\n\t<meta property=\"og:image:type\" content=\"image\/png\" \/>\n<meta name=\"author\" content=\"Maxime Cazenave\" \/>\n<meta name=\"twitter:card\" content=\"summary_large_image\" \/>\n<meta name=\"twitter:title\" content=\"Wout Faes vers la Ligue 1 : l&#039;international belge discute avec un cador du championnat\" \/>\n<meta name=\"twitter:creator\" content=\"@https:\/\/twitter.com\/Maxime_Caze\" \/>\n<meta name=\"twitter:site\" content=\"@dicodusport\" \/>\n<script type=\"application\/ld+json\" class=\"yoast-schema-graph\">{\"@context\":\"https:\/\/schema.org\",\"@graph\":[{\"@type\":\"NewsArticle\",\"@id\":\"https:\/\/dicodusport.fr\/blog\/wout-faes-vers-la-ligue-1-linternational-belge-discute-avec-un-cador-du-championnat\/#article\",\"isPartOf\":{\"@id\":\"https:\/\/dicodusport.fr\/blog\/wout-faes-vers-la-ligue-1-linternational-belge-discute-avec-un-cador-du-championnat\/\"},\"author\":{\"name\":\"Maxime Cazenave\",\"@id\":\"https:\/\/dicodusport.fr\/blog\/#\/schema\/person\/37def232098a7a5cbab3974a3690abb0\"},\"headline\":\"Wout Faes vers la Ligue 1 : l&rsquo;international belge discute avec un cador du championnat\",\"datePublished\":\"2026-01-13T07:30:35+00:00\",\"dateModified\":\"2026-01-30T14:07:26+00:00\",\"mainEntityOfPage\":{\"@id\":\"https:\/\/dicodusport.fr\/blog\/wout-faes-vers-la-ligue-1-linternational-belge-discute-avec-un-cador-du-championnat\/\"},\"wordCount\":507,\"commentCount\":0,\"publisher\":{\"@id\":\"https:\/\/dicodusport.fr\/blog\/#organization\"},\"image\":{\"@id\":\"https:\/\/dicodusport.fr\/blog\/wout-faes-vers-la-ligue-1-linternational-belge-discute-avec-un-cador-du-championnat\/#primaryimage\"},\"thumbnailUrl\":\"https:\/\/dicodusport.fr\/blog\/wp-content\/uploads\/2026\/01\/Wout-Faes-vers-la-Ligue-1-linternational-belge-discute-avec-un-cador-du-championnat.png\",\"keywords\":[\"br\u00e8ve\",\"Leicester City\",\"Ligue 1\",\"Mercato football\",\"Monaco\",\"Transferts football\"],\"articleSection\":[\"Ligue 1\"],\"inLanguage\":\"fr-FR\",\"potentialAction\":[{\"@type\":\"CommentAction\",\"name\":\"Comment\",\"target\":[\"https:\/\/dicodusport.fr\/blog\/wout-faes-vers-la-ligue-1-linternational-belge-discute-avec-un-cador-du-championnat\/#respond\"]}],\"copyrightYear\":\"2026\",\"copyrightHolder\":{\"@id\":\"https:\/\/dicodusport.fr\/blog\/#organization\"}},{\"@type\":\"WebPage\",\"@id\":\"https:\/\/dicodusport.fr\/blog\/wout-faes-vers-la-ligue-1-linternational-belge-discute-avec-un-cador-du-championnat\/\",\"url\":\"https:\/\/dicodusport.fr\/blog\/wout-faes-vers-la-ligue-1-linternational-belge-discute-avec-un-cador-du-championnat\/\",\"name\":\"Wout Faes vers la Ligue 1 : l'international belge discute avec un cador du championnat\",\"isPartOf\":{\"@id\":\"https:\/\/dicodusport.fr\/blog\/#website\"},\"primaryImageOfPage\":{\"@id\":\"https:\/\/dicodusport.fr\/blog\/wout-faes-vers-la-ligue-1-linternational-belge-discute-avec-un-cador-du-championnat\/#primaryimage\"},\"image\":{\"@id\":\"https:\/\/dicodusport.fr\/blog\/wout-faes-vers-la-ligue-1-linternational-belge-discute-avec-un-cador-du-championnat\/#primaryimage\"},\"thumbnailUrl\":\"https:\/\/dicodusport.fr\/blog\/wp-content\/uploads\/2026\/01\/Wout-Faes-vers-la-Ligue-1-linternational-belge-discute-avec-un-cador-du-championnat.png\",\"datePublished\":\"2026-01-13T07:30:35+00:00\",\"dateModified\":\"2026-01-30T14:07:26+00:00\",\"description\":\"LIGUE 1 2025\/2026 - Totalement \u00e0 l'arr\u00eat \u00e0 Leicester, Wout Faes pourrait rebondir en Ligue 1 \u00e0 six mois de la Coupe du monde.\",\"breadcrumb\":{\"@id\":\"https:\/\/dicodusport.fr\/blog\/wout-faes-vers-la-ligue-1-linternational-belge-discute-avec-un-cador-du-championnat\/#breadcrumb\"},\"inLanguage\":\"fr-FR\",\"potentialAction\":[{\"@type\":\"ReadAction\",\"target\":[\"https:\/\/dicodusport.fr\/blog\/wout-faes-vers-la-ligue-1-linternational-belge-discute-avec-un-cador-du-championnat\/\"]}]},{\"@type\":\"ImageObject\",\"inLanguage\":\"fr-FR\",\"@id\":\"https:\/\/dicodusport.fr\/blog\/wout-faes-vers-la-ligue-1-linternational-belge-discute-avec-un-cador-du-championnat\/#primaryimage\",\"url\":\"https:\/\/dicodusport.fr\/blog\/wp-content\/uploads\/2026\/01\/Wout-Faes-vers-la-Ligue-1-linternational-belge-discute-avec-un-cador-du-championnat.png\",\"contentUrl\":\"https:\/\/dicodusport.fr\/blog\/wp-content\/uploads\/2026\/01\/Wout-Faes-vers-la-Ligue-1-linternational-belge-discute-avec-un-cador-du-championnat.png\",\"width\":1200,\"height\":674,\"caption\":\"Wout Faes vers la Ligue 1 : l'international belge discute avec un cador du championnat\"},{\"@type\":\"BreadcrumbList\",\"@id\":\"https:\/\/dicodusport.fr\/blog\/wout-faes-vers-la-ligue-1-linternational-belge-discute-avec-un-cador-du-championnat\/#breadcrumb\",\"itemListElement\":[{\"@type\":\"ListItem\",\"position\":1,\"name\":\"Accueil\",\"item\":\"https:\/\/dicodusport.fr\/blog\/\"},{\"@type\":\"ListItem\",\"position\":2,\"name\":\"Wout Faes vers la Ligue 1 : l&rsquo;international belge discute avec un cador du championnat\"}]},{\"@type\":\"WebSite\",\"@id\":\"https:\/\/dicodusport.fr\/blog\/#website\",\"url\":\"https:\/\/dicodusport.fr\/blog\/\",\"name\":\"Dicodusport\",\"description\":\"L&#039;encyclop\u00e9die de l&#039;actualit\u00e9 sportive\",\"publisher\":{\"@id\":\"https:\/\/dicodusport.fr\/blog\/#organization\"},\"potentialAction\":[{\"@type\":\"SearchAction\",\"target\":{\"@type\":\"EntryPoint\",\"urlTemplate\":\"https:\/\/dicodusport.fr\/blog\/?s={search_term_string}\"},\"query-input\":{\"@type\":\"PropertyValueSpecification\",\"valueRequired\":true,\"valueName\":\"search_term_string\"}}],\"inLanguage\":\"fr-FR\"},{\"@type\":\"NewsMediaOrganization\",\"@id\":\"https:\/\/dicodusport.fr\/blog\/#organization\",\"name\":\"Dicodusport\",\"url\":\"https:\/\/dicodusport.fr\/blog\/\",\"logo\":{\"@type\":\"ImageObject\",\"inLanguage\":\"fr-FR\",\"@id\":\"https:\/\/dicodusport.fr\/blog\/#\/schema\/logo\/image\/\",\"url\":\"https:\/\/dicodusport.fr\/blog\/wp-content\/uploads\/2020\/06\/cropped-LOGO-DICODUSPORT-2020-SANS-FOND-SANS-TEXTE.png\",\"contentUrl\":\"https:\/\/dicodusport.fr\/blog\/wp-content\/uploads\/2020\/06\/cropped-LOGO-DICODUSPORT-2020-SANS-FOND-SANS-TEXTE.png\",\"width\":512,\"height\":512,\"caption\":\"Dicodusport\"},\"image\":{\"@id\":\"https:\/\/dicodusport.fr\/blog\/#\/schema\/logo\/image\/\"},\"sameAs\":[\"https:\/\/www.facebook.com\/dicodusport\",\"https:\/\/x.com\/dicodusport\",\"https:\/\/www.instagram.com\/dicodusport\/\",\"https:\/\/www.youtube.com\/channel\/UC7V2KZ5sd3htJivAbA4ZG3w\"],\"description\":\"Dicodusport est l'encyclop\u00e9die de l'actualit\u00e9 sportive.\",\"email\":\"bonjour@dicodusport.fr\",\"legalName\":\"DICODUSPORT\",\"foundingDate\":\"2018-01-14\",\"vatID\":\"FR71834470973\",\"taxID\":\"83447097300043\",\"numberOfEmployees\":{\"@type\":\"QuantitativeValue\",\"minValue\":\"1\",\"maxValue\":\"10\"}},{\"@type\":\"Person\",\"@id\":\"https:\/\/dicodusport.fr\/blog\/#\/schema\/person\/37def232098a7a5cbab3974a3690abb0\",\"name\":\"Maxime Cazenave\",\"image\":{\"@type\":\"ImageObject\",\"inLanguage\":\"fr-FR\",\"@id\":\"https:\/\/dicodusport.fr\/blog\/#\/schema\/person\/image\/\",\"url\":\"https:\/\/dicodusport.fr\/blog\/wp-content\/uploads\/2021\/05\/Maxime-Cazenave-150x150.jpg\",\"contentUrl\":\"https:\/\/dicodusport.fr\/blog\/wp-content\/uploads\/2021\/05\/Maxime-Cazenave-150x150.jpg\",\"caption\":\"Maxime Cazenave\"},\"description\":\"Journaliste\/R\u00e9dacteur depuis 2012 - Berc\u00e9 par l\u2019amour des Girondins de Bordeaux, les \u00e9checs de Christophe Moreau sur le Tour de France sous l'\u00e8re Lance Armstrong et le fade-away l\u00e9tal de Dirk Nowitzki, ma passion d\u00e9vorante pour le sport a toujours \u00e9t\u00e9 un pan incontournable de ma vie. Transmettre ma passion \u00e0 l\u2019\u00e9crit a \u00e9t\u00e9 une transition naturelle. Suiveur assidu de basket et de hockey sur glace, je garde toujours un peu de place pour suivre le cyclisme, le football et le maximum de performances fran\u00e7aises.\",\"sameAs\":[\"https:\/\/x.com\/https:\/\/twitter.com\/Maxime_Caze\"],\"url\":\"https:\/\/dicodusport.fr\/blog\/author\/maximec\/\"}]}<\/script>\n<!-- \/ Yoast SEO Premium plugin. -->","yoast_head_json":{"title":"Wout Faes vers la Ligue 1 : l'international belge discute avec un cador du championnat","description":"LIGUE 1 2025\/2026 - Totalement \u00e0 l'arr\u00eat \u00e0 Leicester, Wout Faes pourrait rebondir en Ligue 1 \u00e0 six mois de la Coupe du monde.","robots":{"index":"index","follow":"follow","max-snippet":"max-snippet:-1","max-image-preview":"max-image-preview:large","max-video-preview":"max-video-preview:-1"},"canonical":"https:\/\/dicodusport.fr\/blog\/wout-faes-vers-la-ligue-1-linternational-belge-discute-avec-un-cador-du-championnat\/","og_locale":"fr_FR","og_type":"article","og_title":"Wout Faes vers la Ligue 1 : l'international belge discute avec un cador du championnat","og_description":"LIGUE 1 2025\/2026 - Totalement \u00e0 l'arr\u00eat \u00e0 Leicester, Wout Faes pourrait rebondir en Ligue 1 \u00e0 six mois de la Coupe du monde.","og_url":"https:\/\/dicodusport.fr\/blog\/wout-faes-vers-la-ligue-1-linternational-belge-discute-avec-un-cador-du-championnat\/","og_site_name":"Dicodusport","article_publisher":"https:\/\/www.facebook.com\/dicodusport","article_published_time":"2026-01-13T07:30:35+00:00","article_modified_time":"2026-01-30T14:07:26+00:00","og_image":[{"width":1200,"height":674,"url":"https:\/\/dicodusport.fr\/blog\/wp-content\/uploads\/2026\/01\/Wout-Faes-vers-la-Ligue-1-linternational-belge-discute-avec-un-cador-du-championnat.png","type":"image\/png"}],"author":"Maxime Cazenave","twitter_card":"summary_large_image","twitter_title":"Wout Faes vers la Ligue 1 : l'international belge discute avec un cador du championnat","twitter_creator":"@https:\/\/twitter.com\/Maxime_Caze","twitter_site":"@dicodusport","schema":{"@context":"https:\/\/schema.org","@graph":[{"@type":"NewsArticle","@id":"https:\/\/dicodusport.fr\/blog\/wout-faes-vers-la-ligue-1-linternational-belge-discute-avec-un-cador-du-championnat\/#article","isPartOf":{"@id":"https:\/\/dicodusport.fr\/blog\/wout-faes-vers-la-ligue-1-linternational-belge-discute-avec-un-cador-du-championnat\/"},"author":{"name":"Maxime Cazenave","@id":"https:\/\/dicodusport.fr\/blog\/#\/schema\/person\/37def232098a7a5cbab3974a3690abb0"},"headline":"Wout Faes vers la Ligue 1 : l&rsquo;international belge discute avec un cador du championnat","datePublished":"2026-01-13T07:30:35+00:00","dateModified":"2026-01-30T14:07:26+00:00","mainEntityOfPage":{"@id":"https:\/\/dicodusport.fr\/blog\/wout-faes-vers-la-ligue-1-linternational-belge-discute-avec-un-cador-du-championnat\/"},"wordCount":507,"commentCount":0,"publisher":{"@id":"https:\/\/dicodusport.fr\/blog\/#organization"},"image":{"@id":"https:\/\/dicodusport.fr\/blog\/wout-faes-vers-la-ligue-1-linternational-belge-discute-avec-un-cador-du-championnat\/#primaryimage"},"thumbnailUrl":"https:\/\/dicodusport.fr\/blog\/wp-content\/uploads\/2026\/01\/Wout-Faes-vers-la-Ligue-1-linternational-belge-discute-avec-un-cador-du-championnat.png","keywords":["br\u00e8ve","Leicester City","Ligue 1","Mercato football","Monaco","Transferts football"],"articleSection":["Ligue 1"],"inLanguage":"fr-FR","potentialAction":[{"@type":"CommentAction","name":"Comment","target":["https:\/\/dicodusport.fr\/blog\/wout-faes-vers-la-ligue-1-linternational-belge-discute-avec-un-cador-du-championnat\/#respond"]}],"copyrightYear":"2026","copyrightHolder":{"@id":"https:\/\/dicodusport.fr\/blog\/#organization"}},{"@type":"WebPage","@id":"https:\/\/dicodusport.fr\/blog\/wout-faes-vers-la-ligue-1-linternational-belge-discute-avec-un-cador-du-championnat\/","url":"https:\/\/dicodusport.fr\/blog\/wout-faes-vers-la-ligue-1-linternational-belge-discute-avec-un-cador-du-championnat\/","name":"Wout Faes vers la Ligue 1 : l'international belge discute avec un cador du championnat","isPartOf":{"@id":"https:\/\/dicodusport.fr\/blog\/#website"},"primaryImageOfPage":{"@id":"https:\/\/dicodusport.fr\/blog\/wout-faes-vers-la-ligue-1-linternational-belge-discute-avec-un-cador-du-championnat\/#primaryimage"},"image":{"@id":"https:\/\/dicodusport.fr\/blog\/wout-faes-vers-la-ligue-1-linternational-belge-discute-avec-un-cador-du-championnat\/#primaryimage"},"thumbnailUrl":"https:\/\/dicodusport.fr\/blog\/wp-content\/uploads\/2026\/01\/Wout-Faes-vers-la-Ligue-1-linternational-belge-discute-avec-un-cador-du-championnat.png","datePublished":"2026-01-13T07:30:35+00:00","dateModified":"2026-01-30T14:07:26+00:00","description":"LIGUE 1 2025\/2026 - Totalement \u00e0 l'arr\u00eat \u00e0 Leicester, Wout Faes pourrait rebondir en Ligue 1 \u00e0 six mois de la Coupe du monde.","breadcrumb":{"@id":"https:\/\/dicodusport.fr\/blog\/wout-faes-vers-la-ligue-1-linternational-belge-discute-avec-un-cador-du-championnat\/#breadcrumb"},"inLanguage":"fr-FR","potentialAction":[{"@type":"ReadAction","target":["https:\/\/dicodusport.fr\/blog\/wout-faes-vers-la-ligue-1-linternational-belge-discute-avec-un-cador-du-championnat\/"]}]},{"@type":"ImageObject","inLanguage":"fr-FR","@id":"https:\/\/dicodusport.fr\/blog\/wout-faes-vers-la-ligue-1-linternational-belge-discute-avec-un-cador-du-championnat\/#primaryimage","url":"https:\/\/dicodusport.fr\/blog\/wp-content\/uploads\/2026\/01\/Wout-Faes-vers-la-Ligue-1-linternational-belge-discute-avec-un-cador-du-championnat.png","contentUrl":"https:\/\/dicodusport.fr\/blog\/wp-content\/uploads\/2026\/01\/Wout-Faes-vers-la-Ligue-1-linternational-belge-discute-avec-un-cador-du-championnat.png","width":1200,"height":674,"caption":"Wout Faes vers la Ligue 1 : l'international belge discute avec un cador du championnat"},{"@type":"BreadcrumbList","@id":"https:\/\/dicodusport.fr\/blog\/wout-faes-vers-la-ligue-1-linternational-belge-discute-avec-un-cador-du-championnat\/#breadcrumb","itemListElement":[{"@type":"ListItem","position":1,"name":"Accueil","item":"https:\/\/dicodusport.fr\/blog\/"},{"@type":"ListItem","position":2,"name":"Wout Faes vers la Ligue 1 : l&rsquo;international belge discute avec un cador du championnat"}]},{"@type":"WebSite","@id":"https:\/\/dicodusport.fr\/blog\/#website","url":"https:\/\/dicodusport.fr\/blog\/","name":"Dicodusport","description":"L&#039;encyclop\u00e9die de l&#039;actualit\u00e9 sportive","publisher":{"@id":"https:\/\/dicodusport.fr\/blog\/#organization"},"potentialAction":[{"@type":"SearchAction","target":{"@type":"EntryPoint","urlTemplate":"https:\/\/dicodusport.fr\/blog\/?s={search_term_string}"},"query-input":{"@type":"PropertyValueSpecification","valueRequired":true,"valueName":"search_term_string"}}],"inLanguage":"fr-FR"},{"@type":"NewsMediaOrganization","@id":"https:\/\/dicodusport.fr\/blog\/#organization","name":"Dicodusport","url":"https:\/\/dicodusport.fr\/blog\/","logo":{"@type":"ImageObject","inLanguage":"fr-FR","@id":"https:\/\/dicodusport.fr\/blog\/#\/schema\/logo\/image\/","url":"https:\/\/dicodusport.fr\/blog\/wp-content\/uploads\/2020\/06\/cropped-LOGO-DICODUSPORT-2020-SANS-FOND-SANS-TEXTE.png","contentUrl":"https:\/\/dicodusport.fr\/blog\/wp-content\/uploads\/2020\/06\/cropped-LOGO-DICODUSPORT-2020-SANS-FOND-SANS-TEXTE.png","width":512,"height":512,"caption":"Dicodusport"},"image":{"@id":"https:\/\/dicodusport.fr\/blog\/#\/schema\/logo\/image\/"},"sameAs":["https:\/\/www.facebook.com\/dicodusport","https:\/\/x.com\/dicodusport","https:\/\/www.instagram.com\/dicodusport\/","https:\/\/www.youtube.com\/channel\/UC7V2KZ5sd3htJivAbA4ZG3w"],"description":"Dicodusport est l'encyclop\u00e9die de l'actualit\u00e9 sportive.","email":"bonjour@dicodusport.fr","legalName":"DICODUSPORT","foundingDate":"2018-01-14","vatID":"FR71834470973","taxID":"83447097300043","numberOfEmployees":{"@type":"QuantitativeValue","minValue":"1","maxValue":"10"}},{"@type":"Person","@id":"https:\/\/dicodusport.fr\/blog\/#\/schema\/person\/37def232098a7a5cbab3974a3690abb0","name":"Maxime Cazenave","image":{"@type":"ImageObject","inLanguage":"fr-FR","@id":"https:\/\/dicodusport.fr\/blog\/#\/schema\/person\/image\/","url":"https:\/\/dicodusport.fr\/blog\/wp-content\/uploads\/2021\/05\/Maxime-Cazenave-150x150.jpg","contentUrl":"https:\/\/dicodusport.fr\/blog\/wp-content\/uploads\/2021\/05\/Maxime-Cazenave-150x150.jpg","caption":"Maxime Cazenave"},"description":"Journaliste\/R\u00e9dacteur depuis 2012 - Berc\u00e9 par l\u2019amour des Girondins de Bordeaux, les \u00e9checs de Christophe Moreau sur le Tour de France sous l'\u00e8re Lance Armstrong et le fade-away l\u00e9tal de Dirk Nowitzki, ma passion d\u00e9vorante pour le sport a toujours \u00e9t\u00e9 un pan incontournable de ma vie. Transmettre ma passion \u00e0 l\u2019\u00e9crit a \u00e9t\u00e9 une transition naturelle. Suiveur assidu de basket et de hockey sur glace, je garde toujours un peu de place pour suivre le cyclisme, le football et le maximum de performances fran\u00e7aises.","sameAs":["https:\/\/x.com\/https:\/\/twitter.com\/Maxime_Caze"],"url":"https:\/\/dicodusport.fr\/blog\/author\/maximec\/"}]}},"_links":{"self":[{"href":"https:\/\/dicodusport.fr\/blog\/wp-json\/wp\/v2\/posts\/637865","targetHints":{"allow":["GET"]}}],"collection":[{"href":"https:\/\/dicodusport.fr\/blog\/wp-json\/wp\/v2\/posts"}],"about":[{"href":"https:\/\/dicodusport.fr\/blog\/wp-json\/wp\/v2\/types\/post"}],"author":[{"embeddable":true,"href":"https:\/\/dicodusport.fr\/blog\/wp-json\/wp\/v2\/users\/55"}],"replies":[{"embeddable":true,"href":"https:\/\/dicodusport.fr\/blog\/wp-json\/wp\/v2\/comments?post=637865"}],"version-history":[{"count":3,"href":"https:\/\/dicodusport.fr\/blog\/wp-json\/wp\/v2\/posts\/637865\/revisions"}],"predecessor-version":[{"id":637887,"href":"https:\/\/dicodusport.fr\/blog\/wp-json\/wp\/v2\/posts\/637865\/revisions\/637887"}],"wp:featuredmedia":[{"embeddable":true,"href":"https:\/\/dicodusport.fr\/blog\/wp-json\/wp\/v2\/media\/637866"}],"wp:attachment":[{"href":"https:\/\/dicodusport.fr\/blog\/wp-json\/wp\/v2\/media?parent=637865"}],"wp:term":[{"taxonomy":"category","embeddable":true,"href":"https:\/\/dicodusport.fr\/blog\/wp-json\/wp\/v2\/categories?post=637865"},{"taxonomy":"post_tag","embeddable":true,"href":"https:\/\/dicodusport.fr\/blog\/wp-json\/wp\/v2\/tags?post=637865"}],"curies":[{"name":"wp","href":"https:\/\/api.w.org\/{rel}","templated":true}]}}