{"id":637882,"date":"2026-01-15T18:03:21","date_gmt":"2026-01-15T17:03:21","guid":{"rendered":"https:\/\/dicodusport.fr\/blog\/?p=637882&#038;preview=true&#038;preview_id=637882"},"modified":"2026-01-16T15:51:51","modified_gmt":"2026-01-16T14:51:51","slug":"munster-castres-sur-quelle-chaine-a-quelle-heure-et-avec-quelles-compositions-champions-cup-2025-2026","status":"publish","type":"post","link":"https:\/\/dicodusport.fr\/blog\/munster-castres-sur-quelle-chaine-a-quelle-heure-et-avec-quelles-compositions-champions-cup-2025-2026\/","title":{"rendered":"Munster-Castres : sur quelle cha\u00eene, \u00e0 quelle heure et avec quelles compositions ?"},"content":{"rendered":"<p style=\"text-align: justify;\"><strong><em>D\u00e9couvrez l\u2019heure, la cha\u00eene TV et les compositions pour Munster-Castres en Champions Cup. Toutes les infos essentielles pour suivre le match.<\/em><\/strong><\/p>\n<ul style=\"text-align: justify;\">\n<li style=\"text-align: justify;\"><strong>\u00c0 ce sujet \u2013 <a href=\"https:\/\/dicodusport.fr\/blog\/champions-cup-2025-2026-calendrier-et-resultats-des-clubs-francais\/\">Champions Cup 2025-2026 : calendrier et r\u00e9sultats des clubs fran\u00e7ais<\/a><\/strong><\/li>\n<\/ul>\n<p style=\"text-align: justify;\">Le match de la quatri\u00e8me journ\u00e9e de la phase r\u00e9guli\u00e8re de Rugby Champions Cup entre le<b> Munster <\/b>et le <a href=\"https:\/\/dicodusport.fr\/blog\/transferts-castres-2026-arrivees-departs-et-prolongations\/\"><strong>Castres Olympique<\/strong><\/a> aura lieu ce samedi 17 janvier 2026 \u00e0 18h30, au Thomond Park de Limerick.<\/p>\n<h2 style=\"text-align: justify;\">Contexte et enjeux du match Munster &#8211; Castres<\/h2>\n<p style=\"text-align: justify;\"><strong>Castres<\/strong>, qui va perdre <a href=\"https:\/\/dicodusport.fr\/blog\/aurelien-azar-va-quitter-castres-direction-un-cador-de-pro-d2\/\"><strong>Aur\u00e9lien Azar<\/strong><\/a> en fin de saison,\u00a0n&rsquo;a pas r\u00e9ussi \u00e0 r\u00e9sister \u00e0 Bath dans son stade le weekend dernier, un revers qui a sans doute condamn\u00e9 ses ambitions europ\u00e9ennes. En effet, le CO est dernier de sa poule, et m\u00eame si math\u00e9matiquement, acc\u00e9der aux 8\u00e8mes de finale de la Champions Cup reste possible, cela impliquerait de gagner chez un poids lourd du rugby continental.<\/p>\n<div class=\"vlp-link-container vlp-layout-article\"><a href=\"https:\/\/dicodusport.fr\/blog\/castres-seffondre-et-prend-une-correction-a-la-maison-par-bath-en-champions-cup\/\" class=\"vlp-link\" title=\"Castres s&#039;effondre et prend une correction \u00e0 la maison par Bath en Champions Cup\"><\/a><div class=\"vlp-layout-zone-side\"><div class=\"vlp-block-4 vlp-link-image\"><img loading=\"lazy\" decoding=\"async\" style=\"max-width: 792px;\" width=\"792\" height=\"445\" src=\"https:\/\/dicodusport.fr\/blog\/wp-content\/uploads\/2026\/01\/Castres-seffondre-et-prend-une-correction-a-la-maison-par-Bath-en-Champions-Cup.png\" class=\"attachment-800x445 size-800x445\" alt=\"Castres s&#039;effondre et prend une correction \u00e0 la maison par Bath en Champions Cup\" srcset=\"https:\/\/dicodusport.fr\/blog\/wp-content\/uploads\/2026\/01\/Castres-seffondre-et-prend-une-correction-a-la-maison-par-Bath-en-Champions-Cup.png 1200w, https:\/\/dicodusport.fr\/blog\/wp-content\/uploads\/2026\/01\/Castres-seffondre-et-prend-une-correction-a-la-maison-par-Bath-en-Champions-Cup-300x169.png 300w, https:\/\/dicodusport.fr\/blog\/wp-content\/uploads\/2026\/01\/Castres-seffondre-et-prend-une-correction-a-la-maison-par-Bath-en-Champions-Cup-1024x575.png 1024w, https:\/\/dicodusport.fr\/blog\/wp-content\/uploads\/2026\/01\/Castres-seffondre-et-prend-une-correction-a-la-maison-par-Bath-en-Champions-Cup-768x431.png 768w\" sizes=\"auto, (max-width: 792px) 100vw, 792px\" \/><\/div><\/div><div class=\"vlp-layout-zone-main\"><div class=\"vlp-block-0 vlp-link-title\">Castres s'effondre et prend une correction \u00e0 la maison par Bath en Champions Cup<\/div><div class=\"vlp-block-1 vlp-link-summary\">CHAMPIONS CUP 2025\/2026 - Longtemps dans le coup, Castres a fini par craquer en fin de match face aux Anglais de Bath. D\u00e9faite 20-43 pour le CO.<\/div><div class=\"vlp-block-2 vlp-link-button\">Lire l'article<\/div><div class=\"vlp-block-3 vlp-link-url\">dicodusport.fr<\/div><\/div><\/div>\n<p style=\"text-align: justify;\">Le <strong>Munster<\/strong>, ancien vainqueur de la comp\u00e9tition, reste une \u00e9quipe difficile \u00e0 man\u0153uvrer. Toulon en a fait l&rsquo;exp\u00e9rience dimanche, ne s&rsquo;imposant que de justesse. De plus, les Irlandais assureront d\u00e9finitivement leur place pour la suite avec une victoire ici, et \u00e9volueront de surcro\u00eet dans leur stade. Une mission pas impossible mais presque pour les Tarnais, qui pourraient de plus ne pas se qualifier m\u00eame en cas de victoire.<\/p>\n<p style=\"text-align: justify;\">Le CO a toutefois remport\u00e9 la derni\u00e8re confrontation en date, <a href=\"https:\/\/dicodusport.fr\/blog\/champions-cup-j2-dans-la-douleur-castres-soffre-le-munster\/\"><strong>16-14<\/strong><\/a> \u00e0 domicile en d\u00e9cembre 2024, mais n&rsquo;a jamais gagn\u00e9 au Thomond Park. Chez les bookmakers, le Munster est archifavori de la rencontre.<\/p>\n<h2 style=\"text-align: justify;\">Munster &#8211; Castres : \u00c0 quelle heure et sur quelle cha\u00eene TV suivre le match ?<\/h2>\n<p style=\"text-align: justify;\">Le match <b>Munster &#8211; Castres <\/b>est \u00e0 suivre ce <strong>samedi 17 janvier 2026 \u00e0 18h30<\/strong>, sur <b>beIN SPORTS MAX 8<\/b>.<\/p>\n<h2 style=\"text-align: justify;\">Les compositions officielles de Munster &#8211; Castres<\/h2>\n<h3 style=\"text-align: justify;\">La composition du Munster<\/h3>\n<p style=\"text-align: justify;\"><strong>XV de d\u00e9part<\/strong> : 15. Daly ; 14. Abrahams, 13. Farrell, 12. Nankivell, 11. O&rsquo;Connor ; 10. Crowley, 9. Casey ; 7. O&rsquo;Donoghue, 8. Coombes, 6. Beirne (cap.) ; 5. Wycherley, 4. Kleyn ; 3. Ala&rsquo;alatoa, 2. Scanell, 1. Loughman.<\/p>\n<p style=\"text-align: justify;\"><strong>Les rempla\u00e7ants<\/strong> : 16. Barron, 17. Milne, 18. Jager, 19. Edogbo, 20. Gleeson, 21. Coughlan, 22. Hanrahan, 23. Kelly.<\/p>\n<h3 style=\"text-align: justify;\">La composition de Castres<\/h3>\n<p style=\"text-align: justify;\"><strong>XV de d\u00e9part<\/strong> : 15. Chabouni ; 14. Ambadiang, 13. Karawalevu, 12. Goodhue, 11. Palis ; 10. Popelin, 9. Fernandez ; 7. Cope, 8. Vanverberghe, 6. Delaporte (cap.) ; 5. Staniforth, 4. Maravat ; 3. Collier, 2. Zarantonello, 1. Sokobale.<\/p>\n<p style=\"text-align: justify;\"><strong>Les rempla\u00e7ants<\/strong> : 16. Durand, 17. Tichit, 18. Azar, 19. Nakarawa, 20. Ardron, 21. Arata, 22. Herv\u00e9, 23. Manu.<\/p>\n<h2 style=\"text-align: justify;\">Les cotes de Munster &#8211; Castres<\/h2>\n<table style=\"width: 800px;\">\n<tbody>\n<tr style=\"height: 16px;\">\n<td style=\"background-color: #404040; text-align: left; border-color: #ededed; width: 500px;\" colspan=\"3\"><span style=\"font-size: 12px; color: #ffffff;\">Samedi 17 janvier 2026 18h30<\/span><\/td>\n<\/tr>\n<tr style=\"height: 24px;\">\n<td style=\"background-color: #ffffff; border-color: #ededed; vertical-align: middle; text-align: center; width: 266px;\"><span style=\"font-size: 14px;\"><b>Munster<br \/>\n<\/b><\/span><span style=\"font-size: 10px;\"><a href=\"https:\/\/www.winamax.fr\/paris-sportifs\/match\/62263216?banid=33423\" class=\"su-button su-button-style-flat su-button-wide\" style=\"color:#fff;background-color:#000;border-color:#000000;border-radius:5px\" target=\"_blank\" rel=\"noopener noreferrer\"><span style=\"color:#fff;padding:0px 20px;font-size:16px;line-height:32px;border-color:#4d4d4d;border-radius:5px;text-shadow:none\"> 1.01<\/span><\/a><\/span><\/td>\n<td style=\"background-color: #ffffff; border-color: #ededed; vertical-align: middle; text-align: center; width: 266px;\"><span style=\"font-size: 10px;\"><span style=\"font-size: 14px;\"><strong>Match nul<\/strong><\/span><br \/>\n<a href=\"https:\/\/www.winamax.fr\/paris-sportifs\/match\/62263216?banid=33423\" class=\"su-button su-button-style-flat su-button-wide\" style=\"color:#fff;background-color:#000;border-color:#000000;border-radius:5px\" target=\"_blank\" rel=\"noopener noreferrer\"><span style=\"color:#fff;padding:0px 20px;font-size:16px;line-height:32px;border-color:#4d4d4d;border-radius:5px;text-shadow:none\"> 27<\/span><\/a><\/span><\/td>\n<td style=\"background-color: #ffffff; border-color: #ededed; vertical-align: middle; text-align: center; width: 266px;\"><span style=\"font-size: 10px;\"><span style=\"font-size: 14px;\"><b>Castres<\/b><\/span><br \/>\n<a href=\"https:\/\/www.winamax.fr\/paris-sportifs\/match\/62263216?banid=33423\" class=\"su-button su-button-style-flat su-button-wide\" style=\"color:#fff;background-color:#000;border-color:#000000;border-radius:5px\" target=\"_blank\" rel=\"noopener noreferrer\"><span style=\"color:#fff;padding:0px 20px;font-size:16px;line-height:32px;border-color:#4d4d4d;border-radius:5px;text-shadow:none\"> 7.75<\/span><\/a><\/span><\/td>\n<\/tr>\n<\/tbody>\n<\/table>\n<p style=\"text-align: justify;\">Tentez votre chance en profitant de votre <a href=\"https:\/\/www.winamax.fr\/registration\/landing\/affiliation_Bonus100?banid=33423\">1er d\u00e9p\u00f4t doubl\u00e9 jusqu&rsquo;\u00e0 100 \u20ac<\/a> direct en paris gratuits sur Winamax !<\/p>\n<p style=\"text-align: justify;\">\n","protected":false},"excerpt":{"rendered":"<p>D\u00e9couvrez l\u2019heure, la cha\u00eene TV et les compositions pour Munster-Castres en Champions Cup. Toutes les infos essentielles pour suivre le match.<\/p>\n","protected":false},"author":59,"featured_media":638325,"comment_status":"open","ping_status":"closed","sticky":false,"template":"","format":"standard","meta":{"_acf_changed":false,"_daextam_enable_autolinks":"1","footnotes":""},"categories":[44295,47051],"tags":[16878,4885,2823],"class_list":["post-637882","post","type-post","status-publish","format-standard","has-post-thumbnail","hentry","category-chaine-tv","category-champions-cup","tag-breve","tag-castres-olympique","tag-champions-cup"],"acf":[],"yoast_head":"<!-- This site is optimized with the Yoast SEO Premium plugin v26.7 (Yoast SEO v26.7) - https:\/\/yoast.com\/wordpress\/plugins\/seo\/ -->\n<title>Munster-Castres : sur quelle cha\u00eene, \u00e0 quelle heure et avec quelles compositions ?<\/title>\n<meta name=\"description\" content=\"D\u00e9couvrez l\u2019heure, la cha\u00eene TV et les compositions pour Munster-Castres en Champions Cup. Toutes les infos essentielles pour suivre le match.\" \/>\n<meta name=\"robots\" content=\"index, follow, max-snippet:-1, max-image-preview:large, max-video-preview:-1\" \/>\n<link rel=\"canonical\" href=\"https:\/\/dicodusport.fr\/blog\/munster-castres-sur-quelle-chaine-a-quelle-heure-et-avec-quelles-compositions-champions-cup-2025-2026\/\" \/>\n<meta property=\"og:locale\" content=\"fr_FR\" \/>\n<meta property=\"og:type\" content=\"article\" \/>\n<meta property=\"og:title\" content=\"Munster-Castres : sur quelle cha\u00eene, \u00e0 quelle heure et avec quelles compositions ?\" \/>\n<meta property=\"og:description\" content=\"D\u00e9couvrez l\u2019heure, la cha\u00eene TV et les compositions pour Munster-Castres en Champions Cup. Toutes les infos essentielles pour suivre le match.\" \/>\n<meta property=\"og:url\" content=\"https:\/\/dicodusport.fr\/blog\/munster-castres-sur-quelle-chaine-a-quelle-heure-et-avec-quelles-compositions-champions-cup-2025-2026\/\" \/>\n<meta property=\"og:site_name\" content=\"Dicodusport\" \/>\n<meta property=\"article:publisher\" content=\"https:\/\/www.facebook.com\/dicodusport\" \/>\n<meta property=\"article:author\" content=\"https:\/\/www.facebook.com\/sebastien.gente\/\" \/>\n<meta property=\"article:published_time\" content=\"2026-01-15T17:03:21+00:00\" \/>\n<meta property=\"article:modified_time\" content=\"2026-01-16T14:51:51+00:00\" \/>\n<meta property=\"og:image\" content=\"https:\/\/dicodusport.fr\/blog\/wp-content\/uploads\/2026\/01\/Munster-Castres-sur-quelle-chaine-a-quelle-heure-et-avec-quelles-compositions-.png\" \/>\n\t<meta property=\"og:image:width\" content=\"1200\" \/>\n\t<meta property=\"og:image:height\" content=\"674\" \/>\n\t<meta property=\"og:image:type\" content=\"image\/png\" \/>\n<meta name=\"author\" content=\"S\u00e9bastien Gente\" \/>\n<meta name=\"twitter:card\" content=\"summary_large_image\" \/>\n<meta name=\"twitter:creator\" content=\"@https:\/\/twitter.com\/globulo24\" \/>\n<meta name=\"twitter:site\" content=\"@dicodusport\" \/>\n<script type=\"application\/ld+json\" class=\"yoast-schema-graph\">{\"@context\":\"https:\/\/schema.org\",\"@graph\":[{\"@type\":\"NewsArticle\",\"@id\":\"https:\/\/dicodusport.fr\/blog\/munster-castres-sur-quelle-chaine-a-quelle-heure-et-avec-quelles-compositions-champions-cup-2025-2026\/#article\",\"isPartOf\":{\"@id\":\"https:\/\/dicodusport.fr\/blog\/munster-castres-sur-quelle-chaine-a-quelle-heure-et-avec-quelles-compositions-champions-cup-2025-2026\/\"},\"author\":{\"name\":\"S\u00e9bastien Gente\",\"@id\":\"https:\/\/dicodusport.fr\/blog\/#\/schema\/person\/627966a6cde45dbd8c5e36ac85d783da\"},\"headline\":\"Munster-Castres : sur quelle cha\u00eene, \u00e0 quelle heure et avec quelles compositions ?\",\"datePublished\":\"2026-01-15T17:03:21+00:00\",\"dateModified\":\"2026-01-16T14:51:51+00:00\",\"mainEntityOfPage\":{\"@id\":\"https:\/\/dicodusport.fr\/blog\/munster-castres-sur-quelle-chaine-a-quelle-heure-et-avec-quelles-compositions-champions-cup-2025-2026\/\"},\"wordCount\":578,\"commentCount\":0,\"publisher\":{\"@id\":\"https:\/\/dicodusport.fr\/blog\/#organization\"},\"image\":{\"@id\":\"https:\/\/dicodusport.fr\/blog\/munster-castres-sur-quelle-chaine-a-quelle-heure-et-avec-quelles-compositions-champions-cup-2025-2026\/#primaryimage\"},\"thumbnailUrl\":\"https:\/\/dicodusport.fr\/blog\/wp-content\/uploads\/2026\/01\/Munster-Castres-sur-quelle-chaine-a-quelle-heure-et-avec-quelles-compositions-.png\",\"keywords\":[\"br\u00e8ve\",\"Castres Olympique\",\"Champions Cup\"],\"articleSection\":[\"Cha\u00eene TV\",\"Champions Cup\"],\"inLanguage\":\"fr-FR\",\"potentialAction\":[{\"@type\":\"CommentAction\",\"name\":\"Comment\",\"target\":[\"https:\/\/dicodusport.fr\/blog\/munster-castres-sur-quelle-chaine-a-quelle-heure-et-avec-quelles-compositions-champions-cup-2025-2026\/#respond\"]}],\"copyrightYear\":\"2026\",\"copyrightHolder\":{\"@id\":\"https:\/\/dicodusport.fr\/blog\/#organization\"}},{\"@type\":\"WebPage\",\"@id\":\"https:\/\/dicodusport.fr\/blog\/munster-castres-sur-quelle-chaine-a-quelle-heure-et-avec-quelles-compositions-champions-cup-2025-2026\/\",\"url\":\"https:\/\/dicodusport.fr\/blog\/munster-castres-sur-quelle-chaine-a-quelle-heure-et-avec-quelles-compositions-champions-cup-2025-2026\/\",\"name\":\"Munster-Castres : sur quelle cha\u00eene, \u00e0 quelle heure et avec quelles compositions ?\",\"isPartOf\":{\"@id\":\"https:\/\/dicodusport.fr\/blog\/#website\"},\"primaryImageOfPage\":{\"@id\":\"https:\/\/dicodusport.fr\/blog\/munster-castres-sur-quelle-chaine-a-quelle-heure-et-avec-quelles-compositions-champions-cup-2025-2026\/#primaryimage\"},\"image\":{\"@id\":\"https:\/\/dicodusport.fr\/blog\/munster-castres-sur-quelle-chaine-a-quelle-heure-et-avec-quelles-compositions-champions-cup-2025-2026\/#primaryimage\"},\"thumbnailUrl\":\"https:\/\/dicodusport.fr\/blog\/wp-content\/uploads\/2026\/01\/Munster-Castres-sur-quelle-chaine-a-quelle-heure-et-avec-quelles-compositions-.png\",\"datePublished\":\"2026-01-15T17:03:21+00:00\",\"dateModified\":\"2026-01-16T14:51:51+00:00\",\"description\":\"D\u00e9couvrez l\u2019heure, la cha\u00eene TV et les compositions pour Munster-Castres en Champions Cup. Toutes les infos essentielles pour suivre le match.\",\"breadcrumb\":{\"@id\":\"https:\/\/dicodusport.fr\/blog\/munster-castres-sur-quelle-chaine-a-quelle-heure-et-avec-quelles-compositions-champions-cup-2025-2026\/#breadcrumb\"},\"inLanguage\":\"fr-FR\",\"potentialAction\":[{\"@type\":\"ReadAction\",\"target\":[\"https:\/\/dicodusport.fr\/blog\/munster-castres-sur-quelle-chaine-a-quelle-heure-et-avec-quelles-compositions-champions-cup-2025-2026\/\"]}]},{\"@type\":\"ImageObject\",\"inLanguage\":\"fr-FR\",\"@id\":\"https:\/\/dicodusport.fr\/blog\/munster-castres-sur-quelle-chaine-a-quelle-heure-et-avec-quelles-compositions-champions-cup-2025-2026\/#primaryimage\",\"url\":\"https:\/\/dicodusport.fr\/blog\/wp-content\/uploads\/2026\/01\/Munster-Castres-sur-quelle-chaine-a-quelle-heure-et-avec-quelles-compositions-.png\",\"contentUrl\":\"https:\/\/dicodusport.fr\/blog\/wp-content\/uploads\/2026\/01\/Munster-Castres-sur-quelle-chaine-a-quelle-heure-et-avec-quelles-compositions-.png\",\"width\":1200,\"height\":674,\"caption\":\"Munster-Castres sur quelle cha\u00eene, \u00e0 quelle heure et avec quelles compositions\"},{\"@type\":\"BreadcrumbList\",\"@id\":\"https:\/\/dicodusport.fr\/blog\/munster-castres-sur-quelle-chaine-a-quelle-heure-et-avec-quelles-compositions-champions-cup-2025-2026\/#breadcrumb\",\"itemListElement\":[{\"@type\":\"ListItem\",\"position\":1,\"name\":\"Accueil\",\"item\":\"https:\/\/dicodusport.fr\/blog\/\"},{\"@type\":\"ListItem\",\"position\":2,\"name\":\"Munster-Castres : sur quelle cha\u00eene, \u00e0 quelle heure et avec quelles compositions ?\"}]},{\"@type\":\"WebSite\",\"@id\":\"https:\/\/dicodusport.fr\/blog\/#website\",\"url\":\"https:\/\/dicodusport.fr\/blog\/\",\"name\":\"Dicodusport\",\"description\":\"L&#039;encyclop\u00e9die de l&#039;actualit\u00e9 sportive\",\"publisher\":{\"@id\":\"https:\/\/dicodusport.fr\/blog\/#organization\"},\"potentialAction\":[{\"@type\":\"SearchAction\",\"target\":{\"@type\":\"EntryPoint\",\"urlTemplate\":\"https:\/\/dicodusport.fr\/blog\/?s={search_term_string}\"},\"query-input\":{\"@type\":\"PropertyValueSpecification\",\"valueRequired\":true,\"valueName\":\"search_term_string\"}}],\"inLanguage\":\"fr-FR\"},{\"@type\":\"NewsMediaOrganization\",\"@id\":\"https:\/\/dicodusport.fr\/blog\/#organization\",\"name\":\"Dicodusport\",\"url\":\"https:\/\/dicodusport.fr\/blog\/\",\"logo\":{\"@type\":\"ImageObject\",\"inLanguage\":\"fr-FR\",\"@id\":\"https:\/\/dicodusport.fr\/blog\/#\/schema\/logo\/image\/\",\"url\":\"https:\/\/dicodusport.fr\/blog\/wp-content\/uploads\/2020\/06\/cropped-LOGO-DICODUSPORT-2020-SANS-FOND-SANS-TEXTE.png\",\"contentUrl\":\"https:\/\/dicodusport.fr\/blog\/wp-content\/uploads\/2020\/06\/cropped-LOGO-DICODUSPORT-2020-SANS-FOND-SANS-TEXTE.png\",\"width\":512,\"height\":512,\"caption\":\"Dicodusport\"},\"image\":{\"@id\":\"https:\/\/dicodusport.fr\/blog\/#\/schema\/logo\/image\/\"},\"sameAs\":[\"https:\/\/www.facebook.com\/dicodusport\",\"https:\/\/x.com\/dicodusport\",\"https:\/\/www.instagram.com\/dicodusport\/\",\"https:\/\/www.youtube.com\/channel\/UC7V2KZ5sd3htJivAbA4ZG3w\"],\"description\":\"Dicodusport est l'encyclop\u00e9die de l'actualit\u00e9 sportive.\",\"email\":\"bonjour@dicodusport.fr\",\"legalName\":\"DICODUSPORT\",\"foundingDate\":\"2018-01-14\",\"vatID\":\"FR71834470973\",\"taxID\":\"83447097300043\",\"numberOfEmployees\":{\"@type\":\"QuantitativeValue\",\"minValue\":\"1\",\"maxValue\":\"10\"}},{\"@type\":\"Person\",\"@id\":\"https:\/\/dicodusport.fr\/blog\/#\/schema\/person\/627966a6cde45dbd8c5e36ac85d783da\",\"name\":\"S\u00e9bastien Gente\",\"image\":{\"@type\":\"ImageObject\",\"inLanguage\":\"fr-FR\",\"@id\":\"https:\/\/dicodusport.fr\/blog\/#\/schema\/person\/image\/\",\"url\":\"https:\/\/dicodusport.fr\/blog\/wp-content\/uploads\/2021\/09\/1510990_10205810251400683_4124423575079401707_n-150x150.jpg\",\"contentUrl\":\"https:\/\/dicodusport.fr\/blog\/wp-content\/uploads\/2021\/09\/1510990_10205810251400683_4124423575079401707_n-150x150.jpg\",\"caption\":\"S\u00e9bastien Gente\"},\"description\":\"John Stockton, Gianni Bugno, Zinedine Zidane, Steffi Graf, Frode Andresen, St\u00e9phane Stoecklin, Davis Kamoga, Primoz Peterka, Werner Schlager et Aur\u00e9lien Rougerie. Point commun entre ces sportifs? Ils m'ont fait r\u00eaver et ont berc\u00e9 mon adolescence. Je suis un fondu de sports et j'essaie de retranscrire ma passion \u00e0 travers mes articles. Originaire du P\u00e9rigord, ma passion pour les Girondins, les Jaunards et les Jazzmen transpire dans mes \u00e9crits. \u00c0 Dicodusport depuis 2021, je d\u00e9niche les sports m\u00e9connus dans lesquels la France brille, et il y en a !\",\"sameAs\":[\"https:\/\/www.facebook.com\/sebastien.gente\/\",\"https:\/\/www.instagram.com\/sebgente\/\",\"https:\/\/www.linkedin.com\/in\/sbastien-gente-a29583169\/\",\"https:\/\/x.com\/https:\/\/twitter.com\/globulo24\",\"SebastienGente\"],\"worksFor\":\"S\u00e9bastien GENTE\",\"url\":\"https:\/\/dicodusport.fr\/blog\/author\/sebastiengente\/\"}]}<\/script>\n<!-- \/ Yoast SEO Premium plugin. -->","yoast_head_json":{"title":"Munster-Castres : sur quelle cha\u00eene, \u00e0 quelle heure et avec quelles compositions ?","description":"D\u00e9couvrez l\u2019heure, la cha\u00eene TV et les compositions pour Munster-Castres en Champions Cup. Toutes les infos essentielles pour suivre le match.","robots":{"index":"index","follow":"follow","max-snippet":"max-snippet:-1","max-image-preview":"max-image-preview:large","max-video-preview":"max-video-preview:-1"},"canonical":"https:\/\/dicodusport.fr\/blog\/munster-castres-sur-quelle-chaine-a-quelle-heure-et-avec-quelles-compositions-champions-cup-2025-2026\/","og_locale":"fr_FR","og_type":"article","og_title":"Munster-Castres : sur quelle cha\u00eene, \u00e0 quelle heure et avec quelles compositions ?","og_description":"D\u00e9couvrez l\u2019heure, la cha\u00eene TV et les compositions pour Munster-Castres en Champions Cup. Toutes les infos essentielles pour suivre le match.","og_url":"https:\/\/dicodusport.fr\/blog\/munster-castres-sur-quelle-chaine-a-quelle-heure-et-avec-quelles-compositions-champions-cup-2025-2026\/","og_site_name":"Dicodusport","article_publisher":"https:\/\/www.facebook.com\/dicodusport","article_author":"https:\/\/www.facebook.com\/sebastien.gente\/","article_published_time":"2026-01-15T17:03:21+00:00","article_modified_time":"2026-01-16T14:51:51+00:00","og_image":[{"width":1200,"height":674,"url":"https:\/\/dicodusport.fr\/blog\/wp-content\/uploads\/2026\/01\/Munster-Castres-sur-quelle-chaine-a-quelle-heure-et-avec-quelles-compositions-.png","type":"image\/png"}],"author":"S\u00e9bastien Gente","twitter_card":"summary_large_image","twitter_creator":"@https:\/\/twitter.com\/globulo24","twitter_site":"@dicodusport","schema":{"@context":"https:\/\/schema.org","@graph":[{"@type":"NewsArticle","@id":"https:\/\/dicodusport.fr\/blog\/munster-castres-sur-quelle-chaine-a-quelle-heure-et-avec-quelles-compositions-champions-cup-2025-2026\/#article","isPartOf":{"@id":"https:\/\/dicodusport.fr\/blog\/munster-castres-sur-quelle-chaine-a-quelle-heure-et-avec-quelles-compositions-champions-cup-2025-2026\/"},"author":{"name":"S\u00e9bastien Gente","@id":"https:\/\/dicodusport.fr\/blog\/#\/schema\/person\/627966a6cde45dbd8c5e36ac85d783da"},"headline":"Munster-Castres : sur quelle cha\u00eene, \u00e0 quelle heure et avec quelles compositions ?","datePublished":"2026-01-15T17:03:21+00:00","dateModified":"2026-01-16T14:51:51+00:00","mainEntityOfPage":{"@id":"https:\/\/dicodusport.fr\/blog\/munster-castres-sur-quelle-chaine-a-quelle-heure-et-avec-quelles-compositions-champions-cup-2025-2026\/"},"wordCount":578,"commentCount":0,"publisher":{"@id":"https:\/\/dicodusport.fr\/blog\/#organization"},"image":{"@id":"https:\/\/dicodusport.fr\/blog\/munster-castres-sur-quelle-chaine-a-quelle-heure-et-avec-quelles-compositions-champions-cup-2025-2026\/#primaryimage"},"thumbnailUrl":"https:\/\/dicodusport.fr\/blog\/wp-content\/uploads\/2026\/01\/Munster-Castres-sur-quelle-chaine-a-quelle-heure-et-avec-quelles-compositions-.png","keywords":["br\u00e8ve","Castres Olympique","Champions Cup"],"articleSection":["Cha\u00eene TV","Champions Cup"],"inLanguage":"fr-FR","potentialAction":[{"@type":"CommentAction","name":"Comment","target":["https:\/\/dicodusport.fr\/blog\/munster-castres-sur-quelle-chaine-a-quelle-heure-et-avec-quelles-compositions-champions-cup-2025-2026\/#respond"]}],"copyrightYear":"2026","copyrightHolder":{"@id":"https:\/\/dicodusport.fr\/blog\/#organization"}},{"@type":"WebPage","@id":"https:\/\/dicodusport.fr\/blog\/munster-castres-sur-quelle-chaine-a-quelle-heure-et-avec-quelles-compositions-champions-cup-2025-2026\/","url":"https:\/\/dicodusport.fr\/blog\/munster-castres-sur-quelle-chaine-a-quelle-heure-et-avec-quelles-compositions-champions-cup-2025-2026\/","name":"Munster-Castres : sur quelle cha\u00eene, \u00e0 quelle heure et avec quelles compositions ?","isPartOf":{"@id":"https:\/\/dicodusport.fr\/blog\/#website"},"primaryImageOfPage":{"@id":"https:\/\/dicodusport.fr\/blog\/munster-castres-sur-quelle-chaine-a-quelle-heure-et-avec-quelles-compositions-champions-cup-2025-2026\/#primaryimage"},"image":{"@id":"https:\/\/dicodusport.fr\/blog\/munster-castres-sur-quelle-chaine-a-quelle-heure-et-avec-quelles-compositions-champions-cup-2025-2026\/#primaryimage"},"thumbnailUrl":"https:\/\/dicodusport.fr\/blog\/wp-content\/uploads\/2026\/01\/Munster-Castres-sur-quelle-chaine-a-quelle-heure-et-avec-quelles-compositions-.png","datePublished":"2026-01-15T17:03:21+00:00","dateModified":"2026-01-16T14:51:51+00:00","description":"D\u00e9couvrez l\u2019heure, la cha\u00eene TV et les compositions pour Munster-Castres en Champions Cup. Toutes les infos essentielles pour suivre le match.","breadcrumb":{"@id":"https:\/\/dicodusport.fr\/blog\/munster-castres-sur-quelle-chaine-a-quelle-heure-et-avec-quelles-compositions-champions-cup-2025-2026\/#breadcrumb"},"inLanguage":"fr-FR","potentialAction":[{"@type":"ReadAction","target":["https:\/\/dicodusport.fr\/blog\/munster-castres-sur-quelle-chaine-a-quelle-heure-et-avec-quelles-compositions-champions-cup-2025-2026\/"]}]},{"@type":"ImageObject","inLanguage":"fr-FR","@id":"https:\/\/dicodusport.fr\/blog\/munster-castres-sur-quelle-chaine-a-quelle-heure-et-avec-quelles-compositions-champions-cup-2025-2026\/#primaryimage","url":"https:\/\/dicodusport.fr\/blog\/wp-content\/uploads\/2026\/01\/Munster-Castres-sur-quelle-chaine-a-quelle-heure-et-avec-quelles-compositions-.png","contentUrl":"https:\/\/dicodusport.fr\/blog\/wp-content\/uploads\/2026\/01\/Munster-Castres-sur-quelle-chaine-a-quelle-heure-et-avec-quelles-compositions-.png","width":1200,"height":674,"caption":"Munster-Castres sur quelle cha\u00eene, \u00e0 quelle heure et avec quelles compositions"},{"@type":"BreadcrumbList","@id":"https:\/\/dicodusport.fr\/blog\/munster-castres-sur-quelle-chaine-a-quelle-heure-et-avec-quelles-compositions-champions-cup-2025-2026\/#breadcrumb","itemListElement":[{"@type":"ListItem","position":1,"name":"Accueil","item":"https:\/\/dicodusport.fr\/blog\/"},{"@type":"ListItem","position":2,"name":"Munster-Castres : sur quelle cha\u00eene, \u00e0 quelle heure et avec quelles compositions ?"}]},{"@type":"WebSite","@id":"https:\/\/dicodusport.fr\/blog\/#website","url":"https:\/\/dicodusport.fr\/blog\/","name":"Dicodusport","description":"L&#039;encyclop\u00e9die de l&#039;actualit\u00e9 sportive","publisher":{"@id":"https:\/\/dicodusport.fr\/blog\/#organization"},"potentialAction":[{"@type":"SearchAction","target":{"@type":"EntryPoint","urlTemplate":"https:\/\/dicodusport.fr\/blog\/?s={search_term_string}"},"query-input":{"@type":"PropertyValueSpecification","valueRequired":true,"valueName":"search_term_string"}}],"inLanguage":"fr-FR"},{"@type":"NewsMediaOrganization","@id":"https:\/\/dicodusport.fr\/blog\/#organization","name":"Dicodusport","url":"https:\/\/dicodusport.fr\/blog\/","logo":{"@type":"ImageObject","inLanguage":"fr-FR","@id":"https:\/\/dicodusport.fr\/blog\/#\/schema\/logo\/image\/","url":"https:\/\/dicodusport.fr\/blog\/wp-content\/uploads\/2020\/06\/cropped-LOGO-DICODUSPORT-2020-SANS-FOND-SANS-TEXTE.png","contentUrl":"https:\/\/dicodusport.fr\/blog\/wp-content\/uploads\/2020\/06\/cropped-LOGO-DICODUSPORT-2020-SANS-FOND-SANS-TEXTE.png","width":512,"height":512,"caption":"Dicodusport"},"image":{"@id":"https:\/\/dicodusport.fr\/blog\/#\/schema\/logo\/image\/"},"sameAs":["https:\/\/www.facebook.com\/dicodusport","https:\/\/x.com\/dicodusport","https:\/\/www.instagram.com\/dicodusport\/","https:\/\/www.youtube.com\/channel\/UC7V2KZ5sd3htJivAbA4ZG3w"],"description":"Dicodusport est l'encyclop\u00e9die de l'actualit\u00e9 sportive.","email":"bonjour@dicodusport.fr","legalName":"DICODUSPORT","foundingDate":"2018-01-14","vatID":"FR71834470973","taxID":"83447097300043","numberOfEmployees":{"@type":"QuantitativeValue","minValue":"1","maxValue":"10"}},{"@type":"Person","@id":"https:\/\/dicodusport.fr\/blog\/#\/schema\/person\/627966a6cde45dbd8c5e36ac85d783da","name":"S\u00e9bastien Gente","image":{"@type":"ImageObject","inLanguage":"fr-FR","@id":"https:\/\/dicodusport.fr\/blog\/#\/schema\/person\/image\/","url":"https:\/\/dicodusport.fr\/blog\/wp-content\/uploads\/2021\/09\/1510990_10205810251400683_4124423575079401707_n-150x150.jpg","contentUrl":"https:\/\/dicodusport.fr\/blog\/wp-content\/uploads\/2021\/09\/1510990_10205810251400683_4124423575079401707_n-150x150.jpg","caption":"S\u00e9bastien Gente"},"description":"John Stockton, Gianni Bugno, Zinedine Zidane, Steffi Graf, Frode Andresen, St\u00e9phane Stoecklin, Davis Kamoga, Primoz Peterka, Werner Schlager et Aur\u00e9lien Rougerie. Point commun entre ces sportifs? Ils m'ont fait r\u00eaver et ont berc\u00e9 mon adolescence. Je suis un fondu de sports et j'essaie de retranscrire ma passion \u00e0 travers mes articles. Originaire du P\u00e9rigord, ma passion pour les Girondins, les Jaunards et les Jazzmen transpire dans mes \u00e9crits. \u00c0 Dicodusport depuis 2021, je d\u00e9niche les sports m\u00e9connus dans lesquels la France brille, et il y en a !","sameAs":["https:\/\/www.facebook.com\/sebastien.gente\/","https:\/\/www.instagram.com\/sebgente\/","https:\/\/www.linkedin.com\/in\/sbastien-gente-a29583169\/","https:\/\/x.com\/https:\/\/twitter.com\/globulo24","SebastienGente"],"worksFor":"S\u00e9bastien GENTE","url":"https:\/\/dicodusport.fr\/blog\/author\/sebastiengente\/"}]}},"_links":{"self":[{"href":"https:\/\/dicodusport.fr\/blog\/wp-json\/wp\/v2\/posts\/637882","targetHints":{"allow":["GET"]}}],"collection":[{"href":"https:\/\/dicodusport.fr\/blog\/wp-json\/wp\/v2\/posts"}],"about":[{"href":"https:\/\/dicodusport.fr\/blog\/wp-json\/wp\/v2\/types\/post"}],"author":[{"embeddable":true,"href":"https:\/\/dicodusport.fr\/blog\/wp-json\/wp\/v2\/users\/59"}],"replies":[{"embeddable":true,"href":"https:\/\/dicodusport.fr\/blog\/wp-json\/wp\/v2\/comments?post=637882"}],"version-history":[{"count":5,"href":"https:\/\/dicodusport.fr\/blog\/wp-json\/wp\/v2\/posts\/637882\/revisions"}],"predecessor-version":[{"id":638785,"href":"https:\/\/dicodusport.fr\/blog\/wp-json\/wp\/v2\/posts\/637882\/revisions\/638785"}],"wp:featuredmedia":[{"embeddable":true,"href":"https:\/\/dicodusport.fr\/blog\/wp-json\/wp\/v2\/media\/638325"}],"wp:attachment":[{"href":"https:\/\/dicodusport.fr\/blog\/wp-json\/wp\/v2\/media?parent=637882"}],"wp:term":[{"taxonomy":"category","embeddable":true,"href":"https:\/\/dicodusport.fr\/blog\/wp-json\/wp\/v2\/categories?post=637882"},{"taxonomy":"post_tag","embeddable":true,"href":"https:\/\/dicodusport.fr\/blog\/wp-json\/wp\/v2\/tags?post=637882"}],"curies":[{"name":"wp","href":"https:\/\/api.w.org\/{rel}","templated":true}]}}