{"id":637973,"date":"2026-01-13T14:11:35","date_gmt":"2026-01-13T13:11:35","guid":{"rendered":"https:\/\/dicodusport.fr\/blog\/?p=637973&#038;preview=true&#038;preview_id=637973"},"modified":"2026-01-13T14:11:35","modified_gmt":"2026-01-13T13:11:35","slug":"programme-corse-pour-pauline-ferrand-prevot-en-2026","status":"publish","type":"post","link":"https:\/\/dicodusport.fr\/blog\/programme-corse-pour-pauline-ferrand-prevot-en-2026\/","title":{"rendered":"Programme cors\u00e9 pour Pauline Ferrand-Pr\u00e9vot en 2026"},"content":{"rendered":"<p style=\"text-align: justify;\"><strong><em>CYCLISME SUR ROUTE &#8211; La vainqueure du Tour 2025, Pauline Ferrand-Pr\u00e9vot, d\u00e9voile son programme pour la saison 2026.<\/em><\/strong><\/p>\n<p style=\"text-align: justify;\">Premi\u00e8re Fran\u00e7aise <a href=\"https:\/\/dicodusport.fr\/blog\/9eme-etape-tour-de-france-femmes-2025-pauline-ferrand-prevot-triomphe-a-chatel-et-remporte-le-classement-general\/\">\u00e0 triompher sur le Tour de France<\/a> depuis le retour de l\u2019\u00e9preuve en 2022, et premi\u00e8re \u00e0 s\u2019imposer sur la Grande Boucle depuis <strong>Bernard Hinault<\/strong> en 1985, <strong>Pauline Ferrand-Pr\u00e9vot<\/strong> n\u2019est pas rassasi\u00e9e. L\u2019immense championne a d\u00e9voil\u00e9 ce mardi les grandes lignes de son programme pour la saison 2026.<\/p>\n<h2>Pauline Ferrand-Pr\u00e9vot : objectif doubl\u00e9 sur le Tour de France<\/h2>\n<p style=\"text-align: justify;\">Apr\u00e8s une reprise d\u00e8s le mois de f\u00e9vrier en 2025 sur les routes de l\u2019<strong>UAE Tour<\/strong>, <strong>Pauline Ferrand-Pr\u00e9vot<\/strong> ne fera sa rentr\u00e9e qu\u2019\u00e0 partir du 7 mars, sur les routes italiennes des <strong>Strade Bianche<\/strong>. Une \u00e9preuve qui avait servi de th\u00e9\u00e2tre \u00e0 son premier grand r\u00e9sultat de la saison 2025 depuis son retour (3e). Avec, en point d\u2019orgue, les routes du <strong>Tour de France<\/strong>. Vainqueure en 2025, PFP a de nouveau la Grande Boucle comme objectif majeur.<\/p>\n<p style=\"text-align: justify;\">La Champenoise peut ainsi devenir la premi\u00e8re coureuse \u00e0 conserver son titre depuis le retour de l\u2019\u00e9preuve, et \u00e0 remporter le Tour \u00e0 deux reprises. En revanche, pour l\u2019heure, <strong>Paris-Roubaix<\/strong> ne figure pas \u00e0 son programme. Elle \u00e9tait pourtant devenue, l\u00e0 aussi, <a href=\"https:\/\/dicodusport.fr\/blog\/9eme-etape-tour-de-france-femmes-2025-pauline-ferrand-prevot-triomphe-a-chatel-et-remporte-le-classement-general\/\">la premi\u00e8re Tricolore \u00e0 triompher de l\u2019Enfer du Nord<\/a> depuis la cr\u00e9ation de l\u2019\u00e9preuve f\u00e9minine en 2021, et la premi\u00e8re Fran\u00e7aise depuis <strong>Fr\u00e9d\u00e9ric Guesdon<\/strong> en 1997.<\/p>\n<div class=\"vlp-link-container vlp-layout-article\"><a href=\"https:\/\/dicodusport.fr\/blog\/tour-de-france-femmes-2026-le-parcours-dans-le-detail-et-la-carte-du-trace\/\" class=\"vlp-link\" title=\"Tour de France Femmes 2026 : Le parcours dans le d\u00e9tail et la carte du trac\u00e9\"><\/a><div class=\"vlp-layout-zone-side\"><div class=\"vlp-block-4 vlp-link-image\"><img loading=\"lazy\" decoding=\"async\" style=\"max-width: 792px;\" width=\"792\" height=\"445\" src=\"https:\/\/dicodusport.fr\/blog\/wp-content\/uploads\/2025\/10\/Tour-de-France-Femmes-2026-Le-parcours-dans-le-detail-et-la-carte-du-trace.png\" class=\"attachment-800x445 size-800x445\" alt=\"Tour de France Femmes 2026 Le parcours dans le d\u00e9tail et la carte du trac\u00e9\" srcset=\"https:\/\/dicodusport.fr\/blog\/wp-content\/uploads\/2025\/10\/Tour-de-France-Femmes-2026-Le-parcours-dans-le-detail-et-la-carte-du-trace.png 1200w, https:\/\/dicodusport.fr\/blog\/wp-content\/uploads\/2025\/10\/Tour-de-France-Femmes-2026-Le-parcours-dans-le-detail-et-la-carte-du-trace-300x169.png 300w, https:\/\/dicodusport.fr\/blog\/wp-content\/uploads\/2025\/10\/Tour-de-France-Femmes-2026-Le-parcours-dans-le-detail-et-la-carte-du-trace-1024x575.png 1024w, https:\/\/dicodusport.fr\/blog\/wp-content\/uploads\/2025\/10\/Tour-de-France-Femmes-2026-Le-parcours-dans-le-detail-et-la-carte-du-trace-768x431.png 768w\" sizes=\"auto, (max-width: 792px) 100vw, 792px\" \/><\/div><\/div><div class=\"vlp-layout-zone-main\"><div class=\"vlp-block-0 vlp-link-title\">Tour de France Femmes 2026 : Le parcours dans le d\u00e9tail et la carte du trac\u00e9<\/div><div class=\"vlp-block-1 vlp-link-summary\">Retrouvez le parcours d\u00e9taill\u00e9 et la carte du Tour de France Femmes 2026, qui se tiendra du samedi 1er au dimanche 9 ao\u00fbt 2026.<\/div><div class=\"vlp-block-2 vlp-link-button\">Lire l'article<\/div><div class=\"vlp-block-3 vlp-link-url\">dicodusport.fr<\/div><\/div><\/div>\n<h2>La gagne sur un Monument ?<\/h2>\n<p style=\"text-align: justify;\">Elle sera align\u00e9e sur le <strong>Tour des Flandres<\/strong> (5 avril) et <strong>Li\u00e8ge-Bastogne-Li\u00e8ge<\/strong> (26 avril), deux \u00e9preuves qu\u2019elle avait \u00e9galement d\u00e9couvertes en 2025, avec des fortunes diverses. <a href=\"https:\/\/dicodusport.fr\/blog\/tour-des-flandres-femmes-2025-lotte-kopecky-simpose-et-marque-lhistoire-pauline-ferrand-prevot-2eme\/\">Pass\u00e9e tout pr\u00e8s de la victoire sur le Ronde (2e)<\/a>, elle n\u2019avait en revanche pas pes\u00e9 sur la course \u00e0 Li\u00e8ge (12e), \u00e9mouss\u00e9e par son d\u00e9but de saison. Une fatigue qui l\u2019avait ensuite contrainte \u00e0 l\u2019abandon sur le <strong>Tour d\u2019Espagne<\/strong> 2025, une \u00e9preuve \u00e9galement \u00e0 son programme en 2026.<\/p>\n<p style=\"text-align: justify;\">L\u2019encha\u00eenement des classiques, combin\u00e9 au <strong>Tour d\u2019Espagne<\/strong>, repr\u00e9sentera un bloc de comp\u00e9titions particuli\u00e8rement dense pour la Fran\u00e7aise, qui va multiplier les courses de tr\u00e8s haut niveau. Un encha\u00eenement exigeant qui peut expliquer l\u2019absence de <strong>Paris-Roubaix<\/strong> \u00e0 son programme\u2026 sauf surprise.<\/p>\n<h3>Dicodusport vous conseille<\/h3>\n<div class=\"vlp-link-container vlp-layout-article\"><a href=\"https:\/\/dicodusport.fr\/blog\/gaudu-gregoire-madouas-martin-guyonnet-le-programme-des-leaders-de-la-groupama-fdj-united\/\" class=\"vlp-link\" title=\"Gaudu, Gr\u00e9goire, Madouas, Martin-Guyonnet : le programme des leaders de la Groupama-FDJ United\"><\/a><div class=\"vlp-layout-zone-side\"><div class=\"vlp-block-4 vlp-link-image\"><img loading=\"lazy\" decoding=\"async\" style=\"max-width: 792px;\" width=\"792\" height=\"445\" src=\"https:\/\/dicodusport.fr\/blog\/wp-content\/uploads\/2026\/01\/Gaudu-Gregoire-Madouas-Martin-Guyonnet-le-programme-des-leaders-de-la-Groupama-FDJ-United.png\" class=\"attachment-800x445 size-800x445\" alt=\"Gaudu, Gr\u00e9goire, Madouas, Martin-Guyonnet : le programme des leaders de la Groupama-FDJ United\" srcset=\"https:\/\/dicodusport.fr\/blog\/wp-content\/uploads\/2026\/01\/Gaudu-Gregoire-Madouas-Martin-Guyonnet-le-programme-des-leaders-de-la-Groupama-FDJ-United.png 1200w, https:\/\/dicodusport.fr\/blog\/wp-content\/uploads\/2026\/01\/Gaudu-Gregoire-Madouas-Martin-Guyonnet-le-programme-des-leaders-de-la-Groupama-FDJ-United-300x169.png 300w, https:\/\/dicodusport.fr\/blog\/wp-content\/uploads\/2026\/01\/Gaudu-Gregoire-Madouas-Martin-Guyonnet-le-programme-des-leaders-de-la-Groupama-FDJ-United-1024x575.png 1024w, https:\/\/dicodusport.fr\/blog\/wp-content\/uploads\/2026\/01\/Gaudu-Gregoire-Madouas-Martin-Guyonnet-le-programme-des-leaders-de-la-Groupama-FDJ-United-768x431.png 768w\" sizes=\"auto, (max-width: 792px) 100vw, 792px\" \/><\/div><\/div><div class=\"vlp-layout-zone-main\"><div class=\"vlp-block-0 vlp-link-title\">Gaudu, Gr\u00e9goire, Madouas, Martin-Guyonnet : le programme des leaders de la Groupama-FDJ United<\/div><div class=\"vlp-block-1 vlp-link-summary\">CYCLISME SUR ROUTE - D\u00e9couvrez le programme des principaux leaders de la formation Groupama-FDJ United, pour la saison 2026.<\/div><div class=\"vlp-block-2 vlp-link-button\">Lire l'article<\/div><div class=\"vlp-block-3 vlp-link-url\">dicodusport.fr<\/div><\/div><\/div>\n<div id=\"gtx-trans\" style=\"position: absolute; left: -14px; top: 40.9091px;\">\n<div class=\"gtx-trans-icon\"><\/div>\n<\/div>\n","protected":false},"excerpt":{"rendered":"<p>La vainqueure du Tour 2025, Pauline Ferrand-Pr\u00e9vot, d\u00e9voile son programme pour la saison 2026.<\/p>\n","protected":false},"author":83,"featured_media":637977,"comment_status":"open","ping_status":"closed","sticky":false,"template":"","format":"standard","meta":{"_acf_changed":false,"_daextam_enable_autolinks":"1","footnotes":""},"categories":[46994],"tags":[32415,16878,11197,1340],"class_list":["post-637973","post","type-post","status-publish","format-standard","has-post-thumbnail","hentry","category-cyclisme-sur-route","tag-actu","tag-breve","tag-cyclisme-sur-route","tag-pauline-ferrand-prevot"],"acf":[],"yoast_head":"<!-- This site is optimized with the Yoast SEO Premium plugin v26.7 (Yoast SEO v26.7) - https:\/\/yoast.com\/wordpress\/plugins\/seo\/ -->\n<title>Programme cors\u00e9 pour Pauline Ferrand-Pr\u00e9vot en 2026<\/title>\n<meta name=\"description\" content=\"La vainqueure du Tour 2025, Pauline Ferrand-Pr\u00e9vot, d\u00e9voile son programme pour la saison 2026.\" \/>\n<meta name=\"robots\" content=\"index, follow, max-snippet:-1, max-image-preview:large, max-video-preview:-1\" \/>\n<link rel=\"canonical\" href=\"https:\/\/dicodusport.fr\/blog\/programme-corse-pour-pauline-ferrand-prevot-en-2026\/\" \/>\n<meta property=\"og:locale\" content=\"fr_FR\" \/>\n<meta property=\"og:type\" content=\"article\" \/>\n<meta property=\"og:title\" content=\"Programme cors\u00e9 pour Pauline Ferrand-Pr\u00e9vot en 2026\" \/>\n<meta property=\"og:description\" content=\"La vainqueure du Tour 2025, Pauline Ferrand-Pr\u00e9vot, d\u00e9voile son programme pour la saison 2026.\" \/>\n<meta property=\"og:url\" content=\"https:\/\/dicodusport.fr\/blog\/programme-corse-pour-pauline-ferrand-prevot-en-2026\/\" \/>\n<meta property=\"og:site_name\" content=\"Dicodusport\" \/>\n<meta property=\"article:publisher\" content=\"https:\/\/www.facebook.com\/dicodusport\" \/>\n<meta property=\"article:published_time\" content=\"2026-01-13T13:11:35+00:00\" \/>\n<meta property=\"og:image\" content=\"https:\/\/dicodusport.fr\/blog\/wp-content\/uploads\/2026\/01\/Programme-corse-pour-Pauline-Ferrand-Prevot-en-2026.png\" \/>\n\t<meta property=\"og:image:width\" content=\"1200\" \/>\n\t<meta property=\"og:image:height\" content=\"674\" \/>\n\t<meta property=\"og:image:type\" content=\"image\/png\" \/>\n<meta name=\"author\" content=\"Etienne Goursaud\" \/>\n<meta name=\"twitter:card\" content=\"summary_large_image\" \/>\n<meta name=\"twitter:title\" content=\"Programme cors\u00e9 pour Pauline Ferrand-Pr\u00e9vot en 2026\" \/>\n<meta name=\"twitter:creator\" content=\"@dicodusport\" \/>\n<meta name=\"twitter:site\" content=\"@dicodusport\" \/>\n<script type=\"application\/ld+json\" class=\"yoast-schema-graph\">{\"@context\":\"https:\/\/schema.org\",\"@graph\":[{\"@type\":\"NewsArticle\",\"@id\":\"https:\/\/dicodusport.fr\/blog\/programme-corse-pour-pauline-ferrand-prevot-en-2026\/#article\",\"isPartOf\":{\"@id\":\"https:\/\/dicodusport.fr\/blog\/programme-corse-pour-pauline-ferrand-prevot-en-2026\/\"},\"author\":{\"name\":\"Etienne Goursaud\",\"@id\":\"https:\/\/dicodusport.fr\/blog\/#\/schema\/person\/d603dd7da31fb2b46c82b9835a77ec13\"},\"headline\":\"Programme cors\u00e9 pour Pauline Ferrand-Pr\u00e9vot en 2026\",\"datePublished\":\"2026-01-13T13:11:35+00:00\",\"mainEntityOfPage\":{\"@id\":\"https:\/\/dicodusport.fr\/blog\/programme-corse-pour-pauline-ferrand-prevot-en-2026\/\"},\"wordCount\":559,\"commentCount\":0,\"publisher\":{\"@id\":\"https:\/\/dicodusport.fr\/blog\/#organization\"},\"image\":{\"@id\":\"https:\/\/dicodusport.fr\/blog\/programme-corse-pour-pauline-ferrand-prevot-en-2026\/#primaryimage\"},\"thumbnailUrl\":\"https:\/\/dicodusport.fr\/blog\/wp-content\/uploads\/2026\/01\/Programme-corse-pour-Pauline-Ferrand-Prevot-en-2026.png\",\"keywords\":[\"actu\",\"br\u00e8ve\",\"Cyclisme sur route\",\"Pauline Ferrand-Pr\u00e9vot\"],\"articleSection\":[\"Cyclisme sur route\"],\"inLanguage\":\"fr-FR\",\"potentialAction\":[{\"@type\":\"CommentAction\",\"name\":\"Comment\",\"target\":[\"https:\/\/dicodusport.fr\/blog\/programme-corse-pour-pauline-ferrand-prevot-en-2026\/#respond\"]}],\"copyrightYear\":\"2026\",\"copyrightHolder\":{\"@id\":\"https:\/\/dicodusport.fr\/blog\/#organization\"}},{\"@type\":\"WebPage\",\"@id\":\"https:\/\/dicodusport.fr\/blog\/programme-corse-pour-pauline-ferrand-prevot-en-2026\/\",\"url\":\"https:\/\/dicodusport.fr\/blog\/programme-corse-pour-pauline-ferrand-prevot-en-2026\/\",\"name\":\"Programme cors\u00e9 pour Pauline Ferrand-Pr\u00e9vot en 2026\",\"isPartOf\":{\"@id\":\"https:\/\/dicodusport.fr\/blog\/#website\"},\"primaryImageOfPage\":{\"@id\":\"https:\/\/dicodusport.fr\/blog\/programme-corse-pour-pauline-ferrand-prevot-en-2026\/#primaryimage\"},\"image\":{\"@id\":\"https:\/\/dicodusport.fr\/blog\/programme-corse-pour-pauline-ferrand-prevot-en-2026\/#primaryimage\"},\"thumbnailUrl\":\"https:\/\/dicodusport.fr\/blog\/wp-content\/uploads\/2026\/01\/Programme-corse-pour-Pauline-Ferrand-Prevot-en-2026.png\",\"datePublished\":\"2026-01-13T13:11:35+00:00\",\"description\":\"La vainqueure du Tour 2025, Pauline Ferrand-Pr\u00e9vot, d\u00e9voile son programme pour la saison 2026.\",\"breadcrumb\":{\"@id\":\"https:\/\/dicodusport.fr\/blog\/programme-corse-pour-pauline-ferrand-prevot-en-2026\/#breadcrumb\"},\"inLanguage\":\"fr-FR\",\"potentialAction\":[{\"@type\":\"ReadAction\",\"target\":[\"https:\/\/dicodusport.fr\/blog\/programme-corse-pour-pauline-ferrand-prevot-en-2026\/\"]}]},{\"@type\":\"ImageObject\",\"inLanguage\":\"fr-FR\",\"@id\":\"https:\/\/dicodusport.fr\/blog\/programme-corse-pour-pauline-ferrand-prevot-en-2026\/#primaryimage\",\"url\":\"https:\/\/dicodusport.fr\/blog\/wp-content\/uploads\/2026\/01\/Programme-corse-pour-Pauline-Ferrand-Prevot-en-2026.png\",\"contentUrl\":\"https:\/\/dicodusport.fr\/blog\/wp-content\/uploads\/2026\/01\/Programme-corse-pour-Pauline-Ferrand-Prevot-en-2026.png\",\"width\":1200,\"height\":674,\"caption\":\"Programme cors\u00e9 pour Pauline Ferrand-Pr\u00e9vot en 2026\"},{\"@type\":\"BreadcrumbList\",\"@id\":\"https:\/\/dicodusport.fr\/blog\/programme-corse-pour-pauline-ferrand-prevot-en-2026\/#breadcrumb\",\"itemListElement\":[{\"@type\":\"ListItem\",\"position\":1,\"name\":\"Accueil\",\"item\":\"https:\/\/dicodusport.fr\/blog\/\"},{\"@type\":\"ListItem\",\"position\":2,\"name\":\"Programme cors\u00e9 pour Pauline Ferrand-Pr\u00e9vot en 2026\"}]},{\"@type\":\"WebSite\",\"@id\":\"https:\/\/dicodusport.fr\/blog\/#website\",\"url\":\"https:\/\/dicodusport.fr\/blog\/\",\"name\":\"Dicodusport\",\"description\":\"L&#039;encyclop\u00e9die de l&#039;actualit\u00e9 sportive\",\"publisher\":{\"@id\":\"https:\/\/dicodusport.fr\/blog\/#organization\"},\"potentialAction\":[{\"@type\":\"SearchAction\",\"target\":{\"@type\":\"EntryPoint\",\"urlTemplate\":\"https:\/\/dicodusport.fr\/blog\/?s={search_term_string}\"},\"query-input\":{\"@type\":\"PropertyValueSpecification\",\"valueRequired\":true,\"valueName\":\"search_term_string\"}}],\"inLanguage\":\"fr-FR\"},{\"@type\":\"NewsMediaOrganization\",\"@id\":\"https:\/\/dicodusport.fr\/blog\/#organization\",\"name\":\"Dicodusport\",\"url\":\"https:\/\/dicodusport.fr\/blog\/\",\"logo\":{\"@type\":\"ImageObject\",\"inLanguage\":\"fr-FR\",\"@id\":\"https:\/\/dicodusport.fr\/blog\/#\/schema\/logo\/image\/\",\"url\":\"https:\/\/dicodusport.fr\/blog\/wp-content\/uploads\/2020\/06\/cropped-LOGO-DICODUSPORT-2020-SANS-FOND-SANS-TEXTE.png\",\"contentUrl\":\"https:\/\/dicodusport.fr\/blog\/wp-content\/uploads\/2020\/06\/cropped-LOGO-DICODUSPORT-2020-SANS-FOND-SANS-TEXTE.png\",\"width\":512,\"height\":512,\"caption\":\"Dicodusport\"},\"image\":{\"@id\":\"https:\/\/dicodusport.fr\/blog\/#\/schema\/logo\/image\/\"},\"sameAs\":[\"https:\/\/www.facebook.com\/dicodusport\",\"https:\/\/x.com\/dicodusport\",\"https:\/\/www.instagram.com\/dicodusport\/\",\"https:\/\/www.youtube.com\/channel\/UC7V2KZ5sd3htJivAbA4ZG3w\"],\"description\":\"Dicodusport est l'encyclop\u00e9die de l'actualit\u00e9 sportive.\",\"email\":\"bonjour@dicodusport.fr\",\"legalName\":\"DICODUSPORT\",\"foundingDate\":\"2018-01-14\",\"vatID\":\"FR71834470973\",\"taxID\":\"83447097300043\",\"numberOfEmployees\":{\"@type\":\"QuantitativeValue\",\"minValue\":\"1\",\"maxValue\":\"10\"}},{\"@type\":\"Person\",\"@id\":\"https:\/\/dicodusport.fr\/blog\/#\/schema\/person\/d603dd7da31fb2b46c82b9835a77ec13\",\"name\":\"Etienne Goursaud\",\"image\":{\"@type\":\"ImageObject\",\"inLanguage\":\"fr-FR\",\"@id\":\"https:\/\/dicodusport.fr\/blog\/#\/schema\/person\/image\/\",\"url\":\"https:\/\/dicodusport.fr\/blog\/wp-content\/uploads\/2023\/12\/410122264_10231602061736049_5565839791558026645_n-150x150.jpg\",\"contentUrl\":\"https:\/\/dicodusport.fr\/blog\/wp-content\/uploads\/2023\/12\/410122264_10231602061736049_5565839791558026645_n-150x150.jpg\",\"caption\":\"Etienne Goursaud\"},\"description\":\"Journaliste et amoureux de sport. Ancien footballeur reconverti athl\u00e8te quand ses muscles le laissent tranquille. \u00c9lev\u00e9 \u00e0 la sauce des exploits de Thomas Voeckler en 2004, du dernier essai de l\u00e9gende de Eunice Barber \u00e0 la longueur lors des championnats du monde d'athl\u00e9tisme de 2003 mais aussi Zidane, Omeyer et Titou Lamaison.\",\"url\":\"https:\/\/dicodusport.fr\/blog\/author\/etienne-goursaud\/\"}]}<\/script>\n<!-- \/ Yoast SEO Premium plugin. -->","yoast_head_json":{"title":"Programme cors\u00e9 pour Pauline Ferrand-Pr\u00e9vot en 2026","description":"La vainqueure du Tour 2025, Pauline Ferrand-Pr\u00e9vot, d\u00e9voile son programme pour la saison 2026.","robots":{"index":"index","follow":"follow","max-snippet":"max-snippet:-1","max-image-preview":"max-image-preview:large","max-video-preview":"max-video-preview:-1"},"canonical":"https:\/\/dicodusport.fr\/blog\/programme-corse-pour-pauline-ferrand-prevot-en-2026\/","og_locale":"fr_FR","og_type":"article","og_title":"Programme cors\u00e9 pour Pauline Ferrand-Pr\u00e9vot en 2026","og_description":"La vainqueure du Tour 2025, Pauline Ferrand-Pr\u00e9vot, d\u00e9voile son programme pour la saison 2026.","og_url":"https:\/\/dicodusport.fr\/blog\/programme-corse-pour-pauline-ferrand-prevot-en-2026\/","og_site_name":"Dicodusport","article_publisher":"https:\/\/www.facebook.com\/dicodusport","article_published_time":"2026-01-13T13:11:35+00:00","og_image":[{"width":1200,"height":674,"url":"https:\/\/dicodusport.fr\/blog\/wp-content\/uploads\/2026\/01\/Programme-corse-pour-Pauline-Ferrand-Prevot-en-2026.png","type":"image\/png"}],"author":"Etienne Goursaud","twitter_card":"summary_large_image","twitter_title":"Programme cors\u00e9 pour Pauline Ferrand-Pr\u00e9vot en 2026","twitter_creator":"@dicodusport","twitter_site":"@dicodusport","schema":{"@context":"https:\/\/schema.org","@graph":[{"@type":"NewsArticle","@id":"https:\/\/dicodusport.fr\/blog\/programme-corse-pour-pauline-ferrand-prevot-en-2026\/#article","isPartOf":{"@id":"https:\/\/dicodusport.fr\/blog\/programme-corse-pour-pauline-ferrand-prevot-en-2026\/"},"author":{"name":"Etienne Goursaud","@id":"https:\/\/dicodusport.fr\/blog\/#\/schema\/person\/d603dd7da31fb2b46c82b9835a77ec13"},"headline":"Programme cors\u00e9 pour Pauline Ferrand-Pr\u00e9vot en 2026","datePublished":"2026-01-13T13:11:35+00:00","mainEntityOfPage":{"@id":"https:\/\/dicodusport.fr\/blog\/programme-corse-pour-pauline-ferrand-prevot-en-2026\/"},"wordCount":559,"commentCount":0,"publisher":{"@id":"https:\/\/dicodusport.fr\/blog\/#organization"},"image":{"@id":"https:\/\/dicodusport.fr\/blog\/programme-corse-pour-pauline-ferrand-prevot-en-2026\/#primaryimage"},"thumbnailUrl":"https:\/\/dicodusport.fr\/blog\/wp-content\/uploads\/2026\/01\/Programme-corse-pour-Pauline-Ferrand-Prevot-en-2026.png","keywords":["actu","br\u00e8ve","Cyclisme sur route","Pauline Ferrand-Pr\u00e9vot"],"articleSection":["Cyclisme sur route"],"inLanguage":"fr-FR","potentialAction":[{"@type":"CommentAction","name":"Comment","target":["https:\/\/dicodusport.fr\/blog\/programme-corse-pour-pauline-ferrand-prevot-en-2026\/#respond"]}],"copyrightYear":"2026","copyrightHolder":{"@id":"https:\/\/dicodusport.fr\/blog\/#organization"}},{"@type":"WebPage","@id":"https:\/\/dicodusport.fr\/blog\/programme-corse-pour-pauline-ferrand-prevot-en-2026\/","url":"https:\/\/dicodusport.fr\/blog\/programme-corse-pour-pauline-ferrand-prevot-en-2026\/","name":"Programme cors\u00e9 pour Pauline Ferrand-Pr\u00e9vot en 2026","isPartOf":{"@id":"https:\/\/dicodusport.fr\/blog\/#website"},"primaryImageOfPage":{"@id":"https:\/\/dicodusport.fr\/blog\/programme-corse-pour-pauline-ferrand-prevot-en-2026\/#primaryimage"},"image":{"@id":"https:\/\/dicodusport.fr\/blog\/programme-corse-pour-pauline-ferrand-prevot-en-2026\/#primaryimage"},"thumbnailUrl":"https:\/\/dicodusport.fr\/blog\/wp-content\/uploads\/2026\/01\/Programme-corse-pour-Pauline-Ferrand-Prevot-en-2026.png","datePublished":"2026-01-13T13:11:35+00:00","description":"La vainqueure du Tour 2025, Pauline Ferrand-Pr\u00e9vot, d\u00e9voile son programme pour la saison 2026.","breadcrumb":{"@id":"https:\/\/dicodusport.fr\/blog\/programme-corse-pour-pauline-ferrand-prevot-en-2026\/#breadcrumb"},"inLanguage":"fr-FR","potentialAction":[{"@type":"ReadAction","target":["https:\/\/dicodusport.fr\/blog\/programme-corse-pour-pauline-ferrand-prevot-en-2026\/"]}]},{"@type":"ImageObject","inLanguage":"fr-FR","@id":"https:\/\/dicodusport.fr\/blog\/programme-corse-pour-pauline-ferrand-prevot-en-2026\/#primaryimage","url":"https:\/\/dicodusport.fr\/blog\/wp-content\/uploads\/2026\/01\/Programme-corse-pour-Pauline-Ferrand-Prevot-en-2026.png","contentUrl":"https:\/\/dicodusport.fr\/blog\/wp-content\/uploads\/2026\/01\/Programme-corse-pour-Pauline-Ferrand-Prevot-en-2026.png","width":1200,"height":674,"caption":"Programme cors\u00e9 pour Pauline Ferrand-Pr\u00e9vot en 2026"},{"@type":"BreadcrumbList","@id":"https:\/\/dicodusport.fr\/blog\/programme-corse-pour-pauline-ferrand-prevot-en-2026\/#breadcrumb","itemListElement":[{"@type":"ListItem","position":1,"name":"Accueil","item":"https:\/\/dicodusport.fr\/blog\/"},{"@type":"ListItem","position":2,"name":"Programme cors\u00e9 pour Pauline Ferrand-Pr\u00e9vot en 2026"}]},{"@type":"WebSite","@id":"https:\/\/dicodusport.fr\/blog\/#website","url":"https:\/\/dicodusport.fr\/blog\/","name":"Dicodusport","description":"L&#039;encyclop\u00e9die de l&#039;actualit\u00e9 sportive","publisher":{"@id":"https:\/\/dicodusport.fr\/blog\/#organization"},"potentialAction":[{"@type":"SearchAction","target":{"@type":"EntryPoint","urlTemplate":"https:\/\/dicodusport.fr\/blog\/?s={search_term_string}"},"query-input":{"@type":"PropertyValueSpecification","valueRequired":true,"valueName":"search_term_string"}}],"inLanguage":"fr-FR"},{"@type":"NewsMediaOrganization","@id":"https:\/\/dicodusport.fr\/blog\/#organization","name":"Dicodusport","url":"https:\/\/dicodusport.fr\/blog\/","logo":{"@type":"ImageObject","inLanguage":"fr-FR","@id":"https:\/\/dicodusport.fr\/blog\/#\/schema\/logo\/image\/","url":"https:\/\/dicodusport.fr\/blog\/wp-content\/uploads\/2020\/06\/cropped-LOGO-DICODUSPORT-2020-SANS-FOND-SANS-TEXTE.png","contentUrl":"https:\/\/dicodusport.fr\/blog\/wp-content\/uploads\/2020\/06\/cropped-LOGO-DICODUSPORT-2020-SANS-FOND-SANS-TEXTE.png","width":512,"height":512,"caption":"Dicodusport"},"image":{"@id":"https:\/\/dicodusport.fr\/blog\/#\/schema\/logo\/image\/"},"sameAs":["https:\/\/www.facebook.com\/dicodusport","https:\/\/x.com\/dicodusport","https:\/\/www.instagram.com\/dicodusport\/","https:\/\/www.youtube.com\/channel\/UC7V2KZ5sd3htJivAbA4ZG3w"],"description":"Dicodusport est l'encyclop\u00e9die de l'actualit\u00e9 sportive.","email":"bonjour@dicodusport.fr","legalName":"DICODUSPORT","foundingDate":"2018-01-14","vatID":"FR71834470973","taxID":"83447097300043","numberOfEmployees":{"@type":"QuantitativeValue","minValue":"1","maxValue":"10"}},{"@type":"Person","@id":"https:\/\/dicodusport.fr\/blog\/#\/schema\/person\/d603dd7da31fb2b46c82b9835a77ec13","name":"Etienne Goursaud","image":{"@type":"ImageObject","inLanguage":"fr-FR","@id":"https:\/\/dicodusport.fr\/blog\/#\/schema\/person\/image\/","url":"https:\/\/dicodusport.fr\/blog\/wp-content\/uploads\/2023\/12\/410122264_10231602061736049_5565839791558026645_n-150x150.jpg","contentUrl":"https:\/\/dicodusport.fr\/blog\/wp-content\/uploads\/2023\/12\/410122264_10231602061736049_5565839791558026645_n-150x150.jpg","caption":"Etienne Goursaud"},"description":"Journaliste et amoureux de sport. Ancien footballeur reconverti athl\u00e8te quand ses muscles le laissent tranquille. \u00c9lev\u00e9 \u00e0 la sauce des exploits de Thomas Voeckler en 2004, du dernier essai de l\u00e9gende de Eunice Barber \u00e0 la longueur lors des championnats du monde d'athl\u00e9tisme de 2003 mais aussi Zidane, Omeyer et Titou Lamaison.","url":"https:\/\/dicodusport.fr\/blog\/author\/etienne-goursaud\/"}]}},"_links":{"self":[{"href":"https:\/\/dicodusport.fr\/blog\/wp-json\/wp\/v2\/posts\/637973","targetHints":{"allow":["GET"]}}],"collection":[{"href":"https:\/\/dicodusport.fr\/blog\/wp-json\/wp\/v2\/posts"}],"about":[{"href":"https:\/\/dicodusport.fr\/blog\/wp-json\/wp\/v2\/types\/post"}],"author":[{"embeddable":true,"href":"https:\/\/dicodusport.fr\/blog\/wp-json\/wp\/v2\/users\/83"}],"replies":[{"embeddable":true,"href":"https:\/\/dicodusport.fr\/blog\/wp-json\/wp\/v2\/comments?post=637973"}],"version-history":[{"count":3,"href":"https:\/\/dicodusport.fr\/blog\/wp-json\/wp\/v2\/posts\/637973\/revisions"}],"predecessor-version":[{"id":637980,"href":"https:\/\/dicodusport.fr\/blog\/wp-json\/wp\/v2\/posts\/637973\/revisions\/637980"}],"wp:featuredmedia":[{"embeddable":true,"href":"https:\/\/dicodusport.fr\/blog\/wp-json\/wp\/v2\/media\/637977"}],"wp:attachment":[{"href":"https:\/\/dicodusport.fr\/blog\/wp-json\/wp\/v2\/media?parent=637973"}],"wp:term":[{"taxonomy":"category","embeddable":true,"href":"https:\/\/dicodusport.fr\/blog\/wp-json\/wp\/v2\/categories?post=637973"},{"taxonomy":"post_tag","embeddable":true,"href":"https:\/\/dicodusport.fr\/blog\/wp-json\/wp\/v2\/tags?post=637973"}],"curies":[{"name":"wp","href":"https:\/\/api.w.org\/{rel}","templated":true}]}}