{"id":638188,"date":"2026-01-14T16:42:50","date_gmt":"2026-01-14T15:42:50","guid":{"rendered":"https:\/\/dicodusport.fr\/blog\/?p=638188&#038;preview=true&#038;preview_id=638188"},"modified":"2026-01-15T13:24:19","modified_gmt":"2026-01-15T12:24:19","slug":"relais-hommes-ruhpolding-2026-composition-des-bleus-et-startlist","status":"publish","type":"post","link":"https:\/\/dicodusport.fr\/blog\/relais-hommes-ruhpolding-2026-composition-des-bleus-et-startlist\/","title":{"rendered":"Relais hommes Ruhpolding 2026 : Composition des Bleus et Startlist"},"content":{"rendered":"<p style=\"text-align: justify;\"><strong><em>Retrouvez la composition de l&rsquo;\u00e9quipe de France ainsi que la startlist pour le relais hommes de Ruhpolding (Allemagne), dont le d\u00e9part est pr\u00e9vu ce jeudi 15 janvier 2026 \u00e0 14h30.<\/em><\/strong><\/p>\n<ul style=\"text-align: justify;\">\n<li><strong>\u00c0 ce sujet &#8211; <a class=\"row-title\" href=\"https:\/\/dicodusport.fr\/blog\/biathlon-ruhpolding-2026-programme-horaires-et-resultats\/\" aria-label=\"\u00ab Biathlon Oberhof 2026 : Programme, Horaires et R\u00e9sultats \u00bb\">Biathlon Ruhpolding 2026 : Programme, Horaires et R\u00e9sultats<\/a><\/strong><\/li>\n<\/ul>\n<h2 style=\"text-align: justify;\">Simon Fourcade maintient la m\u00eame \u00e9quipe<\/h2>\n<p style=\"text-align: justify;\">Apr\u00e8s la deuxi\u00e8me place \u00e0 Oberhof derri\u00e8re la Norv\u00e8ge, Simon Fourcade a d\u00e9cid\u00e9 d&rsquo;aligner la m\u00eame \u00e9quipe pour ce nouveau relais en <strong>Allemagne<\/strong>. <strong>Fabien<\/strong> <strong>Claude<\/strong> sera de nouveau le premier relayeur des Bleus. En difficult\u00e9 la semaine pass\u00e9e, <a href=\"https:\/\/dicodusport.fr\/blog\/coup-dur-pour-les-bleus-emilien-jacquelin-forfait-pour-le-relais-hommes-de-ruhpolding\/\"><strong>\u00c9milien<\/strong> <strong>Jacquelin<\/strong> est forfait<\/a>, puisque fi\u00e9vreux. C&rsquo;est <strong>Oscar Lombardot<\/strong> qui sera le troisi\u00e8me larron tricolore.<\/p>\n<p style=\"text-align: justify;\"><strong>Quentin<\/strong> <strong>Fillon<\/strong> <strong>Maillet<\/strong> sera l&rsquo;avant dernier maillon du relais de l&rsquo;\u00e9quipe de France et devra mettre sur orbite <strong>Eric<\/strong> <strong>Perrot<\/strong>, le dernier bleu en piste pour ce relais hommes.<\/p>\n<ol style=\"text-align: justify;\">\n<li style=\"text-align: justify;\">Fabien Claude<\/li>\n<li>Oscar Lombardot<\/li>\n<li style=\"text-align: justify;\">Quentin Fillon Maillet<\/li>\n<li style=\"text-align: justify;\">Eric Perrot<\/li>\n<\/ol>\n<ul style=\"text-align: justify;\">\n<li><strong>\u00c0 ce sujet &#8211; <a href=\"https:\/\/dicodusport.fr\/blog\/biathlon-coupe-du-monde-2025-2026-le-calendrier-complet\/\">Biathlon Coupe du monde 2025-2026 &#8211; Le calendrier complet<\/a><\/strong><\/li>\n<\/ul>\n<h2 style=\"text-align: justify;\" align=\"justify\">La startlist du relais hommes de Ruhpolding<\/h2>\n<p style=\"text-align: justify;\">La <strong>Norv\u00e8ge<\/strong> sera la grande favorite de cette course alors que les <strong>Bleus<\/strong> peuvent \u00eatre leurs principaux rivaux. Malgr\u00e9 <a href=\"https:\/\/dicodusport.fr\/blog\/un-forfait-de-marque-pour-ruhpolding-johan-olav-botn-une-nouvelle-fois-absent\/\">l&rsquo;absence de <strong>Johan-Olav Botn<\/strong><\/a>, les <strong>Norv\u00e9giens<\/strong> alignent une \u00e9quipe plus que comp\u00e9titive. La <strong>Su\u00e8de<\/strong> met aussi son \u00e9quipe type avec notamment<strong> Sebastian Samuelsson<\/strong> pour terminer. \u00c0 noter que l&rsquo;Italien <strong>Tommaso<\/strong> <strong>Giacomel<\/strong> fait l&rsquo;impasse sur cette course.<\/p>\n<p style=\"text-align: justify;\"><a href=\"https:\/\/dicodusport.fr\/blog\/wp-content\/uploads\/2026\/01\/Startlist-relais-hommes-Ruhpolding-2026.pdf\" class=\"pdfemb-viewer\" style=\"\" data-width=\"max\" data-height=\"max\"  data-toolbar=\"both\" data-toolbar-fixed=\"on\">Startlist relais hommes Ruhpolding 2026<br\/><\/a>\n<h3 style=\"text-align: justify;\">Dicodusport vous conseille<\/h3>\n<ul>\n<li style=\"text-align: justify;\"><a href=\"https:\/\/dicodusport.fr\/blog\/edito-aimer-le-biathlon-francais-sans-fermer-les-yeux\/\"><strong>\u00c9dito : Aimer le biathlon fran\u00e7ais sans fermer les yeux\u00a0<\/strong><\/a><\/li>\n<\/ul>\n","protected":false},"excerpt":{"rendered":"<p>Retrouvez la composition de l&rsquo;\u00e9quipe de France ainsi que la startlist pour le relais hommes de Ruhpolding (Allemagne), dont le d\u00e9part est pr\u00e9vu ce jeudi 15 janvier 2026 \u00e0 14h30.<\/p>\n","protected":false},"author":1,"featured_media":638190,"comment_status":"open","ping_status":"closed","sticky":false,"template":"","format":"standard","meta":{"_acf_changed":false,"_daextam_enable_autolinks":"1","footnotes":""},"categories":[47040],"tags":[32415,2427,21152,16878,2695,3258,3926],"class_list":["post-638188","post","type-post","status-publish","format-standard","has-post-thumbnail","hentry","category-coupe-du-monde-de-biathlon","tag-actu","tag-biathlon","tag-biathlon-ruhpolding","tag-breve","tag-coupe-du-monde-de-biathlon","tag-oberhof","tag-relais-hommes"],"acf":[],"yoast_head":"<!-- This site is optimized with the Yoast SEO Premium plugin v26.7 (Yoast SEO v26.7) - https:\/\/yoast.com\/wordpress\/plugins\/seo\/ -->\n<title>Relais hommes Ruhpolding 2026 : Composition des Bleus et Startlist<\/title>\n<meta name=\"description\" content=\"Retrouvez la composition de l&#039;\u00e9quipe de France ainsi que la startlist pour le relais hommes de Ruhpolding (Allemagne), dont le d\u00e9part est pr\u00e9vu ce jeudi 15 janvier 2026 \u00e0 14h30.\" \/>\n<meta name=\"robots\" content=\"index, follow, max-snippet:-1, max-image-preview:large, max-video-preview:-1\" \/>\n<link rel=\"canonical\" href=\"https:\/\/dicodusport.fr\/blog\/relais-hommes-ruhpolding-2026-composition-des-bleus-et-startlist\/\" \/>\n<meta property=\"og:locale\" content=\"fr_FR\" \/>\n<meta property=\"og:type\" content=\"article\" \/>\n<meta property=\"og:title\" content=\"Relais hommes Ruhpolding 2026 : Composition des Bleus et Startlist\" \/>\n<meta property=\"og:description\" content=\"Retrouvez la composition de l&#039;\u00e9quipe de France ainsi que la startlist pour le relais hommes de Ruhpolding (Allemagne), dont le d\u00e9part est pr\u00e9vu ce jeudi 15 janvier 2026 \u00e0 14h30.\" \/>\n<meta property=\"og:url\" content=\"https:\/\/dicodusport.fr\/blog\/relais-hommes-ruhpolding-2026-composition-des-bleus-et-startlist\/\" \/>\n<meta property=\"og:site_name\" content=\"Dicodusport\" \/>\n<meta property=\"article:publisher\" content=\"https:\/\/www.facebook.com\/dicodusport\" \/>\n<meta property=\"article:author\" content=\"https:\/\/www.facebook.com\/dicodusport\" \/>\n<meta property=\"article:published_time\" content=\"2026-01-14T15:42:50+00:00\" \/>\n<meta property=\"article:modified_time\" content=\"2026-01-15T12:24:19+00:00\" \/>\n<meta property=\"og:image\" content=\"https:\/\/dicodusport.fr\/blog\/wp-content\/uploads\/2026\/01\/Relais-hommes-Ruhpolding-2026-Composition-des-Bleus-et-Startlist.png\" \/>\n\t<meta property=\"og:image:width\" content=\"1200\" \/>\n\t<meta property=\"og:image:height\" content=\"674\" \/>\n\t<meta property=\"og:image:type\" content=\"image\/png\" \/>\n<meta name=\"author\" content=\"Nicolas Jacquemard\" \/>\n<meta name=\"twitter:card\" content=\"summary_large_image\" \/>\n<meta name=\"twitter:title\" content=\"Relais hommes Ruhpolding 2026 : Composition des Bleus et Startlist\" \/>\n<meta name=\"twitter:creator\" content=\"@https:\/\/twitter.com\/Nico_Jacquemard\" \/>\n<meta name=\"twitter:site\" content=\"@dicodusport\" \/>\n<script type=\"application\/ld+json\" class=\"yoast-schema-graph\">{\"@context\":\"https:\/\/schema.org\",\"@graph\":[{\"@type\":\"NewsArticle\",\"@id\":\"https:\/\/dicodusport.fr\/blog\/relais-hommes-ruhpolding-2026-composition-des-bleus-et-startlist\/#article\",\"isPartOf\":{\"@id\":\"https:\/\/dicodusport.fr\/blog\/relais-hommes-ruhpolding-2026-composition-des-bleus-et-startlist\/\"},\"author\":{\"name\":\"Nicolas Jacquemard\",\"@id\":\"https:\/\/dicodusport.fr\/blog\/#\/schema\/person\/55dcb50ad410894e431ed812bbb70191\"},\"headline\":\"Relais hommes Ruhpolding 2026 : Composition des Bleus et Startlist\",\"datePublished\":\"2026-01-14T15:42:50+00:00\",\"dateModified\":\"2026-01-15T12:24:19+00:00\",\"mainEntityOfPage\":{\"@id\":\"https:\/\/dicodusport.fr\/blog\/relais-hommes-ruhpolding-2026-composition-des-bleus-et-startlist\/\"},\"wordCount\":266,\"commentCount\":1,\"publisher\":{\"@id\":\"https:\/\/dicodusport.fr\/blog\/#organization\"},\"image\":{\"@id\":\"https:\/\/dicodusport.fr\/blog\/relais-hommes-ruhpolding-2026-composition-des-bleus-et-startlist\/#primaryimage\"},\"thumbnailUrl\":\"https:\/\/dicodusport.fr\/blog\/wp-content\/uploads\/2026\/01\/Relais-hommes-Ruhpolding-2026-Composition-des-Bleus-et-Startlist.png\",\"keywords\":[\"actu\",\"Biathlon\",\"Biathlon Ruhpolding\",\"br\u00e8ve\",\"Coupe du monde de Biathlon\",\"Oberhof\",\"Relais hommes\"],\"articleSection\":[\"Coupe du monde de biathlon\"],\"inLanguage\":\"fr-FR\",\"potentialAction\":[{\"@type\":\"CommentAction\",\"name\":\"Comment\",\"target\":[\"https:\/\/dicodusport.fr\/blog\/relais-hommes-ruhpolding-2026-composition-des-bleus-et-startlist\/#respond\"]}],\"copyrightYear\":\"2026\",\"copyrightHolder\":{\"@id\":\"https:\/\/dicodusport.fr\/blog\/#organization\"}},{\"@type\":\"WebPage\",\"@id\":\"https:\/\/dicodusport.fr\/blog\/relais-hommes-ruhpolding-2026-composition-des-bleus-et-startlist\/\",\"url\":\"https:\/\/dicodusport.fr\/blog\/relais-hommes-ruhpolding-2026-composition-des-bleus-et-startlist\/\",\"name\":\"Relais hommes Ruhpolding 2026 : Composition des Bleus et Startlist\",\"isPartOf\":{\"@id\":\"https:\/\/dicodusport.fr\/blog\/#website\"},\"primaryImageOfPage\":{\"@id\":\"https:\/\/dicodusport.fr\/blog\/relais-hommes-ruhpolding-2026-composition-des-bleus-et-startlist\/#primaryimage\"},\"image\":{\"@id\":\"https:\/\/dicodusport.fr\/blog\/relais-hommes-ruhpolding-2026-composition-des-bleus-et-startlist\/#primaryimage\"},\"thumbnailUrl\":\"https:\/\/dicodusport.fr\/blog\/wp-content\/uploads\/2026\/01\/Relais-hommes-Ruhpolding-2026-Composition-des-Bleus-et-Startlist.png\",\"datePublished\":\"2026-01-14T15:42:50+00:00\",\"dateModified\":\"2026-01-15T12:24:19+00:00\",\"description\":\"Retrouvez la composition de l'\u00e9quipe de France ainsi que la startlist pour le relais hommes de Ruhpolding (Allemagne), dont le d\u00e9part est pr\u00e9vu ce jeudi 15 janvier 2026 \u00e0 14h30.\",\"breadcrumb\":{\"@id\":\"https:\/\/dicodusport.fr\/blog\/relais-hommes-ruhpolding-2026-composition-des-bleus-et-startlist\/#breadcrumb\"},\"inLanguage\":\"fr-FR\",\"potentialAction\":[{\"@type\":\"ReadAction\",\"target\":[\"https:\/\/dicodusport.fr\/blog\/relais-hommes-ruhpolding-2026-composition-des-bleus-et-startlist\/\"]}]},{\"@type\":\"ImageObject\",\"inLanguage\":\"fr-FR\",\"@id\":\"https:\/\/dicodusport.fr\/blog\/relais-hommes-ruhpolding-2026-composition-des-bleus-et-startlist\/#primaryimage\",\"url\":\"https:\/\/dicodusport.fr\/blog\/wp-content\/uploads\/2026\/01\/Relais-hommes-Ruhpolding-2026-Composition-des-Bleus-et-Startlist.png\",\"contentUrl\":\"https:\/\/dicodusport.fr\/blog\/wp-content\/uploads\/2026\/01\/Relais-hommes-Ruhpolding-2026-Composition-des-Bleus-et-Startlist.png\",\"width\":1200,\"height\":674},{\"@type\":\"BreadcrumbList\",\"@id\":\"https:\/\/dicodusport.fr\/blog\/relais-hommes-ruhpolding-2026-composition-des-bleus-et-startlist\/#breadcrumb\",\"itemListElement\":[{\"@type\":\"ListItem\",\"position\":1,\"name\":\"Accueil\",\"item\":\"https:\/\/dicodusport.fr\/blog\/\"},{\"@type\":\"ListItem\",\"position\":2,\"name\":\"Relais hommes Ruhpolding 2026 : Composition des Bleus et Startlist\"}]},{\"@type\":\"WebSite\",\"@id\":\"https:\/\/dicodusport.fr\/blog\/#website\",\"url\":\"https:\/\/dicodusport.fr\/blog\/\",\"name\":\"Dicodusport\",\"description\":\"L&#039;encyclop\u00e9die de l&#039;actualit\u00e9 sportive\",\"publisher\":{\"@id\":\"https:\/\/dicodusport.fr\/blog\/#organization\"},\"potentialAction\":[{\"@type\":\"SearchAction\",\"target\":{\"@type\":\"EntryPoint\",\"urlTemplate\":\"https:\/\/dicodusport.fr\/blog\/?s={search_term_string}\"},\"query-input\":{\"@type\":\"PropertyValueSpecification\",\"valueRequired\":true,\"valueName\":\"search_term_string\"}}],\"inLanguage\":\"fr-FR\"},{\"@type\":\"NewsMediaOrganization\",\"@id\":\"https:\/\/dicodusport.fr\/blog\/#organization\",\"name\":\"Dicodusport\",\"url\":\"https:\/\/dicodusport.fr\/blog\/\",\"logo\":{\"@type\":\"ImageObject\",\"inLanguage\":\"fr-FR\",\"@id\":\"https:\/\/dicodusport.fr\/blog\/#\/schema\/logo\/image\/\",\"url\":\"https:\/\/dicodusport.fr\/blog\/wp-content\/uploads\/2020\/06\/cropped-LOGO-DICODUSPORT-2020-SANS-FOND-SANS-TEXTE.png\",\"contentUrl\":\"https:\/\/dicodusport.fr\/blog\/wp-content\/uploads\/2020\/06\/cropped-LOGO-DICODUSPORT-2020-SANS-FOND-SANS-TEXTE.png\",\"width\":512,\"height\":512,\"caption\":\"Dicodusport\"},\"image\":{\"@id\":\"https:\/\/dicodusport.fr\/blog\/#\/schema\/logo\/image\/\"},\"sameAs\":[\"https:\/\/www.facebook.com\/dicodusport\",\"https:\/\/x.com\/dicodusport\",\"https:\/\/www.instagram.com\/dicodusport\/\",\"https:\/\/www.youtube.com\/channel\/UC7V2KZ5sd3htJivAbA4ZG3w\"],\"description\":\"Dicodusport est l'encyclop\u00e9die de l'actualit\u00e9 sportive.\",\"email\":\"bonjour@dicodusport.fr\",\"legalName\":\"DICODUSPORT\",\"foundingDate\":\"2018-01-14\",\"vatID\":\"FR71834470973\",\"taxID\":\"83447097300043\",\"numberOfEmployees\":{\"@type\":\"QuantitativeValue\",\"minValue\":\"1\",\"maxValue\":\"10\"}},{\"@type\":\"Person\",\"@id\":\"https:\/\/dicodusport.fr\/blog\/#\/schema\/person\/55dcb50ad410894e431ed812bbb70191\",\"name\":\"Nicolas Jacquemard\",\"image\":{\"@type\":\"ImageObject\",\"inLanguage\":\"fr-FR\",\"@id\":\"https:\/\/dicodusport.fr\/blog\/#\/schema\/person\/image\/\",\"url\":\"https:\/\/dicodusport.fr\/blog\/wp-content\/uploads\/2021\/05\/Nicolas-Jacquemard-150x150.jpeg\",\"contentUrl\":\"https:\/\/dicodusport.fr\/blog\/wp-content\/uploads\/2021\/05\/Nicolas-Jacquemard-150x150.jpeg\",\"caption\":\"Nicolas Jacquemard\"},\"description\":\"Passionn\u00e9 de sport et entrepreneur depuis mes 18 ans, la cr\u00e9ation de Dicodusport m'a sembl\u00e9 \u00e9vidente pour participer \u00e0 la m\u00e9diatisation d'un plus grand nombre de sports. Le chemin est long mais avec une \u00e9quipe des plus motiv\u00e9es et les Jeux Olympiques de Paris 2024 en point de mire, nous y arriverons ! Journaliste dans le monde du sport depuis plus de 5 ans, je traite aussi bien de football, de rugby, de biathlon que de cyclisme.\",\"sameAs\":[\"https:\/\/www.facebook.com\/dicodusport\",\"https:\/\/x.com\/https:\/\/twitter.com\/Nico_Jacquemard\"],\"url\":\"https:\/\/dicodusport.fr\/blog\/author\/dicodusport\/\"}]}<\/script>\n<!-- \/ Yoast SEO Premium plugin. -->","yoast_head_json":{"title":"Relais hommes Ruhpolding 2026 : Composition des Bleus et Startlist","description":"Retrouvez la composition de l'\u00e9quipe de France ainsi que la startlist pour le relais hommes de Ruhpolding (Allemagne), dont le d\u00e9part est pr\u00e9vu ce jeudi 15 janvier 2026 \u00e0 14h30.","robots":{"index":"index","follow":"follow","max-snippet":"max-snippet:-1","max-image-preview":"max-image-preview:large","max-video-preview":"max-video-preview:-1"},"canonical":"https:\/\/dicodusport.fr\/blog\/relais-hommes-ruhpolding-2026-composition-des-bleus-et-startlist\/","og_locale":"fr_FR","og_type":"article","og_title":"Relais hommes Ruhpolding 2026 : Composition des Bleus et Startlist","og_description":"Retrouvez la composition de l'\u00e9quipe de France ainsi que la startlist pour le relais hommes de Ruhpolding (Allemagne), dont le d\u00e9part est pr\u00e9vu ce jeudi 15 janvier 2026 \u00e0 14h30.","og_url":"https:\/\/dicodusport.fr\/blog\/relais-hommes-ruhpolding-2026-composition-des-bleus-et-startlist\/","og_site_name":"Dicodusport","article_publisher":"https:\/\/www.facebook.com\/dicodusport","article_author":"https:\/\/www.facebook.com\/dicodusport","article_published_time":"2026-01-14T15:42:50+00:00","article_modified_time":"2026-01-15T12:24:19+00:00","og_image":[{"width":1200,"height":674,"url":"https:\/\/dicodusport.fr\/blog\/wp-content\/uploads\/2026\/01\/Relais-hommes-Ruhpolding-2026-Composition-des-Bleus-et-Startlist.png","type":"image\/png"}],"author":"Nicolas Jacquemard","twitter_card":"summary_large_image","twitter_title":"Relais hommes Ruhpolding 2026 : Composition des Bleus et Startlist","twitter_creator":"@https:\/\/twitter.com\/Nico_Jacquemard","twitter_site":"@dicodusport","schema":{"@context":"https:\/\/schema.org","@graph":[{"@type":"NewsArticle","@id":"https:\/\/dicodusport.fr\/blog\/relais-hommes-ruhpolding-2026-composition-des-bleus-et-startlist\/#article","isPartOf":{"@id":"https:\/\/dicodusport.fr\/blog\/relais-hommes-ruhpolding-2026-composition-des-bleus-et-startlist\/"},"author":{"name":"Nicolas Jacquemard","@id":"https:\/\/dicodusport.fr\/blog\/#\/schema\/person\/55dcb50ad410894e431ed812bbb70191"},"headline":"Relais hommes Ruhpolding 2026 : Composition des Bleus et Startlist","datePublished":"2026-01-14T15:42:50+00:00","dateModified":"2026-01-15T12:24:19+00:00","mainEntityOfPage":{"@id":"https:\/\/dicodusport.fr\/blog\/relais-hommes-ruhpolding-2026-composition-des-bleus-et-startlist\/"},"wordCount":266,"commentCount":1,"publisher":{"@id":"https:\/\/dicodusport.fr\/blog\/#organization"},"image":{"@id":"https:\/\/dicodusport.fr\/blog\/relais-hommes-ruhpolding-2026-composition-des-bleus-et-startlist\/#primaryimage"},"thumbnailUrl":"https:\/\/dicodusport.fr\/blog\/wp-content\/uploads\/2026\/01\/Relais-hommes-Ruhpolding-2026-Composition-des-Bleus-et-Startlist.png","keywords":["actu","Biathlon","Biathlon Ruhpolding","br\u00e8ve","Coupe du monde de Biathlon","Oberhof","Relais hommes"],"articleSection":["Coupe du monde de biathlon"],"inLanguage":"fr-FR","potentialAction":[{"@type":"CommentAction","name":"Comment","target":["https:\/\/dicodusport.fr\/blog\/relais-hommes-ruhpolding-2026-composition-des-bleus-et-startlist\/#respond"]}],"copyrightYear":"2026","copyrightHolder":{"@id":"https:\/\/dicodusport.fr\/blog\/#organization"}},{"@type":"WebPage","@id":"https:\/\/dicodusport.fr\/blog\/relais-hommes-ruhpolding-2026-composition-des-bleus-et-startlist\/","url":"https:\/\/dicodusport.fr\/blog\/relais-hommes-ruhpolding-2026-composition-des-bleus-et-startlist\/","name":"Relais hommes Ruhpolding 2026 : Composition des Bleus et Startlist","isPartOf":{"@id":"https:\/\/dicodusport.fr\/blog\/#website"},"primaryImageOfPage":{"@id":"https:\/\/dicodusport.fr\/blog\/relais-hommes-ruhpolding-2026-composition-des-bleus-et-startlist\/#primaryimage"},"image":{"@id":"https:\/\/dicodusport.fr\/blog\/relais-hommes-ruhpolding-2026-composition-des-bleus-et-startlist\/#primaryimage"},"thumbnailUrl":"https:\/\/dicodusport.fr\/blog\/wp-content\/uploads\/2026\/01\/Relais-hommes-Ruhpolding-2026-Composition-des-Bleus-et-Startlist.png","datePublished":"2026-01-14T15:42:50+00:00","dateModified":"2026-01-15T12:24:19+00:00","description":"Retrouvez la composition de l'\u00e9quipe de France ainsi que la startlist pour le relais hommes de Ruhpolding (Allemagne), dont le d\u00e9part est pr\u00e9vu ce jeudi 15 janvier 2026 \u00e0 14h30.","breadcrumb":{"@id":"https:\/\/dicodusport.fr\/blog\/relais-hommes-ruhpolding-2026-composition-des-bleus-et-startlist\/#breadcrumb"},"inLanguage":"fr-FR","potentialAction":[{"@type":"ReadAction","target":["https:\/\/dicodusport.fr\/blog\/relais-hommes-ruhpolding-2026-composition-des-bleus-et-startlist\/"]}]},{"@type":"ImageObject","inLanguage":"fr-FR","@id":"https:\/\/dicodusport.fr\/blog\/relais-hommes-ruhpolding-2026-composition-des-bleus-et-startlist\/#primaryimage","url":"https:\/\/dicodusport.fr\/blog\/wp-content\/uploads\/2026\/01\/Relais-hommes-Ruhpolding-2026-Composition-des-Bleus-et-Startlist.png","contentUrl":"https:\/\/dicodusport.fr\/blog\/wp-content\/uploads\/2026\/01\/Relais-hommes-Ruhpolding-2026-Composition-des-Bleus-et-Startlist.png","width":1200,"height":674},{"@type":"BreadcrumbList","@id":"https:\/\/dicodusport.fr\/blog\/relais-hommes-ruhpolding-2026-composition-des-bleus-et-startlist\/#breadcrumb","itemListElement":[{"@type":"ListItem","position":1,"name":"Accueil","item":"https:\/\/dicodusport.fr\/blog\/"},{"@type":"ListItem","position":2,"name":"Relais hommes Ruhpolding 2026 : Composition des Bleus et Startlist"}]},{"@type":"WebSite","@id":"https:\/\/dicodusport.fr\/blog\/#website","url":"https:\/\/dicodusport.fr\/blog\/","name":"Dicodusport","description":"L&#039;encyclop\u00e9die de l&#039;actualit\u00e9 sportive","publisher":{"@id":"https:\/\/dicodusport.fr\/blog\/#organization"},"potentialAction":[{"@type":"SearchAction","target":{"@type":"EntryPoint","urlTemplate":"https:\/\/dicodusport.fr\/blog\/?s={search_term_string}"},"query-input":{"@type":"PropertyValueSpecification","valueRequired":true,"valueName":"search_term_string"}}],"inLanguage":"fr-FR"},{"@type":"NewsMediaOrganization","@id":"https:\/\/dicodusport.fr\/blog\/#organization","name":"Dicodusport","url":"https:\/\/dicodusport.fr\/blog\/","logo":{"@type":"ImageObject","inLanguage":"fr-FR","@id":"https:\/\/dicodusport.fr\/blog\/#\/schema\/logo\/image\/","url":"https:\/\/dicodusport.fr\/blog\/wp-content\/uploads\/2020\/06\/cropped-LOGO-DICODUSPORT-2020-SANS-FOND-SANS-TEXTE.png","contentUrl":"https:\/\/dicodusport.fr\/blog\/wp-content\/uploads\/2020\/06\/cropped-LOGO-DICODUSPORT-2020-SANS-FOND-SANS-TEXTE.png","width":512,"height":512,"caption":"Dicodusport"},"image":{"@id":"https:\/\/dicodusport.fr\/blog\/#\/schema\/logo\/image\/"},"sameAs":["https:\/\/www.facebook.com\/dicodusport","https:\/\/x.com\/dicodusport","https:\/\/www.instagram.com\/dicodusport\/","https:\/\/www.youtube.com\/channel\/UC7V2KZ5sd3htJivAbA4ZG3w"],"description":"Dicodusport est l'encyclop\u00e9die de l'actualit\u00e9 sportive.","email":"bonjour@dicodusport.fr","legalName":"DICODUSPORT","foundingDate":"2018-01-14","vatID":"FR71834470973","taxID":"83447097300043","numberOfEmployees":{"@type":"QuantitativeValue","minValue":"1","maxValue":"10"}},{"@type":"Person","@id":"https:\/\/dicodusport.fr\/blog\/#\/schema\/person\/55dcb50ad410894e431ed812bbb70191","name":"Nicolas Jacquemard","image":{"@type":"ImageObject","inLanguage":"fr-FR","@id":"https:\/\/dicodusport.fr\/blog\/#\/schema\/person\/image\/","url":"https:\/\/dicodusport.fr\/blog\/wp-content\/uploads\/2021\/05\/Nicolas-Jacquemard-150x150.jpeg","contentUrl":"https:\/\/dicodusport.fr\/blog\/wp-content\/uploads\/2021\/05\/Nicolas-Jacquemard-150x150.jpeg","caption":"Nicolas Jacquemard"},"description":"Passionn\u00e9 de sport et entrepreneur depuis mes 18 ans, la cr\u00e9ation de Dicodusport m'a sembl\u00e9 \u00e9vidente pour participer \u00e0 la m\u00e9diatisation d'un plus grand nombre de sports. Le chemin est long mais avec une \u00e9quipe des plus motiv\u00e9es et les Jeux Olympiques de Paris 2024 en point de mire, nous y arriverons ! Journaliste dans le monde du sport depuis plus de 5 ans, je traite aussi bien de football, de rugby, de biathlon que de cyclisme.","sameAs":["https:\/\/www.facebook.com\/dicodusport","https:\/\/x.com\/https:\/\/twitter.com\/Nico_Jacquemard"],"url":"https:\/\/dicodusport.fr\/blog\/author\/dicodusport\/"}]}},"_links":{"self":[{"href":"https:\/\/dicodusport.fr\/blog\/wp-json\/wp\/v2\/posts\/638188","targetHints":{"allow":["GET"]}}],"collection":[{"href":"https:\/\/dicodusport.fr\/blog\/wp-json\/wp\/v2\/posts"}],"about":[{"href":"https:\/\/dicodusport.fr\/blog\/wp-json\/wp\/v2\/types\/post"}],"author":[{"embeddable":true,"href":"https:\/\/dicodusport.fr\/blog\/wp-json\/wp\/v2\/users\/1"}],"replies":[{"embeddable":true,"href":"https:\/\/dicodusport.fr\/blog\/wp-json\/wp\/v2\/comments?post=638188"}],"version-history":[{"count":5,"href":"https:\/\/dicodusport.fr\/blog\/wp-json\/wp\/v2\/posts\/638188\/revisions"}],"predecessor-version":[{"id":638482,"href":"https:\/\/dicodusport.fr\/blog\/wp-json\/wp\/v2\/posts\/638188\/revisions\/638482"}],"wp:featuredmedia":[{"embeddable":true,"href":"https:\/\/dicodusport.fr\/blog\/wp-json\/wp\/v2\/media\/638190"}],"wp:attachment":[{"href":"https:\/\/dicodusport.fr\/blog\/wp-json\/wp\/v2\/media?parent=638188"}],"wp:term":[{"taxonomy":"category","embeddable":true,"href":"https:\/\/dicodusport.fr\/blog\/wp-json\/wp\/v2\/categories?post=638188"},{"taxonomy":"post_tag","embeddable":true,"href":"https:\/\/dicodusport.fr\/blog\/wp-json\/wp\/v2\/tags?post=638188"}],"curies":[{"name":"wp","href":"https:\/\/api.w.org\/{rel}","templated":true}]}}