{"id":638529,"date":"2026-01-15T16:34:00","date_gmt":"2026-01-15T15:34:00","guid":{"rendered":"https:\/\/dicodusport.fr\/blog\/?p=638529&#038;preview=true&#038;preview_id=638529"},"modified":"2026-01-15T19:23:39","modified_gmt":"2026-01-15T18:23:39","slug":"les-bleus-du-telemark-cartonnent-laly-chaucheprat-et-theo-sillon-triomphent-sur-le-deuxieme-sprint-de-carezza","status":"publish","type":"post","link":"https:\/\/dicodusport.fr\/blog\/les-bleus-du-telemark-cartonnent-laly-chaucheprat-et-theo-sillon-triomphent-sur-le-deuxieme-sprint-de-carezza\/","title":{"rendered":"Les Bleus du t\u00e9l\u00e9mark cartonnent : Laly Chaucheprat et Th\u00e9o Sillon triomphent sur le deuxi\u00e8me sprint de Carezza"},"content":{"rendered":"<p style=\"text-align: justify;\"><strong><em>COUPE DU MONDE DE T\u00c9L\u00c9MARK 2025\/2026 &#8211; Laly Chaucheprat et Th\u00e9o Sillon se sont impos\u00e9s sur le deuxi\u00e8me sprint de Carezza. Yoann Rostolan ajoute une 3\u00e8me place au bilan tricolore.<\/em><\/strong><\/p>\n<p style=\"text-align: justify;\">Si le premier sprint disput\u00e9 \u00e0 <strong>Carezza<\/strong> mercredi avait \u00e9t\u00e9 plut\u00f4t productifs gr\u00e2ce aux 3\u00e8mes places obtenues par <strong>Alexis Page <\/strong>et <strong>Augustine Carliez<\/strong>, le t\u00e9l\u00e9mark fran\u00e7ais a offert un v\u00e9ritable festival sur le deuxi\u00e8me disput\u00e9 ce jeudi.<\/p>\n<div class=\"vlp-link-container vlp-layout-article\"><a href=\"https:\/\/dicodusport.fr\/blog\/le-telemark-francais-encore-a-la-fete-alexis-page-et-augustine-carliez-sur-la-boite-du-sprint-de-carezza\/\" class=\"vlp-link\" title=\"Le t\u00e9l\u00e9mark fran\u00e7ais encore \u00e0 la f\u00eate : Alexis Page et Augustine Carliez sur la bo\u00eete du sprint de Carezza\"><\/a><div class=\"vlp-layout-zone-side\"><div class=\"vlp-block-4 vlp-link-image\"><img loading=\"lazy\" decoding=\"async\" style=\"max-width: 792px;\" width=\"792\" height=\"445\" src=\"https:\/\/dicodusport.fr\/blog\/wp-content\/uploads\/2026\/01\/Le-telemark-francais-encore-a-la-fete-Alexis-Page-et-Augustine-Carliez-sur-la-boite-du-sprint-de-Carezza.png\" class=\"attachment-800x445 size-800x445\" alt=\"Le t\u00e9l\u00e9mark fran\u00e7ais encore \u00e0 la f\u00eate : Alexis Page et Augustine Carliez sur la bo\u00eete du sprint de Carezza\" srcset=\"https:\/\/dicodusport.fr\/blog\/wp-content\/uploads\/2026\/01\/Le-telemark-francais-encore-a-la-fete-Alexis-Page-et-Augustine-Carliez-sur-la-boite-du-sprint-de-Carezza.png 1200w, https:\/\/dicodusport.fr\/blog\/wp-content\/uploads\/2026\/01\/Le-telemark-francais-encore-a-la-fete-Alexis-Page-et-Augustine-Carliez-sur-la-boite-du-sprint-de-Carezza-300x169.png 300w, https:\/\/dicodusport.fr\/blog\/wp-content\/uploads\/2026\/01\/Le-telemark-francais-encore-a-la-fete-Alexis-Page-et-Augustine-Carliez-sur-la-boite-du-sprint-de-Carezza-1024x575.png 1024w, https:\/\/dicodusport.fr\/blog\/wp-content\/uploads\/2026\/01\/Le-telemark-francais-encore-a-la-fete-Alexis-Page-et-Augustine-Carliez-sur-la-boite-du-sprint-de-Carezza-768x431.png 768w\" sizes=\"auto, (max-width: 792px) 100vw, 792px\" \/><\/div><\/div><div class=\"vlp-layout-zone-main\"><div class=\"vlp-block-0 vlp-link-title\">Le t\u00e9l\u00e9mark fran\u00e7ais encore \u00e0 la f\u00eate : Alexis Page et Augustine Carliez sur la bo\u00eete du sprint de Carezza<\/div><div class=\"vlp-block-1 vlp-link-summary\">COUPE DU MONDE DE T\u00c9L\u00c9MARK 2025\/2026 - L'\u00e9quipe de France a d\u00e9croch\u00e9 deux podiums sur le sprint de Carezza gr\u00e2ce aux 3\u00e8mes places d'Alexis Page et Augustine Carliez.<\/div><div class=\"vlp-block-2 vlp-link-button\">Lire l'article<\/div><div class=\"vlp-block-3 vlp-link-url\">dicodusport.fr<\/div><\/div><\/div>\n<h2 style=\"text-align: justify;\">Th\u00e9o Sillon retrouve la victoire, Yoann Rostolan l&rsquo;accompagne sur le podium<\/h2>\n<p style=\"text-align: justify;\">Habitu\u00e9 \u00e0 r\u00e9aliser des tirs group\u00e9s en haut de classement sans truster les plus hautes marches depuis le d\u00e9but de l&rsquo;hiver, le collectif masculin a rectifi\u00e9 le tir en force. D\u00e8s la premi\u00e8re manche,<strong> Yoann Rostolan <\/strong>et <strong>Th\u00e9o Sillon<\/strong> s&rsquo;\u00e9taient parfaitement positionn\u00e9s en composant un trio de t\u00eate tenu dans un mouchoir de poche (+0:25) avec le redoutable <strong>Nicolas Michel<\/strong>. Si Rostolan n&rsquo;a pas r\u00e9sist\u00e9 au Suisse, Th\u00e9o Sillon a lui sign\u00e9 l&rsquo;une des manches de sa vie.<\/p>\n<p style=\"text-align: justify;\">Seul homme \u00e0 passer sous la minute, il a d\u00e9livr\u00e9 un chrono canon (59:23) qui a repouss\u00e9 Michel \u00e0 8 dixi\u00e8mes. Un v\u00e9ritable gouffre au vu des \u00e9carts alors resserr\u00e9s. Cela lui permet ainsi d&rsquo;accrocher la victoire devant le Suisse, tandis que <strong>Yoann Rostolan<\/strong> vient compl\u00e9ter le podium. <strong>Th\u00e9o Sillon<\/strong>, remporte donc sa <strong>2\u00e8me victoire en carri\u00e8re<\/strong> en Coupe du monde, pr\u00e8s de 4 ans apr\u00e8s la seule d\u00e9croch\u00e9e jusqu&rsquo;alors \u00e0 Krvacec, sur la Classic.<\/p>\n<p style=\"text-align: justify;\">\u00c0 noter qu&rsquo;<strong>Alexis Page<\/strong> (5\u00e8me),<strong> Charly Petex<\/strong> (6\u00e8me) et <strong>\u00c9lie Nabot<\/strong> (9\u00e8me) ont aussi sign\u00e9 des places d&rsquo;honneur pour garnir \u00e0 50% le Top 10 de skieurs tricolores.<\/p>\n<p><iframe loading=\"lazy\" style=\"border: none; overflow: hidden;\" src=\"https:\/\/www.facebook.com\/plugins\/post.php?href=https%3A%2F%2Fwww.facebook.com%2FFISTelemark%2Fposts%2Fpfbid02qwXMqv6xMnrDAqPtaYBu5R4W6XKdV58RznJxDApAPByJLwSMYJNqQBPptGichFKsl&amp;show_text=true&amp;width=500\" width=\"500\" height=\"709\" frameborder=\"0\" scrolling=\"no\" allowfullscreen=\"allowfullscreen\"><\/iframe><\/p>\n<h2 style=\"text-align: justify;\">Laly Chaucheprat compl\u00e8te le festival tricolore<\/h2>\n<p style=\"text-align: justify;\">Et si cela ne suffisait pas, <strong>Laly Chaucheprat<\/strong> est sortie du bois pour rafler l&rsquo;autre victoire en jeu dans le tableau f\u00e9minin. Au pied du podium hier, la Chamoniarde a pu compter sur sa propret\u00e9 pour faire la diff\u00e9rence. Au coude \u00e0 coude avec<strong> L\u00e9a Lathion<\/strong> au bout d&rsquo;une premi\u00e8re manche (1 centi\u00e8me d&rsquo;\u00e9cart) qui a \u00e9cart\u00e9 du jeu Jasmin Taylor, la Fran\u00e7aise a mieux g\u00e9rer le second run en limitant au maximum les p\u00e9nalit\u00e9s. Contrairement \u00e0 la Suissesse, rel\u00e9gu\u00e9e au 3\u00e8me rang, derri\u00e8re <strong>Goril Strom Eriksen<\/strong>.<\/p>\n<ul>\n<li><strong>\u00c0 lire aussi &#8211; <a href=\"https:\/\/dicodusport.fr\/blog\/laly-chaucheprat-telemark-on-manque-de-visibilite-alors-que-cest-un-sport-tres-televisuel\/\">Laly Chaucheprat (T\u00e9l\u00e9mark) : \u00ab On manque de visibilit\u00e9 alors que c\u2019est un sport tr\u00e8s t\u00e9l\u00e9visuel \u00bb<\/a><\/strong><\/li>\n<\/ul>\n<p style=\"text-align: justify;\">Pr\u00e8s d&rsquo;un an apr\u00e8s <a href=\"https:\/\/dicodusport.fr\/blog\/telemark-trillevallen-2025-laly-chaucheprat-double-la-mise-des-podiums-en-pagaille-pour-les-bleus\/\">ses deux succ\u00e8s en Su\u00e8de<\/a>, la Fran\u00e7aise signe l\u00e0 son 4\u00e8me succ\u00e8s en carri\u00e8re, et confirme sa mont\u00e9e en puissance au fil des semaines. S&rsquo;il n&rsquo;y a pas eu d&rsquo;autre podium, quatre autres Fran\u00e7aises sont tout de m\u00eame parvenues \u00e0 se glisser dans le Top 10 : <strong>Camille Bourbon<\/strong> (4\u00e8me), <strong>Augustine Carliez<\/strong> (6\u00e8me), <strong>Margaux Giordana<\/strong> (8\u00e8me) et <strong>Lena\u00efg Mansart<\/strong> (9\u00e8me).<\/p>\n<p style=\"text-align: justify;\">Suite \u00e0 cette \u00e9tape en Italie, la 4\u00e8me manche de la saison va s&rsquo;\u00e9tablir \u00e0 <strong>Melchsee-Frutt<\/strong> (Suisse) avec deux sprints parall\u00e8lles, pr\u00e9vus les 24 et 25 janvier.<\/p>\n<p>\u00a0<iframe loading=\"lazy\" style=\"border: none; overflow: hidden;\" src=\"https:\/\/www.facebook.com\/plugins\/post.php?href=https%3A%2F%2Fwww.facebook.com%2FFISTelemark%2Fposts%2Fpfbid02wyYRjU2dnN9YsGdcPq1rfSCwu7pPpnQK8jntdY9CvLCqeQAURQYntNQF2WW2eEDyl&amp;show_text=true&amp;width=500\" width=\"500\" height=\"250\" frameborder=\"0\" scrolling=\"no\" allowfullscreen=\"allowfullscreen\"><\/iframe><\/p>\n<h3 style=\"text-align: justify;\">Les r\u00e9sultats des Fran\u00e7ais<\/h3>\n<p style=\"text-align: justify;\"><strong><em>Hommes<\/em><\/strong> : 1. Th\u00e9o Sillon \/ 3. Yoann Rostolan \/ 5. Alexis Page \/ 6. Charly Petex \/ 9. \u00c9lie Nabot \/ 14. Zian Peccoux \/ 17. Melvin Rey \/ DNF Jules Panis<\/p>\n<p style=\"text-align: justify;\"><strong><em>Femmes<\/em><\/strong> : 1. Laly Chaucheprat \/ 4. Camille Bourbon \/ 6. Augustine Carlier \/ 8. Margaux Giordana \/9. Lena\u00efg Mansart.<\/p>\n<div id=\"gtx-trans\" style=\"position: absolute; left: -14px; top: 40.9091px;\">\n<div class=\"gtx-trans-icon\"><\/div>\n<\/div>\n","protected":false},"excerpt":{"rendered":"<p>COUPE DU MONDE DE T\u00c9L\u00c9MARK 2025\/2026 &#8211; Laly Chaucheprat et Th\u00e9o Sillon se sont impos\u00e9s sur le deuxi\u00e8me sprint de Carezza. Yoann Rostolan ajoute une 2\u00e8me place au bilan tricolore.<\/p>\n","protected":false},"author":55,"featured_media":638539,"comment_status":"open","ping_status":"closed","sticky":false,"template":"","format":"standard","meta":{"_acf_changed":false,"_daextam_enable_autolinks":"1","footnotes":""},"categories":[45756],"tags":[16878,13759,675],"class_list":["post-638529","post","type-post","status-publish","format-standard","has-post-thumbnail","hentry","category-telemark","tag-breve","tag-coupe-du-monde-de-telemark","tag-telemark"],"acf":[],"yoast_head":"<!-- This site is optimized with the Yoast SEO Premium plugin v26.7 (Yoast SEO v26.7) - https:\/\/yoast.com\/wordpress\/plugins\/seo\/ -->\n<title>Les Bleus du t\u00e9l\u00e9mark cartonnent : Laly Chaucheprat et Th\u00e9o Sillon triomphent sur le deuxi\u00e8me sprint de Carezza<\/title>\n<meta name=\"description\" content=\"COUPE DU MONDE DE T\u00c9L\u00c9MARK 2025\/2026 - Laly Chaucheprat et Th\u00e9o Sillon se sont impos\u00e9s sur le deuxi\u00e8me sprint de Carezza. Yoann Rostolan ajoute une 2\u00e8me place au bilan tricolore.\" \/>\n<meta name=\"robots\" content=\"index, follow, max-snippet:-1, max-image-preview:large, max-video-preview:-1\" \/>\n<link rel=\"canonical\" href=\"https:\/\/dicodusport.fr\/blog\/les-bleus-du-telemark-cartonnent-laly-chaucheprat-et-theo-sillon-triomphent-sur-le-deuxieme-sprint-de-carezza\/\" \/>\n<meta property=\"og:locale\" content=\"fr_FR\" \/>\n<meta property=\"og:type\" content=\"article\" \/>\n<meta property=\"og:title\" content=\"Les Bleus du t\u00e9l\u00e9mark cartonnent : Laly Chaucheprat et Th\u00e9o Sillon triomphent sur le deuxi\u00e8me sprint de Carezza\" \/>\n<meta property=\"og:description\" content=\"COUPE DU MONDE DE T\u00c9L\u00c9MARK 2025\/2026 - Laly Chaucheprat et Th\u00e9o Sillon se sont impos\u00e9s sur le deuxi\u00e8me sprint de Carezza. Yoann Rostolan ajoute une 2\u00e8me place au bilan tricolore.\" \/>\n<meta property=\"og:url\" content=\"https:\/\/dicodusport.fr\/blog\/les-bleus-du-telemark-cartonnent-laly-chaucheprat-et-theo-sillon-triomphent-sur-le-deuxieme-sprint-de-carezza\/\" \/>\n<meta property=\"og:site_name\" content=\"Dicodusport\" \/>\n<meta property=\"article:publisher\" content=\"https:\/\/www.facebook.com\/dicodusport\" \/>\n<meta property=\"article:published_time\" content=\"2026-01-15T15:34:00+00:00\" \/>\n<meta property=\"article:modified_time\" content=\"2026-01-15T18:23:39+00:00\" \/>\n<meta property=\"og:image\" content=\"https:\/\/dicodusport.fr\/blog\/wp-content\/uploads\/2026\/01\/Les-Bleus-du-telemark-cartonnent-Laly-Chaucheprat-et-Theo-Sillon-triomphent-sur-le-deuxieme-sprint-de-Carezza.png\" \/>\n\t<meta property=\"og:image:width\" content=\"1200\" \/>\n\t<meta property=\"og:image:height\" content=\"674\" \/>\n\t<meta property=\"og:image:type\" content=\"image\/png\" \/>\n<meta name=\"author\" content=\"Maxime Cazenave\" \/>\n<meta name=\"twitter:card\" content=\"summary_large_image\" \/>\n<meta name=\"twitter:title\" content=\"Les Bleus du t\u00e9l\u00e9mark cartonnent : Laly Chaucheprat et Th\u00e9o Sillon triomphent sur le deuxi\u00e8me sprint de Carezza\" \/>\n<meta name=\"twitter:creator\" content=\"@https:\/\/twitter.com\/Maxime_Caze\" \/>\n<meta name=\"twitter:site\" content=\"@dicodusport\" \/>\n<script type=\"application\/ld+json\" class=\"yoast-schema-graph\">{\"@context\":\"https:\/\/schema.org\",\"@graph\":[{\"@type\":\"NewsArticle\",\"@id\":\"https:\/\/dicodusport.fr\/blog\/les-bleus-du-telemark-cartonnent-laly-chaucheprat-et-theo-sillon-triomphent-sur-le-deuxieme-sprint-de-carezza\/#article\",\"isPartOf\":{\"@id\":\"https:\/\/dicodusport.fr\/blog\/les-bleus-du-telemark-cartonnent-laly-chaucheprat-et-theo-sillon-triomphent-sur-le-deuxieme-sprint-de-carezza\/\"},\"author\":{\"name\":\"Maxime Cazenave\",\"@id\":\"https:\/\/dicodusport.fr\/blog\/#\/schema\/person\/37def232098a7a5cbab3974a3690abb0\"},\"headline\":\"Les Bleus du t\u00e9l\u00e9mark cartonnent : Laly Chaucheprat et Th\u00e9o Sillon triomphent sur le deuxi\u00e8me sprint de Carezza\",\"datePublished\":\"2026-01-15T15:34:00+00:00\",\"dateModified\":\"2026-01-15T18:23:39+00:00\",\"mainEntityOfPage\":{\"@id\":\"https:\/\/dicodusport.fr\/blog\/les-bleus-du-telemark-cartonnent-laly-chaucheprat-et-theo-sillon-triomphent-sur-le-deuxieme-sprint-de-carezza\/\"},\"wordCount\":683,\"commentCount\":0,\"publisher\":{\"@id\":\"https:\/\/dicodusport.fr\/blog\/#organization\"},\"image\":{\"@id\":\"https:\/\/dicodusport.fr\/blog\/les-bleus-du-telemark-cartonnent-laly-chaucheprat-et-theo-sillon-triomphent-sur-le-deuxieme-sprint-de-carezza\/#primaryimage\"},\"thumbnailUrl\":\"https:\/\/dicodusport.fr\/blog\/wp-content\/uploads\/2026\/01\/Les-Bleus-du-telemark-cartonnent-Laly-Chaucheprat-et-Theo-Sillon-triomphent-sur-le-deuxieme-sprint-de-Carezza.png\",\"keywords\":[\"br\u00e8ve\",\"Coupe du monde de t\u00e9l\u00e9mark\",\"T\u00e9l\u00e9mark\"],\"articleSection\":[\"T\u00e9l\u00e9mark\"],\"inLanguage\":\"fr-FR\",\"potentialAction\":[{\"@type\":\"CommentAction\",\"name\":\"Comment\",\"target\":[\"https:\/\/dicodusport.fr\/blog\/les-bleus-du-telemark-cartonnent-laly-chaucheprat-et-theo-sillon-triomphent-sur-le-deuxieme-sprint-de-carezza\/#respond\"]}],\"copyrightYear\":\"2026\",\"copyrightHolder\":{\"@id\":\"https:\/\/dicodusport.fr\/blog\/#organization\"}},{\"@type\":\"WebPage\",\"@id\":\"https:\/\/dicodusport.fr\/blog\/les-bleus-du-telemark-cartonnent-laly-chaucheprat-et-theo-sillon-triomphent-sur-le-deuxieme-sprint-de-carezza\/\",\"url\":\"https:\/\/dicodusport.fr\/blog\/les-bleus-du-telemark-cartonnent-laly-chaucheprat-et-theo-sillon-triomphent-sur-le-deuxieme-sprint-de-carezza\/\",\"name\":\"Les Bleus du t\u00e9l\u00e9mark cartonnent : Laly Chaucheprat et Th\u00e9o Sillon triomphent sur le deuxi\u00e8me sprint de Carezza\",\"isPartOf\":{\"@id\":\"https:\/\/dicodusport.fr\/blog\/#website\"},\"primaryImageOfPage\":{\"@id\":\"https:\/\/dicodusport.fr\/blog\/les-bleus-du-telemark-cartonnent-laly-chaucheprat-et-theo-sillon-triomphent-sur-le-deuxieme-sprint-de-carezza\/#primaryimage\"},\"image\":{\"@id\":\"https:\/\/dicodusport.fr\/blog\/les-bleus-du-telemark-cartonnent-laly-chaucheprat-et-theo-sillon-triomphent-sur-le-deuxieme-sprint-de-carezza\/#primaryimage\"},\"thumbnailUrl\":\"https:\/\/dicodusport.fr\/blog\/wp-content\/uploads\/2026\/01\/Les-Bleus-du-telemark-cartonnent-Laly-Chaucheprat-et-Theo-Sillon-triomphent-sur-le-deuxieme-sprint-de-Carezza.png\",\"datePublished\":\"2026-01-15T15:34:00+00:00\",\"dateModified\":\"2026-01-15T18:23:39+00:00\",\"description\":\"COUPE DU MONDE DE T\u00c9L\u00c9MARK 2025\/2026 - Laly Chaucheprat et Th\u00e9o Sillon se sont impos\u00e9s sur le deuxi\u00e8me sprint de Carezza. Yoann Rostolan ajoute une 2\u00e8me place au bilan tricolore.\",\"breadcrumb\":{\"@id\":\"https:\/\/dicodusport.fr\/blog\/les-bleus-du-telemark-cartonnent-laly-chaucheprat-et-theo-sillon-triomphent-sur-le-deuxieme-sprint-de-carezza\/#breadcrumb\"},\"inLanguage\":\"fr-FR\",\"potentialAction\":[{\"@type\":\"ReadAction\",\"target\":[\"https:\/\/dicodusport.fr\/blog\/les-bleus-du-telemark-cartonnent-laly-chaucheprat-et-theo-sillon-triomphent-sur-le-deuxieme-sprint-de-carezza\/\"]}]},{\"@type\":\"ImageObject\",\"inLanguage\":\"fr-FR\",\"@id\":\"https:\/\/dicodusport.fr\/blog\/les-bleus-du-telemark-cartonnent-laly-chaucheprat-et-theo-sillon-triomphent-sur-le-deuxieme-sprint-de-carezza\/#primaryimage\",\"url\":\"https:\/\/dicodusport.fr\/blog\/wp-content\/uploads\/2026\/01\/Les-Bleus-du-telemark-cartonnent-Laly-Chaucheprat-et-Theo-Sillon-triomphent-sur-le-deuxieme-sprint-de-Carezza.png\",\"contentUrl\":\"https:\/\/dicodusport.fr\/blog\/wp-content\/uploads\/2026\/01\/Les-Bleus-du-telemark-cartonnent-Laly-Chaucheprat-et-Theo-Sillon-triomphent-sur-le-deuxieme-sprint-de-Carezza.png\",\"width\":1200,\"height\":674,\"caption\":\"Les Bleus du t\u00e9l\u00e9mark cartonnent : Laly Chaucheprat et Th\u00e9o Sillon triomphent sur le deuxi\u00e8me sprint de Carezza\"},{\"@type\":\"BreadcrumbList\",\"@id\":\"https:\/\/dicodusport.fr\/blog\/les-bleus-du-telemark-cartonnent-laly-chaucheprat-et-theo-sillon-triomphent-sur-le-deuxieme-sprint-de-carezza\/#breadcrumb\",\"itemListElement\":[{\"@type\":\"ListItem\",\"position\":1,\"name\":\"Accueil\",\"item\":\"https:\/\/dicodusport.fr\/blog\/\"},{\"@type\":\"ListItem\",\"position\":2,\"name\":\"Les Bleus du t\u00e9l\u00e9mark cartonnent : Laly Chaucheprat et Th\u00e9o Sillon triomphent sur le deuxi\u00e8me sprint de Carezza\"}]},{\"@type\":\"WebSite\",\"@id\":\"https:\/\/dicodusport.fr\/blog\/#website\",\"url\":\"https:\/\/dicodusport.fr\/blog\/\",\"name\":\"Dicodusport\",\"description\":\"L&#039;encyclop\u00e9die de l&#039;actualit\u00e9 sportive\",\"publisher\":{\"@id\":\"https:\/\/dicodusport.fr\/blog\/#organization\"},\"potentialAction\":[{\"@type\":\"SearchAction\",\"target\":{\"@type\":\"EntryPoint\",\"urlTemplate\":\"https:\/\/dicodusport.fr\/blog\/?s={search_term_string}\"},\"query-input\":{\"@type\":\"PropertyValueSpecification\",\"valueRequired\":true,\"valueName\":\"search_term_string\"}}],\"inLanguage\":\"fr-FR\"},{\"@type\":\"NewsMediaOrganization\",\"@id\":\"https:\/\/dicodusport.fr\/blog\/#organization\",\"name\":\"Dicodusport\",\"url\":\"https:\/\/dicodusport.fr\/blog\/\",\"logo\":{\"@type\":\"ImageObject\",\"inLanguage\":\"fr-FR\",\"@id\":\"https:\/\/dicodusport.fr\/blog\/#\/schema\/logo\/image\/\",\"url\":\"https:\/\/dicodusport.fr\/blog\/wp-content\/uploads\/2020\/06\/cropped-LOGO-DICODUSPORT-2020-SANS-FOND-SANS-TEXTE.png\",\"contentUrl\":\"https:\/\/dicodusport.fr\/blog\/wp-content\/uploads\/2020\/06\/cropped-LOGO-DICODUSPORT-2020-SANS-FOND-SANS-TEXTE.png\",\"width\":512,\"height\":512,\"caption\":\"Dicodusport\"},\"image\":{\"@id\":\"https:\/\/dicodusport.fr\/blog\/#\/schema\/logo\/image\/\"},\"sameAs\":[\"https:\/\/www.facebook.com\/dicodusport\",\"https:\/\/x.com\/dicodusport\",\"https:\/\/www.instagram.com\/dicodusport\/\",\"https:\/\/www.youtube.com\/channel\/UC7V2KZ5sd3htJivAbA4ZG3w\"],\"description\":\"Dicodusport est l'encyclop\u00e9die de l'actualit\u00e9 sportive.\",\"email\":\"bonjour@dicodusport.fr\",\"legalName\":\"DICODUSPORT\",\"foundingDate\":\"2018-01-14\",\"vatID\":\"FR71834470973\",\"taxID\":\"83447097300043\",\"numberOfEmployees\":{\"@type\":\"QuantitativeValue\",\"minValue\":\"1\",\"maxValue\":\"10\"}},{\"@type\":\"Person\",\"@id\":\"https:\/\/dicodusport.fr\/blog\/#\/schema\/person\/37def232098a7a5cbab3974a3690abb0\",\"name\":\"Maxime Cazenave\",\"image\":{\"@type\":\"ImageObject\",\"inLanguage\":\"fr-FR\",\"@id\":\"https:\/\/dicodusport.fr\/blog\/#\/schema\/person\/image\/\",\"url\":\"https:\/\/dicodusport.fr\/blog\/wp-content\/uploads\/2021\/05\/Maxime-Cazenave-150x150.jpg\",\"contentUrl\":\"https:\/\/dicodusport.fr\/blog\/wp-content\/uploads\/2021\/05\/Maxime-Cazenave-150x150.jpg\",\"caption\":\"Maxime Cazenave\"},\"description\":\"Journaliste\/R\u00e9dacteur depuis 2012 - Berc\u00e9 par l\u2019amour des Girondins de Bordeaux, les \u00e9checs de Christophe Moreau sur le Tour de France sous l'\u00e8re Lance Armstrong et le fade-away l\u00e9tal de Dirk Nowitzki, ma passion d\u00e9vorante pour le sport a toujours \u00e9t\u00e9 un pan incontournable de ma vie. Transmettre ma passion \u00e0 l\u2019\u00e9crit a \u00e9t\u00e9 une transition naturelle. Suiveur assidu de basket et de hockey sur glace, je garde toujours un peu de place pour suivre le cyclisme, le football et le maximum de performances fran\u00e7aises.\",\"sameAs\":[\"https:\/\/x.com\/https:\/\/twitter.com\/Maxime_Caze\"],\"url\":\"https:\/\/dicodusport.fr\/blog\/author\/maximec\/\"}]}<\/script>\n<!-- \/ Yoast SEO Premium plugin. -->","yoast_head_json":{"title":"Les Bleus du t\u00e9l\u00e9mark cartonnent : Laly Chaucheprat et Th\u00e9o Sillon triomphent sur le deuxi\u00e8me sprint de Carezza","description":"COUPE DU MONDE DE T\u00c9L\u00c9MARK 2025\/2026 - Laly Chaucheprat et Th\u00e9o Sillon se sont impos\u00e9s sur le deuxi\u00e8me sprint de Carezza. Yoann Rostolan ajoute une 2\u00e8me place au bilan tricolore.","robots":{"index":"index","follow":"follow","max-snippet":"max-snippet:-1","max-image-preview":"max-image-preview:large","max-video-preview":"max-video-preview:-1"},"canonical":"https:\/\/dicodusport.fr\/blog\/les-bleus-du-telemark-cartonnent-laly-chaucheprat-et-theo-sillon-triomphent-sur-le-deuxieme-sprint-de-carezza\/","og_locale":"fr_FR","og_type":"article","og_title":"Les Bleus du t\u00e9l\u00e9mark cartonnent : Laly Chaucheprat et Th\u00e9o Sillon triomphent sur le deuxi\u00e8me sprint de Carezza","og_description":"COUPE DU MONDE DE T\u00c9L\u00c9MARK 2025\/2026 - Laly Chaucheprat et Th\u00e9o Sillon se sont impos\u00e9s sur le deuxi\u00e8me sprint de Carezza. Yoann Rostolan ajoute une 2\u00e8me place au bilan tricolore.","og_url":"https:\/\/dicodusport.fr\/blog\/les-bleus-du-telemark-cartonnent-laly-chaucheprat-et-theo-sillon-triomphent-sur-le-deuxieme-sprint-de-carezza\/","og_site_name":"Dicodusport","article_publisher":"https:\/\/www.facebook.com\/dicodusport","article_published_time":"2026-01-15T15:34:00+00:00","article_modified_time":"2026-01-15T18:23:39+00:00","og_image":[{"width":1200,"height":674,"url":"https:\/\/dicodusport.fr\/blog\/wp-content\/uploads\/2026\/01\/Les-Bleus-du-telemark-cartonnent-Laly-Chaucheprat-et-Theo-Sillon-triomphent-sur-le-deuxieme-sprint-de-Carezza.png","type":"image\/png"}],"author":"Maxime Cazenave","twitter_card":"summary_large_image","twitter_title":"Les Bleus du t\u00e9l\u00e9mark cartonnent : Laly Chaucheprat et Th\u00e9o Sillon triomphent sur le deuxi\u00e8me sprint de Carezza","twitter_creator":"@https:\/\/twitter.com\/Maxime_Caze","twitter_site":"@dicodusport","schema":{"@context":"https:\/\/schema.org","@graph":[{"@type":"NewsArticle","@id":"https:\/\/dicodusport.fr\/blog\/les-bleus-du-telemark-cartonnent-laly-chaucheprat-et-theo-sillon-triomphent-sur-le-deuxieme-sprint-de-carezza\/#article","isPartOf":{"@id":"https:\/\/dicodusport.fr\/blog\/les-bleus-du-telemark-cartonnent-laly-chaucheprat-et-theo-sillon-triomphent-sur-le-deuxieme-sprint-de-carezza\/"},"author":{"name":"Maxime Cazenave","@id":"https:\/\/dicodusport.fr\/blog\/#\/schema\/person\/37def232098a7a5cbab3974a3690abb0"},"headline":"Les Bleus du t\u00e9l\u00e9mark cartonnent : Laly Chaucheprat et Th\u00e9o Sillon triomphent sur le deuxi\u00e8me sprint de Carezza","datePublished":"2026-01-15T15:34:00+00:00","dateModified":"2026-01-15T18:23:39+00:00","mainEntityOfPage":{"@id":"https:\/\/dicodusport.fr\/blog\/les-bleus-du-telemark-cartonnent-laly-chaucheprat-et-theo-sillon-triomphent-sur-le-deuxieme-sprint-de-carezza\/"},"wordCount":683,"commentCount":0,"publisher":{"@id":"https:\/\/dicodusport.fr\/blog\/#organization"},"image":{"@id":"https:\/\/dicodusport.fr\/blog\/les-bleus-du-telemark-cartonnent-laly-chaucheprat-et-theo-sillon-triomphent-sur-le-deuxieme-sprint-de-carezza\/#primaryimage"},"thumbnailUrl":"https:\/\/dicodusport.fr\/blog\/wp-content\/uploads\/2026\/01\/Les-Bleus-du-telemark-cartonnent-Laly-Chaucheprat-et-Theo-Sillon-triomphent-sur-le-deuxieme-sprint-de-Carezza.png","keywords":["br\u00e8ve","Coupe du monde de t\u00e9l\u00e9mark","T\u00e9l\u00e9mark"],"articleSection":["T\u00e9l\u00e9mark"],"inLanguage":"fr-FR","potentialAction":[{"@type":"CommentAction","name":"Comment","target":["https:\/\/dicodusport.fr\/blog\/les-bleus-du-telemark-cartonnent-laly-chaucheprat-et-theo-sillon-triomphent-sur-le-deuxieme-sprint-de-carezza\/#respond"]}],"copyrightYear":"2026","copyrightHolder":{"@id":"https:\/\/dicodusport.fr\/blog\/#organization"}},{"@type":"WebPage","@id":"https:\/\/dicodusport.fr\/blog\/les-bleus-du-telemark-cartonnent-laly-chaucheprat-et-theo-sillon-triomphent-sur-le-deuxieme-sprint-de-carezza\/","url":"https:\/\/dicodusport.fr\/blog\/les-bleus-du-telemark-cartonnent-laly-chaucheprat-et-theo-sillon-triomphent-sur-le-deuxieme-sprint-de-carezza\/","name":"Les Bleus du t\u00e9l\u00e9mark cartonnent : Laly Chaucheprat et Th\u00e9o Sillon triomphent sur le deuxi\u00e8me sprint de Carezza","isPartOf":{"@id":"https:\/\/dicodusport.fr\/blog\/#website"},"primaryImageOfPage":{"@id":"https:\/\/dicodusport.fr\/blog\/les-bleus-du-telemark-cartonnent-laly-chaucheprat-et-theo-sillon-triomphent-sur-le-deuxieme-sprint-de-carezza\/#primaryimage"},"image":{"@id":"https:\/\/dicodusport.fr\/blog\/les-bleus-du-telemark-cartonnent-laly-chaucheprat-et-theo-sillon-triomphent-sur-le-deuxieme-sprint-de-carezza\/#primaryimage"},"thumbnailUrl":"https:\/\/dicodusport.fr\/blog\/wp-content\/uploads\/2026\/01\/Les-Bleus-du-telemark-cartonnent-Laly-Chaucheprat-et-Theo-Sillon-triomphent-sur-le-deuxieme-sprint-de-Carezza.png","datePublished":"2026-01-15T15:34:00+00:00","dateModified":"2026-01-15T18:23:39+00:00","description":"COUPE DU MONDE DE T\u00c9L\u00c9MARK 2025\/2026 - Laly Chaucheprat et Th\u00e9o Sillon se sont impos\u00e9s sur le deuxi\u00e8me sprint de Carezza. Yoann Rostolan ajoute une 2\u00e8me place au bilan tricolore.","breadcrumb":{"@id":"https:\/\/dicodusport.fr\/blog\/les-bleus-du-telemark-cartonnent-laly-chaucheprat-et-theo-sillon-triomphent-sur-le-deuxieme-sprint-de-carezza\/#breadcrumb"},"inLanguage":"fr-FR","potentialAction":[{"@type":"ReadAction","target":["https:\/\/dicodusport.fr\/blog\/les-bleus-du-telemark-cartonnent-laly-chaucheprat-et-theo-sillon-triomphent-sur-le-deuxieme-sprint-de-carezza\/"]}]},{"@type":"ImageObject","inLanguage":"fr-FR","@id":"https:\/\/dicodusport.fr\/blog\/les-bleus-du-telemark-cartonnent-laly-chaucheprat-et-theo-sillon-triomphent-sur-le-deuxieme-sprint-de-carezza\/#primaryimage","url":"https:\/\/dicodusport.fr\/blog\/wp-content\/uploads\/2026\/01\/Les-Bleus-du-telemark-cartonnent-Laly-Chaucheprat-et-Theo-Sillon-triomphent-sur-le-deuxieme-sprint-de-Carezza.png","contentUrl":"https:\/\/dicodusport.fr\/blog\/wp-content\/uploads\/2026\/01\/Les-Bleus-du-telemark-cartonnent-Laly-Chaucheprat-et-Theo-Sillon-triomphent-sur-le-deuxieme-sprint-de-Carezza.png","width":1200,"height":674,"caption":"Les Bleus du t\u00e9l\u00e9mark cartonnent : Laly Chaucheprat et Th\u00e9o Sillon triomphent sur le deuxi\u00e8me sprint de Carezza"},{"@type":"BreadcrumbList","@id":"https:\/\/dicodusport.fr\/blog\/les-bleus-du-telemark-cartonnent-laly-chaucheprat-et-theo-sillon-triomphent-sur-le-deuxieme-sprint-de-carezza\/#breadcrumb","itemListElement":[{"@type":"ListItem","position":1,"name":"Accueil","item":"https:\/\/dicodusport.fr\/blog\/"},{"@type":"ListItem","position":2,"name":"Les Bleus du t\u00e9l\u00e9mark cartonnent : Laly Chaucheprat et Th\u00e9o Sillon triomphent sur le deuxi\u00e8me sprint de Carezza"}]},{"@type":"WebSite","@id":"https:\/\/dicodusport.fr\/blog\/#website","url":"https:\/\/dicodusport.fr\/blog\/","name":"Dicodusport","description":"L&#039;encyclop\u00e9die de l&#039;actualit\u00e9 sportive","publisher":{"@id":"https:\/\/dicodusport.fr\/blog\/#organization"},"potentialAction":[{"@type":"SearchAction","target":{"@type":"EntryPoint","urlTemplate":"https:\/\/dicodusport.fr\/blog\/?s={search_term_string}"},"query-input":{"@type":"PropertyValueSpecification","valueRequired":true,"valueName":"search_term_string"}}],"inLanguage":"fr-FR"},{"@type":"NewsMediaOrganization","@id":"https:\/\/dicodusport.fr\/blog\/#organization","name":"Dicodusport","url":"https:\/\/dicodusport.fr\/blog\/","logo":{"@type":"ImageObject","inLanguage":"fr-FR","@id":"https:\/\/dicodusport.fr\/blog\/#\/schema\/logo\/image\/","url":"https:\/\/dicodusport.fr\/blog\/wp-content\/uploads\/2020\/06\/cropped-LOGO-DICODUSPORT-2020-SANS-FOND-SANS-TEXTE.png","contentUrl":"https:\/\/dicodusport.fr\/blog\/wp-content\/uploads\/2020\/06\/cropped-LOGO-DICODUSPORT-2020-SANS-FOND-SANS-TEXTE.png","width":512,"height":512,"caption":"Dicodusport"},"image":{"@id":"https:\/\/dicodusport.fr\/blog\/#\/schema\/logo\/image\/"},"sameAs":["https:\/\/www.facebook.com\/dicodusport","https:\/\/x.com\/dicodusport","https:\/\/www.instagram.com\/dicodusport\/","https:\/\/www.youtube.com\/channel\/UC7V2KZ5sd3htJivAbA4ZG3w"],"description":"Dicodusport est l'encyclop\u00e9die de l'actualit\u00e9 sportive.","email":"bonjour@dicodusport.fr","legalName":"DICODUSPORT","foundingDate":"2018-01-14","vatID":"FR71834470973","taxID":"83447097300043","numberOfEmployees":{"@type":"QuantitativeValue","minValue":"1","maxValue":"10"}},{"@type":"Person","@id":"https:\/\/dicodusport.fr\/blog\/#\/schema\/person\/37def232098a7a5cbab3974a3690abb0","name":"Maxime Cazenave","image":{"@type":"ImageObject","inLanguage":"fr-FR","@id":"https:\/\/dicodusport.fr\/blog\/#\/schema\/person\/image\/","url":"https:\/\/dicodusport.fr\/blog\/wp-content\/uploads\/2021\/05\/Maxime-Cazenave-150x150.jpg","contentUrl":"https:\/\/dicodusport.fr\/blog\/wp-content\/uploads\/2021\/05\/Maxime-Cazenave-150x150.jpg","caption":"Maxime Cazenave"},"description":"Journaliste\/R\u00e9dacteur depuis 2012 - Berc\u00e9 par l\u2019amour des Girondins de Bordeaux, les \u00e9checs de Christophe Moreau sur le Tour de France sous l'\u00e8re Lance Armstrong et le fade-away l\u00e9tal de Dirk Nowitzki, ma passion d\u00e9vorante pour le sport a toujours \u00e9t\u00e9 un pan incontournable de ma vie. Transmettre ma passion \u00e0 l\u2019\u00e9crit a \u00e9t\u00e9 une transition naturelle. Suiveur assidu de basket et de hockey sur glace, je garde toujours un peu de place pour suivre le cyclisme, le football et le maximum de performances fran\u00e7aises.","sameAs":["https:\/\/x.com\/https:\/\/twitter.com\/Maxime_Caze"],"url":"https:\/\/dicodusport.fr\/blog\/author\/maximec\/"}]}},"_links":{"self":[{"href":"https:\/\/dicodusport.fr\/blog\/wp-json\/wp\/v2\/posts\/638529","targetHints":{"allow":["GET"]}}],"collection":[{"href":"https:\/\/dicodusport.fr\/blog\/wp-json\/wp\/v2\/posts"}],"about":[{"href":"https:\/\/dicodusport.fr\/blog\/wp-json\/wp\/v2\/types\/post"}],"author":[{"embeddable":true,"href":"https:\/\/dicodusport.fr\/blog\/wp-json\/wp\/v2\/users\/55"}],"replies":[{"embeddable":true,"href":"https:\/\/dicodusport.fr\/blog\/wp-json\/wp\/v2\/comments?post=638529"}],"version-history":[{"count":4,"href":"https:\/\/dicodusport.fr\/blog\/wp-json\/wp\/v2\/posts\/638529\/revisions"}],"predecessor-version":[{"id":638575,"href":"https:\/\/dicodusport.fr\/blog\/wp-json\/wp\/v2\/posts\/638529\/revisions\/638575"}],"wp:featuredmedia":[{"embeddable":true,"href":"https:\/\/dicodusport.fr\/blog\/wp-json\/wp\/v2\/media\/638539"}],"wp:attachment":[{"href":"https:\/\/dicodusport.fr\/blog\/wp-json\/wp\/v2\/media?parent=638529"}],"wp:term":[{"taxonomy":"category","embeddable":true,"href":"https:\/\/dicodusport.fr\/blog\/wp-json\/wp\/v2\/categories?post=638529"},{"taxonomy":"post_tag","embeddable":true,"href":"https:\/\/dicodusport.fr\/blog\/wp-json\/wp\/v2\/tags?post=638529"}],"curies":[{"name":"wp","href":"https:\/\/api.w.org\/{rel}","templated":true}]}}