{"id":63859,"date":"2020-03-25T18:49:58","date_gmt":"2020-03-25T17:49:58","guid":{"rendered":"http:\/\/dicodusport.fr\/blog\/?p=63859&#038;preview=true&#038;preview_id=63859"},"modified":"2020-05-15T19:03:17","modified_gmt":"2020-05-15T17:03:17","slug":"vtt-coupe-du-monde-calendriers-descente-cross-country-chamboules","status":"publish","type":"post","link":"https:\/\/dicodusport.fr\/blog\/vtt-coupe-du-monde-calendriers-descente-cross-country-chamboules\/","title":{"rendered":"Coupe du monde : les calendriers de descente et cross-country chamboul\u00e9s"},"content":{"rendered":"<p style=\"text-align: justify;\"><strong><em>VTT &#8211; Ce mardi, l&rsquo;UCI a annonc\u00e9 de nouvelles annulations dans le calendrier de la Coupe du monde. La descente est notamment grandement impact\u00e9e.<\/em><\/strong><\/p>\n<p style=\"text-align: justify;\">La descente est pour le moment la discipline la plus touch\u00e9e par les reports et les annulations. Si le report des deux premi\u00e8res manches \u00e0 <strong>Lous\u00e3 (Portugal, 21 et 22 mars)<\/strong> et <strong>Maribor (Slov\u00e9nie, 2 et 3 mai)<\/strong> \u00e0 des dates ind\u00e9termin\u00e9es, ainsi que l&rsquo;annulation de la deuxi\u00e8me \u00e9tape \u00e0 <strong>Losinj (Croatie, 9 et 10 mai)<\/strong> \u00e9taient d\u00e9j\u00e0 ent\u00e9rin\u00e9s, la quatri\u00e8me manche pr\u00e9vue \u00e0 <strong>Fort-William (\u00c9cosse, 6 et 7 juin)<\/strong> a \u00e9galement \u00e9t\u00e9 supprim\u00e9e, \u00e0 la demande des organisateurs.<\/p>\n<p style=\"text-align: justify;\">Au mieux, la saison de Coupe du monde de descente d\u00e9butera le week-end du 20 juin, \u00e0 <strong>Vallnord (Andorre)<\/strong>. Le calendrier ne comporte plus que quatre manches, \u00e0 l&rsquo;heure actuelle.<\/p>\n<h2 style=\"text-align: justify;\">Le cross-country \u00e9galement impact\u00e9<\/h2>\n<p style=\"text-align: justify;\">Jusqu&rsquo;ici \u00e9pargn\u00e9 par les modifications de calendrier, le cross-country a \u00e9t\u00e9 rattrap\u00e9 par les foudres du coronavirus. La premi\u00e8re manche pr\u00e9vue en R\u00e9publique Tch\u00e8que, <strong>Nove Mesto (22-24 mai)<\/strong> a \u00e9t\u00e9 report\u00e9e. Une \u00e9tape qui pourrait \u00eatre report\u00e9e fin juillet, suite au <a href=\"https:\/\/dicodusport.fr\/blog\/jeux-olympiques-tokyo-reportes\/\" target=\"_blank\" rel=\"noopener noreferrer\"><strong>report des Jeux Olympiques de Tokyo<\/strong><\/a>. Pour le moment, le reste du calendrier est maintenu, tout comme les <strong>Championnats du monde Albstadt (Allemagne), du 26 au 28 juin<\/strong>.<\/p>\n<ul>\n<li style=\"text-align: justify;\"><a href=\"https:\/\/www.redbull.com\/fr-fr\/vtt-coupe-monde-2020-dates\" target=\"_blank\" rel=\"noopener noreferrer\"><strong>Le calendrier de la Coupe du monde de VTT 2020<\/strong><\/a><\/li>\n<\/ul>\n<blockquote class=\"twitter-tweet\">\n<p dir=\"ltr\" lang=\"en\">&#x1f6a8;Latest <a href=\"https:\/\/twitter.com\/hashtag\/MBWorldCup?src=hash&amp;ref_src=twsrc%5Etfw\">#MBWorldCup<\/a> update in relation to <a href=\"https:\/\/twitter.com\/hashtag\/COVID19?src=hash&amp;ref_src=twsrc%5Etfw\">#COVID19<\/a><\/p>\n<p>&#x1f449;Round 4 in Nove Mesto &#x1f1e8;&#x1f1ff; (May 22-24) is postponed. New date TBC<br \/>\n&#x1f449;Round 5 in Fort William &#x1f1ec;&#x1f1e7; (June 6-7) has been cancelled.<\/p>\n<p>More info can be found here <a href=\"https:\/\/t.co\/VtwsGrBikl\">https:\/\/t.co\/VtwsGrBikl<\/a> <a href=\"https:\/\/t.co\/JA5Z8ss9ae\">pic.twitter.com\/JA5Z8ss9ae<\/a><\/p>\n<p>\u2014 UCI MTB (@UCI_MTB) <a href=\"https:\/\/twitter.com\/UCI_MTB\/status\/1242393732953104384?ref_src=twsrc%5Etfw\">March 24, 2020<\/a><\/p><\/blockquote>\n<p><script async src=\"https:\/\/platform.twitter.com\/widgets.js\" charset=\"utf-8\"><\/script><\/p>\n<p><strong><em>Dicodusport<br \/>\n<a href=\"https:\/\/www.facebook.com\/dicodusport\/\" target=\"_blank\" rel=\"noopener noreferrer\"><img loading=\"lazy\" decoding=\"async\" class=\"alignnone wp-image-2909\" src=\"http:\/\/dicodusport.fr\/blog\/wp-content\/uploads\/2017\/07\/logo-facebook-150x150.png\" alt=\"\" width=\"40\" height=\"40\" \/><\/a><a href=\"https:\/\/twitter.com\/dicodusport\" target=\"_blank\" rel=\"noopener noreferrer\"><img loading=\"lazy\" decoding=\"async\" class=\"alignnone wp-image-2908\" src=\"http:\/\/dicodusport.fr\/blog\/wp-content\/uploads\/2017\/07\/logo-twitter-150x150.png\" alt=\"\" width=\"39\" height=\"39\" \/><\/a><\/em><\/strong><\/p>\n","protected":false},"excerpt":{"rendered":"<p>VTT &#8211; Ce mardi, l&rsquo;UCI a annonc\u00e9 de nouvelles annulations dans le calendrier de la Coupe du monde. La descente est notamment grandement impact\u00e9e.<\/p>\n","protected":false},"author":4,"featured_media":63870,"comment_status":"open","ping_status":"closed","sticky":false,"template":"","format":"standard","meta":{"_acf_changed":false,"_daextam_enable_autolinks":"","footnotes":""},"categories":[10646,10279],"tags":[1530,1710,7161,692],"class_list":["post-63859","post","type-post","status-publish","format-standard","has-post-thumbnail","hentry","category-coronavirus","category-vtt","tag-coupe-du-monde","tag-cross-country","tag-descente","tag-vtt"],"acf":[],"yoast_head":"<!-- This site is optimized with the Yoast SEO Premium plugin v26.7 (Yoast SEO v26.7) - https:\/\/yoast.com\/wordpress\/plugins\/seo\/ -->\n<title>Coupe du monde : les calendriers de descente et cross-country chamboul\u00e9s<\/title>\n<meta name=\"description\" content=\"VTT - Ce mardi, l&#039;UCI a annonc\u00e9 de nouvelles annulations dans le calendrier de la Coupe du monde. La descente est notamment grandement impact\u00e9e.\" \/>\n<meta name=\"robots\" content=\"index, follow, max-snippet:-1, max-image-preview:large, max-video-preview:-1\" \/>\n<link rel=\"canonical\" href=\"https:\/\/dicodusport.fr\/blog\/vtt-coupe-du-monde-calendriers-descente-cross-country-chamboules\/\" \/>\n<meta property=\"og:locale\" content=\"fr_FR\" \/>\n<meta property=\"og:type\" content=\"article\" \/>\n<meta property=\"og:title\" content=\"VTT - Coupe du monde : les calendriers de descente et cross-country chamboul\u00e9s\" \/>\n<meta property=\"og:description\" content=\"VTT - Ce mardi, l&#039;UCI a annonc\u00e9 de nouvelles annulations dans le calendrier de la Coupe du monde. La descente est notamment grandement impact\u00e9e.\" \/>\n<meta property=\"og:url\" content=\"https:\/\/dicodusport.fr\/blog\/vtt-coupe-du-monde-calendriers-descente-cross-country-chamboules\/\" \/>\n<meta property=\"og:site_name\" content=\"Dicodusport\" \/>\n<meta property=\"article:publisher\" content=\"https:\/\/www.facebook.com\/dicodusport\" \/>\n<meta property=\"article:author\" content=\"https:\/\/www.facebook.com\/florent.ostermann\" \/>\n<meta property=\"article:published_time\" content=\"2020-03-25T17:49:58+00:00\" \/>\n<meta property=\"article:modified_time\" content=\"2020-05-15T17:03:17+00:00\" \/>\n<meta property=\"og:image\" content=\"https:\/\/dicodusport.fr\/blog\/wp-content\/uploads\/2020\/03\/VTT-Coupe-du-monde-Les-calendriers-de-descente-et-cross-country-chamboul\u00e9s.png\" \/>\n\t<meta property=\"og:image:width\" content=\"800\" \/>\n\t<meta property=\"og:image:height\" content=\"445\" \/>\n\t<meta property=\"og:image:type\" content=\"image\/png\" \/>\n<meta name=\"author\" content=\"Flo Ostermann\" \/>\n<meta name=\"twitter:card\" content=\"summary_large_image\" \/>\n<meta name=\"twitter:title\" content=\"VTT - Coupe du monde : les calendriers de descente et cross-country chamboul\u00e9s\" \/>\n<meta name=\"twitter:creator\" content=\"@https:\/\/twitter.com\/FlOstermann\" \/>\n<meta name=\"twitter:site\" content=\"@dicodusport\" \/>\n<script type=\"application\/ld+json\" class=\"yoast-schema-graph\">{\"@context\":\"https:\/\/schema.org\",\"@graph\":[{\"@type\":\"NewsArticle\",\"@id\":\"https:\/\/dicodusport.fr\/blog\/vtt-coupe-du-monde-calendriers-descente-cross-country-chamboules\/#article\",\"isPartOf\":{\"@id\":\"https:\/\/dicodusport.fr\/blog\/vtt-coupe-du-monde-calendriers-descente-cross-country-chamboules\/\"},\"author\":{\"name\":\"Flo Ostermann\",\"@id\":\"https:\/\/dicodusport.fr\/blog\/#\/schema\/person\/cb02af4c173ce4a653b55e9baf388d4a\"},\"headline\":\"Coupe du monde : les calendriers de descente et cross-country chamboul\u00e9s\",\"datePublished\":\"2020-03-25T17:49:58+00:00\",\"dateModified\":\"2020-05-15T17:03:17+00:00\",\"mainEntityOfPage\":{\"@id\":\"https:\/\/dicodusport.fr\/blog\/vtt-coupe-du-monde-calendriers-descente-cross-country-chamboules\/\"},\"wordCount\":301,\"commentCount\":0,\"publisher\":{\"@id\":\"https:\/\/dicodusport.fr\/blog\/#organization\"},\"image\":{\"@id\":\"https:\/\/dicodusport.fr\/blog\/vtt-coupe-du-monde-calendriers-descente-cross-country-chamboules\/#primaryimage\"},\"thumbnailUrl\":\"https:\/\/dicodusport.fr\/blog\/wp-content\/uploads\/2020\/03\/VTT-Coupe-du-monde-Les-calendriers-de-descente-et-cross-country-chamboul\u00e9s.png\",\"keywords\":[\"Coupe du monde\",\"cross country\",\"Descente\",\"VTT\"],\"articleSection\":[\"Coronavirus\",\"VTT\"],\"inLanguage\":\"fr-FR\",\"potentialAction\":[{\"@type\":\"CommentAction\",\"name\":\"Comment\",\"target\":[\"https:\/\/dicodusport.fr\/blog\/vtt-coupe-du-monde-calendriers-descente-cross-country-chamboules\/#respond\"]}],\"copyrightYear\":\"2020\",\"copyrightHolder\":{\"@id\":\"https:\/\/dicodusport.fr\/blog\/#organization\"}},{\"@type\":\"WebPage\",\"@id\":\"https:\/\/dicodusport.fr\/blog\/vtt-coupe-du-monde-calendriers-descente-cross-country-chamboules\/\",\"url\":\"https:\/\/dicodusport.fr\/blog\/vtt-coupe-du-monde-calendriers-descente-cross-country-chamboules\/\",\"name\":\"Coupe du monde : les calendriers de descente et cross-country chamboul\u00e9s\",\"isPartOf\":{\"@id\":\"https:\/\/dicodusport.fr\/blog\/#website\"},\"primaryImageOfPage\":{\"@id\":\"https:\/\/dicodusport.fr\/blog\/vtt-coupe-du-monde-calendriers-descente-cross-country-chamboules\/#primaryimage\"},\"image\":{\"@id\":\"https:\/\/dicodusport.fr\/blog\/vtt-coupe-du-monde-calendriers-descente-cross-country-chamboules\/#primaryimage\"},\"thumbnailUrl\":\"https:\/\/dicodusport.fr\/blog\/wp-content\/uploads\/2020\/03\/VTT-Coupe-du-monde-Les-calendriers-de-descente-et-cross-country-chamboul\u00e9s.png\",\"datePublished\":\"2020-03-25T17:49:58+00:00\",\"dateModified\":\"2020-05-15T17:03:17+00:00\",\"description\":\"VTT - Ce mardi, l'UCI a annonc\u00e9 de nouvelles annulations dans le calendrier de la Coupe du monde. La descente est notamment grandement impact\u00e9e.\",\"breadcrumb\":{\"@id\":\"https:\/\/dicodusport.fr\/blog\/vtt-coupe-du-monde-calendriers-descente-cross-country-chamboules\/#breadcrumb\"},\"inLanguage\":\"fr-FR\",\"potentialAction\":[{\"@type\":\"ReadAction\",\"target\":[\"https:\/\/dicodusport.fr\/blog\/vtt-coupe-du-monde-calendriers-descente-cross-country-chamboules\/\"]}]},{\"@type\":\"ImageObject\",\"inLanguage\":\"fr-FR\",\"@id\":\"https:\/\/dicodusport.fr\/blog\/vtt-coupe-du-monde-calendriers-descente-cross-country-chamboules\/#primaryimage\",\"url\":\"https:\/\/dicodusport.fr\/blog\/wp-content\/uploads\/2020\/03\/VTT-Coupe-du-monde-Les-calendriers-de-descente-et-cross-country-chamboul\u00e9s.png\",\"contentUrl\":\"https:\/\/dicodusport.fr\/blog\/wp-content\/uploads\/2020\/03\/VTT-Coupe-du-monde-Les-calendriers-de-descente-et-cross-country-chamboul\u00e9s.png\",\"width\":800,\"height\":445,\"caption\":\"Coupe du monde : les calendriers de descente et cross-country chamboul\u00e9s\"},{\"@type\":\"BreadcrumbList\",\"@id\":\"https:\/\/dicodusport.fr\/blog\/vtt-coupe-du-monde-calendriers-descente-cross-country-chamboules\/#breadcrumb\",\"itemListElement\":[{\"@type\":\"ListItem\",\"position\":1,\"name\":\"Accueil\",\"item\":\"https:\/\/dicodusport.fr\/blog\/\"},{\"@type\":\"ListItem\",\"position\":2,\"name\":\"Coupe du monde : les calendriers de descente et cross-country chamboul\u00e9s\"}]},{\"@type\":\"WebSite\",\"@id\":\"https:\/\/dicodusport.fr\/blog\/#website\",\"url\":\"https:\/\/dicodusport.fr\/blog\/\",\"name\":\"Dicodusport\",\"description\":\"L&#039;encyclop\u00e9die de l&#039;actualit\u00e9 sportive\",\"publisher\":{\"@id\":\"https:\/\/dicodusport.fr\/blog\/#organization\"},\"potentialAction\":[{\"@type\":\"SearchAction\",\"target\":{\"@type\":\"EntryPoint\",\"urlTemplate\":\"https:\/\/dicodusport.fr\/blog\/?s={search_term_string}\"},\"query-input\":{\"@type\":\"PropertyValueSpecification\",\"valueRequired\":true,\"valueName\":\"search_term_string\"}}],\"inLanguage\":\"fr-FR\"},{\"@type\":\"NewsMediaOrganization\",\"@id\":\"https:\/\/dicodusport.fr\/blog\/#organization\",\"name\":\"Dicodusport\",\"url\":\"https:\/\/dicodusport.fr\/blog\/\",\"logo\":{\"@type\":\"ImageObject\",\"inLanguage\":\"fr-FR\",\"@id\":\"https:\/\/dicodusport.fr\/blog\/#\/schema\/logo\/image\/\",\"url\":\"https:\/\/dicodusport.fr\/blog\/wp-content\/uploads\/2020\/06\/cropped-LOGO-DICODUSPORT-2020-SANS-FOND-SANS-TEXTE.png\",\"contentUrl\":\"https:\/\/dicodusport.fr\/blog\/wp-content\/uploads\/2020\/06\/cropped-LOGO-DICODUSPORT-2020-SANS-FOND-SANS-TEXTE.png\",\"width\":512,\"height\":512,\"caption\":\"Dicodusport\"},\"image\":{\"@id\":\"https:\/\/dicodusport.fr\/blog\/#\/schema\/logo\/image\/\"},\"sameAs\":[\"https:\/\/www.facebook.com\/dicodusport\",\"https:\/\/x.com\/dicodusport\",\"https:\/\/www.instagram.com\/dicodusport\/\",\"https:\/\/www.youtube.com\/channel\/UC7V2KZ5sd3htJivAbA4ZG3w\"],\"description\":\"Dicodusport est l'encyclop\u00e9die de l'actualit\u00e9 sportive.\",\"email\":\"bonjour@dicodusport.fr\",\"legalName\":\"DICODUSPORT\",\"foundingDate\":\"2018-01-14\",\"vatID\":\"FR71834470973\",\"taxID\":\"83447097300043\",\"numberOfEmployees\":{\"@type\":\"QuantitativeValue\",\"minValue\":\"1\",\"maxValue\":\"10\"}},{\"@type\":\"Person\",\"@id\":\"https:\/\/dicodusport.fr\/blog\/#\/schema\/person\/cb02af4c173ce4a653b55e9baf388d4a\",\"name\":\"Flo Ostermann\",\"image\":{\"@type\":\"ImageObject\",\"inLanguage\":\"fr-FR\",\"@id\":\"https:\/\/dicodusport.fr\/blog\/#\/schema\/person\/image\/\",\"url\":\"https:\/\/dicodusport.fr\/blog\/wp-content\/uploads\/2021\/05\/Flo-Ostermann-150x150.jpg\",\"contentUrl\":\"https:\/\/dicodusport.fr\/blog\/wp-content\/uploads\/2021\/05\/Flo-Ostermann-150x150.jpg\",\"caption\":\"Flo Ostermann\"},\"description\":\"Journaliste\/R\u00e9dacteur depuis septembre 2015 - Mes premiers souvenirs dans le sport ? Les envol\u00e9es du Stade Toulousain et les duels Villeneuve-Schumacher et H\u00e4kkinen-Schumacher \u00e0 la fin des ann\u00e9es 90, la Coupe du monde de football en 1998, l\u2019exploit du XV de France face aux All Blacks en 1999, mais aussi Richard C\u0153ur de Lion qui vole sur les montagnes du Tour de France. Bien parti pour devenir professeur d\u2019EPS, les \u00e9v\u00e9nements de la vie (et la flemme d\u2019animer des s\u00e9ances de 3x500 m\u00e8tres toute ma vie) m\u2019ont conduit \u00e0 revoir mes plans. Me voil\u00e0 depuis fin 2017 sur Dicodusport, m\u00e9dia gr\u00e2ce (et pour) lequel je partage ma passion : le sport dans tous ses \u00e9tats. Le tout accompagn\u00e9 par les fous furieux et folles furieuses cit\u00e9s sur cette page !\",\"sameAs\":[\"https:\/\/www.facebook.com\/florent.ostermann\",\"https:\/\/x.com\/https:\/\/twitter.com\/FlOstermann\",\"admin\"],\"url\":\"https:\/\/dicodusport.fr\/blog\/author\/flo\/\"}]}<\/script>\n<!-- \/ Yoast SEO Premium plugin. -->","yoast_head_json":{"title":"Coupe du monde : les calendriers de descente et cross-country chamboul\u00e9s","description":"VTT - Ce mardi, l'UCI a annonc\u00e9 de nouvelles annulations dans le calendrier de la Coupe du monde. La descente est notamment grandement impact\u00e9e.","robots":{"index":"index","follow":"follow","max-snippet":"max-snippet:-1","max-image-preview":"max-image-preview:large","max-video-preview":"max-video-preview:-1"},"canonical":"https:\/\/dicodusport.fr\/blog\/vtt-coupe-du-monde-calendriers-descente-cross-country-chamboules\/","og_locale":"fr_FR","og_type":"article","og_title":"VTT - Coupe du monde : les calendriers de descente et cross-country chamboul\u00e9s","og_description":"VTT - Ce mardi, l'UCI a annonc\u00e9 de nouvelles annulations dans le calendrier de la Coupe du monde. La descente est notamment grandement impact\u00e9e.","og_url":"https:\/\/dicodusport.fr\/blog\/vtt-coupe-du-monde-calendriers-descente-cross-country-chamboules\/","og_site_name":"Dicodusport","article_publisher":"https:\/\/www.facebook.com\/dicodusport","article_author":"https:\/\/www.facebook.com\/florent.ostermann","article_published_time":"2020-03-25T17:49:58+00:00","article_modified_time":"2020-05-15T17:03:17+00:00","og_image":[{"width":800,"height":445,"url":"https:\/\/dicodusport.fr\/blog\/wp-content\/uploads\/2020\/03\/VTT-Coupe-du-monde-Les-calendriers-de-descente-et-cross-country-chamboul\u00e9s.png","type":"image\/png"}],"author":"Flo Ostermann","twitter_card":"summary_large_image","twitter_title":"VTT - Coupe du monde : les calendriers de descente et cross-country chamboul\u00e9s","twitter_creator":"@https:\/\/twitter.com\/FlOstermann","twitter_site":"@dicodusport","schema":{"@context":"https:\/\/schema.org","@graph":[{"@type":"NewsArticle","@id":"https:\/\/dicodusport.fr\/blog\/vtt-coupe-du-monde-calendriers-descente-cross-country-chamboules\/#article","isPartOf":{"@id":"https:\/\/dicodusport.fr\/blog\/vtt-coupe-du-monde-calendriers-descente-cross-country-chamboules\/"},"author":{"name":"Flo Ostermann","@id":"https:\/\/dicodusport.fr\/blog\/#\/schema\/person\/cb02af4c173ce4a653b55e9baf388d4a"},"headline":"Coupe du monde : les calendriers de descente et cross-country chamboul\u00e9s","datePublished":"2020-03-25T17:49:58+00:00","dateModified":"2020-05-15T17:03:17+00:00","mainEntityOfPage":{"@id":"https:\/\/dicodusport.fr\/blog\/vtt-coupe-du-monde-calendriers-descente-cross-country-chamboules\/"},"wordCount":301,"commentCount":0,"publisher":{"@id":"https:\/\/dicodusport.fr\/blog\/#organization"},"image":{"@id":"https:\/\/dicodusport.fr\/blog\/vtt-coupe-du-monde-calendriers-descente-cross-country-chamboules\/#primaryimage"},"thumbnailUrl":"https:\/\/dicodusport.fr\/blog\/wp-content\/uploads\/2020\/03\/VTT-Coupe-du-monde-Les-calendriers-de-descente-et-cross-country-chamboul\u00e9s.png","keywords":["Coupe du monde","cross country","Descente","VTT"],"articleSection":["Coronavirus","VTT"],"inLanguage":"fr-FR","potentialAction":[{"@type":"CommentAction","name":"Comment","target":["https:\/\/dicodusport.fr\/blog\/vtt-coupe-du-monde-calendriers-descente-cross-country-chamboules\/#respond"]}],"copyrightYear":"2020","copyrightHolder":{"@id":"https:\/\/dicodusport.fr\/blog\/#organization"}},{"@type":"WebPage","@id":"https:\/\/dicodusport.fr\/blog\/vtt-coupe-du-monde-calendriers-descente-cross-country-chamboules\/","url":"https:\/\/dicodusport.fr\/blog\/vtt-coupe-du-monde-calendriers-descente-cross-country-chamboules\/","name":"Coupe du monde : les calendriers de descente et cross-country chamboul\u00e9s","isPartOf":{"@id":"https:\/\/dicodusport.fr\/blog\/#website"},"primaryImageOfPage":{"@id":"https:\/\/dicodusport.fr\/blog\/vtt-coupe-du-monde-calendriers-descente-cross-country-chamboules\/#primaryimage"},"image":{"@id":"https:\/\/dicodusport.fr\/blog\/vtt-coupe-du-monde-calendriers-descente-cross-country-chamboules\/#primaryimage"},"thumbnailUrl":"https:\/\/dicodusport.fr\/blog\/wp-content\/uploads\/2020\/03\/VTT-Coupe-du-monde-Les-calendriers-de-descente-et-cross-country-chamboul\u00e9s.png","datePublished":"2020-03-25T17:49:58+00:00","dateModified":"2020-05-15T17:03:17+00:00","description":"VTT - Ce mardi, l'UCI a annonc\u00e9 de nouvelles annulations dans le calendrier de la Coupe du monde. La descente est notamment grandement impact\u00e9e.","breadcrumb":{"@id":"https:\/\/dicodusport.fr\/blog\/vtt-coupe-du-monde-calendriers-descente-cross-country-chamboules\/#breadcrumb"},"inLanguage":"fr-FR","potentialAction":[{"@type":"ReadAction","target":["https:\/\/dicodusport.fr\/blog\/vtt-coupe-du-monde-calendriers-descente-cross-country-chamboules\/"]}]},{"@type":"ImageObject","inLanguage":"fr-FR","@id":"https:\/\/dicodusport.fr\/blog\/vtt-coupe-du-monde-calendriers-descente-cross-country-chamboules\/#primaryimage","url":"https:\/\/dicodusport.fr\/blog\/wp-content\/uploads\/2020\/03\/VTT-Coupe-du-monde-Les-calendriers-de-descente-et-cross-country-chamboul\u00e9s.png","contentUrl":"https:\/\/dicodusport.fr\/blog\/wp-content\/uploads\/2020\/03\/VTT-Coupe-du-monde-Les-calendriers-de-descente-et-cross-country-chamboul\u00e9s.png","width":800,"height":445,"caption":"Coupe du monde : les calendriers de descente et cross-country chamboul\u00e9s"},{"@type":"BreadcrumbList","@id":"https:\/\/dicodusport.fr\/blog\/vtt-coupe-du-monde-calendriers-descente-cross-country-chamboules\/#breadcrumb","itemListElement":[{"@type":"ListItem","position":1,"name":"Accueil","item":"https:\/\/dicodusport.fr\/blog\/"},{"@type":"ListItem","position":2,"name":"Coupe du monde : les calendriers de descente et cross-country chamboul\u00e9s"}]},{"@type":"WebSite","@id":"https:\/\/dicodusport.fr\/blog\/#website","url":"https:\/\/dicodusport.fr\/blog\/","name":"Dicodusport","description":"L&#039;encyclop\u00e9die de l&#039;actualit\u00e9 sportive","publisher":{"@id":"https:\/\/dicodusport.fr\/blog\/#organization"},"potentialAction":[{"@type":"SearchAction","target":{"@type":"EntryPoint","urlTemplate":"https:\/\/dicodusport.fr\/blog\/?s={search_term_string}"},"query-input":{"@type":"PropertyValueSpecification","valueRequired":true,"valueName":"search_term_string"}}],"inLanguage":"fr-FR"},{"@type":"NewsMediaOrganization","@id":"https:\/\/dicodusport.fr\/blog\/#organization","name":"Dicodusport","url":"https:\/\/dicodusport.fr\/blog\/","logo":{"@type":"ImageObject","inLanguage":"fr-FR","@id":"https:\/\/dicodusport.fr\/blog\/#\/schema\/logo\/image\/","url":"https:\/\/dicodusport.fr\/blog\/wp-content\/uploads\/2020\/06\/cropped-LOGO-DICODUSPORT-2020-SANS-FOND-SANS-TEXTE.png","contentUrl":"https:\/\/dicodusport.fr\/blog\/wp-content\/uploads\/2020\/06\/cropped-LOGO-DICODUSPORT-2020-SANS-FOND-SANS-TEXTE.png","width":512,"height":512,"caption":"Dicodusport"},"image":{"@id":"https:\/\/dicodusport.fr\/blog\/#\/schema\/logo\/image\/"},"sameAs":["https:\/\/www.facebook.com\/dicodusport","https:\/\/x.com\/dicodusport","https:\/\/www.instagram.com\/dicodusport\/","https:\/\/www.youtube.com\/channel\/UC7V2KZ5sd3htJivAbA4ZG3w"],"description":"Dicodusport est l'encyclop\u00e9die de l'actualit\u00e9 sportive.","email":"bonjour@dicodusport.fr","legalName":"DICODUSPORT","foundingDate":"2018-01-14","vatID":"FR71834470973","taxID":"83447097300043","numberOfEmployees":{"@type":"QuantitativeValue","minValue":"1","maxValue":"10"}},{"@type":"Person","@id":"https:\/\/dicodusport.fr\/blog\/#\/schema\/person\/cb02af4c173ce4a653b55e9baf388d4a","name":"Flo Ostermann","image":{"@type":"ImageObject","inLanguage":"fr-FR","@id":"https:\/\/dicodusport.fr\/blog\/#\/schema\/person\/image\/","url":"https:\/\/dicodusport.fr\/blog\/wp-content\/uploads\/2021\/05\/Flo-Ostermann-150x150.jpg","contentUrl":"https:\/\/dicodusport.fr\/blog\/wp-content\/uploads\/2021\/05\/Flo-Ostermann-150x150.jpg","caption":"Flo Ostermann"},"description":"Journaliste\/R\u00e9dacteur depuis septembre 2015 - Mes premiers souvenirs dans le sport ? Les envol\u00e9es du Stade Toulousain et les duels Villeneuve-Schumacher et H\u00e4kkinen-Schumacher \u00e0 la fin des ann\u00e9es 90, la Coupe du monde de football en 1998, l\u2019exploit du XV de France face aux All Blacks en 1999, mais aussi Richard C\u0153ur de Lion qui vole sur les montagnes du Tour de France. Bien parti pour devenir professeur d\u2019EPS, les \u00e9v\u00e9nements de la vie (et la flemme d\u2019animer des s\u00e9ances de 3x500 m\u00e8tres toute ma vie) m\u2019ont conduit \u00e0 revoir mes plans. Me voil\u00e0 depuis fin 2017 sur Dicodusport, m\u00e9dia gr\u00e2ce (et pour) lequel je partage ma passion : le sport dans tous ses \u00e9tats. Le tout accompagn\u00e9 par les fous furieux et folles furieuses cit\u00e9s sur cette page !","sameAs":["https:\/\/www.facebook.com\/florent.ostermann","https:\/\/x.com\/https:\/\/twitter.com\/FlOstermann","admin"],"url":"https:\/\/dicodusport.fr\/blog\/author\/flo\/"}]}},"_links":{"self":[{"href":"https:\/\/dicodusport.fr\/blog\/wp-json\/wp\/v2\/posts\/63859","targetHints":{"allow":["GET"]}}],"collection":[{"href":"https:\/\/dicodusport.fr\/blog\/wp-json\/wp\/v2\/posts"}],"about":[{"href":"https:\/\/dicodusport.fr\/blog\/wp-json\/wp\/v2\/types\/post"}],"author":[{"embeddable":true,"href":"https:\/\/dicodusport.fr\/blog\/wp-json\/wp\/v2\/users\/4"}],"replies":[{"embeddable":true,"href":"https:\/\/dicodusport.fr\/blog\/wp-json\/wp\/v2\/comments?post=63859"}],"version-history":[{"count":0,"href":"https:\/\/dicodusport.fr\/blog\/wp-json\/wp\/v2\/posts\/63859\/revisions"}],"wp:featuredmedia":[{"embeddable":true,"href":"https:\/\/dicodusport.fr\/blog\/wp-json\/wp\/v2\/media\/63870"}],"wp:attachment":[{"href":"https:\/\/dicodusport.fr\/blog\/wp-json\/wp\/v2\/media?parent=63859"}],"wp:term":[{"taxonomy":"category","embeddable":true,"href":"https:\/\/dicodusport.fr\/blog\/wp-json\/wp\/v2\/categories?post=63859"},{"taxonomy":"post_tag","embeddable":true,"href":"https:\/\/dicodusport.fr\/blog\/wp-json\/wp\/v2\/tags?post=63859"}],"curies":[{"name":"wp","href":"https:\/\/api.w.org\/{rel}","templated":true}]}}