{"id":638648,"date":"2026-01-18T19:00:12","date_gmt":"2026-01-18T18:00:12","guid":{"rendered":"https:\/\/dicodusport.fr\/blog\/?p=638648&#038;preview=true&#038;preview_id=638648"},"modified":"2026-01-18T19:01:46","modified_gmt":"2026-01-18T18:01:46","slug":"finale-can-2025-senegal-maroc-compositions-chaine-tv-heure-et-cotes","status":"publish","type":"post","link":"https:\/\/dicodusport.fr\/blog\/finale-can-2025-senegal-maroc-compositions-chaine-tv-heure-et-cotes\/","title":{"rendered":"Finale CAN 2025, S\u00e9n\u00e9gal-Maroc : Compositions, Cha\u00eene TV, Heure et Cotes"},"content":{"rendered":"<p style=\"text-align: justify;\"><strong><em>\u00c0 quelle heure et sur quelle cha\u00eene TV suivre la finale de la CAN 2025 entre le S\u00e9n\u00e9gal et le Maroc ? Retrouvez \u00e9galement les compositions des deux \u00e9quipes<\/em><em>.<\/em><\/strong><\/p>\n<ul style=\"text-align: justify;\">\n<li><strong>\u00c0 ce sujet \u2013\u00a0<a href=\"https:\/\/dicodusport.fr\/blog\/can-2025-calendrier-resultats-et-classement\/\">CAN 2025 \u2013 Calendrier, r\u00e9sultats et classement<\/a><\/strong><\/li>\n<\/ul>\n<p style=\"text-align: justify;\">La finale de la 35\u00e8me Coupe d&rsquo;Afrique des Nations entre le <strong>S\u00e9n\u00e9gal<\/strong> et le <b>Maroc <\/b>aura lieu le dimanche 18 janvier 2026 \u00e0 20h00, au Stade Prince Moulay Abdallah de Rabat.<\/p>\n<h2 style=\"text-align: justify;\">Pour qui le troph\u00e9e ?<\/h2>\n<p style=\"text-align: justify;\">Ce sera un duel entre deux anciens vainqueurs de la Coupe d&rsquo;Afrique des Nations ce dimanche soir \u00e0 Rabat, mais l&rsquo;attente n&rsquo;est pas la m\u00eame. L&rsquo;unique sacre du <strong>S\u00e9n\u00e9gal<\/strong> date de 2021, quand les <em>Lions de la Teranga<\/em> avaient domin\u00e9 l&rsquo;\u00c9gypte aux tirs au but, deux ans apr\u00e8s une d\u00e9faite en finale contre l&rsquo;Alg\u00e9rie. La derni\u00e8re apparition du <strong>Maroc<\/strong> en finale remonte \u00e0 2004, avec un revers de justesse contre la Tunisie, mais le seul triomphe des <em>Lions de l&rsquo;Atlas<\/em> \u00e0 la CAN date de 1976, quand le vainqueur \u00e9tait d\u00e9sign\u00e9 apr\u00e8s une poule finale !<\/p>\n<ul style=\"text-align: justify;\">\n<li><strong>\u00c0 ce sujet \u2013\u00a0<a href=\"https:\/\/dicodusport.fr\/blog\/can-2025-phase-finale-tableau-complet-calendrier-et-resultats\/\">CAN 2025 Phase finale \u2013 Tableau complet, Calendrier et R\u00e9sultats<\/a><\/strong><\/li>\n<\/ul>\n<p style=\"text-align: justify;\">Les deux \u00e9quipes ont un parcours similaire dans cette comp\u00e9tition. 5 victoires et un nul, conc\u00e9d\u00e9 en phase de poules, avec en prime deux d\u00e9fenses de fer au programme : 1 seul but encaiss\u00e9 par les Marocains, 2 par les S\u00e9n\u00e9galais. N\u00e9anmoins, les organismes commencent \u00e0 \u00eatre fatigu\u00e9s, comme en ont t\u00e9moign\u00e9 les demi-finales : le S\u00e9n\u00e9gal a d\u00fb attendre un but tardif de <strong>Sadio Man\u00e9<\/strong> pour \u00e9teindre l&rsquo;\u00c9gypte, alors que le Maroc s&rsquo;est fait entra\u00eener aux tirs au but, sortant vainqueur de la s\u00e9ance contre le Nig\u00e9ria.<\/p>\n<ul style=\"text-align: justify;\">\n<li><strong>\u00c0 ce sujet \u2013 <\/strong><a href=\"https:\/\/dicodusport.fr\/blog\/can-2025-classement-des-buteurs\/\" target=\"_blank\" rel=\"noopener\"><strong>CAN 2025 : Le classement des buteurs<\/strong><\/a><\/li>\n<\/ul>\n<p style=\"text-align: justify;\">Les deux \u00e9quipes se sont crois\u00e9es pour la derni\u00e8re fois lors du Championnat d&rsquo;Afrique des Nations en doute, mais la victoire aux tirs au but du Maroc en demi-finale avec des \u00e9quipes \u00ab\u00a0B\u00a0\u00bb ne signifiera pas grand-chose pour ce match. Chez les bookmakers, les Marocains, avec l&rsquo;appui du public, sont n\u00e9anmoins logiquement favoris de cette finale.<\/p>\n<h2 style=\"text-align: justify;\">Finale CAN 2025 : Le programme TV de S\u00e9n\u00e9gal &#8211; Maroc<\/h2>\n<h3 style=\"text-align: justify;\">Dimanche 18 janvier 2026<\/h3>\n<p style=\"text-align: justify;\">Match diffus\u00e9 sur <strong>M6<\/strong> et <b>beIN SPORTS 1<\/b><b>\u00a0: <\/b>D\u00e9but du match \u00e0<strong> 20h00.<\/strong><\/p>\n<h2 style=\"text-align: justify;\">Les compositions officielles de S\u00e9n\u00e9gal &#8211; Maroc<\/h2>\n<h3 style=\"text-align: justify;\">La composition du S\u00e9n\u00e9gal<\/h3>\n<p style=\"text-align: justify;\"><span class=\"css-1jxf684 r-bcqeeo r-1ttztb7 r-qvutc0 r-poiln3\">Mendy &#8211; Diatta, Sarr, Niakhat\u00e9, Diouf &#8211; Camara, I. Gueye, P. Gueye &#8211; Ndiaye, Jackson, <\/span><span class=\"css-1jxf684 r-bcqeeo r-1ttztb7 r-qvutc0 r-poiln3 r-b88u0q\">Man\u00e9<\/span><span class=\"css-1jxf684 r-bcqeeo r-1ttztb7 r-qvutc0 r-poiln3\">.<\/span><\/p>\n<h3 style=\"text-align: justify;\">La composition du Maroc<\/h3>\n<p style=\"text-align: justify;\">Bounou &#8211; Hakimi, Aguerd, Masina, Mazraoui &#8211; El Aynaoui, El Khannouss &#8211; Brahim, Saibari, Abde &#8211; El Kaabi.<\/p>\n<ul>\n<li><strong>\u00c0 ce sujet &#8211;\u00a0 <a href=\"https:\/\/dicodusport.fr\/blog\/pronostic-senegal-maroc-finale-can-2025-cotes-analyse-et-conseil\/\">Pronostic S\u00e9n\u00e9gal-Maroc, finale CAN 2025 : Cotes, analyse et conseil<\/a><\/strong><\/li>\n<\/ul>\n<table style=\"width: 840px;\">\n<tbody>\n<tr style=\"height: 16px;\">\n<td style=\"background-color: #404040; border-color: #ededed; width: 840px; text-align: left;\" colspan=\"3\"><strong><span style=\"font-size: 12px; color: #ffffff;\"><img loading=\"lazy\" decoding=\"async\" class=\"alignnone wp-image-512842\" src=\"https:\/\/dicodusport.fr\/blog\/wp-content\/uploads\/2024\/08\/Logo-Winamax.png\" alt=\"\" width=\"14\" height=\"13\" srcset=\"https:\/\/dicodusport.fr\/blog\/wp-content\/uploads\/2024\/08\/Logo-Winamax.png 290w, https:\/\/dicodusport.fr\/blog\/wp-content\/uploads\/2024\/08\/Logo-Winamax-150x150.png 150w, https:\/\/dicodusport.fr\/blog\/wp-content\/uploads\/2024\/08\/Logo-Winamax-80x80.png 80w\" sizes=\"auto, (max-width: 14px) 100vw, 14px\" \/> Dimanche 18 janvier 2026 20h00<\/span><\/strong><\/td>\n<\/tr>\n<tr style=\"height: 24px;\">\n<td style=\"background-color: #ffffff; border-color: #ededed; vertical-align: middle; text-align: center; width: 266px;\"><span style=\"font-size: 10px;\"><span style=\"font-size: 14px;\"><strong>S\u00e9n\u00e9gal<br \/>\n<\/strong><\/span><\/span><span style=\"font-size: 10px;\"><a href=\"https:\/\/www.winamax.fr\/paris-sportifs\/match\/61499235?banid=33423\" class=\"su-button su-button-style-flat su-button-wide\" style=\"color:#fff;background-color:#0860ff;border-color:#074dcc;border-radius:5px\" target=\"_blank\" rel=\"noopener noreferrer\"><span style=\"color:#fff;padding:0px 20px;font-size:16px;line-height:32px;border-color:#5390ff;border-radius:5px;text-shadow:none\"> 3.55<\/span><\/a><\/span><\/td>\n<td style=\"background-color: #ffffff; border-color: #ededed; vertical-align: middle; text-align: center; width: 266px;\"><span style=\"font-size: 10px;\"><span style=\"font-size: 14px;\"><strong>Match nul<\/strong><\/span><br \/>\n<a href=\"https:\/\/www.winamax.fr\/paris-sportifs\/match\/61499235?banid=33423\" class=\"su-button su-button-style-flat su-button-wide\" style=\"color:#fff;background-color:#0860ff;border-color:#074dcc;border-radius:5px\" target=\"_blank\" rel=\"noopener noreferrer\"><span style=\"color:#fff;padding:0px 20px;font-size:16px;line-height:32px;border-color:#5390ff;border-radius:5px;text-shadow:none\"> 2.90<\/span><\/a><\/span><\/td>\n<td style=\"background-color: #ffffff; border-color: #ededed; vertical-align: middle; text-align: center; width: 266px;\"><span style=\"font-size: 10px;\"><span style=\"font-size: 14px;\"><strong>Maroc<\/strong><\/span><br \/>\n<a href=\"https:\/\/www.winamax.fr\/paris-sportifs\/match\/61499235?banid=33423\" class=\"su-button su-button-style-flat su-button-wide\" style=\"color:#fff;background-color:#0860ff;border-color:#074dcc;border-radius:5px\" target=\"_blank\" rel=\"noopener noreferrer\"><span style=\"color:#fff;padding:0px 20px;font-size:16px;line-height:32px;border-color:#5390ff;border-radius:5px;text-shadow:none\"> 2.20<\/span><\/a><\/span><\/td>\n<\/tr>\n<\/tbody>\n<\/table>\n<p style=\"text-align: justify;\">Tentez votre chance en profitant de votre <a href=\"https:\/\/www.winamax.fr\/registration\/landing\/affiliation_Bonus100?banid=33423\">1er d\u00e9p\u00f4t doubl\u00e9 jusqu&rsquo;\u00e0 100 \u20ac<\/a> direct en paris gratuits sur Winamax !<\/p>\n","protected":false},"excerpt":{"rendered":"<p>\u00c0 quelle heure et sur quelle cha\u00eene TV suivre la finale de la CAN 2025 entre le S\u00e9n\u00e9gal et le Maroc ? Retrouvez \u00e9galement les compositions des deux \u00e9quipes.<\/p>\n","protected":false},"author":59,"featured_media":638688,"comment_status":"open","ping_status":"closed","sticky":false,"template":"","format":"standard","meta":{"_acf_changed":false,"_daextam_enable_autolinks":"1","footnotes":""},"categories":[44295,2301],"tags":[16878,47362,6708,75,8799],"class_list":["post-638648","post","type-post","status-publish","format-standard","has-post-thumbnail","hentry","category-chaine-tv","category-football","tag-breve","tag-can-2025","tag-coupe-dafrique-des-nations","tag-football","tag-programme-tv"],"acf":[],"yoast_head":"<!-- This site is optimized with the Yoast SEO Premium plugin v26.7 (Yoast SEO v26.7) - https:\/\/yoast.com\/wordpress\/plugins\/seo\/ -->\n<title>Finale CAN 2025, S\u00e9n\u00e9gal-Maroc : Compositions, Cha\u00eene TV, Heure et Cotes<\/title>\n<meta name=\"description\" content=\"\u00c0 quelle heure et sur quelle cha\u00eene TV suivre le 8\u00e8me de finale de la CAN 2025 entre le S\u00e9n\u00e9gal et le Soudan ? Retrouvez \u00e9galement les compositions des deux \u00e9quipes.\" \/>\n<meta name=\"robots\" content=\"index, follow, max-snippet:-1, max-image-preview:large, max-video-preview:-1\" \/>\n<link rel=\"canonical\" href=\"https:\/\/dicodusport.fr\/blog\/finale-can-2025-senegal-maroc-compositions-chaine-tv-heure-et-cotes\/\" \/>\n<meta property=\"og:locale\" content=\"fr_FR\" \/>\n<meta property=\"og:type\" content=\"article\" \/>\n<meta property=\"og:title\" content=\"Finale CAN 2025, S\u00e9n\u00e9gal-Maroc : Compositions, Cha\u00eene TV, Heure et Cotes\" \/>\n<meta property=\"og:description\" content=\"\u00c0 quelle heure et sur quelle cha\u00eene TV suivre le 8\u00e8me de finale de la CAN 2025 entre le S\u00e9n\u00e9gal et le Soudan ? Retrouvez \u00e9galement les compositions des deux \u00e9quipes.\" \/>\n<meta property=\"og:url\" content=\"https:\/\/dicodusport.fr\/blog\/finale-can-2025-senegal-maroc-compositions-chaine-tv-heure-et-cotes\/\" \/>\n<meta property=\"og:site_name\" content=\"Dicodusport\" \/>\n<meta property=\"article:publisher\" content=\"https:\/\/www.facebook.com\/dicodusport\" \/>\n<meta property=\"article:author\" content=\"https:\/\/www.facebook.com\/sebastien.gente\/\" \/>\n<meta property=\"article:published_time\" content=\"2026-01-18T18:00:12+00:00\" \/>\n<meta property=\"article:modified_time\" content=\"2026-01-18T18:01:46+00:00\" \/>\n<meta property=\"og:image\" content=\"https:\/\/dicodusport.fr\/blog\/wp-content\/uploads\/2026\/01\/Finale-CAN-2025-Senegal-Maroc-Compositions-Chaine-TV-Heure-et-Cotes.png\" \/>\n\t<meta property=\"og:image:width\" content=\"1200\" \/>\n\t<meta property=\"og:image:height\" content=\"674\" \/>\n\t<meta property=\"og:image:type\" content=\"image\/png\" \/>\n<meta name=\"author\" content=\"S\u00e9bastien Gente\" \/>\n<meta name=\"twitter:card\" content=\"summary_large_image\" \/>\n<meta name=\"twitter:title\" content=\"Finale CAN 2025, S\u00e9n\u00e9gal-Maroc : Compositions, Cha\u00eene TV, Heure et Cotes\" \/>\n<meta name=\"twitter:creator\" content=\"@https:\/\/twitter.com\/globulo24\" \/>\n<meta name=\"twitter:site\" content=\"@dicodusport\" \/>\n<script type=\"application\/ld+json\" class=\"yoast-schema-graph\">{\"@context\":\"https:\/\/schema.org\",\"@graph\":[{\"@type\":\"NewsArticle\",\"@id\":\"https:\/\/dicodusport.fr\/blog\/finale-can-2025-senegal-maroc-compositions-chaine-tv-heure-et-cotes\/#article\",\"isPartOf\":{\"@id\":\"https:\/\/dicodusport.fr\/blog\/finale-can-2025-senegal-maroc-compositions-chaine-tv-heure-et-cotes\/\"},\"author\":{\"name\":\"S\u00e9bastien Gente\",\"@id\":\"https:\/\/dicodusport.fr\/blog\/#\/schema\/person\/627966a6cde45dbd8c5e36ac85d783da\"},\"headline\":\"Finale CAN 2025, S\u00e9n\u00e9gal-Maroc : Compositions, Cha\u00eene TV, Heure et Cotes\",\"datePublished\":\"2026-01-18T18:00:12+00:00\",\"dateModified\":\"2026-01-18T18:01:46+00:00\",\"mainEntityOfPage\":{\"@id\":\"https:\/\/dicodusport.fr\/blog\/finale-can-2025-senegal-maroc-compositions-chaine-tv-heure-et-cotes\/\"},\"wordCount\":557,\"commentCount\":0,\"publisher\":{\"@id\":\"https:\/\/dicodusport.fr\/blog\/#organization\"},\"image\":{\"@id\":\"https:\/\/dicodusport.fr\/blog\/finale-can-2025-senegal-maroc-compositions-chaine-tv-heure-et-cotes\/#primaryimage\"},\"thumbnailUrl\":\"https:\/\/dicodusport.fr\/blog\/wp-content\/uploads\/2026\/01\/Finale-CAN-2025-Senegal-Maroc-Compositions-Chaine-TV-Heure-et-Cotes.png\",\"keywords\":[\"br\u00e8ve\",\"CAN 2025\",\"Coupe d'Afrique des Nations\",\"Football\",\"Programme TV\"],\"articleSection\":[\"Cha\u00eene TV\",\"Football\"],\"inLanguage\":\"fr-FR\",\"potentialAction\":[{\"@type\":\"CommentAction\",\"name\":\"Comment\",\"target\":[\"https:\/\/dicodusport.fr\/blog\/finale-can-2025-senegal-maroc-compositions-chaine-tv-heure-et-cotes\/#respond\"]}],\"copyrightYear\":\"2026\",\"copyrightHolder\":{\"@id\":\"https:\/\/dicodusport.fr\/blog\/#organization\"}},{\"@type\":\"WebPage\",\"@id\":\"https:\/\/dicodusport.fr\/blog\/finale-can-2025-senegal-maroc-compositions-chaine-tv-heure-et-cotes\/\",\"url\":\"https:\/\/dicodusport.fr\/blog\/finale-can-2025-senegal-maroc-compositions-chaine-tv-heure-et-cotes\/\",\"name\":\"Finale CAN 2025, S\u00e9n\u00e9gal-Maroc : Compositions, Cha\u00eene TV, Heure et Cotes\",\"isPartOf\":{\"@id\":\"https:\/\/dicodusport.fr\/blog\/#website\"},\"primaryImageOfPage\":{\"@id\":\"https:\/\/dicodusport.fr\/blog\/finale-can-2025-senegal-maroc-compositions-chaine-tv-heure-et-cotes\/#primaryimage\"},\"image\":{\"@id\":\"https:\/\/dicodusport.fr\/blog\/finale-can-2025-senegal-maroc-compositions-chaine-tv-heure-et-cotes\/#primaryimage\"},\"thumbnailUrl\":\"https:\/\/dicodusport.fr\/blog\/wp-content\/uploads\/2026\/01\/Finale-CAN-2025-Senegal-Maroc-Compositions-Chaine-TV-Heure-et-Cotes.png\",\"datePublished\":\"2026-01-18T18:00:12+00:00\",\"dateModified\":\"2026-01-18T18:01:46+00:00\",\"description\":\"\u00c0 quelle heure et sur quelle cha\u00eene TV suivre le 8\u00e8me de finale de la CAN 2025 entre le S\u00e9n\u00e9gal et le Soudan ? Retrouvez \u00e9galement les compositions des deux \u00e9quipes.\",\"breadcrumb\":{\"@id\":\"https:\/\/dicodusport.fr\/blog\/finale-can-2025-senegal-maroc-compositions-chaine-tv-heure-et-cotes\/#breadcrumb\"},\"inLanguage\":\"fr-FR\",\"potentialAction\":[{\"@type\":\"ReadAction\",\"target\":[\"https:\/\/dicodusport.fr\/blog\/finale-can-2025-senegal-maroc-compositions-chaine-tv-heure-et-cotes\/\"]}]},{\"@type\":\"ImageObject\",\"inLanguage\":\"fr-FR\",\"@id\":\"https:\/\/dicodusport.fr\/blog\/finale-can-2025-senegal-maroc-compositions-chaine-tv-heure-et-cotes\/#primaryimage\",\"url\":\"https:\/\/dicodusport.fr\/blog\/wp-content\/uploads\/2026\/01\/Finale-CAN-2025-Senegal-Maroc-Compositions-Chaine-TV-Heure-et-Cotes.png\",\"contentUrl\":\"https:\/\/dicodusport.fr\/blog\/wp-content\/uploads\/2026\/01\/Finale-CAN-2025-Senegal-Maroc-Compositions-Chaine-TV-Heure-et-Cotes.png\",\"width\":1200,\"height\":674,\"caption\":\"Finale CAN 2025, S\u00e9n\u00e9gal-Maroc Compositions, Cha\u00eene TV, Heure et Cotes\"},{\"@type\":\"BreadcrumbList\",\"@id\":\"https:\/\/dicodusport.fr\/blog\/finale-can-2025-senegal-maroc-compositions-chaine-tv-heure-et-cotes\/#breadcrumb\",\"itemListElement\":[{\"@type\":\"ListItem\",\"position\":1,\"name\":\"Accueil\",\"item\":\"https:\/\/dicodusport.fr\/blog\/\"},{\"@type\":\"ListItem\",\"position\":2,\"name\":\"Finale CAN 2025, S\u00e9n\u00e9gal-Maroc : Compositions, Cha\u00eene TV, Heure et Cotes\"}]},{\"@type\":\"WebSite\",\"@id\":\"https:\/\/dicodusport.fr\/blog\/#website\",\"url\":\"https:\/\/dicodusport.fr\/blog\/\",\"name\":\"Dicodusport\",\"description\":\"L&#039;encyclop\u00e9die de l&#039;actualit\u00e9 sportive\",\"publisher\":{\"@id\":\"https:\/\/dicodusport.fr\/blog\/#organization\"},\"potentialAction\":[{\"@type\":\"SearchAction\",\"target\":{\"@type\":\"EntryPoint\",\"urlTemplate\":\"https:\/\/dicodusport.fr\/blog\/?s={search_term_string}\"},\"query-input\":{\"@type\":\"PropertyValueSpecification\",\"valueRequired\":true,\"valueName\":\"search_term_string\"}}],\"inLanguage\":\"fr-FR\"},{\"@type\":\"NewsMediaOrganization\",\"@id\":\"https:\/\/dicodusport.fr\/blog\/#organization\",\"name\":\"Dicodusport\",\"url\":\"https:\/\/dicodusport.fr\/blog\/\",\"logo\":{\"@type\":\"ImageObject\",\"inLanguage\":\"fr-FR\",\"@id\":\"https:\/\/dicodusport.fr\/blog\/#\/schema\/logo\/image\/\",\"url\":\"https:\/\/dicodusport.fr\/blog\/wp-content\/uploads\/2020\/06\/cropped-LOGO-DICODUSPORT-2020-SANS-FOND-SANS-TEXTE.png\",\"contentUrl\":\"https:\/\/dicodusport.fr\/blog\/wp-content\/uploads\/2020\/06\/cropped-LOGO-DICODUSPORT-2020-SANS-FOND-SANS-TEXTE.png\",\"width\":512,\"height\":512,\"caption\":\"Dicodusport\"},\"image\":{\"@id\":\"https:\/\/dicodusport.fr\/blog\/#\/schema\/logo\/image\/\"},\"sameAs\":[\"https:\/\/www.facebook.com\/dicodusport\",\"https:\/\/x.com\/dicodusport\",\"https:\/\/www.instagram.com\/dicodusport\/\",\"https:\/\/www.youtube.com\/channel\/UC7V2KZ5sd3htJivAbA4ZG3w\"],\"description\":\"Dicodusport est l'encyclop\u00e9die de l'actualit\u00e9 sportive.\",\"email\":\"bonjour@dicodusport.fr\",\"legalName\":\"DICODUSPORT\",\"foundingDate\":\"2018-01-14\",\"vatID\":\"FR71834470973\",\"taxID\":\"83447097300043\",\"numberOfEmployees\":{\"@type\":\"QuantitativeValue\",\"minValue\":\"1\",\"maxValue\":\"10\"}},{\"@type\":\"Person\",\"@id\":\"https:\/\/dicodusport.fr\/blog\/#\/schema\/person\/627966a6cde45dbd8c5e36ac85d783da\",\"name\":\"S\u00e9bastien Gente\",\"image\":{\"@type\":\"ImageObject\",\"inLanguage\":\"fr-FR\",\"@id\":\"https:\/\/dicodusport.fr\/blog\/#\/schema\/person\/image\/\",\"url\":\"https:\/\/dicodusport.fr\/blog\/wp-content\/uploads\/2021\/09\/1510990_10205810251400683_4124423575079401707_n-150x150.jpg\",\"contentUrl\":\"https:\/\/dicodusport.fr\/blog\/wp-content\/uploads\/2021\/09\/1510990_10205810251400683_4124423575079401707_n-150x150.jpg\",\"caption\":\"S\u00e9bastien Gente\"},\"description\":\"John Stockton, Gianni Bugno, Zinedine Zidane, Steffi Graf, Frode Andresen, St\u00e9phane Stoecklin, Davis Kamoga, Primoz Peterka, Werner Schlager et Aur\u00e9lien Rougerie. Point commun entre ces sportifs? Ils m'ont fait r\u00eaver et ont berc\u00e9 mon adolescence. Je suis un fondu de sports et j'essaie de retranscrire ma passion \u00e0 travers mes articles. Originaire du P\u00e9rigord, ma passion pour les Girondins, les Jaunards et les Jazzmen transpire dans mes \u00e9crits. \u00c0 Dicodusport depuis 2021, je d\u00e9niche les sports m\u00e9connus dans lesquels la France brille, et il y en a !\",\"sameAs\":[\"https:\/\/www.facebook.com\/sebastien.gente\/\",\"https:\/\/www.instagram.com\/sebgente\/\",\"https:\/\/www.linkedin.com\/in\/sbastien-gente-a29583169\/\",\"https:\/\/x.com\/https:\/\/twitter.com\/globulo24\",\"SebastienGente\"],\"worksFor\":\"S\u00e9bastien GENTE\",\"url\":\"https:\/\/dicodusport.fr\/blog\/author\/sebastiengente\/\"}]}<\/script>\n<!-- \/ Yoast SEO Premium plugin. -->","yoast_head_json":{"title":"Finale CAN 2025, S\u00e9n\u00e9gal-Maroc : Compositions, Cha\u00eene TV, Heure et Cotes","description":"\u00c0 quelle heure et sur quelle cha\u00eene TV suivre le 8\u00e8me de finale de la CAN 2025 entre le S\u00e9n\u00e9gal et le Soudan ? Retrouvez \u00e9galement les compositions des deux \u00e9quipes.","robots":{"index":"index","follow":"follow","max-snippet":"max-snippet:-1","max-image-preview":"max-image-preview:large","max-video-preview":"max-video-preview:-1"},"canonical":"https:\/\/dicodusport.fr\/blog\/finale-can-2025-senegal-maroc-compositions-chaine-tv-heure-et-cotes\/","og_locale":"fr_FR","og_type":"article","og_title":"Finale CAN 2025, S\u00e9n\u00e9gal-Maroc : Compositions, Cha\u00eene TV, Heure et Cotes","og_description":"\u00c0 quelle heure et sur quelle cha\u00eene TV suivre le 8\u00e8me de finale de la CAN 2025 entre le S\u00e9n\u00e9gal et le Soudan ? Retrouvez \u00e9galement les compositions des deux \u00e9quipes.","og_url":"https:\/\/dicodusport.fr\/blog\/finale-can-2025-senegal-maroc-compositions-chaine-tv-heure-et-cotes\/","og_site_name":"Dicodusport","article_publisher":"https:\/\/www.facebook.com\/dicodusport","article_author":"https:\/\/www.facebook.com\/sebastien.gente\/","article_published_time":"2026-01-18T18:00:12+00:00","article_modified_time":"2026-01-18T18:01:46+00:00","og_image":[{"width":1200,"height":674,"url":"https:\/\/dicodusport.fr\/blog\/wp-content\/uploads\/2026\/01\/Finale-CAN-2025-Senegal-Maroc-Compositions-Chaine-TV-Heure-et-Cotes.png","type":"image\/png"}],"author":"S\u00e9bastien Gente","twitter_card":"summary_large_image","twitter_title":"Finale CAN 2025, S\u00e9n\u00e9gal-Maroc : Compositions, Cha\u00eene TV, Heure et Cotes","twitter_creator":"@https:\/\/twitter.com\/globulo24","twitter_site":"@dicodusport","schema":{"@context":"https:\/\/schema.org","@graph":[{"@type":"NewsArticle","@id":"https:\/\/dicodusport.fr\/blog\/finale-can-2025-senegal-maroc-compositions-chaine-tv-heure-et-cotes\/#article","isPartOf":{"@id":"https:\/\/dicodusport.fr\/blog\/finale-can-2025-senegal-maroc-compositions-chaine-tv-heure-et-cotes\/"},"author":{"name":"S\u00e9bastien Gente","@id":"https:\/\/dicodusport.fr\/blog\/#\/schema\/person\/627966a6cde45dbd8c5e36ac85d783da"},"headline":"Finale CAN 2025, S\u00e9n\u00e9gal-Maroc : Compositions, Cha\u00eene TV, Heure et Cotes","datePublished":"2026-01-18T18:00:12+00:00","dateModified":"2026-01-18T18:01:46+00:00","mainEntityOfPage":{"@id":"https:\/\/dicodusport.fr\/blog\/finale-can-2025-senegal-maroc-compositions-chaine-tv-heure-et-cotes\/"},"wordCount":557,"commentCount":0,"publisher":{"@id":"https:\/\/dicodusport.fr\/blog\/#organization"},"image":{"@id":"https:\/\/dicodusport.fr\/blog\/finale-can-2025-senegal-maroc-compositions-chaine-tv-heure-et-cotes\/#primaryimage"},"thumbnailUrl":"https:\/\/dicodusport.fr\/blog\/wp-content\/uploads\/2026\/01\/Finale-CAN-2025-Senegal-Maroc-Compositions-Chaine-TV-Heure-et-Cotes.png","keywords":["br\u00e8ve","CAN 2025","Coupe d'Afrique des Nations","Football","Programme TV"],"articleSection":["Cha\u00eene TV","Football"],"inLanguage":"fr-FR","potentialAction":[{"@type":"CommentAction","name":"Comment","target":["https:\/\/dicodusport.fr\/blog\/finale-can-2025-senegal-maroc-compositions-chaine-tv-heure-et-cotes\/#respond"]}],"copyrightYear":"2026","copyrightHolder":{"@id":"https:\/\/dicodusport.fr\/blog\/#organization"}},{"@type":"WebPage","@id":"https:\/\/dicodusport.fr\/blog\/finale-can-2025-senegal-maroc-compositions-chaine-tv-heure-et-cotes\/","url":"https:\/\/dicodusport.fr\/blog\/finale-can-2025-senegal-maroc-compositions-chaine-tv-heure-et-cotes\/","name":"Finale CAN 2025, S\u00e9n\u00e9gal-Maroc : Compositions, Cha\u00eene TV, Heure et Cotes","isPartOf":{"@id":"https:\/\/dicodusport.fr\/blog\/#website"},"primaryImageOfPage":{"@id":"https:\/\/dicodusport.fr\/blog\/finale-can-2025-senegal-maroc-compositions-chaine-tv-heure-et-cotes\/#primaryimage"},"image":{"@id":"https:\/\/dicodusport.fr\/blog\/finale-can-2025-senegal-maroc-compositions-chaine-tv-heure-et-cotes\/#primaryimage"},"thumbnailUrl":"https:\/\/dicodusport.fr\/blog\/wp-content\/uploads\/2026\/01\/Finale-CAN-2025-Senegal-Maroc-Compositions-Chaine-TV-Heure-et-Cotes.png","datePublished":"2026-01-18T18:00:12+00:00","dateModified":"2026-01-18T18:01:46+00:00","description":"\u00c0 quelle heure et sur quelle cha\u00eene TV suivre le 8\u00e8me de finale de la CAN 2025 entre le S\u00e9n\u00e9gal et le Soudan ? Retrouvez \u00e9galement les compositions des deux \u00e9quipes.","breadcrumb":{"@id":"https:\/\/dicodusport.fr\/blog\/finale-can-2025-senegal-maroc-compositions-chaine-tv-heure-et-cotes\/#breadcrumb"},"inLanguage":"fr-FR","potentialAction":[{"@type":"ReadAction","target":["https:\/\/dicodusport.fr\/blog\/finale-can-2025-senegal-maroc-compositions-chaine-tv-heure-et-cotes\/"]}]},{"@type":"ImageObject","inLanguage":"fr-FR","@id":"https:\/\/dicodusport.fr\/blog\/finale-can-2025-senegal-maroc-compositions-chaine-tv-heure-et-cotes\/#primaryimage","url":"https:\/\/dicodusport.fr\/blog\/wp-content\/uploads\/2026\/01\/Finale-CAN-2025-Senegal-Maroc-Compositions-Chaine-TV-Heure-et-Cotes.png","contentUrl":"https:\/\/dicodusport.fr\/blog\/wp-content\/uploads\/2026\/01\/Finale-CAN-2025-Senegal-Maroc-Compositions-Chaine-TV-Heure-et-Cotes.png","width":1200,"height":674,"caption":"Finale CAN 2025, S\u00e9n\u00e9gal-Maroc Compositions, Cha\u00eene TV, Heure et Cotes"},{"@type":"BreadcrumbList","@id":"https:\/\/dicodusport.fr\/blog\/finale-can-2025-senegal-maroc-compositions-chaine-tv-heure-et-cotes\/#breadcrumb","itemListElement":[{"@type":"ListItem","position":1,"name":"Accueil","item":"https:\/\/dicodusport.fr\/blog\/"},{"@type":"ListItem","position":2,"name":"Finale CAN 2025, S\u00e9n\u00e9gal-Maroc : Compositions, Cha\u00eene TV, Heure et Cotes"}]},{"@type":"WebSite","@id":"https:\/\/dicodusport.fr\/blog\/#website","url":"https:\/\/dicodusport.fr\/blog\/","name":"Dicodusport","description":"L&#039;encyclop\u00e9die de l&#039;actualit\u00e9 sportive","publisher":{"@id":"https:\/\/dicodusport.fr\/blog\/#organization"},"potentialAction":[{"@type":"SearchAction","target":{"@type":"EntryPoint","urlTemplate":"https:\/\/dicodusport.fr\/blog\/?s={search_term_string}"},"query-input":{"@type":"PropertyValueSpecification","valueRequired":true,"valueName":"search_term_string"}}],"inLanguage":"fr-FR"},{"@type":"NewsMediaOrganization","@id":"https:\/\/dicodusport.fr\/blog\/#organization","name":"Dicodusport","url":"https:\/\/dicodusport.fr\/blog\/","logo":{"@type":"ImageObject","inLanguage":"fr-FR","@id":"https:\/\/dicodusport.fr\/blog\/#\/schema\/logo\/image\/","url":"https:\/\/dicodusport.fr\/blog\/wp-content\/uploads\/2020\/06\/cropped-LOGO-DICODUSPORT-2020-SANS-FOND-SANS-TEXTE.png","contentUrl":"https:\/\/dicodusport.fr\/blog\/wp-content\/uploads\/2020\/06\/cropped-LOGO-DICODUSPORT-2020-SANS-FOND-SANS-TEXTE.png","width":512,"height":512,"caption":"Dicodusport"},"image":{"@id":"https:\/\/dicodusport.fr\/blog\/#\/schema\/logo\/image\/"},"sameAs":["https:\/\/www.facebook.com\/dicodusport","https:\/\/x.com\/dicodusport","https:\/\/www.instagram.com\/dicodusport\/","https:\/\/www.youtube.com\/channel\/UC7V2KZ5sd3htJivAbA4ZG3w"],"description":"Dicodusport est l'encyclop\u00e9die de l'actualit\u00e9 sportive.","email":"bonjour@dicodusport.fr","legalName":"DICODUSPORT","foundingDate":"2018-01-14","vatID":"FR71834470973","taxID":"83447097300043","numberOfEmployees":{"@type":"QuantitativeValue","minValue":"1","maxValue":"10"}},{"@type":"Person","@id":"https:\/\/dicodusport.fr\/blog\/#\/schema\/person\/627966a6cde45dbd8c5e36ac85d783da","name":"S\u00e9bastien Gente","image":{"@type":"ImageObject","inLanguage":"fr-FR","@id":"https:\/\/dicodusport.fr\/blog\/#\/schema\/person\/image\/","url":"https:\/\/dicodusport.fr\/blog\/wp-content\/uploads\/2021\/09\/1510990_10205810251400683_4124423575079401707_n-150x150.jpg","contentUrl":"https:\/\/dicodusport.fr\/blog\/wp-content\/uploads\/2021\/09\/1510990_10205810251400683_4124423575079401707_n-150x150.jpg","caption":"S\u00e9bastien Gente"},"description":"John Stockton, Gianni Bugno, Zinedine Zidane, Steffi Graf, Frode Andresen, St\u00e9phane Stoecklin, Davis Kamoga, Primoz Peterka, Werner Schlager et Aur\u00e9lien Rougerie. Point commun entre ces sportifs? Ils m'ont fait r\u00eaver et ont berc\u00e9 mon adolescence. Je suis un fondu de sports et j'essaie de retranscrire ma passion \u00e0 travers mes articles. Originaire du P\u00e9rigord, ma passion pour les Girondins, les Jaunards et les Jazzmen transpire dans mes \u00e9crits. \u00c0 Dicodusport depuis 2021, je d\u00e9niche les sports m\u00e9connus dans lesquels la France brille, et il y en a !","sameAs":["https:\/\/www.facebook.com\/sebastien.gente\/","https:\/\/www.instagram.com\/sebgente\/","https:\/\/www.linkedin.com\/in\/sbastien-gente-a29583169\/","https:\/\/x.com\/https:\/\/twitter.com\/globulo24","SebastienGente"],"worksFor":"S\u00e9bastien GENTE","url":"https:\/\/dicodusport.fr\/blog\/author\/sebastiengente\/"}]}},"_links":{"self":[{"href":"https:\/\/dicodusport.fr\/blog\/wp-json\/wp\/v2\/posts\/638648","targetHints":{"allow":["GET"]}}],"collection":[{"href":"https:\/\/dicodusport.fr\/blog\/wp-json\/wp\/v2\/posts"}],"about":[{"href":"https:\/\/dicodusport.fr\/blog\/wp-json\/wp\/v2\/types\/post"}],"author":[{"embeddable":true,"href":"https:\/\/dicodusport.fr\/blog\/wp-json\/wp\/v2\/users\/59"}],"replies":[{"embeddable":true,"href":"https:\/\/dicodusport.fr\/blog\/wp-json\/wp\/v2\/comments?post=638648"}],"version-history":[{"count":2,"href":"https:\/\/dicodusport.fr\/blog\/wp-json\/wp\/v2\/posts\/638648\/revisions"}],"predecessor-version":[{"id":639611,"href":"https:\/\/dicodusport.fr\/blog\/wp-json\/wp\/v2\/posts\/638648\/revisions\/639611"}],"wp:featuredmedia":[{"embeddable":true,"href":"https:\/\/dicodusport.fr\/blog\/wp-json\/wp\/v2\/media\/638688"}],"wp:attachment":[{"href":"https:\/\/dicodusport.fr\/blog\/wp-json\/wp\/v2\/media?parent=638648"}],"wp:term":[{"taxonomy":"category","embeddable":true,"href":"https:\/\/dicodusport.fr\/blog\/wp-json\/wp\/v2\/categories?post=638648"},{"taxonomy":"post_tag","embeddable":true,"href":"https:\/\/dicodusport.fr\/blog\/wp-json\/wp\/v2\/tags?post=638648"}],"curies":[{"name":"wp","href":"https:\/\/api.w.org\/{rel}","templated":true}]}}