{"id":638717,"date":"2026-01-16T17:00:07","date_gmt":"2026-01-16T16:00:07","guid":{"rendered":"https:\/\/dicodusport.fr\/blog\/?p=638717&#038;preview=true&#038;preview_id=638717"},"modified":"2026-02-03T09:43:40","modified_gmt":"2026-02-03T08:43:40","slug":"la-question-qui-fache-lombardot-doit-il-remplacer-jacquelin-sur-le-relais-masculin-des-jo-2026","status":"publish","type":"post","link":"https:\/\/dicodusport.fr\/blog\/la-question-qui-fache-lombardot-doit-il-remplacer-jacquelin-sur-le-relais-masculin-des-jo-2026\/","title":{"rendered":"La question qui f\u00e2che : Lombardot doit-il remplacer Jacquelin sur le relais masculin des JO 2026 ?"},"content":{"rendered":"<p style=\"text-align: justify;\"><strong><em>Oscar Lombardot ou \u00c9milien Jacquelin ? Le relais masculin fran\u00e7ais face \u00e0 un choix cl\u00e9 avant les JO 2026. Analyse et d\u00e9bat.<\/em><\/strong><\/p>\n<p style=\"text-align: justify;\">Il y a des d\u00e9bats que l\u2019on pr\u00e9f\u00e8re repousser. Par confort. Par fid\u00e9lit\u00e9. Par respect aussi. Et puis il y a ceux qui finissent par s\u2019imposer d\u2019eux-m\u00eames, \u00e0 force de faits, de signaux faibles et de petites alertes ignor\u00e9es trop longtemps. La place d\u2019<strong>\u00c9milien Jacquelin<\/strong> sur le relais masculin fran\u00e7ais en fait d\u00e9sormais partie.<\/p>\n<p style=\"text-align: justify;\">Car derri\u00e8re l\u2019euphorie de <a href=\"https:\/\/dicodusport.fr\/blog\/classement-et-resultats-relais-hommes-ruhpolding-2026\/\">la victoire tricolore \u00e0 <strong>Ruhpolding<\/strong> ce jeudi<\/a>, une \u00e9vidence d\u00e9rangeante s\u2019est gliss\u00e9e dans le paysage : l\u2019\u00e9quipe de France a gagn\u00e9 sans lui. Mieux encore, elle a gagn\u00e9 avec s\u00e9rieux, ma\u00eetrise et sang-froid. Tout ce que l\u2019on demande \u00e0 un relayeur sur une course olympique. Et celui qui a incarn\u00e9 ces vertus jeudi s\u2019appelle <strong>Oscar Lombardot<\/strong>.<\/p>\n<div class=\"vlp-link-container vlp-layout-article\"><a href=\"https:\/\/dicodusport.fr\/blog\/monumentale-equipe-de-france-victorieuse-du-relais-hommes-a-ruhpolding\/\" class=\"vlp-link\" title=\"Monumentale \u00e9quipe de France, victorieuse du relais hommes \u00e0 Ruhpolding !\"><\/a><div class=\"vlp-layout-zone-side\"><div class=\"vlp-block-4 vlp-link-image\"><img loading=\"lazy\" decoding=\"async\" style=\"max-width: 792px;\" width=\"792\" height=\"445\" src=\"https:\/\/dicodusport.fr\/blog\/wp-content\/uploads\/2026\/01\/Monumentale-equipe-de-France-victorieuse-du-relais-hommes-a-Ruhpolding-1-1.png\" class=\"attachment-800x445 size-800x445\" alt=\"Monumentale \u00e9quipe de France, victorieuse du relais hommes \u00e0 Ruhpolding !\" srcset=\"https:\/\/dicodusport.fr\/blog\/wp-content\/uploads\/2026\/01\/Monumentale-equipe-de-France-victorieuse-du-relais-hommes-a-Ruhpolding-1-1.png 1200w, https:\/\/dicodusport.fr\/blog\/wp-content\/uploads\/2026\/01\/Monumentale-equipe-de-France-victorieuse-du-relais-hommes-a-Ruhpolding-1-1-300x169.png 300w, https:\/\/dicodusport.fr\/blog\/wp-content\/uploads\/2026\/01\/Monumentale-equipe-de-France-victorieuse-du-relais-hommes-a-Ruhpolding-1-1-1024x575.png 1024w, https:\/\/dicodusport.fr\/blog\/wp-content\/uploads\/2026\/01\/Monumentale-equipe-de-France-victorieuse-du-relais-hommes-a-Ruhpolding-1-1-768x431.png 768w\" sizes=\"auto, (max-width: 792px) 100vw, 792px\" \/><\/div><\/div><div class=\"vlp-layout-zone-main\"><div class=\"vlp-block-0 vlp-link-title\">Monumentale \u00e9quipe de France, victorieuse du relais hommes \u00e0 Ruhpolding !<\/div><div class=\"vlp-block-1 vlp-link-summary\">Solide au tir, imp\u00e9rial sur les skis, \u00c9ric Perrot a fait basculer le relais en offrant une victoire de prestige \u00e0 l\u2019\u00e9quipe de France \u00e0 Ruhpolding.<\/div><div class=\"vlp-block-2 vlp-link-button\">Lire l'article<\/div><div class=\"vlp-block-3 vlp-link-url\">dicodusport.fr<\/div><\/div><\/div>\n<h2 style=\"text-align: justify;\">Jacquelin, un talent immense, mais un passif collectif qui interroge<\/h2>\n<p style=\"text-align: justify;\">Personne ne remettra en cause le palmar\u00e8s ni la valeur intrins\u00e8que d\u2019<strong>\u00c9milien Jacquelin<\/strong>. Double champion du monde de la poursuite, leader charismatique, capable de coups d\u2019\u00e9clat spectaculaires, il reste l\u2019un des biathl\u00e8tes fran\u00e7ais les plus talentueux de sa g\u00e9n\u00e9ration. Mais le relais n\u2019est pas une \u00e9preuve comme les autres. Il ne pardonne pas l\u2019irr\u00e9gularit\u00e9. Il amplifie la moindre faille mentale ou technique.<\/p>\n<p style=\"text-align: justify;\">Or, ces derni\u00e8res saisons, le passif de <strong>Jacquelin<\/strong> sur les relais s\u2019est charg\u00e9 de zones d\u2019ombre. Des tirs sous tension, des pioches qui s\u2019encha\u00eenent, parfois des tours de p\u00e9nalit\u00e9 qui plombent le collectif. Trop souvent, le deuxi\u00e8me relayeur fran\u00e7ais est devenu un point de crispation plut\u00f4t qu\u2019un maillon rassurant. \u00c0 <strong>Oberhof<\/strong>, la semaine pass\u00e9e, son passage cauchemardesque a laiss\u00e9 des traces. Pas forc\u00e9ment au classement, <a href=\"https:\/\/dicodusport.fr\/blog\/relais-renversant-a-oberhof-mais-meme-resultat-les-bleus-encore-deuxiemes-derriere-la-norvege-et-devant-la-suede\/\">la France ayant pris la deuxi\u00e8me place<\/a>, mais surtout dans les t\u00eates.<\/p>\n<p style=\"text-align: justify;\">Bien s\u00fbr, chaque contre-performance s\u2019explique : fatigue, maladie, souci mat\u00e9riel, contexte particulier. Mais \u00e0 l\u2019approche des <strong>Jeux Olympiques<\/strong>, les explications ne suffisent plus. Le relais olympique ne r\u00e9compense ni le statut ni le pass\u00e9. Il sacre les plus fiables \u00e0 l\u2019instant T.<\/p>\n<ul>\n<li style=\"text-align: justify;\"><strong>\u00c0 ce sujet \u2013\u00a0<a class=\"row-title\" href=\"https:\/\/dicodusport.fr\/blog\/biathlon-ruhpolding-2026-programme-horaires-et-resultats\/\" aria-label=\"\u00ab Biathlon Oberhof 2026 : Programme, Horaires et R\u00e9sultats \u00bb\">Biathlon Ruhpolding 2026 : Programme, Horaires et R\u00e9sultats<\/a><\/strong><\/li>\n<\/ul>\n<h2 style=\"text-align: justify;\">Lombardot, la fiabilit\u00e9 sans bruit, mais avec des r\u00e9sultats<\/h2>\n<p style=\"text-align: justify;\">\u00c0 <strong>Ruhpolding<\/strong>, <strong>Oscar Lombardot<\/strong> n\u2019a pas fait de vague. Et c\u2019est pr\u00e9cis\u00e9ment ce qui a frapp\u00e9. Align\u00e9 de derni\u00e8re minute suite <a href=\"https:\/\/dicodusport.fr\/blog\/coup-dur-pour-les-bleus-emilien-jacquelin-forfait-pour-le-relais-hommes-de-ruhpolding\/\">au forfait de <strong>Jacquelin<\/strong><\/a>, il a livr\u00e9 un relais propre, appliqu\u00e9, sans trembler au tir, exactement ce que le collectif attendait. Pas un exploit individuel, mais une performance collective r\u00e9ussie. Le tout sans discours grandiloquent \u00e0 l\u2019issue de la course.<\/p>\n<p style=\"text-align: justify;\">Ce n\u2019est pas la premi\u00e8re fois que <strong>Lombardot<\/strong> r\u00e9pond pr\u00e9sent lorsqu\u2019on fait appel \u00e0 lui. La saison derni\u00e8re, <a href=\"https:\/\/dicodusport.fr\/blog\/relais-hommes-nove-mesto-2025-la-demonstration-et-le-grand-chelem-pour-les-bleus-avec-le-petit-globe\/\">sur le relais masculin victorieux de <strong>Nove Mesto<\/strong>, en R\u00e9publique tch\u00e8que<\/a>, il n\u2019avait eu recours \u00e0 aucune pioche. \u00c0 chaque titularisation, le constat est le m\u00eame : un biathl\u00e8te concentr\u00e9, disciplin\u00e9, respectueux du cadre, capable d\u2019absorber la pression sans s\u2019y perdre. L\u00e0 o\u00f9 <strong>Jacquelin<\/strong> fonctionne souvent \u00e0 l\u2019instinct et \u00e0 l\u2019\u00e9motion, <strong>Lombardot<\/strong> incarne une forme de froideur rassurante sur ce format collectif.<\/p>\n<p style=\"text-align: justify;\">Dans un relais olympique, cette qualit\u00e9 vaut de l\u2019or. Parce que l\u2019enjeu n\u2019est pas de briller seul, mais de ne pas faire perdre les autres.<\/p>\n<blockquote class=\"twitter-tweet\">\n<p dir=\"ltr\" lang=\"fr\">Oscar Lombardot s&rsquo;exprime \u00e0 son tour sur son relais<\/p>\n<p>Suivez la course \u27a1\ufe0f <a href=\"https:\/\/t.co\/4aKX3vuX6w\">https:\/\/t.co\/4aKX3vuX6w<\/a><a href=\"https:\/\/twitter.com\/hashtag\/lequipeBIATHLON?src=hash&amp;ref_src=twsrc%5Etfw\">#lequipeBIATHLON<\/a> <a href=\"https:\/\/t.co\/eqJS5OUpg4\">pic.twitter.com\/eqJS5OUpg4<\/a><\/p>\n<p>\u2014 la chaine L&rsquo;\u00c9quipe (@lachainelequipe) <a href=\"https:\/\/twitter.com\/lachainelequipe\/status\/2011806296471707662?ref_src=twsrc%5Etfw\">January 15, 2026<\/a><\/p><\/blockquote>\n<p><script async src=\"https:\/\/platform.twitter.com\/widgets.js\" charset=\"utf-8\"><\/script><\/p>\n<h2 style=\"text-align: justify;\">Faut-il oser bousculer la hi\u00e9rarchie ?<\/h2>\n<p style=\"text-align: justify;\">La question d\u00e9range parce qu\u2019elle touche \u00e0 l\u2019affectif. <strong>Jacquelin<\/strong> est un visage du biathlon fran\u00e7ais, un champion aim\u00e9, parfois clivant, souvent spectaculaire. Le sortir du relais serait un signal fort, presque brutal. Comme ce fut le cas lors des Mondiaux de Lenzerheide l\u2019an dernier, lorsqu\u2019il avait \u00e9t\u00e9 mis sur la touche au profit d\u2019<a href=\"https:\/\/dicodusport.fr\/blog\/emilien-claude-gagne-encore-des-points-en-ibu-cup-avec-un-podium-sur-le-sprint-darber\/\"><strong>\u00c9milien Claude<\/strong><\/a>. Mais le sport de haut niveau ne vit pas de symboles. Il vit de d\u00e9cisions.<\/p>\n<p style=\"text-align: justify;\">\u00c0 un mois du relais des Jeux de Milan-Cortina, l\u2019<strong>\u00e9quipe de France<\/strong> n\u2019a plus le luxe d\u2019exp\u00e9rimenter dans l\u2019urgence. Elle doit construire un relais capable de r\u00e9sister \u00e0 la pression maximale. Et aujourd\u2019hui, les faits plaident pour <strong>Lombardot<\/strong> : constance, s\u00e9rieux, fiabilit\u00e9 au tir, int\u00e9gration parfaite au collectif.<\/p>\n<p style=\"text-align: justify;\">Cela ne signifie pas condamner <strong>Jacquelin<\/strong>. Cela signifie accepter une r\u00e9alit\u00e9 inconfortable : le relais masculin fran\u00e7ais semble plus solide sans lui, du moins dans sa configuration actuelle.<\/p>\n<div class=\"vlp-link-container vlp-layout-article\"><a href=\"https:\/\/dicodusport.fr\/blog\/biathlon-ski-hockey-73-premiers-athletes-annonces-pour-les-jo-2026-de-milan-cortina\/\" class=\"vlp-link\" title=\"Biathlon, ski, hockey... 73 premiers athl\u00e8tes annonc\u00e9s pour les JO 2026 de Milan-Cortina\"><\/a><div class=\"vlp-layout-zone-side\"><div class=\"vlp-block-4 vlp-link-image\"><img loading=\"lazy\" decoding=\"async\" style=\"max-width: 792px;\" width=\"792\" height=\"445\" src=\"https:\/\/dicodusport.fr\/blog\/wp-content\/uploads\/2025\/12\/Biathlon-ski-hockey-73-premiers-athletes-annonces-pour-les-JO-2026-de-Milan-Cortina.png\" class=\"attachment-800x445 size-800x445\" alt=\"Biathlon, ski, hockey 73 premiers athl\u00e8tes annonc\u00e9s pour les JO 2026 de Milan-Cortina\" srcset=\"https:\/\/dicodusport.fr\/blog\/wp-content\/uploads\/2025\/12\/Biathlon-ski-hockey-73-premiers-athletes-annonces-pour-les-JO-2026-de-Milan-Cortina.png 1200w, https:\/\/dicodusport.fr\/blog\/wp-content\/uploads\/2025\/12\/Biathlon-ski-hockey-73-premiers-athletes-annonces-pour-les-JO-2026-de-Milan-Cortina-300x169.png 300w, https:\/\/dicodusport.fr\/blog\/wp-content\/uploads\/2025\/12\/Biathlon-ski-hockey-73-premiers-athletes-annonces-pour-les-JO-2026-de-Milan-Cortina-1024x575.png 1024w, https:\/\/dicodusport.fr\/blog\/wp-content\/uploads\/2025\/12\/Biathlon-ski-hockey-73-premiers-athletes-annonces-pour-les-JO-2026-de-Milan-Cortina-768x431.png 768w\" sizes=\"auto, (max-width: 792px) 100vw, 792px\" \/><\/div><\/div><div class=\"vlp-layout-zone-main\"><div class=\"vlp-block-0 vlp-link-title\">Biathlon, ski, hockey... 73 premiers athl\u00e8tes annonc\u00e9s pour les JO 2026 de Milan-Cortina<\/div><div class=\"vlp-block-1 vlp-link-summary\">JEUX OLYMPIQUES D'HIVER 2026 - Le CNOSF a valid\u00e9 ce mardi une premi\u00e8re liste de 73 athl\u00e8tes s\u00e9lectionn\u00e9s pour repr\u00e9senter la France.<\/div><div class=\"vlp-block-2 vlp-link-button\">Lire l'article<\/div><div class=\"vlp-block-3 vlp-link-url\">dicodusport.fr<\/div><\/div><\/div>\n<h2 style=\"text-align: justify;\">Lucidit\u00e9 plut\u00f4t que loyaut\u00e9 aveugle<\/h2>\n<p style=\"text-align: justify;\">Ce d\u00e9bat n\u2019est ni un proc\u00e8s ni une prise de position d\u00e9finitive. C\u2019est un appel \u00e0 la lucidit\u00e9. Soutenir les biathl\u00e8tes fran\u00e7ais, ce n\u2019est pas prot\u00e9ger ses champions de toute remise en question. C\u2019est au contraire exiger le meilleur cadre possible pour aller chercher l\u2019or olympique.<\/p>\n<p style=\"text-align: justify;\">Si <strong>Oscar Lombardot<\/strong> continue d\u2019apporter des garanties quand <strong>\u00c9milien Jacquelin<\/strong> continue d\u2019enlever de la s\u00e9r\u00e9nit\u00e9 au collectif, alors la question ne sera plus pol\u00e9mique. Elle sera simplement sportive. Et dans le sport de haut niveau, le s\u00e9rieux finit toujours par s\u2019imposer face au prestige. Cela, le staff des Bleus, <strong>Simon Fourcade<\/strong> en t\u00eate, semble l\u2019avoir bien compris.<\/p>\n<h3 style=\"text-align: justify;\">Dicodusport vous conseille<\/h3>\n<div class=\"vlp-link-container vlp-layout-article\"><a href=\"https:\/\/dicodusport.fr\/blog\/edito-aimer-le-biathlon-francais-sans-fermer-les-yeux\/\" class=\"vlp-link\" title=\"\u00c9dito : Aimer le biathlon fran\u00e7ais sans fermer les yeux\"><\/a><div class=\"vlp-layout-zone-side\"><div class=\"vlp-block-4 vlp-link-image\"><img loading=\"lazy\" decoding=\"async\" style=\"max-width: 792px;\" width=\"792\" height=\"445\" src=\"https:\/\/dicodusport.fr\/blog\/wp-content\/uploads\/2025\/12\/Edito-Aimer-le-biathlon-francais-sans-fermer-les-yeux.png\" class=\"attachment-800x445 size-800x445\" alt=\"\u00c9dito Aimer le biathlon fran\u00e7ais sans fermer les yeux\" srcset=\"https:\/\/dicodusport.fr\/blog\/wp-content\/uploads\/2025\/12\/Edito-Aimer-le-biathlon-francais-sans-fermer-les-yeux.png 1200w, https:\/\/dicodusport.fr\/blog\/wp-content\/uploads\/2025\/12\/Edito-Aimer-le-biathlon-francais-sans-fermer-les-yeux-300x169.png 300w, https:\/\/dicodusport.fr\/blog\/wp-content\/uploads\/2025\/12\/Edito-Aimer-le-biathlon-francais-sans-fermer-les-yeux-1024x575.png 1024w, https:\/\/dicodusport.fr\/blog\/wp-content\/uploads\/2025\/12\/Edito-Aimer-le-biathlon-francais-sans-fermer-les-yeux-768x431.png 768w\" sizes=\"auto, (max-width: 792px) 100vw, 792px\" \/><\/div><\/div><div class=\"vlp-layout-zone-main\"><div class=\"vlp-block-0 vlp-link-title\">\u00c9dito : Aimer le biathlon fran\u00e7ais sans fermer les yeux<\/div><div class=\"vlp-block-1 vlp-link-summary\">Aimer le biathlon fran\u00e7ais sans fermer les yeux : quand l\u2019exigence, la pression m\u00e9diatique et l\u2019humain entrent en collision.<\/div><div class=\"vlp-block-2 vlp-link-button\">Lire l'article<\/div><div class=\"vlp-block-3 vlp-link-url\">dicodusport.fr<\/div><\/div><\/div>\n<div id=\"gtx-trans\" style=\"position: absolute; left: -14px; top: 40.9091px;\">\n<div class=\"gtx-trans-icon\"><\/div>\n<\/div>\n","protected":false},"excerpt":{"rendered":"<p>Oscar Lombardot ou \u00c9milien Jacquelin ? Le relais masculin fran\u00e7ais face \u00e0 un choix cl\u00e9 avant les JO 2026. Analyse et d\u00e9bat.<\/p>\n","protected":false},"author":4,"featured_media":638739,"comment_status":"open","ping_status":"closed","sticky":false,"template":"","format":"standard","meta":{"_acf_changed":false,"_daextam_enable_autolinks":"1","footnotes":""},"categories":[2426,44003],"tags":[32415,2427,16878,2692,46887,46888,47094,22724],"class_list":["post-638717","post","type-post","status-publish","format-standard","has-post-thumbnail","hentry","category-biathlon","category-jo-hiver-2026","tag-actu","tag-biathlon","tag-breve","tag-emilien-jacquelin","tag-jeux-olympiques-2026","tag-jo-2026","tag-jo-dhiver","tag-oscar-lombardot"],"acf":[],"yoast_head":"<!-- This site is optimized with the Yoast SEO Premium plugin v26.7 (Yoast SEO v26.7) - https:\/\/yoast.com\/wordpress\/plugins\/seo\/ -->\n<title>La question qui f\u00e2che : Lombardot doit-il remplacer Jacquelin sur le relais masculin des JO 2026 ?<\/title>\n<meta name=\"description\" content=\"Oscar Lombardot ou \u00c9milien Jacquelin ? Le relais masculin fran\u00e7ais face \u00e0 un choix cl\u00e9 avant les JO 2026. Analyse et d\u00e9bat.\" \/>\n<meta name=\"robots\" content=\"index, follow, max-snippet:-1, max-image-preview:large, max-video-preview:-1\" \/>\n<link rel=\"canonical\" href=\"https:\/\/dicodusport.fr\/blog\/la-question-qui-fache-lombardot-doit-il-remplacer-jacquelin-sur-le-relais-masculin-des-jo-2026\/\" \/>\n<meta property=\"og:locale\" content=\"fr_FR\" \/>\n<meta property=\"og:type\" content=\"article\" \/>\n<meta property=\"og:title\" content=\"La question qui f\u00e2che : Lombardot doit-il remplacer Jacquelin sur le relais masculin des JO 2026 ?\" \/>\n<meta property=\"og:description\" content=\"Oscar Lombardot ou \u00c9milien Jacquelin ? Le relais masculin fran\u00e7ais face \u00e0 un choix cl\u00e9 avant les JO 2026. Analyse et d\u00e9bat.\" \/>\n<meta property=\"og:url\" content=\"https:\/\/dicodusport.fr\/blog\/la-question-qui-fache-lombardot-doit-il-remplacer-jacquelin-sur-le-relais-masculin-des-jo-2026\/\" \/>\n<meta property=\"og:site_name\" content=\"Dicodusport\" \/>\n<meta property=\"article:publisher\" content=\"https:\/\/www.facebook.com\/dicodusport\" \/>\n<meta property=\"article:author\" content=\"https:\/\/www.facebook.com\/florent.ostermann\" \/>\n<meta property=\"article:published_time\" content=\"2026-01-16T16:00:07+00:00\" \/>\n<meta property=\"article:modified_time\" content=\"2026-02-03T08:43:40+00:00\" \/>\n<meta property=\"og:image\" content=\"https:\/\/dicodusport.fr\/blog\/wp-content\/uploads\/2026\/01\/La-question-qui-fache-Lombardot-doit-il-remplacer-Jacquelin-sur-le-relais-masculin-des-JO-2026-.png\" \/>\n\t<meta property=\"og:image:width\" content=\"1200\" \/>\n\t<meta property=\"og:image:height\" content=\"674\" \/>\n\t<meta property=\"og:image:type\" content=\"image\/png\" \/>\n<meta name=\"author\" content=\"Flo Ostermann\" \/>\n<meta name=\"twitter:card\" content=\"summary_large_image\" \/>\n<meta name=\"twitter:title\" content=\"La question qui f\u00e2che : Lombardot doit-il remplacer Jacquelin sur le relais masculin des JO 2026 ?\" \/>\n<meta name=\"twitter:creator\" content=\"@https:\/\/twitter.com\/FlOstermann\" \/>\n<meta name=\"twitter:site\" content=\"@dicodusport\" \/>\n<script type=\"application\/ld+json\" class=\"yoast-schema-graph\">{\"@context\":\"https:\/\/schema.org\",\"@graph\":[{\"@type\":\"NewsArticle\",\"@id\":\"https:\/\/dicodusport.fr\/blog\/la-question-qui-fache-lombardot-doit-il-remplacer-jacquelin-sur-le-relais-masculin-des-jo-2026\/#article\",\"isPartOf\":{\"@id\":\"https:\/\/dicodusport.fr\/blog\/la-question-qui-fache-lombardot-doit-il-remplacer-jacquelin-sur-le-relais-masculin-des-jo-2026\/\"},\"author\":{\"name\":\"Flo Ostermann\",\"@id\":\"https:\/\/dicodusport.fr\/blog\/#\/schema\/person\/cb02af4c173ce4a653b55e9baf388d4a\"},\"headline\":\"La question qui f\u00e2che : Lombardot doit-il remplacer Jacquelin sur le relais masculin des JO 2026 ?\",\"datePublished\":\"2026-01-16T16:00:07+00:00\",\"dateModified\":\"2026-02-03T08:43:40+00:00\",\"mainEntityOfPage\":{\"@id\":\"https:\/\/dicodusport.fr\/blog\/la-question-qui-fache-lombardot-doit-il-remplacer-jacquelin-sur-le-relais-masculin-des-jo-2026\/\"},\"wordCount\":1185,\"commentCount\":2,\"publisher\":{\"@id\":\"https:\/\/dicodusport.fr\/blog\/#organization\"},\"image\":{\"@id\":\"https:\/\/dicodusport.fr\/blog\/la-question-qui-fache-lombardot-doit-il-remplacer-jacquelin-sur-le-relais-masculin-des-jo-2026\/#primaryimage\"},\"thumbnailUrl\":\"https:\/\/dicodusport.fr\/blog\/wp-content\/uploads\/2026\/01\/La-question-qui-fache-Lombardot-doit-il-remplacer-Jacquelin-sur-le-relais-masculin-des-JO-2026-.png\",\"keywords\":[\"actu\",\"Biathlon\",\"br\u00e8ve\",\"Emilien Jacquelin\",\"Jeux Olympiques 2026\",\"JO 2026\",\"JO d'hiver\",\"Oscar Lombardot\"],\"articleSection\":[\"Biathlon\",\"JO d'hiver 2026\"],\"inLanguage\":\"fr-FR\",\"potentialAction\":[{\"@type\":\"CommentAction\",\"name\":\"Comment\",\"target\":[\"https:\/\/dicodusport.fr\/blog\/la-question-qui-fache-lombardot-doit-il-remplacer-jacquelin-sur-le-relais-masculin-des-jo-2026\/#respond\"]}],\"copyrightYear\":\"2026\",\"copyrightHolder\":{\"@id\":\"https:\/\/dicodusport.fr\/blog\/#organization\"}},{\"@type\":\"WebPage\",\"@id\":\"https:\/\/dicodusport.fr\/blog\/la-question-qui-fache-lombardot-doit-il-remplacer-jacquelin-sur-le-relais-masculin-des-jo-2026\/\",\"url\":\"https:\/\/dicodusport.fr\/blog\/la-question-qui-fache-lombardot-doit-il-remplacer-jacquelin-sur-le-relais-masculin-des-jo-2026\/\",\"name\":\"La question qui f\u00e2che : Lombardot doit-il remplacer Jacquelin sur le relais masculin des JO 2026 ?\",\"isPartOf\":{\"@id\":\"https:\/\/dicodusport.fr\/blog\/#website\"},\"primaryImageOfPage\":{\"@id\":\"https:\/\/dicodusport.fr\/blog\/la-question-qui-fache-lombardot-doit-il-remplacer-jacquelin-sur-le-relais-masculin-des-jo-2026\/#primaryimage\"},\"image\":{\"@id\":\"https:\/\/dicodusport.fr\/blog\/la-question-qui-fache-lombardot-doit-il-remplacer-jacquelin-sur-le-relais-masculin-des-jo-2026\/#primaryimage\"},\"thumbnailUrl\":\"https:\/\/dicodusport.fr\/blog\/wp-content\/uploads\/2026\/01\/La-question-qui-fache-Lombardot-doit-il-remplacer-Jacquelin-sur-le-relais-masculin-des-JO-2026-.png\",\"datePublished\":\"2026-01-16T16:00:07+00:00\",\"dateModified\":\"2026-02-03T08:43:40+00:00\",\"description\":\"Oscar Lombardot ou \u00c9milien Jacquelin ? Le relais masculin fran\u00e7ais face \u00e0 un choix cl\u00e9 avant les JO 2026. Analyse et d\u00e9bat.\",\"breadcrumb\":{\"@id\":\"https:\/\/dicodusport.fr\/blog\/la-question-qui-fache-lombardot-doit-il-remplacer-jacquelin-sur-le-relais-masculin-des-jo-2026\/#breadcrumb\"},\"inLanguage\":\"fr-FR\",\"potentialAction\":[{\"@type\":\"ReadAction\",\"target\":[\"https:\/\/dicodusport.fr\/blog\/la-question-qui-fache-lombardot-doit-il-remplacer-jacquelin-sur-le-relais-masculin-des-jo-2026\/\"]}]},{\"@type\":\"ImageObject\",\"inLanguage\":\"fr-FR\",\"@id\":\"https:\/\/dicodusport.fr\/blog\/la-question-qui-fache-lombardot-doit-il-remplacer-jacquelin-sur-le-relais-masculin-des-jo-2026\/#primaryimage\",\"url\":\"https:\/\/dicodusport.fr\/blog\/wp-content\/uploads\/2026\/01\/La-question-qui-fache-Lombardot-doit-il-remplacer-Jacquelin-sur-le-relais-masculin-des-JO-2026-.png\",\"contentUrl\":\"https:\/\/dicodusport.fr\/blog\/wp-content\/uploads\/2026\/01\/La-question-qui-fache-Lombardot-doit-il-remplacer-Jacquelin-sur-le-relais-masculin-des-JO-2026-.png\",\"width\":1200,\"height\":674,\"caption\":\"La question qui f\u00e2che Lombardot doit-il remplacer Jacquelin sur le relais masculin des JO 2026\"},{\"@type\":\"BreadcrumbList\",\"@id\":\"https:\/\/dicodusport.fr\/blog\/la-question-qui-fache-lombardot-doit-il-remplacer-jacquelin-sur-le-relais-masculin-des-jo-2026\/#breadcrumb\",\"itemListElement\":[{\"@type\":\"ListItem\",\"position\":1,\"name\":\"Accueil\",\"item\":\"https:\/\/dicodusport.fr\/blog\/\"},{\"@type\":\"ListItem\",\"position\":2,\"name\":\"La question qui f\u00e2che : Lombardot doit-il remplacer Jacquelin sur le relais masculin des JO 2026 ?\"}]},{\"@type\":\"WebSite\",\"@id\":\"https:\/\/dicodusport.fr\/blog\/#website\",\"url\":\"https:\/\/dicodusport.fr\/blog\/\",\"name\":\"Dicodusport\",\"description\":\"L&#039;encyclop\u00e9die de l&#039;actualit\u00e9 sportive\",\"publisher\":{\"@id\":\"https:\/\/dicodusport.fr\/blog\/#organization\"},\"potentialAction\":[{\"@type\":\"SearchAction\",\"target\":{\"@type\":\"EntryPoint\",\"urlTemplate\":\"https:\/\/dicodusport.fr\/blog\/?s={search_term_string}\"},\"query-input\":{\"@type\":\"PropertyValueSpecification\",\"valueRequired\":true,\"valueName\":\"search_term_string\"}}],\"inLanguage\":\"fr-FR\"},{\"@type\":\"NewsMediaOrganization\",\"@id\":\"https:\/\/dicodusport.fr\/blog\/#organization\",\"name\":\"Dicodusport\",\"url\":\"https:\/\/dicodusport.fr\/blog\/\",\"logo\":{\"@type\":\"ImageObject\",\"inLanguage\":\"fr-FR\",\"@id\":\"https:\/\/dicodusport.fr\/blog\/#\/schema\/logo\/image\/\",\"url\":\"https:\/\/dicodusport.fr\/blog\/wp-content\/uploads\/2020\/06\/cropped-LOGO-DICODUSPORT-2020-SANS-FOND-SANS-TEXTE.png\",\"contentUrl\":\"https:\/\/dicodusport.fr\/blog\/wp-content\/uploads\/2020\/06\/cropped-LOGO-DICODUSPORT-2020-SANS-FOND-SANS-TEXTE.png\",\"width\":512,\"height\":512,\"caption\":\"Dicodusport\"},\"image\":{\"@id\":\"https:\/\/dicodusport.fr\/blog\/#\/schema\/logo\/image\/\"},\"sameAs\":[\"https:\/\/www.facebook.com\/dicodusport\",\"https:\/\/x.com\/dicodusport\",\"https:\/\/www.instagram.com\/dicodusport\/\",\"https:\/\/www.youtube.com\/channel\/UC7V2KZ5sd3htJivAbA4ZG3w\"],\"description\":\"Dicodusport est l'encyclop\u00e9die de l'actualit\u00e9 sportive.\",\"email\":\"bonjour@dicodusport.fr\",\"legalName\":\"DICODUSPORT\",\"foundingDate\":\"2018-01-14\",\"vatID\":\"FR71834470973\",\"taxID\":\"83447097300043\",\"numberOfEmployees\":{\"@type\":\"QuantitativeValue\",\"minValue\":\"1\",\"maxValue\":\"10\"}},{\"@type\":\"Person\",\"@id\":\"https:\/\/dicodusport.fr\/blog\/#\/schema\/person\/cb02af4c173ce4a653b55e9baf388d4a\",\"name\":\"Flo Ostermann\",\"image\":{\"@type\":\"ImageObject\",\"inLanguage\":\"fr-FR\",\"@id\":\"https:\/\/dicodusport.fr\/blog\/#\/schema\/person\/image\/\",\"url\":\"https:\/\/dicodusport.fr\/blog\/wp-content\/uploads\/2021\/05\/Flo-Ostermann-150x150.jpg\",\"contentUrl\":\"https:\/\/dicodusport.fr\/blog\/wp-content\/uploads\/2021\/05\/Flo-Ostermann-150x150.jpg\",\"caption\":\"Flo Ostermann\"},\"description\":\"Journaliste\/R\u00e9dacteur depuis septembre 2015 - Mes premiers souvenirs dans le sport ? Les envol\u00e9es du Stade Toulousain et les duels Villeneuve-Schumacher et H\u00e4kkinen-Schumacher \u00e0 la fin des ann\u00e9es 90, la Coupe du monde de football en 1998, l\u2019exploit du XV de France face aux All Blacks en 1999, mais aussi Richard C\u0153ur de Lion qui vole sur les montagnes du Tour de France. Bien parti pour devenir professeur d\u2019EPS, les \u00e9v\u00e9nements de la vie (et la flemme d\u2019animer des s\u00e9ances de 3x500 m\u00e8tres toute ma vie) m\u2019ont conduit \u00e0 revoir mes plans. Me voil\u00e0 depuis fin 2017 sur Dicodusport, m\u00e9dia gr\u00e2ce (et pour) lequel je partage ma passion : le sport dans tous ses \u00e9tats. Le tout accompagn\u00e9 par les fous furieux et folles furieuses cit\u00e9s sur cette page !\",\"sameAs\":[\"https:\/\/www.facebook.com\/florent.ostermann\",\"https:\/\/x.com\/https:\/\/twitter.com\/FlOstermann\",\"admin\"],\"url\":\"https:\/\/dicodusport.fr\/blog\/author\/flo\/\"}]}<\/script>\n<!-- \/ Yoast SEO Premium plugin. -->","yoast_head_json":{"title":"La question qui f\u00e2che : Lombardot doit-il remplacer Jacquelin sur le relais masculin des JO 2026 ?","description":"Oscar Lombardot ou \u00c9milien Jacquelin ? Le relais masculin fran\u00e7ais face \u00e0 un choix cl\u00e9 avant les JO 2026. Analyse et d\u00e9bat.","robots":{"index":"index","follow":"follow","max-snippet":"max-snippet:-1","max-image-preview":"max-image-preview:large","max-video-preview":"max-video-preview:-1"},"canonical":"https:\/\/dicodusport.fr\/blog\/la-question-qui-fache-lombardot-doit-il-remplacer-jacquelin-sur-le-relais-masculin-des-jo-2026\/","og_locale":"fr_FR","og_type":"article","og_title":"La question qui f\u00e2che : Lombardot doit-il remplacer Jacquelin sur le relais masculin des JO 2026 ?","og_description":"Oscar Lombardot ou \u00c9milien Jacquelin ? Le relais masculin fran\u00e7ais face \u00e0 un choix cl\u00e9 avant les JO 2026. Analyse et d\u00e9bat.","og_url":"https:\/\/dicodusport.fr\/blog\/la-question-qui-fache-lombardot-doit-il-remplacer-jacquelin-sur-le-relais-masculin-des-jo-2026\/","og_site_name":"Dicodusport","article_publisher":"https:\/\/www.facebook.com\/dicodusport","article_author":"https:\/\/www.facebook.com\/florent.ostermann","article_published_time":"2026-01-16T16:00:07+00:00","article_modified_time":"2026-02-03T08:43:40+00:00","og_image":[{"width":1200,"height":674,"url":"https:\/\/dicodusport.fr\/blog\/wp-content\/uploads\/2026\/01\/La-question-qui-fache-Lombardot-doit-il-remplacer-Jacquelin-sur-le-relais-masculin-des-JO-2026-.png","type":"image\/png"}],"author":"Flo Ostermann","twitter_card":"summary_large_image","twitter_title":"La question qui f\u00e2che : Lombardot doit-il remplacer Jacquelin sur le relais masculin des JO 2026 ?","twitter_creator":"@https:\/\/twitter.com\/FlOstermann","twitter_site":"@dicodusport","schema":{"@context":"https:\/\/schema.org","@graph":[{"@type":"NewsArticle","@id":"https:\/\/dicodusport.fr\/blog\/la-question-qui-fache-lombardot-doit-il-remplacer-jacquelin-sur-le-relais-masculin-des-jo-2026\/#article","isPartOf":{"@id":"https:\/\/dicodusport.fr\/blog\/la-question-qui-fache-lombardot-doit-il-remplacer-jacquelin-sur-le-relais-masculin-des-jo-2026\/"},"author":{"name":"Flo Ostermann","@id":"https:\/\/dicodusport.fr\/blog\/#\/schema\/person\/cb02af4c173ce4a653b55e9baf388d4a"},"headline":"La question qui f\u00e2che : Lombardot doit-il remplacer Jacquelin sur le relais masculin des JO 2026 ?","datePublished":"2026-01-16T16:00:07+00:00","dateModified":"2026-02-03T08:43:40+00:00","mainEntityOfPage":{"@id":"https:\/\/dicodusport.fr\/blog\/la-question-qui-fache-lombardot-doit-il-remplacer-jacquelin-sur-le-relais-masculin-des-jo-2026\/"},"wordCount":1185,"commentCount":2,"publisher":{"@id":"https:\/\/dicodusport.fr\/blog\/#organization"},"image":{"@id":"https:\/\/dicodusport.fr\/blog\/la-question-qui-fache-lombardot-doit-il-remplacer-jacquelin-sur-le-relais-masculin-des-jo-2026\/#primaryimage"},"thumbnailUrl":"https:\/\/dicodusport.fr\/blog\/wp-content\/uploads\/2026\/01\/La-question-qui-fache-Lombardot-doit-il-remplacer-Jacquelin-sur-le-relais-masculin-des-JO-2026-.png","keywords":["actu","Biathlon","br\u00e8ve","Emilien Jacquelin","Jeux Olympiques 2026","JO 2026","JO d'hiver","Oscar Lombardot"],"articleSection":["Biathlon","JO d'hiver 2026"],"inLanguage":"fr-FR","potentialAction":[{"@type":"CommentAction","name":"Comment","target":["https:\/\/dicodusport.fr\/blog\/la-question-qui-fache-lombardot-doit-il-remplacer-jacquelin-sur-le-relais-masculin-des-jo-2026\/#respond"]}],"copyrightYear":"2026","copyrightHolder":{"@id":"https:\/\/dicodusport.fr\/blog\/#organization"}},{"@type":"WebPage","@id":"https:\/\/dicodusport.fr\/blog\/la-question-qui-fache-lombardot-doit-il-remplacer-jacquelin-sur-le-relais-masculin-des-jo-2026\/","url":"https:\/\/dicodusport.fr\/blog\/la-question-qui-fache-lombardot-doit-il-remplacer-jacquelin-sur-le-relais-masculin-des-jo-2026\/","name":"La question qui f\u00e2che : Lombardot doit-il remplacer Jacquelin sur le relais masculin des JO 2026 ?","isPartOf":{"@id":"https:\/\/dicodusport.fr\/blog\/#website"},"primaryImageOfPage":{"@id":"https:\/\/dicodusport.fr\/blog\/la-question-qui-fache-lombardot-doit-il-remplacer-jacquelin-sur-le-relais-masculin-des-jo-2026\/#primaryimage"},"image":{"@id":"https:\/\/dicodusport.fr\/blog\/la-question-qui-fache-lombardot-doit-il-remplacer-jacquelin-sur-le-relais-masculin-des-jo-2026\/#primaryimage"},"thumbnailUrl":"https:\/\/dicodusport.fr\/blog\/wp-content\/uploads\/2026\/01\/La-question-qui-fache-Lombardot-doit-il-remplacer-Jacquelin-sur-le-relais-masculin-des-JO-2026-.png","datePublished":"2026-01-16T16:00:07+00:00","dateModified":"2026-02-03T08:43:40+00:00","description":"Oscar Lombardot ou \u00c9milien Jacquelin ? Le relais masculin fran\u00e7ais face \u00e0 un choix cl\u00e9 avant les JO 2026. Analyse et d\u00e9bat.","breadcrumb":{"@id":"https:\/\/dicodusport.fr\/blog\/la-question-qui-fache-lombardot-doit-il-remplacer-jacquelin-sur-le-relais-masculin-des-jo-2026\/#breadcrumb"},"inLanguage":"fr-FR","potentialAction":[{"@type":"ReadAction","target":["https:\/\/dicodusport.fr\/blog\/la-question-qui-fache-lombardot-doit-il-remplacer-jacquelin-sur-le-relais-masculin-des-jo-2026\/"]}]},{"@type":"ImageObject","inLanguage":"fr-FR","@id":"https:\/\/dicodusport.fr\/blog\/la-question-qui-fache-lombardot-doit-il-remplacer-jacquelin-sur-le-relais-masculin-des-jo-2026\/#primaryimage","url":"https:\/\/dicodusport.fr\/blog\/wp-content\/uploads\/2026\/01\/La-question-qui-fache-Lombardot-doit-il-remplacer-Jacquelin-sur-le-relais-masculin-des-JO-2026-.png","contentUrl":"https:\/\/dicodusport.fr\/blog\/wp-content\/uploads\/2026\/01\/La-question-qui-fache-Lombardot-doit-il-remplacer-Jacquelin-sur-le-relais-masculin-des-JO-2026-.png","width":1200,"height":674,"caption":"La question qui f\u00e2che Lombardot doit-il remplacer Jacquelin sur le relais masculin des JO 2026"},{"@type":"BreadcrumbList","@id":"https:\/\/dicodusport.fr\/blog\/la-question-qui-fache-lombardot-doit-il-remplacer-jacquelin-sur-le-relais-masculin-des-jo-2026\/#breadcrumb","itemListElement":[{"@type":"ListItem","position":1,"name":"Accueil","item":"https:\/\/dicodusport.fr\/blog\/"},{"@type":"ListItem","position":2,"name":"La question qui f\u00e2che : Lombardot doit-il remplacer Jacquelin sur le relais masculin des JO 2026 ?"}]},{"@type":"WebSite","@id":"https:\/\/dicodusport.fr\/blog\/#website","url":"https:\/\/dicodusport.fr\/blog\/","name":"Dicodusport","description":"L&#039;encyclop\u00e9die de l&#039;actualit\u00e9 sportive","publisher":{"@id":"https:\/\/dicodusport.fr\/blog\/#organization"},"potentialAction":[{"@type":"SearchAction","target":{"@type":"EntryPoint","urlTemplate":"https:\/\/dicodusport.fr\/blog\/?s={search_term_string}"},"query-input":{"@type":"PropertyValueSpecification","valueRequired":true,"valueName":"search_term_string"}}],"inLanguage":"fr-FR"},{"@type":"NewsMediaOrganization","@id":"https:\/\/dicodusport.fr\/blog\/#organization","name":"Dicodusport","url":"https:\/\/dicodusport.fr\/blog\/","logo":{"@type":"ImageObject","inLanguage":"fr-FR","@id":"https:\/\/dicodusport.fr\/blog\/#\/schema\/logo\/image\/","url":"https:\/\/dicodusport.fr\/blog\/wp-content\/uploads\/2020\/06\/cropped-LOGO-DICODUSPORT-2020-SANS-FOND-SANS-TEXTE.png","contentUrl":"https:\/\/dicodusport.fr\/blog\/wp-content\/uploads\/2020\/06\/cropped-LOGO-DICODUSPORT-2020-SANS-FOND-SANS-TEXTE.png","width":512,"height":512,"caption":"Dicodusport"},"image":{"@id":"https:\/\/dicodusport.fr\/blog\/#\/schema\/logo\/image\/"},"sameAs":["https:\/\/www.facebook.com\/dicodusport","https:\/\/x.com\/dicodusport","https:\/\/www.instagram.com\/dicodusport\/","https:\/\/www.youtube.com\/channel\/UC7V2KZ5sd3htJivAbA4ZG3w"],"description":"Dicodusport est l'encyclop\u00e9die de l'actualit\u00e9 sportive.","email":"bonjour@dicodusport.fr","legalName":"DICODUSPORT","foundingDate":"2018-01-14","vatID":"FR71834470973","taxID":"83447097300043","numberOfEmployees":{"@type":"QuantitativeValue","minValue":"1","maxValue":"10"}},{"@type":"Person","@id":"https:\/\/dicodusport.fr\/blog\/#\/schema\/person\/cb02af4c173ce4a653b55e9baf388d4a","name":"Flo Ostermann","image":{"@type":"ImageObject","inLanguage":"fr-FR","@id":"https:\/\/dicodusport.fr\/blog\/#\/schema\/person\/image\/","url":"https:\/\/dicodusport.fr\/blog\/wp-content\/uploads\/2021\/05\/Flo-Ostermann-150x150.jpg","contentUrl":"https:\/\/dicodusport.fr\/blog\/wp-content\/uploads\/2021\/05\/Flo-Ostermann-150x150.jpg","caption":"Flo Ostermann"},"description":"Journaliste\/R\u00e9dacteur depuis septembre 2015 - Mes premiers souvenirs dans le sport ? Les envol\u00e9es du Stade Toulousain et les duels Villeneuve-Schumacher et H\u00e4kkinen-Schumacher \u00e0 la fin des ann\u00e9es 90, la Coupe du monde de football en 1998, l\u2019exploit du XV de France face aux All Blacks en 1999, mais aussi Richard C\u0153ur de Lion qui vole sur les montagnes du Tour de France. Bien parti pour devenir professeur d\u2019EPS, les \u00e9v\u00e9nements de la vie (et la flemme d\u2019animer des s\u00e9ances de 3x500 m\u00e8tres toute ma vie) m\u2019ont conduit \u00e0 revoir mes plans. Me voil\u00e0 depuis fin 2017 sur Dicodusport, m\u00e9dia gr\u00e2ce (et pour) lequel je partage ma passion : le sport dans tous ses \u00e9tats. Le tout accompagn\u00e9 par les fous furieux et folles furieuses cit\u00e9s sur cette page !","sameAs":["https:\/\/www.facebook.com\/florent.ostermann","https:\/\/x.com\/https:\/\/twitter.com\/FlOstermann","admin"],"url":"https:\/\/dicodusport.fr\/blog\/author\/flo\/"}]}},"_links":{"self":[{"href":"https:\/\/dicodusport.fr\/blog\/wp-json\/wp\/v2\/posts\/638717","targetHints":{"allow":["GET"]}}],"collection":[{"href":"https:\/\/dicodusport.fr\/blog\/wp-json\/wp\/v2\/posts"}],"about":[{"href":"https:\/\/dicodusport.fr\/blog\/wp-json\/wp\/v2\/types\/post"}],"author":[{"embeddable":true,"href":"https:\/\/dicodusport.fr\/blog\/wp-json\/wp\/v2\/users\/4"}],"replies":[{"embeddable":true,"href":"https:\/\/dicodusport.fr\/blog\/wp-json\/wp\/v2\/comments?post=638717"}],"version-history":[{"count":2,"href":"https:\/\/dicodusport.fr\/blog\/wp-json\/wp\/v2\/posts\/638717\/revisions"}],"predecessor-version":[{"id":638743,"href":"https:\/\/dicodusport.fr\/blog\/wp-json\/wp\/v2\/posts\/638717\/revisions\/638743"}],"wp:featuredmedia":[{"embeddable":true,"href":"https:\/\/dicodusport.fr\/blog\/wp-json\/wp\/v2\/media\/638739"}],"wp:attachment":[{"href":"https:\/\/dicodusport.fr\/blog\/wp-json\/wp\/v2\/media?parent=638717"}],"wp:term":[{"taxonomy":"category","embeddable":true,"href":"https:\/\/dicodusport.fr\/blog\/wp-json\/wp\/v2\/categories?post=638717"},{"taxonomy":"post_tag","embeddable":true,"href":"https:\/\/dicodusport.fr\/blog\/wp-json\/wp\/v2\/tags?post=638717"}],"curies":[{"name":"wp","href":"https:\/\/api.w.org\/{rel}","templated":true}]}}