{"id":638827,"date":"2026-01-16T20:11:45","date_gmt":"2026-01-16T19:11:45","guid":{"rendered":"https:\/\/dicodusport.fr\/blog\/?p=638827&#038;preview=true&#038;preview_id=638827"},"modified":"2026-01-16T21:05:49","modified_gmt":"2026-01-16T20:05:49","slug":"nouveau-double-francais-a-courchevel-axelle-gachet-mollaret-ecrase-la-vertical-race-devant-emily-harrop","status":"publish","type":"post","link":"https:\/\/dicodusport.fr\/blog\/nouveau-double-francais-a-courchevel-axelle-gachet-mollaret-ecrase-la-vertical-race-devant-emily-harrop\/","title":{"rendered":"Nouveau doubl\u00e9 Fran\u00e7ais \u00e0 Courchevel : Axelle Gachet-Mollaret \u00e9crase la vertical race devant Emily Harrop"},"content":{"rendered":"<p style=\"text-align: justify;\"><strong><em>COUPE DU MONDE DE SKI ALPINISME 2025\/2026 &#8211; Axelle Gachet-Mollaret a domin\u00e9 la vertical race de Courchevel en s&rsquo;imposant devant Emily Harrop.<\/em><\/strong><\/p>\n<p style=\"text-align: justify;\">Au lendemain d&rsquo;un premier sprint qui a souri aux skieurs tricolores, la manche de <strong>Coupe du monde<\/strong> de <strong>Courchevel<\/strong> prenait fin en apoth\u00e9ose. En nocturne, la premi\u00e8re <strong>vertical race<\/strong> de l&rsquo;hiver s&rsquo;est d\u00e9roul\u00e9e avec un plateau royal sur la ligne de d\u00e9part, notamment c\u00f4t\u00e9 fran\u00e7ais, o\u00f9 tous les cadors \u00e9taient au rendez-vous.<\/p>\n<div class=\"vlp-link-container vlp-layout-article\"><a href=\"https:\/\/dicodusport.fr\/blog\/double-francais-en-ski-alpinisme-a-courchevel-emily-harrop-devance-margot-ravinel-sur-le-sprint\/\" class=\"vlp-link\" title=\"Doubl\u00e9 Fran\u00e7ais en ski alpinisme \u00e0 Courchevel : Emily Harrop devance Margot Ravinel sur le sprint\"><\/a><div class=\"vlp-layout-zone-side\"><div class=\"vlp-block-4 vlp-link-image\"><img loading=\"lazy\" decoding=\"async\" style=\"max-width: 792px;\" width=\"792\" height=\"445\" src=\"https:\/\/dicodusport.fr\/blog\/wp-content\/uploads\/2026\/01\/Double-Francais-en-ski-alpinisme-a-Courchevel-Emily-Harrop-devance-Margot-Ravinel-sur-le-sprint.png\" class=\"attachment-800x445 size-800x445\" alt=\"Doubl\u00e9 Fran\u00e7ais en ski alpinisme \u00e0 Courchevel : Emily Harrop devance Margot Ravinel sur le sprint\" srcset=\"https:\/\/dicodusport.fr\/blog\/wp-content\/uploads\/2026\/01\/Double-Francais-en-ski-alpinisme-a-Courchevel-Emily-Harrop-devance-Margot-Ravinel-sur-le-sprint.png 1200w, https:\/\/dicodusport.fr\/blog\/wp-content\/uploads\/2026\/01\/Double-Francais-en-ski-alpinisme-a-Courchevel-Emily-Harrop-devance-Margot-Ravinel-sur-le-sprint-300x169.png 300w, https:\/\/dicodusport.fr\/blog\/wp-content\/uploads\/2026\/01\/Double-Francais-en-ski-alpinisme-a-Courchevel-Emily-Harrop-devance-Margot-Ravinel-sur-le-sprint-1024x575.png 1024w, https:\/\/dicodusport.fr\/blog\/wp-content\/uploads\/2026\/01\/Double-Francais-en-ski-alpinisme-a-Courchevel-Emily-Harrop-devance-Margot-Ravinel-sur-le-sprint-768x431.png 768w\" sizes=\"auto, (max-width: 792px) 100vw, 792px\" \/><\/div><\/div><div class=\"vlp-layout-zone-main\"><div class=\"vlp-block-0 vlp-link-title\">Doubl\u00e9 Fran\u00e7ais en ski alpinisme \u00e0 Courchevel : Emily Harrop devance Margot Ravinel sur le sprint<\/div><div class=\"vlp-block-1 vlp-link-summary\">COUPE DU MONDE DE SKI ALPINISME 2025\/2026 - Emily Harrop qui s'impose, Margot Ravinel et Thibault Anselmet 2\u00e8mes... Les Bleus ont brill\u00e9 sur le sprint de Courchevel !<\/div><div class=\"vlp-block-2 vlp-link-button\">Lire l'article<\/div><div class=\"vlp-block-3 vlp-link-url\">dicodusport.fr<\/div><\/div><\/div>\n<h2 style=\"text-align: justify;\">Gachet-Mollaret et Harrop surclassent la concurrence<\/h2>\n<p style=\"text-align: justify;\">Et lorsqu&rsquo;il est question de vertical race, difficile de ne pas penser imm\u00e9diatement \u00e0 <strong>Axelle Gachet-Mollaret<\/strong>. La reine de l&rsquo;effort vertical ne conna\u00eet jamais de baisse de r\u00e9gime, et l&rsquo;a encore prouv\u00e9. Apr\u00e8s son <a href=\"https:\/\/dicodusport.fr\/blog\/trail-axelle-gachet-mollaret-explose-le-record-du-monde-du-kilometre-vertical\/\">record \u00e0 l&rsquo;automne sur le kilom\u00e8tre vertical de Fully<\/a> et sa <a href=\"https:\/\/dicodusport.fr\/blog\/les-specialistes-de-la-vertical-race-axelle-gachet-mollaret-et-samuel-equy-sacres-champions-de-france\/\">victoire aux championnats de France<\/a> en d\u00e9cembre, l&rsquo;Ann\u00e9cienne a \u00e9cras\u00e9 l&rsquo;\u00e9preuve \u00e0 domicile.<\/p>\n<p style=\"text-align: justify;\">Dans la continuit\u00e9 de ses performances exceptionnelles, cette derni\u00e8re a livr\u00e9 un nouveau r\u00e9cital en bouclant la mont\u00e9e en <strong>23 minutes et 40 secondes<\/strong>. Un chrono stratosph\u00e9rique qui lui permet de repousser \u00e0 plus de <strong>41 secondes<\/strong> sa dauphine, <strong>Emily Harrop<\/strong>. Dans le cadre de sa pr\u00e9paration olympique, la tenante du gros globe de cristal a confirm\u00e9 ses excellentes dispositions en \u00e9tant la seule athl\u00e8te \u00e0 ne pas conc\u00e9der plus d&rsquo;une minute \u00e0 sa compatriote.<\/p>\n<p style=\"text-align: justify;\">Les deux patronnes de la discipline offrent ainsi un nouveau doubl\u00e9 \u00e0 la France, tandis que <strong>Sarah Dreier<\/strong> (+1:28) compl\u00e8te le podium. <strong>Margot Ravinel<\/strong> (+2:00) \u00e9choue, elle, au pied du podium.<\/p>\n<ul style=\"text-align: justify;\">\n<li style=\"text-align: justify;\"><strong>\u00c0 lire aussi \u2013 <a href=\"https:\/\/dicodusport.fr\/blog\/la-saison-de-ski-alpinisme-reprend-la-bataille-pour-les-tickets-olympiques-peut-debuter\/\">La saison de ski alpinisme reprend : la bataille pour les tickets olympiques peut d\u00e9buter<\/a><\/strong><\/li>\n<\/ul>\n<p style=\"text-align: justify;\">Sur l&rsquo;\u00e9preuve masculine, les Bleus n&rsquo;ont en revanche pas r\u00e9ussi \u00e0 en faire de m\u00eame. Dans une course une nouvelle fois domin\u00e9e par l&rsquo;intouchable <strong>R\u00e9mi Bonnet<\/strong>, <strong>Aur\u00e9lien Gay<\/strong> a valid\u00e9 un doubl\u00e9 suisse, tandis qu&rsquo;<strong>Oriona Cardona Coll<\/strong> s&rsquo;est empar\u00e9 de la 3\u00e8me place.<\/p>\n<p style=\"text-align: justify;\"><strong>Samuel Equy<\/strong> (5\u00e8me), <strong>Paul Jay<\/strong> (6\u00e8me) et <strong>Anselme Damevin<\/strong> (8\u00e8me) accrochent tout de m\u00eame des places dans le Top 10. <strong>Thibault Anselmet<\/strong> a, lui, termin\u00e9 au 12\u00e8me rang, juste derri\u00e8re un autre compatriote, <strong>Xavier Gachet<\/strong> (11\u00e8me).<\/p>\n<blockquote class=\"twitter-tweet\">\n<p dir=\"ltr\" lang=\"it\">Quinto e sesto posto per Giulia Murada ed Alba De Silvestro a Courchevel nel primo vertical della stagione di Coppa del Mondo.<br \/>\nLeggi le news: <a href=\"https:\/\/t.co\/saBzkhDQqi\">https:\/\/t.co\/saBzkhDQqi<\/a><a href=\"https:\/\/twitter.com\/hashtag\/wearefisi?src=hash&amp;ref_src=twsrc%5Etfw\">#wearefisi<\/a> <a href=\"https:\/\/twitter.com\/hashtag\/fisinews?src=hash&amp;ref_src=twsrc%5Etfw\">#fisinews<\/a> <a href=\"https:\/\/twitter.com\/hashtag\/scialpinismo?src=hash&amp;ref_src=twsrc%5Etfw\">#scialpinismo<\/a><\/p>\n<p>\u2014 Fisiofficial (@Fisiofficial) <a href=\"https:\/\/twitter.com\/Fisiofficial\/status\/2012230466087096407?ref_src=twsrc%5Etfw\">January 16, 2026<\/a><\/p><\/blockquote>\n<p style=\"text-align: justify;\"><script async src=\"https:\/\/platform.twitter.com\/widgets.js\" charset=\"utf-8\"><\/script><\/p>\n<div id=\"gtx-trans\" style=\"position: absolute; left: -14px; top: 40.9091px;\">\n<div class=\"gtx-trans-icon\" style=\"text-align: justify;\"><\/div>\n<\/div>\n","protected":false},"excerpt":{"rendered":"<p>COUPE DU MONDE DE SKI ALPINISME 2025\/2026 &#8211; Axelle Gachet-Mollaret a domin\u00e9 la vertical race de Courchevel en s&rsquo;imposant devant Emily Harrop.<\/p>\n","protected":false},"author":55,"featured_media":638864,"comment_status":"open","ping_status":"closed","sticky":false,"template":"","format":"standard","meta":{"_acf_changed":false,"_daextam_enable_autolinks":"1","footnotes":""},"categories":[45757],"tags":[22883,16878,37201,4230],"class_list":["post-638827","post","type-post","status-publish","format-standard","has-post-thumbnail","hentry","category-ski-alpinisme","tag-axelle-gachet-mollaret","tag-breve","tag-coupe-du-monde-ski-alpinisme","tag-ski-alpinisme"],"acf":[],"yoast_head":"<!-- This site is optimized with the Yoast SEO Premium plugin v26.7 (Yoast SEO v26.7) - https:\/\/yoast.com\/wordpress\/plugins\/seo\/ -->\n<title>Nouveau doubl\u00e9 Fran\u00e7ais \u00e0 Courchevel : Axelle Gachet-Mollaret \u00e9crase la vertical race devant Emily Harrop<\/title>\n<meta name=\"description\" content=\"COUPE DU MONDE DE SKI ALPINISME 2025\/2026 - Axelle Gachet-Mollaret a domin\u00e9 la vertical race de Courchevel en s&#039;imposant devant Emily Harrop.\" \/>\n<meta name=\"robots\" content=\"index, follow, max-snippet:-1, max-image-preview:large, max-video-preview:-1\" \/>\n<link rel=\"canonical\" href=\"https:\/\/dicodusport.fr\/blog\/nouveau-double-francais-a-courchevel-axelle-gachet-mollaret-ecrase-la-vertical-race-devant-emily-harrop\/\" \/>\n<meta property=\"og:locale\" content=\"fr_FR\" \/>\n<meta property=\"og:type\" content=\"article\" \/>\n<meta property=\"og:title\" content=\"Nouveau doubl\u00e9 Fran\u00e7ais \u00e0 Courchevel : Axelle Gachet-Mollaret \u00e9crase la vertical race devant Emily Harrop\" \/>\n<meta property=\"og:description\" content=\"COUPE DU MONDE DE SKI ALPINISME 2025\/2026 - Axelle Gachet-Mollaret a domin\u00e9 la vertical race de Courchevel en s&#039;imposant devant Emily Harrop.\" \/>\n<meta property=\"og:url\" content=\"https:\/\/dicodusport.fr\/blog\/nouveau-double-francais-a-courchevel-axelle-gachet-mollaret-ecrase-la-vertical-race-devant-emily-harrop\/\" \/>\n<meta property=\"og:site_name\" content=\"Dicodusport\" \/>\n<meta property=\"article:publisher\" content=\"https:\/\/www.facebook.com\/dicodusport\" \/>\n<meta property=\"article:published_time\" content=\"2026-01-16T19:11:45+00:00\" \/>\n<meta property=\"article:modified_time\" content=\"2026-01-16T20:05:49+00:00\" \/>\n<meta property=\"og:image\" content=\"https:\/\/dicodusport.fr\/blog\/wp-content\/uploads\/2026\/01\/Nouveau-double-Francais-a-Courchevel-Axelle-Gachet-Mollaret-ecrase-la-vertical-race-devant-Emily-Harrop.png\" \/>\n\t<meta property=\"og:image:width\" content=\"1200\" \/>\n\t<meta property=\"og:image:height\" content=\"674\" \/>\n\t<meta property=\"og:image:type\" content=\"image\/png\" \/>\n<meta name=\"author\" content=\"Maxime Cazenave\" \/>\n<meta name=\"twitter:card\" content=\"summary_large_image\" \/>\n<meta name=\"twitter:title\" content=\"Nouveau doubl\u00e9 Fran\u00e7ais \u00e0 Courchevel : Axelle Gachet-Mollaret \u00e9crase la vertical race devant Emily Harrop\" \/>\n<meta name=\"twitter:creator\" content=\"@https:\/\/twitter.com\/Maxime_Caze\" \/>\n<meta name=\"twitter:site\" content=\"@dicodusport\" \/>\n<script type=\"application\/ld+json\" class=\"yoast-schema-graph\">{\"@context\":\"https:\/\/schema.org\",\"@graph\":[{\"@type\":\"NewsArticle\",\"@id\":\"https:\/\/dicodusport.fr\/blog\/nouveau-double-francais-a-courchevel-axelle-gachet-mollaret-ecrase-la-vertical-race-devant-emily-harrop\/#article\",\"isPartOf\":{\"@id\":\"https:\/\/dicodusport.fr\/blog\/nouveau-double-francais-a-courchevel-axelle-gachet-mollaret-ecrase-la-vertical-race-devant-emily-harrop\/\"},\"author\":{\"name\":\"Maxime Cazenave\",\"@id\":\"https:\/\/dicodusport.fr\/blog\/#\/schema\/person\/37def232098a7a5cbab3974a3690abb0\"},\"headline\":\"Nouveau doubl\u00e9 Fran\u00e7ais \u00e0 Courchevel : Axelle Gachet-Mollaret \u00e9crase la vertical race devant Emily Harrop\",\"datePublished\":\"2026-01-16T19:11:45+00:00\",\"dateModified\":\"2026-01-16T20:05:49+00:00\",\"mainEntityOfPage\":{\"@id\":\"https:\/\/dicodusport.fr\/blog\/nouveau-double-francais-a-courchevel-axelle-gachet-mollaret-ecrase-la-vertical-race-devant-emily-harrop\/\"},\"wordCount\":508,\"commentCount\":0,\"publisher\":{\"@id\":\"https:\/\/dicodusport.fr\/blog\/#organization\"},\"image\":{\"@id\":\"https:\/\/dicodusport.fr\/blog\/nouveau-double-francais-a-courchevel-axelle-gachet-mollaret-ecrase-la-vertical-race-devant-emily-harrop\/#primaryimage\"},\"thumbnailUrl\":\"https:\/\/dicodusport.fr\/blog\/wp-content\/uploads\/2026\/01\/Nouveau-double-Francais-a-Courchevel-Axelle-Gachet-Mollaret-ecrase-la-vertical-race-devant-Emily-Harrop.png\",\"keywords\":[\"Axelle Gachet-Mollaret\",\"br\u00e8ve\",\"Coupe du monde ski alpinisme\",\"Ski alpinisme\"],\"articleSection\":[\"Ski alpinisme\"],\"inLanguage\":\"fr-FR\",\"potentialAction\":[{\"@type\":\"CommentAction\",\"name\":\"Comment\",\"target\":[\"https:\/\/dicodusport.fr\/blog\/nouveau-double-francais-a-courchevel-axelle-gachet-mollaret-ecrase-la-vertical-race-devant-emily-harrop\/#respond\"]}],\"copyrightYear\":\"2026\",\"copyrightHolder\":{\"@id\":\"https:\/\/dicodusport.fr\/blog\/#organization\"}},{\"@type\":\"WebPage\",\"@id\":\"https:\/\/dicodusport.fr\/blog\/nouveau-double-francais-a-courchevel-axelle-gachet-mollaret-ecrase-la-vertical-race-devant-emily-harrop\/\",\"url\":\"https:\/\/dicodusport.fr\/blog\/nouveau-double-francais-a-courchevel-axelle-gachet-mollaret-ecrase-la-vertical-race-devant-emily-harrop\/\",\"name\":\"Nouveau doubl\u00e9 Fran\u00e7ais \u00e0 Courchevel : Axelle Gachet-Mollaret \u00e9crase la vertical race devant Emily Harrop\",\"isPartOf\":{\"@id\":\"https:\/\/dicodusport.fr\/blog\/#website\"},\"primaryImageOfPage\":{\"@id\":\"https:\/\/dicodusport.fr\/blog\/nouveau-double-francais-a-courchevel-axelle-gachet-mollaret-ecrase-la-vertical-race-devant-emily-harrop\/#primaryimage\"},\"image\":{\"@id\":\"https:\/\/dicodusport.fr\/blog\/nouveau-double-francais-a-courchevel-axelle-gachet-mollaret-ecrase-la-vertical-race-devant-emily-harrop\/#primaryimage\"},\"thumbnailUrl\":\"https:\/\/dicodusport.fr\/blog\/wp-content\/uploads\/2026\/01\/Nouveau-double-Francais-a-Courchevel-Axelle-Gachet-Mollaret-ecrase-la-vertical-race-devant-Emily-Harrop.png\",\"datePublished\":\"2026-01-16T19:11:45+00:00\",\"dateModified\":\"2026-01-16T20:05:49+00:00\",\"description\":\"COUPE DU MONDE DE SKI ALPINISME 2025\/2026 - Axelle Gachet-Mollaret a domin\u00e9 la vertical race de Courchevel en s'imposant devant Emily Harrop.\",\"breadcrumb\":{\"@id\":\"https:\/\/dicodusport.fr\/blog\/nouveau-double-francais-a-courchevel-axelle-gachet-mollaret-ecrase-la-vertical-race-devant-emily-harrop\/#breadcrumb\"},\"inLanguage\":\"fr-FR\",\"potentialAction\":[{\"@type\":\"ReadAction\",\"target\":[\"https:\/\/dicodusport.fr\/blog\/nouveau-double-francais-a-courchevel-axelle-gachet-mollaret-ecrase-la-vertical-race-devant-emily-harrop\/\"]}]},{\"@type\":\"ImageObject\",\"inLanguage\":\"fr-FR\",\"@id\":\"https:\/\/dicodusport.fr\/blog\/nouveau-double-francais-a-courchevel-axelle-gachet-mollaret-ecrase-la-vertical-race-devant-emily-harrop\/#primaryimage\",\"url\":\"https:\/\/dicodusport.fr\/blog\/wp-content\/uploads\/2026\/01\/Nouveau-double-Francais-a-Courchevel-Axelle-Gachet-Mollaret-ecrase-la-vertical-race-devant-Emily-Harrop.png\",\"contentUrl\":\"https:\/\/dicodusport.fr\/blog\/wp-content\/uploads\/2026\/01\/Nouveau-double-Francais-a-Courchevel-Axelle-Gachet-Mollaret-ecrase-la-vertical-race-devant-Emily-Harrop.png\",\"width\":1200,\"height\":674,\"caption\":\"Nouveau doubl\u00e9 Fran\u00e7ais \u00e0 Courchevel Axelle Gachet-Mollaret \u00e9crase la vertical race devant Emily Harrop\"},{\"@type\":\"BreadcrumbList\",\"@id\":\"https:\/\/dicodusport.fr\/blog\/nouveau-double-francais-a-courchevel-axelle-gachet-mollaret-ecrase-la-vertical-race-devant-emily-harrop\/#breadcrumb\",\"itemListElement\":[{\"@type\":\"ListItem\",\"position\":1,\"name\":\"Accueil\",\"item\":\"https:\/\/dicodusport.fr\/blog\/\"},{\"@type\":\"ListItem\",\"position\":2,\"name\":\"Nouveau doubl\u00e9 Fran\u00e7ais \u00e0 Courchevel : Axelle Gachet-Mollaret \u00e9crase la vertical race devant Emily Harrop\"}]},{\"@type\":\"WebSite\",\"@id\":\"https:\/\/dicodusport.fr\/blog\/#website\",\"url\":\"https:\/\/dicodusport.fr\/blog\/\",\"name\":\"Dicodusport\",\"description\":\"L&#039;encyclop\u00e9die de l&#039;actualit\u00e9 sportive\",\"publisher\":{\"@id\":\"https:\/\/dicodusport.fr\/blog\/#organization\"},\"potentialAction\":[{\"@type\":\"SearchAction\",\"target\":{\"@type\":\"EntryPoint\",\"urlTemplate\":\"https:\/\/dicodusport.fr\/blog\/?s={search_term_string}\"},\"query-input\":{\"@type\":\"PropertyValueSpecification\",\"valueRequired\":true,\"valueName\":\"search_term_string\"}}],\"inLanguage\":\"fr-FR\"},{\"@type\":\"NewsMediaOrganization\",\"@id\":\"https:\/\/dicodusport.fr\/blog\/#organization\",\"name\":\"Dicodusport\",\"url\":\"https:\/\/dicodusport.fr\/blog\/\",\"logo\":{\"@type\":\"ImageObject\",\"inLanguage\":\"fr-FR\",\"@id\":\"https:\/\/dicodusport.fr\/blog\/#\/schema\/logo\/image\/\",\"url\":\"https:\/\/dicodusport.fr\/blog\/wp-content\/uploads\/2020\/06\/cropped-LOGO-DICODUSPORT-2020-SANS-FOND-SANS-TEXTE.png\",\"contentUrl\":\"https:\/\/dicodusport.fr\/blog\/wp-content\/uploads\/2020\/06\/cropped-LOGO-DICODUSPORT-2020-SANS-FOND-SANS-TEXTE.png\",\"width\":512,\"height\":512,\"caption\":\"Dicodusport\"},\"image\":{\"@id\":\"https:\/\/dicodusport.fr\/blog\/#\/schema\/logo\/image\/\"},\"sameAs\":[\"https:\/\/www.facebook.com\/dicodusport\",\"https:\/\/x.com\/dicodusport\",\"https:\/\/www.instagram.com\/dicodusport\/\",\"https:\/\/www.youtube.com\/channel\/UC7V2KZ5sd3htJivAbA4ZG3w\"],\"description\":\"Dicodusport est l'encyclop\u00e9die de l'actualit\u00e9 sportive.\",\"email\":\"bonjour@dicodusport.fr\",\"legalName\":\"DICODUSPORT\",\"foundingDate\":\"2018-01-14\",\"vatID\":\"FR71834470973\",\"taxID\":\"83447097300043\",\"numberOfEmployees\":{\"@type\":\"QuantitativeValue\",\"minValue\":\"1\",\"maxValue\":\"10\"}},{\"@type\":\"Person\",\"@id\":\"https:\/\/dicodusport.fr\/blog\/#\/schema\/person\/37def232098a7a5cbab3974a3690abb0\",\"name\":\"Maxime Cazenave\",\"image\":{\"@type\":\"ImageObject\",\"inLanguage\":\"fr-FR\",\"@id\":\"https:\/\/dicodusport.fr\/blog\/#\/schema\/person\/image\/\",\"url\":\"https:\/\/dicodusport.fr\/blog\/wp-content\/uploads\/2021\/05\/Maxime-Cazenave-150x150.jpg\",\"contentUrl\":\"https:\/\/dicodusport.fr\/blog\/wp-content\/uploads\/2021\/05\/Maxime-Cazenave-150x150.jpg\",\"caption\":\"Maxime Cazenave\"},\"description\":\"Journaliste\/R\u00e9dacteur depuis 2012 - Berc\u00e9 par l\u2019amour des Girondins de Bordeaux, les \u00e9checs de Christophe Moreau sur le Tour de France sous l'\u00e8re Lance Armstrong et le fade-away l\u00e9tal de Dirk Nowitzki, ma passion d\u00e9vorante pour le sport a toujours \u00e9t\u00e9 un pan incontournable de ma vie. Transmettre ma passion \u00e0 l\u2019\u00e9crit a \u00e9t\u00e9 une transition naturelle. Suiveur assidu de basket et de hockey sur glace, je garde toujours un peu de place pour suivre le cyclisme, le football et le maximum de performances fran\u00e7aises.\",\"sameAs\":[\"https:\/\/x.com\/https:\/\/twitter.com\/Maxime_Caze\"],\"url\":\"https:\/\/dicodusport.fr\/blog\/author\/maximec\/\"}]}<\/script>\n<!-- \/ Yoast SEO Premium plugin. -->","yoast_head_json":{"title":"Nouveau doubl\u00e9 Fran\u00e7ais \u00e0 Courchevel : Axelle Gachet-Mollaret \u00e9crase la vertical race devant Emily Harrop","description":"COUPE DU MONDE DE SKI ALPINISME 2025\/2026 - Axelle Gachet-Mollaret a domin\u00e9 la vertical race de Courchevel en s'imposant devant Emily Harrop.","robots":{"index":"index","follow":"follow","max-snippet":"max-snippet:-1","max-image-preview":"max-image-preview:large","max-video-preview":"max-video-preview:-1"},"canonical":"https:\/\/dicodusport.fr\/blog\/nouveau-double-francais-a-courchevel-axelle-gachet-mollaret-ecrase-la-vertical-race-devant-emily-harrop\/","og_locale":"fr_FR","og_type":"article","og_title":"Nouveau doubl\u00e9 Fran\u00e7ais \u00e0 Courchevel : Axelle Gachet-Mollaret \u00e9crase la vertical race devant Emily Harrop","og_description":"COUPE DU MONDE DE SKI ALPINISME 2025\/2026 - Axelle Gachet-Mollaret a domin\u00e9 la vertical race de Courchevel en s'imposant devant Emily Harrop.","og_url":"https:\/\/dicodusport.fr\/blog\/nouveau-double-francais-a-courchevel-axelle-gachet-mollaret-ecrase-la-vertical-race-devant-emily-harrop\/","og_site_name":"Dicodusport","article_publisher":"https:\/\/www.facebook.com\/dicodusport","article_published_time":"2026-01-16T19:11:45+00:00","article_modified_time":"2026-01-16T20:05:49+00:00","og_image":[{"width":1200,"height":674,"url":"https:\/\/dicodusport.fr\/blog\/wp-content\/uploads\/2026\/01\/Nouveau-double-Francais-a-Courchevel-Axelle-Gachet-Mollaret-ecrase-la-vertical-race-devant-Emily-Harrop.png","type":"image\/png"}],"author":"Maxime Cazenave","twitter_card":"summary_large_image","twitter_title":"Nouveau doubl\u00e9 Fran\u00e7ais \u00e0 Courchevel : Axelle Gachet-Mollaret \u00e9crase la vertical race devant Emily Harrop","twitter_creator":"@https:\/\/twitter.com\/Maxime_Caze","twitter_site":"@dicodusport","schema":{"@context":"https:\/\/schema.org","@graph":[{"@type":"NewsArticle","@id":"https:\/\/dicodusport.fr\/blog\/nouveau-double-francais-a-courchevel-axelle-gachet-mollaret-ecrase-la-vertical-race-devant-emily-harrop\/#article","isPartOf":{"@id":"https:\/\/dicodusport.fr\/blog\/nouveau-double-francais-a-courchevel-axelle-gachet-mollaret-ecrase-la-vertical-race-devant-emily-harrop\/"},"author":{"name":"Maxime Cazenave","@id":"https:\/\/dicodusport.fr\/blog\/#\/schema\/person\/37def232098a7a5cbab3974a3690abb0"},"headline":"Nouveau doubl\u00e9 Fran\u00e7ais \u00e0 Courchevel : Axelle Gachet-Mollaret \u00e9crase la vertical race devant Emily Harrop","datePublished":"2026-01-16T19:11:45+00:00","dateModified":"2026-01-16T20:05:49+00:00","mainEntityOfPage":{"@id":"https:\/\/dicodusport.fr\/blog\/nouveau-double-francais-a-courchevel-axelle-gachet-mollaret-ecrase-la-vertical-race-devant-emily-harrop\/"},"wordCount":508,"commentCount":0,"publisher":{"@id":"https:\/\/dicodusport.fr\/blog\/#organization"},"image":{"@id":"https:\/\/dicodusport.fr\/blog\/nouveau-double-francais-a-courchevel-axelle-gachet-mollaret-ecrase-la-vertical-race-devant-emily-harrop\/#primaryimage"},"thumbnailUrl":"https:\/\/dicodusport.fr\/blog\/wp-content\/uploads\/2026\/01\/Nouveau-double-Francais-a-Courchevel-Axelle-Gachet-Mollaret-ecrase-la-vertical-race-devant-Emily-Harrop.png","keywords":["Axelle Gachet-Mollaret","br\u00e8ve","Coupe du monde ski alpinisme","Ski alpinisme"],"articleSection":["Ski alpinisme"],"inLanguage":"fr-FR","potentialAction":[{"@type":"CommentAction","name":"Comment","target":["https:\/\/dicodusport.fr\/blog\/nouveau-double-francais-a-courchevel-axelle-gachet-mollaret-ecrase-la-vertical-race-devant-emily-harrop\/#respond"]}],"copyrightYear":"2026","copyrightHolder":{"@id":"https:\/\/dicodusport.fr\/blog\/#organization"}},{"@type":"WebPage","@id":"https:\/\/dicodusport.fr\/blog\/nouveau-double-francais-a-courchevel-axelle-gachet-mollaret-ecrase-la-vertical-race-devant-emily-harrop\/","url":"https:\/\/dicodusport.fr\/blog\/nouveau-double-francais-a-courchevel-axelle-gachet-mollaret-ecrase-la-vertical-race-devant-emily-harrop\/","name":"Nouveau doubl\u00e9 Fran\u00e7ais \u00e0 Courchevel : Axelle Gachet-Mollaret \u00e9crase la vertical race devant Emily Harrop","isPartOf":{"@id":"https:\/\/dicodusport.fr\/blog\/#website"},"primaryImageOfPage":{"@id":"https:\/\/dicodusport.fr\/blog\/nouveau-double-francais-a-courchevel-axelle-gachet-mollaret-ecrase-la-vertical-race-devant-emily-harrop\/#primaryimage"},"image":{"@id":"https:\/\/dicodusport.fr\/blog\/nouveau-double-francais-a-courchevel-axelle-gachet-mollaret-ecrase-la-vertical-race-devant-emily-harrop\/#primaryimage"},"thumbnailUrl":"https:\/\/dicodusport.fr\/blog\/wp-content\/uploads\/2026\/01\/Nouveau-double-Francais-a-Courchevel-Axelle-Gachet-Mollaret-ecrase-la-vertical-race-devant-Emily-Harrop.png","datePublished":"2026-01-16T19:11:45+00:00","dateModified":"2026-01-16T20:05:49+00:00","description":"COUPE DU MONDE DE SKI ALPINISME 2025\/2026 - Axelle Gachet-Mollaret a domin\u00e9 la vertical race de Courchevel en s'imposant devant Emily Harrop.","breadcrumb":{"@id":"https:\/\/dicodusport.fr\/blog\/nouveau-double-francais-a-courchevel-axelle-gachet-mollaret-ecrase-la-vertical-race-devant-emily-harrop\/#breadcrumb"},"inLanguage":"fr-FR","potentialAction":[{"@type":"ReadAction","target":["https:\/\/dicodusport.fr\/blog\/nouveau-double-francais-a-courchevel-axelle-gachet-mollaret-ecrase-la-vertical-race-devant-emily-harrop\/"]}]},{"@type":"ImageObject","inLanguage":"fr-FR","@id":"https:\/\/dicodusport.fr\/blog\/nouveau-double-francais-a-courchevel-axelle-gachet-mollaret-ecrase-la-vertical-race-devant-emily-harrop\/#primaryimage","url":"https:\/\/dicodusport.fr\/blog\/wp-content\/uploads\/2026\/01\/Nouveau-double-Francais-a-Courchevel-Axelle-Gachet-Mollaret-ecrase-la-vertical-race-devant-Emily-Harrop.png","contentUrl":"https:\/\/dicodusport.fr\/blog\/wp-content\/uploads\/2026\/01\/Nouveau-double-Francais-a-Courchevel-Axelle-Gachet-Mollaret-ecrase-la-vertical-race-devant-Emily-Harrop.png","width":1200,"height":674,"caption":"Nouveau doubl\u00e9 Fran\u00e7ais \u00e0 Courchevel Axelle Gachet-Mollaret \u00e9crase la vertical race devant Emily Harrop"},{"@type":"BreadcrumbList","@id":"https:\/\/dicodusport.fr\/blog\/nouveau-double-francais-a-courchevel-axelle-gachet-mollaret-ecrase-la-vertical-race-devant-emily-harrop\/#breadcrumb","itemListElement":[{"@type":"ListItem","position":1,"name":"Accueil","item":"https:\/\/dicodusport.fr\/blog\/"},{"@type":"ListItem","position":2,"name":"Nouveau doubl\u00e9 Fran\u00e7ais \u00e0 Courchevel : Axelle Gachet-Mollaret \u00e9crase la vertical race devant Emily Harrop"}]},{"@type":"WebSite","@id":"https:\/\/dicodusport.fr\/blog\/#website","url":"https:\/\/dicodusport.fr\/blog\/","name":"Dicodusport","description":"L&#039;encyclop\u00e9die de l&#039;actualit\u00e9 sportive","publisher":{"@id":"https:\/\/dicodusport.fr\/blog\/#organization"},"potentialAction":[{"@type":"SearchAction","target":{"@type":"EntryPoint","urlTemplate":"https:\/\/dicodusport.fr\/blog\/?s={search_term_string}"},"query-input":{"@type":"PropertyValueSpecification","valueRequired":true,"valueName":"search_term_string"}}],"inLanguage":"fr-FR"},{"@type":"NewsMediaOrganization","@id":"https:\/\/dicodusport.fr\/blog\/#organization","name":"Dicodusport","url":"https:\/\/dicodusport.fr\/blog\/","logo":{"@type":"ImageObject","inLanguage":"fr-FR","@id":"https:\/\/dicodusport.fr\/blog\/#\/schema\/logo\/image\/","url":"https:\/\/dicodusport.fr\/blog\/wp-content\/uploads\/2020\/06\/cropped-LOGO-DICODUSPORT-2020-SANS-FOND-SANS-TEXTE.png","contentUrl":"https:\/\/dicodusport.fr\/blog\/wp-content\/uploads\/2020\/06\/cropped-LOGO-DICODUSPORT-2020-SANS-FOND-SANS-TEXTE.png","width":512,"height":512,"caption":"Dicodusport"},"image":{"@id":"https:\/\/dicodusport.fr\/blog\/#\/schema\/logo\/image\/"},"sameAs":["https:\/\/www.facebook.com\/dicodusport","https:\/\/x.com\/dicodusport","https:\/\/www.instagram.com\/dicodusport\/","https:\/\/www.youtube.com\/channel\/UC7V2KZ5sd3htJivAbA4ZG3w"],"description":"Dicodusport est l'encyclop\u00e9die de l'actualit\u00e9 sportive.","email":"bonjour@dicodusport.fr","legalName":"DICODUSPORT","foundingDate":"2018-01-14","vatID":"FR71834470973","taxID":"83447097300043","numberOfEmployees":{"@type":"QuantitativeValue","minValue":"1","maxValue":"10"}},{"@type":"Person","@id":"https:\/\/dicodusport.fr\/blog\/#\/schema\/person\/37def232098a7a5cbab3974a3690abb0","name":"Maxime Cazenave","image":{"@type":"ImageObject","inLanguage":"fr-FR","@id":"https:\/\/dicodusport.fr\/blog\/#\/schema\/person\/image\/","url":"https:\/\/dicodusport.fr\/blog\/wp-content\/uploads\/2021\/05\/Maxime-Cazenave-150x150.jpg","contentUrl":"https:\/\/dicodusport.fr\/blog\/wp-content\/uploads\/2021\/05\/Maxime-Cazenave-150x150.jpg","caption":"Maxime Cazenave"},"description":"Journaliste\/R\u00e9dacteur depuis 2012 - Berc\u00e9 par l\u2019amour des Girondins de Bordeaux, les \u00e9checs de Christophe Moreau sur le Tour de France sous l'\u00e8re Lance Armstrong et le fade-away l\u00e9tal de Dirk Nowitzki, ma passion d\u00e9vorante pour le sport a toujours \u00e9t\u00e9 un pan incontournable de ma vie. Transmettre ma passion \u00e0 l\u2019\u00e9crit a \u00e9t\u00e9 une transition naturelle. Suiveur assidu de basket et de hockey sur glace, je garde toujours un peu de place pour suivre le cyclisme, le football et le maximum de performances fran\u00e7aises.","sameAs":["https:\/\/x.com\/https:\/\/twitter.com\/Maxime_Caze"],"url":"https:\/\/dicodusport.fr\/blog\/author\/maximec\/"}]}},"_links":{"self":[{"href":"https:\/\/dicodusport.fr\/blog\/wp-json\/wp\/v2\/posts\/638827","targetHints":{"allow":["GET"]}}],"collection":[{"href":"https:\/\/dicodusport.fr\/blog\/wp-json\/wp\/v2\/posts"}],"about":[{"href":"https:\/\/dicodusport.fr\/blog\/wp-json\/wp\/v2\/types\/post"}],"author":[{"embeddable":true,"href":"https:\/\/dicodusport.fr\/blog\/wp-json\/wp\/v2\/users\/55"}],"replies":[{"embeddable":true,"href":"https:\/\/dicodusport.fr\/blog\/wp-json\/wp\/v2\/comments?post=638827"}],"version-history":[{"count":5,"href":"https:\/\/dicodusport.fr\/blog\/wp-json\/wp\/v2\/posts\/638827\/revisions"}],"predecessor-version":[{"id":638876,"href":"https:\/\/dicodusport.fr\/blog\/wp-json\/wp\/v2\/posts\/638827\/revisions\/638876"}],"wp:featuredmedia":[{"embeddable":true,"href":"https:\/\/dicodusport.fr\/blog\/wp-json\/wp\/v2\/media\/638864"}],"wp:attachment":[{"href":"https:\/\/dicodusport.fr\/blog\/wp-json\/wp\/v2\/media?parent=638827"}],"wp:term":[{"taxonomy":"category","embeddable":true,"href":"https:\/\/dicodusport.fr\/blog\/wp-json\/wp\/v2\/categories?post=638827"},{"taxonomy":"post_tag","embeddable":true,"href":"https:\/\/dicodusport.fr\/blog\/wp-json\/wp\/v2\/tags?post=638827"}],"curies":[{"name":"wp","href":"https:\/\/api.w.org\/{rel}","templated":true}]}}