{"id":638839,"date":"2026-01-17T09:21:00","date_gmt":"2026-01-17T08:21:00","guid":{"rendered":"https:\/\/dicodusport.fr\/blog\/?p=638839&#038;preview=true&#038;preview_id=638839"},"modified":"2026-01-17T11:55:28","modified_gmt":"2026-01-17T10:55:28","slug":"dakar-2026-motos-classement-et-resultats-13eme-etape","status":"publish","type":"post","link":"https:\/\/dicodusport.fr\/blog\/dakar-2026-motos-classement-et-resultats-13eme-etape\/","title":{"rendered":"Dakar 2026 Motos &#8211; Classement et r\u00e9sultats 13\u00e8me \u00e9tape"},"content":{"rendered":"<p style=\"text-align: justify;\"><em><strong>Retrouvez le classement et les r\u00e9sultats de la 13\u00e8me \u00e9tape du Dakar 2026 dans la cat\u00e9gorie motos, qui s&rsquo;est d\u00e9roul\u00e9e ce samedi 17 janvier 2026.<\/strong><\/em><\/p>\n<ul>\n<li style=\"text-align: justify;\"><strong>\u00c0 ce sujet &#8211; <a href=\"https:\/\/dicodusport.fr\/blog\/chaine-tv-dakar-2026-ou-suivre-les-etapes-en-direct\/\">Cha\u00eene TV Dakar 2026 : O\u00f9 suivre les \u00e9tapes en direct ?<\/a><\/strong><\/li>\n<\/ul>\n<p style=\"text-align: justify;\">Apr\u00e8s pr\u00e8s de deux semaines d\u2019efforts extr\u00eames \u00e0 travers l\u2019<strong>Arabie Saoudite<\/strong>, le <strong>Rallye Dakar 2026<\/strong> s\u2019ach\u00e8ve ce <strong>samedi 17 janvier<\/strong> avec une 13\u1d49 et ultime \u00e9tape autour de <strong>Yanbu<\/strong>. Une derni\u00e8re sp\u00e9ciale traditionnellement plus courte, mais loin d\u2019\u00eatre anodine, puisqu\u2019elle doit d\u00e9finitivement d\u00e9partager les pr\u00e9tendants \u00e0 la victoire finale en cat\u00e9gorie motos.<\/p>\n<h2 style=\"text-align: justify;\">Le tournant de la 12\u1d49 \u00e9tape<\/h2>\n<p style=\"text-align: justify;\">La veille, lors de l\u2019\u00e9tape 12 reliant <strong>Al Henakiyah<\/strong> \u00e0 <strong>Yanbu<\/strong>, la course a connu un nouveau renversement de situation. <strong>Ricky Brabec<\/strong> (Honda) s\u2019est impos\u00e9 avec autorit\u00e9, r\u00e9alisant une sp\u00e9ciale parfaitement ma\u00eetris\u00e9e, tant sur le plan du rythme que de la navigation. Cette victoire lui a permis de reprendre la t\u00eate du classement g\u00e9n\u00e9ral \u00e0 un moment cl\u00e9 du rallye.<\/p>\n<p style=\"text-align: justify;\">Derri\u00e8re l\u2019Am\u00e9ricain, <strong>Luciano Benavides<\/strong> (KTM) a limit\u00e9 les d\u00e9g\u00e2ts en terminant \u00e0 quelques minutes, restant pleinement dans la course pour le titre. Plus loin, <strong>Tosha Schareina<\/strong> et <strong>Adrien Van Beveren<\/strong> ont confirm\u00e9 leur solidit\u00e9 mais semblent d\u00e9sormais trop \u00e9loign\u00e9s pour jouer la victoire finale.<\/p>\n<p style=\"text-align: justify;\">Au g\u00e9n\u00e9ral, l\u2019\u00e9cart est d\u00e9sormais r\u00e9duit \u00e0 un peu plus de trois minutes entre <strong>Brabec<\/strong> et <strong>Benavides<\/strong>, faisant de cette derni\u00e8re journ\u00e9e un v\u00e9ritable duel \u00e0 distance.<\/p>\n<div class=\"vlp-link-container vlp-layout-article\"><a href=\"https:\/\/dicodusport.fr\/blog\/ricky-brabec-remporte-la-12eme-etape-et-prend-la-tete-du-dakar-en-motos-luciano-benavides-en-embuscade\/\" class=\"vlp-link\" title=\"Ricky Brabec remporte la 12\u00e8me \u00e9tape et prend la t\u00eate du Dakar en motos, Luciano Benavides en embuscade\"><\/a><div class=\"vlp-layout-zone-side\"><div class=\"vlp-block-4 vlp-link-image\"><img loading=\"lazy\" decoding=\"async\" style=\"max-width: 792px;\" width=\"792\" height=\"445\" src=\"https:\/\/dicodusport.fr\/blog\/wp-content\/uploads\/2026\/01\/Ricky-Brabec-remporte-la-12eme-etape-et-prend-la-tete-du-Dakar-en-motos-Luciano-Benavides-en-embuscade.png\" class=\"attachment-800x445 size-800x445\" alt=\"Ricky Brabec remporte la 12\u00e8me \u00e9tape et prend la t\u00eate du Dakar en motos, Luciano Benavides en embuscade\" srcset=\"https:\/\/dicodusport.fr\/blog\/wp-content\/uploads\/2026\/01\/Ricky-Brabec-remporte-la-12eme-etape-et-prend-la-tete-du-Dakar-en-motos-Luciano-Benavides-en-embuscade.png 1200w, https:\/\/dicodusport.fr\/blog\/wp-content\/uploads\/2026\/01\/Ricky-Brabec-remporte-la-12eme-etape-et-prend-la-tete-du-Dakar-en-motos-Luciano-Benavides-en-embuscade-300x169.png 300w, https:\/\/dicodusport.fr\/blog\/wp-content\/uploads\/2026\/01\/Ricky-Brabec-remporte-la-12eme-etape-et-prend-la-tete-du-Dakar-en-motos-Luciano-Benavides-en-embuscade-1024x575.png 1024w, https:\/\/dicodusport.fr\/blog\/wp-content\/uploads\/2026\/01\/Ricky-Brabec-remporte-la-12eme-etape-et-prend-la-tete-du-Dakar-en-motos-Luciano-Benavides-en-embuscade-768x431.png 768w\" sizes=\"auto, (max-width: 792px) 100vw, 792px\" \/><\/div><\/div><div class=\"vlp-layout-zone-main\"><div class=\"vlp-block-0 vlp-link-title\">Ricky Brabec remporte la 12\u00e8me \u00e9tape et prend la t\u00eate du Dakar en motos, Luciano Benavides en embuscade<\/div><div class=\"vlp-block-1 vlp-link-summary\">DAKAR 2026 - L'Am\u00e9ricain Ricky Brabec a remport\u00e9 la 12\u00e8me \u00e9tape ce matin, et repris les commandes du g\u00e9n\u00e9ral \u00e0 la veille de l'arriv\u00e9e finale.<\/div><div class=\"vlp-block-2 vlp-link-button\">Lire l'article<\/div><div class=\"vlp-block-3 vlp-link-url\">dicodusport.fr<\/div><\/div><\/div>\n<h2 style=\"text-align: justify;\">Une derni\u00e8re \u00e9tape sous haute tension<\/h2>\n<p style=\"text-align: justify;\">La 13\u1d49 \u00e9tape propose une boucle autour de <strong>Yanbu<\/strong>, avec une sp\u00e9ciale plus courte que les pr\u00e9c\u00e9dentes, m\u00ealant pistes rapides, zones sablonneuses et navigation fine. Si le trac\u00e9 ne pr\u00e9sente pas de difficult\u00e9 majeure sur le papier, la pression, la fatigue accumul\u00e9e et le risque m\u00e9canique rendent cette journ\u00e9e particuli\u00e8rement pi\u00e9geuse.<\/p>\n<p style=\"text-align: justify;\">Pour <strong>Ricky Brabec<\/strong>, l\u2019objectif est clair : g\u00e9rer, \u00e9viter toute erreur et contr\u00f4ler son rival direct. Pour <strong>Luciano Benavides<\/strong>, en revanche, il n\u2019y a plus de calcul possible : il faudra attaquer d\u00e8s les premiers kilom\u00e8tres, esp\u00e9rer une ouverture de piste favorable et mettre la pression sur le leader jusqu\u2019au bout.<\/p>\n<h2 style=\"text-align: justify;\">Le Dakar jusqu\u2019au dernier kilom\u00e8tre<\/h2>\n<p style=\"text-align: justify;\">Comme souvent sur le Dakar, rien n\u2019est totalement acquis avant la ligne d\u2019arriv\u00e9e finale. Une chute, une erreur de navigation ou un probl\u00e8me technique peuvent encore bouleverser le classement. Cette derni\u00e8re \u00e9tape, en apparence symbolique, pourrait donc offrir un ultime rebondissement.<\/p>\n<p style=\"text-align: justify;\">Apr\u00e8s la d\u00e9monstration de force de la veille, <strong>Ricky Brabec<\/strong> aborde cette journ\u00e9e avec un l\u00e9ger avantage, mais <strong>Luciano Benavides<\/strong> n\u2019a jamais \u00e9t\u00e9 aussi proche d\u2019un sacre sur le Dakar. Verdict attendu ce samedi \u00e0 <strong>Yanbu<\/strong>, au terme d\u2019un Dakar 2026 qui aura tenu toutes ses promesses jusqu\u2019\u00e0 la fin.<\/p>\n<ul>\n<li style=\"text-align: justify;\"><strong>\u00c0 ce sujet &#8211; <a href=\"https:\/\/dicodusport.fr\/blog\/dakar-2026-motos-classement-general-mis-a-jour\/\">Dakar 2026 Motos &#8211; Classement g\u00e9n\u00e9ral mis \u00e0 jour<\/a><\/strong><\/li>\n<\/ul>\n<h2 style=\"text-align: justify;\">Classement 13\u00e8me \u00e9tape motos &#8211; Dakar 2026<\/h2>\n<div class=\"su-table su-table-alternate\">\n<table style=\"width: 800px;border-collapse: collapse\" border=\"1\">\n<tbody>\n<tr style=\"height: 24px\">\n<td style=\"border-color: #ebebeb;height: 24px;text-align: center;width: 80px;vertical-align: middle\"><img decoding=\"async\" class=\"emoji\" role=\"img\" src=\"https:\/\/s.w.org\/images\/core\/emoji\/14.0.0\/svg\/1f3c6.svg\" alt=\"\" \/><\/td>\n<td style=\"border-color: #ebebeb;height: 24px;text-align: center;width: 500px;vertical-align: middle\"><span style=\"font-size: 0.9em\"><strong>PILOTES<\/strong><\/span><\/td>\n<td style=\"border-color: #ebebeb;height: 24px;text-align: center;width: 220px;vertical-align: middle\"><span style=\"font-size: 0.9em\"><strong>TEMPS<br \/>\n<\/strong><\/span><\/td>\n<\/tr>\n<tr style=\"height: 24px\">\n<td style=\"border-color: #ebebeb;height: 24px;text-align: center;width: 80px;vertical-align: middle\"><strong><span class=\"su-label su-label-type-warning\">1.<\/span><\/strong><\/td>\n<td style=\"border-color: #ebebeb;text-align: center;width: 500px;vertical-align: middle\"><span style=\"font-size: 0.9em\"><strong>\u00a0\ud83c\uddea\ud83c\uddf8 Edgar CANET<\/strong><br \/>\n<span style=\"font-size: 0.8em\">RED BULL KTM FACTORY RACING<\/span><\/span><\/td>\n<td style=\"border-color: #ebebeb;text-align: center;width: 220px;vertical-align: middle\"><strong><span style=\"font-size: 0.9em\">49m03s<\/span><\/strong><\/td>\n<\/tr>\n<tr style=\"height: 24px\">\n<td style=\"border-color: #ebebeb;height: 24px;text-align: center;width: 80px;vertical-align: middle\"><span style=\"font-size: 0.9em\">2.<\/span><\/td>\n<td style=\"border-color: #ebebeb;text-align: center;width: 500px;vertical-align: middle\"><span style=\"font-size: 0.9em\"><strong>\ud83c\udde6\ud83c\uddf7 Luciano BENAVIDES<\/strong><br \/>\n<span style=\"font-size: 0.8em\">RED BULL KTM FACTORY RACING<\/span><\/span><\/td>\n<td style=\"border-color: #ebebeb;text-align: center;width: 220px;vertical-align: middle\"><strong><span style=\"font-size: 0.9em\">\u00e0 6<\/span><\/strong><strong><span style=\"font-size: 0.9em\">s<\/span><\/strong><\/td>\n<\/tr>\n<tr>\n<td style=\"border-color: #ebebeb;text-align: center;width: 80px;vertical-align: middle\"><span style=\"font-size: 0.9em\">3.<\/span><\/td>\n<td style=\"border-color: #ebebeb;text-align: center;width: 500px;vertical-align: middle\"><span style=\"font-size: 0.9em\"><strong>\ud83c\uddea\ud83c\uddf8 Tosha SCHAREINA<br \/>\n<\/strong><span style=\"font-size: 0.8em\">MONSTER ENERGY HONDA HRC<\/span><\/span><\/td>\n<td style=\"border-color: #ebebeb;text-align: center;width: 220px;vertical-align: middle\"><strong><span style=\"font-size: 0.9em\">\u00e0 47<\/span><\/strong><strong><span style=\"font-size: 0.9em\">s<\/span><\/strong><\/td>\n<\/tr>\n<tr>\n<td style=\"border-color: #ebebeb;text-align: center;width: 80px;vertical-align: middle\"><span style=\"font-size: 0.9em\">4.<\/span><\/td>\n<td style=\"border-color: #ebebeb;text-align: center;width: 500px;vertical-align: middle\"><span style=\"font-size: 0.9em\"><strong>\ud83c\uddff\ud83c\udde6 Michael DOCHERTY<br \/>\n<\/strong><span style=\"font-size: 0.8em\">BAS WORLD KTM TEAM<\/span><\/span><\/td>\n<td style=\"border-color: #ebebeb;text-align: center;width: 220px;vertical-align: middle\"><strong><span style=\"font-size: 0.9em\">\u00e0 50<\/span><\/strong><strong><span style=\"font-size: 0.9em\">s<\/span><\/strong><\/td>\n<\/tr>\n<tr>\n<td style=\"border-color: #ebebeb;text-align: center;width: 80px;vertical-align: middle\"><span style=\"font-size: 0.9em\">5.<\/span><\/td>\n<td style=\"border-color: #ebebeb;text-align: center;width: 500px;vertical-align: middle\"><span style=\"font-size: 0.9em\"><strong>\ud83c\uddeb\ud83c\uddf7 Adrien VAN BEVEREN<\/strong><br \/>\n<span style=\"font-size: 0.8em\">MONSTER ENERGY HONDA HRC<\/span><\/span><\/td>\n<td style=\"border-color: #ebebeb;text-align: center;width: 220px;vertical-align: middle\"><strong><span style=\"font-size: 0.9em\">\u00e0 1m15<\/span><\/strong><strong><span style=\"font-size: 0.9em\">s<\/span><\/strong><\/td>\n<\/tr>\n<tr>\n<td style=\"border-color: #ebebeb;text-align: center;width: 80px;vertical-align: middle\"><span style=\"font-size: 0.9em\">6.<\/span><\/td>\n<td style=\"border-color: #ebebeb;text-align: center;width: 500px;vertical-align: middle\"><span style=\"font-size: 0.9em\"><strong>\ud83c\uddfa\ud83c\uddf8 Skyler HOWES<\/strong><br \/>\n<span style=\"font-size: 0.8em\">MONSTER ENERGY HONDA HRC<\/span><\/span><\/td>\n<td style=\"border-color: #ebebeb;text-align: center;width: 220px;vertical-align: middle\"><strong><span style=\"font-size: 0.9em\">\u00e0 1m46<\/span><\/strong><strong><span style=\"font-size: 0.9em\">s<\/span><\/strong><\/td>\n<\/tr>\n<tr>\n<td style=\"border-color: #ebebeb;text-align: center;width: 80px;vertical-align: middle\"><span style=\"font-size: 0.9em\">7<\/span><span style=\"font-size: 0.9em\">.<\/span><\/td>\n<td style=\"border-color: #ebebeb;text-align: center;width: 500px;vertical-align: middle\"><span style=\"font-size: 0.9em\"><strong>\ud83c\uddff\ud83c\udde6 BRADLEY COX<\/strong><br \/>\n<span style=\"font-size: 0.8em\">SHERCO RALLY FACTORY<\/span><\/span><\/td>\n<td style=\"border-color: #ebebeb;text-align: center;width: 220px;vertical-align: middle\"><strong><span style=\"font-size: 0.9em\">\u00e0 2m49<\/span><\/strong><strong><span style=\"font-size: 0.9em\">s<\/span><\/strong><\/td>\n<\/tr>\n<tr>\n<td style=\"border-color: #ebebeb;text-align: center;width: 80px;vertical-align: middle\"><span style=\"font-size: 0.9em\">8.<\/span><\/td>\n<td style=\"border-color: #ebebeb;height: 24px;text-align: center;width: 500px;vertical-align: middle\"><span style=\"font-size: 0.9em\"><strong>\ud83c\udde8\ud83c\uddf1 Ignacio CORNEJO<\/strong><br \/>\n<span style=\"font-size: 0.8em\">HERO MOTOSPORTS TEAM RALLY<\/span><\/span><\/td>\n<td style=\"border-color: #ebebeb;text-align: center;width: 220px;vertical-align: middle\"><strong><span style=\"font-size: 0.9em\">\u00e0 3m11<\/span><\/strong><strong><span style=\"font-size: 0.9em\">s<\/span><\/strong><\/td>\n<\/tr>\n<tr>\n<td style=\"border-color: #ebebeb;text-align: center;width: 80px;vertical-align: middle\"><span style=\"font-size: 0.9em\">9.<\/span><\/td>\n<td style=\"border-color: #ebebeb;height: 24px;text-align: center;width: 500px;vertical-align: middle\"><span style=\"font-size: 0.9em\"><strong>\ud83c\uddf5\ud83c\uddf9 Martim VENTURA<br \/>\n<\/strong><span style=\"font-size: 0.8em\">MONSTER ENERGY HONDA HRC<\/span><\/span><\/td>\n<td style=\"border-color: #ebebeb;text-align: center;width: 220px;vertical-align: middle\"><strong><span style=\"font-size: 0.9em\">\u00e0 3m18<\/span><\/strong><strong><span style=\"font-size: 0.9em\">s<\/span><\/strong><\/td>\n<\/tr>\n<tr>\n<td style=\"border-color: #ebebeb;text-align: center;width: 80px;vertical-align: middle\"><span style=\"font-size: 0.9em\">10.<\/span><\/td>\n<td style=\"border-color: #ebebeb;height: 24px;text-align: center;width: 500px;vertical-align: middle\"><span style=\"font-size: 0.9em\"><strong>\ud83c\uddfa\ud83c\uddf8 Ricky BRABEC<\/strong><br \/>\n<span style=\"font-size: 0.8em\">MONSTER ENERGY HONDA HRC<\/span><\/span><\/td>\n<td style=\"border-color: #ebebeb;text-align: center;width: 220px;vertical-align: middle\"><strong><span style=\"font-size: 0.9em\">\u00e0 3m28<\/span><\/strong><strong><span style=\"font-size: 0.9em\">s<\/span><\/strong><\/td>\n<\/tr>\n<\/tbody>\n<\/table>\n<\/div>\n<h3><strong>\u00c0 lire aussi<\/strong><\/h3>\n<ul>\n<li style=\"text-align: justify;\"><a href=\"https:\/\/www.dakar.live.worldrallyraidchampionship.com\/fr\/moto\/13\/classements\"><strong>Dakar 2026 &#8211; Motos : le classement complet de la 13\u00e8me \u00e9tape<\/strong><\/a><strong><br \/>\n<\/strong><\/li>\n<\/ul>\n<div class=\"vlp-link-container vlp-layout-article\"><a href=\"https:\/\/dicodusport.fr\/blog\/sanders-schareina-van-beveren-qui-sont-les-favoris-du-dakar-2026-en-categorie-motos\/\" class=\"vlp-link\" title=\"Sanders, Schareina, Van Beveren... Qui sont les favoris du Dakar 2026 en cat\u00e9gorie motos ?\"><\/a><div class=\"vlp-layout-zone-side\"><div class=\"vlp-block-4 vlp-link-image\"><img loading=\"lazy\" decoding=\"async\" style=\"max-width: 792px;\" width=\"792\" height=\"445\" src=\"https:\/\/dicodusport.fr\/blog\/wp-content\/uploads\/2025\/12\/Sanders-Schareina-Van-Beveren-Qui-sont-les-favoris-du-Dakar-2026-en-categorie-motos-.png\" class=\"attachment-800x445 size-800x445\" alt=\"Sanders, Schareina, Van Beveren Qui sont les favoris du Dakar 2026 en cat\u00e9gorie motos\" srcset=\"https:\/\/dicodusport.fr\/blog\/wp-content\/uploads\/2025\/12\/Sanders-Schareina-Van-Beveren-Qui-sont-les-favoris-du-Dakar-2026-en-categorie-motos-.png 1200w, https:\/\/dicodusport.fr\/blog\/wp-content\/uploads\/2025\/12\/Sanders-Schareina-Van-Beveren-Qui-sont-les-favoris-du-Dakar-2026-en-categorie-motos--300x169.png 300w, https:\/\/dicodusport.fr\/blog\/wp-content\/uploads\/2025\/12\/Sanders-Schareina-Van-Beveren-Qui-sont-les-favoris-du-Dakar-2026-en-categorie-motos--1024x575.png 1024w, https:\/\/dicodusport.fr\/blog\/wp-content\/uploads\/2025\/12\/Sanders-Schareina-Van-Beveren-Qui-sont-les-favoris-du-Dakar-2026-en-categorie-motos--768x431.png 768w\" sizes=\"auto, (max-width: 792px) 100vw, 792px\" \/><\/div><\/div><div class=\"vlp-layout-zone-main\"><div class=\"vlp-block-0 vlp-link-title\">Sanders, Schareina, Van Beveren... Qui sont les favoris du Dakar 2026 en cat\u00e9gorie motos ?<\/div><div class=\"vlp-block-1 vlp-link-summary\">DAKAR 2026 \u2013 Qui succ\u00e9dera \u00e0 Daniel Sanders, vainqueur de l\u2019\u00e9dition 2025 avec le Team Red Bull KTM\u00a0?<\/div><div class=\"vlp-block-2 vlp-link-button\">Lire l'article<\/div><div class=\"vlp-block-3 vlp-link-url\">dicodusport.fr<\/div><\/div><\/div>\n","protected":false},"excerpt":{"rendered":"<p>Retrouvez le classement et les r\u00e9sultats de la 13\u00e8me \u00e9tape du Dakar 2026 dans la cat\u00e9gorie motos, qui s&rsquo;est d\u00e9roul\u00e9e ce samedi 17 janvier 2026.<\/p>\n","protected":false},"author":4,"featured_media":638848,"comment_status":"open","ping_status":"closed","sticky":false,"template":"","format":"standard","meta":{"_acf_changed":false,"_daextam_enable_autolinks":"1","footnotes":""},"categories":[9493],"tags":[16878,2736],"class_list":["post-638839","post","type-post","status-publish","format-standard","has-post-thumbnail","hentry","category-dakar","tag-breve","tag-dakar"],"acf":[],"yoast_head":"<!-- This site is optimized with the Yoast SEO Premium plugin v26.7 (Yoast SEO v26.7) - https:\/\/yoast.com\/wordpress\/plugins\/seo\/ -->\n<title>Dakar 2026 Motos - Classement et r\u00e9sultats 13\u00e8me \u00e9tape<\/title>\n<meta name=\"description\" content=\"Retrouvez le classement et les r\u00e9sultats de la 13\u00e8me \u00e9tape du Dakar 2026 dans la cat\u00e9gorie motos, qui s&#039;est d\u00e9roul\u00e9e ce samedi 17 janvier 2026.\" \/>\n<meta name=\"robots\" content=\"index, follow, max-snippet:-1, max-image-preview:large, max-video-preview:-1\" \/>\n<link rel=\"canonical\" href=\"https:\/\/dicodusport.fr\/blog\/dakar-2026-motos-classement-et-resultats-13eme-etape\/\" \/>\n<meta property=\"og:locale\" content=\"fr_FR\" \/>\n<meta property=\"og:type\" content=\"article\" \/>\n<meta property=\"og:title\" content=\"Dakar 2026 Motos (13\u00e8me \u00e9tape) : Le vainqueur, le classement et les r\u00e9sultats\" \/>\n<meta property=\"og:description\" content=\"Retrouvez le classement et les r\u00e9sultats de la 13\u00e8me \u00e9tape du Dakar 2026 dans la cat\u00e9gorie motos, qui s&#039;est d\u00e9roul\u00e9e ce samedi 17 janvier 2026.\" \/>\n<meta property=\"og:url\" content=\"https:\/\/dicodusport.fr\/blog\/dakar-2026-motos-classement-et-resultats-13eme-etape\/\" \/>\n<meta property=\"og:site_name\" content=\"Dicodusport\" \/>\n<meta property=\"article:publisher\" content=\"https:\/\/www.facebook.com\/dicodusport\" \/>\n<meta property=\"article:author\" content=\"https:\/\/www.facebook.com\/florent.ostermann\" \/>\n<meta property=\"article:published_time\" content=\"2026-01-17T08:21:00+00:00\" \/>\n<meta property=\"article:modified_time\" content=\"2026-01-17T10:55:28+00:00\" \/>\n<meta property=\"og:image\" content=\"https:\/\/dicodusport.fr\/blog\/wp-content\/uploads\/2026\/01\/Dakar-2026-Motos-Classement-et-resultats-13eme-etape.png\" \/>\n\t<meta property=\"og:image:width\" content=\"1200\" \/>\n\t<meta property=\"og:image:height\" content=\"674\" \/>\n\t<meta property=\"og:image:type\" content=\"image\/png\" \/>\n<meta name=\"author\" content=\"Flo Ostermann\" \/>\n<meta name=\"twitter:card\" content=\"summary_large_image\" \/>\n<meta name=\"twitter:title\" content=\"Dakar 2026 Motos (13\u00e8me \u00e9tape) : Le vainqueur, le classement et les r\u00e9sultats\" \/>\n<meta name=\"twitter:creator\" content=\"@https:\/\/twitter.com\/FlOstermann\" \/>\n<meta name=\"twitter:site\" content=\"@dicodusport\" \/>\n<script type=\"application\/ld+json\" class=\"yoast-schema-graph\">{\"@context\":\"https:\/\/schema.org\",\"@graph\":[{\"@type\":\"NewsArticle\",\"@id\":\"https:\/\/dicodusport.fr\/blog\/dakar-2026-motos-classement-et-resultats-13eme-etape\/#article\",\"isPartOf\":{\"@id\":\"https:\/\/dicodusport.fr\/blog\/dakar-2026-motos-classement-et-resultats-13eme-etape\/\"},\"author\":{\"name\":\"Flo Ostermann\",\"@id\":\"https:\/\/dicodusport.fr\/blog\/#\/schema\/person\/cb02af4c173ce4a653b55e9baf388d4a\"},\"headline\":\"Dakar 2026 Motos &#8211; Classement et r\u00e9sultats 13\u00e8me \u00e9tape\",\"datePublished\":\"2026-01-17T08:21:00+00:00\",\"dateModified\":\"2026-01-17T10:55:28+00:00\",\"mainEntityOfPage\":{\"@id\":\"https:\/\/dicodusport.fr\/blog\/dakar-2026-motos-classement-et-resultats-13eme-etape\/\"},\"wordCount\":780,\"commentCount\":0,\"publisher\":{\"@id\":\"https:\/\/dicodusport.fr\/blog\/#organization\"},\"image\":{\"@id\":\"https:\/\/dicodusport.fr\/blog\/dakar-2026-motos-classement-et-resultats-13eme-etape\/#primaryimage\"},\"thumbnailUrl\":\"https:\/\/dicodusport.fr\/blog\/wp-content\/uploads\/2026\/01\/Dakar-2026-Motos-Classement-et-resultats-13eme-etape.png\",\"keywords\":[\"br\u00e8ve\",\"dakar\"],\"articleSection\":[\"Dakar\"],\"inLanguage\":\"fr-FR\",\"potentialAction\":[{\"@type\":\"CommentAction\",\"name\":\"Comment\",\"target\":[\"https:\/\/dicodusport.fr\/blog\/dakar-2026-motos-classement-et-resultats-13eme-etape\/#respond\"]}],\"copyrightYear\":\"2026\",\"copyrightHolder\":{\"@id\":\"https:\/\/dicodusport.fr\/blog\/#organization\"}},{\"@type\":\"WebPage\",\"@id\":\"https:\/\/dicodusport.fr\/blog\/dakar-2026-motos-classement-et-resultats-13eme-etape\/\",\"url\":\"https:\/\/dicodusport.fr\/blog\/dakar-2026-motos-classement-et-resultats-13eme-etape\/\",\"name\":\"Dakar 2026 Motos - Classement et r\u00e9sultats 13\u00e8me \u00e9tape\",\"isPartOf\":{\"@id\":\"https:\/\/dicodusport.fr\/blog\/#website\"},\"primaryImageOfPage\":{\"@id\":\"https:\/\/dicodusport.fr\/blog\/dakar-2026-motos-classement-et-resultats-13eme-etape\/#primaryimage\"},\"image\":{\"@id\":\"https:\/\/dicodusport.fr\/blog\/dakar-2026-motos-classement-et-resultats-13eme-etape\/#primaryimage\"},\"thumbnailUrl\":\"https:\/\/dicodusport.fr\/blog\/wp-content\/uploads\/2026\/01\/Dakar-2026-Motos-Classement-et-resultats-13eme-etape.png\",\"datePublished\":\"2026-01-17T08:21:00+00:00\",\"dateModified\":\"2026-01-17T10:55:28+00:00\",\"description\":\"Retrouvez le classement et les r\u00e9sultats de la 13\u00e8me \u00e9tape du Dakar 2026 dans la cat\u00e9gorie motos, qui s'est d\u00e9roul\u00e9e ce samedi 17 janvier 2026.\",\"breadcrumb\":{\"@id\":\"https:\/\/dicodusport.fr\/blog\/dakar-2026-motos-classement-et-resultats-13eme-etape\/#breadcrumb\"},\"inLanguage\":\"fr-FR\",\"potentialAction\":[{\"@type\":\"ReadAction\",\"target\":[\"https:\/\/dicodusport.fr\/blog\/dakar-2026-motos-classement-et-resultats-13eme-etape\/\"]}]},{\"@type\":\"ImageObject\",\"inLanguage\":\"fr-FR\",\"@id\":\"https:\/\/dicodusport.fr\/blog\/dakar-2026-motos-classement-et-resultats-13eme-etape\/#primaryimage\",\"url\":\"https:\/\/dicodusport.fr\/blog\/wp-content\/uploads\/2026\/01\/Dakar-2026-Motos-Classement-et-resultats-13eme-etape.png\",\"contentUrl\":\"https:\/\/dicodusport.fr\/blog\/wp-content\/uploads\/2026\/01\/Dakar-2026-Motos-Classement-et-resultats-13eme-etape.png\",\"width\":1200,\"height\":674,\"caption\":\"Dakar 2026 Motos - Classement et r\u00e9sultats 13\u00e8me \u00e9tape\"},{\"@type\":\"BreadcrumbList\",\"@id\":\"https:\/\/dicodusport.fr\/blog\/dakar-2026-motos-classement-et-resultats-13eme-etape\/#breadcrumb\",\"itemListElement\":[{\"@type\":\"ListItem\",\"position\":1,\"name\":\"Accueil\",\"item\":\"https:\/\/dicodusport.fr\/blog\/\"},{\"@type\":\"ListItem\",\"position\":2,\"name\":\"Dakar 2026 Motos &#8211; Classement et r\u00e9sultats 13\u00e8me \u00e9tape\"}]},{\"@type\":\"WebSite\",\"@id\":\"https:\/\/dicodusport.fr\/blog\/#website\",\"url\":\"https:\/\/dicodusport.fr\/blog\/\",\"name\":\"Dicodusport\",\"description\":\"L&#039;encyclop\u00e9die de l&#039;actualit\u00e9 sportive\",\"publisher\":{\"@id\":\"https:\/\/dicodusport.fr\/blog\/#organization\"},\"potentialAction\":[{\"@type\":\"SearchAction\",\"target\":{\"@type\":\"EntryPoint\",\"urlTemplate\":\"https:\/\/dicodusport.fr\/blog\/?s={search_term_string}\"},\"query-input\":{\"@type\":\"PropertyValueSpecification\",\"valueRequired\":true,\"valueName\":\"search_term_string\"}}],\"inLanguage\":\"fr-FR\"},{\"@type\":\"NewsMediaOrganization\",\"@id\":\"https:\/\/dicodusport.fr\/blog\/#organization\",\"name\":\"Dicodusport\",\"url\":\"https:\/\/dicodusport.fr\/blog\/\",\"logo\":{\"@type\":\"ImageObject\",\"inLanguage\":\"fr-FR\",\"@id\":\"https:\/\/dicodusport.fr\/blog\/#\/schema\/logo\/image\/\",\"url\":\"https:\/\/dicodusport.fr\/blog\/wp-content\/uploads\/2020\/06\/cropped-LOGO-DICODUSPORT-2020-SANS-FOND-SANS-TEXTE.png\",\"contentUrl\":\"https:\/\/dicodusport.fr\/blog\/wp-content\/uploads\/2020\/06\/cropped-LOGO-DICODUSPORT-2020-SANS-FOND-SANS-TEXTE.png\",\"width\":512,\"height\":512,\"caption\":\"Dicodusport\"},\"image\":{\"@id\":\"https:\/\/dicodusport.fr\/blog\/#\/schema\/logo\/image\/\"},\"sameAs\":[\"https:\/\/www.facebook.com\/dicodusport\",\"https:\/\/x.com\/dicodusport\",\"https:\/\/www.instagram.com\/dicodusport\/\",\"https:\/\/www.youtube.com\/channel\/UC7V2KZ5sd3htJivAbA4ZG3w\"],\"description\":\"Dicodusport est l'encyclop\u00e9die de l'actualit\u00e9 sportive.\",\"email\":\"bonjour@dicodusport.fr\",\"legalName\":\"DICODUSPORT\",\"foundingDate\":\"2018-01-14\",\"vatID\":\"FR71834470973\",\"taxID\":\"83447097300043\",\"numberOfEmployees\":{\"@type\":\"QuantitativeValue\",\"minValue\":\"1\",\"maxValue\":\"10\"}},{\"@type\":\"Person\",\"@id\":\"https:\/\/dicodusport.fr\/blog\/#\/schema\/person\/cb02af4c173ce4a653b55e9baf388d4a\",\"name\":\"Flo Ostermann\",\"image\":{\"@type\":\"ImageObject\",\"inLanguage\":\"fr-FR\",\"@id\":\"https:\/\/dicodusport.fr\/blog\/#\/schema\/person\/image\/\",\"url\":\"https:\/\/dicodusport.fr\/blog\/wp-content\/uploads\/2021\/05\/Flo-Ostermann-150x150.jpg\",\"contentUrl\":\"https:\/\/dicodusport.fr\/blog\/wp-content\/uploads\/2021\/05\/Flo-Ostermann-150x150.jpg\",\"caption\":\"Flo Ostermann\"},\"description\":\"Journaliste\/R\u00e9dacteur depuis septembre 2015 - Mes premiers souvenirs dans le sport ? Les envol\u00e9es du Stade Toulousain et les duels Villeneuve-Schumacher et H\u00e4kkinen-Schumacher \u00e0 la fin des ann\u00e9es 90, la Coupe du monde de football en 1998, l\u2019exploit du XV de France face aux All Blacks en 1999, mais aussi Richard C\u0153ur de Lion qui vole sur les montagnes du Tour de France. Bien parti pour devenir professeur d\u2019EPS, les \u00e9v\u00e9nements de la vie (et la flemme d\u2019animer des s\u00e9ances de 3x500 m\u00e8tres toute ma vie) m\u2019ont conduit \u00e0 revoir mes plans. Me voil\u00e0 depuis fin 2017 sur Dicodusport, m\u00e9dia gr\u00e2ce (et pour) lequel je partage ma passion : le sport dans tous ses \u00e9tats. Le tout accompagn\u00e9 par les fous furieux et folles furieuses cit\u00e9s sur cette page !\",\"sameAs\":[\"https:\/\/www.facebook.com\/florent.ostermann\",\"https:\/\/x.com\/https:\/\/twitter.com\/FlOstermann\",\"admin\"],\"url\":\"https:\/\/dicodusport.fr\/blog\/author\/flo\/\"}]}<\/script>\n<!-- \/ Yoast SEO Premium plugin. -->","yoast_head_json":{"title":"Dakar 2026 Motos - Classement et r\u00e9sultats 13\u00e8me \u00e9tape","description":"Retrouvez le classement et les r\u00e9sultats de la 13\u00e8me \u00e9tape du Dakar 2026 dans la cat\u00e9gorie motos, qui s'est d\u00e9roul\u00e9e ce samedi 17 janvier 2026.","robots":{"index":"index","follow":"follow","max-snippet":"max-snippet:-1","max-image-preview":"max-image-preview:large","max-video-preview":"max-video-preview:-1"},"canonical":"https:\/\/dicodusport.fr\/blog\/dakar-2026-motos-classement-et-resultats-13eme-etape\/","og_locale":"fr_FR","og_type":"article","og_title":"Dakar 2026 Motos (13\u00e8me \u00e9tape) : Le vainqueur, le classement et les r\u00e9sultats","og_description":"Retrouvez le classement et les r\u00e9sultats de la 13\u00e8me \u00e9tape du Dakar 2026 dans la cat\u00e9gorie motos, qui s'est d\u00e9roul\u00e9e ce samedi 17 janvier 2026.","og_url":"https:\/\/dicodusport.fr\/blog\/dakar-2026-motos-classement-et-resultats-13eme-etape\/","og_site_name":"Dicodusport","article_publisher":"https:\/\/www.facebook.com\/dicodusport","article_author":"https:\/\/www.facebook.com\/florent.ostermann","article_published_time":"2026-01-17T08:21:00+00:00","article_modified_time":"2026-01-17T10:55:28+00:00","og_image":[{"width":1200,"height":674,"url":"https:\/\/dicodusport.fr\/blog\/wp-content\/uploads\/2026\/01\/Dakar-2026-Motos-Classement-et-resultats-13eme-etape.png","type":"image\/png"}],"author":"Flo Ostermann","twitter_card":"summary_large_image","twitter_title":"Dakar 2026 Motos (13\u00e8me \u00e9tape) : Le vainqueur, le classement et les r\u00e9sultats","twitter_creator":"@https:\/\/twitter.com\/FlOstermann","twitter_site":"@dicodusport","schema":{"@context":"https:\/\/schema.org","@graph":[{"@type":"NewsArticle","@id":"https:\/\/dicodusport.fr\/blog\/dakar-2026-motos-classement-et-resultats-13eme-etape\/#article","isPartOf":{"@id":"https:\/\/dicodusport.fr\/blog\/dakar-2026-motos-classement-et-resultats-13eme-etape\/"},"author":{"name":"Flo Ostermann","@id":"https:\/\/dicodusport.fr\/blog\/#\/schema\/person\/cb02af4c173ce4a653b55e9baf388d4a"},"headline":"Dakar 2026 Motos &#8211; Classement et r\u00e9sultats 13\u00e8me \u00e9tape","datePublished":"2026-01-17T08:21:00+00:00","dateModified":"2026-01-17T10:55:28+00:00","mainEntityOfPage":{"@id":"https:\/\/dicodusport.fr\/blog\/dakar-2026-motos-classement-et-resultats-13eme-etape\/"},"wordCount":780,"commentCount":0,"publisher":{"@id":"https:\/\/dicodusport.fr\/blog\/#organization"},"image":{"@id":"https:\/\/dicodusport.fr\/blog\/dakar-2026-motos-classement-et-resultats-13eme-etape\/#primaryimage"},"thumbnailUrl":"https:\/\/dicodusport.fr\/blog\/wp-content\/uploads\/2026\/01\/Dakar-2026-Motos-Classement-et-resultats-13eme-etape.png","keywords":["br\u00e8ve","dakar"],"articleSection":["Dakar"],"inLanguage":"fr-FR","potentialAction":[{"@type":"CommentAction","name":"Comment","target":["https:\/\/dicodusport.fr\/blog\/dakar-2026-motos-classement-et-resultats-13eme-etape\/#respond"]}],"copyrightYear":"2026","copyrightHolder":{"@id":"https:\/\/dicodusport.fr\/blog\/#organization"}},{"@type":"WebPage","@id":"https:\/\/dicodusport.fr\/blog\/dakar-2026-motos-classement-et-resultats-13eme-etape\/","url":"https:\/\/dicodusport.fr\/blog\/dakar-2026-motos-classement-et-resultats-13eme-etape\/","name":"Dakar 2026 Motos - Classement et r\u00e9sultats 13\u00e8me \u00e9tape","isPartOf":{"@id":"https:\/\/dicodusport.fr\/blog\/#website"},"primaryImageOfPage":{"@id":"https:\/\/dicodusport.fr\/blog\/dakar-2026-motos-classement-et-resultats-13eme-etape\/#primaryimage"},"image":{"@id":"https:\/\/dicodusport.fr\/blog\/dakar-2026-motos-classement-et-resultats-13eme-etape\/#primaryimage"},"thumbnailUrl":"https:\/\/dicodusport.fr\/blog\/wp-content\/uploads\/2026\/01\/Dakar-2026-Motos-Classement-et-resultats-13eme-etape.png","datePublished":"2026-01-17T08:21:00+00:00","dateModified":"2026-01-17T10:55:28+00:00","description":"Retrouvez le classement et les r\u00e9sultats de la 13\u00e8me \u00e9tape du Dakar 2026 dans la cat\u00e9gorie motos, qui s'est d\u00e9roul\u00e9e ce samedi 17 janvier 2026.","breadcrumb":{"@id":"https:\/\/dicodusport.fr\/blog\/dakar-2026-motos-classement-et-resultats-13eme-etape\/#breadcrumb"},"inLanguage":"fr-FR","potentialAction":[{"@type":"ReadAction","target":["https:\/\/dicodusport.fr\/blog\/dakar-2026-motos-classement-et-resultats-13eme-etape\/"]}]},{"@type":"ImageObject","inLanguage":"fr-FR","@id":"https:\/\/dicodusport.fr\/blog\/dakar-2026-motos-classement-et-resultats-13eme-etape\/#primaryimage","url":"https:\/\/dicodusport.fr\/blog\/wp-content\/uploads\/2026\/01\/Dakar-2026-Motos-Classement-et-resultats-13eme-etape.png","contentUrl":"https:\/\/dicodusport.fr\/blog\/wp-content\/uploads\/2026\/01\/Dakar-2026-Motos-Classement-et-resultats-13eme-etape.png","width":1200,"height":674,"caption":"Dakar 2026 Motos - Classement et r\u00e9sultats 13\u00e8me \u00e9tape"},{"@type":"BreadcrumbList","@id":"https:\/\/dicodusport.fr\/blog\/dakar-2026-motos-classement-et-resultats-13eme-etape\/#breadcrumb","itemListElement":[{"@type":"ListItem","position":1,"name":"Accueil","item":"https:\/\/dicodusport.fr\/blog\/"},{"@type":"ListItem","position":2,"name":"Dakar 2026 Motos &#8211; Classement et r\u00e9sultats 13\u00e8me \u00e9tape"}]},{"@type":"WebSite","@id":"https:\/\/dicodusport.fr\/blog\/#website","url":"https:\/\/dicodusport.fr\/blog\/","name":"Dicodusport","description":"L&#039;encyclop\u00e9die de l&#039;actualit\u00e9 sportive","publisher":{"@id":"https:\/\/dicodusport.fr\/blog\/#organization"},"potentialAction":[{"@type":"SearchAction","target":{"@type":"EntryPoint","urlTemplate":"https:\/\/dicodusport.fr\/blog\/?s={search_term_string}"},"query-input":{"@type":"PropertyValueSpecification","valueRequired":true,"valueName":"search_term_string"}}],"inLanguage":"fr-FR"},{"@type":"NewsMediaOrganization","@id":"https:\/\/dicodusport.fr\/blog\/#organization","name":"Dicodusport","url":"https:\/\/dicodusport.fr\/blog\/","logo":{"@type":"ImageObject","inLanguage":"fr-FR","@id":"https:\/\/dicodusport.fr\/blog\/#\/schema\/logo\/image\/","url":"https:\/\/dicodusport.fr\/blog\/wp-content\/uploads\/2020\/06\/cropped-LOGO-DICODUSPORT-2020-SANS-FOND-SANS-TEXTE.png","contentUrl":"https:\/\/dicodusport.fr\/blog\/wp-content\/uploads\/2020\/06\/cropped-LOGO-DICODUSPORT-2020-SANS-FOND-SANS-TEXTE.png","width":512,"height":512,"caption":"Dicodusport"},"image":{"@id":"https:\/\/dicodusport.fr\/blog\/#\/schema\/logo\/image\/"},"sameAs":["https:\/\/www.facebook.com\/dicodusport","https:\/\/x.com\/dicodusport","https:\/\/www.instagram.com\/dicodusport\/","https:\/\/www.youtube.com\/channel\/UC7V2KZ5sd3htJivAbA4ZG3w"],"description":"Dicodusport est l'encyclop\u00e9die de l'actualit\u00e9 sportive.","email":"bonjour@dicodusport.fr","legalName":"DICODUSPORT","foundingDate":"2018-01-14","vatID":"FR71834470973","taxID":"83447097300043","numberOfEmployees":{"@type":"QuantitativeValue","minValue":"1","maxValue":"10"}},{"@type":"Person","@id":"https:\/\/dicodusport.fr\/blog\/#\/schema\/person\/cb02af4c173ce4a653b55e9baf388d4a","name":"Flo Ostermann","image":{"@type":"ImageObject","inLanguage":"fr-FR","@id":"https:\/\/dicodusport.fr\/blog\/#\/schema\/person\/image\/","url":"https:\/\/dicodusport.fr\/blog\/wp-content\/uploads\/2021\/05\/Flo-Ostermann-150x150.jpg","contentUrl":"https:\/\/dicodusport.fr\/blog\/wp-content\/uploads\/2021\/05\/Flo-Ostermann-150x150.jpg","caption":"Flo Ostermann"},"description":"Journaliste\/R\u00e9dacteur depuis septembre 2015 - Mes premiers souvenirs dans le sport ? Les envol\u00e9es du Stade Toulousain et les duels Villeneuve-Schumacher et H\u00e4kkinen-Schumacher \u00e0 la fin des ann\u00e9es 90, la Coupe du monde de football en 1998, l\u2019exploit du XV de France face aux All Blacks en 1999, mais aussi Richard C\u0153ur de Lion qui vole sur les montagnes du Tour de France. Bien parti pour devenir professeur d\u2019EPS, les \u00e9v\u00e9nements de la vie (et la flemme d\u2019animer des s\u00e9ances de 3x500 m\u00e8tres toute ma vie) m\u2019ont conduit \u00e0 revoir mes plans. Me voil\u00e0 depuis fin 2017 sur Dicodusport, m\u00e9dia gr\u00e2ce (et pour) lequel je partage ma passion : le sport dans tous ses \u00e9tats. Le tout accompagn\u00e9 par les fous furieux et folles furieuses cit\u00e9s sur cette page !","sameAs":["https:\/\/www.facebook.com\/florent.ostermann","https:\/\/x.com\/https:\/\/twitter.com\/FlOstermann","admin"],"url":"https:\/\/dicodusport.fr\/blog\/author\/flo\/"}]}},"_links":{"self":[{"href":"https:\/\/dicodusport.fr\/blog\/wp-json\/wp\/v2\/posts\/638839","targetHints":{"allow":["GET"]}}],"collection":[{"href":"https:\/\/dicodusport.fr\/blog\/wp-json\/wp\/v2\/posts"}],"about":[{"href":"https:\/\/dicodusport.fr\/blog\/wp-json\/wp\/v2\/types\/post"}],"author":[{"embeddable":true,"href":"https:\/\/dicodusport.fr\/blog\/wp-json\/wp\/v2\/users\/4"}],"replies":[{"embeddable":true,"href":"https:\/\/dicodusport.fr\/blog\/wp-json\/wp\/v2\/comments?post=638839"}],"version-history":[{"count":4,"href":"https:\/\/dicodusport.fr\/blog\/wp-json\/wp\/v2\/posts\/638839\/revisions"}],"predecessor-version":[{"id":638989,"href":"https:\/\/dicodusport.fr\/blog\/wp-json\/wp\/v2\/posts\/638839\/revisions\/638989"}],"wp:featuredmedia":[{"embeddable":true,"href":"https:\/\/dicodusport.fr\/blog\/wp-json\/wp\/v2\/media\/638848"}],"wp:attachment":[{"href":"https:\/\/dicodusport.fr\/blog\/wp-json\/wp\/v2\/media?parent=638839"}],"wp:term":[{"taxonomy":"category","embeddable":true,"href":"https:\/\/dicodusport.fr\/blog\/wp-json\/wp\/v2\/categories?post=638839"},{"taxonomy":"post_tag","embeddable":true,"href":"https:\/\/dicodusport.fr\/blog\/wp-json\/wp\/v2\/tags?post=638839"}],"curies":[{"name":"wp","href":"https:\/\/api.w.org\/{rel}","templated":true}]}}