{"id":638868,"date":"2026-01-16T22:54:00","date_gmt":"2026-01-16T21:54:00","guid":{"rendered":"https:\/\/dicodusport.fr\/blog\/?p=638868&#038;preview=true&#038;preview_id=638868"},"modified":"2026-01-16T22:54:00","modified_gmt":"2026-01-16T21:54:00","slug":"pau-na-pas-resiste-aux-bulls-et-ne-verra-pas-les-8emes-de-finale-de-la-champions-cup","status":"publish","type":"post","link":"https:\/\/dicodusport.fr\/blog\/pau-na-pas-resiste-aux-bulls-et-ne-verra-pas-les-8emes-de-finale-de-la-champions-cup\/","title":{"rendered":"Pau n&rsquo;a pas r\u00e9sist\u00e9 aux Bulls, et ne verra pas les 8\u00e8mes de finale de la Champions Cup"},"content":{"rendered":"<p style=\"text-align: justify;\"><strong><em>CHAMPIONS CUP 2025\/2026 &#8211; Pau a perdu son bras de fer avec les Bulls : la Section est \u00e9limin\u00e9e de la comp\u00e9tition, mais pourrait poursuivre en Challenge Cup.<\/em><\/strong><\/p>\n<ul style=\"text-align: justify;\">\n<li><strong>\u00c0 ce sujet \u2013 <a href=\"https:\/\/dicodusport.fr\/blog\/champions-cup-2025-2026-calendrier-et-resultats-des-clubs-francais\/\">Champions Cup 2025-2026 : calendrier et r\u00e9sultats des clubs fran\u00e7ais<\/a><\/strong><\/li>\n<\/ul>\n<p style=\"text-align: justify;\">Apr\u00e8s avoir ouvert son compteur la semaine derni\u00e8re via une victoire chez les Scarlets, l&rsquo;\u00e9quation \u00e9tait simple pour la <strong>Section Paloise<\/strong> : victoire = qualification en 8\u00e8me de finale de la Champions Cup. \u00c0 domicile, contre une \u00e9quipe des <strong>Bulls<\/strong> qui n&rsquo;avait pas remport\u00e9 le moindre match (mais qui pouvait toujours se qualifier&#8230;), la mission semblait abordable.<\/p>\n<div class=\"vlp-link-container vlp-layout-article\"><a href=\"https:\/\/dicodusport.fr\/blog\/bayonne-coule-a-pic-a-leicester-pau-remporte-une-course-poursuite-spectaculaire-chez-les-scarlets\/\" class=\"vlp-link\" title=\"Bayonne coule \u00e0 pic \u00e0 Leicester, Pau remporte une course poursuite spectaculaire chez les Scarlets\"><\/a><div class=\"vlp-layout-zone-side\"><div class=\"vlp-block-4 vlp-link-image\"><img loading=\"lazy\" decoding=\"async\" style=\"max-width: 792px;\" width=\"792\" height=\"445\" src=\"https:\/\/dicodusport.fr\/blog\/wp-content\/uploads\/2026\/01\/Bayonne-coule-a-pic-a-Leicester-Pau-remporte-une-course-poursuite-spectaculaire-chez-les-Scarlets.png\" class=\"attachment-800x445 size-800x445\" alt=\"Bayonne coule \u00e0 pic \u00e0 Leicester, Pau remporte une course poursuite spectaculaire chez les Scarlets\" srcset=\"https:\/\/dicodusport.fr\/blog\/wp-content\/uploads\/2026\/01\/Bayonne-coule-a-pic-a-Leicester-Pau-remporte-une-course-poursuite-spectaculaire-chez-les-Scarlets.png 1200w, https:\/\/dicodusport.fr\/blog\/wp-content\/uploads\/2026\/01\/Bayonne-coule-a-pic-a-Leicester-Pau-remporte-une-course-poursuite-spectaculaire-chez-les-Scarlets-300x169.png 300w, https:\/\/dicodusport.fr\/blog\/wp-content\/uploads\/2026\/01\/Bayonne-coule-a-pic-a-Leicester-Pau-remporte-une-course-poursuite-spectaculaire-chez-les-Scarlets-1024x575.png 1024w, https:\/\/dicodusport.fr\/blog\/wp-content\/uploads\/2026\/01\/Bayonne-coule-a-pic-a-Leicester-Pau-remporte-une-course-poursuite-spectaculaire-chez-les-Scarlets-768x431.png 768w\" sizes=\"auto, (max-width: 792px) 100vw, 792px\" \/><\/div><\/div><div class=\"vlp-layout-zone-main\"><div class=\"vlp-block-0 vlp-link-title\">Bayonne coule \u00e0 pic \u00e0 Leicester, Pau remporte une course poursuite spectaculaire chez les Scarlets<\/div><div class=\"vlp-block-1 vlp-link-summary\">CHAMPIONS CUP 2025\/2026 - Bayonne rentre les valises pleines de Leicester, alors que Pau a rafl\u00e9 une victoire spectaculaire chez les Scarlets et reste en vie.<\/div><div class=\"vlp-block-2 vlp-link-button\">Lire l'article<\/div><div class=\"vlp-block-3 vlp-link-url\">dicodusport.fr<\/div><\/div><\/div>\n<h2 style=\"text-align: justify;\">Pau fait le jeu<\/h2>\n<p style=\"text-align: justify;\">Mais ce sont bien les Sud-Africains qui faisaient le jeu en d\u00e9but de partie, et ils ne mettaient que 4 minutes \u00e0 trouver la faille par <strong>Mpilo Gumede<\/strong>, troisi\u00e8me ligne transform\u00e9 ici en ailier et inarr\u00eatable sur le bord de touche. Furieux, les Palois se ruaient \u00e0 l&rsquo;attaque, obtenaient une p\u00e9naltouche, et un group\u00e9 p\u00e9n\u00e9trant d\u00e9sagr\u00e9g\u00e9 propulsait tout de m\u00eame<strong> Youri Delhommel<\/strong> \u00e0 dame (10\u00e8me). Le match \u00e9tait totalement d\u00e9cousu, et gardait cet \u00e9tat d&rsquo;esprit, au grand bonheur des B\u00e9arnais, qui attaquaient sans rel\u00e2che.<\/p>\n<p style=\"text-align: justify;\">Mais ils commettaient quelques maladresses, et \u00e9taient de plus domin\u00e9s en m\u00eal\u00e9e ferm\u00e9e. De facto, le match devenait un tantinet plus strat\u00e9gique, voire parfois \u00ab\u00a0pourri\u00a0\u00bb par les Bulls. Et ces derniers r\u00e9coltaient le fruit de leurs efforts, sur une p\u00e9naltouche dont s&rsquo;extirpait <strong>Akke van der Merwe<\/strong> pour un essai en force (29e). Ni une, ni deux, les Palois \u00e9taient de nouveau \u00e0 r\u00e9action, et apr\u00e8s une perc\u00e9e de <strong>Quentin Valentino<\/strong>,<strong> Jimi Maximin<\/strong> terminait le travail. La fin de p\u00e9riode \u00e9tait b\u00e9arnaise, les Bulls multipliaient les fautes, ce qui causait le jaune de <strong>Reinhardt Ludwig<\/strong>, avant un group\u00e9 d\u00e9vastateur \u00e0 la sir\u00e8ne pour la conclusion de <strong>Delhommel<\/strong>, qui donnait de l&rsquo;air aux Palois \u00e0 la pause (<strong>21-12<\/strong>).<\/p>\n<h2 style=\"text-align: justify;\">La Section craque<\/h2>\n<p style=\"text-align: justify;\">N\u00e9anmoins, le momentum semblait interrompu d\u00e8s la reprise avec la sortie sur blessure de <strong>Jack Maddocks<\/strong>. Le bonus n&rsquo;\u00e9tant pas n\u00e9cessaire, les Palois optaient alors pour une approche plus conservatrice et prenaient les points au pied. Avant de repartir \u00e0 l&rsquo;assaut pour tenter de plier le match&#8230; pour mieux se faire contrer par un essai assassin de <strong>Cheswill Jooste<\/strong>, apr\u00e8s un num\u00e9ro de <strong>Sebastian de Klerk<\/strong>. \u00c0 l&rsquo;heure de jeu, rien n&rsquo;\u00e9tait certain (<strong>24-19<\/strong>).<\/p>\n<p style=\"text-align: justify;\">Pau ne voulait pas laisser \u00e9chapper le match, et le niveau de jeu remontait subitement. Les Bulls, sentant le coup fumant possible, ne fermaient pas le jeu et passaient proche d&rsquo;en remettre un, apr\u00e8s le jaune de <strong>Thomas Laclayat<\/strong> (69\u00e8me) sur un group\u00e9 qui terminait dans l&rsquo;en-but, mais sans aplatir. C&rsquo;est finalement <strong>Nizaam Carr<\/strong> qui parvenait \u00e0 ses fins en force, per\u00e7ant une d\u00e9fense us\u00e9e (73\u00e8me). L&rsquo;essai du bonus, qui \u00e9liminait les locaux. Le dernier baroud d&rsquo;honneur de la Section n&rsquo;allait rien donner, malgr\u00e9 une s\u00e9quence de plus de 5 minutes de jeu au ras qui allait \u00e9chouer sur un dernier grattage : d\u00e9faite<strong> 24-26<\/strong>, la Section pourrait \u00eatre revers\u00e9e en Challenge Cup, mais pour la Champions Cup, c&rsquo;est termin\u00e9.<\/p>\n","protected":false},"excerpt":{"rendered":"<p>CHAMPIONS CUP 2025\/2026 &#8211; Pau a perdu son bras de fer avec les Bulls : la Section est \u00e9limin\u00e9e de la comp\u00e9tition, mais pourrait poursuivre en Challenge Cup.<\/p>\n","protected":false},"author":59,"featured_media":638891,"comment_status":"open","ping_status":"closed","sticky":false,"template":"","format":"standard","meta":{"_acf_changed":false,"_daextam_enable_autolinks":"1","footnotes":""},"categories":[47051],"tags":[16878,2823,1092],"class_list":["post-638868","post","type-post","status-publish","format-standard","has-post-thumbnail","hentry","category-champions-cup","tag-breve","tag-champions-cup","tag-section-paloise"],"acf":[],"yoast_head":"<!-- This site is optimized with the Yoast SEO Premium plugin v26.7 (Yoast SEO v26.7) - https:\/\/yoast.com\/wordpress\/plugins\/seo\/ -->\n<title>Pau n&#039;a pas r\u00e9sist\u00e9 aux Bulls, et ne verra pas les 8\u00e8mes de finale de la Champions Cup<\/title>\n<meta name=\"description\" content=\"CHAMPIONS CUP 2025\/2026 - Pau a perdu son bras de fer avec les Bulls : la Section est \u00e9limin\u00e9e de la comp\u00e9tition, mais pourrait poursuivre en Challenge Cup.\" \/>\n<meta name=\"robots\" content=\"index, follow, max-snippet:-1, max-image-preview:large, max-video-preview:-1\" \/>\n<link rel=\"canonical\" href=\"https:\/\/dicodusport.fr\/blog\/pau-na-pas-resiste-aux-bulls-et-ne-verra-pas-les-8emes-de-finale-de-la-champions-cup\/\" \/>\n<meta property=\"og:locale\" content=\"fr_FR\" \/>\n<meta property=\"og:type\" content=\"article\" \/>\n<meta property=\"og:title\" content=\"Pau n&#039;a pas r\u00e9sist\u00e9 aux Bulls, et ne verra pas les 8\u00e8mes de finale de la Champions Cup\" \/>\n<meta property=\"og:description\" content=\"CHAMPIONS CUP 2025\/2026 - Pau a perdu son bras de fer avec les Bulls : la Section est \u00e9limin\u00e9e de la comp\u00e9tition, mais pourrait poursuivre en Challenge Cup.\" \/>\n<meta property=\"og:url\" content=\"https:\/\/dicodusport.fr\/blog\/pau-na-pas-resiste-aux-bulls-et-ne-verra-pas-les-8emes-de-finale-de-la-champions-cup\/\" \/>\n<meta property=\"og:site_name\" content=\"Dicodusport\" \/>\n<meta property=\"article:publisher\" content=\"https:\/\/www.facebook.com\/dicodusport\" \/>\n<meta property=\"article:author\" content=\"https:\/\/www.facebook.com\/sebastien.gente\/\" \/>\n<meta property=\"article:published_time\" content=\"2026-01-16T21:54:00+00:00\" \/>\n<meta property=\"og:image\" content=\"https:\/\/dicodusport.fr\/blog\/wp-content\/uploads\/2026\/01\/Pau-na-pas-resiste-aux-Bulls-et-ne-verra-pas-les-8emes-de-finale-de-la-Champions-Cup.png\" \/>\n\t<meta property=\"og:image:width\" content=\"1200\" \/>\n\t<meta property=\"og:image:height\" content=\"674\" \/>\n\t<meta property=\"og:image:type\" content=\"image\/png\" \/>\n<meta name=\"author\" content=\"S\u00e9bastien Gente\" \/>\n<meta name=\"twitter:card\" content=\"summary_large_image\" \/>\n<meta name=\"twitter:title\" content=\"Pau n&#039;a pas r\u00e9sist\u00e9 aux Bulls, et ne verra pas les 8\u00e8mes de finale de la Champions Cup\" \/>\n<meta name=\"twitter:creator\" content=\"@https:\/\/twitter.com\/globulo24\" \/>\n<meta name=\"twitter:site\" content=\"@dicodusport\" \/>\n<script type=\"application\/ld+json\" class=\"yoast-schema-graph\">{\"@context\":\"https:\/\/schema.org\",\"@graph\":[{\"@type\":\"NewsArticle\",\"@id\":\"https:\/\/dicodusport.fr\/blog\/pau-na-pas-resiste-aux-bulls-et-ne-verra-pas-les-8emes-de-finale-de-la-champions-cup\/#article\",\"isPartOf\":{\"@id\":\"https:\/\/dicodusport.fr\/blog\/pau-na-pas-resiste-aux-bulls-et-ne-verra-pas-les-8emes-de-finale-de-la-champions-cup\/\"},\"author\":{\"name\":\"S\u00e9bastien Gente\",\"@id\":\"https:\/\/dicodusport.fr\/blog\/#\/schema\/person\/627966a6cde45dbd8c5e36ac85d783da\"},\"headline\":\"Pau n&rsquo;a pas r\u00e9sist\u00e9 aux Bulls, et ne verra pas les 8\u00e8mes de finale de la Champions Cup\",\"datePublished\":\"2026-01-16T21:54:00+00:00\",\"mainEntityOfPage\":{\"@id\":\"https:\/\/dicodusport.fr\/blog\/pau-na-pas-resiste-aux-bulls-et-ne-verra-pas-les-8emes-de-finale-de-la-champions-cup\/\"},\"wordCount\":658,\"commentCount\":0,\"publisher\":{\"@id\":\"https:\/\/dicodusport.fr\/blog\/#organization\"},\"image\":{\"@id\":\"https:\/\/dicodusport.fr\/blog\/pau-na-pas-resiste-aux-bulls-et-ne-verra-pas-les-8emes-de-finale-de-la-champions-cup\/#primaryimage\"},\"thumbnailUrl\":\"https:\/\/dicodusport.fr\/blog\/wp-content\/uploads\/2026\/01\/Pau-na-pas-resiste-aux-Bulls-et-ne-verra-pas-les-8emes-de-finale-de-la-Champions-Cup.png\",\"keywords\":[\"br\u00e8ve\",\"Champions Cup\",\"section paloise\"],\"articleSection\":[\"Champions Cup\"],\"inLanguage\":\"fr-FR\",\"potentialAction\":[{\"@type\":\"CommentAction\",\"name\":\"Comment\",\"target\":[\"https:\/\/dicodusport.fr\/blog\/pau-na-pas-resiste-aux-bulls-et-ne-verra-pas-les-8emes-de-finale-de-la-champions-cup\/#respond\"]}],\"copyrightYear\":\"2026\",\"copyrightHolder\":{\"@id\":\"https:\/\/dicodusport.fr\/blog\/#organization\"}},{\"@type\":\"WebPage\",\"@id\":\"https:\/\/dicodusport.fr\/blog\/pau-na-pas-resiste-aux-bulls-et-ne-verra-pas-les-8emes-de-finale-de-la-champions-cup\/\",\"url\":\"https:\/\/dicodusport.fr\/blog\/pau-na-pas-resiste-aux-bulls-et-ne-verra-pas-les-8emes-de-finale-de-la-champions-cup\/\",\"name\":\"Pau n'a pas r\u00e9sist\u00e9 aux Bulls, et ne verra pas les 8\u00e8mes de finale de la Champions Cup\",\"isPartOf\":{\"@id\":\"https:\/\/dicodusport.fr\/blog\/#website\"},\"primaryImageOfPage\":{\"@id\":\"https:\/\/dicodusport.fr\/blog\/pau-na-pas-resiste-aux-bulls-et-ne-verra-pas-les-8emes-de-finale-de-la-champions-cup\/#primaryimage\"},\"image\":{\"@id\":\"https:\/\/dicodusport.fr\/blog\/pau-na-pas-resiste-aux-bulls-et-ne-verra-pas-les-8emes-de-finale-de-la-champions-cup\/#primaryimage\"},\"thumbnailUrl\":\"https:\/\/dicodusport.fr\/blog\/wp-content\/uploads\/2026\/01\/Pau-na-pas-resiste-aux-Bulls-et-ne-verra-pas-les-8emes-de-finale-de-la-Champions-Cup.png\",\"datePublished\":\"2026-01-16T21:54:00+00:00\",\"description\":\"CHAMPIONS CUP 2025\/2026 - Pau a perdu son bras de fer avec les Bulls : la Section est \u00e9limin\u00e9e de la comp\u00e9tition, mais pourrait poursuivre en Challenge Cup.\",\"breadcrumb\":{\"@id\":\"https:\/\/dicodusport.fr\/blog\/pau-na-pas-resiste-aux-bulls-et-ne-verra-pas-les-8emes-de-finale-de-la-champions-cup\/#breadcrumb\"},\"inLanguage\":\"fr-FR\",\"potentialAction\":[{\"@type\":\"ReadAction\",\"target\":[\"https:\/\/dicodusport.fr\/blog\/pau-na-pas-resiste-aux-bulls-et-ne-verra-pas-les-8emes-de-finale-de-la-champions-cup\/\"]}]},{\"@type\":\"ImageObject\",\"inLanguage\":\"fr-FR\",\"@id\":\"https:\/\/dicodusport.fr\/blog\/pau-na-pas-resiste-aux-bulls-et-ne-verra-pas-les-8emes-de-finale-de-la-champions-cup\/#primaryimage\",\"url\":\"https:\/\/dicodusport.fr\/blog\/wp-content\/uploads\/2026\/01\/Pau-na-pas-resiste-aux-Bulls-et-ne-verra-pas-les-8emes-de-finale-de-la-Champions-Cup.png\",\"contentUrl\":\"https:\/\/dicodusport.fr\/blog\/wp-content\/uploads\/2026\/01\/Pau-na-pas-resiste-aux-Bulls-et-ne-verra-pas-les-8emes-de-finale-de-la-Champions-Cup.png\",\"width\":1200,\"height\":674,\"caption\":\"Pau n'a pas r\u00e9sist\u00e9 aux Bulls, et ne verra pas les 8\u00e8mes de finale de la Champions Cup\"},{\"@type\":\"BreadcrumbList\",\"@id\":\"https:\/\/dicodusport.fr\/blog\/pau-na-pas-resiste-aux-bulls-et-ne-verra-pas-les-8emes-de-finale-de-la-champions-cup\/#breadcrumb\",\"itemListElement\":[{\"@type\":\"ListItem\",\"position\":1,\"name\":\"Accueil\",\"item\":\"https:\/\/dicodusport.fr\/blog\/\"},{\"@type\":\"ListItem\",\"position\":2,\"name\":\"Pau n&rsquo;a pas r\u00e9sist\u00e9 aux Bulls, et ne verra pas les 8\u00e8mes de finale de la Champions Cup\"}]},{\"@type\":\"WebSite\",\"@id\":\"https:\/\/dicodusport.fr\/blog\/#website\",\"url\":\"https:\/\/dicodusport.fr\/blog\/\",\"name\":\"Dicodusport\",\"description\":\"L&#039;encyclop\u00e9die de l&#039;actualit\u00e9 sportive\",\"publisher\":{\"@id\":\"https:\/\/dicodusport.fr\/blog\/#organization\"},\"potentialAction\":[{\"@type\":\"SearchAction\",\"target\":{\"@type\":\"EntryPoint\",\"urlTemplate\":\"https:\/\/dicodusport.fr\/blog\/?s={search_term_string}\"},\"query-input\":{\"@type\":\"PropertyValueSpecification\",\"valueRequired\":true,\"valueName\":\"search_term_string\"}}],\"inLanguage\":\"fr-FR\"},{\"@type\":\"NewsMediaOrganization\",\"@id\":\"https:\/\/dicodusport.fr\/blog\/#organization\",\"name\":\"Dicodusport\",\"url\":\"https:\/\/dicodusport.fr\/blog\/\",\"logo\":{\"@type\":\"ImageObject\",\"inLanguage\":\"fr-FR\",\"@id\":\"https:\/\/dicodusport.fr\/blog\/#\/schema\/logo\/image\/\",\"url\":\"https:\/\/dicodusport.fr\/blog\/wp-content\/uploads\/2020\/06\/cropped-LOGO-DICODUSPORT-2020-SANS-FOND-SANS-TEXTE.png\",\"contentUrl\":\"https:\/\/dicodusport.fr\/blog\/wp-content\/uploads\/2020\/06\/cropped-LOGO-DICODUSPORT-2020-SANS-FOND-SANS-TEXTE.png\",\"width\":512,\"height\":512,\"caption\":\"Dicodusport\"},\"image\":{\"@id\":\"https:\/\/dicodusport.fr\/blog\/#\/schema\/logo\/image\/\"},\"sameAs\":[\"https:\/\/www.facebook.com\/dicodusport\",\"https:\/\/x.com\/dicodusport\",\"https:\/\/www.instagram.com\/dicodusport\/\",\"https:\/\/www.youtube.com\/channel\/UC7V2KZ5sd3htJivAbA4ZG3w\"],\"description\":\"Dicodusport est l'encyclop\u00e9die de l'actualit\u00e9 sportive.\",\"email\":\"bonjour@dicodusport.fr\",\"legalName\":\"DICODUSPORT\",\"foundingDate\":\"2018-01-14\",\"vatID\":\"FR71834470973\",\"taxID\":\"83447097300043\",\"numberOfEmployees\":{\"@type\":\"QuantitativeValue\",\"minValue\":\"1\",\"maxValue\":\"10\"}},{\"@type\":\"Person\",\"@id\":\"https:\/\/dicodusport.fr\/blog\/#\/schema\/person\/627966a6cde45dbd8c5e36ac85d783da\",\"name\":\"S\u00e9bastien Gente\",\"image\":{\"@type\":\"ImageObject\",\"inLanguage\":\"fr-FR\",\"@id\":\"https:\/\/dicodusport.fr\/blog\/#\/schema\/person\/image\/\",\"url\":\"https:\/\/dicodusport.fr\/blog\/wp-content\/uploads\/2021\/09\/1510990_10205810251400683_4124423575079401707_n-150x150.jpg\",\"contentUrl\":\"https:\/\/dicodusport.fr\/blog\/wp-content\/uploads\/2021\/09\/1510990_10205810251400683_4124423575079401707_n-150x150.jpg\",\"caption\":\"S\u00e9bastien Gente\"},\"description\":\"John Stockton, Gianni Bugno, Zinedine Zidane, Steffi Graf, Frode Andresen, St\u00e9phane Stoecklin, Davis Kamoga, Primoz Peterka, Werner Schlager et Aur\u00e9lien Rougerie. Point commun entre ces sportifs? Ils m'ont fait r\u00eaver et ont berc\u00e9 mon adolescence. Je suis un fondu de sports et j'essaie de retranscrire ma passion \u00e0 travers mes articles. Originaire du P\u00e9rigord, ma passion pour les Girondins, les Jaunards et les Jazzmen transpire dans mes \u00e9crits. \u00c0 Dicodusport depuis 2021, je d\u00e9niche les sports m\u00e9connus dans lesquels la France brille, et il y en a !\",\"sameAs\":[\"https:\/\/www.facebook.com\/sebastien.gente\/\",\"https:\/\/www.instagram.com\/sebgente\/\",\"https:\/\/www.linkedin.com\/in\/sbastien-gente-a29583169\/\",\"https:\/\/x.com\/https:\/\/twitter.com\/globulo24\",\"SebastienGente\"],\"worksFor\":\"S\u00e9bastien GENTE\",\"url\":\"https:\/\/dicodusport.fr\/blog\/author\/sebastiengente\/\"}]}<\/script>\n<!-- \/ Yoast SEO Premium plugin. -->","yoast_head_json":{"title":"Pau n'a pas r\u00e9sist\u00e9 aux Bulls, et ne verra pas les 8\u00e8mes de finale de la Champions Cup","description":"CHAMPIONS CUP 2025\/2026 - Pau a perdu son bras de fer avec les Bulls : la Section est \u00e9limin\u00e9e de la comp\u00e9tition, mais pourrait poursuivre en Challenge Cup.","robots":{"index":"index","follow":"follow","max-snippet":"max-snippet:-1","max-image-preview":"max-image-preview:large","max-video-preview":"max-video-preview:-1"},"canonical":"https:\/\/dicodusport.fr\/blog\/pau-na-pas-resiste-aux-bulls-et-ne-verra-pas-les-8emes-de-finale-de-la-champions-cup\/","og_locale":"fr_FR","og_type":"article","og_title":"Pau n'a pas r\u00e9sist\u00e9 aux Bulls, et ne verra pas les 8\u00e8mes de finale de la Champions Cup","og_description":"CHAMPIONS CUP 2025\/2026 - Pau a perdu son bras de fer avec les Bulls : la Section est \u00e9limin\u00e9e de la comp\u00e9tition, mais pourrait poursuivre en Challenge Cup.","og_url":"https:\/\/dicodusport.fr\/blog\/pau-na-pas-resiste-aux-bulls-et-ne-verra-pas-les-8emes-de-finale-de-la-champions-cup\/","og_site_name":"Dicodusport","article_publisher":"https:\/\/www.facebook.com\/dicodusport","article_author":"https:\/\/www.facebook.com\/sebastien.gente\/","article_published_time":"2026-01-16T21:54:00+00:00","og_image":[{"width":1200,"height":674,"url":"https:\/\/dicodusport.fr\/blog\/wp-content\/uploads\/2026\/01\/Pau-na-pas-resiste-aux-Bulls-et-ne-verra-pas-les-8emes-de-finale-de-la-Champions-Cup.png","type":"image\/png"}],"author":"S\u00e9bastien Gente","twitter_card":"summary_large_image","twitter_title":"Pau n'a pas r\u00e9sist\u00e9 aux Bulls, et ne verra pas les 8\u00e8mes de finale de la Champions Cup","twitter_creator":"@https:\/\/twitter.com\/globulo24","twitter_site":"@dicodusport","schema":{"@context":"https:\/\/schema.org","@graph":[{"@type":"NewsArticle","@id":"https:\/\/dicodusport.fr\/blog\/pau-na-pas-resiste-aux-bulls-et-ne-verra-pas-les-8emes-de-finale-de-la-champions-cup\/#article","isPartOf":{"@id":"https:\/\/dicodusport.fr\/blog\/pau-na-pas-resiste-aux-bulls-et-ne-verra-pas-les-8emes-de-finale-de-la-champions-cup\/"},"author":{"name":"S\u00e9bastien Gente","@id":"https:\/\/dicodusport.fr\/blog\/#\/schema\/person\/627966a6cde45dbd8c5e36ac85d783da"},"headline":"Pau n&rsquo;a pas r\u00e9sist\u00e9 aux Bulls, et ne verra pas les 8\u00e8mes de finale de la Champions Cup","datePublished":"2026-01-16T21:54:00+00:00","mainEntityOfPage":{"@id":"https:\/\/dicodusport.fr\/blog\/pau-na-pas-resiste-aux-bulls-et-ne-verra-pas-les-8emes-de-finale-de-la-champions-cup\/"},"wordCount":658,"commentCount":0,"publisher":{"@id":"https:\/\/dicodusport.fr\/blog\/#organization"},"image":{"@id":"https:\/\/dicodusport.fr\/blog\/pau-na-pas-resiste-aux-bulls-et-ne-verra-pas-les-8emes-de-finale-de-la-champions-cup\/#primaryimage"},"thumbnailUrl":"https:\/\/dicodusport.fr\/blog\/wp-content\/uploads\/2026\/01\/Pau-na-pas-resiste-aux-Bulls-et-ne-verra-pas-les-8emes-de-finale-de-la-Champions-Cup.png","keywords":["br\u00e8ve","Champions Cup","section paloise"],"articleSection":["Champions Cup"],"inLanguage":"fr-FR","potentialAction":[{"@type":"CommentAction","name":"Comment","target":["https:\/\/dicodusport.fr\/blog\/pau-na-pas-resiste-aux-bulls-et-ne-verra-pas-les-8emes-de-finale-de-la-champions-cup\/#respond"]}],"copyrightYear":"2026","copyrightHolder":{"@id":"https:\/\/dicodusport.fr\/blog\/#organization"}},{"@type":"WebPage","@id":"https:\/\/dicodusport.fr\/blog\/pau-na-pas-resiste-aux-bulls-et-ne-verra-pas-les-8emes-de-finale-de-la-champions-cup\/","url":"https:\/\/dicodusport.fr\/blog\/pau-na-pas-resiste-aux-bulls-et-ne-verra-pas-les-8emes-de-finale-de-la-champions-cup\/","name":"Pau n'a pas r\u00e9sist\u00e9 aux Bulls, et ne verra pas les 8\u00e8mes de finale de la Champions Cup","isPartOf":{"@id":"https:\/\/dicodusport.fr\/blog\/#website"},"primaryImageOfPage":{"@id":"https:\/\/dicodusport.fr\/blog\/pau-na-pas-resiste-aux-bulls-et-ne-verra-pas-les-8emes-de-finale-de-la-champions-cup\/#primaryimage"},"image":{"@id":"https:\/\/dicodusport.fr\/blog\/pau-na-pas-resiste-aux-bulls-et-ne-verra-pas-les-8emes-de-finale-de-la-champions-cup\/#primaryimage"},"thumbnailUrl":"https:\/\/dicodusport.fr\/blog\/wp-content\/uploads\/2026\/01\/Pau-na-pas-resiste-aux-Bulls-et-ne-verra-pas-les-8emes-de-finale-de-la-Champions-Cup.png","datePublished":"2026-01-16T21:54:00+00:00","description":"CHAMPIONS CUP 2025\/2026 - Pau a perdu son bras de fer avec les Bulls : la Section est \u00e9limin\u00e9e de la comp\u00e9tition, mais pourrait poursuivre en Challenge Cup.","breadcrumb":{"@id":"https:\/\/dicodusport.fr\/blog\/pau-na-pas-resiste-aux-bulls-et-ne-verra-pas-les-8emes-de-finale-de-la-champions-cup\/#breadcrumb"},"inLanguage":"fr-FR","potentialAction":[{"@type":"ReadAction","target":["https:\/\/dicodusport.fr\/blog\/pau-na-pas-resiste-aux-bulls-et-ne-verra-pas-les-8emes-de-finale-de-la-champions-cup\/"]}]},{"@type":"ImageObject","inLanguage":"fr-FR","@id":"https:\/\/dicodusport.fr\/blog\/pau-na-pas-resiste-aux-bulls-et-ne-verra-pas-les-8emes-de-finale-de-la-champions-cup\/#primaryimage","url":"https:\/\/dicodusport.fr\/blog\/wp-content\/uploads\/2026\/01\/Pau-na-pas-resiste-aux-Bulls-et-ne-verra-pas-les-8emes-de-finale-de-la-Champions-Cup.png","contentUrl":"https:\/\/dicodusport.fr\/blog\/wp-content\/uploads\/2026\/01\/Pau-na-pas-resiste-aux-Bulls-et-ne-verra-pas-les-8emes-de-finale-de-la-Champions-Cup.png","width":1200,"height":674,"caption":"Pau n'a pas r\u00e9sist\u00e9 aux Bulls, et ne verra pas les 8\u00e8mes de finale de la Champions Cup"},{"@type":"BreadcrumbList","@id":"https:\/\/dicodusport.fr\/blog\/pau-na-pas-resiste-aux-bulls-et-ne-verra-pas-les-8emes-de-finale-de-la-champions-cup\/#breadcrumb","itemListElement":[{"@type":"ListItem","position":1,"name":"Accueil","item":"https:\/\/dicodusport.fr\/blog\/"},{"@type":"ListItem","position":2,"name":"Pau n&rsquo;a pas r\u00e9sist\u00e9 aux Bulls, et ne verra pas les 8\u00e8mes de finale de la Champions Cup"}]},{"@type":"WebSite","@id":"https:\/\/dicodusport.fr\/blog\/#website","url":"https:\/\/dicodusport.fr\/blog\/","name":"Dicodusport","description":"L&#039;encyclop\u00e9die de l&#039;actualit\u00e9 sportive","publisher":{"@id":"https:\/\/dicodusport.fr\/blog\/#organization"},"potentialAction":[{"@type":"SearchAction","target":{"@type":"EntryPoint","urlTemplate":"https:\/\/dicodusport.fr\/blog\/?s={search_term_string}"},"query-input":{"@type":"PropertyValueSpecification","valueRequired":true,"valueName":"search_term_string"}}],"inLanguage":"fr-FR"},{"@type":"NewsMediaOrganization","@id":"https:\/\/dicodusport.fr\/blog\/#organization","name":"Dicodusport","url":"https:\/\/dicodusport.fr\/blog\/","logo":{"@type":"ImageObject","inLanguage":"fr-FR","@id":"https:\/\/dicodusport.fr\/blog\/#\/schema\/logo\/image\/","url":"https:\/\/dicodusport.fr\/blog\/wp-content\/uploads\/2020\/06\/cropped-LOGO-DICODUSPORT-2020-SANS-FOND-SANS-TEXTE.png","contentUrl":"https:\/\/dicodusport.fr\/blog\/wp-content\/uploads\/2020\/06\/cropped-LOGO-DICODUSPORT-2020-SANS-FOND-SANS-TEXTE.png","width":512,"height":512,"caption":"Dicodusport"},"image":{"@id":"https:\/\/dicodusport.fr\/blog\/#\/schema\/logo\/image\/"},"sameAs":["https:\/\/www.facebook.com\/dicodusport","https:\/\/x.com\/dicodusport","https:\/\/www.instagram.com\/dicodusport\/","https:\/\/www.youtube.com\/channel\/UC7V2KZ5sd3htJivAbA4ZG3w"],"description":"Dicodusport est l'encyclop\u00e9die de l'actualit\u00e9 sportive.","email":"bonjour@dicodusport.fr","legalName":"DICODUSPORT","foundingDate":"2018-01-14","vatID":"FR71834470973","taxID":"83447097300043","numberOfEmployees":{"@type":"QuantitativeValue","minValue":"1","maxValue":"10"}},{"@type":"Person","@id":"https:\/\/dicodusport.fr\/blog\/#\/schema\/person\/627966a6cde45dbd8c5e36ac85d783da","name":"S\u00e9bastien Gente","image":{"@type":"ImageObject","inLanguage":"fr-FR","@id":"https:\/\/dicodusport.fr\/blog\/#\/schema\/person\/image\/","url":"https:\/\/dicodusport.fr\/blog\/wp-content\/uploads\/2021\/09\/1510990_10205810251400683_4124423575079401707_n-150x150.jpg","contentUrl":"https:\/\/dicodusport.fr\/blog\/wp-content\/uploads\/2021\/09\/1510990_10205810251400683_4124423575079401707_n-150x150.jpg","caption":"S\u00e9bastien Gente"},"description":"John Stockton, Gianni Bugno, Zinedine Zidane, Steffi Graf, Frode Andresen, St\u00e9phane Stoecklin, Davis Kamoga, Primoz Peterka, Werner Schlager et Aur\u00e9lien Rougerie. Point commun entre ces sportifs? Ils m'ont fait r\u00eaver et ont berc\u00e9 mon adolescence. Je suis un fondu de sports et j'essaie de retranscrire ma passion \u00e0 travers mes articles. Originaire du P\u00e9rigord, ma passion pour les Girondins, les Jaunards et les Jazzmen transpire dans mes \u00e9crits. \u00c0 Dicodusport depuis 2021, je d\u00e9niche les sports m\u00e9connus dans lesquels la France brille, et il y en a !","sameAs":["https:\/\/www.facebook.com\/sebastien.gente\/","https:\/\/www.instagram.com\/sebgente\/","https:\/\/www.linkedin.com\/in\/sbastien-gente-a29583169\/","https:\/\/x.com\/https:\/\/twitter.com\/globulo24","SebastienGente"],"worksFor":"S\u00e9bastien GENTE","url":"https:\/\/dicodusport.fr\/blog\/author\/sebastiengente\/"}]}},"_links":{"self":[{"href":"https:\/\/dicodusport.fr\/blog\/wp-json\/wp\/v2\/posts\/638868","targetHints":{"allow":["GET"]}}],"collection":[{"href":"https:\/\/dicodusport.fr\/blog\/wp-json\/wp\/v2\/posts"}],"about":[{"href":"https:\/\/dicodusport.fr\/blog\/wp-json\/wp\/v2\/types\/post"}],"author":[{"embeddable":true,"href":"https:\/\/dicodusport.fr\/blog\/wp-json\/wp\/v2\/users\/59"}],"replies":[{"embeddable":true,"href":"https:\/\/dicodusport.fr\/blog\/wp-json\/wp\/v2\/comments?post=638868"}],"version-history":[{"count":1,"href":"https:\/\/dicodusport.fr\/blog\/wp-json\/wp\/v2\/posts\/638868\/revisions"}],"predecessor-version":[{"id":638894,"href":"https:\/\/dicodusport.fr\/blog\/wp-json\/wp\/v2\/posts\/638868\/revisions\/638894"}],"wp:featuredmedia":[{"embeddable":true,"href":"https:\/\/dicodusport.fr\/blog\/wp-json\/wp\/v2\/media\/638891"}],"wp:attachment":[{"href":"https:\/\/dicodusport.fr\/blog\/wp-json\/wp\/v2\/media?parent=638868"}],"wp:term":[{"taxonomy":"category","embeddable":true,"href":"https:\/\/dicodusport.fr\/blog\/wp-json\/wp\/v2\/categories?post=638868"},{"taxonomy":"post_tag","embeddable":true,"href":"https:\/\/dicodusport.fr\/blog\/wp-json\/wp\/v2\/tags?post=638868"}],"curies":[{"name":"wp","href":"https:\/\/api.w.org\/{rel}","templated":true}]}}