{"id":638915,"date":"2026-01-17T08:13:22","date_gmt":"2026-01-17T07:13:22","guid":{"rendered":"https:\/\/dicodusport.fr\/blog\/?p=638915&#038;preview=true&#038;preview_id=638915"},"modified":"2026-01-17T08:13:22","modified_gmt":"2026-01-17T07:13:22","slug":"pas-de-8eme-titre-pour-ugo-humbert-domine-par-tomas-machac-en-finale-a-adelaide","status":"publish","type":"post","link":"https:\/\/dicodusport.fr\/blog\/pas-de-8eme-titre-pour-ugo-humbert-domine-par-tomas-machac-en-finale-a-adelaide\/","title":{"rendered":"Pas de 8\u00e8me titre pour Ugo Humbert, domin\u00e9 par Tom\u00e1\u0161 Mach\u00e1\u010d en finale \u00e0 Adela\u00efde"},"content":{"rendered":"<p style=\"text-align: justify;\"><strong><em>TOURNOI ATP 250 D&rsquo;ADELA\u00cfDE 2026 &#8211; Ugo Humbert a pouss\u00e9 la finale au troisi\u00e8me set, mais a d\u00fb rendre les armes face \u00e0 Tom\u00e1\u0161 Mach\u00e1\u010d.<\/em><\/strong><\/p>\n<ul style=\"text-align: justify;\">\n<li><strong>\u00c0 ce sujet &#8211; <a href=\"https:\/\/dicodusport.fr\/blog\/atp-250-le-tableau-masculin-adelaide-2026\/\">ATP 250 : Le tableau masculin d\u2019Ad\u00e9la\u00efde 2026<\/a><\/strong><\/li>\n<\/ul>\n<p style=\"text-align: justify;\">D\u00e8s son deuxi\u00e8me tournoi de la saison,<strong> Ugo Humbert<\/strong> avait d\u00e9croch\u00e9 une opportunit\u00e9 d&rsquo;aller chercher son huiti\u00e8me titre ATP en carri\u00e8re. Apr\u00e8s une rude bataille avec <strong>Alejandro Davidovich Fokina<\/strong>, le Lorrain avait arrach\u00e9 son billet en finale \u00e0 Ad\u00e9la\u00efde. N\u00e9anmoins, ce n&rsquo;\u00e9tait pas une partie de plaisir qui l&rsquo;attendait contre <strong>Tom\u00e1\u0161 Mach\u00e1\u010d<\/strong>.<\/p>\n<div class=\"vlp-link-container vlp-layout-article\"><a href=\"https:\/\/dicodusport.fr\/blog\/ugo-humbert-remporte-un-enorme-combat-et-sinvite-en-finale-a-adelaide\/\" class=\"vlp-link\" title=\"Ugo Humbert remporte un \u00e9norme combat et s&#039;invite en finale \u00e0 Adela\u00efde !\"><\/a><div class=\"vlp-layout-zone-side\"><div class=\"vlp-block-4 vlp-link-image\"><img loading=\"lazy\" decoding=\"async\" style=\"max-width: 792px;\" width=\"792\" height=\"445\" src=\"https:\/\/dicodusport.fr\/blog\/wp-content\/uploads\/2026\/01\/Ugo-Humbert-remporte-un-enorme-combat-et-sinvite-en-finale-a-Adelaide-.png\" class=\"attachment-800x445 size-800x445\" alt=\"Ugo Humbert remporte un \u00e9norme combat et s&#039;invite en finale \u00e0 Adela\u00efde !\" srcset=\"https:\/\/dicodusport.fr\/blog\/wp-content\/uploads\/2026\/01\/Ugo-Humbert-remporte-un-enorme-combat-et-sinvite-en-finale-a-Adelaide-.png 1200w, https:\/\/dicodusport.fr\/blog\/wp-content\/uploads\/2026\/01\/Ugo-Humbert-remporte-un-enorme-combat-et-sinvite-en-finale-a-Adelaide--300x169.png 300w, https:\/\/dicodusport.fr\/blog\/wp-content\/uploads\/2026\/01\/Ugo-Humbert-remporte-un-enorme-combat-et-sinvite-en-finale-a-Adelaide--1024x575.png 1024w, https:\/\/dicodusport.fr\/blog\/wp-content\/uploads\/2026\/01\/Ugo-Humbert-remporte-un-enorme-combat-et-sinvite-en-finale-a-Adelaide--768x431.png 768w\" sizes=\"auto, (max-width: 792px) 100vw, 792px\" \/><\/div><\/div><div class=\"vlp-layout-zone-main\"><div class=\"vlp-block-0 vlp-link-title\">Ugo Humbert remporte un \u00e9norme combat et s'invite en finale \u00e0 Adela\u00efde !<\/div><div class=\"vlp-block-1 vlp-link-summary\">TOURNOI ATP 250 D'ADELA\u00cfDE 2026 - Au bout du tiebreak final, Ugo Humbert a terrass\u00e9 Alejandro Davidovich Fokina et disputera la finale demain.<\/div><div class=\"vlp-block-2 vlp-link-button\">Lire l'article<\/div><div class=\"vlp-block-3 vlp-link-url\">dicodusport.fr<\/div><\/div><\/div>\n<h2 style=\"text-align: justify;\">Humbert trop juste<\/h2>\n<p style=\"text-align: justify;\">Un adversaire de qualit\u00e9 et tr\u00e8s dangereux, m\u00eame si le Fran\u00e7ais avait remport\u00e9 leur unique affrontement, <a href=\"https:\/\/dicodusport.fr\/blog\/atp-tokyo-2024-ugo-humbert-ecarte-tomas-machac-pour-se-qualifier-en-finale\/\">en demi-finales \u00e0 Tokyo en 2024<\/a>. Le Tch\u00e8que a prouv\u00e9 sa valeur dans le premier set, dans lequel il allait breaker deux fois un Tricolore qui avait du mal \u00e0 trouver son rythme au service. N\u00e9anmoins, cela n&rsquo;allait pas tarder, et <strong>Ugo Humbert<\/strong> livrait une bataille dantesque dans le deuxi\u00e8me, une bataille qui allait trouver sa conclusion au tiebreak.<\/p>\n<blockquote class=\"twitter-tweet\">\n<p dir=\"ltr\" lang=\"en\">OUTRAGEOUS \ud83d\ude31<a href=\"https:\/\/twitter.com\/HumbertUgo?ref_src=twsrc%5Etfw\">@HumbertUgo<\/a> tattoos this backhand up the line. <a href=\"https:\/\/twitter.com\/hashtag\/AdelaideTennis?src=hash&amp;ref_src=twsrc%5Etfw\">#AdelaideTennis<\/a> <a href=\"https:\/\/t.co\/BOVEYVvMCs\">pic.twitter.com\/BOVEYVvMCs<\/a><\/p>\n<p>\u2014 Tennis TV (@TennisTV) <a href=\"https:\/\/twitter.com\/TennisTV\/status\/2012392933153005592?ref_src=twsrc%5Etfw\">January 17, 2026<\/a><\/p><\/blockquote>\n<p style=\"text-align: justify;\"><script async src=\"https:\/\/platform.twitter.com\/widgets.js\" charset=\"utf-8\"><\/script><\/p>\n<p style=\"text-align: justify;\">C&rsquo;est l\u00e0 que le Fran\u00e7ais sortait le grand jeu, livrant un jeu d\u00e9cisif quasi-parfait pour forcer une troisi\u00e8me manche. Malheureusement, il allait payer le prix de ses efforts, touchant ses limites physiques. Manque de jambes, le service baissait en qualit\u00e9, et le break n&rsquo;allait pas tarder \u00e0 arriver. Malgr\u00e9 quelques hotshots qui ont fait lever la foule, l&rsquo;issue \u00e9tait in\u00e9luctable, et <strong>Tom\u00e1\u0161 Mach\u00e1\u010d <\/strong>allait m\u00eame conclure d&rsquo;un jeu blanc\u2026 sur service adverse ! <strong>6-4, 6-7 (2), 6-2<\/strong>, dommage pour <strong>Ugo Humbert<\/strong>, qui va maintenant se pencher sur un grand d\u00e9fi : affronter <strong>Ben Shelton<\/strong> au premier tour de l&rsquo;Open d&rsquo;Australie.<\/p>\n","protected":false},"excerpt":{"rendered":"<p>TOURNOI ATP 250 D&rsquo;ADELA\u00cfDE 2026 &#8211; Ugo Humbert a pouss\u00e9 la finale au troisi\u00e8me set, mais a d\u00fb rendre les armes face \u00e0 Tom\u00e1\u0161 Mach\u00e1\u010d.<\/p>\n","protected":false},"author":59,"featured_media":638919,"comment_status":"open","ping_status":"closed","sticky":false,"template":"","format":"standard","meta":{"_acf_changed":false,"_daextam_enable_autolinks":"1","footnotes":""},"categories":[2302],"tags":[21017,16878,6520],"class_list":["post-638915","post","type-post","status-publish","format-standard","has-post-thumbnail","hentry","category-tennis","tag-atp-250-adelaide","tag-breve","tag-ugo-humbert"],"acf":[],"yoast_head":"<!-- This site is optimized with the Yoast SEO Premium plugin v26.7 (Yoast SEO v26.7) - https:\/\/yoast.com\/wordpress\/plugins\/seo\/ -->\n<title>Pas de 8\u00e8me titre pour Ugo Humbert, domin\u00e9 par Tom\u00e1\u0161 Mach\u00e1\u010d en finale \u00e0 Adela\u00efde<\/title>\n<meta name=\"description\" content=\"TOURNOI ATP 250 D&#039;ADELA\u00cfDE 2026 - Ugo Humbert a pouss\u00e9 la finale au troisi\u00e8me set, mais a d\u00fb rendre les armes face \u00e0 Tom\u00e1\u0161 Mach\u00e1\u010d.\" \/>\n<meta name=\"robots\" content=\"index, follow, max-snippet:-1, max-image-preview:large, max-video-preview:-1\" \/>\n<link rel=\"canonical\" href=\"https:\/\/dicodusport.fr\/blog\/pas-de-8eme-titre-pour-ugo-humbert-domine-par-tomas-machac-en-finale-a-adelaide\/\" \/>\n<meta property=\"og:locale\" content=\"fr_FR\" \/>\n<meta property=\"og:type\" content=\"article\" \/>\n<meta property=\"og:title\" content=\"Pas de 8\u00e8me titre pour Ugo Humbert, domin\u00e9 par Tom\u00e1\u0161 Mach\u00e1\u010d en finale \u00e0 Adela\u00efde\" \/>\n<meta property=\"og:description\" content=\"TOURNOI ATP 250 D&#039;ADELA\u00cfDE 2026 - Ugo Humbert a pouss\u00e9 la finale au troisi\u00e8me set, mais a d\u00fb rendre les armes face \u00e0 Tom\u00e1\u0161 Mach\u00e1\u010d.\" \/>\n<meta property=\"og:url\" content=\"https:\/\/dicodusport.fr\/blog\/pas-de-8eme-titre-pour-ugo-humbert-domine-par-tomas-machac-en-finale-a-adelaide\/\" \/>\n<meta property=\"og:site_name\" content=\"Dicodusport\" \/>\n<meta property=\"article:publisher\" content=\"https:\/\/www.facebook.com\/dicodusport\" \/>\n<meta property=\"article:author\" content=\"https:\/\/www.facebook.com\/sebastien.gente\/\" \/>\n<meta property=\"article:published_time\" content=\"2026-01-17T07:13:22+00:00\" \/>\n<meta property=\"og:image\" content=\"https:\/\/dicodusport.fr\/blog\/wp-content\/uploads\/2026\/01\/Pas-de-8eme-titre-pour-Ugo-Humbert-domine-par-Tomas-Machac-en-finale-a-Adelaide.png\" \/>\n\t<meta property=\"og:image:width\" content=\"1200\" \/>\n\t<meta property=\"og:image:height\" content=\"674\" \/>\n\t<meta property=\"og:image:type\" content=\"image\/png\" \/>\n<meta name=\"author\" content=\"S\u00e9bastien Gente\" \/>\n<meta name=\"twitter:card\" content=\"summary_large_image\" \/>\n<meta name=\"twitter:title\" content=\"Pas de 8\u00e8me titre pour Ugo Humbert, domin\u00e9 par Tom\u00e1\u0161 Mach\u00e1\u010d en finale \u00e0 Adela\u00efde\" \/>\n<meta name=\"twitter:creator\" content=\"@https:\/\/twitter.com\/globulo24\" \/>\n<meta name=\"twitter:site\" content=\"@dicodusport\" \/>\n<script type=\"application\/ld+json\" class=\"yoast-schema-graph\">{\"@context\":\"https:\/\/schema.org\",\"@graph\":[{\"@type\":\"NewsArticle\",\"@id\":\"https:\/\/dicodusport.fr\/blog\/pas-de-8eme-titre-pour-ugo-humbert-domine-par-tomas-machac-en-finale-a-adelaide\/#article\",\"isPartOf\":{\"@id\":\"https:\/\/dicodusport.fr\/blog\/pas-de-8eme-titre-pour-ugo-humbert-domine-par-tomas-machac-en-finale-a-adelaide\/\"},\"author\":{\"name\":\"S\u00e9bastien Gente\",\"@id\":\"https:\/\/dicodusport.fr\/blog\/#\/schema\/person\/627966a6cde45dbd8c5e36ac85d783da\"},\"headline\":\"Pas de 8\u00e8me titre pour Ugo Humbert, domin\u00e9 par Tom\u00e1\u0161 Mach\u00e1\u010d en finale \u00e0 Adela\u00efde\",\"datePublished\":\"2026-01-17T07:13:22+00:00\",\"mainEntityOfPage\":{\"@id\":\"https:\/\/dicodusport.fr\/blog\/pas-de-8eme-titre-pour-ugo-humbert-domine-par-tomas-machac-en-finale-a-adelaide\/\"},\"wordCount\":407,\"commentCount\":0,\"publisher\":{\"@id\":\"https:\/\/dicodusport.fr\/blog\/#organization\"},\"image\":{\"@id\":\"https:\/\/dicodusport.fr\/blog\/pas-de-8eme-titre-pour-ugo-humbert-domine-par-tomas-machac-en-finale-a-adelaide\/#primaryimage\"},\"thumbnailUrl\":\"https:\/\/dicodusport.fr\/blog\/wp-content\/uploads\/2026\/01\/Pas-de-8eme-titre-pour-Ugo-Humbert-domine-par-Tomas-Machac-en-finale-a-Adelaide.png\",\"keywords\":[\"ATP 250 Ad\u00e9la\u00efde\",\"br\u00e8ve\",\"Ugo Humbert\"],\"articleSection\":[\"Tennis\"],\"inLanguage\":\"fr-FR\",\"potentialAction\":[{\"@type\":\"CommentAction\",\"name\":\"Comment\",\"target\":[\"https:\/\/dicodusport.fr\/blog\/pas-de-8eme-titre-pour-ugo-humbert-domine-par-tomas-machac-en-finale-a-adelaide\/#respond\"]}],\"copyrightYear\":\"2026\",\"copyrightHolder\":{\"@id\":\"https:\/\/dicodusport.fr\/blog\/#organization\"}},{\"@type\":\"WebPage\",\"@id\":\"https:\/\/dicodusport.fr\/blog\/pas-de-8eme-titre-pour-ugo-humbert-domine-par-tomas-machac-en-finale-a-adelaide\/\",\"url\":\"https:\/\/dicodusport.fr\/blog\/pas-de-8eme-titre-pour-ugo-humbert-domine-par-tomas-machac-en-finale-a-adelaide\/\",\"name\":\"Pas de 8\u00e8me titre pour Ugo Humbert, domin\u00e9 par Tom\u00e1\u0161 Mach\u00e1\u010d en finale \u00e0 Adela\u00efde\",\"isPartOf\":{\"@id\":\"https:\/\/dicodusport.fr\/blog\/#website\"},\"primaryImageOfPage\":{\"@id\":\"https:\/\/dicodusport.fr\/blog\/pas-de-8eme-titre-pour-ugo-humbert-domine-par-tomas-machac-en-finale-a-adelaide\/#primaryimage\"},\"image\":{\"@id\":\"https:\/\/dicodusport.fr\/blog\/pas-de-8eme-titre-pour-ugo-humbert-domine-par-tomas-machac-en-finale-a-adelaide\/#primaryimage\"},\"thumbnailUrl\":\"https:\/\/dicodusport.fr\/blog\/wp-content\/uploads\/2026\/01\/Pas-de-8eme-titre-pour-Ugo-Humbert-domine-par-Tomas-Machac-en-finale-a-Adelaide.png\",\"datePublished\":\"2026-01-17T07:13:22+00:00\",\"description\":\"TOURNOI ATP 250 D'ADELA\u00cfDE 2026 - Ugo Humbert a pouss\u00e9 la finale au troisi\u00e8me set, mais a d\u00fb rendre les armes face \u00e0 Tom\u00e1\u0161 Mach\u00e1\u010d.\",\"breadcrumb\":{\"@id\":\"https:\/\/dicodusport.fr\/blog\/pas-de-8eme-titre-pour-ugo-humbert-domine-par-tomas-machac-en-finale-a-adelaide\/#breadcrumb\"},\"inLanguage\":\"fr-FR\",\"potentialAction\":[{\"@type\":\"ReadAction\",\"target\":[\"https:\/\/dicodusport.fr\/blog\/pas-de-8eme-titre-pour-ugo-humbert-domine-par-tomas-machac-en-finale-a-adelaide\/\"]}]},{\"@type\":\"ImageObject\",\"inLanguage\":\"fr-FR\",\"@id\":\"https:\/\/dicodusport.fr\/blog\/pas-de-8eme-titre-pour-ugo-humbert-domine-par-tomas-machac-en-finale-a-adelaide\/#primaryimage\",\"url\":\"https:\/\/dicodusport.fr\/blog\/wp-content\/uploads\/2026\/01\/Pas-de-8eme-titre-pour-Ugo-Humbert-domine-par-Tomas-Machac-en-finale-a-Adelaide.png\",\"contentUrl\":\"https:\/\/dicodusport.fr\/blog\/wp-content\/uploads\/2026\/01\/Pas-de-8eme-titre-pour-Ugo-Humbert-domine-par-Tomas-Machac-en-finale-a-Adelaide.png\",\"width\":1200,\"height\":674,\"caption\":\"Pas de 8\u00e8me titre pour Ugo Humbert, domin\u00e9 par Tomas Machac en finale \u00e0 Adela\u00efde\"},{\"@type\":\"BreadcrumbList\",\"@id\":\"https:\/\/dicodusport.fr\/blog\/pas-de-8eme-titre-pour-ugo-humbert-domine-par-tomas-machac-en-finale-a-adelaide\/#breadcrumb\",\"itemListElement\":[{\"@type\":\"ListItem\",\"position\":1,\"name\":\"Accueil\",\"item\":\"https:\/\/dicodusport.fr\/blog\/\"},{\"@type\":\"ListItem\",\"position\":2,\"name\":\"Pas de 8\u00e8me titre pour Ugo Humbert, domin\u00e9 par Tom\u00e1\u0161 Mach\u00e1\u010d en finale \u00e0 Adela\u00efde\"}]},{\"@type\":\"WebSite\",\"@id\":\"https:\/\/dicodusport.fr\/blog\/#website\",\"url\":\"https:\/\/dicodusport.fr\/blog\/\",\"name\":\"Dicodusport\",\"description\":\"L&#039;encyclop\u00e9die de l&#039;actualit\u00e9 sportive\",\"publisher\":{\"@id\":\"https:\/\/dicodusport.fr\/blog\/#organization\"},\"potentialAction\":[{\"@type\":\"SearchAction\",\"target\":{\"@type\":\"EntryPoint\",\"urlTemplate\":\"https:\/\/dicodusport.fr\/blog\/?s={search_term_string}\"},\"query-input\":{\"@type\":\"PropertyValueSpecification\",\"valueRequired\":true,\"valueName\":\"search_term_string\"}}],\"inLanguage\":\"fr-FR\"},{\"@type\":\"NewsMediaOrganization\",\"@id\":\"https:\/\/dicodusport.fr\/blog\/#organization\",\"name\":\"Dicodusport\",\"url\":\"https:\/\/dicodusport.fr\/blog\/\",\"logo\":{\"@type\":\"ImageObject\",\"inLanguage\":\"fr-FR\",\"@id\":\"https:\/\/dicodusport.fr\/blog\/#\/schema\/logo\/image\/\",\"url\":\"https:\/\/dicodusport.fr\/blog\/wp-content\/uploads\/2020\/06\/cropped-LOGO-DICODUSPORT-2020-SANS-FOND-SANS-TEXTE.png\",\"contentUrl\":\"https:\/\/dicodusport.fr\/blog\/wp-content\/uploads\/2020\/06\/cropped-LOGO-DICODUSPORT-2020-SANS-FOND-SANS-TEXTE.png\",\"width\":512,\"height\":512,\"caption\":\"Dicodusport\"},\"image\":{\"@id\":\"https:\/\/dicodusport.fr\/blog\/#\/schema\/logo\/image\/\"},\"sameAs\":[\"https:\/\/www.facebook.com\/dicodusport\",\"https:\/\/x.com\/dicodusport\",\"https:\/\/www.instagram.com\/dicodusport\/\",\"https:\/\/www.youtube.com\/channel\/UC7V2KZ5sd3htJivAbA4ZG3w\"],\"description\":\"Dicodusport est l'encyclop\u00e9die de l'actualit\u00e9 sportive.\",\"email\":\"bonjour@dicodusport.fr\",\"legalName\":\"DICODUSPORT\",\"foundingDate\":\"2018-01-14\",\"vatID\":\"FR71834470973\",\"taxID\":\"83447097300043\",\"numberOfEmployees\":{\"@type\":\"QuantitativeValue\",\"minValue\":\"1\",\"maxValue\":\"10\"}},{\"@type\":\"Person\",\"@id\":\"https:\/\/dicodusport.fr\/blog\/#\/schema\/person\/627966a6cde45dbd8c5e36ac85d783da\",\"name\":\"S\u00e9bastien Gente\",\"image\":{\"@type\":\"ImageObject\",\"inLanguage\":\"fr-FR\",\"@id\":\"https:\/\/dicodusport.fr\/blog\/#\/schema\/person\/image\/\",\"url\":\"https:\/\/dicodusport.fr\/blog\/wp-content\/uploads\/2021\/09\/1510990_10205810251400683_4124423575079401707_n-150x150.jpg\",\"contentUrl\":\"https:\/\/dicodusport.fr\/blog\/wp-content\/uploads\/2021\/09\/1510990_10205810251400683_4124423575079401707_n-150x150.jpg\",\"caption\":\"S\u00e9bastien Gente\"},\"description\":\"John Stockton, Gianni Bugno, Zinedine Zidane, Steffi Graf, Frode Andresen, St\u00e9phane Stoecklin, Davis Kamoga, Primoz Peterka, Werner Schlager et Aur\u00e9lien Rougerie. Point commun entre ces sportifs? Ils m'ont fait r\u00eaver et ont berc\u00e9 mon adolescence. Je suis un fondu de sports et j'essaie de retranscrire ma passion \u00e0 travers mes articles. Originaire du P\u00e9rigord, ma passion pour les Girondins, les Jaunards et les Jazzmen transpire dans mes \u00e9crits. \u00c0 Dicodusport depuis 2021, je d\u00e9niche les sports m\u00e9connus dans lesquels la France brille, et il y en a !\",\"sameAs\":[\"https:\/\/www.facebook.com\/sebastien.gente\/\",\"https:\/\/www.instagram.com\/sebgente\/\",\"https:\/\/www.linkedin.com\/in\/sbastien-gente-a29583169\/\",\"https:\/\/x.com\/https:\/\/twitter.com\/globulo24\",\"SebastienGente\"],\"worksFor\":\"S\u00e9bastien GENTE\",\"url\":\"https:\/\/dicodusport.fr\/blog\/author\/sebastiengente\/\"}]}<\/script>\n<!-- \/ Yoast SEO Premium plugin. -->","yoast_head_json":{"title":"Pas de 8\u00e8me titre pour Ugo Humbert, domin\u00e9 par Tom\u00e1\u0161 Mach\u00e1\u010d en finale \u00e0 Adela\u00efde","description":"TOURNOI ATP 250 D'ADELA\u00cfDE 2026 - Ugo Humbert a pouss\u00e9 la finale au troisi\u00e8me set, mais a d\u00fb rendre les armes face \u00e0 Tom\u00e1\u0161 Mach\u00e1\u010d.","robots":{"index":"index","follow":"follow","max-snippet":"max-snippet:-1","max-image-preview":"max-image-preview:large","max-video-preview":"max-video-preview:-1"},"canonical":"https:\/\/dicodusport.fr\/blog\/pas-de-8eme-titre-pour-ugo-humbert-domine-par-tomas-machac-en-finale-a-adelaide\/","og_locale":"fr_FR","og_type":"article","og_title":"Pas de 8\u00e8me titre pour Ugo Humbert, domin\u00e9 par Tom\u00e1\u0161 Mach\u00e1\u010d en finale \u00e0 Adela\u00efde","og_description":"TOURNOI ATP 250 D'ADELA\u00cfDE 2026 - Ugo Humbert a pouss\u00e9 la finale au troisi\u00e8me set, mais a d\u00fb rendre les armes face \u00e0 Tom\u00e1\u0161 Mach\u00e1\u010d.","og_url":"https:\/\/dicodusport.fr\/blog\/pas-de-8eme-titre-pour-ugo-humbert-domine-par-tomas-machac-en-finale-a-adelaide\/","og_site_name":"Dicodusport","article_publisher":"https:\/\/www.facebook.com\/dicodusport","article_author":"https:\/\/www.facebook.com\/sebastien.gente\/","article_published_time":"2026-01-17T07:13:22+00:00","og_image":[{"width":1200,"height":674,"url":"https:\/\/dicodusport.fr\/blog\/wp-content\/uploads\/2026\/01\/Pas-de-8eme-titre-pour-Ugo-Humbert-domine-par-Tomas-Machac-en-finale-a-Adelaide.png","type":"image\/png"}],"author":"S\u00e9bastien Gente","twitter_card":"summary_large_image","twitter_title":"Pas de 8\u00e8me titre pour Ugo Humbert, domin\u00e9 par Tom\u00e1\u0161 Mach\u00e1\u010d en finale \u00e0 Adela\u00efde","twitter_creator":"@https:\/\/twitter.com\/globulo24","twitter_site":"@dicodusport","schema":{"@context":"https:\/\/schema.org","@graph":[{"@type":"NewsArticle","@id":"https:\/\/dicodusport.fr\/blog\/pas-de-8eme-titre-pour-ugo-humbert-domine-par-tomas-machac-en-finale-a-adelaide\/#article","isPartOf":{"@id":"https:\/\/dicodusport.fr\/blog\/pas-de-8eme-titre-pour-ugo-humbert-domine-par-tomas-machac-en-finale-a-adelaide\/"},"author":{"name":"S\u00e9bastien Gente","@id":"https:\/\/dicodusport.fr\/blog\/#\/schema\/person\/627966a6cde45dbd8c5e36ac85d783da"},"headline":"Pas de 8\u00e8me titre pour Ugo Humbert, domin\u00e9 par Tom\u00e1\u0161 Mach\u00e1\u010d en finale \u00e0 Adela\u00efde","datePublished":"2026-01-17T07:13:22+00:00","mainEntityOfPage":{"@id":"https:\/\/dicodusport.fr\/blog\/pas-de-8eme-titre-pour-ugo-humbert-domine-par-tomas-machac-en-finale-a-adelaide\/"},"wordCount":407,"commentCount":0,"publisher":{"@id":"https:\/\/dicodusport.fr\/blog\/#organization"},"image":{"@id":"https:\/\/dicodusport.fr\/blog\/pas-de-8eme-titre-pour-ugo-humbert-domine-par-tomas-machac-en-finale-a-adelaide\/#primaryimage"},"thumbnailUrl":"https:\/\/dicodusport.fr\/blog\/wp-content\/uploads\/2026\/01\/Pas-de-8eme-titre-pour-Ugo-Humbert-domine-par-Tomas-Machac-en-finale-a-Adelaide.png","keywords":["ATP 250 Ad\u00e9la\u00efde","br\u00e8ve","Ugo Humbert"],"articleSection":["Tennis"],"inLanguage":"fr-FR","potentialAction":[{"@type":"CommentAction","name":"Comment","target":["https:\/\/dicodusport.fr\/blog\/pas-de-8eme-titre-pour-ugo-humbert-domine-par-tomas-machac-en-finale-a-adelaide\/#respond"]}],"copyrightYear":"2026","copyrightHolder":{"@id":"https:\/\/dicodusport.fr\/blog\/#organization"}},{"@type":"WebPage","@id":"https:\/\/dicodusport.fr\/blog\/pas-de-8eme-titre-pour-ugo-humbert-domine-par-tomas-machac-en-finale-a-adelaide\/","url":"https:\/\/dicodusport.fr\/blog\/pas-de-8eme-titre-pour-ugo-humbert-domine-par-tomas-machac-en-finale-a-adelaide\/","name":"Pas de 8\u00e8me titre pour Ugo Humbert, domin\u00e9 par Tom\u00e1\u0161 Mach\u00e1\u010d en finale \u00e0 Adela\u00efde","isPartOf":{"@id":"https:\/\/dicodusport.fr\/blog\/#website"},"primaryImageOfPage":{"@id":"https:\/\/dicodusport.fr\/blog\/pas-de-8eme-titre-pour-ugo-humbert-domine-par-tomas-machac-en-finale-a-adelaide\/#primaryimage"},"image":{"@id":"https:\/\/dicodusport.fr\/blog\/pas-de-8eme-titre-pour-ugo-humbert-domine-par-tomas-machac-en-finale-a-adelaide\/#primaryimage"},"thumbnailUrl":"https:\/\/dicodusport.fr\/blog\/wp-content\/uploads\/2026\/01\/Pas-de-8eme-titre-pour-Ugo-Humbert-domine-par-Tomas-Machac-en-finale-a-Adelaide.png","datePublished":"2026-01-17T07:13:22+00:00","description":"TOURNOI ATP 250 D'ADELA\u00cfDE 2026 - Ugo Humbert a pouss\u00e9 la finale au troisi\u00e8me set, mais a d\u00fb rendre les armes face \u00e0 Tom\u00e1\u0161 Mach\u00e1\u010d.","breadcrumb":{"@id":"https:\/\/dicodusport.fr\/blog\/pas-de-8eme-titre-pour-ugo-humbert-domine-par-tomas-machac-en-finale-a-adelaide\/#breadcrumb"},"inLanguage":"fr-FR","potentialAction":[{"@type":"ReadAction","target":["https:\/\/dicodusport.fr\/blog\/pas-de-8eme-titre-pour-ugo-humbert-domine-par-tomas-machac-en-finale-a-adelaide\/"]}]},{"@type":"ImageObject","inLanguage":"fr-FR","@id":"https:\/\/dicodusport.fr\/blog\/pas-de-8eme-titre-pour-ugo-humbert-domine-par-tomas-machac-en-finale-a-adelaide\/#primaryimage","url":"https:\/\/dicodusport.fr\/blog\/wp-content\/uploads\/2026\/01\/Pas-de-8eme-titre-pour-Ugo-Humbert-domine-par-Tomas-Machac-en-finale-a-Adelaide.png","contentUrl":"https:\/\/dicodusport.fr\/blog\/wp-content\/uploads\/2026\/01\/Pas-de-8eme-titre-pour-Ugo-Humbert-domine-par-Tomas-Machac-en-finale-a-Adelaide.png","width":1200,"height":674,"caption":"Pas de 8\u00e8me titre pour Ugo Humbert, domin\u00e9 par Tomas Machac en finale \u00e0 Adela\u00efde"},{"@type":"BreadcrumbList","@id":"https:\/\/dicodusport.fr\/blog\/pas-de-8eme-titre-pour-ugo-humbert-domine-par-tomas-machac-en-finale-a-adelaide\/#breadcrumb","itemListElement":[{"@type":"ListItem","position":1,"name":"Accueil","item":"https:\/\/dicodusport.fr\/blog\/"},{"@type":"ListItem","position":2,"name":"Pas de 8\u00e8me titre pour Ugo Humbert, domin\u00e9 par Tom\u00e1\u0161 Mach\u00e1\u010d en finale \u00e0 Adela\u00efde"}]},{"@type":"WebSite","@id":"https:\/\/dicodusport.fr\/blog\/#website","url":"https:\/\/dicodusport.fr\/blog\/","name":"Dicodusport","description":"L&#039;encyclop\u00e9die de l&#039;actualit\u00e9 sportive","publisher":{"@id":"https:\/\/dicodusport.fr\/blog\/#organization"},"potentialAction":[{"@type":"SearchAction","target":{"@type":"EntryPoint","urlTemplate":"https:\/\/dicodusport.fr\/blog\/?s={search_term_string}"},"query-input":{"@type":"PropertyValueSpecification","valueRequired":true,"valueName":"search_term_string"}}],"inLanguage":"fr-FR"},{"@type":"NewsMediaOrganization","@id":"https:\/\/dicodusport.fr\/blog\/#organization","name":"Dicodusport","url":"https:\/\/dicodusport.fr\/blog\/","logo":{"@type":"ImageObject","inLanguage":"fr-FR","@id":"https:\/\/dicodusport.fr\/blog\/#\/schema\/logo\/image\/","url":"https:\/\/dicodusport.fr\/blog\/wp-content\/uploads\/2020\/06\/cropped-LOGO-DICODUSPORT-2020-SANS-FOND-SANS-TEXTE.png","contentUrl":"https:\/\/dicodusport.fr\/blog\/wp-content\/uploads\/2020\/06\/cropped-LOGO-DICODUSPORT-2020-SANS-FOND-SANS-TEXTE.png","width":512,"height":512,"caption":"Dicodusport"},"image":{"@id":"https:\/\/dicodusport.fr\/blog\/#\/schema\/logo\/image\/"},"sameAs":["https:\/\/www.facebook.com\/dicodusport","https:\/\/x.com\/dicodusport","https:\/\/www.instagram.com\/dicodusport\/","https:\/\/www.youtube.com\/channel\/UC7V2KZ5sd3htJivAbA4ZG3w"],"description":"Dicodusport est l'encyclop\u00e9die de l'actualit\u00e9 sportive.","email":"bonjour@dicodusport.fr","legalName":"DICODUSPORT","foundingDate":"2018-01-14","vatID":"FR71834470973","taxID":"83447097300043","numberOfEmployees":{"@type":"QuantitativeValue","minValue":"1","maxValue":"10"}},{"@type":"Person","@id":"https:\/\/dicodusport.fr\/blog\/#\/schema\/person\/627966a6cde45dbd8c5e36ac85d783da","name":"S\u00e9bastien Gente","image":{"@type":"ImageObject","inLanguage":"fr-FR","@id":"https:\/\/dicodusport.fr\/blog\/#\/schema\/person\/image\/","url":"https:\/\/dicodusport.fr\/blog\/wp-content\/uploads\/2021\/09\/1510990_10205810251400683_4124423575079401707_n-150x150.jpg","contentUrl":"https:\/\/dicodusport.fr\/blog\/wp-content\/uploads\/2021\/09\/1510990_10205810251400683_4124423575079401707_n-150x150.jpg","caption":"S\u00e9bastien Gente"},"description":"John Stockton, Gianni Bugno, Zinedine Zidane, Steffi Graf, Frode Andresen, St\u00e9phane Stoecklin, Davis Kamoga, Primoz Peterka, Werner Schlager et Aur\u00e9lien Rougerie. Point commun entre ces sportifs? Ils m'ont fait r\u00eaver et ont berc\u00e9 mon adolescence. Je suis un fondu de sports et j'essaie de retranscrire ma passion \u00e0 travers mes articles. Originaire du P\u00e9rigord, ma passion pour les Girondins, les Jaunards et les Jazzmen transpire dans mes \u00e9crits. \u00c0 Dicodusport depuis 2021, je d\u00e9niche les sports m\u00e9connus dans lesquels la France brille, et il y en a !","sameAs":["https:\/\/www.facebook.com\/sebastien.gente\/","https:\/\/www.instagram.com\/sebgente\/","https:\/\/www.linkedin.com\/in\/sbastien-gente-a29583169\/","https:\/\/x.com\/https:\/\/twitter.com\/globulo24","SebastienGente"],"worksFor":"S\u00e9bastien GENTE","url":"https:\/\/dicodusport.fr\/blog\/author\/sebastiengente\/"}]}},"_links":{"self":[{"href":"https:\/\/dicodusport.fr\/blog\/wp-json\/wp\/v2\/posts\/638915","targetHints":{"allow":["GET"]}}],"collection":[{"href":"https:\/\/dicodusport.fr\/blog\/wp-json\/wp\/v2\/posts"}],"about":[{"href":"https:\/\/dicodusport.fr\/blog\/wp-json\/wp\/v2\/types\/post"}],"author":[{"embeddable":true,"href":"https:\/\/dicodusport.fr\/blog\/wp-json\/wp\/v2\/users\/59"}],"replies":[{"embeddable":true,"href":"https:\/\/dicodusport.fr\/blog\/wp-json\/wp\/v2\/comments?post=638915"}],"version-history":[{"count":1,"href":"https:\/\/dicodusport.fr\/blog\/wp-json\/wp\/v2\/posts\/638915\/revisions"}],"predecessor-version":[{"id":638920,"href":"https:\/\/dicodusport.fr\/blog\/wp-json\/wp\/v2\/posts\/638915\/revisions\/638920"}],"wp:featuredmedia":[{"embeddable":true,"href":"https:\/\/dicodusport.fr\/blog\/wp-json\/wp\/v2\/media\/638919"}],"wp:attachment":[{"href":"https:\/\/dicodusport.fr\/blog\/wp-json\/wp\/v2\/media?parent=638915"}],"wp:term":[{"taxonomy":"category","embeddable":true,"href":"https:\/\/dicodusport.fr\/blog\/wp-json\/wp\/v2\/categories?post=638915"},{"taxonomy":"post_tag","embeddable":true,"href":"https:\/\/dicodusport.fr\/blog\/wp-json\/wp\/v2\/tags?post=638915"}],"curies":[{"name":"wp","href":"https:\/\/api.w.org\/{rel}","templated":true}]}}