{"id":638962,"date":"2026-01-17T12:13:15","date_gmt":"2026-01-17T11:13:15","guid":{"rendered":"https:\/\/dicodusport.fr\/blog\/?p=638962&#038;preview=true&#038;preview_id=638962"},"modified":"2026-01-17T17:08:45","modified_gmt":"2026-01-17T16:08:45","slug":"nasser-al-attiyah-reprend-sa-couronne-le-qatari-remporte-son-6eme-dakar-en-autos","status":"publish","type":"post","link":"https:\/\/dicodusport.fr\/blog\/nasser-al-attiyah-reprend-sa-couronne-le-qatari-remporte-son-6eme-dakar-en-autos\/","title":{"rendered":"Nasser Al-Attiyah reprend sa couronne : le Qatari remporte son 6\u00e8me Dakar en autos"},"content":{"rendered":"<p style=\"text-align: justify;\"><strong><em>DAKAR 2026 &#8211; \u00c0 l\u2019issue de la 13\u00e8me et derni\u00e8re \u00e9tape, Nasser Al-Attiyah a d\u00e9croch\u00e9 son 6\u00e8me sacre sur l\u2019\u00e9preuve.<\/em><\/strong><\/p>\n<ul style=\"text-align: justify;\">\n<li style=\"text-align: justify;\"><strong>\u00c0 ce sujet \u2013 <a href=\"https:\/\/dicodusport.fr\/blog\/chaine-tv-dakar-2026-ou-suivre-les-etapes-en-direct\/\">Cha\u00eene TV Dakar 2026 : O\u00f9 suivre les \u00e9tapes en direct ?<\/a><\/strong><\/li>\n<\/ul>\n<p style=\"text-align: justify;\">Si la cat\u00e9gorie motos a offert un final spectaculaire et totalement inattendu, le suspense pour la victoire finale en autos \u00e9tait d\u00e9j\u00e0 en grande partie \u00e9teint. D\u2019une r\u00e9gularit\u00e9 impressionnante tout au long des deux semaines de course, <strong>Nasser Al-Attiyah<\/strong> (Dacia Sandriders) avait fait la diff\u00e9rence. Il ne lui restait plus qu\u2019\u00e0 ramener son v\u00e9hicule \u00e0 bon port au terme des <strong>105 km<\/strong> autour de <strong>Yanbu<\/strong>.<\/p>\n<h2 style=\"text-align: justify;\">Nasser Al-Attiyah s\u00e9curise sa victoire sans trembler<\/h2>\n<p style=\"text-align: justify;\">Disposant d\u2019un quart d\u2019heure de marge sur son premier poursuivant, le pilote qatari n\u2019a logiquement pas eu besoin de forcer son talent. Tr\u00e8s prudent sur la premi\u00e8re partie de l\u2019\u00e9tape, il a rapidement laiss\u00e9 <strong>Mitch Guthrie<\/strong> (Ford Racing) endosser le r\u00f4le d\u2019ouvreur. Malgr\u00e9 le retard important conc\u00e9d\u00e9 alors \u2014 plus de huit minutes sur la t\u00eate \u2014 Al-Attiyah s\u2019est ensuite content\u00e9 de suivre les traces pour rallier l\u2019arriv\u00e9e sans encombre.<\/p>\n<ul style=\"text-align: justify;\">\n<li style=\"text-align: justify;\"><strong>\u00c0 ce sujet \u2013 <a href=\"https:\/\/dicodusport.fr\/blog\/dakar-2026-autos-classement-et-resultats-13eme-etape\/\">Dakar 2026 Autos \u2013 Classement et r\u00e9sultats de la 13\u00e8me \u00e9tape<\/a><\/strong><\/li>\n<\/ul>\n<p style=\"text-align: justify;\">Si <strong>Nani Roma<\/strong> (Ford Racing) a repris plusieurs minutes lors de cette ultime sp\u00e9ciale, cela est rest\u00e9 largement insuffisant pour venir inqui\u00e9ter l\u2019une des plus grandes l\u00e9gendes de l\u2019histoire du Dakar. En conservant une avance confortable \u00e0 l\u2019arriv\u00e9e (+9:42), <strong>Nasser Al-Attiyah<\/strong> s\u2019adjuge ainsi son <strong>6\u00e8me Dakar<\/strong>. Une performance d\u2019autant plus remarquable qu\u2019il s\u2019impose avec une quatri\u00e8me \u00e9curie diff\u00e9rente (Volkswagen en 2011, Mini en 2015, Toyota en 2019, 2022 et 2023) ! <strong>Dacia<\/strong> c\u00e9l\u00e8bre au passage sa <strong>premi\u00e8re victoire sur l\u2019\u00e9preuve<\/strong>, d\u00e8s sa deuxi\u00e8me participation.<\/p>\n<p style=\"text-align: justify;\">\u00c0 ses c\u00f4t\u00e9s, son copilote belge <strong>Fabian Lurquin<\/strong> d\u00e9croche \u00e9galement son premier succ\u00e8s personnel. Une juste r\u00e9compense pour l\u2019ancien partenaire de Loeb, apr\u00e8s seulement <a href=\"https:\/\/dicodusport.fr\/blog\/dakar-un-nouveau-copilote-pour-sebastien-loeb\/\">quelques mois de collaboration avec l\u2019ic\u00f4ne qatarie<\/a>.<\/p>\n<blockquote class=\"twitter-tweet\">\n<p dir=\"ltr\" lang=\"en\">\ud83d\ude01\ud83e\udd47Smiles that say it all.<a href=\"https:\/\/twitter.com\/hashtag\/DakarInSaudi?src=hash&amp;ref_src=twsrc%5Etfw\">#DakarInSaudi<\/a> <a href=\"https:\/\/twitter.com\/hashtag\/Dakar2026?src=hash&amp;ref_src=twsrc%5Etfw\">#Dakar2026<\/a> <a href=\"https:\/\/t.co\/Tlvt7OZ4zV\">pic.twitter.com\/Tlvt7OZ4zV<\/a><\/p>\n<p>\u2014 DAKAR RALLY (@dakar) <a href=\"https:\/\/twitter.com\/dakar\/status\/2012481796663828816?ref_src=twsrc%5Etfw\">January 17, 2026<\/a><\/p><\/blockquote>\n<p><script async src=\"https:\/\/platform.twitter.com\/widgets.js\" charset=\"utf-8\"><\/script><\/p>\n<h2 style=\"text-align: justify;\">Ekstr\u00f6m remporte l\u2019\u00e9tape et souffle le podium \u00e0 Loeb, Serradori 6\u00e8me<\/h2>\n<p style=\"text-align: justify;\">Sans surprise, <strong>Nani Roma<\/strong> s\u2019empare de la 2\u00e8me place du classement g\u00e9n\u00e9ral. En revanche, la lutte pour la derni\u00e8re marche du podium est rest\u00e9e ind\u00e9cise jusqu\u2019au bout, <strong>Mattias Ekstr\u00f6m<\/strong> (Ford Racing) ne disposant que de quelques secondes d\u2019avance sur <strong>S\u00e9bastien Loeb<\/strong> (Dacia Sandriders). Le Su\u00e9dois a finalement eu le dernier mot en se montrant tr\u00e8s solide sur cette ultime journ\u00e9e, au point de remporter la victoire d\u2019\u00e9tape, juste devant le Fran\u00e7ais et <strong>Henk Lategan<\/strong> (Toyota Gazoo).<\/p>\n<ul>\n<li style=\"text-align: justify;\"><strong>\u00c0 ce sujet \u2013 <a href=\"https:\/\/dicodusport.fr\/blog\/dakar-2026-autos-classement-general-actualise\/\">Dakar 2026 Autos \u2013 Classement g\u00e9n\u00e9ral actualis\u00e9<\/a><\/strong><\/li>\n<\/ul>\n<p style=\"text-align: justify;\">Cons\u00e9quence directe, <strong>S\u00e9bastien Loeb<\/strong> \u00e9choue \u00e0 seulement 37 secondes du podium final. Pas \u00e9pargn\u00e9 par les p\u00e9pins m\u00e9caniques et les impr\u00e9vus durant ces deux semaines, le Fran\u00e7ais voit encore une fois le Dakar lui \u00e9chapper. Derri\u00e8re, <strong>Carlos Sainz<\/strong> (Ford Racing) conserve sa 5\u00e8me place.<\/p>\n<p style=\"text-align: justify;\">Mais un autre Fran\u00e7ais peut savourer. Avec son v\u00e9hicule \u00e0 deux roues motrices, <strong>Mathieu Serradori<\/strong> (Century Factory) est parvenu \u00e0 d\u00e9passer <strong>Lucas Moraes<\/strong> (Dacia Sandriders) lors de cette derni\u00e8re \u00e9tape pour s\u2019offrir une superbe <strong>6\u00e8me place<\/strong>. Avec, en prime, une victoire d\u2019\u00e9tape, le pilote tricolore r\u00e9alise une performance de premier plan sur ce Dakar 2026, en \u00e9tant le seul membre du Top 10 final \u00e0 ne pas disposer d\u2019un des trois constructeurs majeurs. Chapeau.<\/p>\n<h3>\u00c0 lire aussi<\/h3>\n<div class=\"vlp-link-container vlp-layout-article\"><a href=\"https:\/\/dicodusport.fr\/blog\/luciano-benavides-renverse-le-dakar-en-motos-pour-deux-petites-secondes\/\" class=\"vlp-link\" title=\"Luciano Benavides renverse le Dakar en motos pour deux petites secondes !\"><\/a><div class=\"vlp-layout-zone-side\"><div class=\"vlp-block-4 vlp-link-image\"><img loading=\"lazy\" decoding=\"async\" style=\"max-width: 792px;\" width=\"792\" height=\"445\" src=\"https:\/\/dicodusport.fr\/blog\/wp-content\/uploads\/2026\/01\/Luciano-Benavides-renverse-le-Dakar-en-motos-pour-deux-petites-secondes.png\" class=\"attachment-800x445 size-800x445\" alt=\"Luciano Benavides renverse le Dakar en motos pour deux petites secondes !\" srcset=\"https:\/\/dicodusport.fr\/blog\/wp-content\/uploads\/2026\/01\/Luciano-Benavides-renverse-le-Dakar-en-motos-pour-deux-petites-secondes.png 1200w, https:\/\/dicodusport.fr\/blog\/wp-content\/uploads\/2026\/01\/Luciano-Benavides-renverse-le-Dakar-en-motos-pour-deux-petites-secondes-300x169.png 300w, https:\/\/dicodusport.fr\/blog\/wp-content\/uploads\/2026\/01\/Luciano-Benavides-renverse-le-Dakar-en-motos-pour-deux-petites-secondes-1024x575.png 1024w, https:\/\/dicodusport.fr\/blog\/wp-content\/uploads\/2026\/01\/Luciano-Benavides-renverse-le-Dakar-en-motos-pour-deux-petites-secondes-768x431.png 768w\" sizes=\"auto, (max-width: 792px) 100vw, 792px\" \/><\/div><\/div><div class=\"vlp-layout-zone-main\"><div class=\"vlp-block-0 vlp-link-title\">Luciano Benavides renverse le Dakar en motos pour deux petites secondes !<\/div><div class=\"vlp-block-1 vlp-link-summary\">DAKAR 2026 - Coup de tonnerre sur la derni\u00e8re \u00e9tape, avec le sacre final de Luciano Benavides, qui rafle la mise pour deux petites secondes !<\/div><div class=\"vlp-block-2 vlp-link-button\">Lire l'article<\/div><div class=\"vlp-block-3 vlp-link-url\">dicodusport.fr<\/div><\/div><\/div>\n<div id=\"gtx-trans\" style=\"position: absolute; left: -14px; top: 40.9091px;\">\n<div class=\"gtx-trans-icon\"><\/div>\n<\/div>\n","protected":false},"excerpt":{"rendered":"<p>DAKAR 2026 &#8211; \u00c0 l&rsquo;issue de la 13\u00e8me et derni\u00e8re \u00e9tape, Nasser Al-Attiyah a obtenu son 6\u00e8me sacre sur l&rsquo;\u00e9preuve.\u00a0<\/p>\n","protected":false},"author":55,"featured_media":639155,"comment_status":"open","ping_status":"closed","sticky":false,"template":"","format":"standard","meta":{"_acf_changed":false,"_daextam_enable_autolinks":"1","footnotes":""},"categories":[9493],"tags":[16878,2736],"class_list":["post-638962","post","type-post","status-publish","format-standard","has-post-thumbnail","hentry","category-dakar","tag-breve","tag-dakar"],"acf":[],"yoast_head":"<!-- This site is optimized with the Yoast SEO Premium plugin v26.7 (Yoast SEO v26.7) - https:\/\/yoast.com\/wordpress\/plugins\/seo\/ -->\n<title>Nasser Al-Attiyah reprend sa couronne : le Qatari remporte son 6\u00e8me Dakar en autos<\/title>\n<meta name=\"description\" content=\"DAKAR 2026 - \u00c0 l&#039;issue de la 13\u00e8me et derni\u00e8re \u00e9tape, Nasser Al-Attiyah a obtenu son 6\u00e8me sacre sur l&#039;\u00e9preuve.\u00a0\" \/>\n<meta name=\"robots\" content=\"index, follow, max-snippet:-1, max-image-preview:large, max-video-preview:-1\" \/>\n<link rel=\"canonical\" href=\"https:\/\/dicodusport.fr\/blog\/nasser-al-attiyah-reprend-sa-couronne-le-qatari-remporte-son-6eme-dakar-en-autos\/\" \/>\n<meta property=\"og:locale\" content=\"fr_FR\" \/>\n<meta property=\"og:type\" content=\"article\" \/>\n<meta property=\"og:title\" content=\"Nasser Al-Attiyah reprend sa couronne : le Qatari remporte son 6\u00e8me Dakar en autos\" \/>\n<meta property=\"og:description\" content=\"DAKAR 2026 - \u00c0 l&#039;issue de la 13\u00e8me et derni\u00e8re \u00e9tape, Nasser Al-Attiyah a obtenu son 6\u00e8me sacre sur l&#039;\u00e9preuve.\u00a0\" \/>\n<meta property=\"og:url\" content=\"https:\/\/dicodusport.fr\/blog\/nasser-al-attiyah-reprend-sa-couronne-le-qatari-remporte-son-6eme-dakar-en-autos\/\" \/>\n<meta property=\"og:site_name\" content=\"Dicodusport\" \/>\n<meta property=\"article:publisher\" content=\"https:\/\/www.facebook.com\/dicodusport\" \/>\n<meta property=\"article:published_time\" content=\"2026-01-17T11:13:15+00:00\" \/>\n<meta property=\"article:modified_time\" content=\"2026-01-17T16:08:45+00:00\" \/>\n<meta property=\"og:image\" content=\"https:\/\/dicodusport.fr\/blog\/wp-content\/uploads\/2026\/01\/Nasser-Al-Attiyah-reprend-sa-couronne-le-Qatari-remporte-son-6eme-Dakar-en-autos-1.png\" \/>\n\t<meta property=\"og:image:width\" content=\"1200\" \/>\n\t<meta property=\"og:image:height\" content=\"674\" \/>\n\t<meta property=\"og:image:type\" content=\"image\/png\" \/>\n<meta name=\"author\" content=\"Maxime Cazenave\" \/>\n<meta name=\"twitter:card\" content=\"summary_large_image\" \/>\n<meta name=\"twitter:title\" content=\"Nasser Al-Attiyah reprend sa couronne : le Qatari remporte son 6\u00e8me Dakar en autos\" \/>\n<meta name=\"twitter:creator\" content=\"@https:\/\/twitter.com\/Maxime_Caze\" \/>\n<meta name=\"twitter:site\" content=\"@dicodusport\" \/>\n<script type=\"application\/ld+json\" class=\"yoast-schema-graph\">{\"@context\":\"https:\/\/schema.org\",\"@graph\":[{\"@type\":\"NewsArticle\",\"@id\":\"https:\/\/dicodusport.fr\/blog\/nasser-al-attiyah-reprend-sa-couronne-le-qatari-remporte-son-6eme-dakar-en-autos\/#article\",\"isPartOf\":{\"@id\":\"https:\/\/dicodusport.fr\/blog\/nasser-al-attiyah-reprend-sa-couronne-le-qatari-remporte-son-6eme-dakar-en-autos\/\"},\"author\":{\"name\":\"Maxime Cazenave\",\"@id\":\"https:\/\/dicodusport.fr\/blog\/#\/schema\/person\/37def232098a7a5cbab3974a3690abb0\"},\"headline\":\"Nasser Al-Attiyah reprend sa couronne : le Qatari remporte son 6\u00e8me Dakar en autos\",\"datePublished\":\"2026-01-17T11:13:15+00:00\",\"dateModified\":\"2026-01-17T16:08:45+00:00\",\"mainEntityOfPage\":{\"@id\":\"https:\/\/dicodusport.fr\/blog\/nasser-al-attiyah-reprend-sa-couronne-le-qatari-remporte-son-6eme-dakar-en-autos\/\"},\"wordCount\":681,\"commentCount\":0,\"publisher\":{\"@id\":\"https:\/\/dicodusport.fr\/blog\/#organization\"},\"image\":{\"@id\":\"https:\/\/dicodusport.fr\/blog\/nasser-al-attiyah-reprend-sa-couronne-le-qatari-remporte-son-6eme-dakar-en-autos\/#primaryimage\"},\"thumbnailUrl\":\"https:\/\/dicodusport.fr\/blog\/wp-content\/uploads\/2026\/01\/Nasser-Al-Attiyah-reprend-sa-couronne-le-Qatari-remporte-son-6eme-Dakar-en-autos-1.png\",\"keywords\":[\"br\u00e8ve\",\"dakar\"],\"articleSection\":[\"Dakar\"],\"inLanguage\":\"fr-FR\",\"potentialAction\":[{\"@type\":\"CommentAction\",\"name\":\"Comment\",\"target\":[\"https:\/\/dicodusport.fr\/blog\/nasser-al-attiyah-reprend-sa-couronne-le-qatari-remporte-son-6eme-dakar-en-autos\/#respond\"]}],\"copyrightYear\":\"2026\",\"copyrightHolder\":{\"@id\":\"https:\/\/dicodusport.fr\/blog\/#organization\"}},{\"@type\":\"WebPage\",\"@id\":\"https:\/\/dicodusport.fr\/blog\/nasser-al-attiyah-reprend-sa-couronne-le-qatari-remporte-son-6eme-dakar-en-autos\/\",\"url\":\"https:\/\/dicodusport.fr\/blog\/nasser-al-attiyah-reprend-sa-couronne-le-qatari-remporte-son-6eme-dakar-en-autos\/\",\"name\":\"Nasser Al-Attiyah reprend sa couronne : le Qatari remporte son 6\u00e8me Dakar en autos\",\"isPartOf\":{\"@id\":\"https:\/\/dicodusport.fr\/blog\/#website\"},\"primaryImageOfPage\":{\"@id\":\"https:\/\/dicodusport.fr\/blog\/nasser-al-attiyah-reprend-sa-couronne-le-qatari-remporte-son-6eme-dakar-en-autos\/#primaryimage\"},\"image\":{\"@id\":\"https:\/\/dicodusport.fr\/blog\/nasser-al-attiyah-reprend-sa-couronne-le-qatari-remporte-son-6eme-dakar-en-autos\/#primaryimage\"},\"thumbnailUrl\":\"https:\/\/dicodusport.fr\/blog\/wp-content\/uploads\/2026\/01\/Nasser-Al-Attiyah-reprend-sa-couronne-le-Qatari-remporte-son-6eme-Dakar-en-autos-1.png\",\"datePublished\":\"2026-01-17T11:13:15+00:00\",\"dateModified\":\"2026-01-17T16:08:45+00:00\",\"description\":\"DAKAR 2026 - \u00c0 l'issue de la 13\u00e8me et derni\u00e8re \u00e9tape, Nasser Al-Attiyah a obtenu son 6\u00e8me sacre sur l'\u00e9preuve.\u00a0\",\"breadcrumb\":{\"@id\":\"https:\/\/dicodusport.fr\/blog\/nasser-al-attiyah-reprend-sa-couronne-le-qatari-remporte-son-6eme-dakar-en-autos\/#breadcrumb\"},\"inLanguage\":\"fr-FR\",\"potentialAction\":[{\"@type\":\"ReadAction\",\"target\":[\"https:\/\/dicodusport.fr\/blog\/nasser-al-attiyah-reprend-sa-couronne-le-qatari-remporte-son-6eme-dakar-en-autos\/\"]}]},{\"@type\":\"ImageObject\",\"inLanguage\":\"fr-FR\",\"@id\":\"https:\/\/dicodusport.fr\/blog\/nasser-al-attiyah-reprend-sa-couronne-le-qatari-remporte-son-6eme-dakar-en-autos\/#primaryimage\",\"url\":\"https:\/\/dicodusport.fr\/blog\/wp-content\/uploads\/2026\/01\/Nasser-Al-Attiyah-reprend-sa-couronne-le-Qatari-remporte-son-6eme-Dakar-en-autos-1.png\",\"contentUrl\":\"https:\/\/dicodusport.fr\/blog\/wp-content\/uploads\/2026\/01\/Nasser-Al-Attiyah-reprend-sa-couronne-le-Qatari-remporte-son-6eme-Dakar-en-autos-1.png\",\"width\":1200,\"height\":674,\"caption\":\"Nasser Al-Attiyah reprend sa couronne le Qatari remporte son 6\u00e8me Dakar en autos\"},{\"@type\":\"BreadcrumbList\",\"@id\":\"https:\/\/dicodusport.fr\/blog\/nasser-al-attiyah-reprend-sa-couronne-le-qatari-remporte-son-6eme-dakar-en-autos\/#breadcrumb\",\"itemListElement\":[{\"@type\":\"ListItem\",\"position\":1,\"name\":\"Accueil\",\"item\":\"https:\/\/dicodusport.fr\/blog\/\"},{\"@type\":\"ListItem\",\"position\":2,\"name\":\"Nasser Al-Attiyah reprend sa couronne : le Qatari remporte son 6\u00e8me Dakar en autos\"}]},{\"@type\":\"WebSite\",\"@id\":\"https:\/\/dicodusport.fr\/blog\/#website\",\"url\":\"https:\/\/dicodusport.fr\/blog\/\",\"name\":\"Dicodusport\",\"description\":\"L&#039;encyclop\u00e9die de l&#039;actualit\u00e9 sportive\",\"publisher\":{\"@id\":\"https:\/\/dicodusport.fr\/blog\/#organization\"},\"potentialAction\":[{\"@type\":\"SearchAction\",\"target\":{\"@type\":\"EntryPoint\",\"urlTemplate\":\"https:\/\/dicodusport.fr\/blog\/?s={search_term_string}\"},\"query-input\":{\"@type\":\"PropertyValueSpecification\",\"valueRequired\":true,\"valueName\":\"search_term_string\"}}],\"inLanguage\":\"fr-FR\"},{\"@type\":\"NewsMediaOrganization\",\"@id\":\"https:\/\/dicodusport.fr\/blog\/#organization\",\"name\":\"Dicodusport\",\"url\":\"https:\/\/dicodusport.fr\/blog\/\",\"logo\":{\"@type\":\"ImageObject\",\"inLanguage\":\"fr-FR\",\"@id\":\"https:\/\/dicodusport.fr\/blog\/#\/schema\/logo\/image\/\",\"url\":\"https:\/\/dicodusport.fr\/blog\/wp-content\/uploads\/2020\/06\/cropped-LOGO-DICODUSPORT-2020-SANS-FOND-SANS-TEXTE.png\",\"contentUrl\":\"https:\/\/dicodusport.fr\/blog\/wp-content\/uploads\/2020\/06\/cropped-LOGO-DICODUSPORT-2020-SANS-FOND-SANS-TEXTE.png\",\"width\":512,\"height\":512,\"caption\":\"Dicodusport\"},\"image\":{\"@id\":\"https:\/\/dicodusport.fr\/blog\/#\/schema\/logo\/image\/\"},\"sameAs\":[\"https:\/\/www.facebook.com\/dicodusport\",\"https:\/\/x.com\/dicodusport\",\"https:\/\/www.instagram.com\/dicodusport\/\",\"https:\/\/www.youtube.com\/channel\/UC7V2KZ5sd3htJivAbA4ZG3w\"],\"description\":\"Dicodusport est l'encyclop\u00e9die de l'actualit\u00e9 sportive.\",\"email\":\"bonjour@dicodusport.fr\",\"legalName\":\"DICODUSPORT\",\"foundingDate\":\"2018-01-14\",\"vatID\":\"FR71834470973\",\"taxID\":\"83447097300043\",\"numberOfEmployees\":{\"@type\":\"QuantitativeValue\",\"minValue\":\"1\",\"maxValue\":\"10\"}},{\"@type\":\"Person\",\"@id\":\"https:\/\/dicodusport.fr\/blog\/#\/schema\/person\/37def232098a7a5cbab3974a3690abb0\",\"name\":\"Maxime Cazenave\",\"image\":{\"@type\":\"ImageObject\",\"inLanguage\":\"fr-FR\",\"@id\":\"https:\/\/dicodusport.fr\/blog\/#\/schema\/person\/image\/\",\"url\":\"https:\/\/dicodusport.fr\/blog\/wp-content\/uploads\/2021\/05\/Maxime-Cazenave-150x150.jpg\",\"contentUrl\":\"https:\/\/dicodusport.fr\/blog\/wp-content\/uploads\/2021\/05\/Maxime-Cazenave-150x150.jpg\",\"caption\":\"Maxime Cazenave\"},\"description\":\"Journaliste\/R\u00e9dacteur depuis 2012 - Berc\u00e9 par l\u2019amour des Girondins de Bordeaux, les \u00e9checs de Christophe Moreau sur le Tour de France sous l'\u00e8re Lance Armstrong et le fade-away l\u00e9tal de Dirk Nowitzki, ma passion d\u00e9vorante pour le sport a toujours \u00e9t\u00e9 un pan incontournable de ma vie. Transmettre ma passion \u00e0 l\u2019\u00e9crit a \u00e9t\u00e9 une transition naturelle. Suiveur assidu de basket et de hockey sur glace, je garde toujours un peu de place pour suivre le cyclisme, le football et le maximum de performances fran\u00e7aises.\",\"sameAs\":[\"https:\/\/x.com\/https:\/\/twitter.com\/Maxime_Caze\"],\"url\":\"https:\/\/dicodusport.fr\/blog\/author\/maximec\/\"}]}<\/script>\n<!-- \/ Yoast SEO Premium plugin. -->","yoast_head_json":{"title":"Nasser Al-Attiyah reprend sa couronne : le Qatari remporte son 6\u00e8me Dakar en autos","description":"DAKAR 2026 - \u00c0 l'issue de la 13\u00e8me et derni\u00e8re \u00e9tape, Nasser Al-Attiyah a obtenu son 6\u00e8me sacre sur l'\u00e9preuve.\u00a0","robots":{"index":"index","follow":"follow","max-snippet":"max-snippet:-1","max-image-preview":"max-image-preview:large","max-video-preview":"max-video-preview:-1"},"canonical":"https:\/\/dicodusport.fr\/blog\/nasser-al-attiyah-reprend-sa-couronne-le-qatari-remporte-son-6eme-dakar-en-autos\/","og_locale":"fr_FR","og_type":"article","og_title":"Nasser Al-Attiyah reprend sa couronne : le Qatari remporte son 6\u00e8me Dakar en autos","og_description":"DAKAR 2026 - \u00c0 l'issue de la 13\u00e8me et derni\u00e8re \u00e9tape, Nasser Al-Attiyah a obtenu son 6\u00e8me sacre sur l'\u00e9preuve.\u00a0","og_url":"https:\/\/dicodusport.fr\/blog\/nasser-al-attiyah-reprend-sa-couronne-le-qatari-remporte-son-6eme-dakar-en-autos\/","og_site_name":"Dicodusport","article_publisher":"https:\/\/www.facebook.com\/dicodusport","article_published_time":"2026-01-17T11:13:15+00:00","article_modified_time":"2026-01-17T16:08:45+00:00","og_image":[{"width":1200,"height":674,"url":"https:\/\/dicodusport.fr\/blog\/wp-content\/uploads\/2026\/01\/Nasser-Al-Attiyah-reprend-sa-couronne-le-Qatari-remporte-son-6eme-Dakar-en-autos-1.png","type":"image\/png"}],"author":"Maxime Cazenave","twitter_card":"summary_large_image","twitter_title":"Nasser Al-Attiyah reprend sa couronne : le Qatari remporte son 6\u00e8me Dakar en autos","twitter_creator":"@https:\/\/twitter.com\/Maxime_Caze","twitter_site":"@dicodusport","schema":{"@context":"https:\/\/schema.org","@graph":[{"@type":"NewsArticle","@id":"https:\/\/dicodusport.fr\/blog\/nasser-al-attiyah-reprend-sa-couronne-le-qatari-remporte-son-6eme-dakar-en-autos\/#article","isPartOf":{"@id":"https:\/\/dicodusport.fr\/blog\/nasser-al-attiyah-reprend-sa-couronne-le-qatari-remporte-son-6eme-dakar-en-autos\/"},"author":{"name":"Maxime Cazenave","@id":"https:\/\/dicodusport.fr\/blog\/#\/schema\/person\/37def232098a7a5cbab3974a3690abb0"},"headline":"Nasser Al-Attiyah reprend sa couronne : le Qatari remporte son 6\u00e8me Dakar en autos","datePublished":"2026-01-17T11:13:15+00:00","dateModified":"2026-01-17T16:08:45+00:00","mainEntityOfPage":{"@id":"https:\/\/dicodusport.fr\/blog\/nasser-al-attiyah-reprend-sa-couronne-le-qatari-remporte-son-6eme-dakar-en-autos\/"},"wordCount":681,"commentCount":0,"publisher":{"@id":"https:\/\/dicodusport.fr\/blog\/#organization"},"image":{"@id":"https:\/\/dicodusport.fr\/blog\/nasser-al-attiyah-reprend-sa-couronne-le-qatari-remporte-son-6eme-dakar-en-autos\/#primaryimage"},"thumbnailUrl":"https:\/\/dicodusport.fr\/blog\/wp-content\/uploads\/2026\/01\/Nasser-Al-Attiyah-reprend-sa-couronne-le-Qatari-remporte-son-6eme-Dakar-en-autos-1.png","keywords":["br\u00e8ve","dakar"],"articleSection":["Dakar"],"inLanguage":"fr-FR","potentialAction":[{"@type":"CommentAction","name":"Comment","target":["https:\/\/dicodusport.fr\/blog\/nasser-al-attiyah-reprend-sa-couronne-le-qatari-remporte-son-6eme-dakar-en-autos\/#respond"]}],"copyrightYear":"2026","copyrightHolder":{"@id":"https:\/\/dicodusport.fr\/blog\/#organization"}},{"@type":"WebPage","@id":"https:\/\/dicodusport.fr\/blog\/nasser-al-attiyah-reprend-sa-couronne-le-qatari-remporte-son-6eme-dakar-en-autos\/","url":"https:\/\/dicodusport.fr\/blog\/nasser-al-attiyah-reprend-sa-couronne-le-qatari-remporte-son-6eme-dakar-en-autos\/","name":"Nasser Al-Attiyah reprend sa couronne : le Qatari remporte son 6\u00e8me Dakar en autos","isPartOf":{"@id":"https:\/\/dicodusport.fr\/blog\/#website"},"primaryImageOfPage":{"@id":"https:\/\/dicodusport.fr\/blog\/nasser-al-attiyah-reprend-sa-couronne-le-qatari-remporte-son-6eme-dakar-en-autos\/#primaryimage"},"image":{"@id":"https:\/\/dicodusport.fr\/blog\/nasser-al-attiyah-reprend-sa-couronne-le-qatari-remporte-son-6eme-dakar-en-autos\/#primaryimage"},"thumbnailUrl":"https:\/\/dicodusport.fr\/blog\/wp-content\/uploads\/2026\/01\/Nasser-Al-Attiyah-reprend-sa-couronne-le-Qatari-remporte-son-6eme-Dakar-en-autos-1.png","datePublished":"2026-01-17T11:13:15+00:00","dateModified":"2026-01-17T16:08:45+00:00","description":"DAKAR 2026 - \u00c0 l'issue de la 13\u00e8me et derni\u00e8re \u00e9tape, Nasser Al-Attiyah a obtenu son 6\u00e8me sacre sur l'\u00e9preuve.\u00a0","breadcrumb":{"@id":"https:\/\/dicodusport.fr\/blog\/nasser-al-attiyah-reprend-sa-couronne-le-qatari-remporte-son-6eme-dakar-en-autos\/#breadcrumb"},"inLanguage":"fr-FR","potentialAction":[{"@type":"ReadAction","target":["https:\/\/dicodusport.fr\/blog\/nasser-al-attiyah-reprend-sa-couronne-le-qatari-remporte-son-6eme-dakar-en-autos\/"]}]},{"@type":"ImageObject","inLanguage":"fr-FR","@id":"https:\/\/dicodusport.fr\/blog\/nasser-al-attiyah-reprend-sa-couronne-le-qatari-remporte-son-6eme-dakar-en-autos\/#primaryimage","url":"https:\/\/dicodusport.fr\/blog\/wp-content\/uploads\/2026\/01\/Nasser-Al-Attiyah-reprend-sa-couronne-le-Qatari-remporte-son-6eme-Dakar-en-autos-1.png","contentUrl":"https:\/\/dicodusport.fr\/blog\/wp-content\/uploads\/2026\/01\/Nasser-Al-Attiyah-reprend-sa-couronne-le-Qatari-remporte-son-6eme-Dakar-en-autos-1.png","width":1200,"height":674,"caption":"Nasser Al-Attiyah reprend sa couronne le Qatari remporte son 6\u00e8me Dakar en autos"},{"@type":"BreadcrumbList","@id":"https:\/\/dicodusport.fr\/blog\/nasser-al-attiyah-reprend-sa-couronne-le-qatari-remporte-son-6eme-dakar-en-autos\/#breadcrumb","itemListElement":[{"@type":"ListItem","position":1,"name":"Accueil","item":"https:\/\/dicodusport.fr\/blog\/"},{"@type":"ListItem","position":2,"name":"Nasser Al-Attiyah reprend sa couronne : le Qatari remporte son 6\u00e8me Dakar en autos"}]},{"@type":"WebSite","@id":"https:\/\/dicodusport.fr\/blog\/#website","url":"https:\/\/dicodusport.fr\/blog\/","name":"Dicodusport","description":"L&#039;encyclop\u00e9die de l&#039;actualit\u00e9 sportive","publisher":{"@id":"https:\/\/dicodusport.fr\/blog\/#organization"},"potentialAction":[{"@type":"SearchAction","target":{"@type":"EntryPoint","urlTemplate":"https:\/\/dicodusport.fr\/blog\/?s={search_term_string}"},"query-input":{"@type":"PropertyValueSpecification","valueRequired":true,"valueName":"search_term_string"}}],"inLanguage":"fr-FR"},{"@type":"NewsMediaOrganization","@id":"https:\/\/dicodusport.fr\/blog\/#organization","name":"Dicodusport","url":"https:\/\/dicodusport.fr\/blog\/","logo":{"@type":"ImageObject","inLanguage":"fr-FR","@id":"https:\/\/dicodusport.fr\/blog\/#\/schema\/logo\/image\/","url":"https:\/\/dicodusport.fr\/blog\/wp-content\/uploads\/2020\/06\/cropped-LOGO-DICODUSPORT-2020-SANS-FOND-SANS-TEXTE.png","contentUrl":"https:\/\/dicodusport.fr\/blog\/wp-content\/uploads\/2020\/06\/cropped-LOGO-DICODUSPORT-2020-SANS-FOND-SANS-TEXTE.png","width":512,"height":512,"caption":"Dicodusport"},"image":{"@id":"https:\/\/dicodusport.fr\/blog\/#\/schema\/logo\/image\/"},"sameAs":["https:\/\/www.facebook.com\/dicodusport","https:\/\/x.com\/dicodusport","https:\/\/www.instagram.com\/dicodusport\/","https:\/\/www.youtube.com\/channel\/UC7V2KZ5sd3htJivAbA4ZG3w"],"description":"Dicodusport est l'encyclop\u00e9die de l'actualit\u00e9 sportive.","email":"bonjour@dicodusport.fr","legalName":"DICODUSPORT","foundingDate":"2018-01-14","vatID":"FR71834470973","taxID":"83447097300043","numberOfEmployees":{"@type":"QuantitativeValue","minValue":"1","maxValue":"10"}},{"@type":"Person","@id":"https:\/\/dicodusport.fr\/blog\/#\/schema\/person\/37def232098a7a5cbab3974a3690abb0","name":"Maxime Cazenave","image":{"@type":"ImageObject","inLanguage":"fr-FR","@id":"https:\/\/dicodusport.fr\/blog\/#\/schema\/person\/image\/","url":"https:\/\/dicodusport.fr\/blog\/wp-content\/uploads\/2021\/05\/Maxime-Cazenave-150x150.jpg","contentUrl":"https:\/\/dicodusport.fr\/blog\/wp-content\/uploads\/2021\/05\/Maxime-Cazenave-150x150.jpg","caption":"Maxime Cazenave"},"description":"Journaliste\/R\u00e9dacteur depuis 2012 - Berc\u00e9 par l\u2019amour des Girondins de Bordeaux, les \u00e9checs de Christophe Moreau sur le Tour de France sous l'\u00e8re Lance Armstrong et le fade-away l\u00e9tal de Dirk Nowitzki, ma passion d\u00e9vorante pour le sport a toujours \u00e9t\u00e9 un pan incontournable de ma vie. Transmettre ma passion \u00e0 l\u2019\u00e9crit a \u00e9t\u00e9 une transition naturelle. Suiveur assidu de basket et de hockey sur glace, je garde toujours un peu de place pour suivre le cyclisme, le football et le maximum de performances fran\u00e7aises.","sameAs":["https:\/\/x.com\/https:\/\/twitter.com\/Maxime_Caze"],"url":"https:\/\/dicodusport.fr\/blog\/author\/maximec\/"}]}},"_links":{"self":[{"href":"https:\/\/dicodusport.fr\/blog\/wp-json\/wp\/v2\/posts\/638962","targetHints":{"allow":["GET"]}}],"collection":[{"href":"https:\/\/dicodusport.fr\/blog\/wp-json\/wp\/v2\/posts"}],"about":[{"href":"https:\/\/dicodusport.fr\/blog\/wp-json\/wp\/v2\/types\/post"}],"author":[{"embeddable":true,"href":"https:\/\/dicodusport.fr\/blog\/wp-json\/wp\/v2\/users\/55"}],"replies":[{"embeddable":true,"href":"https:\/\/dicodusport.fr\/blog\/wp-json\/wp\/v2\/comments?post=638962"}],"version-history":[{"count":5,"href":"https:\/\/dicodusport.fr\/blog\/wp-json\/wp\/v2\/posts\/638962\/revisions"}],"predecessor-version":[{"id":639060,"href":"https:\/\/dicodusport.fr\/blog\/wp-json\/wp\/v2\/posts\/638962\/revisions\/639060"}],"wp:featuredmedia":[{"embeddable":true,"href":"https:\/\/dicodusport.fr\/blog\/wp-json\/wp\/v2\/media\/639155"}],"wp:attachment":[{"href":"https:\/\/dicodusport.fr\/blog\/wp-json\/wp\/v2\/media?parent=638962"}],"wp:term":[{"taxonomy":"category","embeddable":true,"href":"https:\/\/dicodusport.fr\/blog\/wp-json\/wp\/v2\/categories?post=638962"},{"taxonomy":"post_tag","embeddable":true,"href":"https:\/\/dicodusport.fr\/blog\/wp-json\/wp\/v2\/tags?post=638962"}],"curies":[{"name":"wp","href":"https:\/\/api.w.org\/{rel}","templated":true}]}}