{"id":639166,"date":"2026-01-17T18:06:34","date_gmt":"2026-01-17T17:06:34","guid":{"rendered":"https:\/\/dicodusport.fr\/blog\/?p=639166&#038;preview=true&#038;preview_id=639166"},"modified":"2026-01-17T18:28:44","modified_gmt":"2026-01-17T17:28:44","slug":"cruel-pour-bayonne-crucifie-par-le-leinster","status":"publish","type":"post","link":"https:\/\/dicodusport.fr\/blog\/cruel-pour-bayonne-crucifie-par-le-leinster\/","title":{"rendered":"Cruel pour Bayonne, crucifi\u00e9 par le Leinster"},"content":{"rendered":"<p style=\"text-align: justify;\"><strong><em>CHAMPIONS CUP 2025\/2026 &#8211; Gr\u00e2ce \u00e0 deux essais inscrits dans les cinq derni\u00e8res minutes, le Leinster est venu \u00e0 bout de Bayonne \u00e0 Jean-Dauger (22-13).<\/em><\/strong><\/p>\n<ul>\n<li style=\"text-align: justify;\"><strong>\u00c0 ce sujet \u2013 <a href=\"https:\/\/dicodusport.fr\/blog\/champions-cup-2025-2026-calendrier-et-resultats-des-clubs-francais\/\">Champions Cup 2025-2026 : calendrier et r\u00e9sultats des clubs fran\u00e7ais<\/a><\/strong><\/li>\n<\/ul>\n<p style=\"text-align: justify;\">Apr\u00e8s trois d\u00e9faites en autant de matchs, <strong>l\u2019Aviron Bayonnais<\/strong> recevait le <strong>Leinster<\/strong> \u00e0 <strong>Jean-Dauger<\/strong> avec l\u2019objectif d\u2019empocher ses premiers points europ\u00e9ens de la saison. Alors que les <strong>Basques<\/strong> traversent une p\u00e9riode d\u00e9licate, avec une seule victoire depuis le d\u00e9but du mois de d\u00e9cembre, <strong>Bayonne<\/strong> \u00e9tait d\u00e9j\u00e0 \u00e9limin\u00e9 des comp\u00e9titions europ\u00e9ennes, mais tenait \u00e0 s\u2019offrir une performance de r\u00e9f\u00e9rence devant son public.<\/p>\n<h2 style=\"text-align: justify;\">Maqala met Bayonne sur orbite<\/h2>\n<p style=\"text-align: justify;\">Malgr\u00e9 une possession l\u00e9g\u00e8rement en faveur des <strong>Irlandais<\/strong>, le d\u00e9but de rencontre est clairement \u00e0 l\u2019avantage des <strong>Bayonnais<\/strong>. Plus pr\u00e9sents dans le combat et dominants dans les duels a\u00e9riens, les <strong>Basques<\/strong> sont parvenus \u00e0 installer de l\u2019occupation et \u00e0 gagner du terrain d\u00e8s que possible. Apr\u00e8s un premier quart d\u2019heure ferm\u00e9 mais convaincant, la faille a finalement \u00e9t\u00e9 trouv\u00e9e.<\/p>\n<p style=\"text-align: justify;\">\u00c0 la suite d\u2019une touche au niveau de la ligne m\u00e9diane, la sortie de balle d\u00e9bouche sur une belle combinaison des trois-quarts. <strong>Orab\u00e9<\/strong> perce l\u2019intervalle, gagne du terrain, fixe la d\u00e9fense et sert <strong>Sireli Maqala<\/strong> aux 22 m\u00e8tres, qui file aplatir sous les poteaux (<strong>7-0, 16\u2019<\/strong>).<\/p>\n<blockquote class=\"twitter-tweet\">\n<p dir=\"ltr\" lang=\"fr\">Maqalaaa sous les poteaux !<\/p>\n<p>Suivez notre direct \u27a1\ufe0f <a href=\"https:\/\/t.co\/74xGra6HrP\">https:\/\/t.co\/74xGra6HrP<\/a><a href=\"https:\/\/twitter.com\/hashtag\/InvestecChampionsCup?src=hash&amp;ref_src=twsrc%5Etfw\">#InvestecChampionsCup<\/a> <a href=\"https:\/\/t.co\/K2v0QeNnhA\">pic.twitter.com\/K2v0QeNnhA<\/a><\/p>\n<p>\u2014 Investec Champions Cup France (@ChampionsCup_FR) <a href=\"https:\/\/twitter.com\/ChampionsCup_FR\/status\/2012549079008411896?ref_src=twsrc%5Etfw\">January 17, 2026<\/a><\/p><\/blockquote>\n<p><script async src=\"https:\/\/platform.twitter.com\/widgets.js\" charset=\"utf-8\"><\/script><\/p>\n<h2 style=\"text-align: justify;\">Les d\u00e9fenses mises en avant en premi\u00e8re p\u00e9riode<\/h2>\n<p style=\"text-align: justify;\">Apr\u00e8s l\u2019ouverture du score, les <strong>Basques<\/strong> subissent une bonne s\u00e9quence offensive irlandaise, mais leur d\u00e9fense solide contraint le <strong>Leinster<\/strong> \u00e0 se contenter de trois points au terme de cette phase (21\u2019). Une p\u00e9nalit\u00e9 \u00e0 laquelle <strong>Joris Segonds<\/strong> r\u00e9pond quelques minutes plus tard d\u2019un coup de pied de pr\u00e8s de 40 m\u00e8tres, l\u00e9g\u00e8rement sur la droite des poteaux, pour redonner sept points d\u2019avance \u00e0 son \u00e9quipe (<strong>10-3, 24\u2019<\/strong>).<\/p>\n<p style=\"text-align: justify;\">Dans une premi\u00e8re p\u00e9riode compliqu\u00e9e pour le <strong>Leinster<\/strong>, la situation aurait toutefois pu basculer avant la pause. \u00c0 la suite d\u2019une longue s\u00e9quence dans les 22 m\u00e8tres bayonnais, <strong>Andrew Porter<\/strong> sert <strong>Clarkson<\/strong>, qui parvient \u00e0 aplatir. Mais l\u2019essai est logiquement refus\u00e9 : le pilier a ramp\u00e9 au sol et aurait d\u00fb rel\u00e2cher le ballon avant de poursuivre son action (34\u2019).<\/p>\n<p style=\"text-align: justify;\">Du c\u00f4t\u00e9 de <strong>Bayonne<\/strong>, les conditions m\u00e9t\u00e9orologiques et plusieurs impr\u00e9cisions techniques emp\u00eachent les locaux de se cr\u00e9er davantage d\u2019occasions franches avant la mi-temps.<\/p>\n<div class=\"vlp-link-container vlp-layout-article\"><a href=\"https:\/\/dicodusport.fr\/blog\/les-notes-de-bayonne-leinster-fischer-titanesque-gibson-park-decoit\/\" class=\"vlp-link\" title=\"Les notes de Bayonne-Leinster : Fischer titanesque, Gibson-Park d\u00e9\u00e7oit\"><\/a><div class=\"vlp-layout-zone-side\"><div class=\"vlp-block-4 vlp-link-image\"><img loading=\"lazy\" decoding=\"async\" style=\"max-width: 792px;\" width=\"792\" height=\"445\" src=\"https:\/\/dicodusport.fr\/blog\/wp-content\/uploads\/2026\/01\/Les-notes-de-Bayonne-Leinster-Fischer-titanesque-Gibson-Park-decoit.png\" class=\"attachment-800x445 size-800x445\" alt=\"Les notes de Bayonne-Leinster Fischer titanesque, Gibson-Park d\u00e9\u00e7oit\" srcset=\"https:\/\/dicodusport.fr\/blog\/wp-content\/uploads\/2026\/01\/Les-notes-de-Bayonne-Leinster-Fischer-titanesque-Gibson-Park-decoit.png 1200w, https:\/\/dicodusport.fr\/blog\/wp-content\/uploads\/2026\/01\/Les-notes-de-Bayonne-Leinster-Fischer-titanesque-Gibson-Park-decoit-300x169.png 300w, https:\/\/dicodusport.fr\/blog\/wp-content\/uploads\/2026\/01\/Les-notes-de-Bayonne-Leinster-Fischer-titanesque-Gibson-Park-decoit-1024x575.png 1024w, https:\/\/dicodusport.fr\/blog\/wp-content\/uploads\/2026\/01\/Les-notes-de-Bayonne-Leinster-Fischer-titanesque-Gibson-Park-decoit-768x431.png 768w\" sizes=\"auto, (max-width: 792px) 100vw, 792px\" \/><\/div><\/div><div class=\"vlp-layout-zone-main\"><div class=\"vlp-block-0 vlp-link-title\">Les notes de Bayonne-Leinster : Fischer titanesque, Gibson-Park d\u00e9\u00e7oit<\/div><div class=\"vlp-block-1 vlp-link-summary\">D\u00e9couvrez les notes du match entre Bayonne et le Leinster, rencontre de la 4\u00e8me journ\u00e9e de Champions Cup remport\u00e9e par les Irlandais (13-22).<\/div><div class=\"vlp-block-2 vlp-link-button\">Lire l'article<\/div><div class=\"vlp-block-3 vlp-link-url\">dicodusport.fr<\/div><\/div><\/div>\n<h2 style=\"text-align: justify;\">Segonds et Fischer restent pr\u00e9cieux en seconde p\u00e9riode<\/h2>\n<p style=\"text-align: justify;\">Au retour des vestiaires, la physionomie reste identique, avec une \u00e9norme implication d\u00e9fensive de <strong>Bayonne<\/strong>. La premi\u00e8re longue s\u00e9quence de possession du <strong>Leinster<\/strong> est parfaitement repouss\u00e9e, conclue par un grattage pr\u00e9cieux d\u2019<strong>Alexandre Fischer<\/strong>. Malgr\u00e9 un match rythm\u00e9, les deux \u00e9quipes peinent \u00e0 scorer, faisant preuve d\u2019une grande discipline d\u00e9fensive.<\/p>\n<p style=\"text-align: justify;\">Pendant le carton jaune inflig\u00e9 \u00e0 <strong>Herschel Jantjies<\/strong> (50\u2019), les <strong>Irlandais<\/strong> ne se cr\u00e9ent que peu d\u2019occasions, mais une seule leur suffit. \u00c0 la suite d\u2019une combinaison en sortie de touche, le ballon arrive jusqu\u2019\u00e0 l\u2019aile d\u2019<strong>Jimmy O\u2019Brien<\/strong>, qui repique \u00e0 l\u2019int\u00e9rieur pour <strong>Dan Sheehan<\/strong>, auteur du premier essai irlandais (<strong>10-10, 57\u2019<\/strong>).<\/p>\n<p style=\"text-align: justify;\">Quelques minutes plus tard, <strong>Joris Segonds<\/strong> permet \u00e0 <strong>Bayonne<\/strong> de reprendre l\u2019avantage gr\u00e2ce \u00e0 une p\u00e9nalit\u00e9 tent\u00e9e depuis la ligne m\u00e9diane (<strong>13-10, 60\u2019<\/strong>). Le match s\u2019emballe alors. \u00c0 la suite d\u2019un ballon r\u00e9cup\u00e9r\u00e9 en touche, les <strong>Basques<\/strong> d\u00e9gagent au pied, mais <strong>Sireli Maqala<\/strong> manque la prise. <strong>Sam Prendergast<\/strong> acc\u00e9l\u00e8re, tape \u00e0 suivre pour <strong>Jimmy O\u2019Brien<\/strong>, qui aplatit en coin. Apr\u00e8s v\u00e9rification, l\u2019ailier perd le ballon au moment d\u2019aplatir : l\u2019essai est logiquement refus\u00e9.<\/p>\n<h2 style=\"text-align: justify;\">Jean-Dauger plie en cinq minutes<\/h2>\n<p style=\"text-align: justify;\">\u00c0 une dizaine de minutes du terme, <strong>Segonds<\/strong> manque une p\u00e9nalit\u00e9 \u00e0 environ 40 m\u00e8tres des poteaux (68\u2019). Dans les cinq derni\u00e8res minutes, le <strong>Leinster<\/strong> reproduit le sc\u00e9nario d\u00e9j\u00e0 observ\u00e9 face \u00e0 <strong>La Rochelle<\/strong>, en inscrivant deux essais d\u00e9cisifs.<\/p>\n<p style=\"text-align: justify;\">Au centre des 22 m\u00e8tres, <strong>Ross Byrne<\/strong> glisse un jeu au pied dans le dos de la d\u00e9fense. Le rebond surprend les <strong>Bayonnais<\/strong>, et <strong>Sam Prendergast<\/strong>, bien plac\u00e9, aplatit entre les perches (<strong>13-17, 75\u2019<\/strong>). Puis, malgr\u00e9 une touche r\u00e9cup\u00e9r\u00e9e \u00e0 cinq m\u00e8tres de leur ligne, les locaux perdent le ballon. <strong>Jamison Gibson-Park<\/strong> sert <strong>Jack Conan<\/strong> dans le ferm\u00e9, qui conclut en coin (<strong>13-22, 78\u2019<\/strong>).<\/p>\n<p style=\"text-align: justify;\">La fin de match est cruelle pour <strong>Bayonne<\/strong>, priv\u00e9 d\u2019une victoire qui lui tendait les bras. De son c\u00f4t\u00e9, cette victoire permet au <strong>Leinster<\/strong> de conserver la premi\u00e8re place de son groupe.<\/p>\n<blockquote class=\"twitter-tweet\">\n<p dir=\"ltr\" lang=\"fr\">Pas sans lutter, les Bayonnais s\u2019inclinent contre les Irlandais \ud83d\ude14<\/p>\n<p>En lire plus \u27a1\ufe0f <a href=\"https:\/\/t.co\/74xGra6HrP\">https:\/\/t.co\/74xGra6HrP<\/a><a href=\"https:\/\/twitter.com\/hashtag\/InvestecChampionsCup?src=hash&amp;ref_src=twsrc%5Etfw\">#InvestecChampionsCup<\/a> <a href=\"https:\/\/t.co\/tHcACLvnxN\">pic.twitter.com\/tHcACLvnxN<\/a><\/p>\n<p>\u2014 Investec Champions Cup France (@ChampionsCup_FR) <a href=\"https:\/\/twitter.com\/ChampionsCup_FR\/status\/2012571714232729910?ref_src=twsrc%5Etfw\">January 17, 2026<\/a><\/p><\/blockquote>\n<p><script async src=\"https:\/\/platform.twitter.com\/widgets.js\" charset=\"utf-8\"><\/script><\/p>\n<div id=\"gtx-trans\" style=\"position: absolute; left: -14px; top: 40.9091px;\">\n<div class=\"gtx-trans-icon\"><\/div>\n<\/div>\n","protected":false},"excerpt":{"rendered":"<p>Gr\u00e2ce \u00e0 deux essais dans les cinq derni\u00e8res minutes, le Leinster est venu \u00e0 bout de Bayonne \u00e0 Jean Dauger, 22 \u00e0 13.<\/p>\n","protected":false},"author":110,"featured_media":639173,"comment_status":"open","ping_status":"closed","sticky":false,"template":"","format":"standard","meta":{"_acf_changed":false,"_daextam_enable_autolinks":"1","footnotes":""},"categories":[47051],"tags":[32415,8158,16878,2823,7057],"class_list":["post-639166","post","type-post","status-publish","format-standard","has-post-thumbnail","hentry","category-champions-cup","tag-actu","tag-aviron-bayonnais","tag-breve","tag-champions-cup","tag-leinster"],"acf":[],"yoast_head":"<!-- This site is optimized with the Yoast SEO Premium plugin v26.7 (Yoast SEO v26.7) - https:\/\/yoast.com\/wordpress\/plugins\/seo\/ -->\n<title>Cruel pour Bayonne, crucifi\u00e9 par le Leinster<\/title>\n<meta name=\"description\" content=\"CHAMPIONS CUP 2025\/2026 - Gr\u00e2ce \u00e0 deux essais dans les cinq derni\u00e8res minutes, le Leinster est venu \u00e0 bout de Bayonne \u00e0 Jean Dauger, 22 \u00e0 13.\" \/>\n<meta name=\"robots\" content=\"index, follow, max-snippet:-1, max-image-preview:large, max-video-preview:-1\" \/>\n<link rel=\"canonical\" href=\"https:\/\/dicodusport.fr\/blog\/cruel-pour-bayonne-crucifie-par-le-leinster\/\" \/>\n<meta property=\"og:locale\" content=\"fr_FR\" \/>\n<meta property=\"og:type\" content=\"article\" \/>\n<meta property=\"og:title\" content=\"Cruel pour Bayonne, crucifi\u00e9 par le Leinster\" \/>\n<meta property=\"og:description\" content=\"CHAMPIONS CUP 2025\/2026 - Gr\u00e2ce \u00e0 deux essais dans les cinq derni\u00e8res minutes, le Leinster est venu \u00e0 bout de Bayonne \u00e0 Jean Dauger, 22 \u00e0 13.\" \/>\n<meta property=\"og:url\" content=\"https:\/\/dicodusport.fr\/blog\/cruel-pour-bayonne-crucifie-par-le-leinster\/\" \/>\n<meta property=\"og:site_name\" content=\"Dicodusport\" \/>\n<meta property=\"article:publisher\" content=\"https:\/\/www.facebook.com\/dicodusport\" \/>\n<meta property=\"article:published_time\" content=\"2026-01-17T17:06:34+00:00\" \/>\n<meta property=\"article:modified_time\" content=\"2026-01-17T17:28:44+00:00\" \/>\n<meta property=\"og:image\" content=\"https:\/\/dicodusport.fr\/blog\/wp-content\/uploads\/2026\/01\/Cruel-pour-Bayonne-crucifie-par-le-Leinster.png\" \/>\n\t<meta property=\"og:image:width\" content=\"1200\" \/>\n\t<meta property=\"og:image:height\" content=\"674\" \/>\n\t<meta property=\"og:image:type\" content=\"image\/png\" \/>\n<meta name=\"author\" content=\"Malo Clement\" \/>\n<meta name=\"twitter:card\" content=\"summary_large_image\" \/>\n<meta name=\"twitter:title\" content=\"Cruel pour Bayonne, crucifi\u00e9 par le Leinster\" \/>\n<meta name=\"twitter:creator\" content=\"@dicodusport\" \/>\n<meta name=\"twitter:site\" content=\"@dicodusport\" \/>\n<script type=\"application\/ld+json\" class=\"yoast-schema-graph\">{\"@context\":\"https:\/\/schema.org\",\"@graph\":[{\"@type\":\"NewsArticle\",\"@id\":\"https:\/\/dicodusport.fr\/blog\/cruel-pour-bayonne-crucifie-par-le-leinster\/#article\",\"isPartOf\":{\"@id\":\"https:\/\/dicodusport.fr\/blog\/cruel-pour-bayonne-crucifie-par-le-leinster\/\"},\"author\":{\"name\":\"Malo Clement\",\"@id\":\"https:\/\/dicodusport.fr\/blog\/#\/schema\/person\/c28883329a45cc92814310316945b3ce\"},\"headline\":\"Cruel pour Bayonne, crucifi\u00e9 par le Leinster\",\"datePublished\":\"2026-01-17T17:06:34+00:00\",\"dateModified\":\"2026-01-17T17:28:44+00:00\",\"mainEntityOfPage\":{\"@id\":\"https:\/\/dicodusport.fr\/blog\/cruel-pour-bayonne-crucifie-par-le-leinster\/\"},\"wordCount\":900,\"commentCount\":0,\"publisher\":{\"@id\":\"https:\/\/dicodusport.fr\/blog\/#organization\"},\"image\":{\"@id\":\"https:\/\/dicodusport.fr\/blog\/cruel-pour-bayonne-crucifie-par-le-leinster\/#primaryimage\"},\"thumbnailUrl\":\"https:\/\/dicodusport.fr\/blog\/wp-content\/uploads\/2026\/01\/Cruel-pour-Bayonne-crucifie-par-le-Leinster.png\",\"keywords\":[\"actu\",\"Aviron Bayonnais\",\"br\u00e8ve\",\"Champions Cup\",\"Leinster\"],\"articleSection\":[\"Champions Cup\"],\"inLanguage\":\"fr-FR\",\"potentialAction\":[{\"@type\":\"CommentAction\",\"name\":\"Comment\",\"target\":[\"https:\/\/dicodusport.fr\/blog\/cruel-pour-bayonne-crucifie-par-le-leinster\/#respond\"]}],\"copyrightYear\":\"2026\",\"copyrightHolder\":{\"@id\":\"https:\/\/dicodusport.fr\/blog\/#organization\"}},{\"@type\":\"WebPage\",\"@id\":\"https:\/\/dicodusport.fr\/blog\/cruel-pour-bayonne-crucifie-par-le-leinster\/\",\"url\":\"https:\/\/dicodusport.fr\/blog\/cruel-pour-bayonne-crucifie-par-le-leinster\/\",\"name\":\"Cruel pour Bayonne, crucifi\u00e9 par le Leinster\",\"isPartOf\":{\"@id\":\"https:\/\/dicodusport.fr\/blog\/#website\"},\"primaryImageOfPage\":{\"@id\":\"https:\/\/dicodusport.fr\/blog\/cruel-pour-bayonne-crucifie-par-le-leinster\/#primaryimage\"},\"image\":{\"@id\":\"https:\/\/dicodusport.fr\/blog\/cruel-pour-bayonne-crucifie-par-le-leinster\/#primaryimage\"},\"thumbnailUrl\":\"https:\/\/dicodusport.fr\/blog\/wp-content\/uploads\/2026\/01\/Cruel-pour-Bayonne-crucifie-par-le-Leinster.png\",\"datePublished\":\"2026-01-17T17:06:34+00:00\",\"dateModified\":\"2026-01-17T17:28:44+00:00\",\"description\":\"CHAMPIONS CUP 2025\/2026 - Gr\u00e2ce \u00e0 deux essais dans les cinq derni\u00e8res minutes, le Leinster est venu \u00e0 bout de Bayonne \u00e0 Jean Dauger, 22 \u00e0 13.\",\"breadcrumb\":{\"@id\":\"https:\/\/dicodusport.fr\/blog\/cruel-pour-bayonne-crucifie-par-le-leinster\/#breadcrumb\"},\"inLanguage\":\"fr-FR\",\"potentialAction\":[{\"@type\":\"ReadAction\",\"target\":[\"https:\/\/dicodusport.fr\/blog\/cruel-pour-bayonne-crucifie-par-le-leinster\/\"]}]},{\"@type\":\"ImageObject\",\"inLanguage\":\"fr-FR\",\"@id\":\"https:\/\/dicodusport.fr\/blog\/cruel-pour-bayonne-crucifie-par-le-leinster\/#primaryimage\",\"url\":\"https:\/\/dicodusport.fr\/blog\/wp-content\/uploads\/2026\/01\/Cruel-pour-Bayonne-crucifie-par-le-Leinster.png\",\"contentUrl\":\"https:\/\/dicodusport.fr\/blog\/wp-content\/uploads\/2026\/01\/Cruel-pour-Bayonne-crucifie-par-le-Leinster.png\",\"width\":1200,\"height\":674,\"caption\":\"Cruel pour Bayonne, crucifi\u00e9 par le Leinster\"},{\"@type\":\"BreadcrumbList\",\"@id\":\"https:\/\/dicodusport.fr\/blog\/cruel-pour-bayonne-crucifie-par-le-leinster\/#breadcrumb\",\"itemListElement\":[{\"@type\":\"ListItem\",\"position\":1,\"name\":\"Accueil\",\"item\":\"https:\/\/dicodusport.fr\/blog\/\"},{\"@type\":\"ListItem\",\"position\":2,\"name\":\"Cruel pour Bayonne, crucifi\u00e9 par le Leinster\"}]},{\"@type\":\"WebSite\",\"@id\":\"https:\/\/dicodusport.fr\/blog\/#website\",\"url\":\"https:\/\/dicodusport.fr\/blog\/\",\"name\":\"Dicodusport\",\"description\":\"L&#039;encyclop\u00e9die de l&#039;actualit\u00e9 sportive\",\"publisher\":{\"@id\":\"https:\/\/dicodusport.fr\/blog\/#organization\"},\"potentialAction\":[{\"@type\":\"SearchAction\",\"target\":{\"@type\":\"EntryPoint\",\"urlTemplate\":\"https:\/\/dicodusport.fr\/blog\/?s={search_term_string}\"},\"query-input\":{\"@type\":\"PropertyValueSpecification\",\"valueRequired\":true,\"valueName\":\"search_term_string\"}}],\"inLanguage\":\"fr-FR\"},{\"@type\":\"NewsMediaOrganization\",\"@id\":\"https:\/\/dicodusport.fr\/blog\/#organization\",\"name\":\"Dicodusport\",\"url\":\"https:\/\/dicodusport.fr\/blog\/\",\"logo\":{\"@type\":\"ImageObject\",\"inLanguage\":\"fr-FR\",\"@id\":\"https:\/\/dicodusport.fr\/blog\/#\/schema\/logo\/image\/\",\"url\":\"https:\/\/dicodusport.fr\/blog\/wp-content\/uploads\/2020\/06\/cropped-LOGO-DICODUSPORT-2020-SANS-FOND-SANS-TEXTE.png\",\"contentUrl\":\"https:\/\/dicodusport.fr\/blog\/wp-content\/uploads\/2020\/06\/cropped-LOGO-DICODUSPORT-2020-SANS-FOND-SANS-TEXTE.png\",\"width\":512,\"height\":512,\"caption\":\"Dicodusport\"},\"image\":{\"@id\":\"https:\/\/dicodusport.fr\/blog\/#\/schema\/logo\/image\/\"},\"sameAs\":[\"https:\/\/www.facebook.com\/dicodusport\",\"https:\/\/x.com\/dicodusport\",\"https:\/\/www.instagram.com\/dicodusport\/\",\"https:\/\/www.youtube.com\/channel\/UC7V2KZ5sd3htJivAbA4ZG3w\"],\"description\":\"Dicodusport est l'encyclop\u00e9die de l'actualit\u00e9 sportive.\",\"email\":\"bonjour@dicodusport.fr\",\"legalName\":\"DICODUSPORT\",\"foundingDate\":\"2018-01-14\",\"vatID\":\"FR71834470973\",\"taxID\":\"83447097300043\",\"numberOfEmployees\":{\"@type\":\"QuantitativeValue\",\"minValue\":\"1\",\"maxValue\":\"10\"}},{\"@type\":\"Person\",\"@id\":\"https:\/\/dicodusport.fr\/blog\/#\/schema\/person\/c28883329a45cc92814310316945b3ce\",\"name\":\"Malo Clement\",\"image\":{\"@type\":\"ImageObject\",\"inLanguage\":\"fr-FR\",\"@id\":\"https:\/\/dicodusport.fr\/blog\/#\/schema\/person\/image\/\",\"url\":\"https:\/\/dicodusport.fr\/blog\/wp-content\/uploads\/2025\/02\/Maillot-Dicodusport-Malo-150x150.png\",\"contentUrl\":\"https:\/\/dicodusport.fr\/blog\/wp-content\/uploads\/2025\/02\/Maillot-Dicodusport-Malo-150x150.png\",\"caption\":\"Malo Clement\"},\"description\":\"Fan de sport depuis mes 10 ans, mes premiers souvenirs de stade sont le Racing M\u00e9tro 92 \u00e0 Yves du Manoir, le XV de France et le PSG de Nen\u00ea. Celui d\u2019Ibra, Lucas, Cavani et Verratti m\u2019ont d\u00e9finitivement emport\u00e9 dans le football, au d\u00e9sarroi de ma famille. Entre les finales perdues de Champions Cup et les m\u00e9saventures en Ligue des Champions, j\u2019ai eu le nez fin. Au-del\u00e0 de mes clubs franciliens, je m\u2019int\u00e9resse au sport en g\u00e9n\u00e9ral et principalement \u00e0 la d\u00e9couverte de jeunes sportifs. Cela a commenc\u00e9 par Football Manager et j'ai repris \u00e7a avec les sports automobiles. Depuis 2020, mes dimanches apr\u00e8s-midi sont occup\u00e9s par Julien F\u00e9breau et la Formule 1. L\u2019endurance, la F2, la F3 et les autres championnats compl\u00e8tent mes week-ends. J\u2019ai rejoint Dicodusport en novembre 2024 et je suis ravi d\u2019\u00eatre le cadet de la r\u00e9daction.\",\"url\":\"https:\/\/dicodusport.fr\/blog\/author\/clement-malo\/\"}]}<\/script>\n<!-- \/ Yoast SEO Premium plugin. -->","yoast_head_json":{"title":"Cruel pour Bayonne, crucifi\u00e9 par le Leinster","description":"CHAMPIONS CUP 2025\/2026 - Gr\u00e2ce \u00e0 deux essais dans les cinq derni\u00e8res minutes, le Leinster est venu \u00e0 bout de Bayonne \u00e0 Jean Dauger, 22 \u00e0 13.","robots":{"index":"index","follow":"follow","max-snippet":"max-snippet:-1","max-image-preview":"max-image-preview:large","max-video-preview":"max-video-preview:-1"},"canonical":"https:\/\/dicodusport.fr\/blog\/cruel-pour-bayonne-crucifie-par-le-leinster\/","og_locale":"fr_FR","og_type":"article","og_title":"Cruel pour Bayonne, crucifi\u00e9 par le Leinster","og_description":"CHAMPIONS CUP 2025\/2026 - Gr\u00e2ce \u00e0 deux essais dans les cinq derni\u00e8res minutes, le Leinster est venu \u00e0 bout de Bayonne \u00e0 Jean Dauger, 22 \u00e0 13.","og_url":"https:\/\/dicodusport.fr\/blog\/cruel-pour-bayonne-crucifie-par-le-leinster\/","og_site_name":"Dicodusport","article_publisher":"https:\/\/www.facebook.com\/dicodusport","article_published_time":"2026-01-17T17:06:34+00:00","article_modified_time":"2026-01-17T17:28:44+00:00","og_image":[{"width":1200,"height":674,"url":"https:\/\/dicodusport.fr\/blog\/wp-content\/uploads\/2026\/01\/Cruel-pour-Bayonne-crucifie-par-le-Leinster.png","type":"image\/png"}],"author":"Malo Clement","twitter_card":"summary_large_image","twitter_title":"Cruel pour Bayonne, crucifi\u00e9 par le Leinster","twitter_creator":"@dicodusport","twitter_site":"@dicodusport","schema":{"@context":"https:\/\/schema.org","@graph":[{"@type":"NewsArticle","@id":"https:\/\/dicodusport.fr\/blog\/cruel-pour-bayonne-crucifie-par-le-leinster\/#article","isPartOf":{"@id":"https:\/\/dicodusport.fr\/blog\/cruel-pour-bayonne-crucifie-par-le-leinster\/"},"author":{"name":"Malo Clement","@id":"https:\/\/dicodusport.fr\/blog\/#\/schema\/person\/c28883329a45cc92814310316945b3ce"},"headline":"Cruel pour Bayonne, crucifi\u00e9 par le Leinster","datePublished":"2026-01-17T17:06:34+00:00","dateModified":"2026-01-17T17:28:44+00:00","mainEntityOfPage":{"@id":"https:\/\/dicodusport.fr\/blog\/cruel-pour-bayonne-crucifie-par-le-leinster\/"},"wordCount":900,"commentCount":0,"publisher":{"@id":"https:\/\/dicodusport.fr\/blog\/#organization"},"image":{"@id":"https:\/\/dicodusport.fr\/blog\/cruel-pour-bayonne-crucifie-par-le-leinster\/#primaryimage"},"thumbnailUrl":"https:\/\/dicodusport.fr\/blog\/wp-content\/uploads\/2026\/01\/Cruel-pour-Bayonne-crucifie-par-le-Leinster.png","keywords":["actu","Aviron Bayonnais","br\u00e8ve","Champions Cup","Leinster"],"articleSection":["Champions Cup"],"inLanguage":"fr-FR","potentialAction":[{"@type":"CommentAction","name":"Comment","target":["https:\/\/dicodusport.fr\/blog\/cruel-pour-bayonne-crucifie-par-le-leinster\/#respond"]}],"copyrightYear":"2026","copyrightHolder":{"@id":"https:\/\/dicodusport.fr\/blog\/#organization"}},{"@type":"WebPage","@id":"https:\/\/dicodusport.fr\/blog\/cruel-pour-bayonne-crucifie-par-le-leinster\/","url":"https:\/\/dicodusport.fr\/blog\/cruel-pour-bayonne-crucifie-par-le-leinster\/","name":"Cruel pour Bayonne, crucifi\u00e9 par le Leinster","isPartOf":{"@id":"https:\/\/dicodusport.fr\/blog\/#website"},"primaryImageOfPage":{"@id":"https:\/\/dicodusport.fr\/blog\/cruel-pour-bayonne-crucifie-par-le-leinster\/#primaryimage"},"image":{"@id":"https:\/\/dicodusport.fr\/blog\/cruel-pour-bayonne-crucifie-par-le-leinster\/#primaryimage"},"thumbnailUrl":"https:\/\/dicodusport.fr\/blog\/wp-content\/uploads\/2026\/01\/Cruel-pour-Bayonne-crucifie-par-le-Leinster.png","datePublished":"2026-01-17T17:06:34+00:00","dateModified":"2026-01-17T17:28:44+00:00","description":"CHAMPIONS CUP 2025\/2026 - Gr\u00e2ce \u00e0 deux essais dans les cinq derni\u00e8res minutes, le Leinster est venu \u00e0 bout de Bayonne \u00e0 Jean Dauger, 22 \u00e0 13.","breadcrumb":{"@id":"https:\/\/dicodusport.fr\/blog\/cruel-pour-bayonne-crucifie-par-le-leinster\/#breadcrumb"},"inLanguage":"fr-FR","potentialAction":[{"@type":"ReadAction","target":["https:\/\/dicodusport.fr\/blog\/cruel-pour-bayonne-crucifie-par-le-leinster\/"]}]},{"@type":"ImageObject","inLanguage":"fr-FR","@id":"https:\/\/dicodusport.fr\/blog\/cruel-pour-bayonne-crucifie-par-le-leinster\/#primaryimage","url":"https:\/\/dicodusport.fr\/blog\/wp-content\/uploads\/2026\/01\/Cruel-pour-Bayonne-crucifie-par-le-Leinster.png","contentUrl":"https:\/\/dicodusport.fr\/blog\/wp-content\/uploads\/2026\/01\/Cruel-pour-Bayonne-crucifie-par-le-Leinster.png","width":1200,"height":674,"caption":"Cruel pour Bayonne, crucifi\u00e9 par le Leinster"},{"@type":"BreadcrumbList","@id":"https:\/\/dicodusport.fr\/blog\/cruel-pour-bayonne-crucifie-par-le-leinster\/#breadcrumb","itemListElement":[{"@type":"ListItem","position":1,"name":"Accueil","item":"https:\/\/dicodusport.fr\/blog\/"},{"@type":"ListItem","position":2,"name":"Cruel pour Bayonne, crucifi\u00e9 par le Leinster"}]},{"@type":"WebSite","@id":"https:\/\/dicodusport.fr\/blog\/#website","url":"https:\/\/dicodusport.fr\/blog\/","name":"Dicodusport","description":"L&#039;encyclop\u00e9die de l&#039;actualit\u00e9 sportive","publisher":{"@id":"https:\/\/dicodusport.fr\/blog\/#organization"},"potentialAction":[{"@type":"SearchAction","target":{"@type":"EntryPoint","urlTemplate":"https:\/\/dicodusport.fr\/blog\/?s={search_term_string}"},"query-input":{"@type":"PropertyValueSpecification","valueRequired":true,"valueName":"search_term_string"}}],"inLanguage":"fr-FR"},{"@type":"NewsMediaOrganization","@id":"https:\/\/dicodusport.fr\/blog\/#organization","name":"Dicodusport","url":"https:\/\/dicodusport.fr\/blog\/","logo":{"@type":"ImageObject","inLanguage":"fr-FR","@id":"https:\/\/dicodusport.fr\/blog\/#\/schema\/logo\/image\/","url":"https:\/\/dicodusport.fr\/blog\/wp-content\/uploads\/2020\/06\/cropped-LOGO-DICODUSPORT-2020-SANS-FOND-SANS-TEXTE.png","contentUrl":"https:\/\/dicodusport.fr\/blog\/wp-content\/uploads\/2020\/06\/cropped-LOGO-DICODUSPORT-2020-SANS-FOND-SANS-TEXTE.png","width":512,"height":512,"caption":"Dicodusport"},"image":{"@id":"https:\/\/dicodusport.fr\/blog\/#\/schema\/logo\/image\/"},"sameAs":["https:\/\/www.facebook.com\/dicodusport","https:\/\/x.com\/dicodusport","https:\/\/www.instagram.com\/dicodusport\/","https:\/\/www.youtube.com\/channel\/UC7V2KZ5sd3htJivAbA4ZG3w"],"description":"Dicodusport est l'encyclop\u00e9die de l'actualit\u00e9 sportive.","email":"bonjour@dicodusport.fr","legalName":"DICODUSPORT","foundingDate":"2018-01-14","vatID":"FR71834470973","taxID":"83447097300043","numberOfEmployees":{"@type":"QuantitativeValue","minValue":"1","maxValue":"10"}},{"@type":"Person","@id":"https:\/\/dicodusport.fr\/blog\/#\/schema\/person\/c28883329a45cc92814310316945b3ce","name":"Malo Clement","image":{"@type":"ImageObject","inLanguage":"fr-FR","@id":"https:\/\/dicodusport.fr\/blog\/#\/schema\/person\/image\/","url":"https:\/\/dicodusport.fr\/blog\/wp-content\/uploads\/2025\/02\/Maillot-Dicodusport-Malo-150x150.png","contentUrl":"https:\/\/dicodusport.fr\/blog\/wp-content\/uploads\/2025\/02\/Maillot-Dicodusport-Malo-150x150.png","caption":"Malo Clement"},"description":"Fan de sport depuis mes 10 ans, mes premiers souvenirs de stade sont le Racing M\u00e9tro 92 \u00e0 Yves du Manoir, le XV de France et le PSG de Nen\u00ea. Celui d\u2019Ibra, Lucas, Cavani et Verratti m\u2019ont d\u00e9finitivement emport\u00e9 dans le football, au d\u00e9sarroi de ma famille. Entre les finales perdues de Champions Cup et les m\u00e9saventures en Ligue des Champions, j\u2019ai eu le nez fin. Au-del\u00e0 de mes clubs franciliens, je m\u2019int\u00e9resse au sport en g\u00e9n\u00e9ral et principalement \u00e0 la d\u00e9couverte de jeunes sportifs. Cela a commenc\u00e9 par Football Manager et j'ai repris \u00e7a avec les sports automobiles. Depuis 2020, mes dimanches apr\u00e8s-midi sont occup\u00e9s par Julien F\u00e9breau et la Formule 1. L\u2019endurance, la F2, la F3 et les autres championnats compl\u00e8tent mes week-ends. J\u2019ai rejoint Dicodusport en novembre 2024 et je suis ravi d\u2019\u00eatre le cadet de la r\u00e9daction.","url":"https:\/\/dicodusport.fr\/blog\/author\/clement-malo\/"}]}},"_links":{"self":[{"href":"https:\/\/dicodusport.fr\/blog\/wp-json\/wp\/v2\/posts\/639166","targetHints":{"allow":["GET"]}}],"collection":[{"href":"https:\/\/dicodusport.fr\/blog\/wp-json\/wp\/v2\/posts"}],"about":[{"href":"https:\/\/dicodusport.fr\/blog\/wp-json\/wp\/v2\/types\/post"}],"author":[{"embeddable":true,"href":"https:\/\/dicodusport.fr\/blog\/wp-json\/wp\/v2\/users\/110"}],"replies":[{"embeddable":true,"href":"https:\/\/dicodusport.fr\/blog\/wp-json\/wp\/v2\/comments?post=639166"}],"version-history":[{"count":5,"href":"https:\/\/dicodusport.fr\/blog\/wp-json\/wp\/v2\/posts\/639166\/revisions"}],"predecessor-version":[{"id":639187,"href":"https:\/\/dicodusport.fr\/blog\/wp-json\/wp\/v2\/posts\/639166\/revisions\/639187"}],"wp:featuredmedia":[{"embeddable":true,"href":"https:\/\/dicodusport.fr\/blog\/wp-json\/wp\/v2\/media\/639173"}],"wp:attachment":[{"href":"https:\/\/dicodusport.fr\/blog\/wp-json\/wp\/v2\/media?parent=639166"}],"wp:term":[{"taxonomy":"category","embeddable":true,"href":"https:\/\/dicodusport.fr\/blog\/wp-json\/wp\/v2\/categories?post=639166"},{"taxonomy":"post_tag","embeddable":true,"href":"https:\/\/dicodusport.fr\/blog\/wp-json\/wp\/v2\/tags?post=639166"}],"curies":[{"name":"wp","href":"https:\/\/api.w.org\/{rel}","templated":true}]}}