{"id":639438,"date":"2026-01-18T14:37:59","date_gmt":"2026-01-18T13:37:59","guid":{"rendered":"https:\/\/dicodusport.fr\/blog\/?p=639438&#038;preview=true&#038;preview_id=639438"},"modified":"2026-01-18T16:06:59","modified_gmt":"2026-01-18T15:06:59","slug":"nouveau-podium-en-coupe-du-monde-pour-amandine-fouquenet-a-benidorm-lintouchable-lucinda-brand-rafle-la-victoire-et-le-general","status":"publish","type":"post","link":"https:\/\/dicodusport.fr\/blog\/nouveau-podium-en-coupe-du-monde-pour-amandine-fouquenet-a-benidorm-lintouchable-lucinda-brand-rafle-la-victoire-et-le-general\/","title":{"rendered":"Nouveau podium en Coupe du monde pour Amandine Fouquenet \u00e0 Benidorm, l&rsquo;intouchable Lucinda Brand rafle la victoire et le g\u00e9n\u00e9ral"},"content":{"rendered":"<p style=\"text-align: justify;\"><strong><em>COUPE DU MONDE DE CYCLO-CROSS \u2013 Amandine Fouquenet prend la troisi\u00e8me place et signe un nouveau podium juste devant C\u00e9lia G\u00e9ry. La victoire est pour Lucinda Brand, qui remporte le classement g\u00e9n\u00e9ral.<\/em><\/strong><\/p>\n<ul style=\"text-align: justify;\">\n<li><strong>\u00c0 ce sujet &#8211; <a href=\"https:\/\/dicodusport.fr\/blog\/cyclo-cross-coupe-du-monde-2025-2026-calendrier-complet-dates-et-horaires\/\">Cyclo-cross Coupe du monde 2025-2026 \u2013 Calendrier complet, dates et horaires<\/a><\/strong><\/li>\n<\/ul>\n<p style=\"text-align: justify;\">Tout d&rsquo;abord, le premier tour a permis un premier \u00e9cr\u00e9mage. Apr\u00e8s quelques ralentissements sans incidence au d\u00e9part, <strong>Amandine Fouquenet<\/strong> (Pauwels Sauzen &#8211; Alltez Industriebouw Cycling Team) a pris les commandes et impos\u00e9 un tempo sur la partie bitum\u00e9e, puis dans le sable de Benidorm. Un tempo fatal d\u00e9j\u00e0 \u00e0 <strong>Aniek van Alphen<\/strong> (Seven Racing), rapidement en difficult\u00e9, ainsi qu&rsquo;\u00e0 <strong>Zoe B\u00e4ckstedt<\/strong> et <strong>Marie Schreiber<\/strong>. <strong>Ceylin del Carmen Alvarado<\/strong> (Alpecin &#8211; Deceuninck) s&rsquo;est mis en mode diesel, mais ne l\u00e2chait pas totalement.<\/p>\n<p style=\"text-align: justify;\">\u00c0 la fin du second tour, il restait encore pas mal de concurrentes en lice pour la gagne dans le sillage de <strong>Fouquenet<\/strong> et de<strong> Lucinda Brand<\/strong> (Baloise Verzekeringen), leader de la coupe du monde. <strong>Blanka Vas<\/strong>, <strong>Shirin van Anrooij<\/strong>, <strong>Kristyna Zemanova<\/strong> et surtout notre toute jeune championne de France <strong>C\u00e9lia G\u00e9ry<\/strong> \u00e9taient encore dans le coup pour la gagne sur le sable espagnol, tout comme <strong>Alvarado.<\/strong><\/p>\n<h2 style=\"text-align: justify;\">Brand force encore la d\u00e9cision, les Fran\u00e7aises en embuscade<\/h2>\n<p style=\"text-align: justify;\">Ensuite, lors du quatri\u00e8me tour,<strong> Lucinda Brand<\/strong> a fini par s&rsquo;envoler, comme d&rsquo;habitude. Tout en laissant les deux Fran\u00e7aises qui avaient un temps r\u00e9ussi \u00e0 la suivre sur le carreau. <strong>Alvarado<\/strong> a ensuite rattrap\u00e9 <strong>Fouquenet<\/strong> et <strong>G\u00e9ry<\/strong> pour disputer les places sur le podium. \u00c0 distance respectable de <strong>Lucinda Brand,<\/strong> toujours largement au-dessus, la bataille a fait rage entre les trois concurrentes.<\/p>\n<ul style=\"text-align: justify;\">\n<li><strong>\u00c0 ce sujet &#8211;\u00a0<a href=\"https:\/\/dicodusport.fr\/blog\/cyclo-cross-benidorm-2026-classement-et-resultats-course-femmes\/\">Cyclo-cross Benidorm 2026 : Classement et r\u00e9sultats course femmes<\/a><\/strong><\/li>\n<\/ul>\n<p style=\"text-align: justify;\">\u00a0Il a fallu attendre la derni\u00e8re portion technique en d\u00e9vers, cette m\u00eame portion o\u00f9 elle s&rsquo;\u00e9tait rat\u00e9e tant\u00f4t, pour voir <strong>Ceylin del Carmen Alvarado<\/strong> s&#8217;emparer d\u00e9finitivement de la place de dauphine. <strong>Amandine Fouquenet<\/strong> s&rsquo;adjugeait la troisi\u00e8me place, de peu devant la championne de France qui signait son meilleur r\u00e9sultat en carri\u00e8re en Coupe du monde. C&rsquo;est le cinqui\u00e8me podium de la saison pour la Bretonne qui a d\u00e9finitivement chang\u00e9 de dimension.<\/p>\n<p style=\"text-align: justify;\"><strong>Lucinda Brand<\/strong>, quant \u00e0 elle, signait sa huiti\u00e8me victoire en neuf cross de Coupe du monde. Une h\u00e9g\u00e9monie totale sur la discipline. Sans concurrence, elle s&rsquo;assure math\u00e9matiquement le classement g\u00e9n\u00e9ral au passage.<\/p>\n<blockquote class=\"twitter-tweet\">\n<p dir=\"ltr\" lang=\"fr\">Lucinda Brand s&rsquo;impose \u00e0 Benidorm et s&rsquo;assure la victoire finale en <a href=\"https:\/\/twitter.com\/hashtag\/CXWorldCup?src=hash&amp;ref_src=twsrc%5Etfw\">#CXWorldCup<\/a> avant les 2 derni\u00e8res manches ! La N\u00e9erlandaise (36 ans) va \u00eatre la 1re \u00e0 gagner 4 fois le g\u00e9n\u00e9ral.<\/p>\n<p>Ceylin Alvarado est 2e devant les Fran\u00e7aises Amandine Fouquenet et C\u00e9lia Gery (20 ans). <a href=\"https:\/\/t.co\/1FBbXCzhts\">pic.twitter.com\/1FBbXCzhts<\/a><\/p>\n<p>\u2014 Le Gruppetto (@LeGruppetto) <a href=\"https:\/\/twitter.com\/LeGruppetto\/status\/2012881048376316082?ref_src=twsrc%5Etfw\">January 18, 2026<\/a><\/p><\/blockquote>\n<p style=\"text-align: justify;\"><script async src=\"https:\/\/platform.twitter.com\/widgets.js\" charset=\"utf-8\"><\/script><\/p>\n<ul style=\"text-align: justify;\">\n<li style=\"text-align: justify;\"><strong>\u00c0 ce sujet &#8211;\u00a0<a href=\"https:\/\/dicodusport.fr\/blog\/classement-general-mis-a-jour-de-la-coupe-du-monde-cyclo-cross-femmes-2025-2026\/\">Classement g\u00e9n\u00e9ral mis \u00e0 jour de la Coupe du monde de cyclo-cross femmes 2025-2026<\/a><\/strong><\/li>\n<\/ul>\n","protected":false},"excerpt":{"rendered":"<p>COUPE DU MONDE DE CYCLO-CROSS \u2013 Amandine Fouquenet prend la troisi\u00e8me place et signe un nouveau podium juste devant C\u00e9lia G\u00e9ry. La victoire est pour Lucinda Brand, qui remporte le classement g\u00e9n\u00e9ral.<\/p>\n","protected":false},"author":92,"featured_media":639535,"comment_status":"open","ping_status":"closed","sticky":false,"template":"","format":"standard","meta":{"_acf_changed":false,"_daextam_enable_autolinks":"1","footnotes":""},"categories":[9611],"tags":[16878,20902,6666],"class_list":["post-639438","post","type-post","status-publish","format-standard","has-post-thumbnail","hentry","category-cyclo-cross","tag-breve","tag-coupe-du-monde-de-cyclo-cross","tag-cyclo-cross"],"acf":[],"yoast_head":"<!-- This site is optimized with the Yoast SEO Premium plugin v26.7 (Yoast SEO v26.7) - https:\/\/yoast.com\/wordpress\/plugins\/seo\/ -->\n<title>Nouveau podium en Coupe du monde pour Amandine Fouquenet \u00e0 Benidorm, l&#039;intouchable Lucinda Brand rafle la victoire et le g\u00e9n\u00e9ral<\/title>\n<meta name=\"description\" content=\"COUPE DU MONDE DE CYCLO-CROSS \u2013 Amandine Fouquenet prend la troisi\u00e8me place et signe un nouveau podium juste devant C\u00e9lia G\u00e9ry. La victoire est pour Lucinda Brand, qui remporte le classement g\u00e9n\u00e9ral.\" \/>\n<meta name=\"robots\" content=\"index, follow, max-snippet:-1, max-image-preview:large, max-video-preview:-1\" \/>\n<link rel=\"canonical\" href=\"https:\/\/dicodusport.fr\/blog\/nouveau-podium-en-coupe-du-monde-pour-amandine-fouquenet-a-benidorm-lintouchable-lucinda-brand-rafle-la-victoire-et-le-general\/\" \/>\n<meta property=\"og:locale\" content=\"fr_FR\" \/>\n<meta property=\"og:type\" content=\"article\" \/>\n<meta property=\"og:title\" content=\"Nouveau podium en Coupe du monde pour Amandine Fouquenet \u00e0 Benidorm, l&#039;intouchable Lucinda Brand rafle la victoire et le g\u00e9n\u00e9ral\" \/>\n<meta property=\"og:description\" content=\"COUPE DU MONDE DE CYCLO-CROSS \u2013 Amandine Fouquenet prend la troisi\u00e8me place et signe un nouveau podium juste devant C\u00e9lia G\u00e9ry. La victoire est pour Lucinda Brand, qui remporte le classement g\u00e9n\u00e9ral.\" \/>\n<meta property=\"og:url\" content=\"https:\/\/dicodusport.fr\/blog\/nouveau-podium-en-coupe-du-monde-pour-amandine-fouquenet-a-benidorm-lintouchable-lucinda-brand-rafle-la-victoire-et-le-general\/\" \/>\n<meta property=\"og:site_name\" content=\"Dicodusport\" \/>\n<meta property=\"article:publisher\" content=\"https:\/\/www.facebook.com\/dicodusport\" \/>\n<meta property=\"article:published_time\" content=\"2026-01-18T13:37:59+00:00\" \/>\n<meta property=\"article:modified_time\" content=\"2026-01-18T15:06:59+00:00\" \/>\n<meta property=\"og:image\" content=\"https:\/\/dicodusport.fr\/blog\/wp-content\/uploads\/2026\/01\/Nouveau-podium-en-Coupe-du-monde-pour-Amandine-Fouquenet-a-Benidorm-lintouchable-Lucinda-Brand-rafle-la-victoire-et-le-general-1.png\" \/>\n\t<meta property=\"og:image:width\" content=\"1200\" \/>\n\t<meta property=\"og:image:height\" content=\"674\" \/>\n\t<meta property=\"og:image:type\" content=\"image\/png\" \/>\n<meta name=\"author\" content=\"Olivier Dobiezynski\" \/>\n<meta name=\"twitter:card\" content=\"summary_large_image\" \/>\n<meta name=\"twitter:title\" content=\"Nouveau podium en Coupe du monde pour Amandine Fouquenet \u00e0 Benidorm, l&#039;intouchable Lucinda Brand rafle la victoire et le g\u00e9n\u00e9ral\" \/>\n<meta name=\"twitter:creator\" content=\"@https:\/\/x.com\/Olivier_Matros\" \/>\n<meta name=\"twitter:site\" content=\"@dicodusport\" \/>\n<script type=\"application\/ld+json\" class=\"yoast-schema-graph\">{\"@context\":\"https:\/\/schema.org\",\"@graph\":[{\"@type\":\"NewsArticle\",\"@id\":\"https:\/\/dicodusport.fr\/blog\/nouveau-podium-en-coupe-du-monde-pour-amandine-fouquenet-a-benidorm-lintouchable-lucinda-brand-rafle-la-victoire-et-le-general\/#article\",\"isPartOf\":{\"@id\":\"https:\/\/dicodusport.fr\/blog\/nouveau-podium-en-coupe-du-monde-pour-amandine-fouquenet-a-benidorm-lintouchable-lucinda-brand-rafle-la-victoire-et-le-general\/\"},\"author\":{\"name\":\"Olivier Dobiezynski\",\"@id\":\"https:\/\/dicodusport.fr\/blog\/#\/schema\/person\/fe500246414ca17ddf0c0312d7a792cc\"},\"headline\":\"Nouveau podium en Coupe du monde pour Amandine Fouquenet \u00e0 Benidorm, l&rsquo;intouchable Lucinda Brand rafle la victoire et le g\u00e9n\u00e9ral\",\"datePublished\":\"2026-01-18T13:37:59+00:00\",\"dateModified\":\"2026-01-18T15:06:59+00:00\",\"mainEntityOfPage\":{\"@id\":\"https:\/\/dicodusport.fr\/blog\/nouveau-podium-en-coupe-du-monde-pour-amandine-fouquenet-a-benidorm-lintouchable-lucinda-brand-rafle-la-victoire-et-le-general\/\"},\"wordCount\":513,\"commentCount\":0,\"publisher\":{\"@id\":\"https:\/\/dicodusport.fr\/blog\/#organization\"},\"image\":{\"@id\":\"https:\/\/dicodusport.fr\/blog\/nouveau-podium-en-coupe-du-monde-pour-amandine-fouquenet-a-benidorm-lintouchable-lucinda-brand-rafle-la-victoire-et-le-general\/#primaryimage\"},\"thumbnailUrl\":\"https:\/\/dicodusport.fr\/blog\/wp-content\/uploads\/2026\/01\/Nouveau-podium-en-Coupe-du-monde-pour-Amandine-Fouquenet-a-Benidorm-lintouchable-Lucinda-Brand-rafle-la-victoire-et-le-general-1.png\",\"keywords\":[\"br\u00e8ve\",\"Coupe du monde de cyclo-cross\",\"Cyclo-cross\"],\"articleSection\":[\"Cyclo-cross\"],\"inLanguage\":\"fr-FR\",\"potentialAction\":[{\"@type\":\"CommentAction\",\"name\":\"Comment\",\"target\":[\"https:\/\/dicodusport.fr\/blog\/nouveau-podium-en-coupe-du-monde-pour-amandine-fouquenet-a-benidorm-lintouchable-lucinda-brand-rafle-la-victoire-et-le-general\/#respond\"]}],\"copyrightYear\":\"2026\",\"copyrightHolder\":{\"@id\":\"https:\/\/dicodusport.fr\/blog\/#organization\"}},{\"@type\":\"WebPage\",\"@id\":\"https:\/\/dicodusport.fr\/blog\/nouveau-podium-en-coupe-du-monde-pour-amandine-fouquenet-a-benidorm-lintouchable-lucinda-brand-rafle-la-victoire-et-le-general\/\",\"url\":\"https:\/\/dicodusport.fr\/blog\/nouveau-podium-en-coupe-du-monde-pour-amandine-fouquenet-a-benidorm-lintouchable-lucinda-brand-rafle-la-victoire-et-le-general\/\",\"name\":\"Nouveau podium en Coupe du monde pour Amandine Fouquenet \u00e0 Benidorm, l'intouchable Lucinda Brand rafle la victoire et le g\u00e9n\u00e9ral\",\"isPartOf\":{\"@id\":\"https:\/\/dicodusport.fr\/blog\/#website\"},\"primaryImageOfPage\":{\"@id\":\"https:\/\/dicodusport.fr\/blog\/nouveau-podium-en-coupe-du-monde-pour-amandine-fouquenet-a-benidorm-lintouchable-lucinda-brand-rafle-la-victoire-et-le-general\/#primaryimage\"},\"image\":{\"@id\":\"https:\/\/dicodusport.fr\/blog\/nouveau-podium-en-coupe-du-monde-pour-amandine-fouquenet-a-benidorm-lintouchable-lucinda-brand-rafle-la-victoire-et-le-general\/#primaryimage\"},\"thumbnailUrl\":\"https:\/\/dicodusport.fr\/blog\/wp-content\/uploads\/2026\/01\/Nouveau-podium-en-Coupe-du-monde-pour-Amandine-Fouquenet-a-Benidorm-lintouchable-Lucinda-Brand-rafle-la-victoire-et-le-general-1.png\",\"datePublished\":\"2026-01-18T13:37:59+00:00\",\"dateModified\":\"2026-01-18T15:06:59+00:00\",\"description\":\"COUPE DU MONDE DE CYCLO-CROSS \u2013 Amandine Fouquenet prend la troisi\u00e8me place et signe un nouveau podium juste devant C\u00e9lia G\u00e9ry. La victoire est pour Lucinda Brand, qui remporte le classement g\u00e9n\u00e9ral.\",\"breadcrumb\":{\"@id\":\"https:\/\/dicodusport.fr\/blog\/nouveau-podium-en-coupe-du-monde-pour-amandine-fouquenet-a-benidorm-lintouchable-lucinda-brand-rafle-la-victoire-et-le-general\/#breadcrumb\"},\"inLanguage\":\"fr-FR\",\"potentialAction\":[{\"@type\":\"ReadAction\",\"target\":[\"https:\/\/dicodusport.fr\/blog\/nouveau-podium-en-coupe-du-monde-pour-amandine-fouquenet-a-benidorm-lintouchable-lucinda-brand-rafle-la-victoire-et-le-general\/\"]}]},{\"@type\":\"ImageObject\",\"inLanguage\":\"fr-FR\",\"@id\":\"https:\/\/dicodusport.fr\/blog\/nouveau-podium-en-coupe-du-monde-pour-amandine-fouquenet-a-benidorm-lintouchable-lucinda-brand-rafle-la-victoire-et-le-general\/#primaryimage\",\"url\":\"https:\/\/dicodusport.fr\/blog\/wp-content\/uploads\/2026\/01\/Nouveau-podium-en-Coupe-du-monde-pour-Amandine-Fouquenet-a-Benidorm-lintouchable-Lucinda-Brand-rafle-la-victoire-et-le-general-1.png\",\"contentUrl\":\"https:\/\/dicodusport.fr\/blog\/wp-content\/uploads\/2026\/01\/Nouveau-podium-en-Coupe-du-monde-pour-Amandine-Fouquenet-a-Benidorm-lintouchable-Lucinda-Brand-rafle-la-victoire-et-le-general-1.png\",\"width\":1200,\"height\":674,\"caption\":\"Nouveau podium en Coupe du monde pour Amandine Fouquenet \u00e0 Benidorm, l'intouchable Lucinda Brand rafle la victoire et le g\u00e9n\u00e9ral\"},{\"@type\":\"BreadcrumbList\",\"@id\":\"https:\/\/dicodusport.fr\/blog\/nouveau-podium-en-coupe-du-monde-pour-amandine-fouquenet-a-benidorm-lintouchable-lucinda-brand-rafle-la-victoire-et-le-general\/#breadcrumb\",\"itemListElement\":[{\"@type\":\"ListItem\",\"position\":1,\"name\":\"Accueil\",\"item\":\"https:\/\/dicodusport.fr\/blog\/\"},{\"@type\":\"ListItem\",\"position\":2,\"name\":\"Nouveau podium en Coupe du monde pour Amandine Fouquenet \u00e0 Benidorm, l&rsquo;intouchable Lucinda Brand rafle la victoire et le g\u00e9n\u00e9ral\"}]},{\"@type\":\"WebSite\",\"@id\":\"https:\/\/dicodusport.fr\/blog\/#website\",\"url\":\"https:\/\/dicodusport.fr\/blog\/\",\"name\":\"Dicodusport\",\"description\":\"L&#039;encyclop\u00e9die de l&#039;actualit\u00e9 sportive\",\"publisher\":{\"@id\":\"https:\/\/dicodusport.fr\/blog\/#organization\"},\"potentialAction\":[{\"@type\":\"SearchAction\",\"target\":{\"@type\":\"EntryPoint\",\"urlTemplate\":\"https:\/\/dicodusport.fr\/blog\/?s={search_term_string}\"},\"query-input\":{\"@type\":\"PropertyValueSpecification\",\"valueRequired\":true,\"valueName\":\"search_term_string\"}}],\"inLanguage\":\"fr-FR\"},{\"@type\":\"NewsMediaOrganization\",\"@id\":\"https:\/\/dicodusport.fr\/blog\/#organization\",\"name\":\"Dicodusport\",\"url\":\"https:\/\/dicodusport.fr\/blog\/\",\"logo\":{\"@type\":\"ImageObject\",\"inLanguage\":\"fr-FR\",\"@id\":\"https:\/\/dicodusport.fr\/blog\/#\/schema\/logo\/image\/\",\"url\":\"https:\/\/dicodusport.fr\/blog\/wp-content\/uploads\/2020\/06\/cropped-LOGO-DICODUSPORT-2020-SANS-FOND-SANS-TEXTE.png\",\"contentUrl\":\"https:\/\/dicodusport.fr\/blog\/wp-content\/uploads\/2020\/06\/cropped-LOGO-DICODUSPORT-2020-SANS-FOND-SANS-TEXTE.png\",\"width\":512,\"height\":512,\"caption\":\"Dicodusport\"},\"image\":{\"@id\":\"https:\/\/dicodusport.fr\/blog\/#\/schema\/logo\/image\/\"},\"sameAs\":[\"https:\/\/www.facebook.com\/dicodusport\",\"https:\/\/x.com\/dicodusport\",\"https:\/\/www.instagram.com\/dicodusport\/\",\"https:\/\/www.youtube.com\/channel\/UC7V2KZ5sd3htJivAbA4ZG3w\"],\"description\":\"Dicodusport est l'encyclop\u00e9die de l'actualit\u00e9 sportive.\",\"email\":\"bonjour@dicodusport.fr\",\"legalName\":\"DICODUSPORT\",\"foundingDate\":\"2018-01-14\",\"vatID\":\"FR71834470973\",\"taxID\":\"83447097300043\",\"numberOfEmployees\":{\"@type\":\"QuantitativeValue\",\"minValue\":\"1\",\"maxValue\":\"10\"}},{\"@type\":\"Person\",\"@id\":\"https:\/\/dicodusport.fr\/blog\/#\/schema\/person\/fe500246414ca17ddf0c0312d7a792cc\",\"name\":\"Olivier Dobiezynski\",\"image\":{\"@type\":\"ImageObject\",\"inLanguage\":\"fr-FR\",\"@id\":\"https:\/\/dicodusport.fr\/blog\/#\/schema\/person\/image\/\",\"url\":\"https:\/\/dicodusport.fr\/blog\/wp-content\/uploads\/2024\/09\/5be8fe8d-9962-4f1e-ad06-d6f9dee30e6d-150x150.jpg\",\"contentUrl\":\"https:\/\/dicodusport.fr\/blog\/wp-content\/uploads\/2024\/09\/5be8fe8d-9962-4f1e-ad06-d6f9dee30e6d-150x150.jpg\",\"caption\":\"Olivier Dobiezynski\"},\"description\":\"Depuis le milieu des ann\u00e9es 90, la passion du cyclisme m'anime. Mes h\u00e9ros s'appellent Luc Leblanc, Piotr Ugrumov, Paolo Savoldelli, Peter Sagan et bien \u00e9videmment Romain Bardet. R\u00e9dacteur depuis 2023, je suis ici pour partager cet amour de la Petite Reine. Vous pourrez me lire \u00e9galement sur du trail, du ski de fond et tout autre sujet susceptible d'\u00e9veiller ma curiosit\u00e9 sportive.\",\"sameAs\":[\"https:\/\/x.com\/https:\/\/x.com\/Olivier_Matros\"],\"url\":\"https:\/\/dicodusport.fr\/blog\/author\/olivier-gh\/\"}]}<\/script>\n<!-- \/ Yoast SEO Premium plugin. -->","yoast_head_json":{"title":"Nouveau podium en Coupe du monde pour Amandine Fouquenet \u00e0 Benidorm, l'intouchable Lucinda Brand rafle la victoire et le g\u00e9n\u00e9ral","description":"COUPE DU MONDE DE CYCLO-CROSS \u2013 Amandine Fouquenet prend la troisi\u00e8me place et signe un nouveau podium juste devant C\u00e9lia G\u00e9ry. La victoire est pour Lucinda Brand, qui remporte le classement g\u00e9n\u00e9ral.","robots":{"index":"index","follow":"follow","max-snippet":"max-snippet:-1","max-image-preview":"max-image-preview:large","max-video-preview":"max-video-preview:-1"},"canonical":"https:\/\/dicodusport.fr\/blog\/nouveau-podium-en-coupe-du-monde-pour-amandine-fouquenet-a-benidorm-lintouchable-lucinda-brand-rafle-la-victoire-et-le-general\/","og_locale":"fr_FR","og_type":"article","og_title":"Nouveau podium en Coupe du monde pour Amandine Fouquenet \u00e0 Benidorm, l'intouchable Lucinda Brand rafle la victoire et le g\u00e9n\u00e9ral","og_description":"COUPE DU MONDE DE CYCLO-CROSS \u2013 Amandine Fouquenet prend la troisi\u00e8me place et signe un nouveau podium juste devant C\u00e9lia G\u00e9ry. La victoire est pour Lucinda Brand, qui remporte le classement g\u00e9n\u00e9ral.","og_url":"https:\/\/dicodusport.fr\/blog\/nouveau-podium-en-coupe-du-monde-pour-amandine-fouquenet-a-benidorm-lintouchable-lucinda-brand-rafle-la-victoire-et-le-general\/","og_site_name":"Dicodusport","article_publisher":"https:\/\/www.facebook.com\/dicodusport","article_published_time":"2026-01-18T13:37:59+00:00","article_modified_time":"2026-01-18T15:06:59+00:00","og_image":[{"width":1200,"height":674,"url":"https:\/\/dicodusport.fr\/blog\/wp-content\/uploads\/2026\/01\/Nouveau-podium-en-Coupe-du-monde-pour-Amandine-Fouquenet-a-Benidorm-lintouchable-Lucinda-Brand-rafle-la-victoire-et-le-general-1.png","type":"image\/png"}],"author":"Olivier Dobiezynski","twitter_card":"summary_large_image","twitter_title":"Nouveau podium en Coupe du monde pour Amandine Fouquenet \u00e0 Benidorm, l'intouchable Lucinda Brand rafle la victoire et le g\u00e9n\u00e9ral","twitter_creator":"@https:\/\/x.com\/Olivier_Matros","twitter_site":"@dicodusport","schema":{"@context":"https:\/\/schema.org","@graph":[{"@type":"NewsArticle","@id":"https:\/\/dicodusport.fr\/blog\/nouveau-podium-en-coupe-du-monde-pour-amandine-fouquenet-a-benidorm-lintouchable-lucinda-brand-rafle-la-victoire-et-le-general\/#article","isPartOf":{"@id":"https:\/\/dicodusport.fr\/blog\/nouveau-podium-en-coupe-du-monde-pour-amandine-fouquenet-a-benidorm-lintouchable-lucinda-brand-rafle-la-victoire-et-le-general\/"},"author":{"name":"Olivier Dobiezynski","@id":"https:\/\/dicodusport.fr\/blog\/#\/schema\/person\/fe500246414ca17ddf0c0312d7a792cc"},"headline":"Nouveau podium en Coupe du monde pour Amandine Fouquenet \u00e0 Benidorm, l&rsquo;intouchable Lucinda Brand rafle la victoire et le g\u00e9n\u00e9ral","datePublished":"2026-01-18T13:37:59+00:00","dateModified":"2026-01-18T15:06:59+00:00","mainEntityOfPage":{"@id":"https:\/\/dicodusport.fr\/blog\/nouveau-podium-en-coupe-du-monde-pour-amandine-fouquenet-a-benidorm-lintouchable-lucinda-brand-rafle-la-victoire-et-le-general\/"},"wordCount":513,"commentCount":0,"publisher":{"@id":"https:\/\/dicodusport.fr\/blog\/#organization"},"image":{"@id":"https:\/\/dicodusport.fr\/blog\/nouveau-podium-en-coupe-du-monde-pour-amandine-fouquenet-a-benidorm-lintouchable-lucinda-brand-rafle-la-victoire-et-le-general\/#primaryimage"},"thumbnailUrl":"https:\/\/dicodusport.fr\/blog\/wp-content\/uploads\/2026\/01\/Nouveau-podium-en-Coupe-du-monde-pour-Amandine-Fouquenet-a-Benidorm-lintouchable-Lucinda-Brand-rafle-la-victoire-et-le-general-1.png","keywords":["br\u00e8ve","Coupe du monde de cyclo-cross","Cyclo-cross"],"articleSection":["Cyclo-cross"],"inLanguage":"fr-FR","potentialAction":[{"@type":"CommentAction","name":"Comment","target":["https:\/\/dicodusport.fr\/blog\/nouveau-podium-en-coupe-du-monde-pour-amandine-fouquenet-a-benidorm-lintouchable-lucinda-brand-rafle-la-victoire-et-le-general\/#respond"]}],"copyrightYear":"2026","copyrightHolder":{"@id":"https:\/\/dicodusport.fr\/blog\/#organization"}},{"@type":"WebPage","@id":"https:\/\/dicodusport.fr\/blog\/nouveau-podium-en-coupe-du-monde-pour-amandine-fouquenet-a-benidorm-lintouchable-lucinda-brand-rafle-la-victoire-et-le-general\/","url":"https:\/\/dicodusport.fr\/blog\/nouveau-podium-en-coupe-du-monde-pour-amandine-fouquenet-a-benidorm-lintouchable-lucinda-brand-rafle-la-victoire-et-le-general\/","name":"Nouveau podium en Coupe du monde pour Amandine Fouquenet \u00e0 Benidorm, l'intouchable Lucinda Brand rafle la victoire et le g\u00e9n\u00e9ral","isPartOf":{"@id":"https:\/\/dicodusport.fr\/blog\/#website"},"primaryImageOfPage":{"@id":"https:\/\/dicodusport.fr\/blog\/nouveau-podium-en-coupe-du-monde-pour-amandine-fouquenet-a-benidorm-lintouchable-lucinda-brand-rafle-la-victoire-et-le-general\/#primaryimage"},"image":{"@id":"https:\/\/dicodusport.fr\/blog\/nouveau-podium-en-coupe-du-monde-pour-amandine-fouquenet-a-benidorm-lintouchable-lucinda-brand-rafle-la-victoire-et-le-general\/#primaryimage"},"thumbnailUrl":"https:\/\/dicodusport.fr\/blog\/wp-content\/uploads\/2026\/01\/Nouveau-podium-en-Coupe-du-monde-pour-Amandine-Fouquenet-a-Benidorm-lintouchable-Lucinda-Brand-rafle-la-victoire-et-le-general-1.png","datePublished":"2026-01-18T13:37:59+00:00","dateModified":"2026-01-18T15:06:59+00:00","description":"COUPE DU MONDE DE CYCLO-CROSS \u2013 Amandine Fouquenet prend la troisi\u00e8me place et signe un nouveau podium juste devant C\u00e9lia G\u00e9ry. La victoire est pour Lucinda Brand, qui remporte le classement g\u00e9n\u00e9ral.","breadcrumb":{"@id":"https:\/\/dicodusport.fr\/blog\/nouveau-podium-en-coupe-du-monde-pour-amandine-fouquenet-a-benidorm-lintouchable-lucinda-brand-rafle-la-victoire-et-le-general\/#breadcrumb"},"inLanguage":"fr-FR","potentialAction":[{"@type":"ReadAction","target":["https:\/\/dicodusport.fr\/blog\/nouveau-podium-en-coupe-du-monde-pour-amandine-fouquenet-a-benidorm-lintouchable-lucinda-brand-rafle-la-victoire-et-le-general\/"]}]},{"@type":"ImageObject","inLanguage":"fr-FR","@id":"https:\/\/dicodusport.fr\/blog\/nouveau-podium-en-coupe-du-monde-pour-amandine-fouquenet-a-benidorm-lintouchable-lucinda-brand-rafle-la-victoire-et-le-general\/#primaryimage","url":"https:\/\/dicodusport.fr\/blog\/wp-content\/uploads\/2026\/01\/Nouveau-podium-en-Coupe-du-monde-pour-Amandine-Fouquenet-a-Benidorm-lintouchable-Lucinda-Brand-rafle-la-victoire-et-le-general-1.png","contentUrl":"https:\/\/dicodusport.fr\/blog\/wp-content\/uploads\/2026\/01\/Nouveau-podium-en-Coupe-du-monde-pour-Amandine-Fouquenet-a-Benidorm-lintouchable-Lucinda-Brand-rafle-la-victoire-et-le-general-1.png","width":1200,"height":674,"caption":"Nouveau podium en Coupe du monde pour Amandine Fouquenet \u00e0 Benidorm, l'intouchable Lucinda Brand rafle la victoire et le g\u00e9n\u00e9ral"},{"@type":"BreadcrumbList","@id":"https:\/\/dicodusport.fr\/blog\/nouveau-podium-en-coupe-du-monde-pour-amandine-fouquenet-a-benidorm-lintouchable-lucinda-brand-rafle-la-victoire-et-le-general\/#breadcrumb","itemListElement":[{"@type":"ListItem","position":1,"name":"Accueil","item":"https:\/\/dicodusport.fr\/blog\/"},{"@type":"ListItem","position":2,"name":"Nouveau podium en Coupe du monde pour Amandine Fouquenet \u00e0 Benidorm, l&rsquo;intouchable Lucinda Brand rafle la victoire et le g\u00e9n\u00e9ral"}]},{"@type":"WebSite","@id":"https:\/\/dicodusport.fr\/blog\/#website","url":"https:\/\/dicodusport.fr\/blog\/","name":"Dicodusport","description":"L&#039;encyclop\u00e9die de l&#039;actualit\u00e9 sportive","publisher":{"@id":"https:\/\/dicodusport.fr\/blog\/#organization"},"potentialAction":[{"@type":"SearchAction","target":{"@type":"EntryPoint","urlTemplate":"https:\/\/dicodusport.fr\/blog\/?s={search_term_string}"},"query-input":{"@type":"PropertyValueSpecification","valueRequired":true,"valueName":"search_term_string"}}],"inLanguage":"fr-FR"},{"@type":"NewsMediaOrganization","@id":"https:\/\/dicodusport.fr\/blog\/#organization","name":"Dicodusport","url":"https:\/\/dicodusport.fr\/blog\/","logo":{"@type":"ImageObject","inLanguage":"fr-FR","@id":"https:\/\/dicodusport.fr\/blog\/#\/schema\/logo\/image\/","url":"https:\/\/dicodusport.fr\/blog\/wp-content\/uploads\/2020\/06\/cropped-LOGO-DICODUSPORT-2020-SANS-FOND-SANS-TEXTE.png","contentUrl":"https:\/\/dicodusport.fr\/blog\/wp-content\/uploads\/2020\/06\/cropped-LOGO-DICODUSPORT-2020-SANS-FOND-SANS-TEXTE.png","width":512,"height":512,"caption":"Dicodusport"},"image":{"@id":"https:\/\/dicodusport.fr\/blog\/#\/schema\/logo\/image\/"},"sameAs":["https:\/\/www.facebook.com\/dicodusport","https:\/\/x.com\/dicodusport","https:\/\/www.instagram.com\/dicodusport\/","https:\/\/www.youtube.com\/channel\/UC7V2KZ5sd3htJivAbA4ZG3w"],"description":"Dicodusport est l'encyclop\u00e9die de l'actualit\u00e9 sportive.","email":"bonjour@dicodusport.fr","legalName":"DICODUSPORT","foundingDate":"2018-01-14","vatID":"FR71834470973","taxID":"83447097300043","numberOfEmployees":{"@type":"QuantitativeValue","minValue":"1","maxValue":"10"}},{"@type":"Person","@id":"https:\/\/dicodusport.fr\/blog\/#\/schema\/person\/fe500246414ca17ddf0c0312d7a792cc","name":"Olivier Dobiezynski","image":{"@type":"ImageObject","inLanguage":"fr-FR","@id":"https:\/\/dicodusport.fr\/blog\/#\/schema\/person\/image\/","url":"https:\/\/dicodusport.fr\/blog\/wp-content\/uploads\/2024\/09\/5be8fe8d-9962-4f1e-ad06-d6f9dee30e6d-150x150.jpg","contentUrl":"https:\/\/dicodusport.fr\/blog\/wp-content\/uploads\/2024\/09\/5be8fe8d-9962-4f1e-ad06-d6f9dee30e6d-150x150.jpg","caption":"Olivier Dobiezynski"},"description":"Depuis le milieu des ann\u00e9es 90, la passion du cyclisme m'anime. Mes h\u00e9ros s'appellent Luc Leblanc, Piotr Ugrumov, Paolo Savoldelli, Peter Sagan et bien \u00e9videmment Romain Bardet. R\u00e9dacteur depuis 2023, je suis ici pour partager cet amour de la Petite Reine. Vous pourrez me lire \u00e9galement sur du trail, du ski de fond et tout autre sujet susceptible d'\u00e9veiller ma curiosit\u00e9 sportive.","sameAs":["https:\/\/x.com\/https:\/\/x.com\/Olivier_Matros"],"url":"https:\/\/dicodusport.fr\/blog\/author\/olivier-gh\/"}]}},"_links":{"self":[{"href":"https:\/\/dicodusport.fr\/blog\/wp-json\/wp\/v2\/posts\/639438","targetHints":{"allow":["GET"]}}],"collection":[{"href":"https:\/\/dicodusport.fr\/blog\/wp-json\/wp\/v2\/posts"}],"about":[{"href":"https:\/\/dicodusport.fr\/blog\/wp-json\/wp\/v2\/types\/post"}],"author":[{"embeddable":true,"href":"https:\/\/dicodusport.fr\/blog\/wp-json\/wp\/v2\/users\/92"}],"replies":[{"embeddable":true,"href":"https:\/\/dicodusport.fr\/blog\/wp-json\/wp\/v2\/comments?post=639438"}],"version-history":[{"count":5,"href":"https:\/\/dicodusport.fr\/blog\/wp-json\/wp\/v2\/posts\/639438\/revisions"}],"predecessor-version":[{"id":639475,"href":"https:\/\/dicodusport.fr\/blog\/wp-json\/wp\/v2\/posts\/639438\/revisions\/639475"}],"wp:featuredmedia":[{"embeddable":true,"href":"https:\/\/dicodusport.fr\/blog\/wp-json\/wp\/v2\/media\/639535"}],"wp:attachment":[{"href":"https:\/\/dicodusport.fr\/blog\/wp-json\/wp\/v2\/media?parent=639438"}],"wp:term":[{"taxonomy":"category","embeddable":true,"href":"https:\/\/dicodusport.fr\/blog\/wp-json\/wp\/v2\/categories?post=639438"},{"taxonomy":"post_tag","embeddable":true,"href":"https:\/\/dicodusport.fr\/blog\/wp-json\/wp\/v2\/tags?post=639438"}],"curies":[{"name":"wp","href":"https:\/\/api.w.org\/{rel}","templated":true}]}}