{"id":639630,"date":"2026-01-18T23:03:06","date_gmt":"2026-01-18T22:03:06","guid":{"rendered":"https:\/\/dicodusport.fr\/blog\/?p=639630&#038;preview=true&#038;preview_id=639630"},"modified":"2026-01-19T01:03:24","modified_gmt":"2026-01-19T00:03:24","slug":"senegal-maroc-le-resume-video-de-la-finale-de-la-coupe-dafrique-des-nations-2025","status":"publish","type":"post","link":"https:\/\/dicodusport.fr\/blog\/senegal-maroc-le-resume-video-de-la-finale-de-la-coupe-dafrique-des-nations-2025\/","title":{"rendered":"S\u00e9n\u00e9gal-Maroc : le r\u00e9sum\u00e9 vid\u00e9o de la finale de la Coupe d&rsquo;Afrique des Nations 2025"},"content":{"rendered":"<p style=\"text-align: justify;\"><b><i>La finale de la Coupe d&rsquo;Afrique des Nations a lieu ce dimanche soir \u00e0 Rabat, entre le S\u00e9n\u00e9gal et le Maroc. Retrouvez le r\u00e9sum\u00e9 vid\u00e9o d\u00e8s sa publication.\u00a0<\/i><\/b><\/p>\n<ul style=\"text-align: justify;\">\n<li><strong>\u00c0 ce sujet \u2013\u00a0<a href=\"https:\/\/dicodusport.fr\/blog\/can-2025-calendrier-resultats-et-classement\/\">CAN 2025 \u2013 Calendrier, r\u00e9sultats et classement<\/a><\/strong><\/li>\n<\/ul>\n<p style=\"text-align: justify;\">Ce soir a lieu la finale de la 35\u00e8me Coupe d&rsquo;Afrique des Nations, qui oppose le <strong>S\u00e9n\u00e9gal<\/strong> au pays organisateur, le <b>Maroc<\/b>, au Stade Prince Moulay Abdallah de Rabat. Une sacr\u00e9e affiche entre les <em>Lions de la Teranga<\/em>, vainqueurs de leur unique CAN en 2021 apr\u00e8s avoir \u00e9chou\u00e9 en finale en 2019, et les <em>Lions de l&rsquo;Atlas<\/em>, qui attendent un sacre depuis 1976.<\/p>\n<ul style=\"text-align: justify;\">\n<li><strong>\u00c0 ce sujet \u2013\u00a0<a href=\"https:\/\/dicodusport.fr\/blog\/can-2025-phase-finale-tableau-complet-calendrier-et-resultats\/\">CAN 2025 Phase finale \u2013 Tableau complet, Calendrier et R\u00e9sultats<\/a><\/strong><\/li>\n<\/ul>\n<p style=\"text-align: justify;\">Une rencontre qui s&rsquo;annonce donc serr\u00e9e, entre deux des meilleures d\u00e9fenses de la comp\u00e9tition (1 but encaiss\u00e9 par le Maroc, 2 par le S\u00e9n\u00e9gal). On s&rsquo;attend donc \u00e0 une affaire disput\u00e9e, avec la Coupe au bout. Vous pourrez retrouver ici le r\u00e9sum\u00e9 vid\u00e9o de la rencontre, d\u00e8s sa parution.<\/p>\n<ul style=\"text-align: justify;\">\n<li><strong>\u00c0 ce sujet \u2013 <\/strong><a href=\"https:\/\/dicodusport.fr\/blog\/can-2025-classement-des-buteurs\/\" target=\"_blank\" rel=\"noopener\"><strong>CAN 2025 : Le classement des buteurs<\/strong><\/a><\/li>\n<\/ul>\n<h2 style=\"text-align: justify;\">Finale CAN 2025, S\u00e9n\u00e9gal &#8211; Maroc : le r\u00e9sum\u00e9 vid\u00e9o<\/h2>\n<div class=\"vlp-link-container vlp-layout-article\"><a href=\"https:\/\/www.youtube.com\/watch?v=cVUVi-PiF00\" class=\"vlp-link\" title=\"Le S\u00c9N\u00c9GAL CHAMPION d\u2019Afrique dans UNE FOLIE PURE !\" rel=\"nofollow\" target=\"_blank\"><\/a><div class=\"vlp-layout-zone-side\"><div class=\"vlp-block-4 vlp-link-image\"><img decoding=\"async\" src=\"https:\/\/img.youtube.com\/vi\/cVUVi-PiF00\/maxresdefault.jpg\" style=\"max-width: 800px; max-height: 800px\" \/><\/div><\/div><div class=\"vlp-layout-zone-main\"><div class=\"vlp-block-0 vlp-link-title\">Le S\u00c9N\u00c9GAL CHAMPION d\u2019Afrique dans UNE FOLIE PURE !<\/div><div class=\"vlp-block-2 vlp-link-button\">Lire l'article<\/div><div class=\"vlp-block-3 vlp-link-url\">www.youtube.com<\/div><\/div><\/div>\n","protected":false},"excerpt":{"rendered":"<p>La finale de la Coupe d&rsquo;Afrique des Nations a lieu ce dimanche soir \u00e0 Rabat, entre le S\u00e9n\u00e9gal et le Maroc. Retrouvez le r\u00e9sum\u00e9 vid\u00e9o d\u00e8s sa publication.\u00a0<\/p>\n","protected":false},"author":59,"featured_media":639635,"comment_status":"open","ping_status":"closed","sticky":false,"template":"","format":"standard","meta":{"_acf_changed":false,"_daextam_enable_autolinks":"1","footnotes":""},"categories":[2301],"tags":[16878,47362,6708,75],"class_list":["post-639630","post","type-post","status-publish","format-standard","has-post-thumbnail","hentry","category-football","tag-breve","tag-can-2025","tag-coupe-dafrique-des-nations","tag-football"],"acf":[],"yoast_head":"<!-- This site is optimized with the Yoast SEO Premium plugin v26.7 (Yoast SEO v26.7) - https:\/\/yoast.com\/wordpress\/plugins\/seo\/ -->\n<title>S\u00e9n\u00e9gal-Maroc : le r\u00e9sum\u00e9 vid\u00e9o de la finale de la Coupe d&#039;Afrique des Nations 2025<\/title>\n<meta name=\"description\" content=\"La finale de la Coupe d&#039;Afrique des Nations a lieu ce dimanche soir \u00e0 Rabat, entre le S\u00e9n\u00e9gal et le Maroc. Retrouvez le r\u00e9sum\u00e9 vid\u00e9o d\u00e8s sa publication.\u00a0\" \/>\n<meta name=\"robots\" content=\"index, follow, max-snippet:-1, max-image-preview:large, max-video-preview:-1\" \/>\n<link rel=\"canonical\" href=\"https:\/\/dicodusport.fr\/blog\/senegal-maroc-le-resume-video-de-la-finale-de-la-coupe-dafrique-des-nations-2025\/\" \/>\n<meta property=\"og:locale\" content=\"fr_FR\" \/>\n<meta property=\"og:type\" content=\"article\" \/>\n<meta property=\"og:title\" content=\"S\u00e9n\u00e9gal-Maroc : le r\u00e9sum\u00e9 vid\u00e9o de la finale de la Coupe d&#039;Afrique des Nations 2025\" \/>\n<meta property=\"og:description\" content=\"La finale de la Coupe d&#039;Afrique des Nations a lieu ce dimanche soir \u00e0 Rabat, entre le S\u00e9n\u00e9gal et le Maroc. Retrouvez le r\u00e9sum\u00e9 vid\u00e9o d\u00e8s sa publication.\u00a0\" \/>\n<meta property=\"og:url\" content=\"https:\/\/dicodusport.fr\/blog\/senegal-maroc-le-resume-video-de-la-finale-de-la-coupe-dafrique-des-nations-2025\/\" \/>\n<meta property=\"og:site_name\" content=\"Dicodusport\" \/>\n<meta property=\"article:publisher\" content=\"https:\/\/www.facebook.com\/dicodusport\" \/>\n<meta property=\"article:author\" content=\"https:\/\/www.facebook.com\/sebastien.gente\/\" \/>\n<meta property=\"article:published_time\" content=\"2026-01-18T22:03:06+00:00\" \/>\n<meta property=\"article:modified_time\" content=\"2026-01-19T00:03:24+00:00\" \/>\n<meta property=\"og:image\" content=\"https:\/\/dicodusport.fr\/blog\/wp-content\/uploads\/2026\/01\/Senegal-Maroc-le-resume-video-de-la-finale-de-la-Coupe-dAfrique-des-Nations-2025.png\" \/>\n\t<meta property=\"og:image:width\" content=\"1200\" \/>\n\t<meta property=\"og:image:height\" content=\"674\" \/>\n\t<meta property=\"og:image:type\" content=\"image\/png\" \/>\n<meta name=\"author\" content=\"S\u00e9bastien Gente\" \/>\n<meta name=\"twitter:card\" content=\"summary_large_image\" \/>\n<meta name=\"twitter:title\" content=\"S\u00e9n\u00e9gal-Maroc : le r\u00e9sum\u00e9 vid\u00e9o de la finale de la Coupe d&#039;Afrique des Nations 2025\" \/>\n<meta name=\"twitter:creator\" content=\"@https:\/\/twitter.com\/globulo24\" \/>\n<meta name=\"twitter:site\" content=\"@dicodusport\" \/>\n<script type=\"application\/ld+json\" class=\"yoast-schema-graph\">{\"@context\":\"https:\/\/schema.org\",\"@graph\":[{\"@type\":\"NewsArticle\",\"@id\":\"https:\/\/dicodusport.fr\/blog\/senegal-maroc-le-resume-video-de-la-finale-de-la-coupe-dafrique-des-nations-2025\/#article\",\"isPartOf\":{\"@id\":\"https:\/\/dicodusport.fr\/blog\/senegal-maroc-le-resume-video-de-la-finale-de-la-coupe-dafrique-des-nations-2025\/\"},\"author\":{\"name\":\"S\u00e9bastien Gente\",\"@id\":\"https:\/\/dicodusport.fr\/blog\/#\/schema\/person\/627966a6cde45dbd8c5e36ac85d783da\"},\"headline\":\"S\u00e9n\u00e9gal-Maroc : le r\u00e9sum\u00e9 vid\u00e9o de la finale de la Coupe d&rsquo;Afrique des Nations 2025\",\"datePublished\":\"2026-01-18T22:03:06+00:00\",\"dateModified\":\"2026-01-19T00:03:24+00:00\",\"mainEntityOfPage\":{\"@id\":\"https:\/\/dicodusport.fr\/blog\/senegal-maroc-le-resume-video-de-la-finale-de-la-coupe-dafrique-des-nations-2025\/\"},\"wordCount\":261,\"commentCount\":1,\"publisher\":{\"@id\":\"https:\/\/dicodusport.fr\/blog\/#organization\"},\"image\":{\"@id\":\"https:\/\/dicodusport.fr\/blog\/senegal-maroc-le-resume-video-de-la-finale-de-la-coupe-dafrique-des-nations-2025\/#primaryimage\"},\"thumbnailUrl\":\"https:\/\/dicodusport.fr\/blog\/wp-content\/uploads\/2026\/01\/Senegal-Maroc-le-resume-video-de-la-finale-de-la-Coupe-dAfrique-des-Nations-2025.png\",\"keywords\":[\"br\u00e8ve\",\"CAN 2025\",\"Coupe d'Afrique des Nations\",\"Football\"],\"articleSection\":[\"Football\"],\"inLanguage\":\"fr-FR\",\"potentialAction\":[{\"@type\":\"CommentAction\",\"name\":\"Comment\",\"target\":[\"https:\/\/dicodusport.fr\/blog\/senegal-maroc-le-resume-video-de-la-finale-de-la-coupe-dafrique-des-nations-2025\/#respond\"]}],\"copyrightYear\":\"2026\",\"copyrightHolder\":{\"@id\":\"https:\/\/dicodusport.fr\/blog\/#organization\"}},{\"@type\":\"WebPage\",\"@id\":\"https:\/\/dicodusport.fr\/blog\/senegal-maroc-le-resume-video-de-la-finale-de-la-coupe-dafrique-des-nations-2025\/\",\"url\":\"https:\/\/dicodusport.fr\/blog\/senegal-maroc-le-resume-video-de-la-finale-de-la-coupe-dafrique-des-nations-2025\/\",\"name\":\"S\u00e9n\u00e9gal-Maroc : le r\u00e9sum\u00e9 vid\u00e9o de la finale de la Coupe d'Afrique des Nations 2025\",\"isPartOf\":{\"@id\":\"https:\/\/dicodusport.fr\/blog\/#website\"},\"primaryImageOfPage\":{\"@id\":\"https:\/\/dicodusport.fr\/blog\/senegal-maroc-le-resume-video-de-la-finale-de-la-coupe-dafrique-des-nations-2025\/#primaryimage\"},\"image\":{\"@id\":\"https:\/\/dicodusport.fr\/blog\/senegal-maroc-le-resume-video-de-la-finale-de-la-coupe-dafrique-des-nations-2025\/#primaryimage\"},\"thumbnailUrl\":\"https:\/\/dicodusport.fr\/blog\/wp-content\/uploads\/2026\/01\/Senegal-Maroc-le-resume-video-de-la-finale-de-la-Coupe-dAfrique-des-Nations-2025.png\",\"datePublished\":\"2026-01-18T22:03:06+00:00\",\"dateModified\":\"2026-01-19T00:03:24+00:00\",\"description\":\"La finale de la Coupe d'Afrique des Nations a lieu ce dimanche soir \u00e0 Rabat, entre le S\u00e9n\u00e9gal et le Maroc. Retrouvez le r\u00e9sum\u00e9 vid\u00e9o d\u00e8s sa publication.\u00a0\",\"breadcrumb\":{\"@id\":\"https:\/\/dicodusport.fr\/blog\/senegal-maroc-le-resume-video-de-la-finale-de-la-coupe-dafrique-des-nations-2025\/#breadcrumb\"},\"inLanguage\":\"fr-FR\",\"potentialAction\":[{\"@type\":\"ReadAction\",\"target\":[\"https:\/\/dicodusport.fr\/blog\/senegal-maroc-le-resume-video-de-la-finale-de-la-coupe-dafrique-des-nations-2025\/\"]}]},{\"@type\":\"ImageObject\",\"inLanguage\":\"fr-FR\",\"@id\":\"https:\/\/dicodusport.fr\/blog\/senegal-maroc-le-resume-video-de-la-finale-de-la-coupe-dafrique-des-nations-2025\/#primaryimage\",\"url\":\"https:\/\/dicodusport.fr\/blog\/wp-content\/uploads\/2026\/01\/Senegal-Maroc-le-resume-video-de-la-finale-de-la-Coupe-dAfrique-des-Nations-2025.png\",\"contentUrl\":\"https:\/\/dicodusport.fr\/blog\/wp-content\/uploads\/2026\/01\/Senegal-Maroc-le-resume-video-de-la-finale-de-la-Coupe-dAfrique-des-Nations-2025.png\",\"width\":1200,\"height\":674,\"caption\":\"S\u00e9n\u00e9gal-Maroc le r\u00e9sum\u00e9 vid\u00e9o de la finale de la Coupe d'Afrique des Nations 2025\"},{\"@type\":\"BreadcrumbList\",\"@id\":\"https:\/\/dicodusport.fr\/blog\/senegal-maroc-le-resume-video-de-la-finale-de-la-coupe-dafrique-des-nations-2025\/#breadcrumb\",\"itemListElement\":[{\"@type\":\"ListItem\",\"position\":1,\"name\":\"Accueil\",\"item\":\"https:\/\/dicodusport.fr\/blog\/\"},{\"@type\":\"ListItem\",\"position\":2,\"name\":\"S\u00e9n\u00e9gal-Maroc : le r\u00e9sum\u00e9 vid\u00e9o de la finale de la Coupe d&rsquo;Afrique des Nations 2025\"}]},{\"@type\":\"WebSite\",\"@id\":\"https:\/\/dicodusport.fr\/blog\/#website\",\"url\":\"https:\/\/dicodusport.fr\/blog\/\",\"name\":\"Dicodusport\",\"description\":\"L&#039;encyclop\u00e9die de l&#039;actualit\u00e9 sportive\",\"publisher\":{\"@id\":\"https:\/\/dicodusport.fr\/blog\/#organization\"},\"potentialAction\":[{\"@type\":\"SearchAction\",\"target\":{\"@type\":\"EntryPoint\",\"urlTemplate\":\"https:\/\/dicodusport.fr\/blog\/?s={search_term_string}\"},\"query-input\":{\"@type\":\"PropertyValueSpecification\",\"valueRequired\":true,\"valueName\":\"search_term_string\"}}],\"inLanguage\":\"fr-FR\"},{\"@type\":\"NewsMediaOrganization\",\"@id\":\"https:\/\/dicodusport.fr\/blog\/#organization\",\"name\":\"Dicodusport\",\"url\":\"https:\/\/dicodusport.fr\/blog\/\",\"logo\":{\"@type\":\"ImageObject\",\"inLanguage\":\"fr-FR\",\"@id\":\"https:\/\/dicodusport.fr\/blog\/#\/schema\/logo\/image\/\",\"url\":\"https:\/\/dicodusport.fr\/blog\/wp-content\/uploads\/2020\/06\/cropped-LOGO-DICODUSPORT-2020-SANS-FOND-SANS-TEXTE.png\",\"contentUrl\":\"https:\/\/dicodusport.fr\/blog\/wp-content\/uploads\/2020\/06\/cropped-LOGO-DICODUSPORT-2020-SANS-FOND-SANS-TEXTE.png\",\"width\":512,\"height\":512,\"caption\":\"Dicodusport\"},\"image\":{\"@id\":\"https:\/\/dicodusport.fr\/blog\/#\/schema\/logo\/image\/\"},\"sameAs\":[\"https:\/\/www.facebook.com\/dicodusport\",\"https:\/\/x.com\/dicodusport\",\"https:\/\/www.instagram.com\/dicodusport\/\",\"https:\/\/www.youtube.com\/channel\/UC7V2KZ5sd3htJivAbA4ZG3w\"],\"description\":\"Dicodusport est l'encyclop\u00e9die de l'actualit\u00e9 sportive.\",\"email\":\"bonjour@dicodusport.fr\",\"legalName\":\"DICODUSPORT\",\"foundingDate\":\"2018-01-14\",\"vatID\":\"FR71834470973\",\"taxID\":\"83447097300043\",\"numberOfEmployees\":{\"@type\":\"QuantitativeValue\",\"minValue\":\"1\",\"maxValue\":\"10\"}},{\"@type\":\"Person\",\"@id\":\"https:\/\/dicodusport.fr\/blog\/#\/schema\/person\/627966a6cde45dbd8c5e36ac85d783da\",\"name\":\"S\u00e9bastien Gente\",\"image\":{\"@type\":\"ImageObject\",\"inLanguage\":\"fr-FR\",\"@id\":\"https:\/\/dicodusport.fr\/blog\/#\/schema\/person\/image\/\",\"url\":\"https:\/\/dicodusport.fr\/blog\/wp-content\/uploads\/2021\/09\/1510990_10205810251400683_4124423575079401707_n-150x150.jpg\",\"contentUrl\":\"https:\/\/dicodusport.fr\/blog\/wp-content\/uploads\/2021\/09\/1510990_10205810251400683_4124423575079401707_n-150x150.jpg\",\"caption\":\"S\u00e9bastien Gente\"},\"description\":\"John Stockton, Gianni Bugno, Zinedine Zidane, Steffi Graf, Frode Andresen, St\u00e9phane Stoecklin, Davis Kamoga, Primoz Peterka, Werner Schlager et Aur\u00e9lien Rougerie. Point commun entre ces sportifs? Ils m'ont fait r\u00eaver et ont berc\u00e9 mon adolescence. Je suis un fondu de sports et j'essaie de retranscrire ma passion \u00e0 travers mes articles. Originaire du P\u00e9rigord, ma passion pour les Girondins, les Jaunards et les Jazzmen transpire dans mes \u00e9crits. \u00c0 Dicodusport depuis 2021, je d\u00e9niche les sports m\u00e9connus dans lesquels la France brille, et il y en a !\",\"sameAs\":[\"https:\/\/www.facebook.com\/sebastien.gente\/\",\"https:\/\/www.instagram.com\/sebgente\/\",\"https:\/\/www.linkedin.com\/in\/sbastien-gente-a29583169\/\",\"https:\/\/x.com\/https:\/\/twitter.com\/globulo24\",\"SebastienGente\"],\"worksFor\":\"S\u00e9bastien GENTE\",\"url\":\"https:\/\/dicodusport.fr\/blog\/author\/sebastiengente\/\"}]}<\/script>\n<!-- \/ Yoast SEO Premium plugin. -->","yoast_head_json":{"title":"S\u00e9n\u00e9gal-Maroc : le r\u00e9sum\u00e9 vid\u00e9o de la finale de la Coupe d'Afrique des Nations 2025","description":"La finale de la Coupe d'Afrique des Nations a lieu ce dimanche soir \u00e0 Rabat, entre le S\u00e9n\u00e9gal et le Maroc. Retrouvez le r\u00e9sum\u00e9 vid\u00e9o d\u00e8s sa publication.\u00a0","robots":{"index":"index","follow":"follow","max-snippet":"max-snippet:-1","max-image-preview":"max-image-preview:large","max-video-preview":"max-video-preview:-1"},"canonical":"https:\/\/dicodusport.fr\/blog\/senegal-maroc-le-resume-video-de-la-finale-de-la-coupe-dafrique-des-nations-2025\/","og_locale":"fr_FR","og_type":"article","og_title":"S\u00e9n\u00e9gal-Maroc : le r\u00e9sum\u00e9 vid\u00e9o de la finale de la Coupe d'Afrique des Nations 2025","og_description":"La finale de la Coupe d'Afrique des Nations a lieu ce dimanche soir \u00e0 Rabat, entre le S\u00e9n\u00e9gal et le Maroc. Retrouvez le r\u00e9sum\u00e9 vid\u00e9o d\u00e8s sa publication.\u00a0","og_url":"https:\/\/dicodusport.fr\/blog\/senegal-maroc-le-resume-video-de-la-finale-de-la-coupe-dafrique-des-nations-2025\/","og_site_name":"Dicodusport","article_publisher":"https:\/\/www.facebook.com\/dicodusport","article_author":"https:\/\/www.facebook.com\/sebastien.gente\/","article_published_time":"2026-01-18T22:03:06+00:00","article_modified_time":"2026-01-19T00:03:24+00:00","og_image":[{"width":1200,"height":674,"url":"https:\/\/dicodusport.fr\/blog\/wp-content\/uploads\/2026\/01\/Senegal-Maroc-le-resume-video-de-la-finale-de-la-Coupe-dAfrique-des-Nations-2025.png","type":"image\/png"}],"author":"S\u00e9bastien Gente","twitter_card":"summary_large_image","twitter_title":"S\u00e9n\u00e9gal-Maroc : le r\u00e9sum\u00e9 vid\u00e9o de la finale de la Coupe d'Afrique des Nations 2025","twitter_creator":"@https:\/\/twitter.com\/globulo24","twitter_site":"@dicodusport","schema":{"@context":"https:\/\/schema.org","@graph":[{"@type":"NewsArticle","@id":"https:\/\/dicodusport.fr\/blog\/senegal-maroc-le-resume-video-de-la-finale-de-la-coupe-dafrique-des-nations-2025\/#article","isPartOf":{"@id":"https:\/\/dicodusport.fr\/blog\/senegal-maroc-le-resume-video-de-la-finale-de-la-coupe-dafrique-des-nations-2025\/"},"author":{"name":"S\u00e9bastien Gente","@id":"https:\/\/dicodusport.fr\/blog\/#\/schema\/person\/627966a6cde45dbd8c5e36ac85d783da"},"headline":"S\u00e9n\u00e9gal-Maroc : le r\u00e9sum\u00e9 vid\u00e9o de la finale de la Coupe d&rsquo;Afrique des Nations 2025","datePublished":"2026-01-18T22:03:06+00:00","dateModified":"2026-01-19T00:03:24+00:00","mainEntityOfPage":{"@id":"https:\/\/dicodusport.fr\/blog\/senegal-maroc-le-resume-video-de-la-finale-de-la-coupe-dafrique-des-nations-2025\/"},"wordCount":261,"commentCount":1,"publisher":{"@id":"https:\/\/dicodusport.fr\/blog\/#organization"},"image":{"@id":"https:\/\/dicodusport.fr\/blog\/senegal-maroc-le-resume-video-de-la-finale-de-la-coupe-dafrique-des-nations-2025\/#primaryimage"},"thumbnailUrl":"https:\/\/dicodusport.fr\/blog\/wp-content\/uploads\/2026\/01\/Senegal-Maroc-le-resume-video-de-la-finale-de-la-Coupe-dAfrique-des-Nations-2025.png","keywords":["br\u00e8ve","CAN 2025","Coupe d'Afrique des Nations","Football"],"articleSection":["Football"],"inLanguage":"fr-FR","potentialAction":[{"@type":"CommentAction","name":"Comment","target":["https:\/\/dicodusport.fr\/blog\/senegal-maroc-le-resume-video-de-la-finale-de-la-coupe-dafrique-des-nations-2025\/#respond"]}],"copyrightYear":"2026","copyrightHolder":{"@id":"https:\/\/dicodusport.fr\/blog\/#organization"}},{"@type":"WebPage","@id":"https:\/\/dicodusport.fr\/blog\/senegal-maroc-le-resume-video-de-la-finale-de-la-coupe-dafrique-des-nations-2025\/","url":"https:\/\/dicodusport.fr\/blog\/senegal-maroc-le-resume-video-de-la-finale-de-la-coupe-dafrique-des-nations-2025\/","name":"S\u00e9n\u00e9gal-Maroc : le r\u00e9sum\u00e9 vid\u00e9o de la finale de la Coupe d'Afrique des Nations 2025","isPartOf":{"@id":"https:\/\/dicodusport.fr\/blog\/#website"},"primaryImageOfPage":{"@id":"https:\/\/dicodusport.fr\/blog\/senegal-maroc-le-resume-video-de-la-finale-de-la-coupe-dafrique-des-nations-2025\/#primaryimage"},"image":{"@id":"https:\/\/dicodusport.fr\/blog\/senegal-maroc-le-resume-video-de-la-finale-de-la-coupe-dafrique-des-nations-2025\/#primaryimage"},"thumbnailUrl":"https:\/\/dicodusport.fr\/blog\/wp-content\/uploads\/2026\/01\/Senegal-Maroc-le-resume-video-de-la-finale-de-la-Coupe-dAfrique-des-Nations-2025.png","datePublished":"2026-01-18T22:03:06+00:00","dateModified":"2026-01-19T00:03:24+00:00","description":"La finale de la Coupe d'Afrique des Nations a lieu ce dimanche soir \u00e0 Rabat, entre le S\u00e9n\u00e9gal et le Maroc. Retrouvez le r\u00e9sum\u00e9 vid\u00e9o d\u00e8s sa publication.\u00a0","breadcrumb":{"@id":"https:\/\/dicodusport.fr\/blog\/senegal-maroc-le-resume-video-de-la-finale-de-la-coupe-dafrique-des-nations-2025\/#breadcrumb"},"inLanguage":"fr-FR","potentialAction":[{"@type":"ReadAction","target":["https:\/\/dicodusport.fr\/blog\/senegal-maroc-le-resume-video-de-la-finale-de-la-coupe-dafrique-des-nations-2025\/"]}]},{"@type":"ImageObject","inLanguage":"fr-FR","@id":"https:\/\/dicodusport.fr\/blog\/senegal-maroc-le-resume-video-de-la-finale-de-la-coupe-dafrique-des-nations-2025\/#primaryimage","url":"https:\/\/dicodusport.fr\/blog\/wp-content\/uploads\/2026\/01\/Senegal-Maroc-le-resume-video-de-la-finale-de-la-Coupe-dAfrique-des-Nations-2025.png","contentUrl":"https:\/\/dicodusport.fr\/blog\/wp-content\/uploads\/2026\/01\/Senegal-Maroc-le-resume-video-de-la-finale-de-la-Coupe-dAfrique-des-Nations-2025.png","width":1200,"height":674,"caption":"S\u00e9n\u00e9gal-Maroc le r\u00e9sum\u00e9 vid\u00e9o de la finale de la Coupe d'Afrique des Nations 2025"},{"@type":"BreadcrumbList","@id":"https:\/\/dicodusport.fr\/blog\/senegal-maroc-le-resume-video-de-la-finale-de-la-coupe-dafrique-des-nations-2025\/#breadcrumb","itemListElement":[{"@type":"ListItem","position":1,"name":"Accueil","item":"https:\/\/dicodusport.fr\/blog\/"},{"@type":"ListItem","position":2,"name":"S\u00e9n\u00e9gal-Maroc : le r\u00e9sum\u00e9 vid\u00e9o de la finale de la Coupe d&rsquo;Afrique des Nations 2025"}]},{"@type":"WebSite","@id":"https:\/\/dicodusport.fr\/blog\/#website","url":"https:\/\/dicodusport.fr\/blog\/","name":"Dicodusport","description":"L&#039;encyclop\u00e9die de l&#039;actualit\u00e9 sportive","publisher":{"@id":"https:\/\/dicodusport.fr\/blog\/#organization"},"potentialAction":[{"@type":"SearchAction","target":{"@type":"EntryPoint","urlTemplate":"https:\/\/dicodusport.fr\/blog\/?s={search_term_string}"},"query-input":{"@type":"PropertyValueSpecification","valueRequired":true,"valueName":"search_term_string"}}],"inLanguage":"fr-FR"},{"@type":"NewsMediaOrganization","@id":"https:\/\/dicodusport.fr\/blog\/#organization","name":"Dicodusport","url":"https:\/\/dicodusport.fr\/blog\/","logo":{"@type":"ImageObject","inLanguage":"fr-FR","@id":"https:\/\/dicodusport.fr\/blog\/#\/schema\/logo\/image\/","url":"https:\/\/dicodusport.fr\/blog\/wp-content\/uploads\/2020\/06\/cropped-LOGO-DICODUSPORT-2020-SANS-FOND-SANS-TEXTE.png","contentUrl":"https:\/\/dicodusport.fr\/blog\/wp-content\/uploads\/2020\/06\/cropped-LOGO-DICODUSPORT-2020-SANS-FOND-SANS-TEXTE.png","width":512,"height":512,"caption":"Dicodusport"},"image":{"@id":"https:\/\/dicodusport.fr\/blog\/#\/schema\/logo\/image\/"},"sameAs":["https:\/\/www.facebook.com\/dicodusport","https:\/\/x.com\/dicodusport","https:\/\/www.instagram.com\/dicodusport\/","https:\/\/www.youtube.com\/channel\/UC7V2KZ5sd3htJivAbA4ZG3w"],"description":"Dicodusport est l'encyclop\u00e9die de l'actualit\u00e9 sportive.","email":"bonjour@dicodusport.fr","legalName":"DICODUSPORT","foundingDate":"2018-01-14","vatID":"FR71834470973","taxID":"83447097300043","numberOfEmployees":{"@type":"QuantitativeValue","minValue":"1","maxValue":"10"}},{"@type":"Person","@id":"https:\/\/dicodusport.fr\/blog\/#\/schema\/person\/627966a6cde45dbd8c5e36ac85d783da","name":"S\u00e9bastien Gente","image":{"@type":"ImageObject","inLanguage":"fr-FR","@id":"https:\/\/dicodusport.fr\/blog\/#\/schema\/person\/image\/","url":"https:\/\/dicodusport.fr\/blog\/wp-content\/uploads\/2021\/09\/1510990_10205810251400683_4124423575079401707_n-150x150.jpg","contentUrl":"https:\/\/dicodusport.fr\/blog\/wp-content\/uploads\/2021\/09\/1510990_10205810251400683_4124423575079401707_n-150x150.jpg","caption":"S\u00e9bastien Gente"},"description":"John Stockton, Gianni Bugno, Zinedine Zidane, Steffi Graf, Frode Andresen, St\u00e9phane Stoecklin, Davis Kamoga, Primoz Peterka, Werner Schlager et Aur\u00e9lien Rougerie. Point commun entre ces sportifs? Ils m'ont fait r\u00eaver et ont berc\u00e9 mon adolescence. Je suis un fondu de sports et j'essaie de retranscrire ma passion \u00e0 travers mes articles. Originaire du P\u00e9rigord, ma passion pour les Girondins, les Jaunards et les Jazzmen transpire dans mes \u00e9crits. \u00c0 Dicodusport depuis 2021, je d\u00e9niche les sports m\u00e9connus dans lesquels la France brille, et il y en a !","sameAs":["https:\/\/www.facebook.com\/sebastien.gente\/","https:\/\/www.instagram.com\/sebgente\/","https:\/\/www.linkedin.com\/in\/sbastien-gente-a29583169\/","https:\/\/x.com\/https:\/\/twitter.com\/globulo24","SebastienGente"],"worksFor":"S\u00e9bastien GENTE","url":"https:\/\/dicodusport.fr\/blog\/author\/sebastiengente\/"}]}},"_links":{"self":[{"href":"https:\/\/dicodusport.fr\/blog\/wp-json\/wp\/v2\/posts\/639630","targetHints":{"allow":["GET"]}}],"collection":[{"href":"https:\/\/dicodusport.fr\/blog\/wp-json\/wp\/v2\/posts"}],"about":[{"href":"https:\/\/dicodusport.fr\/blog\/wp-json\/wp\/v2\/types\/post"}],"author":[{"embeddable":true,"href":"https:\/\/dicodusport.fr\/blog\/wp-json\/wp\/v2\/users\/59"}],"replies":[{"embeddable":true,"href":"https:\/\/dicodusport.fr\/blog\/wp-json\/wp\/v2\/comments?post=639630"}],"version-history":[{"count":5,"href":"https:\/\/dicodusport.fr\/blog\/wp-json\/wp\/v2\/posts\/639630\/revisions"}],"predecessor-version":[{"id":639663,"href":"https:\/\/dicodusport.fr\/blog\/wp-json\/wp\/v2\/posts\/639630\/revisions\/639663"}],"wp:featuredmedia":[{"embeddable":true,"href":"https:\/\/dicodusport.fr\/blog\/wp-json\/wp\/v2\/media\/639635"}],"wp:attachment":[{"href":"https:\/\/dicodusport.fr\/blog\/wp-json\/wp\/v2\/media?parent=639630"}],"wp:term":[{"taxonomy":"category","embeddable":true,"href":"https:\/\/dicodusport.fr\/blog\/wp-json\/wp\/v2\/categories?post=639630"},{"taxonomy":"post_tag","embeddable":true,"href":"https:\/\/dicodusport.fr\/blog\/wp-json\/wp\/v2\/tags?post=639630"}],"curies":[{"name":"wp","href":"https:\/\/api.w.org\/{rel}","templated":true}]}}