{"id":639848,"date":"2026-01-25T18:04:29","date_gmt":"2026-01-25T17:04:29","guid":{"rendered":"https:\/\/dicodusport.fr\/blog\/?p=639848&#038;preview=true&#038;preview_id=639848"},"modified":"2026-01-25T18:05:04","modified_gmt":"2026-01-25T17:05:04","slug":"meeting-de-paris-indoor-2026-programme-et-resultats","status":"publish","type":"post","link":"https:\/\/dicodusport.fr\/blog\/meeting-de-paris-indoor-2026-programme-et-resultats\/","title":{"rendered":"Meeting de Paris indoor 2026 : Programme et r\u00e9sultats"},"content":{"rendered":"<p style=\"text-align: justify;\"><strong><i>Retrouvez le programme et les r\u00e9sultats du Meeting de Paris indoor, qui se d\u00e9roule le dimanche 25 janvier 2026.<\/i><\/strong><\/p>\n<p style=\"text-align: justify;\">Le <strong>Meeting de Paris Indoor<\/strong> se tient le <strong>dimanche 25 janvier 2026<\/strong>, confirmant son statut de rendez-vous majeur de l\u2019athl\u00e9tisme en salle. Organis\u00e9 \u00e0 Paris, cet \u00e9v\u00e9nement international r\u00e9unit l\u2019\u00e9lite mondiale autour d\u2019\u00e9preuves spectaculaires m\u00ealant vitesse, sauts et concours.<\/p>\n<p style=\"text-align: justify;\">Au programme : 60 m, haies, saut \u00e0 la perche, saut en longueur ou encore demi-fond, avec la pr\u00e9sence attendue de champions olympiques et de jeunes talents en pleine ascension. Tout au long de la journ\u00e9e, retrouvez le programme d\u00e9taill\u00e9, les horaires des finales et les r\u00e9sultats en temps r\u00e9el.<\/p>\n<p style=\"text-align: justify;\">Un meeting incontournable pour lancer la saison indoor, dans une ambiance \u00e9lectrique et un cadre prestigieux.<\/p>\n<p>Le meeting est \u00e0 suivre en diff\u00e9r\u00e9 sur La Cha\u00eene l&rsquo;\u00c9quipe \u00e0 21h05.<\/p>\n<ul>\n<li style=\"text-align: justify;\"><strong>\u00c0 ce sujet &#8211; <a href=\"https:\/\/dicodusport.fr\/blog\/circuit-indoor-2026-le-calendrier-des-meetings-dathletisme-en-salle\/\">Calendrier du circuit indoor 2026<\/a><\/strong><\/li>\n<\/ul>\n<div class=\"vlp-link-container vlp-layout-article\"><a href=\"https:\/\/dicodusport.fr\/blog\/laeticia-bapte-thibaut-collet-cinq-athletes-a-suivre-au-meeting-de-paris-indoor\/\" class=\"vlp-link\" title=\"La\u00ebticia Bapt\u00e9, Thibaut Collet : cinq athl\u00e8tes \u00e0 suivre au Meeting de Paris indoor\"><\/a><div class=\"vlp-layout-zone-side\"><div class=\"vlp-block-4 vlp-link-image\"><img loading=\"lazy\" decoding=\"async\" style=\"max-width: 792px;\" width=\"792\" height=\"445\" src=\"https:\/\/dicodusport.fr\/blog\/wp-content\/uploads\/2026\/01\/Bapte-Furlani-Collet-Cinq-athletes-a-suivre-au-Meeting-de-Paris-indoor.png\" class=\"attachment-800x445 size-800x445\" alt=\"Bapt\u00e9, Furlani, Collet : Cinq athl\u00e8tes \u00e0 suivre au Meeting de Paris indoor\" srcset=\"https:\/\/dicodusport.fr\/blog\/wp-content\/uploads\/2026\/01\/Bapte-Furlani-Collet-Cinq-athletes-a-suivre-au-Meeting-de-Paris-indoor.png 1200w, https:\/\/dicodusport.fr\/blog\/wp-content\/uploads\/2026\/01\/Bapte-Furlani-Collet-Cinq-athletes-a-suivre-au-Meeting-de-Paris-indoor-300x169.png 300w, https:\/\/dicodusport.fr\/blog\/wp-content\/uploads\/2026\/01\/Bapte-Furlani-Collet-Cinq-athletes-a-suivre-au-Meeting-de-Paris-indoor-1024x575.png 1024w, https:\/\/dicodusport.fr\/blog\/wp-content\/uploads\/2026\/01\/Bapte-Furlani-Collet-Cinq-athletes-a-suivre-au-Meeting-de-Paris-indoor-768x431.png 768w\" sizes=\"auto, (max-width: 792px) 100vw, 792px\" \/><\/div><\/div><div class=\"vlp-layout-zone-main\"><div class=\"vlp-block-0 vlp-link-title\">La\u00ebticia Bapt\u00e9, Thibaut Collet : cinq athl\u00e8tes \u00e0 suivre au Meeting de Paris indoor<\/div><div class=\"vlp-block-1 vlp-link-summary\">Focus sur cinq athl\u00e8tes qui vont participer au rendez-vous parisien ce dimanche.<\/div><div class=\"vlp-block-2 vlp-link-button\">Lire l'article<\/div><div class=\"vlp-block-3 vlp-link-url\">dicodusport.fr<\/div><\/div><\/div>\n<h2>Le programme du Meeting de Paris indoor 2026<\/h2>\n<p style=\"text-align: justify;\"><strong>15h10 : <\/strong>60 m handisport femmes<\/p>\n<p><strong>15h20 :\u00a0<\/strong>60 m handisport hommes<\/p>\n<p><strong>15h55<\/strong> : saut \u00e0 la perche hommes<\/p>\n<p><strong>16h02<\/strong> : <a href=\"https:\/\/api.athle.matsport.com\/pdfs\/17aa4d92-5780-4062-9f93-8be555079faf_ATSTAW006901\/ATHW60M-----SENIOR----RND1000100--..C73A.ENG.1.0U.report.pdf\" target=\"_blank\" rel=\"noopener\">s\u00e9rie 1 60 m femmes<\/a><\/p>\n<p><strong>16h09<\/strong> : saut en longueur femmes et hommes<\/p>\n<p><strong>16h12<\/strong> : <a href=\"https:\/\/api.athle.matsport.com\/pdfs\/17aa4d92-5780-4062-9f93-8be555079faf_ATSTAW006902\/ATHW60M-----SENIOR----RND1000200--..C73A.ENG.1.0U.report.pdf\" target=\"_blank\" rel=\"noopener\">s\u00e9rie 2 60 m femmes<\/a><\/p>\n<p><strong>16h19<\/strong> : <a href=\"https:\/\/api.athle.matsport.com\/pdfs\/17aa4d92-5780-4062-9f93-8be555079faf_ATSTAM006901\/ATHM60M---------------RND1000100--..C73A.ENG.1.0U.report.pdf\">s\u00e9rie 1 60 m hommes<\/a><\/p>\n<p><strong>16h27<\/strong> : <a href=\"https:\/\/api.athle.matsport.com\/pdfs\/17aa4d92-5780-4062-9f93-8be555079faf_ATSTAM006902\/ATHM60M---------------RND1000200--..C73A.ENG.1.0U.report.pdf\">s\u00e9rie 2 60 m hommes<\/a><\/p>\n<p><strong>16h40 :\u00a0<\/strong><a href=\"https:\/\/api.athle.matsport.com\/pdfs\/17aa4d92-5780-4062-9f93-8be555079faf_ATSTAW066901\/ATHW60MHURD-SENIOR----RND1000100--..C73A.ENG.1.0U.report.pdf\" target=\"_blank\" rel=\"noopener\">s\u00e9rie 1 60 m haies femmes<\/a><\/p>\n<p><strong>16h48 : <\/strong><a href=\"https:\/\/api.athle.matsport.com\/pdfs\/17aa4d92-5780-4062-9f93-8be555079faf_ATSTAW066902\/ATHW60MHURD-SENIOR----RND1000200--..C73A.ENG.1.0U.report.pdf\">s\u00e9rie 2 60 m haies femmes<\/a><\/p>\n<p><strong>17h01 :\u00a0<\/strong><a href=\"https:\/\/api.athle.matsport.com\/pdfs\/17aa4d92-5780-4062-9f93-8be555079faf_ATSTAM066901\/ATHM60MHURD-SENIOR----RND1000100--..C73A.ENG.1.0U.report.pdf\">s\u00e9rie 1 60 m haies hommes<\/a><\/p>\n<p><strong>17h09 : <\/strong><a href=\"https:\/\/api.athle.matsport.com\/pdfs\/17aa4d92-5780-4062-9f93-8be555079faf_ATSTAM066902\/ATHM60MHURD-SENIOR----RND1000200--..C73A.ENG.1.0U.report.pdf\">s\u00e9rie 2 60 m haies hommes<\/a><\/p>\n<p><strong>17h19<\/strong> : finale 60 m femmes<\/p>\n<p><strong>17h27<\/strong> : finale 60 m hommes<\/p>\n<p><strong>17h39<\/strong> : finale 60 m haies femmes<\/p>\n<p><strong>17h57<\/strong> : finale 60 m haies hommes<\/p>\n<p>&nbsp;<\/p>\n<h2>Les podiums<\/h2>\n<h3>Femmes<\/h3>\n<div class=\"su-table su-table-alternate\">\n<table style=\"width: 800px;border-collapse: collapse\">\n<tbody>\n<tr>\n<td style=\"text-align: center;width: 200px;vertical-align: middle\"><strong>\u00c9preuves<\/strong><\/td>\n<td style=\"text-align: center;width: 200px;vertical-align: middle;background-color: #ffffff\"><strong> 1\u00e8re<\/strong><\/td>\n<td style=\"text-align: center;width: 200px;vertical-align: middle;background-color: #ffffff\"><strong>2e<\/strong><\/td>\n<td style=\"text-align: center;width: 200px;vertical-align: middle;background-color: #ffffff\"><strong>3e<\/strong><\/td>\n<\/tr>\n<tr>\n<td style=\"text-align: center;width: 200px;vertical-align: middle\"><strong>60 m handisport<br \/>\n<a href=\"https:\/\/api.athle.matsport.com\/pdfs\/17aa4d92-5780-4062-9f93-8be555079faf_ATSTAWH08101\/ATHWB-60M---U20-------FNL-000100--..C73A.ENG.1.0U.report.pdf\"><span style=\"font-size: 12px\"><em>Classement<\/em><\/span><\/a><\/strong><\/td>\n<td style=\"text-align: center;width: 200px;vertical-align: middle\">\ud83c\uddeb\ud83c\uddf7\u00a0<strong>Ang\u00e9lina Lanza<br \/>\n8.36 SB<\/strong><\/td>\n<td style=\"text-align: center;width: 200px;vertical-align: middle\">\ud83c\uddeb\ud83c\uddf7 Sofia Pace<br \/>\n8.49 <strong>SB<\/strong><\/td>\n<td style=\"text-align: center;width: 200px;vertical-align: middle\">\ud83c\uddeb\ud83c\uddf7 C\u00e9lia Terki<br \/>\n8.57 <strong>SB<\/strong><\/td>\n<\/tr>\n<tr>\n<td style=\"text-align: center;width: 200px;vertical-align: middle\"><strong>60 m<br \/>\n<a href=\"https:\/\/api.athle.matsport.com\/pdfs\/17aa4d92-5780-4062-9f93-8be555079faf_ATSTAW006101\/ATHW60M-----SENIOR----FNL-000100--..C73A.ENG.1.0U.report.pdf\"><span style=\"font-size: 12px\"><em>Classement<\/em><\/span><\/a><br \/>\n<\/strong><\/td>\n<td style=\"width: 200px;text-align: center\">\ud83c\uddf3\ud83c\uddf1\u00a0<strong>Patrizia Van der Weken<br \/>\n7.16<\/strong><\/td>\n<td style=\"width: 200px;text-align: center\">\ud83c\uddfa\ud83c\uddf8 Chante Clinkscale<br \/>\n7.23 <strong>=PB<\/strong><\/td>\n<td style=\"width: 200px;text-align: center\">\ud83c\uddf5\ud83c\uddf9 Lor\u00e8ne Dorcas Bazolo<br \/>\n7.26 <strong>SB<\/strong><\/td>\n<\/tr>\n<tr>\n<td style=\"text-align: center;width: 200px;vertical-align: middle\"><strong>60 m haies<br \/>\n<a href=\"https:\/\/api.athle.matsport.com\/pdfs\/17aa4d92-5780-4062-9f93-8be555079faf_ATSTAW066101\/ATHW60MHURD-SENIOR----FNL-000100--..C73A.ENG.1.0U.report.pdf\" target=\"_blank\" rel=\"noopener\"><span style=\"font-size: 12px\"><em>Classement<\/em><\/span><\/a><br \/>\n<\/strong><\/td>\n<td style=\"width: 200px;text-align: center\">\ud83c\uddeb\ud83c\uddf7 <strong>La\u00ebticia Bapt\u00e9<br \/>\n7.92 WL<\/strong><\/td>\n<td style=\"width: 200px;text-align: center\">\ud83c\uddee\ud83c\uddea Sarah Lavin<br \/>\n7.98 <strong>SB<\/strong><\/td>\n<td style=\"text-align: center;width: 200px;vertical-align: middle\">\ud83c\uddf3\ud83c\uddf1 Mira Groot<br \/>\n8.02 <strong>PB<\/strong><\/td>\n<\/tr>\n<tr>\n<td style=\"text-align: center;width: 200px;vertical-align: middle\"><strong>Saut en longueur<br \/>\n<a href=\"https:\/\/api.athle.matsport.com\/pdfs\/17aa4d92-5780-4062-9f93-8be555079faf_ATSTAW061101\/ATHWLONGJUMPSENIOR----FNL---------..C73P.ENG.1.0U.report.pdf\"><span style=\"font-size: 12px\"><em>Classement<\/em><\/span><\/a><br \/>\n<\/strong><\/td>\n<td style=\"text-align: center;width: 200px;vertical-align: middle\">\ud83c\uddea\ud83c\uddf8<strong> Fatima Diame<br \/>\n6.57 m SB<\/strong><\/td>\n<td style=\"text-align: center;width: 200px;vertical-align: middle\">\ud83c\udde7\ud83c\uddf7 Leticia Oro Melo<br \/>\n6.46 m <strong>SB<\/strong><\/td>\n<td style=\"text-align: center;width: 200px;vertical-align: middle\">\ud83c\uddeb\ud83c\uddf7 Angelica Berriot<br \/>\n6.41 m <strong>SB<\/strong><\/td>\n<\/tr>\n<\/tbody>\n<\/table>\n<\/div>\n<p><span style=\"font-size: 14px;\"><em>PB : Record personnel<br \/>\nWL : Meilleure performance mondiale de la saison<\/em><\/span><br \/>\n<span style=\"font-size: 14px;\"><em>SB : Meilleure performance personnelle de la saison<\/em><\/span><\/p>\n<p>&nbsp;<\/p>\n<h3 style=\"text-align: justify;\">Hommes<\/h3>\n<div class=\"su-table su-table-alternate\">\n<table style=\"width: 800px;border-collapse: collapse\">\n<tbody>\n<tr>\n<td style=\"text-align: center;width: 200px;vertical-align: middle\"><strong>\u00c9preuves<\/strong><\/td>\n<td style=\"text-align: center;width: 200px;vertical-align: middle;background-color: #ffffff\"><strong> 1er<\/strong><\/td>\n<td style=\"text-align: center;width: 200px;vertical-align: middle;background-color: #ffffff\"><strong>2e<\/strong><\/td>\n<td style=\"text-align: center;width: 200px;vertical-align: middle;background-color: #ffffff\"><strong>3e<\/strong><\/td>\n<\/tr>\n<tr>\n<td style=\"text-align: center;width: 200px;vertical-align: middle\"><strong>60 m handisport<br \/>\n<a href=\"https:\/\/api.athle.matsport.com\/pdfs\/17aa4d92-5780-4062-9f93-8be555079faf_ATSTAMH08101\/ATHMB-60M---U20-------FNL-000100--..C73A.ENG.1.0U.report.pdf\"><span style=\"font-size: 12px\"><em>Classement<\/em><\/span><\/a><br \/>\n<\/strong><\/td>\n<td style=\"text-align: center;width: 200px;vertical-align: middle\">\ud83c\uddeb\ud83c\uddf7\u00a0<strong>Axel Zorzi<br \/>\n7.17<\/strong><\/td>\n<td style=\"text-align: center;width: 200px;vertical-align: middle\">\ud83c\uddeb\ud83c\uddf7 Dimitri Jozwicki<br \/>\n7.22 <strong>SB<\/strong><\/td>\n<td style=\"text-align: center;width: 200px;vertical-align: middle\">\ud83c\uddeb\ud83c\uddf7 Dimitri Pavad\u00e9<br \/>\n7.62 <strong>SB<\/strong><\/td>\n<\/tr>\n<tr>\n<td style=\"text-align: center;width: 200px;vertical-align: middle\"><strong>60 m<br \/>\n<a href=\"https:\/\/api.athle.matsport.com\/pdfs\/17aa4d92-5780-4062-9f93-8be555079faf_ATSTAM006101\/ATHM60M---------------FNL-000100--..C73A.ENG.1.0U.report.pdf\" target=\"_blank\" rel=\"noopener\"><span style=\"font-size: 12px\"><em>Classement<\/em><\/span><\/a><br \/>\n<\/strong><\/td>\n<td style=\"width: 200px;text-align: center\">\ud83c\uddf4\ud83c\uddf2\u00a0<strong>Ali Al Balushi<br \/>\n6.52 SB<\/strong><\/td>\n<td style=\"width: 200px;text-align: center\">\ud83c\udde8\ud83c\uddf2 Emmanuel Eseme<br \/>\n6.55 <strong>SB<\/strong><\/td>\n<td style=\"width: 200px;text-align: center\">\ud83c\uddee\ud83c\uddf9 Filippo Randazzo<br \/>\n6.59 <strong>PB<\/strong><\/td>\n<\/tr>\n<tr>\n<td style=\"text-align: center;width: 200px;vertical-align: middle\"><strong><span style=\"font-size: 16px\">6<\/span>0 m haies<br \/>\n<a href=\"https:\/\/api.athle.matsport.com\/pdfs\/17aa4d92-5780-4062-9f93-8be555079faf_ATSTAM066101\/ATHM60MHURD-SENIOR----FNL-000100--..C73A.ENG.1.0U.report.pdf\"><span style=\"font-size: 12px\"><em>Classement<\/em><\/span><\/a><br \/>\n<\/strong><\/td>\n<td style=\"text-align: center;width: 200px;vertical-align: middle\">\ud83c\uddfa\ud83c\uddf8\u00a0<strong>Darius Brown<br \/>\n7.54 PB<\/strong><\/td>\n<td style=\"text-align: center;width: 200px;vertical-align: middle\">\ud83c\uddeb\ud83c\uddf7 Erwann Cinna<br \/>\n7.62<\/td>\n<td style=\"text-align: center;width: 200px;vertical-align: middle\">\ud83c\uddef\ud83c\uddf2 Lafranz Campbell<br \/>\n7.63 <strong>SB<\/strong><\/td>\n<\/tr>\n<tr>\n<td style=\"text-align: center;width: 200px;vertical-align: middle\"><strong>Saut en longueur<br \/>\n<a href=\"https:\/\/api.athle.matsport.com\/pdfs\/17aa4d92-5780-4062-9f93-8be555079faf_ATSTAM061101\/ATHMLONGJUMPSENIOR----FNL---------..C73P.ENG.1.0U.report.pdf\"><span style=\"font-size: 12px\"><em>Classement<\/em><\/span><\/a><br \/>\n<\/strong><\/td>\n<td style=\"text-align: center;width: 200px;vertical-align: middle\">\ud83c\uddee\ud83c\uddf9\u00a0<strong>Mattia Furlani<br \/>\n8.33 m WL<\/strong><\/td>\n<td style=\"text-align: center;width: 200px;vertical-align: middle\">\ud83c\udde7\ud83c\uddec Bozhldar Saraboyukov<br \/>\n8.15 m <strong>SB<\/strong><\/td>\n<td style=\"text-align: center;width: 200px;vertical-align: middle\">\ud83c\uddf8\ud83c\uddea Thobias Montler<br \/>\n7.97 m <strong>SB<\/strong><\/td>\n<\/tr>\n<tr>\n<td style=\"text-align: center;width: 200px;vertical-align: middle\"><strong>Saut \u00e0 la perche<br \/>\n<a href=\"https:\/\/api.athle.matsport.com\/pdfs\/17aa4d92-5780-4062-9f93-8be555079faf_ATSTAM072101\/ATHMPLEVAULTSENIOR----FNL---------..C73M.ENG.1.0U.report.pdf\"><span style=\"font-size: 12px\"><em>Classement<\/em><\/span><\/a><br \/>\n<\/strong><\/td>\n<td style=\"text-align: center;width: 200px;vertical-align: middle\">\ud83c\uddfa\ud83c\uddf8\u00a0<strong>Zachery Bradford<br \/>\n5.90 m WL<\/strong><\/td>\n<td style=\"text-align: center;width: 200px;vertical-align: middle\">\ud83c\uddeb\ud83c\uddf7 Baptiste Thiery<br \/>\n5.80 m <strong>SB<\/strong><\/td>\n<td style=\"text-align: center;width: 200px;vertical-align: middle\">\ud83c\uddfa\ud83c\uddf8 KC Lightfoot<br \/>\n5.70 m<\/td>\n<\/tr>\n<\/tbody>\n<\/table>\n<\/div>\n<p><span style=\"font-size: 14px;\"><em>PB : Record personnel<br \/>\nWL : Meilleure performance mondiale de la saison<br \/>\nSB : Meilleure performance personnelle de la saison<br \/>\n<\/em><\/span><\/p>\n<p>&nbsp;<\/p>\n<p><!--nextpage--><\/p>\n<h3>Femmes<\/h3>\n<div class=\"su-table su-table-alternate\">\n<table style=\"width: 800px;border-collapse: collapse\">\n<tbody>\n<tr>\n<td style=\"text-align: center;width: 200px;vertical-align: middle\"><strong>\u00c9preuves<\/strong><\/td>\n<td style=\"text-align: center;width: 200px;vertical-align: middle;background-color: #ffffff\"><strong> 1\u00e8re<\/strong><\/td>\n<td style=\"text-align: center;width: 200px;vertical-align: middle;background-color: #ffffff\"><strong>2e<\/strong><\/td>\n<td style=\"text-align: center;width: 200px;vertical-align: middle;background-color: #ffffff\"><strong>3e<\/strong><\/td>\n<\/tr>\n<tr>\n<td style=\"text-align: center;width: 200px;vertical-align: middle\"><strong>60 m handisport<br \/>\n<span style=\"font-size: 12px\"><em>R\u00e9sultats<\/em><\/span><\/strong><\/td>\n<td style=\"text-align: center;width: 200px;vertical-align: middle\">\ud83c\uddeb\ud83c\uddf7 <strong>Marie Ngoussou<br \/>\n8.02 MR<\/strong><\/td>\n<td style=\"text-align: center;width: 200px;vertical-align: middle\">\ud83c\uddeb\ud83c\uddf7 Sofia Pace<br \/>\n\ud83c\uddeb\ud83c\uddf7 C\u00e9lia Terki<br \/>\n8.63<\/td>\n<td style=\"text-align: center;width: 200px;vertical-align: middle\">&#8211;<\/td>\n<\/tr>\n<tr>\n<td style=\"text-align: center;width: 200px;vertical-align: middle\"><strong>60 m<br \/>\n<span style=\"font-size: 12px\"><em>R\u00e9sultats<\/em><\/span><br \/>\n<\/strong><\/td>\n<td style=\"width: 200px;text-align: center\">\ud83c\uddeb\ud83c\uddf7 <strong>G\u00e9mima Joseph<br \/>\n7.23<\/strong><\/td>\n<td style=\"width: 200px;text-align: center\"><strong>\ud83c\udde7\ud83c\uddea<\/strong> Delphine Nkansa<br \/>\n7.25<\/td>\n<td style=\"width: 200px;text-align: center\">\ud83c\uddeb\ud83c\uddf7 H\u00e9l\u00e8ne Parisot<br \/>\n7.26 <strong>PB<\/strong><\/td>\n<\/tr>\n<tr>\n<td style=\"text-align: center;width: 200px;vertical-align: middle\"><strong>60 m haies<br \/>\n<span style=\"font-size: 12px\"><em>R\u00e9sultats<\/em><\/span><br \/>\n<\/strong><\/td>\n<td style=\"text-align: center;width: 200px;vertical-align: middle\"><\/td>\n<td style=\"text-align: center;width: 200px;vertical-align: middle\"><\/td>\n<td style=\"text-align: center;width: 200px;vertical-align: middle\">\ud83c\uddef\ud83c\uddf2 Crystal Morrison<br \/>\n8.01 <strong>PB<\/strong><\/td>\n<\/tr>\n<tr>\n<td style=\"text-align: center;width: 200px;vertical-align: middle\"><strong>Saut en longueur<br \/>\n<span style=\"font-size: 12px\"><em>R\u00e9sultats<\/em><\/span><br \/>\n<\/strong><\/td>\n<td style=\"text-align: center;width: 200px;vertical-align: middle\">\ud83c\udde8\ud83c\udded <strong>Annik Kalin<\/strong><br \/>\n<strong>6.77 m MR<\/strong><\/td>\n<td style=\"text-align: center;width: 200px;vertical-align: middle\">\n6.58 m<\/td>\n<td style=\"text-align: center;width: 200px;vertical-align: middle\">\ud83c\uddeb\ud83c\uddf7 Rogilia Bissemo<br \/>\n6.46 m<\/td>\n<\/tr>\n<\/tbody>\n<\/table>\n<\/div>\n<span style=\"font-size: 14px;\"><em>MR : record du meeting<br \/>\nPB : record personnel<\/em><\/span><\/p>\n<p>&nbsp;<\/p>\n<h3 style=\"text-align: justify;\">Hommes<\/h3>\n<div class=\"su-table su-table-alternate\">\n<table style=\"width: 800px;border-collapse: collapse\">\n<tbody>\n<tr>\n<td style=\"text-align: center;width: 200px;vertical-align: middle\"><strong>\u00c9preuves<\/strong><\/td>\n<td style=\"text-align: center;width: 200px;vertical-align: middle;background-color: #ffffff\"><strong> 1er<\/strong><\/td>\n<td style=\"text-align: center;width: 200px;vertical-align: middle;background-color: #ffffff\"><strong>2e<\/strong><\/td>\n<td style=\"text-align: center;width: 200px;vertical-align: middle;background-color: #ffffff\"><strong>3e<\/strong><\/td>\n<\/tr>\n<tr>\n<td style=\"text-align: center;width: 200px;vertical-align: middle\"><strong>60 m handisport<br \/>\n<span style=\"font-size: 12px\"><em>R\u00e9sultats<\/em><\/span><br \/>\n<\/strong><\/td>\n<td style=\"text-align: center;width: 200px;vertical-align: middle\">\ud83c\uddeb\ud83c\uddf7 <strong>Timoth\u00e9e Adolphe<br \/>\n7.17 SB<\/strong><\/td>\n<td style=\"text-align: center;width: 200px;vertical-align: middle\">\ud83c\uddeb\ud83c\uddf7 Kerrian Malcoste<br \/>\n7.68 <strong>SB<\/strong><\/td>\n<td style=\"text-align: center;width: 200px;vertical-align: middle\">\ud83c\uddeb\ud83c\uddf7 Evan Thebault<br \/>\n7.86 <strong>SB<\/strong><\/td>\n<\/tr>\n<tr>\n<td style=\"text-align: center;width: 200px;vertical-align: middle\"><strong>60 m<br \/>\n<span style=\"font-size: 12px\"><em>R\u00e9sultats<\/em><\/span><br \/>\n<\/strong><\/td>\n<td style=\"width: 200px;text-align: center\">\ud83c\uddf4\ud83c\uddf2 <strong>Ali Anwar Ali Al Balushi<\/strong><br \/>\n<strong>6.53 SB<\/strong><\/td>\n<td style=\"width: 200px;text-align: center\">\ud83c\udde8\ud83c\uddfa Reynier Mena<br \/>\n6.57<\/td>\n<td style=\"width: 200px;text-align: center\">\ud83c\uddf8\ud83c\uddf3 Mamadou Fall Sarr<\/td>\n<\/tr>\n<tr>\n<td style=\"text-align: center;width: 200px;vertical-align: middle\"><strong><span style=\"font-size: 16px\">6<\/span>0 m haies<br \/>\n<span style=\"font-size: 12px\"><em>R\u00e9sultats<\/em><\/span><br \/>\n<\/strong><\/td>\n<td style=\"text-align: center;width: 200px;vertical-align: middle\">\ud83c\uddeb\ud83c\uddf7 <strong>Wilhem Belocian<\/strong><br \/>\n\ud83c\uddeb\ud83c\uddf7\u00a0<strong>Just Kwaou-Mathey =SB<br \/>\n7.52 (0.516)<\/strong><\/td>\n<td style=\"text-align: center;width: 200px;vertical-align: middle\">&#8211;<\/td>\n<td style=\"text-align: center;width: 200px;vertical-align: middle\">\ud83c\udde8\ud83c\udded Jason Joseph<br \/>\n7.52 (0.520) <strong>SB<\/strong><\/td>\n<\/tr>\n<tr>\n<td style=\"text-align: center;width: 200px;vertical-align: middle\"><strong>Saut \u00e0 la perche<br \/>\n<span style=\"font-size: 12px\"><em>R\u00e9sultats<\/em><\/span><br \/>\n<\/strong><\/td>\n<td style=\"text-align: center;width: 200px;vertical-align: middle\">\ud83c\uddfa\ud83c\uddf8 <strong>Jacob Wooten<\/strong><br \/>\n<strong>5.60 m<\/strong><\/td>\n<td style=\"text-align: center;width: 200px;vertical-align: middle\">\ud83c\uddfa\ud83c\uddf8 Cole Walsh<br \/>\n5.60 m<\/td>\n<td style=\"text-align: center;width: 200px;vertical-align: middle\">\ud83c\uddfa\ud83c\uddf8 Nate Richartz<br \/>\n5.60 m <strong>SB<\/strong><\/td>\n<\/tr>\n<\/tbody>\n<\/table>\n<\/div>\n<span style=\"font-size: 14px;\"><em>SB : meilleure performance personnelle de la saison<\/em><\/span><\/p>\n<p>&nbsp;<\/p>\n<p>&nbsp;<\/p>\n","protected":false},"excerpt":{"rendered":"<p>Retrouvez le programme et les r\u00e9sultats du Meeting de Paris indoor, qui se d\u00e9roule le dimanche 25 janvier 2026.<\/p>\n","protected":false},"author":12,"featured_media":639942,"comment_status":"open","ping_status":"closed","sticky":false,"template":"","format":"standard","meta":{"_acf_changed":false,"_daextam_enable_autolinks":"1","footnotes":""},"categories":[2308],"tags":[143,16878,3698],"class_list":["post-639848","post","type-post","status-publish","format-standard","has-post-thumbnail","hentry","category-athletisme","tag-athletisme","tag-breve","tag-meeting-de-paris-indoor"],"acf":[],"yoast_head":"<!-- This site is optimized with the Yoast SEO Premium plugin v26.7 (Yoast SEO v26.7) - https:\/\/yoast.com\/wordpress\/plugins\/seo\/ -->\n<title>Athl\u00e9tisme - Meeting de Paris indoor 2026 : Programme et r\u00e9sultats - Dicodusport<\/title>\n<meta name=\"description\" content=\"Retrouvez le programme et les r\u00e9sultats du Meeting de Paris indoor, qui se d\u00e9roule le dimanche 25 janvier 2026.\" \/>\n<meta name=\"robots\" content=\"index, follow, max-snippet:-1, max-image-preview:large, max-video-preview:-1\" \/>\n<link rel=\"canonical\" href=\"https:\/\/dicodusport.fr\/blog\/meeting-de-paris-indoor-2026-programme-et-resultats\/\" \/>\n<link rel=\"next\" href=\"https:\/\/dicodusport.fr\/blog\/meeting-de-paris-indoor-2026-programme-et-resultats\/2\/\" \/>\n<meta property=\"og:locale\" content=\"fr_FR\" \/>\n<meta property=\"og:type\" content=\"article\" \/>\n<meta property=\"og:title\" content=\"Meeting de Paris indoor 2026 : Programme et r\u00e9sultats\" \/>\n<meta property=\"og:description\" content=\"Retrouvez le programme et les r\u00e9sultats du Meeting de Paris indoor, qui se d\u00e9roule le dimanche 25 janvier 2026.\" \/>\n<meta property=\"og:url\" content=\"https:\/\/dicodusport.fr\/blog\/meeting-de-paris-indoor-2026-programme-et-resultats\/\" \/>\n<meta property=\"og:site_name\" content=\"Dicodusport\" \/>\n<meta property=\"article:publisher\" content=\"https:\/\/www.facebook.com\/dicodusport\" \/>\n<meta property=\"article:published_time\" content=\"2026-01-25T17:04:29+00:00\" \/>\n<meta property=\"article:modified_time\" content=\"2026-01-25T17:05:04+00:00\" \/>\n<meta property=\"og:image\" content=\"https:\/\/dicodusport.fr\/blog\/wp-content\/uploads\/2026\/01\/Meeting-de-Paris-indoor-2026-Programme-et-resultats.png\" \/>\n\t<meta property=\"og:image:width\" content=\"1200\" \/>\n\t<meta property=\"og:image:height\" content=\"674\" \/>\n\t<meta property=\"og:image:type\" content=\"image\/png\" \/>\n<meta name=\"author\" content=\"Arlette Yeye\" \/>\n<meta name=\"twitter:card\" content=\"summary_large_image\" \/>\n<meta name=\"twitter:title\" content=\"Meeting de Paris indoor 2026 : Programme et r\u00e9sultats\" \/>\n<meta name=\"twitter:creator\" content=\"@https:\/\/twitter.com\/Shiclette94\" \/>\n<meta name=\"twitter:site\" content=\"@dicodusport\" \/>\n<script type=\"application\/ld+json\" class=\"yoast-schema-graph\">{\"@context\":\"https:\/\/schema.org\",\"@graph\":[{\"@type\":\"NewsArticle\",\"@id\":\"https:\/\/dicodusport.fr\/blog\/meeting-de-paris-indoor-2026-programme-et-resultats\/#article\",\"isPartOf\":{\"@id\":\"https:\/\/dicodusport.fr\/blog\/meeting-de-paris-indoor-2026-programme-et-resultats\/\"},\"author\":{\"name\":\"Arlette Yeye\",\"@id\":\"https:\/\/dicodusport.fr\/blog\/#\/schema\/person\/cce96fa88785bd8573e3d43078ac8c79\"},\"headline\":\"Meeting de Paris indoor 2026 : Programme et r\u00e9sultats\",\"datePublished\":\"2026-01-25T17:04:29+00:00\",\"dateModified\":\"2026-01-25T17:05:04+00:00\",\"mainEntityOfPage\":{\"@id\":\"https:\/\/dicodusport.fr\/blog\/meeting-de-paris-indoor-2026-programme-et-resultats\/\"},\"wordCount\":652,\"commentCount\":0,\"publisher\":{\"@id\":\"https:\/\/dicodusport.fr\/blog\/#organization\"},\"image\":{\"@id\":\"https:\/\/dicodusport.fr\/blog\/meeting-de-paris-indoor-2026-programme-et-resultats\/#primaryimage\"},\"thumbnailUrl\":\"https:\/\/dicodusport.fr\/blog\/wp-content\/uploads\/2026\/01\/Meeting-de-Paris-indoor-2026-Programme-et-resultats.png\",\"keywords\":[\"Athl\u00e9tisme\",\"br\u00e8ve\",\"meeting de Paris indoor\"],\"articleSection\":[\"Athl\u00e9tisme\"],\"inLanguage\":\"fr-FR\",\"potentialAction\":[{\"@type\":\"CommentAction\",\"name\":\"Comment\",\"target\":[\"https:\/\/dicodusport.fr\/blog\/meeting-de-paris-indoor-2026-programme-et-resultats\/#respond\"]}],\"copyrightYear\":\"2026\",\"copyrightHolder\":{\"@id\":\"https:\/\/dicodusport.fr\/blog\/#organization\"}},{\"@type\":\"WebPage\",\"@id\":\"https:\/\/dicodusport.fr\/blog\/meeting-de-paris-indoor-2026-programme-et-resultats\/\",\"url\":\"https:\/\/dicodusport.fr\/blog\/meeting-de-paris-indoor-2026-programme-et-resultats\/\",\"name\":\"Athl\u00e9tisme - Meeting de Paris indoor 2026 : Programme et r\u00e9sultats - Dicodusport\",\"isPartOf\":{\"@id\":\"https:\/\/dicodusport.fr\/blog\/#website\"},\"primaryImageOfPage\":{\"@id\":\"https:\/\/dicodusport.fr\/blog\/meeting-de-paris-indoor-2026-programme-et-resultats\/#primaryimage\"},\"image\":{\"@id\":\"https:\/\/dicodusport.fr\/blog\/meeting-de-paris-indoor-2026-programme-et-resultats\/#primaryimage\"},\"thumbnailUrl\":\"https:\/\/dicodusport.fr\/blog\/wp-content\/uploads\/2026\/01\/Meeting-de-Paris-indoor-2026-Programme-et-resultats.png\",\"datePublished\":\"2026-01-25T17:04:29+00:00\",\"dateModified\":\"2026-01-25T17:05:04+00:00\",\"description\":\"Retrouvez le programme et les r\u00e9sultats du Meeting de Paris indoor, qui se d\u00e9roule le dimanche 25 janvier 2026.\",\"inLanguage\":\"fr-FR\",\"potentialAction\":[{\"@type\":\"ReadAction\",\"target\":[\"https:\/\/dicodusport.fr\/blog\/meeting-de-paris-indoor-2026-programme-et-resultats\/\"]}]},{\"@type\":\"ImageObject\",\"inLanguage\":\"fr-FR\",\"@id\":\"https:\/\/dicodusport.fr\/blog\/meeting-de-paris-indoor-2026-programme-et-resultats\/#primaryimage\",\"url\":\"https:\/\/dicodusport.fr\/blog\/wp-content\/uploads\/2026\/01\/Meeting-de-Paris-indoor-2026-Programme-et-resultats.png\",\"contentUrl\":\"https:\/\/dicodusport.fr\/blog\/wp-content\/uploads\/2026\/01\/Meeting-de-Paris-indoor-2026-Programme-et-resultats.png\",\"width\":1200,\"height\":674,\"caption\":\"Meeting de Paris indoor 2026 Programme et r\u00e9sultats\"},{\"@type\":\"WebSite\",\"@id\":\"https:\/\/dicodusport.fr\/blog\/#website\",\"url\":\"https:\/\/dicodusport.fr\/blog\/\",\"name\":\"Dicodusport\",\"description\":\"L&#039;encyclop\u00e9die de l&#039;actualit\u00e9 sportive\",\"publisher\":{\"@id\":\"https:\/\/dicodusport.fr\/blog\/#organization\"},\"potentialAction\":[{\"@type\":\"SearchAction\",\"target\":{\"@type\":\"EntryPoint\",\"urlTemplate\":\"https:\/\/dicodusport.fr\/blog\/?s={search_term_string}\"},\"query-input\":{\"@type\":\"PropertyValueSpecification\",\"valueRequired\":true,\"valueName\":\"search_term_string\"}}],\"inLanguage\":\"fr-FR\"},{\"@type\":\"NewsMediaOrganization\",\"@id\":\"https:\/\/dicodusport.fr\/blog\/#organization\",\"name\":\"Dicodusport\",\"url\":\"https:\/\/dicodusport.fr\/blog\/\",\"logo\":{\"@type\":\"ImageObject\",\"inLanguage\":\"fr-FR\",\"@id\":\"https:\/\/dicodusport.fr\/blog\/#\/schema\/logo\/image\/\",\"url\":\"https:\/\/dicodusport.fr\/blog\/wp-content\/uploads\/2020\/06\/cropped-LOGO-DICODUSPORT-2020-SANS-FOND-SANS-TEXTE.png\",\"contentUrl\":\"https:\/\/dicodusport.fr\/blog\/wp-content\/uploads\/2020\/06\/cropped-LOGO-DICODUSPORT-2020-SANS-FOND-SANS-TEXTE.png\",\"width\":512,\"height\":512,\"caption\":\"Dicodusport\"},\"image\":{\"@id\":\"https:\/\/dicodusport.fr\/blog\/#\/schema\/logo\/image\/\"},\"sameAs\":[\"https:\/\/www.facebook.com\/dicodusport\",\"https:\/\/x.com\/dicodusport\",\"https:\/\/www.instagram.com\/dicodusport\/\",\"https:\/\/www.youtube.com\/channel\/UC7V2KZ5sd3htJivAbA4ZG3w\"],\"description\":\"Dicodusport est l'encyclop\u00e9die de l'actualit\u00e9 sportive.\",\"email\":\"bonjour@dicodusport.fr\",\"legalName\":\"DICODUSPORT\",\"foundingDate\":\"2018-01-14\",\"vatID\":\"FR71834470973\",\"taxID\":\"83447097300043\",\"numberOfEmployees\":{\"@type\":\"QuantitativeValue\",\"minValue\":\"1\",\"maxValue\":\"10\"}},{\"@type\":\"Person\",\"@id\":\"https:\/\/dicodusport.fr\/blog\/#\/schema\/person\/cce96fa88785bd8573e3d43078ac8c79\",\"name\":\"Arlette Yeye\",\"image\":{\"@type\":\"ImageObject\",\"inLanguage\":\"fr-FR\",\"@id\":\"https:\/\/dicodusport.fr\/blog\/#\/schema\/person\/image\/\",\"url\":\"https:\/\/secure.gravatar.com\/avatar\/dca4a6239e6d708e46c45d60e160de6c?s=96&d=wp_user_avatar&r=g\",\"contentUrl\":\"https:\/\/secure.gravatar.com\/avatar\/dca4a6239e6d708e46c45d60e160de6c?s=96&d=wp_user_avatar&r=g\",\"caption\":\"Arlette Yeye\"},\"description\":\"Journaliste\/r\u00e9dactrice depuis septembre 2015 - Supportrice de Chelsea, j'ai pour sports de pr\u00e9dilection le handball, l'athl\u00e9tisme et le tennis. Si je tweete plus vite que mon ombre, vous pouvez aussi me retrouver les week-ends sur les playgrounds de Bruxelles pour un petit foot ou basket entre potes. Parcourir la France, l'Europe et plus si affinit\u00e9s pour suivre mes sportifs pr\u00e9f\u00e9r\u00e9s ? Mon kif ! Et c'est avec plaisir que je partage les r\u00e9sultats des sports populaires mais \u00e9galement plus confidentiels pour Dicodusport.\",\"sameAs\":[\"https:\/\/x.com\/https:\/\/twitter.com\/Shiclette94\"],\"url\":\"https:\/\/dicodusport.fr\/blog\/author\/arlette\/\"}]}<\/script>\n<!-- \/ Yoast SEO Premium plugin. -->","yoast_head_json":{"title":"Athl\u00e9tisme - Meeting de Paris indoor 2026 : Programme et r\u00e9sultats - Dicodusport","description":"Retrouvez le programme et les r\u00e9sultats du Meeting de Paris indoor, qui se d\u00e9roule le dimanche 25 janvier 2026.","robots":{"index":"index","follow":"follow","max-snippet":"max-snippet:-1","max-image-preview":"max-image-preview:large","max-video-preview":"max-video-preview:-1"},"canonical":"https:\/\/dicodusport.fr\/blog\/meeting-de-paris-indoor-2026-programme-et-resultats\/","next":"https:\/\/dicodusport.fr\/blog\/meeting-de-paris-indoor-2026-programme-et-resultats\/2\/","og_locale":"fr_FR","og_type":"article","og_title":"Meeting de Paris indoor 2026 : Programme et r\u00e9sultats","og_description":"Retrouvez le programme et les r\u00e9sultats du Meeting de Paris indoor, qui se d\u00e9roule le dimanche 25 janvier 2026.","og_url":"https:\/\/dicodusport.fr\/blog\/meeting-de-paris-indoor-2026-programme-et-resultats\/","og_site_name":"Dicodusport","article_publisher":"https:\/\/www.facebook.com\/dicodusport","article_published_time":"2026-01-25T17:04:29+00:00","article_modified_time":"2026-01-25T17:05:04+00:00","og_image":[{"width":1200,"height":674,"url":"https:\/\/dicodusport.fr\/blog\/wp-content\/uploads\/2026\/01\/Meeting-de-Paris-indoor-2026-Programme-et-resultats.png","type":"image\/png"}],"author":"Arlette Yeye","twitter_card":"summary_large_image","twitter_title":"Meeting de Paris indoor 2026 : Programme et r\u00e9sultats","twitter_creator":"@https:\/\/twitter.com\/Shiclette94","twitter_site":"@dicodusport","schema":{"@context":"https:\/\/schema.org","@graph":[{"@type":"NewsArticle","@id":"https:\/\/dicodusport.fr\/blog\/meeting-de-paris-indoor-2026-programme-et-resultats\/#article","isPartOf":{"@id":"https:\/\/dicodusport.fr\/blog\/meeting-de-paris-indoor-2026-programme-et-resultats\/"},"author":{"name":"Arlette Yeye","@id":"https:\/\/dicodusport.fr\/blog\/#\/schema\/person\/cce96fa88785bd8573e3d43078ac8c79"},"headline":"Meeting de Paris indoor 2026 : Programme et r\u00e9sultats","datePublished":"2026-01-25T17:04:29+00:00","dateModified":"2026-01-25T17:05:04+00:00","mainEntityOfPage":{"@id":"https:\/\/dicodusport.fr\/blog\/meeting-de-paris-indoor-2026-programme-et-resultats\/"},"wordCount":652,"commentCount":0,"publisher":{"@id":"https:\/\/dicodusport.fr\/blog\/#organization"},"image":{"@id":"https:\/\/dicodusport.fr\/blog\/meeting-de-paris-indoor-2026-programme-et-resultats\/#primaryimage"},"thumbnailUrl":"https:\/\/dicodusport.fr\/blog\/wp-content\/uploads\/2026\/01\/Meeting-de-Paris-indoor-2026-Programme-et-resultats.png","keywords":["Athl\u00e9tisme","br\u00e8ve","meeting de Paris indoor"],"articleSection":["Athl\u00e9tisme"],"inLanguage":"fr-FR","potentialAction":[{"@type":"CommentAction","name":"Comment","target":["https:\/\/dicodusport.fr\/blog\/meeting-de-paris-indoor-2026-programme-et-resultats\/#respond"]}],"copyrightYear":"2026","copyrightHolder":{"@id":"https:\/\/dicodusport.fr\/blog\/#organization"}},{"@type":"WebPage","@id":"https:\/\/dicodusport.fr\/blog\/meeting-de-paris-indoor-2026-programme-et-resultats\/","url":"https:\/\/dicodusport.fr\/blog\/meeting-de-paris-indoor-2026-programme-et-resultats\/","name":"Athl\u00e9tisme - Meeting de Paris indoor 2026 : Programme et r\u00e9sultats - Dicodusport","isPartOf":{"@id":"https:\/\/dicodusport.fr\/blog\/#website"},"primaryImageOfPage":{"@id":"https:\/\/dicodusport.fr\/blog\/meeting-de-paris-indoor-2026-programme-et-resultats\/#primaryimage"},"image":{"@id":"https:\/\/dicodusport.fr\/blog\/meeting-de-paris-indoor-2026-programme-et-resultats\/#primaryimage"},"thumbnailUrl":"https:\/\/dicodusport.fr\/blog\/wp-content\/uploads\/2026\/01\/Meeting-de-Paris-indoor-2026-Programme-et-resultats.png","datePublished":"2026-01-25T17:04:29+00:00","dateModified":"2026-01-25T17:05:04+00:00","description":"Retrouvez le programme et les r\u00e9sultats du Meeting de Paris indoor, qui se d\u00e9roule le dimanche 25 janvier 2026.","inLanguage":"fr-FR","potentialAction":[{"@type":"ReadAction","target":["https:\/\/dicodusport.fr\/blog\/meeting-de-paris-indoor-2026-programme-et-resultats\/"]}]},{"@type":"ImageObject","inLanguage":"fr-FR","@id":"https:\/\/dicodusport.fr\/blog\/meeting-de-paris-indoor-2026-programme-et-resultats\/#primaryimage","url":"https:\/\/dicodusport.fr\/blog\/wp-content\/uploads\/2026\/01\/Meeting-de-Paris-indoor-2026-Programme-et-resultats.png","contentUrl":"https:\/\/dicodusport.fr\/blog\/wp-content\/uploads\/2026\/01\/Meeting-de-Paris-indoor-2026-Programme-et-resultats.png","width":1200,"height":674,"caption":"Meeting de Paris indoor 2026 Programme et r\u00e9sultats"},{"@type":"WebSite","@id":"https:\/\/dicodusport.fr\/blog\/#website","url":"https:\/\/dicodusport.fr\/blog\/","name":"Dicodusport","description":"L&#039;encyclop\u00e9die de l&#039;actualit\u00e9 sportive","publisher":{"@id":"https:\/\/dicodusport.fr\/blog\/#organization"},"potentialAction":[{"@type":"SearchAction","target":{"@type":"EntryPoint","urlTemplate":"https:\/\/dicodusport.fr\/blog\/?s={search_term_string}"},"query-input":{"@type":"PropertyValueSpecification","valueRequired":true,"valueName":"search_term_string"}}],"inLanguage":"fr-FR"},{"@type":"NewsMediaOrganization","@id":"https:\/\/dicodusport.fr\/blog\/#organization","name":"Dicodusport","url":"https:\/\/dicodusport.fr\/blog\/","logo":{"@type":"ImageObject","inLanguage":"fr-FR","@id":"https:\/\/dicodusport.fr\/blog\/#\/schema\/logo\/image\/","url":"https:\/\/dicodusport.fr\/blog\/wp-content\/uploads\/2020\/06\/cropped-LOGO-DICODUSPORT-2020-SANS-FOND-SANS-TEXTE.png","contentUrl":"https:\/\/dicodusport.fr\/blog\/wp-content\/uploads\/2020\/06\/cropped-LOGO-DICODUSPORT-2020-SANS-FOND-SANS-TEXTE.png","width":512,"height":512,"caption":"Dicodusport"},"image":{"@id":"https:\/\/dicodusport.fr\/blog\/#\/schema\/logo\/image\/"},"sameAs":["https:\/\/www.facebook.com\/dicodusport","https:\/\/x.com\/dicodusport","https:\/\/www.instagram.com\/dicodusport\/","https:\/\/www.youtube.com\/channel\/UC7V2KZ5sd3htJivAbA4ZG3w"],"description":"Dicodusport est l'encyclop\u00e9die de l'actualit\u00e9 sportive.","email":"bonjour@dicodusport.fr","legalName":"DICODUSPORT","foundingDate":"2018-01-14","vatID":"FR71834470973","taxID":"83447097300043","numberOfEmployees":{"@type":"QuantitativeValue","minValue":"1","maxValue":"10"}},{"@type":"Person","@id":"https:\/\/dicodusport.fr\/blog\/#\/schema\/person\/cce96fa88785bd8573e3d43078ac8c79","name":"Arlette Yeye","image":{"@type":"ImageObject","inLanguage":"fr-FR","@id":"https:\/\/dicodusport.fr\/blog\/#\/schema\/person\/image\/","url":"https:\/\/secure.gravatar.com\/avatar\/dca4a6239e6d708e46c45d60e160de6c?s=96&d=wp_user_avatar&r=g","contentUrl":"https:\/\/secure.gravatar.com\/avatar\/dca4a6239e6d708e46c45d60e160de6c?s=96&d=wp_user_avatar&r=g","caption":"Arlette Yeye"},"description":"Journaliste\/r\u00e9dactrice depuis septembre 2015 - Supportrice de Chelsea, j'ai pour sports de pr\u00e9dilection le handball, l'athl\u00e9tisme et le tennis. Si je tweete plus vite que mon ombre, vous pouvez aussi me retrouver les week-ends sur les playgrounds de Bruxelles pour un petit foot ou basket entre potes. Parcourir la France, l'Europe et plus si affinit\u00e9s pour suivre mes sportifs pr\u00e9f\u00e9r\u00e9s ? Mon kif ! Et c'est avec plaisir que je partage les r\u00e9sultats des sports populaires mais \u00e9galement plus confidentiels pour Dicodusport.","sameAs":["https:\/\/x.com\/https:\/\/twitter.com\/Shiclette94"],"url":"https:\/\/dicodusport.fr\/blog\/author\/arlette\/"}]}},"_links":{"self":[{"href":"https:\/\/dicodusport.fr\/blog\/wp-json\/wp\/v2\/posts\/639848","targetHints":{"allow":["GET"]}}],"collection":[{"href":"https:\/\/dicodusport.fr\/blog\/wp-json\/wp\/v2\/posts"}],"about":[{"href":"https:\/\/dicodusport.fr\/blog\/wp-json\/wp\/v2\/types\/post"}],"author":[{"embeddable":true,"href":"https:\/\/dicodusport.fr\/blog\/wp-json\/wp\/v2\/users\/12"}],"replies":[{"embeddable":true,"href":"https:\/\/dicodusport.fr\/blog\/wp-json\/wp\/v2\/comments?post=639848"}],"version-history":[{"count":6,"href":"https:\/\/dicodusport.fr\/blog\/wp-json\/wp\/v2\/posts\/639848\/revisions"}],"predecessor-version":[{"id":641554,"href":"https:\/\/dicodusport.fr\/blog\/wp-json\/wp\/v2\/posts\/639848\/revisions\/641554"}],"wp:featuredmedia":[{"embeddable":true,"href":"https:\/\/dicodusport.fr\/blog\/wp-json\/wp\/v2\/media\/639942"}],"wp:attachment":[{"href":"https:\/\/dicodusport.fr\/blog\/wp-json\/wp\/v2\/media?parent=639848"}],"wp:term":[{"taxonomy":"category","embeddable":true,"href":"https:\/\/dicodusport.fr\/blog\/wp-json\/wp\/v2\/categories?post=639848"},{"taxonomy":"post_tag","embeddable":true,"href":"https:\/\/dicodusport.fr\/blog\/wp-json\/wp\/v2\/tags?post=639848"}],"curies":[{"name":"wp","href":"https:\/\/api.w.org\/{rel}","templated":true}]}}