{"id":639946,"date":"2026-01-20T13:53:28","date_gmt":"2026-01-20T12:53:28","guid":{"rendered":"https:\/\/dicodusport.fr\/blog\/?p=639946&#038;preview=true&#038;preview_id=639946"},"modified":"2026-01-20T13:55:54","modified_gmt":"2026-01-20T12:55:54","slug":"botet-chauveau-guigonnat-la-solide-selection-francaise-pour-les-championnats-deurope-de-biathlon-a-sjusjoen","status":"publish","type":"post","link":"https:\/\/dicodusport.fr\/blog\/botet-chauveau-guigonnat-la-solide-selection-francaise-pour-les-championnats-deurope-de-biathlon-a-sjusjoen\/","title":{"rendered":"Botet, Chauveau, Guigonnat : La solide s\u00e9lection fran\u00e7aise pour les Championnats d\u2019Europe de biathlon \u00e0 Sjusjoen."},"content":{"rendered":"<p style=\"text-align: justify;\"><em><strong>BIATHLON &#8211; De Paula Botet \u00e0 Sophie Chauveau, l\u2019\u00e9quipe de France arrivera en Norv\u00e8ge avec de s\u00e9rieux atouts pour tenter de d\u00e9crocher un titre europ\u00e9en.<\/strong><\/em><\/p>\n<p style=\"text-align: justify;\"><a href=\"https:\/\/ffs.fr\/selections\/championnats-deurope-de-biathlon-a-sjusjoen\/\">La FFS a d\u00e9voil\u00e9 ce mardi les noms des biathl\u00e8tes qui prendront part aux Championnats d\u2019Europe de Sjusjoen<\/a>, qui d\u00e9buteront le 28 janvier prochain, une semaine avant le lancement des Jeux Olympiques de Milan-Cortina. Un effectif bien r\u00f4d\u00e9 pour l\u2019\u00e9quipe de France, \u00e0 la hauteur des ambitions.<\/p>\n<h2>La France sort l&rsquo;artillerie lourde<\/h2>\n<p style=\"text-align: justify;\">En t\u00eate du classement g\u00e9n\u00e9ral de l\u2019IBU Cup, <strong>Paula Botet<\/strong> tentera de valider <a href=\"https:\/\/dicodusport.fr\/blog\/paula-botet-conforte-son-statut-de-leader-en-ibu-cup-en-sadjugeant-le-sprint-de-brezno-osrblie-devant-gilonne-guigonnat\/\">ses prestations convaincantes des derniers rendez-vous<\/a> et succ\u00e9der \u00e0 <strong>Amandine Mengin<\/strong>, m\u00e9daill\u00e9e lors de la derni\u00e8re \u00e9dition et \u00e9galement pr\u00e9sente pour ces Championnats d\u2019Europe dans le groupe tricolore. Port\u00e9e par une belle forme sur les skis cette saison, <strong>Sophie Chauveau<\/strong> peut \u00e9galement s\u2019offrir un beau r\u00e9sultat. Tout comme <strong>Voldiya Galmace-Paulin<\/strong> et <strong>C\u00e9lia Henaff<\/strong>, qui compl\u00e8tent cette s\u00e9lection f\u00e9minine tr\u00e8s dense.<\/p>\n<p style=\"text-align: justify;\">Chez les hommes, l\u2019exp\u00e9riment\u00e9 <strong>Antonin Guigonnat<\/strong> m\u00e8nera les jeunes troupes. Avec <strong>L\u00e9o Carlier<\/strong>, <strong>Valentin Lejeune<\/strong>, <strong>Damien Levet<\/strong>, <strong>Ga\u00ebtan Paturel<\/strong> et <strong>Guillaume Poirot<\/strong>, les Fran\u00e7ais essaieront de rivaliser avec l\u2019armada norv\u00e9gienne, qui avait rafl\u00e9 une grande partie des \u00e9preuves l\u2019an pass\u00e9.<\/p>\n<blockquote class=\"twitter-tweet\">\n<p dir=\"ltr\" lang=\"fr\">Sjusjoen \ud83c\uddf3\ud83c\uddf4\ud83d\udd1c<\/p>\n<p>La s\u00e9lection de nos tricolores \ud83c\uddeb\ud83c\uddf7 pour les championnats d&rsquo;Europe de biathlon en Norv\u00e8ge, du 28 janvier au 01 f\u00e9vrier 2026 \ud83c\udfc6<\/p>\n<p>\ud83c\uddeb\ud83c\uddf7\u27a1\ufe0f <a href=\"https:\/\/t.co\/BvbzNpHW5X\">https:\/\/t.co\/BvbzNpHW5X<\/a><\/p>\n<p>\ud83d\udcf8 Nordic Focus <a href=\"https:\/\/t.co\/cFKp1uMKSX\">pic.twitter.com\/cFKp1uMKSX<\/a><\/p>\n<p>\u2014 FFS &#8211; F\u00e9d\u00e9ration Fran\u00e7aise de Ski (@FedFranceSki) <a href=\"https:\/\/twitter.com\/FedFranceSki\/status\/2013568865054187675?ref_src=twsrc%5Etfw\">January 20, 2026<\/a><\/p><\/blockquote>\n<p><script async src=\"https:\/\/platform.twitter.com\/widgets.js\" charset=\"utf-8\"><\/script><\/p>\n<h3>La s\u00e9lection fran\u00e7aise :<\/h3>\n<p style=\"text-align: justify;\"><strong>Dames :<\/strong> Paula BOTET, Sophie CHAUVEAU, Voldiya GALMACE PAULIN, Gilonne GUIGONNAT, C\u00e9lia HENAFF, Amandine MENGIN<\/p>\n<p style=\"text-align: justify;\"><strong>Hommes :<\/strong> L\u00e9o CARLIER, Antonin GUIGONNAT, Valentin LEJEUNE, Damien LEVET, Ga\u00ebtan PATUREL, Guillaume POIROT<\/p>\n<div id=\"gtx-trans\" style=\"position: absolute; left: -14px; top: 40.9091px;\">\n<div class=\"gtx-trans-icon\" style=\"text-align: justify;\"><\/div>\n<\/div>\n","protected":false},"excerpt":{"rendered":"<p>BIATHLON &#8211; De Paula Botet \u00e0 Sophie Chauveau, l\u2019\u00e9quipe de France arrivera en Norv\u00e8ge avec de s\u00e9rieux atouts pour tenter de d\u00e9crocher un titre europ\u00e9en.<\/p>\n","protected":false},"author":18,"featured_media":639949,"comment_status":"open","ping_status":"closed","sticky":false,"template":"","format":"standard","meta":{"_acf_changed":false,"_daextam_enable_autolinks":"1","footnotes":""},"categories":[2426],"tags":[2427,16878,4799],"class_list":["post-639946","post","type-post","status-publish","format-standard","has-post-thumbnail","hentry","category-biathlon","tag-biathlon","tag-breve","tag-championnats-deurope"],"acf":[],"yoast_head":"<!-- This site is optimized with the Yoast SEO Premium plugin v26.7 (Yoast SEO v26.7) - https:\/\/yoast.com\/wordpress\/plugins\/seo\/ -->\n<title>Botet, Chauveau, Guigonnat : La solide s\u00e9lection fran\u00e7aise pour les Championnats d\u2019Europe de biathlon \u00e0 Sjusjoen.<\/title>\n<meta name=\"description\" content=\"BIATHLON - De Paula Botet \u00e0 Sophie Chauveau, l\u2019\u00e9quipe de France arrivera en Norv\u00e8ge avec de s\u00e9rieux atouts pour les Championnats d&#039;Europe.\" \/>\n<meta name=\"robots\" content=\"index, follow, max-snippet:-1, max-image-preview:large, max-video-preview:-1\" \/>\n<link rel=\"canonical\" href=\"https:\/\/dicodusport.fr\/blog\/botet-chauveau-guigonnat-la-solide-selection-francaise-pour-les-championnats-deurope-de-biathlon-a-sjusjoen\/\" \/>\n<meta property=\"og:locale\" content=\"fr_FR\" \/>\n<meta property=\"og:type\" content=\"article\" \/>\n<meta property=\"og:title\" content=\"Botet, Chauveau, Guigonnat : La solide s\u00e9lection fran\u00e7aise pour les Championnats d\u2019Europe de biathlon \u00e0 Sjusjoen.\" \/>\n<meta property=\"og:description\" content=\"BIATHLON - De Paula Botet \u00e0 Sophie Chauveau, l\u2019\u00e9quipe de France arrivera en Norv\u00e8ge avec de s\u00e9rieux atouts pour les Championnats d&#039;Europe.\" \/>\n<meta property=\"og:url\" content=\"https:\/\/dicodusport.fr\/blog\/botet-chauveau-guigonnat-la-solide-selection-francaise-pour-les-championnats-deurope-de-biathlon-a-sjusjoen\/\" \/>\n<meta property=\"og:site_name\" content=\"Dicodusport\" \/>\n<meta property=\"article:publisher\" content=\"https:\/\/www.facebook.com\/dicodusport\" \/>\n<meta property=\"article:author\" content=\"https:\/\/www.facebook.com\/soocube\" \/>\n<meta property=\"article:published_time\" content=\"2026-01-20T12:53:28+00:00\" \/>\n<meta property=\"article:modified_time\" content=\"2026-01-20T12:55:54+00:00\" \/>\n<meta property=\"og:image\" content=\"https:\/\/dicodusport.fr\/blog\/wp-content\/uploads\/2026\/01\/Botet-Chauveau-Guigonnat-La-solide-selection-francaise-pour-les-Championnats-dEurope-de-biathlon-a-Sjusjoen.png\" \/>\n\t<meta property=\"og:image:width\" content=\"1200\" \/>\n\t<meta property=\"og:image:height\" content=\"674\" \/>\n\t<meta property=\"og:image:type\" content=\"image\/png\" \/>\n<meta name=\"author\" content=\"Sophie Clapier\" \/>\n<meta name=\"twitter:card\" content=\"summary_large_image\" \/>\n<meta name=\"twitter:title\" content=\"Botet, Chauveau, Guigonnat : La solide s\u00e9lection fran\u00e7aise pour les Championnats d\u2019Europe de biathlon \u00e0 Sjusjoen.\" \/>\n<meta name=\"twitter:creator\" content=\"@https:\/\/twitter.com\/soocube\" \/>\n<meta name=\"twitter:site\" content=\"@dicodusport\" \/>\n<script type=\"application\/ld+json\" class=\"yoast-schema-graph\">{\"@context\":\"https:\/\/schema.org\",\"@graph\":[{\"@type\":\"NewsArticle\",\"@id\":\"https:\/\/dicodusport.fr\/blog\/botet-chauveau-guigonnat-la-solide-selection-francaise-pour-les-championnats-deurope-de-biathlon-a-sjusjoen\/#article\",\"isPartOf\":{\"@id\":\"https:\/\/dicodusport.fr\/blog\/botet-chauveau-guigonnat-la-solide-selection-francaise-pour-les-championnats-deurope-de-biathlon-a-sjusjoen\/\"},\"author\":{\"name\":\"Sophie Clapier\",\"@id\":\"https:\/\/dicodusport.fr\/blog\/#\/schema\/person\/416c975648aca9da8839bdfe333a21c9\"},\"headline\":\"Botet, Chauveau, Guigonnat : La solide s\u00e9lection fran\u00e7aise pour les Championnats d\u2019Europe de biathlon \u00e0 Sjusjoen.\",\"datePublished\":\"2026-01-20T12:53:28+00:00\",\"dateModified\":\"2026-01-20T12:55:54+00:00\",\"mainEntityOfPage\":{\"@id\":\"https:\/\/dicodusport.fr\/blog\/botet-chauveau-guigonnat-la-solide-selection-francaise-pour-les-championnats-deurope-de-biathlon-a-sjusjoen\/\"},\"wordCount\":322,\"commentCount\":0,\"publisher\":{\"@id\":\"https:\/\/dicodusport.fr\/blog\/#organization\"},\"image\":{\"@id\":\"https:\/\/dicodusport.fr\/blog\/botet-chauveau-guigonnat-la-solide-selection-francaise-pour-les-championnats-deurope-de-biathlon-a-sjusjoen\/#primaryimage\"},\"thumbnailUrl\":\"https:\/\/dicodusport.fr\/blog\/wp-content\/uploads\/2026\/01\/Botet-Chauveau-Guigonnat-La-solide-selection-francaise-pour-les-Championnats-dEurope-de-biathlon-a-Sjusjoen.png\",\"keywords\":[\"Biathlon\",\"br\u00e8ve\",\"Championnats d'Europe\"],\"articleSection\":[\"Biathlon\"],\"inLanguage\":\"fr-FR\",\"potentialAction\":[{\"@type\":\"CommentAction\",\"name\":\"Comment\",\"target\":[\"https:\/\/dicodusport.fr\/blog\/botet-chauveau-guigonnat-la-solide-selection-francaise-pour-les-championnats-deurope-de-biathlon-a-sjusjoen\/#respond\"]}],\"copyrightYear\":\"2026\",\"copyrightHolder\":{\"@id\":\"https:\/\/dicodusport.fr\/blog\/#organization\"}},{\"@type\":\"WebPage\",\"@id\":\"https:\/\/dicodusport.fr\/blog\/botet-chauveau-guigonnat-la-solide-selection-francaise-pour-les-championnats-deurope-de-biathlon-a-sjusjoen\/\",\"url\":\"https:\/\/dicodusport.fr\/blog\/botet-chauveau-guigonnat-la-solide-selection-francaise-pour-les-championnats-deurope-de-biathlon-a-sjusjoen\/\",\"name\":\"Botet, Chauveau, Guigonnat : La solide s\u00e9lection fran\u00e7aise pour les Championnats d\u2019Europe de biathlon \u00e0 Sjusjoen.\",\"isPartOf\":{\"@id\":\"https:\/\/dicodusport.fr\/blog\/#website\"},\"primaryImageOfPage\":{\"@id\":\"https:\/\/dicodusport.fr\/blog\/botet-chauveau-guigonnat-la-solide-selection-francaise-pour-les-championnats-deurope-de-biathlon-a-sjusjoen\/#primaryimage\"},\"image\":{\"@id\":\"https:\/\/dicodusport.fr\/blog\/botet-chauveau-guigonnat-la-solide-selection-francaise-pour-les-championnats-deurope-de-biathlon-a-sjusjoen\/#primaryimage\"},\"thumbnailUrl\":\"https:\/\/dicodusport.fr\/blog\/wp-content\/uploads\/2026\/01\/Botet-Chauveau-Guigonnat-La-solide-selection-francaise-pour-les-Championnats-dEurope-de-biathlon-a-Sjusjoen.png\",\"datePublished\":\"2026-01-20T12:53:28+00:00\",\"dateModified\":\"2026-01-20T12:55:54+00:00\",\"description\":\"BIATHLON - De Paula Botet \u00e0 Sophie Chauveau, l\u2019\u00e9quipe de France arrivera en Norv\u00e8ge avec de s\u00e9rieux atouts pour les Championnats d'Europe.\",\"breadcrumb\":{\"@id\":\"https:\/\/dicodusport.fr\/blog\/botet-chauveau-guigonnat-la-solide-selection-francaise-pour-les-championnats-deurope-de-biathlon-a-sjusjoen\/#breadcrumb\"},\"inLanguage\":\"fr-FR\",\"potentialAction\":[{\"@type\":\"ReadAction\",\"target\":[\"https:\/\/dicodusport.fr\/blog\/botet-chauveau-guigonnat-la-solide-selection-francaise-pour-les-championnats-deurope-de-biathlon-a-sjusjoen\/\"]}]},{\"@type\":\"ImageObject\",\"inLanguage\":\"fr-FR\",\"@id\":\"https:\/\/dicodusport.fr\/blog\/botet-chauveau-guigonnat-la-solide-selection-francaise-pour-les-championnats-deurope-de-biathlon-a-sjusjoen\/#primaryimage\",\"url\":\"https:\/\/dicodusport.fr\/blog\/wp-content\/uploads\/2026\/01\/Botet-Chauveau-Guigonnat-La-solide-selection-francaise-pour-les-Championnats-dEurope-de-biathlon-a-Sjusjoen.png\",\"contentUrl\":\"https:\/\/dicodusport.fr\/blog\/wp-content\/uploads\/2026\/01\/Botet-Chauveau-Guigonnat-La-solide-selection-francaise-pour-les-Championnats-dEurope-de-biathlon-a-Sjusjoen.png\",\"width\":1200,\"height\":674,\"caption\":\"Botet, Chauveau, Guigonnat La solide s\u00e9lection fran\u00e7aise pour les Championnats d\u2019Europe de biathlon \u00e0 Sjusjoen.\"},{\"@type\":\"BreadcrumbList\",\"@id\":\"https:\/\/dicodusport.fr\/blog\/botet-chauveau-guigonnat-la-solide-selection-francaise-pour-les-championnats-deurope-de-biathlon-a-sjusjoen\/#breadcrumb\",\"itemListElement\":[{\"@type\":\"ListItem\",\"position\":1,\"name\":\"Accueil\",\"item\":\"https:\/\/dicodusport.fr\/blog\/\"},{\"@type\":\"ListItem\",\"position\":2,\"name\":\"Botet, Chauveau, Guigonnat : La solide s\u00e9lection fran\u00e7aise pour les Championnats d\u2019Europe de biathlon \u00e0 Sjusjoen.\"}]},{\"@type\":\"WebSite\",\"@id\":\"https:\/\/dicodusport.fr\/blog\/#website\",\"url\":\"https:\/\/dicodusport.fr\/blog\/\",\"name\":\"Dicodusport\",\"description\":\"L&#039;encyclop\u00e9die de l&#039;actualit\u00e9 sportive\",\"publisher\":{\"@id\":\"https:\/\/dicodusport.fr\/blog\/#organization\"},\"potentialAction\":[{\"@type\":\"SearchAction\",\"target\":{\"@type\":\"EntryPoint\",\"urlTemplate\":\"https:\/\/dicodusport.fr\/blog\/?s={search_term_string}\"},\"query-input\":{\"@type\":\"PropertyValueSpecification\",\"valueRequired\":true,\"valueName\":\"search_term_string\"}}],\"inLanguage\":\"fr-FR\"},{\"@type\":\"NewsMediaOrganization\",\"@id\":\"https:\/\/dicodusport.fr\/blog\/#organization\",\"name\":\"Dicodusport\",\"url\":\"https:\/\/dicodusport.fr\/blog\/\",\"logo\":{\"@type\":\"ImageObject\",\"inLanguage\":\"fr-FR\",\"@id\":\"https:\/\/dicodusport.fr\/blog\/#\/schema\/logo\/image\/\",\"url\":\"https:\/\/dicodusport.fr\/blog\/wp-content\/uploads\/2020\/06\/cropped-LOGO-DICODUSPORT-2020-SANS-FOND-SANS-TEXTE.png\",\"contentUrl\":\"https:\/\/dicodusport.fr\/blog\/wp-content\/uploads\/2020\/06\/cropped-LOGO-DICODUSPORT-2020-SANS-FOND-SANS-TEXTE.png\",\"width\":512,\"height\":512,\"caption\":\"Dicodusport\"},\"image\":{\"@id\":\"https:\/\/dicodusport.fr\/blog\/#\/schema\/logo\/image\/\"},\"sameAs\":[\"https:\/\/www.facebook.com\/dicodusport\",\"https:\/\/x.com\/dicodusport\",\"https:\/\/www.instagram.com\/dicodusport\/\",\"https:\/\/www.youtube.com\/channel\/UC7V2KZ5sd3htJivAbA4ZG3w\"],\"description\":\"Dicodusport est l'encyclop\u00e9die de l'actualit\u00e9 sportive.\",\"email\":\"bonjour@dicodusport.fr\",\"legalName\":\"DICODUSPORT\",\"foundingDate\":\"2018-01-14\",\"vatID\":\"FR71834470973\",\"taxID\":\"83447097300043\",\"numberOfEmployees\":{\"@type\":\"QuantitativeValue\",\"minValue\":\"1\",\"maxValue\":\"10\"}},{\"@type\":\"Person\",\"@id\":\"https:\/\/dicodusport.fr\/blog\/#\/schema\/person\/416c975648aca9da8839bdfe333a21c9\",\"name\":\"Sophie Clapier\",\"image\":{\"@type\":\"ImageObject\",\"inLanguage\":\"fr-FR\",\"@id\":\"https:\/\/dicodusport.fr\/blog\/#\/schema\/person\/image\/\",\"url\":\"https:\/\/dicodusport.fr\/blog\/wp-content\/uploads\/2021\/05\/Sophie-Clapier-150x150.jpg\",\"contentUrl\":\"https:\/\/dicodusport.fr\/blog\/wp-content\/uploads\/2021\/05\/Sophie-Clapier-150x150.jpg\",\"caption\":\"Sophie Clapier\"},\"description\":\"Journaliste\/r\u00e9dactrice depuis janvier 2016 - Passionn\u00e9e de sport depuis toujours, j\u2019en ai pratiqu\u00e9 quelques-uns. Judo, football, handball ou encore tennis, je n\u2019ai jamais pu me mettre d\u2019accord sur un en particulier. Mais \u00e7a, c\u2019\u00e9tait avant de d\u00e9couvrir le basket, devenu mon sport de pr\u00e9dilection. Les actions NBA, le All-Star Week-end, la fureur des Game 7 pendant les playoffs ou mieux, lors des Finals, this is why we play. Team Spurs T.P, je m\u2019accroche encore \u00e0 Gregg Popovich (don\u2019t leave !). Team chef Curry, je souhaite qu\u2019il finisse aux Warriors (staaaay !). Non, il n\u2019y a pas qu\u2019eux, des petits nouveaux -et des petites nouvelles \u00e9videmment- arrivent chaque jour dans toutes les disciplines et cr\u00e9ent de nouveaux exploits. Alors pour les grands \u00e9v\u00e9nements et comp\u00e9titions internationales, vive les pulsations 240\/minutes et le d\u00e9fibrillateur pas loin, et allez les Bleu(e)s ! C\u2019est s\u00fbr, j\u2019aurai plus vu ma vie sur un terrain de sport, mais \u00e0 d\u00e9faut d\u2019en faire en haut niveau, je le partage avec vous.\",\"sameAs\":[\"https:\/\/www.facebook.com\/soocube\",\"https:\/\/x.com\/https:\/\/twitter.com\/soocube\",\"admin\"],\"url\":\"https:\/\/dicodusport.fr\/blog\/author\/sophie\/\"}]}<\/script>\n<!-- \/ Yoast SEO Premium plugin. -->","yoast_head_json":{"title":"Botet, Chauveau, Guigonnat : La solide s\u00e9lection fran\u00e7aise pour les Championnats d\u2019Europe de biathlon \u00e0 Sjusjoen.","description":"BIATHLON - De Paula Botet \u00e0 Sophie Chauveau, l\u2019\u00e9quipe de France arrivera en Norv\u00e8ge avec de s\u00e9rieux atouts pour les Championnats d'Europe.","robots":{"index":"index","follow":"follow","max-snippet":"max-snippet:-1","max-image-preview":"max-image-preview:large","max-video-preview":"max-video-preview:-1"},"canonical":"https:\/\/dicodusport.fr\/blog\/botet-chauveau-guigonnat-la-solide-selection-francaise-pour-les-championnats-deurope-de-biathlon-a-sjusjoen\/","og_locale":"fr_FR","og_type":"article","og_title":"Botet, Chauveau, Guigonnat : La solide s\u00e9lection fran\u00e7aise pour les Championnats d\u2019Europe de biathlon \u00e0 Sjusjoen.","og_description":"BIATHLON - De Paula Botet \u00e0 Sophie Chauveau, l\u2019\u00e9quipe de France arrivera en Norv\u00e8ge avec de s\u00e9rieux atouts pour les Championnats d'Europe.","og_url":"https:\/\/dicodusport.fr\/blog\/botet-chauveau-guigonnat-la-solide-selection-francaise-pour-les-championnats-deurope-de-biathlon-a-sjusjoen\/","og_site_name":"Dicodusport","article_publisher":"https:\/\/www.facebook.com\/dicodusport","article_author":"https:\/\/www.facebook.com\/soocube","article_published_time":"2026-01-20T12:53:28+00:00","article_modified_time":"2026-01-20T12:55:54+00:00","og_image":[{"width":1200,"height":674,"url":"https:\/\/dicodusport.fr\/blog\/wp-content\/uploads\/2026\/01\/Botet-Chauveau-Guigonnat-La-solide-selection-francaise-pour-les-Championnats-dEurope-de-biathlon-a-Sjusjoen.png","type":"image\/png"}],"author":"Sophie Clapier","twitter_card":"summary_large_image","twitter_title":"Botet, Chauveau, Guigonnat : La solide s\u00e9lection fran\u00e7aise pour les Championnats d\u2019Europe de biathlon \u00e0 Sjusjoen.","twitter_creator":"@https:\/\/twitter.com\/soocube","twitter_site":"@dicodusport","schema":{"@context":"https:\/\/schema.org","@graph":[{"@type":"NewsArticle","@id":"https:\/\/dicodusport.fr\/blog\/botet-chauveau-guigonnat-la-solide-selection-francaise-pour-les-championnats-deurope-de-biathlon-a-sjusjoen\/#article","isPartOf":{"@id":"https:\/\/dicodusport.fr\/blog\/botet-chauveau-guigonnat-la-solide-selection-francaise-pour-les-championnats-deurope-de-biathlon-a-sjusjoen\/"},"author":{"name":"Sophie Clapier","@id":"https:\/\/dicodusport.fr\/blog\/#\/schema\/person\/416c975648aca9da8839bdfe333a21c9"},"headline":"Botet, Chauveau, Guigonnat : La solide s\u00e9lection fran\u00e7aise pour les Championnats d\u2019Europe de biathlon \u00e0 Sjusjoen.","datePublished":"2026-01-20T12:53:28+00:00","dateModified":"2026-01-20T12:55:54+00:00","mainEntityOfPage":{"@id":"https:\/\/dicodusport.fr\/blog\/botet-chauveau-guigonnat-la-solide-selection-francaise-pour-les-championnats-deurope-de-biathlon-a-sjusjoen\/"},"wordCount":322,"commentCount":0,"publisher":{"@id":"https:\/\/dicodusport.fr\/blog\/#organization"},"image":{"@id":"https:\/\/dicodusport.fr\/blog\/botet-chauveau-guigonnat-la-solide-selection-francaise-pour-les-championnats-deurope-de-biathlon-a-sjusjoen\/#primaryimage"},"thumbnailUrl":"https:\/\/dicodusport.fr\/blog\/wp-content\/uploads\/2026\/01\/Botet-Chauveau-Guigonnat-La-solide-selection-francaise-pour-les-Championnats-dEurope-de-biathlon-a-Sjusjoen.png","keywords":["Biathlon","br\u00e8ve","Championnats d'Europe"],"articleSection":["Biathlon"],"inLanguage":"fr-FR","potentialAction":[{"@type":"CommentAction","name":"Comment","target":["https:\/\/dicodusport.fr\/blog\/botet-chauveau-guigonnat-la-solide-selection-francaise-pour-les-championnats-deurope-de-biathlon-a-sjusjoen\/#respond"]}],"copyrightYear":"2026","copyrightHolder":{"@id":"https:\/\/dicodusport.fr\/blog\/#organization"}},{"@type":"WebPage","@id":"https:\/\/dicodusport.fr\/blog\/botet-chauveau-guigonnat-la-solide-selection-francaise-pour-les-championnats-deurope-de-biathlon-a-sjusjoen\/","url":"https:\/\/dicodusport.fr\/blog\/botet-chauveau-guigonnat-la-solide-selection-francaise-pour-les-championnats-deurope-de-biathlon-a-sjusjoen\/","name":"Botet, Chauveau, Guigonnat : La solide s\u00e9lection fran\u00e7aise pour les Championnats d\u2019Europe de biathlon \u00e0 Sjusjoen.","isPartOf":{"@id":"https:\/\/dicodusport.fr\/blog\/#website"},"primaryImageOfPage":{"@id":"https:\/\/dicodusport.fr\/blog\/botet-chauveau-guigonnat-la-solide-selection-francaise-pour-les-championnats-deurope-de-biathlon-a-sjusjoen\/#primaryimage"},"image":{"@id":"https:\/\/dicodusport.fr\/blog\/botet-chauveau-guigonnat-la-solide-selection-francaise-pour-les-championnats-deurope-de-biathlon-a-sjusjoen\/#primaryimage"},"thumbnailUrl":"https:\/\/dicodusport.fr\/blog\/wp-content\/uploads\/2026\/01\/Botet-Chauveau-Guigonnat-La-solide-selection-francaise-pour-les-Championnats-dEurope-de-biathlon-a-Sjusjoen.png","datePublished":"2026-01-20T12:53:28+00:00","dateModified":"2026-01-20T12:55:54+00:00","description":"BIATHLON - De Paula Botet \u00e0 Sophie Chauveau, l\u2019\u00e9quipe de France arrivera en Norv\u00e8ge avec de s\u00e9rieux atouts pour les Championnats d'Europe.","breadcrumb":{"@id":"https:\/\/dicodusport.fr\/blog\/botet-chauveau-guigonnat-la-solide-selection-francaise-pour-les-championnats-deurope-de-biathlon-a-sjusjoen\/#breadcrumb"},"inLanguage":"fr-FR","potentialAction":[{"@type":"ReadAction","target":["https:\/\/dicodusport.fr\/blog\/botet-chauveau-guigonnat-la-solide-selection-francaise-pour-les-championnats-deurope-de-biathlon-a-sjusjoen\/"]}]},{"@type":"ImageObject","inLanguage":"fr-FR","@id":"https:\/\/dicodusport.fr\/blog\/botet-chauveau-guigonnat-la-solide-selection-francaise-pour-les-championnats-deurope-de-biathlon-a-sjusjoen\/#primaryimage","url":"https:\/\/dicodusport.fr\/blog\/wp-content\/uploads\/2026\/01\/Botet-Chauveau-Guigonnat-La-solide-selection-francaise-pour-les-Championnats-dEurope-de-biathlon-a-Sjusjoen.png","contentUrl":"https:\/\/dicodusport.fr\/blog\/wp-content\/uploads\/2026\/01\/Botet-Chauveau-Guigonnat-La-solide-selection-francaise-pour-les-Championnats-dEurope-de-biathlon-a-Sjusjoen.png","width":1200,"height":674,"caption":"Botet, Chauveau, Guigonnat La solide s\u00e9lection fran\u00e7aise pour les Championnats d\u2019Europe de biathlon \u00e0 Sjusjoen."},{"@type":"BreadcrumbList","@id":"https:\/\/dicodusport.fr\/blog\/botet-chauveau-guigonnat-la-solide-selection-francaise-pour-les-championnats-deurope-de-biathlon-a-sjusjoen\/#breadcrumb","itemListElement":[{"@type":"ListItem","position":1,"name":"Accueil","item":"https:\/\/dicodusport.fr\/blog\/"},{"@type":"ListItem","position":2,"name":"Botet, Chauveau, Guigonnat : La solide s\u00e9lection fran\u00e7aise pour les Championnats d\u2019Europe de biathlon \u00e0 Sjusjoen."}]},{"@type":"WebSite","@id":"https:\/\/dicodusport.fr\/blog\/#website","url":"https:\/\/dicodusport.fr\/blog\/","name":"Dicodusport","description":"L&#039;encyclop\u00e9die de l&#039;actualit\u00e9 sportive","publisher":{"@id":"https:\/\/dicodusport.fr\/blog\/#organization"},"potentialAction":[{"@type":"SearchAction","target":{"@type":"EntryPoint","urlTemplate":"https:\/\/dicodusport.fr\/blog\/?s={search_term_string}"},"query-input":{"@type":"PropertyValueSpecification","valueRequired":true,"valueName":"search_term_string"}}],"inLanguage":"fr-FR"},{"@type":"NewsMediaOrganization","@id":"https:\/\/dicodusport.fr\/blog\/#organization","name":"Dicodusport","url":"https:\/\/dicodusport.fr\/blog\/","logo":{"@type":"ImageObject","inLanguage":"fr-FR","@id":"https:\/\/dicodusport.fr\/blog\/#\/schema\/logo\/image\/","url":"https:\/\/dicodusport.fr\/blog\/wp-content\/uploads\/2020\/06\/cropped-LOGO-DICODUSPORT-2020-SANS-FOND-SANS-TEXTE.png","contentUrl":"https:\/\/dicodusport.fr\/blog\/wp-content\/uploads\/2020\/06\/cropped-LOGO-DICODUSPORT-2020-SANS-FOND-SANS-TEXTE.png","width":512,"height":512,"caption":"Dicodusport"},"image":{"@id":"https:\/\/dicodusport.fr\/blog\/#\/schema\/logo\/image\/"},"sameAs":["https:\/\/www.facebook.com\/dicodusport","https:\/\/x.com\/dicodusport","https:\/\/www.instagram.com\/dicodusport\/","https:\/\/www.youtube.com\/channel\/UC7V2KZ5sd3htJivAbA4ZG3w"],"description":"Dicodusport est l'encyclop\u00e9die de l'actualit\u00e9 sportive.","email":"bonjour@dicodusport.fr","legalName":"DICODUSPORT","foundingDate":"2018-01-14","vatID":"FR71834470973","taxID":"83447097300043","numberOfEmployees":{"@type":"QuantitativeValue","minValue":"1","maxValue":"10"}},{"@type":"Person","@id":"https:\/\/dicodusport.fr\/blog\/#\/schema\/person\/416c975648aca9da8839bdfe333a21c9","name":"Sophie Clapier","image":{"@type":"ImageObject","inLanguage":"fr-FR","@id":"https:\/\/dicodusport.fr\/blog\/#\/schema\/person\/image\/","url":"https:\/\/dicodusport.fr\/blog\/wp-content\/uploads\/2021\/05\/Sophie-Clapier-150x150.jpg","contentUrl":"https:\/\/dicodusport.fr\/blog\/wp-content\/uploads\/2021\/05\/Sophie-Clapier-150x150.jpg","caption":"Sophie Clapier"},"description":"Journaliste\/r\u00e9dactrice depuis janvier 2016 - Passionn\u00e9e de sport depuis toujours, j\u2019en ai pratiqu\u00e9 quelques-uns. Judo, football, handball ou encore tennis, je n\u2019ai jamais pu me mettre d\u2019accord sur un en particulier. Mais \u00e7a, c\u2019\u00e9tait avant de d\u00e9couvrir le basket, devenu mon sport de pr\u00e9dilection. Les actions NBA, le All-Star Week-end, la fureur des Game 7 pendant les playoffs ou mieux, lors des Finals, this is why we play. Team Spurs T.P, je m\u2019accroche encore \u00e0 Gregg Popovich (don\u2019t leave !). Team chef Curry, je souhaite qu\u2019il finisse aux Warriors (staaaay !). Non, il n\u2019y a pas qu\u2019eux, des petits nouveaux -et des petites nouvelles \u00e9videmment- arrivent chaque jour dans toutes les disciplines et cr\u00e9ent de nouveaux exploits. Alors pour les grands \u00e9v\u00e9nements et comp\u00e9titions internationales, vive les pulsations 240\/minutes et le d\u00e9fibrillateur pas loin, et allez les Bleu(e)s ! C\u2019est s\u00fbr, j\u2019aurai plus vu ma vie sur un terrain de sport, mais \u00e0 d\u00e9faut d\u2019en faire en haut niveau, je le partage avec vous.","sameAs":["https:\/\/www.facebook.com\/soocube","https:\/\/x.com\/https:\/\/twitter.com\/soocube","admin"],"url":"https:\/\/dicodusport.fr\/blog\/author\/sophie\/"}]}},"_links":{"self":[{"href":"https:\/\/dicodusport.fr\/blog\/wp-json\/wp\/v2\/posts\/639946","targetHints":{"allow":["GET"]}}],"collection":[{"href":"https:\/\/dicodusport.fr\/blog\/wp-json\/wp\/v2\/posts"}],"about":[{"href":"https:\/\/dicodusport.fr\/blog\/wp-json\/wp\/v2\/types\/post"}],"author":[{"embeddable":true,"href":"https:\/\/dicodusport.fr\/blog\/wp-json\/wp\/v2\/users\/18"}],"replies":[{"embeddable":true,"href":"https:\/\/dicodusport.fr\/blog\/wp-json\/wp\/v2\/comments?post=639946"}],"version-history":[{"count":2,"href":"https:\/\/dicodusport.fr\/blog\/wp-json\/wp\/v2\/posts\/639946\/revisions"}],"predecessor-version":[{"id":639952,"href":"https:\/\/dicodusport.fr\/blog\/wp-json\/wp\/v2\/posts\/639946\/revisions\/639952"}],"wp:featuredmedia":[{"embeddable":true,"href":"https:\/\/dicodusport.fr\/blog\/wp-json\/wp\/v2\/media\/639949"}],"wp:attachment":[{"href":"https:\/\/dicodusport.fr\/blog\/wp-json\/wp\/v2\/media?parent=639946"}],"wp:term":[{"taxonomy":"category","embeddable":true,"href":"https:\/\/dicodusport.fr\/blog\/wp-json\/wp\/v2\/categories?post=639946"},{"taxonomy":"post_tag","embeddable":true,"href":"https:\/\/dicodusport.fr\/blog\/wp-json\/wp\/v2\/tags?post=639946"}],"curies":[{"name":"wp","href":"https:\/\/api.w.org\/{rel}","templated":true}]}}