{"id":640123,"date":"2026-01-21T12:45:14","date_gmt":"2026-01-21T11:45:14","guid":{"rendered":"https:\/\/dicodusport.fr\/blog\/?p=640123&#038;preview=true&#038;preview_id=640123"},"modified":"2026-01-21T10:15:56","modified_gmt":"2026-01-21T09:15:56","slug":"celta-vigo-lille-compositions-chaine-tv-heure-et-cotes-ligue-europa-2025-2026","status":"publish","type":"post","link":"https:\/\/dicodusport.fr\/blog\/celta-vigo-lille-compositions-chaine-tv-heure-et-cotes-ligue-europa-2025-2026\/","title":{"rendered":"Celta Vigo-Lille : Compositions, Cha\u00eene TV, Heure et Cotes"},"content":{"rendered":"<p style=\"text-align: justify;\"><strong><em>\u00c0 quelle heure et sur quelle cha\u00eene TV suivre le match de Ligue Europa entre le Celta Vigo et Lille ? Retrouvez \u00e9galement les compositions des deux \u00e9quipes<\/em><em>.<\/em><\/strong><\/p>\n<ul style=\"text-align: justify;\">\n<li><strong>\u00c0 lire aussi \u2013\u00a0<a href=\"https:\/\/dicodusport.fr\/blog\/ligue-europa-2025-2026-dates-matchs-et-calendrier-de-lille\/\">Ligue Europa 2025-2026 : Les affiches et le calendrier de Lille<\/a><\/strong><\/li>\n<\/ul>\n<p style=\"text-align: justify;\">La rencontre entre le <strong>Celta Vigo<\/strong>\u00a0et le <strong>Lille OSC<\/strong>, comptant pour la septi\u00e8me journ\u00e9e de la phase de championnat de la Ligue Europa 2025\/2026, aura lieu jeudi 22 janvier \u00e0 21h00, \u00e0 l&rsquo;Estadio de Bala\u00eddos de Vigo.<\/p>\n<h2 style=\"text-align: justify;\">Lille au plus mal<\/h2>\n<p style=\"text-align: justify;\">L&rsquo;ann\u00e9e 2025 a bien mal commenc\u00e9e pour <strong>Lille<\/strong>, qui a perdu ses trois matchs disput\u00e9s en 2026. Cela a caus\u00e9 une \u00e9limination de la Coupe de France par Lyon, et les deux d\u00e9faites en Ligue 1, contre Rennes puis \u00e0 Paris, ont fait reculer les Dogues \u00e0 la 5\u00e8me place de Ligue 1. En Ligue Europa, ils ont leur destin en mains, mais pourraient trembler en cas de d\u00e9faite ce jeudi soir.<\/p>\n<div class=\"vlp-link-container vlp-layout-article\"><a href=\"https:\/\/dicodusport.fr\/blog\/le-psg-remporte-le-choc-de-ligue-1-contre-lille-cest-signe-ousmane-dembele\/\" class=\"vlp-link\" title=\"Le PSG remporte le choc de Ligue 1 contre Lille, c&#039;est sign\u00e9 Ousmane Demb\u00e9l\u00e9\"><\/a><div class=\"vlp-layout-zone-side\"><div class=\"vlp-block-4 vlp-link-image\"><img loading=\"lazy\" decoding=\"async\" style=\"max-width: 792px;\" width=\"792\" height=\"445\" src=\"https:\/\/dicodusport.fr\/blog\/wp-content\/uploads\/2026\/01\/Le-PSG-remporte-le-choc-de-Ligue-1-contre-Lille-cest-signe-Ousmane-Dembele.png\" class=\"attachment-800x445 size-800x445\" alt=\"Le PSG remporte le choc de Ligue 1 contre Lille, c&#039;est sign\u00e9 Ousmane Demb\u00e9l\u00e9\" srcset=\"https:\/\/dicodusport.fr\/blog\/wp-content\/uploads\/2026\/01\/Le-PSG-remporte-le-choc-de-Ligue-1-contre-Lille-cest-signe-Ousmane-Dembele.png 1200w, https:\/\/dicodusport.fr\/blog\/wp-content\/uploads\/2026\/01\/Le-PSG-remporte-le-choc-de-Ligue-1-contre-Lille-cest-signe-Ousmane-Dembele-300x169.png 300w, https:\/\/dicodusport.fr\/blog\/wp-content\/uploads\/2026\/01\/Le-PSG-remporte-le-choc-de-Ligue-1-contre-Lille-cest-signe-Ousmane-Dembele-1024x575.png 1024w, https:\/\/dicodusport.fr\/blog\/wp-content\/uploads\/2026\/01\/Le-PSG-remporte-le-choc-de-Ligue-1-contre-Lille-cest-signe-Ousmane-Dembele-768x431.png 768w\" sizes=\"auto, (max-width: 792px) 100vw, 792px\" \/><\/div><\/div><div class=\"vlp-layout-zone-main\"><div class=\"vlp-block-0 vlp-link-title\">Le PSG remporte le choc de Ligue 1 contre Lille, c'est sign\u00e9 Ousmane Demb\u00e9l\u00e9<\/div><div class=\"vlp-block-1 vlp-link-summary\">LIGUE 1 2025\/2026 \u2013 En ouverture de la 18\u00e8me journ\u00e9e, le PSG s'est impos\u00e9 \u00e0 domicile 3-0 contre Lille, gr\u00e2ce \u00e0 un formidable doubl\u00e9 d\u2019Ousmane Demb\u00e9l\u00e9. Un succ\u00e8s qui permet aux champions d'Europe de reprendre la t\u00eate du championnat.<\/div><div class=\"vlp-block-2 vlp-link-button\">Lire l'article<\/div><div class=\"vlp-block-3 vlp-link-url\">dicodusport.fr<\/div><\/div><\/div>\n<p style=\"text-align: justify;\">En effet, ils n&rsquo;ont que deux points de marge sur le premier non qualifi\u00e9. Et ils se d\u00e9placement chez un adversaire qui est exactement dans la m\u00eame situation. Le <strong>Celta Vigo<\/strong> vient de perdre ses deux derniers matchs dans la comp\u00e9tition, et voudra donc profiter de sa derni\u00e8re r\u00e9ception de la saison. Alors que le LOSC aura un dernier match compliqu\u00e9 face \u00e0 Fribourg, il va falloir ramener quelque chose de Galice.<\/p>\n<p style=\"text-align: justify;\">Jamais ces deux \u00e9quipes ne se sont affront\u00e9es en match officiel. Chez les bookmakers, le Celta Vigo est un ti\u00e8de favori de la rencontre.<\/p>\n<h2 style=\"text-align: justify;\">Ligue Europa : Le programme TV de Celta Vigo &#8211; Lille<\/h2>\n<h3 style=\"text-align: justify;\">Jeudi 22 janvier 2026<\/h3>\n<p style=\"text-align: justify;\"><b>Match diffus\u00e9 sur Canal+ <\/b><b>: <\/b>D\u00e9but du match \u00e0<strong> 18h45.<\/strong><\/p>\n<h2 style=\"text-align: justify;\">Les compositions probables de Celta Vigo &#8211; Lille<\/h2>\n<h3 style=\"text-align: justify;\">La composition du Celta Vigo<\/h3>\n<p style=\"text-align: justify;\">\u00c0 venir&#8230;<\/p>\n<h3 style=\"text-align: justify;\">La composition de Lille<\/h3>\n<p style=\"text-align: justify;\">\u00c0 venir&#8230;<\/p>\n<h2 style=\"text-align: justify;\">Les cotes de Celta Vigo &#8211; Lille<\/h2>\n<table style=\"width: 840px;\">\n<tbody>\n<tr style=\"height: 16px;\">\n<td style=\"background-color: #404040; border-color: #ededed; width: 840px; text-align: left;\" colspan=\"3\"><strong><span style=\"font-size: 12px; color: #ffffff;\"><img loading=\"lazy\" decoding=\"async\" class=\"alignnone wp-image-512842\" src=\"https:\/\/dicodusport.fr\/blog\/wp-content\/uploads\/2024\/08\/Logo-Winamax.png\" alt=\"\" width=\"14\" height=\"13\" srcset=\"https:\/\/dicodusport.fr\/blog\/wp-content\/uploads\/2024\/08\/Logo-Winamax.png 290w, https:\/\/dicodusport.fr\/blog\/wp-content\/uploads\/2024\/08\/Logo-Winamax-150x150.png 150w, https:\/\/dicodusport.fr\/blog\/wp-content\/uploads\/2024\/08\/Logo-Winamax-80x80.png 80w\" sizes=\"auto, (max-width: 14px) 100vw, 14px\" \/> Jeudi 22 janvier 2026 21h00<\/span><\/strong><\/td>\n<\/tr>\n<tr style=\"height: 24px;\">\n<td style=\"background-color: #ffffff; border-color: #ededed; vertical-align: middle; text-align: center; width: 266px;\"><span style=\"font-size: 10px;\"><span style=\"font-size: 14px;\"><strong>Celta Vigo<br \/>\n<\/strong><\/span><\/span><span style=\"font-size: 10px;\"><a href=\"https:\/\/www.winamax.fr\/paris-sportifs\/match\/63377989?banid=33423\" class=\"su-button su-button-style-flat su-button-wide\" style=\"color:#fff;background-color:#0860ff;border-color:#074dcc;border-radius:5px\" target=\"_blank\" rel=\"noopener noreferrer\"><span style=\"color:#fff;padding:0px 20px;font-size:16px;line-height:32px;border-color:#5390ff;border-radius:5px;text-shadow:none\"> 2.25<\/span><\/a><\/span><\/td>\n<td style=\"background-color: #ffffff; border-color: #ededed; vertical-align: middle; text-align: center; width: 266px;\"><span style=\"font-size: 10px;\"><span style=\"font-size: 14px;\"><strong>Match nul<\/strong><\/span><br \/>\n<a href=\"https:\/\/www.winamax.fr\/paris-sportifs\/match\/63377989?banid=33423\" class=\"su-button su-button-style-flat su-button-wide\" style=\"color:#fff;background-color:#0860ff;border-color:#074dcc;border-radius:5px\" target=\"_blank\" rel=\"noopener noreferrer\"><span style=\"color:#fff;padding:0px 20px;font-size:16px;line-height:32px;border-color:#5390ff;border-radius:5px;text-shadow:none\"> 3.45<\/span><\/a><\/span><\/td>\n<td style=\"background-color: #ffffff; border-color: #ededed; vertical-align: middle; text-align: center; width: 266px;\"><span style=\"font-size: 10px;\"><span style=\"font-size: 14px;\"><strong>Lille<\/strong><\/span><br \/>\n<a href=\"https:\/\/www.winamax.fr\/paris-sportifs\/match\/63377989?banid=33423\" class=\"su-button su-button-style-flat su-button-wide\" style=\"color:#fff;background-color:#0860ff;border-color:#074dcc;border-radius:5px\" target=\"_blank\" rel=\"noopener noreferrer\"><span style=\"color:#fff;padding:0px 20px;font-size:16px;line-height:32px;border-color:#5390ff;border-radius:5px;text-shadow:none\"> 2.80<\/span><\/a><\/span><\/td>\n<\/tr>\n<\/tbody>\n<\/table>\n<p style=\"text-align: justify;\">Tentez votre chance en profitant de votre <a href=\"https:\/\/www.winamax.fr\/registration\/landing\/affiliation_Bonus100?banid=33423\">1er d\u00e9p\u00f4t doubl\u00e9 jusqu&rsquo;\u00e0 100 \u20ac<\/a> direct en paris gratuits sur Winamax !<\/p>\n","protected":false},"excerpt":{"rendered":"<p>\u00c0 quelle heure et sur quelle cha\u00eene TV suivre le match de Ligue Europa entre le Celta Vigo et Lille ? Retrouvez \u00e9galement les compositions des deux \u00e9quipes.<\/p>\n","protected":false},"author":59,"featured_media":640126,"comment_status":"open","ping_status":"closed","sticky":false,"template":"","format":"standard","meta":{"_acf_changed":false,"_daextam_enable_autolinks":"1","footnotes":""},"categories":[44295,2301],"tags":[16878,75,4437,19345,8799],"class_list":["post-640123","post","type-post","status-publish","format-standard","has-post-thumbnail","hentry","category-chaine-tv","category-football","tag-breve","tag-football","tag-ligue-europa","tag-lille-osc","tag-programme-tv"],"acf":[],"yoast_head":"<!-- This site is optimized with the Yoast SEO Premium plugin v26.7 (Yoast SEO v26.7) - https:\/\/yoast.com\/wordpress\/plugins\/seo\/ -->\n<title>Celta Vigo-Lille : Compositions, Cha\u00eene TV, Heure et Cotes<\/title>\n<meta name=\"description\" content=\"\u00c0 quelle heure et sur quelle cha\u00eene TV suivre le match de Ligue Europa entre le Celta Vigo et Lille ? Retrouvez \u00e9galement les compositions des deux \u00e9quipes.\" \/>\n<meta name=\"robots\" content=\"index, follow, max-snippet:-1, max-image-preview:large, max-video-preview:-1\" \/>\n<link rel=\"canonical\" href=\"https:\/\/dicodusport.fr\/blog\/celta-vigo-lille-compositions-chaine-tv-heure-et-cotes-ligue-europa-2025-2026\/\" \/>\n<meta property=\"og:locale\" content=\"fr_FR\" \/>\n<meta property=\"og:type\" content=\"article\" \/>\n<meta property=\"og:title\" content=\"Celta Vigo-Lille : Compositions, Cha\u00eene TV, Heure et Cotes\" \/>\n<meta property=\"og:description\" content=\"\u00c0 quelle heure et sur quelle cha\u00eene TV suivre le match de Ligue Europa entre le Celta Vigo et Lille ? Retrouvez \u00e9galement les compositions des deux \u00e9quipes.\" \/>\n<meta property=\"og:url\" content=\"https:\/\/dicodusport.fr\/blog\/celta-vigo-lille-compositions-chaine-tv-heure-et-cotes-ligue-europa-2025-2026\/\" \/>\n<meta property=\"og:site_name\" content=\"Dicodusport\" \/>\n<meta property=\"article:publisher\" content=\"https:\/\/www.facebook.com\/dicodusport\" \/>\n<meta property=\"article:author\" content=\"https:\/\/www.facebook.com\/sebastien.gente\/\" \/>\n<meta property=\"article:published_time\" content=\"2026-01-21T11:45:14+00:00\" \/>\n<meta property=\"og:image\" content=\"https:\/\/dicodusport.fr\/blog\/wp-content\/uploads\/2026\/01\/Celta-Vigo-Lille-Compositions-Chaine-TV-Heure-et-Cotes.png\" \/>\n\t<meta property=\"og:image:width\" content=\"1200\" \/>\n\t<meta property=\"og:image:height\" content=\"674\" \/>\n\t<meta property=\"og:image:type\" content=\"image\/png\" \/>\n<meta name=\"author\" content=\"S\u00e9bastien Gente\" \/>\n<meta name=\"twitter:card\" content=\"summary_large_image\" \/>\n<meta name=\"twitter:title\" content=\"Celta Vigo-Lille : Compositions, Cha\u00eene TV, Heure et Cotes\" \/>\n<meta name=\"twitter:creator\" content=\"@https:\/\/twitter.com\/globulo24\" \/>\n<meta name=\"twitter:site\" content=\"@dicodusport\" \/>\n<script type=\"application\/ld+json\" class=\"yoast-schema-graph\">{\"@context\":\"https:\/\/schema.org\",\"@graph\":[{\"@type\":\"NewsArticle\",\"@id\":\"https:\/\/dicodusport.fr\/blog\/celta-vigo-lille-compositions-chaine-tv-heure-et-cotes-ligue-europa-2025-2026\/#article\",\"isPartOf\":{\"@id\":\"https:\/\/dicodusport.fr\/blog\/celta-vigo-lille-compositions-chaine-tv-heure-et-cotes-ligue-europa-2025-2026\/\"},\"author\":{\"name\":\"S\u00e9bastien Gente\",\"@id\":\"https:\/\/dicodusport.fr\/blog\/#\/schema\/person\/627966a6cde45dbd8c5e36ac85d783da\"},\"headline\":\"Celta Vigo-Lille : Compositions, Cha\u00eene TV, Heure et Cotes\",\"datePublished\":\"2026-01-21T11:45:14+00:00\",\"mainEntityOfPage\":{\"@id\":\"https:\/\/dicodusport.fr\/blog\/celta-vigo-lille-compositions-chaine-tv-heure-et-cotes-ligue-europa-2025-2026\/\"},\"wordCount\":504,\"commentCount\":0,\"publisher\":{\"@id\":\"https:\/\/dicodusport.fr\/blog\/#organization\"},\"image\":{\"@id\":\"https:\/\/dicodusport.fr\/blog\/celta-vigo-lille-compositions-chaine-tv-heure-et-cotes-ligue-europa-2025-2026\/#primaryimage\"},\"thumbnailUrl\":\"https:\/\/dicodusport.fr\/blog\/wp-content\/uploads\/2026\/01\/Celta-Vigo-Lille-Compositions-Chaine-TV-Heure-et-Cotes.png\",\"keywords\":[\"br\u00e8ve\",\"Football\",\"Ligue Europa\",\"Lille OSC\",\"Programme TV\"],\"articleSection\":[\"Cha\u00eene TV\",\"Football\"],\"inLanguage\":\"fr-FR\",\"potentialAction\":[{\"@type\":\"CommentAction\",\"name\":\"Comment\",\"target\":[\"https:\/\/dicodusport.fr\/blog\/celta-vigo-lille-compositions-chaine-tv-heure-et-cotes-ligue-europa-2025-2026\/#respond\"]}],\"copyrightYear\":\"2026\",\"copyrightHolder\":{\"@id\":\"https:\/\/dicodusport.fr\/blog\/#organization\"}},{\"@type\":\"WebPage\",\"@id\":\"https:\/\/dicodusport.fr\/blog\/celta-vigo-lille-compositions-chaine-tv-heure-et-cotes-ligue-europa-2025-2026\/\",\"url\":\"https:\/\/dicodusport.fr\/blog\/celta-vigo-lille-compositions-chaine-tv-heure-et-cotes-ligue-europa-2025-2026\/\",\"name\":\"Celta Vigo-Lille : Compositions, Cha\u00eene TV, Heure et Cotes\",\"isPartOf\":{\"@id\":\"https:\/\/dicodusport.fr\/blog\/#website\"},\"primaryImageOfPage\":{\"@id\":\"https:\/\/dicodusport.fr\/blog\/celta-vigo-lille-compositions-chaine-tv-heure-et-cotes-ligue-europa-2025-2026\/#primaryimage\"},\"image\":{\"@id\":\"https:\/\/dicodusport.fr\/blog\/celta-vigo-lille-compositions-chaine-tv-heure-et-cotes-ligue-europa-2025-2026\/#primaryimage\"},\"thumbnailUrl\":\"https:\/\/dicodusport.fr\/blog\/wp-content\/uploads\/2026\/01\/Celta-Vigo-Lille-Compositions-Chaine-TV-Heure-et-Cotes.png\",\"datePublished\":\"2026-01-21T11:45:14+00:00\",\"description\":\"\u00c0 quelle heure et sur quelle cha\u00eene TV suivre le match de Ligue Europa entre le Celta Vigo et Lille ? Retrouvez \u00e9galement les compositions des deux \u00e9quipes.\",\"breadcrumb\":{\"@id\":\"https:\/\/dicodusport.fr\/blog\/celta-vigo-lille-compositions-chaine-tv-heure-et-cotes-ligue-europa-2025-2026\/#breadcrumb\"},\"inLanguage\":\"fr-FR\",\"potentialAction\":[{\"@type\":\"ReadAction\",\"target\":[\"https:\/\/dicodusport.fr\/blog\/celta-vigo-lille-compositions-chaine-tv-heure-et-cotes-ligue-europa-2025-2026\/\"]}]},{\"@type\":\"ImageObject\",\"inLanguage\":\"fr-FR\",\"@id\":\"https:\/\/dicodusport.fr\/blog\/celta-vigo-lille-compositions-chaine-tv-heure-et-cotes-ligue-europa-2025-2026\/#primaryimage\",\"url\":\"https:\/\/dicodusport.fr\/blog\/wp-content\/uploads\/2026\/01\/Celta-Vigo-Lille-Compositions-Chaine-TV-Heure-et-Cotes.png\",\"contentUrl\":\"https:\/\/dicodusport.fr\/blog\/wp-content\/uploads\/2026\/01\/Celta-Vigo-Lille-Compositions-Chaine-TV-Heure-et-Cotes.png\",\"width\":1200,\"height\":674,\"caption\":\"Celta Vigo-Lille Compositions, Cha\u00eene TV, Heure et Cotes\"},{\"@type\":\"BreadcrumbList\",\"@id\":\"https:\/\/dicodusport.fr\/blog\/celta-vigo-lille-compositions-chaine-tv-heure-et-cotes-ligue-europa-2025-2026\/#breadcrumb\",\"itemListElement\":[{\"@type\":\"ListItem\",\"position\":1,\"name\":\"Accueil\",\"item\":\"https:\/\/dicodusport.fr\/blog\/\"},{\"@type\":\"ListItem\",\"position\":2,\"name\":\"Celta Vigo-Lille : Compositions, Cha\u00eene TV, Heure et Cotes\"}]},{\"@type\":\"WebSite\",\"@id\":\"https:\/\/dicodusport.fr\/blog\/#website\",\"url\":\"https:\/\/dicodusport.fr\/blog\/\",\"name\":\"Dicodusport\",\"description\":\"L&#039;encyclop\u00e9die de l&#039;actualit\u00e9 sportive\",\"publisher\":{\"@id\":\"https:\/\/dicodusport.fr\/blog\/#organization\"},\"potentialAction\":[{\"@type\":\"SearchAction\",\"target\":{\"@type\":\"EntryPoint\",\"urlTemplate\":\"https:\/\/dicodusport.fr\/blog\/?s={search_term_string}\"},\"query-input\":{\"@type\":\"PropertyValueSpecification\",\"valueRequired\":true,\"valueName\":\"search_term_string\"}}],\"inLanguage\":\"fr-FR\"},{\"@type\":\"NewsMediaOrganization\",\"@id\":\"https:\/\/dicodusport.fr\/blog\/#organization\",\"name\":\"Dicodusport\",\"url\":\"https:\/\/dicodusport.fr\/blog\/\",\"logo\":{\"@type\":\"ImageObject\",\"inLanguage\":\"fr-FR\",\"@id\":\"https:\/\/dicodusport.fr\/blog\/#\/schema\/logo\/image\/\",\"url\":\"https:\/\/dicodusport.fr\/blog\/wp-content\/uploads\/2020\/06\/cropped-LOGO-DICODUSPORT-2020-SANS-FOND-SANS-TEXTE.png\",\"contentUrl\":\"https:\/\/dicodusport.fr\/blog\/wp-content\/uploads\/2020\/06\/cropped-LOGO-DICODUSPORT-2020-SANS-FOND-SANS-TEXTE.png\",\"width\":512,\"height\":512,\"caption\":\"Dicodusport\"},\"image\":{\"@id\":\"https:\/\/dicodusport.fr\/blog\/#\/schema\/logo\/image\/\"},\"sameAs\":[\"https:\/\/www.facebook.com\/dicodusport\",\"https:\/\/x.com\/dicodusport\",\"https:\/\/www.instagram.com\/dicodusport\/\",\"https:\/\/www.youtube.com\/channel\/UC7V2KZ5sd3htJivAbA4ZG3w\"],\"description\":\"Dicodusport est l'encyclop\u00e9die de l'actualit\u00e9 sportive.\",\"email\":\"bonjour@dicodusport.fr\",\"legalName\":\"DICODUSPORT\",\"foundingDate\":\"2018-01-14\",\"vatID\":\"FR71834470973\",\"taxID\":\"83447097300043\",\"numberOfEmployees\":{\"@type\":\"QuantitativeValue\",\"minValue\":\"1\",\"maxValue\":\"10\"}},{\"@type\":\"Person\",\"@id\":\"https:\/\/dicodusport.fr\/blog\/#\/schema\/person\/627966a6cde45dbd8c5e36ac85d783da\",\"name\":\"S\u00e9bastien Gente\",\"image\":{\"@type\":\"ImageObject\",\"inLanguage\":\"fr-FR\",\"@id\":\"https:\/\/dicodusport.fr\/blog\/#\/schema\/person\/image\/\",\"url\":\"https:\/\/dicodusport.fr\/blog\/wp-content\/uploads\/2021\/09\/1510990_10205810251400683_4124423575079401707_n-150x150.jpg\",\"contentUrl\":\"https:\/\/dicodusport.fr\/blog\/wp-content\/uploads\/2021\/09\/1510990_10205810251400683_4124423575079401707_n-150x150.jpg\",\"caption\":\"S\u00e9bastien Gente\"},\"description\":\"John Stockton, Gianni Bugno, Zinedine Zidane, Steffi Graf, Frode Andresen, St\u00e9phane Stoecklin, Davis Kamoga, Primoz Peterka, Werner Schlager et Aur\u00e9lien Rougerie. Point commun entre ces sportifs? Ils m'ont fait r\u00eaver et ont berc\u00e9 mon adolescence. Je suis un fondu de sports et j'essaie de retranscrire ma passion \u00e0 travers mes articles. Originaire du P\u00e9rigord, ma passion pour les Girondins, les Jaunards et les Jazzmen transpire dans mes \u00e9crits. \u00c0 Dicodusport depuis 2021, je d\u00e9niche les sports m\u00e9connus dans lesquels la France brille, et il y en a !\",\"sameAs\":[\"https:\/\/www.facebook.com\/sebastien.gente\/\",\"https:\/\/www.instagram.com\/sebgente\/\",\"https:\/\/www.linkedin.com\/in\/sbastien-gente-a29583169\/\",\"https:\/\/x.com\/https:\/\/twitter.com\/globulo24\",\"SebastienGente\"],\"worksFor\":\"S\u00e9bastien GENTE\",\"url\":\"https:\/\/dicodusport.fr\/blog\/author\/sebastiengente\/\"}]}<\/script>\n<!-- \/ Yoast SEO Premium plugin. -->","yoast_head_json":{"title":"Celta Vigo-Lille : Compositions, Cha\u00eene TV, Heure et Cotes","description":"\u00c0 quelle heure et sur quelle cha\u00eene TV suivre le match de Ligue Europa entre le Celta Vigo et Lille ? Retrouvez \u00e9galement les compositions des deux \u00e9quipes.","robots":{"index":"index","follow":"follow","max-snippet":"max-snippet:-1","max-image-preview":"max-image-preview:large","max-video-preview":"max-video-preview:-1"},"canonical":"https:\/\/dicodusport.fr\/blog\/celta-vigo-lille-compositions-chaine-tv-heure-et-cotes-ligue-europa-2025-2026\/","og_locale":"fr_FR","og_type":"article","og_title":"Celta Vigo-Lille : Compositions, Cha\u00eene TV, Heure et Cotes","og_description":"\u00c0 quelle heure et sur quelle cha\u00eene TV suivre le match de Ligue Europa entre le Celta Vigo et Lille ? Retrouvez \u00e9galement les compositions des deux \u00e9quipes.","og_url":"https:\/\/dicodusport.fr\/blog\/celta-vigo-lille-compositions-chaine-tv-heure-et-cotes-ligue-europa-2025-2026\/","og_site_name":"Dicodusport","article_publisher":"https:\/\/www.facebook.com\/dicodusport","article_author":"https:\/\/www.facebook.com\/sebastien.gente\/","article_published_time":"2026-01-21T11:45:14+00:00","og_image":[{"width":1200,"height":674,"url":"https:\/\/dicodusport.fr\/blog\/wp-content\/uploads\/2026\/01\/Celta-Vigo-Lille-Compositions-Chaine-TV-Heure-et-Cotes.png","type":"image\/png"}],"author":"S\u00e9bastien Gente","twitter_card":"summary_large_image","twitter_title":"Celta Vigo-Lille : Compositions, Cha\u00eene TV, Heure et Cotes","twitter_creator":"@https:\/\/twitter.com\/globulo24","twitter_site":"@dicodusport","schema":{"@context":"https:\/\/schema.org","@graph":[{"@type":"NewsArticle","@id":"https:\/\/dicodusport.fr\/blog\/celta-vigo-lille-compositions-chaine-tv-heure-et-cotes-ligue-europa-2025-2026\/#article","isPartOf":{"@id":"https:\/\/dicodusport.fr\/blog\/celta-vigo-lille-compositions-chaine-tv-heure-et-cotes-ligue-europa-2025-2026\/"},"author":{"name":"S\u00e9bastien Gente","@id":"https:\/\/dicodusport.fr\/blog\/#\/schema\/person\/627966a6cde45dbd8c5e36ac85d783da"},"headline":"Celta Vigo-Lille : Compositions, Cha\u00eene TV, Heure et Cotes","datePublished":"2026-01-21T11:45:14+00:00","mainEntityOfPage":{"@id":"https:\/\/dicodusport.fr\/blog\/celta-vigo-lille-compositions-chaine-tv-heure-et-cotes-ligue-europa-2025-2026\/"},"wordCount":504,"commentCount":0,"publisher":{"@id":"https:\/\/dicodusport.fr\/blog\/#organization"},"image":{"@id":"https:\/\/dicodusport.fr\/blog\/celta-vigo-lille-compositions-chaine-tv-heure-et-cotes-ligue-europa-2025-2026\/#primaryimage"},"thumbnailUrl":"https:\/\/dicodusport.fr\/blog\/wp-content\/uploads\/2026\/01\/Celta-Vigo-Lille-Compositions-Chaine-TV-Heure-et-Cotes.png","keywords":["br\u00e8ve","Football","Ligue Europa","Lille OSC","Programme TV"],"articleSection":["Cha\u00eene TV","Football"],"inLanguage":"fr-FR","potentialAction":[{"@type":"CommentAction","name":"Comment","target":["https:\/\/dicodusport.fr\/blog\/celta-vigo-lille-compositions-chaine-tv-heure-et-cotes-ligue-europa-2025-2026\/#respond"]}],"copyrightYear":"2026","copyrightHolder":{"@id":"https:\/\/dicodusport.fr\/blog\/#organization"}},{"@type":"WebPage","@id":"https:\/\/dicodusport.fr\/blog\/celta-vigo-lille-compositions-chaine-tv-heure-et-cotes-ligue-europa-2025-2026\/","url":"https:\/\/dicodusport.fr\/blog\/celta-vigo-lille-compositions-chaine-tv-heure-et-cotes-ligue-europa-2025-2026\/","name":"Celta Vigo-Lille : Compositions, Cha\u00eene TV, Heure et Cotes","isPartOf":{"@id":"https:\/\/dicodusport.fr\/blog\/#website"},"primaryImageOfPage":{"@id":"https:\/\/dicodusport.fr\/blog\/celta-vigo-lille-compositions-chaine-tv-heure-et-cotes-ligue-europa-2025-2026\/#primaryimage"},"image":{"@id":"https:\/\/dicodusport.fr\/blog\/celta-vigo-lille-compositions-chaine-tv-heure-et-cotes-ligue-europa-2025-2026\/#primaryimage"},"thumbnailUrl":"https:\/\/dicodusport.fr\/blog\/wp-content\/uploads\/2026\/01\/Celta-Vigo-Lille-Compositions-Chaine-TV-Heure-et-Cotes.png","datePublished":"2026-01-21T11:45:14+00:00","description":"\u00c0 quelle heure et sur quelle cha\u00eene TV suivre le match de Ligue Europa entre le Celta Vigo et Lille ? Retrouvez \u00e9galement les compositions des deux \u00e9quipes.","breadcrumb":{"@id":"https:\/\/dicodusport.fr\/blog\/celta-vigo-lille-compositions-chaine-tv-heure-et-cotes-ligue-europa-2025-2026\/#breadcrumb"},"inLanguage":"fr-FR","potentialAction":[{"@type":"ReadAction","target":["https:\/\/dicodusport.fr\/blog\/celta-vigo-lille-compositions-chaine-tv-heure-et-cotes-ligue-europa-2025-2026\/"]}]},{"@type":"ImageObject","inLanguage":"fr-FR","@id":"https:\/\/dicodusport.fr\/blog\/celta-vigo-lille-compositions-chaine-tv-heure-et-cotes-ligue-europa-2025-2026\/#primaryimage","url":"https:\/\/dicodusport.fr\/blog\/wp-content\/uploads\/2026\/01\/Celta-Vigo-Lille-Compositions-Chaine-TV-Heure-et-Cotes.png","contentUrl":"https:\/\/dicodusport.fr\/blog\/wp-content\/uploads\/2026\/01\/Celta-Vigo-Lille-Compositions-Chaine-TV-Heure-et-Cotes.png","width":1200,"height":674,"caption":"Celta Vigo-Lille Compositions, Cha\u00eene TV, Heure et Cotes"},{"@type":"BreadcrumbList","@id":"https:\/\/dicodusport.fr\/blog\/celta-vigo-lille-compositions-chaine-tv-heure-et-cotes-ligue-europa-2025-2026\/#breadcrumb","itemListElement":[{"@type":"ListItem","position":1,"name":"Accueil","item":"https:\/\/dicodusport.fr\/blog\/"},{"@type":"ListItem","position":2,"name":"Celta Vigo-Lille : Compositions, Cha\u00eene TV, Heure et Cotes"}]},{"@type":"WebSite","@id":"https:\/\/dicodusport.fr\/blog\/#website","url":"https:\/\/dicodusport.fr\/blog\/","name":"Dicodusport","description":"L&#039;encyclop\u00e9die de l&#039;actualit\u00e9 sportive","publisher":{"@id":"https:\/\/dicodusport.fr\/blog\/#organization"},"potentialAction":[{"@type":"SearchAction","target":{"@type":"EntryPoint","urlTemplate":"https:\/\/dicodusport.fr\/blog\/?s={search_term_string}"},"query-input":{"@type":"PropertyValueSpecification","valueRequired":true,"valueName":"search_term_string"}}],"inLanguage":"fr-FR"},{"@type":"NewsMediaOrganization","@id":"https:\/\/dicodusport.fr\/blog\/#organization","name":"Dicodusport","url":"https:\/\/dicodusport.fr\/blog\/","logo":{"@type":"ImageObject","inLanguage":"fr-FR","@id":"https:\/\/dicodusport.fr\/blog\/#\/schema\/logo\/image\/","url":"https:\/\/dicodusport.fr\/blog\/wp-content\/uploads\/2020\/06\/cropped-LOGO-DICODUSPORT-2020-SANS-FOND-SANS-TEXTE.png","contentUrl":"https:\/\/dicodusport.fr\/blog\/wp-content\/uploads\/2020\/06\/cropped-LOGO-DICODUSPORT-2020-SANS-FOND-SANS-TEXTE.png","width":512,"height":512,"caption":"Dicodusport"},"image":{"@id":"https:\/\/dicodusport.fr\/blog\/#\/schema\/logo\/image\/"},"sameAs":["https:\/\/www.facebook.com\/dicodusport","https:\/\/x.com\/dicodusport","https:\/\/www.instagram.com\/dicodusport\/","https:\/\/www.youtube.com\/channel\/UC7V2KZ5sd3htJivAbA4ZG3w"],"description":"Dicodusport est l'encyclop\u00e9die de l'actualit\u00e9 sportive.","email":"bonjour@dicodusport.fr","legalName":"DICODUSPORT","foundingDate":"2018-01-14","vatID":"FR71834470973","taxID":"83447097300043","numberOfEmployees":{"@type":"QuantitativeValue","minValue":"1","maxValue":"10"}},{"@type":"Person","@id":"https:\/\/dicodusport.fr\/blog\/#\/schema\/person\/627966a6cde45dbd8c5e36ac85d783da","name":"S\u00e9bastien Gente","image":{"@type":"ImageObject","inLanguage":"fr-FR","@id":"https:\/\/dicodusport.fr\/blog\/#\/schema\/person\/image\/","url":"https:\/\/dicodusport.fr\/blog\/wp-content\/uploads\/2021\/09\/1510990_10205810251400683_4124423575079401707_n-150x150.jpg","contentUrl":"https:\/\/dicodusport.fr\/blog\/wp-content\/uploads\/2021\/09\/1510990_10205810251400683_4124423575079401707_n-150x150.jpg","caption":"S\u00e9bastien Gente"},"description":"John Stockton, Gianni Bugno, Zinedine Zidane, Steffi Graf, Frode Andresen, St\u00e9phane Stoecklin, Davis Kamoga, Primoz Peterka, Werner Schlager et Aur\u00e9lien Rougerie. Point commun entre ces sportifs? Ils m'ont fait r\u00eaver et ont berc\u00e9 mon adolescence. Je suis un fondu de sports et j'essaie de retranscrire ma passion \u00e0 travers mes articles. Originaire du P\u00e9rigord, ma passion pour les Girondins, les Jaunards et les Jazzmen transpire dans mes \u00e9crits. \u00c0 Dicodusport depuis 2021, je d\u00e9niche les sports m\u00e9connus dans lesquels la France brille, et il y en a !","sameAs":["https:\/\/www.facebook.com\/sebastien.gente\/","https:\/\/www.instagram.com\/sebgente\/","https:\/\/www.linkedin.com\/in\/sbastien-gente-a29583169\/","https:\/\/x.com\/https:\/\/twitter.com\/globulo24","SebastienGente"],"worksFor":"S\u00e9bastien GENTE","url":"https:\/\/dicodusport.fr\/blog\/author\/sebastiengente\/"}]}},"_links":{"self":[{"href":"https:\/\/dicodusport.fr\/blog\/wp-json\/wp\/v2\/posts\/640123","targetHints":{"allow":["GET"]}}],"collection":[{"href":"https:\/\/dicodusport.fr\/blog\/wp-json\/wp\/v2\/posts"}],"about":[{"href":"https:\/\/dicodusport.fr\/blog\/wp-json\/wp\/v2\/types\/post"}],"author":[{"embeddable":true,"href":"https:\/\/dicodusport.fr\/blog\/wp-json\/wp\/v2\/users\/59"}],"replies":[{"embeddable":true,"href":"https:\/\/dicodusport.fr\/blog\/wp-json\/wp\/v2\/comments?post=640123"}],"version-history":[{"count":1,"href":"https:\/\/dicodusport.fr\/blog\/wp-json\/wp\/v2\/posts\/640123\/revisions"}],"predecessor-version":[{"id":640129,"href":"https:\/\/dicodusport.fr\/blog\/wp-json\/wp\/v2\/posts\/640123\/revisions\/640129"}],"wp:featuredmedia":[{"embeddable":true,"href":"https:\/\/dicodusport.fr\/blog\/wp-json\/wp\/v2\/media\/640126"}],"wp:attachment":[{"href":"https:\/\/dicodusport.fr\/blog\/wp-json\/wp\/v2\/media?parent=640123"}],"wp:term":[{"taxonomy":"category","embeddable":true,"href":"https:\/\/dicodusport.fr\/blog\/wp-json\/wp\/v2\/categories?post=640123"},{"taxonomy":"post_tag","embeddable":true,"href":"https:\/\/dicodusport.fr\/blog\/wp-json\/wp\/v2\/tags?post=640123"}],"curies":[{"name":"wp","href":"https:\/\/api.w.org\/{rel}","templated":true}]}}