{"id":640142,"date":"2026-01-21T13:00:49","date_gmt":"2026-01-21T12:00:49","guid":{"rendered":"https:\/\/dicodusport.fr\/blog\/?p=640142&#038;preview=true&#038;preview_id=640142"},"modified":"2026-01-22T15:01:27","modified_gmt":"2026-01-22T14:01:27","slug":"hexagone-mma-38-carte-et-liste-des-combats-chaine-tv-et-heure","status":"publish","type":"post","link":"https:\/\/dicodusport.fr\/blog\/hexagone-mma-38-carte-et-liste-des-combats-chaine-tv-et-heure\/","title":{"rendered":"Hexagone MMA 38 : Carte et liste des combats, Cha\u00eene TV et Heure"},"content":{"rendered":"<p style=\"text-align: justify;\" align=\"justify\"><em><strong>Retrouvez la carte des combats, l&rsquo;heure et la cha\u00eene TV de l&rsquo;Hexagone MMA 38, qui se d\u00e9roule ce vendredi 23 janvier.<\/strong><\/em><\/p>\n<p style=\"text-align: justify;\">38\u00e8me soir\u00e9e pour l&rsquo;<strong>Hexagone MMA<\/strong> ce soir, au Z\u00e9nith Sud de Montpellier. Avec en point d&rsquo;orgue, la remise en jeu de la ceinture des poids lourds par <strong>Pince Aounallah<\/strong> contre <strong>Adama Diop<\/strong>, et le d\u00e9but du tournoi \u00e0 100.000 euros chez les poids moyens.<\/p>\n<blockquote class=\"instagram-media\" style=\"background: #FFF; border: 0; border-radius: 3px; box-shadow: 0 0 1px 0 rgba(0,0,0,0.5),0 1px 10px 0 rgba(0,0,0,0.15); margin: 1px; max-width: 540px; min-width: 326px; padding: 0; width: calc(100% - 2px);\" data-instgrm-captioned=\"\" data-instgrm-permalink=\"https:\/\/www.instagram.com\/p\/DTVjzY1CMcg\/?utm_source=ig_embed&amp;utm_campaign=loading\" data-instgrm-version=\"14\">\n<div style=\"padding: 16px;\">\n<p>&nbsp;<\/p>\n<div style=\"display: flex; flex-direction: row; align-items: center;\">\n<div style=\"background-color: #f4f4f4; border-radius: 50%; flex-grow: 0; height: 40px; margin-right: 14px; width: 40px;\"><\/div>\n<div style=\"display: flex; flex-direction: column; flex-grow: 1; justify-content: center;\">\n<div style=\"background-color: #f4f4f4; border-radius: 4px; flex-grow: 0; height: 14px; margin-bottom: 6px; width: 100px;\"><\/div>\n<div style=\"background-color: #f4f4f4; border-radius: 4px; flex-grow: 0; height: 14px; width: 60px;\"><\/div>\n<\/div>\n<\/div>\n<div style=\"padding: 19% 0;\"><\/div>\n<div style=\"display: block; height: 50px; margin: 0 auto 12px; width: 50px;\"><\/div>\n<div style=\"padding-top: 8px;\">\n<div style=\"color: #3897f0; font-family: Arial,sans-serif; font-size: 14px; font-style: normal; font-weight: 550; line-height: 18px;\">Voir cette publication sur Instagram<\/div>\n<\/div>\n<div style=\"padding: 12.5% 0;\"><\/div>\n<div style=\"display: flex; flex-direction: row; margin-bottom: 14px; align-items: center;\">\n<div>\n<div style=\"background-color: #f4f4f4; border-radius: 50%; height: 12.5px; width: 12.5px; transform: translateX(0px) translateY(7px);\"><\/div>\n<div style=\"background-color: #f4f4f4; height: 12.5px; transform: rotate(-45deg) translateX(3px) translateY(1px); width: 12.5px; flex-grow: 0; margin-right: 14px; margin-left: 2px;\"><\/div>\n<div style=\"background-color: #f4f4f4; border-radius: 50%; height: 12.5px; width: 12.5px; transform: translateX(9px) translateY(-18px);\"><\/div>\n<\/div>\n<div style=\"margin-left: 8px;\">\n<div style=\"background-color: #f4f4f4; border-radius: 50%; flex-grow: 0; height: 20px; width: 20px;\"><\/div>\n<div style=\"width: 0; height: 0; border-top: 2px solid transparent; border-left: 6px solid #f4f4f4; border-bottom: 2px solid transparent; transform: translateX(16px) translateY(-4px) rotate(30deg);\"><\/div>\n<\/div>\n<div style=\"margin-left: auto;\">\n<div style=\"width: 0px; border-top: 8px solid #F4F4F4; border-right: 8px solid transparent; transform: translateY(16px);\"><\/div>\n<div style=\"background-color: #f4f4f4; flex-grow: 0; height: 12px; width: 16px; transform: translateY(-4px);\"><\/div>\n<div style=\"width: 0; height: 0; border-top: 8px solid #F4F4F4; border-left: 8px solid transparent; transform: translateY(-4px) translateX(8px);\"><\/div>\n<\/div>\n<\/div>\n<div style=\"display: flex; flex-direction: column; flex-grow: 1; justify-content: center; margin-bottom: 24px;\">\n<div style=\"background-color: #f4f4f4; border-radius: 4px; flex-grow: 0; height: 14px; margin-bottom: 6px; width: 224px;\"><\/div>\n<div style=\"background-color: #f4f4f4; border-radius: 4px; flex-grow: 0; height: 14px; width: 144px;\"><\/div>\n<\/div>\n<p>&nbsp;<\/p>\n<p style=\"color: #c9c8cd; font-family: Arial,sans-serif; font-size: 14px; line-height: 17px; margin-bottom: 0; margin-top: 8px; overflow: hidden; padding: 8px 0 7px; text-align: center; text-overflow: ellipsis; white-space: nowrap;\"><a style=\"color: #c9c8cd; font-family: Arial,sans-serif; font-size: 14px; font-style: normal; font-weight: normal; line-height: 17px; text-decoration: none;\" href=\"https:\/\/www.instagram.com\/p\/DTVjzY1CMcg\/?utm_source=ig_embed&amp;utm_campaign=loading\" target=\"_blank\" rel=\"noopener\">Une publication partag\u00e9e par HEXAGONE MMA Winamax (@hexagonemmafr)<\/a><\/p>\n<\/div>\n<\/blockquote>\n<p><script async src=\"\/\/www.instagram.com\/embed.js\"><\/script><\/p>\n<h2 style=\"text-align: justify;\">\u00c0 qui la ceinture poids lourds ?<\/h2>\n<p style=\"text-align: justify;\">Pour une nouvelle venue \u00e0 Montpellier, l&rsquo;Hexagone MMA offre au public un match de championnat : celui des poids lourds. Champion de l&rsquo;organisation depuis juin 2023, <strong>Pince Aounallah<\/strong> va d\u00e9fendre pour la troisi\u00e8me fois sa ceinture. Mais apr\u00e8s avoir subi deux d\u00e9faites dans des tentatives de s&rsquo;installer dans d&rsquo;autres organisations (le Rizin et le KSW), il pourrait \u00eatre en danger contre <strong>Adama Diop<\/strong>, qui a gagn\u00e9 cinq de ses six combats professionnels, et toujours avant la limite.<\/p>\n<p style=\"text-align: justify;\">Hormis ce combat pour la ceinture, il faudra surveiller le quart de finale du tournoi \u00e0 100.000 euros, cette fois en cat\u00e9gorie des poids moyens. <strong>Cl\u00e9ment Giordanengo<\/strong> n&rsquo;a plus combattu depuis un an, et <strong>Islem Masraf<\/strong> sort de deux d\u00e9faites, dont une aux Dana White&rsquo;s Contender Series. Difficile donc de d\u00e9signer un favori. Valeur montante de l&rsquo;organisation, <strong>Corentin Roux<\/strong> sera \u00e9galement au programme.<\/p>\n<h2 style=\"text-align: justify;\">Date, heure et cha\u00eene TV de l&rsquo;Hexagone MMA 38<\/h2>\n<p style=\"text-align: justify;\">L&rsquo;<strong>Hexagone MMA 38 2025<\/strong> est pr\u00e9vu ce <strong>vendredi 23 janvier 2026<\/strong>\u00a0\u00e0 <strong>19h00<\/strong> <strong>pour la carte pr\u00e9liminaire<\/strong> et <strong>20h30 <\/strong><strong>pour la carte principale<\/strong>. Concernant la <strong>diffusion<\/strong>, la carte pr\u00e9liminaire sera diffus\u00e9e sur le <em>Twitch RMC Sport<\/em>, et la carte principale sera retransmise en direct en France sur <em>RMC Sport<\/em>, accessible via abonnement sur t\u00e9l\u00e9viseur, ordinateur, tablette ou smartphone.<\/p>\n<h2 style=\"text-align: justify;\">Carte de l&rsquo;Hexagone MMA 38 : la liste des combats<\/h2>\n<h3 style=\"text-align: justify;\">Carte pr\u00e9liminaire (d\u00e8s 19h30)<\/h3>\n<p style=\"text-align: justify;\"><strong>Mame Thierno Tall vs Alex Olarte<\/strong><br \/>\nHors cat\u00e9gorie de poids<\/p>\n<p style=\"text-align: justify;\"><strong>Hicham Outaleb vs Callixte Lagourdette<\/strong><br \/>\nPoids plumes<\/p>\n<p style=\"text-align: justify;\"><strong>Enzo L\u00e9on vs Ilias Molina<\/strong><br \/>\nPoids l\u00e9gers<\/p>\n<p style=\"text-align: justify;\"><strong>Alikhan Abdulkarimov vs Boubacar Oumarou<\/strong><br \/>\nPoids coqs<\/p>\n<p style=\"text-align: justify;\"><strong>Youssouf Ouattara vs Youssef Faout<\/strong><br \/>\nPoids coqs<\/p>\n<h3 style=\"text-align: justify;\">Carte principale (d\u00e8s 20h30)<\/h3>\n<p style=\"text-align: justify;\"><strong>Corentin Roux vs Sebastian Ratajczyk<\/strong><br \/>\nPoids coqs<\/p>\n<p style=\"text-align: justify;\"><strong>Mahamadou Soukouna vs Ronaldo Silva<\/strong><br \/>\nPoids mi-moyens<\/p>\n<p style=\"text-align: justify;\"><strong>Moumen Mssaate vs Benjamin Molnar<\/strong><br \/>\nPoids coqs<\/p>\n<p style=\"text-align: justify;\"><strong>Cl\u00e9ment Giordanengo vs Islem Maraf<\/strong><br \/>\nPoids moyens &#8211; quart de finale du tournoi \u00e0 100 000 euros<\/p>\n<p style=\"text-align: justify;\"><strong>Pince Aounallah vs Adama Diop<\/strong><br \/>\nPoids lourds &#8211; main event &#8211; pour la ceinture<\/p>\n","protected":false},"excerpt":{"rendered":"<p>Retrouvez la carte des combats, l&rsquo;heure et la cha\u00eene TV de l&rsquo;Hexagone MMA 38, qui se d\u00e9roule ce vendredi 23 janvier.<\/p>\n","protected":false},"author":59,"featured_media":640147,"comment_status":"open","ping_status":"closed","sticky":false,"template":"","format":"standard","meta":{"_acf_changed":false,"_daextam_enable_autolinks":"1","footnotes":""},"categories":[44295,10666],"tags":[32415,16878,47371],"class_list":["post-640142","post","type-post","status-publish","format-standard","has-post-thumbnail","hentry","category-chaine-tv","category-mma","tag-actu","tag-breve","tag-hexagone-mma"],"acf":[],"yoast_head":"<!-- This site is optimized with the Yoast SEO Premium plugin v26.7 (Yoast SEO v26.7) - https:\/\/yoast.com\/wordpress\/plugins\/seo\/ -->\n<title>Hexagone MMA 38 : Carte et liste des combats, Cha\u00eene TV et Heure<\/title>\n<meta name=\"description\" content=\"Retrouvez la carte des combats, l&#039;heure et la cha\u00eene TV de l&#039;Hexagone MMA 38, qui se d\u00e9roule ce vendredi 23 janvier.\" \/>\n<meta name=\"robots\" content=\"index, follow, max-snippet:-1, max-image-preview:large, max-video-preview:-1\" \/>\n<link rel=\"canonical\" href=\"https:\/\/dicodusport.fr\/blog\/hexagone-mma-38-carte-et-liste-des-combats-chaine-tv-et-heure\/\" \/>\n<meta property=\"og:locale\" content=\"fr_FR\" \/>\n<meta property=\"og:type\" content=\"article\" \/>\n<meta property=\"og:title\" content=\"Hexagone MMA 38 : Carte et liste des combats, Cha\u00eene TV et Heure\" \/>\n<meta property=\"og:description\" content=\"Retrouvez la carte des combats, l&#039;heure et la cha\u00eene TV de l&#039;Hexagone MMA 38, qui se d\u00e9roule ce vendredi 23 janvier.\" \/>\n<meta property=\"og:url\" content=\"https:\/\/dicodusport.fr\/blog\/hexagone-mma-38-carte-et-liste-des-combats-chaine-tv-et-heure\/\" \/>\n<meta property=\"og:site_name\" content=\"Dicodusport\" \/>\n<meta property=\"article:publisher\" content=\"https:\/\/www.facebook.com\/dicodusport\" \/>\n<meta property=\"article:author\" content=\"https:\/\/www.facebook.com\/sebastien.gente\/\" \/>\n<meta property=\"article:published_time\" content=\"2026-01-21T12:00:49+00:00\" \/>\n<meta property=\"article:modified_time\" content=\"2026-01-22T14:01:27+00:00\" \/>\n<meta property=\"og:image\" content=\"https:\/\/dicodusport.fr\/blog\/wp-content\/uploads\/2026\/01\/Hexagone-MMA-38-Carte-et-liste-des-combats-Chaine-TV-et-Heure.png\" \/>\n\t<meta property=\"og:image:width\" content=\"1200\" \/>\n\t<meta property=\"og:image:height\" content=\"674\" \/>\n\t<meta property=\"og:image:type\" content=\"image\/png\" \/>\n<meta name=\"author\" content=\"S\u00e9bastien Gente\" \/>\n<meta name=\"twitter:card\" content=\"summary_large_image\" \/>\n<meta name=\"twitter:title\" content=\"Hexagone MMA 38 : Carte et liste des combats, Cha\u00eene TV et Heure\" \/>\n<meta name=\"twitter:creator\" content=\"@https:\/\/twitter.com\/globulo24\" \/>\n<meta name=\"twitter:site\" content=\"@dicodusport\" \/>\n<script type=\"application\/ld+json\" class=\"yoast-schema-graph\">{\"@context\":\"https:\/\/schema.org\",\"@graph\":[{\"@type\":\"NewsArticle\",\"@id\":\"https:\/\/dicodusport.fr\/blog\/hexagone-mma-38-carte-et-liste-des-combats-chaine-tv-et-heure\/#article\",\"isPartOf\":{\"@id\":\"https:\/\/dicodusport.fr\/blog\/hexagone-mma-38-carte-et-liste-des-combats-chaine-tv-et-heure\/\"},\"author\":{\"name\":\"S\u00e9bastien Gente\",\"@id\":\"https:\/\/dicodusport.fr\/blog\/#\/schema\/person\/627966a6cde45dbd8c5e36ac85d783da\"},\"headline\":\"Hexagone MMA 38 : Carte et liste des combats, Cha\u00eene TV et Heure\",\"datePublished\":\"2026-01-21T12:00:49+00:00\",\"dateModified\":\"2026-01-22T14:01:27+00:00\",\"mainEntityOfPage\":{\"@id\":\"https:\/\/dicodusport.fr\/blog\/hexagone-mma-38-carte-et-liste-des-combats-chaine-tv-et-heure\/\"},\"wordCount\":434,\"commentCount\":0,\"publisher\":{\"@id\":\"https:\/\/dicodusport.fr\/blog\/#organization\"},\"image\":{\"@id\":\"https:\/\/dicodusport.fr\/blog\/hexagone-mma-38-carte-et-liste-des-combats-chaine-tv-et-heure\/#primaryimage\"},\"thumbnailUrl\":\"https:\/\/dicodusport.fr\/blog\/wp-content\/uploads\/2026\/01\/Hexagone-MMA-38-Carte-et-liste-des-combats-Chaine-TV-et-Heure.png\",\"keywords\":[\"actu\",\"br\u00e8ve\",\"Hexagone MMA\"],\"articleSection\":[\"Cha\u00eene TV\",\"MMA\"],\"inLanguage\":\"fr-FR\",\"potentialAction\":[{\"@type\":\"CommentAction\",\"name\":\"Comment\",\"target\":[\"https:\/\/dicodusport.fr\/blog\/hexagone-mma-38-carte-et-liste-des-combats-chaine-tv-et-heure\/#respond\"]}],\"copyrightYear\":\"2026\",\"copyrightHolder\":{\"@id\":\"https:\/\/dicodusport.fr\/blog\/#organization\"}},{\"@type\":\"WebPage\",\"@id\":\"https:\/\/dicodusport.fr\/blog\/hexagone-mma-38-carte-et-liste-des-combats-chaine-tv-et-heure\/\",\"url\":\"https:\/\/dicodusport.fr\/blog\/hexagone-mma-38-carte-et-liste-des-combats-chaine-tv-et-heure\/\",\"name\":\"Hexagone MMA 38 : Carte et liste des combats, Cha\u00eene TV et Heure\",\"isPartOf\":{\"@id\":\"https:\/\/dicodusport.fr\/blog\/#website\"},\"primaryImageOfPage\":{\"@id\":\"https:\/\/dicodusport.fr\/blog\/hexagone-mma-38-carte-et-liste-des-combats-chaine-tv-et-heure\/#primaryimage\"},\"image\":{\"@id\":\"https:\/\/dicodusport.fr\/blog\/hexagone-mma-38-carte-et-liste-des-combats-chaine-tv-et-heure\/#primaryimage\"},\"thumbnailUrl\":\"https:\/\/dicodusport.fr\/blog\/wp-content\/uploads\/2026\/01\/Hexagone-MMA-38-Carte-et-liste-des-combats-Chaine-TV-et-Heure.png\",\"datePublished\":\"2026-01-21T12:00:49+00:00\",\"dateModified\":\"2026-01-22T14:01:27+00:00\",\"description\":\"Retrouvez la carte des combats, l'heure et la cha\u00eene TV de l'Hexagone MMA 38, qui se d\u00e9roule ce vendredi 23 janvier.\",\"breadcrumb\":{\"@id\":\"https:\/\/dicodusport.fr\/blog\/hexagone-mma-38-carte-et-liste-des-combats-chaine-tv-et-heure\/#breadcrumb\"},\"inLanguage\":\"fr-FR\",\"potentialAction\":[{\"@type\":\"ReadAction\",\"target\":[\"https:\/\/dicodusport.fr\/blog\/hexagone-mma-38-carte-et-liste-des-combats-chaine-tv-et-heure\/\"]}]},{\"@type\":\"ImageObject\",\"inLanguage\":\"fr-FR\",\"@id\":\"https:\/\/dicodusport.fr\/blog\/hexagone-mma-38-carte-et-liste-des-combats-chaine-tv-et-heure\/#primaryimage\",\"url\":\"https:\/\/dicodusport.fr\/blog\/wp-content\/uploads\/2026\/01\/Hexagone-MMA-38-Carte-et-liste-des-combats-Chaine-TV-et-Heure.png\",\"contentUrl\":\"https:\/\/dicodusport.fr\/blog\/wp-content\/uploads\/2026\/01\/Hexagone-MMA-38-Carte-et-liste-des-combats-Chaine-TV-et-Heure.png\",\"width\":1200,\"height\":674,\"caption\":\"Hexagone MMA 38 Carte et liste des combats, Cha\u00eene TV et Heure\"},{\"@type\":\"BreadcrumbList\",\"@id\":\"https:\/\/dicodusport.fr\/blog\/hexagone-mma-38-carte-et-liste-des-combats-chaine-tv-et-heure\/#breadcrumb\",\"itemListElement\":[{\"@type\":\"ListItem\",\"position\":1,\"name\":\"Accueil\",\"item\":\"https:\/\/dicodusport.fr\/blog\/\"},{\"@type\":\"ListItem\",\"position\":2,\"name\":\"Hexagone MMA 38 : Carte et liste des combats, Cha\u00eene TV et Heure\"}]},{\"@type\":\"WebSite\",\"@id\":\"https:\/\/dicodusport.fr\/blog\/#website\",\"url\":\"https:\/\/dicodusport.fr\/blog\/\",\"name\":\"Dicodusport\",\"description\":\"L&#039;encyclop\u00e9die de l&#039;actualit\u00e9 sportive\",\"publisher\":{\"@id\":\"https:\/\/dicodusport.fr\/blog\/#organization\"},\"potentialAction\":[{\"@type\":\"SearchAction\",\"target\":{\"@type\":\"EntryPoint\",\"urlTemplate\":\"https:\/\/dicodusport.fr\/blog\/?s={search_term_string}\"},\"query-input\":{\"@type\":\"PropertyValueSpecification\",\"valueRequired\":true,\"valueName\":\"search_term_string\"}}],\"inLanguage\":\"fr-FR\"},{\"@type\":\"NewsMediaOrganization\",\"@id\":\"https:\/\/dicodusport.fr\/blog\/#organization\",\"name\":\"Dicodusport\",\"url\":\"https:\/\/dicodusport.fr\/blog\/\",\"logo\":{\"@type\":\"ImageObject\",\"inLanguage\":\"fr-FR\",\"@id\":\"https:\/\/dicodusport.fr\/blog\/#\/schema\/logo\/image\/\",\"url\":\"https:\/\/dicodusport.fr\/blog\/wp-content\/uploads\/2020\/06\/cropped-LOGO-DICODUSPORT-2020-SANS-FOND-SANS-TEXTE.png\",\"contentUrl\":\"https:\/\/dicodusport.fr\/blog\/wp-content\/uploads\/2020\/06\/cropped-LOGO-DICODUSPORT-2020-SANS-FOND-SANS-TEXTE.png\",\"width\":512,\"height\":512,\"caption\":\"Dicodusport\"},\"image\":{\"@id\":\"https:\/\/dicodusport.fr\/blog\/#\/schema\/logo\/image\/\"},\"sameAs\":[\"https:\/\/www.facebook.com\/dicodusport\",\"https:\/\/x.com\/dicodusport\",\"https:\/\/www.instagram.com\/dicodusport\/\",\"https:\/\/www.youtube.com\/channel\/UC7V2KZ5sd3htJivAbA4ZG3w\"],\"description\":\"Dicodusport est l'encyclop\u00e9die de l'actualit\u00e9 sportive.\",\"email\":\"bonjour@dicodusport.fr\",\"legalName\":\"DICODUSPORT\",\"foundingDate\":\"2018-01-14\",\"vatID\":\"FR71834470973\",\"taxID\":\"83447097300043\",\"numberOfEmployees\":{\"@type\":\"QuantitativeValue\",\"minValue\":\"1\",\"maxValue\":\"10\"}},{\"@type\":\"Person\",\"@id\":\"https:\/\/dicodusport.fr\/blog\/#\/schema\/person\/627966a6cde45dbd8c5e36ac85d783da\",\"name\":\"S\u00e9bastien Gente\",\"image\":{\"@type\":\"ImageObject\",\"inLanguage\":\"fr-FR\",\"@id\":\"https:\/\/dicodusport.fr\/blog\/#\/schema\/person\/image\/\",\"url\":\"https:\/\/dicodusport.fr\/blog\/wp-content\/uploads\/2021\/09\/1510990_10205810251400683_4124423575079401707_n-150x150.jpg\",\"contentUrl\":\"https:\/\/dicodusport.fr\/blog\/wp-content\/uploads\/2021\/09\/1510990_10205810251400683_4124423575079401707_n-150x150.jpg\",\"caption\":\"S\u00e9bastien Gente\"},\"description\":\"John Stockton, Gianni Bugno, Zinedine Zidane, Steffi Graf, Frode Andresen, St\u00e9phane Stoecklin, Davis Kamoga, Primoz Peterka, Werner Schlager et Aur\u00e9lien Rougerie. Point commun entre ces sportifs? Ils m'ont fait r\u00eaver et ont berc\u00e9 mon adolescence. Je suis un fondu de sports et j'essaie de retranscrire ma passion \u00e0 travers mes articles. Originaire du P\u00e9rigord, ma passion pour les Girondins, les Jaunards et les Jazzmen transpire dans mes \u00e9crits. \u00c0 Dicodusport depuis 2021, je d\u00e9niche les sports m\u00e9connus dans lesquels la France brille, et il y en a !\",\"sameAs\":[\"https:\/\/www.facebook.com\/sebastien.gente\/\",\"https:\/\/www.instagram.com\/sebgente\/\",\"https:\/\/www.linkedin.com\/in\/sbastien-gente-a29583169\/\",\"https:\/\/x.com\/https:\/\/twitter.com\/globulo24\",\"SebastienGente\"],\"worksFor\":\"S\u00e9bastien GENTE\",\"url\":\"https:\/\/dicodusport.fr\/blog\/author\/sebastiengente\/\"}]}<\/script>\n<!-- \/ Yoast SEO Premium plugin. -->","yoast_head_json":{"title":"Hexagone MMA 38 : Carte et liste des combats, Cha\u00eene TV et Heure","description":"Retrouvez la carte des combats, l'heure et la cha\u00eene TV de l'Hexagone MMA 38, qui se d\u00e9roule ce vendredi 23 janvier.","robots":{"index":"index","follow":"follow","max-snippet":"max-snippet:-1","max-image-preview":"max-image-preview:large","max-video-preview":"max-video-preview:-1"},"canonical":"https:\/\/dicodusport.fr\/blog\/hexagone-mma-38-carte-et-liste-des-combats-chaine-tv-et-heure\/","og_locale":"fr_FR","og_type":"article","og_title":"Hexagone MMA 38 : Carte et liste des combats, Cha\u00eene TV et Heure","og_description":"Retrouvez la carte des combats, l'heure et la cha\u00eene TV de l'Hexagone MMA 38, qui se d\u00e9roule ce vendredi 23 janvier.","og_url":"https:\/\/dicodusport.fr\/blog\/hexagone-mma-38-carte-et-liste-des-combats-chaine-tv-et-heure\/","og_site_name":"Dicodusport","article_publisher":"https:\/\/www.facebook.com\/dicodusport","article_author":"https:\/\/www.facebook.com\/sebastien.gente\/","article_published_time":"2026-01-21T12:00:49+00:00","article_modified_time":"2026-01-22T14:01:27+00:00","og_image":[{"width":1200,"height":674,"url":"https:\/\/dicodusport.fr\/blog\/wp-content\/uploads\/2026\/01\/Hexagone-MMA-38-Carte-et-liste-des-combats-Chaine-TV-et-Heure.png","type":"image\/png"}],"author":"S\u00e9bastien Gente","twitter_card":"summary_large_image","twitter_title":"Hexagone MMA 38 : Carte et liste des combats, Cha\u00eene TV et Heure","twitter_creator":"@https:\/\/twitter.com\/globulo24","twitter_site":"@dicodusport","schema":{"@context":"https:\/\/schema.org","@graph":[{"@type":"NewsArticle","@id":"https:\/\/dicodusport.fr\/blog\/hexagone-mma-38-carte-et-liste-des-combats-chaine-tv-et-heure\/#article","isPartOf":{"@id":"https:\/\/dicodusport.fr\/blog\/hexagone-mma-38-carte-et-liste-des-combats-chaine-tv-et-heure\/"},"author":{"name":"S\u00e9bastien Gente","@id":"https:\/\/dicodusport.fr\/blog\/#\/schema\/person\/627966a6cde45dbd8c5e36ac85d783da"},"headline":"Hexagone MMA 38 : Carte et liste des combats, Cha\u00eene TV et Heure","datePublished":"2026-01-21T12:00:49+00:00","dateModified":"2026-01-22T14:01:27+00:00","mainEntityOfPage":{"@id":"https:\/\/dicodusport.fr\/blog\/hexagone-mma-38-carte-et-liste-des-combats-chaine-tv-et-heure\/"},"wordCount":434,"commentCount":0,"publisher":{"@id":"https:\/\/dicodusport.fr\/blog\/#organization"},"image":{"@id":"https:\/\/dicodusport.fr\/blog\/hexagone-mma-38-carte-et-liste-des-combats-chaine-tv-et-heure\/#primaryimage"},"thumbnailUrl":"https:\/\/dicodusport.fr\/blog\/wp-content\/uploads\/2026\/01\/Hexagone-MMA-38-Carte-et-liste-des-combats-Chaine-TV-et-Heure.png","keywords":["actu","br\u00e8ve","Hexagone MMA"],"articleSection":["Cha\u00eene TV","MMA"],"inLanguage":"fr-FR","potentialAction":[{"@type":"CommentAction","name":"Comment","target":["https:\/\/dicodusport.fr\/blog\/hexagone-mma-38-carte-et-liste-des-combats-chaine-tv-et-heure\/#respond"]}],"copyrightYear":"2026","copyrightHolder":{"@id":"https:\/\/dicodusport.fr\/blog\/#organization"}},{"@type":"WebPage","@id":"https:\/\/dicodusport.fr\/blog\/hexagone-mma-38-carte-et-liste-des-combats-chaine-tv-et-heure\/","url":"https:\/\/dicodusport.fr\/blog\/hexagone-mma-38-carte-et-liste-des-combats-chaine-tv-et-heure\/","name":"Hexagone MMA 38 : Carte et liste des combats, Cha\u00eene TV et Heure","isPartOf":{"@id":"https:\/\/dicodusport.fr\/blog\/#website"},"primaryImageOfPage":{"@id":"https:\/\/dicodusport.fr\/blog\/hexagone-mma-38-carte-et-liste-des-combats-chaine-tv-et-heure\/#primaryimage"},"image":{"@id":"https:\/\/dicodusport.fr\/blog\/hexagone-mma-38-carte-et-liste-des-combats-chaine-tv-et-heure\/#primaryimage"},"thumbnailUrl":"https:\/\/dicodusport.fr\/blog\/wp-content\/uploads\/2026\/01\/Hexagone-MMA-38-Carte-et-liste-des-combats-Chaine-TV-et-Heure.png","datePublished":"2026-01-21T12:00:49+00:00","dateModified":"2026-01-22T14:01:27+00:00","description":"Retrouvez la carte des combats, l'heure et la cha\u00eene TV de l'Hexagone MMA 38, qui se d\u00e9roule ce vendredi 23 janvier.","breadcrumb":{"@id":"https:\/\/dicodusport.fr\/blog\/hexagone-mma-38-carte-et-liste-des-combats-chaine-tv-et-heure\/#breadcrumb"},"inLanguage":"fr-FR","potentialAction":[{"@type":"ReadAction","target":["https:\/\/dicodusport.fr\/blog\/hexagone-mma-38-carte-et-liste-des-combats-chaine-tv-et-heure\/"]}]},{"@type":"ImageObject","inLanguage":"fr-FR","@id":"https:\/\/dicodusport.fr\/blog\/hexagone-mma-38-carte-et-liste-des-combats-chaine-tv-et-heure\/#primaryimage","url":"https:\/\/dicodusport.fr\/blog\/wp-content\/uploads\/2026\/01\/Hexagone-MMA-38-Carte-et-liste-des-combats-Chaine-TV-et-Heure.png","contentUrl":"https:\/\/dicodusport.fr\/blog\/wp-content\/uploads\/2026\/01\/Hexagone-MMA-38-Carte-et-liste-des-combats-Chaine-TV-et-Heure.png","width":1200,"height":674,"caption":"Hexagone MMA 38 Carte et liste des combats, Cha\u00eene TV et Heure"},{"@type":"BreadcrumbList","@id":"https:\/\/dicodusport.fr\/blog\/hexagone-mma-38-carte-et-liste-des-combats-chaine-tv-et-heure\/#breadcrumb","itemListElement":[{"@type":"ListItem","position":1,"name":"Accueil","item":"https:\/\/dicodusport.fr\/blog\/"},{"@type":"ListItem","position":2,"name":"Hexagone MMA 38 : Carte et liste des combats, Cha\u00eene TV et Heure"}]},{"@type":"WebSite","@id":"https:\/\/dicodusport.fr\/blog\/#website","url":"https:\/\/dicodusport.fr\/blog\/","name":"Dicodusport","description":"L&#039;encyclop\u00e9die de l&#039;actualit\u00e9 sportive","publisher":{"@id":"https:\/\/dicodusport.fr\/blog\/#organization"},"potentialAction":[{"@type":"SearchAction","target":{"@type":"EntryPoint","urlTemplate":"https:\/\/dicodusport.fr\/blog\/?s={search_term_string}"},"query-input":{"@type":"PropertyValueSpecification","valueRequired":true,"valueName":"search_term_string"}}],"inLanguage":"fr-FR"},{"@type":"NewsMediaOrganization","@id":"https:\/\/dicodusport.fr\/blog\/#organization","name":"Dicodusport","url":"https:\/\/dicodusport.fr\/blog\/","logo":{"@type":"ImageObject","inLanguage":"fr-FR","@id":"https:\/\/dicodusport.fr\/blog\/#\/schema\/logo\/image\/","url":"https:\/\/dicodusport.fr\/blog\/wp-content\/uploads\/2020\/06\/cropped-LOGO-DICODUSPORT-2020-SANS-FOND-SANS-TEXTE.png","contentUrl":"https:\/\/dicodusport.fr\/blog\/wp-content\/uploads\/2020\/06\/cropped-LOGO-DICODUSPORT-2020-SANS-FOND-SANS-TEXTE.png","width":512,"height":512,"caption":"Dicodusport"},"image":{"@id":"https:\/\/dicodusport.fr\/blog\/#\/schema\/logo\/image\/"},"sameAs":["https:\/\/www.facebook.com\/dicodusport","https:\/\/x.com\/dicodusport","https:\/\/www.instagram.com\/dicodusport\/","https:\/\/www.youtube.com\/channel\/UC7V2KZ5sd3htJivAbA4ZG3w"],"description":"Dicodusport est l'encyclop\u00e9die de l'actualit\u00e9 sportive.","email":"bonjour@dicodusport.fr","legalName":"DICODUSPORT","foundingDate":"2018-01-14","vatID":"FR71834470973","taxID":"83447097300043","numberOfEmployees":{"@type":"QuantitativeValue","minValue":"1","maxValue":"10"}},{"@type":"Person","@id":"https:\/\/dicodusport.fr\/blog\/#\/schema\/person\/627966a6cde45dbd8c5e36ac85d783da","name":"S\u00e9bastien Gente","image":{"@type":"ImageObject","inLanguage":"fr-FR","@id":"https:\/\/dicodusport.fr\/blog\/#\/schema\/person\/image\/","url":"https:\/\/dicodusport.fr\/blog\/wp-content\/uploads\/2021\/09\/1510990_10205810251400683_4124423575079401707_n-150x150.jpg","contentUrl":"https:\/\/dicodusport.fr\/blog\/wp-content\/uploads\/2021\/09\/1510990_10205810251400683_4124423575079401707_n-150x150.jpg","caption":"S\u00e9bastien Gente"},"description":"John Stockton, Gianni Bugno, Zinedine Zidane, Steffi Graf, Frode Andresen, St\u00e9phane Stoecklin, Davis Kamoga, Primoz Peterka, Werner Schlager et Aur\u00e9lien Rougerie. Point commun entre ces sportifs? Ils m'ont fait r\u00eaver et ont berc\u00e9 mon adolescence. Je suis un fondu de sports et j'essaie de retranscrire ma passion \u00e0 travers mes articles. Originaire du P\u00e9rigord, ma passion pour les Girondins, les Jaunards et les Jazzmen transpire dans mes \u00e9crits. \u00c0 Dicodusport depuis 2021, je d\u00e9niche les sports m\u00e9connus dans lesquels la France brille, et il y en a !","sameAs":["https:\/\/www.facebook.com\/sebastien.gente\/","https:\/\/www.instagram.com\/sebgente\/","https:\/\/www.linkedin.com\/in\/sbastien-gente-a29583169\/","https:\/\/x.com\/https:\/\/twitter.com\/globulo24","SebastienGente"],"worksFor":"S\u00e9bastien GENTE","url":"https:\/\/dicodusport.fr\/blog\/author\/sebastiengente\/"}]}},"_links":{"self":[{"href":"https:\/\/dicodusport.fr\/blog\/wp-json\/wp\/v2\/posts\/640142","targetHints":{"allow":["GET"]}}],"collection":[{"href":"https:\/\/dicodusport.fr\/blog\/wp-json\/wp\/v2\/posts"}],"about":[{"href":"https:\/\/dicodusport.fr\/blog\/wp-json\/wp\/v2\/types\/post"}],"author":[{"embeddable":true,"href":"https:\/\/dicodusport.fr\/blog\/wp-json\/wp\/v2\/users\/59"}],"replies":[{"embeddable":true,"href":"https:\/\/dicodusport.fr\/blog\/wp-json\/wp\/v2\/comments?post=640142"}],"version-history":[{"count":2,"href":"https:\/\/dicodusport.fr\/blog\/wp-json\/wp\/v2\/posts\/640142\/revisions"}],"predecessor-version":[{"id":640447,"href":"https:\/\/dicodusport.fr\/blog\/wp-json\/wp\/v2\/posts\/640142\/revisions\/640447"}],"wp:featuredmedia":[{"embeddable":true,"href":"https:\/\/dicodusport.fr\/blog\/wp-json\/wp\/v2\/media\/640147"}],"wp:attachment":[{"href":"https:\/\/dicodusport.fr\/blog\/wp-json\/wp\/v2\/media?parent=640142"}],"wp:term":[{"taxonomy":"category","embeddable":true,"href":"https:\/\/dicodusport.fr\/blog\/wp-json\/wp\/v2\/categories?post=640142"},{"taxonomy":"post_tag","embeddable":true,"href":"https:\/\/dicodusport.fr\/blog\/wp-json\/wp\/v2\/tags?post=640142"}],"curies":[{"name":"wp","href":"https:\/\/api.w.org\/{rel}","templated":true}]}}