{"id":640364,"date":"2026-01-23T10:00:42","date_gmt":"2026-01-23T09:00:42","guid":{"rendered":"https:\/\/dicodusport.fr\/blog\/?p=640364&#038;preview=true&#038;preview_id=640364"},"modified":"2026-01-23T11:27:14","modified_gmt":"2026-01-23T10:27:14","slug":"laeticia-bapte-thibaut-collet-cinq-athletes-a-suivre-au-meeting-de-paris-indoor","status":"publish","type":"post","link":"https:\/\/dicodusport.fr\/blog\/laeticia-bapte-thibaut-collet-cinq-athletes-a-suivre-au-meeting-de-paris-indoor\/","title":{"rendered":"La\u00ebticia Bapt\u00e9, Thibaut Collet : cinq athl\u00e8tes \u00e0 suivre au Meeting de Paris indoor"},"content":{"rendered":"<p style=\"text-align: justify;\"><strong><em>MEETING DE PARIS INDOOR 2026 &#8211; Focus sur cinq athl\u00e8tes qui vont participer au rendez-vous parisien ce dimanche.<\/em><\/strong><\/p>\n<ul style=\"text-align: justify;\">\n<li style=\"text-align: justify;\"><strong>\u00c0 ce sujet &#8211; <a href=\"https:\/\/dicodusport.fr\/blog\/meeting-de-paris-indoor-2026-programme-et-resultats\/\">Meeting de Paris indoor 2026 : Programme et r\u00e9sultats<\/a><\/strong><\/li>\n<\/ul>\n<p style=\"text-align: justify;\">Au c\u0153ur d&rsquo;une saison en salle 2026 particuli\u00e8re, marqu\u00e9e par des troisi\u00e8mes championnats du monde en salle cons\u00e9cutifs (20-22 mars \u00e0 Torun), les meetings vont prendre une grande importance pour les athl\u00e8tes souhaitant r\u00e9ussir leur hiver. En France, apr\u00e8s Nantes (ce vendredi soir) et Lyon (ce samedi soir), les athl\u00e8tes ont rendez-vous ce dimanche apr\u00e8s-midi avec le Meeting de Paris indoor, class\u00e9 Silver par World Athletics.<\/p>\n<h2 style=\"text-align: justify;\">Mattia Furlani pour continuer de dominer sa discipline ?<\/h2>\n<p style=\"text-align: justify;\">Le prodige italien <strong>Mattia Furlani<\/strong> fait sa rentr\u00e9e \u00e0 Paris. Recordman du monde junior du saut en longueur (8,36 m en 2024), le Transalpin a d\u00e9j\u00e0 largement d\u00e9pass\u00e9 le stade des promesses. \u00c0 seulement 20 ans (il f\u00eatera ses 21 ans le 7 f\u00e9vrier), il poss\u00e8de d\u00e9j\u00e0 un solide palmar\u00e8s international, avec six m\u00e9dailles r\u00e9colt\u00e9es en deux saisons, une grande r\u00e9gularit\u00e9 et un double titre de champion du monde en 2025, en salle \u00e0 Nankin puis en plein air \u00e0 Tokyo, <a href=\"https:\/\/dicodusport.fr\/blog\/mondiaux-athletisme-2025-moon-cherotich-nader-le-resume-de-la-soiree-du-mercredi-17-septembre\/\">o\u00f9 il a domin\u00e9 tous les sp\u00e9cialistes<\/a>, portant son record personnel \u00e0 8,39 m.<\/p>\n<blockquote class=\"twitter-tweet\">\n<p dir=\"ltr\" lang=\"fr\">\ud83c\uddee\ud83c\uddf9 <a href=\"https:\/\/twitter.com\/hashtag\/TokyoClub?src=hash&amp;ref_src=twsrc%5Etfw\">#TokyoClub<\/a> | Revivez le sacre de Mattia Furlani sur le saut en longueur !<\/p>\n<p>\ud83e\udd47 L&rsquo;Italien Mattia Furlani a remport\u00e9 la m\u00e9daille d&rsquo;or de saut en longueur cet apr\u00e8s-midi, \u00e0 seulement 20 ans.<\/p>\n<p>\u25b6\ufe0f L&rsquo;\u00e9mission en replay : <a href=\"https:\/\/t.co\/pvzZSlOUMN\">https:\/\/t.co\/pvzZSlOUMN<\/a> <a href=\"https:\/\/t.co\/0DC5Ie4HhS\">pic.twitter.com\/0DC5Ie4HhS<\/a><\/p>\n<p>\u2014 francetvsport (@francetvsport) <a href=\"https:\/\/twitter.com\/francetvsport\/status\/1968380571849007313?ref_src=twsrc%5Etfw\">September 17, 2025<\/a><\/p><\/blockquote>\n<p><script async src=\"https:\/\/platform.twitter.com\/widgets.js\" charset=\"utf-8\"><\/script><\/p>\n<p style=\"text-align: justify;\">Habitu\u00e9 aux podiums internationaux, l&rsquo;Italien est d\u00e9sormais l\u2019un des leaders de sa discipline, qui peine toutefois \u00e0 retrouver son lustre d\u2019antan, avec des performances globalement inf\u00e9rieures \u00e0 celles des grandes heures. Il reste n\u00e9anmoins \u00e0 environ 60 centim\u00e8tres du mythique record du monde de <strong>Mike Powell<\/strong> (8,95 m). Un bond \u00e0 8,50 m en 2026 serait \u00e0 la fois logique dans sa progression et un signal fort pour la suite.<\/p>\n<h2 style=\"text-align: justify;\">La\u00ebticia Bapt\u00e9 revancharde au Meeting de Paris indoor apr\u00e8s sa blessure ?<\/h2>\n<p style=\"text-align: justify;\">C\u2019est le grand retour \u00e0 la comp\u00e9tition pour la sp\u00e9cialiste des haies hautes et h\u00e9ro\u00efne malheureuse de la saison 2025. Une ann\u00e9e pourtant d\u00e9but\u00e9e de mani\u00e8re canon en salle. <strong>La\u00ebticia Bapt\u00e9<\/strong> avait repouss\u00e9 son <strong>record personnel \u00e0 7.76 sur 60 m haies<\/strong>, <a href=\"https:\/\/dicodusport.fr\/blog\/athletisme-championnats-de-france-en-salle-laeticia-bapte-marie-julie-bonnin-le-resume-de-la-1ere-journee\/\">lors des championnats de France \u00c9lite en salle<\/a>, entrant ainsi dans le tr\u00e8s haut niveau de la discipline (25e performeuse de tous les temps). Malheureusement, alors qu\u2019elle faisait figure de grande favorite aux championnats d\u2019Europe en salle, elle avait abord\u00e9 la comp\u00e9tition diminu\u00e9e et n\u2019avait pas pu d\u00e9fendre pleinement ses chances.<\/p>\n<blockquote class=\"twitter-tweet\">\n<p dir=\"ltr\" lang=\"fr\">\ud83c\uddeb\ud83c\uddf7 La\u00ebticia Bapt\u00e9 remporte le 60m haies au Meeting Indoor de Paris 2025 en 7&Prime;83 !<a href=\"https:\/\/twitter.com\/hashtag\/lequipeATHLE?src=hash&amp;ref_src=twsrc%5Etfw\">#lequipeATHLE<\/a> <a href=\"https:\/\/t.co\/6PyqYmMBnf\">pic.twitter.com\/6PyqYmMBnf<\/a><\/p>\n<p>\u2014 L&rsquo;\u00c9quipe (@lequipe) <a href=\"https:\/\/twitter.com\/lequipe\/status\/1888630599566360713?ref_src=twsrc%5Etfw\">February 9, 2025<\/a><\/p><\/blockquote>\n<p><script async src=\"https:\/\/platform.twitter.com\/widgets.js\" charset=\"utf-8\"><\/script><\/p>\n<p style=\"text-align: justify;\">Une blessure qu\u2019elle a ensuite tra\u00een\u00e9e tout l\u2019\u00e9t\u00e9, reprenant tr\u00e8s tard, le 13 juillet, sans parvenir \u00e0 \u00eatre pleinement op\u00e9rationnelle pour les championnats du monde d\u2019athl\u00e9tisme deux mois plus tard. \u00c0 Paris, cette rentr\u00e9e donnera forc\u00e9ment des indications pr\u00e9cieuses sur son niveau de forme. En 2025, elle avait sign\u00e9 un prometteur 7.93 d\u00e8s sa reprise.<\/p>\n<h2 style=\"text-align: justify;\">Thibaut Collet pour mettre fin \u00e0 la mal\u00e9diction ?<\/h2>\n<p style=\"text-align: justify;\">Auteur d\u2019une rentr\u00e9e plus que convaincante aux \u00c9tats-Unis (5,80 m), <strong>Thibaut Collet<\/strong> aura \u00e0 c\u0153ur d\u2019encha\u00eener \u00e0 domicile et de continuer \u00e0 engranger de la confiance. L\u2019\u00e9ch\u00e9ance estivale sera constitu\u00e9e par les championnats d\u2019Europe \u00e0 Birmingham (10-16 ao\u00fbt). \u00c0 26 ans, et malgr\u00e9 une implantation durable parmi les meilleurs perchistes mondiaux, le Fran\u00e7ais n\u2019a toujours pas d\u00e9croch\u00e9 de m\u00e9daille internationale.<\/p>\n<p style=\"text-align: justify;\">Souvent h\u00e9ros malheureux, il a termin\u00e9 cinqui\u00e8me des championnats du monde 2023 et 2025, \u00e0 chaque fois avec un saut \u00e0 5,90 m. Quatri\u00e8me des championnats d\u2019Europe en salle l\u2019an pass\u00e9, alors que le podium lui tendait les bras, puis cinqui\u00e8me des championnats d\u2019Europe de Rome en 2024. Le Fran\u00e7ais le sait : la concurrence est rude au niveau continental, <a href=\"http:\/\/dicodusport.fr\/blog\/mondiaux-athletisme-2025-armand-duplantis-premier-homme-a-6-30-metres\/\">avec le recordman du monde <strong>Armand Duplantis<\/strong> (6,30 m)<\/a>, mais aussi <strong>Emmanouil Karalis<\/strong>, tr\u00e8s r\u00e9gulier au-del\u00e0 des six m\u00e8tres en 2025 (record \u00e0 6,08 m). Une barre symbolique qui continue de faire r\u00eaver <strong>Thibaut Collet<\/strong>, atteinte en France uniquement par <strong>Jean Galfione<\/strong> (6,00 m) et <strong>Renaud Lavillenie<\/strong> (6,16 m).<\/p>\n<h2 style=\"text-align: justify;\">Erwan Konat\u00e9 pour performer chez les grands ?<\/h2>\n<p style=\"text-align: justify;\">Autre athl\u00e8te attendu en longueur, <strong>Erwan Konat\u00e9<\/strong>, double champion du monde juniors (2021-2022) et champion d\u2019Europe espoirs l\u2019\u00e9t\u00e9 dernier. <a href=\"https:\/\/dicodusport.fr\/blog\/championnats-deurope-espoirs-dathletisme-2025-erwan-konate-decroche-lor-a-la-longueur-et-realise-les-minima-pour-tokyo\/\">Une comp\u00e9tition lors de laquelle il avait port\u00e9 son record \u00e0 8,25 m.<\/a> Il a effectu\u00e9 sa rentr\u00e9e le week-end dernier au Luxembourg, avec une performance assez discr\u00e8te (7,38 m) et de nombreux sauts mordus, ce qui n\u2019est pas inhabituel en d\u00e9but de saison. Sa course d\u2019\u00e9lan est encore en construction, et l\u2019on verra s\u2019il a trouv\u00e9 de meilleurs r\u00e9glages pour s\u2019envoler plus loin \u00e0 Paris.<\/p>\n<blockquote class=\"twitter-tweet\">\n<p dir=\"ltr\" lang=\"fr\">\ud83e\udd2f LE TITRE ET LE RECORD !<\/p>\n<p>\ud83c\uddeb\ud83c\uddf7 Erwan Konat\u00e9 est sacr\u00e9 champion d&rsquo;Europe U23 de la longueur, apr\u00e8s s&rsquo;\u00eatre envol\u00e9 \u00e0 8,25 m (+1.7) au 5e essai !<\/p>\n<p>\ud83e\udd29 Nouveau record de France espoirs et minima FFA pour les Mondiaux de Tokyo !<\/p>\n<p>\ud83d\udcbb Suivez <a href=\"https:\/\/twitter.com\/hashtag\/Bergen2025?src=hash&amp;ref_src=twsrc%5Etfw\">#Bergen2025<\/a> en DIRECT sur\u2026 <a href=\"https:\/\/t.co\/Otq8mXAtzh\">pic.twitter.com\/Otq8mXAtzh<\/a><\/p>\n<p>\u2014 FFAthl\u00e9tisme (@FFAthletisme) <a href=\"https:\/\/twitter.com\/FFAthletisme\/status\/1946269054739656851?ref_src=twsrc%5Etfw\">July 18, 2025<\/a><\/p><\/blockquote>\n<p><script async src=\"https:\/\/platform.twitter.com\/widgets.js\" charset=\"utf-8\"><\/script><\/p>\n<p style=\"text-align: justify;\">Grand espoir de l\u2019athl\u00e9tisme fran\u00e7ais, il lui manque encore un grand championnat r\u00e9ussi chez les seniors. Il reste notamment sur une participation aux championnats du monde de Tokyo, intervenue apr\u00e8s une tr\u00e8s longue saison, avec un concours disput\u00e9 pr\u00e8s de deux mois apr\u00e8s son sacre \u00e0 Bergen et une bataille acharn\u00e9e au ranking pour d\u00e9crocher son billet.<\/p>\n<h2 style=\"text-align: justify;\">Patrizia Van der Weken au Meeting de Paris indoor pour encha\u00eener<\/h2>\n<p style=\"text-align: justify;\">Sur 60 m, la Luxembourgeoise de 26 ans est dans son jardin. Un jardin qui l\u2019a men\u00e9e \u00e0 une double m\u00e9daille en 2025 : d\u2019abord aux championnats d\u2019Europe en salle \u00e0 Apeldoorn, puis quelques semaines plus tard \u00e0 Nankin lors des Mondiaux en salle, tout en portant son record national \u00e0 7.06 en finale mondiale. De quoi envisager un bis en Pologne dans deux mois ?<\/p>\n<p style=\"text-align: justify;\">Comme <strong>Erwan Konat\u00e9<\/strong>, elle a fait sa rentr\u00e9e au Luxembourg, avec un solide 7.14, actuellement quatri\u00e8me meilleure performance mondiale de l\u2019ann\u00e9e. Une saison qui pourrait lui permettre de franchir un nouveau cap sur 100 m. <strong>Patrizia Van der Weken<\/strong> aura sans doute en ligne de mire la barri\u00e8re des 11 secondes. Avec un record national fix\u00e9 \u00e0 11.00, elle pourrait devenir la premi\u00e8re Luxembourgeoise sous les onze secondes.<\/p>\n<h3 style=\"text-align: justify;\">Dicodusport vous conseille<\/h3>\n<div class=\"vlp-link-container vlp-layout-article\"><a href=\"https:\/\/dicodusport.fr\/blog\/circuit-indoor-2026-le-calendrier-des-meetings-dathletisme-en-salle\/\" class=\"vlp-link\" title=\"Circuit indoor 2026 : Le calendrier des Meetings d&#039;athl\u00e9tisme en salle\"><\/a><div class=\"vlp-layout-zone-side\"><div class=\"vlp-block-4 vlp-link-image\"><img loading=\"lazy\" decoding=\"async\" style=\"max-width: 792px;\" width=\"792\" height=\"445\" src=\"https:\/\/dicodusport.fr\/blog\/wp-content\/uploads\/2026\/01\/Circuit-indoor-2026-Le-calendrier-des-Meetings-dathletisme-en-salle.png\" class=\"attachment-800x445 size-800x445\" alt=\"Circuit indoor 2026 Le calendrier des Meetings d&#039;athl\u00e9tisme en salle\" srcset=\"https:\/\/dicodusport.fr\/blog\/wp-content\/uploads\/2026\/01\/Circuit-indoor-2026-Le-calendrier-des-Meetings-dathletisme-en-salle.png 1200w, https:\/\/dicodusport.fr\/blog\/wp-content\/uploads\/2026\/01\/Circuit-indoor-2026-Le-calendrier-des-Meetings-dathletisme-en-salle-300x169.png 300w, https:\/\/dicodusport.fr\/blog\/wp-content\/uploads\/2026\/01\/Circuit-indoor-2026-Le-calendrier-des-Meetings-dathletisme-en-salle-1024x575.png 1024w, https:\/\/dicodusport.fr\/blog\/wp-content\/uploads\/2026\/01\/Circuit-indoor-2026-Le-calendrier-des-Meetings-dathletisme-en-salle-768x431.png 768w\" sizes=\"auto, (max-width: 792px) 100vw, 792px\" \/><\/div><\/div><div class=\"vlp-layout-zone-main\"><div class=\"vlp-block-0 vlp-link-title\">Circuit indoor 2026 : Le calendrier des Meetings d'athl\u00e9tisme en salle<\/div><div class=\"vlp-block-1 vlp-link-summary\">80 meetings sont au programme du circuit mondial en salle de jusqu'au mois de mars 2026. Le calendrier.<\/div><div class=\"vlp-block-2 vlp-link-button\">Lire l'article<\/div><div class=\"vlp-block-3 vlp-link-url\">dicodusport.fr<\/div><\/div><\/div>\n<div id=\"gtx-trans\" style=\"position: absolute; left: -14px; top: 40.9091px;\">\n<div class=\"gtx-trans-icon\" style=\"text-align: justify;\"><\/div>\n<\/div>\n","protected":false},"excerpt":{"rendered":"<p>Focus sur cinq athl\u00e8tes qui vont participer au rendez-vous parisien ce dimanche.<\/p>\n","protected":false},"author":83,"featured_media":640389,"comment_status":"open","ping_status":"closed","sticky":false,"template":"","format":"standard","meta":{"_acf_changed":false,"_daextam_enable_autolinks":"1","footnotes":""},"categories":[2308],"tags":[10976,16878,3698],"class_list":["post-640364","post","type-post","status-publish","format-standard","has-post-thumbnail","hentry","category-athletisme","tag-athletisme-francais","tag-breve","tag-meeting-de-paris-indoor"],"acf":[],"yoast_head":"<!-- This site is optimized with the Yoast SEO Premium plugin v26.7 (Yoast SEO v26.7) - https:\/\/yoast.com\/wordpress\/plugins\/seo\/ -->\n<title>La\u00ebticia Bapt\u00e9, Thibaut Collet : cinq athl\u00e8tes \u00e0 suivre au Meeting de Paris indoor<\/title>\n<meta name=\"description\" content=\"MEETING DE PARIS INDOOR 2026 - Focus sur cinq athl\u00e8tes qui vont participer au rendez-vous parisien ce dimanche.\" \/>\n<meta name=\"robots\" content=\"index, follow, max-snippet:-1, max-image-preview:large, max-video-preview:-1\" \/>\n<link rel=\"canonical\" href=\"https:\/\/dicodusport.fr\/blog\/laeticia-bapte-thibaut-collet-cinq-athletes-a-suivre-au-meeting-de-paris-indoor\/\" \/>\n<meta property=\"og:locale\" content=\"fr_FR\" \/>\n<meta property=\"og:type\" content=\"article\" \/>\n<meta property=\"og:title\" content=\"La\u00ebticia Bapt\u00e9, Thibaut Collet : cinq athl\u00e8tes \u00e0 suivre au Meeting de Paris indoor\" \/>\n<meta property=\"og:description\" content=\"MEETING DE PARIS INDOOR 2026 - Focus sur cinq athl\u00e8tes qui vont participer au rendez-vous parisien ce dimanche.\" \/>\n<meta property=\"og:url\" content=\"https:\/\/dicodusport.fr\/blog\/laeticia-bapte-thibaut-collet-cinq-athletes-a-suivre-au-meeting-de-paris-indoor\/\" \/>\n<meta property=\"og:site_name\" content=\"Dicodusport\" \/>\n<meta property=\"article:publisher\" content=\"https:\/\/www.facebook.com\/dicodusport\" \/>\n<meta property=\"article:published_time\" content=\"2026-01-23T09:00:42+00:00\" \/>\n<meta property=\"article:modified_time\" content=\"2026-01-23T10:27:14+00:00\" \/>\n<meta property=\"og:image\" content=\"https:\/\/dicodusport.fr\/blog\/wp-content\/uploads\/2026\/01\/Bapte-Furlani-Collet-Cinq-athletes-a-suivre-au-Meeting-de-Paris-indoor.png\" \/>\n\t<meta property=\"og:image:width\" content=\"1200\" \/>\n\t<meta property=\"og:image:height\" content=\"674\" \/>\n\t<meta property=\"og:image:type\" content=\"image\/png\" \/>\n<meta name=\"author\" content=\"Etienne Goursaud\" \/>\n<meta name=\"twitter:card\" content=\"summary_large_image\" \/>\n<meta name=\"twitter:title\" content=\"La\u00ebticia Bapt\u00e9, Thibaut Collet : cinq athl\u00e8tes \u00e0 suivre au Meeting de Paris indoor\" \/>\n<meta name=\"twitter:creator\" content=\"@dicodusport\" \/>\n<meta name=\"twitter:site\" content=\"@dicodusport\" \/>\n<script type=\"application\/ld+json\" class=\"yoast-schema-graph\">{\"@context\":\"https:\/\/schema.org\",\"@graph\":[{\"@type\":\"NewsArticle\",\"@id\":\"https:\/\/dicodusport.fr\/blog\/laeticia-bapte-thibaut-collet-cinq-athletes-a-suivre-au-meeting-de-paris-indoor\/#article\",\"isPartOf\":{\"@id\":\"https:\/\/dicodusport.fr\/blog\/laeticia-bapte-thibaut-collet-cinq-athletes-a-suivre-au-meeting-de-paris-indoor\/\"},\"author\":{\"name\":\"Etienne Goursaud\",\"@id\":\"https:\/\/dicodusport.fr\/blog\/#\/schema\/person\/d603dd7da31fb2b46c82b9835a77ec13\"},\"headline\":\"La\u00ebticia Bapt\u00e9, Thibaut Collet : cinq athl\u00e8tes \u00e0 suivre au Meeting de Paris indoor\",\"datePublished\":\"2026-01-23T09:00:42+00:00\",\"dateModified\":\"2026-01-23T10:27:14+00:00\",\"mainEntityOfPage\":{\"@id\":\"https:\/\/dicodusport.fr\/blog\/laeticia-bapte-thibaut-collet-cinq-athletes-a-suivre-au-meeting-de-paris-indoor\/\"},\"wordCount\":1165,\"commentCount\":0,\"publisher\":{\"@id\":\"https:\/\/dicodusport.fr\/blog\/#organization\"},\"image\":{\"@id\":\"https:\/\/dicodusport.fr\/blog\/laeticia-bapte-thibaut-collet-cinq-athletes-a-suivre-au-meeting-de-paris-indoor\/#primaryimage\"},\"thumbnailUrl\":\"https:\/\/dicodusport.fr\/blog\/wp-content\/uploads\/2026\/01\/Bapte-Furlani-Collet-Cinq-athletes-a-suivre-au-Meeting-de-Paris-indoor.png\",\"keywords\":[\"Athl\u00e9tisme fran\u00e7ais\",\"br\u00e8ve\",\"meeting de Paris indoor\"],\"articleSection\":[\"Athl\u00e9tisme\"],\"inLanguage\":\"fr-FR\",\"potentialAction\":[{\"@type\":\"CommentAction\",\"name\":\"Comment\",\"target\":[\"https:\/\/dicodusport.fr\/blog\/laeticia-bapte-thibaut-collet-cinq-athletes-a-suivre-au-meeting-de-paris-indoor\/#respond\"]}],\"copyrightYear\":\"2026\",\"copyrightHolder\":{\"@id\":\"https:\/\/dicodusport.fr\/blog\/#organization\"}},{\"@type\":\"WebPage\",\"@id\":\"https:\/\/dicodusport.fr\/blog\/laeticia-bapte-thibaut-collet-cinq-athletes-a-suivre-au-meeting-de-paris-indoor\/\",\"url\":\"https:\/\/dicodusport.fr\/blog\/laeticia-bapte-thibaut-collet-cinq-athletes-a-suivre-au-meeting-de-paris-indoor\/\",\"name\":\"La\u00ebticia Bapt\u00e9, Thibaut Collet : cinq athl\u00e8tes \u00e0 suivre au Meeting de Paris indoor\",\"isPartOf\":{\"@id\":\"https:\/\/dicodusport.fr\/blog\/#website\"},\"primaryImageOfPage\":{\"@id\":\"https:\/\/dicodusport.fr\/blog\/laeticia-bapte-thibaut-collet-cinq-athletes-a-suivre-au-meeting-de-paris-indoor\/#primaryimage\"},\"image\":{\"@id\":\"https:\/\/dicodusport.fr\/blog\/laeticia-bapte-thibaut-collet-cinq-athletes-a-suivre-au-meeting-de-paris-indoor\/#primaryimage\"},\"thumbnailUrl\":\"https:\/\/dicodusport.fr\/blog\/wp-content\/uploads\/2026\/01\/Bapte-Furlani-Collet-Cinq-athletes-a-suivre-au-Meeting-de-Paris-indoor.png\",\"datePublished\":\"2026-01-23T09:00:42+00:00\",\"dateModified\":\"2026-01-23T10:27:14+00:00\",\"description\":\"MEETING DE PARIS INDOOR 2026 - Focus sur cinq athl\u00e8tes qui vont participer au rendez-vous parisien ce dimanche.\",\"breadcrumb\":{\"@id\":\"https:\/\/dicodusport.fr\/blog\/laeticia-bapte-thibaut-collet-cinq-athletes-a-suivre-au-meeting-de-paris-indoor\/#breadcrumb\"},\"inLanguage\":\"fr-FR\",\"potentialAction\":[{\"@type\":\"ReadAction\",\"target\":[\"https:\/\/dicodusport.fr\/blog\/laeticia-bapte-thibaut-collet-cinq-athletes-a-suivre-au-meeting-de-paris-indoor\/\"]}]},{\"@type\":\"ImageObject\",\"inLanguage\":\"fr-FR\",\"@id\":\"https:\/\/dicodusport.fr\/blog\/laeticia-bapte-thibaut-collet-cinq-athletes-a-suivre-au-meeting-de-paris-indoor\/#primaryimage\",\"url\":\"https:\/\/dicodusport.fr\/blog\/wp-content\/uploads\/2026\/01\/Bapte-Furlani-Collet-Cinq-athletes-a-suivre-au-Meeting-de-Paris-indoor.png\",\"contentUrl\":\"https:\/\/dicodusport.fr\/blog\/wp-content\/uploads\/2026\/01\/Bapte-Furlani-Collet-Cinq-athletes-a-suivre-au-Meeting-de-Paris-indoor.png\",\"width\":1200,\"height\":674,\"caption\":\"Bapt\u00e9, Furlani, Collet : Cinq athl\u00e8tes \u00e0 suivre au Meeting de Paris indoor\"},{\"@type\":\"BreadcrumbList\",\"@id\":\"https:\/\/dicodusport.fr\/blog\/laeticia-bapte-thibaut-collet-cinq-athletes-a-suivre-au-meeting-de-paris-indoor\/#breadcrumb\",\"itemListElement\":[{\"@type\":\"ListItem\",\"position\":1,\"name\":\"Accueil\",\"item\":\"https:\/\/dicodusport.fr\/blog\/\"},{\"@type\":\"ListItem\",\"position\":2,\"name\":\"La\u00ebticia Bapt\u00e9, Thibaut Collet : cinq athl\u00e8tes \u00e0 suivre au Meeting de Paris indoor\"}]},{\"@type\":\"WebSite\",\"@id\":\"https:\/\/dicodusport.fr\/blog\/#website\",\"url\":\"https:\/\/dicodusport.fr\/blog\/\",\"name\":\"Dicodusport\",\"description\":\"L&#039;encyclop\u00e9die de l&#039;actualit\u00e9 sportive\",\"publisher\":{\"@id\":\"https:\/\/dicodusport.fr\/blog\/#organization\"},\"potentialAction\":[{\"@type\":\"SearchAction\",\"target\":{\"@type\":\"EntryPoint\",\"urlTemplate\":\"https:\/\/dicodusport.fr\/blog\/?s={search_term_string}\"},\"query-input\":{\"@type\":\"PropertyValueSpecification\",\"valueRequired\":true,\"valueName\":\"search_term_string\"}}],\"inLanguage\":\"fr-FR\"},{\"@type\":\"NewsMediaOrganization\",\"@id\":\"https:\/\/dicodusport.fr\/blog\/#organization\",\"name\":\"Dicodusport\",\"url\":\"https:\/\/dicodusport.fr\/blog\/\",\"logo\":{\"@type\":\"ImageObject\",\"inLanguage\":\"fr-FR\",\"@id\":\"https:\/\/dicodusport.fr\/blog\/#\/schema\/logo\/image\/\",\"url\":\"https:\/\/dicodusport.fr\/blog\/wp-content\/uploads\/2020\/06\/cropped-LOGO-DICODUSPORT-2020-SANS-FOND-SANS-TEXTE.png\",\"contentUrl\":\"https:\/\/dicodusport.fr\/blog\/wp-content\/uploads\/2020\/06\/cropped-LOGO-DICODUSPORT-2020-SANS-FOND-SANS-TEXTE.png\",\"width\":512,\"height\":512,\"caption\":\"Dicodusport\"},\"image\":{\"@id\":\"https:\/\/dicodusport.fr\/blog\/#\/schema\/logo\/image\/\"},\"sameAs\":[\"https:\/\/www.facebook.com\/dicodusport\",\"https:\/\/x.com\/dicodusport\",\"https:\/\/www.instagram.com\/dicodusport\/\",\"https:\/\/www.youtube.com\/channel\/UC7V2KZ5sd3htJivAbA4ZG3w\"],\"description\":\"Dicodusport est l'encyclop\u00e9die de l'actualit\u00e9 sportive.\",\"email\":\"bonjour@dicodusport.fr\",\"legalName\":\"DICODUSPORT\",\"foundingDate\":\"2018-01-14\",\"vatID\":\"FR71834470973\",\"taxID\":\"83447097300043\",\"numberOfEmployees\":{\"@type\":\"QuantitativeValue\",\"minValue\":\"1\",\"maxValue\":\"10\"}},{\"@type\":\"Person\",\"@id\":\"https:\/\/dicodusport.fr\/blog\/#\/schema\/person\/d603dd7da31fb2b46c82b9835a77ec13\",\"name\":\"Etienne Goursaud\",\"image\":{\"@type\":\"ImageObject\",\"inLanguage\":\"fr-FR\",\"@id\":\"https:\/\/dicodusport.fr\/blog\/#\/schema\/person\/image\/\",\"url\":\"https:\/\/dicodusport.fr\/blog\/wp-content\/uploads\/2023\/12\/410122264_10231602061736049_5565839791558026645_n-150x150.jpg\",\"contentUrl\":\"https:\/\/dicodusport.fr\/blog\/wp-content\/uploads\/2023\/12\/410122264_10231602061736049_5565839791558026645_n-150x150.jpg\",\"caption\":\"Etienne Goursaud\"},\"description\":\"Journaliste et amoureux de sport. Ancien footballeur reconverti athl\u00e8te quand ses muscles le laissent tranquille. \u00c9lev\u00e9 \u00e0 la sauce des exploits de Thomas Voeckler en 2004, du dernier essai de l\u00e9gende de Eunice Barber \u00e0 la longueur lors des championnats du monde d'athl\u00e9tisme de 2003 mais aussi Zidane, Omeyer et Titou Lamaison.\",\"url\":\"https:\/\/dicodusport.fr\/blog\/author\/etienne-goursaud\/\"}]}<\/script>\n<!-- \/ Yoast SEO Premium plugin. -->","yoast_head_json":{"title":"La\u00ebticia Bapt\u00e9, Thibaut Collet : cinq athl\u00e8tes \u00e0 suivre au Meeting de Paris indoor","description":"MEETING DE PARIS INDOOR 2026 - Focus sur cinq athl\u00e8tes qui vont participer au rendez-vous parisien ce dimanche.","robots":{"index":"index","follow":"follow","max-snippet":"max-snippet:-1","max-image-preview":"max-image-preview:large","max-video-preview":"max-video-preview:-1"},"canonical":"https:\/\/dicodusport.fr\/blog\/laeticia-bapte-thibaut-collet-cinq-athletes-a-suivre-au-meeting-de-paris-indoor\/","og_locale":"fr_FR","og_type":"article","og_title":"La\u00ebticia Bapt\u00e9, Thibaut Collet : cinq athl\u00e8tes \u00e0 suivre au Meeting de Paris indoor","og_description":"MEETING DE PARIS INDOOR 2026 - Focus sur cinq athl\u00e8tes qui vont participer au rendez-vous parisien ce dimanche.","og_url":"https:\/\/dicodusport.fr\/blog\/laeticia-bapte-thibaut-collet-cinq-athletes-a-suivre-au-meeting-de-paris-indoor\/","og_site_name":"Dicodusport","article_publisher":"https:\/\/www.facebook.com\/dicodusport","article_published_time":"2026-01-23T09:00:42+00:00","article_modified_time":"2026-01-23T10:27:14+00:00","og_image":[{"width":1200,"height":674,"url":"https:\/\/dicodusport.fr\/blog\/wp-content\/uploads\/2026\/01\/Bapte-Furlani-Collet-Cinq-athletes-a-suivre-au-Meeting-de-Paris-indoor.png","type":"image\/png"}],"author":"Etienne Goursaud","twitter_card":"summary_large_image","twitter_title":"La\u00ebticia Bapt\u00e9, Thibaut Collet : cinq athl\u00e8tes \u00e0 suivre au Meeting de Paris indoor","twitter_creator":"@dicodusport","twitter_site":"@dicodusport","schema":{"@context":"https:\/\/schema.org","@graph":[{"@type":"NewsArticle","@id":"https:\/\/dicodusport.fr\/blog\/laeticia-bapte-thibaut-collet-cinq-athletes-a-suivre-au-meeting-de-paris-indoor\/#article","isPartOf":{"@id":"https:\/\/dicodusport.fr\/blog\/laeticia-bapte-thibaut-collet-cinq-athletes-a-suivre-au-meeting-de-paris-indoor\/"},"author":{"name":"Etienne Goursaud","@id":"https:\/\/dicodusport.fr\/blog\/#\/schema\/person\/d603dd7da31fb2b46c82b9835a77ec13"},"headline":"La\u00ebticia Bapt\u00e9, Thibaut Collet : cinq athl\u00e8tes \u00e0 suivre au Meeting de Paris indoor","datePublished":"2026-01-23T09:00:42+00:00","dateModified":"2026-01-23T10:27:14+00:00","mainEntityOfPage":{"@id":"https:\/\/dicodusport.fr\/blog\/laeticia-bapte-thibaut-collet-cinq-athletes-a-suivre-au-meeting-de-paris-indoor\/"},"wordCount":1165,"commentCount":0,"publisher":{"@id":"https:\/\/dicodusport.fr\/blog\/#organization"},"image":{"@id":"https:\/\/dicodusport.fr\/blog\/laeticia-bapte-thibaut-collet-cinq-athletes-a-suivre-au-meeting-de-paris-indoor\/#primaryimage"},"thumbnailUrl":"https:\/\/dicodusport.fr\/blog\/wp-content\/uploads\/2026\/01\/Bapte-Furlani-Collet-Cinq-athletes-a-suivre-au-Meeting-de-Paris-indoor.png","keywords":["Athl\u00e9tisme fran\u00e7ais","br\u00e8ve","meeting de Paris indoor"],"articleSection":["Athl\u00e9tisme"],"inLanguage":"fr-FR","potentialAction":[{"@type":"CommentAction","name":"Comment","target":["https:\/\/dicodusport.fr\/blog\/laeticia-bapte-thibaut-collet-cinq-athletes-a-suivre-au-meeting-de-paris-indoor\/#respond"]}],"copyrightYear":"2026","copyrightHolder":{"@id":"https:\/\/dicodusport.fr\/blog\/#organization"}},{"@type":"WebPage","@id":"https:\/\/dicodusport.fr\/blog\/laeticia-bapte-thibaut-collet-cinq-athletes-a-suivre-au-meeting-de-paris-indoor\/","url":"https:\/\/dicodusport.fr\/blog\/laeticia-bapte-thibaut-collet-cinq-athletes-a-suivre-au-meeting-de-paris-indoor\/","name":"La\u00ebticia Bapt\u00e9, Thibaut Collet : cinq athl\u00e8tes \u00e0 suivre au Meeting de Paris indoor","isPartOf":{"@id":"https:\/\/dicodusport.fr\/blog\/#website"},"primaryImageOfPage":{"@id":"https:\/\/dicodusport.fr\/blog\/laeticia-bapte-thibaut-collet-cinq-athletes-a-suivre-au-meeting-de-paris-indoor\/#primaryimage"},"image":{"@id":"https:\/\/dicodusport.fr\/blog\/laeticia-bapte-thibaut-collet-cinq-athletes-a-suivre-au-meeting-de-paris-indoor\/#primaryimage"},"thumbnailUrl":"https:\/\/dicodusport.fr\/blog\/wp-content\/uploads\/2026\/01\/Bapte-Furlani-Collet-Cinq-athletes-a-suivre-au-Meeting-de-Paris-indoor.png","datePublished":"2026-01-23T09:00:42+00:00","dateModified":"2026-01-23T10:27:14+00:00","description":"MEETING DE PARIS INDOOR 2026 - Focus sur cinq athl\u00e8tes qui vont participer au rendez-vous parisien ce dimanche.","breadcrumb":{"@id":"https:\/\/dicodusport.fr\/blog\/laeticia-bapte-thibaut-collet-cinq-athletes-a-suivre-au-meeting-de-paris-indoor\/#breadcrumb"},"inLanguage":"fr-FR","potentialAction":[{"@type":"ReadAction","target":["https:\/\/dicodusport.fr\/blog\/laeticia-bapte-thibaut-collet-cinq-athletes-a-suivre-au-meeting-de-paris-indoor\/"]}]},{"@type":"ImageObject","inLanguage":"fr-FR","@id":"https:\/\/dicodusport.fr\/blog\/laeticia-bapte-thibaut-collet-cinq-athletes-a-suivre-au-meeting-de-paris-indoor\/#primaryimage","url":"https:\/\/dicodusport.fr\/blog\/wp-content\/uploads\/2026\/01\/Bapte-Furlani-Collet-Cinq-athletes-a-suivre-au-Meeting-de-Paris-indoor.png","contentUrl":"https:\/\/dicodusport.fr\/blog\/wp-content\/uploads\/2026\/01\/Bapte-Furlani-Collet-Cinq-athletes-a-suivre-au-Meeting-de-Paris-indoor.png","width":1200,"height":674,"caption":"Bapt\u00e9, Furlani, Collet : Cinq athl\u00e8tes \u00e0 suivre au Meeting de Paris indoor"},{"@type":"BreadcrumbList","@id":"https:\/\/dicodusport.fr\/blog\/laeticia-bapte-thibaut-collet-cinq-athletes-a-suivre-au-meeting-de-paris-indoor\/#breadcrumb","itemListElement":[{"@type":"ListItem","position":1,"name":"Accueil","item":"https:\/\/dicodusport.fr\/blog\/"},{"@type":"ListItem","position":2,"name":"La\u00ebticia Bapt\u00e9, Thibaut Collet : cinq athl\u00e8tes \u00e0 suivre au Meeting de Paris indoor"}]},{"@type":"WebSite","@id":"https:\/\/dicodusport.fr\/blog\/#website","url":"https:\/\/dicodusport.fr\/blog\/","name":"Dicodusport","description":"L&#039;encyclop\u00e9die de l&#039;actualit\u00e9 sportive","publisher":{"@id":"https:\/\/dicodusport.fr\/blog\/#organization"},"potentialAction":[{"@type":"SearchAction","target":{"@type":"EntryPoint","urlTemplate":"https:\/\/dicodusport.fr\/blog\/?s={search_term_string}"},"query-input":{"@type":"PropertyValueSpecification","valueRequired":true,"valueName":"search_term_string"}}],"inLanguage":"fr-FR"},{"@type":"NewsMediaOrganization","@id":"https:\/\/dicodusport.fr\/blog\/#organization","name":"Dicodusport","url":"https:\/\/dicodusport.fr\/blog\/","logo":{"@type":"ImageObject","inLanguage":"fr-FR","@id":"https:\/\/dicodusport.fr\/blog\/#\/schema\/logo\/image\/","url":"https:\/\/dicodusport.fr\/blog\/wp-content\/uploads\/2020\/06\/cropped-LOGO-DICODUSPORT-2020-SANS-FOND-SANS-TEXTE.png","contentUrl":"https:\/\/dicodusport.fr\/blog\/wp-content\/uploads\/2020\/06\/cropped-LOGO-DICODUSPORT-2020-SANS-FOND-SANS-TEXTE.png","width":512,"height":512,"caption":"Dicodusport"},"image":{"@id":"https:\/\/dicodusport.fr\/blog\/#\/schema\/logo\/image\/"},"sameAs":["https:\/\/www.facebook.com\/dicodusport","https:\/\/x.com\/dicodusport","https:\/\/www.instagram.com\/dicodusport\/","https:\/\/www.youtube.com\/channel\/UC7V2KZ5sd3htJivAbA4ZG3w"],"description":"Dicodusport est l'encyclop\u00e9die de l'actualit\u00e9 sportive.","email":"bonjour@dicodusport.fr","legalName":"DICODUSPORT","foundingDate":"2018-01-14","vatID":"FR71834470973","taxID":"83447097300043","numberOfEmployees":{"@type":"QuantitativeValue","minValue":"1","maxValue":"10"}},{"@type":"Person","@id":"https:\/\/dicodusport.fr\/blog\/#\/schema\/person\/d603dd7da31fb2b46c82b9835a77ec13","name":"Etienne Goursaud","image":{"@type":"ImageObject","inLanguage":"fr-FR","@id":"https:\/\/dicodusport.fr\/blog\/#\/schema\/person\/image\/","url":"https:\/\/dicodusport.fr\/blog\/wp-content\/uploads\/2023\/12\/410122264_10231602061736049_5565839791558026645_n-150x150.jpg","contentUrl":"https:\/\/dicodusport.fr\/blog\/wp-content\/uploads\/2023\/12\/410122264_10231602061736049_5565839791558026645_n-150x150.jpg","caption":"Etienne Goursaud"},"description":"Journaliste et amoureux de sport. Ancien footballeur reconverti athl\u00e8te quand ses muscles le laissent tranquille. \u00c9lev\u00e9 \u00e0 la sauce des exploits de Thomas Voeckler en 2004, du dernier essai de l\u00e9gende de Eunice Barber \u00e0 la longueur lors des championnats du monde d'athl\u00e9tisme de 2003 mais aussi Zidane, Omeyer et Titou Lamaison.","url":"https:\/\/dicodusport.fr\/blog\/author\/etienne-goursaud\/"}]}},"_links":{"self":[{"href":"https:\/\/dicodusport.fr\/blog\/wp-json\/wp\/v2\/posts\/640364","targetHints":{"allow":["GET"]}}],"collection":[{"href":"https:\/\/dicodusport.fr\/blog\/wp-json\/wp\/v2\/posts"}],"about":[{"href":"https:\/\/dicodusport.fr\/blog\/wp-json\/wp\/v2\/types\/post"}],"author":[{"embeddable":true,"href":"https:\/\/dicodusport.fr\/blog\/wp-json\/wp\/v2\/users\/83"}],"replies":[{"embeddable":true,"href":"https:\/\/dicodusport.fr\/blog\/wp-json\/wp\/v2\/comments?post=640364"}],"version-history":[{"count":6,"href":"https:\/\/dicodusport.fr\/blog\/wp-json\/wp\/v2\/posts\/640364\/revisions"}],"predecessor-version":[{"id":640645,"href":"https:\/\/dicodusport.fr\/blog\/wp-json\/wp\/v2\/posts\/640364\/revisions\/640645"}],"wp:featuredmedia":[{"embeddable":true,"href":"https:\/\/dicodusport.fr\/blog\/wp-json\/wp\/v2\/media\/640389"}],"wp:attachment":[{"href":"https:\/\/dicodusport.fr\/blog\/wp-json\/wp\/v2\/media?parent=640364"}],"wp:term":[{"taxonomy":"category","embeddable":true,"href":"https:\/\/dicodusport.fr\/blog\/wp-json\/wp\/v2\/categories?post=640364"},{"taxonomy":"post_tag","embeddable":true,"href":"https:\/\/dicodusport.fr\/blog\/wp-json\/wp\/v2\/tags?post=640364"}],"curies":[{"name":"wp","href":"https:\/\/api.w.org\/{rel}","templated":true}]}}