{"id":64037,"date":"2020-03-28T18:43:27","date_gmt":"2020-03-28T17:43:27","guid":{"rendered":"http:\/\/dicodusport.fr\/blog\/?p=64037&#038;preview=true&#038;preview_id=64037"},"modified":"2020-03-28T18:43:27","modified_gmt":"2020-03-28T17:43:27","slug":"epopee-d-or-neige-video-hommage-martin-fourcade","status":"publish","type":"post","link":"https:\/\/dicodusport.fr\/blog\/epopee-d-or-neige-video-hommage-martin-fourcade\/","title":{"rendered":"\u00ab\u00a0Une \u00c9pop\u00e9e d&rsquo;Or et de Neige\u00a0\u00bb, la vid\u00e9o hommage \u00e0 Martin Fourcade"},"content":{"rendered":"<p style=\"text-align: justify;\"><strong><em>BIATHLON &#8211; Quinze jours apr\u00e8s la retraite de <a href=\"https:\/\/dicodusport.fr\/blog\/sondage-quel-est-votre-plus-beau-moment-carriere-martin-fourcade\/\" target=\"_blank\" rel=\"noopener noreferrer\">Martin Fourcade<\/a>, le m\u00e9dia <a href=\"https:\/\/biathlonlive.com\/\" target=\"_blank\" rel=\"noopener noreferrer\">Biathlon Live<\/a> a rendu hommage au champion fran\u00e7ais. Vous aussi, vous avez des frissons ? Pas de panique, c&rsquo;est normal !<\/em><\/strong><\/p>\n<p><span class=\"5rjIN0O3o\"><iframe loading=\"lazy\" title=\"Martin Fourcade - Une \u00c9pop\u00e9e d&#039;Or et de Neige\" width=\"740\" height=\"416\" src=\"https:\/\/www.youtube.com\/embed\/J4RvKuL8S-k?start=7&#038;feature=oembed\" frameborder=\"0\" allow=\"accelerometer; autoplay; clipboard-write; encrypted-media; gyroscope; picture-in-picture; web-share\" allowfullscreen><\/iframe><\/span><\/p>\n<p style=\"text-align: justify;\">\n<p><strong><em>Dicodusport<br \/>\n<a href=\"https:\/\/www.facebook.com\/dicodusport\/\" target=\"_blank\" rel=\"noopener noreferrer\"><img loading=\"lazy\" decoding=\"async\" class=\"alignnone wp-image-2909\" src=\"http:\/\/dicodusport.fr\/blog\/wp-content\/uploads\/2017\/07\/logo-facebook-150x150.png\" alt=\"\" width=\"40\" height=\"40\" \/><\/a><a href=\"https:\/\/twitter.com\/dicodusport\" target=\"_blank\" rel=\"noopener noreferrer\"><img loading=\"lazy\" decoding=\"async\" class=\"alignnone wp-image-2908\" src=\"http:\/\/dicodusport.fr\/blog\/wp-content\/uploads\/2017\/07\/logo-twitter-150x150.png\" alt=\"\" width=\"39\" height=\"39\" \/><\/a><\/em><\/strong><\/p>\n","protected":false},"excerpt":{"rendered":"<p>BIATHLON &#8211; Quinze jours apr\u00e8s la retraite de Martin Fourcade, le m\u00e9dia Biathlon Live a rendu hommage au champion fran\u00e7ais. Vous aussi, vous avez des frissons ?<\/p>\n","protected":false},"author":4,"featured_media":64038,"comment_status":"open","ping_status":"closed","sticky":false,"template":"","format":"standard","meta":{"_acf_changed":false,"_daextam_enable_autolinks":"","footnotes":""},"categories":[2426],"tags":[2427,2198,2429],"class_list":["post-64037","post","type-post","status-publish","format-standard","has-post-thumbnail","hentry","category-biathlon","tag-biathlon","tag-fourcade","tag-martin-fourcade"],"acf":[],"yoast_head":"<!-- This site is optimized with the Yoast SEO Premium plugin v26.7 (Yoast SEO v26.7) - https:\/\/yoast.com\/wordpress\/plugins\/seo\/ -->\n<title>&quot;Une \u00c9pop\u00e9e d&#039;Or et de Neige&quot;, la vid\u00e9o hommage \u00e0 Martin Fourcade<\/title>\n<meta name=\"description\" content=\"BIATHLON - Quinze jours apr\u00e8s la retraite de Martin Fourcade, le m\u00e9dia Biathlon Live a rendu un hommage vid\u00e9o au champion fran\u00e7ais.\" \/>\n<meta name=\"robots\" content=\"index, follow, max-snippet:-1, max-image-preview:large, max-video-preview:-1\" \/>\n<link rel=\"canonical\" href=\"https:\/\/dicodusport.fr\/blog\/epopee-d-or-neige-video-hommage-martin-fourcade\/\" \/>\n<meta property=\"og:locale\" content=\"fr_FR\" \/>\n<meta property=\"og:type\" content=\"article\" \/>\n<meta property=\"og:title\" content=\"&quot;Une \u00c9pop\u00e9e d&#039;Or et de Neige&quot;, la vid\u00e9o hommage \u00e0 Martin Fourcade\" \/>\n<meta property=\"og:description\" content=\"BIATHLON - Quinze jours apr\u00e8s la retraite de Martin Fourcade, le m\u00e9dia Biathlon Live a rendu un hommage vid\u00e9o au champion fran\u00e7ais.\" \/>\n<meta property=\"og:url\" content=\"https:\/\/dicodusport.fr\/blog\/epopee-d-or-neige-video-hommage-martin-fourcade\/\" \/>\n<meta property=\"og:site_name\" content=\"Dicodusport\" \/>\n<meta property=\"article:publisher\" content=\"https:\/\/www.facebook.com\/dicodusport\" \/>\n<meta property=\"article:author\" content=\"https:\/\/www.facebook.com\/florent.ostermann\" \/>\n<meta property=\"article:published_time\" content=\"2020-03-28T17:43:27+00:00\" \/>\n<meta property=\"og:image\" content=\"https:\/\/dicodusport.fr\/blog\/wp-content\/uploads\/2020\/03\/Une-\u00c9pop\u00e9e-dOr-et-de-Neige-la-vid\u00e9o-hommage-\u00e0-Martin-Fourcade-.png\" \/>\n\t<meta property=\"og:image:width\" content=\"800\" \/>\n\t<meta property=\"og:image:height\" content=\"445\" \/>\n\t<meta property=\"og:image:type\" content=\"image\/png\" \/>\n<meta name=\"author\" content=\"Flo Ostermann\" \/>\n<meta name=\"twitter:card\" content=\"summary_large_image\" \/>\n<meta name=\"twitter:title\" content=\"&quot;Une \u00c9pop\u00e9e d&#039;Or et de Neige&quot;, la vid\u00e9o hommage \u00e0 Martin Fourcade\" \/>\n<meta name=\"twitter:creator\" content=\"@https:\/\/twitter.com\/FlOstermann\" \/>\n<meta name=\"twitter:site\" content=\"@dicodusport\" \/>\n<script type=\"application\/ld+json\" class=\"yoast-schema-graph\">{\"@context\":\"https:\/\/schema.org\",\"@graph\":[{\"@type\":\"NewsArticle\",\"@id\":\"https:\/\/dicodusport.fr\/blog\/epopee-d-or-neige-video-hommage-martin-fourcade\/#article\",\"isPartOf\":{\"@id\":\"https:\/\/dicodusport.fr\/blog\/epopee-d-or-neige-video-hommage-martin-fourcade\/\"},\"author\":{\"name\":\"Flo Ostermann\",\"@id\":\"https:\/\/dicodusport.fr\/blog\/#\/schema\/person\/cb02af4c173ce4a653b55e9baf388d4a\"},\"headline\":\"\u00ab\u00a0Une \u00c9pop\u00e9e d&rsquo;Or et de Neige\u00a0\u00bb, la vid\u00e9o hommage \u00e0 Martin Fourcade\",\"datePublished\":\"2020-03-28T17:43:27+00:00\",\"mainEntityOfPage\":{\"@id\":\"https:\/\/dicodusport.fr\/blog\/epopee-d-or-neige-video-hommage-martin-fourcade\/\"},\"wordCount\":62,\"commentCount\":0,\"publisher\":{\"@id\":\"https:\/\/dicodusport.fr\/blog\/#organization\"},\"image\":{\"@id\":\"https:\/\/dicodusport.fr\/blog\/epopee-d-or-neige-video-hommage-martin-fourcade\/#primaryimage\"},\"thumbnailUrl\":\"https:\/\/dicodusport.fr\/blog\/wp-content\/uploads\/2020\/03\/Une-\u00c9pop\u00e9e-dOr-et-de-Neige-la-vid\u00e9o-hommage-\u00e0-Martin-Fourcade-.png\",\"keywords\":[\"Biathlon\",\"Fourcade\",\"Martin Fourcade\"],\"articleSection\":[\"Biathlon\"],\"inLanguage\":\"fr-FR\",\"potentialAction\":[{\"@type\":\"CommentAction\",\"name\":\"Comment\",\"target\":[\"https:\/\/dicodusport.fr\/blog\/epopee-d-or-neige-video-hommage-martin-fourcade\/#respond\"]}],\"copyrightYear\":\"2020\",\"copyrightHolder\":{\"@id\":\"https:\/\/dicodusport.fr\/blog\/#organization\"}},{\"@type\":\"WebPage\",\"@id\":\"https:\/\/dicodusport.fr\/blog\/epopee-d-or-neige-video-hommage-martin-fourcade\/\",\"url\":\"https:\/\/dicodusport.fr\/blog\/epopee-d-or-neige-video-hommage-martin-fourcade\/\",\"name\":\"\\\"Une \u00c9pop\u00e9e d'Or et de Neige\\\", la vid\u00e9o hommage \u00e0 Martin Fourcade\",\"isPartOf\":{\"@id\":\"https:\/\/dicodusport.fr\/blog\/#website\"},\"primaryImageOfPage\":{\"@id\":\"https:\/\/dicodusport.fr\/blog\/epopee-d-or-neige-video-hommage-martin-fourcade\/#primaryimage\"},\"image\":{\"@id\":\"https:\/\/dicodusport.fr\/blog\/epopee-d-or-neige-video-hommage-martin-fourcade\/#primaryimage\"},\"thumbnailUrl\":\"https:\/\/dicodusport.fr\/blog\/wp-content\/uploads\/2020\/03\/Une-\u00c9pop\u00e9e-dOr-et-de-Neige-la-vid\u00e9o-hommage-\u00e0-Martin-Fourcade-.png\",\"datePublished\":\"2020-03-28T17:43:27+00:00\",\"description\":\"BIATHLON - Quinze jours apr\u00e8s la retraite de Martin Fourcade, le m\u00e9dia Biathlon Live a rendu un hommage vid\u00e9o au champion fran\u00e7ais.\",\"breadcrumb\":{\"@id\":\"https:\/\/dicodusport.fr\/blog\/epopee-d-or-neige-video-hommage-martin-fourcade\/#breadcrumb\"},\"inLanguage\":\"fr-FR\",\"potentialAction\":[{\"@type\":\"ReadAction\",\"target\":[\"https:\/\/dicodusport.fr\/blog\/epopee-d-or-neige-video-hommage-martin-fourcade\/\"]}]},{\"@type\":\"ImageObject\",\"inLanguage\":\"fr-FR\",\"@id\":\"https:\/\/dicodusport.fr\/blog\/epopee-d-or-neige-video-hommage-martin-fourcade\/#primaryimage\",\"url\":\"https:\/\/dicodusport.fr\/blog\/wp-content\/uploads\/2020\/03\/Une-\u00c9pop\u00e9e-dOr-et-de-Neige-la-vid\u00e9o-hommage-\u00e0-Martin-Fourcade-.png\",\"contentUrl\":\"https:\/\/dicodusport.fr\/blog\/wp-content\/uploads\/2020\/03\/Une-\u00c9pop\u00e9e-dOr-et-de-Neige-la-vid\u00e9o-hommage-\u00e0-Martin-Fourcade-.png\",\"width\":800,\"height\":445,\"caption\":\"\\\"Une \u00c9pop\u00e9e d'Or et de Neige\\\", la vid\u00e9o hommage \u00e0 Martin Fourcade\"},{\"@type\":\"BreadcrumbList\",\"@id\":\"https:\/\/dicodusport.fr\/blog\/epopee-d-or-neige-video-hommage-martin-fourcade\/#breadcrumb\",\"itemListElement\":[{\"@type\":\"ListItem\",\"position\":1,\"name\":\"Accueil\",\"item\":\"https:\/\/dicodusport.fr\/blog\/\"},{\"@type\":\"ListItem\",\"position\":2,\"name\":\"\u00ab\u00a0Une \u00c9pop\u00e9e d&rsquo;Or et de Neige\u00a0\u00bb, la vid\u00e9o hommage \u00e0 Martin Fourcade\"}]},{\"@type\":\"WebSite\",\"@id\":\"https:\/\/dicodusport.fr\/blog\/#website\",\"url\":\"https:\/\/dicodusport.fr\/blog\/\",\"name\":\"Dicodusport\",\"description\":\"L&#039;encyclop\u00e9die de l&#039;actualit\u00e9 sportive\",\"publisher\":{\"@id\":\"https:\/\/dicodusport.fr\/blog\/#organization\"},\"potentialAction\":[{\"@type\":\"SearchAction\",\"target\":{\"@type\":\"EntryPoint\",\"urlTemplate\":\"https:\/\/dicodusport.fr\/blog\/?s={search_term_string}\"},\"query-input\":{\"@type\":\"PropertyValueSpecification\",\"valueRequired\":true,\"valueName\":\"search_term_string\"}}],\"inLanguage\":\"fr-FR\"},{\"@type\":\"NewsMediaOrganization\",\"@id\":\"https:\/\/dicodusport.fr\/blog\/#organization\",\"name\":\"Dicodusport\",\"url\":\"https:\/\/dicodusport.fr\/blog\/\",\"logo\":{\"@type\":\"ImageObject\",\"inLanguage\":\"fr-FR\",\"@id\":\"https:\/\/dicodusport.fr\/blog\/#\/schema\/logo\/image\/\",\"url\":\"https:\/\/dicodusport.fr\/blog\/wp-content\/uploads\/2020\/06\/cropped-LOGO-DICODUSPORT-2020-SANS-FOND-SANS-TEXTE.png\",\"contentUrl\":\"https:\/\/dicodusport.fr\/blog\/wp-content\/uploads\/2020\/06\/cropped-LOGO-DICODUSPORT-2020-SANS-FOND-SANS-TEXTE.png\",\"width\":512,\"height\":512,\"caption\":\"Dicodusport\"},\"image\":{\"@id\":\"https:\/\/dicodusport.fr\/blog\/#\/schema\/logo\/image\/\"},\"sameAs\":[\"https:\/\/www.facebook.com\/dicodusport\",\"https:\/\/x.com\/dicodusport\",\"https:\/\/www.instagram.com\/dicodusport\/\",\"https:\/\/www.youtube.com\/channel\/UC7V2KZ5sd3htJivAbA4ZG3w\"],\"description\":\"Dicodusport est l'encyclop\u00e9die de l'actualit\u00e9 sportive.\",\"email\":\"bonjour@dicodusport.fr\",\"legalName\":\"DICODUSPORT\",\"foundingDate\":\"2018-01-14\",\"vatID\":\"FR71834470973\",\"taxID\":\"83447097300043\",\"numberOfEmployees\":{\"@type\":\"QuantitativeValue\",\"minValue\":\"1\",\"maxValue\":\"10\"}},{\"@type\":\"Person\",\"@id\":\"https:\/\/dicodusport.fr\/blog\/#\/schema\/person\/cb02af4c173ce4a653b55e9baf388d4a\",\"name\":\"Flo Ostermann\",\"image\":{\"@type\":\"ImageObject\",\"inLanguage\":\"fr-FR\",\"@id\":\"https:\/\/dicodusport.fr\/blog\/#\/schema\/person\/image\/\",\"url\":\"https:\/\/dicodusport.fr\/blog\/wp-content\/uploads\/2021\/05\/Flo-Ostermann-150x150.jpg\",\"contentUrl\":\"https:\/\/dicodusport.fr\/blog\/wp-content\/uploads\/2021\/05\/Flo-Ostermann-150x150.jpg\",\"caption\":\"Flo Ostermann\"},\"description\":\"Journaliste\/R\u00e9dacteur depuis septembre 2015 - Mes premiers souvenirs dans le sport ? Les envol\u00e9es du Stade Toulousain et les duels Villeneuve-Schumacher et H\u00e4kkinen-Schumacher \u00e0 la fin des ann\u00e9es 90, la Coupe du monde de football en 1998, l\u2019exploit du XV de France face aux All Blacks en 1999, mais aussi Richard C\u0153ur de Lion qui vole sur les montagnes du Tour de France. Bien parti pour devenir professeur d\u2019EPS, les \u00e9v\u00e9nements de la vie (et la flemme d\u2019animer des s\u00e9ances de 3x500 m\u00e8tres toute ma vie) m\u2019ont conduit \u00e0 revoir mes plans. Me voil\u00e0 depuis fin 2017 sur Dicodusport, m\u00e9dia gr\u00e2ce (et pour) lequel je partage ma passion : le sport dans tous ses \u00e9tats. Le tout accompagn\u00e9 par les fous furieux et folles furieuses cit\u00e9s sur cette page !\",\"sameAs\":[\"https:\/\/www.facebook.com\/florent.ostermann\",\"https:\/\/x.com\/https:\/\/twitter.com\/FlOstermann\",\"admin\"],\"url\":\"https:\/\/dicodusport.fr\/blog\/author\/flo\/\"}]}<\/script>\n<!-- \/ Yoast SEO Premium plugin. -->","yoast_head_json":{"title":"\"Une \u00c9pop\u00e9e d'Or et de Neige\", la vid\u00e9o hommage \u00e0 Martin Fourcade","description":"BIATHLON - Quinze jours apr\u00e8s la retraite de Martin Fourcade, le m\u00e9dia Biathlon Live a rendu un hommage vid\u00e9o au champion fran\u00e7ais.","robots":{"index":"index","follow":"follow","max-snippet":"max-snippet:-1","max-image-preview":"max-image-preview:large","max-video-preview":"max-video-preview:-1"},"canonical":"https:\/\/dicodusport.fr\/blog\/epopee-d-or-neige-video-hommage-martin-fourcade\/","og_locale":"fr_FR","og_type":"article","og_title":"\"Une \u00c9pop\u00e9e d'Or et de Neige\", la vid\u00e9o hommage \u00e0 Martin Fourcade","og_description":"BIATHLON - Quinze jours apr\u00e8s la retraite de Martin Fourcade, le m\u00e9dia Biathlon Live a rendu un hommage vid\u00e9o au champion fran\u00e7ais.","og_url":"https:\/\/dicodusport.fr\/blog\/epopee-d-or-neige-video-hommage-martin-fourcade\/","og_site_name":"Dicodusport","article_publisher":"https:\/\/www.facebook.com\/dicodusport","article_author":"https:\/\/www.facebook.com\/florent.ostermann","article_published_time":"2020-03-28T17:43:27+00:00","og_image":[{"width":800,"height":445,"url":"https:\/\/dicodusport.fr\/blog\/wp-content\/uploads\/2020\/03\/Une-\u00c9pop\u00e9e-dOr-et-de-Neige-la-vid\u00e9o-hommage-\u00e0-Martin-Fourcade-.png","type":"image\/png"}],"author":"Flo Ostermann","twitter_card":"summary_large_image","twitter_title":"\"Une \u00c9pop\u00e9e d'Or et de Neige\", la vid\u00e9o hommage \u00e0 Martin Fourcade","twitter_creator":"@https:\/\/twitter.com\/FlOstermann","twitter_site":"@dicodusport","schema":{"@context":"https:\/\/schema.org","@graph":[{"@type":"NewsArticle","@id":"https:\/\/dicodusport.fr\/blog\/epopee-d-or-neige-video-hommage-martin-fourcade\/#article","isPartOf":{"@id":"https:\/\/dicodusport.fr\/blog\/epopee-d-or-neige-video-hommage-martin-fourcade\/"},"author":{"name":"Flo Ostermann","@id":"https:\/\/dicodusport.fr\/blog\/#\/schema\/person\/cb02af4c173ce4a653b55e9baf388d4a"},"headline":"\u00ab\u00a0Une \u00c9pop\u00e9e d&rsquo;Or et de Neige\u00a0\u00bb, la vid\u00e9o hommage \u00e0 Martin Fourcade","datePublished":"2020-03-28T17:43:27+00:00","mainEntityOfPage":{"@id":"https:\/\/dicodusport.fr\/blog\/epopee-d-or-neige-video-hommage-martin-fourcade\/"},"wordCount":62,"commentCount":0,"publisher":{"@id":"https:\/\/dicodusport.fr\/blog\/#organization"},"image":{"@id":"https:\/\/dicodusport.fr\/blog\/epopee-d-or-neige-video-hommage-martin-fourcade\/#primaryimage"},"thumbnailUrl":"https:\/\/dicodusport.fr\/blog\/wp-content\/uploads\/2020\/03\/Une-\u00c9pop\u00e9e-dOr-et-de-Neige-la-vid\u00e9o-hommage-\u00e0-Martin-Fourcade-.png","keywords":["Biathlon","Fourcade","Martin Fourcade"],"articleSection":["Biathlon"],"inLanguage":"fr-FR","potentialAction":[{"@type":"CommentAction","name":"Comment","target":["https:\/\/dicodusport.fr\/blog\/epopee-d-or-neige-video-hommage-martin-fourcade\/#respond"]}],"copyrightYear":"2020","copyrightHolder":{"@id":"https:\/\/dicodusport.fr\/blog\/#organization"}},{"@type":"WebPage","@id":"https:\/\/dicodusport.fr\/blog\/epopee-d-or-neige-video-hommage-martin-fourcade\/","url":"https:\/\/dicodusport.fr\/blog\/epopee-d-or-neige-video-hommage-martin-fourcade\/","name":"\"Une \u00c9pop\u00e9e d'Or et de Neige\", la vid\u00e9o hommage \u00e0 Martin Fourcade","isPartOf":{"@id":"https:\/\/dicodusport.fr\/blog\/#website"},"primaryImageOfPage":{"@id":"https:\/\/dicodusport.fr\/blog\/epopee-d-or-neige-video-hommage-martin-fourcade\/#primaryimage"},"image":{"@id":"https:\/\/dicodusport.fr\/blog\/epopee-d-or-neige-video-hommage-martin-fourcade\/#primaryimage"},"thumbnailUrl":"https:\/\/dicodusport.fr\/blog\/wp-content\/uploads\/2020\/03\/Une-\u00c9pop\u00e9e-dOr-et-de-Neige-la-vid\u00e9o-hommage-\u00e0-Martin-Fourcade-.png","datePublished":"2020-03-28T17:43:27+00:00","description":"BIATHLON - Quinze jours apr\u00e8s la retraite de Martin Fourcade, le m\u00e9dia Biathlon Live a rendu un hommage vid\u00e9o au champion fran\u00e7ais.","breadcrumb":{"@id":"https:\/\/dicodusport.fr\/blog\/epopee-d-or-neige-video-hommage-martin-fourcade\/#breadcrumb"},"inLanguage":"fr-FR","potentialAction":[{"@type":"ReadAction","target":["https:\/\/dicodusport.fr\/blog\/epopee-d-or-neige-video-hommage-martin-fourcade\/"]}]},{"@type":"ImageObject","inLanguage":"fr-FR","@id":"https:\/\/dicodusport.fr\/blog\/epopee-d-or-neige-video-hommage-martin-fourcade\/#primaryimage","url":"https:\/\/dicodusport.fr\/blog\/wp-content\/uploads\/2020\/03\/Une-\u00c9pop\u00e9e-dOr-et-de-Neige-la-vid\u00e9o-hommage-\u00e0-Martin-Fourcade-.png","contentUrl":"https:\/\/dicodusport.fr\/blog\/wp-content\/uploads\/2020\/03\/Une-\u00c9pop\u00e9e-dOr-et-de-Neige-la-vid\u00e9o-hommage-\u00e0-Martin-Fourcade-.png","width":800,"height":445,"caption":"\"Une \u00c9pop\u00e9e d'Or et de Neige\", la vid\u00e9o hommage \u00e0 Martin Fourcade"},{"@type":"BreadcrumbList","@id":"https:\/\/dicodusport.fr\/blog\/epopee-d-or-neige-video-hommage-martin-fourcade\/#breadcrumb","itemListElement":[{"@type":"ListItem","position":1,"name":"Accueil","item":"https:\/\/dicodusport.fr\/blog\/"},{"@type":"ListItem","position":2,"name":"\u00ab\u00a0Une \u00c9pop\u00e9e d&rsquo;Or et de Neige\u00a0\u00bb, la vid\u00e9o hommage \u00e0 Martin Fourcade"}]},{"@type":"WebSite","@id":"https:\/\/dicodusport.fr\/blog\/#website","url":"https:\/\/dicodusport.fr\/blog\/","name":"Dicodusport","description":"L&#039;encyclop\u00e9die de l&#039;actualit\u00e9 sportive","publisher":{"@id":"https:\/\/dicodusport.fr\/blog\/#organization"},"potentialAction":[{"@type":"SearchAction","target":{"@type":"EntryPoint","urlTemplate":"https:\/\/dicodusport.fr\/blog\/?s={search_term_string}"},"query-input":{"@type":"PropertyValueSpecification","valueRequired":true,"valueName":"search_term_string"}}],"inLanguage":"fr-FR"},{"@type":"NewsMediaOrganization","@id":"https:\/\/dicodusport.fr\/blog\/#organization","name":"Dicodusport","url":"https:\/\/dicodusport.fr\/blog\/","logo":{"@type":"ImageObject","inLanguage":"fr-FR","@id":"https:\/\/dicodusport.fr\/blog\/#\/schema\/logo\/image\/","url":"https:\/\/dicodusport.fr\/blog\/wp-content\/uploads\/2020\/06\/cropped-LOGO-DICODUSPORT-2020-SANS-FOND-SANS-TEXTE.png","contentUrl":"https:\/\/dicodusport.fr\/blog\/wp-content\/uploads\/2020\/06\/cropped-LOGO-DICODUSPORT-2020-SANS-FOND-SANS-TEXTE.png","width":512,"height":512,"caption":"Dicodusport"},"image":{"@id":"https:\/\/dicodusport.fr\/blog\/#\/schema\/logo\/image\/"},"sameAs":["https:\/\/www.facebook.com\/dicodusport","https:\/\/x.com\/dicodusport","https:\/\/www.instagram.com\/dicodusport\/","https:\/\/www.youtube.com\/channel\/UC7V2KZ5sd3htJivAbA4ZG3w"],"description":"Dicodusport est l'encyclop\u00e9die de l'actualit\u00e9 sportive.","email":"bonjour@dicodusport.fr","legalName":"DICODUSPORT","foundingDate":"2018-01-14","vatID":"FR71834470973","taxID":"83447097300043","numberOfEmployees":{"@type":"QuantitativeValue","minValue":"1","maxValue":"10"}},{"@type":"Person","@id":"https:\/\/dicodusport.fr\/blog\/#\/schema\/person\/cb02af4c173ce4a653b55e9baf388d4a","name":"Flo Ostermann","image":{"@type":"ImageObject","inLanguage":"fr-FR","@id":"https:\/\/dicodusport.fr\/blog\/#\/schema\/person\/image\/","url":"https:\/\/dicodusport.fr\/blog\/wp-content\/uploads\/2021\/05\/Flo-Ostermann-150x150.jpg","contentUrl":"https:\/\/dicodusport.fr\/blog\/wp-content\/uploads\/2021\/05\/Flo-Ostermann-150x150.jpg","caption":"Flo Ostermann"},"description":"Journaliste\/R\u00e9dacteur depuis septembre 2015 - Mes premiers souvenirs dans le sport ? Les envol\u00e9es du Stade Toulousain et les duels Villeneuve-Schumacher et H\u00e4kkinen-Schumacher \u00e0 la fin des ann\u00e9es 90, la Coupe du monde de football en 1998, l\u2019exploit du XV de France face aux All Blacks en 1999, mais aussi Richard C\u0153ur de Lion qui vole sur les montagnes du Tour de France. Bien parti pour devenir professeur d\u2019EPS, les \u00e9v\u00e9nements de la vie (et la flemme d\u2019animer des s\u00e9ances de 3x500 m\u00e8tres toute ma vie) m\u2019ont conduit \u00e0 revoir mes plans. Me voil\u00e0 depuis fin 2017 sur Dicodusport, m\u00e9dia gr\u00e2ce (et pour) lequel je partage ma passion : le sport dans tous ses \u00e9tats. Le tout accompagn\u00e9 par les fous furieux et folles furieuses cit\u00e9s sur cette page !","sameAs":["https:\/\/www.facebook.com\/florent.ostermann","https:\/\/x.com\/https:\/\/twitter.com\/FlOstermann","admin"],"url":"https:\/\/dicodusport.fr\/blog\/author\/flo\/"}]}},"_links":{"self":[{"href":"https:\/\/dicodusport.fr\/blog\/wp-json\/wp\/v2\/posts\/64037","targetHints":{"allow":["GET"]}}],"collection":[{"href":"https:\/\/dicodusport.fr\/blog\/wp-json\/wp\/v2\/posts"}],"about":[{"href":"https:\/\/dicodusport.fr\/blog\/wp-json\/wp\/v2\/types\/post"}],"author":[{"embeddable":true,"href":"https:\/\/dicodusport.fr\/blog\/wp-json\/wp\/v2\/users\/4"}],"replies":[{"embeddable":true,"href":"https:\/\/dicodusport.fr\/blog\/wp-json\/wp\/v2\/comments?post=64037"}],"version-history":[{"count":0,"href":"https:\/\/dicodusport.fr\/blog\/wp-json\/wp\/v2\/posts\/64037\/revisions"}],"wp:featuredmedia":[{"embeddable":true,"href":"https:\/\/dicodusport.fr\/blog\/wp-json\/wp\/v2\/media\/64038"}],"wp:attachment":[{"href":"https:\/\/dicodusport.fr\/blog\/wp-json\/wp\/v2\/media?parent=64037"}],"wp:term":[{"taxonomy":"category","embeddable":true,"href":"https:\/\/dicodusport.fr\/blog\/wp-json\/wp\/v2\/categories?post=64037"},{"taxonomy":"post_tag","embeddable":true,"href":"https:\/\/dicodusport.fr\/blog\/wp-json\/wp\/v2\/tags?post=64037"}],"curies":[{"name":"wp","href":"https:\/\/api.w.org\/{rel}","templated":true}]}}