{"id":640370,"date":"2026-01-22T12:30:54","date_gmt":"2026-01-22T11:30:54","guid":{"rendered":"https:\/\/dicodusport.fr\/blog\/?p=640370&#038;preview=true&#038;preview_id=640370"},"modified":"2026-01-22T09:18:26","modified_gmt":"2026-01-22T08:18:26","slug":"ufc-324-liste-des-combats-diffusion-tv-date-et-heure","status":"publish","type":"post","link":"https:\/\/dicodusport.fr\/blog\/ufc-324-liste-des-combats-diffusion-tv-date-et-heure\/","title":{"rendered":"UFC 324 : Liste des combats, Diffusion TV, Date et Heure"},"content":{"rendered":"<p style=\"text-align: justify;\" align=\"justify\"><strong><em>L&rsquo;UFC 324 se d\u00e9roule dans la nuit du samedi 6 au dimanche 7 d\u00e9cembre dans le Nevada<\/em><em>. Programme et cha\u00eene TV.<\/em><\/strong><\/p>\n<p style=\"text-align: justify;\">Le <strong>324\u00e8me \u00e9v\u00e8nement num\u00e9rot\u00e9 de l&rsquo;UFC<\/strong> aura lieu samedi \u00e0 la T-Mobile Arena de Paradise, Nevada. Avec en t\u00eate d&rsquo;affiche le combat pour la ceinture int\u00e9rimaire des poids l\u00e9gers.<\/p>\n<h2 style=\"text-align: justify;\">Les poids l\u00e9gers en mutation<\/h2>\n<p style=\"text-align: justify;\">La cat\u00e9gorie des poids l\u00e9gers a connu d&rsquo;intenses bouleversements r\u00e9cemment. D&rsquo;abord, <strong>Islam Makhachev<\/strong> a abandonn\u00e9 sa ceinture apr\u00e8s trois d\u00e9fenses et pr\u00e8s de 1000 jours de r\u00e8gne. <strong>Ilia Topuria<\/strong>, qui lui a succ\u00e9d\u00e9, a lui aussi d\u00fb se mettre en retrait pour des probl\u00e8mes personnels. Une ceinture int\u00e9rimaire va donc \u00eatre d\u00e9cern\u00e9e ce samedi dans le Nevada.<\/p>\n<p style=\"text-align: justify;\">D&rsquo;un c\u00f4t\u00e9, <strong>Justin Gaethje<\/strong>, qui a d\u00e9j\u00e0 \u00e9t\u00e9 champion int\u00e9rimaire de la cat\u00e9gorie par le pass\u00e9, mais qui n&rsquo;avait pu la convertir, battu par <strong>Khabib Nurmagomedov<\/strong>, mais qui n&rsquo;a plus combattu depuis mars dernier. De l&rsquo;autre, <strong>Paddy Pimblett<\/strong>, invaincu depuis son arriv\u00e9e \u00e0 l&rsquo;UFC, mais lui aussi sans combat depuis un certain temps (avril), et qui n&rsquo;a encore jamais combattu pour une ceinture. Un fight entre le n\u1d52 4 et le n\u1d52 5 de la cat\u00e9gorie qui a toutes les chances de faire des \u00e9tincelles.<\/p>\n<p style=\"text-align: justify;\">\u00c0 noter qu&rsquo;un match de championnat pour la ceinture des poids coqs f\u00e9minins devait avoir lieu entre la l\u00e9gende <strong>Amanda Nunes<\/strong> et la tenante <strong>Kayla Harrison<\/strong>, mais cette derni\u00e8re a d\u00fb se faire op\u00e9rer du cou, et le combat aura lieu \u00e0 une date ult\u00e9rieure. On notera le retour de <strong>Sean O&rsquo;Malley<\/strong>, plus revu depuis ses deux d\u00e9faites contre <strong>Merab Dvalishvili<\/strong>, et la perte de la ceinture des poids coqs.<\/p>\n<h2 style=\"text-align: justify;\" align=\"justify\">Date, heure et cha\u00eene TV de l&rsquo;UFC 324<\/h2>\n<p style=\"text-align: justify;\">La soir\u00e9e de l&rsquo;<strong>UFC 324<\/strong> d\u00e9butera \u00e0 23h00 heure fran\u00e7aise samedi, avec les combats pr\u00e9liminaires, mais la carte principale ne d\u00e9butera pas avant 03h00. Le combat pour la ceinture int\u00e9rimaire des poids l\u00e9gers sera au plus t\u00f4t \u00e0 5h00.<\/p>\n<p style=\"text-align: justify;\">C&rsquo;est <strong>RMC Sport<\/strong> qui diffusera la carte pr\u00e9liminaire et la carte principale, avec une soir\u00e9e sp\u00e9ciale \u00e0 partir de 1h00. La carte pr\u00e9-pr\u00e9liminaire sera elle retransmise sur la cha\u00eene Twitch de la cha\u00eene.<\/p>\n<p style=\"text-align: justify;\">La soir\u00e9e est \u00e9galement retransmise en int\u00e9gralit\u00e9 sur le UFC League Pass.<\/p>\n<h2 style=\"text-align: justify;\" align=\"justify\">Carte principale UFC 324 (3h00) :<\/h2>\n<ul style=\"text-align: justify;\">\n<li>Justin Gaethje vs. Paddy Pimblett &#8211; pour la ceinture int\u00e9rimaire poids l\u00e9gers<\/li>\n<li>Sean O&rsquo;Malley vs. Song Yadong &#8211; poids coqs<\/li>\n<li>Waldo Cortes-Acosta vs. Derrick Lewis &#8211; poids lourds<\/li>\n<li>Nat\u00e1lia Silva vs. Rose Namajunas &#8211; poids mouches<\/li>\n<li>Arnold Allen vs. Jean Silva &#8211; poids plumes<\/li>\n<\/ul>\n<h2 style=\"text-align: justify;\" align=\"justify\">Carte pr\u00e9liminaire UFC 324 (1h00) :<\/h2>\n<ul style=\"text-align: justify;\">\n<li>Umar Nurmagomedov vs. Deiveson Figueiredo &#8211; poids coqs<\/li>\n<li>Ateba Gautier vs. Andrey Pulyaev &#8211; poids moyens<\/li>\n<li>Nikita Krylov vs. Modestas Bukauskas &#8211; poids mi-lourds<\/li>\n<\/ul>\n<h2 style=\"text-align: justify;\" align=\"justify\">Carte pr\u00e9-pr\u00e9liminaire UFC 324 (23h00) :<\/h2>\n<ul style=\"text-align: justify;\">\n<li>Alex Perez vs. Charles Johnson &#8211; poids mouches<\/li>\n<li>Michael Johnson vs. Alexander Hernandez &#8211; poids l\u00e9gers<\/li>\n<li>Josh Hokit vs. Denzel Freeman &#8211; poids lourds<\/li>\n<li>Ricky Turcios vs. Cameron Smotherman &#8211; poids coqs<\/li>\n<li>Adam Fugitt vs. Ty Miller &#8211; poids mi-moyens<\/li>\n<\/ul>\n<h2 style=\"text-align: justify;\">Les cotes de Justin Gaethje-Paddy Pimblett<\/h2>\n<table style=\"width: 840px;\">\n<tbody>\n<tr style=\"height: 16px;\">\n<td style=\"background-color: #404040; text-align: left; border-color: #ededed; width: 532px;\" colspan=\"2\"><span style=\"font-size: 12px; color: #ffffff;\">Dimanche 7 d\u00e9cembre 4h00<\/span><\/td>\n<\/tr>\n<tr style=\"height: 24px;\">\n<td style=\"background-color: #ffffff; border-color: #ededed; vertical-align: middle; text-align: center; width: 400px;\"><span style=\"font-size: 10px;\"><span style=\"font-size: 14px;\"><strong>Justin Gaethje<\/strong><\/span><br \/>\n<a href=\"https:\/\/www.winamax.fr\/paris-sportifs\/match\/66192730?banid=33423\" class=\"su-button su-button-style-flat su-button-wide\" style=\"color:#fff;background-color:#013369;border-color:#012954;border-radius:5px\" target=\"_blank\" rel=\"noopener noreferrer\"><span style=\"color:#fff;padding:0px 20px;font-size:16px;line-height:32px;border-color:#4e7196;border-radius:5px;text-shadow:none\"> 2.75<\/span><\/a><\/span><\/td>\n<td style=\"background-color: #ffffff; border-color: #ededed; vertical-align: middle; text-align: center; width: 400px;\"><span style=\"font-size: 10px;\"><span style=\"font-size: 14px;\"><strong>Paddy Pimblett<\/strong><\/span><br \/>\n<a href=\"https:\/\/www.winamax.fr\/paris-sportifs\/match\/66192730?banid=33423\" class=\"su-button su-button-style-flat su-button-wide\" style=\"color:#fff;background-color:#013369;border-color:#012954;border-radius:5px\" target=\"_blank\" rel=\"noopener noreferrer\"><span style=\"color:#fff;padding:0px 20px;font-size:16px;line-height:32px;border-color:#4e7196;border-radius:5px;text-shadow:none\"> 1.40<\/span><\/a><\/span><\/td>\n<\/tr>\n<\/tbody>\n<\/table>\n<p style=\"text-align: justify;\">Tentez votre chance en profitant de votre <a href=\"https:\/\/www.winamax.fr\/registration\/landing\/affiliation_Bonus100?banid=33423\">1er d\u00e9p\u00f4t doubl\u00e9 jusqu&rsquo;\u00e0 100 \u20ac<\/a> direct en paris gratuits sur Winamax !<\/p>\n","protected":false},"excerpt":{"rendered":"<p>L&rsquo;UFC 324 se d\u00e9roule dans la nuit du samedi 6 au dimanche 7 d\u00e9cembre dans le Nevada. Programme et cha\u00eene TV.<\/p>\n","protected":false},"author":59,"featured_media":640372,"comment_status":"open","ping_status":"closed","sticky":false,"template":"","format":"standard","meta":{"_acf_changed":false,"_daextam_enable_autolinks":"1","footnotes":""},"categories":[44295,10666],"tags":[16878,1224],"class_list":["post-640370","post","type-post","status-publish","format-standard","has-post-thumbnail","hentry","category-chaine-tv","category-mma","tag-breve","tag-ufc"],"acf":[],"yoast_head":"<!-- This site is optimized with the Yoast SEO Premium plugin v26.7 (Yoast SEO v26.7) - https:\/\/yoast.com\/wordpress\/plugins\/seo\/ -->\n<title>UFC 324 : Liste des combats, Diffusion TV, Date et Heure<\/title>\n<meta name=\"description\" content=\"L&#039;UFC 324 se d\u00e9roule dans la nuit du samedi 6 au dimanche 7 d\u00e9cembre dans le Nevada. Programme et cha\u00eene TV.\" \/>\n<meta name=\"robots\" content=\"index, follow, max-snippet:-1, max-image-preview:large, max-video-preview:-1\" \/>\n<link rel=\"canonical\" href=\"https:\/\/dicodusport.fr\/blog\/ufc-324-liste-des-combats-diffusion-tv-date-et-heure\/\" \/>\n<meta property=\"og:locale\" content=\"fr_FR\" \/>\n<meta property=\"og:type\" content=\"article\" \/>\n<meta property=\"og:title\" content=\"UFC 324 : Liste des combats, Diffusion TV, Date et Heure\" \/>\n<meta property=\"og:description\" content=\"L&#039;UFC 324 se d\u00e9roule dans la nuit du samedi 6 au dimanche 7 d\u00e9cembre dans le Nevada. Programme et cha\u00eene TV.\" \/>\n<meta property=\"og:url\" content=\"https:\/\/dicodusport.fr\/blog\/ufc-324-liste-des-combats-diffusion-tv-date-et-heure\/\" \/>\n<meta property=\"og:site_name\" content=\"Dicodusport\" \/>\n<meta property=\"article:publisher\" content=\"https:\/\/www.facebook.com\/dicodusport\" \/>\n<meta property=\"article:author\" content=\"https:\/\/www.facebook.com\/sebastien.gente\/\" \/>\n<meta property=\"article:published_time\" content=\"2026-01-22T11:30:54+00:00\" \/>\n<meta property=\"og:image\" content=\"https:\/\/dicodusport.fr\/blog\/wp-content\/uploads\/2026\/01\/UFC-324-Liste-des-combats-Diffusion-TV-Date-et-Heure.png\" \/>\n\t<meta property=\"og:image:width\" content=\"1200\" \/>\n\t<meta property=\"og:image:height\" content=\"674\" \/>\n\t<meta property=\"og:image:type\" content=\"image\/png\" \/>\n<meta name=\"author\" content=\"S\u00e9bastien Gente\" \/>\n<meta name=\"twitter:card\" content=\"summary_large_image\" \/>\n<meta name=\"twitter:title\" content=\"UFC 324 : Liste des combats, Diffusion TV, Date et Heure\" \/>\n<meta name=\"twitter:creator\" content=\"@https:\/\/twitter.com\/globulo24\" \/>\n<meta name=\"twitter:site\" content=\"@dicodusport\" \/>\n<script type=\"application\/ld+json\" class=\"yoast-schema-graph\">{\"@context\":\"https:\/\/schema.org\",\"@graph\":[{\"@type\":\"NewsArticle\",\"@id\":\"https:\/\/dicodusport.fr\/blog\/ufc-324-liste-des-combats-diffusion-tv-date-et-heure\/#article\",\"isPartOf\":{\"@id\":\"https:\/\/dicodusport.fr\/blog\/ufc-324-liste-des-combats-diffusion-tv-date-et-heure\/\"},\"author\":{\"name\":\"S\u00e9bastien Gente\",\"@id\":\"https:\/\/dicodusport.fr\/blog\/#\/schema\/person\/627966a6cde45dbd8c5e36ac85d783da\"},\"headline\":\"UFC 324 : Liste des combats, Diffusion TV, Date et Heure\",\"datePublished\":\"2026-01-22T11:30:54+00:00\",\"mainEntityOfPage\":{\"@id\":\"https:\/\/dicodusport.fr\/blog\/ufc-324-liste-des-combats-diffusion-tv-date-et-heure\/\"},\"wordCount\":627,\"commentCount\":0,\"publisher\":{\"@id\":\"https:\/\/dicodusport.fr\/blog\/#organization\"},\"image\":{\"@id\":\"https:\/\/dicodusport.fr\/blog\/ufc-324-liste-des-combats-diffusion-tv-date-et-heure\/#primaryimage\"},\"thumbnailUrl\":\"https:\/\/dicodusport.fr\/blog\/wp-content\/uploads\/2026\/01\/UFC-324-Liste-des-combats-Diffusion-TV-Date-et-Heure.png\",\"keywords\":[\"br\u00e8ve\",\"UFC\"],\"articleSection\":[\"Cha\u00eene TV\",\"MMA\"],\"inLanguage\":\"fr-FR\",\"potentialAction\":[{\"@type\":\"CommentAction\",\"name\":\"Comment\",\"target\":[\"https:\/\/dicodusport.fr\/blog\/ufc-324-liste-des-combats-diffusion-tv-date-et-heure\/#respond\"]}],\"copyrightYear\":\"2026\",\"copyrightHolder\":{\"@id\":\"https:\/\/dicodusport.fr\/blog\/#organization\"}},{\"@type\":\"WebPage\",\"@id\":\"https:\/\/dicodusport.fr\/blog\/ufc-324-liste-des-combats-diffusion-tv-date-et-heure\/\",\"url\":\"https:\/\/dicodusport.fr\/blog\/ufc-324-liste-des-combats-diffusion-tv-date-et-heure\/\",\"name\":\"UFC 324 : Liste des combats, Diffusion TV, Date et Heure\",\"isPartOf\":{\"@id\":\"https:\/\/dicodusport.fr\/blog\/#website\"},\"primaryImageOfPage\":{\"@id\":\"https:\/\/dicodusport.fr\/blog\/ufc-324-liste-des-combats-diffusion-tv-date-et-heure\/#primaryimage\"},\"image\":{\"@id\":\"https:\/\/dicodusport.fr\/blog\/ufc-324-liste-des-combats-diffusion-tv-date-et-heure\/#primaryimage\"},\"thumbnailUrl\":\"https:\/\/dicodusport.fr\/blog\/wp-content\/uploads\/2026\/01\/UFC-324-Liste-des-combats-Diffusion-TV-Date-et-Heure.png\",\"datePublished\":\"2026-01-22T11:30:54+00:00\",\"description\":\"L'UFC 324 se d\u00e9roule dans la nuit du samedi 6 au dimanche 7 d\u00e9cembre dans le Nevada. Programme et cha\u00eene TV.\",\"breadcrumb\":{\"@id\":\"https:\/\/dicodusport.fr\/blog\/ufc-324-liste-des-combats-diffusion-tv-date-et-heure\/#breadcrumb\"},\"inLanguage\":\"fr-FR\",\"potentialAction\":[{\"@type\":\"ReadAction\",\"target\":[\"https:\/\/dicodusport.fr\/blog\/ufc-324-liste-des-combats-diffusion-tv-date-et-heure\/\"]}]},{\"@type\":\"ImageObject\",\"inLanguage\":\"fr-FR\",\"@id\":\"https:\/\/dicodusport.fr\/blog\/ufc-324-liste-des-combats-diffusion-tv-date-et-heure\/#primaryimage\",\"url\":\"https:\/\/dicodusport.fr\/blog\/wp-content\/uploads\/2026\/01\/UFC-324-Liste-des-combats-Diffusion-TV-Date-et-Heure.png\",\"contentUrl\":\"https:\/\/dicodusport.fr\/blog\/wp-content\/uploads\/2026\/01\/UFC-324-Liste-des-combats-Diffusion-TV-Date-et-Heure.png\",\"width\":1200,\"height\":674,\"caption\":\"UFC 324 Liste des combats, Diffusion TV, Date et Heure\"},{\"@type\":\"BreadcrumbList\",\"@id\":\"https:\/\/dicodusport.fr\/blog\/ufc-324-liste-des-combats-diffusion-tv-date-et-heure\/#breadcrumb\",\"itemListElement\":[{\"@type\":\"ListItem\",\"position\":1,\"name\":\"Accueil\",\"item\":\"https:\/\/dicodusport.fr\/blog\/\"},{\"@type\":\"ListItem\",\"position\":2,\"name\":\"UFC 324 : Liste des combats, Diffusion TV, Date et Heure\"}]},{\"@type\":\"WebSite\",\"@id\":\"https:\/\/dicodusport.fr\/blog\/#website\",\"url\":\"https:\/\/dicodusport.fr\/blog\/\",\"name\":\"Dicodusport\",\"description\":\"L&#039;encyclop\u00e9die de l&#039;actualit\u00e9 sportive\",\"publisher\":{\"@id\":\"https:\/\/dicodusport.fr\/blog\/#organization\"},\"potentialAction\":[{\"@type\":\"SearchAction\",\"target\":{\"@type\":\"EntryPoint\",\"urlTemplate\":\"https:\/\/dicodusport.fr\/blog\/?s={search_term_string}\"},\"query-input\":{\"@type\":\"PropertyValueSpecification\",\"valueRequired\":true,\"valueName\":\"search_term_string\"}}],\"inLanguage\":\"fr-FR\"},{\"@type\":\"NewsMediaOrganization\",\"@id\":\"https:\/\/dicodusport.fr\/blog\/#organization\",\"name\":\"Dicodusport\",\"url\":\"https:\/\/dicodusport.fr\/blog\/\",\"logo\":{\"@type\":\"ImageObject\",\"inLanguage\":\"fr-FR\",\"@id\":\"https:\/\/dicodusport.fr\/blog\/#\/schema\/logo\/image\/\",\"url\":\"https:\/\/dicodusport.fr\/blog\/wp-content\/uploads\/2020\/06\/cropped-LOGO-DICODUSPORT-2020-SANS-FOND-SANS-TEXTE.png\",\"contentUrl\":\"https:\/\/dicodusport.fr\/blog\/wp-content\/uploads\/2020\/06\/cropped-LOGO-DICODUSPORT-2020-SANS-FOND-SANS-TEXTE.png\",\"width\":512,\"height\":512,\"caption\":\"Dicodusport\"},\"image\":{\"@id\":\"https:\/\/dicodusport.fr\/blog\/#\/schema\/logo\/image\/\"},\"sameAs\":[\"https:\/\/www.facebook.com\/dicodusport\",\"https:\/\/x.com\/dicodusport\",\"https:\/\/www.instagram.com\/dicodusport\/\",\"https:\/\/www.youtube.com\/channel\/UC7V2KZ5sd3htJivAbA4ZG3w\"],\"description\":\"Dicodusport est l'encyclop\u00e9die de l'actualit\u00e9 sportive.\",\"email\":\"bonjour@dicodusport.fr\",\"legalName\":\"DICODUSPORT\",\"foundingDate\":\"2018-01-14\",\"vatID\":\"FR71834470973\",\"taxID\":\"83447097300043\",\"numberOfEmployees\":{\"@type\":\"QuantitativeValue\",\"minValue\":\"1\",\"maxValue\":\"10\"}},{\"@type\":\"Person\",\"@id\":\"https:\/\/dicodusport.fr\/blog\/#\/schema\/person\/627966a6cde45dbd8c5e36ac85d783da\",\"name\":\"S\u00e9bastien Gente\",\"image\":{\"@type\":\"ImageObject\",\"inLanguage\":\"fr-FR\",\"@id\":\"https:\/\/dicodusport.fr\/blog\/#\/schema\/person\/image\/\",\"url\":\"https:\/\/dicodusport.fr\/blog\/wp-content\/uploads\/2021\/09\/1510990_10205810251400683_4124423575079401707_n-150x150.jpg\",\"contentUrl\":\"https:\/\/dicodusport.fr\/blog\/wp-content\/uploads\/2021\/09\/1510990_10205810251400683_4124423575079401707_n-150x150.jpg\",\"caption\":\"S\u00e9bastien Gente\"},\"description\":\"John Stockton, Gianni Bugno, Zinedine Zidane, Steffi Graf, Frode Andresen, St\u00e9phane Stoecklin, Davis Kamoga, Primoz Peterka, Werner Schlager et Aur\u00e9lien Rougerie. Point commun entre ces sportifs? Ils m'ont fait r\u00eaver et ont berc\u00e9 mon adolescence. Je suis un fondu de sports et j'essaie de retranscrire ma passion \u00e0 travers mes articles. Originaire du P\u00e9rigord, ma passion pour les Girondins, les Jaunards et les Jazzmen transpire dans mes \u00e9crits. \u00c0 Dicodusport depuis 2021, je d\u00e9niche les sports m\u00e9connus dans lesquels la France brille, et il y en a !\",\"sameAs\":[\"https:\/\/www.facebook.com\/sebastien.gente\/\",\"https:\/\/www.instagram.com\/sebgente\/\",\"https:\/\/www.linkedin.com\/in\/sbastien-gente-a29583169\/\",\"https:\/\/x.com\/https:\/\/twitter.com\/globulo24\",\"SebastienGente\"],\"worksFor\":\"S\u00e9bastien GENTE\",\"url\":\"https:\/\/dicodusport.fr\/blog\/author\/sebastiengente\/\"}]}<\/script>\n<!-- \/ Yoast SEO Premium plugin. -->","yoast_head_json":{"title":"UFC 324 : Liste des combats, Diffusion TV, Date et Heure","description":"L'UFC 324 se d\u00e9roule dans la nuit du samedi 6 au dimanche 7 d\u00e9cembre dans le Nevada. Programme et cha\u00eene TV.","robots":{"index":"index","follow":"follow","max-snippet":"max-snippet:-1","max-image-preview":"max-image-preview:large","max-video-preview":"max-video-preview:-1"},"canonical":"https:\/\/dicodusport.fr\/blog\/ufc-324-liste-des-combats-diffusion-tv-date-et-heure\/","og_locale":"fr_FR","og_type":"article","og_title":"UFC 324 : Liste des combats, Diffusion TV, Date et Heure","og_description":"L'UFC 324 se d\u00e9roule dans la nuit du samedi 6 au dimanche 7 d\u00e9cembre dans le Nevada. Programme et cha\u00eene TV.","og_url":"https:\/\/dicodusport.fr\/blog\/ufc-324-liste-des-combats-diffusion-tv-date-et-heure\/","og_site_name":"Dicodusport","article_publisher":"https:\/\/www.facebook.com\/dicodusport","article_author":"https:\/\/www.facebook.com\/sebastien.gente\/","article_published_time":"2026-01-22T11:30:54+00:00","og_image":[{"width":1200,"height":674,"url":"https:\/\/dicodusport.fr\/blog\/wp-content\/uploads\/2026\/01\/UFC-324-Liste-des-combats-Diffusion-TV-Date-et-Heure.png","type":"image\/png"}],"author":"S\u00e9bastien Gente","twitter_card":"summary_large_image","twitter_title":"UFC 324 : Liste des combats, Diffusion TV, Date et Heure","twitter_creator":"@https:\/\/twitter.com\/globulo24","twitter_site":"@dicodusport","schema":{"@context":"https:\/\/schema.org","@graph":[{"@type":"NewsArticle","@id":"https:\/\/dicodusport.fr\/blog\/ufc-324-liste-des-combats-diffusion-tv-date-et-heure\/#article","isPartOf":{"@id":"https:\/\/dicodusport.fr\/blog\/ufc-324-liste-des-combats-diffusion-tv-date-et-heure\/"},"author":{"name":"S\u00e9bastien Gente","@id":"https:\/\/dicodusport.fr\/blog\/#\/schema\/person\/627966a6cde45dbd8c5e36ac85d783da"},"headline":"UFC 324 : Liste des combats, Diffusion TV, Date et Heure","datePublished":"2026-01-22T11:30:54+00:00","mainEntityOfPage":{"@id":"https:\/\/dicodusport.fr\/blog\/ufc-324-liste-des-combats-diffusion-tv-date-et-heure\/"},"wordCount":627,"commentCount":0,"publisher":{"@id":"https:\/\/dicodusport.fr\/blog\/#organization"},"image":{"@id":"https:\/\/dicodusport.fr\/blog\/ufc-324-liste-des-combats-diffusion-tv-date-et-heure\/#primaryimage"},"thumbnailUrl":"https:\/\/dicodusport.fr\/blog\/wp-content\/uploads\/2026\/01\/UFC-324-Liste-des-combats-Diffusion-TV-Date-et-Heure.png","keywords":["br\u00e8ve","UFC"],"articleSection":["Cha\u00eene TV","MMA"],"inLanguage":"fr-FR","potentialAction":[{"@type":"CommentAction","name":"Comment","target":["https:\/\/dicodusport.fr\/blog\/ufc-324-liste-des-combats-diffusion-tv-date-et-heure\/#respond"]}],"copyrightYear":"2026","copyrightHolder":{"@id":"https:\/\/dicodusport.fr\/blog\/#organization"}},{"@type":"WebPage","@id":"https:\/\/dicodusport.fr\/blog\/ufc-324-liste-des-combats-diffusion-tv-date-et-heure\/","url":"https:\/\/dicodusport.fr\/blog\/ufc-324-liste-des-combats-diffusion-tv-date-et-heure\/","name":"UFC 324 : Liste des combats, Diffusion TV, Date et Heure","isPartOf":{"@id":"https:\/\/dicodusport.fr\/blog\/#website"},"primaryImageOfPage":{"@id":"https:\/\/dicodusport.fr\/blog\/ufc-324-liste-des-combats-diffusion-tv-date-et-heure\/#primaryimage"},"image":{"@id":"https:\/\/dicodusport.fr\/blog\/ufc-324-liste-des-combats-diffusion-tv-date-et-heure\/#primaryimage"},"thumbnailUrl":"https:\/\/dicodusport.fr\/blog\/wp-content\/uploads\/2026\/01\/UFC-324-Liste-des-combats-Diffusion-TV-Date-et-Heure.png","datePublished":"2026-01-22T11:30:54+00:00","description":"L'UFC 324 se d\u00e9roule dans la nuit du samedi 6 au dimanche 7 d\u00e9cembre dans le Nevada. Programme et cha\u00eene TV.","breadcrumb":{"@id":"https:\/\/dicodusport.fr\/blog\/ufc-324-liste-des-combats-diffusion-tv-date-et-heure\/#breadcrumb"},"inLanguage":"fr-FR","potentialAction":[{"@type":"ReadAction","target":["https:\/\/dicodusport.fr\/blog\/ufc-324-liste-des-combats-diffusion-tv-date-et-heure\/"]}]},{"@type":"ImageObject","inLanguage":"fr-FR","@id":"https:\/\/dicodusport.fr\/blog\/ufc-324-liste-des-combats-diffusion-tv-date-et-heure\/#primaryimage","url":"https:\/\/dicodusport.fr\/blog\/wp-content\/uploads\/2026\/01\/UFC-324-Liste-des-combats-Diffusion-TV-Date-et-Heure.png","contentUrl":"https:\/\/dicodusport.fr\/blog\/wp-content\/uploads\/2026\/01\/UFC-324-Liste-des-combats-Diffusion-TV-Date-et-Heure.png","width":1200,"height":674,"caption":"UFC 324 Liste des combats, Diffusion TV, Date et Heure"},{"@type":"BreadcrumbList","@id":"https:\/\/dicodusport.fr\/blog\/ufc-324-liste-des-combats-diffusion-tv-date-et-heure\/#breadcrumb","itemListElement":[{"@type":"ListItem","position":1,"name":"Accueil","item":"https:\/\/dicodusport.fr\/blog\/"},{"@type":"ListItem","position":2,"name":"UFC 324 : Liste des combats, Diffusion TV, Date et Heure"}]},{"@type":"WebSite","@id":"https:\/\/dicodusport.fr\/blog\/#website","url":"https:\/\/dicodusport.fr\/blog\/","name":"Dicodusport","description":"L&#039;encyclop\u00e9die de l&#039;actualit\u00e9 sportive","publisher":{"@id":"https:\/\/dicodusport.fr\/blog\/#organization"},"potentialAction":[{"@type":"SearchAction","target":{"@type":"EntryPoint","urlTemplate":"https:\/\/dicodusport.fr\/blog\/?s={search_term_string}"},"query-input":{"@type":"PropertyValueSpecification","valueRequired":true,"valueName":"search_term_string"}}],"inLanguage":"fr-FR"},{"@type":"NewsMediaOrganization","@id":"https:\/\/dicodusport.fr\/blog\/#organization","name":"Dicodusport","url":"https:\/\/dicodusport.fr\/blog\/","logo":{"@type":"ImageObject","inLanguage":"fr-FR","@id":"https:\/\/dicodusport.fr\/blog\/#\/schema\/logo\/image\/","url":"https:\/\/dicodusport.fr\/blog\/wp-content\/uploads\/2020\/06\/cropped-LOGO-DICODUSPORT-2020-SANS-FOND-SANS-TEXTE.png","contentUrl":"https:\/\/dicodusport.fr\/blog\/wp-content\/uploads\/2020\/06\/cropped-LOGO-DICODUSPORT-2020-SANS-FOND-SANS-TEXTE.png","width":512,"height":512,"caption":"Dicodusport"},"image":{"@id":"https:\/\/dicodusport.fr\/blog\/#\/schema\/logo\/image\/"},"sameAs":["https:\/\/www.facebook.com\/dicodusport","https:\/\/x.com\/dicodusport","https:\/\/www.instagram.com\/dicodusport\/","https:\/\/www.youtube.com\/channel\/UC7V2KZ5sd3htJivAbA4ZG3w"],"description":"Dicodusport est l'encyclop\u00e9die de l'actualit\u00e9 sportive.","email":"bonjour@dicodusport.fr","legalName":"DICODUSPORT","foundingDate":"2018-01-14","vatID":"FR71834470973","taxID":"83447097300043","numberOfEmployees":{"@type":"QuantitativeValue","minValue":"1","maxValue":"10"}},{"@type":"Person","@id":"https:\/\/dicodusport.fr\/blog\/#\/schema\/person\/627966a6cde45dbd8c5e36ac85d783da","name":"S\u00e9bastien Gente","image":{"@type":"ImageObject","inLanguage":"fr-FR","@id":"https:\/\/dicodusport.fr\/blog\/#\/schema\/person\/image\/","url":"https:\/\/dicodusport.fr\/blog\/wp-content\/uploads\/2021\/09\/1510990_10205810251400683_4124423575079401707_n-150x150.jpg","contentUrl":"https:\/\/dicodusport.fr\/blog\/wp-content\/uploads\/2021\/09\/1510990_10205810251400683_4124423575079401707_n-150x150.jpg","caption":"S\u00e9bastien Gente"},"description":"John Stockton, Gianni Bugno, Zinedine Zidane, Steffi Graf, Frode Andresen, St\u00e9phane Stoecklin, Davis Kamoga, Primoz Peterka, Werner Schlager et Aur\u00e9lien Rougerie. Point commun entre ces sportifs? Ils m'ont fait r\u00eaver et ont berc\u00e9 mon adolescence. Je suis un fondu de sports et j'essaie de retranscrire ma passion \u00e0 travers mes articles. Originaire du P\u00e9rigord, ma passion pour les Girondins, les Jaunards et les Jazzmen transpire dans mes \u00e9crits. \u00c0 Dicodusport depuis 2021, je d\u00e9niche les sports m\u00e9connus dans lesquels la France brille, et il y en a !","sameAs":["https:\/\/www.facebook.com\/sebastien.gente\/","https:\/\/www.instagram.com\/sebgente\/","https:\/\/www.linkedin.com\/in\/sbastien-gente-a29583169\/","https:\/\/x.com\/https:\/\/twitter.com\/globulo24","SebastienGente"],"worksFor":"S\u00e9bastien GENTE","url":"https:\/\/dicodusport.fr\/blog\/author\/sebastiengente\/"}]}},"_links":{"self":[{"href":"https:\/\/dicodusport.fr\/blog\/wp-json\/wp\/v2\/posts\/640370","targetHints":{"allow":["GET"]}}],"collection":[{"href":"https:\/\/dicodusport.fr\/blog\/wp-json\/wp\/v2\/posts"}],"about":[{"href":"https:\/\/dicodusport.fr\/blog\/wp-json\/wp\/v2\/types\/post"}],"author":[{"embeddable":true,"href":"https:\/\/dicodusport.fr\/blog\/wp-json\/wp\/v2\/users\/59"}],"replies":[{"embeddable":true,"href":"https:\/\/dicodusport.fr\/blog\/wp-json\/wp\/v2\/comments?post=640370"}],"version-history":[{"count":1,"href":"https:\/\/dicodusport.fr\/blog\/wp-json\/wp\/v2\/posts\/640370\/revisions"}],"predecessor-version":[{"id":640375,"href":"https:\/\/dicodusport.fr\/blog\/wp-json\/wp\/v2\/posts\/640370\/revisions\/640375"}],"wp:featuredmedia":[{"embeddable":true,"href":"https:\/\/dicodusport.fr\/blog\/wp-json\/wp\/v2\/media\/640372"}],"wp:attachment":[{"href":"https:\/\/dicodusport.fr\/blog\/wp-json\/wp\/v2\/media?parent=640370"}],"wp:term":[{"taxonomy":"category","embeddable":true,"href":"https:\/\/dicodusport.fr\/blog\/wp-json\/wp\/v2\/categories?post=640370"},{"taxonomy":"post_tag","embeddable":true,"href":"https:\/\/dicodusport.fr\/blog\/wp-json\/wp\/v2\/tags?post=640370"}],"curies":[{"name":"wp","href":"https:\/\/api.w.org\/{rel}","templated":true}]}}