{"id":640421,"date":"2026-01-22T14:26:51","date_gmt":"2026-01-22T13:26:51","guid":{"rendered":"https:\/\/dicodusport.fr\/blog\/?p=640421&#038;preview=true&#038;preview_id=640421"},"modified":"2026-01-22T14:57:00","modified_gmt":"2026-01-22T13:57:00","slug":"la-moisson-se-poursuit-pour-karl-tabouret-le-francais-simpose-en-para-biathlon-a-jakuszyce","status":"publish","type":"post","link":"https:\/\/dicodusport.fr\/blog\/la-moisson-se-poursuit-pour-karl-tabouret-le-francais-simpose-en-para-biathlon-a-jakuszyce\/","title":{"rendered":"La moisson se poursuit pour Karl Tabouret : le Fran\u00e7ais s&rsquo;impose en para biathlon \u00e0 Jakuszyce"},"content":{"rendered":"<p style=\"text-align: justify;\"><strong><em>COUPE DU MONDE DE PARA BIATHLON 2025\/2026 &#8211; Karl Tabouret a d\u00e9croch\u00e9 sa premi\u00e8re victoire de l&rsquo;hiver sur le sprint de Jakuszyce (Pologne).<\/em><\/strong><\/p>\n<p style=\"text-align: justify;\">Cela est devenu une habitude cet hiver. \u00c0 quasiment chacun de ses d\u00e9parts en<strong> Coupe du monde<\/strong>, <strong>Karl Tabouret<\/strong> se retrouve sur la bo\u00eete en fin de journ\u00e9e. Quelques jours seulement apr\u00e8s son podium \u00e0 Finsterau en para ski de fond, le polyvalent skieur fran\u00e7ais a switch\u00e9 de discipline avec succ\u00e8s en faisant encore mieux en <strong>para biathlon<\/strong>.<\/p>\n<div class=\"vlp-link-container vlp-layout-article\"><a href=\"https:\/\/dicodusport.fr\/blog\/trois-jours-apres-un-podium-en-biathlon-karl-tabouret-recidive-en-para-ski-de-fond-sur-le-10km-de-finsterau\/\" class=\"vlp-link\" title=\"Trois jours apr\u00e8s un podium en biathlon, Karl Tabouret r\u00e9cidive en para ski de fond sur le 10km de Finsterau\"><\/a><div class=\"vlp-layout-zone-side\"><div class=\"vlp-block-4 vlp-link-image\"><img loading=\"lazy\" decoding=\"async\" style=\"max-width: 792px;\" width=\"792\" height=\"445\" src=\"https:\/\/dicodusport.fr\/blog\/wp-content\/uploads\/2026\/01\/Trois-jours-apres-un-podium-en-biathlon-Karl-Tabouret-recidive-en-para-ski-de-fond-sur-le-10km-de-Finsterau.png\" class=\"attachment-800x445 size-800x445\" alt=\"Trois jours apr\u00e8s un podium en biathlon, Karl Tabouret r\u00e9cidive en para ski de fond sur le 10km de Finsterau\" srcset=\"https:\/\/dicodusport.fr\/blog\/wp-content\/uploads\/2026\/01\/Trois-jours-apres-un-podium-en-biathlon-Karl-Tabouret-recidive-en-para-ski-de-fond-sur-le-10km-de-Finsterau.png 1200w, https:\/\/dicodusport.fr\/blog\/wp-content\/uploads\/2026\/01\/Trois-jours-apres-un-podium-en-biathlon-Karl-Tabouret-recidive-en-para-ski-de-fond-sur-le-10km-de-Finsterau-300x169.png 300w, https:\/\/dicodusport.fr\/blog\/wp-content\/uploads\/2026\/01\/Trois-jours-apres-un-podium-en-biathlon-Karl-Tabouret-recidive-en-para-ski-de-fond-sur-le-10km-de-Finsterau-1024x575.png 1024w, https:\/\/dicodusport.fr\/blog\/wp-content\/uploads\/2026\/01\/Trois-jours-apres-un-podium-en-biathlon-Karl-Tabouret-recidive-en-para-ski-de-fond-sur-le-10km-de-Finsterau-768x431.png 768w\" sizes=\"auto, (max-width: 792px) 100vw, 792px\" \/><\/div><\/div><div class=\"vlp-layout-zone-main\"><div class=\"vlp-block-0 vlp-link-title\">Trois jours apr\u00e8s un podium en biathlon, Karl Tabouret r\u00e9cidive en para ski de fond sur le 10km de Finsterau<\/div><div class=\"vlp-block-1 vlp-link-summary\">COUPE DU MONDE DE PARA SKI DE FOND 2025\/2026 - Trois jours apr\u00e8s son podium en biathlon, Karl Tabouret a de nouveau frapp\u00e9, mais en para ski de fond cette fois !<\/div><div class=\"vlp-block-2 vlp-link-button\">Lire l'article<\/div><div class=\"vlp-block-3 vlp-link-url\">dicodusport.fr<\/div><\/div><\/div>\n<h2 style=\"text-align: justify;\">Karl Tabouret trouve l&rsquo;ouverture, mauvaise op\u00e9ration pour Daviet<\/h2>\n<p style=\"text-align: justify;\">Sur le <strong>sprint<\/strong> qui ouvrait l&rsquo;\u00e9tape de <strong>Jakuszyce<\/strong>, <strong>Karl Tabouret<\/strong> a enfin rafl\u00e9 sa <strong>premi\u00e8re victoire de l&rsquo;hiver<\/strong>. Une belle r\u00e9compense pour un gar\u00e7on qui tournait constamment autour de la 1\u00e8re place dans les deux disciplines. Pourtant, il n&rsquo;a pas r\u00e9alis\u00e9 la course parfaite en cat\u00e9gorie debout puisqu&rsquo;avec un 9\/10 au tir, il avait laiss\u00e9 la possibilit\u00e9 \u00e0 ses rivaux de le surpasser.<\/p>\n<p style=\"text-align: justify;\">Cependant, le grand favori canadien <strong>Mark Arendz<\/strong> est pass\u00e9 \u00e0 c\u00f4t\u00e9 en raison d&rsquo;un tir d\u00e9faillant (8\/10). Malgr\u00e9 un 10\/10, les deux ukrainiens <strong>Serafym Drahun<\/strong> (+4.1) et <strong>Grygorii Vovchynskyi<\/strong> (+19.9) n&rsquo;ont pas rivalis\u00e9 sur les skis, ce qui permet au Fran\u00e7ais de triompher.<\/p>\n<p style=\"text-align: justify;\">En revanche, la journ\u00e9e s&rsquo;est r\u00e9v\u00e9l\u00e9e difficile pour <strong>Benjamin Daviet<\/strong>. En retrait sur les skis et min\u00e9 par trois erreurs \u00e0 la carabine, il a \u00e9chou\u00e9 \u00e0 une lointaine 9\u00e8me place. Leader du g\u00e9n\u00e9ral ce matin, la maigre avance qu&rsquo;il poss\u00e9dait sur Arendz a fondu. Les deux hommes vont encore avoir un sprint samedi, et une poursuite dimanche, pour se d\u00e9partager, et d\u00e9terminer qui remportera le gros globe de cristal de la discipline.<\/p>\n<p style=\"text-align: justify;\">\u00c9galement engag\u00e9 dans la lutte pour le gros globe en cat\u00e9gorie d\u00e9ficients visuels, <strong>Anthony Chalen\u00e7on<\/strong> a aussi perdu des gros points en terminant \u00e0 une insuffisante 8\u00e8me place, la faute \u00e0 un 7\/10 au tir.<\/p>\n<h3 style=\"text-align: justify;\">\u00c0 lire aussi<\/h3>\n<div class=\"vlp-link-container vlp-layout-article\"><a href=\"https:\/\/dicodusport.fr\/blog\/pas-de-victoire-mais-un-nouveau-podium-pour-cecile-hernandez-en-para-snowboardcross-a-lenk\/\" class=\"vlp-link\" title=\"Pas de victoire, mais un nouveau podium pour C\u00e9cile Hernandez en para snowboardcross \u00e0 Lenk\"><\/a><div class=\"vlp-layout-zone-side\"><div class=\"vlp-block-4 vlp-link-image\"><img loading=\"lazy\" decoding=\"async\" style=\"max-width: 792px;\" width=\"792\" height=\"445\" src=\"https:\/\/dicodusport.fr\/blog\/wp-content\/uploads\/2026\/01\/Pas-de-victoire-mais-un-nouveau-podium-pour-Cecile-Hernandez-en-para-snowboardcross-a-Lenk.png\" class=\"attachment-800x445 size-800x445\" alt=\"Pas de victoire, mais un nouveau podium pour C\u00e9cile Hernandez en para snowboardcross \u00e0 Lenk\" srcset=\"https:\/\/dicodusport.fr\/blog\/wp-content\/uploads\/2026\/01\/Pas-de-victoire-mais-un-nouveau-podium-pour-Cecile-Hernandez-en-para-snowboardcross-a-Lenk.png 1200w, https:\/\/dicodusport.fr\/blog\/wp-content\/uploads\/2026\/01\/Pas-de-victoire-mais-un-nouveau-podium-pour-Cecile-Hernandez-en-para-snowboardcross-a-Lenk-300x169.png 300w, https:\/\/dicodusport.fr\/blog\/wp-content\/uploads\/2026\/01\/Pas-de-victoire-mais-un-nouveau-podium-pour-Cecile-Hernandez-en-para-snowboardcross-a-Lenk-1024x575.png 1024w, https:\/\/dicodusport.fr\/blog\/wp-content\/uploads\/2026\/01\/Pas-de-victoire-mais-un-nouveau-podium-pour-Cecile-Hernandez-en-para-snowboardcross-a-Lenk-768x431.png 768w\" sizes=\"auto, (max-width: 792px) 100vw, 792px\" \/><\/div><\/div><div class=\"vlp-layout-zone-main\"><div class=\"vlp-block-0 vlp-link-title\">Pas de victoire, mais un nouveau podium pour C\u00e9cile Hernandez en para snowboardcross \u00e0 Lenk<\/div><div class=\"vlp-block-1 vlp-link-summary\">COUPE DU MONDE DE PARA SNOWBOARD 2025\/2026 - C\u00e9cile Hernandez s'est empar\u00e9e de la 3\u00e8me place sur la deuxi\u00e8me \u00e9preuve de snowboardcross de Lenk (Suisse).<\/div><div class=\"vlp-block-2 vlp-link-button\">Lire l'article<\/div><div class=\"vlp-block-3 vlp-link-url\">dicodusport.fr<\/div><\/div><\/div>\n<div id=\"gtx-trans\" style=\"position: absolute; left: -14px; top: 40.9091px;\">\n<div class=\"gtx-trans-icon\" style=\"text-align: justify;\"><\/div>\n<\/div>\n","protected":false},"excerpt":{"rendered":"<p>COUPE DU MONDE DE PARA BIATHLON 2025\/2026 &#8211; Karl Tabouret a d\u00e9croch\u00e9 sa premi\u00e8re victoire de l&rsquo;hiver sur le sprint de Jakuszyce (Pologne).<\/p>\n","protected":false},"author":55,"featured_media":640434,"comment_status":"open","ping_status":"closed","sticky":false,"template":"","format":"standard","meta":{"_acf_changed":false,"_daextam_enable_autolinks":"1","footnotes":""},"categories":[2426,5753],"tags":[16878,21269],"class_list":["post-640421","post","type-post","status-publish","format-standard","has-post-thumbnail","hentry","category-biathlon","category-handisport","tag-breve","tag-para-biathlon"],"acf":[],"yoast_head":"<!-- This site is optimized with the Yoast SEO Premium plugin v26.7 (Yoast SEO v26.7) - https:\/\/yoast.com\/wordpress\/plugins\/seo\/ -->\n<title>La moisson se poursuit pour Karl Tabouret : le Fran\u00e7ais s&#039;impose en para biathlon \u00e0 Jakuszyce<\/title>\n<meta name=\"description\" content=\"COUPE DU MONDE DE PARA BIATHLON 2025\/2026 - Karl Tabouret a d\u00e9croch\u00e9 sa premi\u00e8re victoire de l&#039;hiver sur le sprint de Jakuszyce (Pologne).\" \/>\n<meta name=\"robots\" content=\"index, follow, max-snippet:-1, max-image-preview:large, max-video-preview:-1\" \/>\n<link rel=\"canonical\" href=\"https:\/\/dicodusport.fr\/blog\/la-moisson-se-poursuit-pour-karl-tabouret-le-francais-simpose-en-para-biathlon-a-jakuszyce\/\" \/>\n<meta property=\"og:locale\" content=\"fr_FR\" \/>\n<meta property=\"og:type\" content=\"article\" \/>\n<meta property=\"og:title\" content=\"La moisson se poursuit pour Karl Tabouret : le Fran\u00e7ais s&#039;impose en para biathlon \u00e0 Jakuszyce\" \/>\n<meta property=\"og:description\" content=\"COUPE DU MONDE DE PARA BIATHLON 2025\/2026 - Karl Tabouret a d\u00e9croch\u00e9 sa premi\u00e8re victoire de l&#039;hiver sur le sprint de Jakuszyce (Pologne).\" \/>\n<meta property=\"og:url\" content=\"https:\/\/dicodusport.fr\/blog\/la-moisson-se-poursuit-pour-karl-tabouret-le-francais-simpose-en-para-biathlon-a-jakuszyce\/\" \/>\n<meta property=\"og:site_name\" content=\"Dicodusport\" \/>\n<meta property=\"article:publisher\" content=\"https:\/\/www.facebook.com\/dicodusport\" \/>\n<meta property=\"article:published_time\" content=\"2026-01-22T13:26:51+00:00\" \/>\n<meta property=\"article:modified_time\" content=\"2026-01-22T13:57:00+00:00\" \/>\n<meta property=\"og:image\" content=\"https:\/\/dicodusport.fr\/blog\/wp-content\/uploads\/2026\/01\/La-moisson-se-poursuit-pour-Karl-Tabouret-le-Francais-simpose-en-para-biathlon-a-Jakuszyce.png\" \/>\n\t<meta property=\"og:image:width\" content=\"1200\" \/>\n\t<meta property=\"og:image:height\" content=\"674\" \/>\n\t<meta property=\"og:image:type\" content=\"image\/png\" \/>\n<meta name=\"author\" content=\"Maxime Cazenave\" \/>\n<meta name=\"twitter:card\" content=\"summary_large_image\" \/>\n<meta name=\"twitter:title\" content=\"La moisson se poursuit pour Karl Tabouret : le Fran\u00e7ais s&#039;impose en para biathlon \u00e0 Jakuszyce\" \/>\n<meta name=\"twitter:creator\" content=\"@https:\/\/twitter.com\/Maxime_Caze\" \/>\n<meta name=\"twitter:site\" content=\"@dicodusport\" \/>\n<script type=\"application\/ld+json\" class=\"yoast-schema-graph\">{\"@context\":\"https:\/\/schema.org\",\"@graph\":[{\"@type\":\"NewsArticle\",\"@id\":\"https:\/\/dicodusport.fr\/blog\/la-moisson-se-poursuit-pour-karl-tabouret-le-francais-simpose-en-para-biathlon-a-jakuszyce\/#article\",\"isPartOf\":{\"@id\":\"https:\/\/dicodusport.fr\/blog\/la-moisson-se-poursuit-pour-karl-tabouret-le-francais-simpose-en-para-biathlon-a-jakuszyce\/\"},\"author\":{\"name\":\"Maxime Cazenave\",\"@id\":\"https:\/\/dicodusport.fr\/blog\/#\/schema\/person\/37def232098a7a5cbab3974a3690abb0\"},\"headline\":\"La moisson se poursuit pour Karl Tabouret : le Fran\u00e7ais s&rsquo;impose en para biathlon \u00e0 Jakuszyce\",\"datePublished\":\"2026-01-22T13:26:51+00:00\",\"dateModified\":\"2026-01-22T13:57:00+00:00\",\"mainEntityOfPage\":{\"@id\":\"https:\/\/dicodusport.fr\/blog\/la-moisson-se-poursuit-pour-karl-tabouret-le-francais-simpose-en-para-biathlon-a-jakuszyce\/\"},\"wordCount\":537,\"commentCount\":0,\"publisher\":{\"@id\":\"https:\/\/dicodusport.fr\/blog\/#organization\"},\"image\":{\"@id\":\"https:\/\/dicodusport.fr\/blog\/la-moisson-se-poursuit-pour-karl-tabouret-le-francais-simpose-en-para-biathlon-a-jakuszyce\/#primaryimage\"},\"thumbnailUrl\":\"https:\/\/dicodusport.fr\/blog\/wp-content\/uploads\/2026\/01\/La-moisson-se-poursuit-pour-Karl-Tabouret-le-Francais-simpose-en-para-biathlon-a-Jakuszyce.png\",\"keywords\":[\"br\u00e8ve\",\"para biathlon\"],\"articleSection\":[\"Biathlon\",\"Handisport\"],\"inLanguage\":\"fr-FR\",\"potentialAction\":[{\"@type\":\"CommentAction\",\"name\":\"Comment\",\"target\":[\"https:\/\/dicodusport.fr\/blog\/la-moisson-se-poursuit-pour-karl-tabouret-le-francais-simpose-en-para-biathlon-a-jakuszyce\/#respond\"]}],\"copyrightYear\":\"2026\",\"copyrightHolder\":{\"@id\":\"https:\/\/dicodusport.fr\/blog\/#organization\"}},{\"@type\":\"WebPage\",\"@id\":\"https:\/\/dicodusport.fr\/blog\/la-moisson-se-poursuit-pour-karl-tabouret-le-francais-simpose-en-para-biathlon-a-jakuszyce\/\",\"url\":\"https:\/\/dicodusport.fr\/blog\/la-moisson-se-poursuit-pour-karl-tabouret-le-francais-simpose-en-para-biathlon-a-jakuszyce\/\",\"name\":\"La moisson se poursuit pour Karl Tabouret : le Fran\u00e7ais s'impose en para biathlon \u00e0 Jakuszyce\",\"isPartOf\":{\"@id\":\"https:\/\/dicodusport.fr\/blog\/#website\"},\"primaryImageOfPage\":{\"@id\":\"https:\/\/dicodusport.fr\/blog\/la-moisson-se-poursuit-pour-karl-tabouret-le-francais-simpose-en-para-biathlon-a-jakuszyce\/#primaryimage\"},\"image\":{\"@id\":\"https:\/\/dicodusport.fr\/blog\/la-moisson-se-poursuit-pour-karl-tabouret-le-francais-simpose-en-para-biathlon-a-jakuszyce\/#primaryimage\"},\"thumbnailUrl\":\"https:\/\/dicodusport.fr\/blog\/wp-content\/uploads\/2026\/01\/La-moisson-se-poursuit-pour-Karl-Tabouret-le-Francais-simpose-en-para-biathlon-a-Jakuszyce.png\",\"datePublished\":\"2026-01-22T13:26:51+00:00\",\"dateModified\":\"2026-01-22T13:57:00+00:00\",\"description\":\"COUPE DU MONDE DE PARA BIATHLON 2025\/2026 - Karl Tabouret a d\u00e9croch\u00e9 sa premi\u00e8re victoire de l'hiver sur le sprint de Jakuszyce (Pologne).\",\"breadcrumb\":{\"@id\":\"https:\/\/dicodusport.fr\/blog\/la-moisson-se-poursuit-pour-karl-tabouret-le-francais-simpose-en-para-biathlon-a-jakuszyce\/#breadcrumb\"},\"inLanguage\":\"fr-FR\",\"potentialAction\":[{\"@type\":\"ReadAction\",\"target\":[\"https:\/\/dicodusport.fr\/blog\/la-moisson-se-poursuit-pour-karl-tabouret-le-francais-simpose-en-para-biathlon-a-jakuszyce\/\"]}]},{\"@type\":\"ImageObject\",\"inLanguage\":\"fr-FR\",\"@id\":\"https:\/\/dicodusport.fr\/blog\/la-moisson-se-poursuit-pour-karl-tabouret-le-francais-simpose-en-para-biathlon-a-jakuszyce\/#primaryimage\",\"url\":\"https:\/\/dicodusport.fr\/blog\/wp-content\/uploads\/2026\/01\/La-moisson-se-poursuit-pour-Karl-Tabouret-le-Francais-simpose-en-para-biathlon-a-Jakuszyce.png\",\"contentUrl\":\"https:\/\/dicodusport.fr\/blog\/wp-content\/uploads\/2026\/01\/La-moisson-se-poursuit-pour-Karl-Tabouret-le-Francais-simpose-en-para-biathlon-a-Jakuszyce.png\",\"width\":1200,\"height\":674,\"caption\":\"La moisson se poursuit pour Karl Tabouret : le Fran\u00e7ais s'impose en para biathlon \u00e0 Jakuszyce\"},{\"@type\":\"BreadcrumbList\",\"@id\":\"https:\/\/dicodusport.fr\/blog\/la-moisson-se-poursuit-pour-karl-tabouret-le-francais-simpose-en-para-biathlon-a-jakuszyce\/#breadcrumb\",\"itemListElement\":[{\"@type\":\"ListItem\",\"position\":1,\"name\":\"Accueil\",\"item\":\"https:\/\/dicodusport.fr\/blog\/\"},{\"@type\":\"ListItem\",\"position\":2,\"name\":\"La moisson se poursuit pour Karl Tabouret : le Fran\u00e7ais s&rsquo;impose en para biathlon \u00e0 Jakuszyce\"}]},{\"@type\":\"WebSite\",\"@id\":\"https:\/\/dicodusport.fr\/blog\/#website\",\"url\":\"https:\/\/dicodusport.fr\/blog\/\",\"name\":\"Dicodusport\",\"description\":\"L&#039;encyclop\u00e9die de l&#039;actualit\u00e9 sportive\",\"publisher\":{\"@id\":\"https:\/\/dicodusport.fr\/blog\/#organization\"},\"potentialAction\":[{\"@type\":\"SearchAction\",\"target\":{\"@type\":\"EntryPoint\",\"urlTemplate\":\"https:\/\/dicodusport.fr\/blog\/?s={search_term_string}\"},\"query-input\":{\"@type\":\"PropertyValueSpecification\",\"valueRequired\":true,\"valueName\":\"search_term_string\"}}],\"inLanguage\":\"fr-FR\"},{\"@type\":\"NewsMediaOrganization\",\"@id\":\"https:\/\/dicodusport.fr\/blog\/#organization\",\"name\":\"Dicodusport\",\"url\":\"https:\/\/dicodusport.fr\/blog\/\",\"logo\":{\"@type\":\"ImageObject\",\"inLanguage\":\"fr-FR\",\"@id\":\"https:\/\/dicodusport.fr\/blog\/#\/schema\/logo\/image\/\",\"url\":\"https:\/\/dicodusport.fr\/blog\/wp-content\/uploads\/2020\/06\/cropped-LOGO-DICODUSPORT-2020-SANS-FOND-SANS-TEXTE.png\",\"contentUrl\":\"https:\/\/dicodusport.fr\/blog\/wp-content\/uploads\/2020\/06\/cropped-LOGO-DICODUSPORT-2020-SANS-FOND-SANS-TEXTE.png\",\"width\":512,\"height\":512,\"caption\":\"Dicodusport\"},\"image\":{\"@id\":\"https:\/\/dicodusport.fr\/blog\/#\/schema\/logo\/image\/\"},\"sameAs\":[\"https:\/\/www.facebook.com\/dicodusport\",\"https:\/\/x.com\/dicodusport\",\"https:\/\/www.instagram.com\/dicodusport\/\",\"https:\/\/www.youtube.com\/channel\/UC7V2KZ5sd3htJivAbA4ZG3w\"],\"description\":\"Dicodusport est l'encyclop\u00e9die de l'actualit\u00e9 sportive.\",\"email\":\"bonjour@dicodusport.fr\",\"legalName\":\"DICODUSPORT\",\"foundingDate\":\"2018-01-14\",\"vatID\":\"FR71834470973\",\"taxID\":\"83447097300043\",\"numberOfEmployees\":{\"@type\":\"QuantitativeValue\",\"minValue\":\"1\",\"maxValue\":\"10\"}},{\"@type\":\"Person\",\"@id\":\"https:\/\/dicodusport.fr\/blog\/#\/schema\/person\/37def232098a7a5cbab3974a3690abb0\",\"name\":\"Maxime Cazenave\",\"image\":{\"@type\":\"ImageObject\",\"inLanguage\":\"fr-FR\",\"@id\":\"https:\/\/dicodusport.fr\/blog\/#\/schema\/person\/image\/\",\"url\":\"https:\/\/dicodusport.fr\/blog\/wp-content\/uploads\/2021\/05\/Maxime-Cazenave-150x150.jpg\",\"contentUrl\":\"https:\/\/dicodusport.fr\/blog\/wp-content\/uploads\/2021\/05\/Maxime-Cazenave-150x150.jpg\",\"caption\":\"Maxime Cazenave\"},\"description\":\"Journaliste\/R\u00e9dacteur depuis 2012 - Berc\u00e9 par l\u2019amour des Girondins de Bordeaux, les \u00e9checs de Christophe Moreau sur le Tour de France sous l'\u00e8re Lance Armstrong et le fade-away l\u00e9tal de Dirk Nowitzki, ma passion d\u00e9vorante pour le sport a toujours \u00e9t\u00e9 un pan incontournable de ma vie. Transmettre ma passion \u00e0 l\u2019\u00e9crit a \u00e9t\u00e9 une transition naturelle. Suiveur assidu de basket et de hockey sur glace, je garde toujours un peu de place pour suivre le cyclisme, le football et le maximum de performances fran\u00e7aises.\",\"sameAs\":[\"https:\/\/x.com\/https:\/\/twitter.com\/Maxime_Caze\"],\"url\":\"https:\/\/dicodusport.fr\/blog\/author\/maximec\/\"}]}<\/script>\n<!-- \/ Yoast SEO Premium plugin. -->","yoast_head_json":{"title":"La moisson se poursuit pour Karl Tabouret : le Fran\u00e7ais s'impose en para biathlon \u00e0 Jakuszyce","description":"COUPE DU MONDE DE PARA BIATHLON 2025\/2026 - Karl Tabouret a d\u00e9croch\u00e9 sa premi\u00e8re victoire de l'hiver sur le sprint de Jakuszyce (Pologne).","robots":{"index":"index","follow":"follow","max-snippet":"max-snippet:-1","max-image-preview":"max-image-preview:large","max-video-preview":"max-video-preview:-1"},"canonical":"https:\/\/dicodusport.fr\/blog\/la-moisson-se-poursuit-pour-karl-tabouret-le-francais-simpose-en-para-biathlon-a-jakuszyce\/","og_locale":"fr_FR","og_type":"article","og_title":"La moisson se poursuit pour Karl Tabouret : le Fran\u00e7ais s'impose en para biathlon \u00e0 Jakuszyce","og_description":"COUPE DU MONDE DE PARA BIATHLON 2025\/2026 - Karl Tabouret a d\u00e9croch\u00e9 sa premi\u00e8re victoire de l'hiver sur le sprint de Jakuszyce (Pologne).","og_url":"https:\/\/dicodusport.fr\/blog\/la-moisson-se-poursuit-pour-karl-tabouret-le-francais-simpose-en-para-biathlon-a-jakuszyce\/","og_site_name":"Dicodusport","article_publisher":"https:\/\/www.facebook.com\/dicodusport","article_published_time":"2026-01-22T13:26:51+00:00","article_modified_time":"2026-01-22T13:57:00+00:00","og_image":[{"width":1200,"height":674,"url":"https:\/\/dicodusport.fr\/blog\/wp-content\/uploads\/2026\/01\/La-moisson-se-poursuit-pour-Karl-Tabouret-le-Francais-simpose-en-para-biathlon-a-Jakuszyce.png","type":"image\/png"}],"author":"Maxime Cazenave","twitter_card":"summary_large_image","twitter_title":"La moisson se poursuit pour Karl Tabouret : le Fran\u00e7ais s'impose en para biathlon \u00e0 Jakuszyce","twitter_creator":"@https:\/\/twitter.com\/Maxime_Caze","twitter_site":"@dicodusport","schema":{"@context":"https:\/\/schema.org","@graph":[{"@type":"NewsArticle","@id":"https:\/\/dicodusport.fr\/blog\/la-moisson-se-poursuit-pour-karl-tabouret-le-francais-simpose-en-para-biathlon-a-jakuszyce\/#article","isPartOf":{"@id":"https:\/\/dicodusport.fr\/blog\/la-moisson-se-poursuit-pour-karl-tabouret-le-francais-simpose-en-para-biathlon-a-jakuszyce\/"},"author":{"name":"Maxime Cazenave","@id":"https:\/\/dicodusport.fr\/blog\/#\/schema\/person\/37def232098a7a5cbab3974a3690abb0"},"headline":"La moisson se poursuit pour Karl Tabouret : le Fran\u00e7ais s&rsquo;impose en para biathlon \u00e0 Jakuszyce","datePublished":"2026-01-22T13:26:51+00:00","dateModified":"2026-01-22T13:57:00+00:00","mainEntityOfPage":{"@id":"https:\/\/dicodusport.fr\/blog\/la-moisson-se-poursuit-pour-karl-tabouret-le-francais-simpose-en-para-biathlon-a-jakuszyce\/"},"wordCount":537,"commentCount":0,"publisher":{"@id":"https:\/\/dicodusport.fr\/blog\/#organization"},"image":{"@id":"https:\/\/dicodusport.fr\/blog\/la-moisson-se-poursuit-pour-karl-tabouret-le-francais-simpose-en-para-biathlon-a-jakuszyce\/#primaryimage"},"thumbnailUrl":"https:\/\/dicodusport.fr\/blog\/wp-content\/uploads\/2026\/01\/La-moisson-se-poursuit-pour-Karl-Tabouret-le-Francais-simpose-en-para-biathlon-a-Jakuszyce.png","keywords":["br\u00e8ve","para biathlon"],"articleSection":["Biathlon","Handisport"],"inLanguage":"fr-FR","potentialAction":[{"@type":"CommentAction","name":"Comment","target":["https:\/\/dicodusport.fr\/blog\/la-moisson-se-poursuit-pour-karl-tabouret-le-francais-simpose-en-para-biathlon-a-jakuszyce\/#respond"]}],"copyrightYear":"2026","copyrightHolder":{"@id":"https:\/\/dicodusport.fr\/blog\/#organization"}},{"@type":"WebPage","@id":"https:\/\/dicodusport.fr\/blog\/la-moisson-se-poursuit-pour-karl-tabouret-le-francais-simpose-en-para-biathlon-a-jakuszyce\/","url":"https:\/\/dicodusport.fr\/blog\/la-moisson-se-poursuit-pour-karl-tabouret-le-francais-simpose-en-para-biathlon-a-jakuszyce\/","name":"La moisson se poursuit pour Karl Tabouret : le Fran\u00e7ais s'impose en para biathlon \u00e0 Jakuszyce","isPartOf":{"@id":"https:\/\/dicodusport.fr\/blog\/#website"},"primaryImageOfPage":{"@id":"https:\/\/dicodusport.fr\/blog\/la-moisson-se-poursuit-pour-karl-tabouret-le-francais-simpose-en-para-biathlon-a-jakuszyce\/#primaryimage"},"image":{"@id":"https:\/\/dicodusport.fr\/blog\/la-moisson-se-poursuit-pour-karl-tabouret-le-francais-simpose-en-para-biathlon-a-jakuszyce\/#primaryimage"},"thumbnailUrl":"https:\/\/dicodusport.fr\/blog\/wp-content\/uploads\/2026\/01\/La-moisson-se-poursuit-pour-Karl-Tabouret-le-Francais-simpose-en-para-biathlon-a-Jakuszyce.png","datePublished":"2026-01-22T13:26:51+00:00","dateModified":"2026-01-22T13:57:00+00:00","description":"COUPE DU MONDE DE PARA BIATHLON 2025\/2026 - Karl Tabouret a d\u00e9croch\u00e9 sa premi\u00e8re victoire de l'hiver sur le sprint de Jakuszyce (Pologne).","breadcrumb":{"@id":"https:\/\/dicodusport.fr\/blog\/la-moisson-se-poursuit-pour-karl-tabouret-le-francais-simpose-en-para-biathlon-a-jakuszyce\/#breadcrumb"},"inLanguage":"fr-FR","potentialAction":[{"@type":"ReadAction","target":["https:\/\/dicodusport.fr\/blog\/la-moisson-se-poursuit-pour-karl-tabouret-le-francais-simpose-en-para-biathlon-a-jakuszyce\/"]}]},{"@type":"ImageObject","inLanguage":"fr-FR","@id":"https:\/\/dicodusport.fr\/blog\/la-moisson-se-poursuit-pour-karl-tabouret-le-francais-simpose-en-para-biathlon-a-jakuszyce\/#primaryimage","url":"https:\/\/dicodusport.fr\/blog\/wp-content\/uploads\/2026\/01\/La-moisson-se-poursuit-pour-Karl-Tabouret-le-Francais-simpose-en-para-biathlon-a-Jakuszyce.png","contentUrl":"https:\/\/dicodusport.fr\/blog\/wp-content\/uploads\/2026\/01\/La-moisson-se-poursuit-pour-Karl-Tabouret-le-Francais-simpose-en-para-biathlon-a-Jakuszyce.png","width":1200,"height":674,"caption":"La moisson se poursuit pour Karl Tabouret : le Fran\u00e7ais s'impose en para biathlon \u00e0 Jakuszyce"},{"@type":"BreadcrumbList","@id":"https:\/\/dicodusport.fr\/blog\/la-moisson-se-poursuit-pour-karl-tabouret-le-francais-simpose-en-para-biathlon-a-jakuszyce\/#breadcrumb","itemListElement":[{"@type":"ListItem","position":1,"name":"Accueil","item":"https:\/\/dicodusport.fr\/blog\/"},{"@type":"ListItem","position":2,"name":"La moisson se poursuit pour Karl Tabouret : le Fran\u00e7ais s&rsquo;impose en para biathlon \u00e0 Jakuszyce"}]},{"@type":"WebSite","@id":"https:\/\/dicodusport.fr\/blog\/#website","url":"https:\/\/dicodusport.fr\/blog\/","name":"Dicodusport","description":"L&#039;encyclop\u00e9die de l&#039;actualit\u00e9 sportive","publisher":{"@id":"https:\/\/dicodusport.fr\/blog\/#organization"},"potentialAction":[{"@type":"SearchAction","target":{"@type":"EntryPoint","urlTemplate":"https:\/\/dicodusport.fr\/blog\/?s={search_term_string}"},"query-input":{"@type":"PropertyValueSpecification","valueRequired":true,"valueName":"search_term_string"}}],"inLanguage":"fr-FR"},{"@type":"NewsMediaOrganization","@id":"https:\/\/dicodusport.fr\/blog\/#organization","name":"Dicodusport","url":"https:\/\/dicodusport.fr\/blog\/","logo":{"@type":"ImageObject","inLanguage":"fr-FR","@id":"https:\/\/dicodusport.fr\/blog\/#\/schema\/logo\/image\/","url":"https:\/\/dicodusport.fr\/blog\/wp-content\/uploads\/2020\/06\/cropped-LOGO-DICODUSPORT-2020-SANS-FOND-SANS-TEXTE.png","contentUrl":"https:\/\/dicodusport.fr\/blog\/wp-content\/uploads\/2020\/06\/cropped-LOGO-DICODUSPORT-2020-SANS-FOND-SANS-TEXTE.png","width":512,"height":512,"caption":"Dicodusport"},"image":{"@id":"https:\/\/dicodusport.fr\/blog\/#\/schema\/logo\/image\/"},"sameAs":["https:\/\/www.facebook.com\/dicodusport","https:\/\/x.com\/dicodusport","https:\/\/www.instagram.com\/dicodusport\/","https:\/\/www.youtube.com\/channel\/UC7V2KZ5sd3htJivAbA4ZG3w"],"description":"Dicodusport est l'encyclop\u00e9die de l'actualit\u00e9 sportive.","email":"bonjour@dicodusport.fr","legalName":"DICODUSPORT","foundingDate":"2018-01-14","vatID":"FR71834470973","taxID":"83447097300043","numberOfEmployees":{"@type":"QuantitativeValue","minValue":"1","maxValue":"10"}},{"@type":"Person","@id":"https:\/\/dicodusport.fr\/blog\/#\/schema\/person\/37def232098a7a5cbab3974a3690abb0","name":"Maxime Cazenave","image":{"@type":"ImageObject","inLanguage":"fr-FR","@id":"https:\/\/dicodusport.fr\/blog\/#\/schema\/person\/image\/","url":"https:\/\/dicodusport.fr\/blog\/wp-content\/uploads\/2021\/05\/Maxime-Cazenave-150x150.jpg","contentUrl":"https:\/\/dicodusport.fr\/blog\/wp-content\/uploads\/2021\/05\/Maxime-Cazenave-150x150.jpg","caption":"Maxime Cazenave"},"description":"Journaliste\/R\u00e9dacteur depuis 2012 - Berc\u00e9 par l\u2019amour des Girondins de Bordeaux, les \u00e9checs de Christophe Moreau sur le Tour de France sous l'\u00e8re Lance Armstrong et le fade-away l\u00e9tal de Dirk Nowitzki, ma passion d\u00e9vorante pour le sport a toujours \u00e9t\u00e9 un pan incontournable de ma vie. Transmettre ma passion \u00e0 l\u2019\u00e9crit a \u00e9t\u00e9 une transition naturelle. Suiveur assidu de basket et de hockey sur glace, je garde toujours un peu de place pour suivre le cyclisme, le football et le maximum de performances fran\u00e7aises.","sameAs":["https:\/\/x.com\/https:\/\/twitter.com\/Maxime_Caze"],"url":"https:\/\/dicodusport.fr\/blog\/author\/maximec\/"}]}},"_links":{"self":[{"href":"https:\/\/dicodusport.fr\/blog\/wp-json\/wp\/v2\/posts\/640421","targetHints":{"allow":["GET"]}}],"collection":[{"href":"https:\/\/dicodusport.fr\/blog\/wp-json\/wp\/v2\/posts"}],"about":[{"href":"https:\/\/dicodusport.fr\/blog\/wp-json\/wp\/v2\/types\/post"}],"author":[{"embeddable":true,"href":"https:\/\/dicodusport.fr\/blog\/wp-json\/wp\/v2\/users\/55"}],"replies":[{"embeddable":true,"href":"https:\/\/dicodusport.fr\/blog\/wp-json\/wp\/v2\/comments?post=640421"}],"version-history":[{"count":4,"href":"https:\/\/dicodusport.fr\/blog\/wp-json\/wp\/v2\/posts\/640421\/revisions"}],"predecessor-version":[{"id":640444,"href":"https:\/\/dicodusport.fr\/blog\/wp-json\/wp\/v2\/posts\/640421\/revisions\/640444"}],"wp:featuredmedia":[{"embeddable":true,"href":"https:\/\/dicodusport.fr\/blog\/wp-json\/wp\/v2\/media\/640434"}],"wp:attachment":[{"href":"https:\/\/dicodusport.fr\/blog\/wp-json\/wp\/v2\/media?parent=640421"}],"wp:term":[{"taxonomy":"category","embeddable":true,"href":"https:\/\/dicodusport.fr\/blog\/wp-json\/wp\/v2\/categories?post=640421"},{"taxonomy":"post_tag","embeddable":true,"href":"https:\/\/dicodusport.fr\/blog\/wp-json\/wp\/v2\/tags?post=640421"}],"curies":[{"name":"wp","href":"https:\/\/api.w.org\/{rel}","templated":true}]}}