{"id":640705,"date":"2026-01-24T14:30:02","date_gmt":"2026-01-24T13:30:02","guid":{"rendered":"https:\/\/dicodusport.fr\/blog\/?p=640705&#038;preview=true&#038;preview_id=640705"},"modified":"2026-01-24T17:24:44","modified_gmt":"2026-01-24T16:24:44","slug":"victoire-suedoise-a-spindleruv-mlyn-sara-hector-sadjuge-le-geant","status":"publish","type":"post","link":"https:\/\/dicodusport.fr\/blog\/victoire-suedoise-a-spindleruv-mlyn-sara-hector-sadjuge-le-geant\/","title":{"rendered":"Victoire su\u00e9doise \u00e0 Spindleruv Mlyn : Sara Hector s&rsquo;adjuge le g\u00e9ant"},"content":{"rendered":"<p style=\"text-align: justify;\"><strong><em>COUPE DU MONDE DE SKI ALPIN 2025\/2026 &#8211; Malgr\u00e9 quelques erreurs en seconde manche, la Su\u00e9doise Sara Hector a conserv\u00e9 suffisamment d&rsquo;avance pour remporter le g\u00e9ant de Spindleruv Mlyn (R\u00e9publique tch\u00e8que) devant un duo am\u00e9ricain.<\/em><\/strong><\/p>\n<ul>\n<li style=\"text-align: justify;\"><strong>\u00c0 ce sujet \u2014 <a href=\"https:\/\/dicodusport.fr\/blog\/ski-alpin-coupe-du-monde-2025-2026-le-calendrier-complet\/\">Ski alpin Coupe du monde 2025-2026 \u2013 Le calendrier complet<\/a><\/strong><\/li>\n<\/ul>\n<p style=\"text-align: justify;\">Dernier g\u00e9ant avant les Jeux Olympiques de Milan-Cortina, cette \u00e9preuve faisait office d\u2019ultime r\u00e9p\u00e9tition pour les g\u00e9antistes f\u00e9minines. Une derni\u00e8re course marqu\u00e9e par deux absences notables : celles de <strong>Federica Brignone<\/strong> et <strong>Sofia Goggia<\/strong>.<\/p>\n<h2 style=\"text-align: justify;\">Hector en t\u00eate, Scheib toujours dans le coup<\/h2>\n<p style=\"text-align: justify;\">C\u2019est \u00e0 <strong>Spindleruv Mlyn<\/strong> (R\u00e9publique tch\u00e8que) que se d\u00e9roulait ce g\u00e9ant, sur une piste peu utilis\u00e9e en Coupe du monde. Lors de la premi\u00e8re manche, la Su\u00e9doise <strong>Sara Hector<\/strong> s\u2019en est le mieux sortie, devan\u00e7ant d\u2019un rien <strong>Camille Rast<\/strong> (+0.02) et <strong>Julia Scheib<\/strong> (+0.26).<\/p>\n<ul>\n<li style=\"text-align: justify;\"><strong>\u00c0 ce sujet \u2014 <a href=\"https:\/\/dicodusport.fr\/blog\/geant-femmes-spindleruv-mlyn-2026-classement-et-resultats\/\">G\u00e9ant femmes Spindleruv Mlyn 2026 \u2013 Classement et r\u00e9sultats<\/a><\/strong><\/li>\n<\/ul>\n<p style=\"text-align: justify;\">C\u00f4t\u00e9 fran\u00e7ais, seule <strong>Doriane Escan\u00e9<\/strong> est parvenue \u00e0 se qualifier pour la seconde manche, en 27\u00e8me position (+3.08). En revanche, <strong>Alice Robinson<\/strong>, vice-championne du monde de la discipline, a totalement manqu\u00e9 son affaire et n\u2019a pas valid\u00e9 sa qualification, terminant \u00e0 plus de quatre secondes.<\/p>\n<blockquote class=\"twitter-tweet\">\n<p dir=\"ltr\" lang=\"en\">Sara Hector \ud83c\uddf8\ud83c\uddea leads the way in Spindleruv Mlyn! \u2744\ufe0f<br \/>\nCamille Rast \ud83c\udde8\ud83c\udded is just +0.02 back, with Julia Scheib \ud83c\udde6\ud83c\uddf9 in third (+0.26) \ud83d\udc40<\/p>\n<p>Run 2 coming up!<a href=\"https:\/\/twitter.com\/hashtag\/FISAlpine?src=hash&amp;ref_src=twsrc%5Etfw\">#FISAlpine<\/a> <a href=\"https:\/\/twitter.com\/hashtag\/WorldCupSpindleruvMlyn?src=hash&amp;ref_src=twsrc%5Etfw\">#WorldCupSpindleruvMlyn<\/a> <a href=\"https:\/\/t.co\/vDfkeyI7Jc\">pic.twitter.com\/vDfkeyI7Jc<\/a><\/p>\n<p>\u2014 FIS Alpine (@fisalpine) <a href=\"https:\/\/twitter.com\/fisalpine\/status\/2015009383873134699?ref_src=twsrc%5Etfw\">January 24, 2026<\/a><\/p><\/blockquote>\n<p><script async src=\"https:\/\/platform.twitter.com\/widgets.js\" charset=\"utf-8\"><\/script><\/p>\n<h2 style=\"text-align: justify;\">Premi\u00e8re victoire de la saison pour Sara Hector<\/h2>\n<p style=\"text-align: justify;\">Quatri\u00e8me \u00e0 s\u2019\u00e9lancer lors de la seconde manche, <strong>Doriane Escan\u00e9<\/strong> n\u2019est pas parvenue \u00e0 trouver le bon rythme et termine \u00e0 plus d\u2019une seconde du meilleur temps (+1.17). Apr\u00e8s le passage des quinze premi\u00e8res skieuses, la Canadienne <strong>Britt Richardson<\/strong> occupait la t\u00eate du classement.<\/p>\n<p style=\"text-align: justify;\">Pour son onzi\u00e8me d\u00e9part seulement en Coupe du monde, la Suissesse <strong>Sue Piller<\/strong> a sign\u00e9 son meilleur r\u00e9sultat en carri\u00e8re. Gr\u00e2ce notamment \u00e0 un excellent bas de parcours, elle s\u2019est install\u00e9e en t\u00eate provisoire et s\u2019est assur\u00e9e le premier top 10 de sa carri\u00e8re.<\/p>\n<p style=\"text-align: justify;\"><strong>Nina O\u2019Brien<\/strong> a ensuite frapp\u00e9 fort, r\u00e9alisant la manche de r\u00e9f\u00e9rence et s\u2019emparant du meilleur temps provisoire. Mais sa co\u00e9quipi\u00e8re <strong>Paula Moltzan<\/strong> n\u2019a pas tard\u00e9 \u00e0 r\u00e9pliquer avec un r\u00e9cital sur le trac\u00e9, s\u2019installant en t\u00eate avec une avance cons\u00e9quente (-1.62). Dans la foul\u00e9e, <strong>Mikaela Shiffrin<\/strong> est venue se placer juste derri\u00e8re, \u00e0 seulement cinq centi\u00e8mes.<\/p>\n<p style=\"text-align: justify;\"><strong>Julia Scheib<\/strong> a ensuite pris le d\u00e9part, mais a commis une faute fatale et a \u00e9t\u00e9 contrainte \u00e0 l\u2019abandon. <strong>Camille Rast<\/strong>, loin d\u2019\u00eatre parfaite, a fr\u00f4l\u00e9 la sortie \u00e0 plusieurs reprises et s\u2019est finalement install\u00e9e en troisi\u00e8me position provisoire.<\/p>\n<p style=\"text-align: justify;\">Tout se jouait alors pour <strong>Sara Hector<\/strong>. Malgr\u00e9 quelques signes de fatigue et plusieurs erreurs, la Su\u00e9doise est parvenue \u00e0 g\u00e9rer son avance acquise lors de la premi\u00e8re manche pour s\u2019imposer.<\/p>\n<p style=\"text-align: justify;\"><strong>Sara Hector<\/strong> d\u00e9croche ainsi sa premi\u00e8re victoire de la saison, devant <strong>Paula Moltzan<\/strong> (+0.18) et <strong>Mikaela Shiffrin<\/strong> (+0.23), qui signe son premier podium en g\u00e9ant cet hiver. <strong>Doriane Escan\u00e9<\/strong> termine finalement 23\u00e8me.<\/p>\n<blockquote class=\"twitter-tweet\">\n<p dir=\"ltr\" lang=\"en\">SARA HECTOR \ud83c\uddf8\ud83c\uddea WINS THE GS IN SPINDLERUV MLYN \ud83c\udfc6\u2744\ufe0f<\/p>\n<p>8th World Cup win of her career! First victory of the season for the Swedish star \ud83e\udd29<\/p>\n<p>\ud83e\udd48 Paula Moltzan \ud83c\uddfa\ud83c\uddf8 (+0.18)<br \/>\n\ud83e\udd49 Mikaela Shiffrin \ud83c\uddfa\ud83c\uddf8 (+0.23)<a href=\"https:\/\/twitter.com\/hashtag\/FISAlpine?src=hash&amp;ref_src=twsrc%5Etfw\">#FISAlpine<\/a> <a href=\"https:\/\/twitter.com\/hashtag\/WorldCupSpindleruvMlyn?src=hash&amp;ref_src=twsrc%5Etfw\">#WorldCupSpindleruvMlyn<\/a> <a href=\"https:\/\/t.co\/9YzUxv42mo\">pic.twitter.com\/9YzUxv42mo<\/a><\/p>\n<p>\u2014 FIS Alpine (@fisalpine) <a href=\"https:\/\/twitter.com\/fisalpine\/status\/2015055874855706984?ref_src=twsrc%5Etfw\">January 24, 2026<\/a><\/p><\/blockquote>\n<p><script async src=\"https:\/\/platform.twitter.com\/widgets.js\" charset=\"utf-8\"><\/script><\/p>\n<ul>\n<li style=\"text-align: justify;\"><strong>\u00c0 ce sujet \u2014\u00a0<a href=\"https:\/\/dicodusport.fr\/blog\/ski-alpin-coupe-du-monde-classement-general-femmes-actualise\/\">Ski alpin Coupe du monde : Classement g\u00e9n\u00e9ral femmes actualis\u00e9<\/a><\/strong><\/li>\n<\/ul>\n<div id=\"gtx-trans\" style=\"position: absolute; left: -14px; top: 40.9091px;\">\n<div class=\"gtx-trans-icon\"><\/div>\n<\/div>\n","protected":false},"excerpt":{"rendered":"<p>Malgr\u00e9 quelques erreurs en seconde manche, la Su\u00e9doise Sara Hector a conserv\u00e9 suffisamment d&rsquo;avance pour remporter le g\u00e9ant de Spindleruv Mlyn (R\u00e9publique Tch\u00e8que) devant un duo am\u00e9ricain.\u00a0<\/p>\n","protected":false},"author":89,"featured_media":641165,"comment_status":"open","ping_status":"closed","sticky":false,"template":"","format":"standard","meta":{"_acf_changed":false,"_daextam_enable_autolinks":"1","footnotes":""},"categories":[47084],"tags":[32415,16878,12586,22450,2233],"class_list":["post-640705","post","type-post","status-publish","format-standard","has-post-thumbnail","hentry","category-coupe-du-monde-ski-alpin","tag-actu","tag-breve","tag-coupe-du-monde-de-ski-alpin","tag-geant-femmes","tag-ski-alpin"],"acf":[],"yoast_head":"<!-- This site is optimized with the Yoast SEO Premium plugin v26.7 (Yoast SEO v26.7) - https:\/\/yoast.com\/wordpress\/plugins\/seo\/ -->\n<title>Victoire su\u00e9doise \u00e0 Spindleruv Mlyn : Sara Hector s&#039;adjuge le g\u00e9ant<\/title>\n<meta name=\"description\" content=\"Malgr\u00e9 quelques erreurs en seconde manche, la Su\u00e9doise Sara Hector a conserv\u00e9 suffisamment d&#039;avance pour remporter le g\u00e9ant de Spindleruv Mlyn.\" \/>\n<meta name=\"robots\" content=\"index, follow, max-snippet:-1, max-image-preview:large, max-video-preview:-1\" \/>\n<link rel=\"canonical\" href=\"https:\/\/dicodusport.fr\/blog\/victoire-suedoise-a-spindleruv-mlyn-sara-hector-sadjuge-le-geant\/\" \/>\n<meta property=\"og:locale\" content=\"fr_FR\" \/>\n<meta property=\"og:type\" content=\"article\" \/>\n<meta property=\"og:title\" content=\"Victoire su\u00e9doise \u00e0 Spindleruv Mlyn : Sara Hector s&#039;adjuge le g\u00e9ant\" \/>\n<meta property=\"og:description\" content=\"Malgr\u00e9 quelques erreurs en seconde manche, la Su\u00e9doise Sara Hector a conserv\u00e9 suffisamment d&#039;avance pour remporter le g\u00e9ant de Spindleruv Mlyn.\" \/>\n<meta property=\"og:url\" content=\"https:\/\/dicodusport.fr\/blog\/victoire-suedoise-a-spindleruv-mlyn-sara-hector-sadjuge-le-geant\/\" \/>\n<meta property=\"og:site_name\" content=\"Dicodusport\" \/>\n<meta property=\"article:publisher\" content=\"https:\/\/www.facebook.com\/dicodusport\" \/>\n<meta property=\"article:published_time\" content=\"2026-01-24T13:30:02+00:00\" \/>\n<meta property=\"article:modified_time\" content=\"2026-01-24T16:24:44+00:00\" \/>\n<meta property=\"og:image\" content=\"https:\/\/dicodusport.fr\/blog\/wp-content\/uploads\/2026\/01\/Victoire-suedoise-a-Spindleruv-Mlyn-Sara-Hector-sadjuge-le-geant-1.png\" \/>\n\t<meta property=\"og:image:width\" content=\"1200\" \/>\n\t<meta property=\"og:image:height\" content=\"674\" \/>\n\t<meta property=\"og:image:type\" content=\"image\/png\" \/>\n<meta name=\"author\" content=\"Louka Lesueur\" \/>\n<meta name=\"twitter:card\" content=\"summary_large_image\" \/>\n<meta name=\"twitter:title\" content=\"Victoire su\u00e9doise \u00e0 Spindleruv Mlyn : Sara Hector s&#039;adjuge le g\u00e9ant\" \/>\n<meta name=\"twitter:creator\" content=\"@https:\/\/twitter.com\/LNewsSF\" \/>\n<meta name=\"twitter:site\" content=\"@dicodusport\" \/>\n<script type=\"application\/ld+json\" class=\"yoast-schema-graph\">{\"@context\":\"https:\/\/schema.org\",\"@graph\":[{\"@type\":\"NewsArticle\",\"@id\":\"https:\/\/dicodusport.fr\/blog\/victoire-suedoise-a-spindleruv-mlyn-sara-hector-sadjuge-le-geant\/#article\",\"isPartOf\":{\"@id\":\"https:\/\/dicodusport.fr\/blog\/victoire-suedoise-a-spindleruv-mlyn-sara-hector-sadjuge-le-geant\/\"},\"author\":{\"name\":\"Louka Lesueur\",\"@id\":\"https:\/\/dicodusport.fr\/blog\/#\/schema\/person\/54b6cdccebdfcd5a1036c594aecffc2a\"},\"headline\":\"Victoire su\u00e9doise \u00e0 Spindleruv Mlyn : Sara Hector s&rsquo;adjuge le g\u00e9ant\",\"datePublished\":\"2026-01-24T13:30:02+00:00\",\"dateModified\":\"2026-01-24T16:24:44+00:00\",\"mainEntityOfPage\":{\"@id\":\"https:\/\/dicodusport.fr\/blog\/victoire-suedoise-a-spindleruv-mlyn-sara-hector-sadjuge-le-geant\/\"},\"wordCount\":595,\"commentCount\":0,\"publisher\":{\"@id\":\"https:\/\/dicodusport.fr\/blog\/#organization\"},\"image\":{\"@id\":\"https:\/\/dicodusport.fr\/blog\/victoire-suedoise-a-spindleruv-mlyn-sara-hector-sadjuge-le-geant\/#primaryimage\"},\"thumbnailUrl\":\"https:\/\/dicodusport.fr\/blog\/wp-content\/uploads\/2026\/01\/Victoire-suedoise-a-Spindleruv-Mlyn-Sara-Hector-sadjuge-le-geant-1.png\",\"keywords\":[\"actu\",\"br\u00e8ve\",\"Coupe du monde de ski alpin\",\"G\u00e9ant femmes\",\"Ski alpin\"],\"articleSection\":[\"Coupe du monde de ski alpin\"],\"inLanguage\":\"fr-FR\",\"potentialAction\":[{\"@type\":\"CommentAction\",\"name\":\"Comment\",\"target\":[\"https:\/\/dicodusport.fr\/blog\/victoire-suedoise-a-spindleruv-mlyn-sara-hector-sadjuge-le-geant\/#respond\"]}],\"copyrightYear\":\"2026\",\"copyrightHolder\":{\"@id\":\"https:\/\/dicodusport.fr\/blog\/#organization\"}},{\"@type\":\"WebPage\",\"@id\":\"https:\/\/dicodusport.fr\/blog\/victoire-suedoise-a-spindleruv-mlyn-sara-hector-sadjuge-le-geant\/\",\"url\":\"https:\/\/dicodusport.fr\/blog\/victoire-suedoise-a-spindleruv-mlyn-sara-hector-sadjuge-le-geant\/\",\"name\":\"Victoire su\u00e9doise \u00e0 Spindleruv Mlyn : Sara Hector s'adjuge le g\u00e9ant\",\"isPartOf\":{\"@id\":\"https:\/\/dicodusport.fr\/blog\/#website\"},\"primaryImageOfPage\":{\"@id\":\"https:\/\/dicodusport.fr\/blog\/victoire-suedoise-a-spindleruv-mlyn-sara-hector-sadjuge-le-geant\/#primaryimage\"},\"image\":{\"@id\":\"https:\/\/dicodusport.fr\/blog\/victoire-suedoise-a-spindleruv-mlyn-sara-hector-sadjuge-le-geant\/#primaryimage\"},\"thumbnailUrl\":\"https:\/\/dicodusport.fr\/blog\/wp-content\/uploads\/2026\/01\/Victoire-suedoise-a-Spindleruv-Mlyn-Sara-Hector-sadjuge-le-geant-1.png\",\"datePublished\":\"2026-01-24T13:30:02+00:00\",\"dateModified\":\"2026-01-24T16:24:44+00:00\",\"description\":\"Malgr\u00e9 quelques erreurs en seconde manche, la Su\u00e9doise Sara Hector a conserv\u00e9 suffisamment d'avance pour remporter le g\u00e9ant de Spindleruv Mlyn.\",\"breadcrumb\":{\"@id\":\"https:\/\/dicodusport.fr\/blog\/victoire-suedoise-a-spindleruv-mlyn-sara-hector-sadjuge-le-geant\/#breadcrumb\"},\"inLanguage\":\"fr-FR\",\"potentialAction\":[{\"@type\":\"ReadAction\",\"target\":[\"https:\/\/dicodusport.fr\/blog\/victoire-suedoise-a-spindleruv-mlyn-sara-hector-sadjuge-le-geant\/\"]}]},{\"@type\":\"ImageObject\",\"inLanguage\":\"fr-FR\",\"@id\":\"https:\/\/dicodusport.fr\/blog\/victoire-suedoise-a-spindleruv-mlyn-sara-hector-sadjuge-le-geant\/#primaryimage\",\"url\":\"https:\/\/dicodusport.fr\/blog\/wp-content\/uploads\/2026\/01\/Victoire-suedoise-a-Spindleruv-Mlyn-Sara-Hector-sadjuge-le-geant-1.png\",\"contentUrl\":\"https:\/\/dicodusport.fr\/blog\/wp-content\/uploads\/2026\/01\/Victoire-suedoise-a-Spindleruv-Mlyn-Sara-Hector-sadjuge-le-geant-1.png\",\"width\":1200,\"height\":674,\"caption\":\"Victoire su\u00e9doise \u00e0 Spindleruv Mlyn Sara Hector s'adjuge le g\u00e9ant (1)\"},{\"@type\":\"BreadcrumbList\",\"@id\":\"https:\/\/dicodusport.fr\/blog\/victoire-suedoise-a-spindleruv-mlyn-sara-hector-sadjuge-le-geant\/#breadcrumb\",\"itemListElement\":[{\"@type\":\"ListItem\",\"position\":1,\"name\":\"Accueil\",\"item\":\"https:\/\/dicodusport.fr\/blog\/\"},{\"@type\":\"ListItem\",\"position\":2,\"name\":\"Victoire su\u00e9doise \u00e0 Spindleruv Mlyn : Sara Hector s&rsquo;adjuge le g\u00e9ant\"}]},{\"@type\":\"WebSite\",\"@id\":\"https:\/\/dicodusport.fr\/blog\/#website\",\"url\":\"https:\/\/dicodusport.fr\/blog\/\",\"name\":\"Dicodusport\",\"description\":\"L&#039;encyclop\u00e9die de l&#039;actualit\u00e9 sportive\",\"publisher\":{\"@id\":\"https:\/\/dicodusport.fr\/blog\/#organization\"},\"potentialAction\":[{\"@type\":\"SearchAction\",\"target\":{\"@type\":\"EntryPoint\",\"urlTemplate\":\"https:\/\/dicodusport.fr\/blog\/?s={search_term_string}\"},\"query-input\":{\"@type\":\"PropertyValueSpecification\",\"valueRequired\":true,\"valueName\":\"search_term_string\"}}],\"inLanguage\":\"fr-FR\"},{\"@type\":\"NewsMediaOrganization\",\"@id\":\"https:\/\/dicodusport.fr\/blog\/#organization\",\"name\":\"Dicodusport\",\"url\":\"https:\/\/dicodusport.fr\/blog\/\",\"logo\":{\"@type\":\"ImageObject\",\"inLanguage\":\"fr-FR\",\"@id\":\"https:\/\/dicodusport.fr\/blog\/#\/schema\/logo\/image\/\",\"url\":\"https:\/\/dicodusport.fr\/blog\/wp-content\/uploads\/2020\/06\/cropped-LOGO-DICODUSPORT-2020-SANS-FOND-SANS-TEXTE.png\",\"contentUrl\":\"https:\/\/dicodusport.fr\/blog\/wp-content\/uploads\/2020\/06\/cropped-LOGO-DICODUSPORT-2020-SANS-FOND-SANS-TEXTE.png\",\"width\":512,\"height\":512,\"caption\":\"Dicodusport\"},\"image\":{\"@id\":\"https:\/\/dicodusport.fr\/blog\/#\/schema\/logo\/image\/\"},\"sameAs\":[\"https:\/\/www.facebook.com\/dicodusport\",\"https:\/\/x.com\/dicodusport\",\"https:\/\/www.instagram.com\/dicodusport\/\",\"https:\/\/www.youtube.com\/channel\/UC7V2KZ5sd3htJivAbA4ZG3w\"],\"description\":\"Dicodusport est l'encyclop\u00e9die de l'actualit\u00e9 sportive.\",\"email\":\"bonjour@dicodusport.fr\",\"legalName\":\"DICODUSPORT\",\"foundingDate\":\"2018-01-14\",\"vatID\":\"FR71834470973\",\"taxID\":\"83447097300043\",\"numberOfEmployees\":{\"@type\":\"QuantitativeValue\",\"minValue\":\"1\",\"maxValue\":\"10\"}},{\"@type\":\"Person\",\"@id\":\"https:\/\/dicodusport.fr\/blog\/#\/schema\/person\/54b6cdccebdfcd5a1036c594aecffc2a\",\"name\":\"Louka Lesueur\",\"image\":{\"@type\":\"ImageObject\",\"inLanguage\":\"fr-FR\",\"@id\":\"https:\/\/dicodusport.fr\/blog\/#\/schema\/person\/image\/\",\"url\":\"https:\/\/dicodusport.fr\/blog\/wp-content\/uploads\/2023\/09\/IMG_2783-150x150.jpeg\",\"contentUrl\":\"https:\/\/dicodusport.fr\/blog\/wp-content\/uploads\/2023\/09\/IMG_2783-150x150.jpeg\",\"caption\":\"Louka Lesueur\"},\"description\":\"Passionn\u00e9 depuis tout petit par les exploits de Bolt, Fourcade, Riner, Lavillenie, Wilkinson, Hirscher. Les \u00e9motions provoqu\u00e9es par le sport ont berc\u00e9 mon enfance et continuent de le faire aujourd'hui. C'est ainsi qu'il m'est arriv\u00e9 de pleurer devant la d\u00e9faite des Bleus face aux Blacks en 2011, ou encore devant le titre olympique de Florent Manaudou \u00e0 Londres. Bien loin de ce milieu professionnel, j'ai os\u00e9 tenter ma chance pour rejoindre l'\u00e9quipe de r\u00e9daction de Dicodusport, et depuis septembre 2023, je tente de retransmettre au mieux les exploits des athl\u00e8tes, tous sports confondus. Grand chauvin, c'est bel et bien sur les sportifs tricolores que je pr\u00e9f\u00e8re \u00e9crire.\",\"sameAs\":[\"https:\/\/x.com\/https:\/\/twitter.com\/LNewsSF\"],\"gender\":\"Homme\",\"worksFor\":\"Louka LESUEUR\",\"url\":\"https:\/\/dicodusport.fr\/blog\/author\/louka-lesueur\/\"}]}<\/script>\n<!-- \/ Yoast SEO Premium plugin. -->","yoast_head_json":{"title":"Victoire su\u00e9doise \u00e0 Spindleruv Mlyn : Sara Hector s'adjuge le g\u00e9ant","description":"Malgr\u00e9 quelques erreurs en seconde manche, la Su\u00e9doise Sara Hector a conserv\u00e9 suffisamment d'avance pour remporter le g\u00e9ant de Spindleruv Mlyn.","robots":{"index":"index","follow":"follow","max-snippet":"max-snippet:-1","max-image-preview":"max-image-preview:large","max-video-preview":"max-video-preview:-1"},"canonical":"https:\/\/dicodusport.fr\/blog\/victoire-suedoise-a-spindleruv-mlyn-sara-hector-sadjuge-le-geant\/","og_locale":"fr_FR","og_type":"article","og_title":"Victoire su\u00e9doise \u00e0 Spindleruv Mlyn : Sara Hector s'adjuge le g\u00e9ant","og_description":"Malgr\u00e9 quelques erreurs en seconde manche, la Su\u00e9doise Sara Hector a conserv\u00e9 suffisamment d'avance pour remporter le g\u00e9ant de Spindleruv Mlyn.","og_url":"https:\/\/dicodusport.fr\/blog\/victoire-suedoise-a-spindleruv-mlyn-sara-hector-sadjuge-le-geant\/","og_site_name":"Dicodusport","article_publisher":"https:\/\/www.facebook.com\/dicodusport","article_published_time":"2026-01-24T13:30:02+00:00","article_modified_time":"2026-01-24T16:24:44+00:00","og_image":[{"width":1200,"height":674,"url":"https:\/\/dicodusport.fr\/blog\/wp-content\/uploads\/2026\/01\/Victoire-suedoise-a-Spindleruv-Mlyn-Sara-Hector-sadjuge-le-geant-1.png","type":"image\/png"}],"author":"Louka Lesueur","twitter_card":"summary_large_image","twitter_title":"Victoire su\u00e9doise \u00e0 Spindleruv Mlyn : Sara Hector s'adjuge le g\u00e9ant","twitter_creator":"@https:\/\/twitter.com\/LNewsSF","twitter_site":"@dicodusport","schema":{"@context":"https:\/\/schema.org","@graph":[{"@type":"NewsArticle","@id":"https:\/\/dicodusport.fr\/blog\/victoire-suedoise-a-spindleruv-mlyn-sara-hector-sadjuge-le-geant\/#article","isPartOf":{"@id":"https:\/\/dicodusport.fr\/blog\/victoire-suedoise-a-spindleruv-mlyn-sara-hector-sadjuge-le-geant\/"},"author":{"name":"Louka Lesueur","@id":"https:\/\/dicodusport.fr\/blog\/#\/schema\/person\/54b6cdccebdfcd5a1036c594aecffc2a"},"headline":"Victoire su\u00e9doise \u00e0 Spindleruv Mlyn : Sara Hector s&rsquo;adjuge le g\u00e9ant","datePublished":"2026-01-24T13:30:02+00:00","dateModified":"2026-01-24T16:24:44+00:00","mainEntityOfPage":{"@id":"https:\/\/dicodusport.fr\/blog\/victoire-suedoise-a-spindleruv-mlyn-sara-hector-sadjuge-le-geant\/"},"wordCount":595,"commentCount":0,"publisher":{"@id":"https:\/\/dicodusport.fr\/blog\/#organization"},"image":{"@id":"https:\/\/dicodusport.fr\/blog\/victoire-suedoise-a-spindleruv-mlyn-sara-hector-sadjuge-le-geant\/#primaryimage"},"thumbnailUrl":"https:\/\/dicodusport.fr\/blog\/wp-content\/uploads\/2026\/01\/Victoire-suedoise-a-Spindleruv-Mlyn-Sara-Hector-sadjuge-le-geant-1.png","keywords":["actu","br\u00e8ve","Coupe du monde de ski alpin","G\u00e9ant femmes","Ski alpin"],"articleSection":["Coupe du monde de ski alpin"],"inLanguage":"fr-FR","potentialAction":[{"@type":"CommentAction","name":"Comment","target":["https:\/\/dicodusport.fr\/blog\/victoire-suedoise-a-spindleruv-mlyn-sara-hector-sadjuge-le-geant\/#respond"]}],"copyrightYear":"2026","copyrightHolder":{"@id":"https:\/\/dicodusport.fr\/blog\/#organization"}},{"@type":"WebPage","@id":"https:\/\/dicodusport.fr\/blog\/victoire-suedoise-a-spindleruv-mlyn-sara-hector-sadjuge-le-geant\/","url":"https:\/\/dicodusport.fr\/blog\/victoire-suedoise-a-spindleruv-mlyn-sara-hector-sadjuge-le-geant\/","name":"Victoire su\u00e9doise \u00e0 Spindleruv Mlyn : Sara Hector s'adjuge le g\u00e9ant","isPartOf":{"@id":"https:\/\/dicodusport.fr\/blog\/#website"},"primaryImageOfPage":{"@id":"https:\/\/dicodusport.fr\/blog\/victoire-suedoise-a-spindleruv-mlyn-sara-hector-sadjuge-le-geant\/#primaryimage"},"image":{"@id":"https:\/\/dicodusport.fr\/blog\/victoire-suedoise-a-spindleruv-mlyn-sara-hector-sadjuge-le-geant\/#primaryimage"},"thumbnailUrl":"https:\/\/dicodusport.fr\/blog\/wp-content\/uploads\/2026\/01\/Victoire-suedoise-a-Spindleruv-Mlyn-Sara-Hector-sadjuge-le-geant-1.png","datePublished":"2026-01-24T13:30:02+00:00","dateModified":"2026-01-24T16:24:44+00:00","description":"Malgr\u00e9 quelques erreurs en seconde manche, la Su\u00e9doise Sara Hector a conserv\u00e9 suffisamment d'avance pour remporter le g\u00e9ant de Spindleruv Mlyn.","breadcrumb":{"@id":"https:\/\/dicodusport.fr\/blog\/victoire-suedoise-a-spindleruv-mlyn-sara-hector-sadjuge-le-geant\/#breadcrumb"},"inLanguage":"fr-FR","potentialAction":[{"@type":"ReadAction","target":["https:\/\/dicodusport.fr\/blog\/victoire-suedoise-a-spindleruv-mlyn-sara-hector-sadjuge-le-geant\/"]}]},{"@type":"ImageObject","inLanguage":"fr-FR","@id":"https:\/\/dicodusport.fr\/blog\/victoire-suedoise-a-spindleruv-mlyn-sara-hector-sadjuge-le-geant\/#primaryimage","url":"https:\/\/dicodusport.fr\/blog\/wp-content\/uploads\/2026\/01\/Victoire-suedoise-a-Spindleruv-Mlyn-Sara-Hector-sadjuge-le-geant-1.png","contentUrl":"https:\/\/dicodusport.fr\/blog\/wp-content\/uploads\/2026\/01\/Victoire-suedoise-a-Spindleruv-Mlyn-Sara-Hector-sadjuge-le-geant-1.png","width":1200,"height":674,"caption":"Victoire su\u00e9doise \u00e0 Spindleruv Mlyn Sara Hector s'adjuge le g\u00e9ant (1)"},{"@type":"BreadcrumbList","@id":"https:\/\/dicodusport.fr\/blog\/victoire-suedoise-a-spindleruv-mlyn-sara-hector-sadjuge-le-geant\/#breadcrumb","itemListElement":[{"@type":"ListItem","position":1,"name":"Accueil","item":"https:\/\/dicodusport.fr\/blog\/"},{"@type":"ListItem","position":2,"name":"Victoire su\u00e9doise \u00e0 Spindleruv Mlyn : Sara Hector s&rsquo;adjuge le g\u00e9ant"}]},{"@type":"WebSite","@id":"https:\/\/dicodusport.fr\/blog\/#website","url":"https:\/\/dicodusport.fr\/blog\/","name":"Dicodusport","description":"L&#039;encyclop\u00e9die de l&#039;actualit\u00e9 sportive","publisher":{"@id":"https:\/\/dicodusport.fr\/blog\/#organization"},"potentialAction":[{"@type":"SearchAction","target":{"@type":"EntryPoint","urlTemplate":"https:\/\/dicodusport.fr\/blog\/?s={search_term_string}"},"query-input":{"@type":"PropertyValueSpecification","valueRequired":true,"valueName":"search_term_string"}}],"inLanguage":"fr-FR"},{"@type":"NewsMediaOrganization","@id":"https:\/\/dicodusport.fr\/blog\/#organization","name":"Dicodusport","url":"https:\/\/dicodusport.fr\/blog\/","logo":{"@type":"ImageObject","inLanguage":"fr-FR","@id":"https:\/\/dicodusport.fr\/blog\/#\/schema\/logo\/image\/","url":"https:\/\/dicodusport.fr\/blog\/wp-content\/uploads\/2020\/06\/cropped-LOGO-DICODUSPORT-2020-SANS-FOND-SANS-TEXTE.png","contentUrl":"https:\/\/dicodusport.fr\/blog\/wp-content\/uploads\/2020\/06\/cropped-LOGO-DICODUSPORT-2020-SANS-FOND-SANS-TEXTE.png","width":512,"height":512,"caption":"Dicodusport"},"image":{"@id":"https:\/\/dicodusport.fr\/blog\/#\/schema\/logo\/image\/"},"sameAs":["https:\/\/www.facebook.com\/dicodusport","https:\/\/x.com\/dicodusport","https:\/\/www.instagram.com\/dicodusport\/","https:\/\/www.youtube.com\/channel\/UC7V2KZ5sd3htJivAbA4ZG3w"],"description":"Dicodusport est l'encyclop\u00e9die de l'actualit\u00e9 sportive.","email":"bonjour@dicodusport.fr","legalName":"DICODUSPORT","foundingDate":"2018-01-14","vatID":"FR71834470973","taxID":"83447097300043","numberOfEmployees":{"@type":"QuantitativeValue","minValue":"1","maxValue":"10"}},{"@type":"Person","@id":"https:\/\/dicodusport.fr\/blog\/#\/schema\/person\/54b6cdccebdfcd5a1036c594aecffc2a","name":"Louka Lesueur","image":{"@type":"ImageObject","inLanguage":"fr-FR","@id":"https:\/\/dicodusport.fr\/blog\/#\/schema\/person\/image\/","url":"https:\/\/dicodusport.fr\/blog\/wp-content\/uploads\/2023\/09\/IMG_2783-150x150.jpeg","contentUrl":"https:\/\/dicodusport.fr\/blog\/wp-content\/uploads\/2023\/09\/IMG_2783-150x150.jpeg","caption":"Louka Lesueur"},"description":"Passionn\u00e9 depuis tout petit par les exploits de Bolt, Fourcade, Riner, Lavillenie, Wilkinson, Hirscher. Les \u00e9motions provoqu\u00e9es par le sport ont berc\u00e9 mon enfance et continuent de le faire aujourd'hui. C'est ainsi qu'il m'est arriv\u00e9 de pleurer devant la d\u00e9faite des Bleus face aux Blacks en 2011, ou encore devant le titre olympique de Florent Manaudou \u00e0 Londres. Bien loin de ce milieu professionnel, j'ai os\u00e9 tenter ma chance pour rejoindre l'\u00e9quipe de r\u00e9daction de Dicodusport, et depuis septembre 2023, je tente de retransmettre au mieux les exploits des athl\u00e8tes, tous sports confondus. Grand chauvin, c'est bel et bien sur les sportifs tricolores que je pr\u00e9f\u00e8re \u00e9crire.","sameAs":["https:\/\/x.com\/https:\/\/twitter.com\/LNewsSF"],"gender":"Homme","worksFor":"Louka LESUEUR","url":"https:\/\/dicodusport.fr\/blog\/author\/louka-lesueur\/"}]}},"_links":{"self":[{"href":"https:\/\/dicodusport.fr\/blog\/wp-json\/wp\/v2\/posts\/640705","targetHints":{"allow":["GET"]}}],"collection":[{"href":"https:\/\/dicodusport.fr\/blog\/wp-json\/wp\/v2\/posts"}],"about":[{"href":"https:\/\/dicodusport.fr\/blog\/wp-json\/wp\/v2\/types\/post"}],"author":[{"embeddable":true,"href":"https:\/\/dicodusport.fr\/blog\/wp-json\/wp\/v2\/users\/89"}],"replies":[{"embeddable":true,"href":"https:\/\/dicodusport.fr\/blog\/wp-json\/wp\/v2\/comments?post=640705"}],"version-history":[{"count":5,"href":"https:\/\/dicodusport.fr\/blog\/wp-json\/wp\/v2\/posts\/640705\/revisions"}],"predecessor-version":[{"id":641045,"href":"https:\/\/dicodusport.fr\/blog\/wp-json\/wp\/v2\/posts\/640705\/revisions\/641045"}],"wp:featuredmedia":[{"embeddable":true,"href":"https:\/\/dicodusport.fr\/blog\/wp-json\/wp\/v2\/media\/641165"}],"wp:attachment":[{"href":"https:\/\/dicodusport.fr\/blog\/wp-json\/wp\/v2\/media?parent=640705"}],"wp:term":[{"taxonomy":"category","embeddable":true,"href":"https:\/\/dicodusport.fr\/blog\/wp-json\/wp\/v2\/categories?post=640705"},{"taxonomy":"post_tag","embeddable":true,"href":"https:\/\/dicodusport.fr\/blog\/wp-json\/wp\/v2\/tags?post=640705"}],"curies":[{"name":"wp","href":"https:\/\/api.w.org\/{rel}","templated":true}]}}