{"id":6408,"date":"2017-11-06T18:00:04","date_gmt":"2017-11-06T17:00:04","guid":{"rendered":"http:\/\/dicodusport.fr\/blog\/?p=6408"},"modified":"2017-11-14T18:00:09","modified_gmt":"2017-11-14T17:00:09","slug":"fabrice-metz-concurrence-saine-avancer","status":"publish","type":"post","link":"https:\/\/dicodusport.fr\/blog\/fabrice-metz-concurrence-saine-avancer\/","title":{"rendered":"Fabrice Metz, une concurrence saine pour avancer"},"content":{"rendered":"<p style=\"text-align: justify;\"><em><strong>Nous avons rencontr\u00e9 Fabrice Metz, deuxi\u00e8me ligne de la Section Paloise, qui retrouve ses sensations sur le terrain apr\u00e8s une op\u00e9ration au coude.\u00a0<\/strong><\/em><\/p>\n<h5 style=\"text-align: justify;\">Fabrice, peux-tu te pr\u00e9senter en quelques mots\u00a0?<\/h5>\n<p style=\"text-align: justify;\">Je suis n\u00e9 \u00e0 Strasbourg, alsacien d\u2019origine et tr\u00e8s fier de l\u2019\u00eatre. Je suis quelqu\u2019un qui travaille pour atteindre mes objectifs. Je vais au bout des choses avec le plus de s\u00e9rieux possible.<\/p>\n<h5 style=\"text-align: justify;\">Tu as \u00e9t\u00e9 form\u00e9 en Alsace qui n\u2019est pourtant pas connue pour \u00eatre une terre de rugby, comment as-tu mis le pied \u00e0 l\u2019\u00e9trier\u00a0?<\/h5>\n<p style=\"text-align: justify;\">Je voulais faire du foot mais il fallait avoir 6 ans et je n\u2019en avais que 5 et demi. Mon fr\u00e8re faisait du rugby au club de Mutzig Ovalie Molsheim et je l\u2019ai donc rejoint suite \u00e0 la proposition d\u2019un des entra\u00eeneurs. J\u2019ai jou\u00e9 plusieurs ann\u00e9es dans ce club.<br \/>\nEnsuite j\u2019ai jou\u00e9 \u00e0 15 ans avec l\u2019\u00e9quipe d\u2019Alsace puis \u00e0 17 ans j\u2019ai \u00e9t\u00e9 contact\u00e9 par le Racing pour rejoindre le centre de formation. J\u2019ai pris le temps de r\u00e9fl\u00e9chir et de visiter les installations avant d\u2019accepter, je voulais pouvoir continuer mes \u00e9tudes d\u00e9but\u00e9es en Alsace.<\/p>\n<h5 style=\"text-align: justify;\">Tu as fait un long passage au Racing pour finir ta formation et commencer ta carri\u00e8re pro, que retiens-tu de ces ann\u00e9es\u00a0?<\/h5>\n<p style=\"text-align: justify;\">Pour moi le Racing c\u2019est de tr\u00e8s belles ann\u00e9es et j\u2019ai de tr\u00e8s bons souvenirs l\u00e0-bas. C\u2019est gr\u00e2ce au Racing si je suis joueur professionnel aujourd\u2019hui. J\u2019ai quitt\u00e9 le club, je trace ma route mais je n\u2019oublierai jamais ces ann\u00e9es.<\/p>\n<h5 style=\"text-align: justify;\">Passer de Paris \u00e0 Pau avec un arr\u00eat \u00e0 Oyonnax, n\u2019est-ce pas trop d\u00e9paysant\u00a0?<\/h5>\n<p style=\"text-align: justify;\">J\u2019ai v\u00e9cu longtemps dans un petit village en Alsace \u00e0 25 kilom\u00e8tres de Strasbourg donc j\u2019ai grandi \u00e0 la campagne, j\u2019ai connu la vie francilienne ensuite avant de repartir \u00e0 Oyonnax puis Pau. Ce n\u2019est pas quelque chose qui me d\u00e9range, au contraire je trouve enrichissant de pouvoir d\u00e9couvrir les r\u00e9gions et leurs patrimoines touristiques et culinaires.<\/p>\n<h5 style=\"text-align: justify;\">Comment juges-tu le d\u00e9but de saison de la section Paloise\u00a0? Et \u00e0 titre personnel\u00a0?<\/h5>\n<p style=\"text-align: justify;\">Collectivement je dirai que c\u2019est un peu mitig\u00e9 car nous avons d\u00e9j\u00e0 perdu 2 matchs \u00e0 la maison. C\u2019est dommage car nous avons aussi gagn\u00e9 2 fois \u00e0 l\u2019ext\u00e9rieur et si nous avions assur\u00e9s \u00e0 la maison nous serions bien mieux dans le classement. En Challenge Europ\u00e9en nous avons gagn\u00e9 nos deux matchs, ce qui est une bonne chose. A titre personnel, j\u2019ai eu un peu de mal en d\u00e9but de saison \u00e0 cause de mon op\u00e9ration au coude mais maintenant cela va mieux et j\u2019ai retrouv\u00e9 mon niveau de l\u2019ann\u00e9e derni\u00e8re. J\u2019enchaine les matchs et physiquement je me sens bien.<\/p>\n<h5 style=\"text-align: justify;\">Il y a une grosse concurrence au poste de deuxi\u00e8me ligne \u00e0 Pau, comment g\u00e8res-tu cet aspect\u00a0?<\/h5>\n<p style=\"text-align: justify;\">La concurrence n\u2019est pas faite pour se tirer dans les pattes, elle est saine entre les deuxi\u00e8mes lignes. Elle nous oblige \u00e0 nous remettre en question et elle nous tire vers le haut.<\/p>\n<h5 style=\"text-align: justify;\">Quels doivent \u00eatre les objectifs de l\u2019\u00e9quipe pour la suite de la saison\u00a0?<\/h5>\n<p style=\"text-align: justify;\">Nous devons essayer de progresser \u00e0 chaque match en se servant des erreurs des matchs pr\u00e9c\u00e9dents. Et nous ferons les comptes \u00e0 la fin du championnat.<\/p>\n<h5 style=\"text-align: justify;\">Quels sont les aspects de ton jeu que tu penses devoir am\u00e9liorer en priorit\u00e9\u00a0?<\/h5>\n<p style=\"text-align: justify;\">Je pense que l\u2019on peut toujours s\u2019am\u00e9liorer sur tous les aspects du jeu. Mais je sais que je dois essayer de plus me proposer sur les phases offensives pour participer davantage au jeu. Je suis d\u2019avantage reconnu pour mon travail d\u00e9fensif, le travail de l\u2019ombre.<\/p>\n<h5 style=\"text-align: justify;\">Tu as gout\u00e9 quelques minutes au XV de France, c\u2019est un objectif pour toi d\u2019y retourner rapidement\u00a0?<\/h5>\n<p style=\"text-align: justify;\">J\u2019essaye d\u2019\u00eatre performant en club pour avoir la chance d\u2019y retourner un jour. Quand on y a gout\u00e9 une fois, on a envie d\u2019y retourner.<\/p>\n<h5 style=\"text-align: justify;\">Si tu pouvais passer 30 minutes avec le sportif de ton choix, qui choisirais-tu ?<\/h5>\n<p style=\"text-align: justify;\">Je ne me suis jamais pos\u00e9 la question, je ne sais pas. Apr\u00e8s \u00e0 Pau j\u2019ai la chance de pouvoir c\u00f4toyer un mec comme Julien Pierre qui a une tr\u00e8s belle carri\u00e8re et beaucoup d\u2019exp\u00e9riences. Je sais la chance que j\u2019ai de le c\u00f4toyer au quotidien.<\/p>\n<p style=\"text-align: justify;\"><em><strong>Nicolas Jacquemard<\/strong><br \/>\n<\/em><a style=\"color: #000000;\" href=\"https:\/\/twitter.com\/Nico_Jacquemard\" target=\"_blank\" rel=\"noopener noreferrer\"><img loading=\"lazy\" decoding=\"async\" class=\"alignnone wp-image-2908\" src=\"http:\/\/dicodusport.fr\/blog\/wp-content\/uploads\/2017\/07\/logo-twitter-150x150.png\" alt=\"\" width=\"39\" height=\"39\" \/><\/a><a style=\"color: #000000;\" href=\"https:\/\/www.facebook.com\/dicodusport\/\" target=\"_blank\" rel=\"noopener noreferrer\"><img loading=\"lazy\" decoding=\"async\" class=\"alignnone wp-image-2909\" src=\"http:\/\/dicodusport.fr\/blog\/wp-content\/uploads\/2017\/07\/logo-facebook-150x150.png\" alt=\"\" width=\"40\" height=\"40\" \/><\/a><\/p>\n","protected":false},"excerpt":{"rendered":"<p>Nous avons rencontr\u00e9 Fabrice Metz, deuxi\u00e8me ligne de la Section Paloise, qui retrouve ses sensations sur le terrain apr\u00e8s une op\u00e9ration au coude.\u00a0 Fabrice, peux-tu te pr\u00e9senter en quelques mots\u00a0? Je suis n\u00e9 \u00e0 Strasbourg, alsacien d\u2019origine et tr\u00e8s fier de l\u2019\u00eatre. Je suis quelqu\u2019un qui travaille pour atteindre mes objectifs. Je vais au bout [&hellip;]<\/p>\n","protected":false},"author":1,"featured_media":6409,"comment_status":"open","ping_status":"closed","sticky":false,"template":"","format":"standard","meta":{"_acf_changed":false,"_daextam_enable_autolinks":"","footnotes":""},"categories":[4],"tags":[1089,1746,1093,13,1092],"class_list":["post-6408","post","type-post","status-publish","format-standard","has-post-thumbnail","hentry","category-portraits","tag-julien-pierre","tag-metz","tag-pau","tag-rugby","tag-section-paloise"],"acf":[],"yoast_head":"<!-- This site is optimized with the Yoast SEO Premium plugin v26.7 (Yoast SEO v26.7) - https:\/\/yoast.com\/wordpress\/plugins\/seo\/ -->\n<title>Fabrice Metz, une concurrence saine pour avancer<\/title>\n<meta name=\"description\" content=\"Nous avons rencontr\u00e9 Fabrice Metz, deuxi\u00e8me ligne de la Section Paloise, qui retrouve ses sensations sur le terrain apr\u00e8s une op\u00e9ration au coude.\" \/>\n<meta name=\"robots\" content=\"index, follow, max-snippet:-1, max-image-preview:large, max-video-preview:-1\" \/>\n<link rel=\"canonical\" href=\"https:\/\/dicodusport.fr\/blog\/fabrice-metz-concurrence-saine-avancer\/\" \/>\n<meta property=\"og:locale\" content=\"fr_FR\" \/>\n<meta property=\"og:type\" content=\"article\" \/>\n<meta property=\"og:title\" content=\"Fabrice Metz, une concurrence saine pour avancer\" \/>\n<meta property=\"og:description\" content=\"Nous avons rencontr\u00e9 Fabrice Metz, deuxi\u00e8me ligne de la Section Paloise, qui retrouve ses sensations sur le terrain apr\u00e8s une op\u00e9ration au coude.\" \/>\n<meta property=\"og:url\" content=\"https:\/\/dicodusport.fr\/blog\/fabrice-metz-concurrence-saine-avancer\/\" \/>\n<meta property=\"og:site_name\" content=\"Dicodusport\" \/>\n<meta property=\"article:publisher\" content=\"https:\/\/www.facebook.com\/dicodusport\" \/>\n<meta property=\"article:author\" content=\"https:\/\/www.facebook.com\/dicodusport\" \/>\n<meta property=\"article:published_time\" content=\"2017-11-06T17:00:04+00:00\" \/>\n<meta property=\"article:modified_time\" content=\"2017-11-14T17:00:09+00:00\" \/>\n<meta property=\"og:image\" content=\"https:\/\/dicodusport.fr\/blog\/wp-content\/uploads\/2017\/11\/Fabrice-Metz.png\" \/>\n\t<meta property=\"og:image:width\" content=\"1200\" \/>\n\t<meta property=\"og:image:height\" content=\"670\" \/>\n\t<meta property=\"og:image:type\" content=\"image\/png\" \/>\n<meta name=\"author\" content=\"Nicolas Jacquemard\" \/>\n<meta name=\"twitter:card\" content=\"summary_large_image\" \/>\n<meta name=\"twitter:creator\" content=\"@https:\/\/twitter.com\/Nico_Jacquemard\" \/>\n<meta name=\"twitter:site\" content=\"@dicodusport\" \/>\n<script type=\"application\/ld+json\" class=\"yoast-schema-graph\">{\"@context\":\"https:\/\/schema.org\",\"@graph\":[{\"@type\":\"NewsArticle\",\"@id\":\"https:\/\/dicodusport.fr\/blog\/fabrice-metz-concurrence-saine-avancer\/#article\",\"isPartOf\":{\"@id\":\"https:\/\/dicodusport.fr\/blog\/fabrice-metz-concurrence-saine-avancer\/\"},\"author\":{\"name\":\"Nicolas Jacquemard\",\"@id\":\"https:\/\/dicodusport.fr\/blog\/#\/schema\/person\/55dcb50ad410894e431ed812bbb70191\"},\"headline\":\"Fabrice Metz, une concurrence saine pour avancer\",\"datePublished\":\"2017-11-06T17:00:04+00:00\",\"dateModified\":\"2017-11-14T17:00:09+00:00\",\"mainEntityOfPage\":{\"@id\":\"https:\/\/dicodusport.fr\/blog\/fabrice-metz-concurrence-saine-avancer\/\"},\"wordCount\":761,\"commentCount\":0,\"publisher\":{\"@id\":\"https:\/\/dicodusport.fr\/blog\/#organization\"},\"image\":{\"@id\":\"https:\/\/dicodusport.fr\/blog\/fabrice-metz-concurrence-saine-avancer\/#primaryimage\"},\"thumbnailUrl\":\"https:\/\/dicodusport.fr\/blog\/wp-content\/uploads\/2017\/11\/Fabrice-Metz.png\",\"keywords\":[\"Julien Pierre\",\"Metz\",\"pau\",\"Rugby\",\"section paloise\"],\"articleSection\":[\"Portraits\"],\"inLanguage\":\"fr-FR\",\"potentialAction\":[{\"@type\":\"CommentAction\",\"name\":\"Comment\",\"target\":[\"https:\/\/dicodusport.fr\/blog\/fabrice-metz-concurrence-saine-avancer\/#respond\"]}],\"copyrightYear\":\"2017\",\"copyrightHolder\":{\"@id\":\"https:\/\/dicodusport.fr\/blog\/#organization\"}},{\"@type\":\"WebPage\",\"@id\":\"https:\/\/dicodusport.fr\/blog\/fabrice-metz-concurrence-saine-avancer\/\",\"url\":\"https:\/\/dicodusport.fr\/blog\/fabrice-metz-concurrence-saine-avancer\/\",\"name\":\"Fabrice Metz, une concurrence saine pour avancer\",\"isPartOf\":{\"@id\":\"https:\/\/dicodusport.fr\/blog\/#website\"},\"primaryImageOfPage\":{\"@id\":\"https:\/\/dicodusport.fr\/blog\/fabrice-metz-concurrence-saine-avancer\/#primaryimage\"},\"image\":{\"@id\":\"https:\/\/dicodusport.fr\/blog\/fabrice-metz-concurrence-saine-avancer\/#primaryimage\"},\"thumbnailUrl\":\"https:\/\/dicodusport.fr\/blog\/wp-content\/uploads\/2017\/11\/Fabrice-Metz.png\",\"datePublished\":\"2017-11-06T17:00:04+00:00\",\"dateModified\":\"2017-11-14T17:00:09+00:00\",\"description\":\"Nous avons rencontr\u00e9 Fabrice Metz, deuxi\u00e8me ligne de la Section Paloise, qui retrouve ses sensations sur le terrain apr\u00e8s une op\u00e9ration au coude.\",\"breadcrumb\":{\"@id\":\"https:\/\/dicodusport.fr\/blog\/fabrice-metz-concurrence-saine-avancer\/#breadcrumb\"},\"inLanguage\":\"fr-FR\",\"potentialAction\":[{\"@type\":\"ReadAction\",\"target\":[\"https:\/\/dicodusport.fr\/blog\/fabrice-metz-concurrence-saine-avancer\/\"]}]},{\"@type\":\"ImageObject\",\"inLanguage\":\"fr-FR\",\"@id\":\"https:\/\/dicodusport.fr\/blog\/fabrice-metz-concurrence-saine-avancer\/#primaryimage\",\"url\":\"https:\/\/dicodusport.fr\/blog\/wp-content\/uploads\/2017\/11\/Fabrice-Metz.png\",\"contentUrl\":\"https:\/\/dicodusport.fr\/blog\/wp-content\/uploads\/2017\/11\/Fabrice-Metz.png\",\"width\":1200,\"height\":670,\"caption\":\"Fabrice Metz\"},{\"@type\":\"BreadcrumbList\",\"@id\":\"https:\/\/dicodusport.fr\/blog\/fabrice-metz-concurrence-saine-avancer\/#breadcrumb\",\"itemListElement\":[{\"@type\":\"ListItem\",\"position\":1,\"name\":\"Accueil\",\"item\":\"https:\/\/dicodusport.fr\/blog\/\"},{\"@type\":\"ListItem\",\"position\":2,\"name\":\"Fabrice Metz, une concurrence saine pour avancer\"}]},{\"@type\":\"WebSite\",\"@id\":\"https:\/\/dicodusport.fr\/blog\/#website\",\"url\":\"https:\/\/dicodusport.fr\/blog\/\",\"name\":\"Dicodusport\",\"description\":\"L&#039;encyclop\u00e9die de l&#039;actualit\u00e9 sportive\",\"publisher\":{\"@id\":\"https:\/\/dicodusport.fr\/blog\/#organization\"},\"potentialAction\":[{\"@type\":\"SearchAction\",\"target\":{\"@type\":\"EntryPoint\",\"urlTemplate\":\"https:\/\/dicodusport.fr\/blog\/?s={search_term_string}\"},\"query-input\":{\"@type\":\"PropertyValueSpecification\",\"valueRequired\":true,\"valueName\":\"search_term_string\"}}],\"inLanguage\":\"fr-FR\"},{\"@type\":\"NewsMediaOrganization\",\"@id\":\"https:\/\/dicodusport.fr\/blog\/#organization\",\"name\":\"Dicodusport\",\"url\":\"https:\/\/dicodusport.fr\/blog\/\",\"logo\":{\"@type\":\"ImageObject\",\"inLanguage\":\"fr-FR\",\"@id\":\"https:\/\/dicodusport.fr\/blog\/#\/schema\/logo\/image\/\",\"url\":\"https:\/\/dicodusport.fr\/blog\/wp-content\/uploads\/2020\/06\/cropped-LOGO-DICODUSPORT-2020-SANS-FOND-SANS-TEXTE.png\",\"contentUrl\":\"https:\/\/dicodusport.fr\/blog\/wp-content\/uploads\/2020\/06\/cropped-LOGO-DICODUSPORT-2020-SANS-FOND-SANS-TEXTE.png\",\"width\":512,\"height\":512,\"caption\":\"Dicodusport\"},\"image\":{\"@id\":\"https:\/\/dicodusport.fr\/blog\/#\/schema\/logo\/image\/\"},\"sameAs\":[\"https:\/\/www.facebook.com\/dicodusport\",\"https:\/\/x.com\/dicodusport\",\"https:\/\/www.instagram.com\/dicodusport\/\",\"https:\/\/www.youtube.com\/channel\/UC7V2KZ5sd3htJivAbA4ZG3w\"],\"description\":\"Dicodusport est l'encyclop\u00e9die de l'actualit\u00e9 sportive.\",\"email\":\"bonjour@dicodusport.fr\",\"legalName\":\"DICODUSPORT\",\"foundingDate\":\"2018-01-14\",\"vatID\":\"FR71834470973\",\"taxID\":\"83447097300043\",\"numberOfEmployees\":{\"@type\":\"QuantitativeValue\",\"minValue\":\"1\",\"maxValue\":\"10\"}},{\"@type\":\"Person\",\"@id\":\"https:\/\/dicodusport.fr\/blog\/#\/schema\/person\/55dcb50ad410894e431ed812bbb70191\",\"name\":\"Nicolas Jacquemard\",\"image\":{\"@type\":\"ImageObject\",\"inLanguage\":\"fr-FR\",\"@id\":\"https:\/\/dicodusport.fr\/blog\/#\/schema\/person\/image\/\",\"url\":\"https:\/\/dicodusport.fr\/blog\/wp-content\/uploads\/2021\/05\/Nicolas-Jacquemard-150x150.jpeg\",\"contentUrl\":\"https:\/\/dicodusport.fr\/blog\/wp-content\/uploads\/2021\/05\/Nicolas-Jacquemard-150x150.jpeg\",\"caption\":\"Nicolas Jacquemard\"},\"description\":\"Passionn\u00e9 de sport et entrepreneur depuis mes 18 ans, la cr\u00e9ation de Dicodusport m'a sembl\u00e9 \u00e9vidente pour participer \u00e0 la m\u00e9diatisation d'un plus grand nombre de sports. Le chemin est long mais avec une \u00e9quipe des plus motiv\u00e9es et les Jeux Olympiques de Paris 2024 en point de mire, nous y arriverons ! Journaliste dans le monde du sport depuis plus de 5 ans, je traite aussi bien de football, de rugby, de biathlon que de cyclisme.\",\"sameAs\":[\"https:\/\/www.facebook.com\/dicodusport\",\"https:\/\/x.com\/https:\/\/twitter.com\/Nico_Jacquemard\"],\"url\":\"https:\/\/dicodusport.fr\/blog\/author\/dicodusport\/\"}]}<\/script>\n<!-- \/ Yoast SEO Premium plugin. -->","yoast_head_json":{"title":"Fabrice Metz, une concurrence saine pour avancer","description":"Nous avons rencontr\u00e9 Fabrice Metz, deuxi\u00e8me ligne de la Section Paloise, qui retrouve ses sensations sur le terrain apr\u00e8s une op\u00e9ration au coude.","robots":{"index":"index","follow":"follow","max-snippet":"max-snippet:-1","max-image-preview":"max-image-preview:large","max-video-preview":"max-video-preview:-1"},"canonical":"https:\/\/dicodusport.fr\/blog\/fabrice-metz-concurrence-saine-avancer\/","og_locale":"fr_FR","og_type":"article","og_title":"Fabrice Metz, une concurrence saine pour avancer","og_description":"Nous avons rencontr\u00e9 Fabrice Metz, deuxi\u00e8me ligne de la Section Paloise, qui retrouve ses sensations sur le terrain apr\u00e8s une op\u00e9ration au coude.","og_url":"https:\/\/dicodusport.fr\/blog\/fabrice-metz-concurrence-saine-avancer\/","og_site_name":"Dicodusport","article_publisher":"https:\/\/www.facebook.com\/dicodusport","article_author":"https:\/\/www.facebook.com\/dicodusport","article_published_time":"2017-11-06T17:00:04+00:00","article_modified_time":"2017-11-14T17:00:09+00:00","og_image":[{"width":1200,"height":670,"url":"https:\/\/dicodusport.fr\/blog\/wp-content\/uploads\/2017\/11\/Fabrice-Metz.png","type":"image\/png"}],"author":"Nicolas Jacquemard","twitter_card":"summary_large_image","twitter_creator":"@https:\/\/twitter.com\/Nico_Jacquemard","twitter_site":"@dicodusport","schema":{"@context":"https:\/\/schema.org","@graph":[{"@type":"NewsArticle","@id":"https:\/\/dicodusport.fr\/blog\/fabrice-metz-concurrence-saine-avancer\/#article","isPartOf":{"@id":"https:\/\/dicodusport.fr\/blog\/fabrice-metz-concurrence-saine-avancer\/"},"author":{"name":"Nicolas Jacquemard","@id":"https:\/\/dicodusport.fr\/blog\/#\/schema\/person\/55dcb50ad410894e431ed812bbb70191"},"headline":"Fabrice Metz, une concurrence saine pour avancer","datePublished":"2017-11-06T17:00:04+00:00","dateModified":"2017-11-14T17:00:09+00:00","mainEntityOfPage":{"@id":"https:\/\/dicodusport.fr\/blog\/fabrice-metz-concurrence-saine-avancer\/"},"wordCount":761,"commentCount":0,"publisher":{"@id":"https:\/\/dicodusport.fr\/blog\/#organization"},"image":{"@id":"https:\/\/dicodusport.fr\/blog\/fabrice-metz-concurrence-saine-avancer\/#primaryimage"},"thumbnailUrl":"https:\/\/dicodusport.fr\/blog\/wp-content\/uploads\/2017\/11\/Fabrice-Metz.png","keywords":["Julien Pierre","Metz","pau","Rugby","section paloise"],"articleSection":["Portraits"],"inLanguage":"fr-FR","potentialAction":[{"@type":"CommentAction","name":"Comment","target":["https:\/\/dicodusport.fr\/blog\/fabrice-metz-concurrence-saine-avancer\/#respond"]}],"copyrightYear":"2017","copyrightHolder":{"@id":"https:\/\/dicodusport.fr\/blog\/#organization"}},{"@type":"WebPage","@id":"https:\/\/dicodusport.fr\/blog\/fabrice-metz-concurrence-saine-avancer\/","url":"https:\/\/dicodusport.fr\/blog\/fabrice-metz-concurrence-saine-avancer\/","name":"Fabrice Metz, une concurrence saine pour avancer","isPartOf":{"@id":"https:\/\/dicodusport.fr\/blog\/#website"},"primaryImageOfPage":{"@id":"https:\/\/dicodusport.fr\/blog\/fabrice-metz-concurrence-saine-avancer\/#primaryimage"},"image":{"@id":"https:\/\/dicodusport.fr\/blog\/fabrice-metz-concurrence-saine-avancer\/#primaryimage"},"thumbnailUrl":"https:\/\/dicodusport.fr\/blog\/wp-content\/uploads\/2017\/11\/Fabrice-Metz.png","datePublished":"2017-11-06T17:00:04+00:00","dateModified":"2017-11-14T17:00:09+00:00","description":"Nous avons rencontr\u00e9 Fabrice Metz, deuxi\u00e8me ligne de la Section Paloise, qui retrouve ses sensations sur le terrain apr\u00e8s une op\u00e9ration au coude.","breadcrumb":{"@id":"https:\/\/dicodusport.fr\/blog\/fabrice-metz-concurrence-saine-avancer\/#breadcrumb"},"inLanguage":"fr-FR","potentialAction":[{"@type":"ReadAction","target":["https:\/\/dicodusport.fr\/blog\/fabrice-metz-concurrence-saine-avancer\/"]}]},{"@type":"ImageObject","inLanguage":"fr-FR","@id":"https:\/\/dicodusport.fr\/blog\/fabrice-metz-concurrence-saine-avancer\/#primaryimage","url":"https:\/\/dicodusport.fr\/blog\/wp-content\/uploads\/2017\/11\/Fabrice-Metz.png","contentUrl":"https:\/\/dicodusport.fr\/blog\/wp-content\/uploads\/2017\/11\/Fabrice-Metz.png","width":1200,"height":670,"caption":"Fabrice Metz"},{"@type":"BreadcrumbList","@id":"https:\/\/dicodusport.fr\/blog\/fabrice-metz-concurrence-saine-avancer\/#breadcrumb","itemListElement":[{"@type":"ListItem","position":1,"name":"Accueil","item":"https:\/\/dicodusport.fr\/blog\/"},{"@type":"ListItem","position":2,"name":"Fabrice Metz, une concurrence saine pour avancer"}]},{"@type":"WebSite","@id":"https:\/\/dicodusport.fr\/blog\/#website","url":"https:\/\/dicodusport.fr\/blog\/","name":"Dicodusport","description":"L&#039;encyclop\u00e9die de l&#039;actualit\u00e9 sportive","publisher":{"@id":"https:\/\/dicodusport.fr\/blog\/#organization"},"potentialAction":[{"@type":"SearchAction","target":{"@type":"EntryPoint","urlTemplate":"https:\/\/dicodusport.fr\/blog\/?s={search_term_string}"},"query-input":{"@type":"PropertyValueSpecification","valueRequired":true,"valueName":"search_term_string"}}],"inLanguage":"fr-FR"},{"@type":"NewsMediaOrganization","@id":"https:\/\/dicodusport.fr\/blog\/#organization","name":"Dicodusport","url":"https:\/\/dicodusport.fr\/blog\/","logo":{"@type":"ImageObject","inLanguage":"fr-FR","@id":"https:\/\/dicodusport.fr\/blog\/#\/schema\/logo\/image\/","url":"https:\/\/dicodusport.fr\/blog\/wp-content\/uploads\/2020\/06\/cropped-LOGO-DICODUSPORT-2020-SANS-FOND-SANS-TEXTE.png","contentUrl":"https:\/\/dicodusport.fr\/blog\/wp-content\/uploads\/2020\/06\/cropped-LOGO-DICODUSPORT-2020-SANS-FOND-SANS-TEXTE.png","width":512,"height":512,"caption":"Dicodusport"},"image":{"@id":"https:\/\/dicodusport.fr\/blog\/#\/schema\/logo\/image\/"},"sameAs":["https:\/\/www.facebook.com\/dicodusport","https:\/\/x.com\/dicodusport","https:\/\/www.instagram.com\/dicodusport\/","https:\/\/www.youtube.com\/channel\/UC7V2KZ5sd3htJivAbA4ZG3w"],"description":"Dicodusport est l'encyclop\u00e9die de l'actualit\u00e9 sportive.","email":"bonjour@dicodusport.fr","legalName":"DICODUSPORT","foundingDate":"2018-01-14","vatID":"FR71834470973","taxID":"83447097300043","numberOfEmployees":{"@type":"QuantitativeValue","minValue":"1","maxValue":"10"}},{"@type":"Person","@id":"https:\/\/dicodusport.fr\/blog\/#\/schema\/person\/55dcb50ad410894e431ed812bbb70191","name":"Nicolas Jacquemard","image":{"@type":"ImageObject","inLanguage":"fr-FR","@id":"https:\/\/dicodusport.fr\/blog\/#\/schema\/person\/image\/","url":"https:\/\/dicodusport.fr\/blog\/wp-content\/uploads\/2021\/05\/Nicolas-Jacquemard-150x150.jpeg","contentUrl":"https:\/\/dicodusport.fr\/blog\/wp-content\/uploads\/2021\/05\/Nicolas-Jacquemard-150x150.jpeg","caption":"Nicolas Jacquemard"},"description":"Passionn\u00e9 de sport et entrepreneur depuis mes 18 ans, la cr\u00e9ation de Dicodusport m'a sembl\u00e9 \u00e9vidente pour participer \u00e0 la m\u00e9diatisation d'un plus grand nombre de sports. Le chemin est long mais avec une \u00e9quipe des plus motiv\u00e9es et les Jeux Olympiques de Paris 2024 en point de mire, nous y arriverons ! Journaliste dans le monde du sport depuis plus de 5 ans, je traite aussi bien de football, de rugby, de biathlon que de cyclisme.","sameAs":["https:\/\/www.facebook.com\/dicodusport","https:\/\/x.com\/https:\/\/twitter.com\/Nico_Jacquemard"],"url":"https:\/\/dicodusport.fr\/blog\/author\/dicodusport\/"}]}},"_links":{"self":[{"href":"https:\/\/dicodusport.fr\/blog\/wp-json\/wp\/v2\/posts\/6408","targetHints":{"allow":["GET"]}}],"collection":[{"href":"https:\/\/dicodusport.fr\/blog\/wp-json\/wp\/v2\/posts"}],"about":[{"href":"https:\/\/dicodusport.fr\/blog\/wp-json\/wp\/v2\/types\/post"}],"author":[{"embeddable":true,"href":"https:\/\/dicodusport.fr\/blog\/wp-json\/wp\/v2\/users\/1"}],"replies":[{"embeddable":true,"href":"https:\/\/dicodusport.fr\/blog\/wp-json\/wp\/v2\/comments?post=6408"}],"version-history":[{"count":0,"href":"https:\/\/dicodusport.fr\/blog\/wp-json\/wp\/v2\/posts\/6408\/revisions"}],"wp:featuredmedia":[{"embeddable":true,"href":"https:\/\/dicodusport.fr\/blog\/wp-json\/wp\/v2\/media\/6409"}],"wp:attachment":[{"href":"https:\/\/dicodusport.fr\/blog\/wp-json\/wp\/v2\/media?parent=6408"}],"wp:term":[{"taxonomy":"category","embeddable":true,"href":"https:\/\/dicodusport.fr\/blog\/wp-json\/wp\/v2\/categories?post=6408"},{"taxonomy":"post_tag","embeddable":true,"href":"https:\/\/dicodusport.fr\/blog\/wp-json\/wp\/v2\/tags?post=6408"}],"curies":[{"name":"wp","href":"https:\/\/api.w.org\/{rel}","templated":true}]}}