{"id":640872,"date":"2026-01-24T08:30:59","date_gmt":"2026-01-24T07:30:59","guid":{"rendered":"https:\/\/dicodusport.fr\/blog\/?p=640872&#038;preview=true&#038;preview_id=640872"},"modified":"2026-01-24T08:30:59","modified_gmt":"2026-01-24T07:30:59","slug":"jack-willis-et-si-son-avenir-au-stade-toulousain-netait-plus-si-evident","status":"publish","type":"post","link":"https:\/\/dicodusport.fr\/blog\/jack-willis-et-si-son-avenir-au-stade-toulousain-netait-plus-si-evident\/","title":{"rendered":"Jack Willis, et si son avenir au Stade Toulousain n\u2019\u00e9tait plus si \u00e9vident ?"},"content":{"rendered":"<p style=\"text-align: justify;\"><strong><em>Jack Willis, troisi\u00e8me ligne du Stade Toulousain, voit son avenir international s\u2019assombrir avec l\u2019Angleterre. \u00c9ligible pour l\u2019Irlande, un changement de s\u00e9lection est-il possible ?<\/em><\/strong><\/p>\n<p style=\"text-align: justify;\">Le troisi\u00e8me ligne <strong>Jack Willis<\/strong>, actuellement au <a href=\"https:\/\/dicodusport.fr\/blog\/transferts-stade-toulousain-2026-recrues-departs-et-prolongations\/\"><strong>Stade Toulousain<\/strong><\/a>, se retrouve au c\u0153ur de nombreuses sp\u00e9culations depuis plusieurs semaines outre-Manche. Des rumeurs qui s\u2019intensifient \u00e0 l\u2019approche du <strong>Tournoi des Six Nations<\/strong> et dans la perspective de la <a href=\"https:\/\/dicodusport.fr\/blog\/tournoi-de-repechage-rugby-2027-calendrier-resultats-et-classement-en-direct\/\"><strong>Coupe du monde 2027<\/strong><\/a>. En cause : son avenir en club, mais surtout sa situation sur la sc\u00e8ne internationale.<\/p>\n<h2 style=\"text-align: justify;\">Jack Willis, le grand oubli\u00e9 du XV de la Rose<\/h2>\n<p style=\"text-align: justify;\">Depuis son d\u00e9part en France en novembre 2022, <strong>Jack Willis<\/strong> a quasiment disparu du <em>XV de la Rose<\/em>. S\u2019il a disput\u00e9 le <strong>Tournoi des Six Nations<\/strong> ainsi que la <strong>Coupe du monde<\/strong> en 2023, le puissant troisi\u00e8me ligne a ensuite pay\u00e9 le durcissement des r\u00e8gles \u00e9tablies par la f\u00e9d\u00e9ration anglaise, cette derni\u00e8re refusant de convoquer des joueurs \u00e9voluant hors de <strong>Premiership<\/strong>.<\/p>\n<p style=\"text-align: justify;\">Malgr\u00e9 des performances remarqu\u00e9es sous le maillot toulousain, le flankeur n\u2019a donc plus port\u00e9 le maillot anglais depuis l\u2019automne 2023. Cette mise \u00e0 l\u2019\u00e9cart prolong\u00e9e ouvre la porte, sur le plan r\u00e9glementaire, \u00e0 un \u00e9ventuel changement de s\u00e9lection.<\/p>\n<h2 style=\"text-align: justify;\">\u00c9ligible pour repr\u00e9senter l\u2019Irlande, un int\u00e9r\u00eat du Munster ?<\/h2>\n<p style=\"text-align: justify;\">En effet, gr\u00e2ce \u00e0 ses origines familiales, <strong>Jack Willis<\/strong> est \u00e9ligible pour repr\u00e9senter l\u2019Irlande. Selon les r\u00e8gles de <strong>World Rugby<\/strong>, un joueur peut changer de nation apr\u00e8s trois ann\u00e9es sans s\u00e9lection internationale, un d\u00e9lai qui arrivera \u00e0 son terme fin 2026 pour <strong>Willis<\/strong>. Une hypoth\u00e8se qui alimente les rumeurs, d\u2019autant plus que certains \u00e9voquent un int\u00e9r\u00eat\u00a0 d\u2019un club irlandais, le <strong>Munster<\/strong>.<\/p>\n<p style=\"text-align: justify;\">C\u2019est dans ce contexte que l\u2019ancien international \u00e9cossais <strong>Jim Hamilton<\/strong> a comment\u00e9 la situation. Sceptique, il a relativis\u00e9 ces bruits de couloir. <em>\u00ab Il y a des rumeurs selon lesquelles ils (le Munster) vont renforcer l\u2019\u00e9quipe \u00bb<\/em>, a d\u00e9clar\u00e9 Hamilton dans l\u2019\u00e9mission <em>The Rugby Pod<\/em>. <em>\u00ab Je n\u2019y crois pas, et je ne vois pas ce qu\u2019il a d\u2019irlandais dans le sang, mais Jack Willis, de Toulouse au Munster\u2026 \u00bb<\/em>, a poursuivi l\u2019ancien deuxi\u00e8me ligne du Chardon, dans des propos rapport\u00e9s par nos confr\u00e8res britanniques de <a href=\"https:\/\/www.ruck.co.uk\/jack-willis-set-to-swap-nations-and-clubs-ahead-of-the-six-nations\/\"><em>Ruck<\/em><\/a>.<\/p>\n<blockquote class=\"instagram-media\" style=\"background: #FFF; border: 0; border-radius: 3px; box-shadow: 0 0 1px 0 rgba(0,0,0,0.5),0 1px 10px 0 rgba(0,0,0,0.15); margin: 1px; max-width: 540px; min-width: 326px; padding: 0; width: calc(100% - 2px);\" data-instgrm-captioned=\"\" data-instgrm-permalink=\"https:\/\/www.instagram.com\/p\/DT0gTzOCarr\/?utm_source=ig_embed&amp;utm_campaign=loading\" data-instgrm-version=\"14\">\n<div style=\"padding: 16px;\">\n<p>&nbsp;<\/p>\n<div style=\"display: flex; flex-direction: row; align-items: center;\">\n<div style=\"background-color: #f4f4f4; border-radius: 50%; flex-grow: 0; height: 40px; margin-right: 14px; width: 40px;\"><\/div>\n<div style=\"display: flex; flex-direction: column; flex-grow: 1; justify-content: center;\">\n<div style=\"background-color: #f4f4f4; border-radius: 4px; flex-grow: 0; height: 14px; margin-bottom: 6px; width: 100px;\"><\/div>\n<div style=\"background-color: #f4f4f4; border-radius: 4px; flex-grow: 0; height: 14px; width: 60px;\"><\/div>\n<\/div>\n<\/div>\n<div style=\"padding: 19% 0;\"><\/div>\n<div style=\"display: block; height: 50px; margin: 0 auto 12px; width: 50px;\"><\/div>\n<div style=\"padding-top: 8px;\">\n<div style=\"color: #3897f0; font-family: Arial,sans-serif; font-size: 14px; font-style: normal; font-weight: 550; line-height: 18px;\">Voir cette publication sur Instagram<\/div>\n<\/div>\n<div style=\"padding: 12.5% 0;\"><\/div>\n<div style=\"display: flex; flex-direction: row; margin-bottom: 14px; align-items: center;\">\n<div>\n<div style=\"background-color: #f4f4f4; border-radius: 50%; height: 12.5px; width: 12.5px; transform: translateX(0px) translateY(7px);\"><\/div>\n<div style=\"background-color: #f4f4f4; height: 12.5px; transform: rotate(-45deg) translateX(3px) translateY(1px); width: 12.5px; flex-grow: 0; margin-right: 14px; margin-left: 2px;\"><\/div>\n<div style=\"background-color: #f4f4f4; border-radius: 50%; height: 12.5px; width: 12.5px; transform: translateX(9px) translateY(-18px);\"><\/div>\n<\/div>\n<div style=\"margin-left: 8px;\">\n<div style=\"background-color: #f4f4f4; border-radius: 50%; flex-grow: 0; height: 20px; width: 20px;\"><\/div>\n<div style=\"width: 0; height: 0; border-top: 2px solid transparent; border-left: 6px solid #f4f4f4; border-bottom: 2px solid transparent; transform: translateX(16px) translateY(-4px) rotate(30deg);\"><\/div>\n<\/div>\n<div style=\"margin-left: auto;\">\n<div style=\"width: 0px; border-top: 8px solid #F4F4F4; border-right: 8px solid transparent; transform: translateY(16px);\"><\/div>\n<div style=\"background-color: #f4f4f4; flex-grow: 0; height: 12px; width: 16px; transform: translateY(-4px);\"><\/div>\n<div style=\"width: 0; height: 0; border-top: 8px solid #F4F4F4; border-left: 8px solid transparent; transform: translateY(-4px) translateX(8px);\"><\/div>\n<\/div>\n<\/div>\n<div style=\"display: flex; flex-direction: column; flex-grow: 1; justify-content: center; margin-bottom: 24px;\">\n<div style=\"background-color: #f4f4f4; border-radius: 4px; flex-grow: 0; height: 14px; margin-bottom: 6px; width: 224px;\"><\/div>\n<div style=\"background-color: #f4f4f4; border-radius: 4px; flex-grow: 0; height: 14px; width: 144px;\"><\/div>\n<\/div>\n<p>&nbsp;<\/p>\n<p style=\"color: #c9c8cd; font-family: Arial,sans-serif; font-size: 14px; line-height: 17px; margin-bottom: 0; margin-top: 8px; overflow: hidden; padding: 8px 0 7px; text-align: center; text-overflow: ellipsis; white-space: nowrap;\"><a style=\"color: #c9c8cd; font-family: Arial,sans-serif; font-size: 14px; font-style: normal; font-weight: normal; line-height: 17px; text-decoration: none;\" href=\"https:\/\/www.instagram.com\/p\/DT0gTzOCarr\/?utm_source=ig_embed&amp;utm_campaign=loading\" target=\"_blank\" rel=\"noopener\">Une publication partag\u00e9e par RUCK.co.uk (@ruck.co.uk)<\/a><\/p>\n<\/div>\n<\/blockquote>\n<p><script async src=\"\/\/www.instagram.com\/embed.js\"><\/script><\/p>\n<p style=\"text-align: justify;\">\u00c0 ce stade, aucun choix d\u00e9finitif n\u2019a \u00e9t\u00e9 effectu\u00e9 par le joueur, qui est, pour rappel, sous contrat jusqu\u2019en 2029 avec le <strong>Stade Toulousain<\/strong>. Mais entre les r\u00e8gles de s\u00e9lection, ses performances en club et les rumeurs persistantes de l\u2019autre c\u00f4t\u00e9 de la Manche, son avenir international demeure ouvert et pourrait devenir l\u2019un des dossiers les plus scrut\u00e9s des prochains mois.<\/p>\n<div id=\"gtx-trans\" style=\"position: absolute; left: -14px; top: 40.9091px;\">\n<div class=\"gtx-trans-icon\"><\/div>\n<\/div>\n","protected":false},"excerpt":{"rendered":"<p>Jack Willis, troisi\u00e8me ligne du Stade Toulousain, voit son avenir international s\u2019assombrir avec l\u2019Angleterre. \u00c9ligible pour l\u2019Irlande, un changement de s\u00e9lection est-il possible ?<\/p>\n","protected":false},"author":4,"featured_media":640907,"comment_status":"open","ping_status":"closed","sticky":false,"template":"","format":"standard","meta":{"_acf_changed":false,"_daextam_enable_autolinks":"1","footnotes":""},"categories":[47050],"tags":[32415,16878,27428,4008,29105],"class_list":["post-640872","post","type-post","status-publish","format-standard","has-post-thumbnail","hentry","category-top-14","tag-actu","tag-breve","tag-jack-willis","tag-stade-toulousain","tag-transferts-rugby"],"acf":[],"yoast_head":"<!-- This site is optimized with the Yoast SEO Premium plugin v26.7 (Yoast SEO v26.7) - https:\/\/yoast.com\/wordpress\/plugins\/seo\/ -->\n<title>Jack Willis, et si son avenir au Stade Toulousain n\u2019\u00e9tait plus si \u00e9vident ?<\/title>\n<meta name=\"description\" content=\"Jack Willis, troisi\u00e8me ligne du Stade Toulousain, voit son avenir international s\u2019assombrir avec l\u2019Angleterre. \u00c9ligible pour l\u2019Irlande, un changement de s\u00e9lection est-il possible ?\" \/>\n<meta name=\"robots\" content=\"index, follow, max-snippet:-1, max-image-preview:large, max-video-preview:-1\" \/>\n<link rel=\"canonical\" href=\"https:\/\/dicodusport.fr\/blog\/jack-willis-et-si-son-avenir-au-stade-toulousain-netait-plus-si-evident\/\" \/>\n<meta property=\"og:locale\" content=\"fr_FR\" \/>\n<meta property=\"og:type\" content=\"article\" \/>\n<meta property=\"og:title\" content=\"Jack Willis, et si son avenir au Stade Toulousain n\u2019\u00e9tait plus si \u00e9vident ?\" \/>\n<meta property=\"og:description\" content=\"Jack Willis, troisi\u00e8me ligne du Stade Toulousain, voit son avenir international s\u2019assombrir avec l\u2019Angleterre. \u00c9ligible pour l\u2019Irlande, un changement de s\u00e9lection est-il possible ?\" \/>\n<meta property=\"og:url\" content=\"https:\/\/dicodusport.fr\/blog\/jack-willis-et-si-son-avenir-au-stade-toulousain-netait-plus-si-evident\/\" \/>\n<meta property=\"og:site_name\" content=\"Dicodusport\" \/>\n<meta property=\"article:publisher\" content=\"https:\/\/www.facebook.com\/dicodusport\" \/>\n<meta property=\"article:author\" content=\"https:\/\/www.facebook.com\/florent.ostermann\" \/>\n<meta property=\"article:published_time\" content=\"2026-01-24T07:30:59+00:00\" \/>\n<meta property=\"og:image\" content=\"https:\/\/dicodusport.fr\/blog\/wp-content\/uploads\/2026\/01\/Jack-Willis-et-si-son-avenir-au-Stade-Toulousain-netait-plus-si-evident-.png\" \/>\n\t<meta property=\"og:image:width\" content=\"1200\" \/>\n\t<meta property=\"og:image:height\" content=\"674\" \/>\n\t<meta property=\"og:image:type\" content=\"image\/png\" \/>\n<meta name=\"author\" content=\"Flo Ostermann\" \/>\n<meta name=\"twitter:card\" content=\"summary_large_image\" \/>\n<meta name=\"twitter:title\" content=\"Jack Willis, et si son avenir au Stade Toulousain n\u2019\u00e9tait plus si \u00e9vident ?\" \/>\n<meta name=\"twitter:creator\" content=\"@https:\/\/twitter.com\/FlOstermann\" \/>\n<meta name=\"twitter:site\" content=\"@dicodusport\" \/>\n<script type=\"application\/ld+json\" class=\"yoast-schema-graph\">{\"@context\":\"https:\/\/schema.org\",\"@graph\":[{\"@type\":\"NewsArticle\",\"@id\":\"https:\/\/dicodusport.fr\/blog\/jack-willis-et-si-son-avenir-au-stade-toulousain-netait-plus-si-evident\/#article\",\"isPartOf\":{\"@id\":\"https:\/\/dicodusport.fr\/blog\/jack-willis-et-si-son-avenir-au-stade-toulousain-netait-plus-si-evident\/\"},\"author\":{\"name\":\"Flo Ostermann\",\"@id\":\"https:\/\/dicodusport.fr\/blog\/#\/schema\/person\/cb02af4c173ce4a653b55e9baf388d4a\"},\"headline\":\"Jack Willis, et si son avenir au Stade Toulousain n\u2019\u00e9tait plus si \u00e9vident ?\",\"datePublished\":\"2026-01-24T07:30:59+00:00\",\"mainEntityOfPage\":{\"@id\":\"https:\/\/dicodusport.fr\/blog\/jack-willis-et-si-son-avenir-au-stade-toulousain-netait-plus-si-evident\/\"},\"wordCount\":483,\"commentCount\":1,\"publisher\":{\"@id\":\"https:\/\/dicodusport.fr\/blog\/#organization\"},\"image\":{\"@id\":\"https:\/\/dicodusport.fr\/blog\/jack-willis-et-si-son-avenir-au-stade-toulousain-netait-plus-si-evident\/#primaryimage\"},\"thumbnailUrl\":\"https:\/\/dicodusport.fr\/blog\/wp-content\/uploads\/2026\/01\/Jack-Willis-et-si-son-avenir-au-Stade-Toulousain-netait-plus-si-evident-.png\",\"keywords\":[\"actu\",\"br\u00e8ve\",\"Jack Willis\",\"Stade Toulousain\",\"Transferts rugby\"],\"articleSection\":[\"Top 14\"],\"inLanguage\":\"fr-FR\",\"potentialAction\":[{\"@type\":\"CommentAction\",\"name\":\"Comment\",\"target\":[\"https:\/\/dicodusport.fr\/blog\/jack-willis-et-si-son-avenir-au-stade-toulousain-netait-plus-si-evident\/#respond\"]}],\"copyrightYear\":\"2026\",\"copyrightHolder\":{\"@id\":\"https:\/\/dicodusport.fr\/blog\/#organization\"}},{\"@type\":\"WebPage\",\"@id\":\"https:\/\/dicodusport.fr\/blog\/jack-willis-et-si-son-avenir-au-stade-toulousain-netait-plus-si-evident\/\",\"url\":\"https:\/\/dicodusport.fr\/blog\/jack-willis-et-si-son-avenir-au-stade-toulousain-netait-plus-si-evident\/\",\"name\":\"Jack Willis, et si son avenir au Stade Toulousain n\u2019\u00e9tait plus si \u00e9vident ?\",\"isPartOf\":{\"@id\":\"https:\/\/dicodusport.fr\/blog\/#website\"},\"primaryImageOfPage\":{\"@id\":\"https:\/\/dicodusport.fr\/blog\/jack-willis-et-si-son-avenir-au-stade-toulousain-netait-plus-si-evident\/#primaryimage\"},\"image\":{\"@id\":\"https:\/\/dicodusport.fr\/blog\/jack-willis-et-si-son-avenir-au-stade-toulousain-netait-plus-si-evident\/#primaryimage\"},\"thumbnailUrl\":\"https:\/\/dicodusport.fr\/blog\/wp-content\/uploads\/2026\/01\/Jack-Willis-et-si-son-avenir-au-Stade-Toulousain-netait-plus-si-evident-.png\",\"datePublished\":\"2026-01-24T07:30:59+00:00\",\"description\":\"Jack Willis, troisi\u00e8me ligne du Stade Toulousain, voit son avenir international s\u2019assombrir avec l\u2019Angleterre. \u00c9ligible pour l\u2019Irlande, un changement de s\u00e9lection est-il possible ?\",\"breadcrumb\":{\"@id\":\"https:\/\/dicodusport.fr\/blog\/jack-willis-et-si-son-avenir-au-stade-toulousain-netait-plus-si-evident\/#breadcrumb\"},\"inLanguage\":\"fr-FR\",\"potentialAction\":[{\"@type\":\"ReadAction\",\"target\":[\"https:\/\/dicodusport.fr\/blog\/jack-willis-et-si-son-avenir-au-stade-toulousain-netait-plus-si-evident\/\"]}]},{\"@type\":\"ImageObject\",\"inLanguage\":\"fr-FR\",\"@id\":\"https:\/\/dicodusport.fr\/blog\/jack-willis-et-si-son-avenir-au-stade-toulousain-netait-plus-si-evident\/#primaryimage\",\"url\":\"https:\/\/dicodusport.fr\/blog\/wp-content\/uploads\/2026\/01\/Jack-Willis-et-si-son-avenir-au-Stade-Toulousain-netait-plus-si-evident-.png\",\"contentUrl\":\"https:\/\/dicodusport.fr\/blog\/wp-content\/uploads\/2026\/01\/Jack-Willis-et-si-son-avenir-au-Stade-Toulousain-netait-plus-si-evident-.png\",\"width\":1200,\"height\":674,\"caption\":\"Jack Willis, et si son avenir au Stade Toulousain n\u2019\u00e9tait plus si \u00e9vident\"},{\"@type\":\"BreadcrumbList\",\"@id\":\"https:\/\/dicodusport.fr\/blog\/jack-willis-et-si-son-avenir-au-stade-toulousain-netait-plus-si-evident\/#breadcrumb\",\"itemListElement\":[{\"@type\":\"ListItem\",\"position\":1,\"name\":\"Accueil\",\"item\":\"https:\/\/dicodusport.fr\/blog\/\"},{\"@type\":\"ListItem\",\"position\":2,\"name\":\"Jack Willis, et si son avenir au Stade Toulousain n\u2019\u00e9tait plus si \u00e9vident ?\"}]},{\"@type\":\"WebSite\",\"@id\":\"https:\/\/dicodusport.fr\/blog\/#website\",\"url\":\"https:\/\/dicodusport.fr\/blog\/\",\"name\":\"Dicodusport\",\"description\":\"L&#039;encyclop\u00e9die de l&#039;actualit\u00e9 sportive\",\"publisher\":{\"@id\":\"https:\/\/dicodusport.fr\/blog\/#organization\"},\"potentialAction\":[{\"@type\":\"SearchAction\",\"target\":{\"@type\":\"EntryPoint\",\"urlTemplate\":\"https:\/\/dicodusport.fr\/blog\/?s={search_term_string}\"},\"query-input\":{\"@type\":\"PropertyValueSpecification\",\"valueRequired\":true,\"valueName\":\"search_term_string\"}}],\"inLanguage\":\"fr-FR\"},{\"@type\":\"NewsMediaOrganization\",\"@id\":\"https:\/\/dicodusport.fr\/blog\/#organization\",\"name\":\"Dicodusport\",\"url\":\"https:\/\/dicodusport.fr\/blog\/\",\"logo\":{\"@type\":\"ImageObject\",\"inLanguage\":\"fr-FR\",\"@id\":\"https:\/\/dicodusport.fr\/blog\/#\/schema\/logo\/image\/\",\"url\":\"https:\/\/dicodusport.fr\/blog\/wp-content\/uploads\/2020\/06\/cropped-LOGO-DICODUSPORT-2020-SANS-FOND-SANS-TEXTE.png\",\"contentUrl\":\"https:\/\/dicodusport.fr\/blog\/wp-content\/uploads\/2020\/06\/cropped-LOGO-DICODUSPORT-2020-SANS-FOND-SANS-TEXTE.png\",\"width\":512,\"height\":512,\"caption\":\"Dicodusport\"},\"image\":{\"@id\":\"https:\/\/dicodusport.fr\/blog\/#\/schema\/logo\/image\/\"},\"sameAs\":[\"https:\/\/www.facebook.com\/dicodusport\",\"https:\/\/x.com\/dicodusport\",\"https:\/\/www.instagram.com\/dicodusport\/\",\"https:\/\/www.youtube.com\/channel\/UC7V2KZ5sd3htJivAbA4ZG3w\"],\"description\":\"Dicodusport est l'encyclop\u00e9die de l'actualit\u00e9 sportive.\",\"email\":\"bonjour@dicodusport.fr\",\"legalName\":\"DICODUSPORT\",\"foundingDate\":\"2018-01-14\",\"vatID\":\"FR71834470973\",\"taxID\":\"83447097300043\",\"numberOfEmployees\":{\"@type\":\"QuantitativeValue\",\"minValue\":\"1\",\"maxValue\":\"10\"}},{\"@type\":\"Person\",\"@id\":\"https:\/\/dicodusport.fr\/blog\/#\/schema\/person\/cb02af4c173ce4a653b55e9baf388d4a\",\"name\":\"Flo Ostermann\",\"image\":{\"@type\":\"ImageObject\",\"inLanguage\":\"fr-FR\",\"@id\":\"https:\/\/dicodusport.fr\/blog\/#\/schema\/person\/image\/\",\"url\":\"https:\/\/dicodusport.fr\/blog\/wp-content\/uploads\/2021\/05\/Flo-Ostermann-150x150.jpg\",\"contentUrl\":\"https:\/\/dicodusport.fr\/blog\/wp-content\/uploads\/2021\/05\/Flo-Ostermann-150x150.jpg\",\"caption\":\"Flo Ostermann\"},\"description\":\"Journaliste\/R\u00e9dacteur depuis septembre 2015 - Mes premiers souvenirs dans le sport ? Les envol\u00e9es du Stade Toulousain et les duels Villeneuve-Schumacher et H\u00e4kkinen-Schumacher \u00e0 la fin des ann\u00e9es 90, la Coupe du monde de football en 1998, l\u2019exploit du XV de France face aux All Blacks en 1999, mais aussi Richard C\u0153ur de Lion qui vole sur les montagnes du Tour de France. Bien parti pour devenir professeur d\u2019EPS, les \u00e9v\u00e9nements de la vie (et la flemme d\u2019animer des s\u00e9ances de 3x500 m\u00e8tres toute ma vie) m\u2019ont conduit \u00e0 revoir mes plans. Me voil\u00e0 depuis fin 2017 sur Dicodusport, m\u00e9dia gr\u00e2ce (et pour) lequel je partage ma passion : le sport dans tous ses \u00e9tats. Le tout accompagn\u00e9 par les fous furieux et folles furieuses cit\u00e9s sur cette page !\",\"sameAs\":[\"https:\/\/www.facebook.com\/florent.ostermann\",\"https:\/\/x.com\/https:\/\/twitter.com\/FlOstermann\",\"admin\"],\"url\":\"https:\/\/dicodusport.fr\/blog\/author\/flo\/\"}]}<\/script>\n<!-- \/ Yoast SEO Premium plugin. -->","yoast_head_json":{"title":"Jack Willis, et si son avenir au Stade Toulousain n\u2019\u00e9tait plus si \u00e9vident ?","description":"Jack Willis, troisi\u00e8me ligne du Stade Toulousain, voit son avenir international s\u2019assombrir avec l\u2019Angleterre. \u00c9ligible pour l\u2019Irlande, un changement de s\u00e9lection est-il possible ?","robots":{"index":"index","follow":"follow","max-snippet":"max-snippet:-1","max-image-preview":"max-image-preview:large","max-video-preview":"max-video-preview:-1"},"canonical":"https:\/\/dicodusport.fr\/blog\/jack-willis-et-si-son-avenir-au-stade-toulousain-netait-plus-si-evident\/","og_locale":"fr_FR","og_type":"article","og_title":"Jack Willis, et si son avenir au Stade Toulousain n\u2019\u00e9tait plus si \u00e9vident ?","og_description":"Jack Willis, troisi\u00e8me ligne du Stade Toulousain, voit son avenir international s\u2019assombrir avec l\u2019Angleterre. \u00c9ligible pour l\u2019Irlande, un changement de s\u00e9lection est-il possible ?","og_url":"https:\/\/dicodusport.fr\/blog\/jack-willis-et-si-son-avenir-au-stade-toulousain-netait-plus-si-evident\/","og_site_name":"Dicodusport","article_publisher":"https:\/\/www.facebook.com\/dicodusport","article_author":"https:\/\/www.facebook.com\/florent.ostermann","article_published_time":"2026-01-24T07:30:59+00:00","og_image":[{"width":1200,"height":674,"url":"https:\/\/dicodusport.fr\/blog\/wp-content\/uploads\/2026\/01\/Jack-Willis-et-si-son-avenir-au-Stade-Toulousain-netait-plus-si-evident-.png","type":"image\/png"}],"author":"Flo Ostermann","twitter_card":"summary_large_image","twitter_title":"Jack Willis, et si son avenir au Stade Toulousain n\u2019\u00e9tait plus si \u00e9vident ?","twitter_creator":"@https:\/\/twitter.com\/FlOstermann","twitter_site":"@dicodusport","schema":{"@context":"https:\/\/schema.org","@graph":[{"@type":"NewsArticle","@id":"https:\/\/dicodusport.fr\/blog\/jack-willis-et-si-son-avenir-au-stade-toulousain-netait-plus-si-evident\/#article","isPartOf":{"@id":"https:\/\/dicodusport.fr\/blog\/jack-willis-et-si-son-avenir-au-stade-toulousain-netait-plus-si-evident\/"},"author":{"name":"Flo Ostermann","@id":"https:\/\/dicodusport.fr\/blog\/#\/schema\/person\/cb02af4c173ce4a653b55e9baf388d4a"},"headline":"Jack Willis, et si son avenir au Stade Toulousain n\u2019\u00e9tait plus si \u00e9vident ?","datePublished":"2026-01-24T07:30:59+00:00","mainEntityOfPage":{"@id":"https:\/\/dicodusport.fr\/blog\/jack-willis-et-si-son-avenir-au-stade-toulousain-netait-plus-si-evident\/"},"wordCount":483,"commentCount":1,"publisher":{"@id":"https:\/\/dicodusport.fr\/blog\/#organization"},"image":{"@id":"https:\/\/dicodusport.fr\/blog\/jack-willis-et-si-son-avenir-au-stade-toulousain-netait-plus-si-evident\/#primaryimage"},"thumbnailUrl":"https:\/\/dicodusport.fr\/blog\/wp-content\/uploads\/2026\/01\/Jack-Willis-et-si-son-avenir-au-Stade-Toulousain-netait-plus-si-evident-.png","keywords":["actu","br\u00e8ve","Jack Willis","Stade Toulousain","Transferts rugby"],"articleSection":["Top 14"],"inLanguage":"fr-FR","potentialAction":[{"@type":"CommentAction","name":"Comment","target":["https:\/\/dicodusport.fr\/blog\/jack-willis-et-si-son-avenir-au-stade-toulousain-netait-plus-si-evident\/#respond"]}],"copyrightYear":"2026","copyrightHolder":{"@id":"https:\/\/dicodusport.fr\/blog\/#organization"}},{"@type":"WebPage","@id":"https:\/\/dicodusport.fr\/blog\/jack-willis-et-si-son-avenir-au-stade-toulousain-netait-plus-si-evident\/","url":"https:\/\/dicodusport.fr\/blog\/jack-willis-et-si-son-avenir-au-stade-toulousain-netait-plus-si-evident\/","name":"Jack Willis, et si son avenir au Stade Toulousain n\u2019\u00e9tait plus si \u00e9vident ?","isPartOf":{"@id":"https:\/\/dicodusport.fr\/blog\/#website"},"primaryImageOfPage":{"@id":"https:\/\/dicodusport.fr\/blog\/jack-willis-et-si-son-avenir-au-stade-toulousain-netait-plus-si-evident\/#primaryimage"},"image":{"@id":"https:\/\/dicodusport.fr\/blog\/jack-willis-et-si-son-avenir-au-stade-toulousain-netait-plus-si-evident\/#primaryimage"},"thumbnailUrl":"https:\/\/dicodusport.fr\/blog\/wp-content\/uploads\/2026\/01\/Jack-Willis-et-si-son-avenir-au-Stade-Toulousain-netait-plus-si-evident-.png","datePublished":"2026-01-24T07:30:59+00:00","description":"Jack Willis, troisi\u00e8me ligne du Stade Toulousain, voit son avenir international s\u2019assombrir avec l\u2019Angleterre. \u00c9ligible pour l\u2019Irlande, un changement de s\u00e9lection est-il possible ?","breadcrumb":{"@id":"https:\/\/dicodusport.fr\/blog\/jack-willis-et-si-son-avenir-au-stade-toulousain-netait-plus-si-evident\/#breadcrumb"},"inLanguage":"fr-FR","potentialAction":[{"@type":"ReadAction","target":["https:\/\/dicodusport.fr\/blog\/jack-willis-et-si-son-avenir-au-stade-toulousain-netait-plus-si-evident\/"]}]},{"@type":"ImageObject","inLanguage":"fr-FR","@id":"https:\/\/dicodusport.fr\/blog\/jack-willis-et-si-son-avenir-au-stade-toulousain-netait-plus-si-evident\/#primaryimage","url":"https:\/\/dicodusport.fr\/blog\/wp-content\/uploads\/2026\/01\/Jack-Willis-et-si-son-avenir-au-Stade-Toulousain-netait-plus-si-evident-.png","contentUrl":"https:\/\/dicodusport.fr\/blog\/wp-content\/uploads\/2026\/01\/Jack-Willis-et-si-son-avenir-au-Stade-Toulousain-netait-plus-si-evident-.png","width":1200,"height":674,"caption":"Jack Willis, et si son avenir au Stade Toulousain n\u2019\u00e9tait plus si \u00e9vident"},{"@type":"BreadcrumbList","@id":"https:\/\/dicodusport.fr\/blog\/jack-willis-et-si-son-avenir-au-stade-toulousain-netait-plus-si-evident\/#breadcrumb","itemListElement":[{"@type":"ListItem","position":1,"name":"Accueil","item":"https:\/\/dicodusport.fr\/blog\/"},{"@type":"ListItem","position":2,"name":"Jack Willis, et si son avenir au Stade Toulousain n\u2019\u00e9tait plus si \u00e9vident ?"}]},{"@type":"WebSite","@id":"https:\/\/dicodusport.fr\/blog\/#website","url":"https:\/\/dicodusport.fr\/blog\/","name":"Dicodusport","description":"L&#039;encyclop\u00e9die de l&#039;actualit\u00e9 sportive","publisher":{"@id":"https:\/\/dicodusport.fr\/blog\/#organization"},"potentialAction":[{"@type":"SearchAction","target":{"@type":"EntryPoint","urlTemplate":"https:\/\/dicodusport.fr\/blog\/?s={search_term_string}"},"query-input":{"@type":"PropertyValueSpecification","valueRequired":true,"valueName":"search_term_string"}}],"inLanguage":"fr-FR"},{"@type":"NewsMediaOrganization","@id":"https:\/\/dicodusport.fr\/blog\/#organization","name":"Dicodusport","url":"https:\/\/dicodusport.fr\/blog\/","logo":{"@type":"ImageObject","inLanguage":"fr-FR","@id":"https:\/\/dicodusport.fr\/blog\/#\/schema\/logo\/image\/","url":"https:\/\/dicodusport.fr\/blog\/wp-content\/uploads\/2020\/06\/cropped-LOGO-DICODUSPORT-2020-SANS-FOND-SANS-TEXTE.png","contentUrl":"https:\/\/dicodusport.fr\/blog\/wp-content\/uploads\/2020\/06\/cropped-LOGO-DICODUSPORT-2020-SANS-FOND-SANS-TEXTE.png","width":512,"height":512,"caption":"Dicodusport"},"image":{"@id":"https:\/\/dicodusport.fr\/blog\/#\/schema\/logo\/image\/"},"sameAs":["https:\/\/www.facebook.com\/dicodusport","https:\/\/x.com\/dicodusport","https:\/\/www.instagram.com\/dicodusport\/","https:\/\/www.youtube.com\/channel\/UC7V2KZ5sd3htJivAbA4ZG3w"],"description":"Dicodusport est l'encyclop\u00e9die de l'actualit\u00e9 sportive.","email":"bonjour@dicodusport.fr","legalName":"DICODUSPORT","foundingDate":"2018-01-14","vatID":"FR71834470973","taxID":"83447097300043","numberOfEmployees":{"@type":"QuantitativeValue","minValue":"1","maxValue":"10"}},{"@type":"Person","@id":"https:\/\/dicodusport.fr\/blog\/#\/schema\/person\/cb02af4c173ce4a653b55e9baf388d4a","name":"Flo Ostermann","image":{"@type":"ImageObject","inLanguage":"fr-FR","@id":"https:\/\/dicodusport.fr\/blog\/#\/schema\/person\/image\/","url":"https:\/\/dicodusport.fr\/blog\/wp-content\/uploads\/2021\/05\/Flo-Ostermann-150x150.jpg","contentUrl":"https:\/\/dicodusport.fr\/blog\/wp-content\/uploads\/2021\/05\/Flo-Ostermann-150x150.jpg","caption":"Flo Ostermann"},"description":"Journaliste\/R\u00e9dacteur depuis septembre 2015 - Mes premiers souvenirs dans le sport ? Les envol\u00e9es du Stade Toulousain et les duels Villeneuve-Schumacher et H\u00e4kkinen-Schumacher \u00e0 la fin des ann\u00e9es 90, la Coupe du monde de football en 1998, l\u2019exploit du XV de France face aux All Blacks en 1999, mais aussi Richard C\u0153ur de Lion qui vole sur les montagnes du Tour de France. Bien parti pour devenir professeur d\u2019EPS, les \u00e9v\u00e9nements de la vie (et la flemme d\u2019animer des s\u00e9ances de 3x500 m\u00e8tres toute ma vie) m\u2019ont conduit \u00e0 revoir mes plans. Me voil\u00e0 depuis fin 2017 sur Dicodusport, m\u00e9dia gr\u00e2ce (et pour) lequel je partage ma passion : le sport dans tous ses \u00e9tats. Le tout accompagn\u00e9 par les fous furieux et folles furieuses cit\u00e9s sur cette page !","sameAs":["https:\/\/www.facebook.com\/florent.ostermann","https:\/\/x.com\/https:\/\/twitter.com\/FlOstermann","admin"],"url":"https:\/\/dicodusport.fr\/blog\/author\/flo\/"}]}},"_links":{"self":[{"href":"https:\/\/dicodusport.fr\/blog\/wp-json\/wp\/v2\/posts\/640872","targetHints":{"allow":["GET"]}}],"collection":[{"href":"https:\/\/dicodusport.fr\/blog\/wp-json\/wp\/v2\/posts"}],"about":[{"href":"https:\/\/dicodusport.fr\/blog\/wp-json\/wp\/v2\/types\/post"}],"author":[{"embeddable":true,"href":"https:\/\/dicodusport.fr\/blog\/wp-json\/wp\/v2\/users\/4"}],"replies":[{"embeddable":true,"href":"https:\/\/dicodusport.fr\/blog\/wp-json\/wp\/v2\/comments?post=640872"}],"version-history":[{"count":3,"href":"https:\/\/dicodusport.fr\/blog\/wp-json\/wp\/v2\/posts\/640872\/revisions"}],"predecessor-version":[{"id":640908,"href":"https:\/\/dicodusport.fr\/blog\/wp-json\/wp\/v2\/posts\/640872\/revisions\/640908"}],"wp:featuredmedia":[{"embeddable":true,"href":"https:\/\/dicodusport.fr\/blog\/wp-json\/wp\/v2\/media\/640907"}],"wp:attachment":[{"href":"https:\/\/dicodusport.fr\/blog\/wp-json\/wp\/v2\/media?parent=640872"}],"wp:term":[{"taxonomy":"category","embeddable":true,"href":"https:\/\/dicodusport.fr\/blog\/wp-json\/wp\/v2\/categories?post=640872"},{"taxonomy":"post_tag","embeddable":true,"href":"https:\/\/dicodusport.fr\/blog\/wp-json\/wp\/v2\/tags?post=640872"}],"curies":[{"name":"wp","href":"https:\/\/api.w.org\/{rel}","templated":true}]}}