{"id":640980,"date":"2026-01-24T14:36:22","date_gmt":"2026-01-24T13:36:22","guid":{"rendered":"https:\/\/dicodusport.fr\/blog\/?p=640980&#038;preview=true&#038;preview_id=640980"},"modified":"2026-01-24T22:36:51","modified_gmt":"2026-01-24T21:36:51","slug":"nouveau-podium-de-amandine-fouquenet-a-maasmechelen-puck-pieterse-victorieuse","status":"publish","type":"post","link":"https:\/\/dicodusport.fr\/blog\/nouveau-podium-de-amandine-fouquenet-a-maasmechelen-puck-pieterse-victorieuse\/","title":{"rendered":"Nouveau podium de Amandine Fouquenet \u00e0 Maasmechelen, Puck Pieterse victorieuse"},"content":{"rendered":"<p style=\"text-align: justify;\"><em><strong>COUPE DU MONDE DE CYCLO-CROSS 2025-2026 &#8211; Puck Pieterse s&rsquo;est impos\u00e9e lors de l&rsquo;avant-derni\u00e8re manche \u00e0 Maasmechelen, en Belgique, samedi, devant Ceylin del Carmen Alvarado et Amandine Fouquenet. Il s&rsquo;agit du sixi\u00e8me podium de la saison en Coupe du monde pour la Fran\u00e7aise.<\/strong><\/em><\/p>\n<ul>\n<li style=\"text-align: justify;\"><strong>\u00c0 ce sujet &#8211; <a href=\"https:\/\/dicodusport.fr\/blog\/cyclo-cross-coupe-du-monde-2025-2026-calendrier-complet-dates-et-horaires\/\">Cyclo-cross Coupe du monde 2025-2026 \u2013 Calendrier complet, dates et horaires<\/a><\/strong><\/li>\n<\/ul>\n<p style=\"text-align: justify;\">La <strong>Coupe du monde de cyclo-cross<\/strong> faisait \u00e9tape ce samedi \u00e0 <strong>Maasmechelen<\/strong>, sur un ancien site minier, pour la onzi\u00e8me et avant-derni\u00e8re manche de la saison. \u00c0 une semaine des championnats du monde de <strong>Hulst<\/strong>, cette \u00e9preuve belge s\u2019annon\u00e7ait comme un test grandeur nature sur un circuit exigeant, o\u00f9 la gestion de l\u2019effort et la ma\u00eetrise technique devaient faire la diff\u00e9rence.<\/p>\n<p style=\"text-align: justify;\">Lors du premier tour, le premier d\u00e9vers a \u00e9t\u00e9 contourn\u00e9 afin de rejoindre le poste technique, mais il a ensuite \u00e9t\u00e9 emprunt\u00e9 sur l\u2019ensemble du reste de la course.<\/p>\n<p style=\"text-align: justify;\"><strong>Lucinda Brand<\/strong> avait d\u00e9j\u00e0 assur\u00e9 la victoire au classement g\u00e9n\u00e9ral de la Coupe du monde depuis le week-end dernier. Le circuit du parc de Terhills, particuli\u00e8rement usant, proposait un trac\u00e9 vallonn\u00e9 et technique avec deux planches, une passerelle, une petite butte pi\u00e9geuse, une longue portion montante, une descente caillouteuse, un escalier ainsi qu\u2019un bac \u00e0 sable.<\/p>\n<p style=\"text-align: justify;\">Brand pouvait encore \u00e9galer un record aujourd\u2019hui en rejoignant la marque de sa compatriote <strong>Marianne Vos<\/strong>, avec 28 victoires en Coupe du monde, apr\u00e8s son succ\u00e8s \u00e0 <strong>Benidorm<\/strong> le week-end pr\u00e9c\u00e9dent.<\/p>\n<ul>\n<li style=\"text-align: justify;\"><strong>\u00c0 ce sujet \u2013 <a href=\"https:\/\/dicodusport.fr\/blog\/cyclo-cross-maasmechelen-2026-classement-et-resultats-course-femmes\/\">Le classement complet de la course<\/a><\/strong><\/li>\n<\/ul>\n<h2 style=\"text-align: justify;\">Brand pas dans le coup, Pieterse en profite<\/h2>\n<p style=\"text-align: justify;\">Fid\u00e8le \u00e0 ses habitudes, <strong>Lucinda Brand<\/strong> a pris un d\u00e9part prudent, tandis que dans son sillage, <strong>Marie Schreiber<\/strong> a connu une d\u00e9faillance. <strong>Puck Pieterse<\/strong> a \u00e9galement gliss\u00e9 dans le premier tour, mais est rapidement repartie. De son c\u00f4t\u00e9, <strong>Amandine Fouquenet<\/strong> a pris les commandes de la course.<\/p>\n<p style=\"text-align: justify;\">\u00c0 l\u2019entame du deuxi\u00e8me tour, <strong>Puck Pieterse<\/strong> a hauss\u00e9 le rythme, emmenant dans son sillage <strong>Amandine Fouquenet<\/strong>, <strong>Sara Casasola<\/strong> et <strong>Blanka Vas<\/strong>. M\u00eame si elle s\u2019est rapproch\u00e9e de la t\u00eate, <strong>Lucinda Brand<\/strong> a perdu un temps pr\u00e9cieux apr\u00e8s une chute avant le bac \u00e0 sable, accusant alors plus de vingt secondes de retard.<\/p>\n<p style=\"text-align: justify;\">Par la suite, <strong>Puck Pieterse<\/strong> a continu\u00e9 d\u2019imprimer un rythme \u00e9lev\u00e9 dans le troisi\u00e8me tour. Seule <strong>Amandine Fouquenet<\/strong> s\u2019est accroch\u00e9e, tandis que <strong>Sara Casasola<\/strong> et <strong>Blanka Vas<\/strong> ont l\u00e2ch\u00e9 prise et ont \u00e9t\u00e9 reprises par <strong>Ceylin del Carmen Alvarado<\/strong>. Dans le quatri\u00e8me tour, Pieterse a progressivement creus\u00e9 l\u2019\u00e9cart sur la Fran\u00e7aise gr\u00e2ce \u00e0 sa sup\u00e9riorit\u00e9 technique.<\/p>\n<h2 style=\"text-align: justify;\">Encore la bo\u00eete pour Fouquenet<\/h2>\n<p style=\"text-align: justify;\">Dans la lutte pour la troisi\u00e8me place, <strong>Blanka Vas<\/strong> a \u00e9t\u00e9 distanc\u00e9e, alors que <strong>Lucinda Brand<\/strong> est revenue en cinqui\u00e8me position. Gr\u00e2ce au long d\u00e9vers en d\u00e9but de cinqui\u00e8me tour, <strong>Amandine Fouquenet<\/strong> a profit\u00e9 d\u2019une erreur technique de <strong>Puck Pieterse<\/strong>. Malheureusement, la Fran\u00e7aise a ensuite \u00e9t\u00e9 victime d\u2019une crevaison, heureusement \u00e0 proximit\u00e9 du poste technique.<\/p>\n<p style=\"text-align: justify;\">Profitant de la situation, <strong>Puck Pieterse<\/strong> a acc\u00e9l\u00e9r\u00e9 afin de contenir le retour de <strong>Ceylin del Carmen Alvarado<\/strong>, qui s\u2019\u00e9tait d\u00e9barrass\u00e9e de <strong>Sara Casasola<\/strong>. <strong>Amandine Fouquenet<\/strong> a produit son effort avant le dernier tour pour revenir dans la roue de la N\u00e9erlandaise, avant de parvenir \u00e0 la d\u00e9crocher au d\u00e9but de l\u2019ultime boucle.<\/p>\n<blockquote class=\"twitter-tweet\">\n<p dir=\"ltr\" lang=\"fi\">\ud83c\udfc6 UCI World Cup Maasmechelen \ud83c\udde7\ud83c\uddea<\/p>\n<p>\ud83e\udd47 \ud83c\uddf3\ud83c\uddf1 Puck Pieterse<br \/>\n\ud83e\udd48 \ud83c\uddf3\ud83c\uddf1 Ceylin Del Carmen Alvarado<br \/>\n\ud83e\udd49 \ud83c\uddeb\ud83c\uddf7 Amandine Fouquenet<\/p>\n<p>4 \ud83c\uddee\ud83c\uddf9 Casasola<br \/>\n5 \ud83c\udde8\ud83c\uddff Zemanov\u00e1<br \/>\n6 \ud83c\udded\ud83c\uddfa Vas<br \/>\n7 \ud83c\udde7\ud83c\uddea Norbert Riberolle<br \/>\n8 \ud83c\uddec\ud83c\udde7 Backstedt<br \/>\n9 \ud83c\uddf3\ud83c\uddf1 Van Anrooij<br \/>\n10 \ud83c\uddf3\ud83c\uddf1 Brand<br \/>\n\u27a1\ufe0f Results: <a href=\"https:\/\/t.co\/lNlMfD2odl\">https:\/\/t.co\/lNlMfD2odl<\/a><br \/>\n<a href=\"https:\/\/t.co\/B99FTTPx5S\">pic.twitter.com\/B99FTTPx5S<\/a><\/p>\n<p>\u2014 Cyclocross24.com (@cyclocross24) <a href=\"https:\/\/twitter.com\/cyclocross24\/status\/2015055861173924190?ref_src=twsrc%5Etfw\">January 24, 2026<\/a><\/p><\/blockquote>\n<p><script async src=\"https:\/\/platform.twitter.com\/widgets.js\" charset=\"utf-8\"><\/script><\/p>\n<p style=\"text-align: justify;\">Finalement, <strong>Amandine Fouquenet<\/strong> a perdu trop de temps dans la petite butte pour emp\u00eacher <strong>Puck Pieterse<\/strong> de filer vers la victoire. La N\u00e9erlandaise s\u2019est impos\u00e9e avec dix secondes d\u2019avance sur <strong>Ceylin del Carmen Alvarado<\/strong>, qui a pris le meilleur sur la Fran\u00e7aise dans le final. <strong>Amandine Fouquenet<\/strong> compl\u00e8te le podium \u00e0 onze secondes, devant <strong>Sara Casasola<\/strong>, quatri\u00e8me \u00e0 22 secondes.<\/p>\n<p style=\"text-align: justify;\"><strong>Lucinda Brand<\/strong> a quant \u00e0 elle perdu pied en fin de course pour terminer \u00e0 la 10\u00e8me place, \u00e0 56 secondes. Cette contre-performance met fin \u00e0 une impressionnante s\u00e9rie de <strong>63 podiums cons\u00e9cutifs<\/strong> en Coupe du monde.<\/p>\n<ul>\n<li style=\"text-align: justify;\"><strong>\u00c0 ce sujet \u2013\u00a0<a href=\"https:\/\/dicodusport.fr\/blog\/biathlon-2025-2026-classement-general-femmes-de-la-coupe-du-monde-actualise\/\">Biathlon 2025-2026 : Classement G\u00e9n\u00e9ral Femmes de la Coupe du monde<\/a><\/strong><\/li>\n<\/ul>\n","protected":false},"excerpt":{"rendered":"<p>Puck Pieterse s&rsquo;est impos\u00e9e lors de l&rsquo;avant-derni\u00e8re manche \u00e0 Maasmechelen en Belgique, samedi, devant Ceylin del Carmen Alvarado et Amandine Fouqnenet. C&rsquo;est le sixi\u00e8me podium de la saison pour la Fran\u00e7aise, en Coupe du monde.\u00a0<\/p>\n","protected":false},"author":48,"featured_media":641262,"comment_status":"open","ping_status":"closed","sticky":false,"template":"","format":"standard","meta":{"_acf_changed":false,"_daextam_enable_autolinks":"1","footnotes":""},"categories":[9611],"tags":[32415,16878,20902,6666],"class_list":["post-640980","post","type-post","status-publish","format-standard","has-post-thumbnail","hentry","category-cyclo-cross","tag-actu","tag-breve","tag-coupe-du-monde-de-cyclo-cross","tag-cyclo-cross"],"acf":[],"yoast_head":"<!-- This site is optimized with the Yoast SEO Premium plugin v26.7 (Yoast SEO v26.7) - https:\/\/yoast.com\/wordpress\/plugins\/seo\/ -->\n<title>Nouveau podium de Amandine Fouquenet \u00e0 Maasmechelen, Puck Pieterse victorieuse<\/title>\n<meta name=\"description\" content=\"Puck Pieterse s&#039;est impos\u00e9e lors de l&#039;avant-derni\u00e8re manche \u00e0 Maasmechelen en Belgique, samedi, devant Ceylin del Carmen Alvarado et Amandine Fouqnenet.\" \/>\n<meta name=\"robots\" content=\"index, follow, max-snippet:-1, max-image-preview:large, max-video-preview:-1\" \/>\n<link rel=\"canonical\" href=\"https:\/\/dicodusport.fr\/blog\/nouveau-podium-de-amandine-fouquenet-a-maasmechelen-puck-pieterse-victorieuse\/\" \/>\n<meta property=\"og:locale\" content=\"fr_FR\" \/>\n<meta property=\"og:type\" content=\"article\" \/>\n<meta property=\"og:title\" content=\"Nouveau podium de Amandine Fouquenet \u00e0 Maasmechelen, Puck Pieterse victorieuse\" \/>\n<meta property=\"og:description\" content=\"Puck Pieterse s&#039;est impos\u00e9e lors de l&#039;avant-derni\u00e8re manche \u00e0 Maasmechelen en Belgique, samedi, devant Ceylin del Carmen Alvarado et Amandine Fouqnenet.\" \/>\n<meta property=\"og:url\" content=\"https:\/\/dicodusport.fr\/blog\/nouveau-podium-de-amandine-fouquenet-a-maasmechelen-puck-pieterse-victorieuse\/\" \/>\n<meta property=\"og:site_name\" content=\"Dicodusport\" \/>\n<meta property=\"article:publisher\" content=\"https:\/\/www.facebook.com\/dicodusport\" \/>\n<meta property=\"article:author\" content=\"https:\/\/www.facebook.com\/groups\/LesRoisDuPeloton\" \/>\n<meta property=\"article:published_time\" content=\"2026-01-24T13:36:22+00:00\" \/>\n<meta property=\"article:modified_time\" content=\"2026-01-24T21:36:51+00:00\" \/>\n<meta property=\"og:image\" content=\"https:\/\/dicodusport.fr\/blog\/wp-content\/uploads\/2026\/01\/Nouveau-podium-de-Amandine-Fouquenet-a-Maasmechelen-Puck-Pieterse-victorieuse-1.png\" \/>\n\t<meta property=\"og:image:width\" content=\"1200\" \/>\n\t<meta property=\"og:image:height\" content=\"674\" \/>\n\t<meta property=\"og:image:type\" content=\"image\/png\" \/>\n<meta name=\"author\" content=\"Emilien Descampiaux\" \/>\n<meta name=\"twitter:card\" content=\"summary_large_image\" \/>\n<meta name=\"twitter:creator\" content=\"@https:\/\/twitter.com\/LRoisDuPeloton\" \/>\n<meta name=\"twitter:site\" content=\"@dicodusport\" \/>\n<script type=\"application\/ld+json\" class=\"yoast-schema-graph\">{\"@context\":\"https:\/\/schema.org\",\"@graph\":[{\"@type\":\"NewsArticle\",\"@id\":\"https:\/\/dicodusport.fr\/blog\/nouveau-podium-de-amandine-fouquenet-a-maasmechelen-puck-pieterse-victorieuse\/#article\",\"isPartOf\":{\"@id\":\"https:\/\/dicodusport.fr\/blog\/nouveau-podium-de-amandine-fouquenet-a-maasmechelen-puck-pieterse-victorieuse\/\"},\"author\":{\"name\":\"Emilien Descampiaux\",\"@id\":\"https:\/\/dicodusport.fr\/blog\/#\/schema\/person\/6db4bae06b171592211be385b32876a7\"},\"headline\":\"Nouveau podium de Amandine Fouquenet \u00e0 Maasmechelen, Puck Pieterse victorieuse\",\"datePublished\":\"2026-01-24T13:36:22+00:00\",\"dateModified\":\"2026-01-24T21:36:51+00:00\",\"mainEntityOfPage\":{\"@id\":\"https:\/\/dicodusport.fr\/blog\/nouveau-podium-de-amandine-fouquenet-a-maasmechelen-puck-pieterse-victorieuse\/\"},\"wordCount\":733,\"commentCount\":0,\"publisher\":{\"@id\":\"https:\/\/dicodusport.fr\/blog\/#organization\"},\"image\":{\"@id\":\"https:\/\/dicodusport.fr\/blog\/nouveau-podium-de-amandine-fouquenet-a-maasmechelen-puck-pieterse-victorieuse\/#primaryimage\"},\"thumbnailUrl\":\"https:\/\/dicodusport.fr\/blog\/wp-content\/uploads\/2026\/01\/Nouveau-podium-de-Amandine-Fouquenet-a-Maasmechelen-Puck-Pieterse-victorieuse-1.png\",\"keywords\":[\"actu\",\"br\u00e8ve\",\"Coupe du monde de cyclo-cross\",\"Cyclo-cross\"],\"articleSection\":[\"Cyclo-cross\"],\"inLanguage\":\"fr-FR\",\"potentialAction\":[{\"@type\":\"CommentAction\",\"name\":\"Comment\",\"target\":[\"https:\/\/dicodusport.fr\/blog\/nouveau-podium-de-amandine-fouquenet-a-maasmechelen-puck-pieterse-victorieuse\/#respond\"]}],\"copyrightYear\":\"2026\",\"copyrightHolder\":{\"@id\":\"https:\/\/dicodusport.fr\/blog\/#organization\"}},{\"@type\":\"WebPage\",\"@id\":\"https:\/\/dicodusport.fr\/blog\/nouveau-podium-de-amandine-fouquenet-a-maasmechelen-puck-pieterse-victorieuse\/\",\"url\":\"https:\/\/dicodusport.fr\/blog\/nouveau-podium-de-amandine-fouquenet-a-maasmechelen-puck-pieterse-victorieuse\/\",\"name\":\"Nouveau podium de Amandine Fouquenet \u00e0 Maasmechelen, Puck Pieterse victorieuse\",\"isPartOf\":{\"@id\":\"https:\/\/dicodusport.fr\/blog\/#website\"},\"primaryImageOfPage\":{\"@id\":\"https:\/\/dicodusport.fr\/blog\/nouveau-podium-de-amandine-fouquenet-a-maasmechelen-puck-pieterse-victorieuse\/#primaryimage\"},\"image\":{\"@id\":\"https:\/\/dicodusport.fr\/blog\/nouveau-podium-de-amandine-fouquenet-a-maasmechelen-puck-pieterse-victorieuse\/#primaryimage\"},\"thumbnailUrl\":\"https:\/\/dicodusport.fr\/blog\/wp-content\/uploads\/2026\/01\/Nouveau-podium-de-Amandine-Fouquenet-a-Maasmechelen-Puck-Pieterse-victorieuse-1.png\",\"datePublished\":\"2026-01-24T13:36:22+00:00\",\"dateModified\":\"2026-01-24T21:36:51+00:00\",\"description\":\"Puck Pieterse s'est impos\u00e9e lors de l'avant-derni\u00e8re manche \u00e0 Maasmechelen en Belgique, samedi, devant Ceylin del Carmen Alvarado et Amandine Fouqnenet.\",\"breadcrumb\":{\"@id\":\"https:\/\/dicodusport.fr\/blog\/nouveau-podium-de-amandine-fouquenet-a-maasmechelen-puck-pieterse-victorieuse\/#breadcrumb\"},\"inLanguage\":\"fr-FR\",\"potentialAction\":[{\"@type\":\"ReadAction\",\"target\":[\"https:\/\/dicodusport.fr\/blog\/nouveau-podium-de-amandine-fouquenet-a-maasmechelen-puck-pieterse-victorieuse\/\"]}]},{\"@type\":\"ImageObject\",\"inLanguage\":\"fr-FR\",\"@id\":\"https:\/\/dicodusport.fr\/blog\/nouveau-podium-de-amandine-fouquenet-a-maasmechelen-puck-pieterse-victorieuse\/#primaryimage\",\"url\":\"https:\/\/dicodusport.fr\/blog\/wp-content\/uploads\/2026\/01\/Nouveau-podium-de-Amandine-Fouquenet-a-Maasmechelen-Puck-Pieterse-victorieuse-1.png\",\"contentUrl\":\"https:\/\/dicodusport.fr\/blog\/wp-content\/uploads\/2026\/01\/Nouveau-podium-de-Amandine-Fouquenet-a-Maasmechelen-Puck-Pieterse-victorieuse-1.png\",\"width\":1200,\"height\":674,\"caption\":\"Nouveau podium de Amandine Fouquenet \u00e0 Maasmechelen, Puck Pieterse victorieuse (1)\"},{\"@type\":\"BreadcrumbList\",\"@id\":\"https:\/\/dicodusport.fr\/blog\/nouveau-podium-de-amandine-fouquenet-a-maasmechelen-puck-pieterse-victorieuse\/#breadcrumb\",\"itemListElement\":[{\"@type\":\"ListItem\",\"position\":1,\"name\":\"Accueil\",\"item\":\"https:\/\/dicodusport.fr\/blog\/\"},{\"@type\":\"ListItem\",\"position\":2,\"name\":\"Nouveau podium de Amandine Fouquenet \u00e0 Maasmechelen, Puck Pieterse victorieuse\"}]},{\"@type\":\"WebSite\",\"@id\":\"https:\/\/dicodusport.fr\/blog\/#website\",\"url\":\"https:\/\/dicodusport.fr\/blog\/\",\"name\":\"Dicodusport\",\"description\":\"L&#039;encyclop\u00e9die de l&#039;actualit\u00e9 sportive\",\"publisher\":{\"@id\":\"https:\/\/dicodusport.fr\/blog\/#organization\"},\"potentialAction\":[{\"@type\":\"SearchAction\",\"target\":{\"@type\":\"EntryPoint\",\"urlTemplate\":\"https:\/\/dicodusport.fr\/blog\/?s={search_term_string}\"},\"query-input\":{\"@type\":\"PropertyValueSpecification\",\"valueRequired\":true,\"valueName\":\"search_term_string\"}}],\"inLanguage\":\"fr-FR\"},{\"@type\":\"NewsMediaOrganization\",\"@id\":\"https:\/\/dicodusport.fr\/blog\/#organization\",\"name\":\"Dicodusport\",\"url\":\"https:\/\/dicodusport.fr\/blog\/\",\"logo\":{\"@type\":\"ImageObject\",\"inLanguage\":\"fr-FR\",\"@id\":\"https:\/\/dicodusport.fr\/blog\/#\/schema\/logo\/image\/\",\"url\":\"https:\/\/dicodusport.fr\/blog\/wp-content\/uploads\/2020\/06\/cropped-LOGO-DICODUSPORT-2020-SANS-FOND-SANS-TEXTE.png\",\"contentUrl\":\"https:\/\/dicodusport.fr\/blog\/wp-content\/uploads\/2020\/06\/cropped-LOGO-DICODUSPORT-2020-SANS-FOND-SANS-TEXTE.png\",\"width\":512,\"height\":512,\"caption\":\"Dicodusport\"},\"image\":{\"@id\":\"https:\/\/dicodusport.fr\/blog\/#\/schema\/logo\/image\/\"},\"sameAs\":[\"https:\/\/www.facebook.com\/dicodusport\",\"https:\/\/x.com\/dicodusport\",\"https:\/\/www.instagram.com\/dicodusport\/\",\"https:\/\/www.youtube.com\/channel\/UC7V2KZ5sd3htJivAbA4ZG3w\"],\"description\":\"Dicodusport est l'encyclop\u00e9die de l'actualit\u00e9 sportive.\",\"email\":\"bonjour@dicodusport.fr\",\"legalName\":\"DICODUSPORT\",\"foundingDate\":\"2018-01-14\",\"vatID\":\"FR71834470973\",\"taxID\":\"83447097300043\",\"numberOfEmployees\":{\"@type\":\"QuantitativeValue\",\"minValue\":\"1\",\"maxValue\":\"10\"}},{\"@type\":\"Person\",\"@id\":\"https:\/\/dicodusport.fr\/blog\/#\/schema\/person\/6db4bae06b171592211be385b32876a7\",\"name\":\"Emilien Descampiaux\",\"image\":{\"@type\":\"ImageObject\",\"inLanguage\":\"fr-FR\",\"@id\":\"https:\/\/dicodusport.fr\/blog\/#\/schema\/person\/image\/\",\"url\":\"https:\/\/dicodusport.fr\/blog\/wp-content\/uploads\/2021\/05\/Emilien-Descampiaux-150x150.jpg\",\"contentUrl\":\"https:\/\/dicodusport.fr\/blog\/wp-content\/uploads\/2021\/05\/Emilien-Descampiaux-150x150.jpg\",\"caption\":\"Emilien Descampiaux\"},\"description\":\"Journaliste\/r\u00e9dacteur depuis 2014 - Fan de la classe de Frank Vandenbroucke, je vis cyclisme (et de ses paysages) depuis plus de 20 ans. Je suis tr\u00e8s impliqu\u00e9 sur mes diff\u00e9rents r\u00e9seaux sociaux pour partager ma passion sur le monde et l'Histoire de la bicyclette avec ma voix sur les images en noir et blanc du succ\u00e8s de Rik Van Steenbergen lors du Ronde sur le V\u00e9lodrome de Gand.\",\"sameAs\":[\"https:\/\/www.facebook.com\/groups\/LesRoisDuPeloton\",\"https:\/\/x.com\/https:\/\/twitter.com\/LRoisDuPeloton\"],\"url\":\"https:\/\/dicodusport.fr\/blog\/author\/emiliend\/\"}]}<\/script>\n<!-- \/ Yoast SEO Premium plugin. -->","yoast_head_json":{"title":"Nouveau podium de Amandine Fouquenet \u00e0 Maasmechelen, Puck Pieterse victorieuse","description":"Puck Pieterse s'est impos\u00e9e lors de l'avant-derni\u00e8re manche \u00e0 Maasmechelen en Belgique, samedi, devant Ceylin del Carmen Alvarado et Amandine Fouqnenet.","robots":{"index":"index","follow":"follow","max-snippet":"max-snippet:-1","max-image-preview":"max-image-preview:large","max-video-preview":"max-video-preview:-1"},"canonical":"https:\/\/dicodusport.fr\/blog\/nouveau-podium-de-amandine-fouquenet-a-maasmechelen-puck-pieterse-victorieuse\/","og_locale":"fr_FR","og_type":"article","og_title":"Nouveau podium de Amandine Fouquenet \u00e0 Maasmechelen, Puck Pieterse victorieuse","og_description":"Puck Pieterse s'est impos\u00e9e lors de l'avant-derni\u00e8re manche \u00e0 Maasmechelen en Belgique, samedi, devant Ceylin del Carmen Alvarado et Amandine Fouqnenet.","og_url":"https:\/\/dicodusport.fr\/blog\/nouveau-podium-de-amandine-fouquenet-a-maasmechelen-puck-pieterse-victorieuse\/","og_site_name":"Dicodusport","article_publisher":"https:\/\/www.facebook.com\/dicodusport","article_author":"https:\/\/www.facebook.com\/groups\/LesRoisDuPeloton","article_published_time":"2026-01-24T13:36:22+00:00","article_modified_time":"2026-01-24T21:36:51+00:00","og_image":[{"width":1200,"height":674,"url":"https:\/\/dicodusport.fr\/blog\/wp-content\/uploads\/2026\/01\/Nouveau-podium-de-Amandine-Fouquenet-a-Maasmechelen-Puck-Pieterse-victorieuse-1.png","type":"image\/png"}],"author":"Emilien Descampiaux","twitter_card":"summary_large_image","twitter_creator":"@https:\/\/twitter.com\/LRoisDuPeloton","twitter_site":"@dicodusport","schema":{"@context":"https:\/\/schema.org","@graph":[{"@type":"NewsArticle","@id":"https:\/\/dicodusport.fr\/blog\/nouveau-podium-de-amandine-fouquenet-a-maasmechelen-puck-pieterse-victorieuse\/#article","isPartOf":{"@id":"https:\/\/dicodusport.fr\/blog\/nouveau-podium-de-amandine-fouquenet-a-maasmechelen-puck-pieterse-victorieuse\/"},"author":{"name":"Emilien Descampiaux","@id":"https:\/\/dicodusport.fr\/blog\/#\/schema\/person\/6db4bae06b171592211be385b32876a7"},"headline":"Nouveau podium de Amandine Fouquenet \u00e0 Maasmechelen, Puck Pieterse victorieuse","datePublished":"2026-01-24T13:36:22+00:00","dateModified":"2026-01-24T21:36:51+00:00","mainEntityOfPage":{"@id":"https:\/\/dicodusport.fr\/blog\/nouveau-podium-de-amandine-fouquenet-a-maasmechelen-puck-pieterse-victorieuse\/"},"wordCount":733,"commentCount":0,"publisher":{"@id":"https:\/\/dicodusport.fr\/blog\/#organization"},"image":{"@id":"https:\/\/dicodusport.fr\/blog\/nouveau-podium-de-amandine-fouquenet-a-maasmechelen-puck-pieterse-victorieuse\/#primaryimage"},"thumbnailUrl":"https:\/\/dicodusport.fr\/blog\/wp-content\/uploads\/2026\/01\/Nouveau-podium-de-Amandine-Fouquenet-a-Maasmechelen-Puck-Pieterse-victorieuse-1.png","keywords":["actu","br\u00e8ve","Coupe du monde de cyclo-cross","Cyclo-cross"],"articleSection":["Cyclo-cross"],"inLanguage":"fr-FR","potentialAction":[{"@type":"CommentAction","name":"Comment","target":["https:\/\/dicodusport.fr\/blog\/nouveau-podium-de-amandine-fouquenet-a-maasmechelen-puck-pieterse-victorieuse\/#respond"]}],"copyrightYear":"2026","copyrightHolder":{"@id":"https:\/\/dicodusport.fr\/blog\/#organization"}},{"@type":"WebPage","@id":"https:\/\/dicodusport.fr\/blog\/nouveau-podium-de-amandine-fouquenet-a-maasmechelen-puck-pieterse-victorieuse\/","url":"https:\/\/dicodusport.fr\/blog\/nouveau-podium-de-amandine-fouquenet-a-maasmechelen-puck-pieterse-victorieuse\/","name":"Nouveau podium de Amandine Fouquenet \u00e0 Maasmechelen, Puck Pieterse victorieuse","isPartOf":{"@id":"https:\/\/dicodusport.fr\/blog\/#website"},"primaryImageOfPage":{"@id":"https:\/\/dicodusport.fr\/blog\/nouveau-podium-de-amandine-fouquenet-a-maasmechelen-puck-pieterse-victorieuse\/#primaryimage"},"image":{"@id":"https:\/\/dicodusport.fr\/blog\/nouveau-podium-de-amandine-fouquenet-a-maasmechelen-puck-pieterse-victorieuse\/#primaryimage"},"thumbnailUrl":"https:\/\/dicodusport.fr\/blog\/wp-content\/uploads\/2026\/01\/Nouveau-podium-de-Amandine-Fouquenet-a-Maasmechelen-Puck-Pieterse-victorieuse-1.png","datePublished":"2026-01-24T13:36:22+00:00","dateModified":"2026-01-24T21:36:51+00:00","description":"Puck Pieterse s'est impos\u00e9e lors de l'avant-derni\u00e8re manche \u00e0 Maasmechelen en Belgique, samedi, devant Ceylin del Carmen Alvarado et Amandine Fouqnenet.","breadcrumb":{"@id":"https:\/\/dicodusport.fr\/blog\/nouveau-podium-de-amandine-fouquenet-a-maasmechelen-puck-pieterse-victorieuse\/#breadcrumb"},"inLanguage":"fr-FR","potentialAction":[{"@type":"ReadAction","target":["https:\/\/dicodusport.fr\/blog\/nouveau-podium-de-amandine-fouquenet-a-maasmechelen-puck-pieterse-victorieuse\/"]}]},{"@type":"ImageObject","inLanguage":"fr-FR","@id":"https:\/\/dicodusport.fr\/blog\/nouveau-podium-de-amandine-fouquenet-a-maasmechelen-puck-pieterse-victorieuse\/#primaryimage","url":"https:\/\/dicodusport.fr\/blog\/wp-content\/uploads\/2026\/01\/Nouveau-podium-de-Amandine-Fouquenet-a-Maasmechelen-Puck-Pieterse-victorieuse-1.png","contentUrl":"https:\/\/dicodusport.fr\/blog\/wp-content\/uploads\/2026\/01\/Nouveau-podium-de-Amandine-Fouquenet-a-Maasmechelen-Puck-Pieterse-victorieuse-1.png","width":1200,"height":674,"caption":"Nouveau podium de Amandine Fouquenet \u00e0 Maasmechelen, Puck Pieterse victorieuse (1)"},{"@type":"BreadcrumbList","@id":"https:\/\/dicodusport.fr\/blog\/nouveau-podium-de-amandine-fouquenet-a-maasmechelen-puck-pieterse-victorieuse\/#breadcrumb","itemListElement":[{"@type":"ListItem","position":1,"name":"Accueil","item":"https:\/\/dicodusport.fr\/blog\/"},{"@type":"ListItem","position":2,"name":"Nouveau podium de Amandine Fouquenet \u00e0 Maasmechelen, Puck Pieterse victorieuse"}]},{"@type":"WebSite","@id":"https:\/\/dicodusport.fr\/blog\/#website","url":"https:\/\/dicodusport.fr\/blog\/","name":"Dicodusport","description":"L&#039;encyclop\u00e9die de l&#039;actualit\u00e9 sportive","publisher":{"@id":"https:\/\/dicodusport.fr\/blog\/#organization"},"potentialAction":[{"@type":"SearchAction","target":{"@type":"EntryPoint","urlTemplate":"https:\/\/dicodusport.fr\/blog\/?s={search_term_string}"},"query-input":{"@type":"PropertyValueSpecification","valueRequired":true,"valueName":"search_term_string"}}],"inLanguage":"fr-FR"},{"@type":"NewsMediaOrganization","@id":"https:\/\/dicodusport.fr\/blog\/#organization","name":"Dicodusport","url":"https:\/\/dicodusport.fr\/blog\/","logo":{"@type":"ImageObject","inLanguage":"fr-FR","@id":"https:\/\/dicodusport.fr\/blog\/#\/schema\/logo\/image\/","url":"https:\/\/dicodusport.fr\/blog\/wp-content\/uploads\/2020\/06\/cropped-LOGO-DICODUSPORT-2020-SANS-FOND-SANS-TEXTE.png","contentUrl":"https:\/\/dicodusport.fr\/blog\/wp-content\/uploads\/2020\/06\/cropped-LOGO-DICODUSPORT-2020-SANS-FOND-SANS-TEXTE.png","width":512,"height":512,"caption":"Dicodusport"},"image":{"@id":"https:\/\/dicodusport.fr\/blog\/#\/schema\/logo\/image\/"},"sameAs":["https:\/\/www.facebook.com\/dicodusport","https:\/\/x.com\/dicodusport","https:\/\/www.instagram.com\/dicodusport\/","https:\/\/www.youtube.com\/channel\/UC7V2KZ5sd3htJivAbA4ZG3w"],"description":"Dicodusport est l'encyclop\u00e9die de l'actualit\u00e9 sportive.","email":"bonjour@dicodusport.fr","legalName":"DICODUSPORT","foundingDate":"2018-01-14","vatID":"FR71834470973","taxID":"83447097300043","numberOfEmployees":{"@type":"QuantitativeValue","minValue":"1","maxValue":"10"}},{"@type":"Person","@id":"https:\/\/dicodusport.fr\/blog\/#\/schema\/person\/6db4bae06b171592211be385b32876a7","name":"Emilien Descampiaux","image":{"@type":"ImageObject","inLanguage":"fr-FR","@id":"https:\/\/dicodusport.fr\/blog\/#\/schema\/person\/image\/","url":"https:\/\/dicodusport.fr\/blog\/wp-content\/uploads\/2021\/05\/Emilien-Descampiaux-150x150.jpg","contentUrl":"https:\/\/dicodusport.fr\/blog\/wp-content\/uploads\/2021\/05\/Emilien-Descampiaux-150x150.jpg","caption":"Emilien Descampiaux"},"description":"Journaliste\/r\u00e9dacteur depuis 2014 - Fan de la classe de Frank Vandenbroucke, je vis cyclisme (et de ses paysages) depuis plus de 20 ans. Je suis tr\u00e8s impliqu\u00e9 sur mes diff\u00e9rents r\u00e9seaux sociaux pour partager ma passion sur le monde et l'Histoire de la bicyclette avec ma voix sur les images en noir et blanc du succ\u00e8s de Rik Van Steenbergen lors du Ronde sur le V\u00e9lodrome de Gand.","sameAs":["https:\/\/www.facebook.com\/groups\/LesRoisDuPeloton","https:\/\/x.com\/https:\/\/twitter.com\/LRoisDuPeloton"],"url":"https:\/\/dicodusport.fr\/blog\/author\/emiliend\/"}]}},"_links":{"self":[{"href":"https:\/\/dicodusport.fr\/blog\/wp-json\/wp\/v2\/posts\/640980","targetHints":{"allow":["GET"]}}],"collection":[{"href":"https:\/\/dicodusport.fr\/blog\/wp-json\/wp\/v2\/posts"}],"about":[{"href":"https:\/\/dicodusport.fr\/blog\/wp-json\/wp\/v2\/types\/post"}],"author":[{"embeddable":true,"href":"https:\/\/dicodusport.fr\/blog\/wp-json\/wp\/v2\/users\/48"}],"replies":[{"embeddable":true,"href":"https:\/\/dicodusport.fr\/blog\/wp-json\/wp\/v2\/comments?post=640980"}],"version-history":[{"count":5,"href":"https:\/\/dicodusport.fr\/blog\/wp-json\/wp\/v2\/posts\/640980\/revisions"}],"predecessor-version":[{"id":641055,"href":"https:\/\/dicodusport.fr\/blog\/wp-json\/wp\/v2\/posts\/640980\/revisions\/641055"}],"wp:featuredmedia":[{"embeddable":true,"href":"https:\/\/dicodusport.fr\/blog\/wp-json\/wp\/v2\/media\/641262"}],"wp:attachment":[{"href":"https:\/\/dicodusport.fr\/blog\/wp-json\/wp\/v2\/media?parent=640980"}],"wp:term":[{"taxonomy":"category","embeddable":true,"href":"https:\/\/dicodusport.fr\/blog\/wp-json\/wp\/v2\/categories?post=640980"},{"taxonomy":"post_tag","embeddable":true,"href":"https:\/\/dicodusport.fr\/blog\/wp-json\/wp\/v2\/tags?post=640980"}],"curies":[{"name":"wp","href":"https:\/\/api.w.org\/{rel}","templated":true}]}}