{"id":64115,"date":"2020-03-30T20:14:59","date_gmt":"2020-03-30T18:14:59","guid":{"rendered":"http:\/\/dicodusport.fr\/blog\/?p=64115&#038;preview=true&#038;preview_id=64115"},"modified":"2020-03-31T08:55:02","modified_gmt":"2020-03-31T06:55:02","slug":"video-le-jour-ou-pauline-ferrand-prevot-est-devenue-championne-du-monde-sur-route","status":"publish","type":"post","link":"https:\/\/dicodusport.fr\/blog\/video-le-jour-ou-pauline-ferrand-prevot-est-devenue-championne-du-monde-sur-route\/","title":{"rendered":"[Vid\u00e9o] Le jour o\u00f9 Pauline Ferrand-Pr\u00e9vot est devenue championne du monde sur route"},"content":{"rendered":"<p style=\"text-align: justify;\"><strong><em>CYCLISME &#8211; Le 27 septembre 2014, Pauline Ferrand-Pr\u00e9vot, alors \u00e2g\u00e9e de 22 ans, va mettre le monde \u00e0 ses pieds une premi\u00e8re fois, en devenant championne du monde sur route \u00e0 Ponferrada (Espagne).<\/em><\/strong><\/p>\n<p style=\"text-align: justify;\">2014, l&rsquo;ann\u00e9e de la r\u00e9v\u00e9lation au grand public pour <a href=\"https:\/\/dicodusport.fr\/blog\/tag\/pauline-ferrand-prevot\/\" target=\"_blank\" rel=\"noopener noreferrer\"><strong>Pauline Ferrand-Pr\u00e9vot<\/strong><\/a>. L&rsquo;\u00e9toile montante du cyclisme fran\u00e7ais, <strong>sacr\u00e9e sur la sc\u00e8ne nationale au mois de juin sur la course en ligne et le contre-la-montre<\/strong>, est en plein ascension. \u00c9galement laur\u00e9ate de la <strong>Fl\u00e8che Wallonne<\/strong>, la R\u00e9moise de 22 ans s&rsquo;avance avec le statut d&rsquo;outsider. Lors des sept tours de 18 km sur le circuit de <strong>Ponferrada<\/strong> (Espagne), la Fran\u00e7aise court parfaitement, et passe entre les gouttes, et les chutes.<\/p>\n<p style=\"text-align: justify;\">Suffisamment pour jouer la gagne, au sprint, au sein d&rsquo;un groupe de 15 pr\u00e9tendantes au sacre mondial. Plus v\u00e9loce, et sans complexe, <strong>Pauline Ferrand-Pr\u00e9vot<\/strong> s&rsquo;imposait. Elle-m\u00eame surprise, la Champenoise devan\u00e7ait l&rsquo;une des grandes favorites, l&rsquo;Allemande <strong>Lisa Brennauer<\/strong> et la Su\u00e9doise <strong>Emme Johansson<\/strong>. Le 27 septembre 2014, le d\u00e9but du show PFP.<\/p>\n<p><span class=\"uNMqpzAsI3whSeig0WPk4c1tAR5dLdKHV9GzcnBUC268OJvGpEmXOUjQyfJlnYkwIWlaxD5QXCPh7HYrjFDe\"><iframe loading=\"lazy\" title=\"Championnats du monde de cyclisme 2014 - course \u00e9lite dames\" width=\"740\" height=\"416\" src=\"https:\/\/www.youtube.com\/embed\/rbW_rdpfaII?feature=oembed\" frameborder=\"0\" allow=\"accelerometer; autoplay; clipboard-write; encrypted-media; gyroscope; picture-in-picture; web-share\" allowfullscreen><\/iframe><\/span><\/p>\n<h2 style=\"text-align: justify;\">Pauline Ferrand-Pr\u00e9vot championne du monde, une habitude<\/h2>\n<p style=\"text-align: justify;\">Car la m\u00f4me est dou\u00e9e sur tous les terrains. Quatre mois plus tard, la Tricolore est sacr\u00e9e championne du monde de cyclo-cross \u00e0 Tabor (R\u00e9publique Tch\u00e8que), devant la num\u00e9ro une mondiale <strong>Sanne Cant<\/strong> et la l\u00e9gende n\u00e9erlandaise <strong>Marianne Vos<\/strong>, septuple laur\u00e9ate du maillot arc-en-ciel. Neuf mois apr\u00e8s cette performance, <em>PFP<\/em> d\u00e9croche le gros lot en VTT Cross-country, \u00e0 Vallnord (Andorre). \u00c0 23 ans, <strong>Pauline Ferrand-Pr\u00e9vot<\/strong> domine le monde du cyclisme f\u00e9minin, sur tous les fronts.<\/p>\n<p style=\"text-align: justify;\">Apr\u00e8s une travers\u00e9e du d\u00e9sert, la native de Reims est de retour en premier plan en 2019, avec <strong>un deuxi\u00e8me titre plan\u00e9taire en VTT<\/strong>, \u00e0 Mont-Sainte-Anne (Canada). En attendant l&rsquo;or olympique en 2021 ?<\/p>\n<p><strong><em>Dicodusport<br \/>\n<a href=\"https:\/\/www.facebook.com\/dicodusport\/\" target=\"_blank\" rel=\"noopener noreferrer\"><img loading=\"lazy\" decoding=\"async\" class=\"alignnone wp-image-2909\" src=\"http:\/\/dicodusport.fr\/blog\/wp-content\/uploads\/2017\/07\/logo-facebook-150x150.png\" alt=\"\" width=\"40\" height=\"40\" \/><\/a><a href=\"https:\/\/twitter.com\/dicodusport\" target=\"_blank\" rel=\"noopener noreferrer\"><img loading=\"lazy\" decoding=\"async\" class=\"alignnone wp-image-2908\" src=\"http:\/\/dicodusport.fr\/blog\/wp-content\/uploads\/2017\/07\/logo-twitter-150x150.png\" alt=\"\" width=\"39\" height=\"39\" \/><\/a><\/em><\/strong><\/p>\n","protected":false},"excerpt":{"rendered":"<p>CYCLISME &#8211; Le 27 septembre 2014, Pauline Ferrand-Pr\u00e9vot, alors \u00e2g\u00e9e de 22 ans, va mettre le monde \u00e0 ses pieds une premi\u00e8re fois, en devenant championne du monde sur route \u00e0 Ponferrada (Espagne).<\/p>\n","protected":false},"author":4,"featured_media":64137,"comment_status":"open","ping_status":"closed","sticky":false,"template":"","format":"standard","meta":{"_acf_changed":false,"_daextam_enable_autolinks":"","footnotes":""},"categories":[2307,8],"tags":[9246,1340,24],"class_list":["post-64115","post","type-post","status-publish","format-standard","has-post-thumbnail","hentry","category-cyclisme","category-histoire","tag-ferrand-prevot","tag-pauline-ferrand-prevot","tag-sport"],"acf":[],"yoast_head":"<!-- This site is optimized with the Yoast SEO Premium plugin v26.7 (Yoast SEO v26.7) - https:\/\/yoast.com\/wordpress\/plugins\/seo\/ -->\n<title>[Vid\u00e9o] Le jour o\u00f9 Pauline Ferrand-Pr\u00e9vot est devenue championne du monde sur route<\/title>\n<meta name=\"description\" content=\"CYCLISME - Le 27 septembre 2014, Pauline Ferrand-Pr\u00e9vot, alors \u00e2g\u00e9e de 22 ans, devenait championne du monde sur route, \u00e0 seulement 22 ans.\" \/>\n<meta name=\"robots\" content=\"index, follow, max-snippet:-1, max-image-preview:large, max-video-preview:-1\" \/>\n<link rel=\"canonical\" href=\"https:\/\/dicodusport.fr\/blog\/video-le-jour-ou-pauline-ferrand-prevot-est-devenue-championne-du-monde-sur-route\/\" \/>\n<meta property=\"og:locale\" content=\"fr_FR\" \/>\n<meta property=\"og:type\" content=\"article\" \/>\n<meta property=\"og:title\" content=\"[Vid\u00e9o] Le jour o\u00f9 Pauline Ferrand-Pr\u00e9vot a rafl\u00e9 le titre mondial sur route\" \/>\n<meta property=\"og:description\" content=\"CYCLISME - Le 27 septembre 2014, Pauline Ferrand-Pr\u00e9vot, alors \u00e2g\u00e9e de 22 ans, devenait championne du monde sur route, \u00e0 seulement 22 ans.\" \/>\n<meta property=\"og:url\" content=\"https:\/\/dicodusport.fr\/blog\/video-le-jour-ou-pauline-ferrand-prevot-est-devenue-championne-du-monde-sur-route\/\" \/>\n<meta property=\"og:site_name\" content=\"Dicodusport\" \/>\n<meta property=\"article:publisher\" content=\"https:\/\/www.facebook.com\/dicodusport\" \/>\n<meta property=\"article:author\" content=\"https:\/\/www.facebook.com\/florent.ostermann\" \/>\n<meta property=\"article:published_time\" content=\"2020-03-30T18:14:59+00:00\" \/>\n<meta property=\"article:modified_time\" content=\"2020-03-31T06:55:02+00:00\" \/>\n<meta property=\"og:image\" content=\"https:\/\/dicodusport.fr\/blog\/wp-content\/uploads\/2020\/03\/Vid\u00e9o-Le-jour-o\u00f9-Pauline-Ferrand-Pr\u00e9vot-est-devenue-championne-du-monde-sur-route.png\" \/>\n\t<meta property=\"og:image:width\" content=\"800\" \/>\n\t<meta property=\"og:image:height\" content=\"445\" \/>\n\t<meta property=\"og:image:type\" content=\"image\/png\" \/>\n<meta name=\"author\" content=\"Flo Ostermann\" \/>\n<meta name=\"twitter:card\" content=\"summary_large_image\" \/>\n<meta name=\"twitter:title\" content=\"[Vid\u00e9o] Le jour o\u00f9 Pauline Ferrand-Pr\u00e9vot a rafl\u00e9 le titre mondial sur route\" \/>\n<meta name=\"twitter:creator\" content=\"@https:\/\/twitter.com\/FlOstermann\" \/>\n<meta name=\"twitter:site\" content=\"@dicodusport\" \/>\n<script type=\"application\/ld+json\" class=\"yoast-schema-graph\">{\"@context\":\"https:\/\/schema.org\",\"@graph\":[{\"@type\":\"NewsArticle\",\"@id\":\"https:\/\/dicodusport.fr\/blog\/video-le-jour-ou-pauline-ferrand-prevot-est-devenue-championne-du-monde-sur-route\/#article\",\"isPartOf\":{\"@id\":\"https:\/\/dicodusport.fr\/blog\/video-le-jour-ou-pauline-ferrand-prevot-est-devenue-championne-du-monde-sur-route\/\"},\"author\":{\"name\":\"Flo Ostermann\",\"@id\":\"https:\/\/dicodusport.fr\/blog\/#\/schema\/person\/cb02af4c173ce4a653b55e9baf388d4a\"},\"headline\":\"[Vid\u00e9o] Le jour o\u00f9 Pauline Ferrand-Pr\u00e9vot est devenue championne du monde sur route\",\"datePublished\":\"2020-03-30T18:14:59+00:00\",\"dateModified\":\"2020-03-31T06:55:02+00:00\",\"mainEntityOfPage\":{\"@id\":\"https:\/\/dicodusport.fr\/blog\/video-le-jour-ou-pauline-ferrand-prevot-est-devenue-championne-du-monde-sur-route\/\"},\"wordCount\":332,\"commentCount\":0,\"publisher\":{\"@id\":\"https:\/\/dicodusport.fr\/blog\/#organization\"},\"image\":{\"@id\":\"https:\/\/dicodusport.fr\/blog\/video-le-jour-ou-pauline-ferrand-prevot-est-devenue-championne-du-monde-sur-route\/#primaryimage\"},\"thumbnailUrl\":\"https:\/\/dicodusport.fr\/blog\/wp-content\/uploads\/2020\/03\/Vid\u00e9o-Le-jour-o\u00f9-Pauline-Ferrand-Pr\u00e9vot-est-devenue-championne-du-monde-sur-route.png\",\"keywords\":[\"Ferrand-Pr\u00e9vot\",\"Pauline Ferrand-Pr\u00e9vot\",\"sport\"],\"articleSection\":[\"Cyclisme\",\"Histoire\"],\"inLanguage\":\"fr-FR\",\"potentialAction\":[{\"@type\":\"CommentAction\",\"name\":\"Comment\",\"target\":[\"https:\/\/dicodusport.fr\/blog\/video-le-jour-ou-pauline-ferrand-prevot-est-devenue-championne-du-monde-sur-route\/#respond\"]}],\"copyrightYear\":\"2020\",\"copyrightHolder\":{\"@id\":\"https:\/\/dicodusport.fr\/blog\/#organization\"}},{\"@type\":\"WebPage\",\"@id\":\"https:\/\/dicodusport.fr\/blog\/video-le-jour-ou-pauline-ferrand-prevot-est-devenue-championne-du-monde-sur-route\/\",\"url\":\"https:\/\/dicodusport.fr\/blog\/video-le-jour-ou-pauline-ferrand-prevot-est-devenue-championne-du-monde-sur-route\/\",\"name\":\"[Vid\u00e9o] Le jour o\u00f9 Pauline Ferrand-Pr\u00e9vot est devenue championne du monde sur route\",\"isPartOf\":{\"@id\":\"https:\/\/dicodusport.fr\/blog\/#website\"},\"primaryImageOfPage\":{\"@id\":\"https:\/\/dicodusport.fr\/blog\/video-le-jour-ou-pauline-ferrand-prevot-est-devenue-championne-du-monde-sur-route\/#primaryimage\"},\"image\":{\"@id\":\"https:\/\/dicodusport.fr\/blog\/video-le-jour-ou-pauline-ferrand-prevot-est-devenue-championne-du-monde-sur-route\/#primaryimage\"},\"thumbnailUrl\":\"https:\/\/dicodusport.fr\/blog\/wp-content\/uploads\/2020\/03\/Vid\u00e9o-Le-jour-o\u00f9-Pauline-Ferrand-Pr\u00e9vot-est-devenue-championne-du-monde-sur-route.png\",\"datePublished\":\"2020-03-30T18:14:59+00:00\",\"dateModified\":\"2020-03-31T06:55:02+00:00\",\"description\":\"CYCLISME - Le 27 septembre 2014, Pauline Ferrand-Pr\u00e9vot, alors \u00e2g\u00e9e de 22 ans, devenait championne du monde sur route, \u00e0 seulement 22 ans.\",\"breadcrumb\":{\"@id\":\"https:\/\/dicodusport.fr\/blog\/video-le-jour-ou-pauline-ferrand-prevot-est-devenue-championne-du-monde-sur-route\/#breadcrumb\"},\"inLanguage\":\"fr-FR\",\"potentialAction\":[{\"@type\":\"ReadAction\",\"target\":[\"https:\/\/dicodusport.fr\/blog\/video-le-jour-ou-pauline-ferrand-prevot-est-devenue-championne-du-monde-sur-route\/\"]}]},{\"@type\":\"ImageObject\",\"inLanguage\":\"fr-FR\",\"@id\":\"https:\/\/dicodusport.fr\/blog\/video-le-jour-ou-pauline-ferrand-prevot-est-devenue-championne-du-monde-sur-route\/#primaryimage\",\"url\":\"https:\/\/dicodusport.fr\/blog\/wp-content\/uploads\/2020\/03\/Vid\u00e9o-Le-jour-o\u00f9-Pauline-Ferrand-Pr\u00e9vot-est-devenue-championne-du-monde-sur-route.png\",\"contentUrl\":\"https:\/\/dicodusport.fr\/blog\/wp-content\/uploads\/2020\/03\/Vid\u00e9o-Le-jour-o\u00f9-Pauline-Ferrand-Pr\u00e9vot-est-devenue-championne-du-monde-sur-route.png\",\"width\":800,\"height\":445,\"caption\":\"[Vid\u00e9o] Le jour o\u00f9 Pauline Ferrand-Pr\u00e9vot est devenue championne du monde sur route\"},{\"@type\":\"BreadcrumbList\",\"@id\":\"https:\/\/dicodusport.fr\/blog\/video-le-jour-ou-pauline-ferrand-prevot-est-devenue-championne-du-monde-sur-route\/#breadcrumb\",\"itemListElement\":[{\"@type\":\"ListItem\",\"position\":1,\"name\":\"Accueil\",\"item\":\"https:\/\/dicodusport.fr\/blog\/\"},{\"@type\":\"ListItem\",\"position\":2,\"name\":\"[Vid\u00e9o] Le jour o\u00f9 Pauline Ferrand-Pr\u00e9vot est devenue championne du monde sur route\"}]},{\"@type\":\"WebSite\",\"@id\":\"https:\/\/dicodusport.fr\/blog\/#website\",\"url\":\"https:\/\/dicodusport.fr\/blog\/\",\"name\":\"Dicodusport\",\"description\":\"L&#039;encyclop\u00e9die de l&#039;actualit\u00e9 sportive\",\"publisher\":{\"@id\":\"https:\/\/dicodusport.fr\/blog\/#organization\"},\"potentialAction\":[{\"@type\":\"SearchAction\",\"target\":{\"@type\":\"EntryPoint\",\"urlTemplate\":\"https:\/\/dicodusport.fr\/blog\/?s={search_term_string}\"},\"query-input\":{\"@type\":\"PropertyValueSpecification\",\"valueRequired\":true,\"valueName\":\"search_term_string\"}}],\"inLanguage\":\"fr-FR\"},{\"@type\":\"NewsMediaOrganization\",\"@id\":\"https:\/\/dicodusport.fr\/blog\/#organization\",\"name\":\"Dicodusport\",\"url\":\"https:\/\/dicodusport.fr\/blog\/\",\"logo\":{\"@type\":\"ImageObject\",\"inLanguage\":\"fr-FR\",\"@id\":\"https:\/\/dicodusport.fr\/blog\/#\/schema\/logo\/image\/\",\"url\":\"https:\/\/dicodusport.fr\/blog\/wp-content\/uploads\/2020\/06\/cropped-LOGO-DICODUSPORT-2020-SANS-FOND-SANS-TEXTE.png\",\"contentUrl\":\"https:\/\/dicodusport.fr\/blog\/wp-content\/uploads\/2020\/06\/cropped-LOGO-DICODUSPORT-2020-SANS-FOND-SANS-TEXTE.png\",\"width\":512,\"height\":512,\"caption\":\"Dicodusport\"},\"image\":{\"@id\":\"https:\/\/dicodusport.fr\/blog\/#\/schema\/logo\/image\/\"},\"sameAs\":[\"https:\/\/www.facebook.com\/dicodusport\",\"https:\/\/x.com\/dicodusport\",\"https:\/\/www.instagram.com\/dicodusport\/\",\"https:\/\/www.youtube.com\/channel\/UC7V2KZ5sd3htJivAbA4ZG3w\"],\"description\":\"Dicodusport est l'encyclop\u00e9die de l'actualit\u00e9 sportive.\",\"email\":\"bonjour@dicodusport.fr\",\"legalName\":\"DICODUSPORT\",\"foundingDate\":\"2018-01-14\",\"vatID\":\"FR71834470973\",\"taxID\":\"83447097300043\",\"numberOfEmployees\":{\"@type\":\"QuantitativeValue\",\"minValue\":\"1\",\"maxValue\":\"10\"}},{\"@type\":\"Person\",\"@id\":\"https:\/\/dicodusport.fr\/blog\/#\/schema\/person\/cb02af4c173ce4a653b55e9baf388d4a\",\"name\":\"Flo Ostermann\",\"image\":{\"@type\":\"ImageObject\",\"inLanguage\":\"fr-FR\",\"@id\":\"https:\/\/dicodusport.fr\/blog\/#\/schema\/person\/image\/\",\"url\":\"https:\/\/dicodusport.fr\/blog\/wp-content\/uploads\/2021\/05\/Flo-Ostermann-150x150.jpg\",\"contentUrl\":\"https:\/\/dicodusport.fr\/blog\/wp-content\/uploads\/2021\/05\/Flo-Ostermann-150x150.jpg\",\"caption\":\"Flo Ostermann\"},\"description\":\"Journaliste\/R\u00e9dacteur depuis septembre 2015 - Mes premiers souvenirs dans le sport ? Les envol\u00e9es du Stade Toulousain et les duels Villeneuve-Schumacher et H\u00e4kkinen-Schumacher \u00e0 la fin des ann\u00e9es 90, la Coupe du monde de football en 1998, l\u2019exploit du XV de France face aux All Blacks en 1999, mais aussi Richard C\u0153ur de Lion qui vole sur les montagnes du Tour de France. Bien parti pour devenir professeur d\u2019EPS, les \u00e9v\u00e9nements de la vie (et la flemme d\u2019animer des s\u00e9ances de 3x500 m\u00e8tres toute ma vie) m\u2019ont conduit \u00e0 revoir mes plans. Me voil\u00e0 depuis fin 2017 sur Dicodusport, m\u00e9dia gr\u00e2ce (et pour) lequel je partage ma passion : le sport dans tous ses \u00e9tats. Le tout accompagn\u00e9 par les fous furieux et folles furieuses cit\u00e9s sur cette page !\",\"sameAs\":[\"https:\/\/www.facebook.com\/florent.ostermann\",\"https:\/\/x.com\/https:\/\/twitter.com\/FlOstermann\",\"admin\"],\"url\":\"https:\/\/dicodusport.fr\/blog\/author\/flo\/\"}]}<\/script>\n<!-- \/ Yoast SEO Premium plugin. -->","yoast_head_json":{"title":"[Vid\u00e9o] Le jour o\u00f9 Pauline Ferrand-Pr\u00e9vot est devenue championne du monde sur route","description":"CYCLISME - Le 27 septembre 2014, Pauline Ferrand-Pr\u00e9vot, alors \u00e2g\u00e9e de 22 ans, devenait championne du monde sur route, \u00e0 seulement 22 ans.","robots":{"index":"index","follow":"follow","max-snippet":"max-snippet:-1","max-image-preview":"max-image-preview:large","max-video-preview":"max-video-preview:-1"},"canonical":"https:\/\/dicodusport.fr\/blog\/video-le-jour-ou-pauline-ferrand-prevot-est-devenue-championne-du-monde-sur-route\/","og_locale":"fr_FR","og_type":"article","og_title":"[Vid\u00e9o] Le jour o\u00f9 Pauline Ferrand-Pr\u00e9vot a rafl\u00e9 le titre mondial sur route","og_description":"CYCLISME - Le 27 septembre 2014, Pauline Ferrand-Pr\u00e9vot, alors \u00e2g\u00e9e de 22 ans, devenait championne du monde sur route, \u00e0 seulement 22 ans.","og_url":"https:\/\/dicodusport.fr\/blog\/video-le-jour-ou-pauline-ferrand-prevot-est-devenue-championne-du-monde-sur-route\/","og_site_name":"Dicodusport","article_publisher":"https:\/\/www.facebook.com\/dicodusport","article_author":"https:\/\/www.facebook.com\/florent.ostermann","article_published_time":"2020-03-30T18:14:59+00:00","article_modified_time":"2020-03-31T06:55:02+00:00","og_image":[{"width":800,"height":445,"url":"https:\/\/dicodusport.fr\/blog\/wp-content\/uploads\/2020\/03\/Vid\u00e9o-Le-jour-o\u00f9-Pauline-Ferrand-Pr\u00e9vot-est-devenue-championne-du-monde-sur-route.png","type":"image\/png"}],"author":"Flo Ostermann","twitter_card":"summary_large_image","twitter_title":"[Vid\u00e9o] Le jour o\u00f9 Pauline Ferrand-Pr\u00e9vot a rafl\u00e9 le titre mondial sur route","twitter_creator":"@https:\/\/twitter.com\/FlOstermann","twitter_site":"@dicodusport","schema":{"@context":"https:\/\/schema.org","@graph":[{"@type":"NewsArticle","@id":"https:\/\/dicodusport.fr\/blog\/video-le-jour-ou-pauline-ferrand-prevot-est-devenue-championne-du-monde-sur-route\/#article","isPartOf":{"@id":"https:\/\/dicodusport.fr\/blog\/video-le-jour-ou-pauline-ferrand-prevot-est-devenue-championne-du-monde-sur-route\/"},"author":{"name":"Flo Ostermann","@id":"https:\/\/dicodusport.fr\/blog\/#\/schema\/person\/cb02af4c173ce4a653b55e9baf388d4a"},"headline":"[Vid\u00e9o] Le jour o\u00f9 Pauline Ferrand-Pr\u00e9vot est devenue championne du monde sur route","datePublished":"2020-03-30T18:14:59+00:00","dateModified":"2020-03-31T06:55:02+00:00","mainEntityOfPage":{"@id":"https:\/\/dicodusport.fr\/blog\/video-le-jour-ou-pauline-ferrand-prevot-est-devenue-championne-du-monde-sur-route\/"},"wordCount":332,"commentCount":0,"publisher":{"@id":"https:\/\/dicodusport.fr\/blog\/#organization"},"image":{"@id":"https:\/\/dicodusport.fr\/blog\/video-le-jour-ou-pauline-ferrand-prevot-est-devenue-championne-du-monde-sur-route\/#primaryimage"},"thumbnailUrl":"https:\/\/dicodusport.fr\/blog\/wp-content\/uploads\/2020\/03\/Vid\u00e9o-Le-jour-o\u00f9-Pauline-Ferrand-Pr\u00e9vot-est-devenue-championne-du-monde-sur-route.png","keywords":["Ferrand-Pr\u00e9vot","Pauline Ferrand-Pr\u00e9vot","sport"],"articleSection":["Cyclisme","Histoire"],"inLanguage":"fr-FR","potentialAction":[{"@type":"CommentAction","name":"Comment","target":["https:\/\/dicodusport.fr\/blog\/video-le-jour-ou-pauline-ferrand-prevot-est-devenue-championne-du-monde-sur-route\/#respond"]}],"copyrightYear":"2020","copyrightHolder":{"@id":"https:\/\/dicodusport.fr\/blog\/#organization"}},{"@type":"WebPage","@id":"https:\/\/dicodusport.fr\/blog\/video-le-jour-ou-pauline-ferrand-prevot-est-devenue-championne-du-monde-sur-route\/","url":"https:\/\/dicodusport.fr\/blog\/video-le-jour-ou-pauline-ferrand-prevot-est-devenue-championne-du-monde-sur-route\/","name":"[Vid\u00e9o] Le jour o\u00f9 Pauline Ferrand-Pr\u00e9vot est devenue championne du monde sur route","isPartOf":{"@id":"https:\/\/dicodusport.fr\/blog\/#website"},"primaryImageOfPage":{"@id":"https:\/\/dicodusport.fr\/blog\/video-le-jour-ou-pauline-ferrand-prevot-est-devenue-championne-du-monde-sur-route\/#primaryimage"},"image":{"@id":"https:\/\/dicodusport.fr\/blog\/video-le-jour-ou-pauline-ferrand-prevot-est-devenue-championne-du-monde-sur-route\/#primaryimage"},"thumbnailUrl":"https:\/\/dicodusport.fr\/blog\/wp-content\/uploads\/2020\/03\/Vid\u00e9o-Le-jour-o\u00f9-Pauline-Ferrand-Pr\u00e9vot-est-devenue-championne-du-monde-sur-route.png","datePublished":"2020-03-30T18:14:59+00:00","dateModified":"2020-03-31T06:55:02+00:00","description":"CYCLISME - Le 27 septembre 2014, Pauline Ferrand-Pr\u00e9vot, alors \u00e2g\u00e9e de 22 ans, devenait championne du monde sur route, \u00e0 seulement 22 ans.","breadcrumb":{"@id":"https:\/\/dicodusport.fr\/blog\/video-le-jour-ou-pauline-ferrand-prevot-est-devenue-championne-du-monde-sur-route\/#breadcrumb"},"inLanguage":"fr-FR","potentialAction":[{"@type":"ReadAction","target":["https:\/\/dicodusport.fr\/blog\/video-le-jour-ou-pauline-ferrand-prevot-est-devenue-championne-du-monde-sur-route\/"]}]},{"@type":"ImageObject","inLanguage":"fr-FR","@id":"https:\/\/dicodusport.fr\/blog\/video-le-jour-ou-pauline-ferrand-prevot-est-devenue-championne-du-monde-sur-route\/#primaryimage","url":"https:\/\/dicodusport.fr\/blog\/wp-content\/uploads\/2020\/03\/Vid\u00e9o-Le-jour-o\u00f9-Pauline-Ferrand-Pr\u00e9vot-est-devenue-championne-du-monde-sur-route.png","contentUrl":"https:\/\/dicodusport.fr\/blog\/wp-content\/uploads\/2020\/03\/Vid\u00e9o-Le-jour-o\u00f9-Pauline-Ferrand-Pr\u00e9vot-est-devenue-championne-du-monde-sur-route.png","width":800,"height":445,"caption":"[Vid\u00e9o] Le jour o\u00f9 Pauline Ferrand-Pr\u00e9vot est devenue championne du monde sur route"},{"@type":"BreadcrumbList","@id":"https:\/\/dicodusport.fr\/blog\/video-le-jour-ou-pauline-ferrand-prevot-est-devenue-championne-du-monde-sur-route\/#breadcrumb","itemListElement":[{"@type":"ListItem","position":1,"name":"Accueil","item":"https:\/\/dicodusport.fr\/blog\/"},{"@type":"ListItem","position":2,"name":"[Vid\u00e9o] Le jour o\u00f9 Pauline Ferrand-Pr\u00e9vot est devenue championne du monde sur route"}]},{"@type":"WebSite","@id":"https:\/\/dicodusport.fr\/blog\/#website","url":"https:\/\/dicodusport.fr\/blog\/","name":"Dicodusport","description":"L&#039;encyclop\u00e9die de l&#039;actualit\u00e9 sportive","publisher":{"@id":"https:\/\/dicodusport.fr\/blog\/#organization"},"potentialAction":[{"@type":"SearchAction","target":{"@type":"EntryPoint","urlTemplate":"https:\/\/dicodusport.fr\/blog\/?s={search_term_string}"},"query-input":{"@type":"PropertyValueSpecification","valueRequired":true,"valueName":"search_term_string"}}],"inLanguage":"fr-FR"},{"@type":"NewsMediaOrganization","@id":"https:\/\/dicodusport.fr\/blog\/#organization","name":"Dicodusport","url":"https:\/\/dicodusport.fr\/blog\/","logo":{"@type":"ImageObject","inLanguage":"fr-FR","@id":"https:\/\/dicodusport.fr\/blog\/#\/schema\/logo\/image\/","url":"https:\/\/dicodusport.fr\/blog\/wp-content\/uploads\/2020\/06\/cropped-LOGO-DICODUSPORT-2020-SANS-FOND-SANS-TEXTE.png","contentUrl":"https:\/\/dicodusport.fr\/blog\/wp-content\/uploads\/2020\/06\/cropped-LOGO-DICODUSPORT-2020-SANS-FOND-SANS-TEXTE.png","width":512,"height":512,"caption":"Dicodusport"},"image":{"@id":"https:\/\/dicodusport.fr\/blog\/#\/schema\/logo\/image\/"},"sameAs":["https:\/\/www.facebook.com\/dicodusport","https:\/\/x.com\/dicodusport","https:\/\/www.instagram.com\/dicodusport\/","https:\/\/www.youtube.com\/channel\/UC7V2KZ5sd3htJivAbA4ZG3w"],"description":"Dicodusport est l'encyclop\u00e9die de l'actualit\u00e9 sportive.","email":"bonjour@dicodusport.fr","legalName":"DICODUSPORT","foundingDate":"2018-01-14","vatID":"FR71834470973","taxID":"83447097300043","numberOfEmployees":{"@type":"QuantitativeValue","minValue":"1","maxValue":"10"}},{"@type":"Person","@id":"https:\/\/dicodusport.fr\/blog\/#\/schema\/person\/cb02af4c173ce4a653b55e9baf388d4a","name":"Flo Ostermann","image":{"@type":"ImageObject","inLanguage":"fr-FR","@id":"https:\/\/dicodusport.fr\/blog\/#\/schema\/person\/image\/","url":"https:\/\/dicodusport.fr\/blog\/wp-content\/uploads\/2021\/05\/Flo-Ostermann-150x150.jpg","contentUrl":"https:\/\/dicodusport.fr\/blog\/wp-content\/uploads\/2021\/05\/Flo-Ostermann-150x150.jpg","caption":"Flo Ostermann"},"description":"Journaliste\/R\u00e9dacteur depuis septembre 2015 - Mes premiers souvenirs dans le sport ? Les envol\u00e9es du Stade Toulousain et les duels Villeneuve-Schumacher et H\u00e4kkinen-Schumacher \u00e0 la fin des ann\u00e9es 90, la Coupe du monde de football en 1998, l\u2019exploit du XV de France face aux All Blacks en 1999, mais aussi Richard C\u0153ur de Lion qui vole sur les montagnes du Tour de France. Bien parti pour devenir professeur d\u2019EPS, les \u00e9v\u00e9nements de la vie (et la flemme d\u2019animer des s\u00e9ances de 3x500 m\u00e8tres toute ma vie) m\u2019ont conduit \u00e0 revoir mes plans. Me voil\u00e0 depuis fin 2017 sur Dicodusport, m\u00e9dia gr\u00e2ce (et pour) lequel je partage ma passion : le sport dans tous ses \u00e9tats. Le tout accompagn\u00e9 par les fous furieux et folles furieuses cit\u00e9s sur cette page !","sameAs":["https:\/\/www.facebook.com\/florent.ostermann","https:\/\/x.com\/https:\/\/twitter.com\/FlOstermann","admin"],"url":"https:\/\/dicodusport.fr\/blog\/author\/flo\/"}]}},"_links":{"self":[{"href":"https:\/\/dicodusport.fr\/blog\/wp-json\/wp\/v2\/posts\/64115","targetHints":{"allow":["GET"]}}],"collection":[{"href":"https:\/\/dicodusport.fr\/blog\/wp-json\/wp\/v2\/posts"}],"about":[{"href":"https:\/\/dicodusport.fr\/blog\/wp-json\/wp\/v2\/types\/post"}],"author":[{"embeddable":true,"href":"https:\/\/dicodusport.fr\/blog\/wp-json\/wp\/v2\/users\/4"}],"replies":[{"embeddable":true,"href":"https:\/\/dicodusport.fr\/blog\/wp-json\/wp\/v2\/comments?post=64115"}],"version-history":[{"count":0,"href":"https:\/\/dicodusport.fr\/blog\/wp-json\/wp\/v2\/posts\/64115\/revisions"}],"wp:featuredmedia":[{"embeddable":true,"href":"https:\/\/dicodusport.fr\/blog\/wp-json\/wp\/v2\/media\/64137"}],"wp:attachment":[{"href":"https:\/\/dicodusport.fr\/blog\/wp-json\/wp\/v2\/media?parent=64115"}],"wp:term":[{"taxonomy":"category","embeddable":true,"href":"https:\/\/dicodusport.fr\/blog\/wp-json\/wp\/v2\/categories?post=64115"},{"taxonomy":"post_tag","embeddable":true,"href":"https:\/\/dicodusport.fr\/blog\/wp-json\/wp\/v2\/tags?post=64115"}],"curies":[{"name":"wp","href":"https:\/\/api.w.org\/{rel}","templated":true}]}}